{"id":3494,"date":"2024-12-19T15:46:47","date_gmt":"2024-12-19T14:46:47","guid":{"rendered":"https:\/\/unaymilletras.com\/?p=3494"},"modified":"2024-12-19T15:59:19","modified_gmt":"2024-12-19T14:59:19","slug":"quevedo-anuncia-las-fechas-de-su-buenas-noches-tour-espana","status":"publish","type":"post","link":"https:\/\/unaymilletras.com\/en\/quevedo-anuncia-las-fechas-de-su-buenas-noches-tour-espana\/","title":{"rendered":"Quevedo anuncia las fechas de su \u00abBuenas Noches Tour Espa\u00f1a\u00bb"},"content":{"rendered":"<div data-elementor-type=\"wp-post\" data-elementor-id=\"3494\" class=\"elementor elementor-3494\">\n\t\t\t\t\t\t<section class=\"elementor-section elementor-top-section elementor-element elementor-element-51d63da elementor-section-boxed elementor-section-height-default elementor-section-height-default\" data-id=\"51d63da\" data-element_type=\"section\" data-e-type=\"section\">\n\t\t\t\t\t\t<div class=\"elementor-container elementor-column-gap-default\">\n\t\t\t\t\t<div class=\"elementor-column elementor-col-100 elementor-top-column elementor-element elementor-element-05aff7b\" data-id=\"05aff7b\" data-element_type=\"column\" data-e-type=\"column\">\n\t\t\t<div class=\"elementor-widget-wrap elementor-element-populated\">\n\t\t\t\t\t\t<div class=\"elementor-element elementor-element-3baa7b6 elementor-widget elementor-widget-text-editor\" data-id=\"3baa7b6\" data-element_type=\"widget\" data-e-type=\"widget\" data-widget_type=\"text-editor.default\">\n\t\t\t\t<div class=\"elementor-widget-container\">\n\t\t\t\t\t\t\t\t\t<h2 style=\"text-align: center;\"><span style=\"color: #808080;\"><em>Madrid, Bilbao, Barcelona, M\u00e1laga, A Coru\u00f1a y Valencia ser\u00e1s las 7 ciudades por las que pasar\u00e1 Quevedo en 2025<\/em><\/span><\/h2>\t\t\t\t\t\t\t\t<\/div>\n\t\t\t\t<\/div>\n\t\t\t\t\t<\/div>\n\t\t<\/div>\n\t\t\t\t\t<\/div>\n\t\t<\/section>\n\t\t\t\t<section class=\"elementor-section elementor-top-section elementor-element elementor-element-7c13f59 elementor-section-boxed elementor-section-height-default elementor-section-height-default\" data-id=\"7c13f59\" data-element_type=\"section\" data-e-type=\"section\">\n\t\t\t\t\t\t<div class=\"elementor-container elementor-column-gap-default\">\n\t\t\t\t\t<div class=\"elementor-column elementor-col-100 elementor-top-column elementor-element elementor-element-d8506cc\" data-id=\"d8506cc\" data-element_type=\"column\" data-e-type=\"column\">\n\t\t\t<div class=\"elementor-widget-wrap elementor-element-populated\">\n\t\t\t\t\t\t<div class=\"elementor-element elementor-element-afc6b9c elementor-widget elementor-widget-text-editor\" data-id=\"afc6b9c\" data-element_type=\"widget\" data-e-type=\"widget\" data-widget_type=\"text-editor.default\">\n\t\t\t\t<div class=\"elementor-widget-container\">\n\t\t\t\t\t\t\t\t\t<p>El artista canario Quevedo ha revelado las fechas y ciudades de su esperada gira <em><b>Buenas Noches Tour Espa\u00f1a<\/b><\/em> para 2025. <b>Madrid<\/b>, <b>Barcelona<\/b>, <b>Bilbao<\/b>, <b>Valencia<\/b>, <b>M\u00e1laga<\/b> y <b>A Coru\u00f1a<\/b> se suman al ya anunciado concierto en <b>Gran Canaria<\/b>, completando una lista de siete shows exclusivos en las principales ciudades del pa\u00eds.<\/p>\t\t\t\t\t\t\t\t<\/div>\n\t\t\t\t<\/div>\n\t\t\t\t\t<\/div>\n\t\t<\/div>\n\t\t\t\t\t<\/div>\n\t\t<\/section>\n\t\t\t\t<section class=\"elementor-section elementor-top-section elementor-element elementor-element-775cda9 elementor-section-boxed elementor-section-height-default elementor-section-height-default\" data-id=\"775cda9\" data-element_type=\"section\" data-e-type=\"section\">\n\t\t\t\t\t\t<div class=\"elementor-container elementor-column-gap-default\">\n\t\t\t\t\t<div class=\"elementor-column elementor-col-100 elementor-top-column elementor-element elementor-element-e16fda7\" data-id=\"e16fda7\" data-element_type=\"column\" data-e-type=\"column\">\n\t\t\t<div class=\"elementor-widget-wrap elementor-element-populated\">\n\t\t\t\t\t\t<div class=\"elementor-element elementor-element-1c8eed1 elementor-widget elementor-widget-image\" data-id=\"1c8eed1\" data-element_type=\"widget\" data-e-type=\"widget\" data-widget_type=\"image.default\">\n\t\t\t\t<div class=\"elementor-widget-container\">\n\t\t\t\t\t\t\t\t\t\t\t\t\t\t\t<img fetchpriority=\"high\" decoding=\"async\" width=\"640\" height=\"427\" src=\"https:\/\/unaymilletras.com\/wp-content\/uploads\/2024\/12\/7d737f85-6d05-5317-bbcd-8551cf1c-1024x683.jpg\" class=\"attachment-large size-large wp-image-3496\" alt=\"Quevedo\" srcset=\"https:\/\/unaymilletras.com\/wp-content\/uploads\/2024\/12\/7d737f85-6d05-5317-bbcd-8551cf1c-1024x683.jpg 1024w, https:\/\/unaymilletras.com\/wp-content\/uploads\/2024\/12\/7d737f85-6d05-5317-bbcd-8551cf1c-300x200.jpg 300w, https:\/\/unaymilletras.com\/wp-content\/uploads\/2024\/12\/7d737f85-6d05-5317-bbcd-8551cf1c-768x512.jpg 768w, https:\/\/unaymilletras.com\/wp-content\/uploads\/2024\/12\/7d737f85-6d05-5317-bbcd-8551cf1c-1536x1024.jpg 1536w, https:\/\/unaymilletras.com\/wp-content\/uploads\/2024\/12\/7d737f85-6d05-5317-bbcd-8551cf1c-18x12.jpg 18w, https:\/\/unaymilletras.com\/wp-content\/uploads\/2024\/12\/7d737f85-6d05-5317-bbcd-8551cf1c-e1734619487989.jpg 600w\" sizes=\"(max-width: 640px) 100vw, 640px\" \/>\t\t\t\t\t\t\t\t\t\t\t\t\t\t\t<\/div>\n\t\t\t\t<\/div>\n\t\t\t\t\t<\/div>\n\t\t<\/div>\n\t\t\t\t\t<\/div>\n\t\t<\/section>\n\t\t\t\t<section class=\"elementor-section elementor-top-section elementor-element elementor-element-4fa11d5 elementor-section-boxed elementor-section-height-default elementor-section-height-default\" data-id=\"4fa11d5\" data-element_type=\"section\" data-e-type=\"section\">\n\t\t\t\t\t\t<div class=\"elementor-container elementor-column-gap-default\">\n\t\t\t\t\t<div class=\"elementor-column elementor-col-100 elementor-top-column elementor-element elementor-element-5180ed8\" data-id=\"5180ed8\" data-element_type=\"column\" data-e-type=\"column\">\n\t\t\t<div class=\"elementor-widget-wrap elementor-element-populated\">\n\t\t\t\t\t\t<div class=\"elementor-element elementor-element-c98cabc elementor-widget elementor-widget-text-editor\" data-id=\"c98cabc\" data-element_type=\"widget\" data-e-type=\"widget\" data-widget_type=\"text-editor.default\">\n\t\t\t\t<div class=\"elementor-widget-container\">\n\t\t\t\t\t\t\t\t\t<p>El tour arrancar\u00e1 el 17 de febrero en el Movistar Arena de Madrid y continuar\u00e1 por el Bizkaia Arena BEC! de Bilbao el 4 de septiembre, el Palau Sant Jordi de Barcelona el 8 de septiembre, el Palacio de Deportes Mart\u00edn Carpena de M\u00e1laga el 13 de septiembre, el Coliseum de A Coru\u00f1a el 26 de septiembre y el Roig Arena de Valencia el 2 de octubre. Estas fechas vienen precedidas por el concierto de presentaci\u00f3n en el Gran Canaria Arena, donde m\u00e1s de diez mil asistentes celebraron con el artista su cumplea\u00f1os el pasado 6 de diciembre.<\/p><p>Con un despliegue visual y sonoro al nivel de las grandes estrellas internacionales, Quevedo llevar\u00e1 a los escenarios su nuevo espect\u00e1culo basado en <em>Buenas Noches<\/em>, su segundo \u00e1lbum de estudio lanzado en noviembre. Este disco, que refleja una nueva perspectiva sobre la vida y el entorno del artista, bati\u00f3 r\u00e9cords en Spotify Espa\u00f1a con 12,2 millones de reproducciones en sus primeras 24 horas, superando la marca establecida por su \u00e1lbum debut <em>Donde Quiero Estar<\/em>.<\/p><p>El <em>Buenas Noches Tour Espa\u00f1a<\/em> promete ser una experiencia inolvidable para los seguidores de Quevedo, consolidando su lugar como una de las mayores estrellas de la m\u00fasica en espa\u00f1ol.<\/p>\t\t\t\t\t\t\t\t<\/div>\n\t\t\t\t<\/div>\n\t\t\t\t\t<\/div>\n\t\t<\/div>\n\t\t\t\t\t<\/div>\n\t\t<\/section>\n\t\t\t\t<\/div>","protected":false},"excerpt":{"rendered":"<p>Madrid, Bilbao, Barcelona, M\u00e1laga, A Coru\u00f1a y Valencia ser\u00e1s las 7 ciudades por las que pasar\u00e1 Quevedo en 2025 El artista canario Quevedo ha revelado las fechas y ciudades de su esperada gira Buenas Noches Tour Espa\u00f1a para 2025. Madrid, Barcelona, Bilbao, Valencia, M\u00e1laga y A Coru\u00f1a se suman al ya anunciado concierto en Gran [&hellip;]<\/p>\n","protected":false},"author":6,"featured_media":3496,"comment_status":"closed","ping_status":"closed","sticky":false,"template":"","format":"standard","meta":{"footnotes":""},"categories":[119,4],"tags":[],"class_list":["post-3494","post","type-post","status-publish","format-standard","has-post-thumbnail","hentry","category-eventos","category-musica"],"yoast_head":"<!-- This site is optimized with the Yoast SEO plugin v27.4 - https:\/\/yoast.com\/product\/yoast-seo-wordpress\/ -->\n<title>Quevedo anuncia las fechas de su &quot;Buenas Noches Tour Espa\u00f1a&quot;<\/title>\n<meta name=\"description\" content=\"Madrid, Bilbao, Barcelona, M\u00e1laga, A Coru\u00f1a y Valencia ser\u00e1s las 7 ciudades por las que pasar\u00e1 Quevedo en 2025\" \/>\n<meta name=\"robots\" content=\"index, follow, max-snippet:-1, max-image-preview:large, max-video-preview:-1\" \/>\n<link rel=\"canonical\" href=\"https:\/\/unaymilletras.com\/en\/quevedo-anuncia-las-fechas-de-su-buenas-noches-tour-espana\/\" \/>\n<meta property=\"og:locale\" content=\"en_GB\" \/>\n<meta property=\"og:type\" content=\"article\" \/>\n<meta property=\"og:title\" content=\"Quevedo anuncia las fechas de su &quot;Buenas Noches Tour Espa\u00f1a&quot;\" \/>\n<meta property=\"og:description\" content=\"Madrid, Bilbao, Barcelona, M\u00e1laga, A Coru\u00f1a y Valencia ser\u00e1s las 7 ciudades por las que pasar\u00e1 Quevedo en 2025\" \/>\n<meta property=\"og:url\" content=\"https:\/\/unaymilletras.com\/en\/quevedo-anuncia-las-fechas-de-su-buenas-noches-tour-espana\/\" \/>\n<meta property=\"og:site_name\" content=\"Una y Mil Letras\" \/>\n<meta property=\"article:published_time\" content=\"2024-12-19T14:46:47+00:00\" \/>\n<meta property=\"article:modified_time\" content=\"2024-12-19T14:59:19+00:00\" \/>\n<meta property=\"og:image\" content=\"http:\/\/unaymilletras.com\/wp-content\/uploads\/2024\/12\/7d737f85-6d05-5317-bbcd-8551cf1c-e1734619487989.jpg\" \/>\n\t<meta property=\"og:image:width\" content=\"600\" \/>\n\t<meta property=\"og:image:height\" content=\"400\" \/>\n\t<meta property=\"og:image:type\" content=\"image\/jpeg\" \/>\n<meta name=\"author\" content=\"Redacci\u00f3n\" \/>\n<meta name=\"twitter:card\" content=\"summary_large_image\" \/>\n<meta name=\"twitter:creator\" content=\"@UnaYMilLetras\" \/>\n<meta name=\"twitter:site\" content=\"@UnaYMilLetras\" \/>\n<meta name=\"twitter:label1\" content=\"Written by\" \/>\n\t<meta name=\"twitter:data1\" content=\"Redacci\u00f3n\" \/>\n\t<meta name=\"twitter:label2\" content=\"Estimated reading time\" \/>\n\t<meta name=\"twitter:data2\" content=\"2 minutes\" \/>\n<script type=\"application\/ld+json\" class=\"yoast-schema-graph\">{\"@context\":\"https:\\\/\\\/schema.org\",\"@graph\":[{\"@type\":\"Article\",\"@id\":\"https:\\\/\\\/unaymilletras.com\\\/quevedo-anuncia-las-fechas-de-su-buenas-noches-tour-espana\\\/#article\",\"isPartOf\":{\"@id\":\"https:\\\/\\\/unaymilletras.com\\\/quevedo-anuncia-las-fechas-de-su-buenas-noches-tour-espana\\\/\"},\"author\":{\"name\":\"Redacci\u00f3n\",\"@id\":\"http:\\\/\\\/unaymilletras.com\\\/#\\\/schema\\\/person\\\/0860dc8a218329991ee2c7591f4f849d\"},\"headline\":\"Quevedo anuncia las fechas de su \u00abBuenas Noches Tour Espa\u00f1a\u00bb\",\"datePublished\":\"2024-12-19T14:46:47+00:00\",\"dateModified\":\"2024-12-19T14:59:19+00:00\",\"mainEntityOfPage\":{\"@id\":\"https:\\\/\\\/unaymilletras.com\\\/quevedo-anuncia-las-fechas-de-su-buenas-noches-tour-espana\\\/\"},\"wordCount\":288,\"publisher\":{\"@id\":\"http:\\\/\\\/unaymilletras.com\\\/#organization\"},\"image\":{\"@id\":\"https:\\\/\\\/unaymilletras.com\\\/quevedo-anuncia-las-fechas-de-su-buenas-noches-tour-espana\\\/#primaryimage\"},\"thumbnailUrl\":\"https:\\\/\\\/unaymilletras.com\\\/wp-content\\\/uploads\\\/2024\\\/12\\\/7d737f85-6d05-5317-bbcd-8551cf1c-e1734619487989.jpg\",\"articleSection\":[\"Eventos\",\"M\u00fasica\"],\"inLanguage\":\"en-GB\"},{\"@type\":\"WebPage\",\"@id\":\"https:\\\/\\\/unaymilletras.com\\\/quevedo-anuncia-las-fechas-de-su-buenas-noches-tour-espana\\\/\",\"url\":\"https:\\\/\\\/unaymilletras.com\\\/quevedo-anuncia-las-fechas-de-su-buenas-noches-tour-espana\\\/\",\"name\":\"Quevedo anuncia las fechas de su \\\"Buenas Noches Tour Espa\u00f1a\\\"\",\"isPartOf\":{\"@id\":\"http:\\\/\\\/unaymilletras.com\\\/#website\"},\"primaryImageOfPage\":{\"@id\":\"https:\\\/\\\/unaymilletras.com\\\/quevedo-anuncia-las-fechas-de-su-buenas-noches-tour-espana\\\/#primaryimage\"},\"image\":{\"@id\":\"https:\\\/\\\/unaymilletras.com\\\/quevedo-anuncia-las-fechas-de-su-buenas-noches-tour-espana\\\/#primaryimage\"},\"thumbnailUrl\":\"https:\\\/\\\/unaymilletras.com\\\/wp-content\\\/uploads\\\/2024\\\/12\\\/7d737f85-6d05-5317-bbcd-8551cf1c-e1734619487989.jpg\",\"datePublished\":\"2024-12-19T14:46:47+00:00\",\"dateModified\":\"2024-12-19T14:59:19+00:00\",\"description\":\"Madrid, Bilbao, Barcelona, M\u00e1laga, A Coru\u00f1a y Valencia ser\u00e1s las 7 ciudades por las que pasar\u00e1 Quevedo en 2025\",\"breadcrumb\":{\"@id\":\"https:\\\/\\\/unaymilletras.com\\\/quevedo-anuncia-las-fechas-de-su-buenas-noches-tour-espana\\\/#breadcrumb\"},\"inLanguage\":\"en-GB\",\"potentialAction\":[{\"@type\":\"ReadAction\",\"target\":[\"https:\\\/\\\/unaymilletras.com\\\/quevedo-anuncia-las-fechas-de-su-buenas-noches-tour-espana\\\/\"]}]},{\"@type\":\"ImageObject\",\"inLanguage\":\"en-GB\",\"@id\":\"https:\\\/\\\/unaymilletras.com\\\/quevedo-anuncia-las-fechas-de-su-buenas-noches-tour-espana\\\/#primaryimage\",\"url\":\"https:\\\/\\\/unaymilletras.com\\\/wp-content\\\/uploads\\\/2024\\\/12\\\/7d737f85-6d05-5317-bbcd-8551cf1c-e1734619487989.jpg\",\"contentUrl\":\"https:\\\/\\\/unaymilletras.com\\\/wp-content\\\/uploads\\\/2024\\\/12\\\/7d737f85-6d05-5317-bbcd-8551cf1c-e1734619487989.jpg\",\"width\":600,\"height\":400,\"caption\":\"Quevedo\"},{\"@type\":\"BreadcrumbList\",\"@id\":\"https:\\\/\\\/unaymilletras.com\\\/quevedo-anuncia-las-fechas-de-su-buenas-noches-tour-espana\\\/#breadcrumb\",\"itemListElement\":[{\"@type\":\"ListItem\",\"position\":1,\"name\":\"Home\",\"item\":\"http:\\\/\\\/unaymilletras.com\\\/\"},{\"@type\":\"ListItem\",\"position\":2,\"name\":\"Quevedo anuncia las fechas de su \u00abBuenas Noches Tour Espa\u00f1a\u00bb\"}]},{\"@type\":\"WebSite\",\"@id\":\"http:\\\/\\\/unaymilletras.com\\\/#website\",\"url\":\"http:\\\/\\\/unaymilletras.com\\\/\",\"name\":\"Una y Mil Letras\",\"description\":\"\",\"publisher\":{\"@id\":\"http:\\\/\\\/unaymilletras.com\\\/#organization\"},\"potentialAction\":[{\"@type\":\"SearchAction\",\"target\":{\"@type\":\"EntryPoint\",\"urlTemplate\":\"http:\\\/\\\/unaymilletras.com\\\/?s={search_term_string}\"},\"query-input\":{\"@type\":\"PropertyValueSpecification\",\"valueRequired\":true,\"valueName\":\"search_term_string\"}}],\"inLanguage\":\"en-GB\"},{\"@type\":\"Organization\",\"@id\":\"http:\\\/\\\/unaymilletras.com\\\/#organization\",\"name\":\"Una y Mil Letras\",\"url\":\"http:\\\/\\\/unaymilletras.com\\\/\",\"logo\":{\"@type\":\"ImageObject\",\"inLanguage\":\"en-GB\",\"@id\":\"http:\\\/\\\/unaymilletras.com\\\/#\\\/schema\\\/logo\\\/image\\\/\",\"url\":\"https:\\\/\\\/unaymilletras.com\\\/wp-content\\\/uploads\\\/2024\\\/06\\\/cropped-Logo-removebg-preview.png\",\"contentUrl\":\"https:\\\/\\\/unaymilletras.com\\\/wp-content\\\/uploads\\\/2024\\\/06\\\/cropped-Logo-removebg-preview.png\",\"width\":512,\"height\":512,\"caption\":\"Una y Mil Letras\"},\"image\":{\"@id\":\"http:\\\/\\\/unaymilletras.com\\\/#\\\/schema\\\/logo\\\/image\\\/\"},\"sameAs\":[\"https:\\\/\\\/x.com\\\/UnaYMilLetras\",\"https:\\\/\\\/instagram.com\\\/UnaYMilLetras\"]},{\"@type\":\"Person\",\"@id\":\"http:\\\/\\\/unaymilletras.com\\\/#\\\/schema\\\/person\\\/0860dc8a218329991ee2c7591f4f849d\",\"name\":\"Redacci\u00f3n\",\"image\":{\"@type\":\"ImageObject\",\"inLanguage\":\"en-GB\",\"@id\":\"https:\\\/\\\/secure.gravatar.com\\\/avatar\\\/d8f55e05a8b6597e45c55a1dcbdbfe44f4a360d88b48e00de5216a79b7732796?s=96&d=mm&r=g\",\"url\":\"https:\\\/\\\/secure.gravatar.com\\\/avatar\\\/d8f55e05a8b6597e45c55a1dcbdbfe44f4a360d88b48e00de5216a79b7732796?s=96&d=mm&r=g\",\"contentUrl\":\"https:\\\/\\\/secure.gravatar.com\\\/avatar\\\/d8f55e05a8b6597e45c55a1dcbdbfe44f4a360d88b48e00de5216a79b7732796?s=96&d=mm&r=g\",\"caption\":\"Redacci\u00f3n\"},\"url\":\"https:\\\/\\\/unaymilletras.com\\\/en\\\/author\\\/redaccion\\\/\"}]}<\/script>\n<!-- \/ Yoast SEO plugin. -->","yoast_head_json":{"title":"Quevedo anuncia las fechas de su \"Buenas Noches Tour Espa\u00f1a\"","description":"Madrid, Bilbao, Barcelona, M\u00e1laga, A Coru\u00f1a y Valencia ser\u00e1s las 7 ciudades por las que pasar\u00e1 Quevedo en 2025","robots":{"index":"index","follow":"follow","max-snippet":"max-snippet:-1","max-image-preview":"max-image-preview:large","max-video-preview":"max-video-preview:-1"},"canonical":"https:\/\/unaymilletras.com\/en\/quevedo-anuncia-las-fechas-de-su-buenas-noches-tour-espana\/","og_locale":"en_GB","og_type":"article","og_title":"Quevedo anuncia las fechas de su \"Buenas Noches Tour Espa\u00f1a\"","og_description":"Madrid, Bilbao, Barcelona, M\u00e1laga, A Coru\u00f1a y Valencia ser\u00e1s las 7 ciudades por las que pasar\u00e1 Quevedo en 2025","og_url":"https:\/\/unaymilletras.com\/en\/quevedo-anuncia-las-fechas-de-su-buenas-noches-tour-espana\/","og_site_name":"Una y Mil Letras","article_published_time":"2024-12-19T14:46:47+00:00","article_modified_time":"2024-12-19T14:59:19+00:00","og_image":[{"width":600,"height":400,"url":"http:\/\/unaymilletras.com\/wp-content\/uploads\/2024\/12\/7d737f85-6d05-5317-bbcd-8551cf1c-e1734619487989.jpg","type":"image\/jpeg"}],"author":"Redacci\u00f3n","twitter_card":"summary_large_image","twitter_creator":"@UnaYMilLetras","twitter_site":"@UnaYMilLetras","twitter_misc":{"Written by":"Redacci\u00f3n","Estimated reading time":"2 minutes"},"schema":{"@context":"https:\/\/schema.org","@graph":[{"@type":"Article","@id":"https:\/\/unaymilletras.com\/quevedo-anuncia-las-fechas-de-su-buenas-noches-tour-espana\/#article","isPartOf":{"@id":"https:\/\/unaymilletras.com\/quevedo-anuncia-las-fechas-de-su-buenas-noches-tour-espana\/"},"author":{"name":"Redacci\u00f3n","@id":"http:\/\/unaymilletras.com\/#\/schema\/person\/0860dc8a218329991ee2c7591f4f849d"},"headline":"Quevedo anuncia las fechas de su \u00abBuenas Noches Tour Espa\u00f1a\u00bb","datePublished":"2024-12-19T14:46:47+00:00","dateModified":"2024-12-19T14:59:19+00:00","mainEntityOfPage":{"@id":"https:\/\/unaymilletras.com\/quevedo-anuncia-las-fechas-de-su-buenas-noches-tour-espana\/"},"wordCount":288,"publisher":{"@id":"http:\/\/unaymilletras.com\/#organization"},"image":{"@id":"https:\/\/unaymilletras.com\/quevedo-anuncia-las-fechas-de-su-buenas-noches-tour-espana\/#primaryimage"},"thumbnailUrl":"https:\/\/unaymilletras.com\/wp-content\/uploads\/2024\/12\/7d737f85-6d05-5317-bbcd-8551cf1c-e1734619487989.jpg","articleSection":["Eventos","M\u00fasica"],"inLanguage":"en-GB"},{"@type":"WebPage","@id":"https:\/\/unaymilletras.com\/quevedo-anuncia-las-fechas-de-su-buenas-noches-tour-espana\/","url":"https:\/\/unaymilletras.com\/quevedo-anuncia-las-fechas-de-su-buenas-noches-tour-espana\/","name":"Quevedo anuncia las fechas de su \"Buenas Noches Tour Espa\u00f1a\"","isPartOf":{"@id":"http:\/\/unaymilletras.com\/#website"},"primaryImageOfPage":{"@id":"https:\/\/unaymilletras.com\/quevedo-anuncia-las-fechas-de-su-buenas-noches-tour-espana\/#primaryimage"},"image":{"@id":"https:\/\/unaymilletras.com\/quevedo-anuncia-las-fechas-de-su-buenas-noches-tour-espana\/#primaryimage"},"thumbnailUrl":"https:\/\/unaymilletras.com\/wp-content\/uploads\/2024\/12\/7d737f85-6d05-5317-bbcd-8551cf1c-e1734619487989.jpg","datePublished":"2024-12-19T14:46:47+00:00","dateModified":"2024-12-19T14:59:19+00:00","description":"Madrid, Bilbao, Barcelona, M\u00e1laga, A Coru\u00f1a y Valencia ser\u00e1s las 7 ciudades por las que pasar\u00e1 Quevedo en 2025","breadcrumb":{"@id":"https:\/\/unaymilletras.com\/quevedo-anuncia-las-fechas-de-su-buenas-noches-tour-espana\/#breadcrumb"},"inLanguage":"en-GB","potentialAction":[{"@type":"ReadAction","target":["https:\/\/unaymilletras.com\/quevedo-anuncia-las-fechas-de-su-buenas-noches-tour-espana\/"]}]},{"@type":"ImageObject","inLanguage":"en-GB","@id":"https:\/\/unaymilletras.com\/quevedo-anuncia-las-fechas-de-su-buenas-noches-tour-espana\/#primaryimage","url":"https:\/\/unaymilletras.com\/wp-content\/uploads\/2024\/12\/7d737f85-6d05-5317-bbcd-8551cf1c-e1734619487989.jpg","contentUrl":"https:\/\/unaymilletras.com\/wp-content\/uploads\/2024\/12\/7d737f85-6d05-5317-bbcd-8551cf1c-e1734619487989.jpg","width":600,"height":400,"caption":"Quevedo"},{"@type":"BreadcrumbList","@id":"https:\/\/unaymilletras.com\/quevedo-anuncia-las-fechas-de-su-buenas-noches-tour-espana\/#breadcrumb","itemListElement":[{"@type":"ListItem","position":1,"name":"Home","item":"http:\/\/unaymilletras.com\/"},{"@type":"ListItem","position":2,"name":"Quevedo anuncia las fechas de su \u00abBuenas Noches Tour Espa\u00f1a\u00bb"}]},{"@type":"WebSite","@id":"http:\/\/unaymilletras.com\/#website","url":"http:\/\/unaymilletras.com\/","name":"Una y Mil Letras","description":"","publisher":{"@id":"http:\/\/unaymilletras.com\/#organization"},"potentialAction":[{"@type":"SearchAction","target":{"@type":"EntryPoint","urlTemplate":"http:\/\/unaymilletras.com\/?s={search_term_string}"},"query-input":{"@type":"PropertyValueSpecification","valueRequired":true,"valueName":"search_term_string"}}],"inLanguage":"en-GB"},{"@type":"Organization","@id":"http:\/\/unaymilletras.com\/#organization","name":"Una y Mil Letras","url":"http:\/\/unaymilletras.com\/","logo":{"@type":"ImageObject","inLanguage":"en-GB","@id":"http:\/\/unaymilletras.com\/#\/schema\/logo\/image\/","url":"https:\/\/unaymilletras.com\/wp-content\/uploads\/2024\/06\/cropped-Logo-removebg-preview.png","contentUrl":"https:\/\/unaymilletras.com\/wp-content\/uploads\/2024\/06\/cropped-Logo-removebg-preview.png","width":512,"height":512,"caption":"Una y Mil Letras"},"image":{"@id":"http:\/\/unaymilletras.com\/#\/schema\/logo\/image\/"},"sameAs":["https:\/\/x.com\/UnaYMilLetras","https:\/\/instagram.com\/UnaYMilLetras"]},{"@type":"Person","@id":"http:\/\/unaymilletras.com\/#\/schema\/person\/0860dc8a218329991ee2c7591f4f849d","name":"Redacci\u00f3n","image":{"@type":"ImageObject","inLanguage":"en-GB","@id":"https:\/\/secure.gravatar.com\/avatar\/d8f55e05a8b6597e45c55a1dcbdbfe44f4a360d88b48e00de5216a79b7732796?s=96&d=mm&r=g","url":"https:\/\/secure.gravatar.com\/avatar\/d8f55e05a8b6597e45c55a1dcbdbfe44f4a360d88b48e00de5216a79b7732796?s=96&d=mm&r=g","contentUrl":"https:\/\/secure.gravatar.com\/avatar\/d8f55e05a8b6597e45c55a1dcbdbfe44f4a360d88b48e00de5216a79b7732796?s=96&d=mm&r=g","caption":"Redacci\u00f3n"},"url":"https:\/\/unaymilletras.com\/en\/author\/redaccion\/"}]}},"_links":{"self":[{"href":"https:\/\/unaymilletras.com\/en\/wp-json\/wp\/v2\/posts\/3494","targetHints":{"allow":["GET"]}}],"collection":[{"href":"https:\/\/unaymilletras.com\/en\/wp-json\/wp\/v2\/posts"}],"about":[{"href":"https:\/\/unaymilletras.com\/en\/wp-json\/wp\/v2\/types\/post"}],"author":[{"embeddable":true,"href":"https:\/\/unaymilletras.com\/en\/wp-json\/wp\/v2\/users\/6"}],"replies":[{"embeddable":true,"href":"https:\/\/unaymilletras.com\/en\/wp-json\/wp\/v2\/comments?post=3494"}],"version-history":[{"count":7,"href":"https:\/\/unaymilletras.com\/en\/wp-json\/wp\/v2\/posts\/3494\/revisions"}],"predecessor-version":[{"id":3502,"href":"https:\/\/unaymilletras.com\/en\/wp-json\/wp\/v2\/posts\/3494\/revisions\/3502"}],"wp:featuredmedia":[{"embeddable":true,"href":"https:\/\/unaymilletras.com\/en\/wp-json\/wp\/v2\/media\/3496"}],"wp:attachment":[{"href":"https:\/\/unaymilletras.com\/en\/wp-json\/wp\/v2\/media?parent=3494"}],"wp:term":[{"taxonomy":"category","embeddable":true,"href":"https:\/\/unaymilletras.com\/en\/wp-json\/wp\/v2\/categories?post=3494"},{"taxonomy":"post_tag","embeddable":true,"href":"https:\/\/unaymilletras.com\/en\/wp-json\/wp\/v2\/tags?post=3494"}],"curies":[{"name":"wp","href":"https:\/\/api.w.org\/{rel}","templated":true}]}}