{"id":3503,"date":"2024-12-19T20:34:24","date_gmt":"2024-12-19T19:34:24","guid":{"rendered":"https:\/\/unaymilletras.com\/?p=3503"},"modified":"2024-12-19T20:37:38","modified_gmt":"2024-12-19T19:37:38","slug":"duki-anuncia-la-tercera-fecha-en-madrid-del-ameri-world-tour","status":"publish","type":"post","link":"https:\/\/unaymilletras.com\/en\/duki-anuncia-la-tercera-fecha-en-madrid-del-ameri-world-tour\/","title":{"rendered":"Duki anuncia la tercera fecha en Madrid del AMERI World Tour"},"content":{"rendered":"<div data-elementor-type=\"wp-post\" data-elementor-id=\"3503\" class=\"elementor elementor-3503\">\n\t\t\t\t\t\t<section class=\"elementor-section elementor-top-section elementor-element elementor-element-65c53ca elementor-section-boxed elementor-section-height-default elementor-section-height-default\" data-id=\"65c53ca\" data-element_type=\"section\" data-e-type=\"section\">\n\t\t\t\t\t\t<div class=\"elementor-container elementor-column-gap-default\">\n\t\t\t\t\t<div class=\"elementor-column elementor-col-100 elementor-top-column elementor-element elementor-element-6f4740f\" data-id=\"6f4740f\" data-element_type=\"column\" data-e-type=\"column\">\n\t\t\t<div class=\"elementor-widget-wrap elementor-element-populated\">\n\t\t\t\t\t\t<div class=\"elementor-element elementor-element-0ec4b14 elementor-widget elementor-widget-text-editor\" data-id=\"0ec4b14\" data-element_type=\"widget\" data-e-type=\"widget\" data-widget_type=\"text-editor.default\">\n\t\t\t\t<div class=\"elementor-widget-container\">\n\t\t\t\t\t\t\t\t\t<h2 style=\"text-align: center;\"><em><span style=\"color: #808080;\">El 27 de octubre se a\u00f1ade al cartel del Ameri World Tour de Duki tras agotar las entradas de las dos fechas anteriores<\/span><\/em><\/h2>\t\t\t\t\t\t\t\t<\/div>\n\t\t\t\t<\/div>\n\t\t\t\t\t<\/div>\n\t\t<\/div>\n\t\t\t\t\t<\/div>\n\t\t<\/section>\n\t\t\t\t<section class=\"elementor-section elementor-top-section elementor-element elementor-element-0544d01 elementor-section-boxed elementor-section-height-default elementor-section-height-default\" data-id=\"0544d01\" data-element_type=\"section\" data-e-type=\"section\">\n\t\t\t\t\t\t<div class=\"elementor-container elementor-column-gap-default\">\n\t\t\t\t\t<div class=\"elementor-column elementor-col-100 elementor-top-column elementor-element elementor-element-e134d51\" data-id=\"e134d51\" data-element_type=\"column\" data-e-type=\"column\">\n\t\t\t<div class=\"elementor-widget-wrap elementor-element-populated\">\n\t\t\t\t\t\t<div class=\"elementor-element elementor-element-8971e6c elementor-widget elementor-widget-text-editor\" data-id=\"8971e6c\" data-element_type=\"widget\" data-e-type=\"widget\" data-widget_type=\"text-editor.default\">\n\t\t\t\t<div class=\"elementor-widget-container\">\n\t\t\t\t\t\t\t\t\t<p>El fen\u00f3meno argentino <strong>Duki<\/strong> sigue dejando huella en Espa\u00f1a con el anuncio de un tercer concierto en Madrid como parte de su <strong><span style=\"color: #808080;\"><a style=\"color: #808080;\" href=\"https:\/\/open.spotify.com\/intl-es\/album\/3rVk419T7ct4qoW52h2q2d?si=b9a1d11b47104c95\">AMERI<\/a><\/span> World Tour<\/strong>. La nueva cita ser\u00e1 el 27 de octubre de 2025 en el Movistar Arena. Este espect\u00e1culo se suma a las fechas previamente agotadas del 28 y 29 de octubre, consolidando un triplete hist\u00f3rico en la capital espa\u00f1ola.<\/p><p>El anuncio llega tras el arrollador \u00e9xito de su \u00e1lbum <em>AMERI<\/em>, que en menos de dos meses ha superado los 200 millones de reproducciones en Spotify. Este proyecto, considerado uno de los m\u00e1s trascendentales en la carrera de Duki, refuerza su posici\u00f3n como una de las figuras m\u00e1s destacadas de la m\u00fasica urbana global.<\/p>\t\t\t\t\t\t\t\t<\/div>\n\t\t\t\t<\/div>\n\t\t\t\t\t<\/div>\n\t\t<\/div>\n\t\t\t\t\t<\/div>\n\t\t<\/section>\n\t\t\t\t<section class=\"elementor-section elementor-top-section elementor-element elementor-element-b052e66 elementor-section-boxed elementor-section-height-default elementor-section-height-default\" data-id=\"b052e66\" data-element_type=\"section\" data-e-type=\"section\">\n\t\t\t\t\t\t<div class=\"elementor-container elementor-column-gap-default\">\n\t\t\t\t\t<div class=\"elementor-column elementor-col-100 elementor-top-column elementor-element elementor-element-002d407\" data-id=\"002d407\" data-element_type=\"column\" data-e-type=\"column\">\n\t\t\t<div class=\"elementor-widget-wrap elementor-element-populated\">\n\t\t\t\t\t\t<div class=\"elementor-element elementor-element-a4245a6 elementor-widget elementor-widget-image\" data-id=\"a4245a6\" data-element_type=\"widget\" data-e-type=\"widget\" data-widget_type=\"image.default\">\n\t\t\t\t<div class=\"elementor-widget-container\">\n\t\t\t\t\t\t\t\t\t\t\t\t\t\t\t<img fetchpriority=\"high\" decoding=\"async\" width=\"640\" height=\"360\" src=\"https:\/\/unaymilletras.com\/wp-content\/uploads\/2024\/12\/AMERIWORLDTOURESPANA2-1024x576.jpeg\" class=\"attachment-large size-large wp-image-3505\" alt=\"Ameri\" srcset=\"https:\/\/unaymilletras.com\/wp-content\/uploads\/2024\/12\/AMERIWORLDTOURESPANA2-1024x576.jpeg 1024w, https:\/\/unaymilletras.com\/wp-content\/uploads\/2024\/12\/AMERIWORLDTOURESPANA2-300x169.jpeg 300w, https:\/\/unaymilletras.com\/wp-content\/uploads\/2024\/12\/AMERIWORLDTOURESPANA2-768x432.jpeg 768w, https:\/\/unaymilletras.com\/wp-content\/uploads\/2024\/12\/AMERIWORLDTOURESPANA2-1536x864.jpeg 1536w, https:\/\/unaymilletras.com\/wp-content\/uploads\/2024\/12\/AMERIWORLDTOURESPANA2-18x10.jpeg 18w, https:\/\/unaymilletras.com\/wp-content\/uploads\/2024\/12\/AMERIWORLDTOURESPANA2-1280x720.jpeg 1280w, https:\/\/unaymilletras.com\/wp-content\/uploads\/2024\/12\/AMERIWORLDTOURESPANA2-e1734636921945.jpeg 600w\" sizes=\"(max-width: 640px) 100vw, 640px\" \/>\t\t\t\t\t\t\t\t\t\t\t\t\t\t\t<\/div>\n\t\t\t\t<\/div>\n\t\t\t\t\t<\/div>\n\t\t<\/div>\n\t\t\t\t\t<\/div>\n\t\t<\/section>\n\t\t\t\t<section class=\"elementor-section elementor-top-section elementor-element elementor-element-f32d6f1 elementor-section-boxed elementor-section-height-default elementor-section-height-default\" data-id=\"f32d6f1\" data-element_type=\"section\" data-e-type=\"section\">\n\t\t\t\t\t\t<div class=\"elementor-container elementor-column-gap-default\">\n\t\t\t\t\t<div class=\"elementor-column elementor-col-100 elementor-top-column elementor-element elementor-element-9681963\" data-id=\"9681963\" data-element_type=\"column\" data-e-type=\"column\">\n\t\t\t<div class=\"elementor-widget-wrap elementor-element-populated\">\n\t\t\t\t\t\t<div class=\"elementor-element elementor-element-58b1904 elementor-widget elementor-widget-text-editor\" data-id=\"58b1904\" data-element_type=\"widget\" data-e-type=\"widget\" data-widget_type=\"text-editor.default\">\n\t\t\t\t<div class=\"elementor-widget-container\">\n\t\t\t\t\t\t\t\t\t<p>El AMERI World Tour, que incluye m\u00e1s de 30 fechas internacionales, destaca por su despliegue visual y sonoro, especialmente en Espa\u00f1a, un pa\u00eds que ha sido crucial en la trayectoria del artista. Duki mantiene una conexi\u00f3n especial con la escena musical espa\u00f1ola, algo evidente en las colaboraciones del disco con artistas como Morad, Judeline y Lia Kali.<\/p><p>Los tres conciertos en Madrid culminar\u00e1n su paso por Espa\u00f1a, que comenzar\u00e1 el 10 de octubre en Sevilla y pasar\u00e1 por A Coru\u00f1a y Barcelona antes de llegar a la capital. La \u00faltima vez que Duki actu\u00f3 en Madrid fue en junio de 2024, cuando deslumbr\u00f3 a m\u00e1s de 60,000 personas en el Estadio Santiago Bernab\u00e9u, marcando un hito en su carrera.<\/p><p>Las entradas para el nuevo concierto del 27 de octubre estar\u00e1n disponibles desde hoy, 18 de diciembre, a las 22:00 horas en Ticketmaster. Este ser\u00e1 uno de los eventos m\u00e1s esperados del a\u00f1o 2025 y promete consolidar el legado de Duki como uno de los artistas m\u00e1s influyentes de su generaci\u00f3n.<\/p>\t\t\t\t\t\t\t\t<\/div>\n\t\t\t\t<\/div>\n\t\t\t\t\t<\/div>\n\t\t<\/div>\n\t\t\t\t\t<\/div>\n\t\t<\/section>\n\t\t\t\t<section class=\"elementor-section elementor-top-section elementor-element elementor-element-290f173 elementor-section-boxed elementor-section-height-default elementor-section-height-default\" data-id=\"290f173\" data-element_type=\"section\" data-e-type=\"section\">\n\t\t\t\t\t\t<div class=\"elementor-container elementor-column-gap-default\">\n\t\t\t\t\t<div class=\"elementor-column elementor-col-100 elementor-top-column elementor-element elementor-element-886c11f\" data-id=\"886c11f\" data-element_type=\"column\" data-e-type=\"column\">\n\t\t\t<div class=\"elementor-widget-wrap elementor-element-populated\">\n\t\t\t\t\t\t<div class=\"elementor-element elementor-element-80cdb79 elementor-widget elementor-widget-text-editor\" data-id=\"80cdb79\" data-element_type=\"widget\" data-e-type=\"widget\" data-widget_type=\"text-editor.default\">\n\t\t\t\t<div class=\"elementor-widget-container\">\n\t\t\t\t\t\t\t\t\t<p><strong>Fechas del AMERI World Tour en Espa\u00f1a 2025:<\/strong><\/p><p style=\"text-align: center;\"><strong>10 de octubre:<\/strong> Live Sur Stadium \u2013 Sevilla<\/p><p style=\"text-align: center;\"><strong>12 de octubre:<\/strong> Coliseum \u2013 A Coru\u00f1a<\/p><p style=\"text-align: center;\"><strong>24 de octubre:<\/strong> Palau Sant Jordi \u2013 Barcelona<\/p><p style=\"text-align: center;\"><strong>27 de octubre:<\/strong> Movistar Arena \u2013 Madrid (nueva fecha)<\/p><p style=\"text-align: center;\"><strong>28 de octubre:<\/strong> Movistar Arena \u2013 Madrid<\/p><p style=\"text-align: center;\"><strong>29 de octubre:<\/strong> Movistar Arena \u2013 Madrid<\/p>\t\t\t\t\t\t\t\t<\/div>\n\t\t\t\t<\/div>\n\t\t\t\t\t<\/div>\n\t\t<\/div>\n\t\t\t\t\t<\/div>\n\t\t<\/section>\n\t\t\t\t<\/div>","protected":false},"excerpt":{"rendered":"<p>El 27 de octubre se a\u00f1ade al cartel del Ameri World Tour de Duki tras agotar las entradas de las dos fechas anteriores El fen\u00f3meno argentino Duki sigue dejando huella en Espa\u00f1a con el anuncio de un tercer concierto en Madrid como parte de su AMERI World Tour. La nueva cita ser\u00e1 el 27 de [&hellip;]<\/p>\n","protected":false},"author":6,"featured_media":3505,"comment_status":"closed","ping_status":"closed","sticky":false,"template":"","format":"standard","meta":{"footnotes":""},"categories":[4],"tags":[],"class_list":["post-3503","post","type-post","status-publish","format-standard","has-post-thumbnail","hentry","category-musica"],"yoast_head":"<!-- This site is optimized with the Yoast SEO plugin v27.4 - https:\/\/yoast.com\/product\/yoast-seo-wordpress\/ -->\n<title>Duki anuncia la tercera fecha en Madrid del AMERI World Tour<\/title>\n<meta name=\"description\" content=\"El 27 de octubre se a\u00f1ade al cartel del Ameri World Tour de Duki tras agotar las entradas de las dos fechas anteriores\" \/>\n<meta name=\"robots\" content=\"index, follow, max-snippet:-1, max-image-preview:large, max-video-preview:-1\" \/>\n<link rel=\"canonical\" href=\"https:\/\/unaymilletras.com\/en\/duki-anuncia-la-tercera-fecha-en-madrid-del-ameri-world-tour\/\" \/>\n<meta property=\"og:locale\" content=\"en_GB\" \/>\n<meta property=\"og:type\" content=\"article\" \/>\n<meta property=\"og:title\" content=\"Duki anuncia la tercera fecha en Madrid del AMERI World Tour\" \/>\n<meta property=\"og:description\" content=\"El 27 de octubre se a\u00f1ade al cartel del Ameri World Tour de Duki tras agotar las entradas de las dos fechas anteriores\" \/>\n<meta property=\"og:url\" content=\"https:\/\/unaymilletras.com\/en\/duki-anuncia-la-tercera-fecha-en-madrid-del-ameri-world-tour\/\" \/>\n<meta property=\"og:site_name\" content=\"Una y Mil Letras\" \/>\n<meta property=\"article:published_time\" content=\"2024-12-19T19:34:24+00:00\" \/>\n<meta property=\"article:modified_time\" content=\"2024-12-19T19:37:38+00:00\" \/>\n<meta property=\"og:image\" content=\"http:\/\/unaymilletras.com\/wp-content\/uploads\/2024\/12\/AMERIWORLDTOURESPANA2-e1734636921945.jpeg\" \/>\n\t<meta property=\"og:image:width\" content=\"600\" \/>\n\t<meta property=\"og:image:height\" content=\"338\" \/>\n\t<meta property=\"og:image:type\" content=\"image\/jpeg\" \/>\n<meta name=\"author\" content=\"Redacci\u00f3n\" \/>\n<meta name=\"twitter:card\" content=\"summary_large_image\" \/>\n<meta name=\"twitter:creator\" content=\"@UnaYMilLetras\" \/>\n<meta name=\"twitter:site\" content=\"@UnaYMilLetras\" \/>\n<meta name=\"twitter:label1\" content=\"Written by\" \/>\n\t<meta name=\"twitter:data1\" content=\"Redacci\u00f3n\" \/>\n\t<meta name=\"twitter:label2\" content=\"Estimated reading time\" \/>\n\t<meta name=\"twitter:data2\" content=\"2 minutes\" \/>\n<script type=\"application\/ld+json\" class=\"yoast-schema-graph\">{\"@context\":\"https:\\\/\\\/schema.org\",\"@graph\":[{\"@type\":\"Article\",\"@id\":\"https:\\\/\\\/unaymilletras.com\\\/duki-anuncia-la-tercera-fecha-en-madrid-del-ameri-world-tour\\\/#article\",\"isPartOf\":{\"@id\":\"https:\\\/\\\/unaymilletras.com\\\/duki-anuncia-la-tercera-fecha-en-madrid-del-ameri-world-tour\\\/\"},\"author\":{\"name\":\"Redacci\u00f3n\",\"@id\":\"http:\\\/\\\/unaymilletras.com\\\/#\\\/schema\\\/person\\\/0860dc8a218329991ee2c7591f4f849d\"},\"headline\":\"Duki anuncia la tercera fecha en Madrid del AMERI World Tour\",\"datePublished\":\"2024-12-19T19:34:24+00:00\",\"dateModified\":\"2024-12-19T19:37:38+00:00\",\"mainEntityOfPage\":{\"@id\":\"https:\\\/\\\/unaymilletras.com\\\/duki-anuncia-la-tercera-fecha-en-madrid-del-ameri-world-tour\\\/\"},\"wordCount\":374,\"publisher\":{\"@id\":\"http:\\\/\\\/unaymilletras.com\\\/#organization\"},\"image\":{\"@id\":\"https:\\\/\\\/unaymilletras.com\\\/duki-anuncia-la-tercera-fecha-en-madrid-del-ameri-world-tour\\\/#primaryimage\"},\"thumbnailUrl\":\"https:\\\/\\\/unaymilletras.com\\\/wp-content\\\/uploads\\\/2024\\\/12\\\/AMERIWORLDTOURESPANA2-e1734636921945.jpeg\",\"articleSection\":[\"M\u00fasica\"],\"inLanguage\":\"en-GB\"},{\"@type\":\"WebPage\",\"@id\":\"https:\\\/\\\/unaymilletras.com\\\/duki-anuncia-la-tercera-fecha-en-madrid-del-ameri-world-tour\\\/\",\"url\":\"https:\\\/\\\/unaymilletras.com\\\/duki-anuncia-la-tercera-fecha-en-madrid-del-ameri-world-tour\\\/\",\"name\":\"Duki anuncia la tercera fecha en Madrid del AMERI World Tour\",\"isPartOf\":{\"@id\":\"http:\\\/\\\/unaymilletras.com\\\/#website\"},\"primaryImageOfPage\":{\"@id\":\"https:\\\/\\\/unaymilletras.com\\\/duki-anuncia-la-tercera-fecha-en-madrid-del-ameri-world-tour\\\/#primaryimage\"},\"image\":{\"@id\":\"https:\\\/\\\/unaymilletras.com\\\/duki-anuncia-la-tercera-fecha-en-madrid-del-ameri-world-tour\\\/#primaryimage\"},\"thumbnailUrl\":\"https:\\\/\\\/unaymilletras.com\\\/wp-content\\\/uploads\\\/2024\\\/12\\\/AMERIWORLDTOURESPANA2-e1734636921945.jpeg\",\"datePublished\":\"2024-12-19T19:34:24+00:00\",\"dateModified\":\"2024-12-19T19:37:38+00:00\",\"description\":\"El 27 de octubre se a\u00f1ade al cartel del Ameri World Tour de Duki tras agotar las entradas de las dos fechas anteriores\",\"breadcrumb\":{\"@id\":\"https:\\\/\\\/unaymilletras.com\\\/duki-anuncia-la-tercera-fecha-en-madrid-del-ameri-world-tour\\\/#breadcrumb\"},\"inLanguage\":\"en-GB\",\"potentialAction\":[{\"@type\":\"ReadAction\",\"target\":[\"https:\\\/\\\/unaymilletras.com\\\/duki-anuncia-la-tercera-fecha-en-madrid-del-ameri-world-tour\\\/\"]}]},{\"@type\":\"ImageObject\",\"inLanguage\":\"en-GB\",\"@id\":\"https:\\\/\\\/unaymilletras.com\\\/duki-anuncia-la-tercera-fecha-en-madrid-del-ameri-world-tour\\\/#primaryimage\",\"url\":\"https:\\\/\\\/unaymilletras.com\\\/wp-content\\\/uploads\\\/2024\\\/12\\\/AMERIWORLDTOURESPANA2-e1734636921945.jpeg\",\"contentUrl\":\"https:\\\/\\\/unaymilletras.com\\\/wp-content\\\/uploads\\\/2024\\\/12\\\/AMERIWORLDTOURESPANA2-e1734636921945.jpeg\",\"width\":600,\"height\":338,\"caption\":\"Ameri\"},{\"@type\":\"BreadcrumbList\",\"@id\":\"https:\\\/\\\/unaymilletras.com\\\/duki-anuncia-la-tercera-fecha-en-madrid-del-ameri-world-tour\\\/#breadcrumb\",\"itemListElement\":[{\"@type\":\"ListItem\",\"position\":1,\"name\":\"Home\",\"item\":\"http:\\\/\\\/unaymilletras.com\\\/\"},{\"@type\":\"ListItem\",\"position\":2,\"name\":\"Duki anuncia la tercera fecha en Madrid del AMERI World Tour\"}]},{\"@type\":\"WebSite\",\"@id\":\"http:\\\/\\\/unaymilletras.com\\\/#website\",\"url\":\"http:\\\/\\\/unaymilletras.com\\\/\",\"name\":\"Una y Mil Letras\",\"description\":\"\",\"publisher\":{\"@id\":\"http:\\\/\\\/unaymilletras.com\\\/#organization\"},\"potentialAction\":[{\"@type\":\"SearchAction\",\"target\":{\"@type\":\"EntryPoint\",\"urlTemplate\":\"http:\\\/\\\/unaymilletras.com\\\/?s={search_term_string}\"},\"query-input\":{\"@type\":\"PropertyValueSpecification\",\"valueRequired\":true,\"valueName\":\"search_term_string\"}}],\"inLanguage\":\"en-GB\"},{\"@type\":\"Organization\",\"@id\":\"http:\\\/\\\/unaymilletras.com\\\/#organization\",\"name\":\"Una y Mil Letras\",\"url\":\"http:\\\/\\\/unaymilletras.com\\\/\",\"logo\":{\"@type\":\"ImageObject\",\"inLanguage\":\"en-GB\",\"@id\":\"http:\\\/\\\/unaymilletras.com\\\/#\\\/schema\\\/logo\\\/image\\\/\",\"url\":\"https:\\\/\\\/unaymilletras.com\\\/wp-content\\\/uploads\\\/2024\\\/06\\\/cropped-Logo-removebg-preview.png\",\"contentUrl\":\"https:\\\/\\\/unaymilletras.com\\\/wp-content\\\/uploads\\\/2024\\\/06\\\/cropped-Logo-removebg-preview.png\",\"width\":512,\"height\":512,\"caption\":\"Una y Mil Letras\"},\"image\":{\"@id\":\"http:\\\/\\\/unaymilletras.com\\\/#\\\/schema\\\/logo\\\/image\\\/\"},\"sameAs\":[\"https:\\\/\\\/x.com\\\/UnaYMilLetras\",\"https:\\\/\\\/instagram.com\\\/UnaYMilLetras\"]},{\"@type\":\"Person\",\"@id\":\"http:\\\/\\\/unaymilletras.com\\\/#\\\/schema\\\/person\\\/0860dc8a218329991ee2c7591f4f849d\",\"name\":\"Redacci\u00f3n\",\"image\":{\"@type\":\"ImageObject\",\"inLanguage\":\"en-GB\",\"@id\":\"https:\\\/\\\/secure.gravatar.com\\\/avatar\\\/d8f55e05a8b6597e45c55a1dcbdbfe44f4a360d88b48e00de5216a79b7732796?s=96&d=mm&r=g\",\"url\":\"https:\\\/\\\/secure.gravatar.com\\\/avatar\\\/d8f55e05a8b6597e45c55a1dcbdbfe44f4a360d88b48e00de5216a79b7732796?s=96&d=mm&r=g\",\"contentUrl\":\"https:\\\/\\\/secure.gravatar.com\\\/avatar\\\/d8f55e05a8b6597e45c55a1dcbdbfe44f4a360d88b48e00de5216a79b7732796?s=96&d=mm&r=g\",\"caption\":\"Redacci\u00f3n\"},\"url\":\"https:\\\/\\\/unaymilletras.com\\\/en\\\/author\\\/redaccion\\\/\"}]}<\/script>\n<!-- \/ Yoast SEO plugin. -->","yoast_head_json":{"title":"Duki anuncia la tercera fecha en Madrid del AMERI World Tour","description":"El 27 de octubre se a\u00f1ade al cartel del Ameri World Tour de Duki tras agotar las entradas de las dos fechas anteriores","robots":{"index":"index","follow":"follow","max-snippet":"max-snippet:-1","max-image-preview":"max-image-preview:large","max-video-preview":"max-video-preview:-1"},"canonical":"https:\/\/unaymilletras.com\/en\/duki-anuncia-la-tercera-fecha-en-madrid-del-ameri-world-tour\/","og_locale":"en_GB","og_type":"article","og_title":"Duki anuncia la tercera fecha en Madrid del AMERI World Tour","og_description":"El 27 de octubre se a\u00f1ade al cartel del Ameri World Tour de Duki tras agotar las entradas de las dos fechas anteriores","og_url":"https:\/\/unaymilletras.com\/en\/duki-anuncia-la-tercera-fecha-en-madrid-del-ameri-world-tour\/","og_site_name":"Una y Mil Letras","article_published_time":"2024-12-19T19:34:24+00:00","article_modified_time":"2024-12-19T19:37:38+00:00","og_image":[{"width":600,"height":338,"url":"http:\/\/unaymilletras.com\/wp-content\/uploads\/2024\/12\/AMERIWORLDTOURESPANA2-e1734636921945.jpeg","type":"image\/jpeg"}],"author":"Redacci\u00f3n","twitter_card":"summary_large_image","twitter_creator":"@UnaYMilLetras","twitter_site":"@UnaYMilLetras","twitter_misc":{"Written by":"Redacci\u00f3n","Estimated reading time":"2 minutes"},"schema":{"@context":"https:\/\/schema.org","@graph":[{"@type":"Article","@id":"https:\/\/unaymilletras.com\/duki-anuncia-la-tercera-fecha-en-madrid-del-ameri-world-tour\/#article","isPartOf":{"@id":"https:\/\/unaymilletras.com\/duki-anuncia-la-tercera-fecha-en-madrid-del-ameri-world-tour\/"},"author":{"name":"Redacci\u00f3n","@id":"http:\/\/unaymilletras.com\/#\/schema\/person\/0860dc8a218329991ee2c7591f4f849d"},"headline":"Duki anuncia la tercera fecha en Madrid del AMERI World Tour","datePublished":"2024-12-19T19:34:24+00:00","dateModified":"2024-12-19T19:37:38+00:00","mainEntityOfPage":{"@id":"https:\/\/unaymilletras.com\/duki-anuncia-la-tercera-fecha-en-madrid-del-ameri-world-tour\/"},"wordCount":374,"publisher":{"@id":"http:\/\/unaymilletras.com\/#organization"},"image":{"@id":"https:\/\/unaymilletras.com\/duki-anuncia-la-tercera-fecha-en-madrid-del-ameri-world-tour\/#primaryimage"},"thumbnailUrl":"https:\/\/unaymilletras.com\/wp-content\/uploads\/2024\/12\/AMERIWORLDTOURESPANA2-e1734636921945.jpeg","articleSection":["M\u00fasica"],"inLanguage":"en-GB"},{"@type":"WebPage","@id":"https:\/\/unaymilletras.com\/duki-anuncia-la-tercera-fecha-en-madrid-del-ameri-world-tour\/","url":"https:\/\/unaymilletras.com\/duki-anuncia-la-tercera-fecha-en-madrid-del-ameri-world-tour\/","name":"Duki anuncia la tercera fecha en Madrid del AMERI World Tour","isPartOf":{"@id":"http:\/\/unaymilletras.com\/#website"},"primaryImageOfPage":{"@id":"https:\/\/unaymilletras.com\/duki-anuncia-la-tercera-fecha-en-madrid-del-ameri-world-tour\/#primaryimage"},"image":{"@id":"https:\/\/unaymilletras.com\/duki-anuncia-la-tercera-fecha-en-madrid-del-ameri-world-tour\/#primaryimage"},"thumbnailUrl":"https:\/\/unaymilletras.com\/wp-content\/uploads\/2024\/12\/AMERIWORLDTOURESPANA2-e1734636921945.jpeg","datePublished":"2024-12-19T19:34:24+00:00","dateModified":"2024-12-19T19:37:38+00:00","description":"El 27 de octubre se a\u00f1ade al cartel del Ameri World Tour de Duki tras agotar las entradas de las dos fechas anteriores","breadcrumb":{"@id":"https:\/\/unaymilletras.com\/duki-anuncia-la-tercera-fecha-en-madrid-del-ameri-world-tour\/#breadcrumb"},"inLanguage":"en-GB","potentialAction":[{"@type":"ReadAction","target":["https:\/\/unaymilletras.com\/duki-anuncia-la-tercera-fecha-en-madrid-del-ameri-world-tour\/"]}]},{"@type":"ImageObject","inLanguage":"en-GB","@id":"https:\/\/unaymilletras.com\/duki-anuncia-la-tercera-fecha-en-madrid-del-ameri-world-tour\/#primaryimage","url":"https:\/\/unaymilletras.com\/wp-content\/uploads\/2024\/12\/AMERIWORLDTOURESPANA2-e1734636921945.jpeg","contentUrl":"https:\/\/unaymilletras.com\/wp-content\/uploads\/2024\/12\/AMERIWORLDTOURESPANA2-e1734636921945.jpeg","width":600,"height":338,"caption":"Ameri"},{"@type":"BreadcrumbList","@id":"https:\/\/unaymilletras.com\/duki-anuncia-la-tercera-fecha-en-madrid-del-ameri-world-tour\/#breadcrumb","itemListElement":[{"@type":"ListItem","position":1,"name":"Home","item":"http:\/\/unaymilletras.com\/"},{"@type":"ListItem","position":2,"name":"Duki anuncia la tercera fecha en Madrid del AMERI World Tour"}]},{"@type":"WebSite","@id":"http:\/\/unaymilletras.com\/#website","url":"http:\/\/unaymilletras.com\/","name":"Una y Mil Letras","description":"","publisher":{"@id":"http:\/\/unaymilletras.com\/#organization"},"potentialAction":[{"@type":"SearchAction","target":{"@type":"EntryPoint","urlTemplate":"http:\/\/unaymilletras.com\/?s={search_term_string}"},"query-input":{"@type":"PropertyValueSpecification","valueRequired":true,"valueName":"search_term_string"}}],"inLanguage":"en-GB"},{"@type":"Organization","@id":"http:\/\/unaymilletras.com\/#organization","name":"Una y Mil Letras","url":"http:\/\/unaymilletras.com\/","logo":{"@type":"ImageObject","inLanguage":"en-GB","@id":"http:\/\/unaymilletras.com\/#\/schema\/logo\/image\/","url":"https:\/\/unaymilletras.com\/wp-content\/uploads\/2024\/06\/cropped-Logo-removebg-preview.png","contentUrl":"https:\/\/unaymilletras.com\/wp-content\/uploads\/2024\/06\/cropped-Logo-removebg-preview.png","width":512,"height":512,"caption":"Una y Mil Letras"},"image":{"@id":"http:\/\/unaymilletras.com\/#\/schema\/logo\/image\/"},"sameAs":["https:\/\/x.com\/UnaYMilLetras","https:\/\/instagram.com\/UnaYMilLetras"]},{"@type":"Person","@id":"http:\/\/unaymilletras.com\/#\/schema\/person\/0860dc8a218329991ee2c7591f4f849d","name":"Redacci\u00f3n","image":{"@type":"ImageObject","inLanguage":"en-GB","@id":"https:\/\/secure.gravatar.com\/avatar\/d8f55e05a8b6597e45c55a1dcbdbfe44f4a360d88b48e00de5216a79b7732796?s=96&d=mm&r=g","url":"https:\/\/secure.gravatar.com\/avatar\/d8f55e05a8b6597e45c55a1dcbdbfe44f4a360d88b48e00de5216a79b7732796?s=96&d=mm&r=g","contentUrl":"https:\/\/secure.gravatar.com\/avatar\/d8f55e05a8b6597e45c55a1dcbdbfe44f4a360d88b48e00de5216a79b7732796?s=96&d=mm&r=g","caption":"Redacci\u00f3n"},"url":"https:\/\/unaymilletras.com\/en\/author\/redaccion\/"}]}},"_links":{"self":[{"href":"https:\/\/unaymilletras.com\/en\/wp-json\/wp\/v2\/posts\/3503","targetHints":{"allow":["GET"]}}],"collection":[{"href":"https:\/\/unaymilletras.com\/en\/wp-json\/wp\/v2\/posts"}],"about":[{"href":"https:\/\/unaymilletras.com\/en\/wp-json\/wp\/v2\/types\/post"}],"author":[{"embeddable":true,"href":"https:\/\/unaymilletras.com\/en\/wp-json\/wp\/v2\/users\/6"}],"replies":[{"embeddable":true,"href":"https:\/\/unaymilletras.com\/en\/wp-json\/wp\/v2\/comments?post=3503"}],"version-history":[{"count":7,"href":"https:\/\/unaymilletras.com\/en\/wp-json\/wp\/v2\/posts\/3503\/revisions"}],"predecessor-version":[{"id":3511,"href":"https:\/\/unaymilletras.com\/en\/wp-json\/wp\/v2\/posts\/3503\/revisions\/3511"}],"wp:featuredmedia":[{"embeddable":true,"href":"https:\/\/unaymilletras.com\/en\/wp-json\/wp\/v2\/media\/3505"}],"wp:attachment":[{"href":"https:\/\/unaymilletras.com\/en\/wp-json\/wp\/v2\/media?parent=3503"}],"wp:term":[{"taxonomy":"category","embeddable":true,"href":"https:\/\/unaymilletras.com\/en\/wp-json\/wp\/v2\/categories?post=3503"},{"taxonomy":"post_tag","embeddable":true,"href":"https:\/\/unaymilletras.com\/en\/wp-json\/wp\/v2\/tags?post=3503"}],"curies":[{"name":"wp","href":"https:\/\/api.w.org\/{rel}","templated":true}]}}