{"id":3512,"date":"2024-12-20T12:00:33","date_gmt":"2024-12-20T11:00:33","guid":{"rendered":"https:\/\/unaymilletras.com\/?p=3512"},"modified":"2024-12-20T12:33:38","modified_gmt":"2024-12-20T11:33:38","slug":"hoke-anuncia-tres-creus-tour-2025-14-fechas-en-toda-espana","status":"publish","type":"post","link":"https:\/\/unaymilletras.com\/en\/hoke-anuncia-tres-creus-tour-2025-14-fechas-en-toda-espana\/","title":{"rendered":"Hoke anuncia Tres Creus Tour 2025: 14 fechas en toda Espa\u00f1a"},"content":{"rendered":"<div data-elementor-type=\"wp-post\" data-elementor-id=\"3512\" class=\"elementor elementor-3512\">\n\t\t\t\t\t\t<section class=\"elementor-section elementor-top-section elementor-element elementor-element-2966f89 elementor-section-boxed elementor-section-height-default elementor-section-height-default\" data-id=\"2966f89\" data-element_type=\"section\" data-e-type=\"section\">\n\t\t\t\t\t\t<div class=\"elementor-container elementor-column-gap-default\">\n\t\t\t\t\t<div class=\"elementor-column elementor-col-100 elementor-top-column elementor-element elementor-element-f673bd0\" data-id=\"f673bd0\" data-element_type=\"column\" data-e-type=\"column\">\n\t\t\t<div class=\"elementor-widget-wrap elementor-element-populated\">\n\t\t\t\t\t\t<div class=\"elementor-element elementor-element-9c5ff6f elementor-widget elementor-widget-text-editor\" data-id=\"9c5ff6f\" data-element_type=\"widget\" data-e-type=\"widget\" data-widget_type=\"text-editor.default\">\n\t\t\t\t<div class=\"elementor-widget-container\">\n\t\t\t\t\t\t\t\t\t<h2 style=\"text-align: center;\"><em><span style=\"color: #808080;\">Con el estreno de su nuevo \u00e1lbum, Hoke ha anunciado una gira con la que visitar\u00e1 m\u00faltiples ciudades espa\u00f1olas<\/span><\/em><\/h2>\t\t\t\t\t\t\t\t<\/div>\n\t\t\t\t<\/div>\n\t\t\t\t\t<\/div>\n\t\t<\/div>\n\t\t\t\t\t<\/div>\n\t\t<\/section>\n\t\t\t\t<section class=\"elementor-section elementor-top-section elementor-element elementor-element-22e4cef elementor-section-boxed elementor-section-height-default elementor-section-height-default\" data-id=\"22e4cef\" data-element_type=\"section\" data-e-type=\"section\">\n\t\t\t\t\t\t<div class=\"elementor-container elementor-column-gap-default\">\n\t\t\t\t\t<div class=\"elementor-column elementor-col-100 elementor-top-column elementor-element elementor-element-761ebfe\" data-id=\"761ebfe\" data-element_type=\"column\" data-e-type=\"column\">\n\t\t\t<div class=\"elementor-widget-wrap elementor-element-populated\">\n\t\t\t\t\t\t<div class=\"elementor-element elementor-element-302bbfd elementor-widget elementor-widget-text-editor\" data-id=\"302bbfd\" data-element_type=\"widget\" data-e-type=\"widget\" data-widget_type=\"text-editor.default\">\n\t\t\t\t<div class=\"elementor-widget-container\">\n\t\t\t\t\t\t\t\t\t<p><b>Hoke<\/b> est\u00e1 listo para embarcarse en su gira m\u00e1s ambiciosa hasta la fecha: el <em><b>Tres Creus Tour<\/b><\/em>. Con 14 paradas confirmadas por todo el pa\u00eds, el rapero valenciano llevar\u00e1 su m\u00fasica a los principales escenarios de Espa\u00f1a en 2025, consolid\u00e1ndose como referente del rap nacional.&nbsp;<\/p>\t\t\t\t\t\t\t\t<\/div>\n\t\t\t\t<\/div>\n\t\t\t\t\t<\/div>\n\t\t<\/div>\n\t\t\t\t\t<\/div>\n\t\t<\/section>\n\t\t\t\t<section class=\"elementor-section elementor-top-section elementor-element elementor-element-9cdf059 elementor-section-boxed elementor-section-height-default elementor-section-height-default\" data-id=\"9cdf059\" data-element_type=\"section\" data-e-type=\"section\">\n\t\t\t\t\t\t<div class=\"elementor-container elementor-column-gap-default\">\n\t\t\t\t\t<div class=\"elementor-column elementor-col-33 elementor-top-column elementor-element elementor-element-fb4be93\" data-id=\"fb4be93\" data-element_type=\"column\" data-e-type=\"column\">\n\t\t\t<div class=\"elementor-widget-wrap elementor-element-populated\">\n\t\t\t\t\t\t<div class=\"elementor-element elementor-element-54bc920 elementor-widget elementor-widget-image\" data-id=\"54bc920\" data-element_type=\"widget\" data-e-type=\"widget\" data-widget_type=\"image.default\">\n\t\t\t\t<div class=\"elementor-widget-container\">\n\t\t\t\t\t\t\t\t\t\t\t\t\t\t\t<img fetchpriority=\"high\" decoding=\"async\" width=\"640\" height=\"800\" src=\"https:\/\/unaymilletras.com\/wp-content\/uploads\/2024\/12\/hoke-819x1024.jpg\" class=\"attachment-large size-large wp-image-3514\" alt=\"Hoke\" srcset=\"https:\/\/unaymilletras.com\/wp-content\/uploads\/2024\/12\/hoke-819x1024.jpg 819w, https:\/\/unaymilletras.com\/wp-content\/uploads\/2024\/12\/hoke-240x300.jpg 240w, https:\/\/unaymilletras.com\/wp-content\/uploads\/2024\/12\/hoke-768x960.jpg 768w, https:\/\/unaymilletras.com\/wp-content\/uploads\/2024\/12\/hoke-10x12.jpg 10w, https:\/\/unaymilletras.com\/wp-content\/uploads\/2024\/12\/hoke-1024x1280.jpg 1024w, https:\/\/unaymilletras.com\/wp-content\/uploads\/2024\/12\/hoke-e1734644847974.jpg 600w\" sizes=\"(max-width: 640px) 100vw, 640px\" \/>\t\t\t\t\t\t\t\t\t\t\t\t\t\t\t<\/div>\n\t\t\t\t<\/div>\n\t\t\t\t\t<\/div>\n\t\t<\/div>\n\t\t\t\t<div class=\"elementor-column elementor-col-66 elementor-top-column elementor-element elementor-element-c814e35\" data-id=\"c814e35\" data-element_type=\"column\" data-e-type=\"column\">\n\t\t\t<div class=\"elementor-widget-wrap elementor-element-populated\">\n\t\t\t\t\t\t<div class=\"elementor-element elementor-element-133bf51 elementor-widget elementor-widget-text-editor\" data-id=\"133bf51\" data-element_type=\"widget\" data-e-type=\"widget\" data-widget_type=\"text-editor.default\">\n\t\t\t\t<div class=\"elementor-widget-container\">\n\t\t\t\t\t\t\t\t\t<p>La gira llega acompa\u00f1ada del lanzamiento de su esperado nuevo \u00e1lbum, <i style=\"font-weight: bold;\">Tres Creus. <\/i>Una colecci\u00f3n de diez canciones in\u00e9ditas que representan un paso m\u00e1s en la evoluci\u00f3n art\u00edstica de Hoke. El disco ha sido producido bajo la direcci\u00f3n ejecutiva del propio artista, destacando su capacidad para tomar las riendas creativas de sus proyectos.<\/p>\n<p>Tras el \u00e9xito de su anterior trabajo, <em>BBO<\/em>, Hoke promete un espect\u00e1culo de alto nivel en el que los asistentes podr\u00e1n disfrutar de sus nuevos temas junto a los grandes \u00e9xitos que lo han llevado a lo m\u00e1s alto del rap espa\u00f1ol<\/p>\t\t\t\t\t\t\t\t<\/div>\n\t\t\t\t<\/div>\n\t\t\t\t\t<\/div>\n\t\t<\/div>\n\t\t\t\t\t<\/div>\n\t\t<\/section>\n\t\t\t\t<section class=\"elementor-section elementor-top-section elementor-element elementor-element-0a6e1b9 elementor-section-boxed elementor-section-height-default elementor-section-height-default\" data-id=\"0a6e1b9\" data-element_type=\"section\" data-e-type=\"section\">\n\t\t\t\t\t\t<div class=\"elementor-container elementor-column-gap-default\">\n\t\t\t\t\t<div class=\"elementor-column elementor-col-100 elementor-top-column elementor-element elementor-element-5996790\" data-id=\"5996790\" data-element_type=\"column\" data-e-type=\"column\">\n\t\t\t<div class=\"elementor-widget-wrap elementor-element-populated\">\n\t\t\t\t\t\t<div class=\"elementor-element elementor-element-c9a5ae9 elementor-widget elementor-widget-text-editor\" data-id=\"c9a5ae9\" data-element_type=\"widget\" data-e-type=\"widget\" data-widget_type=\"text-editor.default\">\n\t\t\t\t<div class=\"elementor-widget-container\">\n\t\t\t\t\t\t\t\t\t<p>La gira comenzar\u00e1 el 24 de enero en Granada y culminar\u00e1 el 5 de abril en Valencia, con un concierto especial en la Plaza de Toros. Entre estas fechas, pasar\u00e1 por ciudades como Barcelona, Madrid, Sevilla, Bilbao y M\u00e1laga, garantizando que sus seguidores de toda Espa\u00f1a puedan vivir la experiencia en directo.<\/p>\n<p>Entradas ya disponibles.<\/p>\t\t\t\t\t\t\t\t<\/div>\n\t\t\t\t<\/div>\n\t\t\t\t\t<\/div>\n\t\t<\/div>\n\t\t\t\t\t<\/div>\n\t\t<\/section>\n\t\t\t\t<section class=\"elementor-section elementor-top-section elementor-element elementor-element-08c8aa3 elementor-section-boxed elementor-section-height-default elementor-section-height-default\" data-id=\"08c8aa3\" data-element_type=\"section\" data-e-type=\"section\">\n\t\t\t\t\t\t<div class=\"elementor-container elementor-column-gap-default\">\n\t\t\t\t\t<div class=\"elementor-column elementor-col-100 elementor-top-column elementor-element elementor-element-3a90eff\" data-id=\"3a90eff\" data-element_type=\"column\" data-e-type=\"column\">\n\t\t\t<div class=\"elementor-widget-wrap elementor-element-populated\">\n\t\t\t\t\t\t<div class=\"elementor-element elementor-element-70173eb elementor-widget elementor-widget-text-editor\" data-id=\"70173eb\" data-element_type=\"widget\" data-e-type=\"widget\" data-widget_type=\"text-editor.default\">\n\t\t\t\t<div class=\"elementor-widget-container\">\n\t\t\t\t\t\t\t\t\t<p><strong>Fechas del Tres Creus Tour 2025:<\/strong><\/p><p style=\"text-align: center;\">24 de enero \u2013 Granada \u2013 Industrial Copera<br \/>26 de enero \u2013 Murcia \u2013 Sala Mamba!<br \/>1 de febrero \u2013 Mallorca \u2013 Es Gremi Centro Musical<br \/>6 de febrero \u2013 Zaragoza \u2013 Sala Oasis<br \/>8 de febrero \u2013 Barcelona \u2013 Razzmatazz 1<br \/>14 de febrero \u2013 Santiago \u2013 Sala Capitol<br \/>21 de febrero \u2013 Gij\u00f3n \u2013 Teatro Alb\u00e9niz<br \/>27 de febrero \u2013 Sevilla \u2013 Sala Pandora<br \/>28 de febrero \u2013 M\u00e1laga \u2013 Sala Par\u00eds 15<br \/>7 de marzo \u2013 Alicante \u2013 Sala The One<br \/>14 de marzo \u2013 Pamplona \u2013 Sala Zentral<br \/>15 de marzo \u2013 Bilbao \u2013 Santana 27<br \/>22 de marzo \u2013 Madrid \u2013 Palacio Vistalegre<br \/>5 de abril \u2013 Valencia \u2013 Plaza de Toros<\/p><p>El <em>Tres Creus Tour<\/em> promete ser una experiencia inolvidable, con Hoke llevando su talento y autenticidad a cada rinc\u00f3n del pa\u00eds.<\/p>\t\t\t\t\t\t\t\t<\/div>\n\t\t\t\t<\/div>\n\t\t\t\t\t<\/div>\n\t\t<\/div>\n\t\t\t\t\t<\/div>\n\t\t<\/section>\n\t\t\t\t<\/div>","protected":false},"excerpt":{"rendered":"<p>Con el estreno de su nuevo \u00e1lbum, Hoke ha anunciado una gira con la que visitar\u00e1 m\u00faltiples ciudades espa\u00f1olas Hoke est\u00e1 listo para embarcarse en su gira m\u00e1s ambiciosa hasta la fecha: el Tres Creus Tour. Con 14 paradas confirmadas por todo el pa\u00eds, el rapero valenciano llevar\u00e1 su m\u00fasica a los principales escenarios de [&hellip;]<\/p>\n","protected":false},"author":6,"featured_media":3514,"comment_status":"closed","ping_status":"closed","sticky":false,"template":"","format":"standard","meta":{"footnotes":""},"categories":[4],"tags":[],"class_list":["post-3512","post","type-post","status-publish","format-standard","has-post-thumbnail","hentry","category-musica"],"yoast_head":"<!-- This site is optimized with the Yoast SEO plugin v27.4 - https:\/\/yoast.com\/product\/yoast-seo-wordpress\/ -->\n<title>Hoke anuncia Tres Creus Tour 2025: 14 fechas en toda Espa\u00f1a<\/title>\n<meta name=\"description\" content=\"Con el estreno de su nuevo \u00e1lbum, Hoke ha anunciado una gira con la que visitar\u00e1 m\u00faltiples ciudades espa\u00f1olas\" \/>\n<meta name=\"robots\" content=\"index, follow, max-snippet:-1, max-image-preview:large, max-video-preview:-1\" \/>\n<link rel=\"canonical\" href=\"https:\/\/unaymilletras.com\/en\/hoke-anuncia-tres-creus-tour-2025-14-fechas-en-toda-espana\/\" \/>\n<meta property=\"og:locale\" content=\"en_GB\" \/>\n<meta property=\"og:type\" content=\"article\" \/>\n<meta property=\"og:title\" content=\"Hoke anuncia Tres Creus Tour 2025: 14 fechas en toda Espa\u00f1a\" \/>\n<meta property=\"og:description\" content=\"Con el estreno de su nuevo \u00e1lbum, Hoke ha anunciado una gira con la que visitar\u00e1 m\u00faltiples ciudades espa\u00f1olas\" \/>\n<meta property=\"og:url\" content=\"https:\/\/unaymilletras.com\/en\/hoke-anuncia-tres-creus-tour-2025-14-fechas-en-toda-espana\/\" \/>\n<meta property=\"og:site_name\" content=\"Una y Mil Letras\" \/>\n<meta property=\"article:published_time\" content=\"2024-12-20T11:00:33+00:00\" \/>\n<meta property=\"article:modified_time\" content=\"2024-12-20T11:33:38+00:00\" \/>\n<meta property=\"og:image\" content=\"http:\/\/unaymilletras.com\/wp-content\/uploads\/2024\/12\/hoke-e1734644847974.jpg\" \/>\n\t<meta property=\"og:image:width\" content=\"600\" \/>\n\t<meta property=\"og:image:height\" content=\"750\" \/>\n\t<meta property=\"og:image:type\" content=\"image\/jpeg\" \/>\n<meta name=\"author\" content=\"Redacci\u00f3n\" \/>\n<meta name=\"twitter:card\" content=\"summary_large_image\" \/>\n<meta name=\"twitter:creator\" content=\"@UnaYMilLetras\" \/>\n<meta name=\"twitter:site\" content=\"@UnaYMilLetras\" \/>\n<meta name=\"twitter:label1\" content=\"Written by\" \/>\n\t<meta name=\"twitter:data1\" content=\"Redacci\u00f3n\" \/>\n\t<meta name=\"twitter:label2\" content=\"Estimated reading time\" \/>\n\t<meta name=\"twitter:data2\" content=\"2 minutes\" \/>\n<script type=\"application\/ld+json\" class=\"yoast-schema-graph\">{\"@context\":\"https:\\\/\\\/schema.org\",\"@graph\":[{\"@type\":\"Article\",\"@id\":\"https:\\\/\\\/unaymilletras.com\\\/hoke-anuncia-tres-creus-tour-2025-14-fechas-en-toda-espana\\\/#article\",\"isPartOf\":{\"@id\":\"https:\\\/\\\/unaymilletras.com\\\/hoke-anuncia-tres-creus-tour-2025-14-fechas-en-toda-espana\\\/\"},\"author\":{\"name\":\"Redacci\u00f3n\",\"@id\":\"http:\\\/\\\/unaymilletras.com\\\/#\\\/schema\\\/person\\\/0860dc8a218329991ee2c7591f4f849d\"},\"headline\":\"Hoke anuncia Tres Creus Tour 2025: 14 fechas en toda Espa\u00f1a\",\"datePublished\":\"2024-12-20T11:00:33+00:00\",\"dateModified\":\"2024-12-20T11:33:38+00:00\",\"mainEntityOfPage\":{\"@id\":\"https:\\\/\\\/unaymilletras.com\\\/hoke-anuncia-tres-creus-tour-2025-14-fechas-en-toda-espana\\\/\"},\"wordCount\":345,\"publisher\":{\"@id\":\"http:\\\/\\\/unaymilletras.com\\\/#organization\"},\"image\":{\"@id\":\"https:\\\/\\\/unaymilletras.com\\\/hoke-anuncia-tres-creus-tour-2025-14-fechas-en-toda-espana\\\/#primaryimage\"},\"thumbnailUrl\":\"https:\\\/\\\/unaymilletras.com\\\/wp-content\\\/uploads\\\/2024\\\/12\\\/hoke-e1734644847974.jpg\",\"articleSection\":[\"M\u00fasica\"],\"inLanguage\":\"en-GB\"},{\"@type\":\"WebPage\",\"@id\":\"https:\\\/\\\/unaymilletras.com\\\/hoke-anuncia-tres-creus-tour-2025-14-fechas-en-toda-espana\\\/\",\"url\":\"https:\\\/\\\/unaymilletras.com\\\/hoke-anuncia-tres-creus-tour-2025-14-fechas-en-toda-espana\\\/\",\"name\":\"Hoke anuncia Tres Creus Tour 2025: 14 fechas en toda Espa\u00f1a\",\"isPartOf\":{\"@id\":\"http:\\\/\\\/unaymilletras.com\\\/#website\"},\"primaryImageOfPage\":{\"@id\":\"https:\\\/\\\/unaymilletras.com\\\/hoke-anuncia-tres-creus-tour-2025-14-fechas-en-toda-espana\\\/#primaryimage\"},\"image\":{\"@id\":\"https:\\\/\\\/unaymilletras.com\\\/hoke-anuncia-tres-creus-tour-2025-14-fechas-en-toda-espana\\\/#primaryimage\"},\"thumbnailUrl\":\"https:\\\/\\\/unaymilletras.com\\\/wp-content\\\/uploads\\\/2024\\\/12\\\/hoke-e1734644847974.jpg\",\"datePublished\":\"2024-12-20T11:00:33+00:00\",\"dateModified\":\"2024-12-20T11:33:38+00:00\",\"description\":\"Con el estreno de su nuevo \u00e1lbum, Hoke ha anunciado una gira con la que visitar\u00e1 m\u00faltiples ciudades espa\u00f1olas\",\"breadcrumb\":{\"@id\":\"https:\\\/\\\/unaymilletras.com\\\/hoke-anuncia-tres-creus-tour-2025-14-fechas-en-toda-espana\\\/#breadcrumb\"},\"inLanguage\":\"en-GB\",\"potentialAction\":[{\"@type\":\"ReadAction\",\"target\":[\"https:\\\/\\\/unaymilletras.com\\\/hoke-anuncia-tres-creus-tour-2025-14-fechas-en-toda-espana\\\/\"]}]},{\"@type\":\"ImageObject\",\"inLanguage\":\"en-GB\",\"@id\":\"https:\\\/\\\/unaymilletras.com\\\/hoke-anuncia-tres-creus-tour-2025-14-fechas-en-toda-espana\\\/#primaryimage\",\"url\":\"https:\\\/\\\/unaymilletras.com\\\/wp-content\\\/uploads\\\/2024\\\/12\\\/hoke-e1734644847974.jpg\",\"contentUrl\":\"https:\\\/\\\/unaymilletras.com\\\/wp-content\\\/uploads\\\/2024\\\/12\\\/hoke-e1734644847974.jpg\",\"width\":600,\"height\":750,\"caption\":\"Hoke\"},{\"@type\":\"BreadcrumbList\",\"@id\":\"https:\\\/\\\/unaymilletras.com\\\/hoke-anuncia-tres-creus-tour-2025-14-fechas-en-toda-espana\\\/#breadcrumb\",\"itemListElement\":[{\"@type\":\"ListItem\",\"position\":1,\"name\":\"Home\",\"item\":\"http:\\\/\\\/unaymilletras.com\\\/\"},{\"@type\":\"ListItem\",\"position\":2,\"name\":\"Hoke anuncia Tres Creus Tour 2025: 14 fechas en toda Espa\u00f1a\"}]},{\"@type\":\"WebSite\",\"@id\":\"http:\\\/\\\/unaymilletras.com\\\/#website\",\"url\":\"http:\\\/\\\/unaymilletras.com\\\/\",\"name\":\"Una y Mil Letras\",\"description\":\"\",\"publisher\":{\"@id\":\"http:\\\/\\\/unaymilletras.com\\\/#organization\"},\"potentialAction\":[{\"@type\":\"SearchAction\",\"target\":{\"@type\":\"EntryPoint\",\"urlTemplate\":\"http:\\\/\\\/unaymilletras.com\\\/?s={search_term_string}\"},\"query-input\":{\"@type\":\"PropertyValueSpecification\",\"valueRequired\":true,\"valueName\":\"search_term_string\"}}],\"inLanguage\":\"en-GB\"},{\"@type\":\"Organization\",\"@id\":\"http:\\\/\\\/unaymilletras.com\\\/#organization\",\"name\":\"Una y Mil Letras\",\"url\":\"http:\\\/\\\/unaymilletras.com\\\/\",\"logo\":{\"@type\":\"ImageObject\",\"inLanguage\":\"en-GB\",\"@id\":\"http:\\\/\\\/unaymilletras.com\\\/#\\\/schema\\\/logo\\\/image\\\/\",\"url\":\"https:\\\/\\\/unaymilletras.com\\\/wp-content\\\/uploads\\\/2024\\\/06\\\/cropped-Logo-removebg-preview.png\",\"contentUrl\":\"https:\\\/\\\/unaymilletras.com\\\/wp-content\\\/uploads\\\/2024\\\/06\\\/cropped-Logo-removebg-preview.png\",\"width\":512,\"height\":512,\"caption\":\"Una y Mil Letras\"},\"image\":{\"@id\":\"http:\\\/\\\/unaymilletras.com\\\/#\\\/schema\\\/logo\\\/image\\\/\"},\"sameAs\":[\"https:\\\/\\\/x.com\\\/UnaYMilLetras\",\"https:\\\/\\\/instagram.com\\\/UnaYMilLetras\"]},{\"@type\":\"Person\",\"@id\":\"http:\\\/\\\/unaymilletras.com\\\/#\\\/schema\\\/person\\\/0860dc8a218329991ee2c7591f4f849d\",\"name\":\"Redacci\u00f3n\",\"image\":{\"@type\":\"ImageObject\",\"inLanguage\":\"en-GB\",\"@id\":\"https:\\\/\\\/secure.gravatar.com\\\/avatar\\\/d8f55e05a8b6597e45c55a1dcbdbfe44f4a360d88b48e00de5216a79b7732796?s=96&d=mm&r=g\",\"url\":\"https:\\\/\\\/secure.gravatar.com\\\/avatar\\\/d8f55e05a8b6597e45c55a1dcbdbfe44f4a360d88b48e00de5216a79b7732796?s=96&d=mm&r=g\",\"contentUrl\":\"https:\\\/\\\/secure.gravatar.com\\\/avatar\\\/d8f55e05a8b6597e45c55a1dcbdbfe44f4a360d88b48e00de5216a79b7732796?s=96&d=mm&r=g\",\"caption\":\"Redacci\u00f3n\"},\"url\":\"https:\\\/\\\/unaymilletras.com\\\/en\\\/author\\\/redaccion\\\/\"}]}<\/script>\n<!-- \/ Yoast SEO plugin. -->","yoast_head_json":{"title":"Hoke anuncia Tres Creus Tour 2025: 14 fechas en toda Espa\u00f1a","description":"Con el estreno de su nuevo \u00e1lbum, Hoke ha anunciado una gira con la que visitar\u00e1 m\u00faltiples ciudades espa\u00f1olas","robots":{"index":"index","follow":"follow","max-snippet":"max-snippet:-1","max-image-preview":"max-image-preview:large","max-video-preview":"max-video-preview:-1"},"canonical":"https:\/\/unaymilletras.com\/en\/hoke-anuncia-tres-creus-tour-2025-14-fechas-en-toda-espana\/","og_locale":"en_GB","og_type":"article","og_title":"Hoke anuncia Tres Creus Tour 2025: 14 fechas en toda Espa\u00f1a","og_description":"Con el estreno de su nuevo \u00e1lbum, Hoke ha anunciado una gira con la que visitar\u00e1 m\u00faltiples ciudades espa\u00f1olas","og_url":"https:\/\/unaymilletras.com\/en\/hoke-anuncia-tres-creus-tour-2025-14-fechas-en-toda-espana\/","og_site_name":"Una y Mil Letras","article_published_time":"2024-12-20T11:00:33+00:00","article_modified_time":"2024-12-20T11:33:38+00:00","og_image":[{"width":600,"height":750,"url":"http:\/\/unaymilletras.com\/wp-content\/uploads\/2024\/12\/hoke-e1734644847974.jpg","type":"image\/jpeg"}],"author":"Redacci\u00f3n","twitter_card":"summary_large_image","twitter_creator":"@UnaYMilLetras","twitter_site":"@UnaYMilLetras","twitter_misc":{"Written by":"Redacci\u00f3n","Estimated reading time":"2 minutes"},"schema":{"@context":"https:\/\/schema.org","@graph":[{"@type":"Article","@id":"https:\/\/unaymilletras.com\/hoke-anuncia-tres-creus-tour-2025-14-fechas-en-toda-espana\/#article","isPartOf":{"@id":"https:\/\/unaymilletras.com\/hoke-anuncia-tres-creus-tour-2025-14-fechas-en-toda-espana\/"},"author":{"name":"Redacci\u00f3n","@id":"http:\/\/unaymilletras.com\/#\/schema\/person\/0860dc8a218329991ee2c7591f4f849d"},"headline":"Hoke anuncia Tres Creus Tour 2025: 14 fechas en toda Espa\u00f1a","datePublished":"2024-12-20T11:00:33+00:00","dateModified":"2024-12-20T11:33:38+00:00","mainEntityOfPage":{"@id":"https:\/\/unaymilletras.com\/hoke-anuncia-tres-creus-tour-2025-14-fechas-en-toda-espana\/"},"wordCount":345,"publisher":{"@id":"http:\/\/unaymilletras.com\/#organization"},"image":{"@id":"https:\/\/unaymilletras.com\/hoke-anuncia-tres-creus-tour-2025-14-fechas-en-toda-espana\/#primaryimage"},"thumbnailUrl":"https:\/\/unaymilletras.com\/wp-content\/uploads\/2024\/12\/hoke-e1734644847974.jpg","articleSection":["M\u00fasica"],"inLanguage":"en-GB"},{"@type":"WebPage","@id":"https:\/\/unaymilletras.com\/hoke-anuncia-tres-creus-tour-2025-14-fechas-en-toda-espana\/","url":"https:\/\/unaymilletras.com\/hoke-anuncia-tres-creus-tour-2025-14-fechas-en-toda-espana\/","name":"Hoke anuncia Tres Creus Tour 2025: 14 fechas en toda Espa\u00f1a","isPartOf":{"@id":"http:\/\/unaymilletras.com\/#website"},"primaryImageOfPage":{"@id":"https:\/\/unaymilletras.com\/hoke-anuncia-tres-creus-tour-2025-14-fechas-en-toda-espana\/#primaryimage"},"image":{"@id":"https:\/\/unaymilletras.com\/hoke-anuncia-tres-creus-tour-2025-14-fechas-en-toda-espana\/#primaryimage"},"thumbnailUrl":"https:\/\/unaymilletras.com\/wp-content\/uploads\/2024\/12\/hoke-e1734644847974.jpg","datePublished":"2024-12-20T11:00:33+00:00","dateModified":"2024-12-20T11:33:38+00:00","description":"Con el estreno de su nuevo \u00e1lbum, Hoke ha anunciado una gira con la que visitar\u00e1 m\u00faltiples ciudades espa\u00f1olas","breadcrumb":{"@id":"https:\/\/unaymilletras.com\/hoke-anuncia-tres-creus-tour-2025-14-fechas-en-toda-espana\/#breadcrumb"},"inLanguage":"en-GB","potentialAction":[{"@type":"ReadAction","target":["https:\/\/unaymilletras.com\/hoke-anuncia-tres-creus-tour-2025-14-fechas-en-toda-espana\/"]}]},{"@type":"ImageObject","inLanguage":"en-GB","@id":"https:\/\/unaymilletras.com\/hoke-anuncia-tres-creus-tour-2025-14-fechas-en-toda-espana\/#primaryimage","url":"https:\/\/unaymilletras.com\/wp-content\/uploads\/2024\/12\/hoke-e1734644847974.jpg","contentUrl":"https:\/\/unaymilletras.com\/wp-content\/uploads\/2024\/12\/hoke-e1734644847974.jpg","width":600,"height":750,"caption":"Hoke"},{"@type":"BreadcrumbList","@id":"https:\/\/unaymilletras.com\/hoke-anuncia-tres-creus-tour-2025-14-fechas-en-toda-espana\/#breadcrumb","itemListElement":[{"@type":"ListItem","position":1,"name":"Home","item":"http:\/\/unaymilletras.com\/"},{"@type":"ListItem","position":2,"name":"Hoke anuncia Tres Creus Tour 2025: 14 fechas en toda Espa\u00f1a"}]},{"@type":"WebSite","@id":"http:\/\/unaymilletras.com\/#website","url":"http:\/\/unaymilletras.com\/","name":"Una y Mil Letras","description":"","publisher":{"@id":"http:\/\/unaymilletras.com\/#organization"},"potentialAction":[{"@type":"SearchAction","target":{"@type":"EntryPoint","urlTemplate":"http:\/\/unaymilletras.com\/?s={search_term_string}"},"query-input":{"@type":"PropertyValueSpecification","valueRequired":true,"valueName":"search_term_string"}}],"inLanguage":"en-GB"},{"@type":"Organization","@id":"http:\/\/unaymilletras.com\/#organization","name":"Una y Mil Letras","url":"http:\/\/unaymilletras.com\/","logo":{"@type":"ImageObject","inLanguage":"en-GB","@id":"http:\/\/unaymilletras.com\/#\/schema\/logo\/image\/","url":"https:\/\/unaymilletras.com\/wp-content\/uploads\/2024\/06\/cropped-Logo-removebg-preview.png","contentUrl":"https:\/\/unaymilletras.com\/wp-content\/uploads\/2024\/06\/cropped-Logo-removebg-preview.png","width":512,"height":512,"caption":"Una y Mil Letras"},"image":{"@id":"http:\/\/unaymilletras.com\/#\/schema\/logo\/image\/"},"sameAs":["https:\/\/x.com\/UnaYMilLetras","https:\/\/instagram.com\/UnaYMilLetras"]},{"@type":"Person","@id":"http:\/\/unaymilletras.com\/#\/schema\/person\/0860dc8a218329991ee2c7591f4f849d","name":"Redacci\u00f3n","image":{"@type":"ImageObject","inLanguage":"en-GB","@id":"https:\/\/secure.gravatar.com\/avatar\/d8f55e05a8b6597e45c55a1dcbdbfe44f4a360d88b48e00de5216a79b7732796?s=96&d=mm&r=g","url":"https:\/\/secure.gravatar.com\/avatar\/d8f55e05a8b6597e45c55a1dcbdbfe44f4a360d88b48e00de5216a79b7732796?s=96&d=mm&r=g","contentUrl":"https:\/\/secure.gravatar.com\/avatar\/d8f55e05a8b6597e45c55a1dcbdbfe44f4a360d88b48e00de5216a79b7732796?s=96&d=mm&r=g","caption":"Redacci\u00f3n"},"url":"https:\/\/unaymilletras.com\/en\/author\/redaccion\/"}]}},"_links":{"self":[{"href":"https:\/\/unaymilletras.com\/en\/wp-json\/wp\/v2\/posts\/3512","targetHints":{"allow":["GET"]}}],"collection":[{"href":"https:\/\/unaymilletras.com\/en\/wp-json\/wp\/v2\/posts"}],"about":[{"href":"https:\/\/unaymilletras.com\/en\/wp-json\/wp\/v2\/types\/post"}],"author":[{"embeddable":true,"href":"https:\/\/unaymilletras.com\/en\/wp-json\/wp\/v2\/users\/6"}],"replies":[{"embeddable":true,"href":"https:\/\/unaymilletras.com\/en\/wp-json\/wp\/v2\/comments?post=3512"}],"version-history":[{"count":4,"href":"https:\/\/unaymilletras.com\/en\/wp-json\/wp\/v2\/posts\/3512\/revisions"}],"predecessor-version":[{"id":3517,"href":"https:\/\/unaymilletras.com\/en\/wp-json\/wp\/v2\/posts\/3512\/revisions\/3517"}],"wp:featuredmedia":[{"embeddable":true,"href":"https:\/\/unaymilletras.com\/en\/wp-json\/wp\/v2\/media\/3514"}],"wp:attachment":[{"href":"https:\/\/unaymilletras.com\/en\/wp-json\/wp\/v2\/media?parent=3512"}],"wp:term":[{"taxonomy":"category","embeddable":true,"href":"https:\/\/unaymilletras.com\/en\/wp-json\/wp\/v2\/categories?post=3512"},{"taxonomy":"post_tag","embeddable":true,"href":"https:\/\/unaymilletras.com\/en\/wp-json\/wp\/v2\/tags?post=3512"}],"curies":[{"name":"wp","href":"https:\/\/api.w.org\/{rel}","templated":true}]}}