{"id":3518,"date":"2024-12-20T14:00:00","date_gmt":"2024-12-20T13:00:00","guid":{"rendered":"https:\/\/unaymilletras.com\/?p=3518"},"modified":"2024-12-20T12:33:20","modified_gmt":"2024-12-20T11:33:20","slug":"amaia-deslumbra-con-tengo-un-pensamiento-en-la-revuelta","status":"publish","type":"post","link":"https:\/\/unaymilletras.com\/en\/amaia-deslumbra-con-tengo-un-pensamiento-en-la-revuelta\/","title":{"rendered":"Amaia deslumbra con \u00abTengo un Pensamiento\u00bb en La Revuelta"},"content":{"rendered":"<div data-elementor-type=\"wp-post\" data-elementor-id=\"3518\" class=\"elementor elementor-3518\">\n\t\t\t\t\t\t<section class=\"elementor-section elementor-top-section elementor-element elementor-element-d8af168 elementor-section-boxed elementor-section-height-default elementor-section-height-default\" data-id=\"d8af168\" data-element_type=\"section\" data-e-type=\"section\">\n\t\t\t\t\t\t<div class=\"elementor-container elementor-column-gap-default\">\n\t\t\t\t\t<div class=\"elementor-column elementor-col-100 elementor-top-column elementor-element elementor-element-974ff5a\" data-id=\"974ff5a\" data-element_type=\"column\" data-e-type=\"column\">\n\t\t\t<div class=\"elementor-widget-wrap elementor-element-populated\">\n\t\t\t\t\t\t<div class=\"elementor-element elementor-element-9b7c417 elementor-widget elementor-widget-text-editor\" data-id=\"9b7c417\" data-element_type=\"widget\" data-e-type=\"widget\" data-widget_type=\"text-editor.default\">\n\t\t\t\t<div class=\"elementor-widget-container\">\n\t\t\t\t\t\t\t\t\t<h2 style=\"text-align: center;\"><span style=\"color: #808080;\"><em>Amaia presentar\u00e1 su pr\u00f3ximo \u00e1lbum Si Abro los Ojos No es Real, previsto para el 31 de enero<\/em><\/span><\/h2>\t\t\t\t\t\t\t\t<\/div>\n\t\t\t\t<\/div>\n\t\t\t\t\t<\/div>\n\t\t<\/div>\n\t\t\t\t\t<\/div>\n\t\t<\/section>\n\t\t\t\t<section class=\"elementor-section elementor-top-section elementor-element elementor-element-8f36121 elementor-section-boxed elementor-section-height-default elementor-section-height-default\" data-id=\"8f36121\" data-element_type=\"section\" data-e-type=\"section\">\n\t\t\t\t\t\t<div class=\"elementor-container elementor-column-gap-default\">\n\t\t\t\t\t<div class=\"elementor-column elementor-col-100 elementor-top-column elementor-element elementor-element-f19400b\" data-id=\"f19400b\" data-element_type=\"column\" data-e-type=\"column\">\n\t\t\t<div class=\"elementor-widget-wrap elementor-element-populated\">\n\t\t\t\t\t\t<div class=\"elementor-element elementor-element-caffb0e elementor-widget elementor-widget-text-editor\" data-id=\"caffb0e\" data-element_type=\"widget\" data-e-type=\"widget\" data-widget_type=\"text-editor.default\">\n\t\t\t\t<div class=\"elementor-widget-container\">\n\t\t\t\t\t\t\t\t\t<p><b>Amaia<\/b> ha vuelto a capturar la atenci\u00f3n del p\u00fablico con <b><i>Tengo un Pensamiento<\/i><\/b>, el tercer adelanto de su pr\u00f3ximo \u00e1lbum <em><b>Si Abro los Ojos No es Real<\/b><\/em>. Esta nueva canci\u00f3n combina una producci\u00f3n on\u00edrica y un estilo pop con la impronta \u00fanica de la cantante navarra, consolidando su lugar entre las artistas m\u00e1s destacadas del panorama musical espa\u00f1ol.<\/p>\t\t\t\t\t\t\t\t<\/div>\n\t\t\t\t<\/div>\n\t\t\t\t\t<\/div>\n\t\t<\/div>\n\t\t\t\t\t<\/div>\n\t\t<\/section>\n\t\t\t\t<section class=\"elementor-section elementor-top-section elementor-element elementor-element-a86fe0d elementor-section-boxed elementor-section-height-default elementor-section-height-default\" data-id=\"a86fe0d\" data-element_type=\"section\" data-e-type=\"section\">\n\t\t\t\t\t\t<div class=\"elementor-container elementor-column-gap-default\">\n\t\t\t\t\t<div class=\"elementor-column elementor-col-50 elementor-top-column elementor-element elementor-element-6e72b59\" data-id=\"6e72b59\" data-element_type=\"column\" data-e-type=\"column\">\n\t\t\t<div class=\"elementor-widget-wrap elementor-element-populated\">\n\t\t\t\t\t\t<div class=\"elementor-element elementor-element-3f9bd0e elementor-widget elementor-widget-image\" data-id=\"3f9bd0e\" data-element_type=\"widget\" data-e-type=\"widget\" data-widget_type=\"image.default\">\n\t\t\t\t<div class=\"elementor-widget-container\">\n\t\t\t\t\t\t\t\t\t\t\t\t\t\t\t<img fetchpriority=\"high\" decoding=\"async\" width=\"640\" height=\"800\" src=\"https:\/\/unaymilletras.com\/wp-content\/uploads\/2024\/12\/1121864_post1-819x1024.jpg\" class=\"attachment-large size-large wp-image-3521\" alt=\"Amaia\" srcset=\"https:\/\/unaymilletras.com\/wp-content\/uploads\/2024\/12\/1121864_post1-819x1024.jpg 819w, https:\/\/unaymilletras.com\/wp-content\/uploads\/2024\/12\/1121864_post1-240x300.jpg 240w, https:\/\/unaymilletras.com\/wp-content\/uploads\/2024\/12\/1121864_post1-768x960.jpg 768w, https:\/\/unaymilletras.com\/wp-content\/uploads\/2024\/12\/1121864_post1-10x12.jpg 10w, https:\/\/unaymilletras.com\/wp-content\/uploads\/2024\/12\/1121864_post1-1024x1280.jpg 1024w, https:\/\/unaymilletras.com\/wp-content\/uploads\/2024\/12\/1121864_post1-e1734694358711.jpg 600w\" sizes=\"(max-width: 640px) 100vw, 640px\" \/>\t\t\t\t\t\t\t\t\t\t\t\t\t\t\t<\/div>\n\t\t\t\t<\/div>\n\t\t\t\t\t<\/div>\n\t\t<\/div>\n\t\t\t\t<div class=\"elementor-column elementor-col-50 elementor-top-column elementor-element elementor-element-ec816b7\" data-id=\"ec816b7\" data-element_type=\"column\" data-e-type=\"column\">\n\t\t\t<div class=\"elementor-widget-wrap elementor-element-populated\">\n\t\t\t\t\t\t<div class=\"elementor-element elementor-element-ee70f20 elementor-widget elementor-widget-image\" data-id=\"ee70f20\" data-element_type=\"widget\" data-e-type=\"widget\" data-widget_type=\"image.default\">\n\t\t\t\t<div class=\"elementor-widget-container\">\n\t\t\t\t\t\t\t\t\t\t\t\t\t\t\t<img decoding=\"async\" width=\"640\" height=\"800\" src=\"https:\/\/unaymilletras.com\/wp-content\/uploads\/2024\/12\/1121866_post_amaia_madrid-819x1024.jpg\" class=\"attachment-large size-large wp-image-3522\" alt=\"\" srcset=\"https:\/\/unaymilletras.com\/wp-content\/uploads\/2024\/12\/1121866_post_amaia_madrid-819x1024.jpg 819w, https:\/\/unaymilletras.com\/wp-content\/uploads\/2024\/12\/1121866_post_amaia_madrid-240x300.jpg 240w, https:\/\/unaymilletras.com\/wp-content\/uploads\/2024\/12\/1121866_post_amaia_madrid-768x960.jpg 768w, https:\/\/unaymilletras.com\/wp-content\/uploads\/2024\/12\/1121866_post_amaia_madrid-10x12.jpg 10w, https:\/\/unaymilletras.com\/wp-content\/uploads\/2024\/12\/1121866_post_amaia_madrid-1024x1280.jpg 1024w, https:\/\/unaymilletras.com\/wp-content\/uploads\/2024\/12\/1121866_post_amaia_madrid-e1734694366254.jpg 600w\" sizes=\"(max-width: 640px) 100vw, 640px\" \/>\t\t\t\t\t\t\t\t\t\t\t\t\t\t\t<\/div>\n\t\t\t\t<\/div>\n\t\t\t\t\t<\/div>\n\t\t<\/div>\n\t\t\t\t\t<\/div>\n\t\t<\/section>\n\t\t\t\t<section class=\"elementor-section elementor-top-section elementor-element elementor-element-50dd7f1 elementor-section-boxed elementor-section-height-default elementor-section-height-default\" data-id=\"50dd7f1\" data-element_type=\"section\" data-e-type=\"section\">\n\t\t\t\t\t\t<div class=\"elementor-container elementor-column-gap-default\">\n\t\t\t\t\t<div class=\"elementor-column elementor-col-100 elementor-top-column elementor-element elementor-element-793249e\" data-id=\"793249e\" data-element_type=\"column\" data-e-type=\"column\">\n\t\t\t<div class=\"elementor-widget-wrap elementor-element-populated\">\n\t\t\t\t\t\t<div class=\"elementor-element elementor-element-c618367 elementor-widget elementor-widget-text-editor\" data-id=\"c618367\" data-element_type=\"widget\" data-e-type=\"widget\" data-widget_type=\"text-editor.default\">\n\t\t\t\t<div class=\"elementor-widget-container\">\n\t\t\t\t\t\t\t\t\t<p>El \u00e1lbum, que llegar\u00e1 el 31 de enero, promete un recorrido por el realismo m\u00e1gico que caracteriza a Amaia, mezclando sue\u00f1os, naturaleza, amor y fiesta. Su producci\u00f3n innovadora y sus letras introspectivas invitan a un viaje sonoro que sorprender\u00e1 a sus seguidores.<\/p><p>Adem\u00e1s, <i>Tengo un Pensamiento<\/i> debut\u00f3 en una espectacular actuaci\u00f3n<span style=\"color: #808080;\"> durante el programa<a style=\"color: #808080;\" href=\"https:\/\/www.rtve.es\/play\/la-revuelta\/\"> <em>La Revuelta<\/em><\/a><\/span>, donde Amaia dej\u00f3 sin palabras a la audiencia. Coincidiendo con este estreno, la artista fue portada de <em>Vogue<\/em>, reafirmando su impacto tanto en la m\u00fasica como en la cultura contempor\u00e1nea.<\/p>\t\t\t\t\t\t\t\t<\/div>\n\t\t\t\t<\/div>\n\t\t\t\t\t<\/div>\n\t\t<\/div>\n\t\t\t\t\t<\/div>\n\t\t<\/section>\n\t\t\t\t<section class=\"elementor-section elementor-top-section elementor-element elementor-element-a22155c elementor-section-boxed elementor-section-height-default elementor-section-height-default\" data-id=\"a22155c\" data-element_type=\"section\" data-e-type=\"section\">\n\t\t\t\t\t\t<div class=\"elementor-container elementor-column-gap-default\">\n\t\t\t\t\t<div class=\"elementor-column elementor-col-100 elementor-top-column elementor-element elementor-element-6fd1581\" data-id=\"6fd1581\" data-element_type=\"column\" data-e-type=\"column\">\n\t\t\t<div class=\"elementor-widget-wrap elementor-element-populated\">\n\t\t\t\t\t\t<div class=\"elementor-element elementor-element-b31e134 elementor-widget elementor-widget-video\" data-id=\"b31e134\" data-element_type=\"widget\" data-e-type=\"widget\" data-settings=\"{&quot;youtube_url&quot;:&quot;https:\\\/\\\/www.youtube.com\\\/watch?v=sAU-pZCxVMM&amp;ab_channel=RTVEM%C3%BAsica&quot;,&quot;video_type&quot;:&quot;youtube&quot;,&quot;controls&quot;:&quot;yes&quot;}\" data-widget_type=\"video.default\">\n\t\t\t\t<div class=\"elementor-widget-container\">\n\t\t\t\t\t\t\t<div class=\"elementor-wrapper elementor-open-inline\">\n\t\t\t<div class=\"elementor-video\"><\/div>\t\t<\/div>\n\t\t\t\t\t\t<\/div>\n\t\t\t\t<\/div>\n\t\t\t\t\t<\/div>\n\t\t<\/div>\n\t\t\t\t\t<\/div>\n\t\t<\/section>\n\t\t\t\t<section class=\"elementor-section elementor-top-section elementor-element elementor-element-a057bcd elementor-section-boxed elementor-section-height-default elementor-section-height-default\" data-id=\"a057bcd\" data-element_type=\"section\" data-e-type=\"section\">\n\t\t\t\t\t\t<div class=\"elementor-container elementor-column-gap-default\">\n\t\t\t\t\t<div class=\"elementor-column elementor-col-100 elementor-top-column elementor-element elementor-element-e4b65fe\" data-id=\"e4b65fe\" data-element_type=\"column\" data-e-type=\"column\">\n\t\t\t<div class=\"elementor-widget-wrap elementor-element-populated\">\n\t\t\t\t\t\t<div class=\"elementor-element elementor-element-b96d443 elementor-widget elementor-widget-text-editor\" data-id=\"b96d443\" data-element_type=\"widget\" data-e-type=\"widget\" data-widget_type=\"text-editor.default\">\n\t\t\t\t<div class=\"elementor-widget-container\">\n\t\t\t\t\t\t\t\t\t<p>Amaia tambi\u00e9n ha anunciado su pr\u00f3xima gira, <em>Si Abro los Ojos No es Real<\/em>, que incluir\u00e1 un esperado regreso al WiZink Center de Madrid y una segunda fecha en Barcelona tras agotar entradas r\u00e1pidamente. Su capacidad para conectar con el p\u00fablico y los medios la consolida como una figura influyente en la escena art\u00edstica.<\/p><p>Los fans pueden reservar el \u00e1lbum en formatos vinilo y CD, prepar\u00e1ndose para sumergirse en la nueva etapa de una artista que no deja de sorprender.<\/p>\t\t\t\t\t\t\t\t<\/div>\n\t\t\t\t<\/div>\n\t\t\t\t\t<\/div>\n\t\t<\/div>\n\t\t\t\t\t<\/div>\n\t\t<\/section>\n\t\t\t\t<\/div>","protected":false},"excerpt":{"rendered":"<p>Amaia presentar\u00e1 su pr\u00f3ximo \u00e1lbum Si Abro los Ojos No es Real, previsto para el 31 de enero Amaia ha vuelto a capturar la atenci\u00f3n del p\u00fablico con Tengo un Pensamiento, el tercer adelanto de su pr\u00f3ximo \u00e1lbum Si Abro los Ojos No es Real. Esta nueva canci\u00f3n combina una producci\u00f3n on\u00edrica y un estilo [&hellip;]<\/p>\n","protected":false},"author":6,"featured_media":3520,"comment_status":"closed","ping_status":"closed","sticky":false,"template":"","format":"standard","meta":{"footnotes":""},"categories":[4],"tags":[],"class_list":["post-3518","post","type-post","status-publish","format-standard","has-post-thumbnail","hentry","category-musica"],"yoast_head":"<!-- This site is optimized with the Yoast SEO plugin v27.4 - https:\/\/yoast.com\/product\/yoast-seo-wordpress\/ -->\n<title>Amaia deslumbra con &quot;Tengo un Pensamiento&quot; en La Revuelta &#8902; Una y Mil Letras<\/title>\n<meta name=\"description\" content=\"Amaia presentar\u00e1 su pr\u00f3ximo \u00e1lbum Si Abro los Ojos No es Real, previsto para el 31 de enero, del cual &quot;tengo un pensamiento&quot; es un adelanto\" \/>\n<meta name=\"robots\" content=\"index, follow, max-snippet:-1, max-image-preview:large, max-video-preview:-1\" \/>\n<link rel=\"canonical\" href=\"https:\/\/unaymilletras.com\/en\/amaia-deslumbra-con-tengo-un-pensamiento-en-la-revuelta\/\" \/>\n<meta property=\"og:locale\" content=\"en_GB\" \/>\n<meta property=\"og:type\" content=\"article\" \/>\n<meta property=\"og:title\" content=\"Amaia deslumbra con &quot;Tengo un Pensamiento&quot; en La Revuelta &#8902; Una y Mil Letras\" \/>\n<meta property=\"og:description\" content=\"Amaia presentar\u00e1 su pr\u00f3ximo \u00e1lbum Si Abro los Ojos No es Real, previsto para el 31 de enero, del cual &quot;tengo un pensamiento&quot; es un adelanto\" \/>\n<meta property=\"og:url\" content=\"https:\/\/unaymilletras.com\/en\/amaia-deslumbra-con-tengo-un-pensamiento-en-la-revuelta\/\" \/>\n<meta property=\"og:site_name\" content=\"Una y Mil Letras\" \/>\n<meta property=\"article:published_time\" content=\"2024-12-20T13:00:00+00:00\" \/>\n<meta property=\"og:image\" content=\"https:\/\/unaymilletras.com\/wp-content\/uploads\/2024\/12\/w660_1187347_whatsapp-image-2024.jpg\" \/>\n\t<meta property=\"og:image:width\" content=\"660\" \/>\n\t<meta property=\"og:image:height\" content=\"826\" \/>\n\t<meta property=\"og:image:type\" content=\"image\/jpeg\" \/>\n<meta name=\"author\" content=\"Redacci\u00f3n\" \/>\n<meta name=\"twitter:card\" content=\"summary_large_image\" \/>\n<meta name=\"twitter:creator\" content=\"@UnaYMilLetras\" \/>\n<meta name=\"twitter:site\" content=\"@UnaYMilLetras\" \/>\n<meta name=\"twitter:label1\" content=\"Written by\" \/>\n\t<meta name=\"twitter:data1\" content=\"Redacci\u00f3n\" \/>\n\t<meta name=\"twitter:label2\" content=\"Estimated reading time\" \/>\n\t<meta name=\"twitter:data2\" content=\"2 minutes\" \/>\n<script type=\"application\/ld+json\" class=\"yoast-schema-graph\">{\"@context\":\"https:\\\/\\\/schema.org\",\"@graph\":[{\"@type\":\"Article\",\"@id\":\"https:\\\/\\\/unaymilletras.com\\\/amaia-deslumbra-con-tengo-un-pensamiento-en-la-revuelta\\\/#article\",\"isPartOf\":{\"@id\":\"https:\\\/\\\/unaymilletras.com\\\/amaia-deslumbra-con-tengo-un-pensamiento-en-la-revuelta\\\/\"},\"author\":{\"name\":\"Redacci\u00f3n\",\"@id\":\"http:\\\/\\\/unaymilletras.com\\\/#\\\/schema\\\/person\\\/0860dc8a218329991ee2c7591f4f849d\"},\"headline\":\"Amaia deslumbra con \u00abTengo un Pensamiento\u00bb en La Revuelta\",\"datePublished\":\"2024-12-20T13:00:00+00:00\",\"mainEntityOfPage\":{\"@id\":\"https:\\\/\\\/unaymilletras.com\\\/amaia-deslumbra-con-tengo-un-pensamiento-en-la-revuelta\\\/\"},\"wordCount\":282,\"publisher\":{\"@id\":\"http:\\\/\\\/unaymilletras.com\\\/#organization\"},\"image\":{\"@id\":\"https:\\\/\\\/unaymilletras.com\\\/amaia-deslumbra-con-tengo-un-pensamiento-en-la-revuelta\\\/#primaryimage\"},\"thumbnailUrl\":\"https:\\\/\\\/unaymilletras.com\\\/wp-content\\\/uploads\\\/2024\\\/12\\\/w660_1187347_whatsapp-image-2024.jpg\",\"articleSection\":[\"M\u00fasica\"],\"inLanguage\":\"en-GB\"},{\"@type\":\"WebPage\",\"@id\":\"https:\\\/\\\/unaymilletras.com\\\/amaia-deslumbra-con-tengo-un-pensamiento-en-la-revuelta\\\/\",\"url\":\"https:\\\/\\\/unaymilletras.com\\\/amaia-deslumbra-con-tengo-un-pensamiento-en-la-revuelta\\\/\",\"name\":\"Amaia deslumbra con \\\"Tengo un Pensamiento\\\" en La Revuelta &#8902; Una y Mil Letras\",\"isPartOf\":{\"@id\":\"http:\\\/\\\/unaymilletras.com\\\/#website\"},\"primaryImageOfPage\":{\"@id\":\"https:\\\/\\\/unaymilletras.com\\\/amaia-deslumbra-con-tengo-un-pensamiento-en-la-revuelta\\\/#primaryimage\"},\"image\":{\"@id\":\"https:\\\/\\\/unaymilletras.com\\\/amaia-deslumbra-con-tengo-un-pensamiento-en-la-revuelta\\\/#primaryimage\"},\"thumbnailUrl\":\"https:\\\/\\\/unaymilletras.com\\\/wp-content\\\/uploads\\\/2024\\\/12\\\/w660_1187347_whatsapp-image-2024.jpg\",\"datePublished\":\"2024-12-20T13:00:00+00:00\",\"description\":\"Amaia presentar\u00e1 su pr\u00f3ximo \u00e1lbum Si Abro los Ojos No es Real, previsto para el 31 de enero, del cual \\\"tengo un pensamiento\\\" es un adelanto\",\"breadcrumb\":{\"@id\":\"https:\\\/\\\/unaymilletras.com\\\/amaia-deslumbra-con-tengo-un-pensamiento-en-la-revuelta\\\/#breadcrumb\"},\"inLanguage\":\"en-GB\",\"potentialAction\":[{\"@type\":\"ReadAction\",\"target\":[\"https:\\\/\\\/unaymilletras.com\\\/amaia-deslumbra-con-tengo-un-pensamiento-en-la-revuelta\\\/\"]}]},{\"@type\":\"ImageObject\",\"inLanguage\":\"en-GB\",\"@id\":\"https:\\\/\\\/unaymilletras.com\\\/amaia-deslumbra-con-tengo-un-pensamiento-en-la-revuelta\\\/#primaryimage\",\"url\":\"https:\\\/\\\/unaymilletras.com\\\/wp-content\\\/uploads\\\/2024\\\/12\\\/w660_1187347_whatsapp-image-2024.jpg\",\"contentUrl\":\"https:\\\/\\\/unaymilletras.com\\\/wp-content\\\/uploads\\\/2024\\\/12\\\/w660_1187347_whatsapp-image-2024.jpg\",\"width\":660,\"height\":826,\"caption\":\"Amaia\"},{\"@type\":\"BreadcrumbList\",\"@id\":\"https:\\\/\\\/unaymilletras.com\\\/amaia-deslumbra-con-tengo-un-pensamiento-en-la-revuelta\\\/#breadcrumb\",\"itemListElement\":[{\"@type\":\"ListItem\",\"position\":1,\"name\":\"Home\",\"item\":\"http:\\\/\\\/unaymilletras.com\\\/\"},{\"@type\":\"ListItem\",\"position\":2,\"name\":\"Amaia deslumbra con \u00abTengo un Pensamiento\u00bb en La Revuelta\"}]},{\"@type\":\"WebSite\",\"@id\":\"http:\\\/\\\/unaymilletras.com\\\/#website\",\"url\":\"http:\\\/\\\/unaymilletras.com\\\/\",\"name\":\"Una y Mil Letras\",\"description\":\"\",\"publisher\":{\"@id\":\"http:\\\/\\\/unaymilletras.com\\\/#organization\"},\"potentialAction\":[{\"@type\":\"SearchAction\",\"target\":{\"@type\":\"EntryPoint\",\"urlTemplate\":\"http:\\\/\\\/unaymilletras.com\\\/?s={search_term_string}\"},\"query-input\":{\"@type\":\"PropertyValueSpecification\",\"valueRequired\":true,\"valueName\":\"search_term_string\"}}],\"inLanguage\":\"en-GB\"},{\"@type\":\"Organization\",\"@id\":\"http:\\\/\\\/unaymilletras.com\\\/#organization\",\"name\":\"Una y Mil Letras\",\"url\":\"http:\\\/\\\/unaymilletras.com\\\/\",\"logo\":{\"@type\":\"ImageObject\",\"inLanguage\":\"en-GB\",\"@id\":\"http:\\\/\\\/unaymilletras.com\\\/#\\\/schema\\\/logo\\\/image\\\/\",\"url\":\"https:\\\/\\\/unaymilletras.com\\\/wp-content\\\/uploads\\\/2024\\\/06\\\/cropped-Logo-removebg-preview.png\",\"contentUrl\":\"https:\\\/\\\/unaymilletras.com\\\/wp-content\\\/uploads\\\/2024\\\/06\\\/cropped-Logo-removebg-preview.png\",\"width\":512,\"height\":512,\"caption\":\"Una y Mil Letras\"},\"image\":{\"@id\":\"http:\\\/\\\/unaymilletras.com\\\/#\\\/schema\\\/logo\\\/image\\\/\"},\"sameAs\":[\"https:\\\/\\\/x.com\\\/UnaYMilLetras\",\"https:\\\/\\\/instagram.com\\\/UnaYMilLetras\"]},{\"@type\":\"Person\",\"@id\":\"http:\\\/\\\/unaymilletras.com\\\/#\\\/schema\\\/person\\\/0860dc8a218329991ee2c7591f4f849d\",\"name\":\"Redacci\u00f3n\",\"image\":{\"@type\":\"ImageObject\",\"inLanguage\":\"en-GB\",\"@id\":\"https:\\\/\\\/secure.gravatar.com\\\/avatar\\\/d8f55e05a8b6597e45c55a1dcbdbfe44f4a360d88b48e00de5216a79b7732796?s=96&d=mm&r=g\",\"url\":\"https:\\\/\\\/secure.gravatar.com\\\/avatar\\\/d8f55e05a8b6597e45c55a1dcbdbfe44f4a360d88b48e00de5216a79b7732796?s=96&d=mm&r=g\",\"contentUrl\":\"https:\\\/\\\/secure.gravatar.com\\\/avatar\\\/d8f55e05a8b6597e45c55a1dcbdbfe44f4a360d88b48e00de5216a79b7732796?s=96&d=mm&r=g\",\"caption\":\"Redacci\u00f3n\"},\"url\":\"https:\\\/\\\/unaymilletras.com\\\/en\\\/author\\\/redaccion\\\/\"}]}<\/script>\n<!-- \/ Yoast SEO plugin. -->","yoast_head_json":{"title":"Amaia deslumbra con \"Tengo un Pensamiento\" en La Revuelta &#8902; Una y Mil Letras","description":"Amaia presentar\u00e1 su pr\u00f3ximo \u00e1lbum Si Abro los Ojos No es Real, previsto para el 31 de enero, del cual \"tengo un pensamiento\" es un adelanto","robots":{"index":"index","follow":"follow","max-snippet":"max-snippet:-1","max-image-preview":"max-image-preview:large","max-video-preview":"max-video-preview:-1"},"canonical":"https:\/\/unaymilletras.com\/en\/amaia-deslumbra-con-tengo-un-pensamiento-en-la-revuelta\/","og_locale":"en_GB","og_type":"article","og_title":"Amaia deslumbra con \"Tengo un Pensamiento\" en La Revuelta &#8902; Una y Mil Letras","og_description":"Amaia presentar\u00e1 su pr\u00f3ximo \u00e1lbum Si Abro los Ojos No es Real, previsto para el 31 de enero, del cual \"tengo un pensamiento\" es un adelanto","og_url":"https:\/\/unaymilletras.com\/en\/amaia-deslumbra-con-tengo-un-pensamiento-en-la-revuelta\/","og_site_name":"Una y Mil Letras","article_published_time":"2024-12-20T13:00:00+00:00","og_image":[{"width":660,"height":826,"url":"https:\/\/unaymilletras.com\/wp-content\/uploads\/2024\/12\/w660_1187347_whatsapp-image-2024.jpg","type":"image\/jpeg"}],"author":"Redacci\u00f3n","twitter_card":"summary_large_image","twitter_creator":"@UnaYMilLetras","twitter_site":"@UnaYMilLetras","twitter_misc":{"Written by":"Redacci\u00f3n","Estimated reading time":"2 minutes"},"schema":{"@context":"https:\/\/schema.org","@graph":[{"@type":"Article","@id":"https:\/\/unaymilletras.com\/amaia-deslumbra-con-tengo-un-pensamiento-en-la-revuelta\/#article","isPartOf":{"@id":"https:\/\/unaymilletras.com\/amaia-deslumbra-con-tengo-un-pensamiento-en-la-revuelta\/"},"author":{"name":"Redacci\u00f3n","@id":"http:\/\/unaymilletras.com\/#\/schema\/person\/0860dc8a218329991ee2c7591f4f849d"},"headline":"Amaia deslumbra con \u00abTengo un Pensamiento\u00bb en La Revuelta","datePublished":"2024-12-20T13:00:00+00:00","mainEntityOfPage":{"@id":"https:\/\/unaymilletras.com\/amaia-deslumbra-con-tengo-un-pensamiento-en-la-revuelta\/"},"wordCount":282,"publisher":{"@id":"http:\/\/unaymilletras.com\/#organization"},"image":{"@id":"https:\/\/unaymilletras.com\/amaia-deslumbra-con-tengo-un-pensamiento-en-la-revuelta\/#primaryimage"},"thumbnailUrl":"https:\/\/unaymilletras.com\/wp-content\/uploads\/2024\/12\/w660_1187347_whatsapp-image-2024.jpg","articleSection":["M\u00fasica"],"inLanguage":"en-GB"},{"@type":"WebPage","@id":"https:\/\/unaymilletras.com\/amaia-deslumbra-con-tengo-un-pensamiento-en-la-revuelta\/","url":"https:\/\/unaymilletras.com\/amaia-deslumbra-con-tengo-un-pensamiento-en-la-revuelta\/","name":"Amaia deslumbra con \"Tengo un Pensamiento\" en La Revuelta &#8902; Una y Mil Letras","isPartOf":{"@id":"http:\/\/unaymilletras.com\/#website"},"primaryImageOfPage":{"@id":"https:\/\/unaymilletras.com\/amaia-deslumbra-con-tengo-un-pensamiento-en-la-revuelta\/#primaryimage"},"image":{"@id":"https:\/\/unaymilletras.com\/amaia-deslumbra-con-tengo-un-pensamiento-en-la-revuelta\/#primaryimage"},"thumbnailUrl":"https:\/\/unaymilletras.com\/wp-content\/uploads\/2024\/12\/w660_1187347_whatsapp-image-2024.jpg","datePublished":"2024-12-20T13:00:00+00:00","description":"Amaia presentar\u00e1 su pr\u00f3ximo \u00e1lbum Si Abro los Ojos No es Real, previsto para el 31 de enero, del cual \"tengo un pensamiento\" es un adelanto","breadcrumb":{"@id":"https:\/\/unaymilletras.com\/amaia-deslumbra-con-tengo-un-pensamiento-en-la-revuelta\/#breadcrumb"},"inLanguage":"en-GB","potentialAction":[{"@type":"ReadAction","target":["https:\/\/unaymilletras.com\/amaia-deslumbra-con-tengo-un-pensamiento-en-la-revuelta\/"]}]},{"@type":"ImageObject","inLanguage":"en-GB","@id":"https:\/\/unaymilletras.com\/amaia-deslumbra-con-tengo-un-pensamiento-en-la-revuelta\/#primaryimage","url":"https:\/\/unaymilletras.com\/wp-content\/uploads\/2024\/12\/w660_1187347_whatsapp-image-2024.jpg","contentUrl":"https:\/\/unaymilletras.com\/wp-content\/uploads\/2024\/12\/w660_1187347_whatsapp-image-2024.jpg","width":660,"height":826,"caption":"Amaia"},{"@type":"BreadcrumbList","@id":"https:\/\/unaymilletras.com\/amaia-deslumbra-con-tengo-un-pensamiento-en-la-revuelta\/#breadcrumb","itemListElement":[{"@type":"ListItem","position":1,"name":"Home","item":"http:\/\/unaymilletras.com\/"},{"@type":"ListItem","position":2,"name":"Amaia deslumbra con \u00abTengo un Pensamiento\u00bb en La Revuelta"}]},{"@type":"WebSite","@id":"http:\/\/unaymilletras.com\/#website","url":"http:\/\/unaymilletras.com\/","name":"Una y Mil Letras","description":"","publisher":{"@id":"http:\/\/unaymilletras.com\/#organization"},"potentialAction":[{"@type":"SearchAction","target":{"@type":"EntryPoint","urlTemplate":"http:\/\/unaymilletras.com\/?s={search_term_string}"},"query-input":{"@type":"PropertyValueSpecification","valueRequired":true,"valueName":"search_term_string"}}],"inLanguage":"en-GB"},{"@type":"Organization","@id":"http:\/\/unaymilletras.com\/#organization","name":"Una y Mil Letras","url":"http:\/\/unaymilletras.com\/","logo":{"@type":"ImageObject","inLanguage":"en-GB","@id":"http:\/\/unaymilletras.com\/#\/schema\/logo\/image\/","url":"https:\/\/unaymilletras.com\/wp-content\/uploads\/2024\/06\/cropped-Logo-removebg-preview.png","contentUrl":"https:\/\/unaymilletras.com\/wp-content\/uploads\/2024\/06\/cropped-Logo-removebg-preview.png","width":512,"height":512,"caption":"Una y Mil Letras"},"image":{"@id":"http:\/\/unaymilletras.com\/#\/schema\/logo\/image\/"},"sameAs":["https:\/\/x.com\/UnaYMilLetras","https:\/\/instagram.com\/UnaYMilLetras"]},{"@type":"Person","@id":"http:\/\/unaymilletras.com\/#\/schema\/person\/0860dc8a218329991ee2c7591f4f849d","name":"Redacci\u00f3n","image":{"@type":"ImageObject","inLanguage":"en-GB","@id":"https:\/\/secure.gravatar.com\/avatar\/d8f55e05a8b6597e45c55a1dcbdbfe44f4a360d88b48e00de5216a79b7732796?s=96&d=mm&r=g","url":"https:\/\/secure.gravatar.com\/avatar\/d8f55e05a8b6597e45c55a1dcbdbfe44f4a360d88b48e00de5216a79b7732796?s=96&d=mm&r=g","contentUrl":"https:\/\/secure.gravatar.com\/avatar\/d8f55e05a8b6597e45c55a1dcbdbfe44f4a360d88b48e00de5216a79b7732796?s=96&d=mm&r=g","caption":"Redacci\u00f3n"},"url":"https:\/\/unaymilletras.com\/en\/author\/redaccion\/"}]}},"_links":{"self":[{"href":"https:\/\/unaymilletras.com\/en\/wp-json\/wp\/v2\/posts\/3518","targetHints":{"allow":["GET"]}}],"collection":[{"href":"https:\/\/unaymilletras.com\/en\/wp-json\/wp\/v2\/posts"}],"about":[{"href":"https:\/\/unaymilletras.com\/en\/wp-json\/wp\/v2\/types\/post"}],"author":[{"embeddable":true,"href":"https:\/\/unaymilletras.com\/en\/wp-json\/wp\/v2\/users\/6"}],"replies":[{"embeddable":true,"href":"https:\/\/unaymilletras.com\/en\/wp-json\/wp\/v2\/comments?post=3518"}],"version-history":[{"count":4,"href":"https:\/\/unaymilletras.com\/en\/wp-json\/wp\/v2\/posts\/3518\/revisions"}],"predecessor-version":[{"id":3525,"href":"https:\/\/unaymilletras.com\/en\/wp-json\/wp\/v2\/posts\/3518\/revisions\/3525"}],"wp:featuredmedia":[{"embeddable":true,"href":"https:\/\/unaymilletras.com\/en\/wp-json\/wp\/v2\/media\/3520"}],"wp:attachment":[{"href":"https:\/\/unaymilletras.com\/en\/wp-json\/wp\/v2\/media?parent=3518"}],"wp:term":[{"taxonomy":"category","embeddable":true,"href":"https:\/\/unaymilletras.com\/en\/wp-json\/wp\/v2\/categories?post=3518"},{"taxonomy":"post_tag","embeddable":true,"href":"https:\/\/unaymilletras.com\/en\/wp-json\/wp\/v2\/tags?post=3518"}],"curies":[{"name":"wp","href":"https:\/\/api.w.org\/{rel}","templated":true}]}}