{"id":352,"date":"2023-03-19T00:20:30","date_gmt":"2023-03-19T00:20:30","guid":{"rendered":"https:\/\/unaymilletras.wordpress.com\/?p=352"},"modified":"2023-05-06T14:08:15","modified_gmt":"2023-05-06T14:08:15","slug":"lil-cake-anuncia-su-gira-por-espana","status":"publish","type":"post","link":"https:\/\/unaymilletras.com\/en\/lil-cake-anuncia-su-gira-por-espana\/","title":{"rendered":"Lil Cake anuncia su gira por Espa\u00f1a"},"content":{"rendered":"<p class=\"has-text-align-center has-large-font-size\"><em>El cantante argentino Lil Cake pasar\u00e1 por m\u00e1s de 15 ciudades espa\u00f1olas con su tour<\/em><\/p>\n\n\n\n<p class=\"has-text-align-justify has-small-font-size\"><strong><a href=\"https:\/\/open.spotify.com\/artist\/0niAkxgT6y57bRbT0Ge94z?si=NOmK26HKTBiN116QGoyVWw\">Lil Cake<\/a><\/strong> acaba de anunciar su gira por Espa\u00f1a, que cuenta con un total de <strong>18 fechas<\/strong> en distintas ciudades. Se trata de la primera vez que har\u00e1 una gira por nuestro pa\u00eds. Estos son los shows: <\/p>\n\n\n\n<div class=\"wp-block-columns is-layout-flex wp-container-core-columns-is-layout-28f84493 wp-block-columns-is-layout-flex\">\n<div class=\"wp-block-column is-layout-flow wp-block-column-is-layout-flow\">\n<p class=\"has-text-align-center has-small-font-size\">24\/3 &#8211; SALOU<br>25\/3 &#8211; SEVILLA<br>29\/3 &#8211; BARCELONA<br>30\/3 &#8211; GRANADA<br>31\/3 &#8211; MANRESA<br>01\/4 &#8211; VALENCIA<br>06\/4 &#8211; MURCIA<br>06\/4 &#8211; CASTELLA<br>07\/4 &#8211; LOGRO\u00d1O<\/p>\n<\/div>\n\n\n\n<div class=\"wp-block-column is-layout-flow wp-block-column-is-layout-flow\">\n<p class=\"has-text-align-center has-small-font-size\">08\/4 &#8211; GIRONA<br>09\/4 &#8211; CULLERA<br>14\/4 &#8211; SORIA<br>14\/4 &#8211; LLEIDA<br>15\/4 &#8211; HUELVA<br>21\/4 &#8211; GIRONA<br>22\/4 &#8211; EMPURIA BRAVA<br>284 &#8211; MADRID<br>29\/4 &#8211; CORU\u00d1A<\/p>\n<\/div>\n<\/div>\n\n\n\n<p class=\"has-text-align-justify has-small-font-size\">Despu\u00e9s de que su tema <em><strong><a href=\"https:\/\/open.spotify.com\/track\/1DxEbt6OSbrkRthk6pjZue?si=ac4b4bbad08040a7\">Mercho<\/a><\/strong><\/em>, junto a <strong><a href=\"https:\/\/open.spotify.com\/artist\/48R2gYdPKtfnfKAzhSVPUx?si=dBeeOuScQeOjJtcicUfVEg\">Migantes<\/a><\/strong> y producido por <strong><a href=\"https:\/\/open.spotify.com\/artist\/0uxYECT7XqHNccQAg5Uhe4?si=iMCeUs01TnCeJuGd1TWHCA\">Nico Valdi<\/a><\/strong> se convirtiese en un \u00e9xito mundial, el artista ha conseguido batir r\u00e9cords. Por primera vez, Lil Cake consigui\u00f3 entrar en el top 10 artistas argentinos m\u00e1s escuchados, con un total de 12,5 millones de oyentes mensuales, ocupando el <strong>top 9<\/strong>.  Asimismo, despu\u00e9s de intentar que <strong><a href=\"https:\/\/open.spotify.com\/artist\/2LRoIwlKmHjgvigdNGBHNo?si=f9O6pKkITTWmMoeyt1oN_g\">Feid<\/a><\/strong> escuchase su tema, consigui\u00f3 grabar un v\u00eddeo y cantar junto a \u00e9l. <\/p>\n\n\n\n<div class=\"wp-block-columns is-layout-flex wp-container-core-columns-is-layout-28f84493 wp-block-columns-is-layout-flex\">\n<div class=\"wp-block-column is-layout-flow wp-block-column-is-layout-flow\">\n<figure class=\"wp-block-embed is-type-video is-provider-tiktok wp-block-embed-tiktok\"><div class=\"wp-block-embed__wrapper\">\n<blockquote class=\"tiktok-embed\" cite=\"https:\/\/www.tiktok.com\/@lilcakeoficial\/video\/7191177974954216710\" data-video-id=\"7191177974954216710\" data-embed-from=\"oembed\" style=\"max-width:605px; min-width:325px;\"> <section> <a target=\"_blank\" title=\"@lilcakeoficial\" href=\"https:\/\/www.tiktok.com\/@lilcakeoficial?refer=embed\">@lilcakeoficial<\/a> <p>like a cada uno que etiquete a feid <a title=\"feid\" target=\"_blank\" href=\"https:\/\/www.tiktok.com\/tag\/feid?refer=embed\">#feid<\/a> <a title=\"mercho\" target=\"_blank\" href=\"https:\/\/www.tiktok.com\/tag\/mercho?refer=embed\">#mercho<\/a> <a title=\"ferxxo\" target=\"_blank\" href=\"https:\/\/www.tiktok.com\/tag\/ferxxo?refer=embed\">#ferxxo<\/a> <a title=\"foryou\" target=\"_blank\" href=\"https:\/\/www.tiktok.com\/tag\/foryou?refer=embed\">#foryou<\/a> <\/p> <a target=\"_blank\" title=\"\u266c MERCHO (feat. Nico Valdi) - LiL CaKe &#038; Migrantes\" href=\"https:\/\/www.tiktok.com\/music\/MERCHO-feat-Nico-Valdi-7177078422441560838?refer=embed\">\u266c MERCHO (feat. Nico Valdi) &#8211; LiL CaKe &#038; Migrantes<\/a> <\/section> <\/blockquote> <script async src=\"https:\/\/www.tiktok.com\/embed.js\"><\/script>\n<\/div><\/figure>\n<\/div>\n\n\n\n<div class=\"wp-block-column is-layout-flow wp-block-column-is-layout-flow\">\n<figure class=\"wp-block-embed is-type-video is-provider-tiktok wp-block-embed-tiktok\"><div class=\"wp-block-embed__wrapper\">\n<blockquote class=\"tiktok-embed\" cite=\"https:\/\/www.tiktok.com\/@ferxxo444\/video\/7201721015473278213\" data-video-id=\"7201721015473278213\" data-embed-from=\"oembed\" style=\"max-width:605px; min-width:325px;\"> <section> <a target=\"_blank\" title=\"@ferxxo444\" href=\"https:\/\/www.tiktok.com\/@ferxxo444?refer=embed\">@ferxxo444<\/a> <p>@lilcakeoficial jajajaa gracias por acompa\u00f1arnos hoy mi ni\u00f1o!!!<\/p> <a target=\"_blank\" title=\"\u266c MERCHO (feat. Nico Valdi) - LiL CaKe &#038; Migrantes\" href=\"https:\/\/www.tiktok.com\/music\/MERCHO-feat-Nico-Valdi-7177078422441560838?refer=embed\">\u266c MERCHO (feat. Nico Valdi) &#8211; LiL CaKe &#038; Migrantes<\/a> <\/section> <\/blockquote> <script async src=\"https:\/\/www.tiktok.com\/embed.js\"><\/script>\n<\/div><\/figure>\n<\/div>\n<\/div>\n\n\n\n<p class=\"has-text-align-justify has-small-font-size\">A pesar de que es ahora cuando Lil Cake est\u00e1 siendo escuchado en todo el mundo, comenz\u00f3 en la m\u00fasica en 2019. Cuenta con 23 canciones y ha colaborado con artistas como <strong><a href=\"https:\/\/open.spotify.com\/artist\/5iDqEobZRSTiBSAk6jLp4A?si=DHla3p8-TSOvySlQD_8eSw\">Oscu<\/a><\/strong>, <strong><a href=\"https:\/\/unaymilletras.wordpress.com\/2023\/03\/11\/lit-killah-y-luck-ra-se-unen-en-su-primera-colaboracion\/\">Luck Ra<\/a><\/strong> o <strong><a href=\"https:\/\/open.spotify.com\/artist\/32AuV4BxATEf2i7YVhIjht?si=1nTF-6gAS4GdIo1UlVS42w\">Robleis<\/a><\/strong>. <\/p>","protected":false},"excerpt":{"rendered":"<p>El cantante argentino Lil Cake pasar\u00e1 por m\u00e1s de 15 ciudades espa\u00f1olas con su tour Lil Cake acaba de anunciar su gira por Espa\u00f1a, que cuenta con un total de 18 fechas en distintas ciudades. Se trata de la primera vez que har\u00e1 una gira por nuestro pa\u00eds. Estos son los shows: 24\/3 &#8211; SALOU25\/3 [&hellip;]<\/p>\n","protected":false},"author":1,"featured_media":355,"comment_status":"open","ping_status":"open","sticky":false,"template":"","format":"standard","meta":{"footnotes":""},"categories":[4],"tags":[],"class_list":["post-352","post","type-post","status-publish","format-standard","has-post-thumbnail","hentry","category-musica"],"yoast_head":"<!-- This site is optimized with the Yoast SEO plugin v27.4 - https:\/\/yoast.com\/product\/yoast-seo-wordpress\/ -->\n<title>Lil Cake anuncia su gira por Espa\u00f1a &#8902; Una y Mil Letras<\/title>\n<meta name=\"robots\" content=\"index, follow, max-snippet:-1, max-image-preview:large, max-video-preview:-1\" \/>\n<link rel=\"canonical\" href=\"https:\/\/unaymilletras.com\/en\/lil-cake-anuncia-su-gira-por-espana\/\" \/>\n<meta property=\"og:locale\" content=\"en_GB\" \/>\n<meta property=\"og:type\" content=\"article\" \/>\n<meta property=\"og:title\" content=\"Lil Cake anuncia su gira por Espa\u00f1a &#8902; Una y Mil Letras\" \/>\n<meta property=\"og:description\" content=\"El cantante argentino Lil Cake pasar\u00e1 por m\u00e1s de 15 ciudades espa\u00f1olas con su tour Lil Cake acaba de anunciar su gira por Espa\u00f1a, que cuenta con un total de 18 fechas en distintas ciudades. Se trata de la primera vez que har\u00e1 una gira por nuestro pa\u00eds. Estos son los shows: 24\/3 &#8211; SALOU25\/3 [&hellip;]\" \/>\n<meta property=\"og:url\" content=\"https:\/\/unaymilletras.com\/en\/lil-cake-anuncia-su-gira-por-espana\/\" \/>\n<meta property=\"og:site_name\" content=\"Una y Mil Letras\" \/>\n<meta property=\"article:published_time\" content=\"2023-03-19T00:20:30+00:00\" \/>\n<meta property=\"article:modified_time\" content=\"2023-05-06T14:08:15+00:00\" \/>\n<meta property=\"og:image\" content=\"https:\/\/unaymilletras.com\/wp-content\/uploads\/2023\/03\/lil-cacke.jpeg\" \/>\n\t<meta property=\"og:image:width\" content=\"675\" \/>\n\t<meta property=\"og:image:height\" content=\"1200\" \/>\n\t<meta property=\"og:image:type\" content=\"image\/jpeg\" \/>\n<meta name=\"author\" content=\"Maria Gil Robledo\" \/>\n<meta name=\"twitter:card\" content=\"summary_large_image\" \/>\n<meta name=\"twitter:creator\" content=\"@UnaYMilLetras\" \/>\n<meta name=\"twitter:site\" content=\"@UnaYMilLetras\" \/>\n<meta name=\"twitter:label1\" content=\"Written by\" \/>\n\t<meta name=\"twitter:data1\" content=\"Maria Gil Robledo\" \/>\n\t<meta name=\"twitter:label2\" content=\"Estimated reading time\" \/>\n\t<meta name=\"twitter:data2\" content=\"1 minute\" \/>\n<script type=\"application\/ld+json\" class=\"yoast-schema-graph\">{\"@context\":\"https:\\\/\\\/schema.org\",\"@graph\":[{\"@type\":\"Article\",\"@id\":\"https:\\\/\\\/unaymilletras.com\\\/lil-cake-anuncia-su-gira-por-espana\\\/#article\",\"isPartOf\":{\"@id\":\"https:\\\/\\\/unaymilletras.com\\\/lil-cake-anuncia-su-gira-por-espana\\\/\"},\"author\":{\"name\":\"Maria Gil Robledo\",\"@id\":\"http:\\\/\\\/unaymilletras.com\\\/#\\\/schema\\\/person\\\/d55ba681b8a4e463d8982dbe36a5dc94\"},\"headline\":\"Lil Cake anuncia su gira por Espa\u00f1a\",\"datePublished\":\"2023-03-19T00:20:30+00:00\",\"dateModified\":\"2023-05-06T14:08:15+00:00\",\"mainEntityOfPage\":{\"@id\":\"https:\\\/\\\/unaymilletras.com\\\/lil-cake-anuncia-su-gira-por-espana\\\/\"},\"wordCount\":223,\"commentCount\":1,\"publisher\":{\"@id\":\"http:\\\/\\\/unaymilletras.com\\\/#organization\"},\"image\":{\"@id\":\"https:\\\/\\\/unaymilletras.com\\\/lil-cake-anuncia-su-gira-por-espana\\\/#primaryimage\"},\"thumbnailUrl\":\"https:\\\/\\\/unaymilletras.com\\\/wp-content\\\/uploads\\\/2023\\\/03\\\/lil-cacke.jpeg\",\"articleSection\":[\"M\u00fasica\"],\"inLanguage\":\"en-GB\",\"potentialAction\":[{\"@type\":\"CommentAction\",\"name\":\"Comment\",\"target\":[\"https:\\\/\\\/unaymilletras.com\\\/lil-cake-anuncia-su-gira-por-espana\\\/#respond\"]}]},{\"@type\":\"WebPage\",\"@id\":\"https:\\\/\\\/unaymilletras.com\\\/lil-cake-anuncia-su-gira-por-espana\\\/\",\"url\":\"https:\\\/\\\/unaymilletras.com\\\/lil-cake-anuncia-su-gira-por-espana\\\/\",\"name\":\"Lil Cake anuncia su gira por Espa\u00f1a &#8902; Una y Mil Letras\",\"isPartOf\":{\"@id\":\"http:\\\/\\\/unaymilletras.com\\\/#website\"},\"primaryImageOfPage\":{\"@id\":\"https:\\\/\\\/unaymilletras.com\\\/lil-cake-anuncia-su-gira-por-espana\\\/#primaryimage\"},\"image\":{\"@id\":\"https:\\\/\\\/unaymilletras.com\\\/lil-cake-anuncia-su-gira-por-espana\\\/#primaryimage\"},\"thumbnailUrl\":\"https:\\\/\\\/unaymilletras.com\\\/wp-content\\\/uploads\\\/2023\\\/03\\\/lil-cacke.jpeg\",\"datePublished\":\"2023-03-19T00:20:30+00:00\",\"dateModified\":\"2023-05-06T14:08:15+00:00\",\"breadcrumb\":{\"@id\":\"https:\\\/\\\/unaymilletras.com\\\/lil-cake-anuncia-su-gira-por-espana\\\/#breadcrumb\"},\"inLanguage\":\"en-GB\",\"potentialAction\":[{\"@type\":\"ReadAction\",\"target\":[\"https:\\\/\\\/unaymilletras.com\\\/lil-cake-anuncia-su-gira-por-espana\\\/\"]}]},{\"@type\":\"ImageObject\",\"inLanguage\":\"en-GB\",\"@id\":\"https:\\\/\\\/unaymilletras.com\\\/lil-cake-anuncia-su-gira-por-espana\\\/#primaryimage\",\"url\":\"https:\\\/\\\/unaymilletras.com\\\/wp-content\\\/uploads\\\/2023\\\/03\\\/lil-cacke.jpeg\",\"contentUrl\":\"https:\\\/\\\/unaymilletras.com\\\/wp-content\\\/uploads\\\/2023\\\/03\\\/lil-cacke.jpeg\",\"width\":675,\"height\":1200},{\"@type\":\"BreadcrumbList\",\"@id\":\"https:\\\/\\\/unaymilletras.com\\\/lil-cake-anuncia-su-gira-por-espana\\\/#breadcrumb\",\"itemListElement\":[{\"@type\":\"ListItem\",\"position\":1,\"name\":\"Home\",\"item\":\"http:\\\/\\\/unaymilletras.com\\\/\"},{\"@type\":\"ListItem\",\"position\":2,\"name\":\"Lil Cake anuncia su gira por Espa\u00f1a\"}]},{\"@type\":\"WebSite\",\"@id\":\"http:\\\/\\\/unaymilletras.com\\\/#website\",\"url\":\"http:\\\/\\\/unaymilletras.com\\\/\",\"name\":\"Una y Mil Letras\",\"description\":\"\",\"publisher\":{\"@id\":\"http:\\\/\\\/unaymilletras.com\\\/#organization\"},\"potentialAction\":[{\"@type\":\"SearchAction\",\"target\":{\"@type\":\"EntryPoint\",\"urlTemplate\":\"http:\\\/\\\/unaymilletras.com\\\/?s={search_term_string}\"},\"query-input\":{\"@type\":\"PropertyValueSpecification\",\"valueRequired\":true,\"valueName\":\"search_term_string\"}}],\"inLanguage\":\"en-GB\"},{\"@type\":\"Organization\",\"@id\":\"http:\\\/\\\/unaymilletras.com\\\/#organization\",\"name\":\"Una y Mil Letras\",\"url\":\"http:\\\/\\\/unaymilletras.com\\\/\",\"logo\":{\"@type\":\"ImageObject\",\"inLanguage\":\"en-GB\",\"@id\":\"http:\\\/\\\/unaymilletras.com\\\/#\\\/schema\\\/logo\\\/image\\\/\",\"url\":\"https:\\\/\\\/unaymilletras.com\\\/wp-content\\\/uploads\\\/2024\\\/06\\\/cropped-Logo-removebg-preview.png\",\"contentUrl\":\"https:\\\/\\\/unaymilletras.com\\\/wp-content\\\/uploads\\\/2024\\\/06\\\/cropped-Logo-removebg-preview.png\",\"width\":512,\"height\":512,\"caption\":\"Una y Mil Letras\"},\"image\":{\"@id\":\"http:\\\/\\\/unaymilletras.com\\\/#\\\/schema\\\/logo\\\/image\\\/\"},\"sameAs\":[\"https:\\\/\\\/x.com\\\/UnaYMilLetras\",\"https:\\\/\\\/instagram.com\\\/UnaYMilLetras\"]},{\"@type\":\"Person\",\"@id\":\"http:\\\/\\\/unaymilletras.com\\\/#\\\/schema\\\/person\\\/d55ba681b8a4e463d8982dbe36a5dc94\",\"name\":\"Maria Gil Robledo\",\"image\":{\"@type\":\"ImageObject\",\"inLanguage\":\"en-GB\",\"@id\":\"https:\\\/\\\/secure.gravatar.com\\\/avatar\\\/4b8e5102e0015789407eb4870b12f0f2857952d83ca124058f92b764bd1840c3?s=96&d=mm&r=g\",\"url\":\"https:\\\/\\\/secure.gravatar.com\\\/avatar\\\/4b8e5102e0015789407eb4870b12f0f2857952d83ca124058f92b764bd1840c3?s=96&d=mm&r=g\",\"contentUrl\":\"https:\\\/\\\/secure.gravatar.com\\\/avatar\\\/4b8e5102e0015789407eb4870b12f0f2857952d83ca124058f92b764bd1840c3?s=96&d=mm&r=g\",\"caption\":\"Maria Gil Robledo\"},\"sameAs\":[\"http:\\\/\\\/unaymilletras.com\"],\"url\":\"https:\\\/\\\/unaymilletras.com\\\/en\\\/author\\\/mariiagiil02_\\\/\"}]}<\/script>\n<!-- \/ Yoast SEO plugin. -->","yoast_head_json":{"title":"Lil Cake anuncia su gira por Espa\u00f1a &#8902; Una y Mil Letras","robots":{"index":"index","follow":"follow","max-snippet":"max-snippet:-1","max-image-preview":"max-image-preview:large","max-video-preview":"max-video-preview:-1"},"canonical":"https:\/\/unaymilletras.com\/en\/lil-cake-anuncia-su-gira-por-espana\/","og_locale":"en_GB","og_type":"article","og_title":"Lil Cake anuncia su gira por Espa\u00f1a &#8902; Una y Mil Letras","og_description":"El cantante argentino Lil Cake pasar\u00e1 por m\u00e1s de 15 ciudades espa\u00f1olas con su tour Lil Cake acaba de anunciar su gira por Espa\u00f1a, que cuenta con un total de 18 fechas en distintas ciudades. Se trata de la primera vez que har\u00e1 una gira por nuestro pa\u00eds. Estos son los shows: 24\/3 &#8211; SALOU25\/3 [&hellip;]","og_url":"https:\/\/unaymilletras.com\/en\/lil-cake-anuncia-su-gira-por-espana\/","og_site_name":"Una y Mil Letras","article_published_time":"2023-03-19T00:20:30+00:00","article_modified_time":"2023-05-06T14:08:15+00:00","og_image":[{"width":675,"height":1200,"url":"https:\/\/unaymilletras.com\/wp-content\/uploads\/2023\/03\/lil-cacke.jpeg","type":"image\/jpeg"}],"author":"Maria Gil Robledo","twitter_card":"summary_large_image","twitter_creator":"@UnaYMilLetras","twitter_site":"@UnaYMilLetras","twitter_misc":{"Written by":"Maria Gil Robledo","Estimated reading time":"1 minute"},"schema":{"@context":"https:\/\/schema.org","@graph":[{"@type":"Article","@id":"https:\/\/unaymilletras.com\/lil-cake-anuncia-su-gira-por-espana\/#article","isPartOf":{"@id":"https:\/\/unaymilletras.com\/lil-cake-anuncia-su-gira-por-espana\/"},"author":{"name":"Maria Gil Robledo","@id":"http:\/\/unaymilletras.com\/#\/schema\/person\/d55ba681b8a4e463d8982dbe36a5dc94"},"headline":"Lil Cake anuncia su gira por Espa\u00f1a","datePublished":"2023-03-19T00:20:30+00:00","dateModified":"2023-05-06T14:08:15+00:00","mainEntityOfPage":{"@id":"https:\/\/unaymilletras.com\/lil-cake-anuncia-su-gira-por-espana\/"},"wordCount":223,"commentCount":1,"publisher":{"@id":"http:\/\/unaymilletras.com\/#organization"},"image":{"@id":"https:\/\/unaymilletras.com\/lil-cake-anuncia-su-gira-por-espana\/#primaryimage"},"thumbnailUrl":"https:\/\/unaymilletras.com\/wp-content\/uploads\/2023\/03\/lil-cacke.jpeg","articleSection":["M\u00fasica"],"inLanguage":"en-GB","potentialAction":[{"@type":"CommentAction","name":"Comment","target":["https:\/\/unaymilletras.com\/lil-cake-anuncia-su-gira-por-espana\/#respond"]}]},{"@type":"WebPage","@id":"https:\/\/unaymilletras.com\/lil-cake-anuncia-su-gira-por-espana\/","url":"https:\/\/unaymilletras.com\/lil-cake-anuncia-su-gira-por-espana\/","name":"Lil Cake anuncia su gira por Espa\u00f1a &#8902; Una y Mil Letras","isPartOf":{"@id":"http:\/\/unaymilletras.com\/#website"},"primaryImageOfPage":{"@id":"https:\/\/unaymilletras.com\/lil-cake-anuncia-su-gira-por-espana\/#primaryimage"},"image":{"@id":"https:\/\/unaymilletras.com\/lil-cake-anuncia-su-gira-por-espana\/#primaryimage"},"thumbnailUrl":"https:\/\/unaymilletras.com\/wp-content\/uploads\/2023\/03\/lil-cacke.jpeg","datePublished":"2023-03-19T00:20:30+00:00","dateModified":"2023-05-06T14:08:15+00:00","breadcrumb":{"@id":"https:\/\/unaymilletras.com\/lil-cake-anuncia-su-gira-por-espana\/#breadcrumb"},"inLanguage":"en-GB","potentialAction":[{"@type":"ReadAction","target":["https:\/\/unaymilletras.com\/lil-cake-anuncia-su-gira-por-espana\/"]}]},{"@type":"ImageObject","inLanguage":"en-GB","@id":"https:\/\/unaymilletras.com\/lil-cake-anuncia-su-gira-por-espana\/#primaryimage","url":"https:\/\/unaymilletras.com\/wp-content\/uploads\/2023\/03\/lil-cacke.jpeg","contentUrl":"https:\/\/unaymilletras.com\/wp-content\/uploads\/2023\/03\/lil-cacke.jpeg","width":675,"height":1200},{"@type":"BreadcrumbList","@id":"https:\/\/unaymilletras.com\/lil-cake-anuncia-su-gira-por-espana\/#breadcrumb","itemListElement":[{"@type":"ListItem","position":1,"name":"Home","item":"http:\/\/unaymilletras.com\/"},{"@type":"ListItem","position":2,"name":"Lil Cake anuncia su gira por Espa\u00f1a"}]},{"@type":"WebSite","@id":"http:\/\/unaymilletras.com\/#website","url":"http:\/\/unaymilletras.com\/","name":"Una y Mil Letras","description":"","publisher":{"@id":"http:\/\/unaymilletras.com\/#organization"},"potentialAction":[{"@type":"SearchAction","target":{"@type":"EntryPoint","urlTemplate":"http:\/\/unaymilletras.com\/?s={search_term_string}"},"query-input":{"@type":"PropertyValueSpecification","valueRequired":true,"valueName":"search_term_string"}}],"inLanguage":"en-GB"},{"@type":"Organization","@id":"http:\/\/unaymilletras.com\/#organization","name":"Una y Mil Letras","url":"http:\/\/unaymilletras.com\/","logo":{"@type":"ImageObject","inLanguage":"en-GB","@id":"http:\/\/unaymilletras.com\/#\/schema\/logo\/image\/","url":"https:\/\/unaymilletras.com\/wp-content\/uploads\/2024\/06\/cropped-Logo-removebg-preview.png","contentUrl":"https:\/\/unaymilletras.com\/wp-content\/uploads\/2024\/06\/cropped-Logo-removebg-preview.png","width":512,"height":512,"caption":"Una y Mil Letras"},"image":{"@id":"http:\/\/unaymilletras.com\/#\/schema\/logo\/image\/"},"sameAs":["https:\/\/x.com\/UnaYMilLetras","https:\/\/instagram.com\/UnaYMilLetras"]},{"@type":"Person","@id":"http:\/\/unaymilletras.com\/#\/schema\/person\/d55ba681b8a4e463d8982dbe36a5dc94","name":"Maria Gil Robledo","image":{"@type":"ImageObject","inLanguage":"en-GB","@id":"https:\/\/secure.gravatar.com\/avatar\/4b8e5102e0015789407eb4870b12f0f2857952d83ca124058f92b764bd1840c3?s=96&d=mm&r=g","url":"https:\/\/secure.gravatar.com\/avatar\/4b8e5102e0015789407eb4870b12f0f2857952d83ca124058f92b764bd1840c3?s=96&d=mm&r=g","contentUrl":"https:\/\/secure.gravatar.com\/avatar\/4b8e5102e0015789407eb4870b12f0f2857952d83ca124058f92b764bd1840c3?s=96&d=mm&r=g","caption":"Maria Gil Robledo"},"sameAs":["http:\/\/unaymilletras.com"],"url":"https:\/\/unaymilletras.com\/en\/author\/mariiagiil02_\/"}]}},"_links":{"self":[{"href":"https:\/\/unaymilletras.com\/en\/wp-json\/wp\/v2\/posts\/352","targetHints":{"allow":["GET"]}}],"collection":[{"href":"https:\/\/unaymilletras.com\/en\/wp-json\/wp\/v2\/posts"}],"about":[{"href":"https:\/\/unaymilletras.com\/en\/wp-json\/wp\/v2\/types\/post"}],"author":[{"embeddable":true,"href":"https:\/\/unaymilletras.com\/en\/wp-json\/wp\/v2\/users\/1"}],"replies":[{"embeddable":true,"href":"https:\/\/unaymilletras.com\/en\/wp-json\/wp\/v2\/comments?post=352"}],"version-history":[{"count":1,"href":"https:\/\/unaymilletras.com\/en\/wp-json\/wp\/v2\/posts\/352\/revisions"}],"predecessor-version":[{"id":550,"href":"https:\/\/unaymilletras.com\/en\/wp-json\/wp\/v2\/posts\/352\/revisions\/550"}],"wp:featuredmedia":[{"embeddable":true,"href":"https:\/\/unaymilletras.com\/en\/wp-json\/wp\/v2\/media\/355"}],"wp:attachment":[{"href":"https:\/\/unaymilletras.com\/en\/wp-json\/wp\/v2\/media?parent=352"}],"wp:term":[{"taxonomy":"category","embeddable":true,"href":"https:\/\/unaymilletras.com\/en\/wp-json\/wp\/v2\/categories?post=352"},{"taxonomy":"post_tag","embeddable":true,"href":"https:\/\/unaymilletras.com\/en\/wp-json\/wp\/v2\/tags?post=352"}],"curies":[{"name":"wp","href":"https:\/\/api.w.org\/{rel}","templated":true}]}}