{"id":3526,"date":"2024-12-23T11:56:18","date_gmt":"2024-12-23T10:56:18","guid":{"rendered":"https:\/\/unaymilletras.com\/?p=3526"},"modified":"2024-12-23T12:04:24","modified_gmt":"2024-12-23T11:04:24","slug":"maria-becerra-empieza-la-cuenta-atras-para-volver-a-espana","status":"publish","type":"post","link":"https:\/\/unaymilletras.com\/en\/maria-becerra-empieza-la-cuenta-atras-para-volver-a-espana\/","title":{"rendered":"Mar\u00eda Becerra empieza la cuenta atr\u00e1s para volver a Espa\u00f1a"},"content":{"rendered":"<div data-elementor-type=\"wp-post\" data-elementor-id=\"3526\" class=\"elementor elementor-3526\">\n\t\t\t\t\t\t<section class=\"elementor-section elementor-top-section elementor-element elementor-element-98275da elementor-section-boxed elementor-section-height-default elementor-section-height-default\" data-id=\"98275da\" data-element_type=\"section\" data-e-type=\"section\">\n\t\t\t\t\t\t<div class=\"elementor-container elementor-column-gap-default\">\n\t\t\t\t\t<div class=\"elementor-column elementor-col-100 elementor-top-column elementor-element elementor-element-33dd27a\" data-id=\"33dd27a\" data-element_type=\"column\" data-e-type=\"column\">\n\t\t\t<div class=\"elementor-widget-wrap elementor-element-populated\">\n\t\t\t\t\t\t<div class=\"elementor-element elementor-element-e60dca8 elementor-widget elementor-widget-text-editor\" data-id=\"e60dca8\" data-element_type=\"widget\" data-e-type=\"widget\" data-widget_type=\"text-editor.default\">\n\t\t\t\t<div class=\"elementor-widget-container\">\n\t\t\t\t\t\t\t\t\t<h2 style=\"text-align: center;\"><span style=\"color: #808080;\"><em>Mar\u00eda Becerra llevar\u00e1 su energ\u00eda al WiZink Center de Madrid, el Cartuja Center de Sevilla y el Palau Sant Jordi de Barcelona<\/em><\/span><\/h2>\t\t\t\t\t\t\t\t<\/div>\n\t\t\t\t<\/div>\n\t\t\t\t\t<\/div>\n\t\t<\/div>\n\t\t\t\t\t<\/div>\n\t\t<\/section>\n\t\t\t\t<section class=\"elementor-section elementor-top-section elementor-element elementor-element-f2a642b elementor-section-boxed elementor-section-height-default elementor-section-height-default\" data-id=\"f2a642b\" data-element_type=\"section\" data-e-type=\"section\">\n\t\t\t\t\t\t<div class=\"elementor-container elementor-column-gap-default\">\n\t\t\t\t\t<div class=\"elementor-column elementor-col-100 elementor-top-column elementor-element elementor-element-0e62926\" data-id=\"0e62926\" data-element_type=\"column\" data-e-type=\"column\">\n\t\t\t<div class=\"elementor-widget-wrap elementor-element-populated\">\n\t\t\t\t\t\t<div class=\"elementor-element elementor-element-ae76ed1 elementor-widget elementor-widget-text-editor\" data-id=\"ae76ed1\" data-element_type=\"widget\" data-e-type=\"widget\" data-widget_type=\"text-editor.default\">\n\t\t\t\t<div class=\"elementor-widget-container\">\n\t\t\t\t\t\t\t\t\t<p><b>Mar\u00eda Becerra<\/b>, una de las figuras m\u00e1s destacadas del pop urbano latino, ha anunciado tres fechas imperdibles en Espa\u00f1a como parte del cierre de su gira mundial. La cantante actuar\u00e1 el 4 de enero en el WiZink Center de Madrid, el 9 de enero en el Cartuja Center de Sevilla, y el 11 de enero en el Palau Sant Jordi de Barcelona. Las entradas estar\u00e1n disponibles a partir del viernes 11 de octubre a las 12:00 horas en LiveNation.es, Ticketmaster y El Corte Ingl\u00e9s.<\/p>\t\t\t\t\t\t\t\t<\/div>\n\t\t\t\t<\/div>\n\t\t\t\t\t<\/div>\n\t\t<\/div>\n\t\t\t\t\t<\/div>\n\t\t<\/section>\n\t\t\t\t<section class=\"elementor-section elementor-top-section elementor-element elementor-element-1ae46f3 elementor-section-boxed elementor-section-height-default elementor-section-height-default\" data-id=\"1ae46f3\" data-element_type=\"section\" data-e-type=\"section\">\n\t\t\t\t\t\t<div class=\"elementor-container elementor-column-gap-default\">\n\t\t\t\t\t<div class=\"elementor-column elementor-col-100 elementor-top-column elementor-element elementor-element-10d6214\" data-id=\"10d6214\" data-element_type=\"column\" data-e-type=\"column\">\n\t\t\t<div class=\"elementor-widget-wrap elementor-element-populated\">\n\t\t\t\t\t\t<div class=\"elementor-element elementor-element-952f8ec elementor-widget elementor-widget-image\" data-id=\"952f8ec\" data-element_type=\"widget\" data-e-type=\"widget\" data-widget_type=\"image.default\">\n\t\t\t\t<div class=\"elementor-widget-container\">\n\t\t\t\t\t\t\t\t\t\t\t\t\t\t\t<img fetchpriority=\"high\" decoding=\"async\" width=\"600\" height=\"718\" src=\"https:\/\/unaymilletras.com\/wp-content\/uploads\/2024\/12\/Maria_Becerra-Tour_Espana_enero-e1734951272488.jpg\" class=\"attachment-large size-large wp-image-3528\" alt=\"Mar\u00eda Becerra\" \/>\t\t\t\t\t\t\t\t\t\t\t\t\t\t\t<\/div>\n\t\t\t\t<\/div>\n\t\t\t\t\t<\/div>\n\t\t<\/div>\n\t\t\t\t\t<\/div>\n\t\t<\/section>\n\t\t\t\t<section class=\"elementor-section elementor-top-section elementor-element elementor-element-ad60ea8 elementor-section-boxed elementor-section-height-default elementor-section-height-default\" data-id=\"ad60ea8\" data-element_type=\"section\" data-e-type=\"section\">\n\t\t\t\t\t\t<div class=\"elementor-container elementor-column-gap-default\">\n\t\t\t\t\t<div class=\"elementor-column elementor-col-100 elementor-top-column elementor-element elementor-element-0e1318f\" data-id=\"0e1318f\" data-element_type=\"column\" data-e-type=\"column\">\n\t\t\t<div class=\"elementor-widget-wrap elementor-element-populated\">\n\t\t\t\t\t\t<div class=\"elementor-element elementor-element-b5946e0 elementor-widget elementor-widget-text-editor\" data-id=\"b5946e0\" data-element_type=\"widget\" data-e-type=\"widget\" data-widget_type=\"text-editor.default\">\n\t\t\t\t<div class=\"elementor-widget-container\">\n\t\t\t\t\t\t\t\t\t<p>La gira mundial de Mar\u00eda Becerra, que comenz\u00f3 el 22 de marzo con dos hist\u00f3ricos sold out en el Estadio River Plate de Buenos Aires frente a 130.000 personas, la ha llevado por todo el mundo. Durante 2024, ofreci\u00f3 18 conciertos en Espa\u00f1a y recorri\u00f3 pa\u00edses como Estados Unidos, M\u00e9xico, Italia, Portugal, Per\u00fa y Bolivia. Pr\u00f3ximamente, se presentar\u00e1 en El Salvador, Guatemala, Uruguay y Chile, adem\u00e1s de varias ciudades de su Argentina natal, incluyendo Rosario, C\u00f3rdoba, Mendoza y Tucum\u00e1n.<\/p><p>Conocida por su capacidad para conectar con su p\u00fablico a trav\u00e9s de su m\u00fasica y energ\u00eda en el escenario, Mar\u00eda promete convertir cada concierto en una fiesta inolvidable. Estas fechas en Espa\u00f1a son una oportunidad \u00fanica para disfrutar de su carisma y repertorio en directo, arrancando el 2025 con una dosis de talento y emoci\u00f3n.<\/p><p>No te pierdas esta cita con la <span style=\"color: #808080;\"><a style=\"color: #808080;\" href=\"https:\/\/open.spotify.com\/intl-es\/artist\/1DxLCyH42yaHKGK3cl5bvG?si=W-AreVD_TgGCD_8jzv-ifQ\">Nena de Argentina<\/a><\/span>, en lo que promete ser uno de los eventos musicales del a\u00f1o.<\/p>\t\t\t\t\t\t\t\t<\/div>\n\t\t\t\t<\/div>\n\t\t\t\t\t<\/div>\n\t\t<\/div>\n\t\t\t\t\t<\/div>\n\t\t<\/section>\n\t\t\t\t<\/div>","protected":false},"excerpt":{"rendered":"<p>Mar\u00eda Becerra llevar\u00e1 su energ\u00eda al WiZink Center de Madrid, el Cartuja Center de Sevilla y el Palau Sant Jordi de Barcelona Mar\u00eda Becerra, una de las figuras m\u00e1s destacadas del pop urbano latino, ha anunciado tres fechas imperdibles en Espa\u00f1a como parte del cierre de su gira mundial. La cantante actuar\u00e1 el 4 de [&hellip;]<\/p>\n","protected":false},"author":6,"featured_media":3528,"comment_status":"closed","ping_status":"closed","sticky":false,"template":"","format":"standard","meta":{"footnotes":""},"categories":[4],"tags":[],"class_list":["post-3526","post","type-post","status-publish","format-standard","has-post-thumbnail","hentry","category-musica"],"yoast_head":"<!-- This site is optimized with the Yoast SEO plugin v27.4 - https:\/\/yoast.com\/product\/yoast-seo-wordpress\/ -->\n<title>Mar\u00eda Becerra empieza la cuenta atr\u00e1s para volver a Espa\u00f1a<\/title>\n<meta name=\"description\" content=\"Mar\u00eda Becerra llevar\u00e1 su energ\u00eda al WiZink Center de Madrid, el Cartuja Center de Sevilla y el Palau Sant Jordi de Barcelona\" \/>\n<meta name=\"robots\" content=\"index, follow, max-snippet:-1, max-image-preview:large, max-video-preview:-1\" \/>\n<link rel=\"canonical\" href=\"https:\/\/unaymilletras.com\/en\/maria-becerra-empieza-la-cuenta-atras-para-volver-a-espana\/\" \/>\n<meta property=\"og:locale\" content=\"en_GB\" \/>\n<meta property=\"og:type\" content=\"article\" \/>\n<meta property=\"og:title\" content=\"Mar\u00eda Becerra empieza la cuenta atr\u00e1s para volver a Espa\u00f1a\" \/>\n<meta property=\"og:description\" content=\"Mar\u00eda Becerra llevar\u00e1 su energ\u00eda al WiZink Center de Madrid, el Cartuja Center de Sevilla y el Palau Sant Jordi de Barcelona\" \/>\n<meta property=\"og:url\" content=\"https:\/\/unaymilletras.com\/en\/maria-becerra-empieza-la-cuenta-atras-para-volver-a-espana\/\" \/>\n<meta property=\"og:site_name\" content=\"Una y Mil Letras\" \/>\n<meta property=\"article:published_time\" content=\"2024-12-23T10:56:18+00:00\" \/>\n<meta property=\"article:modified_time\" content=\"2024-12-23T11:04:24+00:00\" \/>\n<meta property=\"og:image\" content=\"http:\/\/unaymilletras.com\/wp-content\/uploads\/2024\/12\/Maria_Becerra-Tour_Espana_enero-e1734951272488.jpg\" \/>\n\t<meta property=\"og:image:width\" content=\"600\" \/>\n\t<meta property=\"og:image:height\" content=\"718\" \/>\n\t<meta property=\"og:image:type\" content=\"image\/jpeg\" \/>\n<meta name=\"author\" content=\"Redacci\u00f3n\" \/>\n<meta name=\"twitter:card\" content=\"summary_large_image\" \/>\n<meta name=\"twitter:creator\" content=\"@UnaYMilLetras\" \/>\n<meta name=\"twitter:site\" content=\"@UnaYMilLetras\" \/>\n<meta name=\"twitter:label1\" content=\"Written by\" \/>\n\t<meta name=\"twitter:data1\" content=\"Redacci\u00f3n\" \/>\n\t<meta name=\"twitter:label2\" content=\"Estimated reading time\" \/>\n\t<meta name=\"twitter:data2\" content=\"2 minutes\" \/>\n<script type=\"application\/ld+json\" class=\"yoast-schema-graph\">{\"@context\":\"https:\\\/\\\/schema.org\",\"@graph\":[{\"@type\":\"Article\",\"@id\":\"https:\\\/\\\/unaymilletras.com\\\/maria-becerra-empieza-la-cuenta-atras-para-volver-a-espana\\\/#article\",\"isPartOf\":{\"@id\":\"https:\\\/\\\/unaymilletras.com\\\/maria-becerra-empieza-la-cuenta-atras-para-volver-a-espana\\\/\"},\"author\":{\"name\":\"Redacci\u00f3n\",\"@id\":\"http:\\\/\\\/unaymilletras.com\\\/#\\\/schema\\\/person\\\/0860dc8a218329991ee2c7591f4f849d\"},\"headline\":\"Mar\u00eda Becerra empieza la cuenta atr\u00e1s para volver a Espa\u00f1a\",\"datePublished\":\"2024-12-23T10:56:18+00:00\",\"dateModified\":\"2024-12-23T11:04:24+00:00\",\"mainEntityOfPage\":{\"@id\":\"https:\\\/\\\/unaymilletras.com\\\/maria-becerra-empieza-la-cuenta-atras-para-volver-a-espana\\\/\"},\"wordCount\":290,\"publisher\":{\"@id\":\"http:\\\/\\\/unaymilletras.com\\\/#organization\"},\"image\":{\"@id\":\"https:\\\/\\\/unaymilletras.com\\\/maria-becerra-empieza-la-cuenta-atras-para-volver-a-espana\\\/#primaryimage\"},\"thumbnailUrl\":\"https:\\\/\\\/unaymilletras.com\\\/wp-content\\\/uploads\\\/2024\\\/12\\\/Maria_Becerra-Tour_Espana_enero-e1734951272488.jpg\",\"articleSection\":[\"M\u00fasica\"],\"inLanguage\":\"en-GB\"},{\"@type\":\"WebPage\",\"@id\":\"https:\\\/\\\/unaymilletras.com\\\/maria-becerra-empieza-la-cuenta-atras-para-volver-a-espana\\\/\",\"url\":\"https:\\\/\\\/unaymilletras.com\\\/maria-becerra-empieza-la-cuenta-atras-para-volver-a-espana\\\/\",\"name\":\"Mar\u00eda Becerra empieza la cuenta atr\u00e1s para volver a Espa\u00f1a\",\"isPartOf\":{\"@id\":\"http:\\\/\\\/unaymilletras.com\\\/#website\"},\"primaryImageOfPage\":{\"@id\":\"https:\\\/\\\/unaymilletras.com\\\/maria-becerra-empieza-la-cuenta-atras-para-volver-a-espana\\\/#primaryimage\"},\"image\":{\"@id\":\"https:\\\/\\\/unaymilletras.com\\\/maria-becerra-empieza-la-cuenta-atras-para-volver-a-espana\\\/#primaryimage\"},\"thumbnailUrl\":\"https:\\\/\\\/unaymilletras.com\\\/wp-content\\\/uploads\\\/2024\\\/12\\\/Maria_Becerra-Tour_Espana_enero-e1734951272488.jpg\",\"datePublished\":\"2024-12-23T10:56:18+00:00\",\"dateModified\":\"2024-12-23T11:04:24+00:00\",\"description\":\"Mar\u00eda Becerra llevar\u00e1 su energ\u00eda al WiZink Center de Madrid, el Cartuja Center de Sevilla y el Palau Sant Jordi de Barcelona\",\"breadcrumb\":{\"@id\":\"https:\\\/\\\/unaymilletras.com\\\/maria-becerra-empieza-la-cuenta-atras-para-volver-a-espana\\\/#breadcrumb\"},\"inLanguage\":\"en-GB\",\"potentialAction\":[{\"@type\":\"ReadAction\",\"target\":[\"https:\\\/\\\/unaymilletras.com\\\/maria-becerra-empieza-la-cuenta-atras-para-volver-a-espana\\\/\"]}]},{\"@type\":\"ImageObject\",\"inLanguage\":\"en-GB\",\"@id\":\"https:\\\/\\\/unaymilletras.com\\\/maria-becerra-empieza-la-cuenta-atras-para-volver-a-espana\\\/#primaryimage\",\"url\":\"https:\\\/\\\/unaymilletras.com\\\/wp-content\\\/uploads\\\/2024\\\/12\\\/Maria_Becerra-Tour_Espana_enero-e1734951272488.jpg\",\"contentUrl\":\"https:\\\/\\\/unaymilletras.com\\\/wp-content\\\/uploads\\\/2024\\\/12\\\/Maria_Becerra-Tour_Espana_enero-e1734951272488.jpg\",\"width\":600,\"height\":718,\"caption\":\"Mar\u00eda Becerra\"},{\"@type\":\"BreadcrumbList\",\"@id\":\"https:\\\/\\\/unaymilletras.com\\\/maria-becerra-empieza-la-cuenta-atras-para-volver-a-espana\\\/#breadcrumb\",\"itemListElement\":[{\"@type\":\"ListItem\",\"position\":1,\"name\":\"Home\",\"item\":\"http:\\\/\\\/unaymilletras.com\\\/\"},{\"@type\":\"ListItem\",\"position\":2,\"name\":\"Mar\u00eda Becerra empieza la cuenta atr\u00e1s para volver a Espa\u00f1a\"}]},{\"@type\":\"WebSite\",\"@id\":\"http:\\\/\\\/unaymilletras.com\\\/#website\",\"url\":\"http:\\\/\\\/unaymilletras.com\\\/\",\"name\":\"Una y Mil Letras\",\"description\":\"\",\"publisher\":{\"@id\":\"http:\\\/\\\/unaymilletras.com\\\/#organization\"},\"potentialAction\":[{\"@type\":\"SearchAction\",\"target\":{\"@type\":\"EntryPoint\",\"urlTemplate\":\"http:\\\/\\\/unaymilletras.com\\\/?s={search_term_string}\"},\"query-input\":{\"@type\":\"PropertyValueSpecification\",\"valueRequired\":true,\"valueName\":\"search_term_string\"}}],\"inLanguage\":\"en-GB\"},{\"@type\":\"Organization\",\"@id\":\"http:\\\/\\\/unaymilletras.com\\\/#organization\",\"name\":\"Una y Mil Letras\",\"url\":\"http:\\\/\\\/unaymilletras.com\\\/\",\"logo\":{\"@type\":\"ImageObject\",\"inLanguage\":\"en-GB\",\"@id\":\"http:\\\/\\\/unaymilletras.com\\\/#\\\/schema\\\/logo\\\/image\\\/\",\"url\":\"https:\\\/\\\/unaymilletras.com\\\/wp-content\\\/uploads\\\/2024\\\/06\\\/cropped-Logo-removebg-preview.png\",\"contentUrl\":\"https:\\\/\\\/unaymilletras.com\\\/wp-content\\\/uploads\\\/2024\\\/06\\\/cropped-Logo-removebg-preview.png\",\"width\":512,\"height\":512,\"caption\":\"Una y Mil Letras\"},\"image\":{\"@id\":\"http:\\\/\\\/unaymilletras.com\\\/#\\\/schema\\\/logo\\\/image\\\/\"},\"sameAs\":[\"https:\\\/\\\/x.com\\\/UnaYMilLetras\",\"https:\\\/\\\/instagram.com\\\/UnaYMilLetras\"]},{\"@type\":\"Person\",\"@id\":\"http:\\\/\\\/unaymilletras.com\\\/#\\\/schema\\\/person\\\/0860dc8a218329991ee2c7591f4f849d\",\"name\":\"Redacci\u00f3n\",\"image\":{\"@type\":\"ImageObject\",\"inLanguage\":\"en-GB\",\"@id\":\"https:\\\/\\\/secure.gravatar.com\\\/avatar\\\/d8f55e05a8b6597e45c55a1dcbdbfe44f4a360d88b48e00de5216a79b7732796?s=96&d=mm&r=g\",\"url\":\"https:\\\/\\\/secure.gravatar.com\\\/avatar\\\/d8f55e05a8b6597e45c55a1dcbdbfe44f4a360d88b48e00de5216a79b7732796?s=96&d=mm&r=g\",\"contentUrl\":\"https:\\\/\\\/secure.gravatar.com\\\/avatar\\\/d8f55e05a8b6597e45c55a1dcbdbfe44f4a360d88b48e00de5216a79b7732796?s=96&d=mm&r=g\",\"caption\":\"Redacci\u00f3n\"},\"url\":\"https:\\\/\\\/unaymilletras.com\\\/en\\\/author\\\/redaccion\\\/\"}]}<\/script>\n<!-- \/ Yoast SEO plugin. -->","yoast_head_json":{"title":"Mar\u00eda Becerra empieza la cuenta atr\u00e1s para volver a Espa\u00f1a","description":"Mar\u00eda Becerra llevar\u00e1 su energ\u00eda al WiZink Center de Madrid, el Cartuja Center de Sevilla y el Palau Sant Jordi de Barcelona","robots":{"index":"index","follow":"follow","max-snippet":"max-snippet:-1","max-image-preview":"max-image-preview:large","max-video-preview":"max-video-preview:-1"},"canonical":"https:\/\/unaymilletras.com\/en\/maria-becerra-empieza-la-cuenta-atras-para-volver-a-espana\/","og_locale":"en_GB","og_type":"article","og_title":"Mar\u00eda Becerra empieza la cuenta atr\u00e1s para volver a Espa\u00f1a","og_description":"Mar\u00eda Becerra llevar\u00e1 su energ\u00eda al WiZink Center de Madrid, el Cartuja Center de Sevilla y el Palau Sant Jordi de Barcelona","og_url":"https:\/\/unaymilletras.com\/en\/maria-becerra-empieza-la-cuenta-atras-para-volver-a-espana\/","og_site_name":"Una y Mil Letras","article_published_time":"2024-12-23T10:56:18+00:00","article_modified_time":"2024-12-23T11:04:24+00:00","og_image":[{"width":600,"height":718,"url":"http:\/\/unaymilletras.com\/wp-content\/uploads\/2024\/12\/Maria_Becerra-Tour_Espana_enero-e1734951272488.jpg","type":"image\/jpeg"}],"author":"Redacci\u00f3n","twitter_card":"summary_large_image","twitter_creator":"@UnaYMilLetras","twitter_site":"@UnaYMilLetras","twitter_misc":{"Written by":"Redacci\u00f3n","Estimated reading time":"2 minutes"},"schema":{"@context":"https:\/\/schema.org","@graph":[{"@type":"Article","@id":"https:\/\/unaymilletras.com\/maria-becerra-empieza-la-cuenta-atras-para-volver-a-espana\/#article","isPartOf":{"@id":"https:\/\/unaymilletras.com\/maria-becerra-empieza-la-cuenta-atras-para-volver-a-espana\/"},"author":{"name":"Redacci\u00f3n","@id":"http:\/\/unaymilletras.com\/#\/schema\/person\/0860dc8a218329991ee2c7591f4f849d"},"headline":"Mar\u00eda Becerra empieza la cuenta atr\u00e1s para volver a Espa\u00f1a","datePublished":"2024-12-23T10:56:18+00:00","dateModified":"2024-12-23T11:04:24+00:00","mainEntityOfPage":{"@id":"https:\/\/unaymilletras.com\/maria-becerra-empieza-la-cuenta-atras-para-volver-a-espana\/"},"wordCount":290,"publisher":{"@id":"http:\/\/unaymilletras.com\/#organization"},"image":{"@id":"https:\/\/unaymilletras.com\/maria-becerra-empieza-la-cuenta-atras-para-volver-a-espana\/#primaryimage"},"thumbnailUrl":"https:\/\/unaymilletras.com\/wp-content\/uploads\/2024\/12\/Maria_Becerra-Tour_Espana_enero-e1734951272488.jpg","articleSection":["M\u00fasica"],"inLanguage":"en-GB"},{"@type":"WebPage","@id":"https:\/\/unaymilletras.com\/maria-becerra-empieza-la-cuenta-atras-para-volver-a-espana\/","url":"https:\/\/unaymilletras.com\/maria-becerra-empieza-la-cuenta-atras-para-volver-a-espana\/","name":"Mar\u00eda Becerra empieza la cuenta atr\u00e1s para volver a Espa\u00f1a","isPartOf":{"@id":"http:\/\/unaymilletras.com\/#website"},"primaryImageOfPage":{"@id":"https:\/\/unaymilletras.com\/maria-becerra-empieza-la-cuenta-atras-para-volver-a-espana\/#primaryimage"},"image":{"@id":"https:\/\/unaymilletras.com\/maria-becerra-empieza-la-cuenta-atras-para-volver-a-espana\/#primaryimage"},"thumbnailUrl":"https:\/\/unaymilletras.com\/wp-content\/uploads\/2024\/12\/Maria_Becerra-Tour_Espana_enero-e1734951272488.jpg","datePublished":"2024-12-23T10:56:18+00:00","dateModified":"2024-12-23T11:04:24+00:00","description":"Mar\u00eda Becerra llevar\u00e1 su energ\u00eda al WiZink Center de Madrid, el Cartuja Center de Sevilla y el Palau Sant Jordi de Barcelona","breadcrumb":{"@id":"https:\/\/unaymilletras.com\/maria-becerra-empieza-la-cuenta-atras-para-volver-a-espana\/#breadcrumb"},"inLanguage":"en-GB","potentialAction":[{"@type":"ReadAction","target":["https:\/\/unaymilletras.com\/maria-becerra-empieza-la-cuenta-atras-para-volver-a-espana\/"]}]},{"@type":"ImageObject","inLanguage":"en-GB","@id":"https:\/\/unaymilletras.com\/maria-becerra-empieza-la-cuenta-atras-para-volver-a-espana\/#primaryimage","url":"https:\/\/unaymilletras.com\/wp-content\/uploads\/2024\/12\/Maria_Becerra-Tour_Espana_enero-e1734951272488.jpg","contentUrl":"https:\/\/unaymilletras.com\/wp-content\/uploads\/2024\/12\/Maria_Becerra-Tour_Espana_enero-e1734951272488.jpg","width":600,"height":718,"caption":"Mar\u00eda Becerra"},{"@type":"BreadcrumbList","@id":"https:\/\/unaymilletras.com\/maria-becerra-empieza-la-cuenta-atras-para-volver-a-espana\/#breadcrumb","itemListElement":[{"@type":"ListItem","position":1,"name":"Home","item":"http:\/\/unaymilletras.com\/"},{"@type":"ListItem","position":2,"name":"Mar\u00eda Becerra empieza la cuenta atr\u00e1s para volver a Espa\u00f1a"}]},{"@type":"WebSite","@id":"http:\/\/unaymilletras.com\/#website","url":"http:\/\/unaymilletras.com\/","name":"Una y Mil Letras","description":"","publisher":{"@id":"http:\/\/unaymilletras.com\/#organization"},"potentialAction":[{"@type":"SearchAction","target":{"@type":"EntryPoint","urlTemplate":"http:\/\/unaymilletras.com\/?s={search_term_string}"},"query-input":{"@type":"PropertyValueSpecification","valueRequired":true,"valueName":"search_term_string"}}],"inLanguage":"en-GB"},{"@type":"Organization","@id":"http:\/\/unaymilletras.com\/#organization","name":"Una y Mil Letras","url":"http:\/\/unaymilletras.com\/","logo":{"@type":"ImageObject","inLanguage":"en-GB","@id":"http:\/\/unaymilletras.com\/#\/schema\/logo\/image\/","url":"https:\/\/unaymilletras.com\/wp-content\/uploads\/2024\/06\/cropped-Logo-removebg-preview.png","contentUrl":"https:\/\/unaymilletras.com\/wp-content\/uploads\/2024\/06\/cropped-Logo-removebg-preview.png","width":512,"height":512,"caption":"Una y Mil Letras"},"image":{"@id":"http:\/\/unaymilletras.com\/#\/schema\/logo\/image\/"},"sameAs":["https:\/\/x.com\/UnaYMilLetras","https:\/\/instagram.com\/UnaYMilLetras"]},{"@type":"Person","@id":"http:\/\/unaymilletras.com\/#\/schema\/person\/0860dc8a218329991ee2c7591f4f849d","name":"Redacci\u00f3n","image":{"@type":"ImageObject","inLanguage":"en-GB","@id":"https:\/\/secure.gravatar.com\/avatar\/d8f55e05a8b6597e45c55a1dcbdbfe44f4a360d88b48e00de5216a79b7732796?s=96&d=mm&r=g","url":"https:\/\/secure.gravatar.com\/avatar\/d8f55e05a8b6597e45c55a1dcbdbfe44f4a360d88b48e00de5216a79b7732796?s=96&d=mm&r=g","contentUrl":"https:\/\/secure.gravatar.com\/avatar\/d8f55e05a8b6597e45c55a1dcbdbfe44f4a360d88b48e00de5216a79b7732796?s=96&d=mm&r=g","caption":"Redacci\u00f3n"},"url":"https:\/\/unaymilletras.com\/en\/author\/redaccion\/"}]}},"_links":{"self":[{"href":"https:\/\/unaymilletras.com\/en\/wp-json\/wp\/v2\/posts\/3526","targetHints":{"allow":["GET"]}}],"collection":[{"href":"https:\/\/unaymilletras.com\/en\/wp-json\/wp\/v2\/posts"}],"about":[{"href":"https:\/\/unaymilletras.com\/en\/wp-json\/wp\/v2\/types\/post"}],"author":[{"embeddable":true,"href":"https:\/\/unaymilletras.com\/en\/wp-json\/wp\/v2\/users\/6"}],"replies":[{"embeddable":true,"href":"https:\/\/unaymilletras.com\/en\/wp-json\/wp\/v2\/comments?post=3526"}],"version-history":[{"count":7,"href":"https:\/\/unaymilletras.com\/en\/wp-json\/wp\/v2\/posts\/3526\/revisions"}],"predecessor-version":[{"id":3534,"href":"https:\/\/unaymilletras.com\/en\/wp-json\/wp\/v2\/posts\/3526\/revisions\/3534"}],"wp:featuredmedia":[{"embeddable":true,"href":"https:\/\/unaymilletras.com\/en\/wp-json\/wp\/v2\/media\/3528"}],"wp:attachment":[{"href":"https:\/\/unaymilletras.com\/en\/wp-json\/wp\/v2\/media?parent=3526"}],"wp:term":[{"taxonomy":"category","embeddable":true,"href":"https:\/\/unaymilletras.com\/en\/wp-json\/wp\/v2\/categories?post=3526"},{"taxonomy":"post_tag","embeddable":true,"href":"https:\/\/unaymilletras.com\/en\/wp-json\/wp\/v2\/tags?post=3526"}],"curies":[{"name":"wp","href":"https:\/\/api.w.org\/{rel}","templated":true}]}}