{"id":3535,"date":"2024-12-24T16:27:17","date_gmt":"2024-12-24T15:27:17","guid":{"rendered":"https:\/\/unaymilletras.com\/?p=3535"},"modified":"2025-08-09T12:00:02","modified_gmt":"2025-08-09T10:00:02","slug":"rels-b-anuncia-el-concierto-mas-importante-de-su-carrera","status":"publish","type":"post","link":"https:\/\/unaymilletras.com\/en\/rels-b-anuncia-el-concierto-mas-importante-de-su-carrera\/","title":{"rendered":"Rels B anuncia el concierto m\u00e1s importante de su carrera"},"content":{"rendered":"<div data-elementor-type=\"wp-post\" data-elementor-id=\"3535\" class=\"elementor elementor-3535\">\n\t\t\t\t\t\t<section class=\"elementor-section elementor-top-section elementor-element elementor-element-987a1dc elementor-section-boxed elementor-section-height-default elementor-section-height-default\" data-id=\"987a1dc\" data-element_type=\"section\" data-e-type=\"section\">\n\t\t\t\t\t\t<div class=\"elementor-container elementor-column-gap-default\">\n\t\t\t\t\t<div class=\"elementor-column elementor-col-100 elementor-top-column elementor-element elementor-element-6e27cf2\" data-id=\"6e27cf2\" data-element_type=\"column\" data-e-type=\"column\">\n\t\t\t<div class=\"elementor-widget-wrap elementor-element-populated\">\n\t\t\t\t\t\t<div class=\"elementor-element elementor-element-44af400 elementor-widget elementor-widget-text-editor\" data-id=\"44af400\" data-element_type=\"widget\" data-e-type=\"widget\" data-widget_type=\"text-editor.default\">\n\t\t\t\t<div class=\"elementor-widget-container\">\n\t\t\t\t\t\t\t\t\t<h2 style=\"text-align: center;\"><span style=\"color: #808080;\"><em>El Estadi Mallorca Son Moix recibir\u00e1 el 28 de junio de 2025 a Rels B, una nueva fecha en su ciudad natal<\/em><\/span><\/h2>\t\t\t\t\t\t\t\t<\/div>\n\t\t\t\t<\/div>\n\t\t\t\t\t<\/div>\n\t\t<\/div>\n\t\t\t\t\t<\/div>\n\t\t<\/section>\n\t\t\t\t<section class=\"elementor-section elementor-top-section elementor-element elementor-element-8e1a49d elementor-section-boxed elementor-section-height-default elementor-section-height-default\" data-id=\"8e1a49d\" data-element_type=\"section\" data-e-type=\"section\">\n\t\t\t\t\t\t<div class=\"elementor-container elementor-column-gap-default\">\n\t\t\t\t\t<div class=\"elementor-column elementor-col-100 elementor-top-column elementor-element elementor-element-80e1b29\" data-id=\"80e1b29\" data-element_type=\"column\" data-e-type=\"column\">\n\t\t\t<div class=\"elementor-widget-wrap elementor-element-populated\">\n\t\t\t\t\t\t<div class=\"elementor-element elementor-element-c033066 elementor-widget elementor-widget-text-editor\" data-id=\"c033066\" data-element_type=\"widget\" data-e-type=\"widget\" data-widget_type=\"text-editor.default\">\n\t\t\t\t<div class=\"elementor-widget-container\">\n\t\t\t\t\t\t\t\t\t<p>El cantante malorqu\u00edn ha sorprendido hoy con el anuncio de una nueva fecha en el <em>A New Star World Tour 2025 <\/em>en su ciudad natal. El pr\u00f3ximo <strong>28 de junio<\/strong>, <strong>Rels B<\/strong> actuar\u00e1 en el <strong>Estadi Mallorca Son Moix. <\/strong>Las entradas ya est\u00e1n a la venta en la web de <span style=\"color: #808080;\"><a style=\"color: #808080;\" href=\"https:\/\/www.livenation.es\/artist-rels-b-1425802\">Live Nation<\/a><\/span> y Ticketmaster y los precios van desde los 51\u20ac hasta 135\u20ac.<\/p>\t\t\t\t\t\t\t\t<\/div>\n\t\t\t\t<\/div>\n\t\t\t\t\t<\/div>\n\t\t<\/div>\n\t\t\t\t\t<\/div>\n\t\t<\/section>\n\t\t\t\t<section class=\"elementor-section elementor-top-section elementor-element elementor-element-1413934 elementor-section-boxed elementor-section-height-default elementor-section-height-default\" data-id=\"1413934\" data-element_type=\"section\" data-e-type=\"section\">\n\t\t\t\t\t\t<div class=\"elementor-container elementor-column-gap-default\">\n\t\t\t\t\t<div class=\"elementor-column elementor-col-50 elementor-top-column elementor-element elementor-element-203b03e\" data-id=\"203b03e\" data-element_type=\"column\" data-e-type=\"column\">\n\t\t\t<div class=\"elementor-widget-wrap elementor-element-populated\">\n\t\t\t\t\t\t<div class=\"elementor-element elementor-element-396c64b elementor-widget elementor-widget-image\" data-id=\"396c64b\" data-element_type=\"widget\" data-e-type=\"widget\" data-widget_type=\"image.default\">\n\t\t\t\t<div class=\"elementor-widget-container\">\n\t\t\t\t\t\t\t\t\t\t\t\t\t\t\t<img fetchpriority=\"high\" decoding=\"async\" width=\"640\" height=\"908\" src=\"https:\/\/unaymilletras.com\/wp-content\/uploads\/2024\/12\/ebc64aa8-051f-a5ab-8d8c-719f4ee3-1-722x1024.jpg\" class=\"attachment-large size-large wp-image-3538\" alt=\"\" \/>\t\t\t\t\t\t\t\t\t\t\t\t\t\t\t<\/div>\n\t\t\t\t<\/div>\n\t\t\t\t\t<\/div>\n\t\t<\/div>\n\t\t\t\t<div class=\"elementor-column elementor-col-50 elementor-top-column elementor-element elementor-element-ae71799\" data-id=\"ae71799\" data-element_type=\"column\" data-e-type=\"column\">\n\t\t\t<div class=\"elementor-widget-wrap elementor-element-populated\">\n\t\t\t\t\t\t<div class=\"elementor-element elementor-element-700e9b4 elementor-widget elementor-widget-text-editor\" data-id=\"700e9b4\" data-element_type=\"widget\" data-e-type=\"widget\" data-widget_type=\"text-editor.default\">\n\t\t\t\t<div class=\"elementor-widget-container\">\n\t\t\t\t\t\t\t\t\t<p>Este anuncio llega unas semanas despu\u00e9s del anuncio de su gira. Hasta el momento, tan solo hab\u00eda fijado cuatro fechas en Espa\u00f1a, dos en Madrid y dos en Barcelona, para tres de las cuales ya ha colgado el cartel de \u201cSold Out\u201d. Tan solo quedan unas pocas entradas disponibles para el segundo concierto de Rels B en el Palau Sant Jordi.<\/p><p><em>A New Star World Tour 2025 <\/em>tambi\u00e9n le llevar\u00e1 a varios pa\u00edses de Latinoam\u00e9rica. Entre ellos encontramos varias fechas en Argentina, M\u00e9xico o Ecuador entre otros. Una gira que no dejar\u00e1 indiferente a nadie.<\/p>\t\t\t\t\t\t\t\t<\/div>\n\t\t\t\t<\/div>\n\t\t\t\t\t<\/div>\n\t\t<\/div>\n\t\t\t\t\t<\/div>\n\t\t<\/section>\n\t\t\t\t<section class=\"elementor-section elementor-top-section elementor-element elementor-element-5e4c104 elementor-section-boxed elementor-section-height-default elementor-section-height-default\" data-id=\"5e4c104\" data-element_type=\"section\" data-e-type=\"section\">\n\t\t\t\t\t\t<div class=\"elementor-container elementor-column-gap-default\">\n\t\t\t\t\t<div class=\"elementor-column elementor-col-100 elementor-top-column elementor-element elementor-element-f3beeac\" data-id=\"f3beeac\" data-element_type=\"column\" data-e-type=\"column\">\n\t\t\t<div class=\"elementor-widget-wrap elementor-element-populated\">\n\t\t\t\t\t\t<div class=\"elementor-element elementor-element-d8ad1f1 elementor-widget elementor-widget-text-editor\" data-id=\"d8ad1f1\" data-element_type=\"widget\" data-e-type=\"widget\" data-widget_type=\"text-editor.default\">\n\t\t\t\t<div class=\"elementor-widget-container\">\n\t\t\t\t\t\t\t\t\t<p>Este tour reafirma a Rels B como uno de los artistas espa\u00f1oles m\u00e1s importantes del momento. Con sus \u00e9xitos ha logrado colarse en las listas de \u00e9xitos durante varios a\u00f1os y es algo que se ve demostrado en la venta de entradas para sus conciertos. El mallorqu\u00edn ha tra\u00eddo unos ritmos innovadores a la m\u00fasica urbana que han conquistado a millones de personas en todo el mundo.<\/p><p>Rels B ya cuenta con seis \u00e1lbumes en su discograf\u00eda, con los cuales ha conseguido m\u00faltiples reconocimientos. Discos de Oro y Platino adem\u00e1s de varios premios demuestran por qu\u00e9 es el artista espa\u00f1ol m\u00e1s escuchado en el mundo. Asimismo, explica que muchos artistas internacionales, como Duki, Nicki Nicole o Eladio Carri\u00f3n, hayan querido juntarse con \u00e9l en el estudio.<\/p><p>El mallorqu\u00edn ya est\u00e1 listo para enfrentarse a su tour m\u00e1s ambicioso hasta la fecha. \u00a1Nos vemos en 2025 Rels B!<\/p>\t\t\t\t\t\t\t\t<\/div>\n\t\t\t\t<\/div>\n\t\t\t\t\t<\/div>\n\t\t<\/div>\n\t\t\t\t\t<\/div>\n\t\t<\/section>\n\t\t\t\t<\/div>","protected":false},"excerpt":{"rendered":"<p>El Estadi Mallorca Son Moix recibir\u00e1 el 28 de junio de 2025 a Rels B, una nueva fecha en su ciudad natal El cantante malorqu\u00edn ha sorprendido hoy con el anuncio de una nueva fecha en el A New Star World Tour 2025 en su ciudad natal. El pr\u00f3ximo 28 de junio, Rels B actuar\u00e1 [&hellip;]<\/p>\n","protected":false},"author":1,"featured_media":3538,"comment_status":"closed","ping_status":"closed","sticky":false,"template":"","format":"standard","meta":{"footnotes":""},"categories":[4],"tags":[],"class_list":["post-3535","post","type-post","status-publish","format-standard","has-post-thumbnail","hentry","category-musica"],"yoast_head":"<!-- This site is optimized with the Yoast SEO plugin v27.4 - https:\/\/yoast.com\/product\/yoast-seo-wordpress\/ -->\n<title>Rels B anuncia el concierto m\u00e1s importante de su carrera<\/title>\n<meta name=\"description\" content=\"El Estadi Mallorca Son Moix recibir\u00e1 el 28 de junio de 2025 a Rels B, una nueva fecha en la ciudad natal del artista\" \/>\n<meta name=\"robots\" content=\"index, follow, max-snippet:-1, max-image-preview:large, max-video-preview:-1\" \/>\n<link rel=\"canonical\" href=\"https:\/\/unaymilletras.com\/en\/rels-b-anuncia-el-concierto-mas-importante-de-su-carrera\/\" \/>\n<meta property=\"og:locale\" content=\"en_GB\" \/>\n<meta property=\"og:type\" content=\"article\" \/>\n<meta property=\"og:title\" content=\"Rels B anuncia el concierto m\u00e1s importante de su carrera\" \/>\n<meta property=\"og:description\" content=\"El Estadi Mallorca Son Moix recibir\u00e1 el 28 de junio de 2025 a Rels B, una nueva fecha en la ciudad natal del artista\" \/>\n<meta property=\"og:url\" content=\"https:\/\/unaymilletras.com\/en\/rels-b-anuncia-el-concierto-mas-importante-de-su-carrera\/\" \/>\n<meta property=\"og:site_name\" content=\"Una y Mil Letras\" \/>\n<meta property=\"article:published_time\" content=\"2024-12-24T15:27:17+00:00\" \/>\n<meta property=\"article:modified_time\" content=\"2025-08-09T10:00:02+00:00\" \/>\n<meta property=\"og:image\" content=\"http:\/\/unaymilletras.com\/wp-content\/uploads\/2024\/12\/ebc64aa8-051f-a5ab-8d8c-719f4ee3-1-e1735053920586.jpg\" \/>\n\t<meta property=\"og:image:width\" content=\"840\" \/>\n\t<meta property=\"og:image:height\" content=\"1012\" \/>\n\t<meta property=\"og:image:type\" content=\"image\/jpeg\" \/>\n<meta name=\"author\" content=\"Maria Gil Robledo\" \/>\n<meta name=\"twitter:card\" content=\"summary_large_image\" \/>\n<meta name=\"twitter:creator\" content=\"@UnaYMilLetras\" \/>\n<meta name=\"twitter:site\" content=\"@UnaYMilLetras\" \/>\n<meta name=\"twitter:label1\" content=\"Written by\" \/>\n\t<meta name=\"twitter:data1\" content=\"Maria Gil Robledo\" \/>\n\t<meta name=\"twitter:label2\" content=\"Estimated reading time\" \/>\n\t<meta name=\"twitter:data2\" content=\"2 minutes\" \/>\n<script type=\"application\/ld+json\" class=\"yoast-schema-graph\">{\"@context\":\"https:\\\/\\\/schema.org\",\"@graph\":[{\"@type\":\"Article\",\"@id\":\"https:\\\/\\\/unaymilletras.com\\\/rels-b-anuncia-el-concierto-mas-importante-de-su-carrera\\\/#article\",\"isPartOf\":{\"@id\":\"https:\\\/\\\/unaymilletras.com\\\/rels-b-anuncia-el-concierto-mas-importante-de-su-carrera\\\/\"},\"author\":{\"name\":\"Maria Gil Robledo\",\"@id\":\"http:\\\/\\\/unaymilletras.com\\\/#\\\/schema\\\/person\\\/d55ba681b8a4e463d8982dbe36a5dc94\"},\"headline\":\"Rels B anuncia el concierto m\u00e1s importante de su carrera\",\"datePublished\":\"2024-12-24T15:27:17+00:00\",\"dateModified\":\"2025-08-09T10:00:02+00:00\",\"mainEntityOfPage\":{\"@id\":\"https:\\\/\\\/unaymilletras.com\\\/rels-b-anuncia-el-concierto-mas-importante-de-su-carrera\\\/\"},\"wordCount\":354,\"publisher\":{\"@id\":\"http:\\\/\\\/unaymilletras.com\\\/#organization\"},\"image\":{\"@id\":\"https:\\\/\\\/unaymilletras.com\\\/rels-b-anuncia-el-concierto-mas-importante-de-su-carrera\\\/#primaryimage\"},\"thumbnailUrl\":\"https:\\\/\\\/unaymilletras.com\\\/wp-content\\\/uploads\\\/2024\\\/12\\\/ebc64aa8-051f-a5ab-8d8c-719f4ee3-1-e1735053920586.jpg\",\"articleSection\":[\"M\u00fasica\"],\"inLanguage\":\"en-GB\"},{\"@type\":\"WebPage\",\"@id\":\"https:\\\/\\\/unaymilletras.com\\\/rels-b-anuncia-el-concierto-mas-importante-de-su-carrera\\\/\",\"url\":\"https:\\\/\\\/unaymilletras.com\\\/rels-b-anuncia-el-concierto-mas-importante-de-su-carrera\\\/\",\"name\":\"Rels B anuncia el concierto m\u00e1s importante de su carrera\",\"isPartOf\":{\"@id\":\"http:\\\/\\\/unaymilletras.com\\\/#website\"},\"primaryImageOfPage\":{\"@id\":\"https:\\\/\\\/unaymilletras.com\\\/rels-b-anuncia-el-concierto-mas-importante-de-su-carrera\\\/#primaryimage\"},\"image\":{\"@id\":\"https:\\\/\\\/unaymilletras.com\\\/rels-b-anuncia-el-concierto-mas-importante-de-su-carrera\\\/#primaryimage\"},\"thumbnailUrl\":\"https:\\\/\\\/unaymilletras.com\\\/wp-content\\\/uploads\\\/2024\\\/12\\\/ebc64aa8-051f-a5ab-8d8c-719f4ee3-1-e1735053920586.jpg\",\"datePublished\":\"2024-12-24T15:27:17+00:00\",\"dateModified\":\"2025-08-09T10:00:02+00:00\",\"description\":\"El Estadi Mallorca Son Moix recibir\u00e1 el 28 de junio de 2025 a Rels B, una nueva fecha en la ciudad natal del artista\",\"breadcrumb\":{\"@id\":\"https:\\\/\\\/unaymilletras.com\\\/rels-b-anuncia-el-concierto-mas-importante-de-su-carrera\\\/#breadcrumb\"},\"inLanguage\":\"en-GB\",\"potentialAction\":[{\"@type\":\"ReadAction\",\"target\":[\"https:\\\/\\\/unaymilletras.com\\\/rels-b-anuncia-el-concierto-mas-importante-de-su-carrera\\\/\"]}]},{\"@type\":\"ImageObject\",\"inLanguage\":\"en-GB\",\"@id\":\"https:\\\/\\\/unaymilletras.com\\\/rels-b-anuncia-el-concierto-mas-importante-de-su-carrera\\\/#primaryimage\",\"url\":\"https:\\\/\\\/unaymilletras.com\\\/wp-content\\\/uploads\\\/2024\\\/12\\\/ebc64aa8-051f-a5ab-8d8c-719f4ee3-1-e1735053920586.jpg\",\"contentUrl\":\"https:\\\/\\\/unaymilletras.com\\\/wp-content\\\/uploads\\\/2024\\\/12\\\/ebc64aa8-051f-a5ab-8d8c-719f4ee3-1-e1735053920586.jpg\",\"width\":840,\"height\":1012},{\"@type\":\"BreadcrumbList\",\"@id\":\"https:\\\/\\\/unaymilletras.com\\\/rels-b-anuncia-el-concierto-mas-importante-de-su-carrera\\\/#breadcrumb\",\"itemListElement\":[{\"@type\":\"ListItem\",\"position\":1,\"name\":\"Home\",\"item\":\"http:\\\/\\\/unaymilletras.com\\\/\"},{\"@type\":\"ListItem\",\"position\":2,\"name\":\"Rels B anuncia el concierto m\u00e1s importante de su carrera\"}]},{\"@type\":\"WebSite\",\"@id\":\"http:\\\/\\\/unaymilletras.com\\\/#website\",\"url\":\"http:\\\/\\\/unaymilletras.com\\\/\",\"name\":\"Una y Mil Letras\",\"description\":\"\",\"publisher\":{\"@id\":\"http:\\\/\\\/unaymilletras.com\\\/#organization\"},\"potentialAction\":[{\"@type\":\"SearchAction\",\"target\":{\"@type\":\"EntryPoint\",\"urlTemplate\":\"http:\\\/\\\/unaymilletras.com\\\/?s={search_term_string}\"},\"query-input\":{\"@type\":\"PropertyValueSpecification\",\"valueRequired\":true,\"valueName\":\"search_term_string\"}}],\"inLanguage\":\"en-GB\"},{\"@type\":\"Organization\",\"@id\":\"http:\\\/\\\/unaymilletras.com\\\/#organization\",\"name\":\"Una y Mil Letras\",\"url\":\"http:\\\/\\\/unaymilletras.com\\\/\",\"logo\":{\"@type\":\"ImageObject\",\"inLanguage\":\"en-GB\",\"@id\":\"http:\\\/\\\/unaymilletras.com\\\/#\\\/schema\\\/logo\\\/image\\\/\",\"url\":\"https:\\\/\\\/unaymilletras.com\\\/wp-content\\\/uploads\\\/2024\\\/06\\\/cropped-Logo-removebg-preview.png\",\"contentUrl\":\"https:\\\/\\\/unaymilletras.com\\\/wp-content\\\/uploads\\\/2024\\\/06\\\/cropped-Logo-removebg-preview.png\",\"width\":512,\"height\":512,\"caption\":\"Una y Mil Letras\"},\"image\":{\"@id\":\"http:\\\/\\\/unaymilletras.com\\\/#\\\/schema\\\/logo\\\/image\\\/\"},\"sameAs\":[\"https:\\\/\\\/x.com\\\/UnaYMilLetras\",\"https:\\\/\\\/instagram.com\\\/UnaYMilLetras\"]},{\"@type\":\"Person\",\"@id\":\"http:\\\/\\\/unaymilletras.com\\\/#\\\/schema\\\/person\\\/d55ba681b8a4e463d8982dbe36a5dc94\",\"name\":\"Maria Gil Robledo\",\"image\":{\"@type\":\"ImageObject\",\"inLanguage\":\"en-GB\",\"@id\":\"https:\\\/\\\/secure.gravatar.com\\\/avatar\\\/4b8e5102e0015789407eb4870b12f0f2857952d83ca124058f92b764bd1840c3?s=96&d=mm&r=g\",\"url\":\"https:\\\/\\\/secure.gravatar.com\\\/avatar\\\/4b8e5102e0015789407eb4870b12f0f2857952d83ca124058f92b764bd1840c3?s=96&d=mm&r=g\",\"contentUrl\":\"https:\\\/\\\/secure.gravatar.com\\\/avatar\\\/4b8e5102e0015789407eb4870b12f0f2857952d83ca124058f92b764bd1840c3?s=96&d=mm&r=g\",\"caption\":\"Maria Gil Robledo\"},\"sameAs\":[\"http:\\\/\\\/unaymilletras.com\"],\"url\":\"https:\\\/\\\/unaymilletras.com\\\/en\\\/author\\\/mariiagiil02_\\\/\"}]}<\/script>\n<!-- \/ Yoast SEO plugin. -->","yoast_head_json":{"title":"Rels B anuncia el concierto m\u00e1s importante de su carrera","description":"El Estadi Mallorca Son Moix recibir\u00e1 el 28 de junio de 2025 a Rels B, una nueva fecha en la ciudad natal del artista","robots":{"index":"index","follow":"follow","max-snippet":"max-snippet:-1","max-image-preview":"max-image-preview:large","max-video-preview":"max-video-preview:-1"},"canonical":"https:\/\/unaymilletras.com\/en\/rels-b-anuncia-el-concierto-mas-importante-de-su-carrera\/","og_locale":"en_GB","og_type":"article","og_title":"Rels B anuncia el concierto m\u00e1s importante de su carrera","og_description":"El Estadi Mallorca Son Moix recibir\u00e1 el 28 de junio de 2025 a Rels B, una nueva fecha en la ciudad natal del artista","og_url":"https:\/\/unaymilletras.com\/en\/rels-b-anuncia-el-concierto-mas-importante-de-su-carrera\/","og_site_name":"Una y Mil Letras","article_published_time":"2024-12-24T15:27:17+00:00","article_modified_time":"2025-08-09T10:00:02+00:00","og_image":[{"width":840,"height":1012,"url":"http:\/\/unaymilletras.com\/wp-content\/uploads\/2024\/12\/ebc64aa8-051f-a5ab-8d8c-719f4ee3-1-e1735053920586.jpg","type":"image\/jpeg"}],"author":"Maria Gil Robledo","twitter_card":"summary_large_image","twitter_creator":"@UnaYMilLetras","twitter_site":"@UnaYMilLetras","twitter_misc":{"Written by":"Maria Gil Robledo","Estimated reading time":"2 minutes"},"schema":{"@context":"https:\/\/schema.org","@graph":[{"@type":"Article","@id":"https:\/\/unaymilletras.com\/rels-b-anuncia-el-concierto-mas-importante-de-su-carrera\/#article","isPartOf":{"@id":"https:\/\/unaymilletras.com\/rels-b-anuncia-el-concierto-mas-importante-de-su-carrera\/"},"author":{"name":"Maria Gil Robledo","@id":"http:\/\/unaymilletras.com\/#\/schema\/person\/d55ba681b8a4e463d8982dbe36a5dc94"},"headline":"Rels B anuncia el concierto m\u00e1s importante de su carrera","datePublished":"2024-12-24T15:27:17+00:00","dateModified":"2025-08-09T10:00:02+00:00","mainEntityOfPage":{"@id":"https:\/\/unaymilletras.com\/rels-b-anuncia-el-concierto-mas-importante-de-su-carrera\/"},"wordCount":354,"publisher":{"@id":"http:\/\/unaymilletras.com\/#organization"},"image":{"@id":"https:\/\/unaymilletras.com\/rels-b-anuncia-el-concierto-mas-importante-de-su-carrera\/#primaryimage"},"thumbnailUrl":"https:\/\/unaymilletras.com\/wp-content\/uploads\/2024\/12\/ebc64aa8-051f-a5ab-8d8c-719f4ee3-1-e1735053920586.jpg","articleSection":["M\u00fasica"],"inLanguage":"en-GB"},{"@type":"WebPage","@id":"https:\/\/unaymilletras.com\/rels-b-anuncia-el-concierto-mas-importante-de-su-carrera\/","url":"https:\/\/unaymilletras.com\/rels-b-anuncia-el-concierto-mas-importante-de-su-carrera\/","name":"Rels B anuncia el concierto m\u00e1s importante de su carrera","isPartOf":{"@id":"http:\/\/unaymilletras.com\/#website"},"primaryImageOfPage":{"@id":"https:\/\/unaymilletras.com\/rels-b-anuncia-el-concierto-mas-importante-de-su-carrera\/#primaryimage"},"image":{"@id":"https:\/\/unaymilletras.com\/rels-b-anuncia-el-concierto-mas-importante-de-su-carrera\/#primaryimage"},"thumbnailUrl":"https:\/\/unaymilletras.com\/wp-content\/uploads\/2024\/12\/ebc64aa8-051f-a5ab-8d8c-719f4ee3-1-e1735053920586.jpg","datePublished":"2024-12-24T15:27:17+00:00","dateModified":"2025-08-09T10:00:02+00:00","description":"El Estadi Mallorca Son Moix recibir\u00e1 el 28 de junio de 2025 a Rels B, una nueva fecha en la ciudad natal del artista","breadcrumb":{"@id":"https:\/\/unaymilletras.com\/rels-b-anuncia-el-concierto-mas-importante-de-su-carrera\/#breadcrumb"},"inLanguage":"en-GB","potentialAction":[{"@type":"ReadAction","target":["https:\/\/unaymilletras.com\/rels-b-anuncia-el-concierto-mas-importante-de-su-carrera\/"]}]},{"@type":"ImageObject","inLanguage":"en-GB","@id":"https:\/\/unaymilletras.com\/rels-b-anuncia-el-concierto-mas-importante-de-su-carrera\/#primaryimage","url":"https:\/\/unaymilletras.com\/wp-content\/uploads\/2024\/12\/ebc64aa8-051f-a5ab-8d8c-719f4ee3-1-e1735053920586.jpg","contentUrl":"https:\/\/unaymilletras.com\/wp-content\/uploads\/2024\/12\/ebc64aa8-051f-a5ab-8d8c-719f4ee3-1-e1735053920586.jpg","width":840,"height":1012},{"@type":"BreadcrumbList","@id":"https:\/\/unaymilletras.com\/rels-b-anuncia-el-concierto-mas-importante-de-su-carrera\/#breadcrumb","itemListElement":[{"@type":"ListItem","position":1,"name":"Home","item":"http:\/\/unaymilletras.com\/"},{"@type":"ListItem","position":2,"name":"Rels B anuncia el concierto m\u00e1s importante de su carrera"}]},{"@type":"WebSite","@id":"http:\/\/unaymilletras.com\/#website","url":"http:\/\/unaymilletras.com\/","name":"Una y Mil Letras","description":"","publisher":{"@id":"http:\/\/unaymilletras.com\/#organization"},"potentialAction":[{"@type":"SearchAction","target":{"@type":"EntryPoint","urlTemplate":"http:\/\/unaymilletras.com\/?s={search_term_string}"},"query-input":{"@type":"PropertyValueSpecification","valueRequired":true,"valueName":"search_term_string"}}],"inLanguage":"en-GB"},{"@type":"Organization","@id":"http:\/\/unaymilletras.com\/#organization","name":"Una y Mil Letras","url":"http:\/\/unaymilletras.com\/","logo":{"@type":"ImageObject","inLanguage":"en-GB","@id":"http:\/\/unaymilletras.com\/#\/schema\/logo\/image\/","url":"https:\/\/unaymilletras.com\/wp-content\/uploads\/2024\/06\/cropped-Logo-removebg-preview.png","contentUrl":"https:\/\/unaymilletras.com\/wp-content\/uploads\/2024\/06\/cropped-Logo-removebg-preview.png","width":512,"height":512,"caption":"Una y Mil Letras"},"image":{"@id":"http:\/\/unaymilletras.com\/#\/schema\/logo\/image\/"},"sameAs":["https:\/\/x.com\/UnaYMilLetras","https:\/\/instagram.com\/UnaYMilLetras"]},{"@type":"Person","@id":"http:\/\/unaymilletras.com\/#\/schema\/person\/d55ba681b8a4e463d8982dbe36a5dc94","name":"Maria Gil Robledo","image":{"@type":"ImageObject","inLanguage":"en-GB","@id":"https:\/\/secure.gravatar.com\/avatar\/4b8e5102e0015789407eb4870b12f0f2857952d83ca124058f92b764bd1840c3?s=96&d=mm&r=g","url":"https:\/\/secure.gravatar.com\/avatar\/4b8e5102e0015789407eb4870b12f0f2857952d83ca124058f92b764bd1840c3?s=96&d=mm&r=g","contentUrl":"https:\/\/secure.gravatar.com\/avatar\/4b8e5102e0015789407eb4870b12f0f2857952d83ca124058f92b764bd1840c3?s=96&d=mm&r=g","caption":"Maria Gil Robledo"},"sameAs":["http:\/\/unaymilletras.com"],"url":"https:\/\/unaymilletras.com\/en\/author\/mariiagiil02_\/"}]}},"_links":{"self":[{"href":"https:\/\/unaymilletras.com\/en\/wp-json\/wp\/v2\/posts\/3535","targetHints":{"allow":["GET"]}}],"collection":[{"href":"https:\/\/unaymilletras.com\/en\/wp-json\/wp\/v2\/posts"}],"about":[{"href":"https:\/\/unaymilletras.com\/en\/wp-json\/wp\/v2\/types\/post"}],"author":[{"embeddable":true,"href":"https:\/\/unaymilletras.com\/en\/wp-json\/wp\/v2\/users\/1"}],"replies":[{"embeddable":true,"href":"https:\/\/unaymilletras.com\/en\/wp-json\/wp\/v2\/comments?post=3535"}],"version-history":[{"count":7,"href":"https:\/\/unaymilletras.com\/en\/wp-json\/wp\/v2\/posts\/3535\/revisions"}],"predecessor-version":[{"id":3544,"href":"https:\/\/unaymilletras.com\/en\/wp-json\/wp\/v2\/posts\/3535\/revisions\/3544"}],"wp:featuredmedia":[{"embeddable":true,"href":"https:\/\/unaymilletras.com\/en\/wp-json\/wp\/v2\/media\/3538"}],"wp:attachment":[{"href":"https:\/\/unaymilletras.com\/en\/wp-json\/wp\/v2\/media?parent=3535"}],"wp:term":[{"taxonomy":"category","embeddable":true,"href":"https:\/\/unaymilletras.com\/en\/wp-json\/wp\/v2\/categories?post=3535"},{"taxonomy":"post_tag","embeddable":true,"href":"https:\/\/unaymilletras.com\/en\/wp-json\/wp\/v2\/tags?post=3535"}],"curies":[{"name":"wp","href":"https:\/\/api.w.org\/{rel}","templated":true}]}}