{"id":3554,"date":"2025-01-10T17:32:44","date_gmt":"2025-01-10T16:32:44","guid":{"rendered":"https:\/\/unaymilletras.com\/?p=3554"},"modified":"2025-01-10T17:33:22","modified_gmt":"2025-01-10T16:33:22","slug":"leo-rizzi-llega-a-espana-tras-conquistar-america-latina-con-su-pajaro-azul","status":"publish","type":"post","link":"https:\/\/unaymilletras.com\/en\/leo-rizzi-llega-a-espana-tras-conquistar-america-latina-con-su-pajaro-azul\/","title":{"rendered":"Leo Rizzi llega a Espa\u00f1a tras conquistar Am\u00e9rica Latina con su \u00abP\u00e1jaro Azul\u00bb"},"content":{"rendered":"\t\t<div data-elementor-type=\"wp-post\" data-elementor-id=\"3554\" class=\"elementor elementor-3554\">\n\t\t\t\t\t\t<section class=\"elementor-section elementor-top-section elementor-element elementor-element-91559ee elementor-section-boxed elementor-section-height-default elementor-section-height-default\" data-id=\"91559ee\" data-element_type=\"section\" data-e-type=\"section\">\n\t\t\t\t\t\t<div class=\"elementor-container elementor-column-gap-default\">\n\t\t\t\t\t<div class=\"elementor-column elementor-col-100 elementor-top-column elementor-element elementor-element-115c96c\" data-id=\"115c96c\" data-element_type=\"column\" data-e-type=\"column\">\n\t\t\t<div class=\"elementor-widget-wrap elementor-element-populated\">\n\t\t\t\t\t\t<div class=\"elementor-element elementor-element-9ed366f elementor-widget elementor-widget-text-editor\" data-id=\"9ed366f\" data-element_type=\"widget\" data-e-type=\"widget\" data-widget_type=\"text-editor.default\">\n\t\t\t\t<div class=\"elementor-widget-container\">\n\t\t\t\t\t\t\t\t\t<h2 style=\"text-align: center;\"><span style=\"color: #808080;\"><em>El artista Leo Rizzi llega a Espa\u00f1a con \u00abP\u00e1jaro Azul\u00bb, ofreciendo un viaje musical cargado de emociones y autenticidad<\/em><\/span><\/h2>\t\t\t\t\t\t\t\t<\/div>\n\t\t\t\t<\/div>\n\t\t\t\t\t<\/div>\n\t\t<\/div>\n\t\t\t\t\t<\/div>\n\t\t<\/section>\n\t\t\t\t<section class=\"elementor-section elementor-top-section elementor-element elementor-element-31d68d1 elementor-section-boxed elementor-section-height-default elementor-section-height-default\" data-id=\"31d68d1\" data-element_type=\"section\" data-e-type=\"section\">\n\t\t\t\t\t\t<div class=\"elementor-container elementor-column-gap-default\">\n\t\t\t\t\t<div class=\"elementor-column elementor-col-100 elementor-top-column elementor-element elementor-element-91a182d\" data-id=\"91a182d\" data-element_type=\"column\" data-e-type=\"column\">\n\t\t\t<div class=\"elementor-widget-wrap elementor-element-populated\">\n\t\t\t\t\t\t<div class=\"elementor-element elementor-element-1066e1d elementor-widget elementor-widget-text-editor\" data-id=\"1066e1d\" data-element_type=\"widget\" data-e-type=\"widget\" data-widget_type=\"text-editor.default\">\n\t\t\t\t<div class=\"elementor-widget-container\">\n\t\t\t\t\t\t\t\t\t<p><b>Leo Rizzi<\/b> contin\u00faa triunfando con su gira <em><b>P\u00e1jaro Azul<\/b><\/em>, ahora recorriendo Espa\u00f1a despu\u00e9s de un exitoso paso por Am\u00e9rica Latina. El cantante y compositor uruguayo-espa\u00f1ol ya ha presentado su \u00e1lbum debut en ciudades como Bogot\u00e1, Quito y Lima, donde cautiv\u00f3 al p\u00fablico con una experiencia musical inolvidable. Ahora, Rizzi trae su arte a los escenarios espa\u00f1oles, consolid\u00e1ndose como una de las figuras m\u00e1s prometedoras del pop alternativo.<\/p>\t\t\t\t\t\t\t\t<\/div>\n\t\t\t\t<\/div>\n\t\t\t\t\t<\/div>\n\t\t<\/div>\n\t\t\t\t\t<\/div>\n\t\t<\/section>\n\t\t\t\t<section class=\"elementor-section elementor-top-section elementor-element elementor-element-4332527 elementor-section-boxed elementor-section-height-default elementor-section-height-default\" data-id=\"4332527\" data-element_type=\"section\" data-e-type=\"section\">\n\t\t\t\t\t\t<div class=\"elementor-container elementor-column-gap-default\">\n\t\t\t\t\t<div class=\"elementor-column elementor-col-50 elementor-top-column elementor-element elementor-element-a0ed07e\" data-id=\"a0ed07e\" data-element_type=\"column\" data-e-type=\"column\">\n\t\t\t<div class=\"elementor-widget-wrap elementor-element-populated\">\n\t\t\t\t\t\t<div class=\"elementor-element elementor-element-2951a31 elementor-widget elementor-widget-image\" data-id=\"2951a31\" data-element_type=\"widget\" data-e-type=\"widget\" data-widget_type=\"image.default\">\n\t\t\t\t<div class=\"elementor-widget-container\">\n\t\t\t\t\t\t\t\t\t\t\t\t\t\t\t<img fetchpriority=\"high\" decoding=\"async\" width=\"640\" height=\"800\" src=\"https:\/\/unaymilletras.com\/wp-content\/uploads\/2025\/01\/ed26a244-8f1c-484f-823b-8a8794d3-819x1024.jpg\" class=\"attachment-large size-large wp-image-3556\" alt=\"\" srcset=\"https:\/\/unaymilletras.com\/wp-content\/uploads\/2025\/01\/ed26a244-8f1c-484f-823b-8a8794d3-819x1024.jpg 819w, https:\/\/unaymilletras.com\/wp-content\/uploads\/2025\/01\/ed26a244-8f1c-484f-823b-8a8794d3-240x300.jpg 240w, https:\/\/unaymilletras.com\/wp-content\/uploads\/2025\/01\/ed26a244-8f1c-484f-823b-8a8794d3-768x960.jpg 768w, https:\/\/unaymilletras.com\/wp-content\/uploads\/2025\/01\/ed26a244-8f1c-484f-823b-8a8794d3-10x12.jpg 10w, https:\/\/unaymilletras.com\/wp-content\/uploads\/2025\/01\/ed26a244-8f1c-484f-823b-8a8794d3-1024x1280.jpg 1024w, https:\/\/unaymilletras.com\/wp-content\/uploads\/2025\/01\/ed26a244-8f1c-484f-823b-8a8794d3-e1736526580560.jpg 600w\" sizes=\"(max-width: 640px) 100vw, 640px\" \/>\t\t\t\t\t\t\t\t\t\t\t\t\t\t\t<\/div>\n\t\t\t\t<\/div>\n\t\t\t\t\t<\/div>\n\t\t<\/div>\n\t\t\t\t<div class=\"elementor-column elementor-col-50 elementor-top-column elementor-element elementor-element-bd74f13\" data-id=\"bd74f13\" data-element_type=\"column\" data-e-type=\"column\">\n\t\t\t<div class=\"elementor-widget-wrap elementor-element-populated\">\n\t\t\t\t\t\t<div class=\"elementor-element elementor-element-b147703 elementor-widget elementor-widget-text-editor\" data-id=\"b147703\" data-element_type=\"widget\" data-e-type=\"widget\" data-widget_type=\"text-editor.default\">\n\t\t\t\t<div class=\"elementor-widget-container\">\n\t\t\t\t\t\t\t\t\t<p>En Espa\u00f1a, el tour <span style=\"color: #808080;\"><a style=\"color: #808080;\" href=\"https:\/\/open.spotify.com\/intl-es\/album\/7lUllZVIhNP8mCn9h3HmxO?si=fUYDY6oqSG-MOBSOjIdEZg\"><em>P\u00e1jaro Azul<\/em><\/a><\/span> est\u00e1 acercando a los fans a las canciones de su aclamado \u00e1lbum debut, que ha sido elogiado por su frescura y profundidad art\u00edstica. Este disco, inspirado en el poema hom\u00f3nimo de Rub\u00e9n Dar\u00edo, fusiona pop rock latino y anglosaj\u00f3n con elementos modernos, explorando temas como la nostalgia, la libertad y el autodescubrimiento. Incluye colaboraciones con artistas como Gus, Clara Peya, Zahara, Paty Cant\u00fa y DannyLux, que enriquecen un proyecto que destaca por su autenticidad y versatilidad.<\/p><p>Las primeras fechas en Espa\u00f1a est\u00e1n siendo un rotundo \u00e9xito, con conciertos llenos de energ\u00eda en los que Rizzi conecta de manera especial con su p\u00fablico. Su capacidad para transmitir emociones a trav\u00e9s de su m\u00fasica y su puesta en escena consolidan a <em>P\u00e1jaro Azul<\/em> como una obra clave en su trayectoria.<\/p>\t\t\t\t\t\t\t\t<\/div>\n\t\t\t\t<\/div>\n\t\t\t\t\t<\/div>\n\t\t<\/div>\n\t\t\t\t\t<\/div>\n\t\t<\/section>\n\t\t\t\t<section class=\"elementor-section elementor-top-section elementor-element elementor-element-b0ab361 elementor-section-boxed elementor-section-height-default elementor-section-height-default\" data-id=\"b0ab361\" data-element_type=\"section\" data-e-type=\"section\">\n\t\t\t\t\t\t<div class=\"elementor-container elementor-column-gap-default\">\n\t\t\t\t\t<div class=\"elementor-column elementor-col-100 elementor-top-column elementor-element elementor-element-630cb3d\" data-id=\"630cb3d\" data-element_type=\"column\" data-e-type=\"column\">\n\t\t\t<div class=\"elementor-widget-wrap elementor-element-populated\">\n\t\t\t\t\t\t<div class=\"elementor-element elementor-element-f1b4aab elementor-widget elementor-widget-text-editor\" data-id=\"f1b4aab\" data-element_type=\"widget\" data-e-type=\"widget\" data-widget_type=\"text-editor.default\">\n\t\t\t\t<div class=\"elementor-widget-container\">\n\t\t\t\t\t\t\t\t\t<div class=\"flex max-w-full flex-col flex-grow\"><div class=\"min-h-8 text-message flex w-full flex-col items-end gap-2 whitespace-normal break-words text-start [.text-message+&amp;]:mt-5\" dir=\"auto\" data-message-author-role=\"assistant\" data-message-id=\"e32fd6f3-fe75-4bbb-96b5-b5670fbfb15b\" data-message-model-slug=\"gpt-4o\"><div class=\"flex w-full flex-col gap-1 empty:hidden first:pt-[3px]\"><div class=\"markdown prose w-full break-words dark:prose-invert light\"><p>La gira <em>P\u00e1jaro Azul<\/em> sigue posicionando a Leo Rizzi como una de las voces m\u00e1s destacadas del panorama musical actual, llevando su mensaje y su arte a nuevas audiencias. Espa\u00f1a se suma ahora a la lista de pa\u00edses donde el cantante ha dejado su huella, reafirmando su talento y su capacidad para conquistar escenarios con su estilo \u00fanico.<\/p><\/div><\/div><\/div><\/div>\t\t\t\t\t\t\t\t<\/div>\n\t\t\t\t<\/div>\n\t\t\t\t\t<\/div>\n\t\t<\/div>\n\t\t\t\t\t<\/div>\n\t\t<\/section>\n\t\t\t\t<\/div>\n\t\t","protected":false},"excerpt":{"rendered":"<p>El artista Leo Rizzi llega a Espa\u00f1a con \u00abP\u00e1jaro Azul\u00bb, ofreciendo un viaje musical cargado de emociones y autenticidad Leo Rizzi contin\u00faa triunfando con su gira P\u00e1jaro Azul, ahora recorriendo Espa\u00f1a despu\u00e9s de un exitoso paso por Am\u00e9rica Latina. El cantante y compositor uruguayo-espa\u00f1ol ya ha presentado su \u00e1lbum debut en ciudades como Bogot\u00e1, Quito [&hellip;]<\/p>\n","protected":false},"author":6,"featured_media":3556,"comment_status":"closed","ping_status":"closed","sticky":false,"template":"","format":"standard","meta":{"footnotes":""},"categories":[4],"tags":[],"class_list":["post-3554","post","type-post","status-publish","format-standard","has-post-thumbnail","hentry","category-musica"],"yoast_head":"<!-- This site is optimized with the Yoast SEO plugin v27.4 - https:\/\/yoast.com\/product\/yoast-seo-wordpress\/ -->\n<title>Leo Rizzi llega a Espa\u00f1a tras conquistar Am\u00e9rica Latina con su &quot;P\u00e1jaro Azul&quot;<\/title>\n<meta name=\"description\" content=\"El artista uruguayo-espa\u00f1ol Leo Rizzi llega a Espa\u00f1a con &quot;P\u00e1jaro Azul&quot;, ofreciendo un viaje musical cargado de emociones y autenticidad\" \/>\n<meta name=\"robots\" content=\"index, follow, max-snippet:-1, max-image-preview:large, max-video-preview:-1\" \/>\n<link rel=\"canonical\" href=\"https:\/\/unaymilletras.com\/en\/leo-rizzi-llega-a-espana-tras-conquistar-america-latina-con-su-pajaro-azul\/\" \/>\n<meta property=\"og:locale\" content=\"en_GB\" \/>\n<meta property=\"og:type\" content=\"article\" \/>\n<meta property=\"og:title\" content=\"Leo Rizzi llega a Espa\u00f1a tras conquistar Am\u00e9rica Latina con su &quot;P\u00e1jaro Azul&quot;\" \/>\n<meta property=\"og:description\" content=\"El artista uruguayo-espa\u00f1ol Leo Rizzi llega a Espa\u00f1a con &quot;P\u00e1jaro Azul&quot;, ofreciendo un viaje musical cargado de emociones y autenticidad\" \/>\n<meta property=\"og:url\" content=\"https:\/\/unaymilletras.com\/en\/leo-rizzi-llega-a-espana-tras-conquistar-america-latina-con-su-pajaro-azul\/\" \/>\n<meta property=\"og:site_name\" content=\"Una y Mil Letras\" \/>\n<meta property=\"article:published_time\" content=\"2025-01-10T16:32:44+00:00\" \/>\n<meta property=\"article:modified_time\" content=\"2025-01-10T16:33:22+00:00\" \/>\n<meta property=\"og:image\" content=\"http:\/\/unaymilletras.com\/wp-content\/uploads\/2025\/01\/ed26a244-8f1c-484f-823b-8a8794d3-e1736526580560.jpg\" \/>\n\t<meta property=\"og:image:width\" content=\"600\" \/>\n\t<meta property=\"og:image:height\" content=\"750\" \/>\n\t<meta property=\"og:image:type\" content=\"image\/jpeg\" \/>\n<meta name=\"author\" content=\"Redacci\u00f3n\" \/>\n<meta name=\"twitter:card\" content=\"summary_large_image\" \/>\n<meta name=\"twitter:creator\" content=\"@UnaYMilLetras\" \/>\n<meta name=\"twitter:site\" content=\"@UnaYMilLetras\" \/>\n<meta name=\"twitter:label1\" content=\"Written by\" \/>\n\t<meta name=\"twitter:data1\" content=\"Redacci\u00f3n\" \/>\n\t<meta name=\"twitter:label2\" content=\"Estimated reading time\" \/>\n\t<meta name=\"twitter:data2\" content=\"2 minutes\" \/>\n<script type=\"application\/ld+json\" class=\"yoast-schema-graph\">{\"@context\":\"https:\\\/\\\/schema.org\",\"@graph\":[{\"@type\":\"Article\",\"@id\":\"https:\\\/\\\/unaymilletras.com\\\/leo-rizzi-llega-a-espana-tras-conquistar-america-latina-con-su-pajaro-azul\\\/#article\",\"isPartOf\":{\"@id\":\"https:\\\/\\\/unaymilletras.com\\\/leo-rizzi-llega-a-espana-tras-conquistar-america-latina-con-su-pajaro-azul\\\/\"},\"author\":{\"name\":\"Redacci\u00f3n\",\"@id\":\"http:\\\/\\\/unaymilletras.com\\\/#\\\/schema\\\/person\\\/0860dc8a218329991ee2c7591f4f849d\"},\"headline\":\"Leo Rizzi llega a Espa\u00f1a tras conquistar Am\u00e9rica Latina con su \u00abP\u00e1jaro Azul\u00bb\",\"datePublished\":\"2025-01-10T16:32:44+00:00\",\"dateModified\":\"2025-01-10T16:33:22+00:00\",\"mainEntityOfPage\":{\"@id\":\"https:\\\/\\\/unaymilletras.com\\\/leo-rizzi-llega-a-espana-tras-conquistar-america-latina-con-su-pajaro-azul\\\/\"},\"wordCount\":324,\"publisher\":{\"@id\":\"http:\\\/\\\/unaymilletras.com\\\/#organization\"},\"image\":{\"@id\":\"https:\\\/\\\/unaymilletras.com\\\/leo-rizzi-llega-a-espana-tras-conquistar-america-latina-con-su-pajaro-azul\\\/#primaryimage\"},\"thumbnailUrl\":\"https:\\\/\\\/unaymilletras.com\\\/wp-content\\\/uploads\\\/2025\\\/01\\\/ed26a244-8f1c-484f-823b-8a8794d3-e1736526580560.jpg\",\"articleSection\":[\"M\u00fasica\"],\"inLanguage\":\"en-GB\"},{\"@type\":\"WebPage\",\"@id\":\"https:\\\/\\\/unaymilletras.com\\\/leo-rizzi-llega-a-espana-tras-conquistar-america-latina-con-su-pajaro-azul\\\/\",\"url\":\"https:\\\/\\\/unaymilletras.com\\\/leo-rizzi-llega-a-espana-tras-conquistar-america-latina-con-su-pajaro-azul\\\/\",\"name\":\"Leo Rizzi llega a Espa\u00f1a tras conquistar Am\u00e9rica Latina con su \\\"P\u00e1jaro Azul\\\"\",\"isPartOf\":{\"@id\":\"http:\\\/\\\/unaymilletras.com\\\/#website\"},\"primaryImageOfPage\":{\"@id\":\"https:\\\/\\\/unaymilletras.com\\\/leo-rizzi-llega-a-espana-tras-conquistar-america-latina-con-su-pajaro-azul\\\/#primaryimage\"},\"image\":{\"@id\":\"https:\\\/\\\/unaymilletras.com\\\/leo-rizzi-llega-a-espana-tras-conquistar-america-latina-con-su-pajaro-azul\\\/#primaryimage\"},\"thumbnailUrl\":\"https:\\\/\\\/unaymilletras.com\\\/wp-content\\\/uploads\\\/2025\\\/01\\\/ed26a244-8f1c-484f-823b-8a8794d3-e1736526580560.jpg\",\"datePublished\":\"2025-01-10T16:32:44+00:00\",\"dateModified\":\"2025-01-10T16:33:22+00:00\",\"description\":\"El artista uruguayo-espa\u00f1ol Leo Rizzi llega a Espa\u00f1a con \\\"P\u00e1jaro Azul\\\", ofreciendo un viaje musical cargado de emociones y autenticidad\",\"breadcrumb\":{\"@id\":\"https:\\\/\\\/unaymilletras.com\\\/leo-rizzi-llega-a-espana-tras-conquistar-america-latina-con-su-pajaro-azul\\\/#breadcrumb\"},\"inLanguage\":\"en-GB\",\"potentialAction\":[{\"@type\":\"ReadAction\",\"target\":[\"https:\\\/\\\/unaymilletras.com\\\/leo-rizzi-llega-a-espana-tras-conquistar-america-latina-con-su-pajaro-azul\\\/\"]}]},{\"@type\":\"ImageObject\",\"inLanguage\":\"en-GB\",\"@id\":\"https:\\\/\\\/unaymilletras.com\\\/leo-rizzi-llega-a-espana-tras-conquistar-america-latina-con-su-pajaro-azul\\\/#primaryimage\",\"url\":\"https:\\\/\\\/unaymilletras.com\\\/wp-content\\\/uploads\\\/2025\\\/01\\\/ed26a244-8f1c-484f-823b-8a8794d3-e1736526580560.jpg\",\"contentUrl\":\"https:\\\/\\\/unaymilletras.com\\\/wp-content\\\/uploads\\\/2025\\\/01\\\/ed26a244-8f1c-484f-823b-8a8794d3-e1736526580560.jpg\",\"width\":600,\"height\":750},{\"@type\":\"BreadcrumbList\",\"@id\":\"https:\\\/\\\/unaymilletras.com\\\/leo-rizzi-llega-a-espana-tras-conquistar-america-latina-con-su-pajaro-azul\\\/#breadcrumb\",\"itemListElement\":[{\"@type\":\"ListItem\",\"position\":1,\"name\":\"Home\",\"item\":\"http:\\\/\\\/unaymilletras.com\\\/\"},{\"@type\":\"ListItem\",\"position\":2,\"name\":\"Leo Rizzi llega a Espa\u00f1a tras conquistar Am\u00e9rica Latina con su \u00abP\u00e1jaro Azul\u00bb\"}]},{\"@type\":\"WebSite\",\"@id\":\"http:\\\/\\\/unaymilletras.com\\\/#website\",\"url\":\"http:\\\/\\\/unaymilletras.com\\\/\",\"name\":\"Una y Mil Letras\",\"description\":\"\",\"publisher\":{\"@id\":\"http:\\\/\\\/unaymilletras.com\\\/#organization\"},\"potentialAction\":[{\"@type\":\"SearchAction\",\"target\":{\"@type\":\"EntryPoint\",\"urlTemplate\":\"http:\\\/\\\/unaymilletras.com\\\/?s={search_term_string}\"},\"query-input\":{\"@type\":\"PropertyValueSpecification\",\"valueRequired\":true,\"valueName\":\"search_term_string\"}}],\"inLanguage\":\"en-GB\"},{\"@type\":\"Organization\",\"@id\":\"http:\\\/\\\/unaymilletras.com\\\/#organization\",\"name\":\"Una y Mil Letras\",\"url\":\"http:\\\/\\\/unaymilletras.com\\\/\",\"logo\":{\"@type\":\"ImageObject\",\"inLanguage\":\"en-GB\",\"@id\":\"http:\\\/\\\/unaymilletras.com\\\/#\\\/schema\\\/logo\\\/image\\\/\",\"url\":\"https:\\\/\\\/unaymilletras.com\\\/wp-content\\\/uploads\\\/2024\\\/06\\\/cropped-Logo-removebg-preview.png\",\"contentUrl\":\"https:\\\/\\\/unaymilletras.com\\\/wp-content\\\/uploads\\\/2024\\\/06\\\/cropped-Logo-removebg-preview.png\",\"width\":512,\"height\":512,\"caption\":\"Una y Mil Letras\"},\"image\":{\"@id\":\"http:\\\/\\\/unaymilletras.com\\\/#\\\/schema\\\/logo\\\/image\\\/\"},\"sameAs\":[\"https:\\\/\\\/x.com\\\/UnaYMilLetras\",\"https:\\\/\\\/instagram.com\\\/UnaYMilLetras\"]},{\"@type\":\"Person\",\"@id\":\"http:\\\/\\\/unaymilletras.com\\\/#\\\/schema\\\/person\\\/0860dc8a218329991ee2c7591f4f849d\",\"name\":\"Redacci\u00f3n\",\"image\":{\"@type\":\"ImageObject\",\"inLanguage\":\"en-GB\",\"@id\":\"https:\\\/\\\/secure.gravatar.com\\\/avatar\\\/d8f55e05a8b6597e45c55a1dcbdbfe44f4a360d88b48e00de5216a79b7732796?s=96&d=mm&r=g\",\"url\":\"https:\\\/\\\/secure.gravatar.com\\\/avatar\\\/d8f55e05a8b6597e45c55a1dcbdbfe44f4a360d88b48e00de5216a79b7732796?s=96&d=mm&r=g\",\"contentUrl\":\"https:\\\/\\\/secure.gravatar.com\\\/avatar\\\/d8f55e05a8b6597e45c55a1dcbdbfe44f4a360d88b48e00de5216a79b7732796?s=96&d=mm&r=g\",\"caption\":\"Redacci\u00f3n\"},\"url\":\"https:\\\/\\\/unaymilletras.com\\\/en\\\/author\\\/redaccion\\\/\"}]}<\/script>\n<!-- \/ Yoast SEO plugin. -->","yoast_head_json":{"title":"Leo Rizzi llega a Espa\u00f1a tras conquistar Am\u00e9rica Latina con su \"P\u00e1jaro Azul\"","description":"El artista uruguayo-espa\u00f1ol Leo Rizzi llega a Espa\u00f1a con \"P\u00e1jaro Azul\", ofreciendo un viaje musical cargado de emociones y autenticidad","robots":{"index":"index","follow":"follow","max-snippet":"max-snippet:-1","max-image-preview":"max-image-preview:large","max-video-preview":"max-video-preview:-1"},"canonical":"https:\/\/unaymilletras.com\/en\/leo-rizzi-llega-a-espana-tras-conquistar-america-latina-con-su-pajaro-azul\/","og_locale":"en_GB","og_type":"article","og_title":"Leo Rizzi llega a Espa\u00f1a tras conquistar Am\u00e9rica Latina con su \"P\u00e1jaro Azul\"","og_description":"El artista uruguayo-espa\u00f1ol Leo Rizzi llega a Espa\u00f1a con \"P\u00e1jaro Azul\", ofreciendo un viaje musical cargado de emociones y autenticidad","og_url":"https:\/\/unaymilletras.com\/en\/leo-rizzi-llega-a-espana-tras-conquistar-america-latina-con-su-pajaro-azul\/","og_site_name":"Una y Mil Letras","article_published_time":"2025-01-10T16:32:44+00:00","article_modified_time":"2025-01-10T16:33:22+00:00","og_image":[{"width":600,"height":750,"url":"http:\/\/unaymilletras.com\/wp-content\/uploads\/2025\/01\/ed26a244-8f1c-484f-823b-8a8794d3-e1736526580560.jpg","type":"image\/jpeg"}],"author":"Redacci\u00f3n","twitter_card":"summary_large_image","twitter_creator":"@UnaYMilLetras","twitter_site":"@UnaYMilLetras","twitter_misc":{"Written by":"Redacci\u00f3n","Estimated reading time":"2 minutes"},"schema":{"@context":"https:\/\/schema.org","@graph":[{"@type":"Article","@id":"https:\/\/unaymilletras.com\/leo-rizzi-llega-a-espana-tras-conquistar-america-latina-con-su-pajaro-azul\/#article","isPartOf":{"@id":"https:\/\/unaymilletras.com\/leo-rizzi-llega-a-espana-tras-conquistar-america-latina-con-su-pajaro-azul\/"},"author":{"name":"Redacci\u00f3n","@id":"http:\/\/unaymilletras.com\/#\/schema\/person\/0860dc8a218329991ee2c7591f4f849d"},"headline":"Leo Rizzi llega a Espa\u00f1a tras conquistar Am\u00e9rica Latina con su \u00abP\u00e1jaro Azul\u00bb","datePublished":"2025-01-10T16:32:44+00:00","dateModified":"2025-01-10T16:33:22+00:00","mainEntityOfPage":{"@id":"https:\/\/unaymilletras.com\/leo-rizzi-llega-a-espana-tras-conquistar-america-latina-con-su-pajaro-azul\/"},"wordCount":324,"publisher":{"@id":"http:\/\/unaymilletras.com\/#organization"},"image":{"@id":"https:\/\/unaymilletras.com\/leo-rizzi-llega-a-espana-tras-conquistar-america-latina-con-su-pajaro-azul\/#primaryimage"},"thumbnailUrl":"https:\/\/unaymilletras.com\/wp-content\/uploads\/2025\/01\/ed26a244-8f1c-484f-823b-8a8794d3-e1736526580560.jpg","articleSection":["M\u00fasica"],"inLanguage":"en-GB"},{"@type":"WebPage","@id":"https:\/\/unaymilletras.com\/leo-rizzi-llega-a-espana-tras-conquistar-america-latina-con-su-pajaro-azul\/","url":"https:\/\/unaymilletras.com\/leo-rizzi-llega-a-espana-tras-conquistar-america-latina-con-su-pajaro-azul\/","name":"Leo Rizzi llega a Espa\u00f1a tras conquistar Am\u00e9rica Latina con su \"P\u00e1jaro Azul\"","isPartOf":{"@id":"http:\/\/unaymilletras.com\/#website"},"primaryImageOfPage":{"@id":"https:\/\/unaymilletras.com\/leo-rizzi-llega-a-espana-tras-conquistar-america-latina-con-su-pajaro-azul\/#primaryimage"},"image":{"@id":"https:\/\/unaymilletras.com\/leo-rizzi-llega-a-espana-tras-conquistar-america-latina-con-su-pajaro-azul\/#primaryimage"},"thumbnailUrl":"https:\/\/unaymilletras.com\/wp-content\/uploads\/2025\/01\/ed26a244-8f1c-484f-823b-8a8794d3-e1736526580560.jpg","datePublished":"2025-01-10T16:32:44+00:00","dateModified":"2025-01-10T16:33:22+00:00","description":"El artista uruguayo-espa\u00f1ol Leo Rizzi llega a Espa\u00f1a con \"P\u00e1jaro Azul\", ofreciendo un viaje musical cargado de emociones y autenticidad","breadcrumb":{"@id":"https:\/\/unaymilletras.com\/leo-rizzi-llega-a-espana-tras-conquistar-america-latina-con-su-pajaro-azul\/#breadcrumb"},"inLanguage":"en-GB","potentialAction":[{"@type":"ReadAction","target":["https:\/\/unaymilletras.com\/leo-rizzi-llega-a-espana-tras-conquistar-america-latina-con-su-pajaro-azul\/"]}]},{"@type":"ImageObject","inLanguage":"en-GB","@id":"https:\/\/unaymilletras.com\/leo-rizzi-llega-a-espana-tras-conquistar-america-latina-con-su-pajaro-azul\/#primaryimage","url":"https:\/\/unaymilletras.com\/wp-content\/uploads\/2025\/01\/ed26a244-8f1c-484f-823b-8a8794d3-e1736526580560.jpg","contentUrl":"https:\/\/unaymilletras.com\/wp-content\/uploads\/2025\/01\/ed26a244-8f1c-484f-823b-8a8794d3-e1736526580560.jpg","width":600,"height":750},{"@type":"BreadcrumbList","@id":"https:\/\/unaymilletras.com\/leo-rizzi-llega-a-espana-tras-conquistar-america-latina-con-su-pajaro-azul\/#breadcrumb","itemListElement":[{"@type":"ListItem","position":1,"name":"Home","item":"http:\/\/unaymilletras.com\/"},{"@type":"ListItem","position":2,"name":"Leo Rizzi llega a Espa\u00f1a tras conquistar Am\u00e9rica Latina con su \u00abP\u00e1jaro Azul\u00bb"}]},{"@type":"WebSite","@id":"http:\/\/unaymilletras.com\/#website","url":"http:\/\/unaymilletras.com\/","name":"Una y Mil Letras","description":"","publisher":{"@id":"http:\/\/unaymilletras.com\/#organization"},"potentialAction":[{"@type":"SearchAction","target":{"@type":"EntryPoint","urlTemplate":"http:\/\/unaymilletras.com\/?s={search_term_string}"},"query-input":{"@type":"PropertyValueSpecification","valueRequired":true,"valueName":"search_term_string"}}],"inLanguage":"en-GB"},{"@type":"Organization","@id":"http:\/\/unaymilletras.com\/#organization","name":"Una y Mil Letras","url":"http:\/\/unaymilletras.com\/","logo":{"@type":"ImageObject","inLanguage":"en-GB","@id":"http:\/\/unaymilletras.com\/#\/schema\/logo\/image\/","url":"https:\/\/unaymilletras.com\/wp-content\/uploads\/2024\/06\/cropped-Logo-removebg-preview.png","contentUrl":"https:\/\/unaymilletras.com\/wp-content\/uploads\/2024\/06\/cropped-Logo-removebg-preview.png","width":512,"height":512,"caption":"Una y Mil Letras"},"image":{"@id":"http:\/\/unaymilletras.com\/#\/schema\/logo\/image\/"},"sameAs":["https:\/\/x.com\/UnaYMilLetras","https:\/\/instagram.com\/UnaYMilLetras"]},{"@type":"Person","@id":"http:\/\/unaymilletras.com\/#\/schema\/person\/0860dc8a218329991ee2c7591f4f849d","name":"Redacci\u00f3n","image":{"@type":"ImageObject","inLanguage":"en-GB","@id":"https:\/\/secure.gravatar.com\/avatar\/d8f55e05a8b6597e45c55a1dcbdbfe44f4a360d88b48e00de5216a79b7732796?s=96&d=mm&r=g","url":"https:\/\/secure.gravatar.com\/avatar\/d8f55e05a8b6597e45c55a1dcbdbfe44f4a360d88b48e00de5216a79b7732796?s=96&d=mm&r=g","contentUrl":"https:\/\/secure.gravatar.com\/avatar\/d8f55e05a8b6597e45c55a1dcbdbfe44f4a360d88b48e00de5216a79b7732796?s=96&d=mm&r=g","caption":"Redacci\u00f3n"},"url":"https:\/\/unaymilletras.com\/en\/author\/redaccion\/"}]}},"_links":{"self":[{"href":"https:\/\/unaymilletras.com\/en\/wp-json\/wp\/v2\/posts\/3554","targetHints":{"allow":["GET"]}}],"collection":[{"href":"https:\/\/unaymilletras.com\/en\/wp-json\/wp\/v2\/posts"}],"about":[{"href":"https:\/\/unaymilletras.com\/en\/wp-json\/wp\/v2\/types\/post"}],"author":[{"embeddable":true,"href":"https:\/\/unaymilletras.com\/en\/wp-json\/wp\/v2\/users\/6"}],"replies":[{"embeddable":true,"href":"https:\/\/unaymilletras.com\/en\/wp-json\/wp\/v2\/comments?post=3554"}],"version-history":[{"count":7,"href":"https:\/\/unaymilletras.com\/en\/wp-json\/wp\/v2\/posts\/3554\/revisions"}],"predecessor-version":[{"id":3562,"href":"https:\/\/unaymilletras.com\/en\/wp-json\/wp\/v2\/posts\/3554\/revisions\/3562"}],"wp:featuredmedia":[{"embeddable":true,"href":"https:\/\/unaymilletras.com\/en\/wp-json\/wp\/v2\/media\/3556"}],"wp:attachment":[{"href":"https:\/\/unaymilletras.com\/en\/wp-json\/wp\/v2\/media?parent=3554"}],"wp:term":[{"taxonomy":"category","embeddable":true,"href":"https:\/\/unaymilletras.com\/en\/wp-json\/wp\/v2\/categories?post=3554"},{"taxonomy":"post_tag","embeddable":true,"href":"https:\/\/unaymilletras.com\/en\/wp-json\/wp\/v2\/tags?post=3554"}],"curies":[{"name":"wp","href":"https:\/\/api.w.org\/{rel}","templated":true}]}}