{"id":3563,"date":"2025-01-13T12:00:00","date_gmt":"2025-01-13T11:00:00","guid":{"rendered":"https:\/\/unaymilletras.com\/?p=3563"},"modified":"2025-01-12T23:03:42","modified_gmt":"2025-01-12T22:03:42","slug":"ramma-lanza-inmortal-su-tercer-album-de-la-triologia","status":"publish","type":"post","link":"https:\/\/unaymilletras.com\/en\/ramma-lanza-inmortal-su-tercer-album-de-la-triologia\/","title":{"rendered":"Ramma lanza \u00abInmortal\u00bb, su tercer \u00e1lbum de la triolog\u00eda"},"content":{"rendered":"\t\t<div data-elementor-type=\"wp-post\" data-elementor-id=\"3563\" class=\"elementor elementor-3563\">\n\t\t\t\t\t\t<section class=\"elementor-section elementor-top-section elementor-element elementor-element-d6a5240 elementor-section-boxed elementor-section-height-default elementor-section-height-default\" data-id=\"d6a5240\" data-element_type=\"section\" data-e-type=\"section\">\n\t\t\t\t\t\t<div class=\"elementor-container elementor-column-gap-default\">\n\t\t\t\t\t<div class=\"elementor-column elementor-col-100 elementor-top-column elementor-element elementor-element-10fa338\" data-id=\"10fa338\" data-element_type=\"column\" data-e-type=\"column\">\n\t\t\t<div class=\"elementor-widget-wrap elementor-element-populated\">\n\t\t\t\t\t\t<div class=\"elementor-element elementor-element-3dff3c9 elementor-widget elementor-widget-text-editor\" data-id=\"3dff3c9\" data-element_type=\"widget\" data-e-type=\"widget\" data-widget_type=\"text-editor.default\">\n\t\t\t\t<div class=\"elementor-widget-container\">\n\t\t\t\t\t\t\t\t\t<h2 style=\"text-align: center;\"><span style=\"color: #808080;\"><em>Con \u00abInmortal\u00bb Ramma cierra una trilog\u00eda que marca el inicio de una nueva etapa<\/em><\/span><\/h2>\t\t\t\t\t\t\t\t<\/div>\n\t\t\t\t<\/div>\n\t\t\t\t\t<\/div>\n\t\t<\/div>\n\t\t\t\t\t<\/div>\n\t\t<\/section>\n\t\t\t\t<section class=\"elementor-section elementor-top-section elementor-element elementor-element-b9edb2d elementor-section-boxed elementor-section-height-default elementor-section-height-default\" data-id=\"b9edb2d\" data-element_type=\"section\" data-e-type=\"section\">\n\t\t\t\t\t\t<div class=\"elementor-container elementor-column-gap-default\">\n\t\t\t\t\t<div class=\"elementor-column elementor-col-100 elementor-top-column elementor-element elementor-element-de97af0\" data-id=\"de97af0\" data-element_type=\"column\" data-e-type=\"column\">\n\t\t\t<div class=\"elementor-widget-wrap elementor-element-populated\">\n\t\t\t\t\t\t<div class=\"elementor-element elementor-element-141c15b elementor-widget elementor-widget-text-editor\" data-id=\"141c15b\" data-element_type=\"widget\" data-e-type=\"widget\" data-widget_type=\"text-editor.default\">\n\t\t\t\t<div class=\"elementor-widget-container\">\n\t\t\t\t\t\t\t\t\t<p>El artista <b>Ramma<\/b> ha lanzado su esperado tercer \u00e1lbum de estudio, <em><b>Inmortal<\/b><\/em>, que completa la trilog\u00eda formada por <em><b>Incr\u00e9dulo<\/b><\/em> e <em><b>Intr\u00e9pido<\/b><\/em>. Este trabajo, descrito por el propio Ramma como el m\u00e1s importante de su carrera hasta ahora, busca trascender el tiempo con canciones que \u00abno sean descartables y puedan quedarse para siempre\u00bb.<\/p>\n<p><em>Inmortal<\/em> llega tras un intenso 2024, en el que Ramma se consolid\u00f3 como una de las figuras m\u00e1s destacadas de la m\u00fasica urbana. Con momentos memorables como su actuaci\u00f3n en el <b>BSAS Trap<\/b> y un exclusivo encuentro con 500 fans para una preescucha del \u00e1lbum, el artista demostr\u00f3 su capacidad para conectar de manera \u00fanica con su p\u00fablico.<\/p>\t\t\t\t\t\t\t\t<\/div>\n\t\t\t\t<\/div>\n\t\t\t\t\t<\/div>\n\t\t<\/div>\n\t\t\t\t\t<\/div>\n\t\t<\/section>\n\t\t\t\t<section class=\"elementor-section elementor-top-section elementor-element elementor-element-5df102b elementor-section-boxed elementor-section-height-default elementor-section-height-default\" data-id=\"5df102b\" data-element_type=\"section\" data-e-type=\"section\">\n\t\t\t\t\t\t<div class=\"elementor-container elementor-column-gap-default\">\n\t\t\t\t\t<div class=\"elementor-column elementor-col-50 elementor-top-column elementor-element elementor-element-0996228\" data-id=\"0996228\" data-element_type=\"column\" data-e-type=\"column\">\n\t\t\t<div class=\"elementor-widget-wrap elementor-element-populated\">\n\t\t\t\t\t\t<div class=\"elementor-element elementor-element-cb7cd86 elementor-widget elementor-widget-image\" data-id=\"cb7cd86\" data-element_type=\"widget\" data-e-type=\"widget\" data-widget_type=\"image.default\">\n\t\t\t\t<div class=\"elementor-widget-container\">\n\t\t\t\t\t\t\t\t\t\t\t\t\t\t\t<img fetchpriority=\"high\" decoding=\"async\" width=\"640\" height=\"640\" src=\"https:\/\/unaymilletras.com\/wp-content\/uploads\/2025\/01\/IMG_7040-1024x1024.jpg\" class=\"attachment-large size-large wp-image-3565\" alt=\"Ramma\" srcset=\"https:\/\/unaymilletras.com\/wp-content\/uploads\/2025\/01\/IMG_7040-1024x1024.jpg 1024w, https:\/\/unaymilletras.com\/wp-content\/uploads\/2025\/01\/IMG_7040-300x300.jpg 300w, https:\/\/unaymilletras.com\/wp-content\/uploads\/2025\/01\/IMG_7040-150x150.jpg 150w, https:\/\/unaymilletras.com\/wp-content\/uploads\/2025\/01\/IMG_7040-768x768.jpg 768w, https:\/\/unaymilletras.com\/wp-content\/uploads\/2025\/01\/IMG_7040-1536x1536.jpg 1536w, https:\/\/unaymilletras.com\/wp-content\/uploads\/2025\/01\/IMG_7040-2048x2048.jpg 2048w, https:\/\/unaymilletras.com\/wp-content\/uploads\/2025\/01\/IMG_7040-12x12.jpg 12w, https:\/\/unaymilletras.com\/wp-content\/uploads\/2025\/01\/IMG_7040-e1736719208609.jpg 600w\" sizes=\"(max-width: 640px) 100vw, 640px\" \/>\t\t\t\t\t\t\t\t\t\t\t\t\t\t\t<\/div>\n\t\t\t\t<\/div>\n\t\t\t\t\t<\/div>\n\t\t<\/div>\n\t\t\t\t<div class=\"elementor-column elementor-col-50 elementor-top-column elementor-element elementor-element-1edd60e\" data-id=\"1edd60e\" data-element_type=\"column\" data-e-type=\"column\">\n\t\t\t<div class=\"elementor-widget-wrap elementor-element-populated\">\n\t\t\t\t\t\t<div class=\"elementor-element elementor-element-5453ef8 elementor-widget elementor-widget-image\" data-id=\"5453ef8\" data-element_type=\"widget\" data-e-type=\"widget\" data-widget_type=\"image.default\">\n\t\t\t\t<div class=\"elementor-widget-container\">\n\t\t\t\t\t\t\t\t\t\t\t\t\t\t\t<img decoding=\"async\" width=\"640\" height=\"640\" src=\"https:\/\/unaymilletras.com\/wp-content\/uploads\/2025\/01\/IMG_7039-1024x1024.jpg\" class=\"attachment-large size-large wp-image-3566\" alt=\"\" srcset=\"https:\/\/unaymilletras.com\/wp-content\/uploads\/2025\/01\/IMG_7039-1024x1024.jpg 1024w, https:\/\/unaymilletras.com\/wp-content\/uploads\/2025\/01\/IMG_7039-300x300.jpg 300w, https:\/\/unaymilletras.com\/wp-content\/uploads\/2025\/01\/IMG_7039-150x150.jpg 150w, https:\/\/unaymilletras.com\/wp-content\/uploads\/2025\/01\/IMG_7039-768x768.jpg 768w, https:\/\/unaymilletras.com\/wp-content\/uploads\/2025\/01\/IMG_7039-1536x1536.jpg 1536w, https:\/\/unaymilletras.com\/wp-content\/uploads\/2025\/01\/IMG_7039-12x12.jpg 12w, https:\/\/unaymilletras.com\/wp-content\/uploads\/2025\/01\/IMG_7039-e1736719227335.jpg 600w\" sizes=\"(max-width: 640px) 100vw, 640px\" \/>\t\t\t\t\t\t\t\t\t\t\t\t\t\t\t<\/div>\n\t\t\t\t<\/div>\n\t\t\t\t\t<\/div>\n\t\t<\/div>\n\t\t\t\t\t<\/div>\n\t\t<\/section>\n\t\t\t\t<section class=\"elementor-section elementor-top-section elementor-element elementor-element-a125618 elementor-section-boxed elementor-section-height-default elementor-section-height-default\" data-id=\"a125618\" data-element_type=\"section\" data-e-type=\"section\">\n\t\t\t\t\t\t<div class=\"elementor-container elementor-column-gap-default\">\n\t\t\t\t\t<div class=\"elementor-column elementor-col-100 elementor-top-column elementor-element elementor-element-e3bed5e\" data-id=\"e3bed5e\" data-element_type=\"column\" data-e-type=\"column\">\n\t\t\t<div class=\"elementor-widget-wrap elementor-element-populated\">\n\t\t\t\t\t\t<div class=\"elementor-element elementor-element-c435eec elementor-widget elementor-widget-text-editor\" data-id=\"c435eec\" data-element_type=\"widget\" data-e-type=\"widget\" data-widget_type=\"text-editor.default\">\n\t\t\t\t<div class=\"elementor-widget-container\">\n\t\t\t\t\t\t\t\t\t<div class=\"flex max-w-full flex-col flex-grow\"><div class=\"min-h-8 text-message flex w-full flex-col items-end gap-2 whitespace-normal break-words text-start [.text-message+&amp;]:mt-5\" dir=\"auto\" data-message-author-role=\"assistant\" data-message-id=\"eb29f65f-411c-41a0-8ef9-a0a9f9ae692a\" data-message-model-slug=\"gpt-4o\"><div class=\"flex w-full flex-col gap-1 empty:hidden first:pt-[3px]\"><div class=\"markdown prose w-full break-words dark:prose-invert light\"><p>El proceso creativo del disco, que comenz\u00f3 en la \u00e9poca de <em>Intr\u00e9pido<\/em>, ha sido extenso y diverso. \u00abAlgunas canciones las grab\u00e9 en casa, hice mis beats; otras las empec\u00e9 en estudios\u00bb, comparti\u00f3 Ramma. En esta ocasi\u00f3n, ha trabajado con reconocidos productores como Tadu, Dazen, Barta, Lonzo, Tiano y Almeja, y ha puesto especial \u00e9nfasis en las letras, buscando composiciones s\u00f3lidas que refuercen el mensaje del \u00e1lbum.<\/p><p>El lanzamiento marca tambi\u00e9n el inicio de un prometedor 2025, que incluir\u00e1 giras internacionales y la presentaci\u00f3n oficial de <em>Inmortal<\/em> el pr\u00f3ximo 11 de abril en el Complejo Art Media de Buenos Aires. Ramma ha adelantado que este a\u00f1o ser\u00e1 una oportunidad para visitar a fans en otros pa\u00edses, ampliando el alcance de su m\u00fasica y demostrando que est\u00e1 listo para enfrentar nuevos desaf\u00edos.<\/p><p>\u00abInmortal\u00bb ya est\u00e1 disponible en todas las plataformas digitales, consolidando a Ramma como una de las voces m\u00e1s representativas de la escena urbana actual y un artista que sigue rompiendo barreras.<\/p><\/div><\/div><\/div><\/div>\t\t\t\t\t\t\t\t<\/div>\n\t\t\t\t<\/div>\n\t\t\t\t\t<\/div>\n\t\t<\/div>\n\t\t\t\t\t<\/div>\n\t\t<\/section>\n\t\t\t\t<\/div>\n\t\t","protected":false},"excerpt":{"rendered":"<p>Con \u00abInmortal\u00bb Ramma cierra una trilog\u00eda que marca el inicio de una nueva etapa El artista Ramma ha lanzado su esperado tercer \u00e1lbum de estudio, Inmortal, que completa la trilog\u00eda formada por Incr\u00e9dulo e Intr\u00e9pido. Este trabajo, descrito por el propio Ramma como el m\u00e1s importante de su carrera hasta ahora, busca trascender el tiempo [&hellip;]<\/p>\n","protected":false},"author":6,"featured_media":3565,"comment_status":"closed","ping_status":"closed","sticky":false,"template":"","format":"standard","meta":{"footnotes":""},"categories":[4],"tags":[],"class_list":["post-3563","post","type-post","status-publish","format-standard","has-post-thumbnail","hentry","category-musica"],"yoast_head":"<!-- This site is optimized with the Yoast SEO plugin v27.4 - https:\/\/yoast.com\/product\/yoast-seo-wordpress\/ -->\n<title>Ramma lanza &quot;Inmortal&quot;, su tercer \u00e1lbum de la triolog\u00eda<\/title>\n<meta name=\"description\" content=\"Con &quot;Inmortal&quot;, Ramma lanza el cierre de una trilog\u00eda de \u00e1lbumes que marca el inicio de una nueva etapa para \u00e9l\" \/>\n<meta name=\"robots\" content=\"index, follow, max-snippet:-1, max-image-preview:large, max-video-preview:-1\" \/>\n<link rel=\"canonical\" href=\"https:\/\/unaymilletras.com\/en\/ramma-lanza-inmortal-su-tercer-album-de-la-triologia\/\" \/>\n<meta property=\"og:locale\" content=\"en_GB\" \/>\n<meta property=\"og:type\" content=\"article\" \/>\n<meta property=\"og:title\" content=\"Ramma lanza &quot;Inmortal&quot;, su tercer \u00e1lbum de la triolog\u00eda\" \/>\n<meta property=\"og:description\" content=\"Con &quot;Inmortal&quot;, Ramma lanza el cierre de una trilog\u00eda de \u00e1lbumes que marca el inicio de una nueva etapa para \u00e9l\" \/>\n<meta property=\"og:url\" content=\"https:\/\/unaymilletras.com\/en\/ramma-lanza-inmortal-su-tercer-album-de-la-triologia\/\" \/>\n<meta property=\"og:site_name\" content=\"Una y Mil Letras\" \/>\n<meta property=\"article:published_time\" content=\"2025-01-13T11:00:00+00:00\" \/>\n<meta property=\"og:image\" content=\"https:\/\/unaymilletras.com\/wp-content\/uploads\/2025\/01\/IMG_7040-e1736719208609.jpg\" \/>\n\t<meta property=\"og:image:width\" content=\"600\" \/>\n\t<meta property=\"og:image:height\" content=\"600\" \/>\n\t<meta property=\"og:image:type\" content=\"image\/jpeg\" \/>\n<meta name=\"author\" content=\"Redacci\u00f3n\" \/>\n<meta name=\"twitter:card\" content=\"summary_large_image\" \/>\n<meta name=\"twitter:creator\" content=\"@UnaYMilLetras\" \/>\n<meta name=\"twitter:site\" content=\"@UnaYMilLetras\" \/>\n<meta name=\"twitter:label1\" content=\"Written by\" \/>\n\t<meta name=\"twitter:data1\" content=\"Redacci\u00f3n\" \/>\n\t<meta name=\"twitter:label2\" content=\"Estimated reading time\" \/>\n\t<meta name=\"twitter:data2\" content=\"2 minutes\" \/>\n<script type=\"application\/ld+json\" class=\"yoast-schema-graph\">{\"@context\":\"https:\\\/\\\/schema.org\",\"@graph\":[{\"@type\":\"Article\",\"@id\":\"https:\\\/\\\/unaymilletras.com\\\/ramma-lanza-inmortal-su-tercer-album-de-la-triologia\\\/#article\",\"isPartOf\":{\"@id\":\"https:\\\/\\\/unaymilletras.com\\\/ramma-lanza-inmortal-su-tercer-album-de-la-triologia\\\/\"},\"author\":{\"name\":\"Redacci\u00f3n\",\"@id\":\"http:\\\/\\\/unaymilletras.com\\\/#\\\/schema\\\/person\\\/0860dc8a218329991ee2c7591f4f849d\"},\"headline\":\"Ramma lanza \u00abInmortal\u00bb, su tercer \u00e1lbum de la triolog\u00eda\",\"datePublished\":\"2025-01-13T11:00:00+00:00\",\"mainEntityOfPage\":{\"@id\":\"https:\\\/\\\/unaymilletras.com\\\/ramma-lanza-inmortal-su-tercer-album-de-la-triologia\\\/\"},\"wordCount\":311,\"publisher\":{\"@id\":\"http:\\\/\\\/unaymilletras.com\\\/#organization\"},\"image\":{\"@id\":\"https:\\\/\\\/unaymilletras.com\\\/ramma-lanza-inmortal-su-tercer-album-de-la-triologia\\\/#primaryimage\"},\"thumbnailUrl\":\"https:\\\/\\\/unaymilletras.com\\\/wp-content\\\/uploads\\\/2025\\\/01\\\/IMG_7040-e1736719208609.jpg\",\"articleSection\":[\"M\u00fasica\"],\"inLanguage\":\"en-GB\"},{\"@type\":\"WebPage\",\"@id\":\"https:\\\/\\\/unaymilletras.com\\\/ramma-lanza-inmortal-su-tercer-album-de-la-triologia\\\/\",\"url\":\"https:\\\/\\\/unaymilletras.com\\\/ramma-lanza-inmortal-su-tercer-album-de-la-triologia\\\/\",\"name\":\"Ramma lanza \\\"Inmortal\\\", su tercer \u00e1lbum de la triolog\u00eda\",\"isPartOf\":{\"@id\":\"http:\\\/\\\/unaymilletras.com\\\/#website\"},\"primaryImageOfPage\":{\"@id\":\"https:\\\/\\\/unaymilletras.com\\\/ramma-lanza-inmortal-su-tercer-album-de-la-triologia\\\/#primaryimage\"},\"image\":{\"@id\":\"https:\\\/\\\/unaymilletras.com\\\/ramma-lanza-inmortal-su-tercer-album-de-la-triologia\\\/#primaryimage\"},\"thumbnailUrl\":\"https:\\\/\\\/unaymilletras.com\\\/wp-content\\\/uploads\\\/2025\\\/01\\\/IMG_7040-e1736719208609.jpg\",\"datePublished\":\"2025-01-13T11:00:00+00:00\",\"description\":\"Con \\\"Inmortal\\\", Ramma lanza el cierre de una trilog\u00eda de \u00e1lbumes que marca el inicio de una nueva etapa para \u00e9l\",\"breadcrumb\":{\"@id\":\"https:\\\/\\\/unaymilletras.com\\\/ramma-lanza-inmortal-su-tercer-album-de-la-triologia\\\/#breadcrumb\"},\"inLanguage\":\"en-GB\",\"potentialAction\":[{\"@type\":\"ReadAction\",\"target\":[\"https:\\\/\\\/unaymilletras.com\\\/ramma-lanza-inmortal-su-tercer-album-de-la-triologia\\\/\"]}]},{\"@type\":\"ImageObject\",\"inLanguage\":\"en-GB\",\"@id\":\"https:\\\/\\\/unaymilletras.com\\\/ramma-lanza-inmortal-su-tercer-album-de-la-triologia\\\/#primaryimage\",\"url\":\"https:\\\/\\\/unaymilletras.com\\\/wp-content\\\/uploads\\\/2025\\\/01\\\/IMG_7040-e1736719208609.jpg\",\"contentUrl\":\"https:\\\/\\\/unaymilletras.com\\\/wp-content\\\/uploads\\\/2025\\\/01\\\/IMG_7040-e1736719208609.jpg\",\"width\":600,\"height\":600,\"caption\":\"Ramma\"},{\"@type\":\"BreadcrumbList\",\"@id\":\"https:\\\/\\\/unaymilletras.com\\\/ramma-lanza-inmortal-su-tercer-album-de-la-triologia\\\/#breadcrumb\",\"itemListElement\":[{\"@type\":\"ListItem\",\"position\":1,\"name\":\"Home\",\"item\":\"http:\\\/\\\/unaymilletras.com\\\/\"},{\"@type\":\"ListItem\",\"position\":2,\"name\":\"Ramma lanza \u00abInmortal\u00bb, su tercer \u00e1lbum de la triolog\u00eda\"}]},{\"@type\":\"WebSite\",\"@id\":\"http:\\\/\\\/unaymilletras.com\\\/#website\",\"url\":\"http:\\\/\\\/unaymilletras.com\\\/\",\"name\":\"Una y Mil Letras\",\"description\":\"\",\"publisher\":{\"@id\":\"http:\\\/\\\/unaymilletras.com\\\/#organization\"},\"potentialAction\":[{\"@type\":\"SearchAction\",\"target\":{\"@type\":\"EntryPoint\",\"urlTemplate\":\"http:\\\/\\\/unaymilletras.com\\\/?s={search_term_string}\"},\"query-input\":{\"@type\":\"PropertyValueSpecification\",\"valueRequired\":true,\"valueName\":\"search_term_string\"}}],\"inLanguage\":\"en-GB\"},{\"@type\":\"Organization\",\"@id\":\"http:\\\/\\\/unaymilletras.com\\\/#organization\",\"name\":\"Una y Mil Letras\",\"url\":\"http:\\\/\\\/unaymilletras.com\\\/\",\"logo\":{\"@type\":\"ImageObject\",\"inLanguage\":\"en-GB\",\"@id\":\"http:\\\/\\\/unaymilletras.com\\\/#\\\/schema\\\/logo\\\/image\\\/\",\"url\":\"https:\\\/\\\/unaymilletras.com\\\/wp-content\\\/uploads\\\/2024\\\/06\\\/cropped-Logo-removebg-preview.png\",\"contentUrl\":\"https:\\\/\\\/unaymilletras.com\\\/wp-content\\\/uploads\\\/2024\\\/06\\\/cropped-Logo-removebg-preview.png\",\"width\":512,\"height\":512,\"caption\":\"Una y Mil Letras\"},\"image\":{\"@id\":\"http:\\\/\\\/unaymilletras.com\\\/#\\\/schema\\\/logo\\\/image\\\/\"},\"sameAs\":[\"https:\\\/\\\/x.com\\\/UnaYMilLetras\",\"https:\\\/\\\/instagram.com\\\/UnaYMilLetras\"]},{\"@type\":\"Person\",\"@id\":\"http:\\\/\\\/unaymilletras.com\\\/#\\\/schema\\\/person\\\/0860dc8a218329991ee2c7591f4f849d\",\"name\":\"Redacci\u00f3n\",\"image\":{\"@type\":\"ImageObject\",\"inLanguage\":\"en-GB\",\"@id\":\"https:\\\/\\\/secure.gravatar.com\\\/avatar\\\/d8f55e05a8b6597e45c55a1dcbdbfe44f4a360d88b48e00de5216a79b7732796?s=96&d=mm&r=g\",\"url\":\"https:\\\/\\\/secure.gravatar.com\\\/avatar\\\/d8f55e05a8b6597e45c55a1dcbdbfe44f4a360d88b48e00de5216a79b7732796?s=96&d=mm&r=g\",\"contentUrl\":\"https:\\\/\\\/secure.gravatar.com\\\/avatar\\\/d8f55e05a8b6597e45c55a1dcbdbfe44f4a360d88b48e00de5216a79b7732796?s=96&d=mm&r=g\",\"caption\":\"Redacci\u00f3n\"},\"url\":\"https:\\\/\\\/unaymilletras.com\\\/en\\\/author\\\/redaccion\\\/\"}]}<\/script>\n<!-- \/ Yoast SEO plugin. -->","yoast_head_json":{"title":"Ramma lanza \"Inmortal\", su tercer \u00e1lbum de la triolog\u00eda","description":"Con \"Inmortal\", Ramma lanza el cierre de una trilog\u00eda de \u00e1lbumes que marca el inicio de una nueva etapa para \u00e9l","robots":{"index":"index","follow":"follow","max-snippet":"max-snippet:-1","max-image-preview":"max-image-preview:large","max-video-preview":"max-video-preview:-1"},"canonical":"https:\/\/unaymilletras.com\/en\/ramma-lanza-inmortal-su-tercer-album-de-la-triologia\/","og_locale":"en_GB","og_type":"article","og_title":"Ramma lanza \"Inmortal\", su tercer \u00e1lbum de la triolog\u00eda","og_description":"Con \"Inmortal\", Ramma lanza el cierre de una trilog\u00eda de \u00e1lbumes que marca el inicio de una nueva etapa para \u00e9l","og_url":"https:\/\/unaymilletras.com\/en\/ramma-lanza-inmortal-su-tercer-album-de-la-triologia\/","og_site_name":"Una y Mil Letras","article_published_time":"2025-01-13T11:00:00+00:00","og_image":[{"width":600,"height":600,"url":"https:\/\/unaymilletras.com\/wp-content\/uploads\/2025\/01\/IMG_7040-e1736719208609.jpg","type":"image\/jpeg"}],"author":"Redacci\u00f3n","twitter_card":"summary_large_image","twitter_creator":"@UnaYMilLetras","twitter_site":"@UnaYMilLetras","twitter_misc":{"Written by":"Redacci\u00f3n","Estimated reading time":"2 minutes"},"schema":{"@context":"https:\/\/schema.org","@graph":[{"@type":"Article","@id":"https:\/\/unaymilletras.com\/ramma-lanza-inmortal-su-tercer-album-de-la-triologia\/#article","isPartOf":{"@id":"https:\/\/unaymilletras.com\/ramma-lanza-inmortal-su-tercer-album-de-la-triologia\/"},"author":{"name":"Redacci\u00f3n","@id":"http:\/\/unaymilletras.com\/#\/schema\/person\/0860dc8a218329991ee2c7591f4f849d"},"headline":"Ramma lanza \u00abInmortal\u00bb, su tercer \u00e1lbum de la triolog\u00eda","datePublished":"2025-01-13T11:00:00+00:00","mainEntityOfPage":{"@id":"https:\/\/unaymilletras.com\/ramma-lanza-inmortal-su-tercer-album-de-la-triologia\/"},"wordCount":311,"publisher":{"@id":"http:\/\/unaymilletras.com\/#organization"},"image":{"@id":"https:\/\/unaymilletras.com\/ramma-lanza-inmortal-su-tercer-album-de-la-triologia\/#primaryimage"},"thumbnailUrl":"https:\/\/unaymilletras.com\/wp-content\/uploads\/2025\/01\/IMG_7040-e1736719208609.jpg","articleSection":["M\u00fasica"],"inLanguage":"en-GB"},{"@type":"WebPage","@id":"https:\/\/unaymilletras.com\/ramma-lanza-inmortal-su-tercer-album-de-la-triologia\/","url":"https:\/\/unaymilletras.com\/ramma-lanza-inmortal-su-tercer-album-de-la-triologia\/","name":"Ramma lanza \"Inmortal\", su tercer \u00e1lbum de la triolog\u00eda","isPartOf":{"@id":"http:\/\/unaymilletras.com\/#website"},"primaryImageOfPage":{"@id":"https:\/\/unaymilletras.com\/ramma-lanza-inmortal-su-tercer-album-de-la-triologia\/#primaryimage"},"image":{"@id":"https:\/\/unaymilletras.com\/ramma-lanza-inmortal-su-tercer-album-de-la-triologia\/#primaryimage"},"thumbnailUrl":"https:\/\/unaymilletras.com\/wp-content\/uploads\/2025\/01\/IMG_7040-e1736719208609.jpg","datePublished":"2025-01-13T11:00:00+00:00","description":"Con \"Inmortal\", Ramma lanza el cierre de una trilog\u00eda de \u00e1lbumes que marca el inicio de una nueva etapa para \u00e9l","breadcrumb":{"@id":"https:\/\/unaymilletras.com\/ramma-lanza-inmortal-su-tercer-album-de-la-triologia\/#breadcrumb"},"inLanguage":"en-GB","potentialAction":[{"@type":"ReadAction","target":["https:\/\/unaymilletras.com\/ramma-lanza-inmortal-su-tercer-album-de-la-triologia\/"]}]},{"@type":"ImageObject","inLanguage":"en-GB","@id":"https:\/\/unaymilletras.com\/ramma-lanza-inmortal-su-tercer-album-de-la-triologia\/#primaryimage","url":"https:\/\/unaymilletras.com\/wp-content\/uploads\/2025\/01\/IMG_7040-e1736719208609.jpg","contentUrl":"https:\/\/unaymilletras.com\/wp-content\/uploads\/2025\/01\/IMG_7040-e1736719208609.jpg","width":600,"height":600,"caption":"Ramma"},{"@type":"BreadcrumbList","@id":"https:\/\/unaymilletras.com\/ramma-lanza-inmortal-su-tercer-album-de-la-triologia\/#breadcrumb","itemListElement":[{"@type":"ListItem","position":1,"name":"Home","item":"http:\/\/unaymilletras.com\/"},{"@type":"ListItem","position":2,"name":"Ramma lanza \u00abInmortal\u00bb, su tercer \u00e1lbum de la triolog\u00eda"}]},{"@type":"WebSite","@id":"http:\/\/unaymilletras.com\/#website","url":"http:\/\/unaymilletras.com\/","name":"Una y Mil Letras","description":"","publisher":{"@id":"http:\/\/unaymilletras.com\/#organization"},"potentialAction":[{"@type":"SearchAction","target":{"@type":"EntryPoint","urlTemplate":"http:\/\/unaymilletras.com\/?s={search_term_string}"},"query-input":{"@type":"PropertyValueSpecification","valueRequired":true,"valueName":"search_term_string"}}],"inLanguage":"en-GB"},{"@type":"Organization","@id":"http:\/\/unaymilletras.com\/#organization","name":"Una y Mil Letras","url":"http:\/\/unaymilletras.com\/","logo":{"@type":"ImageObject","inLanguage":"en-GB","@id":"http:\/\/unaymilletras.com\/#\/schema\/logo\/image\/","url":"https:\/\/unaymilletras.com\/wp-content\/uploads\/2024\/06\/cropped-Logo-removebg-preview.png","contentUrl":"https:\/\/unaymilletras.com\/wp-content\/uploads\/2024\/06\/cropped-Logo-removebg-preview.png","width":512,"height":512,"caption":"Una y Mil Letras"},"image":{"@id":"http:\/\/unaymilletras.com\/#\/schema\/logo\/image\/"},"sameAs":["https:\/\/x.com\/UnaYMilLetras","https:\/\/instagram.com\/UnaYMilLetras"]},{"@type":"Person","@id":"http:\/\/unaymilletras.com\/#\/schema\/person\/0860dc8a218329991ee2c7591f4f849d","name":"Redacci\u00f3n","image":{"@type":"ImageObject","inLanguage":"en-GB","@id":"https:\/\/secure.gravatar.com\/avatar\/d8f55e05a8b6597e45c55a1dcbdbfe44f4a360d88b48e00de5216a79b7732796?s=96&d=mm&r=g","url":"https:\/\/secure.gravatar.com\/avatar\/d8f55e05a8b6597e45c55a1dcbdbfe44f4a360d88b48e00de5216a79b7732796?s=96&d=mm&r=g","contentUrl":"https:\/\/secure.gravatar.com\/avatar\/d8f55e05a8b6597e45c55a1dcbdbfe44f4a360d88b48e00de5216a79b7732796?s=96&d=mm&r=g","caption":"Redacci\u00f3n"},"url":"https:\/\/unaymilletras.com\/en\/author\/redaccion\/"}]}},"_links":{"self":[{"href":"https:\/\/unaymilletras.com\/en\/wp-json\/wp\/v2\/posts\/3563","targetHints":{"allow":["GET"]}}],"collection":[{"href":"https:\/\/unaymilletras.com\/en\/wp-json\/wp\/v2\/posts"}],"about":[{"href":"https:\/\/unaymilletras.com\/en\/wp-json\/wp\/v2\/types\/post"}],"author":[{"embeddable":true,"href":"https:\/\/unaymilletras.com\/en\/wp-json\/wp\/v2\/users\/6"}],"replies":[{"embeddable":true,"href":"https:\/\/unaymilletras.com\/en\/wp-json\/wp\/v2\/comments?post=3563"}],"version-history":[{"count":4,"href":"https:\/\/unaymilletras.com\/en\/wp-json\/wp\/v2\/posts\/3563\/revisions"}],"predecessor-version":[{"id":3569,"href":"https:\/\/unaymilletras.com\/en\/wp-json\/wp\/v2\/posts\/3563\/revisions\/3569"}],"wp:featuredmedia":[{"embeddable":true,"href":"https:\/\/unaymilletras.com\/en\/wp-json\/wp\/v2\/media\/3565"}],"wp:attachment":[{"href":"https:\/\/unaymilletras.com\/en\/wp-json\/wp\/v2\/media?parent=3563"}],"wp:term":[{"taxonomy":"category","embeddable":true,"href":"https:\/\/unaymilletras.com\/en\/wp-json\/wp\/v2\/categories?post=3563"},{"taxonomy":"post_tag","embeddable":true,"href":"https:\/\/unaymilletras.com\/en\/wp-json\/wp\/v2\/tags?post=3563"}],"curies":[{"name":"wp","href":"https:\/\/api.w.org\/{rel}","templated":true}]}}