{"id":3570,"date":"2025-01-14T12:00:00","date_gmt":"2025-01-14T11:00:00","guid":{"rendered":"https:\/\/unaymilletras.com\/?p=3570"},"modified":"2025-01-12T23:47:33","modified_gmt":"2025-01-12T22:47:33","slug":"boombastic-asturias-2025-unen-a-emilia-estopa-y-steve-aoki","status":"publish","type":"post","link":"https:\/\/unaymilletras.com\/en\/boombastic-asturias-2025-unen-a-emilia-estopa-y-steve-aoki\/","title":{"rendered":"Boombastic Asturias 2025 unen a Emilia, Estopa y Steve Aoki"},"content":{"rendered":"<div data-elementor-type=\"wp-post\" data-elementor-id=\"3570\" class=\"elementor elementor-3570\">\n\t\t\t\t\t\t<section class=\"elementor-section elementor-top-section elementor-element elementor-element-f2daab1 elementor-section-boxed elementor-section-height-default elementor-section-height-default\" data-id=\"f2daab1\" data-element_type=\"section\" data-e-type=\"section\">\n\t\t\t\t\t\t<div class=\"elementor-container elementor-column-gap-default\">\n\t\t\t\t\t<div class=\"elementor-column elementor-col-100 elementor-top-column elementor-element elementor-element-2074337\" data-id=\"2074337\" data-element_type=\"column\" data-e-type=\"column\">\n\t\t\t<div class=\"elementor-widget-wrap elementor-element-populated\">\n\t\t\t\t\t\t<div class=\"elementor-element elementor-element-4ae7ab1 elementor-widget elementor-widget-text-editor\" data-id=\"4ae7ab1\" data-element_type=\"widget\" data-e-type=\"widget\" data-widget_type=\"text-editor.default\">\n\t\t\t\t<div class=\"elementor-widget-container\">\n\t\t\t\t\t\t\t\t\t<h2 style=\"text-align: center;\"><span style=\"color: #808080;\"><em>El festival Boombastic confirma un cartel hist\u00f3rico y se prepara para el que promete ser su edici\u00f3n m\u00e1s grande<\/em><\/span><\/h2>\t\t\t\t\t\t\t\t<\/div>\n\t\t\t\t<\/div>\n\t\t\t\t\t<\/div>\n\t\t<\/div>\n\t\t\t\t\t<\/div>\n\t\t<\/section>\n\t\t\t\t<section class=\"elementor-section elementor-top-section elementor-element elementor-element-d12ba6e elementor-section-boxed elementor-section-height-default elementor-section-height-default\" data-id=\"d12ba6e\" data-element_type=\"section\" data-e-type=\"section\">\n\t\t\t\t\t\t<div class=\"elementor-container elementor-column-gap-default\">\n\t\t\t\t\t<div class=\"elementor-column elementor-col-100 elementor-top-column elementor-element elementor-element-74218b7\" data-id=\"74218b7\" data-element_type=\"column\" data-e-type=\"column\">\n\t\t\t<div class=\"elementor-widget-wrap elementor-element-populated\">\n\t\t\t\t\t\t<div class=\"elementor-element elementor-element-fd124c8 elementor-widget elementor-widget-text-editor\" data-id=\"fd124c8\" data-element_type=\"widget\" data-e-type=\"widget\" data-widget_type=\"text-editor.default\">\n\t\t\t\t<div class=\"elementor-widget-container\">\n\t\t\t\t\t\t\t\t\t<p>El Boombastic Festival 2025 sigue aumentando las expectativas con la confirmaci\u00f3n de m\u00e1s de 50 artistas que actuar\u00e1n en el emblem\u00e1tico recinto de La Morgal, en Llanera, Asturias. Entre las nuevas incorporaciones destacan la artista argentina Emilia, el DJ internacional Steve Aoki y el ic\u00f3nico d\u00fao Estopa, que se suman a un cartel ya repleto de estrellas como Residente, Nicky Jam, Bad Gyal, Tiago PZK, Lit Killah, y muchos m\u00e1s. La nueva edici\u00f3n del festival se celebrar\u00e1 del 17 al 19 de julio, con seis escenarios tem\u00e1ticos, una pool stage, espectaculares zonas de relax y un show de drones que promete ser inolvidable.<\/p>\t\t\t\t\t\t\t\t<\/div>\n\t\t\t\t<\/div>\n\t\t\t\t\t<\/div>\n\t\t<\/div>\n\t\t\t\t\t<\/div>\n\t\t<\/section>\n\t\t\t\t<section class=\"elementor-section elementor-top-section elementor-element elementor-element-3ac3841 elementor-section-boxed elementor-section-height-default elementor-section-height-default\" data-id=\"3ac3841\" data-element_type=\"section\" data-e-type=\"section\">\n\t\t\t\t\t\t<div class=\"elementor-container elementor-column-gap-default\">\n\t\t\t\t\t<div class=\"elementor-column elementor-col-66 elementor-top-column elementor-element elementor-element-b1e04ee\" data-id=\"b1e04ee\" data-element_type=\"column\" data-e-type=\"column\">\n\t\t\t<div class=\"elementor-widget-wrap elementor-element-populated\">\n\t\t\t\t\t\t<div class=\"elementor-element elementor-element-bd604d2 elementor-widget elementor-widget-text-editor\" data-id=\"bd604d2\" data-element_type=\"widget\" data-e-type=\"widget\" data-widget_type=\"text-editor.default\">\n\t\t\t\t<div class=\"elementor-widget-container\">\n\t\t\t\t\t\t\t\t\t<p>El anuncio ha generado gran entusiasmo entre los seguidores del festival, conocidos como \u00abbombis\u00bb, especialmente tras la preventa inicial que agot\u00f3 20.000 entradas en menos de 12 horas, marcando un r\u00e9cord hist\u00f3rico para Boombastic. Las entradas de d\u00eda estar\u00e1n disponibles desde este domingo, 17 de noviembre, a las 12:00h, a trav\u00e9s de la p\u00e1gina oficial del festival.<\/p><p>Entre las novedades de esta edici\u00f3n, Boombastic contar\u00e1 con una destacada representaci\u00f3n asturiana, con artistas como Enol, Mateo Era\u00f1a y Eva Hevia, reforzando su apuesta por talentos locales. Adem\u00e1s, se han confirmado actuaciones de artistas internacionales y nacionales de renombre como Omar Courtz, L-Gante, Elena Rose, Reality y Marc Segu\u00ed, entre otros.<\/p>\t\t\t\t\t\t\t\t<\/div>\n\t\t\t\t<\/div>\n\t\t\t\t\t<\/div>\n\t\t<\/div>\n\t\t\t\t<div class=\"elementor-column elementor-col-33 elementor-top-column elementor-element elementor-element-f59541f\" data-id=\"f59541f\" data-element_type=\"column\" data-e-type=\"column\">\n\t\t\t<div class=\"elementor-widget-wrap elementor-element-populated\">\n\t\t\t\t\t\t<div class=\"elementor-element elementor-element-720c9ed elementor-widget elementor-widget-image\" data-id=\"720c9ed\" data-element_type=\"widget\" data-e-type=\"widget\" data-widget_type=\"image.default\">\n\t\t\t\t<div class=\"elementor-widget-container\">\n\t\t\t\t\t\t\t\t\t\t\t\t\t\t\t<img fetchpriority=\"high\" decoding=\"async\" width=\"640\" height=\"796\" src=\"https:\/\/unaymilletras.com\/wp-content\/uploads\/2025\/01\/GgXoM6SXwAAMta8-823x1024.jpg\" class=\"attachment-large size-large wp-image-3572\" alt=\"Boombastic\" srcset=\"https:\/\/unaymilletras.com\/wp-content\/uploads\/2025\/01\/GgXoM6SXwAAMta8-823x1024.jpg 823w, https:\/\/unaymilletras.com\/wp-content\/uploads\/2025\/01\/GgXoM6SXwAAMta8-241x300.jpg 241w, https:\/\/unaymilletras.com\/wp-content\/uploads\/2025\/01\/GgXoM6SXwAAMta8-768x955.jpg 768w, https:\/\/unaymilletras.com\/wp-content\/uploads\/2025\/01\/GgXoM6SXwAAMta8-10x12.jpg 10w, https:\/\/unaymilletras.com\/wp-content\/uploads\/2025\/01\/GgXoM6SXwAAMta8-1024x1273.jpg 1024w, https:\/\/unaymilletras.com\/wp-content\/uploads\/2025\/01\/GgXoM6SXwAAMta8-e1736721755712.jpg 600w\" sizes=\"(max-width: 640px) 100vw, 640px\" \/>\t\t\t\t\t\t\t\t\t\t\t\t\t\t\t<\/div>\n\t\t\t\t<\/div>\n\t\t\t\t\t<\/div>\n\t\t<\/div>\n\t\t\t\t\t<\/div>\n\t\t<\/section>\n\t\t\t\t<section class=\"elementor-section elementor-top-section elementor-element elementor-element-16a1741 elementor-section-boxed elementor-section-height-default elementor-section-height-default\" data-id=\"16a1741\" data-element_type=\"section\" data-e-type=\"section\">\n\t\t\t\t\t\t<div class=\"elementor-container elementor-column-gap-default\">\n\t\t\t\t\t<div class=\"elementor-column elementor-col-100 elementor-top-column elementor-element elementor-element-9b5da2a\" data-id=\"9b5da2a\" data-element_type=\"column\" data-e-type=\"column\">\n\t\t\t<div class=\"elementor-widget-wrap elementor-element-populated\">\n\t\t\t\t\t\t<div class=\"elementor-element elementor-element-60f1e36 elementor-widget elementor-widget-text-editor\" data-id=\"60f1e36\" data-element_type=\"widget\" data-e-type=\"widget\" data-widget_type=\"text-editor.default\">\n\t\t\t\t<div class=\"elementor-widget-container\">\n\t\t\t\t\t\t\t\t\t<p>Con una oferta que abarca desde el pop y el reguet\u00f3n hasta el rap y el rock, Boombastic 2025 promete ser mucho m\u00e1s que un festival, consolid\u00e1ndose como una experiencia completa de m\u00fasica, cultura y entretenimiento en un entorno \u00fanico.<\/p>\t\t\t\t\t\t\t\t<\/div>\n\t\t\t\t<\/div>\n\t\t\t\t\t<\/div>\n\t\t<\/div>\n\t\t\t\t\t<\/div>\n\t\t<\/section>\n\t\t\t\t<\/div>","protected":false},"excerpt":{"rendered":"<p>El festival Boombastic confirma un cartel hist\u00f3rico y se prepara para el que promete ser su edici\u00f3n m\u00e1s grande El Boombastic Festival 2025 sigue aumentando las expectativas con la confirmaci\u00f3n de m\u00e1s de 50 artistas que actuar\u00e1n en el emblem\u00e1tico recinto de La Morgal, en Llanera, Asturias. Entre las nuevas incorporaciones destacan la artista argentina [&hellip;]<\/p>\n","protected":false},"author":6,"featured_media":3572,"comment_status":"closed","ping_status":"closed","sticky":false,"template":"","format":"standard","meta":{"footnotes":""},"categories":[4],"tags":[],"class_list":["post-3570","post","type-post","status-publish","format-standard","has-post-thumbnail","hentry","category-musica"],"yoast_head":"<!-- This site is optimized with the Yoast SEO plugin v27.4 - https:\/\/yoast.com\/product\/yoast-seo-wordpress\/ -->\n<title>Boombastic Asturias 2025 unen a Emilia, Estopa y Steve Aoki<\/title>\n<meta name=\"description\" content=\"El Festival Boombastic confirma un cartel hist\u00f3rico y se prepara para el que promete ser su edici\u00f3n m\u00e1s grande\" \/>\n<meta name=\"robots\" content=\"index, follow, max-snippet:-1, max-image-preview:large, max-video-preview:-1\" \/>\n<link rel=\"canonical\" href=\"https:\/\/unaymilletras.com\/en\/boombastic-asturias-2025-unen-a-emilia-estopa-y-steve-aoki\/\" \/>\n<meta property=\"og:locale\" content=\"en_GB\" \/>\n<meta property=\"og:type\" content=\"article\" \/>\n<meta property=\"og:title\" content=\"Boombastic Asturias 2025 unen a Emilia, Estopa y Steve Aoki\" \/>\n<meta property=\"og:description\" content=\"El Festival Boombastic confirma un cartel hist\u00f3rico y se prepara para el que promete ser su edici\u00f3n m\u00e1s grande\" \/>\n<meta property=\"og:url\" content=\"https:\/\/unaymilletras.com\/en\/boombastic-asturias-2025-unen-a-emilia-estopa-y-steve-aoki\/\" \/>\n<meta property=\"og:site_name\" content=\"Una y Mil Letras\" \/>\n<meta property=\"article:published_time\" content=\"2025-01-14T11:00:00+00:00\" \/>\n<meta property=\"og:image\" content=\"https:\/\/unaymilletras.com\/wp-content\/uploads\/2025\/01\/GgXoM6SXwAAMta8-e1736721755712.jpg\" \/>\n\t<meta property=\"og:image:width\" content=\"600\" \/>\n\t<meta property=\"og:image:height\" content=\"746\" \/>\n\t<meta property=\"og:image:type\" content=\"image\/jpeg\" \/>\n<meta name=\"author\" content=\"Redacci\u00f3n\" \/>\n<meta name=\"twitter:card\" content=\"summary_large_image\" \/>\n<meta name=\"twitter:creator\" content=\"@UnaYMilLetras\" \/>\n<meta name=\"twitter:site\" content=\"@UnaYMilLetras\" \/>\n<meta name=\"twitter:label1\" content=\"Written by\" \/>\n\t<meta name=\"twitter:data1\" content=\"Redacci\u00f3n\" \/>\n\t<meta name=\"twitter:label2\" content=\"Estimated reading time\" \/>\n\t<meta name=\"twitter:data2\" content=\"2 minutes\" \/>\n<script type=\"application\/ld+json\" class=\"yoast-schema-graph\">{\"@context\":\"https:\\\/\\\/schema.org\",\"@graph\":[{\"@type\":\"Article\",\"@id\":\"https:\\\/\\\/unaymilletras.com\\\/boombastic-asturias-2025-unen-a-emilia-estopa-y-steve-aoki\\\/#article\",\"isPartOf\":{\"@id\":\"https:\\\/\\\/unaymilletras.com\\\/boombastic-asturias-2025-unen-a-emilia-estopa-y-steve-aoki\\\/\"},\"author\":{\"name\":\"Redacci\u00f3n\",\"@id\":\"http:\\\/\\\/unaymilletras.com\\\/#\\\/schema\\\/person\\\/0860dc8a218329991ee2c7591f4f849d\"},\"headline\":\"Boombastic Asturias 2025 unen a Emilia, Estopa y Steve Aoki\",\"datePublished\":\"2025-01-14T11:00:00+00:00\",\"mainEntityOfPage\":{\"@id\":\"https:\\\/\\\/unaymilletras.com\\\/boombastic-asturias-2025-unen-a-emilia-estopa-y-steve-aoki\\\/\"},\"wordCount\":298,\"publisher\":{\"@id\":\"http:\\\/\\\/unaymilletras.com\\\/#organization\"},\"image\":{\"@id\":\"https:\\\/\\\/unaymilletras.com\\\/boombastic-asturias-2025-unen-a-emilia-estopa-y-steve-aoki\\\/#primaryimage\"},\"thumbnailUrl\":\"https:\\\/\\\/unaymilletras.com\\\/wp-content\\\/uploads\\\/2025\\\/01\\\/GgXoM6SXwAAMta8-e1736721755712.jpg\",\"articleSection\":[\"M\u00fasica\"],\"inLanguage\":\"en-GB\"},{\"@type\":\"WebPage\",\"@id\":\"https:\\\/\\\/unaymilletras.com\\\/boombastic-asturias-2025-unen-a-emilia-estopa-y-steve-aoki\\\/\",\"url\":\"https:\\\/\\\/unaymilletras.com\\\/boombastic-asturias-2025-unen-a-emilia-estopa-y-steve-aoki\\\/\",\"name\":\"Boombastic Asturias 2025 unen a Emilia, Estopa y Steve Aoki\",\"isPartOf\":{\"@id\":\"http:\\\/\\\/unaymilletras.com\\\/#website\"},\"primaryImageOfPage\":{\"@id\":\"https:\\\/\\\/unaymilletras.com\\\/boombastic-asturias-2025-unen-a-emilia-estopa-y-steve-aoki\\\/#primaryimage\"},\"image\":{\"@id\":\"https:\\\/\\\/unaymilletras.com\\\/boombastic-asturias-2025-unen-a-emilia-estopa-y-steve-aoki\\\/#primaryimage\"},\"thumbnailUrl\":\"https:\\\/\\\/unaymilletras.com\\\/wp-content\\\/uploads\\\/2025\\\/01\\\/GgXoM6SXwAAMta8-e1736721755712.jpg\",\"datePublished\":\"2025-01-14T11:00:00+00:00\",\"description\":\"El Festival Boombastic confirma un cartel hist\u00f3rico y se prepara para el que promete ser su edici\u00f3n m\u00e1s grande\",\"breadcrumb\":{\"@id\":\"https:\\\/\\\/unaymilletras.com\\\/boombastic-asturias-2025-unen-a-emilia-estopa-y-steve-aoki\\\/#breadcrumb\"},\"inLanguage\":\"en-GB\",\"potentialAction\":[{\"@type\":\"ReadAction\",\"target\":[\"https:\\\/\\\/unaymilletras.com\\\/boombastic-asturias-2025-unen-a-emilia-estopa-y-steve-aoki\\\/\"]}]},{\"@type\":\"ImageObject\",\"inLanguage\":\"en-GB\",\"@id\":\"https:\\\/\\\/unaymilletras.com\\\/boombastic-asturias-2025-unen-a-emilia-estopa-y-steve-aoki\\\/#primaryimage\",\"url\":\"https:\\\/\\\/unaymilletras.com\\\/wp-content\\\/uploads\\\/2025\\\/01\\\/GgXoM6SXwAAMta8-e1736721755712.jpg\",\"contentUrl\":\"https:\\\/\\\/unaymilletras.com\\\/wp-content\\\/uploads\\\/2025\\\/01\\\/GgXoM6SXwAAMta8-e1736721755712.jpg\",\"width\":600,\"height\":746,\"caption\":\"Boombastic\"},{\"@type\":\"BreadcrumbList\",\"@id\":\"https:\\\/\\\/unaymilletras.com\\\/boombastic-asturias-2025-unen-a-emilia-estopa-y-steve-aoki\\\/#breadcrumb\",\"itemListElement\":[{\"@type\":\"ListItem\",\"position\":1,\"name\":\"Home\",\"item\":\"http:\\\/\\\/unaymilletras.com\\\/\"},{\"@type\":\"ListItem\",\"position\":2,\"name\":\"Boombastic Asturias 2025 unen a Emilia, Estopa y Steve Aoki\"}]},{\"@type\":\"WebSite\",\"@id\":\"http:\\\/\\\/unaymilletras.com\\\/#website\",\"url\":\"http:\\\/\\\/unaymilletras.com\\\/\",\"name\":\"Una y Mil Letras\",\"description\":\"\",\"publisher\":{\"@id\":\"http:\\\/\\\/unaymilletras.com\\\/#organization\"},\"potentialAction\":[{\"@type\":\"SearchAction\",\"target\":{\"@type\":\"EntryPoint\",\"urlTemplate\":\"http:\\\/\\\/unaymilletras.com\\\/?s={search_term_string}\"},\"query-input\":{\"@type\":\"PropertyValueSpecification\",\"valueRequired\":true,\"valueName\":\"search_term_string\"}}],\"inLanguage\":\"en-GB\"},{\"@type\":\"Organization\",\"@id\":\"http:\\\/\\\/unaymilletras.com\\\/#organization\",\"name\":\"Una y Mil Letras\",\"url\":\"http:\\\/\\\/unaymilletras.com\\\/\",\"logo\":{\"@type\":\"ImageObject\",\"inLanguage\":\"en-GB\",\"@id\":\"http:\\\/\\\/unaymilletras.com\\\/#\\\/schema\\\/logo\\\/image\\\/\",\"url\":\"https:\\\/\\\/unaymilletras.com\\\/wp-content\\\/uploads\\\/2024\\\/06\\\/cropped-Logo-removebg-preview.png\",\"contentUrl\":\"https:\\\/\\\/unaymilletras.com\\\/wp-content\\\/uploads\\\/2024\\\/06\\\/cropped-Logo-removebg-preview.png\",\"width\":512,\"height\":512,\"caption\":\"Una y Mil Letras\"},\"image\":{\"@id\":\"http:\\\/\\\/unaymilletras.com\\\/#\\\/schema\\\/logo\\\/image\\\/\"},\"sameAs\":[\"https:\\\/\\\/x.com\\\/UnaYMilLetras\",\"https:\\\/\\\/instagram.com\\\/UnaYMilLetras\"]},{\"@type\":\"Person\",\"@id\":\"http:\\\/\\\/unaymilletras.com\\\/#\\\/schema\\\/person\\\/0860dc8a218329991ee2c7591f4f849d\",\"name\":\"Redacci\u00f3n\",\"image\":{\"@type\":\"ImageObject\",\"inLanguage\":\"en-GB\",\"@id\":\"https:\\\/\\\/secure.gravatar.com\\\/avatar\\\/d8f55e05a8b6597e45c55a1dcbdbfe44f4a360d88b48e00de5216a79b7732796?s=96&d=mm&r=g\",\"url\":\"https:\\\/\\\/secure.gravatar.com\\\/avatar\\\/d8f55e05a8b6597e45c55a1dcbdbfe44f4a360d88b48e00de5216a79b7732796?s=96&d=mm&r=g\",\"contentUrl\":\"https:\\\/\\\/secure.gravatar.com\\\/avatar\\\/d8f55e05a8b6597e45c55a1dcbdbfe44f4a360d88b48e00de5216a79b7732796?s=96&d=mm&r=g\",\"caption\":\"Redacci\u00f3n\"},\"url\":\"https:\\\/\\\/unaymilletras.com\\\/en\\\/author\\\/redaccion\\\/\"}]}<\/script>\n<!-- \/ Yoast SEO plugin. -->","yoast_head_json":{"title":"Boombastic Asturias 2025 unen a Emilia, Estopa y Steve Aoki","description":"El Festival Boombastic confirma un cartel hist\u00f3rico y se prepara para el que promete ser su edici\u00f3n m\u00e1s grande","robots":{"index":"index","follow":"follow","max-snippet":"max-snippet:-1","max-image-preview":"max-image-preview:large","max-video-preview":"max-video-preview:-1"},"canonical":"https:\/\/unaymilletras.com\/en\/boombastic-asturias-2025-unen-a-emilia-estopa-y-steve-aoki\/","og_locale":"en_GB","og_type":"article","og_title":"Boombastic Asturias 2025 unen a Emilia, Estopa y Steve Aoki","og_description":"El Festival Boombastic confirma un cartel hist\u00f3rico y se prepara para el que promete ser su edici\u00f3n m\u00e1s grande","og_url":"https:\/\/unaymilletras.com\/en\/boombastic-asturias-2025-unen-a-emilia-estopa-y-steve-aoki\/","og_site_name":"Una y Mil Letras","article_published_time":"2025-01-14T11:00:00+00:00","og_image":[{"width":600,"height":746,"url":"https:\/\/unaymilletras.com\/wp-content\/uploads\/2025\/01\/GgXoM6SXwAAMta8-e1736721755712.jpg","type":"image\/jpeg"}],"author":"Redacci\u00f3n","twitter_card":"summary_large_image","twitter_creator":"@UnaYMilLetras","twitter_site":"@UnaYMilLetras","twitter_misc":{"Written by":"Redacci\u00f3n","Estimated reading time":"2 minutes"},"schema":{"@context":"https:\/\/schema.org","@graph":[{"@type":"Article","@id":"https:\/\/unaymilletras.com\/boombastic-asturias-2025-unen-a-emilia-estopa-y-steve-aoki\/#article","isPartOf":{"@id":"https:\/\/unaymilletras.com\/boombastic-asturias-2025-unen-a-emilia-estopa-y-steve-aoki\/"},"author":{"name":"Redacci\u00f3n","@id":"http:\/\/unaymilletras.com\/#\/schema\/person\/0860dc8a218329991ee2c7591f4f849d"},"headline":"Boombastic Asturias 2025 unen a Emilia, Estopa y Steve Aoki","datePublished":"2025-01-14T11:00:00+00:00","mainEntityOfPage":{"@id":"https:\/\/unaymilletras.com\/boombastic-asturias-2025-unen-a-emilia-estopa-y-steve-aoki\/"},"wordCount":298,"publisher":{"@id":"http:\/\/unaymilletras.com\/#organization"},"image":{"@id":"https:\/\/unaymilletras.com\/boombastic-asturias-2025-unen-a-emilia-estopa-y-steve-aoki\/#primaryimage"},"thumbnailUrl":"https:\/\/unaymilletras.com\/wp-content\/uploads\/2025\/01\/GgXoM6SXwAAMta8-e1736721755712.jpg","articleSection":["M\u00fasica"],"inLanguage":"en-GB"},{"@type":"WebPage","@id":"https:\/\/unaymilletras.com\/boombastic-asturias-2025-unen-a-emilia-estopa-y-steve-aoki\/","url":"https:\/\/unaymilletras.com\/boombastic-asturias-2025-unen-a-emilia-estopa-y-steve-aoki\/","name":"Boombastic Asturias 2025 unen a Emilia, Estopa y Steve Aoki","isPartOf":{"@id":"http:\/\/unaymilletras.com\/#website"},"primaryImageOfPage":{"@id":"https:\/\/unaymilletras.com\/boombastic-asturias-2025-unen-a-emilia-estopa-y-steve-aoki\/#primaryimage"},"image":{"@id":"https:\/\/unaymilletras.com\/boombastic-asturias-2025-unen-a-emilia-estopa-y-steve-aoki\/#primaryimage"},"thumbnailUrl":"https:\/\/unaymilletras.com\/wp-content\/uploads\/2025\/01\/GgXoM6SXwAAMta8-e1736721755712.jpg","datePublished":"2025-01-14T11:00:00+00:00","description":"El Festival Boombastic confirma un cartel hist\u00f3rico y se prepara para el que promete ser su edici\u00f3n m\u00e1s grande","breadcrumb":{"@id":"https:\/\/unaymilletras.com\/boombastic-asturias-2025-unen-a-emilia-estopa-y-steve-aoki\/#breadcrumb"},"inLanguage":"en-GB","potentialAction":[{"@type":"ReadAction","target":["https:\/\/unaymilletras.com\/boombastic-asturias-2025-unen-a-emilia-estopa-y-steve-aoki\/"]}]},{"@type":"ImageObject","inLanguage":"en-GB","@id":"https:\/\/unaymilletras.com\/boombastic-asturias-2025-unen-a-emilia-estopa-y-steve-aoki\/#primaryimage","url":"https:\/\/unaymilletras.com\/wp-content\/uploads\/2025\/01\/GgXoM6SXwAAMta8-e1736721755712.jpg","contentUrl":"https:\/\/unaymilletras.com\/wp-content\/uploads\/2025\/01\/GgXoM6SXwAAMta8-e1736721755712.jpg","width":600,"height":746,"caption":"Boombastic"},{"@type":"BreadcrumbList","@id":"https:\/\/unaymilletras.com\/boombastic-asturias-2025-unen-a-emilia-estopa-y-steve-aoki\/#breadcrumb","itemListElement":[{"@type":"ListItem","position":1,"name":"Home","item":"http:\/\/unaymilletras.com\/"},{"@type":"ListItem","position":2,"name":"Boombastic Asturias 2025 unen a Emilia, Estopa y Steve Aoki"}]},{"@type":"WebSite","@id":"http:\/\/unaymilletras.com\/#website","url":"http:\/\/unaymilletras.com\/","name":"Una y Mil Letras","description":"","publisher":{"@id":"http:\/\/unaymilletras.com\/#organization"},"potentialAction":[{"@type":"SearchAction","target":{"@type":"EntryPoint","urlTemplate":"http:\/\/unaymilletras.com\/?s={search_term_string}"},"query-input":{"@type":"PropertyValueSpecification","valueRequired":true,"valueName":"search_term_string"}}],"inLanguage":"en-GB"},{"@type":"Organization","@id":"http:\/\/unaymilletras.com\/#organization","name":"Una y Mil Letras","url":"http:\/\/unaymilletras.com\/","logo":{"@type":"ImageObject","inLanguage":"en-GB","@id":"http:\/\/unaymilletras.com\/#\/schema\/logo\/image\/","url":"https:\/\/unaymilletras.com\/wp-content\/uploads\/2024\/06\/cropped-Logo-removebg-preview.png","contentUrl":"https:\/\/unaymilletras.com\/wp-content\/uploads\/2024\/06\/cropped-Logo-removebg-preview.png","width":512,"height":512,"caption":"Una y Mil Letras"},"image":{"@id":"http:\/\/unaymilletras.com\/#\/schema\/logo\/image\/"},"sameAs":["https:\/\/x.com\/UnaYMilLetras","https:\/\/instagram.com\/UnaYMilLetras"]},{"@type":"Person","@id":"http:\/\/unaymilletras.com\/#\/schema\/person\/0860dc8a218329991ee2c7591f4f849d","name":"Redacci\u00f3n","image":{"@type":"ImageObject","inLanguage":"en-GB","@id":"https:\/\/secure.gravatar.com\/avatar\/d8f55e05a8b6597e45c55a1dcbdbfe44f4a360d88b48e00de5216a79b7732796?s=96&d=mm&r=g","url":"https:\/\/secure.gravatar.com\/avatar\/d8f55e05a8b6597e45c55a1dcbdbfe44f4a360d88b48e00de5216a79b7732796?s=96&d=mm&r=g","contentUrl":"https:\/\/secure.gravatar.com\/avatar\/d8f55e05a8b6597e45c55a1dcbdbfe44f4a360d88b48e00de5216a79b7732796?s=96&d=mm&r=g","caption":"Redacci\u00f3n"},"url":"https:\/\/unaymilletras.com\/en\/author\/redaccion\/"}]}},"_links":{"self":[{"href":"https:\/\/unaymilletras.com\/en\/wp-json\/wp\/v2\/posts\/3570","targetHints":{"allow":["GET"]}}],"collection":[{"href":"https:\/\/unaymilletras.com\/en\/wp-json\/wp\/v2\/posts"}],"about":[{"href":"https:\/\/unaymilletras.com\/en\/wp-json\/wp\/v2\/types\/post"}],"author":[{"embeddable":true,"href":"https:\/\/unaymilletras.com\/en\/wp-json\/wp\/v2\/users\/6"}],"replies":[{"embeddable":true,"href":"https:\/\/unaymilletras.com\/en\/wp-json\/wp\/v2\/comments?post=3570"}],"version-history":[{"count":4,"href":"https:\/\/unaymilletras.com\/en\/wp-json\/wp\/v2\/posts\/3570\/revisions"}],"predecessor-version":[{"id":3575,"href":"https:\/\/unaymilletras.com\/en\/wp-json\/wp\/v2\/posts\/3570\/revisions\/3575"}],"wp:featuredmedia":[{"embeddable":true,"href":"https:\/\/unaymilletras.com\/en\/wp-json\/wp\/v2\/media\/3572"}],"wp:attachment":[{"href":"https:\/\/unaymilletras.com\/en\/wp-json\/wp\/v2\/media?parent=3570"}],"wp:term":[{"taxonomy":"category","embeddable":true,"href":"https:\/\/unaymilletras.com\/en\/wp-json\/wp\/v2\/categories?post=3570"},{"taxonomy":"post_tag","embeddable":true,"href":"https:\/\/unaymilletras.com\/en\/wp-json\/wp\/v2\/tags?post=3570"}],"curies":[{"name":"wp","href":"https:\/\/api.w.org\/{rel}","templated":true}]}}