{"id":3576,"date":"2025-01-13T22:39:37","date_gmt":"2025-01-13T21:39:37","guid":{"rendered":"https:\/\/unaymilletras.com\/?p=3576"},"modified":"2025-01-13T22:54:18","modified_gmt":"2025-01-13T21:54:18","slug":"juan-magan-celebrara-20-anos-de-carrera-en-el-movistar-arena","status":"publish","type":"post","link":"https:\/\/unaymilletras.com\/en\/juan-magan-celebrara-20-anos-de-carrera-en-el-movistar-arena\/","title":{"rendered":"Juan Mag\u00e1n celebrar\u00e1 20 a\u00f1os de carrera en el Movistar Arena"},"content":{"rendered":"<div data-elementor-type=\"wp-post\" data-elementor-id=\"3576\" class=\"elementor elementor-3576\">\n\t\t\t\t\t\t<section class=\"elementor-section elementor-top-section elementor-element elementor-element-dc36034 elementor-section-boxed elementor-section-height-default elementor-section-height-default\" data-id=\"dc36034\" data-element_type=\"section\" data-e-type=\"section\">\n\t\t\t\t\t\t<div class=\"elementor-container elementor-column-gap-default\">\n\t\t\t\t\t<div class=\"elementor-column elementor-col-100 elementor-top-column elementor-element elementor-element-a7d2bbd\" data-id=\"a7d2bbd\" data-element_type=\"column\" data-e-type=\"column\">\n\t\t\t<div class=\"elementor-widget-wrap elementor-element-populated\">\n\t\t\t\t\t\t<div class=\"elementor-element elementor-element-f959482 elementor-widget elementor-widget-text-editor\" data-id=\"f959482\" data-element_type=\"widget\" data-e-type=\"widget\" data-widget_type=\"text-editor.default\">\n\t\t\t\t<div class=\"elementor-widget-container\">\n\t\t\t\t\t\t\t\t\t<h2 style=\"text-align: center;\"><span style=\"color: #808080;\"><em>El pionero del electro-latino Juan Mag\u00e1n repasar\u00e1 dos d\u00e9cadas de \u00e9xitos en un evento inolvidable con invitados especiales<\/em><\/span><\/h2>\t\t\t\t\t\t\t\t<\/div>\n\t\t\t\t<\/div>\n\t\t\t\t\t<\/div>\n\t\t<\/div>\n\t\t\t\t\t<\/div>\n\t\t<\/section>\n\t\t\t\t<section class=\"elementor-section elementor-top-section elementor-element elementor-element-6cdae2a elementor-section-boxed elementor-section-height-default elementor-section-height-default\" data-id=\"6cdae2a\" data-element_type=\"section\" data-e-type=\"section\">\n\t\t\t\t\t\t<div class=\"elementor-container elementor-column-gap-default\">\n\t\t\t\t\t<div class=\"elementor-column elementor-col-100 elementor-top-column elementor-element elementor-element-647ec55\" data-id=\"647ec55\" data-element_type=\"column\" data-e-type=\"column\">\n\t\t\t<div class=\"elementor-widget-wrap elementor-element-populated\">\n\t\t\t\t\t\t<div class=\"elementor-element elementor-element-9deff8e elementor-widget elementor-widget-text-editor\" data-id=\"9deff8e\" data-element_type=\"widget\" data-e-type=\"widget\" data-widget_type=\"text-editor.default\">\n\t\t\t\t<div class=\"elementor-widget-container\">\n\t\t\t\t\t\t\t\t\t<p>El pr\u00f3ximo 30 de enero de 2025, el WiZink Center de Madrid ser\u00e1 testigo de una celebraci\u00f3n hist\u00f3rica: Juan Mag\u00e1n, una de las figuras m\u00e1s influyentes de la m\u00fasica electro-latina, conmemorar\u00e1 sus 20 a\u00f1os de trayectoria con un concierto especial lleno de sorpresas y colaboraciones.<\/p><p>El evento, organizado por Fever en colaboraci\u00f3n con Blanco y Negro, We Love Asere y Negrita Music Festival, promete convertirse en una experiencia \u00fanica para los amantes de la m\u00fasica latina. Durante m\u00e1s de dos horas, Mag\u00e1n har\u00e1 un recorrido por los momentos m\u00e1s destacados de su carrera, interpretando \u00e9xitos que han marcado generaciones y colaboraciones que lo han llevado a lo m\u00e1s alto de las listas internacionales.<\/p>\t\t\t\t\t\t\t\t<\/div>\n\t\t\t\t<\/div>\n\t\t\t\t\t<\/div>\n\t\t<\/div>\n\t\t\t\t\t<\/div>\n\t\t<\/section>\n\t\t\t\t<section class=\"elementor-section elementor-top-section elementor-element elementor-element-6392e1f elementor-section-boxed elementor-section-height-default elementor-section-height-default\" data-id=\"6392e1f\" data-element_type=\"section\" data-e-type=\"section\">\n\t\t\t\t\t\t<div class=\"elementor-container elementor-column-gap-default\">\n\t\t\t\t\t<div class=\"elementor-column elementor-col-100 elementor-top-column elementor-element elementor-element-26e40b3\" data-id=\"26e40b3\" data-element_type=\"column\" data-e-type=\"column\">\n\t\t\t<div class=\"elementor-widget-wrap elementor-element-populated\">\n\t\t\t\t\t\t<div class=\"elementor-element elementor-element-71ca7e8 elementor-widget elementor-widget-image\" data-id=\"71ca7e8\" data-element_type=\"widget\" data-e-type=\"widget\" data-widget_type=\"image.default\">\n\t\t\t\t<div class=\"elementor-widget-container\">\n\t\t\t\t\t\t\t\t\t\t\t\t\t\t\t<img fetchpriority=\"high\" decoding=\"async\" width=\"640\" height=\"427\" src=\"https:\/\/unaymilletras.com\/wp-content\/uploads\/2025\/01\/568763-JuanMagan_6-1-1-dbb301-original-1734524738-1024x683.jpg\" class=\"attachment-large size-large wp-image-3578\" alt=\"Juan Mag\u00e1n\" srcset=\"https:\/\/unaymilletras.com\/wp-content\/uploads\/2025\/01\/568763-JuanMagan_6-1-1-dbb301-original-1734524738-1024x683.jpg 1024w, https:\/\/unaymilletras.com\/wp-content\/uploads\/2025\/01\/568763-JuanMagan_6-1-1-dbb301-original-1734524738-300x200.jpg 300w, https:\/\/unaymilletras.com\/wp-content\/uploads\/2025\/01\/568763-JuanMagan_6-1-1-dbb301-original-1734524738-768x512.jpg 768w, https:\/\/unaymilletras.com\/wp-content\/uploads\/2025\/01\/568763-JuanMagan_6-1-1-dbb301-original-1734524738-18x12.jpg 18w, https:\/\/unaymilletras.com\/wp-content\/uploads\/2025\/01\/568763-JuanMagan_6-1-1-dbb301-original-1734524738-e1736805207554.jpg 600w\" sizes=\"(max-width: 640px) 100vw, 640px\" \/>\t\t\t\t\t\t\t\t\t\t\t\t\t\t\t<\/div>\n\t\t\t\t<\/div>\n\t\t\t\t\t<\/div>\n\t\t<\/div>\n\t\t\t\t\t<\/div>\n\t\t<\/section>\n\t\t\t\t<section class=\"elementor-section elementor-top-section elementor-element elementor-element-fcaaaa8 elementor-section-boxed elementor-section-height-default elementor-section-height-default\" data-id=\"fcaaaa8\" data-element_type=\"section\" data-e-type=\"section\">\n\t\t\t\t\t\t<div class=\"elementor-container elementor-column-gap-default\">\n\t\t\t\t\t<div class=\"elementor-column elementor-col-100 elementor-top-column elementor-element elementor-element-6d38801\" data-id=\"6d38801\" data-element_type=\"column\" data-e-type=\"column\">\n\t\t\t<div class=\"elementor-widget-wrap elementor-element-populated\">\n\t\t\t\t\t\t<div class=\"elementor-element elementor-element-7f4582d elementor-widget elementor-widget-text-editor\" data-id=\"7f4582d\" data-element_type=\"widget\" data-e-type=\"widget\" data-widget_type=\"text-editor.default\">\n\t\t\t\t<div class=\"elementor-widget-container\">\n\t\t\t\t\t\t\t\t\t<p>Lo que comenz\u00f3 como una propuesta innovadora en la m\u00fasica latina se convirti\u00f3 en un movimiento global que ha consolidado a Juan Mag\u00e1n como un referente del g\u00e9nero. Su capacidad para fusionar ritmos latinos con la electr\u00f3nica ha sido clave para conquistar escenarios de todo el mundo. En este concierto, estar\u00e1 acompa\u00f1ado por artistas invitados que han formado parte de su carrera, creando una noche inolvidable para sus fans.<\/p><p>El espect\u00e1culo comenzar\u00e1 a las 19:00 horas, con la apertura de puertas, y transformar\u00e1 el emblem\u00e1tico WiZink Center en el epicentro del electro-latino. Las entradas para este evento ya est\u00e1n disponibles en la web y la app de Fever, la mayor plataforma de descubrimiento de entretenimiento, lo que garantiza una experiencia de compra r\u00e1pida y segura.<\/p><p>Juan Mag\u00e1n no solo celebra dos d\u00e9cadas de \u00e9xitos, sino tambi\u00e9n su legado como pionero de un g\u00e9nero que ha trascendido fronteras. Este concierto ser\u00e1 una oportunidad \u00fanica para disfrutar de una noche llena de energ\u00eda, nostalgia y m\u00fasica inolvidable.<\/p>\t\t\t\t\t\t\t\t<\/div>\n\t\t\t\t<\/div>\n\t\t\t\t\t<\/div>\n\t\t<\/div>\n\t\t\t\t\t<\/div>\n\t\t<\/section>\n\t\t\t\t<\/div>","protected":false},"excerpt":{"rendered":"<p>El pionero del electro-latino Juan Mag\u00e1n repasar\u00e1 dos d\u00e9cadas de \u00e9xitos en un evento inolvidable con invitados especiales El pr\u00f3ximo 30 de enero de 2025, el WiZink Center de Madrid ser\u00e1 testigo de una celebraci\u00f3n hist\u00f3rica: Juan Mag\u00e1n, una de las figuras m\u00e1s influyentes de la m\u00fasica electro-latina, conmemorar\u00e1 sus 20 a\u00f1os de trayectoria con [&hellip;]<\/p>\n","protected":false},"author":6,"featured_media":3578,"comment_status":"closed","ping_status":"closed","sticky":false,"template":"","format":"standard","meta":{"footnotes":""},"categories":[4],"tags":[],"class_list":["post-3576","post","type-post","status-publish","format-standard","has-post-thumbnail","hentry","category-musica"],"yoast_head":"<!-- This site is optimized with the Yoast SEO plugin v27.4 - https:\/\/yoast.com\/product\/yoast-seo-wordpress\/ -->\n<title>Juan Mag\u00e1n celebrar\u00e1 20 a\u00f1os de carrera en el Movistar Arena<\/title>\n<meta name=\"description\" content=\"El pionero del electro-latino Juan Mag\u00e1n repasar\u00e1 dos d\u00e9cadas de \u00e9xitos en un evento inolvidable con invitados especiales\" \/>\n<meta name=\"robots\" content=\"index, follow, max-snippet:-1, max-image-preview:large, max-video-preview:-1\" \/>\n<link rel=\"canonical\" href=\"https:\/\/unaymilletras.com\/en\/juan-magan-celebrara-20-anos-de-carrera-en-el-movistar-arena\/\" \/>\n<meta property=\"og:locale\" content=\"en_GB\" \/>\n<meta property=\"og:type\" content=\"article\" \/>\n<meta property=\"og:title\" content=\"Juan Mag\u00e1n celebrar\u00e1 20 a\u00f1os de carrera en el Movistar Arena\" \/>\n<meta property=\"og:description\" content=\"El pionero del electro-latino Juan Mag\u00e1n repasar\u00e1 dos d\u00e9cadas de \u00e9xitos en un evento inolvidable con invitados especiales\" \/>\n<meta property=\"og:url\" content=\"https:\/\/unaymilletras.com\/en\/juan-magan-celebrara-20-anos-de-carrera-en-el-movistar-arena\/\" \/>\n<meta property=\"og:site_name\" content=\"Una y Mil Letras\" \/>\n<meta property=\"article:published_time\" content=\"2025-01-13T21:39:37+00:00\" \/>\n<meta property=\"article:modified_time\" content=\"2025-01-13T21:54:18+00:00\" \/>\n<meta property=\"og:image\" content=\"http:\/\/unaymilletras.com\/wp-content\/uploads\/2025\/01\/568763-JuanMagan_6-1-1-dbb301-original-1734524738-e1736805207554.jpg\" \/>\n\t<meta property=\"og:image:width\" content=\"600\" \/>\n\t<meta property=\"og:image:height\" content=\"400\" \/>\n\t<meta property=\"og:image:type\" content=\"image\/jpeg\" \/>\n<meta name=\"author\" content=\"Redacci\u00f3n\" \/>\n<meta name=\"twitter:card\" content=\"summary_large_image\" \/>\n<meta name=\"twitter:creator\" content=\"@UnaYMilLetras\" \/>\n<meta name=\"twitter:site\" content=\"@UnaYMilLetras\" \/>\n<meta name=\"twitter:label1\" content=\"Written by\" \/>\n\t<meta name=\"twitter:data1\" content=\"Redacci\u00f3n\" \/>\n\t<meta name=\"twitter:label2\" content=\"Estimated reading time\" \/>\n\t<meta name=\"twitter:data2\" content=\"2 minutes\" \/>\n<script type=\"application\/ld+json\" class=\"yoast-schema-graph\">{\"@context\":\"https:\\\/\\\/schema.org\",\"@graph\":[{\"@type\":\"Article\",\"@id\":\"https:\\\/\\\/unaymilletras.com\\\/juan-magan-celebrara-20-anos-de-carrera-en-el-movistar-arena\\\/#article\",\"isPartOf\":{\"@id\":\"https:\\\/\\\/unaymilletras.com\\\/juan-magan-celebrara-20-anos-de-carrera-en-el-movistar-arena\\\/\"},\"author\":{\"name\":\"Redacci\u00f3n\",\"@id\":\"http:\\\/\\\/unaymilletras.com\\\/#\\\/schema\\\/person\\\/0860dc8a218329991ee2c7591f4f849d\"},\"headline\":\"Juan Mag\u00e1n celebrar\u00e1 20 a\u00f1os de carrera en el Movistar Arena\",\"datePublished\":\"2025-01-13T21:39:37+00:00\",\"dateModified\":\"2025-01-13T21:54:18+00:00\",\"mainEntityOfPage\":{\"@id\":\"https:\\\/\\\/unaymilletras.com\\\/juan-magan-celebrara-20-anos-de-carrera-en-el-movistar-arena\\\/\"},\"wordCount\":334,\"publisher\":{\"@id\":\"http:\\\/\\\/unaymilletras.com\\\/#organization\"},\"image\":{\"@id\":\"https:\\\/\\\/unaymilletras.com\\\/juan-magan-celebrara-20-anos-de-carrera-en-el-movistar-arena\\\/#primaryimage\"},\"thumbnailUrl\":\"https:\\\/\\\/unaymilletras.com\\\/wp-content\\\/uploads\\\/2025\\\/01\\\/568763-JuanMagan_6-1-1-dbb301-original-1734524738-e1736805207554.jpg\",\"articleSection\":[\"M\u00fasica\"],\"inLanguage\":\"en-GB\"},{\"@type\":\"WebPage\",\"@id\":\"https:\\\/\\\/unaymilletras.com\\\/juan-magan-celebrara-20-anos-de-carrera-en-el-movistar-arena\\\/\",\"url\":\"https:\\\/\\\/unaymilletras.com\\\/juan-magan-celebrara-20-anos-de-carrera-en-el-movistar-arena\\\/\",\"name\":\"Juan Mag\u00e1n celebrar\u00e1 20 a\u00f1os de carrera en el Movistar Arena\",\"isPartOf\":{\"@id\":\"http:\\\/\\\/unaymilletras.com\\\/#website\"},\"primaryImageOfPage\":{\"@id\":\"https:\\\/\\\/unaymilletras.com\\\/juan-magan-celebrara-20-anos-de-carrera-en-el-movistar-arena\\\/#primaryimage\"},\"image\":{\"@id\":\"https:\\\/\\\/unaymilletras.com\\\/juan-magan-celebrara-20-anos-de-carrera-en-el-movistar-arena\\\/#primaryimage\"},\"thumbnailUrl\":\"https:\\\/\\\/unaymilletras.com\\\/wp-content\\\/uploads\\\/2025\\\/01\\\/568763-JuanMagan_6-1-1-dbb301-original-1734524738-e1736805207554.jpg\",\"datePublished\":\"2025-01-13T21:39:37+00:00\",\"dateModified\":\"2025-01-13T21:54:18+00:00\",\"description\":\"El pionero del electro-latino Juan Mag\u00e1n repasar\u00e1 dos d\u00e9cadas de \u00e9xitos en un evento inolvidable con invitados especiales\",\"breadcrumb\":{\"@id\":\"https:\\\/\\\/unaymilletras.com\\\/juan-magan-celebrara-20-anos-de-carrera-en-el-movistar-arena\\\/#breadcrumb\"},\"inLanguage\":\"en-GB\",\"potentialAction\":[{\"@type\":\"ReadAction\",\"target\":[\"https:\\\/\\\/unaymilletras.com\\\/juan-magan-celebrara-20-anos-de-carrera-en-el-movistar-arena\\\/\"]}]},{\"@type\":\"ImageObject\",\"inLanguage\":\"en-GB\",\"@id\":\"https:\\\/\\\/unaymilletras.com\\\/juan-magan-celebrara-20-anos-de-carrera-en-el-movistar-arena\\\/#primaryimage\",\"url\":\"https:\\\/\\\/unaymilletras.com\\\/wp-content\\\/uploads\\\/2025\\\/01\\\/568763-JuanMagan_6-1-1-dbb301-original-1734524738-e1736805207554.jpg\",\"contentUrl\":\"https:\\\/\\\/unaymilletras.com\\\/wp-content\\\/uploads\\\/2025\\\/01\\\/568763-JuanMagan_6-1-1-dbb301-original-1734524738-e1736805207554.jpg\",\"width\":600,\"height\":400,\"caption\":\"Juan Mag\u00e1n\"},{\"@type\":\"BreadcrumbList\",\"@id\":\"https:\\\/\\\/unaymilletras.com\\\/juan-magan-celebrara-20-anos-de-carrera-en-el-movistar-arena\\\/#breadcrumb\",\"itemListElement\":[{\"@type\":\"ListItem\",\"position\":1,\"name\":\"Home\",\"item\":\"http:\\\/\\\/unaymilletras.com\\\/\"},{\"@type\":\"ListItem\",\"position\":2,\"name\":\"Juan Mag\u00e1n celebrar\u00e1 20 a\u00f1os de carrera en el Movistar Arena\"}]},{\"@type\":\"WebSite\",\"@id\":\"http:\\\/\\\/unaymilletras.com\\\/#website\",\"url\":\"http:\\\/\\\/unaymilletras.com\\\/\",\"name\":\"Una y Mil Letras\",\"description\":\"\",\"publisher\":{\"@id\":\"http:\\\/\\\/unaymilletras.com\\\/#organization\"},\"potentialAction\":[{\"@type\":\"SearchAction\",\"target\":{\"@type\":\"EntryPoint\",\"urlTemplate\":\"http:\\\/\\\/unaymilletras.com\\\/?s={search_term_string}\"},\"query-input\":{\"@type\":\"PropertyValueSpecification\",\"valueRequired\":true,\"valueName\":\"search_term_string\"}}],\"inLanguage\":\"en-GB\"},{\"@type\":\"Organization\",\"@id\":\"http:\\\/\\\/unaymilletras.com\\\/#organization\",\"name\":\"Una y Mil Letras\",\"url\":\"http:\\\/\\\/unaymilletras.com\\\/\",\"logo\":{\"@type\":\"ImageObject\",\"inLanguage\":\"en-GB\",\"@id\":\"http:\\\/\\\/unaymilletras.com\\\/#\\\/schema\\\/logo\\\/image\\\/\",\"url\":\"https:\\\/\\\/unaymilletras.com\\\/wp-content\\\/uploads\\\/2024\\\/06\\\/cropped-Logo-removebg-preview.png\",\"contentUrl\":\"https:\\\/\\\/unaymilletras.com\\\/wp-content\\\/uploads\\\/2024\\\/06\\\/cropped-Logo-removebg-preview.png\",\"width\":512,\"height\":512,\"caption\":\"Una y Mil Letras\"},\"image\":{\"@id\":\"http:\\\/\\\/unaymilletras.com\\\/#\\\/schema\\\/logo\\\/image\\\/\"},\"sameAs\":[\"https:\\\/\\\/x.com\\\/UnaYMilLetras\",\"https:\\\/\\\/instagram.com\\\/UnaYMilLetras\"]},{\"@type\":\"Person\",\"@id\":\"http:\\\/\\\/unaymilletras.com\\\/#\\\/schema\\\/person\\\/0860dc8a218329991ee2c7591f4f849d\",\"name\":\"Redacci\u00f3n\",\"image\":{\"@type\":\"ImageObject\",\"inLanguage\":\"en-GB\",\"@id\":\"https:\\\/\\\/secure.gravatar.com\\\/avatar\\\/d8f55e05a8b6597e45c55a1dcbdbfe44f4a360d88b48e00de5216a79b7732796?s=96&d=mm&r=g\",\"url\":\"https:\\\/\\\/secure.gravatar.com\\\/avatar\\\/d8f55e05a8b6597e45c55a1dcbdbfe44f4a360d88b48e00de5216a79b7732796?s=96&d=mm&r=g\",\"contentUrl\":\"https:\\\/\\\/secure.gravatar.com\\\/avatar\\\/d8f55e05a8b6597e45c55a1dcbdbfe44f4a360d88b48e00de5216a79b7732796?s=96&d=mm&r=g\",\"caption\":\"Redacci\u00f3n\"},\"url\":\"https:\\\/\\\/unaymilletras.com\\\/en\\\/author\\\/redaccion\\\/\"}]}<\/script>\n<!-- \/ Yoast SEO plugin. -->","yoast_head_json":{"title":"Juan Mag\u00e1n celebrar\u00e1 20 a\u00f1os de carrera en el Movistar Arena","description":"El pionero del electro-latino Juan Mag\u00e1n repasar\u00e1 dos d\u00e9cadas de \u00e9xitos en un evento inolvidable con invitados especiales","robots":{"index":"index","follow":"follow","max-snippet":"max-snippet:-1","max-image-preview":"max-image-preview:large","max-video-preview":"max-video-preview:-1"},"canonical":"https:\/\/unaymilletras.com\/en\/juan-magan-celebrara-20-anos-de-carrera-en-el-movistar-arena\/","og_locale":"en_GB","og_type":"article","og_title":"Juan Mag\u00e1n celebrar\u00e1 20 a\u00f1os de carrera en el Movistar Arena","og_description":"El pionero del electro-latino Juan Mag\u00e1n repasar\u00e1 dos d\u00e9cadas de \u00e9xitos en un evento inolvidable con invitados especiales","og_url":"https:\/\/unaymilletras.com\/en\/juan-magan-celebrara-20-anos-de-carrera-en-el-movistar-arena\/","og_site_name":"Una y Mil Letras","article_published_time":"2025-01-13T21:39:37+00:00","article_modified_time":"2025-01-13T21:54:18+00:00","og_image":[{"width":600,"height":400,"url":"http:\/\/unaymilletras.com\/wp-content\/uploads\/2025\/01\/568763-JuanMagan_6-1-1-dbb301-original-1734524738-e1736805207554.jpg","type":"image\/jpeg"}],"author":"Redacci\u00f3n","twitter_card":"summary_large_image","twitter_creator":"@UnaYMilLetras","twitter_site":"@UnaYMilLetras","twitter_misc":{"Written by":"Redacci\u00f3n","Estimated reading time":"2 minutes"},"schema":{"@context":"https:\/\/schema.org","@graph":[{"@type":"Article","@id":"https:\/\/unaymilletras.com\/juan-magan-celebrara-20-anos-de-carrera-en-el-movistar-arena\/#article","isPartOf":{"@id":"https:\/\/unaymilletras.com\/juan-magan-celebrara-20-anos-de-carrera-en-el-movistar-arena\/"},"author":{"name":"Redacci\u00f3n","@id":"http:\/\/unaymilletras.com\/#\/schema\/person\/0860dc8a218329991ee2c7591f4f849d"},"headline":"Juan Mag\u00e1n celebrar\u00e1 20 a\u00f1os de carrera en el Movistar Arena","datePublished":"2025-01-13T21:39:37+00:00","dateModified":"2025-01-13T21:54:18+00:00","mainEntityOfPage":{"@id":"https:\/\/unaymilletras.com\/juan-magan-celebrara-20-anos-de-carrera-en-el-movistar-arena\/"},"wordCount":334,"publisher":{"@id":"http:\/\/unaymilletras.com\/#organization"},"image":{"@id":"https:\/\/unaymilletras.com\/juan-magan-celebrara-20-anos-de-carrera-en-el-movistar-arena\/#primaryimage"},"thumbnailUrl":"https:\/\/unaymilletras.com\/wp-content\/uploads\/2025\/01\/568763-JuanMagan_6-1-1-dbb301-original-1734524738-e1736805207554.jpg","articleSection":["M\u00fasica"],"inLanguage":"en-GB"},{"@type":"WebPage","@id":"https:\/\/unaymilletras.com\/juan-magan-celebrara-20-anos-de-carrera-en-el-movistar-arena\/","url":"https:\/\/unaymilletras.com\/juan-magan-celebrara-20-anos-de-carrera-en-el-movistar-arena\/","name":"Juan Mag\u00e1n celebrar\u00e1 20 a\u00f1os de carrera en el Movistar Arena","isPartOf":{"@id":"http:\/\/unaymilletras.com\/#website"},"primaryImageOfPage":{"@id":"https:\/\/unaymilletras.com\/juan-magan-celebrara-20-anos-de-carrera-en-el-movistar-arena\/#primaryimage"},"image":{"@id":"https:\/\/unaymilletras.com\/juan-magan-celebrara-20-anos-de-carrera-en-el-movistar-arena\/#primaryimage"},"thumbnailUrl":"https:\/\/unaymilletras.com\/wp-content\/uploads\/2025\/01\/568763-JuanMagan_6-1-1-dbb301-original-1734524738-e1736805207554.jpg","datePublished":"2025-01-13T21:39:37+00:00","dateModified":"2025-01-13T21:54:18+00:00","description":"El pionero del electro-latino Juan Mag\u00e1n repasar\u00e1 dos d\u00e9cadas de \u00e9xitos en un evento inolvidable con invitados especiales","breadcrumb":{"@id":"https:\/\/unaymilletras.com\/juan-magan-celebrara-20-anos-de-carrera-en-el-movistar-arena\/#breadcrumb"},"inLanguage":"en-GB","potentialAction":[{"@type":"ReadAction","target":["https:\/\/unaymilletras.com\/juan-magan-celebrara-20-anos-de-carrera-en-el-movistar-arena\/"]}]},{"@type":"ImageObject","inLanguage":"en-GB","@id":"https:\/\/unaymilletras.com\/juan-magan-celebrara-20-anos-de-carrera-en-el-movistar-arena\/#primaryimage","url":"https:\/\/unaymilletras.com\/wp-content\/uploads\/2025\/01\/568763-JuanMagan_6-1-1-dbb301-original-1734524738-e1736805207554.jpg","contentUrl":"https:\/\/unaymilletras.com\/wp-content\/uploads\/2025\/01\/568763-JuanMagan_6-1-1-dbb301-original-1734524738-e1736805207554.jpg","width":600,"height":400,"caption":"Juan Mag\u00e1n"},{"@type":"BreadcrumbList","@id":"https:\/\/unaymilletras.com\/juan-magan-celebrara-20-anos-de-carrera-en-el-movistar-arena\/#breadcrumb","itemListElement":[{"@type":"ListItem","position":1,"name":"Home","item":"http:\/\/unaymilletras.com\/"},{"@type":"ListItem","position":2,"name":"Juan Mag\u00e1n celebrar\u00e1 20 a\u00f1os de carrera en el Movistar Arena"}]},{"@type":"WebSite","@id":"http:\/\/unaymilletras.com\/#website","url":"http:\/\/unaymilletras.com\/","name":"Una y Mil Letras","description":"","publisher":{"@id":"http:\/\/unaymilletras.com\/#organization"},"potentialAction":[{"@type":"SearchAction","target":{"@type":"EntryPoint","urlTemplate":"http:\/\/unaymilletras.com\/?s={search_term_string}"},"query-input":{"@type":"PropertyValueSpecification","valueRequired":true,"valueName":"search_term_string"}}],"inLanguage":"en-GB"},{"@type":"Organization","@id":"http:\/\/unaymilletras.com\/#organization","name":"Una y Mil Letras","url":"http:\/\/unaymilletras.com\/","logo":{"@type":"ImageObject","inLanguage":"en-GB","@id":"http:\/\/unaymilletras.com\/#\/schema\/logo\/image\/","url":"https:\/\/unaymilletras.com\/wp-content\/uploads\/2024\/06\/cropped-Logo-removebg-preview.png","contentUrl":"https:\/\/unaymilletras.com\/wp-content\/uploads\/2024\/06\/cropped-Logo-removebg-preview.png","width":512,"height":512,"caption":"Una y Mil Letras"},"image":{"@id":"http:\/\/unaymilletras.com\/#\/schema\/logo\/image\/"},"sameAs":["https:\/\/x.com\/UnaYMilLetras","https:\/\/instagram.com\/UnaYMilLetras"]},{"@type":"Person","@id":"http:\/\/unaymilletras.com\/#\/schema\/person\/0860dc8a218329991ee2c7591f4f849d","name":"Redacci\u00f3n","image":{"@type":"ImageObject","inLanguage":"en-GB","@id":"https:\/\/secure.gravatar.com\/avatar\/d8f55e05a8b6597e45c55a1dcbdbfe44f4a360d88b48e00de5216a79b7732796?s=96&d=mm&r=g","url":"https:\/\/secure.gravatar.com\/avatar\/d8f55e05a8b6597e45c55a1dcbdbfe44f4a360d88b48e00de5216a79b7732796?s=96&d=mm&r=g","contentUrl":"https:\/\/secure.gravatar.com\/avatar\/d8f55e05a8b6597e45c55a1dcbdbfe44f4a360d88b48e00de5216a79b7732796?s=96&d=mm&r=g","caption":"Redacci\u00f3n"},"url":"https:\/\/unaymilletras.com\/en\/author\/redaccion\/"}]}},"_links":{"self":[{"href":"https:\/\/unaymilletras.com\/en\/wp-json\/wp\/v2\/posts\/3576","targetHints":{"allow":["GET"]}}],"collection":[{"href":"https:\/\/unaymilletras.com\/en\/wp-json\/wp\/v2\/posts"}],"about":[{"href":"https:\/\/unaymilletras.com\/en\/wp-json\/wp\/v2\/types\/post"}],"author":[{"embeddable":true,"href":"https:\/\/unaymilletras.com\/en\/wp-json\/wp\/v2\/users\/6"}],"replies":[{"embeddable":true,"href":"https:\/\/unaymilletras.com\/en\/wp-json\/wp\/v2\/comments?post=3576"}],"version-history":[{"count":5,"href":"https:\/\/unaymilletras.com\/en\/wp-json\/wp\/v2\/posts\/3576\/revisions"}],"predecessor-version":[{"id":3582,"href":"https:\/\/unaymilletras.com\/en\/wp-json\/wp\/v2\/posts\/3576\/revisions\/3582"}],"wp:featuredmedia":[{"embeddable":true,"href":"https:\/\/unaymilletras.com\/en\/wp-json\/wp\/v2\/media\/3578"}],"wp:attachment":[{"href":"https:\/\/unaymilletras.com\/en\/wp-json\/wp\/v2\/media?parent=3576"}],"wp:term":[{"taxonomy":"category","embeddable":true,"href":"https:\/\/unaymilletras.com\/en\/wp-json\/wp\/v2\/categories?post=3576"},{"taxonomy":"post_tag","embeddable":true,"href":"https:\/\/unaymilletras.com\/en\/wp-json\/wp\/v2\/tags?post=3576"}],"curies":[{"name":"wp","href":"https:\/\/api.w.org\/{rel}","templated":true}]}}