{"id":3583,"date":"2025-01-16T11:12:58","date_gmt":"2025-01-16T10:12:58","guid":{"rendered":"https:\/\/unaymilletras.com\/?p=3583"},"modified":"2025-01-16T11:16:47","modified_gmt":"2025-01-16T10:16:47","slug":"karlitos-cambia-el-klima","status":"publish","type":"post","link":"https:\/\/unaymilletras.com\/en\/karlitos-cambia-el-klima\/","title":{"rendered":"Karlitos cambia el KLIMA"},"content":{"rendered":"\t\t<div data-elementor-type=\"wp-post\" data-elementor-id=\"3583\" class=\"elementor elementor-3583\">\n\t\t\t\t\t\t<section class=\"elementor-section elementor-top-section elementor-element elementor-element-befbf4a elementor-section-boxed elementor-section-height-default elementor-section-height-default\" data-id=\"befbf4a\" data-element_type=\"section\" data-e-type=\"section\">\n\t\t\t\t\t\t<div class=\"elementor-container elementor-column-gap-default\">\n\t\t\t\t\t<div class=\"elementor-column elementor-col-100 elementor-top-column elementor-element elementor-element-611a250\" data-id=\"611a250\" data-element_type=\"column\" data-e-type=\"column\">\n\t\t\t<div class=\"elementor-widget-wrap elementor-element-populated\">\n\t\t\t\t\t\t<div class=\"elementor-element elementor-element-8cb8ac0 elementor-widget elementor-widget-text-editor\" data-id=\"8cb8ac0\" data-element_type=\"widget\" data-e-type=\"widget\" data-widget_type=\"text-editor.default\">\n\t\t\t\t<div class=\"elementor-widget-container\">\n\t\t\t\t\t\t\t\t\t<h2 style=\"text-align: center;\"><span style=\"color: #808080;\"><em>El joven artista sevillano, Karlitos lanza su nuevo trabajo, consolidando su estilo \u00fanico y su evoluci\u00f3n musical<\/em><\/span><\/h2>\t\t\t\t\t\t\t\t<\/div>\n\t\t\t\t<\/div>\n\t\t\t\t\t<\/div>\n\t\t<\/div>\n\t\t\t\t\t<\/div>\n\t\t<\/section>\n\t\t\t\t<section class=\"elementor-section elementor-top-section elementor-element elementor-element-1fd25d7 elementor-section-boxed elementor-section-height-default elementor-section-height-default\" data-id=\"1fd25d7\" data-element_type=\"section\" data-e-type=\"section\">\n\t\t\t\t\t\t<div class=\"elementor-container elementor-column-gap-default\">\n\t\t\t\t\t<div class=\"elementor-column elementor-col-100 elementor-top-column elementor-element elementor-element-b1a5919\" data-id=\"b1a5919\" data-element_type=\"column\" data-e-type=\"column\">\n\t\t\t<div class=\"elementor-widget-wrap elementor-element-populated\">\n\t\t\t\t\t\t<div class=\"elementor-element elementor-element-c738922 elementor-widget elementor-widget-text-editor\" data-id=\"c738922\" data-element_type=\"widget\" data-e-type=\"widget\" data-widget_type=\"text-editor.default\">\n\t\t\t\t<div class=\"elementor-widget-container\">\n\t\t\t\t\t\t\t\t\t<p><b>Karlitos<\/b> ha presentado oficialmente <em><b>KLIMA<\/b><\/em>, un EP que marca un nuevo cap\u00edtulo en su carrera. Este trabajo, compuesto por cuatro temas, captura un clima emocional que conecta nostalgia, introspecci\u00f3n y alegr\u00eda. Las canciones <em>El Viento<\/em>, <em>El Fr\u00edo (KolaKao)<\/em>, <em>La Lluvia<\/em> y <em>El oKaso<\/em> reflejan la evoluci\u00f3n del artista y su capacidad para transmitir emociones aut\u00e9nticas a trav\u00e9s de la m\u00fasica.<\/p>\t\t\t\t\t\t\t\t<\/div>\n\t\t\t\t<\/div>\n\t\t\t\t\t<\/div>\n\t\t<\/div>\n\t\t\t\t\t<\/div>\n\t\t<\/section>\n\t\t\t\t<section class=\"elementor-section elementor-top-section elementor-element elementor-element-c65e82d elementor-section-boxed elementor-section-height-default elementor-section-height-default\" data-id=\"c65e82d\" data-element_type=\"section\" data-e-type=\"section\">\n\t\t\t\t\t\t<div class=\"elementor-container elementor-column-gap-default\">\n\t\t\t\t\t<div class=\"elementor-column elementor-col-50 elementor-top-column elementor-element elementor-element-6a69c75\" data-id=\"6a69c75\" data-element_type=\"column\" data-e-type=\"column\">\n\t\t\t<div class=\"elementor-widget-wrap elementor-element-populated\">\n\t\t\t\t\t\t<div class=\"elementor-element elementor-element-b76fad8 elementor-widget elementor-widget-text-editor\" data-id=\"b76fad8\" data-element_type=\"widget\" data-e-type=\"widget\" data-widget_type=\"text-editor.default\">\n\t\t\t\t<div class=\"elementor-widget-container\">\n\t\t\t\t\t\t\t\t\t<p>El concepto de <em>KLIMA<\/em> naci\u00f3 de forma org\u00e1nica, cuando Karlitos identific\u00f3 una atm\u00f3sfera com\u00fan entre las canciones, creando un proyecto que va m\u00e1s all\u00e1 de lo musical. Este EP tambi\u00e9n incluye videoclips que complementan la experiencia, mostrando su compromiso con la calidad art\u00edstica.<\/p><p>Inspirado por artistas como Sen Senra y Judeline, Karlitos presenta un sonido m\u00e1s maduro y aut\u00e9ntico, resultado de su crecimiento como creador independiente. Desde sus inicios en el coro de su colegio en Sevilla, ha trabajado para definir un estilo propio que lo distingue en la escena urbana.<\/p>\t\t\t\t\t\t\t\t<\/div>\n\t\t\t\t<\/div>\n\t\t\t\t\t<\/div>\n\t\t<\/div>\n\t\t\t\t<div class=\"elementor-column elementor-col-50 elementor-top-column elementor-element elementor-element-0bcc25d\" data-id=\"0bcc25d\" data-element_type=\"column\" data-e-type=\"column\">\n\t\t\t<div class=\"elementor-widget-wrap elementor-element-populated\">\n\t\t\t\t\t\t<div class=\"elementor-element elementor-element-7b0b130 elementor-widget elementor-widget-image\" data-id=\"7b0b130\" data-element_type=\"widget\" data-e-type=\"widget\" data-widget_type=\"image.default\">\n\t\t\t\t<div class=\"elementor-widget-container\">\n\t\t\t\t\t\t\t\t\t\t\t\t\t\t\t<img fetchpriority=\"high\" decoding=\"async\" width=\"640\" height=\"640\" src=\"https:\/\/unaymilletras.com\/wp-content\/uploads\/2025\/01\/brujula-2-1024x1024.jpg\" class=\"attachment-large size-large wp-image-3586\" alt=\"Karlitos\" srcset=\"https:\/\/unaymilletras.com\/wp-content\/uploads\/2025\/01\/brujula-2-1024x1024.jpg 1024w, https:\/\/unaymilletras.com\/wp-content\/uploads\/2025\/01\/brujula-2-300x300.jpg 300w, https:\/\/unaymilletras.com\/wp-content\/uploads\/2025\/01\/brujula-2-150x150.jpg 150w, https:\/\/unaymilletras.com\/wp-content\/uploads\/2025\/01\/brujula-2-768x768.jpg 768w, https:\/\/unaymilletras.com\/wp-content\/uploads\/2025\/01\/brujula-2-1536x1536.jpg 1536w, https:\/\/unaymilletras.com\/wp-content\/uploads\/2025\/01\/brujula-2-2048x2048.jpg 2048w, https:\/\/unaymilletras.com\/wp-content\/uploads\/2025\/01\/brujula-2-12x12.jpg 12w, https:\/\/unaymilletras.com\/wp-content\/uploads\/2025\/01\/brujula-2-scaled-e1737022487323.jpg 600w\" sizes=\"(max-width: 640px) 100vw, 640px\" \/>\t\t\t\t\t\t\t\t\t\t\t\t\t\t\t<\/div>\n\t\t\t\t<\/div>\n\t\t\t\t\t<\/div>\n\t\t<\/div>\n\t\t\t\t\t<\/div>\n\t\t<\/section>\n\t\t\t\t<section class=\"elementor-section elementor-top-section elementor-element elementor-element-fbccbcd elementor-section-boxed elementor-section-height-default elementor-section-height-default\" data-id=\"fbccbcd\" data-element_type=\"section\" data-e-type=\"section\">\n\t\t\t\t\t\t<div class=\"elementor-container elementor-column-gap-default\">\n\t\t\t\t\t<div class=\"elementor-column elementor-col-100 elementor-top-column elementor-element elementor-element-49a62f0\" data-id=\"49a62f0\" data-element_type=\"column\" data-e-type=\"column\">\n\t\t\t<div class=\"elementor-widget-wrap elementor-element-populated\">\n\t\t\t\t\t\t<div class=\"elementor-element elementor-element-03044bf elementor-widget elementor-widget-text-editor\" data-id=\"03044bf\" data-element_type=\"widget\" data-e-type=\"widget\" data-widget_type=\"text-editor.default\">\n\t\t\t\t<div class=\"elementor-widget-container\">\n\t\t\t\t\t\t\t\t\t<div class=\"flex max-w-full flex-col flex-grow\"><div class=\"min-h-8 text-message flex w-full flex-col items-end gap-2 whitespace-normal break-words text-start [.text-message+&amp;]:mt-5\" dir=\"auto\" data-message-author-role=\"assistant\" data-message-id=\"666508a0-93bc-4bd4-90fe-016ccae2fc6a\" data-message-model-slug=\"gpt-4o\"><div class=\"flex w-full flex-col gap-1 empty:hidden first:pt-[3px]\"><div class=\"markdown prose w-full break-words dark:prose-invert light\"><p>Nacido en 2002, Karlitos ha compartido escenario con artistas como Cano y Soge Culebra, y se ha convertido en una de las promesas m\u00e1s interesantes del panorama musical. <em>KLIMA<\/em> est\u00e1 disponible en todas las plataformas digitales y promete conectar profundamente con quienes buscan m\u00fasica que emociona y deja huella.<\/p><\/div><\/div><\/div><\/div>\t\t\t\t\t\t\t\t<\/div>\n\t\t\t\t<\/div>\n\t\t\t\t\t<\/div>\n\t\t<\/div>\n\t\t\t\t\t<\/div>\n\t\t<\/section>\n\t\t\t\t<section class=\"elementor-section elementor-top-section elementor-element elementor-element-9ad5753 elementor-section-boxed elementor-section-height-default elementor-section-height-default\" data-id=\"9ad5753\" data-element_type=\"section\" data-e-type=\"section\">\n\t\t\t\t\t\t<div class=\"elementor-container elementor-column-gap-default\">\n\t\t\t\t\t<div class=\"elementor-column elementor-col-100 elementor-top-column elementor-element elementor-element-693c612\" data-id=\"693c612\" data-element_type=\"column\" data-e-type=\"column\">\n\t\t\t<div class=\"elementor-widget-wrap elementor-element-populated\">\n\t\t\t\t\t\t<div class=\"elementor-element elementor-element-9f718ae elementor-widget elementor-widget-video\" data-id=\"9f718ae\" data-element_type=\"widget\" data-e-type=\"widget\" data-settings=\"{&quot;youtube_url&quot;:&quot;https:\\\/\\\/www.youtube.com\\\/watch?v=bl6l3xeb-OM&amp;ab_channel=Karlitos&quot;,&quot;video_type&quot;:&quot;youtube&quot;,&quot;controls&quot;:&quot;yes&quot;}\" data-widget_type=\"video.default\">\n\t\t\t\t<div class=\"elementor-widget-container\">\n\t\t\t\t\t\t\t<div class=\"elementor-wrapper elementor-open-inline\">\n\t\t\t<div class=\"elementor-video\"><\/div>\t\t<\/div>\n\t\t\t\t\t\t<\/div>\n\t\t\t\t<\/div>\n\t\t\t\t\t<\/div>\n\t\t<\/div>\n\t\t\t\t\t<\/div>\n\t\t<\/section>\n\t\t\t\t<\/div>\n\t\t","protected":false},"excerpt":{"rendered":"<p>El joven artista sevillano, Karlitos lanza su nuevo trabajo, consolidando su estilo \u00fanico y su evoluci\u00f3n musical Karlitos ha presentado oficialmente KLIMA, un EP que marca un nuevo cap\u00edtulo en su carrera. Este trabajo, compuesto por cuatro temas, captura un clima emocional que conecta nostalgia, introspecci\u00f3n y alegr\u00eda. Las canciones El Viento, El Fr\u00edo (KolaKao), [&hellip;]<\/p>\n","protected":false},"author":6,"featured_media":3586,"comment_status":"closed","ping_status":"closed","sticky":false,"template":"","format":"standard","meta":{"footnotes":""},"categories":[4],"tags":[],"class_list":["post-3583","post","type-post","status-publish","format-standard","has-post-thumbnail","hentry","category-musica"],"yoast_head":"<!-- This site is optimized with the Yoast SEO plugin v27.4 - https:\/\/yoast.com\/product\/yoast-seo-wordpress\/ -->\n<title>Karlitos cambia el KLIMA<\/title>\n<meta name=\"description\" content=\"El joven artista sevillano, Karlitos lanza su nuevo trabajo, consolidando su estilo \u00fanico y su evoluci\u00f3n musical\" \/>\n<meta name=\"robots\" content=\"index, follow, max-snippet:-1, max-image-preview:large, max-video-preview:-1\" \/>\n<link rel=\"canonical\" href=\"https:\/\/unaymilletras.com\/en\/karlitos-cambia-el-klima\/\" \/>\n<meta property=\"og:locale\" content=\"en_GB\" \/>\n<meta property=\"og:type\" content=\"article\" \/>\n<meta property=\"og:title\" content=\"Karlitos cambia el KLIMA\" \/>\n<meta property=\"og:description\" content=\"El joven artista sevillano, Karlitos lanza su nuevo trabajo, consolidando su estilo \u00fanico y su evoluci\u00f3n musical\" \/>\n<meta property=\"og:url\" content=\"https:\/\/unaymilletras.com\/en\/karlitos-cambia-el-klima\/\" \/>\n<meta property=\"og:site_name\" content=\"Una y Mil Letras\" \/>\n<meta property=\"article:published_time\" content=\"2025-01-16T10:12:58+00:00\" \/>\n<meta property=\"article:modified_time\" content=\"2025-01-16T10:16:47+00:00\" \/>\n<meta property=\"og:image\" content=\"http:\/\/unaymilletras.com\/wp-content\/uploads\/2025\/01\/brujula-2-scaled-e1737022487323.jpg\" \/>\n\t<meta property=\"og:image:width\" content=\"600\" \/>\n\t<meta property=\"og:image:height\" content=\"600\" \/>\n\t<meta property=\"og:image:type\" content=\"image\/jpeg\" \/>\n<meta name=\"author\" content=\"Redacci\u00f3n\" \/>\n<meta name=\"twitter:card\" content=\"summary_large_image\" \/>\n<meta name=\"twitter:creator\" content=\"@UnaYMilLetras\" \/>\n<meta name=\"twitter:site\" content=\"@UnaYMilLetras\" \/>\n<meta name=\"twitter:label1\" content=\"Written by\" \/>\n\t<meta name=\"twitter:data1\" content=\"Redacci\u00f3n\" \/>\n\t<meta name=\"twitter:label2\" content=\"Estimated reading time\" \/>\n\t<meta name=\"twitter:data2\" content=\"2 minutes\" \/>\n<script type=\"application\/ld+json\" class=\"yoast-schema-graph\">{\"@context\":\"https:\\\/\\\/schema.org\",\"@graph\":[{\"@type\":\"Article\",\"@id\":\"https:\\\/\\\/unaymilletras.com\\\/karlitos-cambia-el-klima\\\/#article\",\"isPartOf\":{\"@id\":\"https:\\\/\\\/unaymilletras.com\\\/karlitos-cambia-el-klima\\\/\"},\"author\":{\"name\":\"Redacci\u00f3n\",\"@id\":\"http:\\\/\\\/unaymilletras.com\\\/#\\\/schema\\\/person\\\/0860dc8a218329991ee2c7591f4f849d\"},\"headline\":\"Karlitos cambia el KLIMA\",\"datePublished\":\"2025-01-16T10:12:58+00:00\",\"dateModified\":\"2025-01-16T10:16:47+00:00\",\"mainEntityOfPage\":{\"@id\":\"https:\\\/\\\/unaymilletras.com\\\/karlitos-cambia-el-klima\\\/\"},\"wordCount\":251,\"publisher\":{\"@id\":\"http:\\\/\\\/unaymilletras.com\\\/#organization\"},\"image\":{\"@id\":\"https:\\\/\\\/unaymilletras.com\\\/karlitos-cambia-el-klima\\\/#primaryimage\"},\"thumbnailUrl\":\"https:\\\/\\\/unaymilletras.com\\\/wp-content\\\/uploads\\\/2025\\\/01\\\/brujula-2-scaled-e1737022487323.jpg\",\"articleSection\":[\"M\u00fasica\"],\"inLanguage\":\"en-GB\"},{\"@type\":\"WebPage\",\"@id\":\"https:\\\/\\\/unaymilletras.com\\\/karlitos-cambia-el-klima\\\/\",\"url\":\"https:\\\/\\\/unaymilletras.com\\\/karlitos-cambia-el-klima\\\/\",\"name\":\"Karlitos cambia el KLIMA\",\"isPartOf\":{\"@id\":\"http:\\\/\\\/unaymilletras.com\\\/#website\"},\"primaryImageOfPage\":{\"@id\":\"https:\\\/\\\/unaymilletras.com\\\/karlitos-cambia-el-klima\\\/#primaryimage\"},\"image\":{\"@id\":\"https:\\\/\\\/unaymilletras.com\\\/karlitos-cambia-el-klima\\\/#primaryimage\"},\"thumbnailUrl\":\"https:\\\/\\\/unaymilletras.com\\\/wp-content\\\/uploads\\\/2025\\\/01\\\/brujula-2-scaled-e1737022487323.jpg\",\"datePublished\":\"2025-01-16T10:12:58+00:00\",\"dateModified\":\"2025-01-16T10:16:47+00:00\",\"description\":\"El joven artista sevillano, Karlitos lanza su nuevo trabajo, consolidando su estilo \u00fanico y su evoluci\u00f3n musical\",\"breadcrumb\":{\"@id\":\"https:\\\/\\\/unaymilletras.com\\\/karlitos-cambia-el-klima\\\/#breadcrumb\"},\"inLanguage\":\"en-GB\",\"potentialAction\":[{\"@type\":\"ReadAction\",\"target\":[\"https:\\\/\\\/unaymilletras.com\\\/karlitos-cambia-el-klima\\\/\"]}]},{\"@type\":\"ImageObject\",\"inLanguage\":\"en-GB\",\"@id\":\"https:\\\/\\\/unaymilletras.com\\\/karlitos-cambia-el-klima\\\/#primaryimage\",\"url\":\"https:\\\/\\\/unaymilletras.com\\\/wp-content\\\/uploads\\\/2025\\\/01\\\/brujula-2-scaled-e1737022487323.jpg\",\"contentUrl\":\"https:\\\/\\\/unaymilletras.com\\\/wp-content\\\/uploads\\\/2025\\\/01\\\/brujula-2-scaled-e1737022487323.jpg\",\"width\":600,\"height\":600,\"caption\":\"Karlitos\"},{\"@type\":\"BreadcrumbList\",\"@id\":\"https:\\\/\\\/unaymilletras.com\\\/karlitos-cambia-el-klima\\\/#breadcrumb\",\"itemListElement\":[{\"@type\":\"ListItem\",\"position\":1,\"name\":\"Home\",\"item\":\"http:\\\/\\\/unaymilletras.com\\\/\"},{\"@type\":\"ListItem\",\"position\":2,\"name\":\"Karlitos cambia el KLIMA\"}]},{\"@type\":\"WebSite\",\"@id\":\"http:\\\/\\\/unaymilletras.com\\\/#website\",\"url\":\"http:\\\/\\\/unaymilletras.com\\\/\",\"name\":\"Una y Mil Letras\",\"description\":\"\",\"publisher\":{\"@id\":\"http:\\\/\\\/unaymilletras.com\\\/#organization\"},\"potentialAction\":[{\"@type\":\"SearchAction\",\"target\":{\"@type\":\"EntryPoint\",\"urlTemplate\":\"http:\\\/\\\/unaymilletras.com\\\/?s={search_term_string}\"},\"query-input\":{\"@type\":\"PropertyValueSpecification\",\"valueRequired\":true,\"valueName\":\"search_term_string\"}}],\"inLanguage\":\"en-GB\"},{\"@type\":\"Organization\",\"@id\":\"http:\\\/\\\/unaymilletras.com\\\/#organization\",\"name\":\"Una y Mil Letras\",\"url\":\"http:\\\/\\\/unaymilletras.com\\\/\",\"logo\":{\"@type\":\"ImageObject\",\"inLanguage\":\"en-GB\",\"@id\":\"http:\\\/\\\/unaymilletras.com\\\/#\\\/schema\\\/logo\\\/image\\\/\",\"url\":\"https:\\\/\\\/unaymilletras.com\\\/wp-content\\\/uploads\\\/2024\\\/06\\\/cropped-Logo-removebg-preview.png\",\"contentUrl\":\"https:\\\/\\\/unaymilletras.com\\\/wp-content\\\/uploads\\\/2024\\\/06\\\/cropped-Logo-removebg-preview.png\",\"width\":512,\"height\":512,\"caption\":\"Una y Mil Letras\"},\"image\":{\"@id\":\"http:\\\/\\\/unaymilletras.com\\\/#\\\/schema\\\/logo\\\/image\\\/\"},\"sameAs\":[\"https:\\\/\\\/x.com\\\/UnaYMilLetras\",\"https:\\\/\\\/instagram.com\\\/UnaYMilLetras\"]},{\"@type\":\"Person\",\"@id\":\"http:\\\/\\\/unaymilletras.com\\\/#\\\/schema\\\/person\\\/0860dc8a218329991ee2c7591f4f849d\",\"name\":\"Redacci\u00f3n\",\"image\":{\"@type\":\"ImageObject\",\"inLanguage\":\"en-GB\",\"@id\":\"https:\\\/\\\/secure.gravatar.com\\\/avatar\\\/d8f55e05a8b6597e45c55a1dcbdbfe44f4a360d88b48e00de5216a79b7732796?s=96&d=mm&r=g\",\"url\":\"https:\\\/\\\/secure.gravatar.com\\\/avatar\\\/d8f55e05a8b6597e45c55a1dcbdbfe44f4a360d88b48e00de5216a79b7732796?s=96&d=mm&r=g\",\"contentUrl\":\"https:\\\/\\\/secure.gravatar.com\\\/avatar\\\/d8f55e05a8b6597e45c55a1dcbdbfe44f4a360d88b48e00de5216a79b7732796?s=96&d=mm&r=g\",\"caption\":\"Redacci\u00f3n\"},\"url\":\"https:\\\/\\\/unaymilletras.com\\\/en\\\/author\\\/redaccion\\\/\"}]}<\/script>\n<!-- \/ Yoast SEO plugin. -->","yoast_head_json":{"title":"Karlitos cambia el KLIMA","description":"El joven artista sevillano, Karlitos lanza su nuevo trabajo, consolidando su estilo \u00fanico y su evoluci\u00f3n musical","robots":{"index":"index","follow":"follow","max-snippet":"max-snippet:-1","max-image-preview":"max-image-preview:large","max-video-preview":"max-video-preview:-1"},"canonical":"https:\/\/unaymilletras.com\/en\/karlitos-cambia-el-klima\/","og_locale":"en_GB","og_type":"article","og_title":"Karlitos cambia el KLIMA","og_description":"El joven artista sevillano, Karlitos lanza su nuevo trabajo, consolidando su estilo \u00fanico y su evoluci\u00f3n musical","og_url":"https:\/\/unaymilletras.com\/en\/karlitos-cambia-el-klima\/","og_site_name":"Una y Mil Letras","article_published_time":"2025-01-16T10:12:58+00:00","article_modified_time":"2025-01-16T10:16:47+00:00","og_image":[{"width":600,"height":600,"url":"http:\/\/unaymilletras.com\/wp-content\/uploads\/2025\/01\/brujula-2-scaled-e1737022487323.jpg","type":"image\/jpeg"}],"author":"Redacci\u00f3n","twitter_card":"summary_large_image","twitter_creator":"@UnaYMilLetras","twitter_site":"@UnaYMilLetras","twitter_misc":{"Written by":"Redacci\u00f3n","Estimated reading time":"2 minutes"},"schema":{"@context":"https:\/\/schema.org","@graph":[{"@type":"Article","@id":"https:\/\/unaymilletras.com\/karlitos-cambia-el-klima\/#article","isPartOf":{"@id":"https:\/\/unaymilletras.com\/karlitos-cambia-el-klima\/"},"author":{"name":"Redacci\u00f3n","@id":"http:\/\/unaymilletras.com\/#\/schema\/person\/0860dc8a218329991ee2c7591f4f849d"},"headline":"Karlitos cambia el KLIMA","datePublished":"2025-01-16T10:12:58+00:00","dateModified":"2025-01-16T10:16:47+00:00","mainEntityOfPage":{"@id":"https:\/\/unaymilletras.com\/karlitos-cambia-el-klima\/"},"wordCount":251,"publisher":{"@id":"http:\/\/unaymilletras.com\/#organization"},"image":{"@id":"https:\/\/unaymilletras.com\/karlitos-cambia-el-klima\/#primaryimage"},"thumbnailUrl":"https:\/\/unaymilletras.com\/wp-content\/uploads\/2025\/01\/brujula-2-scaled-e1737022487323.jpg","articleSection":["M\u00fasica"],"inLanguage":"en-GB"},{"@type":"WebPage","@id":"https:\/\/unaymilletras.com\/karlitos-cambia-el-klima\/","url":"https:\/\/unaymilletras.com\/karlitos-cambia-el-klima\/","name":"Karlitos cambia el KLIMA","isPartOf":{"@id":"http:\/\/unaymilletras.com\/#website"},"primaryImageOfPage":{"@id":"https:\/\/unaymilletras.com\/karlitos-cambia-el-klima\/#primaryimage"},"image":{"@id":"https:\/\/unaymilletras.com\/karlitos-cambia-el-klima\/#primaryimage"},"thumbnailUrl":"https:\/\/unaymilletras.com\/wp-content\/uploads\/2025\/01\/brujula-2-scaled-e1737022487323.jpg","datePublished":"2025-01-16T10:12:58+00:00","dateModified":"2025-01-16T10:16:47+00:00","description":"El joven artista sevillano, Karlitos lanza su nuevo trabajo, consolidando su estilo \u00fanico y su evoluci\u00f3n musical","breadcrumb":{"@id":"https:\/\/unaymilletras.com\/karlitos-cambia-el-klima\/#breadcrumb"},"inLanguage":"en-GB","potentialAction":[{"@type":"ReadAction","target":["https:\/\/unaymilletras.com\/karlitos-cambia-el-klima\/"]}]},{"@type":"ImageObject","inLanguage":"en-GB","@id":"https:\/\/unaymilletras.com\/karlitos-cambia-el-klima\/#primaryimage","url":"https:\/\/unaymilletras.com\/wp-content\/uploads\/2025\/01\/brujula-2-scaled-e1737022487323.jpg","contentUrl":"https:\/\/unaymilletras.com\/wp-content\/uploads\/2025\/01\/brujula-2-scaled-e1737022487323.jpg","width":600,"height":600,"caption":"Karlitos"},{"@type":"BreadcrumbList","@id":"https:\/\/unaymilletras.com\/karlitos-cambia-el-klima\/#breadcrumb","itemListElement":[{"@type":"ListItem","position":1,"name":"Home","item":"http:\/\/unaymilletras.com\/"},{"@type":"ListItem","position":2,"name":"Karlitos cambia el KLIMA"}]},{"@type":"WebSite","@id":"http:\/\/unaymilletras.com\/#website","url":"http:\/\/unaymilletras.com\/","name":"Una y Mil Letras","description":"","publisher":{"@id":"http:\/\/unaymilletras.com\/#organization"},"potentialAction":[{"@type":"SearchAction","target":{"@type":"EntryPoint","urlTemplate":"http:\/\/unaymilletras.com\/?s={search_term_string}"},"query-input":{"@type":"PropertyValueSpecification","valueRequired":true,"valueName":"search_term_string"}}],"inLanguage":"en-GB"},{"@type":"Organization","@id":"http:\/\/unaymilletras.com\/#organization","name":"Una y Mil Letras","url":"http:\/\/unaymilletras.com\/","logo":{"@type":"ImageObject","inLanguage":"en-GB","@id":"http:\/\/unaymilletras.com\/#\/schema\/logo\/image\/","url":"https:\/\/unaymilletras.com\/wp-content\/uploads\/2024\/06\/cropped-Logo-removebg-preview.png","contentUrl":"https:\/\/unaymilletras.com\/wp-content\/uploads\/2024\/06\/cropped-Logo-removebg-preview.png","width":512,"height":512,"caption":"Una y Mil Letras"},"image":{"@id":"http:\/\/unaymilletras.com\/#\/schema\/logo\/image\/"},"sameAs":["https:\/\/x.com\/UnaYMilLetras","https:\/\/instagram.com\/UnaYMilLetras"]},{"@type":"Person","@id":"http:\/\/unaymilletras.com\/#\/schema\/person\/0860dc8a218329991ee2c7591f4f849d","name":"Redacci\u00f3n","image":{"@type":"ImageObject","inLanguage":"en-GB","@id":"https:\/\/secure.gravatar.com\/avatar\/d8f55e05a8b6597e45c55a1dcbdbfe44f4a360d88b48e00de5216a79b7732796?s=96&d=mm&r=g","url":"https:\/\/secure.gravatar.com\/avatar\/d8f55e05a8b6597e45c55a1dcbdbfe44f4a360d88b48e00de5216a79b7732796?s=96&d=mm&r=g","contentUrl":"https:\/\/secure.gravatar.com\/avatar\/d8f55e05a8b6597e45c55a1dcbdbfe44f4a360d88b48e00de5216a79b7732796?s=96&d=mm&r=g","caption":"Redacci\u00f3n"},"url":"https:\/\/unaymilletras.com\/en\/author\/redaccion\/"}]}},"_links":{"self":[{"href":"https:\/\/unaymilletras.com\/en\/wp-json\/wp\/v2\/posts\/3583","targetHints":{"allow":["GET"]}}],"collection":[{"href":"https:\/\/unaymilletras.com\/en\/wp-json\/wp\/v2\/posts"}],"about":[{"href":"https:\/\/unaymilletras.com\/en\/wp-json\/wp\/v2\/types\/post"}],"author":[{"embeddable":true,"href":"https:\/\/unaymilletras.com\/en\/wp-json\/wp\/v2\/users\/6"}],"replies":[{"embeddable":true,"href":"https:\/\/unaymilletras.com\/en\/wp-json\/wp\/v2\/comments?post=3583"}],"version-history":[{"count":7,"href":"https:\/\/unaymilletras.com\/en\/wp-json\/wp\/v2\/posts\/3583\/revisions"}],"predecessor-version":[{"id":3592,"href":"https:\/\/unaymilletras.com\/en\/wp-json\/wp\/v2\/posts\/3583\/revisions\/3592"}],"wp:featuredmedia":[{"embeddable":true,"href":"https:\/\/unaymilletras.com\/en\/wp-json\/wp\/v2\/media\/3586"}],"wp:attachment":[{"href":"https:\/\/unaymilletras.com\/en\/wp-json\/wp\/v2\/media?parent=3583"}],"wp:term":[{"taxonomy":"category","embeddable":true,"href":"https:\/\/unaymilletras.com\/en\/wp-json\/wp\/v2\/categories?post=3583"},{"taxonomy":"post_tag","embeddable":true,"href":"https:\/\/unaymilletras.com\/en\/wp-json\/wp\/v2\/tags?post=3583"}],"curies":[{"name":"wp","href":"https:\/\/api.w.org\/{rel}","templated":true}]}}