{"id":3593,"date":"2025-01-17T18:40:20","date_gmt":"2025-01-17T17:40:20","guid":{"rendered":"https:\/\/unaymilletras.com\/?p=3593"},"modified":"2025-01-17T18:43:03","modified_gmt":"2025-01-17T17:43:03","slug":"lola-indigo-maria-becerra-y-villano-antillano-son-la-reina-remix","status":"publish","type":"post","link":"https:\/\/unaymilletras.com\/en\/lola-indigo-maria-becerra-y-villano-antillano-son-la-reina-remix\/","title":{"rendered":"Lola \u00cdndigo, Mar\u00eda Becerra y Villano Antillano son: La Reina Remix"},"content":{"rendered":"\t\t<div data-elementor-type=\"wp-post\" data-elementor-id=\"3593\" class=\"elementor elementor-3593\">\n\t\t\t\t\t\t<section class=\"elementor-section elementor-top-section elementor-element elementor-element-4ff931e elementor-section-boxed elementor-section-height-default elementor-section-height-default\" data-id=\"4ff931e\" data-element_type=\"section\" data-e-type=\"section\">\n\t\t\t\t\t\t<div class=\"elementor-container elementor-column-gap-default\">\n\t\t\t\t\t<div class=\"elementor-column elementor-col-100 elementor-top-column elementor-element elementor-element-591a381\" data-id=\"591a381\" data-element_type=\"column\" data-e-type=\"column\">\n\t\t\t<div class=\"elementor-widget-wrap elementor-element-populated\">\n\t\t\t\t\t\t<div class=\"elementor-element elementor-element-f67e98d elementor-widget elementor-widget-text-editor\" data-id=\"f67e98d\" data-element_type=\"widget\" data-e-type=\"widget\" data-widget_type=\"text-editor.default\">\n\t\t\t\t<div class=\"elementor-widget-container\">\n\t\t\t\t\t\t\t\t\t<h2 style=\"text-align: center;\"><span style=\"color: #808080;\"><em>Lola \u00cdndigo sorprendi\u00f3 en el concierto de Mar\u00eda Becerra en Madrid para anunciar e interpretar por primera vez La Reina Remix<\/em><\/span><\/h2>\t\t\t\t\t\t\t\t<\/div>\n\t\t\t\t<\/div>\n\t\t\t\t\t<\/div>\n\t\t<\/div>\n\t\t\t\t\t<\/div>\n\t\t<\/section>\n\t\t\t\t<section class=\"elementor-section elementor-top-section elementor-element elementor-element-3e756c3 elementor-section-boxed elementor-section-height-default elementor-section-height-default\" data-id=\"3e756c3\" data-element_type=\"section\" data-e-type=\"section\">\n\t\t\t\t\t\t<div class=\"elementor-container elementor-column-gap-default\">\n\t\t\t\t\t<div class=\"elementor-column elementor-col-100 elementor-top-column elementor-element elementor-element-63d3dce\" data-id=\"63d3dce\" data-element_type=\"column\" data-e-type=\"column\">\n\t\t\t<div class=\"elementor-widget-wrap elementor-element-populated\">\n\t\t\t\t\t\t<div class=\"elementor-element elementor-element-7b94628 elementor-widget elementor-widget-text-editor\" data-id=\"7b94628\" data-element_type=\"widget\" data-e-type=\"widget\" data-widget_type=\"text-editor.default\">\n\t\t\t\t<div class=\"elementor-widget-container\">\n\t\t\t\t\t\t\t\t\t<p><strong>Lola \u00cdndigo<\/strong> ha unido fuerzas con <strong>Mar\u00eda Becerra<\/strong> y <strong>Villano<\/strong> <strong>Antillano<\/strong> para lanzar <b style=\"font-style: italic;\">La Reina Remix.<\/b> Una explosiva versi\u00f3n del hit que marc\u00f3 el verano de 2024. Este remix, que une el pop urbano con el neomerengue y toques electr\u00f3nicos, promete ser el himno que acompa\u00f1e a toda una generaci\u00f3n en la pista de baile y m\u00e1s all\u00e1.<\/p>\t\t\t\t\t\t\t\t<\/div>\n\t\t\t\t<\/div>\n\t\t\t\t\t<\/div>\n\t\t<\/div>\n\t\t\t\t\t<\/div>\n\t\t<\/section>\n\t\t\t\t<section class=\"elementor-section elementor-top-section elementor-element elementor-element-e6eee98 elementor-section-boxed elementor-section-height-default elementor-section-height-default\" data-id=\"e6eee98\" data-element_type=\"section\" data-e-type=\"section\">\n\t\t\t\t\t\t<div class=\"elementor-container elementor-column-gap-default\">\n\t\t\t\t\t<div class=\"elementor-column elementor-col-100 elementor-top-column elementor-element elementor-element-b7fb825\" data-id=\"b7fb825\" data-element_type=\"column\" data-e-type=\"column\">\n\t\t\t<div class=\"elementor-widget-wrap elementor-element-populated\">\n\t\t\t\t\t\t<div class=\"elementor-element elementor-element-0eb5ddc elementor-widget elementor-widget-image\" data-id=\"0eb5ddc\" data-element_type=\"widget\" data-e-type=\"widget\" data-widget_type=\"image.default\">\n\t\t\t\t<div class=\"elementor-widget-container\">\n\t\t\t\t\t\t\t\t\t\t\t\t\t\t\t<img fetchpriority=\"high\" decoding=\"async\" width=\"640\" height=\"640\" src=\"https:\/\/unaymilletras.com\/wp-content\/uploads\/2025\/01\/w660_1199660_reina_rmx_def.jpg\" class=\"attachment-large size-large wp-image-3595\" alt=\"La Reina Remix\" srcset=\"https:\/\/unaymilletras.com\/wp-content\/uploads\/2025\/01\/w660_1199660_reina_rmx_def.jpg 660w, https:\/\/unaymilletras.com\/wp-content\/uploads\/2025\/01\/w660_1199660_reina_rmx_def-300x300.jpg 300w, https:\/\/unaymilletras.com\/wp-content\/uploads\/2025\/01\/w660_1199660_reina_rmx_def-150x150.jpg 150w, https:\/\/unaymilletras.com\/wp-content\/uploads\/2025\/01\/w660_1199660_reina_rmx_def-12x12.jpg 12w\" sizes=\"(max-width: 640px) 100vw, 640px\" \/>\t\t\t\t\t\t\t\t\t\t\t\t\t\t\t<\/div>\n\t\t\t\t<\/div>\n\t\t\t\t\t<\/div>\n\t\t<\/div>\n\t\t\t\t\t<\/div>\n\t\t<\/section>\n\t\t\t\t<section class=\"elementor-section elementor-top-section elementor-element elementor-element-af79e83 elementor-section-boxed elementor-section-height-default elementor-section-height-default\" data-id=\"af79e83\" data-element_type=\"section\" data-e-type=\"section\">\n\t\t\t\t\t\t<div class=\"elementor-container elementor-column-gap-default\">\n\t\t\t\t\t<div class=\"elementor-column elementor-col-100 elementor-top-column elementor-element elementor-element-7abb94a\" data-id=\"7abb94a\" data-element_type=\"column\" data-e-type=\"column\">\n\t\t\t<div class=\"elementor-widget-wrap elementor-element-populated\">\n\t\t\t\t\t\t<div class=\"elementor-element elementor-element-4d54529 elementor-widget elementor-widget-text-editor\" data-id=\"4d54529\" data-element_type=\"widget\" data-e-type=\"widget\" data-widget_type=\"text-editor.default\">\n\t\t\t\t<div class=\"elementor-widget-container\">\n\t\t\t\t\t\t\t\t\t<p>El lanzamiento de la canci\u00f3n fue celebrado con una presentaci\u00f3n en directo el pasado 4 de enero en el Movistar Arena de Madrid, durante el concierto de Mar\u00eda Becerra. Ambas artistas sorprendieron al p\u00fablico al interpretar por primera vez el tema, creando un momento inolvidable para los miles de asistentes.<\/p>\n<p>En esta nueva versi\u00f3n, Mar\u00eda Becerra aporta la energ\u00eda y la frescura que la han convertido en una de las voces m\u00e1s influyentes de la m\u00fasica latina. Por su parte, Villano Antillano irrumpe con un verso lleno de fuerza y estilo. Consolida as\u00ed su estatus como una de las raperas m\u00e1s creativas del g\u00e9nero urbano. Lola \u00cdndigo, como anfitriona, lidera el proyecto con su caracter\u00edstico poder esc\u00e9nico y vocal, demostrando por qu\u00e9 es una de las artistas m\u00e1s relevantes de la escena musical actual.<\/p>\n<p><em>La Reina Remix<\/em> no solo ampl\u00eda el legado del \u00e1lbum <em>El Drag\u00f3n<\/em> de Lola \u00cdndigo.Tambi\u00e9n refuerza la conexi\u00f3n entre estas tres artistas, cada una destacada en su \u00e1mbito. Juntas, han creado un tema que celebra el empoderamiento y la diversidad, llevando la m\u00fasica urbana a un nivel art\u00edstico \u00fanico.<\/p>\t\t\t\t\t\t\t\t<\/div>\n\t\t\t\t<\/div>\n\t\t\t\t\t<\/div>\n\t\t<\/div>\n\t\t\t\t\t<\/div>\n\t\t<\/section>\n\t\t\t\t<section class=\"elementor-section elementor-top-section elementor-element elementor-element-1a2dd05 elementor-section-boxed elementor-section-height-default elementor-section-height-default\" data-id=\"1a2dd05\" data-element_type=\"section\" data-e-type=\"section\">\n\t\t\t\t\t\t<div class=\"elementor-container elementor-column-gap-default\">\n\t\t\t\t\t<div class=\"elementor-column elementor-col-100 elementor-top-column elementor-element elementor-element-02ba52a\" data-id=\"02ba52a\" data-element_type=\"column\" data-e-type=\"column\">\n\t\t\t<div class=\"elementor-widget-wrap elementor-element-populated\">\n\t\t\t\t\t\t<div class=\"elementor-element elementor-element-325d37c elementor-widget elementor-widget-video\" data-id=\"325d37c\" data-element_type=\"widget\" data-e-type=\"widget\" data-settings=\"{&quot;youtube_url&quot;:&quot;https:\\\/\\\/www.youtube.com\\\/watch?v=HGvUZh3JAoM&amp;ab_channel=LolaIndigoVEVO&quot;,&quot;video_type&quot;:&quot;youtube&quot;,&quot;controls&quot;:&quot;yes&quot;}\" data-widget_type=\"video.default\">\n\t\t\t\t<div class=\"elementor-widget-container\">\n\t\t\t\t\t\t\t<div class=\"elementor-wrapper elementor-open-inline\">\n\t\t\t<div class=\"elementor-video\"><\/div>\t\t<\/div>\n\t\t\t\t\t\t<\/div>\n\t\t\t\t<\/div>\n\t\t\t\t\t<\/div>\n\t\t<\/div>\n\t\t\t\t\t<\/div>\n\t\t<\/section>\n\t\t\t\t<section class=\"elementor-section elementor-top-section elementor-element elementor-element-45e0a54 elementor-section-boxed elementor-section-height-default elementor-section-height-default\" data-id=\"45e0a54\" data-element_type=\"section\" data-e-type=\"section\">\n\t\t\t\t\t\t<div class=\"elementor-container elementor-column-gap-default\">\n\t\t\t\t\t<div class=\"elementor-column elementor-col-100 elementor-top-column elementor-element elementor-element-7010c20\" data-id=\"7010c20\" data-element_type=\"column\" data-e-type=\"column\">\n\t\t\t<div class=\"elementor-widget-wrap elementor-element-populated\">\n\t\t\t\t\t\t<div class=\"elementor-element elementor-element-4a4a4f8 elementor-widget elementor-widget-text-editor\" data-id=\"4a4a4f8\" data-element_type=\"widget\" data-e-type=\"widget\" data-widget_type=\"text-editor.default\">\n\t\t\t\t<div class=\"elementor-widget-container\">\n\t\t\t\t\t\t\t\t\t<div class=\"flex max-w-full flex-col flex-grow\">\n<div class=\"min-h-8 text-message flex w-full flex-col items-end gap-2 whitespace-normal break-words text-start [.text-message+&amp;]:mt-5\" dir=\"auto\" data-message-author-role=\"assistant\" data-message-id=\"a883187d-f695-44be-969f-a76cd6e3cbb1\" data-message-model-slug=\"gpt-4o\">\n<div class=\"flex w-full flex-col gap-1 empty:hidden first:pt-[3px]\">\n<div class=\"markdown prose w-full break-words dark:prose-invert light\">\n<p>Con este lanzamiento, Lola \u00cdndigo contin\u00faa su ascenso mete\u00f3rico, mientras se prepara para su gira de estadios en Espa\u00f1a, incluyendo el Estadio Santiago Bernab\u00e9u. Mar\u00eda Becerra y Villano Antillano, por su parte, consolidan su posici\u00f3n como referentes globales. Ambas aportan su talento a una colaboraci\u00f3n que quedar\u00e1 en la memoria colectiva como uno de los grandes momentos de 2025.<\/p>\n<\/div>\n<\/div>\n<\/div>\n<\/div>\t\t\t\t\t\t\t\t<\/div>\n\t\t\t\t<\/div>\n\t\t\t\t\t<\/div>\n\t\t<\/div>\n\t\t\t\t\t<\/div>\n\t\t<\/section>\n\t\t\t\t<\/div>\n\t\t","protected":false},"excerpt":{"rendered":"<p>Lola \u00cdndigo sorprendi\u00f3 en el concierto de Mar\u00eda Becerra en Madrid para anunciar e interpretar por primera vez La Reina Remix Lola \u00cdndigo ha unido fuerzas con Mar\u00eda Becerra y Villano Antillano para lanzar La Reina Remix. Una explosiva versi\u00f3n del hit que marc\u00f3 el verano de 2024. Este remix, que une el pop urbano [&hellip;]<\/p>\n","protected":false},"author":6,"featured_media":3595,"comment_status":"closed","ping_status":"closed","sticky":false,"template":"","format":"standard","meta":{"footnotes":""},"categories":[4],"tags":[],"class_list":["post-3593","post","type-post","status-publish","format-standard","has-post-thumbnail","hentry","category-musica"],"yoast_head":"<!-- This site is optimized with the Yoast SEO plugin v27.4 - https:\/\/yoast.com\/product\/yoast-seo-wordpress\/ -->\n<title>Lola \u00cdndigo, Mar\u00eda Becerra y Villano Antillano son: La Reina Remix<\/title>\n<meta name=\"description\" content=\"Lola \u00cdndigo sorprendi\u00f3 en el concierto de Mar\u00eda Becerra en Madrid para anunciar e interpretar por primera vez La Reina Remix\" \/>\n<meta name=\"robots\" content=\"index, follow, max-snippet:-1, max-image-preview:large, max-video-preview:-1\" \/>\n<link rel=\"canonical\" href=\"https:\/\/unaymilletras.com\/en\/lola-indigo-maria-becerra-y-villano-antillano-son-la-reina-remix\/\" \/>\n<meta property=\"og:locale\" content=\"en_GB\" \/>\n<meta property=\"og:type\" content=\"article\" \/>\n<meta property=\"og:title\" content=\"Lola \u00cdndigo, Mar\u00eda Becerra y Villano Antillano son: La Reina Remix\" \/>\n<meta property=\"og:description\" content=\"Lola \u00cdndigo sorprendi\u00f3 en el concierto de Mar\u00eda Becerra en Madrid para anunciar e interpretar por primera vez La Reina Remix\" \/>\n<meta property=\"og:url\" content=\"https:\/\/unaymilletras.com\/en\/lola-indigo-maria-becerra-y-villano-antillano-son-la-reina-remix\/\" \/>\n<meta property=\"og:site_name\" content=\"Una y Mil Letras\" \/>\n<meta property=\"article:published_time\" content=\"2025-01-17T17:40:20+00:00\" \/>\n<meta property=\"article:modified_time\" content=\"2025-01-17T17:43:03+00:00\" \/>\n<meta property=\"og:image\" content=\"http:\/\/unaymilletras.com\/wp-content\/uploads\/2025\/01\/w660_1199660_reina_rmx_def.jpg\" \/>\n\t<meta property=\"og:image:width\" content=\"660\" \/>\n\t<meta property=\"og:image:height\" content=\"660\" \/>\n\t<meta property=\"og:image:type\" content=\"image\/jpeg\" \/>\n<meta name=\"author\" content=\"Redacci\u00f3n\" \/>\n<meta name=\"twitter:card\" content=\"summary_large_image\" \/>\n<meta name=\"twitter:creator\" content=\"@UnaYMilLetras\" \/>\n<meta name=\"twitter:site\" content=\"@UnaYMilLetras\" \/>\n<meta name=\"twitter:label1\" content=\"Written by\" \/>\n\t<meta name=\"twitter:data1\" content=\"Redacci\u00f3n\" \/>\n\t<meta name=\"twitter:label2\" content=\"Estimated reading time\" \/>\n\t<meta name=\"twitter:data2\" content=\"2 minutes\" \/>\n<script type=\"application\/ld+json\" class=\"yoast-schema-graph\">{\"@context\":\"https:\\\/\\\/schema.org\",\"@graph\":[{\"@type\":\"Article\",\"@id\":\"https:\\\/\\\/unaymilletras.com\\\/lola-indigo-maria-becerra-y-villano-antillano-son-la-reina-remix\\\/#article\",\"isPartOf\":{\"@id\":\"https:\\\/\\\/unaymilletras.com\\\/lola-indigo-maria-becerra-y-villano-antillano-son-la-reina-remix\\\/\"},\"author\":{\"name\":\"Redacci\u00f3n\",\"@id\":\"http:\\\/\\\/unaymilletras.com\\\/#\\\/schema\\\/person\\\/0860dc8a218329991ee2c7591f4f849d\"},\"headline\":\"Lola \u00cdndigo, Mar\u00eda Becerra y Villano Antillano son: La Reina Remix\",\"datePublished\":\"2025-01-17T17:40:20+00:00\",\"dateModified\":\"2025-01-17T17:43:03+00:00\",\"mainEntityOfPage\":{\"@id\":\"https:\\\/\\\/unaymilletras.com\\\/lola-indigo-maria-becerra-y-villano-antillano-son-la-reina-remix\\\/\"},\"wordCount\":376,\"publisher\":{\"@id\":\"http:\\\/\\\/unaymilletras.com\\\/#organization\"},\"image\":{\"@id\":\"https:\\\/\\\/unaymilletras.com\\\/lola-indigo-maria-becerra-y-villano-antillano-son-la-reina-remix\\\/#primaryimage\"},\"thumbnailUrl\":\"https:\\\/\\\/unaymilletras.com\\\/wp-content\\\/uploads\\\/2025\\\/01\\\/w660_1199660_reina_rmx_def.jpg\",\"articleSection\":[\"M\u00fasica\"],\"inLanguage\":\"en-GB\"},{\"@type\":\"WebPage\",\"@id\":\"https:\\\/\\\/unaymilletras.com\\\/lola-indigo-maria-becerra-y-villano-antillano-son-la-reina-remix\\\/\",\"url\":\"https:\\\/\\\/unaymilletras.com\\\/lola-indigo-maria-becerra-y-villano-antillano-son-la-reina-remix\\\/\",\"name\":\"Lola \u00cdndigo, Mar\u00eda Becerra y Villano Antillano son: La Reina Remix\",\"isPartOf\":{\"@id\":\"http:\\\/\\\/unaymilletras.com\\\/#website\"},\"primaryImageOfPage\":{\"@id\":\"https:\\\/\\\/unaymilletras.com\\\/lola-indigo-maria-becerra-y-villano-antillano-son-la-reina-remix\\\/#primaryimage\"},\"image\":{\"@id\":\"https:\\\/\\\/unaymilletras.com\\\/lola-indigo-maria-becerra-y-villano-antillano-son-la-reina-remix\\\/#primaryimage\"},\"thumbnailUrl\":\"https:\\\/\\\/unaymilletras.com\\\/wp-content\\\/uploads\\\/2025\\\/01\\\/w660_1199660_reina_rmx_def.jpg\",\"datePublished\":\"2025-01-17T17:40:20+00:00\",\"dateModified\":\"2025-01-17T17:43:03+00:00\",\"description\":\"Lola \u00cdndigo sorprendi\u00f3 en el concierto de Mar\u00eda Becerra en Madrid para anunciar e interpretar por primera vez La Reina Remix\",\"breadcrumb\":{\"@id\":\"https:\\\/\\\/unaymilletras.com\\\/lola-indigo-maria-becerra-y-villano-antillano-son-la-reina-remix\\\/#breadcrumb\"},\"inLanguage\":\"en-GB\",\"potentialAction\":[{\"@type\":\"ReadAction\",\"target\":[\"https:\\\/\\\/unaymilletras.com\\\/lola-indigo-maria-becerra-y-villano-antillano-son-la-reina-remix\\\/\"]}]},{\"@type\":\"ImageObject\",\"inLanguage\":\"en-GB\",\"@id\":\"https:\\\/\\\/unaymilletras.com\\\/lola-indigo-maria-becerra-y-villano-antillano-son-la-reina-remix\\\/#primaryimage\",\"url\":\"https:\\\/\\\/unaymilletras.com\\\/wp-content\\\/uploads\\\/2025\\\/01\\\/w660_1199660_reina_rmx_def.jpg\",\"contentUrl\":\"https:\\\/\\\/unaymilletras.com\\\/wp-content\\\/uploads\\\/2025\\\/01\\\/w660_1199660_reina_rmx_def.jpg\",\"width\":660,\"height\":660,\"caption\":\"La Reina Remix\"},{\"@type\":\"BreadcrumbList\",\"@id\":\"https:\\\/\\\/unaymilletras.com\\\/lola-indigo-maria-becerra-y-villano-antillano-son-la-reina-remix\\\/#breadcrumb\",\"itemListElement\":[{\"@type\":\"ListItem\",\"position\":1,\"name\":\"Home\",\"item\":\"http:\\\/\\\/unaymilletras.com\\\/\"},{\"@type\":\"ListItem\",\"position\":2,\"name\":\"Lola \u00cdndigo, Mar\u00eda Becerra y Villano Antillano son: La Reina Remix\"}]},{\"@type\":\"WebSite\",\"@id\":\"http:\\\/\\\/unaymilletras.com\\\/#website\",\"url\":\"http:\\\/\\\/unaymilletras.com\\\/\",\"name\":\"Una y Mil Letras\",\"description\":\"\",\"publisher\":{\"@id\":\"http:\\\/\\\/unaymilletras.com\\\/#organization\"},\"potentialAction\":[{\"@type\":\"SearchAction\",\"target\":{\"@type\":\"EntryPoint\",\"urlTemplate\":\"http:\\\/\\\/unaymilletras.com\\\/?s={search_term_string}\"},\"query-input\":{\"@type\":\"PropertyValueSpecification\",\"valueRequired\":true,\"valueName\":\"search_term_string\"}}],\"inLanguage\":\"en-GB\"},{\"@type\":\"Organization\",\"@id\":\"http:\\\/\\\/unaymilletras.com\\\/#organization\",\"name\":\"Una y Mil Letras\",\"url\":\"http:\\\/\\\/unaymilletras.com\\\/\",\"logo\":{\"@type\":\"ImageObject\",\"inLanguage\":\"en-GB\",\"@id\":\"http:\\\/\\\/unaymilletras.com\\\/#\\\/schema\\\/logo\\\/image\\\/\",\"url\":\"https:\\\/\\\/unaymilletras.com\\\/wp-content\\\/uploads\\\/2024\\\/06\\\/cropped-Logo-removebg-preview.png\",\"contentUrl\":\"https:\\\/\\\/unaymilletras.com\\\/wp-content\\\/uploads\\\/2024\\\/06\\\/cropped-Logo-removebg-preview.png\",\"width\":512,\"height\":512,\"caption\":\"Una y Mil Letras\"},\"image\":{\"@id\":\"http:\\\/\\\/unaymilletras.com\\\/#\\\/schema\\\/logo\\\/image\\\/\"},\"sameAs\":[\"https:\\\/\\\/x.com\\\/UnaYMilLetras\",\"https:\\\/\\\/instagram.com\\\/UnaYMilLetras\"]},{\"@type\":\"Person\",\"@id\":\"http:\\\/\\\/unaymilletras.com\\\/#\\\/schema\\\/person\\\/0860dc8a218329991ee2c7591f4f849d\",\"name\":\"Redacci\u00f3n\",\"image\":{\"@type\":\"ImageObject\",\"inLanguage\":\"en-GB\",\"@id\":\"https:\\\/\\\/secure.gravatar.com\\\/avatar\\\/d8f55e05a8b6597e45c55a1dcbdbfe44f4a360d88b48e00de5216a79b7732796?s=96&d=mm&r=g\",\"url\":\"https:\\\/\\\/secure.gravatar.com\\\/avatar\\\/d8f55e05a8b6597e45c55a1dcbdbfe44f4a360d88b48e00de5216a79b7732796?s=96&d=mm&r=g\",\"contentUrl\":\"https:\\\/\\\/secure.gravatar.com\\\/avatar\\\/d8f55e05a8b6597e45c55a1dcbdbfe44f4a360d88b48e00de5216a79b7732796?s=96&d=mm&r=g\",\"caption\":\"Redacci\u00f3n\"},\"url\":\"https:\\\/\\\/unaymilletras.com\\\/en\\\/author\\\/redaccion\\\/\"}]}<\/script>\n<!-- \/ Yoast SEO plugin. -->","yoast_head_json":{"title":"Lola \u00cdndigo, Mar\u00eda Becerra y Villano Antillano son: La Reina Remix","description":"Lola \u00cdndigo sorprendi\u00f3 en el concierto de Mar\u00eda Becerra en Madrid para anunciar e interpretar por primera vez La Reina Remix","robots":{"index":"index","follow":"follow","max-snippet":"max-snippet:-1","max-image-preview":"max-image-preview:large","max-video-preview":"max-video-preview:-1"},"canonical":"https:\/\/unaymilletras.com\/en\/lola-indigo-maria-becerra-y-villano-antillano-son-la-reina-remix\/","og_locale":"en_GB","og_type":"article","og_title":"Lola \u00cdndigo, Mar\u00eda Becerra y Villano Antillano son: La Reina Remix","og_description":"Lola \u00cdndigo sorprendi\u00f3 en el concierto de Mar\u00eda Becerra en Madrid para anunciar e interpretar por primera vez La Reina Remix","og_url":"https:\/\/unaymilletras.com\/en\/lola-indigo-maria-becerra-y-villano-antillano-son-la-reina-remix\/","og_site_name":"Una y Mil Letras","article_published_time":"2025-01-17T17:40:20+00:00","article_modified_time":"2025-01-17T17:43:03+00:00","og_image":[{"width":660,"height":660,"url":"http:\/\/unaymilletras.com\/wp-content\/uploads\/2025\/01\/w660_1199660_reina_rmx_def.jpg","type":"image\/jpeg"}],"author":"Redacci\u00f3n","twitter_card":"summary_large_image","twitter_creator":"@UnaYMilLetras","twitter_site":"@UnaYMilLetras","twitter_misc":{"Written by":"Redacci\u00f3n","Estimated reading time":"2 minutes"},"schema":{"@context":"https:\/\/schema.org","@graph":[{"@type":"Article","@id":"https:\/\/unaymilletras.com\/lola-indigo-maria-becerra-y-villano-antillano-son-la-reina-remix\/#article","isPartOf":{"@id":"https:\/\/unaymilletras.com\/lola-indigo-maria-becerra-y-villano-antillano-son-la-reina-remix\/"},"author":{"name":"Redacci\u00f3n","@id":"http:\/\/unaymilletras.com\/#\/schema\/person\/0860dc8a218329991ee2c7591f4f849d"},"headline":"Lola \u00cdndigo, Mar\u00eda Becerra y Villano Antillano son: La Reina Remix","datePublished":"2025-01-17T17:40:20+00:00","dateModified":"2025-01-17T17:43:03+00:00","mainEntityOfPage":{"@id":"https:\/\/unaymilletras.com\/lola-indigo-maria-becerra-y-villano-antillano-son-la-reina-remix\/"},"wordCount":376,"publisher":{"@id":"http:\/\/unaymilletras.com\/#organization"},"image":{"@id":"https:\/\/unaymilletras.com\/lola-indigo-maria-becerra-y-villano-antillano-son-la-reina-remix\/#primaryimage"},"thumbnailUrl":"https:\/\/unaymilletras.com\/wp-content\/uploads\/2025\/01\/w660_1199660_reina_rmx_def.jpg","articleSection":["M\u00fasica"],"inLanguage":"en-GB"},{"@type":"WebPage","@id":"https:\/\/unaymilletras.com\/lola-indigo-maria-becerra-y-villano-antillano-son-la-reina-remix\/","url":"https:\/\/unaymilletras.com\/lola-indigo-maria-becerra-y-villano-antillano-son-la-reina-remix\/","name":"Lola \u00cdndigo, Mar\u00eda Becerra y Villano Antillano son: La Reina Remix","isPartOf":{"@id":"http:\/\/unaymilletras.com\/#website"},"primaryImageOfPage":{"@id":"https:\/\/unaymilletras.com\/lola-indigo-maria-becerra-y-villano-antillano-son-la-reina-remix\/#primaryimage"},"image":{"@id":"https:\/\/unaymilletras.com\/lola-indigo-maria-becerra-y-villano-antillano-son-la-reina-remix\/#primaryimage"},"thumbnailUrl":"https:\/\/unaymilletras.com\/wp-content\/uploads\/2025\/01\/w660_1199660_reina_rmx_def.jpg","datePublished":"2025-01-17T17:40:20+00:00","dateModified":"2025-01-17T17:43:03+00:00","description":"Lola \u00cdndigo sorprendi\u00f3 en el concierto de Mar\u00eda Becerra en Madrid para anunciar e interpretar por primera vez La Reina Remix","breadcrumb":{"@id":"https:\/\/unaymilletras.com\/lola-indigo-maria-becerra-y-villano-antillano-son-la-reina-remix\/#breadcrumb"},"inLanguage":"en-GB","potentialAction":[{"@type":"ReadAction","target":["https:\/\/unaymilletras.com\/lola-indigo-maria-becerra-y-villano-antillano-son-la-reina-remix\/"]}]},{"@type":"ImageObject","inLanguage":"en-GB","@id":"https:\/\/unaymilletras.com\/lola-indigo-maria-becerra-y-villano-antillano-son-la-reina-remix\/#primaryimage","url":"https:\/\/unaymilletras.com\/wp-content\/uploads\/2025\/01\/w660_1199660_reina_rmx_def.jpg","contentUrl":"https:\/\/unaymilletras.com\/wp-content\/uploads\/2025\/01\/w660_1199660_reina_rmx_def.jpg","width":660,"height":660,"caption":"La Reina Remix"},{"@type":"BreadcrumbList","@id":"https:\/\/unaymilletras.com\/lola-indigo-maria-becerra-y-villano-antillano-son-la-reina-remix\/#breadcrumb","itemListElement":[{"@type":"ListItem","position":1,"name":"Home","item":"http:\/\/unaymilletras.com\/"},{"@type":"ListItem","position":2,"name":"Lola \u00cdndigo, Mar\u00eda Becerra y Villano Antillano son: La Reina Remix"}]},{"@type":"WebSite","@id":"http:\/\/unaymilletras.com\/#website","url":"http:\/\/unaymilletras.com\/","name":"Una y Mil Letras","description":"","publisher":{"@id":"http:\/\/unaymilletras.com\/#organization"},"potentialAction":[{"@type":"SearchAction","target":{"@type":"EntryPoint","urlTemplate":"http:\/\/unaymilletras.com\/?s={search_term_string}"},"query-input":{"@type":"PropertyValueSpecification","valueRequired":true,"valueName":"search_term_string"}}],"inLanguage":"en-GB"},{"@type":"Organization","@id":"http:\/\/unaymilletras.com\/#organization","name":"Una y Mil Letras","url":"http:\/\/unaymilletras.com\/","logo":{"@type":"ImageObject","inLanguage":"en-GB","@id":"http:\/\/unaymilletras.com\/#\/schema\/logo\/image\/","url":"https:\/\/unaymilletras.com\/wp-content\/uploads\/2024\/06\/cropped-Logo-removebg-preview.png","contentUrl":"https:\/\/unaymilletras.com\/wp-content\/uploads\/2024\/06\/cropped-Logo-removebg-preview.png","width":512,"height":512,"caption":"Una y Mil Letras"},"image":{"@id":"http:\/\/unaymilletras.com\/#\/schema\/logo\/image\/"},"sameAs":["https:\/\/x.com\/UnaYMilLetras","https:\/\/instagram.com\/UnaYMilLetras"]},{"@type":"Person","@id":"http:\/\/unaymilletras.com\/#\/schema\/person\/0860dc8a218329991ee2c7591f4f849d","name":"Redacci\u00f3n","image":{"@type":"ImageObject","inLanguage":"en-GB","@id":"https:\/\/secure.gravatar.com\/avatar\/d8f55e05a8b6597e45c55a1dcbdbfe44f4a360d88b48e00de5216a79b7732796?s=96&d=mm&r=g","url":"https:\/\/secure.gravatar.com\/avatar\/d8f55e05a8b6597e45c55a1dcbdbfe44f4a360d88b48e00de5216a79b7732796?s=96&d=mm&r=g","contentUrl":"https:\/\/secure.gravatar.com\/avatar\/d8f55e05a8b6597e45c55a1dcbdbfe44f4a360d88b48e00de5216a79b7732796?s=96&d=mm&r=g","caption":"Redacci\u00f3n"},"url":"https:\/\/unaymilletras.com\/en\/author\/redaccion\/"}]}},"_links":{"self":[{"href":"https:\/\/unaymilletras.com\/en\/wp-json\/wp\/v2\/posts\/3593","targetHints":{"allow":["GET"]}}],"collection":[{"href":"https:\/\/unaymilletras.com\/en\/wp-json\/wp\/v2\/posts"}],"about":[{"href":"https:\/\/unaymilletras.com\/en\/wp-json\/wp\/v2\/types\/post"}],"author":[{"embeddable":true,"href":"https:\/\/unaymilletras.com\/en\/wp-json\/wp\/v2\/users\/6"}],"replies":[{"embeddable":true,"href":"https:\/\/unaymilletras.com\/en\/wp-json\/wp\/v2\/comments?post=3593"}],"version-history":[{"count":7,"href":"https:\/\/unaymilletras.com\/en\/wp-json\/wp\/v2\/posts\/3593\/revisions"}],"predecessor-version":[{"id":3601,"href":"https:\/\/unaymilletras.com\/en\/wp-json\/wp\/v2\/posts\/3593\/revisions\/3601"}],"wp:featuredmedia":[{"embeddable":true,"href":"https:\/\/unaymilletras.com\/en\/wp-json\/wp\/v2\/media\/3595"}],"wp:attachment":[{"href":"https:\/\/unaymilletras.com\/en\/wp-json\/wp\/v2\/media?parent=3593"}],"wp:term":[{"taxonomy":"category","embeddable":true,"href":"https:\/\/unaymilletras.com\/en\/wp-json\/wp\/v2\/categories?post=3593"},{"taxonomy":"post_tag","embeddable":true,"href":"https:\/\/unaymilletras.com\/en\/wp-json\/wp\/v2\/tags?post=3593"}],"curies":[{"name":"wp","href":"https:\/\/api.w.org\/{rel}","templated":true}]}}