{"id":3604,"date":"2025-01-18T19:28:23","date_gmt":"2025-01-18T18:28:23","guid":{"rendered":"https:\/\/unaymilletras.com\/?p=3604"},"modified":"2025-01-18T19:30:02","modified_gmt":"2025-01-18T18:30:02","slug":"marina-reche-continua-conquistando-espana-esta-vez-en-malaga","status":"publish","type":"post","link":"https:\/\/unaymilletras.com\/en\/marina-reche-continua-conquistando-espana-esta-vez-en-malaga\/","title":{"rendered":"Marina Reche contin\u00faa conquistando Espa\u00f1a: esta vez en M\u00e1laga"},"content":{"rendered":"<div data-elementor-type=\"wp-post\" data-elementor-id=\"3604\" class=\"elementor elementor-3604\">\n\t\t\t\t\t\t<section class=\"elementor-section elementor-top-section elementor-element elementor-element-8e909b3 elementor-section-boxed elementor-section-height-default elementor-section-height-default\" data-id=\"8e909b3\" data-element_type=\"section\" data-e-type=\"section\">\n\t\t\t\t\t\t<div class=\"elementor-container elementor-column-gap-default\">\n\t\t\t\t\t<div class=\"elementor-column elementor-col-100 elementor-top-column elementor-element elementor-element-4d673a6\" data-id=\"4d673a6\" data-element_type=\"column\" data-e-type=\"column\">\n\t\t\t<div class=\"elementor-widget-wrap elementor-element-populated\">\n\t\t\t\t\t\t<div class=\"elementor-element elementor-element-bc14162 elementor-widget elementor-widget-text-editor\" data-id=\"bc14162\" data-element_type=\"widget\" data-e-type=\"widget\" data-widget_type=\"text-editor.default\">\n\t\t\t\t<div class=\"elementor-widget-container\">\n\t\t\t\t\t\t\t\t\t<h2 style=\"text-align: center;\"><span style=\"color: #808080;\"><em>Lo He Intentado Tour de Marina Reche sigue cautivando corazones en las principales salas de conciertos de Espa\u00f1a<\/em><\/span><\/h2>\t\t\t\t\t\t\t\t<\/div>\n\t\t\t\t<\/div>\n\t\t\t\t\t<\/div>\n\t\t<\/div>\n\t\t\t\t\t<\/div>\n\t\t<\/section>\n\t\t\t\t<section class=\"elementor-section elementor-top-section elementor-element elementor-element-73c8794 elementor-section-boxed elementor-section-height-default elementor-section-height-default\" data-id=\"73c8794\" data-element_type=\"section\" data-e-type=\"section\">\n\t\t\t\t\t\t<div class=\"elementor-container elementor-column-gap-default\">\n\t\t\t\t\t<div class=\"elementor-column elementor-col-100 elementor-top-column elementor-element elementor-element-bfdcbcf\" data-id=\"bfdcbcf\" data-element_type=\"column\" data-e-type=\"column\">\n\t\t\t<div class=\"elementor-widget-wrap elementor-element-populated\">\n\t\t\t\t\t\t<div class=\"elementor-element elementor-element-0b6ba41 elementor-widget elementor-widget-text-editor\" data-id=\"0b6ba41\" data-element_type=\"widget\" data-e-type=\"widget\" data-widget_type=\"text-editor.default\">\n\t\t\t\t<div class=\"elementor-widget-container\">\n\t\t\t\t\t\t\t\t\t<p>Tras una gira de casi un a\u00f1o donde ha recorrido gran parte del territorio espa\u00f1ol y latinoamericano, anoche Marina Reche llegaba como un cicl\u00f3n al escenario de La Trinchera en M\u00e1laga, en donde alrededor de las 10 de la noche, la artista hac\u00eda vibrar a un p\u00fablico entregado desde la primera melod\u00eda.<\/p>\t\t\t\t\t\t\t\t<\/div>\n\t\t\t\t<\/div>\n\t\t\t\t\t<\/div>\n\t\t<\/div>\n\t\t\t\t\t<\/div>\n\t\t<\/section>\n\t\t\t\t<section class=\"elementor-section elementor-top-section elementor-element elementor-element-ae38e68 elementor-section-boxed elementor-section-height-default elementor-section-height-default\" data-id=\"ae38e68\" data-element_type=\"section\" data-e-type=\"section\">\n\t\t\t\t\t\t<div class=\"elementor-container elementor-column-gap-default\">\n\t\t\t\t\t<div class=\"elementor-column elementor-col-100 elementor-top-column elementor-element elementor-element-cfa0e7f\" data-id=\"cfa0e7f\" data-element_type=\"column\" data-e-type=\"column\">\n\t\t\t<div class=\"elementor-widget-wrap elementor-element-populated\">\n\t\t\t\t\t\t<div class=\"elementor-element elementor-element-03d9bd6 elementor-widget elementor-widget-image\" data-id=\"03d9bd6\" data-element_type=\"widget\" data-e-type=\"widget\" data-widget_type=\"image.default\">\n\t\t\t\t<div class=\"elementor-widget-container\">\n\t\t\t\t\t\t\t\t\t\t\t\t\t\t\t<img fetchpriority=\"high\" decoding=\"async\" width=\"640\" height=\"480\" src=\"https:\/\/unaymilletras.com\/wp-content\/uploads\/2025\/01\/phonto15-1024x768.jpeg\" class=\"attachment-large size-large wp-image-3606\" alt=\"Marina Reche\" srcset=\"https:\/\/unaymilletras.com\/wp-content\/uploads\/2025\/01\/phonto15-1024x768.jpeg 1024w, https:\/\/unaymilletras.com\/wp-content\/uploads\/2025\/01\/phonto15-300x225.jpeg 300w, https:\/\/unaymilletras.com\/wp-content\/uploads\/2025\/01\/phonto15-768x576.jpeg 768w, https:\/\/unaymilletras.com\/wp-content\/uploads\/2025\/01\/phonto15-1536x1152.jpeg 1536w, https:\/\/unaymilletras.com\/wp-content\/uploads\/2025\/01\/phonto15-2048x1536.jpeg 2048w, https:\/\/unaymilletras.com\/wp-content\/uploads\/2025\/01\/phonto15-16x12.jpeg 16w, https:\/\/unaymilletras.com\/wp-content\/uploads\/2025\/01\/phonto15-scaled-e1737224863975.jpeg 600w\" sizes=\"(max-width: 640px) 100vw, 640px\" \/>\t\t\t\t\t\t\t\t\t\t\t\t\t\t\t<\/div>\n\t\t\t\t<\/div>\n\t\t\t\t\t<\/div>\n\t\t<\/div>\n\t\t\t\t\t<\/div>\n\t\t<\/section>\n\t\t\t\t<section class=\"elementor-section elementor-top-section elementor-element elementor-element-ec8566e elementor-section-boxed elementor-section-height-default elementor-section-height-default\" data-id=\"ec8566e\" data-element_type=\"section\" data-e-type=\"section\">\n\t\t\t\t\t\t<div class=\"elementor-container elementor-column-gap-default\">\n\t\t\t\t\t<div class=\"elementor-column elementor-col-100 elementor-top-column elementor-element elementor-element-146426a\" data-id=\"146426a\" data-element_type=\"column\" data-e-type=\"column\">\n\t\t\t<div class=\"elementor-widget-wrap elementor-element-populated\">\n\t\t\t\t\t\t<div class=\"elementor-element elementor-element-4d95405 elementor-widget elementor-widget-text-editor\" data-id=\"4d95405\" data-element_type=\"widget\" data-e-type=\"widget\" data-widget_type=\"text-editor.default\">\n\t\t\t\t<div class=\"elementor-widget-container\">\n\t\t\t\t\t\t\t\t\t<p>Marina empez\u00f3 el show con Lo he intentado, una de sus canciones m\u00e1s conocidas y acompa\u00f1ada de una banda en directo que la acompa\u00f1a en cada concierto. Tras este primer tema, continu\u00f3 con temas de ambos de sus discos \u201cClaridad\u201d y \u201cOscuridad\u201d que hicieron al p\u00fablico bailar entre las l\u00e1grimas en algunos momentos.<\/p><p>La parte m\u00e1s emotivo de la noche lleg\u00f3 en la recta final de este concierto, donde la artista cant\u00f3 tres de sus canciones m\u00e1s personales y emotivas, As\u00ed, Mil Preguntas y Por si quieres volver, donde los asistentes estallaron en aplausos y v\u00edtores.<\/p>\t\t\t\t\t\t\t\t<\/div>\n\t\t\t\t<\/div>\n\t\t\t\t\t<\/div>\n\t\t<\/div>\n\t\t\t\t\t<\/div>\n\t\t<\/section>\n\t\t\t\t<section class=\"elementor-section elementor-top-section elementor-element elementor-element-d7fa6bd elementor-section-boxed elementor-section-height-default elementor-section-height-default\" data-id=\"d7fa6bd\" data-element_type=\"section\" data-e-type=\"section\">\n\t\t\t\t\t\t<div class=\"elementor-container elementor-column-gap-default\">\n\t\t\t\t\t<div class=\"elementor-column elementor-col-50 elementor-top-column elementor-element elementor-element-0d292b2\" data-id=\"0d292b2\" data-element_type=\"column\" data-e-type=\"column\">\n\t\t\t<div class=\"elementor-widget-wrap elementor-element-populated\">\n\t\t\t\t\t\t<div class=\"elementor-element elementor-element-061ebb5 elementor-widget elementor-widget-image\" data-id=\"061ebb5\" data-element_type=\"widget\" data-e-type=\"widget\" data-widget_type=\"image.default\">\n\t\t\t\t<div class=\"elementor-widget-container\">\n\t\t\t\t\t\t\t\t\t\t\t\t\t\t\t<img decoding=\"async\" width=\"640\" height=\"853\" src=\"https:\/\/unaymilletras.com\/wp-content\/uploads\/2025\/01\/phonto10-768x1024.jpeg\" class=\"attachment-large size-large wp-image-3608\" alt=\"Marina Reche\" srcset=\"https:\/\/unaymilletras.com\/wp-content\/uploads\/2025\/01\/phonto10-768x1024.jpeg 768w, https:\/\/unaymilletras.com\/wp-content\/uploads\/2025\/01\/phonto10-225x300.jpeg 225w, https:\/\/unaymilletras.com\/wp-content\/uploads\/2025\/01\/phonto10-1152x1536.jpeg 1152w, https:\/\/unaymilletras.com\/wp-content\/uploads\/2025\/01\/phonto10-1536x2048.jpeg 1536w, https:\/\/unaymilletras.com\/wp-content\/uploads\/2025\/01\/phonto10-9x12.jpeg 9w, https:\/\/unaymilletras.com\/wp-content\/uploads\/2025\/01\/phonto10-1024x1365.jpeg 1024w, https:\/\/unaymilletras.com\/wp-content\/uploads\/2025\/01\/phonto10-scaled-e1737224959698.jpeg 600w\" sizes=\"(max-width: 640px) 100vw, 640px\" \/>\t\t\t\t\t\t\t\t\t\t\t\t\t\t\t<\/div>\n\t\t\t\t<\/div>\n\t\t\t\t\t<\/div>\n\t\t<\/div>\n\t\t\t\t<div class=\"elementor-column elementor-col-50 elementor-top-column elementor-element elementor-element-5d75342\" data-id=\"5d75342\" data-element_type=\"column\" data-e-type=\"column\">\n\t\t\t<div class=\"elementor-widget-wrap elementor-element-populated\">\n\t\t\t\t\t\t<div class=\"elementor-element elementor-element-0ae4237 elementor-widget elementor-widget-image\" data-id=\"0ae4237\" data-element_type=\"widget\" data-e-type=\"widget\" data-widget_type=\"image.default\">\n\t\t\t\t<div class=\"elementor-widget-container\">\n\t\t\t\t\t\t\t\t\t\t\t\t\t\t\t<img decoding=\"async\" width=\"640\" height=\"853\" src=\"https:\/\/unaymilletras.com\/wp-content\/uploads\/2025\/01\/phonto2-768x1024.jpeg\" class=\"attachment-large size-large wp-image-3607\" alt=\"Marina Reche\" srcset=\"https:\/\/unaymilletras.com\/wp-content\/uploads\/2025\/01\/phonto2-768x1024.jpeg 768w, https:\/\/unaymilletras.com\/wp-content\/uploads\/2025\/01\/phonto2-225x300.jpeg 225w, https:\/\/unaymilletras.com\/wp-content\/uploads\/2025\/01\/phonto2-1152x1536.jpeg 1152w, https:\/\/unaymilletras.com\/wp-content\/uploads\/2025\/01\/phonto2-1536x2048.jpeg 1536w, https:\/\/unaymilletras.com\/wp-content\/uploads\/2025\/01\/phonto2-9x12.jpeg 9w, https:\/\/unaymilletras.com\/wp-content\/uploads\/2025\/01\/phonto2-1024x1365.jpeg 1024w, https:\/\/unaymilletras.com\/wp-content\/uploads\/2025\/01\/phonto2-scaled-e1737224943502.jpeg 600w\" sizes=\"(max-width: 640px) 100vw, 640px\" \/>\t\t\t\t\t\t\t\t\t\t\t\t\t\t\t<\/div>\n\t\t\t\t<\/div>\n\t\t\t\t\t<\/div>\n\t\t<\/div>\n\t\t\t\t\t<\/div>\n\t\t<\/section>\n\t\t\t\t<section class=\"elementor-section elementor-top-section elementor-element elementor-element-d39c09a elementor-section-boxed elementor-section-height-default elementor-section-height-default\" data-id=\"d39c09a\" data-element_type=\"section\" data-e-type=\"section\">\n\t\t\t\t\t\t<div class=\"elementor-container elementor-column-gap-default\">\n\t\t\t\t\t<div class=\"elementor-column elementor-col-100 elementor-top-column elementor-element elementor-element-5e75b6b\" data-id=\"5e75b6b\" data-element_type=\"column\" data-e-type=\"column\">\n\t\t\t<div class=\"elementor-widget-wrap elementor-element-populated\">\n\t\t\t\t\t\t<div class=\"elementor-element elementor-element-49f3ed0 elementor-widget elementor-widget-text-editor\" data-id=\"49f3ed0\" data-element_type=\"widget\" data-e-type=\"widget\" data-widget_type=\"text-editor.default\">\n\t\t\t\t<div class=\"elementor-widget-container\">\n\t\t\t\t\t\t\t\t\t<p>Una Marina emocionada promet\u00eda volver a M\u00e1laga y agradeci\u00f3 a la gente presente y a su equipo en una noche dif\u00edcil donde la artista confesaba haber seguido adelante pese a una gripe que casi la obliga a cancelar este concierto. La gira contin\u00faa hoy en Sevilla y llegar\u00e1 a su fin con los tres conciertos de fin de gira en Buenos Aires, Barcelona y Madrid, con Sold Out en todas las fechas.<\/p><p>Marina Reche ha llegado al panorama musical con una frescura y a coraz\u00f3n abierto, gan\u00e1ndose a un p\u00fablico que entiende su m\u00fasica como un diario personal donde recoger heridas que sanan a trav\u00e9s de melod\u00edas.<\/p>\t\t\t\t\t\t\t\t<\/div>\n\t\t\t\t<\/div>\n\t\t\t\t\t<\/div>\n\t\t<\/div>\n\t\t\t\t\t<\/div>\n\t\t<\/section>\n\t\t\t\t<\/div>","protected":false},"excerpt":{"rendered":"<p>Lo He Intentado Tour de Marina Reche sigue cautivando corazones en las principales salas de conciertos de Espa\u00f1a Tras una gira de casi un a\u00f1o donde ha recorrido gran parte del territorio espa\u00f1ol y latinoamericano, anoche Marina Reche llegaba como un cicl\u00f3n al escenario de La Trinchera en M\u00e1laga, en donde alrededor de las 10 [&hellip;]<\/p>\n","protected":false},"author":7,"featured_media":3608,"comment_status":"closed","ping_status":"closed","sticky":false,"template":"","format":"standard","meta":{"footnotes":""},"categories":[4],"tags":[],"class_list":["post-3604","post","type-post","status-publish","format-standard","has-post-thumbnail","hentry","category-musica"],"yoast_head":"<!-- This site is optimized with the Yoast SEO plugin v27.4 - https:\/\/yoast.com\/product\/yoast-seo-wordpress\/ -->\n<title>Marina Reche contin\u00faa conquistando Espa\u00f1a: esta vez en M\u00e1laga<\/title>\n<meta name=\"description\" content=\"Lo He Intentado Tour de Marina Reche sigue cautivando corazones en las principales salas de conciertos de Espa\u00f1a\" \/>\n<meta name=\"robots\" content=\"index, follow, max-snippet:-1, max-image-preview:large, max-video-preview:-1\" \/>\n<link rel=\"canonical\" href=\"https:\/\/unaymilletras.com\/en\/marina-reche-continua-conquistando-espana-esta-vez-en-malaga\/\" \/>\n<meta property=\"og:locale\" content=\"en_GB\" \/>\n<meta property=\"og:type\" content=\"article\" \/>\n<meta property=\"og:title\" content=\"Marina Reche contin\u00faa conquistando Espa\u00f1a: esta vez en M\u00e1laga\" \/>\n<meta property=\"og:description\" content=\"Lo He Intentado Tour de Marina Reche sigue cautivando corazones en las principales salas de conciertos de Espa\u00f1a\" \/>\n<meta property=\"og:url\" content=\"https:\/\/unaymilletras.com\/en\/marina-reche-continua-conquistando-espana-esta-vez-en-malaga\/\" \/>\n<meta property=\"og:site_name\" content=\"Una y Mil Letras\" \/>\n<meta property=\"article:published_time\" content=\"2025-01-18T18:28:23+00:00\" \/>\n<meta property=\"article:modified_time\" content=\"2025-01-18T18:30:02+00:00\" \/>\n<meta property=\"og:image\" content=\"http:\/\/unaymilletras.com\/wp-content\/uploads\/2025\/01\/phonto10-scaled-e1737224959698.jpeg\" \/>\n\t<meta property=\"og:image:width\" content=\"600\" \/>\n\t<meta property=\"og:image:height\" content=\"800\" \/>\n\t<meta property=\"og:image:type\" content=\"image\/jpeg\" \/>\n<meta name=\"author\" content=\"Sara Serrano Rold\u00e1n\" \/>\n<meta name=\"twitter:card\" content=\"summary_large_image\" \/>\n<meta name=\"twitter:creator\" content=\"@UnaYMilLetras\" \/>\n<meta name=\"twitter:site\" content=\"@UnaYMilLetras\" \/>\n<meta name=\"twitter:label1\" content=\"Written by\" \/>\n\t<meta name=\"twitter:data1\" content=\"Sara Serrano Rold\u00e1n\" \/>\n\t<meta name=\"twitter:label2\" content=\"Estimated reading time\" \/>\n\t<meta name=\"twitter:data2\" content=\"2 minutes\" \/>\n<script type=\"application\/ld+json\" class=\"yoast-schema-graph\">{\"@context\":\"https:\\\/\\\/schema.org\",\"@graph\":[{\"@type\":\"Article\",\"@id\":\"https:\\\/\\\/unaymilletras.com\\\/marina-reche-continua-conquistando-espana-esta-vez-en-malaga\\\/#article\",\"isPartOf\":{\"@id\":\"https:\\\/\\\/unaymilletras.com\\\/marina-reche-continua-conquistando-espana-esta-vez-en-malaga\\\/\"},\"author\":{\"name\":\"Sara Serrano Rold\u00e1n\",\"@id\":\"http:\\\/\\\/unaymilletras.com\\\/#\\\/schema\\\/person\\\/3f4e286325460a6d8d63c0f530c6850c\"},\"headline\":\"Marina Reche contin\u00faa conquistando Espa\u00f1a: esta vez en M\u00e1laga\",\"datePublished\":\"2025-01-18T18:28:23+00:00\",\"dateModified\":\"2025-01-18T18:30:02+00:00\",\"mainEntityOfPage\":{\"@id\":\"https:\\\/\\\/unaymilletras.com\\\/marina-reche-continua-conquistando-espana-esta-vez-en-malaga\\\/\"},\"wordCount\":310,\"publisher\":{\"@id\":\"http:\\\/\\\/unaymilletras.com\\\/#organization\"},\"image\":{\"@id\":\"https:\\\/\\\/unaymilletras.com\\\/marina-reche-continua-conquistando-espana-esta-vez-en-malaga\\\/#primaryimage\"},\"thumbnailUrl\":\"https:\\\/\\\/unaymilletras.com\\\/wp-content\\\/uploads\\\/2025\\\/01\\\/phonto10-scaled-e1737224959698.jpeg\",\"articleSection\":[\"M\u00fasica\"],\"inLanguage\":\"en-GB\"},{\"@type\":\"WebPage\",\"@id\":\"https:\\\/\\\/unaymilletras.com\\\/marina-reche-continua-conquistando-espana-esta-vez-en-malaga\\\/\",\"url\":\"https:\\\/\\\/unaymilletras.com\\\/marina-reche-continua-conquistando-espana-esta-vez-en-malaga\\\/\",\"name\":\"Marina Reche contin\u00faa conquistando Espa\u00f1a: esta vez en M\u00e1laga\",\"isPartOf\":{\"@id\":\"http:\\\/\\\/unaymilletras.com\\\/#website\"},\"primaryImageOfPage\":{\"@id\":\"https:\\\/\\\/unaymilletras.com\\\/marina-reche-continua-conquistando-espana-esta-vez-en-malaga\\\/#primaryimage\"},\"image\":{\"@id\":\"https:\\\/\\\/unaymilletras.com\\\/marina-reche-continua-conquistando-espana-esta-vez-en-malaga\\\/#primaryimage\"},\"thumbnailUrl\":\"https:\\\/\\\/unaymilletras.com\\\/wp-content\\\/uploads\\\/2025\\\/01\\\/phonto10-scaled-e1737224959698.jpeg\",\"datePublished\":\"2025-01-18T18:28:23+00:00\",\"dateModified\":\"2025-01-18T18:30:02+00:00\",\"description\":\"Lo He Intentado Tour de Marina Reche sigue cautivando corazones en las principales salas de conciertos de Espa\u00f1a\",\"breadcrumb\":{\"@id\":\"https:\\\/\\\/unaymilletras.com\\\/marina-reche-continua-conquistando-espana-esta-vez-en-malaga\\\/#breadcrumb\"},\"inLanguage\":\"en-GB\",\"potentialAction\":[{\"@type\":\"ReadAction\",\"target\":[\"https:\\\/\\\/unaymilletras.com\\\/marina-reche-continua-conquistando-espana-esta-vez-en-malaga\\\/\"]}]},{\"@type\":\"ImageObject\",\"inLanguage\":\"en-GB\",\"@id\":\"https:\\\/\\\/unaymilletras.com\\\/marina-reche-continua-conquistando-espana-esta-vez-en-malaga\\\/#primaryimage\",\"url\":\"https:\\\/\\\/unaymilletras.com\\\/wp-content\\\/uploads\\\/2025\\\/01\\\/phonto10-scaled-e1737224959698.jpeg\",\"contentUrl\":\"https:\\\/\\\/unaymilletras.com\\\/wp-content\\\/uploads\\\/2025\\\/01\\\/phonto10-scaled-e1737224959698.jpeg\",\"width\":600,\"height\":800,\"caption\":\"Marina Reche\"},{\"@type\":\"BreadcrumbList\",\"@id\":\"https:\\\/\\\/unaymilletras.com\\\/marina-reche-continua-conquistando-espana-esta-vez-en-malaga\\\/#breadcrumb\",\"itemListElement\":[{\"@type\":\"ListItem\",\"position\":1,\"name\":\"Home\",\"item\":\"http:\\\/\\\/unaymilletras.com\\\/\"},{\"@type\":\"ListItem\",\"position\":2,\"name\":\"Marina Reche contin\u00faa conquistando Espa\u00f1a: esta vez en M\u00e1laga\"}]},{\"@type\":\"WebSite\",\"@id\":\"http:\\\/\\\/unaymilletras.com\\\/#website\",\"url\":\"http:\\\/\\\/unaymilletras.com\\\/\",\"name\":\"Una y Mil Letras\",\"description\":\"\",\"publisher\":{\"@id\":\"http:\\\/\\\/unaymilletras.com\\\/#organization\"},\"potentialAction\":[{\"@type\":\"SearchAction\",\"target\":{\"@type\":\"EntryPoint\",\"urlTemplate\":\"http:\\\/\\\/unaymilletras.com\\\/?s={search_term_string}\"},\"query-input\":{\"@type\":\"PropertyValueSpecification\",\"valueRequired\":true,\"valueName\":\"search_term_string\"}}],\"inLanguage\":\"en-GB\"},{\"@type\":\"Organization\",\"@id\":\"http:\\\/\\\/unaymilletras.com\\\/#organization\",\"name\":\"Una y Mil Letras\",\"url\":\"http:\\\/\\\/unaymilletras.com\\\/\",\"logo\":{\"@type\":\"ImageObject\",\"inLanguage\":\"en-GB\",\"@id\":\"http:\\\/\\\/unaymilletras.com\\\/#\\\/schema\\\/logo\\\/image\\\/\",\"url\":\"https:\\\/\\\/unaymilletras.com\\\/wp-content\\\/uploads\\\/2024\\\/06\\\/cropped-Logo-removebg-preview.png\",\"contentUrl\":\"https:\\\/\\\/unaymilletras.com\\\/wp-content\\\/uploads\\\/2024\\\/06\\\/cropped-Logo-removebg-preview.png\",\"width\":512,\"height\":512,\"caption\":\"Una y Mil Letras\"},\"image\":{\"@id\":\"http:\\\/\\\/unaymilletras.com\\\/#\\\/schema\\\/logo\\\/image\\\/\"},\"sameAs\":[\"https:\\\/\\\/x.com\\\/UnaYMilLetras\",\"https:\\\/\\\/instagram.com\\\/UnaYMilLetras\"]},{\"@type\":\"Person\",\"@id\":\"http:\\\/\\\/unaymilletras.com\\\/#\\\/schema\\\/person\\\/3f4e286325460a6d8d63c0f530c6850c\",\"name\":\"Sara Serrano Rold\u00e1n\",\"image\":{\"@type\":\"ImageObject\",\"inLanguage\":\"en-GB\",\"@id\":\"https:\\\/\\\/secure.gravatar.com\\\/avatar\\\/fbb03a8e58edc07bd3d325dbd56fc3d9c07e1a5547b0caa7ab5057bdde0ce070?s=96&d=mm&r=g\",\"url\":\"https:\\\/\\\/secure.gravatar.com\\\/avatar\\\/fbb03a8e58edc07bd3d325dbd56fc3d9c07e1a5547b0caa7ab5057bdde0ce070?s=96&d=mm&r=g\",\"contentUrl\":\"https:\\\/\\\/secure.gravatar.com\\\/avatar\\\/fbb03a8e58edc07bd3d325dbd56fc3d9c07e1a5547b0caa7ab5057bdde0ce070?s=96&d=mm&r=g\",\"caption\":\"Sara Serrano Rold\u00e1n\"},\"url\":\"https:\\\/\\\/unaymilletras.com\\\/en\\\/author\\\/sxrasx\\\/\"}]}<\/script>\n<!-- \/ Yoast SEO plugin. -->","yoast_head_json":{"title":"Marina Reche contin\u00faa conquistando Espa\u00f1a: esta vez en M\u00e1laga","description":"Lo He Intentado Tour de Marina Reche sigue cautivando corazones en las principales salas de conciertos de Espa\u00f1a","robots":{"index":"index","follow":"follow","max-snippet":"max-snippet:-1","max-image-preview":"max-image-preview:large","max-video-preview":"max-video-preview:-1"},"canonical":"https:\/\/unaymilletras.com\/en\/marina-reche-continua-conquistando-espana-esta-vez-en-malaga\/","og_locale":"en_GB","og_type":"article","og_title":"Marina Reche contin\u00faa conquistando Espa\u00f1a: esta vez en M\u00e1laga","og_description":"Lo He Intentado Tour de Marina Reche sigue cautivando corazones en las principales salas de conciertos de Espa\u00f1a","og_url":"https:\/\/unaymilletras.com\/en\/marina-reche-continua-conquistando-espana-esta-vez-en-malaga\/","og_site_name":"Una y Mil Letras","article_published_time":"2025-01-18T18:28:23+00:00","article_modified_time":"2025-01-18T18:30:02+00:00","og_image":[{"width":600,"height":800,"url":"http:\/\/unaymilletras.com\/wp-content\/uploads\/2025\/01\/phonto10-scaled-e1737224959698.jpeg","type":"image\/jpeg"}],"author":"Sara Serrano Rold\u00e1n","twitter_card":"summary_large_image","twitter_creator":"@UnaYMilLetras","twitter_site":"@UnaYMilLetras","twitter_misc":{"Written by":"Sara Serrano Rold\u00e1n","Estimated reading time":"2 minutes"},"schema":{"@context":"https:\/\/schema.org","@graph":[{"@type":"Article","@id":"https:\/\/unaymilletras.com\/marina-reche-continua-conquistando-espana-esta-vez-en-malaga\/#article","isPartOf":{"@id":"https:\/\/unaymilletras.com\/marina-reche-continua-conquistando-espana-esta-vez-en-malaga\/"},"author":{"name":"Sara Serrano Rold\u00e1n","@id":"http:\/\/unaymilletras.com\/#\/schema\/person\/3f4e286325460a6d8d63c0f530c6850c"},"headline":"Marina Reche contin\u00faa conquistando Espa\u00f1a: esta vez en M\u00e1laga","datePublished":"2025-01-18T18:28:23+00:00","dateModified":"2025-01-18T18:30:02+00:00","mainEntityOfPage":{"@id":"https:\/\/unaymilletras.com\/marina-reche-continua-conquistando-espana-esta-vez-en-malaga\/"},"wordCount":310,"publisher":{"@id":"http:\/\/unaymilletras.com\/#organization"},"image":{"@id":"https:\/\/unaymilletras.com\/marina-reche-continua-conquistando-espana-esta-vez-en-malaga\/#primaryimage"},"thumbnailUrl":"https:\/\/unaymilletras.com\/wp-content\/uploads\/2025\/01\/phonto10-scaled-e1737224959698.jpeg","articleSection":["M\u00fasica"],"inLanguage":"en-GB"},{"@type":"WebPage","@id":"https:\/\/unaymilletras.com\/marina-reche-continua-conquistando-espana-esta-vez-en-malaga\/","url":"https:\/\/unaymilletras.com\/marina-reche-continua-conquistando-espana-esta-vez-en-malaga\/","name":"Marina Reche contin\u00faa conquistando Espa\u00f1a: esta vez en M\u00e1laga","isPartOf":{"@id":"http:\/\/unaymilletras.com\/#website"},"primaryImageOfPage":{"@id":"https:\/\/unaymilletras.com\/marina-reche-continua-conquistando-espana-esta-vez-en-malaga\/#primaryimage"},"image":{"@id":"https:\/\/unaymilletras.com\/marina-reche-continua-conquistando-espana-esta-vez-en-malaga\/#primaryimage"},"thumbnailUrl":"https:\/\/unaymilletras.com\/wp-content\/uploads\/2025\/01\/phonto10-scaled-e1737224959698.jpeg","datePublished":"2025-01-18T18:28:23+00:00","dateModified":"2025-01-18T18:30:02+00:00","description":"Lo He Intentado Tour de Marina Reche sigue cautivando corazones en las principales salas de conciertos de Espa\u00f1a","breadcrumb":{"@id":"https:\/\/unaymilletras.com\/marina-reche-continua-conquistando-espana-esta-vez-en-malaga\/#breadcrumb"},"inLanguage":"en-GB","potentialAction":[{"@type":"ReadAction","target":["https:\/\/unaymilletras.com\/marina-reche-continua-conquistando-espana-esta-vez-en-malaga\/"]}]},{"@type":"ImageObject","inLanguage":"en-GB","@id":"https:\/\/unaymilletras.com\/marina-reche-continua-conquistando-espana-esta-vez-en-malaga\/#primaryimage","url":"https:\/\/unaymilletras.com\/wp-content\/uploads\/2025\/01\/phonto10-scaled-e1737224959698.jpeg","contentUrl":"https:\/\/unaymilletras.com\/wp-content\/uploads\/2025\/01\/phonto10-scaled-e1737224959698.jpeg","width":600,"height":800,"caption":"Marina Reche"},{"@type":"BreadcrumbList","@id":"https:\/\/unaymilletras.com\/marina-reche-continua-conquistando-espana-esta-vez-en-malaga\/#breadcrumb","itemListElement":[{"@type":"ListItem","position":1,"name":"Home","item":"http:\/\/unaymilletras.com\/"},{"@type":"ListItem","position":2,"name":"Marina Reche contin\u00faa conquistando Espa\u00f1a: esta vez en M\u00e1laga"}]},{"@type":"WebSite","@id":"http:\/\/unaymilletras.com\/#website","url":"http:\/\/unaymilletras.com\/","name":"Una y Mil Letras","description":"","publisher":{"@id":"http:\/\/unaymilletras.com\/#organization"},"potentialAction":[{"@type":"SearchAction","target":{"@type":"EntryPoint","urlTemplate":"http:\/\/unaymilletras.com\/?s={search_term_string}"},"query-input":{"@type":"PropertyValueSpecification","valueRequired":true,"valueName":"search_term_string"}}],"inLanguage":"en-GB"},{"@type":"Organization","@id":"http:\/\/unaymilletras.com\/#organization","name":"Una y Mil Letras","url":"http:\/\/unaymilletras.com\/","logo":{"@type":"ImageObject","inLanguage":"en-GB","@id":"http:\/\/unaymilletras.com\/#\/schema\/logo\/image\/","url":"https:\/\/unaymilletras.com\/wp-content\/uploads\/2024\/06\/cropped-Logo-removebg-preview.png","contentUrl":"https:\/\/unaymilletras.com\/wp-content\/uploads\/2024\/06\/cropped-Logo-removebg-preview.png","width":512,"height":512,"caption":"Una y Mil Letras"},"image":{"@id":"http:\/\/unaymilletras.com\/#\/schema\/logo\/image\/"},"sameAs":["https:\/\/x.com\/UnaYMilLetras","https:\/\/instagram.com\/UnaYMilLetras"]},{"@type":"Person","@id":"http:\/\/unaymilletras.com\/#\/schema\/person\/3f4e286325460a6d8d63c0f530c6850c","name":"Sara Serrano Rold\u00e1n","image":{"@type":"ImageObject","inLanguage":"en-GB","@id":"https:\/\/secure.gravatar.com\/avatar\/fbb03a8e58edc07bd3d325dbd56fc3d9c07e1a5547b0caa7ab5057bdde0ce070?s=96&d=mm&r=g","url":"https:\/\/secure.gravatar.com\/avatar\/fbb03a8e58edc07bd3d325dbd56fc3d9c07e1a5547b0caa7ab5057bdde0ce070?s=96&d=mm&r=g","contentUrl":"https:\/\/secure.gravatar.com\/avatar\/fbb03a8e58edc07bd3d325dbd56fc3d9c07e1a5547b0caa7ab5057bdde0ce070?s=96&d=mm&r=g","caption":"Sara Serrano Rold\u00e1n"},"url":"https:\/\/unaymilletras.com\/en\/author\/sxrasx\/"}]}},"_links":{"self":[{"href":"https:\/\/unaymilletras.com\/en\/wp-json\/wp\/v2\/posts\/3604","targetHints":{"allow":["GET"]}}],"collection":[{"href":"https:\/\/unaymilletras.com\/en\/wp-json\/wp\/v2\/posts"}],"about":[{"href":"https:\/\/unaymilletras.com\/en\/wp-json\/wp\/v2\/types\/post"}],"author":[{"embeddable":true,"href":"https:\/\/unaymilletras.com\/en\/wp-json\/wp\/v2\/users\/7"}],"replies":[{"embeddable":true,"href":"https:\/\/unaymilletras.com\/en\/wp-json\/wp\/v2\/comments?post=3604"}],"version-history":[{"count":7,"href":"https:\/\/unaymilletras.com\/en\/wp-json\/wp\/v2\/posts\/3604\/revisions"}],"predecessor-version":[{"id":3614,"href":"https:\/\/unaymilletras.com\/en\/wp-json\/wp\/v2\/posts\/3604\/revisions\/3614"}],"wp:featuredmedia":[{"embeddable":true,"href":"https:\/\/unaymilletras.com\/en\/wp-json\/wp\/v2\/media\/3608"}],"wp:attachment":[{"href":"https:\/\/unaymilletras.com\/en\/wp-json\/wp\/v2\/media?parent=3604"}],"wp:term":[{"taxonomy":"category","embeddable":true,"href":"https:\/\/unaymilletras.com\/en\/wp-json\/wp\/v2\/categories?post=3604"},{"taxonomy":"post_tag","embeddable":true,"href":"https:\/\/unaymilletras.com\/en\/wp-json\/wp\/v2\/tags?post=3604"}],"curies":[{"name":"wp","href":"https:\/\/api.w.org\/{rel}","templated":true}]}}