{"id":3615,"date":"2025-01-20T22:45:07","date_gmt":"2025-01-20T21:45:07","guid":{"rendered":"https:\/\/unaymilletras.com\/?p=3615"},"modified":"2025-01-20T22:45:21","modified_gmt":"2025-01-20T21:45:21","slug":"milo-j-hace-temblar-y-emociona-al-movistar-arena-de-madrid","status":"publish","type":"post","link":"https:\/\/unaymilletras.com\/en\/milo-j-hace-temblar-y-emociona-al-movistar-arena-de-madrid\/","title":{"rendered":"Milo J hace temblar y emociona al Movistar Arena de Madrid"},"content":{"rendered":"<div data-elementor-type=\"wp-post\" data-elementor-id=\"3615\" class=\"elementor elementor-3615\">\n\t\t\t\t\t\t<section class=\"elementor-section elementor-top-section elementor-element elementor-element-a461033 elementor-section-boxed elementor-section-height-default elementor-section-height-default\" data-id=\"a461033\" data-element_type=\"section\" data-e-type=\"section\">\n\t\t\t\t\t\t<div class=\"elementor-container elementor-column-gap-default\">\n\t\t\t\t\t<div class=\"elementor-column elementor-col-100 elementor-top-column elementor-element elementor-element-64e8cd8\" data-id=\"64e8cd8\" data-element_type=\"column\" data-e-type=\"column\">\n\t\t\t<div class=\"elementor-widget-wrap elementor-element-populated\">\n\t\t\t\t\t\t<div class=\"elementor-element elementor-element-bac5834 elementor-widget elementor-widget-text-editor\" data-id=\"bac5834\" data-element_type=\"widget\" data-e-type=\"widget\" data-widget_type=\"text-editor.default\">\n\t\t\t\t<div class=\"elementor-widget-container\">\n\t\t\t\t\t\t\t\t\t<h2 class=\"p1\" style=\"text-align: center;\"><span style=\"color: #808080;\"><i>Tini sorprende en el concierto de Milo J en Madrid para presentar su pr\u00f3xima colaboraci\u00f3n<\/i><\/span><\/h2>\t\t\t\t\t\t\t\t<\/div>\n\t\t\t\t<\/div>\n\t\t\t\t\t<\/div>\n\t\t<\/div>\n\t\t\t\t\t<\/div>\n\t\t<\/section>\n\t\t\t\t<section class=\"elementor-section elementor-top-section elementor-element elementor-element-0c2ad92 elementor-section-boxed elementor-section-height-default elementor-section-height-default\" data-id=\"0c2ad92\" data-element_type=\"section\" data-e-type=\"section\">\n\t\t\t\t\t\t<div class=\"elementor-container elementor-column-gap-default\">\n\t\t\t\t\t<div class=\"elementor-column elementor-col-100 elementor-top-column elementor-element elementor-element-1993a6c\" data-id=\"1993a6c\" data-element_type=\"column\" data-e-type=\"column\">\n\t\t\t<div class=\"elementor-widget-wrap elementor-element-populated\">\n\t\t\t\t\t\t<div class=\"elementor-element elementor-element-a3afd06 elementor-widget elementor-widget-text-editor\" data-id=\"a3afd06\" data-element_type=\"widget\" data-e-type=\"widget\" data-widget_type=\"text-editor.default\">\n\t\t\t\t<div class=\"elementor-widget-container\">\n\t\t\t\t\t\t\t\t\t<p class=\"p1\">Ayer tuvo lugar el esperado concierto de Milo J en el Movistar Arena de Madrid. Despu\u00e9s de dar su show en Barcelona, donde coment\u00f3 que se encontraba algo enfermo, le llegaba el turno a la capital. Miles de personas esperaban a la puerta del Movistar Arena llenando la plaza de Felipe II. Fans ansiosos por entrar al recinto en el que tan solo unas horas despu\u00e9s ver\u00edan a su artista favorito en directo.<\/p>\t\t\t\t\t\t\t\t<\/div>\n\t\t\t\t<\/div>\n\t\t\t\t\t<\/div>\n\t\t<\/div>\n\t\t\t\t\t<\/div>\n\t\t<\/section>\n\t\t\t\t<section class=\"elementor-section elementor-top-section elementor-element elementor-element-bf22b12 elementor-section-boxed elementor-section-height-default elementor-section-height-default\" data-id=\"bf22b12\" data-element_type=\"section\" data-e-type=\"section\">\n\t\t\t\t\t\t<div class=\"elementor-container elementor-column-gap-default\">\n\t\t\t\t\t<div class=\"elementor-column elementor-col-50 elementor-top-column elementor-element elementor-element-65b5faf\" data-id=\"65b5faf\" data-element_type=\"column\" data-e-type=\"column\">\n\t\t\t<div class=\"elementor-widget-wrap elementor-element-populated\">\n\t\t\t\t\t\t<div class=\"elementor-element elementor-element-997894c elementor-widget elementor-widget-image\" data-id=\"997894c\" data-element_type=\"widget\" data-e-type=\"widget\" data-widget_type=\"image.default\">\n\t\t\t\t<div class=\"elementor-widget-container\">\n\t\t\t\t\t\t\t\t\t\t\t\t<figure class=\"wp-caption\">\n\t\t\t\t\t\t\t\t\t\t<img fetchpriority=\"high\" decoding=\"async\" width=\"640\" height=\"960\" src=\"https:\/\/unaymilletras.com\/wp-content\/uploads\/2025\/01\/IMG_9396-683x1024.jpg\" class=\"attachment-large size-large wp-image-3619\" alt=\"Milo J\" srcset=\"https:\/\/unaymilletras.com\/wp-content\/uploads\/2025\/01\/IMG_9396-683x1024.jpg 683w, https:\/\/unaymilletras.com\/wp-content\/uploads\/2025\/01\/IMG_9396-200x300.jpg 200w, https:\/\/unaymilletras.com\/wp-content\/uploads\/2025\/01\/IMG_9396-768x1152.jpg 768w, https:\/\/unaymilletras.com\/wp-content\/uploads\/2025\/01\/IMG_9396-1024x1536.jpg 1024w, https:\/\/unaymilletras.com\/wp-content\/uploads\/2025\/01\/IMG_9396-1365x2048.jpg 1365w, https:\/\/unaymilletras.com\/wp-content\/uploads\/2025\/01\/IMG_9396-8x12.jpg 8w, https:\/\/unaymilletras.com\/wp-content\/uploads\/2025\/01\/IMG_9396-scaled-e1737407972630.jpg 600w\" sizes=\"(max-width: 640px) 100vw, 640px\" \/>\t\t\t\t\t\t\t\t\t\t\t<figcaption class=\"widget-image-caption wp-caption-text\">Fot\u00f3grafa: Andrea Muriel<\/figcaption>\n\t\t\t\t\t\t\t\t\t\t<\/figure>\n\t\t\t\t\t\t\t\t\t<\/div>\n\t\t\t\t<\/div>\n\t\t\t\t\t<\/div>\n\t\t<\/div>\n\t\t\t\t<div class=\"elementor-column elementor-col-50 elementor-top-column elementor-element elementor-element-8a957b8\" data-id=\"8a957b8\" data-element_type=\"column\" data-e-type=\"column\">\n\t\t\t<div class=\"elementor-widget-wrap elementor-element-populated\">\n\t\t\t\t\t\t<div class=\"elementor-element elementor-element-f1080fd elementor-widget elementor-widget-image\" data-id=\"f1080fd\" data-element_type=\"widget\" data-e-type=\"widget\" data-widget_type=\"image.default\">\n\t\t\t\t<div class=\"elementor-widget-container\">\n\t\t\t\t\t\t\t\t\t\t\t\t<figure class=\"wp-caption\">\n\t\t\t\t\t\t\t\t\t\t<img decoding=\"async\" width=\"640\" height=\"960\" src=\"https:\/\/unaymilletras.com\/wp-content\/uploads\/2025\/01\/IMG_9517-683x1024.jpg\" class=\"attachment-large size-large wp-image-3618\" alt=\"Milo J\" srcset=\"https:\/\/unaymilletras.com\/wp-content\/uploads\/2025\/01\/IMG_9517-683x1024.jpg 683w, https:\/\/unaymilletras.com\/wp-content\/uploads\/2025\/01\/IMG_9517-200x300.jpg 200w, https:\/\/unaymilletras.com\/wp-content\/uploads\/2025\/01\/IMG_9517-768x1152.jpg 768w, https:\/\/unaymilletras.com\/wp-content\/uploads\/2025\/01\/IMG_9517-1024x1536.jpg 1024w, https:\/\/unaymilletras.com\/wp-content\/uploads\/2025\/01\/IMG_9517-1365x2048.jpg 1365w, https:\/\/unaymilletras.com\/wp-content\/uploads\/2025\/01\/IMG_9517-8x12.jpg 8w, https:\/\/unaymilletras.com\/wp-content\/uploads\/2025\/01\/IMG_9517-scaled-e1737407950747.jpg 600w\" sizes=\"(max-width: 640px) 100vw, 640px\" \/>\t\t\t\t\t\t\t\t\t\t\t<figcaption class=\"widget-image-caption wp-caption-text\">Fot\u00f3grafa: Andrea Muriel<\/figcaption>\n\t\t\t\t\t\t\t\t\t\t<\/figure>\n\t\t\t\t\t\t\t\t\t<\/div>\n\t\t\t\t<\/div>\n\t\t\t\t\t<\/div>\n\t\t<\/div>\n\t\t\t\t\t<\/div>\n\t\t<\/section>\n\t\t\t\t<section class=\"elementor-section elementor-top-section elementor-element elementor-element-412a127 elementor-section-boxed elementor-section-height-default elementor-section-height-default\" data-id=\"412a127\" data-element_type=\"section\" data-e-type=\"section\">\n\t\t\t\t\t\t<div class=\"elementor-container elementor-column-gap-default\">\n\t\t\t\t\t<div class=\"elementor-column elementor-col-100 elementor-top-column elementor-element elementor-element-2c0859e\" data-id=\"2c0859e\" data-element_type=\"column\" data-e-type=\"column\">\n\t\t\t<div class=\"elementor-widget-wrap elementor-element-populated\">\n\t\t\t\t\t\t<div class=\"elementor-element elementor-element-ffa1e17 elementor-widget elementor-widget-text-editor\" data-id=\"ffa1e17\" data-element_type=\"widget\" data-e-type=\"widget\" data-widget_type=\"text-editor.default\">\n\t\t\t\t<div class=\"elementor-widget-container\">\n\t\t\t\t\t\t\t\t\t<p class=\"p1\">Minutos antes del concierto, ya se notaba la euforia de los asistentes y las ganas que ten\u00edan de darlo todo en el show. A las 21:00 el p\u00fablico ya gritaba el nombre del artista para que saliese sobre el escenario. Pocos minutos despu\u00e9s, la banda aparec\u00eda y comenzaba a sonar la introductorio del concierto que ten\u00eda una gran sorpresa guardada.<\/p><p class=\"p1\"><i>3 pecados despu\u00e9s<\/i> fue la primera canci\u00f3n en sonar, activando al p\u00fablico desde el inicio. Saltos y gritos desde el minuto uno. As\u00ed empezaba el primer bloque de canciones del concierto que cerro con su colaboraci\u00f3n con Duki: <i>Vida de Rock<\/i>.<\/p><p class=\"p1\">Despu\u00e9s de la euforia, lleg\u00f3 el momento de relajarse y sacar las emociones. Pelos de punta con el segundo bloque del concierto. <i>Carencias de Cordura, El Bolero <\/i>o<i> Una bala Zamba <\/i>entre otras<i> <\/i>lograron que m\u00e1s de uno de los presentes derramara alguna l\u00e1grima y aprovechasen para cargar fuerzas para volver a saltar unas canciones despu\u00e9s.<\/p>\t\t\t\t\t\t\t\t<\/div>\n\t\t\t\t<\/div>\n\t\t\t\t\t<\/div>\n\t\t<\/div>\n\t\t\t\t\t<\/div>\n\t\t<\/section>\n\t\t\t\t<section class=\"elementor-section elementor-top-section elementor-element elementor-element-76775de elementor-section-boxed elementor-section-height-default elementor-section-height-default\" data-id=\"76775de\" data-element_type=\"section\" data-e-type=\"section\">\n\t\t\t\t\t\t<div class=\"elementor-container elementor-column-gap-default\">\n\t\t\t\t\t<div class=\"elementor-column elementor-col-66 elementor-top-column elementor-element elementor-element-303ed9d\" data-id=\"303ed9d\" data-element_type=\"column\" data-e-type=\"column\">\n\t\t\t<div class=\"elementor-widget-wrap elementor-element-populated\">\n\t\t\t\t\t\t<div class=\"elementor-element elementor-element-a46b522 elementor-widget elementor-widget-text-editor\" data-id=\"a46b522\" data-element_type=\"widget\" data-e-type=\"widget\" data-widget_type=\"text-editor.default\">\n\t\t\t\t<div class=\"elementor-widget-container\">\n\t\t\t\t\t\t\t\t\t<p class=\"p1\">En el concierto, tambi\u00e9n sonaron grandes hits de Milo J, como <i>Dispara<\/i>, <i>Rinc\u00f3n<\/i> o <i>I\u2019AM<\/i> haciendo que el p\u00fablico se dejase la voz. Otro de los momentos destacables del show fue la aparici\u00f3n de Santino para cantar <i>Tus Vueltas<\/i>, algo que ya se ha convertido en una tradici\u00f3n desde el concierto de Milo J en el estadio Mor\u00f3n de Argentina.<\/p>\t\t\t\t\t\t\t\t<\/div>\n\t\t\t\t<\/div>\n\t\t\t\t\t<\/div>\n\t\t<\/div>\n\t\t\t\t<div class=\"elementor-column elementor-col-33 elementor-top-column elementor-element elementor-element-653deee\" data-id=\"653deee\" data-element_type=\"column\" data-e-type=\"column\">\n\t\t\t<div class=\"elementor-widget-wrap elementor-element-populated\">\n\t\t\t\t\t\t<div class=\"elementor-element elementor-element-05a384b elementor-widget elementor-widget-image\" data-id=\"05a384b\" data-element_type=\"widget\" data-e-type=\"widget\" data-widget_type=\"image.default\">\n\t\t\t\t<div class=\"elementor-widget-container\">\n\t\t\t\t\t\t\t\t\t\t\t\t<figure class=\"wp-caption\">\n\t\t\t\t\t\t\t\t\t\t<img decoding=\"async\" width=\"640\" height=\"427\" src=\"https:\/\/unaymilletras.com\/wp-content\/uploads\/2025\/01\/IMG_9437-1024x683.jpg\" class=\"attachment-large size-large wp-image-3620\" alt=\"Milo J\" srcset=\"https:\/\/unaymilletras.com\/wp-content\/uploads\/2025\/01\/IMG_9437-1024x683.jpg 1024w, https:\/\/unaymilletras.com\/wp-content\/uploads\/2025\/01\/IMG_9437-300x200.jpg 300w, https:\/\/unaymilletras.com\/wp-content\/uploads\/2025\/01\/IMG_9437-768x512.jpg 768w, https:\/\/unaymilletras.com\/wp-content\/uploads\/2025\/01\/IMG_9437-1536x1024.jpg 1536w, https:\/\/unaymilletras.com\/wp-content\/uploads\/2025\/01\/IMG_9437-2048x1365.jpg 2048w, https:\/\/unaymilletras.com\/wp-content\/uploads\/2025\/01\/IMG_9437-18x12.jpg 18w, https:\/\/unaymilletras.com\/wp-content\/uploads\/2025\/01\/IMG_9437-scaled-e1737409006980.jpg 600w\" sizes=\"(max-width: 640px) 100vw, 640px\" \/>\t\t\t\t\t\t\t\t\t\t\t<figcaption class=\"widget-image-caption wp-caption-text\">Fot\u00f3grafa: Andrea Muriel<\/figcaption>\n\t\t\t\t\t\t\t\t\t\t<\/figure>\n\t\t\t\t\t\t\t\t\t<\/div>\n\t\t\t\t<\/div>\n\t\t\t\t\t<\/div>\n\t\t<\/div>\n\t\t\t\t\t<\/div>\n\t\t<\/section>\n\t\t\t\t<section class=\"elementor-section elementor-top-section elementor-element elementor-element-c5d2b21 elementor-section-boxed elementor-section-height-default elementor-section-height-default\" data-id=\"c5d2b21\" data-element_type=\"section\" data-e-type=\"section\">\n\t\t\t\t\t\t<div class=\"elementor-container elementor-column-gap-default\">\n\t\t\t\t\t<div class=\"elementor-column elementor-col-100 elementor-top-column elementor-element elementor-element-73e5224\" data-id=\"73e5224\" data-element_type=\"column\" data-e-type=\"column\">\n\t\t\t<div class=\"elementor-widget-wrap elementor-element-populated\">\n\t\t\t\t\t\t<div class=\"elementor-element elementor-element-2c824d9 elementor-widget elementor-widget-text-editor\" data-id=\"2c824d9\" data-element_type=\"widget\" data-e-type=\"widget\" data-widget_type=\"text-editor.default\">\n\t\t\t\t<div class=\"elementor-widget-container\">\n\t\t\t\t\t\t\t\t\t<p class=\"p1\">26 canciones m\u00e1s tarde llegaba la sorpresa que nadie esperaba: la aparici\u00f3n de Tini. Esa noche, la argentina volvi\u00f3 a los escenarios mucho tiempo despu\u00e9s de su \u00faltima actuaci\u00f3n. Miles de gritos demostraron el cari\u00f1o con el que cuenta Tini en Espa\u00f1a, y que provoc\u00f3 en ella una amplia sonrisa. Sobre el escenario, ambos interpretaron <i>Lo que me causa<\/i>, una balada para la cu\u00e1l grabaron el videoclip en ese mismo momento y que ver\u00e1 la luz muy pronto. Una bonita sorpresa que mostraba la colaboraci\u00f3n que nadie sab\u00eda que necesitaba o\u00edr hasta ese momento.<\/p>\t\t\t\t\t\t\t\t<\/div>\n\t\t\t\t<\/div>\n\t\t\t\t\t<\/div>\n\t\t<\/div>\n\t\t\t\t\t<\/div>\n\t\t<\/section>\n\t\t\t\t<section class=\"elementor-section elementor-top-section elementor-element elementor-element-ee2be2a elementor-section-boxed elementor-section-height-default elementor-section-height-default\" data-id=\"ee2be2a\" data-element_type=\"section\" data-e-type=\"section\">\n\t\t\t\t\t\t<div class=\"elementor-container elementor-column-gap-default\">\n\t\t\t\t\t<div class=\"elementor-column elementor-col-100 elementor-top-column elementor-element elementor-element-e123484\" data-id=\"e123484\" data-element_type=\"column\" data-e-type=\"column\">\n\t\t\t<div class=\"elementor-widget-wrap elementor-element-populated\">\n\t\t\t\t\t\t<div class=\"elementor-element elementor-element-c85df2a elementor-widget elementor-widget-image\" data-id=\"c85df2a\" data-element_type=\"widget\" data-e-type=\"widget\" data-widget_type=\"image.default\">\n\t\t\t\t<div class=\"elementor-widget-container\">\n\t\t\t\t\t\t\t\t\t\t\t\t<figure class=\"wp-caption\">\n\t\t\t\t\t\t\t\t\t\t<img loading=\"lazy\" decoding=\"async\" width=\"640\" height=\"427\" src=\"https:\/\/unaymilletras.com\/wp-content\/uploads\/2025\/01\/IMG_9752-1024x683.jpg\" class=\"attachment-large size-large wp-image-3621\" alt=\"\" srcset=\"https:\/\/unaymilletras.com\/wp-content\/uploads\/2025\/01\/IMG_9752-1024x683.jpg 1024w, https:\/\/unaymilletras.com\/wp-content\/uploads\/2025\/01\/IMG_9752-300x200.jpg 300w, https:\/\/unaymilletras.com\/wp-content\/uploads\/2025\/01\/IMG_9752-768x512.jpg 768w, https:\/\/unaymilletras.com\/wp-content\/uploads\/2025\/01\/IMG_9752-1536x1024.jpg 1536w, https:\/\/unaymilletras.com\/wp-content\/uploads\/2025\/01\/IMG_9752-2048x1365.jpg 2048w, https:\/\/unaymilletras.com\/wp-content\/uploads\/2025\/01\/IMG_9752-18x12.jpg 18w, https:\/\/unaymilletras.com\/wp-content\/uploads\/2025\/01\/IMG_9752-scaled-e1737409385395.jpg 600w\" sizes=\"(max-width: 640px) 100vw, 640px\" \/>\t\t\t\t\t\t\t\t\t\t\t<figcaption class=\"widget-image-caption wp-caption-text\">Fot\u00f3grafa: Andrea Muriel<\/figcaption>\n\t\t\t\t\t\t\t\t\t\t<\/figure>\n\t\t\t\t\t\t\t\t\t<\/div>\n\t\t\t\t<\/div>\n\t\t\t\t\t<\/div>\n\t\t<\/div>\n\t\t\t\t\t<\/div>\n\t\t<\/section>\n\t\t\t\t<section class=\"elementor-section elementor-top-section elementor-element elementor-element-0ef313a elementor-section-boxed elementor-section-height-default elementor-section-height-default\" data-id=\"0ef313a\" data-element_type=\"section\" data-e-type=\"section\">\n\t\t\t\t\t\t<div class=\"elementor-container elementor-column-gap-default\">\n\t\t\t\t\t<div class=\"elementor-column elementor-col-100 elementor-top-column elementor-element elementor-element-17d8928\" data-id=\"17d8928\" data-element_type=\"column\" data-e-type=\"column\">\n\t\t\t<div class=\"elementor-widget-wrap elementor-element-populated\">\n\t\t\t\t\t\t<div class=\"elementor-element elementor-element-efed99d elementor-widget elementor-widget-text-editor\" data-id=\"efed99d\" data-element_type=\"widget\" data-e-type=\"widget\" data-widget_type=\"text-editor.default\">\n\t\t\t\t<div class=\"elementor-widget-container\">\n\t\t\t\t\t\t\t\t\t<p class=\"p1\">Tras este momento, y despu\u00e9s de escuchar otra de las canciones m\u00e1s importantes de Milo J,<i> M.A.I., <\/i>el artista volvi\u00f3 a levantar el \u00e1nimo de la gente. Un \u00faltimo bloque que marcaba el fin del concierto pero en el que la gente aprovecho a gastar las pocas energ\u00edas que les quedaban. Pogos, saltos, gritos y mucha emoci\u00f3n cerraron el concierto junto a <i>No Hago Trap.<\/i><\/p><p class=\"p1\">Acaba as\u00ed un d\u00eda inolvidable para muchos y comienza la espera para el pr\u00f3ximo concierto de Milo J en Espa\u00f1a.<\/p>\t\t\t\t\t\t\t\t<\/div>\n\t\t\t\t<\/div>\n\t\t\t\t\t<\/div>\n\t\t<\/div>\n\t\t\t\t\t<\/div>\n\t\t<\/section>\n\t\t\t\t<\/div>","protected":false},"excerpt":{"rendered":"<p>Tini sorprende en el concierto de Milo J en Madrid para presentar su pr\u00f3xima colaboraci\u00f3n Ayer tuvo lugar el esperado concierto de Milo J en el Movistar Arena de Madrid. Despu\u00e9s de dar su show en Barcelona, donde coment\u00f3 que se encontraba algo enfermo, le llegaba el turno a la capital. Miles de personas esperaban [&hellip;]<\/p>\n","protected":false},"author":1,"featured_media":3621,"comment_status":"closed","ping_status":"closed","sticky":false,"template":"","format":"standard","meta":{"footnotes":""},"categories":[4],"tags":[],"class_list":["post-3615","post","type-post","status-publish","format-standard","has-post-thumbnail","hentry","category-musica"],"yoast_head":"<!-- This site is optimized with the Yoast SEO plugin v27.4 - https:\/\/yoast.com\/product\/yoast-seo-wordpress\/ -->\n<title>Milo J hace temblar y emociona al Movistar Arena de Madrid<\/title>\n<meta name=\"description\" content=\"Tini sorprende en el concierto de Milo J en Madrid para presentar su pr\u00f3xima colaboraci\u00f3n, &quot;Lo que me causa&quot;\" \/>\n<meta name=\"robots\" content=\"index, follow, max-snippet:-1, max-image-preview:large, max-video-preview:-1\" \/>\n<link rel=\"canonical\" href=\"https:\/\/unaymilletras.com\/en\/milo-j-hace-temblar-y-emociona-al-movistar-arena-de-madrid\/\" \/>\n<meta property=\"og:locale\" content=\"en_GB\" \/>\n<meta property=\"og:type\" content=\"article\" \/>\n<meta property=\"og:title\" content=\"Milo J hace temblar y emociona al Movistar Arena de Madrid\" \/>\n<meta property=\"og:description\" content=\"Tini sorprende en el concierto de Milo J en Madrid para presentar su pr\u00f3xima colaboraci\u00f3n, &quot;Lo que me causa&quot;\" \/>\n<meta property=\"og:url\" content=\"https:\/\/unaymilletras.com\/en\/milo-j-hace-temblar-y-emociona-al-movistar-arena-de-madrid\/\" \/>\n<meta property=\"og:site_name\" content=\"Una y Mil Letras\" \/>\n<meta property=\"article:published_time\" content=\"2025-01-20T21:45:07+00:00\" \/>\n<meta property=\"article:modified_time\" content=\"2025-01-20T21:45:21+00:00\" \/>\n<meta property=\"og:image\" content=\"http:\/\/unaymilletras.com\/wp-content\/uploads\/2025\/01\/IMG_9752-scaled-e1737409385395.jpg\" \/>\n\t<meta property=\"og:image:width\" content=\"600\" \/>\n\t<meta property=\"og:image:height\" content=\"400\" \/>\n\t<meta property=\"og:image:type\" content=\"image\/jpeg\" \/>\n<meta name=\"author\" content=\"Maria Gil Robledo\" \/>\n<meta name=\"twitter:card\" content=\"summary_large_image\" \/>\n<meta name=\"twitter:creator\" content=\"@UnaYMilLetras\" \/>\n<meta name=\"twitter:site\" content=\"@UnaYMilLetras\" \/>\n<meta name=\"twitter:label1\" content=\"Written by\" \/>\n\t<meta name=\"twitter:data1\" content=\"Maria Gil Robledo\" \/>\n\t<meta name=\"twitter:label2\" content=\"Estimated reading time\" \/>\n\t<meta name=\"twitter:data2\" content=\"4 minutes\" \/>\n<script type=\"application\/ld+json\" class=\"yoast-schema-graph\">{\"@context\":\"https:\\\/\\\/schema.org\",\"@graph\":[{\"@type\":\"Article\",\"@id\":\"https:\\\/\\\/unaymilletras.com\\\/milo-j-hace-temblar-y-emociona-al-movistar-arena-de-madrid\\\/#article\",\"isPartOf\":{\"@id\":\"https:\\\/\\\/unaymilletras.com\\\/milo-j-hace-temblar-y-emociona-al-movistar-arena-de-madrid\\\/\"},\"author\":{\"name\":\"Maria Gil Robledo\",\"@id\":\"http:\\\/\\\/unaymilletras.com\\\/#\\\/schema\\\/person\\\/d55ba681b8a4e463d8982dbe36a5dc94\"},\"headline\":\"Milo J hace temblar y emociona al Movistar Arena de Madrid\",\"datePublished\":\"2025-01-20T21:45:07+00:00\",\"dateModified\":\"2025-01-20T21:45:21+00:00\",\"mainEntityOfPage\":{\"@id\":\"https:\\\/\\\/unaymilletras.com\\\/milo-j-hace-temblar-y-emociona-al-movistar-arena-de-madrid\\\/\"},\"wordCount\":552,\"publisher\":{\"@id\":\"http:\\\/\\\/unaymilletras.com\\\/#organization\"},\"image\":{\"@id\":\"https:\\\/\\\/unaymilletras.com\\\/milo-j-hace-temblar-y-emociona-al-movistar-arena-de-madrid\\\/#primaryimage\"},\"thumbnailUrl\":\"https:\\\/\\\/unaymilletras.com\\\/wp-content\\\/uploads\\\/2025\\\/01\\\/IMG_9752-scaled-e1737409385395.jpg\",\"articleSection\":[\"M\u00fasica\"],\"inLanguage\":\"en-GB\"},{\"@type\":\"WebPage\",\"@id\":\"https:\\\/\\\/unaymilletras.com\\\/milo-j-hace-temblar-y-emociona-al-movistar-arena-de-madrid\\\/\",\"url\":\"https:\\\/\\\/unaymilletras.com\\\/milo-j-hace-temblar-y-emociona-al-movistar-arena-de-madrid\\\/\",\"name\":\"Milo J hace temblar y emociona al Movistar Arena de Madrid\",\"isPartOf\":{\"@id\":\"http:\\\/\\\/unaymilletras.com\\\/#website\"},\"primaryImageOfPage\":{\"@id\":\"https:\\\/\\\/unaymilletras.com\\\/milo-j-hace-temblar-y-emociona-al-movistar-arena-de-madrid\\\/#primaryimage\"},\"image\":{\"@id\":\"https:\\\/\\\/unaymilletras.com\\\/milo-j-hace-temblar-y-emociona-al-movistar-arena-de-madrid\\\/#primaryimage\"},\"thumbnailUrl\":\"https:\\\/\\\/unaymilletras.com\\\/wp-content\\\/uploads\\\/2025\\\/01\\\/IMG_9752-scaled-e1737409385395.jpg\",\"datePublished\":\"2025-01-20T21:45:07+00:00\",\"dateModified\":\"2025-01-20T21:45:21+00:00\",\"description\":\"Tini sorprende en el concierto de Milo J en Madrid para presentar su pr\u00f3xima colaboraci\u00f3n, \\\"Lo que me causa\\\"\",\"breadcrumb\":{\"@id\":\"https:\\\/\\\/unaymilletras.com\\\/milo-j-hace-temblar-y-emociona-al-movistar-arena-de-madrid\\\/#breadcrumb\"},\"inLanguage\":\"en-GB\",\"potentialAction\":[{\"@type\":\"ReadAction\",\"target\":[\"https:\\\/\\\/unaymilletras.com\\\/milo-j-hace-temblar-y-emociona-al-movistar-arena-de-madrid\\\/\"]}]},{\"@type\":\"ImageObject\",\"inLanguage\":\"en-GB\",\"@id\":\"https:\\\/\\\/unaymilletras.com\\\/milo-j-hace-temblar-y-emociona-al-movistar-arena-de-madrid\\\/#primaryimage\",\"url\":\"https:\\\/\\\/unaymilletras.com\\\/wp-content\\\/uploads\\\/2025\\\/01\\\/IMG_9752-scaled-e1737409385395.jpg\",\"contentUrl\":\"https:\\\/\\\/unaymilletras.com\\\/wp-content\\\/uploads\\\/2025\\\/01\\\/IMG_9752-scaled-e1737409385395.jpg\",\"width\":600,\"height\":400},{\"@type\":\"BreadcrumbList\",\"@id\":\"https:\\\/\\\/unaymilletras.com\\\/milo-j-hace-temblar-y-emociona-al-movistar-arena-de-madrid\\\/#breadcrumb\",\"itemListElement\":[{\"@type\":\"ListItem\",\"position\":1,\"name\":\"Home\",\"item\":\"http:\\\/\\\/unaymilletras.com\\\/\"},{\"@type\":\"ListItem\",\"position\":2,\"name\":\"Milo J hace temblar y emociona al Movistar Arena de Madrid\"}]},{\"@type\":\"WebSite\",\"@id\":\"http:\\\/\\\/unaymilletras.com\\\/#website\",\"url\":\"http:\\\/\\\/unaymilletras.com\\\/\",\"name\":\"Una y Mil Letras\",\"description\":\"\",\"publisher\":{\"@id\":\"http:\\\/\\\/unaymilletras.com\\\/#organization\"},\"potentialAction\":[{\"@type\":\"SearchAction\",\"target\":{\"@type\":\"EntryPoint\",\"urlTemplate\":\"http:\\\/\\\/unaymilletras.com\\\/?s={search_term_string}\"},\"query-input\":{\"@type\":\"PropertyValueSpecification\",\"valueRequired\":true,\"valueName\":\"search_term_string\"}}],\"inLanguage\":\"en-GB\"},{\"@type\":\"Organization\",\"@id\":\"http:\\\/\\\/unaymilletras.com\\\/#organization\",\"name\":\"Una y Mil Letras\",\"url\":\"http:\\\/\\\/unaymilletras.com\\\/\",\"logo\":{\"@type\":\"ImageObject\",\"inLanguage\":\"en-GB\",\"@id\":\"http:\\\/\\\/unaymilletras.com\\\/#\\\/schema\\\/logo\\\/image\\\/\",\"url\":\"https:\\\/\\\/unaymilletras.com\\\/wp-content\\\/uploads\\\/2024\\\/06\\\/cropped-Logo-removebg-preview.png\",\"contentUrl\":\"https:\\\/\\\/unaymilletras.com\\\/wp-content\\\/uploads\\\/2024\\\/06\\\/cropped-Logo-removebg-preview.png\",\"width\":512,\"height\":512,\"caption\":\"Una y Mil Letras\"},\"image\":{\"@id\":\"http:\\\/\\\/unaymilletras.com\\\/#\\\/schema\\\/logo\\\/image\\\/\"},\"sameAs\":[\"https:\\\/\\\/x.com\\\/UnaYMilLetras\",\"https:\\\/\\\/instagram.com\\\/UnaYMilLetras\"]},{\"@type\":\"Person\",\"@id\":\"http:\\\/\\\/unaymilletras.com\\\/#\\\/schema\\\/person\\\/d55ba681b8a4e463d8982dbe36a5dc94\",\"name\":\"Maria Gil Robledo\",\"image\":{\"@type\":\"ImageObject\",\"inLanguage\":\"en-GB\",\"@id\":\"https:\\\/\\\/secure.gravatar.com\\\/avatar\\\/4b8e5102e0015789407eb4870b12f0f2857952d83ca124058f92b764bd1840c3?s=96&d=mm&r=g\",\"url\":\"https:\\\/\\\/secure.gravatar.com\\\/avatar\\\/4b8e5102e0015789407eb4870b12f0f2857952d83ca124058f92b764bd1840c3?s=96&d=mm&r=g\",\"contentUrl\":\"https:\\\/\\\/secure.gravatar.com\\\/avatar\\\/4b8e5102e0015789407eb4870b12f0f2857952d83ca124058f92b764bd1840c3?s=96&d=mm&r=g\",\"caption\":\"Maria Gil Robledo\"},\"sameAs\":[\"http:\\\/\\\/unaymilletras.com\"],\"url\":\"https:\\\/\\\/unaymilletras.com\\\/en\\\/author\\\/mariiagiil02_\\\/\"}]}<\/script>\n<!-- \/ Yoast SEO plugin. -->","yoast_head_json":{"title":"Milo J hace temblar y emociona al Movistar Arena de Madrid","description":"Tini sorprende en el concierto de Milo J en Madrid para presentar su pr\u00f3xima colaboraci\u00f3n, \"Lo que me causa\"","robots":{"index":"index","follow":"follow","max-snippet":"max-snippet:-1","max-image-preview":"max-image-preview:large","max-video-preview":"max-video-preview:-1"},"canonical":"https:\/\/unaymilletras.com\/en\/milo-j-hace-temblar-y-emociona-al-movistar-arena-de-madrid\/","og_locale":"en_GB","og_type":"article","og_title":"Milo J hace temblar y emociona al Movistar Arena de Madrid","og_description":"Tini sorprende en el concierto de Milo J en Madrid para presentar su pr\u00f3xima colaboraci\u00f3n, \"Lo que me causa\"","og_url":"https:\/\/unaymilletras.com\/en\/milo-j-hace-temblar-y-emociona-al-movistar-arena-de-madrid\/","og_site_name":"Una y Mil Letras","article_published_time":"2025-01-20T21:45:07+00:00","article_modified_time":"2025-01-20T21:45:21+00:00","og_image":[{"width":600,"height":400,"url":"http:\/\/unaymilletras.com\/wp-content\/uploads\/2025\/01\/IMG_9752-scaled-e1737409385395.jpg","type":"image\/jpeg"}],"author":"Maria Gil Robledo","twitter_card":"summary_large_image","twitter_creator":"@UnaYMilLetras","twitter_site":"@UnaYMilLetras","twitter_misc":{"Written by":"Maria Gil Robledo","Estimated reading time":"4 minutes"},"schema":{"@context":"https:\/\/schema.org","@graph":[{"@type":"Article","@id":"https:\/\/unaymilletras.com\/milo-j-hace-temblar-y-emociona-al-movistar-arena-de-madrid\/#article","isPartOf":{"@id":"https:\/\/unaymilletras.com\/milo-j-hace-temblar-y-emociona-al-movistar-arena-de-madrid\/"},"author":{"name":"Maria Gil Robledo","@id":"http:\/\/unaymilletras.com\/#\/schema\/person\/d55ba681b8a4e463d8982dbe36a5dc94"},"headline":"Milo J hace temblar y emociona al Movistar Arena de Madrid","datePublished":"2025-01-20T21:45:07+00:00","dateModified":"2025-01-20T21:45:21+00:00","mainEntityOfPage":{"@id":"https:\/\/unaymilletras.com\/milo-j-hace-temblar-y-emociona-al-movistar-arena-de-madrid\/"},"wordCount":552,"publisher":{"@id":"http:\/\/unaymilletras.com\/#organization"},"image":{"@id":"https:\/\/unaymilletras.com\/milo-j-hace-temblar-y-emociona-al-movistar-arena-de-madrid\/#primaryimage"},"thumbnailUrl":"https:\/\/unaymilletras.com\/wp-content\/uploads\/2025\/01\/IMG_9752-scaled-e1737409385395.jpg","articleSection":["M\u00fasica"],"inLanguage":"en-GB"},{"@type":"WebPage","@id":"https:\/\/unaymilletras.com\/milo-j-hace-temblar-y-emociona-al-movistar-arena-de-madrid\/","url":"https:\/\/unaymilletras.com\/milo-j-hace-temblar-y-emociona-al-movistar-arena-de-madrid\/","name":"Milo J hace temblar y emociona al Movistar Arena de Madrid","isPartOf":{"@id":"http:\/\/unaymilletras.com\/#website"},"primaryImageOfPage":{"@id":"https:\/\/unaymilletras.com\/milo-j-hace-temblar-y-emociona-al-movistar-arena-de-madrid\/#primaryimage"},"image":{"@id":"https:\/\/unaymilletras.com\/milo-j-hace-temblar-y-emociona-al-movistar-arena-de-madrid\/#primaryimage"},"thumbnailUrl":"https:\/\/unaymilletras.com\/wp-content\/uploads\/2025\/01\/IMG_9752-scaled-e1737409385395.jpg","datePublished":"2025-01-20T21:45:07+00:00","dateModified":"2025-01-20T21:45:21+00:00","description":"Tini sorprende en el concierto de Milo J en Madrid para presentar su pr\u00f3xima colaboraci\u00f3n, \"Lo que me causa\"","breadcrumb":{"@id":"https:\/\/unaymilletras.com\/milo-j-hace-temblar-y-emociona-al-movistar-arena-de-madrid\/#breadcrumb"},"inLanguage":"en-GB","potentialAction":[{"@type":"ReadAction","target":["https:\/\/unaymilletras.com\/milo-j-hace-temblar-y-emociona-al-movistar-arena-de-madrid\/"]}]},{"@type":"ImageObject","inLanguage":"en-GB","@id":"https:\/\/unaymilletras.com\/milo-j-hace-temblar-y-emociona-al-movistar-arena-de-madrid\/#primaryimage","url":"https:\/\/unaymilletras.com\/wp-content\/uploads\/2025\/01\/IMG_9752-scaled-e1737409385395.jpg","contentUrl":"https:\/\/unaymilletras.com\/wp-content\/uploads\/2025\/01\/IMG_9752-scaled-e1737409385395.jpg","width":600,"height":400},{"@type":"BreadcrumbList","@id":"https:\/\/unaymilletras.com\/milo-j-hace-temblar-y-emociona-al-movistar-arena-de-madrid\/#breadcrumb","itemListElement":[{"@type":"ListItem","position":1,"name":"Home","item":"http:\/\/unaymilletras.com\/"},{"@type":"ListItem","position":2,"name":"Milo J hace temblar y emociona al Movistar Arena de Madrid"}]},{"@type":"WebSite","@id":"http:\/\/unaymilletras.com\/#website","url":"http:\/\/unaymilletras.com\/","name":"Una y Mil Letras","description":"","publisher":{"@id":"http:\/\/unaymilletras.com\/#organization"},"potentialAction":[{"@type":"SearchAction","target":{"@type":"EntryPoint","urlTemplate":"http:\/\/unaymilletras.com\/?s={search_term_string}"},"query-input":{"@type":"PropertyValueSpecification","valueRequired":true,"valueName":"search_term_string"}}],"inLanguage":"en-GB"},{"@type":"Organization","@id":"http:\/\/unaymilletras.com\/#organization","name":"Una y Mil Letras","url":"http:\/\/unaymilletras.com\/","logo":{"@type":"ImageObject","inLanguage":"en-GB","@id":"http:\/\/unaymilletras.com\/#\/schema\/logo\/image\/","url":"https:\/\/unaymilletras.com\/wp-content\/uploads\/2024\/06\/cropped-Logo-removebg-preview.png","contentUrl":"https:\/\/unaymilletras.com\/wp-content\/uploads\/2024\/06\/cropped-Logo-removebg-preview.png","width":512,"height":512,"caption":"Una y Mil Letras"},"image":{"@id":"http:\/\/unaymilletras.com\/#\/schema\/logo\/image\/"},"sameAs":["https:\/\/x.com\/UnaYMilLetras","https:\/\/instagram.com\/UnaYMilLetras"]},{"@type":"Person","@id":"http:\/\/unaymilletras.com\/#\/schema\/person\/d55ba681b8a4e463d8982dbe36a5dc94","name":"Maria Gil Robledo","image":{"@type":"ImageObject","inLanguage":"en-GB","@id":"https:\/\/secure.gravatar.com\/avatar\/4b8e5102e0015789407eb4870b12f0f2857952d83ca124058f92b764bd1840c3?s=96&d=mm&r=g","url":"https:\/\/secure.gravatar.com\/avatar\/4b8e5102e0015789407eb4870b12f0f2857952d83ca124058f92b764bd1840c3?s=96&d=mm&r=g","contentUrl":"https:\/\/secure.gravatar.com\/avatar\/4b8e5102e0015789407eb4870b12f0f2857952d83ca124058f92b764bd1840c3?s=96&d=mm&r=g","caption":"Maria Gil Robledo"},"sameAs":["http:\/\/unaymilletras.com"],"url":"https:\/\/unaymilletras.com\/en\/author\/mariiagiil02_\/"}]}},"_links":{"self":[{"href":"https:\/\/unaymilletras.com\/en\/wp-json\/wp\/v2\/posts\/3615","targetHints":{"allow":["GET"]}}],"collection":[{"href":"https:\/\/unaymilletras.com\/en\/wp-json\/wp\/v2\/posts"}],"about":[{"href":"https:\/\/unaymilletras.com\/en\/wp-json\/wp\/v2\/types\/post"}],"author":[{"embeddable":true,"href":"https:\/\/unaymilletras.com\/en\/wp-json\/wp\/v2\/users\/1"}],"replies":[{"embeddable":true,"href":"https:\/\/unaymilletras.com\/en\/wp-json\/wp\/v2\/comments?post=3615"}],"version-history":[{"count":7,"href":"https:\/\/unaymilletras.com\/en\/wp-json\/wp\/v2\/posts\/3615\/revisions"}],"predecessor-version":[{"id":3627,"href":"https:\/\/unaymilletras.com\/en\/wp-json\/wp\/v2\/posts\/3615\/revisions\/3627"}],"wp:featuredmedia":[{"embeddable":true,"href":"https:\/\/unaymilletras.com\/en\/wp-json\/wp\/v2\/media\/3621"}],"wp:attachment":[{"href":"https:\/\/unaymilletras.com\/en\/wp-json\/wp\/v2\/media?parent=3615"}],"wp:term":[{"taxonomy":"category","embeddable":true,"href":"https:\/\/unaymilletras.com\/en\/wp-json\/wp\/v2\/categories?post=3615"},{"taxonomy":"post_tag","embeddable":true,"href":"https:\/\/unaymilletras.com\/en\/wp-json\/wp\/v2\/tags?post=3615"}],"curies":[{"name":"wp","href":"https:\/\/api.w.org\/{rel}","templated":true}]}}