{"id":3628,"date":"2025-01-22T22:12:27","date_gmt":"2025-01-22T21:12:27","guid":{"rendered":"https:\/\/unaymilletras.com\/?p=3628"},"modified":"2025-01-22T22:15:14","modified_gmt":"2025-01-22T21:15:14","slug":"ramma-anuncia-su-primera-gira-por-espana-tras-el-exito-de-inmortal","status":"publish","type":"post","link":"https:\/\/unaymilletras.com\/en\/ramma-anuncia-su-primera-gira-por-espana-tras-el-exito-de-inmortal\/","title":{"rendered":"Ramma anuncia su primera gira por Espa\u00f1a tras el \u00e9xito de \u201cInmortal\u201d"},"content":{"rendered":"<div data-elementor-type=\"wp-post\" data-elementor-id=\"3628\" class=\"elementor elementor-3628\">\n\t\t\t\t\t\t<section class=\"elementor-section elementor-top-section elementor-element elementor-element-7df2bc8 elementor-section-boxed elementor-section-height-default elementor-section-height-default\" data-id=\"7df2bc8\" data-element_type=\"section\" data-e-type=\"section\">\n\t\t\t\t\t\t<div class=\"elementor-container elementor-column-gap-default\">\n\t\t\t\t\t<div class=\"elementor-column elementor-col-100 elementor-top-column elementor-element elementor-element-e2db13e\" data-id=\"e2db13e\" data-element_type=\"column\" data-e-type=\"column\">\n\t\t\t<div class=\"elementor-widget-wrap elementor-element-populated\">\n\t\t\t\t\t\t<div class=\"elementor-element elementor-element-e385fa4 elementor-widget elementor-widget-text-editor\" data-id=\"e385fa4\" data-element_type=\"widget\" data-e-type=\"widget\" data-widget_type=\"text-editor.default\">\n\t\t\t\t<div class=\"elementor-widget-container\">\n\t\t\t\t\t\t\t\t\t<h2 style=\"text-align: center;\"><span style=\"color: #808080;\"><em>La joven promesa argentina, Ramma, se presentar\u00e1 en Madrid y Barcelona por primera vez\u00a0<\/em><\/span><\/h2>\t\t\t\t\t\t\t\t<\/div>\n\t\t\t\t<\/div>\n\t\t\t\t\t<\/div>\n\t\t<\/div>\n\t\t\t\t\t<\/div>\n\t\t<\/section>\n\t\t\t\t<section class=\"elementor-section elementor-top-section elementor-element elementor-element-ed7797d elementor-section-boxed elementor-section-height-default elementor-section-height-default\" data-id=\"ed7797d\" data-element_type=\"section\" data-e-type=\"section\">\n\t\t\t\t\t\t<div class=\"elementor-container elementor-column-gap-default\">\n\t\t\t\t\t<div class=\"elementor-column elementor-col-100 elementor-top-column elementor-element elementor-element-4740b05\" data-id=\"4740b05\" data-element_type=\"column\" data-e-type=\"column\">\n\t\t\t<div class=\"elementor-widget-wrap elementor-element-populated\">\n\t\t\t\t\t\t<div class=\"elementor-element elementor-element-37f99d5 elementor-widget elementor-widget-text-editor\" data-id=\"37f99d5\" data-element_type=\"widget\" data-e-type=\"widget\" data-widget_type=\"text-editor.default\">\n\t\t\t\t<div class=\"elementor-widget-container\">\n\t\t\t\t\t\t\t\t\t<p>El cantante y compositor <b>Ramma<\/b>, quien debut\u00f3 en el puesto 8 del Top Global de Spotify con su tercer \u00e1lbum <em>Inmortal<\/em>, acaba de anunciar las primeras fechas de su esperada gira en Espa\u00f1a. El 31 de marzo actuar\u00e1 en la Sala Sol de Madrid y el 6 de abril en Sauvage de Barcelona, marcando un emocionante inicio para su proyecci\u00f3n internacional en 2025.<\/p>\t\t\t\t\t\t\t\t<\/div>\n\t\t\t\t<\/div>\n\t\t\t\t\t<\/div>\n\t\t<\/div>\n\t\t\t\t\t<\/div>\n\t\t<\/section>\n\t\t\t\t<section class=\"elementor-section elementor-top-section elementor-element elementor-element-cda5fcb elementor-section-boxed elementor-section-height-default elementor-section-height-default\" data-id=\"cda5fcb\" data-element_type=\"section\" data-e-type=\"section\">\n\t\t\t\t\t\t<div class=\"elementor-container elementor-column-gap-default\">\n\t\t\t\t\t<div class=\"elementor-column elementor-col-33 elementor-top-column elementor-element elementor-element-0da3d15\" data-id=\"0da3d15\" data-element_type=\"column\" data-e-type=\"column\">\n\t\t\t<div class=\"elementor-widget-wrap elementor-element-populated\">\n\t\t\t\t\t\t<div class=\"elementor-element elementor-element-07ec715 elementor-widget elementor-widget-image\" data-id=\"07ec715\" data-element_type=\"widget\" data-e-type=\"widget\" data-widget_type=\"image.default\">\n\t\t\t\t<div class=\"elementor-widget-container\">\n\t\t\t\t\t\t\t\t\t\t\t\t\t\t\t<img fetchpriority=\"high\" decoding=\"async\" width=\"576\" height=\"1024\" src=\"https:\/\/unaymilletras.com\/wp-content\/uploads\/2025\/01\/AD_4nXdv-ww3CYB2vf_mkds8gfoBvzQy-576x1024.jpg\" class=\"attachment-large size-large wp-image-3633\" alt=\"Ramma\" srcset=\"https:\/\/unaymilletras.com\/wp-content\/uploads\/2025\/01\/AD_4nXdv-ww3CYB2vf_mkds8gfoBvzQy-576x1024.jpg 576w, https:\/\/unaymilletras.com\/wp-content\/uploads\/2025\/01\/AD_4nXdv-ww3CYB2vf_mkds8gfoBvzQy-169x300.jpg 169w, https:\/\/unaymilletras.com\/wp-content\/uploads\/2025\/01\/AD_4nXdv-ww3CYB2vf_mkds8gfoBvzQy-768x1365.jpg 768w, https:\/\/unaymilletras.com\/wp-content\/uploads\/2025\/01\/AD_4nXdv-ww3CYB2vf_mkds8gfoBvzQy-864x1536.jpg 864w, https:\/\/unaymilletras.com\/wp-content\/uploads\/2025\/01\/AD_4nXdv-ww3CYB2vf_mkds8gfoBvzQy-7x12.jpg 7w, https:\/\/unaymilletras.com\/wp-content\/uploads\/2025\/01\/AD_4nXdv-ww3CYB2vf_mkds8gfoBvzQy.jpg 900w\" sizes=\"(max-width: 576px) 100vw, 576px\" \/>\t\t\t\t\t\t\t\t\t\t\t\t\t\t\t<\/div>\n\t\t\t\t<\/div>\n\t\t\t\t\t<\/div>\n\t\t<\/div>\n\t\t\t\t<div class=\"elementor-column elementor-col-66 elementor-top-column elementor-element elementor-element-0381f31\" data-id=\"0381f31\" data-element_type=\"column\" data-e-type=\"column\">\n\t\t\t<div class=\"elementor-widget-wrap elementor-element-populated\">\n\t\t\t\t\t\t<div class=\"elementor-element elementor-element-36d79b8 elementor-widget elementor-widget-text-editor\" data-id=\"36d79b8\" data-element_type=\"widget\" data-e-type=\"widget\" data-widget_type=\"text-editor.default\">\n\t\t\t\t<div class=\"elementor-widget-container\">\n\t\t\t\t\t\t\t\t\t<p>Con <span style=\"color: #808080;\"><a style=\"color: #808080;\" href=\"https:\/\/unaymilletras.com\/en\/ramma-lanza-inmortal-su-tercer-album-de-la-triologia\/\"><em><b>Inmortal<\/b><\/em><\/a><\/span>, Ramma no solo consolida su talento, sino que se posiciona como una de las promesas m\u00e1s importantes de la m\u00fasica urbana actual. Producido por nombres como Tadu, Dazen, Barta, Lonzo, Tiano y Almeja, el \u00e1lbum refleja un proceso creativo que Ramma describe como \u00abextenso, profesional y profundamente satisfactorio\u00bb. Desde su g\u00e9nesis durante la \u00e9poca de <em>Intr\u00e9pido<\/em>, hasta su materializaci\u00f3n, el disco ha sido una muestra de evoluci\u00f3n y dedicaci\u00f3n art\u00edstica.<\/p><p>El propio Ramma destaca la importancia de este nuevo cap\u00edtulo en su carrera: \u201cLas expectativas est\u00e1n bastante altas, vi a la gente muy motivada. <em>Inmortal<\/em> tiene letras s\u00f3lidas y un concepto que siempre so\u00f1\u00e9 materializar\u201d.<\/p>\t\t\t\t\t\t\t\t<\/div>\n\t\t\t\t<\/div>\n\t\t\t\t\t<\/div>\n\t\t<\/div>\n\t\t\t\t\t<\/div>\n\t\t<\/section>\n\t\t\t\t<section class=\"elementor-section elementor-top-section elementor-element elementor-element-407f998 elementor-section-boxed elementor-section-height-default elementor-section-height-default\" data-id=\"407f998\" data-element_type=\"section\" data-e-type=\"section\">\n\t\t\t\t\t\t<div class=\"elementor-container elementor-column-gap-default\">\n\t\t\t\t\t<div class=\"elementor-column elementor-col-100 elementor-top-column elementor-element elementor-element-fc7dd65\" data-id=\"fc7dd65\" data-element_type=\"column\" data-e-type=\"column\">\n\t\t\t<div class=\"elementor-widget-wrap elementor-element-populated\">\n\t\t\t\t\t\t<div class=\"elementor-element elementor-element-e94c88d elementor-widget elementor-widget-text-editor\" data-id=\"e94c88d\" data-element_type=\"widget\" data-e-type=\"widget\" data-widget_type=\"text-editor.default\">\n\t\t\t\t<div class=\"elementor-widget-container\">\n\t\t\t\t\t\t\t\t\t<p>Antes de llevar su espect\u00e1culo al Complejo Art Media de Buenos Aires el 11 de abril, el artista subraya la relevancia de conectar con sus fans internacionales: \u201cVamos a salir de Argentina y visitar a los fans de otros pa\u00edses. Es un sue\u00f1o que no pens\u00e9 que llegar\u00eda tan r\u00e1pido, pero es una oportunidad para seguir demostrando\u201d.<\/p><p>La gira por Espa\u00f1a promete ser el inicio de un a\u00f1o cargado de nuevos desaf\u00edos y \u00e9xitos para Ramma, un artista que contin\u00faa marcando su camino con autenticidad y pasi\u00f3n.<\/p>\t\t\t\t\t\t\t\t<\/div>\n\t\t\t\t<\/div>\n\t\t\t\t\t<\/div>\n\t\t<\/div>\n\t\t\t\t\t<\/div>\n\t\t<\/section>\n\t\t\t\t<\/div>","protected":false},"excerpt":{"rendered":"<p>La joven promesa argentina, Ramma, se presentar\u00e1 en Madrid y Barcelona por primera vez\u00a0 El cantante y compositor Ramma, quien debut\u00f3 en el puesto 8 del Top Global de Spotify con su tercer \u00e1lbum Inmortal, acaba de anunciar las primeras fechas de su esperada gira en Espa\u00f1a. El 31 de marzo actuar\u00e1 en la Sala [&hellip;]<\/p>\n","protected":false},"author":1,"featured_media":3633,"comment_status":"closed","ping_status":"closed","sticky":false,"template":"","format":"standard","meta":{"footnotes":""},"categories":[4],"tags":[],"class_list":["post-3628","post","type-post","status-publish","format-standard","has-post-thumbnail","hentry","category-musica"],"yoast_head":"<!-- This site is optimized with the Yoast SEO plugin v27.4 - https:\/\/yoast.com\/product\/yoast-seo-wordpress\/ -->\n<title>Ramma anuncia su primera gira por Espa\u00f1a tras el \u00e9xito de \u201cInmortal\u201d<\/title>\n<meta name=\"description\" content=\"La joven promesa argentina, Ramma, se presentar\u00e1 en Madrid y Barcelona por primera vez y anuncia las fechas tras el lanzamiento de su \u00e1lbum\" \/>\n<meta name=\"robots\" content=\"index, follow, max-snippet:-1, max-image-preview:large, max-video-preview:-1\" \/>\n<link rel=\"canonical\" href=\"https:\/\/unaymilletras.com\/en\/ramma-anuncia-su-primera-gira-por-espana-tras-el-exito-de-inmortal\/\" \/>\n<meta property=\"og:locale\" content=\"en_GB\" \/>\n<meta property=\"og:type\" content=\"article\" \/>\n<meta property=\"og:title\" content=\"Ramma anuncia su primera gira por Espa\u00f1a tras el \u00e9xito de \u201cInmortal\u201d\" \/>\n<meta property=\"og:description\" content=\"La joven promesa argentina, Ramma, se presentar\u00e1 en Madrid y Barcelona por primera vez y anuncia las fechas tras el lanzamiento de su \u00e1lbum\" \/>\n<meta property=\"og:url\" content=\"https:\/\/unaymilletras.com\/en\/ramma-anuncia-su-primera-gira-por-espana-tras-el-exito-de-inmortal\/\" \/>\n<meta property=\"og:site_name\" content=\"Una y Mil Letras\" \/>\n<meta property=\"article:published_time\" content=\"2025-01-22T21:12:27+00:00\" \/>\n<meta property=\"article:modified_time\" content=\"2025-01-22T21:15:14+00:00\" \/>\n<meta property=\"og:image\" content=\"http:\/\/unaymilletras.com\/wp-content\/uploads\/2025\/01\/AD_4nXdv-ww3CYB2vf_mkds8gfoBvzQy.jpg\" \/>\n\t<meta property=\"og:image:width\" content=\"900\" \/>\n\t<meta property=\"og:image:height\" content=\"1600\" \/>\n\t<meta property=\"og:image:type\" content=\"image\/jpeg\" \/>\n<meta name=\"author\" content=\"Maria Gil Robledo\" \/>\n<meta name=\"twitter:card\" content=\"summary_large_image\" \/>\n<meta name=\"twitter:creator\" content=\"@UnaYMilLetras\" \/>\n<meta name=\"twitter:site\" content=\"@UnaYMilLetras\" \/>\n<meta name=\"twitter:label1\" content=\"Written by\" \/>\n\t<meta name=\"twitter:data1\" content=\"Maria Gil Robledo\" \/>\n\t<meta name=\"twitter:label2\" content=\"Estimated reading time\" \/>\n\t<meta name=\"twitter:data2\" content=\"2 minutes\" \/>\n<script type=\"application\/ld+json\" class=\"yoast-schema-graph\">{\"@context\":\"https:\\\/\\\/schema.org\",\"@graph\":[{\"@type\":\"Article\",\"@id\":\"https:\\\/\\\/unaymilletras.com\\\/ramma-anuncia-su-primera-gira-por-espana-tras-el-exito-de-inmortal\\\/#article\",\"isPartOf\":{\"@id\":\"https:\\\/\\\/unaymilletras.com\\\/ramma-anuncia-su-primera-gira-por-espana-tras-el-exito-de-inmortal\\\/\"},\"author\":{\"name\":\"Maria Gil Robledo\",\"@id\":\"http:\\\/\\\/unaymilletras.com\\\/#\\\/schema\\\/person\\\/d55ba681b8a4e463d8982dbe36a5dc94\"},\"headline\":\"Ramma anuncia su primera gira por Espa\u00f1a tras el \u00e9xito de \u201cInmortal\u201d\",\"datePublished\":\"2025-01-22T21:12:27+00:00\",\"dateModified\":\"2025-01-22T21:15:14+00:00\",\"mainEntityOfPage\":{\"@id\":\"https:\\\/\\\/unaymilletras.com\\\/ramma-anuncia-su-primera-gira-por-espana-tras-el-exito-de-inmortal\\\/\"},\"wordCount\":302,\"publisher\":{\"@id\":\"http:\\\/\\\/unaymilletras.com\\\/#organization\"},\"image\":{\"@id\":\"https:\\\/\\\/unaymilletras.com\\\/ramma-anuncia-su-primera-gira-por-espana-tras-el-exito-de-inmortal\\\/#primaryimage\"},\"thumbnailUrl\":\"https:\\\/\\\/unaymilletras.com\\\/wp-content\\\/uploads\\\/2025\\\/01\\\/AD_4nXdv-ww3CYB2vf_mkds8gfoBvzQy.jpg\",\"articleSection\":[\"M\u00fasica\"],\"inLanguage\":\"en-GB\"},{\"@type\":\"WebPage\",\"@id\":\"https:\\\/\\\/unaymilletras.com\\\/ramma-anuncia-su-primera-gira-por-espana-tras-el-exito-de-inmortal\\\/\",\"url\":\"https:\\\/\\\/unaymilletras.com\\\/ramma-anuncia-su-primera-gira-por-espana-tras-el-exito-de-inmortal\\\/\",\"name\":\"Ramma anuncia su primera gira por Espa\u00f1a tras el \u00e9xito de \u201cInmortal\u201d\",\"isPartOf\":{\"@id\":\"http:\\\/\\\/unaymilletras.com\\\/#website\"},\"primaryImageOfPage\":{\"@id\":\"https:\\\/\\\/unaymilletras.com\\\/ramma-anuncia-su-primera-gira-por-espana-tras-el-exito-de-inmortal\\\/#primaryimage\"},\"image\":{\"@id\":\"https:\\\/\\\/unaymilletras.com\\\/ramma-anuncia-su-primera-gira-por-espana-tras-el-exito-de-inmortal\\\/#primaryimage\"},\"thumbnailUrl\":\"https:\\\/\\\/unaymilletras.com\\\/wp-content\\\/uploads\\\/2025\\\/01\\\/AD_4nXdv-ww3CYB2vf_mkds8gfoBvzQy.jpg\",\"datePublished\":\"2025-01-22T21:12:27+00:00\",\"dateModified\":\"2025-01-22T21:15:14+00:00\",\"description\":\"La joven promesa argentina, Ramma, se presentar\u00e1 en Madrid y Barcelona por primera vez y anuncia las fechas tras el lanzamiento de su \u00e1lbum\",\"breadcrumb\":{\"@id\":\"https:\\\/\\\/unaymilletras.com\\\/ramma-anuncia-su-primera-gira-por-espana-tras-el-exito-de-inmortal\\\/#breadcrumb\"},\"inLanguage\":\"en-GB\",\"potentialAction\":[{\"@type\":\"ReadAction\",\"target\":[\"https:\\\/\\\/unaymilletras.com\\\/ramma-anuncia-su-primera-gira-por-espana-tras-el-exito-de-inmortal\\\/\"]}]},{\"@type\":\"ImageObject\",\"inLanguage\":\"en-GB\",\"@id\":\"https:\\\/\\\/unaymilletras.com\\\/ramma-anuncia-su-primera-gira-por-espana-tras-el-exito-de-inmortal\\\/#primaryimage\",\"url\":\"https:\\\/\\\/unaymilletras.com\\\/wp-content\\\/uploads\\\/2025\\\/01\\\/AD_4nXdv-ww3CYB2vf_mkds8gfoBvzQy.jpg\",\"contentUrl\":\"https:\\\/\\\/unaymilletras.com\\\/wp-content\\\/uploads\\\/2025\\\/01\\\/AD_4nXdv-ww3CYB2vf_mkds8gfoBvzQy.jpg\",\"width\":900,\"height\":1600,\"caption\":\"Ramma\"},{\"@type\":\"BreadcrumbList\",\"@id\":\"https:\\\/\\\/unaymilletras.com\\\/ramma-anuncia-su-primera-gira-por-espana-tras-el-exito-de-inmortal\\\/#breadcrumb\",\"itemListElement\":[{\"@type\":\"ListItem\",\"position\":1,\"name\":\"Home\",\"item\":\"http:\\\/\\\/unaymilletras.com\\\/\"},{\"@type\":\"ListItem\",\"position\":2,\"name\":\"Ramma anuncia su primera gira por Espa\u00f1a tras el \u00e9xito de \u201cInmortal\u201d\"}]},{\"@type\":\"WebSite\",\"@id\":\"http:\\\/\\\/unaymilletras.com\\\/#website\",\"url\":\"http:\\\/\\\/unaymilletras.com\\\/\",\"name\":\"Una y Mil Letras\",\"description\":\"\",\"publisher\":{\"@id\":\"http:\\\/\\\/unaymilletras.com\\\/#organization\"},\"potentialAction\":[{\"@type\":\"SearchAction\",\"target\":{\"@type\":\"EntryPoint\",\"urlTemplate\":\"http:\\\/\\\/unaymilletras.com\\\/?s={search_term_string}\"},\"query-input\":{\"@type\":\"PropertyValueSpecification\",\"valueRequired\":true,\"valueName\":\"search_term_string\"}}],\"inLanguage\":\"en-GB\"},{\"@type\":\"Organization\",\"@id\":\"http:\\\/\\\/unaymilletras.com\\\/#organization\",\"name\":\"Una y Mil Letras\",\"url\":\"http:\\\/\\\/unaymilletras.com\\\/\",\"logo\":{\"@type\":\"ImageObject\",\"inLanguage\":\"en-GB\",\"@id\":\"http:\\\/\\\/unaymilletras.com\\\/#\\\/schema\\\/logo\\\/image\\\/\",\"url\":\"https:\\\/\\\/unaymilletras.com\\\/wp-content\\\/uploads\\\/2024\\\/06\\\/cropped-Logo-removebg-preview.png\",\"contentUrl\":\"https:\\\/\\\/unaymilletras.com\\\/wp-content\\\/uploads\\\/2024\\\/06\\\/cropped-Logo-removebg-preview.png\",\"width\":512,\"height\":512,\"caption\":\"Una y Mil Letras\"},\"image\":{\"@id\":\"http:\\\/\\\/unaymilletras.com\\\/#\\\/schema\\\/logo\\\/image\\\/\"},\"sameAs\":[\"https:\\\/\\\/x.com\\\/UnaYMilLetras\",\"https:\\\/\\\/instagram.com\\\/UnaYMilLetras\"]},{\"@type\":\"Person\",\"@id\":\"http:\\\/\\\/unaymilletras.com\\\/#\\\/schema\\\/person\\\/d55ba681b8a4e463d8982dbe36a5dc94\",\"name\":\"Maria Gil Robledo\",\"image\":{\"@type\":\"ImageObject\",\"inLanguage\":\"en-GB\",\"@id\":\"https:\\\/\\\/secure.gravatar.com\\\/avatar\\\/4b8e5102e0015789407eb4870b12f0f2857952d83ca124058f92b764bd1840c3?s=96&d=mm&r=g\",\"url\":\"https:\\\/\\\/secure.gravatar.com\\\/avatar\\\/4b8e5102e0015789407eb4870b12f0f2857952d83ca124058f92b764bd1840c3?s=96&d=mm&r=g\",\"contentUrl\":\"https:\\\/\\\/secure.gravatar.com\\\/avatar\\\/4b8e5102e0015789407eb4870b12f0f2857952d83ca124058f92b764bd1840c3?s=96&d=mm&r=g\",\"caption\":\"Maria Gil Robledo\"},\"sameAs\":[\"http:\\\/\\\/unaymilletras.com\"],\"url\":\"https:\\\/\\\/unaymilletras.com\\\/en\\\/author\\\/mariiagiil02_\\\/\"}]}<\/script>\n<!-- \/ Yoast SEO plugin. -->","yoast_head_json":{"title":"Ramma anuncia su primera gira por Espa\u00f1a tras el \u00e9xito de \u201cInmortal\u201d","description":"La joven promesa argentina, Ramma, se presentar\u00e1 en Madrid y Barcelona por primera vez y anuncia las fechas tras el lanzamiento de su \u00e1lbum","robots":{"index":"index","follow":"follow","max-snippet":"max-snippet:-1","max-image-preview":"max-image-preview:large","max-video-preview":"max-video-preview:-1"},"canonical":"https:\/\/unaymilletras.com\/en\/ramma-anuncia-su-primera-gira-por-espana-tras-el-exito-de-inmortal\/","og_locale":"en_GB","og_type":"article","og_title":"Ramma anuncia su primera gira por Espa\u00f1a tras el \u00e9xito de \u201cInmortal\u201d","og_description":"La joven promesa argentina, Ramma, se presentar\u00e1 en Madrid y Barcelona por primera vez y anuncia las fechas tras el lanzamiento de su \u00e1lbum","og_url":"https:\/\/unaymilletras.com\/en\/ramma-anuncia-su-primera-gira-por-espana-tras-el-exito-de-inmortal\/","og_site_name":"Una y Mil Letras","article_published_time":"2025-01-22T21:12:27+00:00","article_modified_time":"2025-01-22T21:15:14+00:00","og_image":[{"width":900,"height":1600,"url":"http:\/\/unaymilletras.com\/wp-content\/uploads\/2025\/01\/AD_4nXdv-ww3CYB2vf_mkds8gfoBvzQy.jpg","type":"image\/jpeg"}],"author":"Maria Gil Robledo","twitter_card":"summary_large_image","twitter_creator":"@UnaYMilLetras","twitter_site":"@UnaYMilLetras","twitter_misc":{"Written by":"Maria Gil Robledo","Estimated reading time":"2 minutes"},"schema":{"@context":"https:\/\/schema.org","@graph":[{"@type":"Article","@id":"https:\/\/unaymilletras.com\/ramma-anuncia-su-primera-gira-por-espana-tras-el-exito-de-inmortal\/#article","isPartOf":{"@id":"https:\/\/unaymilletras.com\/ramma-anuncia-su-primera-gira-por-espana-tras-el-exito-de-inmortal\/"},"author":{"name":"Maria Gil Robledo","@id":"http:\/\/unaymilletras.com\/#\/schema\/person\/d55ba681b8a4e463d8982dbe36a5dc94"},"headline":"Ramma anuncia su primera gira por Espa\u00f1a tras el \u00e9xito de \u201cInmortal\u201d","datePublished":"2025-01-22T21:12:27+00:00","dateModified":"2025-01-22T21:15:14+00:00","mainEntityOfPage":{"@id":"https:\/\/unaymilletras.com\/ramma-anuncia-su-primera-gira-por-espana-tras-el-exito-de-inmortal\/"},"wordCount":302,"publisher":{"@id":"http:\/\/unaymilletras.com\/#organization"},"image":{"@id":"https:\/\/unaymilletras.com\/ramma-anuncia-su-primera-gira-por-espana-tras-el-exito-de-inmortal\/#primaryimage"},"thumbnailUrl":"https:\/\/unaymilletras.com\/wp-content\/uploads\/2025\/01\/AD_4nXdv-ww3CYB2vf_mkds8gfoBvzQy.jpg","articleSection":["M\u00fasica"],"inLanguage":"en-GB"},{"@type":"WebPage","@id":"https:\/\/unaymilletras.com\/ramma-anuncia-su-primera-gira-por-espana-tras-el-exito-de-inmortal\/","url":"https:\/\/unaymilletras.com\/ramma-anuncia-su-primera-gira-por-espana-tras-el-exito-de-inmortal\/","name":"Ramma anuncia su primera gira por Espa\u00f1a tras el \u00e9xito de \u201cInmortal\u201d","isPartOf":{"@id":"http:\/\/unaymilletras.com\/#website"},"primaryImageOfPage":{"@id":"https:\/\/unaymilletras.com\/ramma-anuncia-su-primera-gira-por-espana-tras-el-exito-de-inmortal\/#primaryimage"},"image":{"@id":"https:\/\/unaymilletras.com\/ramma-anuncia-su-primera-gira-por-espana-tras-el-exito-de-inmortal\/#primaryimage"},"thumbnailUrl":"https:\/\/unaymilletras.com\/wp-content\/uploads\/2025\/01\/AD_4nXdv-ww3CYB2vf_mkds8gfoBvzQy.jpg","datePublished":"2025-01-22T21:12:27+00:00","dateModified":"2025-01-22T21:15:14+00:00","description":"La joven promesa argentina, Ramma, se presentar\u00e1 en Madrid y Barcelona por primera vez y anuncia las fechas tras el lanzamiento de su \u00e1lbum","breadcrumb":{"@id":"https:\/\/unaymilletras.com\/ramma-anuncia-su-primera-gira-por-espana-tras-el-exito-de-inmortal\/#breadcrumb"},"inLanguage":"en-GB","potentialAction":[{"@type":"ReadAction","target":["https:\/\/unaymilletras.com\/ramma-anuncia-su-primera-gira-por-espana-tras-el-exito-de-inmortal\/"]}]},{"@type":"ImageObject","inLanguage":"en-GB","@id":"https:\/\/unaymilletras.com\/ramma-anuncia-su-primera-gira-por-espana-tras-el-exito-de-inmortal\/#primaryimage","url":"https:\/\/unaymilletras.com\/wp-content\/uploads\/2025\/01\/AD_4nXdv-ww3CYB2vf_mkds8gfoBvzQy.jpg","contentUrl":"https:\/\/unaymilletras.com\/wp-content\/uploads\/2025\/01\/AD_4nXdv-ww3CYB2vf_mkds8gfoBvzQy.jpg","width":900,"height":1600,"caption":"Ramma"},{"@type":"BreadcrumbList","@id":"https:\/\/unaymilletras.com\/ramma-anuncia-su-primera-gira-por-espana-tras-el-exito-de-inmortal\/#breadcrumb","itemListElement":[{"@type":"ListItem","position":1,"name":"Home","item":"http:\/\/unaymilletras.com\/"},{"@type":"ListItem","position":2,"name":"Ramma anuncia su primera gira por Espa\u00f1a tras el \u00e9xito de \u201cInmortal\u201d"}]},{"@type":"WebSite","@id":"http:\/\/unaymilletras.com\/#website","url":"http:\/\/unaymilletras.com\/","name":"Una y Mil Letras","description":"","publisher":{"@id":"http:\/\/unaymilletras.com\/#organization"},"potentialAction":[{"@type":"SearchAction","target":{"@type":"EntryPoint","urlTemplate":"http:\/\/unaymilletras.com\/?s={search_term_string}"},"query-input":{"@type":"PropertyValueSpecification","valueRequired":true,"valueName":"search_term_string"}}],"inLanguage":"en-GB"},{"@type":"Organization","@id":"http:\/\/unaymilletras.com\/#organization","name":"Una y Mil Letras","url":"http:\/\/unaymilletras.com\/","logo":{"@type":"ImageObject","inLanguage":"en-GB","@id":"http:\/\/unaymilletras.com\/#\/schema\/logo\/image\/","url":"https:\/\/unaymilletras.com\/wp-content\/uploads\/2024\/06\/cropped-Logo-removebg-preview.png","contentUrl":"https:\/\/unaymilletras.com\/wp-content\/uploads\/2024\/06\/cropped-Logo-removebg-preview.png","width":512,"height":512,"caption":"Una y Mil Letras"},"image":{"@id":"http:\/\/unaymilletras.com\/#\/schema\/logo\/image\/"},"sameAs":["https:\/\/x.com\/UnaYMilLetras","https:\/\/instagram.com\/UnaYMilLetras"]},{"@type":"Person","@id":"http:\/\/unaymilletras.com\/#\/schema\/person\/d55ba681b8a4e463d8982dbe36a5dc94","name":"Maria Gil Robledo","image":{"@type":"ImageObject","inLanguage":"en-GB","@id":"https:\/\/secure.gravatar.com\/avatar\/4b8e5102e0015789407eb4870b12f0f2857952d83ca124058f92b764bd1840c3?s=96&d=mm&r=g","url":"https:\/\/secure.gravatar.com\/avatar\/4b8e5102e0015789407eb4870b12f0f2857952d83ca124058f92b764bd1840c3?s=96&d=mm&r=g","contentUrl":"https:\/\/secure.gravatar.com\/avatar\/4b8e5102e0015789407eb4870b12f0f2857952d83ca124058f92b764bd1840c3?s=96&d=mm&r=g","caption":"Maria Gil Robledo"},"sameAs":["http:\/\/unaymilletras.com"],"url":"https:\/\/unaymilletras.com\/en\/author\/mariiagiil02_\/"}]}},"_links":{"self":[{"href":"https:\/\/unaymilletras.com\/en\/wp-json\/wp\/v2\/posts\/3628","targetHints":{"allow":["GET"]}}],"collection":[{"href":"https:\/\/unaymilletras.com\/en\/wp-json\/wp\/v2\/posts"}],"about":[{"href":"https:\/\/unaymilletras.com\/en\/wp-json\/wp\/v2\/types\/post"}],"author":[{"embeddable":true,"href":"https:\/\/unaymilletras.com\/en\/wp-json\/wp\/v2\/users\/1"}],"replies":[{"embeddable":true,"href":"https:\/\/unaymilletras.com\/en\/wp-json\/wp\/v2\/comments?post=3628"}],"version-history":[{"count":10,"href":"https:\/\/unaymilletras.com\/en\/wp-json\/wp\/v2\/posts\/3628\/revisions"}],"predecessor-version":[{"id":3639,"href":"https:\/\/unaymilletras.com\/en\/wp-json\/wp\/v2\/posts\/3628\/revisions\/3639"}],"wp:featuredmedia":[{"embeddable":true,"href":"https:\/\/unaymilletras.com\/en\/wp-json\/wp\/v2\/media\/3633"}],"wp:attachment":[{"href":"https:\/\/unaymilletras.com\/en\/wp-json\/wp\/v2\/media?parent=3628"}],"wp:term":[{"taxonomy":"category","embeddable":true,"href":"https:\/\/unaymilletras.com\/en\/wp-json\/wp\/v2\/categories?post=3628"},{"taxonomy":"post_tag","embeddable":true,"href":"https:\/\/unaymilletras.com\/en\/wp-json\/wp\/v2\/tags?post=3628"}],"curies":[{"name":"wp","href":"https:\/\/api.w.org\/{rel}","templated":true}]}}