{"id":3640,"date":"2025-01-23T12:30:00","date_gmt":"2025-01-23T11:30:00","guid":{"rendered":"https:\/\/unaymilletras.com\/?p=3640"},"modified":"2025-01-22T22:34:02","modified_gmt":"2025-01-22T21:34:02","slug":"gracie-abrams-hara-doblete-en-madrid-con-su-gira-europea-the-secret-of-us-tour","status":"publish","type":"post","link":"https:\/\/unaymilletras.com\/en\/gracie-abrams-hara-doblete-en-madrid-con-su-gira-europea-the-secret-of-us-tour\/","title":{"rendered":"Gracie Abrams har\u00e1 doblete en Madrid con su gira europea \u201cThe Secret of Us Tour\u201d"},"content":{"rendered":"<div data-elementor-type=\"wp-post\" data-elementor-id=\"3640\" class=\"elementor elementor-3640\">\n\t\t\t\t\t\t<section class=\"elementor-section elementor-top-section elementor-element elementor-element-afd2d17 elementor-section-boxed elementor-section-height-default elementor-section-height-default\" data-id=\"afd2d17\" data-element_type=\"section\" data-e-type=\"section\">\n\t\t\t\t\t\t<div class=\"elementor-container elementor-column-gap-default\">\n\t\t\t\t\t<div class=\"elementor-column elementor-col-100 elementor-top-column elementor-element elementor-element-fdb3940\" data-id=\"fdb3940\" data-element_type=\"column\" data-e-type=\"column\">\n\t\t\t<div class=\"elementor-widget-wrap elementor-element-populated\">\n\t\t\t\t\t\t<div class=\"elementor-element elementor-element-f5d9afa elementor-widget elementor-widget-text-editor\" data-id=\"f5d9afa\" data-element_type=\"widget\" data-e-type=\"widget\" data-widget_type=\"text-editor.default\">\n\t\t\t\t<div class=\"elementor-widget-container\">\n\t\t\t\t\t\t\t\t\t<h2 style=\"text-align: center;\"><span style=\"color: #808080;\"><em>La cantautora Gracie Abrams ampl\u00eda su etapa europea con una nueva fecha el 8 de febrero tras agotar las entradas para el d\u00eda 9<\/em><\/span><\/h2>\t\t\t\t\t\t\t\t<\/div>\n\t\t\t\t<\/div>\n\t\t\t\t\t<\/div>\n\t\t<\/div>\n\t\t\t\t\t<\/div>\n\t\t<\/section>\n\t\t\t\t<section class=\"elementor-section elementor-top-section elementor-element elementor-element-93f405c elementor-section-boxed elementor-section-height-default elementor-section-height-default\" data-id=\"93f405c\" data-element_type=\"section\" data-e-type=\"section\">\n\t\t\t\t\t\t<div class=\"elementor-container elementor-column-gap-default\">\n\t\t\t\t\t<div class=\"elementor-column elementor-col-100 elementor-top-column elementor-element elementor-element-a56e109\" data-id=\"a56e109\" data-element_type=\"column\" data-e-type=\"column\">\n\t\t\t<div class=\"elementor-widget-wrap elementor-element-populated\">\n\t\t\t\t\t\t<div class=\"elementor-element elementor-element-05a63f7 elementor-widget elementor-widget-text-editor\" data-id=\"05a63f7\" data-element_type=\"widget\" data-e-type=\"widget\" data-widget_type=\"text-editor.default\">\n\t\t\t\t<div class=\"elementor-widget-container\">\n\t\t\t\t\t\t\t\t\t<p><b>Gracie Abrams<\/b>, una de las artistas m\u00e1s destacadas de su generaci\u00f3n, ha anunciado una nueva fecha en Madrid para su gira europea <em><b>The Secret of Us Tour<\/b><\/em>. Tras agotar las entradas para su concierto en el Palacio Vistalegre del <b>9 de febrero<\/b>, la cantante ha a\u00f1adido una segunda fecha en el mismo recinto el <b>8 de febrero<\/b>, ofreciendo a sus fans espa\u00f1oles una nueva oportunidad para disfrutar de su talento en directo.<\/p>\t\t\t\t\t\t\t\t<\/div>\n\t\t\t\t<\/div>\n\t\t\t\t\t<\/div>\n\t\t<\/div>\n\t\t\t\t\t<\/div>\n\t\t<\/section>\n\t\t\t\t<section class=\"elementor-section elementor-top-section elementor-element elementor-element-284d1e6 elementor-section-boxed elementor-section-height-default elementor-section-height-default\" data-id=\"284d1e6\" data-element_type=\"section\" data-e-type=\"section\">\n\t\t\t\t\t\t<div class=\"elementor-container elementor-column-gap-default\">\n\t\t\t\t\t<div class=\"elementor-column elementor-col-100 elementor-top-column elementor-element elementor-element-ca87f3c\" data-id=\"ca87f3c\" data-element_type=\"column\" data-e-type=\"column\">\n\t\t\t<div class=\"elementor-widget-wrap elementor-element-populated\">\n\t\t\t\t\t\t<div class=\"elementor-element elementor-element-9c65b8e elementor-widget elementor-widget-image\" data-id=\"9c65b8e\" data-element_type=\"widget\" data-e-type=\"widget\" data-widget_type=\"image.default\">\n\t\t\t\t<div class=\"elementor-widget-container\">\n\t\t\t\t\t\t\t\t\t\t\t\t\t\t\t<img fetchpriority=\"high\" decoding=\"async\" width=\"640\" height=\"310\" src=\"https:\/\/unaymilletras.com\/wp-content\/uploads\/2025\/01\/GA-2F-Cartel-Base-H-1024x496.jpg\" class=\"attachment-large size-large wp-image-3642\" alt=\"Gracie Abrams\" srcset=\"https:\/\/unaymilletras.com\/wp-content\/uploads\/2025\/01\/GA-2F-Cartel-Base-H-1024x496.jpg 1024w, https:\/\/unaymilletras.com\/wp-content\/uploads\/2025\/01\/GA-2F-Cartel-Base-H-300x145.jpg 300w, https:\/\/unaymilletras.com\/wp-content\/uploads\/2025\/01\/GA-2F-Cartel-Base-H-768x372.jpg 768w, https:\/\/unaymilletras.com\/wp-content\/uploads\/2025\/01\/GA-2F-Cartel-Base-H-1536x745.jpg 1536w, https:\/\/unaymilletras.com\/wp-content\/uploads\/2025\/01\/GA-2F-Cartel-Base-H-2048x993.jpg 2048w, https:\/\/unaymilletras.com\/wp-content\/uploads\/2025\/01\/GA-2F-Cartel-Base-H-18x9.jpg 18w, https:\/\/unaymilletras.com\/wp-content\/uploads\/2025\/01\/GA-2F-Cartel-Base-H-scaled-e1737581582371.jpg 600w\" sizes=\"(max-width: 640px) 100vw, 640px\" \/>\t\t\t\t\t\t\t\t\t\t\t\t\t\t\t<\/div>\n\t\t\t\t<\/div>\n\t\t\t\t\t<\/div>\n\t\t<\/div>\n\t\t\t\t\t<\/div>\n\t\t<\/section>\n\t\t\t\t<section class=\"elementor-section elementor-top-section elementor-element elementor-element-d310e84 elementor-section-boxed elementor-section-height-default elementor-section-height-default\" data-id=\"d310e84\" data-element_type=\"section\" data-e-type=\"section\">\n\t\t\t\t\t\t<div class=\"elementor-container elementor-column-gap-default\">\n\t\t\t\t\t<div class=\"elementor-column elementor-col-100 elementor-top-column elementor-element elementor-element-65be7a4\" data-id=\"65be7a4\" data-element_type=\"column\" data-e-type=\"column\">\n\t\t\t<div class=\"elementor-widget-wrap elementor-element-populated\">\n\t\t\t\t\t\t<div class=\"elementor-element elementor-element-90eaa69 elementor-widget elementor-widget-text-editor\" data-id=\"90eaa69\" data-element_type=\"widget\" data-e-type=\"widget\" data-widget_type=\"text-editor.default\">\n\t\t\t\t<div class=\"elementor-widget-container\">\n\t\t\t\t\t\t\t\t\t<p>La gira europea, que arranca en Madrid, contar\u00e1 con 18 fechas en ciudades como \u00c1msterdam, Berl\u00edn, Londres, Dubl\u00edn y Par\u00eds. Este tour presenta su aclamado segundo \u00e1lbum <em>The Secret of Us<\/em>, un \u00e9xito internacional que ha alcanzado el n\u00famero 1 en varios pa\u00edses y ha acumulado m\u00e1s de 280 millones de reproducciones globales.<\/p><p>Con su estilo \u00edntimo y letras emotivas, Abrams ha capturado la atenci\u00f3n de cr\u00edticos y fans por igual, y su m\u00fasica ha sido celebrada por artistas como Taylor Swift y Billie Eilish. <em>The Secret of Us<\/em> incluye el exitoso sencillo \u201cClose To You\u201d, con el que debut\u00f3 en solitario en el Billboard Hot 100, consolidando su posici\u00f3n como una de las voces m\u00e1s influyentes de la m\u00fasica contempor\u00e1nea.<\/p>\t\t\t\t\t\t\t\t<\/div>\n\t\t\t\t<\/div>\n\t\t\t\t\t<\/div>\n\t\t<\/div>\n\t\t\t\t\t<\/div>\n\t\t<\/section>\n\t\t\t\t<section class=\"elementor-section elementor-top-section elementor-element elementor-element-40eaacd elementor-section-boxed elementor-section-height-default elementor-section-height-default\" data-id=\"40eaacd\" data-element_type=\"section\" data-e-type=\"section\">\n\t\t\t\t\t\t<div class=\"elementor-container elementor-column-gap-default\">\n\t\t\t\t\t<div class=\"elementor-column elementor-col-100 elementor-top-column elementor-element elementor-element-7f730d5\" data-id=\"7f730d5\" data-element_type=\"column\" data-e-type=\"column\">\n\t\t\t<div class=\"elementor-widget-wrap elementor-element-populated\">\n\t\t\t\t\t\t<div class=\"elementor-element elementor-element-c1b81a8 elementor-widget elementor-widget-video\" data-id=\"c1b81a8\" data-element_type=\"widget\" data-e-type=\"widget\" data-settings=\"{&quot;youtube_url&quot;:&quot;https:\\\/\\\/www.youtube.com\\\/watch?v=BDHM8cyJQa8&amp;ab_channel=GracieAbramsVEVO&quot;,&quot;video_type&quot;:&quot;youtube&quot;,&quot;controls&quot;:&quot;yes&quot;}\" data-widget_type=\"video.default\">\n\t\t\t\t<div class=\"elementor-widget-container\">\n\t\t\t\t\t\t\t<div class=\"elementor-wrapper elementor-open-inline\">\n\t\t\t<div class=\"elementor-video\"><\/div>\t\t<\/div>\n\t\t\t\t\t\t<\/div>\n\t\t\t\t<\/div>\n\t\t\t\t\t<\/div>\n\t\t<\/div>\n\t\t\t\t\t<\/div>\n\t\t<\/section>\n\t\t\t\t<section class=\"elementor-section elementor-top-section elementor-element elementor-element-60b234b elementor-section-boxed elementor-section-height-default elementor-section-height-default\" data-id=\"60b234b\" data-element_type=\"section\" data-e-type=\"section\">\n\t\t\t\t\t\t<div class=\"elementor-container elementor-column-gap-default\">\n\t\t\t\t\t<div class=\"elementor-column elementor-col-100 elementor-top-column elementor-element elementor-element-ab90361\" data-id=\"ab90361\" data-element_type=\"column\" data-e-type=\"column\">\n\t\t\t<div class=\"elementor-widget-wrap elementor-element-populated\">\n\t\t\t\t\t\t<div class=\"elementor-element elementor-element-1a18ebf elementor-widget elementor-widget-text-editor\" data-id=\"1a18ebf\" data-element_type=\"widget\" data-e-type=\"widget\" data-widget_type=\"text-editor.default\">\n\t\t\t\t<div class=\"elementor-widget-container\">\n\t\t\t\t\t\t\t\t\t<p><strong>Entradas y detalles de la gira<\/strong><br \/>Las entradas para la nueva fecha en Madrid, as\u00ed como para el resto de los conciertos, est\u00e1n disponibles en Live Nation y Ticketmaster. Los precios parten desde los 40 \u20ac m\u00e1s gastos de distribuci\u00f3n, con opciones VIP disponibles para quienes deseen disfrutar de una experiencia \u00fanica.<\/p><p>Con una carrera respaldada por giras internacionales, colaboraciones destacadas y un s\u00f3lido reconocimiento en la industria, Gracie Abrams promete un espect\u00e1culo inolvidable que marcar\u00e1 el inicio de un 2025 cargado de \u00e9xitos.<\/p>\t\t\t\t\t\t\t\t<\/div>\n\t\t\t\t<\/div>\n\t\t\t\t\t<\/div>\n\t\t<\/div>\n\t\t\t\t\t<\/div>\n\t\t<\/section>\n\t\t\t\t<\/div>","protected":false},"excerpt":{"rendered":"<p>La cantautora Gracie Abrams ampl\u00eda su etapa europea con una nueva fecha el 8 de febrero tras agotar las entradas para el d\u00eda 9 Gracie Abrams, una de las artistas m\u00e1s destacadas de su generaci\u00f3n, ha anunciado una nueva fecha en Madrid para su gira europea The Secret of Us Tour. Tras agotar las entradas [&hellip;]<\/p>\n","protected":false},"author":6,"featured_media":3642,"comment_status":"closed","ping_status":"closed","sticky":false,"template":"","format":"standard","meta":{"footnotes":""},"categories":[4],"tags":[],"class_list":["post-3640","post","type-post","status-publish","format-standard","has-post-thumbnail","hentry","category-musica"],"yoast_head":"<!-- This site is optimized with the Yoast SEO plugin v27.4 - https:\/\/yoast.com\/product\/yoast-seo-wordpress\/ -->\n<title>Gracie Abrams har\u00e1 doblete en Madrid con su gira europea \u201cThe Secret of Us Tour\u201d<\/title>\n<meta name=\"description\" content=\"La cantautora Gracie Abrams ampl\u00eda su etapa europea con una nueva fecha el 8 de febrero tras agotar las entradas para el d\u00eda 9\" \/>\n<meta name=\"robots\" content=\"index, follow, max-snippet:-1, max-image-preview:large, max-video-preview:-1\" \/>\n<link rel=\"canonical\" href=\"https:\/\/unaymilletras.com\/en\/gracie-abrams-hara-doblete-en-madrid-con-su-gira-europea-the-secret-of-us-tour\/\" \/>\n<meta property=\"og:locale\" content=\"en_GB\" \/>\n<meta property=\"og:type\" content=\"article\" \/>\n<meta property=\"og:title\" content=\"Gracie Abrams har\u00e1 doblete en Madrid con su gira europea \u201cThe Secret of Us Tour\u201d\" \/>\n<meta property=\"og:description\" content=\"La cantautora Gracie Abrams ampl\u00eda su etapa europea con una nueva fecha el 8 de febrero tras agotar las entradas para el d\u00eda 9\" \/>\n<meta property=\"og:url\" content=\"https:\/\/unaymilletras.com\/en\/gracie-abrams-hara-doblete-en-madrid-con-su-gira-europea-the-secret-of-us-tour\/\" \/>\n<meta property=\"og:site_name\" content=\"Una y Mil Letras\" \/>\n<meta property=\"article:published_time\" content=\"2025-01-23T11:30:00+00:00\" \/>\n<meta property=\"og:image\" content=\"https:\/\/unaymilletras.com\/wp-content\/uploads\/2025\/01\/GA-2F-Cartel-Base-H-scaled-e1737581582371.jpg\" \/>\n\t<meta property=\"og:image:width\" content=\"600\" \/>\n\t<meta property=\"og:image:height\" content=\"291\" \/>\n\t<meta property=\"og:image:type\" content=\"image\/jpeg\" \/>\n<meta name=\"author\" content=\"Redacci\u00f3n\" \/>\n<meta name=\"twitter:card\" content=\"summary_large_image\" \/>\n<meta name=\"twitter:creator\" content=\"@UnaYMilLetras\" \/>\n<meta name=\"twitter:site\" content=\"@UnaYMilLetras\" \/>\n<meta name=\"twitter:label1\" content=\"Written by\" \/>\n\t<meta name=\"twitter:data1\" content=\"Redacci\u00f3n\" \/>\n\t<meta name=\"twitter:label2\" content=\"Estimated reading time\" \/>\n\t<meta name=\"twitter:data2\" content=\"2 minutes\" \/>\n<script type=\"application\/ld+json\" class=\"yoast-schema-graph\">{\"@context\":\"https:\\\/\\\/schema.org\",\"@graph\":[{\"@type\":\"Article\",\"@id\":\"https:\\\/\\\/unaymilletras.com\\\/gracie-abrams-hara-doblete-en-madrid-con-su-gira-europea-the-secret-of-us-tour\\\/#article\",\"isPartOf\":{\"@id\":\"https:\\\/\\\/unaymilletras.com\\\/gracie-abrams-hara-doblete-en-madrid-con-su-gira-europea-the-secret-of-us-tour\\\/\"},\"author\":{\"name\":\"Redacci\u00f3n\",\"@id\":\"http:\\\/\\\/unaymilletras.com\\\/#\\\/schema\\\/person\\\/0860dc8a218329991ee2c7591f4f849d\"},\"headline\":\"Gracie Abrams har\u00e1 doblete en Madrid con su gira europea \u201cThe Secret of Us Tour\u201d\",\"datePublished\":\"2025-01-23T11:30:00+00:00\",\"mainEntityOfPage\":{\"@id\":\"https:\\\/\\\/unaymilletras.com\\\/gracie-abrams-hara-doblete-en-madrid-con-su-gira-europea-the-secret-of-us-tour\\\/\"},\"wordCount\":340,\"publisher\":{\"@id\":\"http:\\\/\\\/unaymilletras.com\\\/#organization\"},\"image\":{\"@id\":\"https:\\\/\\\/unaymilletras.com\\\/gracie-abrams-hara-doblete-en-madrid-con-su-gira-europea-the-secret-of-us-tour\\\/#primaryimage\"},\"thumbnailUrl\":\"https:\\\/\\\/unaymilletras.com\\\/wp-content\\\/uploads\\\/2025\\\/01\\\/GA-2F-Cartel-Base-H-scaled-e1737581582371.jpg\",\"articleSection\":[\"M\u00fasica\"],\"inLanguage\":\"en-GB\"},{\"@type\":\"WebPage\",\"@id\":\"https:\\\/\\\/unaymilletras.com\\\/gracie-abrams-hara-doblete-en-madrid-con-su-gira-europea-the-secret-of-us-tour\\\/\",\"url\":\"https:\\\/\\\/unaymilletras.com\\\/gracie-abrams-hara-doblete-en-madrid-con-su-gira-europea-the-secret-of-us-tour\\\/\",\"name\":\"Gracie Abrams har\u00e1 doblete en Madrid con su gira europea \u201cThe Secret of Us Tour\u201d\",\"isPartOf\":{\"@id\":\"http:\\\/\\\/unaymilletras.com\\\/#website\"},\"primaryImageOfPage\":{\"@id\":\"https:\\\/\\\/unaymilletras.com\\\/gracie-abrams-hara-doblete-en-madrid-con-su-gira-europea-the-secret-of-us-tour\\\/#primaryimage\"},\"image\":{\"@id\":\"https:\\\/\\\/unaymilletras.com\\\/gracie-abrams-hara-doblete-en-madrid-con-su-gira-europea-the-secret-of-us-tour\\\/#primaryimage\"},\"thumbnailUrl\":\"https:\\\/\\\/unaymilletras.com\\\/wp-content\\\/uploads\\\/2025\\\/01\\\/GA-2F-Cartel-Base-H-scaled-e1737581582371.jpg\",\"datePublished\":\"2025-01-23T11:30:00+00:00\",\"description\":\"La cantautora Gracie Abrams ampl\u00eda su etapa europea con una nueva fecha el 8 de febrero tras agotar las entradas para el d\u00eda 9\",\"breadcrumb\":{\"@id\":\"https:\\\/\\\/unaymilletras.com\\\/gracie-abrams-hara-doblete-en-madrid-con-su-gira-europea-the-secret-of-us-tour\\\/#breadcrumb\"},\"inLanguage\":\"en-GB\",\"potentialAction\":[{\"@type\":\"ReadAction\",\"target\":[\"https:\\\/\\\/unaymilletras.com\\\/gracie-abrams-hara-doblete-en-madrid-con-su-gira-europea-the-secret-of-us-tour\\\/\"]}]},{\"@type\":\"ImageObject\",\"inLanguage\":\"en-GB\",\"@id\":\"https:\\\/\\\/unaymilletras.com\\\/gracie-abrams-hara-doblete-en-madrid-con-su-gira-europea-the-secret-of-us-tour\\\/#primaryimage\",\"url\":\"https:\\\/\\\/unaymilletras.com\\\/wp-content\\\/uploads\\\/2025\\\/01\\\/GA-2F-Cartel-Base-H-scaled-e1737581582371.jpg\",\"contentUrl\":\"https:\\\/\\\/unaymilletras.com\\\/wp-content\\\/uploads\\\/2025\\\/01\\\/GA-2F-Cartel-Base-H-scaled-e1737581582371.jpg\",\"width\":600,\"height\":291,\"caption\":\"Gracie Abrams\"},{\"@type\":\"BreadcrumbList\",\"@id\":\"https:\\\/\\\/unaymilletras.com\\\/gracie-abrams-hara-doblete-en-madrid-con-su-gira-europea-the-secret-of-us-tour\\\/#breadcrumb\",\"itemListElement\":[{\"@type\":\"ListItem\",\"position\":1,\"name\":\"Home\",\"item\":\"http:\\\/\\\/unaymilletras.com\\\/\"},{\"@type\":\"ListItem\",\"position\":2,\"name\":\"Gracie Abrams har\u00e1 doblete en Madrid con su gira europea \u201cThe Secret of Us Tour\u201d\"}]},{\"@type\":\"WebSite\",\"@id\":\"http:\\\/\\\/unaymilletras.com\\\/#website\",\"url\":\"http:\\\/\\\/unaymilletras.com\\\/\",\"name\":\"Una y Mil Letras\",\"description\":\"\",\"publisher\":{\"@id\":\"http:\\\/\\\/unaymilletras.com\\\/#organization\"},\"potentialAction\":[{\"@type\":\"SearchAction\",\"target\":{\"@type\":\"EntryPoint\",\"urlTemplate\":\"http:\\\/\\\/unaymilletras.com\\\/?s={search_term_string}\"},\"query-input\":{\"@type\":\"PropertyValueSpecification\",\"valueRequired\":true,\"valueName\":\"search_term_string\"}}],\"inLanguage\":\"en-GB\"},{\"@type\":\"Organization\",\"@id\":\"http:\\\/\\\/unaymilletras.com\\\/#organization\",\"name\":\"Una y Mil Letras\",\"url\":\"http:\\\/\\\/unaymilletras.com\\\/\",\"logo\":{\"@type\":\"ImageObject\",\"inLanguage\":\"en-GB\",\"@id\":\"http:\\\/\\\/unaymilletras.com\\\/#\\\/schema\\\/logo\\\/image\\\/\",\"url\":\"https:\\\/\\\/unaymilletras.com\\\/wp-content\\\/uploads\\\/2024\\\/06\\\/cropped-Logo-removebg-preview.png\",\"contentUrl\":\"https:\\\/\\\/unaymilletras.com\\\/wp-content\\\/uploads\\\/2024\\\/06\\\/cropped-Logo-removebg-preview.png\",\"width\":512,\"height\":512,\"caption\":\"Una y Mil Letras\"},\"image\":{\"@id\":\"http:\\\/\\\/unaymilletras.com\\\/#\\\/schema\\\/logo\\\/image\\\/\"},\"sameAs\":[\"https:\\\/\\\/x.com\\\/UnaYMilLetras\",\"https:\\\/\\\/instagram.com\\\/UnaYMilLetras\"]},{\"@type\":\"Person\",\"@id\":\"http:\\\/\\\/unaymilletras.com\\\/#\\\/schema\\\/person\\\/0860dc8a218329991ee2c7591f4f849d\",\"name\":\"Redacci\u00f3n\",\"image\":{\"@type\":\"ImageObject\",\"inLanguage\":\"en-GB\",\"@id\":\"https:\\\/\\\/secure.gravatar.com\\\/avatar\\\/d8f55e05a8b6597e45c55a1dcbdbfe44f4a360d88b48e00de5216a79b7732796?s=96&d=mm&r=g\",\"url\":\"https:\\\/\\\/secure.gravatar.com\\\/avatar\\\/d8f55e05a8b6597e45c55a1dcbdbfe44f4a360d88b48e00de5216a79b7732796?s=96&d=mm&r=g\",\"contentUrl\":\"https:\\\/\\\/secure.gravatar.com\\\/avatar\\\/d8f55e05a8b6597e45c55a1dcbdbfe44f4a360d88b48e00de5216a79b7732796?s=96&d=mm&r=g\",\"caption\":\"Redacci\u00f3n\"},\"url\":\"https:\\\/\\\/unaymilletras.com\\\/en\\\/author\\\/redaccion\\\/\"}]}<\/script>\n<!-- \/ Yoast SEO plugin. -->","yoast_head_json":{"title":"Gracie Abrams har\u00e1 doblete en Madrid con su gira europea \u201cThe Secret of Us Tour\u201d","description":"La cantautora Gracie Abrams ampl\u00eda su etapa europea con una nueva fecha el 8 de febrero tras agotar las entradas para el d\u00eda 9","robots":{"index":"index","follow":"follow","max-snippet":"max-snippet:-1","max-image-preview":"max-image-preview:large","max-video-preview":"max-video-preview:-1"},"canonical":"https:\/\/unaymilletras.com\/en\/gracie-abrams-hara-doblete-en-madrid-con-su-gira-europea-the-secret-of-us-tour\/","og_locale":"en_GB","og_type":"article","og_title":"Gracie Abrams har\u00e1 doblete en Madrid con su gira europea \u201cThe Secret of Us Tour\u201d","og_description":"La cantautora Gracie Abrams ampl\u00eda su etapa europea con una nueva fecha el 8 de febrero tras agotar las entradas para el d\u00eda 9","og_url":"https:\/\/unaymilletras.com\/en\/gracie-abrams-hara-doblete-en-madrid-con-su-gira-europea-the-secret-of-us-tour\/","og_site_name":"Una y Mil Letras","article_published_time":"2025-01-23T11:30:00+00:00","og_image":[{"width":600,"height":291,"url":"https:\/\/unaymilletras.com\/wp-content\/uploads\/2025\/01\/GA-2F-Cartel-Base-H-scaled-e1737581582371.jpg","type":"image\/jpeg"}],"author":"Redacci\u00f3n","twitter_card":"summary_large_image","twitter_creator":"@UnaYMilLetras","twitter_site":"@UnaYMilLetras","twitter_misc":{"Written by":"Redacci\u00f3n","Estimated reading time":"2 minutes"},"schema":{"@context":"https:\/\/schema.org","@graph":[{"@type":"Article","@id":"https:\/\/unaymilletras.com\/gracie-abrams-hara-doblete-en-madrid-con-su-gira-europea-the-secret-of-us-tour\/#article","isPartOf":{"@id":"https:\/\/unaymilletras.com\/gracie-abrams-hara-doblete-en-madrid-con-su-gira-europea-the-secret-of-us-tour\/"},"author":{"name":"Redacci\u00f3n","@id":"http:\/\/unaymilletras.com\/#\/schema\/person\/0860dc8a218329991ee2c7591f4f849d"},"headline":"Gracie Abrams har\u00e1 doblete en Madrid con su gira europea \u201cThe Secret of Us Tour\u201d","datePublished":"2025-01-23T11:30:00+00:00","mainEntityOfPage":{"@id":"https:\/\/unaymilletras.com\/gracie-abrams-hara-doblete-en-madrid-con-su-gira-europea-the-secret-of-us-tour\/"},"wordCount":340,"publisher":{"@id":"http:\/\/unaymilletras.com\/#organization"},"image":{"@id":"https:\/\/unaymilletras.com\/gracie-abrams-hara-doblete-en-madrid-con-su-gira-europea-the-secret-of-us-tour\/#primaryimage"},"thumbnailUrl":"https:\/\/unaymilletras.com\/wp-content\/uploads\/2025\/01\/GA-2F-Cartel-Base-H-scaled-e1737581582371.jpg","articleSection":["M\u00fasica"],"inLanguage":"en-GB"},{"@type":"WebPage","@id":"https:\/\/unaymilletras.com\/gracie-abrams-hara-doblete-en-madrid-con-su-gira-europea-the-secret-of-us-tour\/","url":"https:\/\/unaymilletras.com\/gracie-abrams-hara-doblete-en-madrid-con-su-gira-europea-the-secret-of-us-tour\/","name":"Gracie Abrams har\u00e1 doblete en Madrid con su gira europea \u201cThe Secret of Us Tour\u201d","isPartOf":{"@id":"http:\/\/unaymilletras.com\/#website"},"primaryImageOfPage":{"@id":"https:\/\/unaymilletras.com\/gracie-abrams-hara-doblete-en-madrid-con-su-gira-europea-the-secret-of-us-tour\/#primaryimage"},"image":{"@id":"https:\/\/unaymilletras.com\/gracie-abrams-hara-doblete-en-madrid-con-su-gira-europea-the-secret-of-us-tour\/#primaryimage"},"thumbnailUrl":"https:\/\/unaymilletras.com\/wp-content\/uploads\/2025\/01\/GA-2F-Cartel-Base-H-scaled-e1737581582371.jpg","datePublished":"2025-01-23T11:30:00+00:00","description":"La cantautora Gracie Abrams ampl\u00eda su etapa europea con una nueva fecha el 8 de febrero tras agotar las entradas para el d\u00eda 9","breadcrumb":{"@id":"https:\/\/unaymilletras.com\/gracie-abrams-hara-doblete-en-madrid-con-su-gira-europea-the-secret-of-us-tour\/#breadcrumb"},"inLanguage":"en-GB","potentialAction":[{"@type":"ReadAction","target":["https:\/\/unaymilletras.com\/gracie-abrams-hara-doblete-en-madrid-con-su-gira-europea-the-secret-of-us-tour\/"]}]},{"@type":"ImageObject","inLanguage":"en-GB","@id":"https:\/\/unaymilletras.com\/gracie-abrams-hara-doblete-en-madrid-con-su-gira-europea-the-secret-of-us-tour\/#primaryimage","url":"https:\/\/unaymilletras.com\/wp-content\/uploads\/2025\/01\/GA-2F-Cartel-Base-H-scaled-e1737581582371.jpg","contentUrl":"https:\/\/unaymilletras.com\/wp-content\/uploads\/2025\/01\/GA-2F-Cartel-Base-H-scaled-e1737581582371.jpg","width":600,"height":291,"caption":"Gracie Abrams"},{"@type":"BreadcrumbList","@id":"https:\/\/unaymilletras.com\/gracie-abrams-hara-doblete-en-madrid-con-su-gira-europea-the-secret-of-us-tour\/#breadcrumb","itemListElement":[{"@type":"ListItem","position":1,"name":"Home","item":"http:\/\/unaymilletras.com\/"},{"@type":"ListItem","position":2,"name":"Gracie Abrams har\u00e1 doblete en Madrid con su gira europea \u201cThe Secret of Us Tour\u201d"}]},{"@type":"WebSite","@id":"http:\/\/unaymilletras.com\/#website","url":"http:\/\/unaymilletras.com\/","name":"Una y Mil Letras","description":"","publisher":{"@id":"http:\/\/unaymilletras.com\/#organization"},"potentialAction":[{"@type":"SearchAction","target":{"@type":"EntryPoint","urlTemplate":"http:\/\/unaymilletras.com\/?s={search_term_string}"},"query-input":{"@type":"PropertyValueSpecification","valueRequired":true,"valueName":"search_term_string"}}],"inLanguage":"en-GB"},{"@type":"Organization","@id":"http:\/\/unaymilletras.com\/#organization","name":"Una y Mil Letras","url":"http:\/\/unaymilletras.com\/","logo":{"@type":"ImageObject","inLanguage":"en-GB","@id":"http:\/\/unaymilletras.com\/#\/schema\/logo\/image\/","url":"https:\/\/unaymilletras.com\/wp-content\/uploads\/2024\/06\/cropped-Logo-removebg-preview.png","contentUrl":"https:\/\/unaymilletras.com\/wp-content\/uploads\/2024\/06\/cropped-Logo-removebg-preview.png","width":512,"height":512,"caption":"Una y Mil Letras"},"image":{"@id":"http:\/\/unaymilletras.com\/#\/schema\/logo\/image\/"},"sameAs":["https:\/\/x.com\/UnaYMilLetras","https:\/\/instagram.com\/UnaYMilLetras"]},{"@type":"Person","@id":"http:\/\/unaymilletras.com\/#\/schema\/person\/0860dc8a218329991ee2c7591f4f849d","name":"Redacci\u00f3n","image":{"@type":"ImageObject","inLanguage":"en-GB","@id":"https:\/\/secure.gravatar.com\/avatar\/d8f55e05a8b6597e45c55a1dcbdbfe44f4a360d88b48e00de5216a79b7732796?s=96&d=mm&r=g","url":"https:\/\/secure.gravatar.com\/avatar\/d8f55e05a8b6597e45c55a1dcbdbfe44f4a360d88b48e00de5216a79b7732796?s=96&d=mm&r=g","contentUrl":"https:\/\/secure.gravatar.com\/avatar\/d8f55e05a8b6597e45c55a1dcbdbfe44f4a360d88b48e00de5216a79b7732796?s=96&d=mm&r=g","caption":"Redacci\u00f3n"},"url":"https:\/\/unaymilletras.com\/en\/author\/redaccion\/"}]}},"_links":{"self":[{"href":"https:\/\/unaymilletras.com\/en\/wp-json\/wp\/v2\/posts\/3640","targetHints":{"allow":["GET"]}}],"collection":[{"href":"https:\/\/unaymilletras.com\/en\/wp-json\/wp\/v2\/posts"}],"about":[{"href":"https:\/\/unaymilletras.com\/en\/wp-json\/wp\/v2\/types\/post"}],"author":[{"embeddable":true,"href":"https:\/\/unaymilletras.com\/en\/wp-json\/wp\/v2\/users\/6"}],"replies":[{"embeddable":true,"href":"https:\/\/unaymilletras.com\/en\/wp-json\/wp\/v2\/comments?post=3640"}],"version-history":[{"count":4,"href":"https:\/\/unaymilletras.com\/en\/wp-json\/wp\/v2\/posts\/3640\/revisions"}],"predecessor-version":[{"id":3645,"href":"https:\/\/unaymilletras.com\/en\/wp-json\/wp\/v2\/posts\/3640\/revisions\/3645"}],"wp:featuredmedia":[{"embeddable":true,"href":"https:\/\/unaymilletras.com\/en\/wp-json\/wp\/v2\/media\/3642"}],"wp:attachment":[{"href":"https:\/\/unaymilletras.com\/en\/wp-json\/wp\/v2\/media?parent=3640"}],"wp:term":[{"taxonomy":"category","embeddable":true,"href":"https:\/\/unaymilletras.com\/en\/wp-json\/wp\/v2\/categories?post=3640"},{"taxonomy":"post_tag","embeddable":true,"href":"https:\/\/unaymilletras.com\/en\/wp-json\/wp\/v2\/tags?post=3640"}],"curies":[{"name":"wp","href":"https:\/\/api.w.org\/{rel}","templated":true}]}}