{"id":3646,"date":"2025-02-03T12:52:39","date_gmt":"2025-02-03T11:52:39","guid":{"rendered":"https:\/\/unaymilletras.com\/?p=3646"},"modified":"2025-02-03T13:54:13","modified_gmt":"2025-02-03T12:54:13","slug":"lola-indigo-actuara-en-la-proxima-edicion-de-los-premios-goya","status":"publish","type":"post","link":"https:\/\/unaymilletras.com\/en\/lola-indigo-actuara-en-la-proxima-edicion-de-los-premios-goya\/","title":{"rendered":"Lola Indigo actuar\u00e1 en la pr\u00f3xima edici\u00f3n de los Premios Goya"},"content":{"rendered":"\t\t<div data-elementor-type=\"wp-post\" data-elementor-id=\"3646\" class=\"elementor elementor-3646\">\n\t\t\t\t\t\t<section class=\"elementor-section elementor-top-section elementor-element elementor-element-22c2a8e elementor-section-boxed elementor-section-height-default elementor-section-height-default\" data-id=\"22c2a8e\" data-element_type=\"section\" data-e-type=\"section\">\n\t\t\t\t\t\t<div class=\"elementor-container elementor-column-gap-default\">\n\t\t\t\t\t<div class=\"elementor-column elementor-col-100 elementor-top-column elementor-element elementor-element-0042dfb\" data-id=\"0042dfb\" data-element_type=\"column\" data-e-type=\"column\">\n\t\t\t<div class=\"elementor-widget-wrap elementor-element-populated\">\n\t\t\t\t\t\t<div class=\"elementor-element elementor-element-b049396 elementor-widget elementor-widget-text-editor\" data-id=\"b049396\" data-element_type=\"widget\" data-e-type=\"widget\" data-widget_type=\"text-editor.default\">\n\t\t\t\t<div class=\"elementor-widget-container\">\n\t\t\t\t\t\t\t\t\t<h2 style=\"text-align: center;\"><em><span style=\"color: #808080;\">La artista granadina Lola \u00cdndigo se subir\u00e1 al escenario de la gala para actuar en la gran noche del cine espa\u00f1ol<\/span><\/em><\/h2>\t\t\t\t\t\t\t\t<\/div>\n\t\t\t\t<\/div>\n\t\t\t\t\t<\/div>\n\t\t<\/div>\n\t\t\t\t\t<\/div>\n\t\t<\/section>\n\t\t\t\t<section class=\"elementor-section elementor-top-section elementor-element elementor-element-1ddebc3 elementor-section-boxed elementor-section-height-default elementor-section-height-default\" data-id=\"1ddebc3\" data-element_type=\"section\" data-e-type=\"section\">\n\t\t\t\t\t\t<div class=\"elementor-container elementor-column-gap-default\">\n\t\t\t\t\t<div class=\"elementor-column elementor-col-100 elementor-top-column elementor-element elementor-element-ffca365\" data-id=\"ffca365\" data-element_type=\"column\" data-e-type=\"column\">\n\t\t\t<div class=\"elementor-widget-wrap elementor-element-populated\">\n\t\t\t\t\t\t<div class=\"elementor-element elementor-element-87c90ea elementor-widget elementor-widget-text-editor\" data-id=\"87c90ea\" data-element_type=\"widget\" data-e-type=\"widget\" data-widget_type=\"text-editor.default\">\n\t\t\t\t<div class=\"elementor-widget-container\">\n\t\t\t\t\t\t\t\t\t<p><b>La Academia de Cine<\/b> ha confirmado que <b>Lola Indigo<\/b> ser\u00e1 una de las artistas que actuar\u00e1 en la 39\u00aa edici\u00f3n de los <span style=\"color: #808080;\"><a style=\"color: #808080;\" href=\"https:\/\/www.premiosgoya.com\/\"><strong>Premios Goya<\/strong><\/a>. La gala<\/span>\u00a0se celebrar\u00e1 el pr\u00f3ximo 8 de febrero en el Palacio de Exposiciones y Congresos de Granada. Este anuncio ha generado una gran expectaci\u00f3n, ya que la cantante es conocida por su espectacular puesta en escena y su capacidad para sorprender al p\u00fablico en cada actuaci\u00f3n.<\/p>\t\t\t\t\t\t\t\t<\/div>\n\t\t\t\t<\/div>\n\t\t\t\t\t<\/div>\n\t\t<\/div>\n\t\t\t\t\t<\/div>\n\t\t<\/section>\n\t\t\t\t<section class=\"elementor-section elementor-top-section elementor-element elementor-element-00ff7b5 elementor-section-boxed elementor-section-height-default elementor-section-height-default\" data-id=\"00ff7b5\" data-element_type=\"section\" data-e-type=\"section\">\n\t\t\t\t\t\t<div class=\"elementor-container elementor-column-gap-default\">\n\t\t\t\t\t<div class=\"elementor-column elementor-col-66 elementor-top-column elementor-element elementor-element-3ada717\" data-id=\"3ada717\" data-element_type=\"column\" data-e-type=\"column\">\n\t\t\t<div class=\"elementor-widget-wrap elementor-element-populated\">\n\t\t\t\t\t\t<div class=\"elementor-element elementor-element-60a6e1f elementor-widget elementor-widget-text-editor\" data-id=\"60a6e1f\" data-element_type=\"widget\" data-e-type=\"widget\" data-widget_type=\"text-editor.default\">\n\t\t\t\t<div class=\"elementor-widget-container\">\n\t\t\t\t\t\t\t\t\t<p>Para Lola Indigo, esta cita tiene un significado especial, ya que se celebrar\u00e1 en su ciudad natal. Granada ha sido una parte fundamental de su identidad art\u00edstica, algo que qued\u00f3 reflejado en su EP <b><i>GRX<\/i><\/b>, lanzado en 2023 y en el que colabor\u00f3 con otros artistas de la ciudad.<\/p>\n<p>Convertida en una de las artistas m\u00e1s influyentes del panorama musical espa\u00f1ol, Lola Indigo ha logrado consolidarse con una trayectoria imparable. Su \u00faltima gira reuni\u00f3 a m\u00e1s de medio mill\u00f3n de espectadores. Adem\u00e1s su versatilidad musical la ha llevado a liderar las listas de reproducci\u00f3n en Espa\u00f1a y a colaborar con artistas de renombre internacional.<\/p>\t\t\t\t\t\t\t\t<\/div>\n\t\t\t\t<\/div>\n\t\t\t\t\t<\/div>\n\t\t<\/div>\n\t\t\t\t<div class=\"elementor-column elementor-col-33 elementor-top-column elementor-element elementor-element-8626e0c\" data-id=\"8626e0c\" data-element_type=\"column\" data-e-type=\"column\">\n\t\t\t<div class=\"elementor-widget-wrap elementor-element-populated\">\n\t\t\t\t\t\t<div class=\"elementor-element elementor-element-40e06e8 elementor-widget elementor-widget-image\" data-id=\"40e06e8\" data-element_type=\"widget\" data-e-type=\"widget\" data-widget_type=\"image.default\">\n\t\t\t\t<div class=\"elementor-widget-container\">\n\t\t\t\t\t\t\t\t\t\t\t\t\t\t\t<img fetchpriority=\"high\" decoding=\"async\" width=\"640\" height=\"960\" src=\"https:\/\/unaymilletras.com\/wp-content\/uploads\/2025\/02\/Lola.jpg\" class=\"attachment-large size-large wp-image-3648\" alt=\"Lola \u00cdndigo\" srcset=\"https:\/\/unaymilletras.com\/wp-content\/uploads\/2025\/02\/Lola.jpg 660w, https:\/\/unaymilletras.com\/wp-content\/uploads\/2025\/02\/Lola-200x300.jpg 200w, https:\/\/unaymilletras.com\/wp-content\/uploads\/2025\/02\/Lola-8x12.jpg 8w\" sizes=\"(max-width: 640px) 100vw, 640px\" \/>\t\t\t\t\t\t\t\t\t\t\t\t\t\t\t<\/div>\n\t\t\t\t<\/div>\n\t\t\t\t\t<\/div>\n\t\t<\/div>\n\t\t\t\t\t<\/div>\n\t\t<\/section>\n\t\t\t\t<section class=\"elementor-section elementor-top-section elementor-element elementor-element-9347771 elementor-section-boxed elementor-section-height-default elementor-section-height-default\" data-id=\"9347771\" data-element_type=\"section\" data-e-type=\"section\">\n\t\t\t\t\t\t<div class=\"elementor-container elementor-column-gap-default\">\n\t\t\t\t\t<div class=\"elementor-column elementor-col-100 elementor-top-column elementor-element elementor-element-52de992\" data-id=\"52de992\" data-element_type=\"column\" data-e-type=\"column\">\n\t\t\t<div class=\"elementor-widget-wrap elementor-element-populated\">\n\t\t\t\t\t\t<div class=\"elementor-element elementor-element-1c88ff1 elementor-widget elementor-widget-text-editor\" data-id=\"1c88ff1\" data-element_type=\"widget\" data-e-type=\"widget\" data-widget_type=\"text-editor.default\">\n\t\t\t\t<div class=\"elementor-widget-container\">\n\t\t\t\t\t\t\t\t\t<div class=\"flex max-w-full flex-col flex-grow\"><div class=\"min-h-8 text-message flex w-full flex-col items-end gap-2 whitespace-normal break-words text-start [.text-message+&amp;]:mt-5\" dir=\"auto\" data-message-author-role=\"assistant\" data-message-id=\"8ac86f0b-5f8d-4f2c-b09d-b1708b4c147e\" data-message-model-slug=\"gpt-4o\"><div class=\"flex w-full flex-col gap-1 empty:hidden first:pt-[3px]\"><div class=\"markdown prose w-full break-words dark:prose-invert light\"><p>Actualmente, la cantante se encuentra preparando su gira de estadios, que arrancar\u00e1 en junio en el Estadio Santiago Bernab\u00e9u. Antes de eso, su participaci\u00f3n en los Premios Goya ser\u00e1 una nueva oportunidad para demostrar por qu\u00e9 es una de las artistas m\u00e1s destacadas del momento.<\/p><\/div><\/div><\/div><\/div>\t\t\t\t\t\t\t\t<\/div>\n\t\t\t\t<\/div>\n\t\t\t\t\t<\/div>\n\t\t<\/div>\n\t\t\t\t\t<\/div>\n\t\t<\/section>\n\t\t\t\t<\/div>\n\t\t","protected":false},"excerpt":{"rendered":"<p>La artista granadina Lola \u00cdndigo se subir\u00e1 al escenario de la gala para actuar en la gran noche del cine espa\u00f1ol La Academia de Cine ha confirmado que Lola Indigo ser\u00e1 una de las artistas que actuar\u00e1 en la 39\u00aa edici\u00f3n de los Premios Goya. La gala\u00a0se celebrar\u00e1 el pr\u00f3ximo 8 de febrero en el [&hellip;]<\/p>\n","protected":false},"author":6,"featured_media":3648,"comment_status":"closed","ping_status":"closed","sticky":false,"template":"","format":"standard","meta":{"footnotes":""},"categories":[4],"tags":[],"class_list":["post-3646","post","type-post","status-publish","format-standard","has-post-thumbnail","hentry","category-musica"],"yoast_head":"<!-- This site is optimized with the Yoast SEO plugin v27.4 - https:\/\/yoast.com\/product\/yoast-seo-wordpress\/ -->\n<title>Lola Indigo actuar\u00e1 en la pr\u00f3xima edici\u00f3n de los Premios Goya<\/title>\n<meta name=\"description\" content=\"La artista granadina Lola \u00cdndigo se subir\u00e1 al escenario de la gala para ofrecer una actuaci\u00f3n especial en la gran noche del cine espa\u00f1ol\" \/>\n<meta name=\"robots\" content=\"index, follow, max-snippet:-1, max-image-preview:large, max-video-preview:-1\" \/>\n<link rel=\"canonical\" href=\"https:\/\/unaymilletras.com\/en\/lola-indigo-actuara-en-la-proxima-edicion-de-los-premios-goya\/\" \/>\n<meta property=\"og:locale\" content=\"en_GB\" \/>\n<meta property=\"og:type\" content=\"article\" \/>\n<meta property=\"og:title\" content=\"Lola Indigo actuar\u00e1 en la pr\u00f3xima edici\u00f3n de los Premios Goya\" \/>\n<meta property=\"og:description\" content=\"La artista granadina Lola \u00cdndigo se subir\u00e1 al escenario de la gala para ofrecer una actuaci\u00f3n especial en la gran noche del cine espa\u00f1ol\" \/>\n<meta property=\"og:url\" content=\"https:\/\/unaymilletras.com\/en\/lola-indigo-actuara-en-la-proxima-edicion-de-los-premios-goya\/\" \/>\n<meta property=\"og:site_name\" content=\"Una y Mil Letras\" \/>\n<meta property=\"article:published_time\" content=\"2025-02-03T11:52:39+00:00\" \/>\n<meta property=\"article:modified_time\" content=\"2025-02-03T12:54:13+00:00\" \/>\n<meta property=\"og:image\" content=\"http:\/\/unaymilletras.com\/wp-content\/uploads\/2025\/02\/Lola.jpg\" \/>\n\t<meta property=\"og:image:width\" content=\"660\" \/>\n\t<meta property=\"og:image:height\" content=\"990\" \/>\n\t<meta property=\"og:image:type\" content=\"image\/jpeg\" \/>\n<meta name=\"author\" content=\"Redacci\u00f3n\" \/>\n<meta name=\"twitter:card\" content=\"summary_large_image\" \/>\n<meta name=\"twitter:creator\" content=\"@UnaYMilLetras\" \/>\n<meta name=\"twitter:site\" content=\"@UnaYMilLetras\" \/>\n<meta name=\"twitter:label1\" content=\"Written by\" \/>\n\t<meta name=\"twitter:data1\" content=\"Redacci\u00f3n\" \/>\n\t<meta name=\"twitter:label2\" content=\"Estimated reading time\" \/>\n\t<meta name=\"twitter:data2\" content=\"2 minutes\" \/>\n<script type=\"application\/ld+json\" class=\"yoast-schema-graph\">{\"@context\":\"https:\\\/\\\/schema.org\",\"@graph\":[{\"@type\":\"Article\",\"@id\":\"https:\\\/\\\/unaymilletras.com\\\/lola-indigo-actuara-en-la-proxima-edicion-de-los-premios-goya\\\/#article\",\"isPartOf\":{\"@id\":\"https:\\\/\\\/unaymilletras.com\\\/lola-indigo-actuara-en-la-proxima-edicion-de-los-premios-goya\\\/\"},\"author\":{\"name\":\"Redacci\u00f3n\",\"@id\":\"http:\\\/\\\/unaymilletras.com\\\/#\\\/schema\\\/person\\\/0860dc8a218329991ee2c7591f4f849d\"},\"headline\":\"Lola Indigo actuar\u00e1 en la pr\u00f3xima edici\u00f3n de los Premios Goya\",\"datePublished\":\"2025-02-03T11:52:39+00:00\",\"dateModified\":\"2025-02-03T12:54:13+00:00\",\"mainEntityOfPage\":{\"@id\":\"https:\\\/\\\/unaymilletras.com\\\/lola-indigo-actuara-en-la-proxima-edicion-de-los-premios-goya\\\/\"},\"wordCount\":268,\"publisher\":{\"@id\":\"http:\\\/\\\/unaymilletras.com\\\/#organization\"},\"image\":{\"@id\":\"https:\\\/\\\/unaymilletras.com\\\/lola-indigo-actuara-en-la-proxima-edicion-de-los-premios-goya\\\/#primaryimage\"},\"thumbnailUrl\":\"https:\\\/\\\/unaymilletras.com\\\/wp-content\\\/uploads\\\/2025\\\/02\\\/Lola.jpg\",\"articleSection\":[\"M\u00fasica\"],\"inLanguage\":\"en-GB\"},{\"@type\":\"WebPage\",\"@id\":\"https:\\\/\\\/unaymilletras.com\\\/lola-indigo-actuara-en-la-proxima-edicion-de-los-premios-goya\\\/\",\"url\":\"https:\\\/\\\/unaymilletras.com\\\/lola-indigo-actuara-en-la-proxima-edicion-de-los-premios-goya\\\/\",\"name\":\"Lola Indigo actuar\u00e1 en la pr\u00f3xima edici\u00f3n de los Premios Goya\",\"isPartOf\":{\"@id\":\"http:\\\/\\\/unaymilletras.com\\\/#website\"},\"primaryImageOfPage\":{\"@id\":\"https:\\\/\\\/unaymilletras.com\\\/lola-indigo-actuara-en-la-proxima-edicion-de-los-premios-goya\\\/#primaryimage\"},\"image\":{\"@id\":\"https:\\\/\\\/unaymilletras.com\\\/lola-indigo-actuara-en-la-proxima-edicion-de-los-premios-goya\\\/#primaryimage\"},\"thumbnailUrl\":\"https:\\\/\\\/unaymilletras.com\\\/wp-content\\\/uploads\\\/2025\\\/02\\\/Lola.jpg\",\"datePublished\":\"2025-02-03T11:52:39+00:00\",\"dateModified\":\"2025-02-03T12:54:13+00:00\",\"description\":\"La artista granadina Lola \u00cdndigo se subir\u00e1 al escenario de la gala para ofrecer una actuaci\u00f3n especial en la gran noche del cine espa\u00f1ol\",\"breadcrumb\":{\"@id\":\"https:\\\/\\\/unaymilletras.com\\\/lola-indigo-actuara-en-la-proxima-edicion-de-los-premios-goya\\\/#breadcrumb\"},\"inLanguage\":\"en-GB\",\"potentialAction\":[{\"@type\":\"ReadAction\",\"target\":[\"https:\\\/\\\/unaymilletras.com\\\/lola-indigo-actuara-en-la-proxima-edicion-de-los-premios-goya\\\/\"]}]},{\"@type\":\"ImageObject\",\"inLanguage\":\"en-GB\",\"@id\":\"https:\\\/\\\/unaymilletras.com\\\/lola-indigo-actuara-en-la-proxima-edicion-de-los-premios-goya\\\/#primaryimage\",\"url\":\"https:\\\/\\\/unaymilletras.com\\\/wp-content\\\/uploads\\\/2025\\\/02\\\/Lola.jpg\",\"contentUrl\":\"https:\\\/\\\/unaymilletras.com\\\/wp-content\\\/uploads\\\/2025\\\/02\\\/Lola.jpg\",\"width\":660,\"height\":990,\"caption\":\"Lola \u00cdndigo\"},{\"@type\":\"BreadcrumbList\",\"@id\":\"https:\\\/\\\/unaymilletras.com\\\/lola-indigo-actuara-en-la-proxima-edicion-de-los-premios-goya\\\/#breadcrumb\",\"itemListElement\":[{\"@type\":\"ListItem\",\"position\":1,\"name\":\"Home\",\"item\":\"http:\\\/\\\/unaymilletras.com\\\/\"},{\"@type\":\"ListItem\",\"position\":2,\"name\":\"Lola Indigo actuar\u00e1 en la pr\u00f3xima edici\u00f3n de los Premios Goya\"}]},{\"@type\":\"WebSite\",\"@id\":\"http:\\\/\\\/unaymilletras.com\\\/#website\",\"url\":\"http:\\\/\\\/unaymilletras.com\\\/\",\"name\":\"Una y Mil Letras\",\"description\":\"\",\"publisher\":{\"@id\":\"http:\\\/\\\/unaymilletras.com\\\/#organization\"},\"potentialAction\":[{\"@type\":\"SearchAction\",\"target\":{\"@type\":\"EntryPoint\",\"urlTemplate\":\"http:\\\/\\\/unaymilletras.com\\\/?s={search_term_string}\"},\"query-input\":{\"@type\":\"PropertyValueSpecification\",\"valueRequired\":true,\"valueName\":\"search_term_string\"}}],\"inLanguage\":\"en-GB\"},{\"@type\":\"Organization\",\"@id\":\"http:\\\/\\\/unaymilletras.com\\\/#organization\",\"name\":\"Una y Mil Letras\",\"url\":\"http:\\\/\\\/unaymilletras.com\\\/\",\"logo\":{\"@type\":\"ImageObject\",\"inLanguage\":\"en-GB\",\"@id\":\"http:\\\/\\\/unaymilletras.com\\\/#\\\/schema\\\/logo\\\/image\\\/\",\"url\":\"https:\\\/\\\/unaymilletras.com\\\/wp-content\\\/uploads\\\/2024\\\/06\\\/cropped-Logo-removebg-preview.png\",\"contentUrl\":\"https:\\\/\\\/unaymilletras.com\\\/wp-content\\\/uploads\\\/2024\\\/06\\\/cropped-Logo-removebg-preview.png\",\"width\":512,\"height\":512,\"caption\":\"Una y Mil Letras\"},\"image\":{\"@id\":\"http:\\\/\\\/unaymilletras.com\\\/#\\\/schema\\\/logo\\\/image\\\/\"},\"sameAs\":[\"https:\\\/\\\/x.com\\\/UnaYMilLetras\",\"https:\\\/\\\/instagram.com\\\/UnaYMilLetras\"]},{\"@type\":\"Person\",\"@id\":\"http:\\\/\\\/unaymilletras.com\\\/#\\\/schema\\\/person\\\/0860dc8a218329991ee2c7591f4f849d\",\"name\":\"Redacci\u00f3n\",\"image\":{\"@type\":\"ImageObject\",\"inLanguage\":\"en-GB\",\"@id\":\"https:\\\/\\\/secure.gravatar.com\\\/avatar\\\/d8f55e05a8b6597e45c55a1dcbdbfe44f4a360d88b48e00de5216a79b7732796?s=96&d=mm&r=g\",\"url\":\"https:\\\/\\\/secure.gravatar.com\\\/avatar\\\/d8f55e05a8b6597e45c55a1dcbdbfe44f4a360d88b48e00de5216a79b7732796?s=96&d=mm&r=g\",\"contentUrl\":\"https:\\\/\\\/secure.gravatar.com\\\/avatar\\\/d8f55e05a8b6597e45c55a1dcbdbfe44f4a360d88b48e00de5216a79b7732796?s=96&d=mm&r=g\",\"caption\":\"Redacci\u00f3n\"},\"url\":\"https:\\\/\\\/unaymilletras.com\\\/en\\\/author\\\/redaccion\\\/\"}]}<\/script>\n<!-- \/ Yoast SEO plugin. -->","yoast_head_json":{"title":"Lola Indigo actuar\u00e1 en la pr\u00f3xima edici\u00f3n de los Premios Goya","description":"La artista granadina Lola \u00cdndigo se subir\u00e1 al escenario de la gala para ofrecer una actuaci\u00f3n especial en la gran noche del cine espa\u00f1ol","robots":{"index":"index","follow":"follow","max-snippet":"max-snippet:-1","max-image-preview":"max-image-preview:large","max-video-preview":"max-video-preview:-1"},"canonical":"https:\/\/unaymilletras.com\/en\/lola-indigo-actuara-en-la-proxima-edicion-de-los-premios-goya\/","og_locale":"en_GB","og_type":"article","og_title":"Lola Indigo actuar\u00e1 en la pr\u00f3xima edici\u00f3n de los Premios Goya","og_description":"La artista granadina Lola \u00cdndigo se subir\u00e1 al escenario de la gala para ofrecer una actuaci\u00f3n especial en la gran noche del cine espa\u00f1ol","og_url":"https:\/\/unaymilletras.com\/en\/lola-indigo-actuara-en-la-proxima-edicion-de-los-premios-goya\/","og_site_name":"Una y Mil Letras","article_published_time":"2025-02-03T11:52:39+00:00","article_modified_time":"2025-02-03T12:54:13+00:00","og_image":[{"width":660,"height":990,"url":"http:\/\/unaymilletras.com\/wp-content\/uploads\/2025\/02\/Lola.jpg","type":"image\/jpeg"}],"author":"Redacci\u00f3n","twitter_card":"summary_large_image","twitter_creator":"@UnaYMilLetras","twitter_site":"@UnaYMilLetras","twitter_misc":{"Written by":"Redacci\u00f3n","Estimated reading time":"2 minutes"},"schema":{"@context":"https:\/\/schema.org","@graph":[{"@type":"Article","@id":"https:\/\/unaymilletras.com\/lola-indigo-actuara-en-la-proxima-edicion-de-los-premios-goya\/#article","isPartOf":{"@id":"https:\/\/unaymilletras.com\/lola-indigo-actuara-en-la-proxima-edicion-de-los-premios-goya\/"},"author":{"name":"Redacci\u00f3n","@id":"http:\/\/unaymilletras.com\/#\/schema\/person\/0860dc8a218329991ee2c7591f4f849d"},"headline":"Lola Indigo actuar\u00e1 en la pr\u00f3xima edici\u00f3n de los Premios Goya","datePublished":"2025-02-03T11:52:39+00:00","dateModified":"2025-02-03T12:54:13+00:00","mainEntityOfPage":{"@id":"https:\/\/unaymilletras.com\/lola-indigo-actuara-en-la-proxima-edicion-de-los-premios-goya\/"},"wordCount":268,"publisher":{"@id":"http:\/\/unaymilletras.com\/#organization"},"image":{"@id":"https:\/\/unaymilletras.com\/lola-indigo-actuara-en-la-proxima-edicion-de-los-premios-goya\/#primaryimage"},"thumbnailUrl":"https:\/\/unaymilletras.com\/wp-content\/uploads\/2025\/02\/Lola.jpg","articleSection":["M\u00fasica"],"inLanguage":"en-GB"},{"@type":"WebPage","@id":"https:\/\/unaymilletras.com\/lola-indigo-actuara-en-la-proxima-edicion-de-los-premios-goya\/","url":"https:\/\/unaymilletras.com\/lola-indigo-actuara-en-la-proxima-edicion-de-los-premios-goya\/","name":"Lola Indigo actuar\u00e1 en la pr\u00f3xima edici\u00f3n de los Premios Goya","isPartOf":{"@id":"http:\/\/unaymilletras.com\/#website"},"primaryImageOfPage":{"@id":"https:\/\/unaymilletras.com\/lola-indigo-actuara-en-la-proxima-edicion-de-los-premios-goya\/#primaryimage"},"image":{"@id":"https:\/\/unaymilletras.com\/lola-indigo-actuara-en-la-proxima-edicion-de-los-premios-goya\/#primaryimage"},"thumbnailUrl":"https:\/\/unaymilletras.com\/wp-content\/uploads\/2025\/02\/Lola.jpg","datePublished":"2025-02-03T11:52:39+00:00","dateModified":"2025-02-03T12:54:13+00:00","description":"La artista granadina Lola \u00cdndigo se subir\u00e1 al escenario de la gala para ofrecer una actuaci\u00f3n especial en la gran noche del cine espa\u00f1ol","breadcrumb":{"@id":"https:\/\/unaymilletras.com\/lola-indigo-actuara-en-la-proxima-edicion-de-los-premios-goya\/#breadcrumb"},"inLanguage":"en-GB","potentialAction":[{"@type":"ReadAction","target":["https:\/\/unaymilletras.com\/lola-indigo-actuara-en-la-proxima-edicion-de-los-premios-goya\/"]}]},{"@type":"ImageObject","inLanguage":"en-GB","@id":"https:\/\/unaymilletras.com\/lola-indigo-actuara-en-la-proxima-edicion-de-los-premios-goya\/#primaryimage","url":"https:\/\/unaymilletras.com\/wp-content\/uploads\/2025\/02\/Lola.jpg","contentUrl":"https:\/\/unaymilletras.com\/wp-content\/uploads\/2025\/02\/Lola.jpg","width":660,"height":990,"caption":"Lola \u00cdndigo"},{"@type":"BreadcrumbList","@id":"https:\/\/unaymilletras.com\/lola-indigo-actuara-en-la-proxima-edicion-de-los-premios-goya\/#breadcrumb","itemListElement":[{"@type":"ListItem","position":1,"name":"Home","item":"http:\/\/unaymilletras.com\/"},{"@type":"ListItem","position":2,"name":"Lola Indigo actuar\u00e1 en la pr\u00f3xima edici\u00f3n de los Premios Goya"}]},{"@type":"WebSite","@id":"http:\/\/unaymilletras.com\/#website","url":"http:\/\/unaymilletras.com\/","name":"Una y Mil Letras","description":"","publisher":{"@id":"http:\/\/unaymilletras.com\/#organization"},"potentialAction":[{"@type":"SearchAction","target":{"@type":"EntryPoint","urlTemplate":"http:\/\/unaymilletras.com\/?s={search_term_string}"},"query-input":{"@type":"PropertyValueSpecification","valueRequired":true,"valueName":"search_term_string"}}],"inLanguage":"en-GB"},{"@type":"Organization","@id":"http:\/\/unaymilletras.com\/#organization","name":"Una y Mil Letras","url":"http:\/\/unaymilletras.com\/","logo":{"@type":"ImageObject","inLanguage":"en-GB","@id":"http:\/\/unaymilletras.com\/#\/schema\/logo\/image\/","url":"https:\/\/unaymilletras.com\/wp-content\/uploads\/2024\/06\/cropped-Logo-removebg-preview.png","contentUrl":"https:\/\/unaymilletras.com\/wp-content\/uploads\/2024\/06\/cropped-Logo-removebg-preview.png","width":512,"height":512,"caption":"Una y Mil Letras"},"image":{"@id":"http:\/\/unaymilletras.com\/#\/schema\/logo\/image\/"},"sameAs":["https:\/\/x.com\/UnaYMilLetras","https:\/\/instagram.com\/UnaYMilLetras"]},{"@type":"Person","@id":"http:\/\/unaymilletras.com\/#\/schema\/person\/0860dc8a218329991ee2c7591f4f849d","name":"Redacci\u00f3n","image":{"@type":"ImageObject","inLanguage":"en-GB","@id":"https:\/\/secure.gravatar.com\/avatar\/d8f55e05a8b6597e45c55a1dcbdbfe44f4a360d88b48e00de5216a79b7732796?s=96&d=mm&r=g","url":"https:\/\/secure.gravatar.com\/avatar\/d8f55e05a8b6597e45c55a1dcbdbfe44f4a360d88b48e00de5216a79b7732796?s=96&d=mm&r=g","contentUrl":"https:\/\/secure.gravatar.com\/avatar\/d8f55e05a8b6597e45c55a1dcbdbfe44f4a360d88b48e00de5216a79b7732796?s=96&d=mm&r=g","caption":"Redacci\u00f3n"},"url":"https:\/\/unaymilletras.com\/en\/author\/redaccion\/"}]}},"_links":{"self":[{"href":"https:\/\/unaymilletras.com\/en\/wp-json\/wp\/v2\/posts\/3646","targetHints":{"allow":["GET"]}}],"collection":[{"href":"https:\/\/unaymilletras.com\/en\/wp-json\/wp\/v2\/posts"}],"about":[{"href":"https:\/\/unaymilletras.com\/en\/wp-json\/wp\/v2\/types\/post"}],"author":[{"embeddable":true,"href":"https:\/\/unaymilletras.com\/en\/wp-json\/wp\/v2\/users\/6"}],"replies":[{"embeddable":true,"href":"https:\/\/unaymilletras.com\/en\/wp-json\/wp\/v2\/comments?post=3646"}],"version-history":[{"count":7,"href":"https:\/\/unaymilletras.com\/en\/wp-json\/wp\/v2\/posts\/3646\/revisions"}],"predecessor-version":[{"id":3654,"href":"https:\/\/unaymilletras.com\/en\/wp-json\/wp\/v2\/posts\/3646\/revisions\/3654"}],"wp:featuredmedia":[{"embeddable":true,"href":"https:\/\/unaymilletras.com\/en\/wp-json\/wp\/v2\/media\/3648"}],"wp:attachment":[{"href":"https:\/\/unaymilletras.com\/en\/wp-json\/wp\/v2\/media?parent=3646"}],"wp:term":[{"taxonomy":"category","embeddable":true,"href":"https:\/\/unaymilletras.com\/en\/wp-json\/wp\/v2\/categories?post=3646"},{"taxonomy":"post_tag","embeddable":true,"href":"https:\/\/unaymilletras.com\/en\/wp-json\/wp\/v2\/tags?post=3646"}],"curies":[{"name":"wp","href":"https:\/\/api.w.org\/{rel}","templated":true}]}}