{"id":365,"date":"2023-03-19T23:20:23","date_gmt":"2023-03-19T23:20:23","guid":{"rendered":"https:\/\/unaymilletras.wordpress.com\/?p=365"},"modified":"2023-05-06T14:07:15","modified_gmt":"2023-05-06T14:07:15","slug":"el-dragon-de-lola-indigo-ya-tiene-fecha-de-salida","status":"publish","type":"post","link":"https:\/\/unaymilletras.com\/en\/el-dragon-de-lola-indigo-ya-tiene-fecha-de-salida\/","title":{"rendered":"El Drag\u00f3n de Lola \u00cdndigo ya tiene fecha de salida"},"content":{"rendered":"<p class=\"has-text-align-center has-large-font-size\"><em>El 14 de abril ver\u00e1 la luz \u00abEl Drag\u00f3n\u00bb,  el tercer \u00e1lbum de Lola \u00cdndigo<\/em><\/p>\n\n\n\n<p class=\"has-text-align-justify has-small-font-size\"><strong><a href=\"https:\/\/open.spotify.com\/artist\/3bvfu2KAve4lPHrhEFDZna?si=ksxwyMZ2TeOP9-TG4S7Z2Q\">Lola \u00cdndigo<\/a><\/strong> acaba de anunciar la fecha en la que estrenar\u00e1 <em><strong>El Drag\u00f3n<\/strong><\/em>. El <strong>14 de abril<\/strong> se estar\u00e1 disponible su tercer \u00e1lbum, del cu\u00e1l ya se ha podido escuchar <em><strong><a href=\"https:\/\/open.spotify.com\/track\/6hpxFeXdcn1cvjtxXc7NSD?si=9af9a468d67e488e\">An1mal<\/a><\/strong><\/em>, <em><strong><a href=\"https:\/\/open.spotify.com\/track\/4NkJeL16uUJJJFuZPvR1DC?si=b0dc66d245034726\">Discoteka<\/a><\/strong><\/em> junto a <strong><a href=\"https:\/\/open.spotify.com\/artist\/1DxLCyH42yaHKGK3cl5bvG?si=8c0ef77661e34e02\">Mar\u00eda Becerra<\/a><\/strong> o <em><strong><a href=\"https:\/\/open.spotify.com\/track\/7r5QwyDzxyikU1Kbkfz6FM?si=4e30424c3533437f\">Corazones Rotos<\/a><\/strong><\/em> junto a <strong><a href=\"https:\/\/open.spotify.com\/artist\/4V8Sr092TqfHkfAA5fXXqG?si=51b010c3079f41e5\">Luis Fonsi<\/a><\/strong>. Adem\u00e1s, hace tan solo tres d\u00edas estren\u00f3 su \u00faltimo adelanto del disco: <em><strong><a href=\"https:\/\/open.spotify.com\/album\/7s7TZHak9Chi57TNKIH7T8?si=1TJ0vh_gQTCoPMLjUD-9bg\">La Santa<\/a><\/strong><\/em>. A trav\u00e9s de sus redes sociales ha publicado el anuncio de la fecha junto a una foto que podr\u00eda ser la portada de este nuevo \u00e1lbum y ya se puede hacer <a href=\"https:\/\/lolaindigo.lnk.to\/liedalb\">pre-save<\/a>. <\/p>\n\n\n\n<p class=\"has-text-align-justify has-small-font-size\"><em>El Drag\u00f3n <\/em>tendr\u00e1 sonidos electr\u00f3nicos y reggaetoneros seg\u00fan ha asegurado la propia artista. Adem\u00e1s, ya hab\u00edamos podido ver la imagen del animal en las pantallas traseras de los conciertos de la artista de su \u00faltima <a href=\"https:\/\/unaymilletras.wordpress.com\/2023\/03\/19\/lil-cake-anuncia-su-gira-por-espana\/\">gira<\/a> y que hab\u00eda pasado desapercibido ante los ojos de los fans. <\/p>\n\n\n\n<p class=\"has-text-align-justify has-small-font-size\">Del tour que acompa\u00f1ar\u00e1 a este disco se conocen dos fechas desde noviembre: <strong>Madrid, WiZink Center, 6 de mayo<\/strong>; y <strong>Barcelona, Palau Sant Jordi, 13 de mayo<\/strong>. <\/p>\n\n\n\n<div class=\"wp-block-columns is-layout-flex wp-container-core-columns-is-layout-28f84493 wp-block-columns-is-layout-flex\">\n<div class=\"wp-block-column is-vertically-aligned-center is-layout-flow wp-block-column-is-layout-flow\">\n<figure class=\"wp-block-embed is-type-rich is-provider-instagram wp-block-embed-instagram\"><div class=\"wp-block-embed__wrapper\">\nhttps:\/\/www.instagram.com\/reel\/CkdiK0soSZn\/?utm_source=ig_web_button_share_sheet\n<\/div><\/figure>\n<\/div>\n<\/div>","protected":false},"excerpt":{"rendered":"<p>El 14 de abril ver\u00e1 la luz \u00abEl Drag\u00f3n\u00bb, el tercer \u00e1lbum de Lola \u00cdndigo Lola \u00cdndigo acaba de anunciar la fecha en la que estrenar\u00e1 El Drag\u00f3n. El 14 de abril se estar\u00e1 disponible su tercer \u00e1lbum, del cu\u00e1l ya se ha podido escuchar An1mal, Discoteka junto a Mar\u00eda Becerra o Corazones Rotos junto [&hellip;]<\/p>\n","protected":false},"author":1,"featured_media":368,"comment_status":"open","ping_status":"open","sticky":false,"template":"","format":"standard","meta":{"footnotes":""},"categories":[4],"tags":[],"class_list":["post-365","post","type-post","status-publish","format-standard","has-post-thumbnail","hentry","category-musica"],"yoast_head":"<!-- This site is optimized with the Yoast SEO plugin v27.4 - https:\/\/yoast.com\/product\/yoast-seo-wordpress\/ -->\n<title>El Drag\u00f3n de Lola \u00cdndigo ya tiene fecha de salida &#8902; Una y Mil Letras<\/title>\n<meta name=\"robots\" content=\"index, follow, max-snippet:-1, max-image-preview:large, max-video-preview:-1\" \/>\n<link rel=\"canonical\" href=\"https:\/\/unaymilletras.com\/en\/el-dragon-de-lola-indigo-ya-tiene-fecha-de-salida\/\" \/>\n<meta property=\"og:locale\" content=\"en_GB\" \/>\n<meta property=\"og:type\" content=\"article\" \/>\n<meta property=\"og:title\" content=\"El Drag\u00f3n de Lola \u00cdndigo ya tiene fecha de salida &#8902; Una y Mil Letras\" \/>\n<meta property=\"og:description\" content=\"El 14 de abril ver\u00e1 la luz \u00abEl Drag\u00f3n\u00bb, el tercer \u00e1lbum de Lola \u00cdndigo Lola \u00cdndigo acaba de anunciar la fecha en la que estrenar\u00e1 El Drag\u00f3n. El 14 de abril se estar\u00e1 disponible su tercer \u00e1lbum, del cu\u00e1l ya se ha podido escuchar An1mal, Discoteka junto a Mar\u00eda Becerra o Corazones Rotos junto [&hellip;]\" \/>\n<meta property=\"og:url\" content=\"https:\/\/unaymilletras.com\/en\/el-dragon-de-lola-indigo-ya-tiene-fecha-de-salida\/\" \/>\n<meta property=\"og:site_name\" content=\"Una y Mil Letras\" \/>\n<meta property=\"article:published_time\" content=\"2023-03-19T23:20:23+00:00\" \/>\n<meta property=\"article:modified_time\" content=\"2023-05-06T14:07:15+00:00\" \/>\n<meta property=\"og:image\" content=\"https:\/\/unaymilletras.com\/wp-content\/uploads\/2023\/03\/lola-indigo-e1679261671492.jpeg\" \/>\n\t<meta property=\"og:image:width\" content=\"600\" \/>\n\t<meta property=\"og:image:height\" content=\"600\" \/>\n\t<meta property=\"og:image:type\" content=\"image\/jpeg\" \/>\n<meta name=\"author\" content=\"Maria Gil Robledo\" \/>\n<meta name=\"twitter:card\" content=\"summary_large_image\" \/>\n<meta name=\"twitter:creator\" content=\"@UnaYMilLetras\" \/>\n<meta name=\"twitter:site\" content=\"@UnaYMilLetras\" \/>\n<meta name=\"twitter:label1\" content=\"Written by\" \/>\n\t<meta name=\"twitter:data1\" content=\"Maria Gil Robledo\" \/>\n\t<meta name=\"twitter:label2\" content=\"Estimated reading time\" \/>\n\t<meta name=\"twitter:data2\" content=\"1 minute\" \/>\n<script type=\"application\/ld+json\" class=\"yoast-schema-graph\">{\"@context\":\"https:\\\/\\\/schema.org\",\"@graph\":[{\"@type\":\"Article\",\"@id\":\"https:\\\/\\\/unaymilletras.com\\\/el-dragon-de-lola-indigo-ya-tiene-fecha-de-salida\\\/#article\",\"isPartOf\":{\"@id\":\"https:\\\/\\\/unaymilletras.com\\\/el-dragon-de-lola-indigo-ya-tiene-fecha-de-salida\\\/\"},\"author\":{\"name\":\"Maria Gil Robledo\",\"@id\":\"http:\\\/\\\/unaymilletras.com\\\/#\\\/schema\\\/person\\\/d55ba681b8a4e463d8982dbe36a5dc94\"},\"headline\":\"El Drag\u00f3n de Lola \u00cdndigo ya tiene fecha de salida\",\"datePublished\":\"2023-03-19T23:20:23+00:00\",\"dateModified\":\"2023-05-06T14:07:15+00:00\",\"mainEntityOfPage\":{\"@id\":\"https:\\\/\\\/unaymilletras.com\\\/el-dragon-de-lola-indigo-ya-tiene-fecha-de-salida\\\/\"},\"wordCount\":215,\"commentCount\":0,\"publisher\":{\"@id\":\"http:\\\/\\\/unaymilletras.com\\\/#organization\"},\"image\":{\"@id\":\"https:\\\/\\\/unaymilletras.com\\\/el-dragon-de-lola-indigo-ya-tiene-fecha-de-salida\\\/#primaryimage\"},\"thumbnailUrl\":\"https:\\\/\\\/unaymilletras.com\\\/wp-content\\\/uploads\\\/2023\\\/03\\\/lola-indigo-e1679261671492.jpeg\",\"articleSection\":[\"M\u00fasica\"],\"inLanguage\":\"en-GB\",\"potentialAction\":[{\"@type\":\"CommentAction\",\"name\":\"Comment\",\"target\":[\"https:\\\/\\\/unaymilletras.com\\\/el-dragon-de-lola-indigo-ya-tiene-fecha-de-salida\\\/#respond\"]}]},{\"@type\":\"WebPage\",\"@id\":\"https:\\\/\\\/unaymilletras.com\\\/el-dragon-de-lola-indigo-ya-tiene-fecha-de-salida\\\/\",\"url\":\"https:\\\/\\\/unaymilletras.com\\\/el-dragon-de-lola-indigo-ya-tiene-fecha-de-salida\\\/\",\"name\":\"El Drag\u00f3n de Lola \u00cdndigo ya tiene fecha de salida &#8902; Una y Mil Letras\",\"isPartOf\":{\"@id\":\"http:\\\/\\\/unaymilletras.com\\\/#website\"},\"primaryImageOfPage\":{\"@id\":\"https:\\\/\\\/unaymilletras.com\\\/el-dragon-de-lola-indigo-ya-tiene-fecha-de-salida\\\/#primaryimage\"},\"image\":{\"@id\":\"https:\\\/\\\/unaymilletras.com\\\/el-dragon-de-lola-indigo-ya-tiene-fecha-de-salida\\\/#primaryimage\"},\"thumbnailUrl\":\"https:\\\/\\\/unaymilletras.com\\\/wp-content\\\/uploads\\\/2023\\\/03\\\/lola-indigo-e1679261671492.jpeg\",\"datePublished\":\"2023-03-19T23:20:23+00:00\",\"dateModified\":\"2023-05-06T14:07:15+00:00\",\"breadcrumb\":{\"@id\":\"https:\\\/\\\/unaymilletras.com\\\/el-dragon-de-lola-indigo-ya-tiene-fecha-de-salida\\\/#breadcrumb\"},\"inLanguage\":\"en-GB\",\"potentialAction\":[{\"@type\":\"ReadAction\",\"target\":[\"https:\\\/\\\/unaymilletras.com\\\/el-dragon-de-lola-indigo-ya-tiene-fecha-de-salida\\\/\"]}]},{\"@type\":\"ImageObject\",\"inLanguage\":\"en-GB\",\"@id\":\"https:\\\/\\\/unaymilletras.com\\\/el-dragon-de-lola-indigo-ya-tiene-fecha-de-salida\\\/#primaryimage\",\"url\":\"https:\\\/\\\/unaymilletras.com\\\/wp-content\\\/uploads\\\/2023\\\/03\\\/lola-indigo-e1679261671492.jpeg\",\"contentUrl\":\"https:\\\/\\\/unaymilletras.com\\\/wp-content\\\/uploads\\\/2023\\\/03\\\/lola-indigo-e1679261671492.jpeg\",\"width\":600,\"height\":600,\"caption\":\"Lola \u00edndigo\"},{\"@type\":\"BreadcrumbList\",\"@id\":\"https:\\\/\\\/unaymilletras.com\\\/el-dragon-de-lola-indigo-ya-tiene-fecha-de-salida\\\/#breadcrumb\",\"itemListElement\":[{\"@type\":\"ListItem\",\"position\":1,\"name\":\"Home\",\"item\":\"http:\\\/\\\/unaymilletras.com\\\/\"},{\"@type\":\"ListItem\",\"position\":2,\"name\":\"El Drag\u00f3n de Lola \u00cdndigo ya tiene fecha de salida\"}]},{\"@type\":\"WebSite\",\"@id\":\"http:\\\/\\\/unaymilletras.com\\\/#website\",\"url\":\"http:\\\/\\\/unaymilletras.com\\\/\",\"name\":\"Una y Mil Letras\",\"description\":\"\",\"publisher\":{\"@id\":\"http:\\\/\\\/unaymilletras.com\\\/#organization\"},\"potentialAction\":[{\"@type\":\"SearchAction\",\"target\":{\"@type\":\"EntryPoint\",\"urlTemplate\":\"http:\\\/\\\/unaymilletras.com\\\/?s={search_term_string}\"},\"query-input\":{\"@type\":\"PropertyValueSpecification\",\"valueRequired\":true,\"valueName\":\"search_term_string\"}}],\"inLanguage\":\"en-GB\"},{\"@type\":\"Organization\",\"@id\":\"http:\\\/\\\/unaymilletras.com\\\/#organization\",\"name\":\"Una y Mil Letras\",\"url\":\"http:\\\/\\\/unaymilletras.com\\\/\",\"logo\":{\"@type\":\"ImageObject\",\"inLanguage\":\"en-GB\",\"@id\":\"http:\\\/\\\/unaymilletras.com\\\/#\\\/schema\\\/logo\\\/image\\\/\",\"url\":\"https:\\\/\\\/unaymilletras.com\\\/wp-content\\\/uploads\\\/2024\\\/06\\\/cropped-Logo-removebg-preview.png\",\"contentUrl\":\"https:\\\/\\\/unaymilletras.com\\\/wp-content\\\/uploads\\\/2024\\\/06\\\/cropped-Logo-removebg-preview.png\",\"width\":512,\"height\":512,\"caption\":\"Una y Mil Letras\"},\"image\":{\"@id\":\"http:\\\/\\\/unaymilletras.com\\\/#\\\/schema\\\/logo\\\/image\\\/\"},\"sameAs\":[\"https:\\\/\\\/x.com\\\/UnaYMilLetras\",\"https:\\\/\\\/instagram.com\\\/UnaYMilLetras\"]},{\"@type\":\"Person\",\"@id\":\"http:\\\/\\\/unaymilletras.com\\\/#\\\/schema\\\/person\\\/d55ba681b8a4e463d8982dbe36a5dc94\",\"name\":\"Maria Gil Robledo\",\"image\":{\"@type\":\"ImageObject\",\"inLanguage\":\"en-GB\",\"@id\":\"https:\\\/\\\/secure.gravatar.com\\\/avatar\\\/4b8e5102e0015789407eb4870b12f0f2857952d83ca124058f92b764bd1840c3?s=96&d=mm&r=g\",\"url\":\"https:\\\/\\\/secure.gravatar.com\\\/avatar\\\/4b8e5102e0015789407eb4870b12f0f2857952d83ca124058f92b764bd1840c3?s=96&d=mm&r=g\",\"contentUrl\":\"https:\\\/\\\/secure.gravatar.com\\\/avatar\\\/4b8e5102e0015789407eb4870b12f0f2857952d83ca124058f92b764bd1840c3?s=96&d=mm&r=g\",\"caption\":\"Maria Gil Robledo\"},\"sameAs\":[\"http:\\\/\\\/unaymilletras.com\"],\"url\":\"https:\\\/\\\/unaymilletras.com\\\/en\\\/author\\\/mariiagiil02_\\\/\"}]}<\/script>\n<!-- \/ Yoast SEO plugin. -->","yoast_head_json":{"title":"El Drag\u00f3n de Lola \u00cdndigo ya tiene fecha de salida &#8902; Una y Mil Letras","robots":{"index":"index","follow":"follow","max-snippet":"max-snippet:-1","max-image-preview":"max-image-preview:large","max-video-preview":"max-video-preview:-1"},"canonical":"https:\/\/unaymilletras.com\/en\/el-dragon-de-lola-indigo-ya-tiene-fecha-de-salida\/","og_locale":"en_GB","og_type":"article","og_title":"El Drag\u00f3n de Lola \u00cdndigo ya tiene fecha de salida &#8902; Una y Mil Letras","og_description":"El 14 de abril ver\u00e1 la luz \u00abEl Drag\u00f3n\u00bb, el tercer \u00e1lbum de Lola \u00cdndigo Lola \u00cdndigo acaba de anunciar la fecha en la que estrenar\u00e1 El Drag\u00f3n. El 14 de abril se estar\u00e1 disponible su tercer \u00e1lbum, del cu\u00e1l ya se ha podido escuchar An1mal, Discoteka junto a Mar\u00eda Becerra o Corazones Rotos junto [&hellip;]","og_url":"https:\/\/unaymilletras.com\/en\/el-dragon-de-lola-indigo-ya-tiene-fecha-de-salida\/","og_site_name":"Una y Mil Letras","article_published_time":"2023-03-19T23:20:23+00:00","article_modified_time":"2023-05-06T14:07:15+00:00","og_image":[{"width":600,"height":600,"url":"https:\/\/unaymilletras.com\/wp-content\/uploads\/2023\/03\/lola-indigo-e1679261671492.jpeg","type":"image\/jpeg"}],"author":"Maria Gil Robledo","twitter_card":"summary_large_image","twitter_creator":"@UnaYMilLetras","twitter_site":"@UnaYMilLetras","twitter_misc":{"Written by":"Maria Gil Robledo","Estimated reading time":"1 minute"},"schema":{"@context":"https:\/\/schema.org","@graph":[{"@type":"Article","@id":"https:\/\/unaymilletras.com\/el-dragon-de-lola-indigo-ya-tiene-fecha-de-salida\/#article","isPartOf":{"@id":"https:\/\/unaymilletras.com\/el-dragon-de-lola-indigo-ya-tiene-fecha-de-salida\/"},"author":{"name":"Maria Gil Robledo","@id":"http:\/\/unaymilletras.com\/#\/schema\/person\/d55ba681b8a4e463d8982dbe36a5dc94"},"headline":"El Drag\u00f3n de Lola \u00cdndigo ya tiene fecha de salida","datePublished":"2023-03-19T23:20:23+00:00","dateModified":"2023-05-06T14:07:15+00:00","mainEntityOfPage":{"@id":"https:\/\/unaymilletras.com\/el-dragon-de-lola-indigo-ya-tiene-fecha-de-salida\/"},"wordCount":215,"commentCount":0,"publisher":{"@id":"http:\/\/unaymilletras.com\/#organization"},"image":{"@id":"https:\/\/unaymilletras.com\/el-dragon-de-lola-indigo-ya-tiene-fecha-de-salida\/#primaryimage"},"thumbnailUrl":"https:\/\/unaymilletras.com\/wp-content\/uploads\/2023\/03\/lola-indigo-e1679261671492.jpeg","articleSection":["M\u00fasica"],"inLanguage":"en-GB","potentialAction":[{"@type":"CommentAction","name":"Comment","target":["https:\/\/unaymilletras.com\/el-dragon-de-lola-indigo-ya-tiene-fecha-de-salida\/#respond"]}]},{"@type":"WebPage","@id":"https:\/\/unaymilletras.com\/el-dragon-de-lola-indigo-ya-tiene-fecha-de-salida\/","url":"https:\/\/unaymilletras.com\/el-dragon-de-lola-indigo-ya-tiene-fecha-de-salida\/","name":"El Drag\u00f3n de Lola \u00cdndigo ya tiene fecha de salida &#8902; Una y Mil Letras","isPartOf":{"@id":"http:\/\/unaymilletras.com\/#website"},"primaryImageOfPage":{"@id":"https:\/\/unaymilletras.com\/el-dragon-de-lola-indigo-ya-tiene-fecha-de-salida\/#primaryimage"},"image":{"@id":"https:\/\/unaymilletras.com\/el-dragon-de-lola-indigo-ya-tiene-fecha-de-salida\/#primaryimage"},"thumbnailUrl":"https:\/\/unaymilletras.com\/wp-content\/uploads\/2023\/03\/lola-indigo-e1679261671492.jpeg","datePublished":"2023-03-19T23:20:23+00:00","dateModified":"2023-05-06T14:07:15+00:00","breadcrumb":{"@id":"https:\/\/unaymilletras.com\/el-dragon-de-lola-indigo-ya-tiene-fecha-de-salida\/#breadcrumb"},"inLanguage":"en-GB","potentialAction":[{"@type":"ReadAction","target":["https:\/\/unaymilletras.com\/el-dragon-de-lola-indigo-ya-tiene-fecha-de-salida\/"]}]},{"@type":"ImageObject","inLanguage":"en-GB","@id":"https:\/\/unaymilletras.com\/el-dragon-de-lola-indigo-ya-tiene-fecha-de-salida\/#primaryimage","url":"https:\/\/unaymilletras.com\/wp-content\/uploads\/2023\/03\/lola-indigo-e1679261671492.jpeg","contentUrl":"https:\/\/unaymilletras.com\/wp-content\/uploads\/2023\/03\/lola-indigo-e1679261671492.jpeg","width":600,"height":600,"caption":"Lola \u00edndigo"},{"@type":"BreadcrumbList","@id":"https:\/\/unaymilletras.com\/el-dragon-de-lola-indigo-ya-tiene-fecha-de-salida\/#breadcrumb","itemListElement":[{"@type":"ListItem","position":1,"name":"Home","item":"http:\/\/unaymilletras.com\/"},{"@type":"ListItem","position":2,"name":"El Drag\u00f3n de Lola \u00cdndigo ya tiene fecha de salida"}]},{"@type":"WebSite","@id":"http:\/\/unaymilletras.com\/#website","url":"http:\/\/unaymilletras.com\/","name":"Una y Mil Letras","description":"","publisher":{"@id":"http:\/\/unaymilletras.com\/#organization"},"potentialAction":[{"@type":"SearchAction","target":{"@type":"EntryPoint","urlTemplate":"http:\/\/unaymilletras.com\/?s={search_term_string}"},"query-input":{"@type":"PropertyValueSpecification","valueRequired":true,"valueName":"search_term_string"}}],"inLanguage":"en-GB"},{"@type":"Organization","@id":"http:\/\/unaymilletras.com\/#organization","name":"Una y Mil Letras","url":"http:\/\/unaymilletras.com\/","logo":{"@type":"ImageObject","inLanguage":"en-GB","@id":"http:\/\/unaymilletras.com\/#\/schema\/logo\/image\/","url":"https:\/\/unaymilletras.com\/wp-content\/uploads\/2024\/06\/cropped-Logo-removebg-preview.png","contentUrl":"https:\/\/unaymilletras.com\/wp-content\/uploads\/2024\/06\/cropped-Logo-removebg-preview.png","width":512,"height":512,"caption":"Una y Mil Letras"},"image":{"@id":"http:\/\/unaymilletras.com\/#\/schema\/logo\/image\/"},"sameAs":["https:\/\/x.com\/UnaYMilLetras","https:\/\/instagram.com\/UnaYMilLetras"]},{"@type":"Person","@id":"http:\/\/unaymilletras.com\/#\/schema\/person\/d55ba681b8a4e463d8982dbe36a5dc94","name":"Maria Gil Robledo","image":{"@type":"ImageObject","inLanguage":"en-GB","@id":"https:\/\/secure.gravatar.com\/avatar\/4b8e5102e0015789407eb4870b12f0f2857952d83ca124058f92b764bd1840c3?s=96&d=mm&r=g","url":"https:\/\/secure.gravatar.com\/avatar\/4b8e5102e0015789407eb4870b12f0f2857952d83ca124058f92b764bd1840c3?s=96&d=mm&r=g","contentUrl":"https:\/\/secure.gravatar.com\/avatar\/4b8e5102e0015789407eb4870b12f0f2857952d83ca124058f92b764bd1840c3?s=96&d=mm&r=g","caption":"Maria Gil Robledo"},"sameAs":["http:\/\/unaymilletras.com"],"url":"https:\/\/unaymilletras.com\/en\/author\/mariiagiil02_\/"}]}},"_links":{"self":[{"href":"https:\/\/unaymilletras.com\/en\/wp-json\/wp\/v2\/posts\/365","targetHints":{"allow":["GET"]}}],"collection":[{"href":"https:\/\/unaymilletras.com\/en\/wp-json\/wp\/v2\/posts"}],"about":[{"href":"https:\/\/unaymilletras.com\/en\/wp-json\/wp\/v2\/types\/post"}],"author":[{"embeddable":true,"href":"https:\/\/unaymilletras.com\/en\/wp-json\/wp\/v2\/users\/1"}],"replies":[{"embeddable":true,"href":"https:\/\/unaymilletras.com\/en\/wp-json\/wp\/v2\/comments?post=365"}],"version-history":[{"count":1,"href":"https:\/\/unaymilletras.com\/en\/wp-json\/wp\/v2\/posts\/365\/revisions"}],"predecessor-version":[{"id":543,"href":"https:\/\/unaymilletras.com\/en\/wp-json\/wp\/v2\/posts\/365\/revisions\/543"}],"wp:featuredmedia":[{"embeddable":true,"href":"https:\/\/unaymilletras.com\/en\/wp-json\/wp\/v2\/media\/368"}],"wp:attachment":[{"href":"https:\/\/unaymilletras.com\/en\/wp-json\/wp\/v2\/media?parent=365"}],"wp:term":[{"taxonomy":"category","embeddable":true,"href":"https:\/\/unaymilletras.com\/en\/wp-json\/wp\/v2\/categories?post=365"},{"taxonomy":"post_tag","embeddable":true,"href":"https:\/\/unaymilletras.com\/en\/wp-json\/wp\/v2\/tags?post=365"}],"curies":[{"name":"wp","href":"https:\/\/api.w.org\/{rel}","templated":true}]}}