{"id":3655,"date":"2025-02-04T13:24:02","date_gmt":"2025-02-04T12:24:02","guid":{"rendered":"https:\/\/unaymilletras.com\/?p=3655"},"modified":"2025-02-04T13:26:38","modified_gmt":"2025-02-04T12:26:38","slug":"rauw-alejandro-hara-de-madrid-y-barcelona-una-cosa-nuestra","status":"publish","type":"post","link":"https:\/\/unaymilletras.com\/en\/rauw-alejandro-hara-de-madrid-y-barcelona-una-cosa-nuestra\/","title":{"rendered":"Rauw Alejandro har\u00e1 de Madrid y Barcelona una Cosa Nuestra"},"content":{"rendered":"<div data-elementor-type=\"wp-post\" data-elementor-id=\"3655\" class=\"elementor elementor-3655\">\n\t\t\t\t\t\t<section class=\"elementor-section elementor-top-section elementor-element elementor-element-3f87b77 elementor-section-boxed elementor-section-height-default elementor-section-height-default\" data-id=\"3f87b77\" data-element_type=\"section\" data-e-type=\"section\">\n\t\t\t\t\t\t<div class=\"elementor-container elementor-column-gap-default\">\n\t\t\t\t\t<div class=\"elementor-column elementor-col-100 elementor-top-column elementor-element elementor-element-8b36d94\" data-id=\"8b36d94\" data-element_type=\"column\" data-e-type=\"column\">\n\t\t\t<div class=\"elementor-widget-wrap elementor-element-populated\">\n\t\t\t\t\t\t<div class=\"elementor-element elementor-element-13bd47a elementor-widget elementor-widget-text-editor\" data-id=\"13bd47a\" data-element_type=\"widget\" data-e-type=\"widget\" data-widget_type=\"text-editor.default\">\n\t\t\t\t<div class=\"elementor-widget-container\">\n\t\t\t\t\t\t\t\t\t<h2 style=\"text-align: center;\"><em><span style=\"color: #808080;\">El Movistar Arena de Madrid y el Palau Sant Jordi de Barcelona acoger\u00e1n a Rauw Alejandro en julio de 2025<\/span><\/em><\/h2>\t\t\t\t\t\t\t\t<\/div>\n\t\t\t\t<\/div>\n\t\t\t\t\t<\/div>\n\t\t<\/div>\n\t\t\t\t\t<\/div>\n\t\t<\/section>\n\t\t\t\t<section class=\"elementor-section elementor-top-section elementor-element elementor-element-0d51f1b elementor-section-boxed elementor-section-height-default elementor-section-height-default\" data-id=\"0d51f1b\" data-element_type=\"section\" data-e-type=\"section\">\n\t\t\t\t\t\t<div class=\"elementor-container elementor-column-gap-default\">\n\t\t\t\t\t<div class=\"elementor-column elementor-col-100 elementor-top-column elementor-element elementor-element-a5af8f4\" data-id=\"a5af8f4\" data-element_type=\"column\" data-e-type=\"column\">\n\t\t\t<div class=\"elementor-widget-wrap elementor-element-populated\">\n\t\t\t\t\t\t<div class=\"elementor-element elementor-element-7025ec1 elementor-widget elementor-widget-text-editor\" data-id=\"7025ec1\" data-element_type=\"widget\" data-e-type=\"widget\" data-widget_type=\"text-editor.default\">\n\t\t\t\t<div class=\"elementor-widget-container\">\n\t\t\t\t\t\t\t\t\t<p><b>Rauw Alejandro<\/b> sigue consolidando su estatus como una de las grandes figuras de la m\u00fasica latina. Tras el \u00e9xito de su quinto \u00e1lbum de estudio, <em><b>Cosa Nuestra<\/b><\/em>, el artista puertorrique\u00f1o ha anunciado su esperada gira mundial. Esta incluir\u00e1 dos paradas en Espa\u00f1a: el <b>5 de julio en el Movistar Arena de Madrid<\/b> y el <b>11 de julio en el Palau Sant Jordi de Barcelona<\/b>.<\/p>\t\t\t\t\t\t\t\t<\/div>\n\t\t\t\t<\/div>\n\t\t\t\t\t<\/div>\n\t\t<\/div>\n\t\t\t\t\t<\/div>\n\t\t<\/section>\n\t\t\t\t<section class=\"elementor-section elementor-top-section elementor-element elementor-element-b57c25c elementor-section-boxed elementor-section-height-default elementor-section-height-default\" data-id=\"b57c25c\" data-element_type=\"section\" data-e-type=\"section\">\n\t\t\t\t\t\t<div class=\"elementor-container elementor-column-gap-default\">\n\t\t\t\t\t<div class=\"elementor-column elementor-col-50 elementor-top-column elementor-element elementor-element-dd0a342\" data-id=\"dd0a342\" data-element_type=\"column\" data-e-type=\"column\">\n\t\t\t<div class=\"elementor-widget-wrap elementor-element-populated\">\n\t\t\t\t\t\t<div class=\"elementor-element elementor-element-b60bc6f elementor-widget elementor-widget-image\" data-id=\"b60bc6f\" data-element_type=\"widget\" data-e-type=\"widget\" data-widget_type=\"image.default\">\n\t\t\t\t<div class=\"elementor-widget-container\">\n\t\t\t\t\t\t\t\t\t\t\t\t\t\t\t<img fetchpriority=\"high\" decoding=\"async\" width=\"640\" height=\"832\" src=\"https:\/\/unaymilletras.com\/wp-content\/uploads\/2025\/02\/cc897436-e4c3-a4c6-71fb-d7caa324-788x1024.jpg\" class=\"attachment-large size-large wp-image-3657\" alt=\"Rauw Alejandro\" srcset=\"https:\/\/unaymilletras.com\/wp-content\/uploads\/2025\/02\/cc897436-e4c3-a4c6-71fb-d7caa324-788x1024.jpg 788w, https:\/\/unaymilletras.com\/wp-content\/uploads\/2025\/02\/cc897436-e4c3-a4c6-71fb-d7caa324-231x300.jpg 231w, https:\/\/unaymilletras.com\/wp-content\/uploads\/2025\/02\/cc897436-e4c3-a4c6-71fb-d7caa324-768x998.jpg 768w, https:\/\/unaymilletras.com\/wp-content\/uploads\/2025\/02\/cc897436-e4c3-a4c6-71fb-d7caa324-1182x1536.jpg 1182w, https:\/\/unaymilletras.com\/wp-content\/uploads\/2025\/02\/cc897436-e4c3-a4c6-71fb-d7caa324-1575x2048.jpg 1575w, https:\/\/unaymilletras.com\/wp-content\/uploads\/2025\/02\/cc897436-e4c3-a4c6-71fb-d7caa324-9x12.jpg 9w, https:\/\/unaymilletras.com\/wp-content\/uploads\/2025\/02\/cc897436-e4c3-a4c6-71fb-d7caa324-1024x1331.jpg 1024w, https:\/\/unaymilletras.com\/wp-content\/uploads\/2025\/02\/cc897436-e4c3-a4c6-71fb-d7caa324-scaled-e1738598132492.jpg 600w\" sizes=\"(max-width: 640px) 100vw, 640px\" \/>\t\t\t\t\t\t\t\t\t\t\t\t\t\t\t<\/div>\n\t\t\t\t<\/div>\n\t\t\t\t\t<\/div>\n\t\t<\/div>\n\t\t\t\t<div class=\"elementor-column elementor-col-50 elementor-top-column elementor-element elementor-element-6d182ae\" data-id=\"6d182ae\" data-element_type=\"column\" data-e-type=\"column\">\n\t\t\t<div class=\"elementor-widget-wrap elementor-element-populated\">\n\t\t\t\t\t\t<div class=\"elementor-element elementor-element-296aa14 elementor-widget elementor-widget-text-editor\" data-id=\"296aa14\" data-element_type=\"widget\" data-e-type=\"widget\" data-widget_type=\"text-editor.default\">\n\t\t\t\t<div class=\"elementor-widget-container\">\n\t\t\t\t\t\t\t\t\t<p>El <em>Cosa Nuestra World Tour<\/em> arrancar\u00e1 el 17 de junio en Londres y recorrer\u00e1 11 ciudades europeas, con paradas en Berl\u00edn, Par\u00eds, \u00c1msterdam, Mil\u00e1n y otras grandes capitales. La gira promete un espect\u00e1culo de primer nivel, en el que Rauw Alejandro interpretar\u00e1 tanto sus grandes \u00e9xitos como los nuevos temas de <em>Cosa Nuestra<\/em>, un disco que ha batido r\u00e9cords. Debut\u00f3 en el n\u00famero 1 de la lista de \u00c1lbumes Latinos y situar 15 canciones en el <em>Spotify Global Top 200<\/em>.<\/p>\n<p>El impacto de Rauw Alejandro en la escena musical es indiscutible. En apenas 72 horas, agot\u00f3 todas las entradas de su gira por Estados Unidos, que comenzar\u00e1 en abril y lo llevar\u00e1 por las principales ciudades del pa\u00eds antes de finalizar en Miami el 31 de mayo. Su talento, versatilidad y puesta en escena han convertido sus conciertos en eventos imperdibles para los amantes de la m\u00fasica urbana.<\/p>\t\t\t\t\t\t\t\t<\/div>\n\t\t\t\t<\/div>\n\t\t\t\t\t<\/div>\n\t\t<\/div>\n\t\t\t\t\t<\/div>\n\t\t<\/section>\n\t\t\t\t<section class=\"elementor-section elementor-top-section elementor-element elementor-element-595ed45 elementor-section-boxed elementor-section-height-default elementor-section-height-default\" data-id=\"595ed45\" data-element_type=\"section\" data-e-type=\"section\">\n\t\t\t\t\t\t<div class=\"elementor-container elementor-column-gap-default\">\n\t\t\t\t\t<div class=\"elementor-column elementor-col-100 elementor-top-column elementor-element elementor-element-12b7255\" data-id=\"12b7255\" data-element_type=\"column\" data-e-type=\"column\">\n\t\t\t<div class=\"elementor-widget-wrap elementor-element-populated\">\n\t\t\t\t\t\t<div class=\"elementor-element elementor-element-69537c9 elementor-widget elementor-widget-text-editor\" data-id=\"69537c9\" data-element_type=\"widget\" data-e-type=\"widget\" data-widget_type=\"text-editor.default\">\n\t\t\t\t<div class=\"elementor-widget-container\">\n\t\t\t\t\t\t\t\t\t<p>Las entradas para sus conciertos en Espa\u00f1a estar\u00e1n disponibles a partir del viernes 7 de febrero a las 9:00 en <b>Live Nation<\/b>, <b>Ticketmaster<\/b> y <b>El Corte Ingl\u00e9s<\/b>. La preventa exclusiva comenzar\u00e1 el 5 de febrero. Con precios desde 60\u20ac, se espera que las entradas vuelen r\u00e1pidamente, tal como ha sucedido en otras fechas del tour.<\/p>\n<p>Con esta gira, Rauw Alejandro reafirma su posici\u00f3n como uno de los artistas m\u00e1s influyentes del g\u00e9nero y su conexi\u00f3n especial con el p\u00fablico espa\u00f1ol, que lo ha acompa\u00f1ado en su ascenso hasta la cima de la m\u00fasica latina.<\/p>\t\t\t\t\t\t\t\t<\/div>\n\t\t\t\t<\/div>\n\t\t\t\t\t<\/div>\n\t\t<\/div>\n\t\t\t\t\t<\/div>\n\t\t<\/section>\n\t\t\t\t<\/div>","protected":false},"excerpt":{"rendered":"<p>El Movistar Arena de Madrid y el Palau Sant Jordi de Barcelona acoger\u00e1n a Rauw Alejandro en julio de 2025 Rauw Alejandro sigue consolidando su estatus como una de las grandes figuras de la m\u00fasica latina. Tras el \u00e9xito de su quinto \u00e1lbum de estudio, Cosa Nuestra, el artista puertorrique\u00f1o ha anunciado su esperada gira [&hellip;]<\/p>\n","protected":false},"author":6,"featured_media":3657,"comment_status":"closed","ping_status":"closed","sticky":false,"template":"","format":"standard","meta":{"footnotes":""},"categories":[4],"tags":[],"class_list":["post-3655","post","type-post","status-publish","format-standard","has-post-thumbnail","hentry","category-musica"],"yoast_head":"<!-- This site is optimized with the Yoast SEO plugin v27.4 - https:\/\/yoast.com\/product\/yoast-seo-wordpress\/ -->\n<title>Rauw Alejandro har\u00e1 de Madrid y Barcelona una Cosa Nuestra<\/title>\n<meta name=\"description\" content=\"El Movistar Arena de Madrid y el Palau Sant Jordi de Barcelona acoger\u00e1n a Rauw Alejandro en julio de 2025 gracias a sus nuevas fechas\" \/>\n<meta name=\"robots\" content=\"index, follow, max-snippet:-1, max-image-preview:large, max-video-preview:-1\" \/>\n<link rel=\"canonical\" href=\"https:\/\/unaymilletras.com\/en\/rauw-alejandro-hara-de-madrid-y-barcelona-una-cosa-nuestra\/\" \/>\n<meta property=\"og:locale\" content=\"en_GB\" \/>\n<meta property=\"og:type\" content=\"article\" \/>\n<meta property=\"og:title\" content=\"Rauw Alejandro har\u00e1 de Madrid y Barcelona una Cosa Nuestra\" \/>\n<meta property=\"og:description\" content=\"El Movistar Arena de Madrid y el Palau Sant Jordi de Barcelona acoger\u00e1n a Rauw Alejandro en julio de 2025 gracias a sus nuevas fechas\" \/>\n<meta property=\"og:url\" content=\"https:\/\/unaymilletras.com\/en\/rauw-alejandro-hara-de-madrid-y-barcelona-una-cosa-nuestra\/\" \/>\n<meta property=\"og:site_name\" content=\"Una y Mil Letras\" \/>\n<meta property=\"article:published_time\" content=\"2025-02-04T12:24:02+00:00\" \/>\n<meta property=\"article:modified_time\" content=\"2025-02-04T12:26:38+00:00\" \/>\n<meta property=\"og:image\" content=\"http:\/\/unaymilletras.com\/wp-content\/uploads\/2025\/02\/cc897436-e4c3-a4c6-71fb-d7caa324-scaled-e1738598132492.jpg\" \/>\n\t<meta property=\"og:image:width\" content=\"600\" \/>\n\t<meta property=\"og:image:height\" content=\"780\" \/>\n\t<meta property=\"og:image:type\" content=\"image\/jpeg\" \/>\n<meta name=\"author\" content=\"Redacci\u00f3n\" \/>\n<meta name=\"twitter:card\" content=\"summary_large_image\" \/>\n<meta name=\"twitter:creator\" content=\"@UnaYMilLetras\" \/>\n<meta name=\"twitter:site\" content=\"@UnaYMilLetras\" \/>\n<meta name=\"twitter:label1\" content=\"Written by\" \/>\n\t<meta name=\"twitter:data1\" content=\"Redacci\u00f3n\" \/>\n\t<meta name=\"twitter:label2\" content=\"Estimated reading time\" \/>\n\t<meta name=\"twitter:data2\" content=\"2 minutes\" \/>\n<script type=\"application\/ld+json\" class=\"yoast-schema-graph\">{\"@context\":\"https:\\\/\\\/schema.org\",\"@graph\":[{\"@type\":\"Article\",\"@id\":\"https:\\\/\\\/unaymilletras.com\\\/rauw-alejandro-hara-de-madrid-y-barcelona-una-cosa-nuestra\\\/#article\",\"isPartOf\":{\"@id\":\"https:\\\/\\\/unaymilletras.com\\\/rauw-alejandro-hara-de-madrid-y-barcelona-una-cosa-nuestra\\\/\"},\"author\":{\"name\":\"Redacci\u00f3n\",\"@id\":\"http:\\\/\\\/unaymilletras.com\\\/#\\\/schema\\\/person\\\/0860dc8a218329991ee2c7591f4f849d\"},\"headline\":\"Rauw Alejandro har\u00e1 de Madrid y Barcelona una Cosa Nuestra\",\"datePublished\":\"2025-02-04T12:24:02+00:00\",\"dateModified\":\"2025-02-04T12:26:38+00:00\",\"mainEntityOfPage\":{\"@id\":\"https:\\\/\\\/unaymilletras.com\\\/rauw-alejandro-hara-de-madrid-y-barcelona-una-cosa-nuestra\\\/\"},\"wordCount\":346,\"publisher\":{\"@id\":\"http:\\\/\\\/unaymilletras.com\\\/#organization\"},\"image\":{\"@id\":\"https:\\\/\\\/unaymilletras.com\\\/rauw-alejandro-hara-de-madrid-y-barcelona-una-cosa-nuestra\\\/#primaryimage\"},\"thumbnailUrl\":\"https:\\\/\\\/unaymilletras.com\\\/wp-content\\\/uploads\\\/2025\\\/02\\\/cc897436-e4c3-a4c6-71fb-d7caa324-scaled-e1738598132492.jpg\",\"articleSection\":[\"M\u00fasica\"],\"inLanguage\":\"en-GB\"},{\"@type\":\"WebPage\",\"@id\":\"https:\\\/\\\/unaymilletras.com\\\/rauw-alejandro-hara-de-madrid-y-barcelona-una-cosa-nuestra\\\/\",\"url\":\"https:\\\/\\\/unaymilletras.com\\\/rauw-alejandro-hara-de-madrid-y-barcelona-una-cosa-nuestra\\\/\",\"name\":\"Rauw Alejandro har\u00e1 de Madrid y Barcelona una Cosa Nuestra\",\"isPartOf\":{\"@id\":\"http:\\\/\\\/unaymilletras.com\\\/#website\"},\"primaryImageOfPage\":{\"@id\":\"https:\\\/\\\/unaymilletras.com\\\/rauw-alejandro-hara-de-madrid-y-barcelona-una-cosa-nuestra\\\/#primaryimage\"},\"image\":{\"@id\":\"https:\\\/\\\/unaymilletras.com\\\/rauw-alejandro-hara-de-madrid-y-barcelona-una-cosa-nuestra\\\/#primaryimage\"},\"thumbnailUrl\":\"https:\\\/\\\/unaymilletras.com\\\/wp-content\\\/uploads\\\/2025\\\/02\\\/cc897436-e4c3-a4c6-71fb-d7caa324-scaled-e1738598132492.jpg\",\"datePublished\":\"2025-02-04T12:24:02+00:00\",\"dateModified\":\"2025-02-04T12:26:38+00:00\",\"description\":\"El Movistar Arena de Madrid y el Palau Sant Jordi de Barcelona acoger\u00e1n a Rauw Alejandro en julio de 2025 gracias a sus nuevas fechas\",\"breadcrumb\":{\"@id\":\"https:\\\/\\\/unaymilletras.com\\\/rauw-alejandro-hara-de-madrid-y-barcelona-una-cosa-nuestra\\\/#breadcrumb\"},\"inLanguage\":\"en-GB\",\"potentialAction\":[{\"@type\":\"ReadAction\",\"target\":[\"https:\\\/\\\/unaymilletras.com\\\/rauw-alejandro-hara-de-madrid-y-barcelona-una-cosa-nuestra\\\/\"]}]},{\"@type\":\"ImageObject\",\"inLanguage\":\"en-GB\",\"@id\":\"https:\\\/\\\/unaymilletras.com\\\/rauw-alejandro-hara-de-madrid-y-barcelona-una-cosa-nuestra\\\/#primaryimage\",\"url\":\"https:\\\/\\\/unaymilletras.com\\\/wp-content\\\/uploads\\\/2025\\\/02\\\/cc897436-e4c3-a4c6-71fb-d7caa324-scaled-e1738598132492.jpg\",\"contentUrl\":\"https:\\\/\\\/unaymilletras.com\\\/wp-content\\\/uploads\\\/2025\\\/02\\\/cc897436-e4c3-a4c6-71fb-d7caa324-scaled-e1738598132492.jpg\",\"width\":600,\"height\":780,\"caption\":\"Rauw Alejandro\"},{\"@type\":\"BreadcrumbList\",\"@id\":\"https:\\\/\\\/unaymilletras.com\\\/rauw-alejandro-hara-de-madrid-y-barcelona-una-cosa-nuestra\\\/#breadcrumb\",\"itemListElement\":[{\"@type\":\"ListItem\",\"position\":1,\"name\":\"Home\",\"item\":\"http:\\\/\\\/unaymilletras.com\\\/\"},{\"@type\":\"ListItem\",\"position\":2,\"name\":\"Rauw Alejandro har\u00e1 de Madrid y Barcelona una Cosa Nuestra\"}]},{\"@type\":\"WebSite\",\"@id\":\"http:\\\/\\\/unaymilletras.com\\\/#website\",\"url\":\"http:\\\/\\\/unaymilletras.com\\\/\",\"name\":\"Una y Mil Letras\",\"description\":\"\",\"publisher\":{\"@id\":\"http:\\\/\\\/unaymilletras.com\\\/#organization\"},\"potentialAction\":[{\"@type\":\"SearchAction\",\"target\":{\"@type\":\"EntryPoint\",\"urlTemplate\":\"http:\\\/\\\/unaymilletras.com\\\/?s={search_term_string}\"},\"query-input\":{\"@type\":\"PropertyValueSpecification\",\"valueRequired\":true,\"valueName\":\"search_term_string\"}}],\"inLanguage\":\"en-GB\"},{\"@type\":\"Organization\",\"@id\":\"http:\\\/\\\/unaymilletras.com\\\/#organization\",\"name\":\"Una y Mil Letras\",\"url\":\"http:\\\/\\\/unaymilletras.com\\\/\",\"logo\":{\"@type\":\"ImageObject\",\"inLanguage\":\"en-GB\",\"@id\":\"http:\\\/\\\/unaymilletras.com\\\/#\\\/schema\\\/logo\\\/image\\\/\",\"url\":\"https:\\\/\\\/unaymilletras.com\\\/wp-content\\\/uploads\\\/2024\\\/06\\\/cropped-Logo-removebg-preview.png\",\"contentUrl\":\"https:\\\/\\\/unaymilletras.com\\\/wp-content\\\/uploads\\\/2024\\\/06\\\/cropped-Logo-removebg-preview.png\",\"width\":512,\"height\":512,\"caption\":\"Una y Mil Letras\"},\"image\":{\"@id\":\"http:\\\/\\\/unaymilletras.com\\\/#\\\/schema\\\/logo\\\/image\\\/\"},\"sameAs\":[\"https:\\\/\\\/x.com\\\/UnaYMilLetras\",\"https:\\\/\\\/instagram.com\\\/UnaYMilLetras\"]},{\"@type\":\"Person\",\"@id\":\"http:\\\/\\\/unaymilletras.com\\\/#\\\/schema\\\/person\\\/0860dc8a218329991ee2c7591f4f849d\",\"name\":\"Redacci\u00f3n\",\"image\":{\"@type\":\"ImageObject\",\"inLanguage\":\"en-GB\",\"@id\":\"https:\\\/\\\/secure.gravatar.com\\\/avatar\\\/d8f55e05a8b6597e45c55a1dcbdbfe44f4a360d88b48e00de5216a79b7732796?s=96&d=mm&r=g\",\"url\":\"https:\\\/\\\/secure.gravatar.com\\\/avatar\\\/d8f55e05a8b6597e45c55a1dcbdbfe44f4a360d88b48e00de5216a79b7732796?s=96&d=mm&r=g\",\"contentUrl\":\"https:\\\/\\\/secure.gravatar.com\\\/avatar\\\/d8f55e05a8b6597e45c55a1dcbdbfe44f4a360d88b48e00de5216a79b7732796?s=96&d=mm&r=g\",\"caption\":\"Redacci\u00f3n\"},\"url\":\"https:\\\/\\\/unaymilletras.com\\\/en\\\/author\\\/redaccion\\\/\"}]}<\/script>\n<!-- \/ Yoast SEO plugin. -->","yoast_head_json":{"title":"Rauw Alejandro har\u00e1 de Madrid y Barcelona una Cosa Nuestra","description":"El Movistar Arena de Madrid y el Palau Sant Jordi de Barcelona acoger\u00e1n a Rauw Alejandro en julio de 2025 gracias a sus nuevas fechas","robots":{"index":"index","follow":"follow","max-snippet":"max-snippet:-1","max-image-preview":"max-image-preview:large","max-video-preview":"max-video-preview:-1"},"canonical":"https:\/\/unaymilletras.com\/en\/rauw-alejandro-hara-de-madrid-y-barcelona-una-cosa-nuestra\/","og_locale":"en_GB","og_type":"article","og_title":"Rauw Alejandro har\u00e1 de Madrid y Barcelona una Cosa Nuestra","og_description":"El Movistar Arena de Madrid y el Palau Sant Jordi de Barcelona acoger\u00e1n a Rauw Alejandro en julio de 2025 gracias a sus nuevas fechas","og_url":"https:\/\/unaymilletras.com\/en\/rauw-alejandro-hara-de-madrid-y-barcelona-una-cosa-nuestra\/","og_site_name":"Una y Mil Letras","article_published_time":"2025-02-04T12:24:02+00:00","article_modified_time":"2025-02-04T12:26:38+00:00","og_image":[{"width":600,"height":780,"url":"http:\/\/unaymilletras.com\/wp-content\/uploads\/2025\/02\/cc897436-e4c3-a4c6-71fb-d7caa324-scaled-e1738598132492.jpg","type":"image\/jpeg"}],"author":"Redacci\u00f3n","twitter_card":"summary_large_image","twitter_creator":"@UnaYMilLetras","twitter_site":"@UnaYMilLetras","twitter_misc":{"Written by":"Redacci\u00f3n","Estimated reading time":"2 minutes"},"schema":{"@context":"https:\/\/schema.org","@graph":[{"@type":"Article","@id":"https:\/\/unaymilletras.com\/rauw-alejandro-hara-de-madrid-y-barcelona-una-cosa-nuestra\/#article","isPartOf":{"@id":"https:\/\/unaymilletras.com\/rauw-alejandro-hara-de-madrid-y-barcelona-una-cosa-nuestra\/"},"author":{"name":"Redacci\u00f3n","@id":"http:\/\/unaymilletras.com\/#\/schema\/person\/0860dc8a218329991ee2c7591f4f849d"},"headline":"Rauw Alejandro har\u00e1 de Madrid y Barcelona una Cosa Nuestra","datePublished":"2025-02-04T12:24:02+00:00","dateModified":"2025-02-04T12:26:38+00:00","mainEntityOfPage":{"@id":"https:\/\/unaymilletras.com\/rauw-alejandro-hara-de-madrid-y-barcelona-una-cosa-nuestra\/"},"wordCount":346,"publisher":{"@id":"http:\/\/unaymilletras.com\/#organization"},"image":{"@id":"https:\/\/unaymilletras.com\/rauw-alejandro-hara-de-madrid-y-barcelona-una-cosa-nuestra\/#primaryimage"},"thumbnailUrl":"https:\/\/unaymilletras.com\/wp-content\/uploads\/2025\/02\/cc897436-e4c3-a4c6-71fb-d7caa324-scaled-e1738598132492.jpg","articleSection":["M\u00fasica"],"inLanguage":"en-GB"},{"@type":"WebPage","@id":"https:\/\/unaymilletras.com\/rauw-alejandro-hara-de-madrid-y-barcelona-una-cosa-nuestra\/","url":"https:\/\/unaymilletras.com\/rauw-alejandro-hara-de-madrid-y-barcelona-una-cosa-nuestra\/","name":"Rauw Alejandro har\u00e1 de Madrid y Barcelona una Cosa Nuestra","isPartOf":{"@id":"http:\/\/unaymilletras.com\/#website"},"primaryImageOfPage":{"@id":"https:\/\/unaymilletras.com\/rauw-alejandro-hara-de-madrid-y-barcelona-una-cosa-nuestra\/#primaryimage"},"image":{"@id":"https:\/\/unaymilletras.com\/rauw-alejandro-hara-de-madrid-y-barcelona-una-cosa-nuestra\/#primaryimage"},"thumbnailUrl":"https:\/\/unaymilletras.com\/wp-content\/uploads\/2025\/02\/cc897436-e4c3-a4c6-71fb-d7caa324-scaled-e1738598132492.jpg","datePublished":"2025-02-04T12:24:02+00:00","dateModified":"2025-02-04T12:26:38+00:00","description":"El Movistar Arena de Madrid y el Palau Sant Jordi de Barcelona acoger\u00e1n a Rauw Alejandro en julio de 2025 gracias a sus nuevas fechas","breadcrumb":{"@id":"https:\/\/unaymilletras.com\/rauw-alejandro-hara-de-madrid-y-barcelona-una-cosa-nuestra\/#breadcrumb"},"inLanguage":"en-GB","potentialAction":[{"@type":"ReadAction","target":["https:\/\/unaymilletras.com\/rauw-alejandro-hara-de-madrid-y-barcelona-una-cosa-nuestra\/"]}]},{"@type":"ImageObject","inLanguage":"en-GB","@id":"https:\/\/unaymilletras.com\/rauw-alejandro-hara-de-madrid-y-barcelona-una-cosa-nuestra\/#primaryimage","url":"https:\/\/unaymilletras.com\/wp-content\/uploads\/2025\/02\/cc897436-e4c3-a4c6-71fb-d7caa324-scaled-e1738598132492.jpg","contentUrl":"https:\/\/unaymilletras.com\/wp-content\/uploads\/2025\/02\/cc897436-e4c3-a4c6-71fb-d7caa324-scaled-e1738598132492.jpg","width":600,"height":780,"caption":"Rauw Alejandro"},{"@type":"BreadcrumbList","@id":"https:\/\/unaymilletras.com\/rauw-alejandro-hara-de-madrid-y-barcelona-una-cosa-nuestra\/#breadcrumb","itemListElement":[{"@type":"ListItem","position":1,"name":"Home","item":"http:\/\/unaymilletras.com\/"},{"@type":"ListItem","position":2,"name":"Rauw Alejandro har\u00e1 de Madrid y Barcelona una Cosa Nuestra"}]},{"@type":"WebSite","@id":"http:\/\/unaymilletras.com\/#website","url":"http:\/\/unaymilletras.com\/","name":"Una y Mil Letras","description":"","publisher":{"@id":"http:\/\/unaymilletras.com\/#organization"},"potentialAction":[{"@type":"SearchAction","target":{"@type":"EntryPoint","urlTemplate":"http:\/\/unaymilletras.com\/?s={search_term_string}"},"query-input":{"@type":"PropertyValueSpecification","valueRequired":true,"valueName":"search_term_string"}}],"inLanguage":"en-GB"},{"@type":"Organization","@id":"http:\/\/unaymilletras.com\/#organization","name":"Una y Mil Letras","url":"http:\/\/unaymilletras.com\/","logo":{"@type":"ImageObject","inLanguage":"en-GB","@id":"http:\/\/unaymilletras.com\/#\/schema\/logo\/image\/","url":"https:\/\/unaymilletras.com\/wp-content\/uploads\/2024\/06\/cropped-Logo-removebg-preview.png","contentUrl":"https:\/\/unaymilletras.com\/wp-content\/uploads\/2024\/06\/cropped-Logo-removebg-preview.png","width":512,"height":512,"caption":"Una y Mil Letras"},"image":{"@id":"http:\/\/unaymilletras.com\/#\/schema\/logo\/image\/"},"sameAs":["https:\/\/x.com\/UnaYMilLetras","https:\/\/instagram.com\/UnaYMilLetras"]},{"@type":"Person","@id":"http:\/\/unaymilletras.com\/#\/schema\/person\/0860dc8a218329991ee2c7591f4f849d","name":"Redacci\u00f3n","image":{"@type":"ImageObject","inLanguage":"en-GB","@id":"https:\/\/secure.gravatar.com\/avatar\/d8f55e05a8b6597e45c55a1dcbdbfe44f4a360d88b48e00de5216a79b7732796?s=96&d=mm&r=g","url":"https:\/\/secure.gravatar.com\/avatar\/d8f55e05a8b6597e45c55a1dcbdbfe44f4a360d88b48e00de5216a79b7732796?s=96&d=mm&r=g","contentUrl":"https:\/\/secure.gravatar.com\/avatar\/d8f55e05a8b6597e45c55a1dcbdbfe44f4a360d88b48e00de5216a79b7732796?s=96&d=mm&r=g","caption":"Redacci\u00f3n"},"url":"https:\/\/unaymilletras.com\/en\/author\/redaccion\/"}]}},"_links":{"self":[{"href":"https:\/\/unaymilletras.com\/en\/wp-json\/wp\/v2\/posts\/3655","targetHints":{"allow":["GET"]}}],"collection":[{"href":"https:\/\/unaymilletras.com\/en\/wp-json\/wp\/v2\/posts"}],"about":[{"href":"https:\/\/unaymilletras.com\/en\/wp-json\/wp\/v2\/types\/post"}],"author":[{"embeddable":true,"href":"https:\/\/unaymilletras.com\/en\/wp-json\/wp\/v2\/users\/6"}],"replies":[{"embeddable":true,"href":"https:\/\/unaymilletras.com\/en\/wp-json\/wp\/v2\/comments?post=3655"}],"version-history":[{"count":4,"href":"https:\/\/unaymilletras.com\/en\/wp-json\/wp\/v2\/posts\/3655\/revisions"}],"predecessor-version":[{"id":3660,"href":"https:\/\/unaymilletras.com\/en\/wp-json\/wp\/v2\/posts\/3655\/revisions\/3660"}],"wp:featuredmedia":[{"embeddable":true,"href":"https:\/\/unaymilletras.com\/en\/wp-json\/wp\/v2\/media\/3657"}],"wp:attachment":[{"href":"https:\/\/unaymilletras.com\/en\/wp-json\/wp\/v2\/media?parent=3655"}],"wp:term":[{"taxonomy":"category","embeddable":true,"href":"https:\/\/unaymilletras.com\/en\/wp-json\/wp\/v2\/categories?post=3655"},{"taxonomy":"post_tag","embeddable":true,"href":"https:\/\/unaymilletras.com\/en\/wp-json\/wp\/v2\/tags?post=3655"}],"curies":[{"name":"wp","href":"https:\/\/api.w.org\/{rel}","templated":true}]}}