{"id":3661,"date":"2025-02-05T12:09:07","date_gmt":"2025-02-05T11:09:07","guid":{"rendered":"https:\/\/unaymilletras.com\/?p=3661"},"modified":"2025-02-05T12:13:43","modified_gmt":"2025-02-05T11:13:43","slug":"alvaro-diaz-anuncia-sayonara-tour-2025-con-seis-fechas-en-espana","status":"publish","type":"post","link":"https:\/\/unaymilletras.com\/en\/alvaro-diaz-anuncia-sayonara-tour-2025-con-seis-fechas-en-espana\/","title":{"rendered":"\u00c1lvaro D\u00edaz anuncia Sayonara Tour 2025 con seis fechas en Espa\u00f1a"},"content":{"rendered":"<div data-elementor-type=\"wp-post\" data-elementor-id=\"3661\" class=\"elementor elementor-3661\">\n\t\t\t\t\t\t<section class=\"elementor-section elementor-top-section elementor-element elementor-element-ffd403b elementor-section-boxed elementor-section-height-default elementor-section-height-default\" data-id=\"ffd403b\" data-element_type=\"section\" data-e-type=\"section\">\n\t\t\t\t\t\t<div class=\"elementor-container elementor-column-gap-default\">\n\t\t\t\t\t<div class=\"elementor-column elementor-col-100 elementor-top-column elementor-element elementor-element-8f15f65\" data-id=\"8f15f65\" data-element_type=\"column\" data-e-type=\"column\">\n\t\t\t<div class=\"elementor-widget-wrap elementor-element-populated\">\n\t\t\t\t\t\t<div class=\"elementor-element elementor-element-aeb8b25 elementor-widget elementor-widget-text-editor\" data-id=\"aeb8b25\" data-element_type=\"widget\" data-e-type=\"widget\" data-widget_type=\"text-editor.default\">\n\t\t\t\t<div class=\"elementor-widget-container\">\n\t\t\t\t\t\t\t\t\t<h2 style=\"text-align: center;\"><span style=\"color: #808080;\"><em>Tras agotar su primera fecha en el Coliseo de Puerto Rico, \u00c1lvaro D\u00edaz confirma su esperada gira por Europa<\/em><\/span><\/h2>\t\t\t\t\t\t\t\t<\/div>\n\t\t\t\t<\/div>\n\t\t\t\t\t<\/div>\n\t\t<\/div>\n\t\t\t\t\t<\/div>\n\t\t<\/section>\n\t\t\t\t<section class=\"elementor-section elementor-top-section elementor-element elementor-element-47c847c elementor-section-boxed elementor-section-height-default elementor-section-height-default\" data-id=\"47c847c\" data-element_type=\"section\" data-e-type=\"section\">\n\t\t\t\t\t\t<div class=\"elementor-container elementor-column-gap-default\">\n\t\t\t\t\t<div class=\"elementor-column elementor-col-100 elementor-top-column elementor-element elementor-element-e27038e\" data-id=\"e27038e\" data-element_type=\"column\" data-e-type=\"column\">\n\t\t\t<div class=\"elementor-widget-wrap elementor-element-populated\">\n\t\t\t\t\t\t<div class=\"elementor-element elementor-element-05c0731 elementor-widget elementor-widget-text-editor\" data-id=\"05c0731\" data-element_type=\"widget\" data-e-type=\"widget\" data-widget_type=\"text-editor.default\">\n\t\t\t\t<div class=\"elementor-widget-container\">\n\t\t\t\t\t\t\t\t\t<p><b>\u00c1lvaro D\u00edaz<\/b> contin\u00faa con su ascenso imparable en la escena del rap latino y ha anunciado que su <span style=\"color: #808080;\"><a style=\"color: #808080;\" href=\"https:\/\/www.alvarodiaz.com\/tour\/#\/\"><em><b>Sayonara Tour 2025<\/b><\/em><\/a><\/span> llegar\u00e1 a Espa\u00f1a con seis paradas confirmadas. <b>Sevilla<\/b>, <b>M\u00e1laga<\/b>, <b>Valencia<\/b>, <b>Bilbao<\/b>, <b>Madrid<\/b> y <b>Barcelona<\/b> recibir\u00e1n al artista en abril del pr\u00f3ximo a\u00f1o en una gira que promete un despliegue visual y sonoro de primer nivel.<\/p>\t\t\t\t\t\t\t\t<\/div>\n\t\t\t\t<\/div>\n\t\t\t\t\t<\/div>\n\t\t<\/div>\n\t\t\t\t\t<\/div>\n\t\t<\/section>\n\t\t\t\t<section class=\"elementor-section elementor-top-section elementor-element elementor-element-4621205 elementor-section-boxed elementor-section-height-default elementor-section-height-default\" data-id=\"4621205\" data-element_type=\"section\" data-e-type=\"section\">\n\t\t\t\t\t\t<div class=\"elementor-container elementor-column-gap-default\">\n\t\t\t\t\t<div class=\"elementor-column elementor-col-100 elementor-top-column elementor-element elementor-element-9aa8d7b\" data-id=\"9aa8d7b\" data-element_type=\"column\" data-e-type=\"column\">\n\t\t\t<div class=\"elementor-widget-wrap elementor-element-populated\">\n\t\t\t\t\t\t<div class=\"elementor-element elementor-element-7e4dcde elementor-widget elementor-widget-image\" data-id=\"7e4dcde\" data-element_type=\"widget\" data-e-type=\"widget\" data-widget_type=\"image.default\">\n\t\t\t\t<div class=\"elementor-widget-container\">\n\t\t\t\t\t\t\t\t\t\t\t\t\t\t\t<img fetchpriority=\"high\" decoding=\"async\" width=\"640\" height=\"801\" src=\"https:\/\/unaymilletras.com\/wp-content\/uploads\/2025\/02\/1215658_sayonara-tour1-818x1024.jpg\" class=\"attachment-large size-large wp-image-3663\" alt=\"\" srcset=\"https:\/\/unaymilletras.com\/wp-content\/uploads\/2025\/02\/1215658_sayonara-tour1-818x1024.jpg 818w, https:\/\/unaymilletras.com\/wp-content\/uploads\/2025\/02\/1215658_sayonara-tour1-240x300.jpg 240w, https:\/\/unaymilletras.com\/wp-content\/uploads\/2025\/02\/1215658_sayonara-tour1-768x962.jpg 768w, https:\/\/unaymilletras.com\/wp-content\/uploads\/2025\/02\/1215658_sayonara-tour1-1226x1536.jpg 1226w, https:\/\/unaymilletras.com\/wp-content\/uploads\/2025\/02\/1215658_sayonara-tour1-10x12.jpg 10w, https:\/\/unaymilletras.com\/wp-content\/uploads\/2025\/02\/1215658_sayonara-tour1-1024x1282.jpg 1024w, https:\/\/unaymilletras.com\/wp-content\/uploads\/2025\/02\/1215658_sayonara-tour1-e1738753895312.jpg 600w\" sizes=\"(max-width: 640px) 100vw, 640px\" \/>\t\t\t\t\t\t\t\t\t\t\t\t\t\t\t<\/div>\n\t\t\t\t<\/div>\n\t\t\t\t\t<\/div>\n\t\t<\/div>\n\t\t\t\t\t<\/div>\n\t\t<\/section>\n\t\t\t\t<section class=\"elementor-section elementor-top-section elementor-element elementor-element-c5ed331 elementor-section-boxed elementor-section-height-default elementor-section-height-default\" data-id=\"c5ed331\" data-element_type=\"section\" data-e-type=\"section\">\n\t\t\t\t\t\t<div class=\"elementor-container elementor-column-gap-default\">\n\t\t\t\t\t<div class=\"elementor-column elementor-col-100 elementor-top-column elementor-element elementor-element-fef7bff\" data-id=\"fef7bff\" data-element_type=\"column\" data-e-type=\"column\">\n\t\t\t<div class=\"elementor-widget-wrap elementor-element-populated\">\n\t\t\t\t\t\t<div class=\"elementor-element elementor-element-a70414f elementor-widget elementor-widget-text-editor\" data-id=\"a70414f\" data-element_type=\"widget\" data-e-type=\"widget\" data-widget_type=\"text-editor.default\">\n\t\t\t\t<div class=\"elementor-widget-container\">\n\t\t\t\t\t\t\t\t\t<p>El tour, que arrancar\u00e1 el 6 de marzo en Buenos Aires, recorrer\u00e1 10 pa\u00edses de Latinoam\u00e9rica antes de aterrizar en Espa\u00f1a. Despu\u00e9s, D\u00edaz regresar\u00e1 a su Puerto Rico natal para hacer historia con dos conciertos en el Coliseo de San Juan, donde agot\u00f3 la primera fecha en apenas una hora y est\u00e1 a punto de hacer lo mismo con la segunda, acumulando m\u00e1s de 22.000 entradas vendidas.<\/p><p>El \u00e9xito del <em>Sayonara Tour<\/em> es el reflejo del impacto de su segundo \u00e1lbum de estudio, <em>Sayonara<\/em>, un trabajo aclamado por la cr\u00edtica que ha sido nominado dos veces al Latin GRAMMY y ha superado los 800 millones de reproducciones globales. Con certificaciones de oro y platino, el \u00e1lbum ha sido reconocido por <em>Rolling Stone<\/em> como el mejor disco latino del 2024 y ha conseguido la posici\u00f3n m\u00e1s alta para un \u00e1lbum en espa\u00f1ol en la lista de los 100 mejores del a\u00f1o de la revista.<\/p><p>Las entradas para los conciertos de \u00c1lvaro D\u00edaz en <span style=\"color: #808080;\"><a style=\"color: #808080;\" href=\"https:\/\/unaymilletras.com\/en\/quevedo-y-alvaro-diaz-la-colaboracion-que-todos-esperaban\/\">Espa\u00f1a<\/a><\/span> estar\u00e1n disponibles pr\u00f3ximamente. Con un espect\u00e1culo que combina su talento l\u00edrico con una producci\u00f3n audiovisual de vanguardia, el artista promete convertir cada show en una experiencia inolvidable para su p\u00fablico.<\/p>\t\t\t\t\t\t\t\t<\/div>\n\t\t\t\t<\/div>\n\t\t\t\t\t<\/div>\n\t\t<\/div>\n\t\t\t\t\t<\/div>\n\t\t<\/section>\n\t\t\t\t<\/div>","protected":false},"excerpt":{"rendered":"<p>Tras agotar su primera fecha en el Coliseo de Puerto Rico, \u00c1lvaro D\u00edaz confirma su esperada gira por Europa \u00c1lvaro D\u00edaz contin\u00faa con su ascenso imparable en la escena del rap latino y ha anunciado que su Sayonara Tour 2025 llegar\u00e1 a Espa\u00f1a con seis paradas confirmadas. Sevilla, M\u00e1laga, Valencia, Bilbao, Madrid y Barcelona recibir\u00e1n [&hellip;]<\/p>\n","protected":false},"author":6,"featured_media":3663,"comment_status":"closed","ping_status":"closed","sticky":false,"template":"","format":"standard","meta":{"footnotes":""},"categories":[4],"tags":[],"class_list":["post-3661","post","type-post","status-publish","format-standard","has-post-thumbnail","hentry","category-musica"],"yoast_head":"<!-- This site is optimized with the Yoast SEO plugin v27.4 - https:\/\/yoast.com\/product\/yoast-seo-wordpress\/ -->\n<title>\u00c1lvaro D\u00edaz anuncia Sayonara Tour 2025 con seis fechas en Espa\u00f1a<\/title>\n<meta name=\"description\" content=\"El rapero puertorrique\u00f1o \u00c1lvaro D\u00edaz, tras agotar su primera fecha en el Coliseo de Puerto Rico, confirma su esperada gira por Europa\" \/>\n<meta name=\"robots\" content=\"index, follow, max-snippet:-1, max-image-preview:large, max-video-preview:-1\" \/>\n<link rel=\"canonical\" href=\"https:\/\/unaymilletras.com\/en\/alvaro-diaz-anuncia-sayonara-tour-2025-con-seis-fechas-en-espana\/\" \/>\n<meta property=\"og:locale\" content=\"en_GB\" \/>\n<meta property=\"og:type\" content=\"article\" \/>\n<meta property=\"og:title\" content=\"\u00c1lvaro D\u00edaz anuncia Sayonara Tour 2025 con seis fechas en Espa\u00f1a\" \/>\n<meta property=\"og:description\" content=\"El rapero puertorrique\u00f1o \u00c1lvaro D\u00edaz, tras agotar su primera fecha en el Coliseo de Puerto Rico, confirma su esperada gira por Europa\" \/>\n<meta property=\"og:url\" content=\"https:\/\/unaymilletras.com\/en\/alvaro-diaz-anuncia-sayonara-tour-2025-con-seis-fechas-en-espana\/\" \/>\n<meta property=\"og:site_name\" content=\"Una y Mil Letras\" \/>\n<meta property=\"article:published_time\" content=\"2025-02-05T11:09:07+00:00\" \/>\n<meta property=\"article:modified_time\" content=\"2025-02-05T11:13:43+00:00\" \/>\n<meta property=\"og:image\" content=\"http:\/\/unaymilletras.com\/wp-content\/uploads\/2025\/02\/1215658_sayonara-tour1-e1738753895312.jpg\" \/>\n\t<meta property=\"og:image:width\" content=\"600\" \/>\n\t<meta property=\"og:image:height\" content=\"751\" \/>\n\t<meta property=\"og:image:type\" content=\"image\/jpeg\" \/>\n<meta name=\"author\" content=\"Redacci\u00f3n\" \/>\n<meta name=\"twitter:card\" content=\"summary_large_image\" \/>\n<meta name=\"twitter:creator\" content=\"@UnaYMilLetras\" \/>\n<meta name=\"twitter:site\" content=\"@UnaYMilLetras\" \/>\n<meta name=\"twitter:label1\" content=\"Written by\" \/>\n\t<meta name=\"twitter:data1\" content=\"Redacci\u00f3n\" \/>\n\t<meta name=\"twitter:label2\" content=\"Estimated reading time\" \/>\n\t<meta name=\"twitter:data2\" content=\"2 minutes\" \/>\n<script type=\"application\/ld+json\" class=\"yoast-schema-graph\">{\"@context\":\"https:\\\/\\\/schema.org\",\"@graph\":[{\"@type\":\"Article\",\"@id\":\"https:\\\/\\\/unaymilletras.com\\\/alvaro-diaz-anuncia-sayonara-tour-2025-con-seis-fechas-en-espana\\\/#article\",\"isPartOf\":{\"@id\":\"https:\\\/\\\/unaymilletras.com\\\/alvaro-diaz-anuncia-sayonara-tour-2025-con-seis-fechas-en-espana\\\/\"},\"author\":{\"name\":\"Redacci\u00f3n\",\"@id\":\"http:\\\/\\\/unaymilletras.com\\\/#\\\/schema\\\/person\\\/0860dc8a218329991ee2c7591f4f849d\"},\"headline\":\"\u00c1lvaro D\u00edaz anuncia Sayonara Tour 2025 con seis fechas en Espa\u00f1a\",\"datePublished\":\"2025-02-05T11:09:07+00:00\",\"dateModified\":\"2025-02-05T11:13:43+00:00\",\"mainEntityOfPage\":{\"@id\":\"https:\\\/\\\/unaymilletras.com\\\/alvaro-diaz-anuncia-sayonara-tour-2025-con-seis-fechas-en-espana\\\/\"},\"wordCount\":300,\"publisher\":{\"@id\":\"http:\\\/\\\/unaymilletras.com\\\/#organization\"},\"image\":{\"@id\":\"https:\\\/\\\/unaymilletras.com\\\/alvaro-diaz-anuncia-sayonara-tour-2025-con-seis-fechas-en-espana\\\/#primaryimage\"},\"thumbnailUrl\":\"https:\\\/\\\/unaymilletras.com\\\/wp-content\\\/uploads\\\/2025\\\/02\\\/1215658_sayonara-tour1-e1738753895312.jpg\",\"articleSection\":[\"M\u00fasica\"],\"inLanguage\":\"en-GB\"},{\"@type\":\"WebPage\",\"@id\":\"https:\\\/\\\/unaymilletras.com\\\/alvaro-diaz-anuncia-sayonara-tour-2025-con-seis-fechas-en-espana\\\/\",\"url\":\"https:\\\/\\\/unaymilletras.com\\\/alvaro-diaz-anuncia-sayonara-tour-2025-con-seis-fechas-en-espana\\\/\",\"name\":\"\u00c1lvaro D\u00edaz anuncia Sayonara Tour 2025 con seis fechas en Espa\u00f1a\",\"isPartOf\":{\"@id\":\"http:\\\/\\\/unaymilletras.com\\\/#website\"},\"primaryImageOfPage\":{\"@id\":\"https:\\\/\\\/unaymilletras.com\\\/alvaro-diaz-anuncia-sayonara-tour-2025-con-seis-fechas-en-espana\\\/#primaryimage\"},\"image\":{\"@id\":\"https:\\\/\\\/unaymilletras.com\\\/alvaro-diaz-anuncia-sayonara-tour-2025-con-seis-fechas-en-espana\\\/#primaryimage\"},\"thumbnailUrl\":\"https:\\\/\\\/unaymilletras.com\\\/wp-content\\\/uploads\\\/2025\\\/02\\\/1215658_sayonara-tour1-e1738753895312.jpg\",\"datePublished\":\"2025-02-05T11:09:07+00:00\",\"dateModified\":\"2025-02-05T11:13:43+00:00\",\"description\":\"El rapero puertorrique\u00f1o \u00c1lvaro D\u00edaz, tras agotar su primera fecha en el Coliseo de Puerto Rico, confirma su esperada gira por Europa\",\"breadcrumb\":{\"@id\":\"https:\\\/\\\/unaymilletras.com\\\/alvaro-diaz-anuncia-sayonara-tour-2025-con-seis-fechas-en-espana\\\/#breadcrumb\"},\"inLanguage\":\"en-GB\",\"potentialAction\":[{\"@type\":\"ReadAction\",\"target\":[\"https:\\\/\\\/unaymilletras.com\\\/alvaro-diaz-anuncia-sayonara-tour-2025-con-seis-fechas-en-espana\\\/\"]}]},{\"@type\":\"ImageObject\",\"inLanguage\":\"en-GB\",\"@id\":\"https:\\\/\\\/unaymilletras.com\\\/alvaro-diaz-anuncia-sayonara-tour-2025-con-seis-fechas-en-espana\\\/#primaryimage\",\"url\":\"https:\\\/\\\/unaymilletras.com\\\/wp-content\\\/uploads\\\/2025\\\/02\\\/1215658_sayonara-tour1-e1738753895312.jpg\",\"contentUrl\":\"https:\\\/\\\/unaymilletras.com\\\/wp-content\\\/uploads\\\/2025\\\/02\\\/1215658_sayonara-tour1-e1738753895312.jpg\",\"width\":600,\"height\":751},{\"@type\":\"BreadcrumbList\",\"@id\":\"https:\\\/\\\/unaymilletras.com\\\/alvaro-diaz-anuncia-sayonara-tour-2025-con-seis-fechas-en-espana\\\/#breadcrumb\",\"itemListElement\":[{\"@type\":\"ListItem\",\"position\":1,\"name\":\"Home\",\"item\":\"http:\\\/\\\/unaymilletras.com\\\/\"},{\"@type\":\"ListItem\",\"position\":2,\"name\":\"\u00c1lvaro D\u00edaz anuncia Sayonara Tour 2025 con seis fechas en Espa\u00f1a\"}]},{\"@type\":\"WebSite\",\"@id\":\"http:\\\/\\\/unaymilletras.com\\\/#website\",\"url\":\"http:\\\/\\\/unaymilletras.com\\\/\",\"name\":\"Una y Mil Letras\",\"description\":\"\",\"publisher\":{\"@id\":\"http:\\\/\\\/unaymilletras.com\\\/#organization\"},\"potentialAction\":[{\"@type\":\"SearchAction\",\"target\":{\"@type\":\"EntryPoint\",\"urlTemplate\":\"http:\\\/\\\/unaymilletras.com\\\/?s={search_term_string}\"},\"query-input\":{\"@type\":\"PropertyValueSpecification\",\"valueRequired\":true,\"valueName\":\"search_term_string\"}}],\"inLanguage\":\"en-GB\"},{\"@type\":\"Organization\",\"@id\":\"http:\\\/\\\/unaymilletras.com\\\/#organization\",\"name\":\"Una y Mil Letras\",\"url\":\"http:\\\/\\\/unaymilletras.com\\\/\",\"logo\":{\"@type\":\"ImageObject\",\"inLanguage\":\"en-GB\",\"@id\":\"http:\\\/\\\/unaymilletras.com\\\/#\\\/schema\\\/logo\\\/image\\\/\",\"url\":\"https:\\\/\\\/unaymilletras.com\\\/wp-content\\\/uploads\\\/2024\\\/06\\\/cropped-Logo-removebg-preview.png\",\"contentUrl\":\"https:\\\/\\\/unaymilletras.com\\\/wp-content\\\/uploads\\\/2024\\\/06\\\/cropped-Logo-removebg-preview.png\",\"width\":512,\"height\":512,\"caption\":\"Una y Mil Letras\"},\"image\":{\"@id\":\"http:\\\/\\\/unaymilletras.com\\\/#\\\/schema\\\/logo\\\/image\\\/\"},\"sameAs\":[\"https:\\\/\\\/x.com\\\/UnaYMilLetras\",\"https:\\\/\\\/instagram.com\\\/UnaYMilLetras\"]},{\"@type\":\"Person\",\"@id\":\"http:\\\/\\\/unaymilletras.com\\\/#\\\/schema\\\/person\\\/0860dc8a218329991ee2c7591f4f849d\",\"name\":\"Redacci\u00f3n\",\"image\":{\"@type\":\"ImageObject\",\"inLanguage\":\"en-GB\",\"@id\":\"https:\\\/\\\/secure.gravatar.com\\\/avatar\\\/d8f55e05a8b6597e45c55a1dcbdbfe44f4a360d88b48e00de5216a79b7732796?s=96&d=mm&r=g\",\"url\":\"https:\\\/\\\/secure.gravatar.com\\\/avatar\\\/d8f55e05a8b6597e45c55a1dcbdbfe44f4a360d88b48e00de5216a79b7732796?s=96&d=mm&r=g\",\"contentUrl\":\"https:\\\/\\\/secure.gravatar.com\\\/avatar\\\/d8f55e05a8b6597e45c55a1dcbdbfe44f4a360d88b48e00de5216a79b7732796?s=96&d=mm&r=g\",\"caption\":\"Redacci\u00f3n\"},\"url\":\"https:\\\/\\\/unaymilletras.com\\\/en\\\/author\\\/redaccion\\\/\"}]}<\/script>\n<!-- \/ Yoast SEO plugin. -->","yoast_head_json":{"title":"\u00c1lvaro D\u00edaz anuncia Sayonara Tour 2025 con seis fechas en Espa\u00f1a","description":"El rapero puertorrique\u00f1o \u00c1lvaro D\u00edaz, tras agotar su primera fecha en el Coliseo de Puerto Rico, confirma su esperada gira por Europa","robots":{"index":"index","follow":"follow","max-snippet":"max-snippet:-1","max-image-preview":"max-image-preview:large","max-video-preview":"max-video-preview:-1"},"canonical":"https:\/\/unaymilletras.com\/en\/alvaro-diaz-anuncia-sayonara-tour-2025-con-seis-fechas-en-espana\/","og_locale":"en_GB","og_type":"article","og_title":"\u00c1lvaro D\u00edaz anuncia Sayonara Tour 2025 con seis fechas en Espa\u00f1a","og_description":"El rapero puertorrique\u00f1o \u00c1lvaro D\u00edaz, tras agotar su primera fecha en el Coliseo de Puerto Rico, confirma su esperada gira por Europa","og_url":"https:\/\/unaymilletras.com\/en\/alvaro-diaz-anuncia-sayonara-tour-2025-con-seis-fechas-en-espana\/","og_site_name":"Una y Mil Letras","article_published_time":"2025-02-05T11:09:07+00:00","article_modified_time":"2025-02-05T11:13:43+00:00","og_image":[{"width":600,"height":751,"url":"http:\/\/unaymilletras.com\/wp-content\/uploads\/2025\/02\/1215658_sayonara-tour1-e1738753895312.jpg","type":"image\/jpeg"}],"author":"Redacci\u00f3n","twitter_card":"summary_large_image","twitter_creator":"@UnaYMilLetras","twitter_site":"@UnaYMilLetras","twitter_misc":{"Written by":"Redacci\u00f3n","Estimated reading time":"2 minutes"},"schema":{"@context":"https:\/\/schema.org","@graph":[{"@type":"Article","@id":"https:\/\/unaymilletras.com\/alvaro-diaz-anuncia-sayonara-tour-2025-con-seis-fechas-en-espana\/#article","isPartOf":{"@id":"https:\/\/unaymilletras.com\/alvaro-diaz-anuncia-sayonara-tour-2025-con-seis-fechas-en-espana\/"},"author":{"name":"Redacci\u00f3n","@id":"http:\/\/unaymilletras.com\/#\/schema\/person\/0860dc8a218329991ee2c7591f4f849d"},"headline":"\u00c1lvaro D\u00edaz anuncia Sayonara Tour 2025 con seis fechas en Espa\u00f1a","datePublished":"2025-02-05T11:09:07+00:00","dateModified":"2025-02-05T11:13:43+00:00","mainEntityOfPage":{"@id":"https:\/\/unaymilletras.com\/alvaro-diaz-anuncia-sayonara-tour-2025-con-seis-fechas-en-espana\/"},"wordCount":300,"publisher":{"@id":"http:\/\/unaymilletras.com\/#organization"},"image":{"@id":"https:\/\/unaymilletras.com\/alvaro-diaz-anuncia-sayonara-tour-2025-con-seis-fechas-en-espana\/#primaryimage"},"thumbnailUrl":"https:\/\/unaymilletras.com\/wp-content\/uploads\/2025\/02\/1215658_sayonara-tour1-e1738753895312.jpg","articleSection":["M\u00fasica"],"inLanguage":"en-GB"},{"@type":"WebPage","@id":"https:\/\/unaymilletras.com\/alvaro-diaz-anuncia-sayonara-tour-2025-con-seis-fechas-en-espana\/","url":"https:\/\/unaymilletras.com\/alvaro-diaz-anuncia-sayonara-tour-2025-con-seis-fechas-en-espana\/","name":"\u00c1lvaro D\u00edaz anuncia Sayonara Tour 2025 con seis fechas en Espa\u00f1a","isPartOf":{"@id":"http:\/\/unaymilletras.com\/#website"},"primaryImageOfPage":{"@id":"https:\/\/unaymilletras.com\/alvaro-diaz-anuncia-sayonara-tour-2025-con-seis-fechas-en-espana\/#primaryimage"},"image":{"@id":"https:\/\/unaymilletras.com\/alvaro-diaz-anuncia-sayonara-tour-2025-con-seis-fechas-en-espana\/#primaryimage"},"thumbnailUrl":"https:\/\/unaymilletras.com\/wp-content\/uploads\/2025\/02\/1215658_sayonara-tour1-e1738753895312.jpg","datePublished":"2025-02-05T11:09:07+00:00","dateModified":"2025-02-05T11:13:43+00:00","description":"El rapero puertorrique\u00f1o \u00c1lvaro D\u00edaz, tras agotar su primera fecha en el Coliseo de Puerto Rico, confirma su esperada gira por Europa","breadcrumb":{"@id":"https:\/\/unaymilletras.com\/alvaro-diaz-anuncia-sayonara-tour-2025-con-seis-fechas-en-espana\/#breadcrumb"},"inLanguage":"en-GB","potentialAction":[{"@type":"ReadAction","target":["https:\/\/unaymilletras.com\/alvaro-diaz-anuncia-sayonara-tour-2025-con-seis-fechas-en-espana\/"]}]},{"@type":"ImageObject","inLanguage":"en-GB","@id":"https:\/\/unaymilletras.com\/alvaro-diaz-anuncia-sayonara-tour-2025-con-seis-fechas-en-espana\/#primaryimage","url":"https:\/\/unaymilletras.com\/wp-content\/uploads\/2025\/02\/1215658_sayonara-tour1-e1738753895312.jpg","contentUrl":"https:\/\/unaymilletras.com\/wp-content\/uploads\/2025\/02\/1215658_sayonara-tour1-e1738753895312.jpg","width":600,"height":751},{"@type":"BreadcrumbList","@id":"https:\/\/unaymilletras.com\/alvaro-diaz-anuncia-sayonara-tour-2025-con-seis-fechas-en-espana\/#breadcrumb","itemListElement":[{"@type":"ListItem","position":1,"name":"Home","item":"http:\/\/unaymilletras.com\/"},{"@type":"ListItem","position":2,"name":"\u00c1lvaro D\u00edaz anuncia Sayonara Tour 2025 con seis fechas en Espa\u00f1a"}]},{"@type":"WebSite","@id":"http:\/\/unaymilletras.com\/#website","url":"http:\/\/unaymilletras.com\/","name":"Una y Mil Letras","description":"","publisher":{"@id":"http:\/\/unaymilletras.com\/#organization"},"potentialAction":[{"@type":"SearchAction","target":{"@type":"EntryPoint","urlTemplate":"http:\/\/unaymilletras.com\/?s={search_term_string}"},"query-input":{"@type":"PropertyValueSpecification","valueRequired":true,"valueName":"search_term_string"}}],"inLanguage":"en-GB"},{"@type":"Organization","@id":"http:\/\/unaymilletras.com\/#organization","name":"Una y Mil Letras","url":"http:\/\/unaymilletras.com\/","logo":{"@type":"ImageObject","inLanguage":"en-GB","@id":"http:\/\/unaymilletras.com\/#\/schema\/logo\/image\/","url":"https:\/\/unaymilletras.com\/wp-content\/uploads\/2024\/06\/cropped-Logo-removebg-preview.png","contentUrl":"https:\/\/unaymilletras.com\/wp-content\/uploads\/2024\/06\/cropped-Logo-removebg-preview.png","width":512,"height":512,"caption":"Una y Mil Letras"},"image":{"@id":"http:\/\/unaymilletras.com\/#\/schema\/logo\/image\/"},"sameAs":["https:\/\/x.com\/UnaYMilLetras","https:\/\/instagram.com\/UnaYMilLetras"]},{"@type":"Person","@id":"http:\/\/unaymilletras.com\/#\/schema\/person\/0860dc8a218329991ee2c7591f4f849d","name":"Redacci\u00f3n","image":{"@type":"ImageObject","inLanguage":"en-GB","@id":"https:\/\/secure.gravatar.com\/avatar\/d8f55e05a8b6597e45c55a1dcbdbfe44f4a360d88b48e00de5216a79b7732796?s=96&d=mm&r=g","url":"https:\/\/secure.gravatar.com\/avatar\/d8f55e05a8b6597e45c55a1dcbdbfe44f4a360d88b48e00de5216a79b7732796?s=96&d=mm&r=g","contentUrl":"https:\/\/secure.gravatar.com\/avatar\/d8f55e05a8b6597e45c55a1dcbdbfe44f4a360d88b48e00de5216a79b7732796?s=96&d=mm&r=g","caption":"Redacci\u00f3n"},"url":"https:\/\/unaymilletras.com\/en\/author\/redaccion\/"}]}},"_links":{"self":[{"href":"https:\/\/unaymilletras.com\/en\/wp-json\/wp\/v2\/posts\/3661","targetHints":{"allow":["GET"]}}],"collection":[{"href":"https:\/\/unaymilletras.com\/en\/wp-json\/wp\/v2\/posts"}],"about":[{"href":"https:\/\/unaymilletras.com\/en\/wp-json\/wp\/v2\/types\/post"}],"author":[{"embeddable":true,"href":"https:\/\/unaymilletras.com\/en\/wp-json\/wp\/v2\/users\/6"}],"replies":[{"embeddable":true,"href":"https:\/\/unaymilletras.com\/en\/wp-json\/wp\/v2\/comments?post=3661"}],"version-history":[{"count":7,"href":"https:\/\/unaymilletras.com\/en\/wp-json\/wp\/v2\/posts\/3661\/revisions"}],"predecessor-version":[{"id":3669,"href":"https:\/\/unaymilletras.com\/en\/wp-json\/wp\/v2\/posts\/3661\/revisions\/3669"}],"wp:featuredmedia":[{"embeddable":true,"href":"https:\/\/unaymilletras.com\/en\/wp-json\/wp\/v2\/media\/3663"}],"wp:attachment":[{"href":"https:\/\/unaymilletras.com\/en\/wp-json\/wp\/v2\/media?parent=3661"}],"wp:term":[{"taxonomy":"category","embeddable":true,"href":"https:\/\/unaymilletras.com\/en\/wp-json\/wp\/v2\/categories?post=3661"},{"taxonomy":"post_tag","embeddable":true,"href":"https:\/\/unaymilletras.com\/en\/wp-json\/wp\/v2\/tags?post=3661"}],"curies":[{"name":"wp","href":"https:\/\/api.w.org\/{rel}","templated":true}]}}