{"id":3670,"date":"2025-02-07T14:19:02","date_gmt":"2025-02-07T13:19:02","guid":{"rendered":"https:\/\/unaymilletras.com\/?p=3670"},"modified":"2025-02-07T14:33:41","modified_gmt":"2025-02-07T13:33:41","slug":"alejo-cambia-de-etapa-con-aprovechalo-y-se-prepara-para-su-gira","status":"publish","type":"post","link":"https:\/\/unaymilletras.com\/en\/alejo-cambia-de-etapa-con-aprovechalo-y-se-prepara-para-su-gira\/","title":{"rendered":"ALEJO cambia de etapa con \u00abAPROV\u00c9CHALO\u00bb y se prepara para su gira"},"content":{"rendered":"\t\t<div data-elementor-type=\"wp-post\" data-elementor-id=\"3670\" class=\"elementor elementor-3670\">\n\t\t\t\t\t\t<section class=\"elementor-section elementor-top-section elementor-element elementor-element-2261c53 elementor-section-boxed elementor-section-height-default elementor-section-height-default\" data-id=\"2261c53\" data-element_type=\"section\" data-e-type=\"section\">\n\t\t\t\t\t\t<div class=\"elementor-container elementor-column-gap-default\">\n\t\t\t\t\t<div class=\"elementor-column elementor-col-100 elementor-top-column elementor-element elementor-element-14ed603\" data-id=\"14ed603\" data-element_type=\"column\" data-e-type=\"column\">\n\t\t\t<div class=\"elementor-widget-wrap elementor-element-populated\">\n\t\t\t\t\t\t<div class=\"elementor-element elementor-element-1e76ca0 elementor-widget elementor-widget-text-editor\" data-id=\"1e76ca0\" data-element_type=\"widget\" data-e-type=\"widget\" data-widget_type=\"text-editor.default\">\n\t\t\t\t<div class=\"elementor-widget-container\">\n\t\t\t\t\t\t\t\t\t<h2 style=\"text-align: center;\"><span style=\"color: #808080;\"><em>El artista puertorrique\u00f1o ALEJO lanza su primer sencillo de 2025 y agot\u00f3 entradas en Madrid y Barcelona<\/em><\/span><\/h2>\t\t\t\t\t\t\t\t<\/div>\n\t\t\t\t<\/div>\n\t\t\t\t\t<\/div>\n\t\t<\/div>\n\t\t\t\t\t<\/div>\n\t\t<\/section>\n\t\t\t\t<section class=\"elementor-section elementor-top-section elementor-element elementor-element-b4d1a9d elementor-section-boxed elementor-section-height-default elementor-section-height-default\" data-id=\"b4d1a9d\" data-element_type=\"section\" data-e-type=\"section\">\n\t\t\t\t\t\t<div class=\"elementor-container elementor-column-gap-default\">\n\t\t\t\t\t<div class=\"elementor-column elementor-col-100 elementor-top-column elementor-element elementor-element-50602fd\" data-id=\"50602fd\" data-element_type=\"column\" data-e-type=\"column\">\n\t\t\t<div class=\"elementor-widget-wrap elementor-element-populated\">\n\t\t\t\t\t\t<div class=\"elementor-element elementor-element-e4459db elementor-widget elementor-widget-text-editor\" data-id=\"e4459db\" data-element_type=\"widget\" data-e-type=\"widget\" data-widget_type=\"text-editor.default\">\n\t\t\t\t<div class=\"elementor-widget-container\">\n\t\t\t\t\t\t\t\t\t<p><b>ALEJO<\/b> arranca el a\u00f1o con fuerza con el lanzamiento de <i><b>Aprov\u00e9chalo<\/b><\/i>, su primer sencillo de 2025, que marca el inicio de una nueva era en su carrera. La canci\u00f3n, producida por Huertas y B\u00e1ez, rinde homenaje a Wisin y Yandel, incluyendo un sample de uno de sus cl\u00e1sicos, y representa una evoluci\u00f3n en su sonido.<\/p>\t\t\t\t\t\t\t\t<\/div>\n\t\t\t\t<\/div>\n\t\t\t\t\t<\/div>\n\t\t<\/div>\n\t\t\t\t\t<\/div>\n\t\t<\/section>\n\t\t\t\t<section class=\"elementor-section elementor-top-section elementor-element elementor-element-29d2834 elementor-section-boxed elementor-section-height-default elementor-section-height-default\" data-id=\"29d2834\" data-element_type=\"section\" data-e-type=\"section\">\n\t\t\t\t\t\t<div class=\"elementor-container elementor-column-gap-default\">\n\t\t\t\t\t<div class=\"elementor-column elementor-col-50 elementor-top-column elementor-element elementor-element-e230925\" data-id=\"e230925\" data-element_type=\"column\" data-e-type=\"column\">\n\t\t\t<div class=\"elementor-widget-wrap elementor-element-populated\">\n\t\t\t\t\t\t<div class=\"elementor-element elementor-element-4f3006d elementor-widget elementor-widget-image\" data-id=\"4f3006d\" data-element_type=\"widget\" data-e-type=\"widget\" data-widget_type=\"image.default\">\n\t\t\t\t<div class=\"elementor-widget-container\">\n\t\t\t\t\t\t\t\t\t\t\t\t\t\t\t<img fetchpriority=\"high\" decoding=\"async\" width=\"640\" height=\"640\" src=\"https:\/\/unaymilletras.com\/wp-content\/uploads\/2025\/02\/COVER-1024x1024.jpg\" class=\"attachment-large size-large wp-image-3672\" alt=\"aLEJO\" srcset=\"https:\/\/unaymilletras.com\/wp-content\/uploads\/2025\/02\/COVER-1024x1024.jpg 1024w, https:\/\/unaymilletras.com\/wp-content\/uploads\/2025\/02\/COVER-300x300.jpg 300w, https:\/\/unaymilletras.com\/wp-content\/uploads\/2025\/02\/COVER-150x150.jpg 150w, https:\/\/unaymilletras.com\/wp-content\/uploads\/2025\/02\/COVER-768x768.jpg 768w, https:\/\/unaymilletras.com\/wp-content\/uploads\/2025\/02\/COVER-1536x1536.jpg 1536w, https:\/\/unaymilletras.com\/wp-content\/uploads\/2025\/02\/COVER-2048x2048.jpg 2048w, https:\/\/unaymilletras.com\/wp-content\/uploads\/2025\/02\/COVER-12x12.jpg 12w, https:\/\/unaymilletras.com\/wp-content\/uploads\/2025\/02\/COVER-scaled-e1738934052878.jpg 600w\" sizes=\"(max-width: 640px) 100vw, 640px\" \/>\t\t\t\t\t\t\t\t\t\t\t\t\t\t\t<\/div>\n\t\t\t\t<\/div>\n\t\t\t\t\t<\/div>\n\t\t<\/div>\n\t\t\t\t<div class=\"elementor-column elementor-col-50 elementor-top-column elementor-element elementor-element-2e40487\" data-id=\"2e40487\" data-element_type=\"column\" data-e-type=\"column\">\n\t\t\t<div class=\"elementor-widget-wrap elementor-element-populated\">\n\t\t\t\t\t\t<div class=\"elementor-element elementor-element-ce1e6c2 elementor-widget elementor-widget-image\" data-id=\"ce1e6c2\" data-element_type=\"widget\" data-e-type=\"widget\" data-widget_type=\"image.default\">\n\t\t\t\t<div class=\"elementor-widget-container\">\n\t\t\t\t\t\t\t\t\t\t\t\t\t\t\t<img decoding=\"async\" width=\"640\" height=\"960\" src=\"https:\/\/unaymilletras.com\/wp-content\/uploads\/2025\/02\/ALEJO-3-683x1024.jpg\" class=\"attachment-large size-large wp-image-3673\" alt=\"Alejo\" srcset=\"https:\/\/unaymilletras.com\/wp-content\/uploads\/2025\/02\/ALEJO-3-683x1024.jpg 683w, https:\/\/unaymilletras.com\/wp-content\/uploads\/2025\/02\/ALEJO-3-200x300.jpg 200w, https:\/\/unaymilletras.com\/wp-content\/uploads\/2025\/02\/ALEJO-3-768x1151.jpg 768w, https:\/\/unaymilletras.com\/wp-content\/uploads\/2025\/02\/ALEJO-3-1025x1536.jpg 1025w, https:\/\/unaymilletras.com\/wp-content\/uploads\/2025\/02\/ALEJO-3-1366x2048.jpg 1366w, https:\/\/unaymilletras.com\/wp-content\/uploads\/2025\/02\/ALEJO-3-8x12.jpg 8w, https:\/\/unaymilletras.com\/wp-content\/uploads\/2025\/02\/ALEJO-3-1024x1535.jpg 1024w, https:\/\/unaymilletras.com\/wp-content\/uploads\/2025\/02\/ALEJO-3-scaled-e1738934274951.jpg 600w\" sizes=\"(max-width: 640px) 100vw, 640px\" \/>\t\t\t\t\t\t\t\t\t\t\t\t\t\t\t<\/div>\n\t\t\t\t<\/div>\n\t\t\t\t\t<\/div>\n\t\t<\/div>\n\t\t\t\t\t<\/div>\n\t\t<\/section>\n\t\t\t\t<section class=\"elementor-section elementor-top-section elementor-element elementor-element-91475eb elementor-section-boxed elementor-section-height-default elementor-section-height-default\" data-id=\"91475eb\" data-element_type=\"section\" data-e-type=\"section\">\n\t\t\t\t\t\t<div class=\"elementor-container elementor-column-gap-default\">\n\t\t\t\t\t<div class=\"elementor-column elementor-col-100 elementor-top-column elementor-element elementor-element-d568ed2\" data-id=\"d568ed2\" data-element_type=\"column\" data-e-type=\"column\">\n\t\t\t<div class=\"elementor-widget-wrap elementor-element-populated\">\n\t\t\t\t\t\t<div class=\"elementor-element elementor-element-c919d33 elementor-widget elementor-widget-text-editor\" data-id=\"c919d33\" data-element_type=\"widget\" data-e-type=\"widget\" data-widget_type=\"text-editor.default\">\n\t\t\t\t<div class=\"elementor-widget-container\">\n\t\t\t\t\t\t\t\t\t<div class=\"flex max-w-full flex-col flex-grow\"><div class=\"min-h-8 text-message flex w-full flex-col items-end gap-2 whitespace-normal break-words text-start [.text-message+&amp;]:mt-5\" dir=\"auto\" data-message-author-role=\"assistant\" data-message-id=\"394ccd27-8653-47be-ae18-bfe36e5bdb42\" data-message-model-slug=\"gpt-4o\"><div class=\"flex w-full flex-col gap-1 empty:hidden first:pt-[3px]\"><div class=\"markdown prose w-full break-words dark:prose-invert light\"><p>Este estreno es solo el comienzo de una fase caracterizada por lanzamientos mensuales que desembocar\u00e1n en su cuarto \u00e1lbum de estudio, con el agua como elemento clave en sus visuales. \u00abEstoy sentando las bases de lo que est\u00e1 por venir\u00bb, coment\u00f3 ALEJO, quien en 2024 lanz\u00f3 dos discos y ahora se enfocar\u00e1 en sencillos mientras termina su pr\u00f3ximo \u00e1lbum.<\/p><p>El artista, una de las grandes promesas del reggaet\u00f3n, regresa a Espa\u00f1a con una gira que comenzar\u00e1 el 20 de febrero y pasar\u00e1 por Barcelona, Sevilla, Alicante, Madrid y Valencia. Las entradas para sus conciertos en la Sala Apolo 2 de Barcelona y en la Sala Chang\u00f3 de Madrid ya est\u00e1n agotadas.<\/p><p>En 2024, ALEJO logr\u00f3 importantes hitos, llenando salas en Espa\u00f1a y recorriendo el circuito de <span style=\"color: #808080;\"><a style=\"color: #808080;\" href=\"https:\/\/unaymilletras.com\/boombastic-asturias-segundo-avance-y-revelacion-de-dias\/\">festivales<\/a><\/span> de verano con una gira de 15 fechas. Su segundo \u00e1lbum, <em>En Esta Nos Fuimos Lejos<\/em>, ya supera los 41 millones de reproducciones. Ahora, con una carrera en ascenso y un sonido m\u00e1s arriesgado, el puertorrique\u00f1o se consolida como una de las figuras m\u00e1s prometedoras del g\u00e9nero.<\/p><\/div><\/div><\/div><\/div>\t\t\t\t\t\t\t\t<\/div>\n\t\t\t\t<\/div>\n\t\t\t\t\t<\/div>\n\t\t<\/div>\n\t\t\t\t\t<\/div>\n\t\t<\/section>\n\t\t\t\t<\/div>\n\t\t","protected":false},"excerpt":{"rendered":"<p>El artista puertorrique\u00f1o ALEJO lanza su primer sencillo de 2025 y agot\u00f3 entradas en Madrid y Barcelona ALEJO arranca el a\u00f1o con fuerza con el lanzamiento de Aprov\u00e9chalo, su primer sencillo de 2025, que marca el inicio de una nueva era en su carrera. La canci\u00f3n, producida por Huertas y B\u00e1ez, rinde homenaje a Wisin [&hellip;]<\/p>\n","protected":false},"author":6,"featured_media":3672,"comment_status":"closed","ping_status":"closed","sticky":false,"template":"","format":"standard","meta":{"footnotes":""},"categories":[4],"tags":[],"class_list":["post-3670","post","type-post","status-publish","format-standard","has-post-thumbnail","hentry","category-musica"],"yoast_head":"<!-- This site is optimized with the Yoast SEO plugin v27.4 - https:\/\/yoast.com\/product\/yoast-seo-wordpress\/ -->\n<title>ALEJO cambia de etapa con &quot;APROV\u00c9CHALO&quot; y se prepara para su gira<\/title>\n<meta name=\"description\" content=\"El artista puertorrique\u00f1o Alejo lanza su primer sencillo de 2025 con el que cambia de etapa y agota entradas en Madrid y Barcelona\" \/>\n<meta name=\"robots\" content=\"index, follow, max-snippet:-1, max-image-preview:large, max-video-preview:-1\" \/>\n<link rel=\"canonical\" href=\"https:\/\/unaymilletras.com\/en\/alejo-cambia-de-etapa-con-aprovechalo-y-se-prepara-para-su-gira\/\" \/>\n<meta property=\"og:locale\" content=\"en_GB\" \/>\n<meta property=\"og:type\" content=\"article\" \/>\n<meta property=\"og:title\" content=\"ALEJO cambia de etapa con &quot;APROV\u00c9CHALO&quot; y se prepara para su gira\" \/>\n<meta property=\"og:description\" content=\"El artista puertorrique\u00f1o Alejo lanza su primer sencillo de 2025 con el que cambia de etapa y agota entradas en Madrid y Barcelona\" \/>\n<meta property=\"og:url\" content=\"https:\/\/unaymilletras.com\/en\/alejo-cambia-de-etapa-con-aprovechalo-y-se-prepara-para-su-gira\/\" \/>\n<meta property=\"og:site_name\" content=\"Una y Mil Letras\" \/>\n<meta property=\"article:published_time\" content=\"2025-02-07T13:19:02+00:00\" \/>\n<meta property=\"article:modified_time\" content=\"2025-02-07T13:33:41+00:00\" \/>\n<meta property=\"og:image\" content=\"http:\/\/unaymilletras.com\/wp-content\/uploads\/2025\/02\/COVER-scaled-e1738934052878.jpg\" \/>\n\t<meta property=\"og:image:width\" content=\"600\" \/>\n\t<meta property=\"og:image:height\" content=\"600\" \/>\n\t<meta property=\"og:image:type\" content=\"image\/jpeg\" \/>\n<meta name=\"author\" content=\"Redacci\u00f3n\" \/>\n<meta name=\"twitter:card\" content=\"summary_large_image\" \/>\n<meta name=\"twitter:creator\" content=\"@UnaYMilLetras\" \/>\n<meta name=\"twitter:site\" content=\"@UnaYMilLetras\" \/>\n<meta name=\"twitter:label1\" content=\"Written by\" \/>\n\t<meta name=\"twitter:data1\" content=\"Redacci\u00f3n\" \/>\n\t<meta name=\"twitter:label2\" content=\"Estimated reading time\" \/>\n\t<meta name=\"twitter:data2\" content=\"2 minutes\" \/>\n<script type=\"application\/ld+json\" class=\"yoast-schema-graph\">{\"@context\":\"https:\\\/\\\/schema.org\",\"@graph\":[{\"@type\":\"Article\",\"@id\":\"https:\\\/\\\/unaymilletras.com\\\/alejo-cambia-de-etapa-con-aprovechalo-y-se-prepara-para-su-gira\\\/#article\",\"isPartOf\":{\"@id\":\"https:\\\/\\\/unaymilletras.com\\\/alejo-cambia-de-etapa-con-aprovechalo-y-se-prepara-para-su-gira\\\/\"},\"author\":{\"name\":\"Redacci\u00f3n\",\"@id\":\"http:\\\/\\\/unaymilletras.com\\\/#\\\/schema\\\/person\\\/0860dc8a218329991ee2c7591f4f849d\"},\"headline\":\"ALEJO cambia de etapa con \u00abAPROV\u00c9CHALO\u00bb y se prepara para su gira\",\"datePublished\":\"2025-02-07T13:19:02+00:00\",\"dateModified\":\"2025-02-07T13:33:41+00:00\",\"mainEntityOfPage\":{\"@id\":\"https:\\\/\\\/unaymilletras.com\\\/alejo-cambia-de-etapa-con-aprovechalo-y-se-prepara-para-su-gira\\\/\"},\"wordCount\":268,\"publisher\":{\"@id\":\"http:\\\/\\\/unaymilletras.com\\\/#organization\"},\"image\":{\"@id\":\"https:\\\/\\\/unaymilletras.com\\\/alejo-cambia-de-etapa-con-aprovechalo-y-se-prepara-para-su-gira\\\/#primaryimage\"},\"thumbnailUrl\":\"https:\\\/\\\/unaymilletras.com\\\/wp-content\\\/uploads\\\/2025\\\/02\\\/COVER-scaled-e1738934052878.jpg\",\"articleSection\":[\"M\u00fasica\"],\"inLanguage\":\"en-GB\"},{\"@type\":\"WebPage\",\"@id\":\"https:\\\/\\\/unaymilletras.com\\\/alejo-cambia-de-etapa-con-aprovechalo-y-se-prepara-para-su-gira\\\/\",\"url\":\"https:\\\/\\\/unaymilletras.com\\\/alejo-cambia-de-etapa-con-aprovechalo-y-se-prepara-para-su-gira\\\/\",\"name\":\"ALEJO cambia de etapa con \\\"APROV\u00c9CHALO\\\" y se prepara para su gira\",\"isPartOf\":{\"@id\":\"http:\\\/\\\/unaymilletras.com\\\/#website\"},\"primaryImageOfPage\":{\"@id\":\"https:\\\/\\\/unaymilletras.com\\\/alejo-cambia-de-etapa-con-aprovechalo-y-se-prepara-para-su-gira\\\/#primaryimage\"},\"image\":{\"@id\":\"https:\\\/\\\/unaymilletras.com\\\/alejo-cambia-de-etapa-con-aprovechalo-y-se-prepara-para-su-gira\\\/#primaryimage\"},\"thumbnailUrl\":\"https:\\\/\\\/unaymilletras.com\\\/wp-content\\\/uploads\\\/2025\\\/02\\\/COVER-scaled-e1738934052878.jpg\",\"datePublished\":\"2025-02-07T13:19:02+00:00\",\"dateModified\":\"2025-02-07T13:33:41+00:00\",\"description\":\"El artista puertorrique\u00f1o Alejo lanza su primer sencillo de 2025 con el que cambia de etapa y agota entradas en Madrid y Barcelona\",\"breadcrumb\":{\"@id\":\"https:\\\/\\\/unaymilletras.com\\\/alejo-cambia-de-etapa-con-aprovechalo-y-se-prepara-para-su-gira\\\/#breadcrumb\"},\"inLanguage\":\"en-GB\",\"potentialAction\":[{\"@type\":\"ReadAction\",\"target\":[\"https:\\\/\\\/unaymilletras.com\\\/alejo-cambia-de-etapa-con-aprovechalo-y-se-prepara-para-su-gira\\\/\"]}]},{\"@type\":\"ImageObject\",\"inLanguage\":\"en-GB\",\"@id\":\"https:\\\/\\\/unaymilletras.com\\\/alejo-cambia-de-etapa-con-aprovechalo-y-se-prepara-para-su-gira\\\/#primaryimage\",\"url\":\"https:\\\/\\\/unaymilletras.com\\\/wp-content\\\/uploads\\\/2025\\\/02\\\/COVER-scaled-e1738934052878.jpg\",\"contentUrl\":\"https:\\\/\\\/unaymilletras.com\\\/wp-content\\\/uploads\\\/2025\\\/02\\\/COVER-scaled-e1738934052878.jpg\",\"width\":600,\"height\":600,\"caption\":\"aLEJO\"},{\"@type\":\"BreadcrumbList\",\"@id\":\"https:\\\/\\\/unaymilletras.com\\\/alejo-cambia-de-etapa-con-aprovechalo-y-se-prepara-para-su-gira\\\/#breadcrumb\",\"itemListElement\":[{\"@type\":\"ListItem\",\"position\":1,\"name\":\"Home\",\"item\":\"http:\\\/\\\/unaymilletras.com\\\/\"},{\"@type\":\"ListItem\",\"position\":2,\"name\":\"ALEJO cambia de etapa con \u00abAPROV\u00c9CHALO\u00bb y se prepara para su gira\"}]},{\"@type\":\"WebSite\",\"@id\":\"http:\\\/\\\/unaymilletras.com\\\/#website\",\"url\":\"http:\\\/\\\/unaymilletras.com\\\/\",\"name\":\"Una y Mil Letras\",\"description\":\"\",\"publisher\":{\"@id\":\"http:\\\/\\\/unaymilletras.com\\\/#organization\"},\"potentialAction\":[{\"@type\":\"SearchAction\",\"target\":{\"@type\":\"EntryPoint\",\"urlTemplate\":\"http:\\\/\\\/unaymilletras.com\\\/?s={search_term_string}\"},\"query-input\":{\"@type\":\"PropertyValueSpecification\",\"valueRequired\":true,\"valueName\":\"search_term_string\"}}],\"inLanguage\":\"en-GB\"},{\"@type\":\"Organization\",\"@id\":\"http:\\\/\\\/unaymilletras.com\\\/#organization\",\"name\":\"Una y Mil Letras\",\"url\":\"http:\\\/\\\/unaymilletras.com\\\/\",\"logo\":{\"@type\":\"ImageObject\",\"inLanguage\":\"en-GB\",\"@id\":\"http:\\\/\\\/unaymilletras.com\\\/#\\\/schema\\\/logo\\\/image\\\/\",\"url\":\"https:\\\/\\\/unaymilletras.com\\\/wp-content\\\/uploads\\\/2024\\\/06\\\/cropped-Logo-removebg-preview.png\",\"contentUrl\":\"https:\\\/\\\/unaymilletras.com\\\/wp-content\\\/uploads\\\/2024\\\/06\\\/cropped-Logo-removebg-preview.png\",\"width\":512,\"height\":512,\"caption\":\"Una y Mil Letras\"},\"image\":{\"@id\":\"http:\\\/\\\/unaymilletras.com\\\/#\\\/schema\\\/logo\\\/image\\\/\"},\"sameAs\":[\"https:\\\/\\\/x.com\\\/UnaYMilLetras\",\"https:\\\/\\\/instagram.com\\\/UnaYMilLetras\"]},{\"@type\":\"Person\",\"@id\":\"http:\\\/\\\/unaymilletras.com\\\/#\\\/schema\\\/person\\\/0860dc8a218329991ee2c7591f4f849d\",\"name\":\"Redacci\u00f3n\",\"image\":{\"@type\":\"ImageObject\",\"inLanguage\":\"en-GB\",\"@id\":\"https:\\\/\\\/secure.gravatar.com\\\/avatar\\\/d8f55e05a8b6597e45c55a1dcbdbfe44f4a360d88b48e00de5216a79b7732796?s=96&d=mm&r=g\",\"url\":\"https:\\\/\\\/secure.gravatar.com\\\/avatar\\\/d8f55e05a8b6597e45c55a1dcbdbfe44f4a360d88b48e00de5216a79b7732796?s=96&d=mm&r=g\",\"contentUrl\":\"https:\\\/\\\/secure.gravatar.com\\\/avatar\\\/d8f55e05a8b6597e45c55a1dcbdbfe44f4a360d88b48e00de5216a79b7732796?s=96&d=mm&r=g\",\"caption\":\"Redacci\u00f3n\"},\"url\":\"https:\\\/\\\/unaymilletras.com\\\/en\\\/author\\\/redaccion\\\/\"}]}<\/script>\n<!-- \/ Yoast SEO plugin. -->","yoast_head_json":{"title":"ALEJO cambia de etapa con \"APROV\u00c9CHALO\" y se prepara para su gira","description":"El artista puertorrique\u00f1o Alejo lanza su primer sencillo de 2025 con el que cambia de etapa y agota entradas en Madrid y Barcelona","robots":{"index":"index","follow":"follow","max-snippet":"max-snippet:-1","max-image-preview":"max-image-preview:large","max-video-preview":"max-video-preview:-1"},"canonical":"https:\/\/unaymilletras.com\/en\/alejo-cambia-de-etapa-con-aprovechalo-y-se-prepara-para-su-gira\/","og_locale":"en_GB","og_type":"article","og_title":"ALEJO cambia de etapa con \"APROV\u00c9CHALO\" y se prepara para su gira","og_description":"El artista puertorrique\u00f1o Alejo lanza su primer sencillo de 2025 con el que cambia de etapa y agota entradas en Madrid y Barcelona","og_url":"https:\/\/unaymilletras.com\/en\/alejo-cambia-de-etapa-con-aprovechalo-y-se-prepara-para-su-gira\/","og_site_name":"Una y Mil Letras","article_published_time":"2025-02-07T13:19:02+00:00","article_modified_time":"2025-02-07T13:33:41+00:00","og_image":[{"width":600,"height":600,"url":"http:\/\/unaymilletras.com\/wp-content\/uploads\/2025\/02\/COVER-scaled-e1738934052878.jpg","type":"image\/jpeg"}],"author":"Redacci\u00f3n","twitter_card":"summary_large_image","twitter_creator":"@UnaYMilLetras","twitter_site":"@UnaYMilLetras","twitter_misc":{"Written by":"Redacci\u00f3n","Estimated reading time":"2 minutes"},"schema":{"@context":"https:\/\/schema.org","@graph":[{"@type":"Article","@id":"https:\/\/unaymilletras.com\/alejo-cambia-de-etapa-con-aprovechalo-y-se-prepara-para-su-gira\/#article","isPartOf":{"@id":"https:\/\/unaymilletras.com\/alejo-cambia-de-etapa-con-aprovechalo-y-se-prepara-para-su-gira\/"},"author":{"name":"Redacci\u00f3n","@id":"http:\/\/unaymilletras.com\/#\/schema\/person\/0860dc8a218329991ee2c7591f4f849d"},"headline":"ALEJO cambia de etapa con \u00abAPROV\u00c9CHALO\u00bb y se prepara para su gira","datePublished":"2025-02-07T13:19:02+00:00","dateModified":"2025-02-07T13:33:41+00:00","mainEntityOfPage":{"@id":"https:\/\/unaymilletras.com\/alejo-cambia-de-etapa-con-aprovechalo-y-se-prepara-para-su-gira\/"},"wordCount":268,"publisher":{"@id":"http:\/\/unaymilletras.com\/#organization"},"image":{"@id":"https:\/\/unaymilletras.com\/alejo-cambia-de-etapa-con-aprovechalo-y-se-prepara-para-su-gira\/#primaryimage"},"thumbnailUrl":"https:\/\/unaymilletras.com\/wp-content\/uploads\/2025\/02\/COVER-scaled-e1738934052878.jpg","articleSection":["M\u00fasica"],"inLanguage":"en-GB"},{"@type":"WebPage","@id":"https:\/\/unaymilletras.com\/alejo-cambia-de-etapa-con-aprovechalo-y-se-prepara-para-su-gira\/","url":"https:\/\/unaymilletras.com\/alejo-cambia-de-etapa-con-aprovechalo-y-se-prepara-para-su-gira\/","name":"ALEJO cambia de etapa con \"APROV\u00c9CHALO\" y se prepara para su gira","isPartOf":{"@id":"http:\/\/unaymilletras.com\/#website"},"primaryImageOfPage":{"@id":"https:\/\/unaymilletras.com\/alejo-cambia-de-etapa-con-aprovechalo-y-se-prepara-para-su-gira\/#primaryimage"},"image":{"@id":"https:\/\/unaymilletras.com\/alejo-cambia-de-etapa-con-aprovechalo-y-se-prepara-para-su-gira\/#primaryimage"},"thumbnailUrl":"https:\/\/unaymilletras.com\/wp-content\/uploads\/2025\/02\/COVER-scaled-e1738934052878.jpg","datePublished":"2025-02-07T13:19:02+00:00","dateModified":"2025-02-07T13:33:41+00:00","description":"El artista puertorrique\u00f1o Alejo lanza su primer sencillo de 2025 con el que cambia de etapa y agota entradas en Madrid y Barcelona","breadcrumb":{"@id":"https:\/\/unaymilletras.com\/alejo-cambia-de-etapa-con-aprovechalo-y-se-prepara-para-su-gira\/#breadcrumb"},"inLanguage":"en-GB","potentialAction":[{"@type":"ReadAction","target":["https:\/\/unaymilletras.com\/alejo-cambia-de-etapa-con-aprovechalo-y-se-prepara-para-su-gira\/"]}]},{"@type":"ImageObject","inLanguage":"en-GB","@id":"https:\/\/unaymilletras.com\/alejo-cambia-de-etapa-con-aprovechalo-y-se-prepara-para-su-gira\/#primaryimage","url":"https:\/\/unaymilletras.com\/wp-content\/uploads\/2025\/02\/COVER-scaled-e1738934052878.jpg","contentUrl":"https:\/\/unaymilletras.com\/wp-content\/uploads\/2025\/02\/COVER-scaled-e1738934052878.jpg","width":600,"height":600,"caption":"aLEJO"},{"@type":"BreadcrumbList","@id":"https:\/\/unaymilletras.com\/alejo-cambia-de-etapa-con-aprovechalo-y-se-prepara-para-su-gira\/#breadcrumb","itemListElement":[{"@type":"ListItem","position":1,"name":"Home","item":"http:\/\/unaymilletras.com\/"},{"@type":"ListItem","position":2,"name":"ALEJO cambia de etapa con \u00abAPROV\u00c9CHALO\u00bb y se prepara para su gira"}]},{"@type":"WebSite","@id":"http:\/\/unaymilletras.com\/#website","url":"http:\/\/unaymilletras.com\/","name":"Una y Mil Letras","description":"","publisher":{"@id":"http:\/\/unaymilletras.com\/#organization"},"potentialAction":[{"@type":"SearchAction","target":{"@type":"EntryPoint","urlTemplate":"http:\/\/unaymilletras.com\/?s={search_term_string}"},"query-input":{"@type":"PropertyValueSpecification","valueRequired":true,"valueName":"search_term_string"}}],"inLanguage":"en-GB"},{"@type":"Organization","@id":"http:\/\/unaymilletras.com\/#organization","name":"Una y Mil Letras","url":"http:\/\/unaymilletras.com\/","logo":{"@type":"ImageObject","inLanguage":"en-GB","@id":"http:\/\/unaymilletras.com\/#\/schema\/logo\/image\/","url":"https:\/\/unaymilletras.com\/wp-content\/uploads\/2024\/06\/cropped-Logo-removebg-preview.png","contentUrl":"https:\/\/unaymilletras.com\/wp-content\/uploads\/2024\/06\/cropped-Logo-removebg-preview.png","width":512,"height":512,"caption":"Una y Mil Letras"},"image":{"@id":"http:\/\/unaymilletras.com\/#\/schema\/logo\/image\/"},"sameAs":["https:\/\/x.com\/UnaYMilLetras","https:\/\/instagram.com\/UnaYMilLetras"]},{"@type":"Person","@id":"http:\/\/unaymilletras.com\/#\/schema\/person\/0860dc8a218329991ee2c7591f4f849d","name":"Redacci\u00f3n","image":{"@type":"ImageObject","inLanguage":"en-GB","@id":"https:\/\/secure.gravatar.com\/avatar\/d8f55e05a8b6597e45c55a1dcbdbfe44f4a360d88b48e00de5216a79b7732796?s=96&d=mm&r=g","url":"https:\/\/secure.gravatar.com\/avatar\/d8f55e05a8b6597e45c55a1dcbdbfe44f4a360d88b48e00de5216a79b7732796?s=96&d=mm&r=g","contentUrl":"https:\/\/secure.gravatar.com\/avatar\/d8f55e05a8b6597e45c55a1dcbdbfe44f4a360d88b48e00de5216a79b7732796?s=96&d=mm&r=g","caption":"Redacci\u00f3n"},"url":"https:\/\/unaymilletras.com\/en\/author\/redaccion\/"}]}},"_links":{"self":[{"href":"https:\/\/unaymilletras.com\/en\/wp-json\/wp\/v2\/posts\/3670","targetHints":{"allow":["GET"]}}],"collection":[{"href":"https:\/\/unaymilletras.com\/en\/wp-json\/wp\/v2\/posts"}],"about":[{"href":"https:\/\/unaymilletras.com\/en\/wp-json\/wp\/v2\/types\/post"}],"author":[{"embeddable":true,"href":"https:\/\/unaymilletras.com\/en\/wp-json\/wp\/v2\/users\/6"}],"replies":[{"embeddable":true,"href":"https:\/\/unaymilletras.com\/en\/wp-json\/wp\/v2\/comments?post=3670"}],"version-history":[{"count":7,"href":"https:\/\/unaymilletras.com\/en\/wp-json\/wp\/v2\/posts\/3670\/revisions"}],"predecessor-version":[{"id":3680,"href":"https:\/\/unaymilletras.com\/en\/wp-json\/wp\/v2\/posts\/3670\/revisions\/3680"}],"wp:featuredmedia":[{"embeddable":true,"href":"https:\/\/unaymilletras.com\/en\/wp-json\/wp\/v2\/media\/3672"}],"wp:attachment":[{"href":"https:\/\/unaymilletras.com\/en\/wp-json\/wp\/v2\/media?parent=3670"}],"wp:term":[{"taxonomy":"category","embeddable":true,"href":"https:\/\/unaymilletras.com\/en\/wp-json\/wp\/v2\/categories?post=3670"},{"taxonomy":"post_tag","embeddable":true,"href":"https:\/\/unaymilletras.com\/en\/wp-json\/wp\/v2\/tags?post=3670"}],"curies":[{"name":"wp","href":"https:\/\/api.w.org\/{rel}","templated":true}]}}