{"id":3681,"date":"2025-02-10T12:51:14","date_gmt":"2025-02-10T11:51:14","guid":{"rendered":"https:\/\/unaymilletras.com\/?p=3681"},"modified":"2025-02-10T12:54:46","modified_gmt":"2025-02-10T11:54:46","slug":"alejandro-sanz-emociona-en-los-goya-abriendo-la-puerta","status":"publish","type":"post","link":"https:\/\/unaymilletras.com\/en\/alejandro-sanz-emociona-en-los-goya-abriendo-la-puerta\/","title":{"rendered":"ALEJANDRO SANZ emociona en Los Goya Abriendo la Puerta"},"content":{"rendered":"\t\t<div data-elementor-type=\"wp-post\" data-elementor-id=\"3681\" class=\"elementor elementor-3681\">\n\t\t\t\t\t\t<section class=\"elementor-section elementor-top-section elementor-element elementor-element-9de7ea1 elementor-section-boxed elementor-section-height-default elementor-section-height-default\" data-id=\"9de7ea1\" data-element_type=\"section\" data-e-type=\"section\">\n\t\t\t\t\t\t<div class=\"elementor-container elementor-column-gap-default\">\n\t\t\t\t\t<div class=\"elementor-column elementor-col-100 elementor-top-column elementor-element elementor-element-33e6d27\" data-id=\"33e6d27\" data-element_type=\"column\" data-e-type=\"column\">\n\t\t\t<div class=\"elementor-widget-wrap elementor-element-populated\">\n\t\t\t\t\t\t<div class=\"elementor-element elementor-element-f907472 elementor-widget elementor-widget-text-editor\" data-id=\"f907472\" data-element_type=\"widget\" data-e-type=\"widget\" data-widget_type=\"text-editor.default\">\n\t\t\t\t<div class=\"elementor-widget-container\">\n\t\t\t\t\t\t\t\t\t<h2 style=\"text-align: center;\"><em><span style=\"color: #808080;\">Con una emotiva interpretaci\u00f3n en Granada, Alejandro Sanz homenajea a Triana en el 50\u00ba aniversario de su ic\u00f3nica canci\u00f3n <\/span><\/em><\/h2>\t\t\t\t\t\t\t\t<\/div>\n\t\t\t\t<\/div>\n\t\t\t\t\t<\/div>\n\t\t<\/div>\n\t\t\t\t\t<\/div>\n\t\t<\/section>\n\t\t\t\t<section class=\"elementor-section elementor-top-section elementor-element elementor-element-f22583a elementor-section-boxed elementor-section-height-default elementor-section-height-default\" data-id=\"f22583a\" data-element_type=\"section\" data-e-type=\"section\">\n\t\t\t\t\t\t<div class=\"elementor-container elementor-column-gap-default\">\n\t\t\t\t\t<div class=\"elementor-column elementor-col-100 elementor-top-column elementor-element elementor-element-b6f4b67\" data-id=\"b6f4b67\" data-element_type=\"column\" data-e-type=\"column\">\n\t\t\t<div class=\"elementor-widget-wrap elementor-element-populated\">\n\t\t\t\t\t\t<div class=\"elementor-element elementor-element-17ceb61 elementor-widget elementor-widget-text-editor\" data-id=\"17ceb61\" data-element_type=\"widget\" data-e-type=\"widget\" data-widget_type=\"text-editor.default\">\n\t\t\t\t<div class=\"elementor-widget-container\">\n\t\t\t\t\t\t\t\t\t<p><b>Alejandro Sanz<\/b> protagoniz\u00f3 uno de los momentos m\u00e1s memorables de la 39\u00aa edici\u00f3n de los <b>Premios Goya<\/b>, celebrada el pasado s\u00e1bado 8 de febrero en Granada. El cantante madrile\u00f1o interpret\u00f3 una emotiva versi\u00f3n de <em><b>Abre la puerta<\/b><\/em>, de la legendaria banda de rock andaluz Triana. Fue un homenaje a una de las piezas fundamentales del rock progresivo espa\u00f1ol.<\/p>\t\t\t\t\t\t\t\t<\/div>\n\t\t\t\t<\/div>\n\t\t\t\t\t<\/div>\n\t\t<\/div>\n\t\t\t\t\t<\/div>\n\t\t<\/section>\n\t\t\t\t<section class=\"elementor-section elementor-top-section elementor-element elementor-element-8eaff66 elementor-section-boxed elementor-section-height-default elementor-section-height-default\" data-id=\"8eaff66\" data-element_type=\"section\" data-e-type=\"section\">\n\t\t\t\t\t\t<div class=\"elementor-container elementor-column-gap-default\">\n\t\t\t\t\t<div class=\"elementor-column elementor-col-100 elementor-top-column elementor-element elementor-element-a822da6\" data-id=\"a822da6\" data-element_type=\"column\" data-e-type=\"column\">\n\t\t\t<div class=\"elementor-widget-wrap elementor-element-populated\">\n\t\t\t\t\t\t<div class=\"elementor-element elementor-element-2e52be9 elementor-widget elementor-widget-image\" data-id=\"2e52be9\" data-element_type=\"widget\" data-e-type=\"widget\" data-widget_type=\"image.default\">\n\t\t\t\t<div class=\"elementor-widget-container\">\n\t\t\t\t\t\t\t\t\t\t\t\t\t\t\t<img fetchpriority=\"high\" decoding=\"async\" width=\"640\" height=\"427\" src=\"https:\/\/unaymilletras.com\/wp-content\/uploads\/2025\/02\/Zo8ws7Gp7HH7-1024x683.jpg\" class=\"attachment-large size-large wp-image-3683\" alt=\"Alejandro Sanz\" srcset=\"https:\/\/unaymilletras.com\/wp-content\/uploads\/2025\/02\/Zo8ws7Gp7HH7-1024x683.jpg 1024w, https:\/\/unaymilletras.com\/wp-content\/uploads\/2025\/02\/Zo8ws7Gp7HH7-300x200.jpg 300w, https:\/\/unaymilletras.com\/wp-content\/uploads\/2025\/02\/Zo8ws7Gp7HH7-768x512.jpg 768w, https:\/\/unaymilletras.com\/wp-content\/uploads\/2025\/02\/Zo8ws7Gp7HH7-1536x1024.jpg 1536w, https:\/\/unaymilletras.com\/wp-content\/uploads\/2025\/02\/Zo8ws7Gp7HH7-18x12.jpg 18w, https:\/\/unaymilletras.com\/wp-content\/uploads\/2025\/02\/Zo8ws7Gp7HH7-e1739188385854.jpg 600w\" sizes=\"(max-width: 640px) 100vw, 640px\" \/>\t\t\t\t\t\t\t\t\t\t\t\t\t\t\t<\/div>\n\t\t\t\t<\/div>\n\t\t\t\t\t<\/div>\n\t\t<\/div>\n\t\t\t\t\t<\/div>\n\t\t<\/section>\n\t\t\t\t<section class=\"elementor-section elementor-top-section elementor-element elementor-element-76db7f3 elementor-section-boxed elementor-section-height-default elementor-section-height-default\" data-id=\"76db7f3\" data-element_type=\"section\" data-e-type=\"section\">\n\t\t\t\t\t\t<div class=\"elementor-container elementor-column-gap-default\">\n\t\t\t\t\t<div class=\"elementor-column elementor-col-100 elementor-top-column elementor-element elementor-element-ded7e53\" data-id=\"ded7e53\" data-element_type=\"column\" data-e-type=\"column\">\n\t\t\t<div class=\"elementor-widget-wrap elementor-element-populated\">\n\t\t\t\t\t\t<div class=\"elementor-element elementor-element-d512866 elementor-widget elementor-widget-text-editor\" data-id=\"d512866\" data-element_type=\"widget\" data-e-type=\"widget\" data-widget_type=\"text-editor.default\">\n\t\t\t\t<div class=\"elementor-widget-container\">\n\t\t\t\t\t\t\t\t\t<p>La elecci\u00f3n de la canci\u00f3n no fue casual. Este 2025 se cumplen 50 a\u00f1os del lanzamiento de <em>El Patio<\/em>, el \u00e1lbum debut de Triana. En \u00e9l se inclu\u00eda este tema, que con el tiempo se ha convertido en un himno. Alejandro Sanz llev\u00f3 la canci\u00f3n a otro nivel con una puesta en escena que combin\u00f3 arreglos de cuerdas, un coro y una banda en directo. Consigui\u00f3 una interpretaci\u00f3n intensa y llena de emoci\u00f3n que conmovi\u00f3 a los asistentes.<\/p>\n<p>Tras la gala, Sanz comparti\u00f3 en sus redes sociales su agradecimiento a la Academia de Cine por brindarle la oportunidad de rendir homenaje a un grupo clave en la historia de la m\u00fasica espa\u00f1ola. \u201cQuien celebra el arte, celebra la vida. Gracias a la Academia del Cine por prestarme un trocito de este escenario. Gracias Triana por abrirme la puerta\u201d, escribi\u00f3 el artista.<\/p>\t\t\t\t\t\t\t\t<\/div>\n\t\t\t\t<\/div>\n\t\t\t\t\t<\/div>\n\t\t<\/div>\n\t\t\t\t\t<\/div>\n\t\t<\/section>\n\t\t\t\t<section class=\"elementor-section elementor-top-section elementor-element elementor-element-9db9bae elementor-section-boxed elementor-section-height-default elementor-section-height-default\" data-id=\"9db9bae\" data-element_type=\"section\" data-e-type=\"section\">\n\t\t\t\t\t\t<div class=\"elementor-container elementor-column-gap-default\">\n\t\t\t\t\t<div class=\"elementor-column elementor-col-100 elementor-top-column elementor-element elementor-element-1a5108a\" data-id=\"1a5108a\" data-element_type=\"column\" data-e-type=\"column\">\n\t\t\t<div class=\"elementor-widget-wrap elementor-element-populated\">\n\t\t\t\t\t\t<div class=\"elementor-element elementor-element-0614574 elementor-widget elementor-widget-video\" data-id=\"0614574\" data-element_type=\"widget\" data-e-type=\"widget\" data-settings=\"{&quot;youtube_url&quot;:&quot;https:\\\/\\\/www.youtube.com\\\/watch?v=9aekGjbw3Z8&amp;ab_channel=RTVEM%C3%BAsica&quot;,&quot;video_type&quot;:&quot;youtube&quot;,&quot;controls&quot;:&quot;yes&quot;}\" data-widget_type=\"video.default\">\n\t\t\t\t<div class=\"elementor-widget-container\">\n\t\t\t\t\t\t\t<div class=\"elementor-wrapper elementor-open-inline\">\n\t\t\t<div class=\"elementor-video\"><\/div>\t\t<\/div>\n\t\t\t\t\t\t<\/div>\n\t\t\t\t<\/div>\n\t\t\t\t\t<\/div>\n\t\t<\/div>\n\t\t\t\t\t<\/div>\n\t\t<\/section>\n\t\t\t\t<section class=\"elementor-section elementor-top-section elementor-element elementor-element-253ea73 elementor-section-boxed elementor-section-height-default elementor-section-height-default\" data-id=\"253ea73\" data-element_type=\"section\" data-e-type=\"section\">\n\t\t\t\t\t\t<div class=\"elementor-container elementor-column-gap-default\">\n\t\t\t\t\t<div class=\"elementor-column elementor-col-100 elementor-top-column elementor-element elementor-element-30b6ac2\" data-id=\"30b6ac2\" data-element_type=\"column\" data-e-type=\"column\">\n\t\t\t<div class=\"elementor-widget-wrap elementor-element-populated\">\n\t\t\t\t\t\t<div class=\"elementor-element elementor-element-fa647f7 elementor-widget elementor-widget-text-editor\" data-id=\"fa647f7\" data-element_type=\"widget\" data-e-type=\"widget\" data-widget_type=\"text-editor.default\">\n\t\t\t\t<div class=\"elementor-widget-container\">\n\t\t\t\t\t\t\t\t\t<div class=\"flex max-w-full flex-col flex-grow\"><div class=\"min-h-8 text-message flex w-full flex-col items-end gap-2 whitespace-normal break-words text-start [.text-message+&amp;]:mt-5\" dir=\"auto\" data-message-author-role=\"assistant\" data-message-id=\"02979d5c-68ec-4f94-92b2-001aa2610a1c\" data-message-model-slug=\"gpt-4o\"><div class=\"flex w-full flex-col gap-1 empty:hidden first:pt-[3px]\"><div class=\"markdown prose w-full break-words dark:prose-invert light\"><p>La actuaci\u00f3n de Alejandro Sanz fue uno de los grandes momentos de una noche inolvidable en la que el cine y la m\u00fasica se dieron la mano para celebrar el talento y la cultura en Espa\u00f1a.<\/p><\/div><\/div><\/div><\/div>\t\t\t\t\t\t\t\t<\/div>\n\t\t\t\t<\/div>\n\t\t\t\t\t<\/div>\n\t\t<\/div>\n\t\t\t\t\t<\/div>\n\t\t<\/section>\n\t\t\t\t<\/div>\n\t\t","protected":false},"excerpt":{"rendered":"<p>Con una emotiva interpretaci\u00f3n en Granada, Alejandro Sanz homenajea a Triana en el 50\u00ba aniversario de su ic\u00f3nica canci\u00f3n Alejandro Sanz protagoniz\u00f3 uno de los momentos m\u00e1s memorables de la 39\u00aa edici\u00f3n de los Premios Goya, celebrada el pasado s\u00e1bado 8 de febrero en Granada. El cantante madrile\u00f1o interpret\u00f3 una emotiva versi\u00f3n de Abre la [&hellip;]<\/p>\n","protected":false},"author":6,"featured_media":3683,"comment_status":"closed","ping_status":"closed","sticky":false,"template":"","format":"standard","meta":{"footnotes":""},"categories":[4],"tags":[],"class_list":["post-3681","post","type-post","status-publish","format-standard","has-post-thumbnail","hentry","category-musica"],"yoast_head":"<!-- This site is optimized with the Yoast SEO plugin v27.4 - https:\/\/yoast.com\/product\/yoast-seo-wordpress\/ -->\n<title>ALEJANDRO SANZ emociona en Los Goya Abriendo la Puerta<\/title>\n<meta name=\"description\" content=\"Con una emotiva interpretaci\u00f3n en Granada, Alejandro Sanz homenajea a Triana en el 50\u00ba aniversario de su ic\u00f3nica canci\u00f3n\" \/>\n<meta name=\"robots\" content=\"index, follow, max-snippet:-1, max-image-preview:large, max-video-preview:-1\" \/>\n<link rel=\"canonical\" href=\"https:\/\/unaymilletras.com\/en\/alejandro-sanz-emociona-en-los-goya-abriendo-la-puerta\/\" \/>\n<meta property=\"og:locale\" content=\"en_GB\" \/>\n<meta property=\"og:type\" content=\"article\" \/>\n<meta property=\"og:title\" content=\"ALEJANDRO SANZ emociona en Los Goya Abriendo la Puerta\" \/>\n<meta property=\"og:description\" content=\"Con una emotiva interpretaci\u00f3n en Granada, Alejandro Sanz homenajea a Triana en el 50\u00ba aniversario de su ic\u00f3nica canci\u00f3n\" \/>\n<meta property=\"og:url\" content=\"https:\/\/unaymilletras.com\/en\/alejandro-sanz-emociona-en-los-goya-abriendo-la-puerta\/\" \/>\n<meta property=\"og:site_name\" content=\"Una y Mil Letras\" \/>\n<meta property=\"article:published_time\" content=\"2025-02-10T11:51:14+00:00\" \/>\n<meta property=\"article:modified_time\" content=\"2025-02-10T11:54:46+00:00\" \/>\n<meta property=\"og:image\" content=\"http:\/\/unaymilletras.com\/wp-content\/uploads\/2025\/02\/Zo8ws7Gp7HH7-e1739188385854.jpg\" \/>\n\t<meta property=\"og:image:width\" content=\"600\" \/>\n\t<meta property=\"og:image:height\" content=\"400\" \/>\n\t<meta property=\"og:image:type\" content=\"image\/jpeg\" \/>\n<meta name=\"author\" content=\"Redacci\u00f3n\" \/>\n<meta name=\"twitter:card\" content=\"summary_large_image\" \/>\n<meta name=\"twitter:creator\" content=\"@UnaYMilLetras\" \/>\n<meta name=\"twitter:site\" content=\"@UnaYMilLetras\" \/>\n<meta name=\"twitter:label1\" content=\"Written by\" \/>\n\t<meta name=\"twitter:data1\" content=\"Redacci\u00f3n\" \/>\n\t<meta name=\"twitter:label2\" content=\"Estimated reading time\" \/>\n\t<meta name=\"twitter:data2\" content=\"2 minutes\" \/>\n<script type=\"application\/ld+json\" class=\"yoast-schema-graph\">{\"@context\":\"https:\\\/\\\/schema.org\",\"@graph\":[{\"@type\":\"Article\",\"@id\":\"https:\\\/\\\/unaymilletras.com\\\/alejandro-sanz-emociona-en-los-goya-abriendo-la-puerta\\\/#article\",\"isPartOf\":{\"@id\":\"https:\\\/\\\/unaymilletras.com\\\/alejandro-sanz-emociona-en-los-goya-abriendo-la-puerta\\\/\"},\"author\":{\"name\":\"Redacci\u00f3n\",\"@id\":\"http:\\\/\\\/unaymilletras.com\\\/#\\\/schema\\\/person\\\/0860dc8a218329991ee2c7591f4f849d\"},\"headline\":\"ALEJANDRO SANZ emociona en Los Goya Abriendo la Puerta\",\"datePublished\":\"2025-02-10T11:51:14+00:00\",\"dateModified\":\"2025-02-10T11:54:46+00:00\",\"mainEntityOfPage\":{\"@id\":\"https:\\\/\\\/unaymilletras.com\\\/alejandro-sanz-emociona-en-los-goya-abriendo-la-puerta\\\/\"},\"wordCount\":291,\"publisher\":{\"@id\":\"http:\\\/\\\/unaymilletras.com\\\/#organization\"},\"image\":{\"@id\":\"https:\\\/\\\/unaymilletras.com\\\/alejandro-sanz-emociona-en-los-goya-abriendo-la-puerta\\\/#primaryimage\"},\"thumbnailUrl\":\"https:\\\/\\\/unaymilletras.com\\\/wp-content\\\/uploads\\\/2025\\\/02\\\/Zo8ws7Gp7HH7-e1739188385854.jpg\",\"articleSection\":[\"M\u00fasica\"],\"inLanguage\":\"en-GB\"},{\"@type\":\"WebPage\",\"@id\":\"https:\\\/\\\/unaymilletras.com\\\/alejandro-sanz-emociona-en-los-goya-abriendo-la-puerta\\\/\",\"url\":\"https:\\\/\\\/unaymilletras.com\\\/alejandro-sanz-emociona-en-los-goya-abriendo-la-puerta\\\/\",\"name\":\"ALEJANDRO SANZ emociona en Los Goya Abriendo la Puerta\",\"isPartOf\":{\"@id\":\"http:\\\/\\\/unaymilletras.com\\\/#website\"},\"primaryImageOfPage\":{\"@id\":\"https:\\\/\\\/unaymilletras.com\\\/alejandro-sanz-emociona-en-los-goya-abriendo-la-puerta\\\/#primaryimage\"},\"image\":{\"@id\":\"https:\\\/\\\/unaymilletras.com\\\/alejandro-sanz-emociona-en-los-goya-abriendo-la-puerta\\\/#primaryimage\"},\"thumbnailUrl\":\"https:\\\/\\\/unaymilletras.com\\\/wp-content\\\/uploads\\\/2025\\\/02\\\/Zo8ws7Gp7HH7-e1739188385854.jpg\",\"datePublished\":\"2025-02-10T11:51:14+00:00\",\"dateModified\":\"2025-02-10T11:54:46+00:00\",\"description\":\"Con una emotiva interpretaci\u00f3n en Granada, Alejandro Sanz homenajea a Triana en el 50\u00ba aniversario de su ic\u00f3nica canci\u00f3n\",\"breadcrumb\":{\"@id\":\"https:\\\/\\\/unaymilletras.com\\\/alejandro-sanz-emociona-en-los-goya-abriendo-la-puerta\\\/#breadcrumb\"},\"inLanguage\":\"en-GB\",\"potentialAction\":[{\"@type\":\"ReadAction\",\"target\":[\"https:\\\/\\\/unaymilletras.com\\\/alejandro-sanz-emociona-en-los-goya-abriendo-la-puerta\\\/\"]}]},{\"@type\":\"ImageObject\",\"inLanguage\":\"en-GB\",\"@id\":\"https:\\\/\\\/unaymilletras.com\\\/alejandro-sanz-emociona-en-los-goya-abriendo-la-puerta\\\/#primaryimage\",\"url\":\"https:\\\/\\\/unaymilletras.com\\\/wp-content\\\/uploads\\\/2025\\\/02\\\/Zo8ws7Gp7HH7-e1739188385854.jpg\",\"contentUrl\":\"https:\\\/\\\/unaymilletras.com\\\/wp-content\\\/uploads\\\/2025\\\/02\\\/Zo8ws7Gp7HH7-e1739188385854.jpg\",\"width\":600,\"height\":400,\"caption\":\"Alejandro Sanz\"},{\"@type\":\"BreadcrumbList\",\"@id\":\"https:\\\/\\\/unaymilletras.com\\\/alejandro-sanz-emociona-en-los-goya-abriendo-la-puerta\\\/#breadcrumb\",\"itemListElement\":[{\"@type\":\"ListItem\",\"position\":1,\"name\":\"Home\",\"item\":\"http:\\\/\\\/unaymilletras.com\\\/\"},{\"@type\":\"ListItem\",\"position\":2,\"name\":\"ALEJANDRO SANZ emociona en Los Goya Abriendo la Puerta\"}]},{\"@type\":\"WebSite\",\"@id\":\"http:\\\/\\\/unaymilletras.com\\\/#website\",\"url\":\"http:\\\/\\\/unaymilletras.com\\\/\",\"name\":\"Una y Mil Letras\",\"description\":\"\",\"publisher\":{\"@id\":\"http:\\\/\\\/unaymilletras.com\\\/#organization\"},\"potentialAction\":[{\"@type\":\"SearchAction\",\"target\":{\"@type\":\"EntryPoint\",\"urlTemplate\":\"http:\\\/\\\/unaymilletras.com\\\/?s={search_term_string}\"},\"query-input\":{\"@type\":\"PropertyValueSpecification\",\"valueRequired\":true,\"valueName\":\"search_term_string\"}}],\"inLanguage\":\"en-GB\"},{\"@type\":\"Organization\",\"@id\":\"http:\\\/\\\/unaymilletras.com\\\/#organization\",\"name\":\"Una y Mil Letras\",\"url\":\"http:\\\/\\\/unaymilletras.com\\\/\",\"logo\":{\"@type\":\"ImageObject\",\"inLanguage\":\"en-GB\",\"@id\":\"http:\\\/\\\/unaymilletras.com\\\/#\\\/schema\\\/logo\\\/image\\\/\",\"url\":\"https:\\\/\\\/unaymilletras.com\\\/wp-content\\\/uploads\\\/2024\\\/06\\\/cropped-Logo-removebg-preview.png\",\"contentUrl\":\"https:\\\/\\\/unaymilletras.com\\\/wp-content\\\/uploads\\\/2024\\\/06\\\/cropped-Logo-removebg-preview.png\",\"width\":512,\"height\":512,\"caption\":\"Una y Mil Letras\"},\"image\":{\"@id\":\"http:\\\/\\\/unaymilletras.com\\\/#\\\/schema\\\/logo\\\/image\\\/\"},\"sameAs\":[\"https:\\\/\\\/x.com\\\/UnaYMilLetras\",\"https:\\\/\\\/instagram.com\\\/UnaYMilLetras\"]},{\"@type\":\"Person\",\"@id\":\"http:\\\/\\\/unaymilletras.com\\\/#\\\/schema\\\/person\\\/0860dc8a218329991ee2c7591f4f849d\",\"name\":\"Redacci\u00f3n\",\"image\":{\"@type\":\"ImageObject\",\"inLanguage\":\"en-GB\",\"@id\":\"https:\\\/\\\/secure.gravatar.com\\\/avatar\\\/d8f55e05a8b6597e45c55a1dcbdbfe44f4a360d88b48e00de5216a79b7732796?s=96&d=mm&r=g\",\"url\":\"https:\\\/\\\/secure.gravatar.com\\\/avatar\\\/d8f55e05a8b6597e45c55a1dcbdbfe44f4a360d88b48e00de5216a79b7732796?s=96&d=mm&r=g\",\"contentUrl\":\"https:\\\/\\\/secure.gravatar.com\\\/avatar\\\/d8f55e05a8b6597e45c55a1dcbdbfe44f4a360d88b48e00de5216a79b7732796?s=96&d=mm&r=g\",\"caption\":\"Redacci\u00f3n\"},\"url\":\"https:\\\/\\\/unaymilletras.com\\\/en\\\/author\\\/redaccion\\\/\"}]}<\/script>\n<!-- \/ Yoast SEO plugin. -->","yoast_head_json":{"title":"ALEJANDRO SANZ emociona en Los Goya Abriendo la Puerta","description":"Con una emotiva interpretaci\u00f3n en Granada, Alejandro Sanz homenajea a Triana en el 50\u00ba aniversario de su ic\u00f3nica canci\u00f3n","robots":{"index":"index","follow":"follow","max-snippet":"max-snippet:-1","max-image-preview":"max-image-preview:large","max-video-preview":"max-video-preview:-1"},"canonical":"https:\/\/unaymilletras.com\/en\/alejandro-sanz-emociona-en-los-goya-abriendo-la-puerta\/","og_locale":"en_GB","og_type":"article","og_title":"ALEJANDRO SANZ emociona en Los Goya Abriendo la Puerta","og_description":"Con una emotiva interpretaci\u00f3n en Granada, Alejandro Sanz homenajea a Triana en el 50\u00ba aniversario de su ic\u00f3nica canci\u00f3n","og_url":"https:\/\/unaymilletras.com\/en\/alejandro-sanz-emociona-en-los-goya-abriendo-la-puerta\/","og_site_name":"Una y Mil Letras","article_published_time":"2025-02-10T11:51:14+00:00","article_modified_time":"2025-02-10T11:54:46+00:00","og_image":[{"width":600,"height":400,"url":"http:\/\/unaymilletras.com\/wp-content\/uploads\/2025\/02\/Zo8ws7Gp7HH7-e1739188385854.jpg","type":"image\/jpeg"}],"author":"Redacci\u00f3n","twitter_card":"summary_large_image","twitter_creator":"@UnaYMilLetras","twitter_site":"@UnaYMilLetras","twitter_misc":{"Written by":"Redacci\u00f3n","Estimated reading time":"2 minutes"},"schema":{"@context":"https:\/\/schema.org","@graph":[{"@type":"Article","@id":"https:\/\/unaymilletras.com\/alejandro-sanz-emociona-en-los-goya-abriendo-la-puerta\/#article","isPartOf":{"@id":"https:\/\/unaymilletras.com\/alejandro-sanz-emociona-en-los-goya-abriendo-la-puerta\/"},"author":{"name":"Redacci\u00f3n","@id":"http:\/\/unaymilletras.com\/#\/schema\/person\/0860dc8a218329991ee2c7591f4f849d"},"headline":"ALEJANDRO SANZ emociona en Los Goya Abriendo la Puerta","datePublished":"2025-02-10T11:51:14+00:00","dateModified":"2025-02-10T11:54:46+00:00","mainEntityOfPage":{"@id":"https:\/\/unaymilletras.com\/alejandro-sanz-emociona-en-los-goya-abriendo-la-puerta\/"},"wordCount":291,"publisher":{"@id":"http:\/\/unaymilletras.com\/#organization"},"image":{"@id":"https:\/\/unaymilletras.com\/alejandro-sanz-emociona-en-los-goya-abriendo-la-puerta\/#primaryimage"},"thumbnailUrl":"https:\/\/unaymilletras.com\/wp-content\/uploads\/2025\/02\/Zo8ws7Gp7HH7-e1739188385854.jpg","articleSection":["M\u00fasica"],"inLanguage":"en-GB"},{"@type":"WebPage","@id":"https:\/\/unaymilletras.com\/alejandro-sanz-emociona-en-los-goya-abriendo-la-puerta\/","url":"https:\/\/unaymilletras.com\/alejandro-sanz-emociona-en-los-goya-abriendo-la-puerta\/","name":"ALEJANDRO SANZ emociona en Los Goya Abriendo la Puerta","isPartOf":{"@id":"http:\/\/unaymilletras.com\/#website"},"primaryImageOfPage":{"@id":"https:\/\/unaymilletras.com\/alejandro-sanz-emociona-en-los-goya-abriendo-la-puerta\/#primaryimage"},"image":{"@id":"https:\/\/unaymilletras.com\/alejandro-sanz-emociona-en-los-goya-abriendo-la-puerta\/#primaryimage"},"thumbnailUrl":"https:\/\/unaymilletras.com\/wp-content\/uploads\/2025\/02\/Zo8ws7Gp7HH7-e1739188385854.jpg","datePublished":"2025-02-10T11:51:14+00:00","dateModified":"2025-02-10T11:54:46+00:00","description":"Con una emotiva interpretaci\u00f3n en Granada, Alejandro Sanz homenajea a Triana en el 50\u00ba aniversario de su ic\u00f3nica canci\u00f3n","breadcrumb":{"@id":"https:\/\/unaymilletras.com\/alejandro-sanz-emociona-en-los-goya-abriendo-la-puerta\/#breadcrumb"},"inLanguage":"en-GB","potentialAction":[{"@type":"ReadAction","target":["https:\/\/unaymilletras.com\/alejandro-sanz-emociona-en-los-goya-abriendo-la-puerta\/"]}]},{"@type":"ImageObject","inLanguage":"en-GB","@id":"https:\/\/unaymilletras.com\/alejandro-sanz-emociona-en-los-goya-abriendo-la-puerta\/#primaryimage","url":"https:\/\/unaymilletras.com\/wp-content\/uploads\/2025\/02\/Zo8ws7Gp7HH7-e1739188385854.jpg","contentUrl":"https:\/\/unaymilletras.com\/wp-content\/uploads\/2025\/02\/Zo8ws7Gp7HH7-e1739188385854.jpg","width":600,"height":400,"caption":"Alejandro Sanz"},{"@type":"BreadcrumbList","@id":"https:\/\/unaymilletras.com\/alejandro-sanz-emociona-en-los-goya-abriendo-la-puerta\/#breadcrumb","itemListElement":[{"@type":"ListItem","position":1,"name":"Home","item":"http:\/\/unaymilletras.com\/"},{"@type":"ListItem","position":2,"name":"ALEJANDRO SANZ emociona en Los Goya Abriendo la Puerta"}]},{"@type":"WebSite","@id":"http:\/\/unaymilletras.com\/#website","url":"http:\/\/unaymilletras.com\/","name":"Una y Mil Letras","description":"","publisher":{"@id":"http:\/\/unaymilletras.com\/#organization"},"potentialAction":[{"@type":"SearchAction","target":{"@type":"EntryPoint","urlTemplate":"http:\/\/unaymilletras.com\/?s={search_term_string}"},"query-input":{"@type":"PropertyValueSpecification","valueRequired":true,"valueName":"search_term_string"}}],"inLanguage":"en-GB"},{"@type":"Organization","@id":"http:\/\/unaymilletras.com\/#organization","name":"Una y Mil Letras","url":"http:\/\/unaymilletras.com\/","logo":{"@type":"ImageObject","inLanguage":"en-GB","@id":"http:\/\/unaymilletras.com\/#\/schema\/logo\/image\/","url":"https:\/\/unaymilletras.com\/wp-content\/uploads\/2024\/06\/cropped-Logo-removebg-preview.png","contentUrl":"https:\/\/unaymilletras.com\/wp-content\/uploads\/2024\/06\/cropped-Logo-removebg-preview.png","width":512,"height":512,"caption":"Una y Mil Letras"},"image":{"@id":"http:\/\/unaymilletras.com\/#\/schema\/logo\/image\/"},"sameAs":["https:\/\/x.com\/UnaYMilLetras","https:\/\/instagram.com\/UnaYMilLetras"]},{"@type":"Person","@id":"http:\/\/unaymilletras.com\/#\/schema\/person\/0860dc8a218329991ee2c7591f4f849d","name":"Redacci\u00f3n","image":{"@type":"ImageObject","inLanguage":"en-GB","@id":"https:\/\/secure.gravatar.com\/avatar\/d8f55e05a8b6597e45c55a1dcbdbfe44f4a360d88b48e00de5216a79b7732796?s=96&d=mm&r=g","url":"https:\/\/secure.gravatar.com\/avatar\/d8f55e05a8b6597e45c55a1dcbdbfe44f4a360d88b48e00de5216a79b7732796?s=96&d=mm&r=g","contentUrl":"https:\/\/secure.gravatar.com\/avatar\/d8f55e05a8b6597e45c55a1dcbdbfe44f4a360d88b48e00de5216a79b7732796?s=96&d=mm&r=g","caption":"Redacci\u00f3n"},"url":"https:\/\/unaymilletras.com\/en\/author\/redaccion\/"}]}},"_links":{"self":[{"href":"https:\/\/unaymilletras.com\/en\/wp-json\/wp\/v2\/posts\/3681","targetHints":{"allow":["GET"]}}],"collection":[{"href":"https:\/\/unaymilletras.com\/en\/wp-json\/wp\/v2\/posts"}],"about":[{"href":"https:\/\/unaymilletras.com\/en\/wp-json\/wp\/v2\/types\/post"}],"author":[{"embeddable":true,"href":"https:\/\/unaymilletras.com\/en\/wp-json\/wp\/v2\/users\/6"}],"replies":[{"embeddable":true,"href":"https:\/\/unaymilletras.com\/en\/wp-json\/wp\/v2\/comments?post=3681"}],"version-history":[{"count":7,"href":"https:\/\/unaymilletras.com\/en\/wp-json\/wp\/v2\/posts\/3681\/revisions"}],"predecessor-version":[{"id":3689,"href":"https:\/\/unaymilletras.com\/en\/wp-json\/wp\/v2\/posts\/3681\/revisions\/3689"}],"wp:featuredmedia":[{"embeddable":true,"href":"https:\/\/unaymilletras.com\/en\/wp-json\/wp\/v2\/media\/3683"}],"wp:attachment":[{"href":"https:\/\/unaymilletras.com\/en\/wp-json\/wp\/v2\/media?parent=3681"}],"wp:term":[{"taxonomy":"category","embeddable":true,"href":"https:\/\/unaymilletras.com\/en\/wp-json\/wp\/v2\/categories?post=3681"},{"taxonomy":"post_tag","embeddable":true,"href":"https:\/\/unaymilletras.com\/en\/wp-json\/wp\/v2\/tags?post=3681"}],"curies":[{"name":"wp","href":"https:\/\/api.w.org\/{rel}","templated":true}]}}