{"id":3690,"date":"2025-02-11T12:00:00","date_gmt":"2025-02-11T11:00:00","guid":{"rendered":"https:\/\/unaymilletras.com\/?p=3690"},"modified":"2025-02-10T15:19:34","modified_gmt":"2025-02-10T14:19:34","slug":"guaynaa-inicia-una-nueva-etapa-con-caramelito-su-primera-salsa","status":"publish","type":"post","link":"https:\/\/unaymilletras.com\/en\/guaynaa-inicia-una-nueva-etapa-con-caramelito-su-primera-salsa\/","title":{"rendered":"Guaynaa inicia una nueva etapa con \u00abCaramelito\u00bb, su primera salsa"},"content":{"rendered":"<div data-elementor-type=\"wp-post\" data-elementor-id=\"3690\" class=\"elementor elementor-3690\">\n\t\t\t\t\t\t<section class=\"elementor-section elementor-top-section elementor-element elementor-element-752a6cc elementor-section-boxed elementor-section-height-default elementor-section-height-default\" data-id=\"752a6cc\" data-element_type=\"section\" data-e-type=\"section\">\n\t\t\t\t\t\t<div class=\"elementor-container elementor-column-gap-default\">\n\t\t\t\t\t<div class=\"elementor-column elementor-col-100 elementor-top-column elementor-element elementor-element-64334e8\" data-id=\"64334e8\" data-element_type=\"column\" data-e-type=\"column\">\n\t\t\t<div class=\"elementor-widget-wrap elementor-element-populated\">\n\t\t\t\t\t\t<div class=\"elementor-element elementor-element-708b127 elementor-widget elementor-widget-text-editor\" data-id=\"708b127\" data-element_type=\"widget\" data-e-type=\"widget\" data-widget_type=\"text-editor.default\">\n\t\t\t\t<div class=\"elementor-widget-container\">\n\t\t\t\t\t\t\t\t\t<h2 style=\"text-align: center;\"><span style=\"color: #808080;\"><em>El puertorrique\u00f1o Guaynaa rinde homenaje a sus ra\u00edces con un nuevo tema, marcando su incursi\u00f3n definitiva en el g\u00e9nero tropical<\/em><\/span><\/h2>\t\t\t\t\t\t\t\t<\/div>\n\t\t\t\t<\/div>\n\t\t\t\t\t<\/div>\n\t\t<\/div>\n\t\t\t\t\t<\/div>\n\t\t<\/section>\n\t\t\t\t<section class=\"elementor-section elementor-top-section elementor-element elementor-element-f895aba elementor-section-boxed elementor-section-height-default elementor-section-height-default\" data-id=\"f895aba\" data-element_type=\"section\" data-e-type=\"section\">\n\t\t\t\t\t\t<div class=\"elementor-container elementor-column-gap-default\">\n\t\t\t\t\t<div class=\"elementor-column elementor-col-100 elementor-top-column elementor-element elementor-element-135923f\" data-id=\"135923f\" data-element_type=\"column\" data-e-type=\"column\">\n\t\t\t<div class=\"elementor-widget-wrap elementor-element-populated\">\n\t\t\t\t\t\t<div class=\"elementor-element elementor-element-7dd1b3c elementor-widget elementor-widget-text-editor\" data-id=\"7dd1b3c\" data-element_type=\"widget\" data-e-type=\"widget\" data-widget_type=\"text-editor.default\">\n\t\t\t\t<div class=\"elementor-widget-container\">\n\t\t\t\t\t\t\t\t\t<p><b>Guaynaa<\/b> sorprende nuevamente con su evoluci\u00f3n art\u00edstica y lanza <span style=\"color: #808080;\"><a style=\"color: #808080;\" href=\"https:\/\/open.spotify.com\/intl-es\/track\/4DdJeIO0yQAMyTSmAPJG1U?si=42d4990ab5c54201\"><b><i>Caramelito<\/i><\/b><\/a><\/span>, su primera salsa in\u00e9dita, disponible desde hoy en todas las plataformas digitales. El artista, que en los \u00faltimos a\u00f1os ha experimentado con diferentes estilos musicales, regresa a sus or\u00edgenes con una canci\u00f3n cargada de sabor y sentimiento, reafirmando su conexi\u00f3n con el g\u00e9nero tropical.<\/p><p>El sencillo, coescrito con el legendario compositor paname\u00f1o Omar Alfanno, narra la historia de un amor prohibido a trav\u00e9s de una l\u00edrica ingeniosa que juega con met\u00e1foras dulces y picantes. \u201cEn \u2018Caramelito\u2019 se ve reflejada mi ejecuci\u00f3n como int\u00e9rprete, vocalista y compositor. De la mano de un grande como Omar Alfanno, qu\u00e9 mejor manera de entrar a la salsa\u201d, coment\u00f3 Guaynaa sobre su lanzamiento.<\/p>\t\t\t\t\t\t\t\t<\/div>\n\t\t\t\t<\/div>\n\t\t\t\t\t<\/div>\n\t\t<\/div>\n\t\t\t\t\t<\/div>\n\t\t<\/section>\n\t\t\t\t<section class=\"elementor-section elementor-top-section elementor-element elementor-element-d4f7d04 elementor-section-boxed elementor-section-height-default elementor-section-height-default\" data-id=\"d4f7d04\" data-element_type=\"section\" data-e-type=\"section\">\n\t\t\t\t\t\t<div class=\"elementor-container elementor-column-gap-default\">\n\t\t\t\t\t<div class=\"elementor-column elementor-col-50 elementor-top-column elementor-element elementor-element-777403b\" data-id=\"777403b\" data-element_type=\"column\" data-e-type=\"column\">\n\t\t\t<div class=\"elementor-widget-wrap elementor-element-populated\">\n\t\t\t\t\t\t<div class=\"elementor-element elementor-element-f9b3ffc elementor-widget elementor-widget-image\" data-id=\"f9b3ffc\" data-element_type=\"widget\" data-e-type=\"widget\" data-widget_type=\"image.default\">\n\t\t\t\t<div class=\"elementor-widget-container\">\n\t\t\t\t\t\t\t\t\t\t\t\t\t\t\t<img fetchpriority=\"high\" decoding=\"async\" width=\"640\" height=\"922\" src=\"https:\/\/unaymilletras.com\/wp-content\/uploads\/2025\/02\/GUAYNAA_850-711x1024.jpg\" class=\"attachment-large size-large wp-image-3693\" alt=\"Guaynaa\" srcset=\"https:\/\/unaymilletras.com\/wp-content\/uploads\/2025\/02\/GUAYNAA_850-711x1024.jpg 711w, https:\/\/unaymilletras.com\/wp-content\/uploads\/2025\/02\/GUAYNAA_850-208x300.jpg 208w, https:\/\/unaymilletras.com\/wp-content\/uploads\/2025\/02\/GUAYNAA_850-768x1107.jpg 768w, https:\/\/unaymilletras.com\/wp-content\/uploads\/2025\/02\/GUAYNAA_850-1066x1536.jpg 1066w, https:\/\/unaymilletras.com\/wp-content\/uploads\/2025\/02\/GUAYNAA_850-1421x2048.jpg 1421w, https:\/\/unaymilletras.com\/wp-content\/uploads\/2025\/02\/GUAYNAA_850-8x12.jpg 8w, https:\/\/unaymilletras.com\/wp-content\/uploads\/2025\/02\/GUAYNAA_850-1024x1476.jpg 1024w, https:\/\/unaymilletras.com\/wp-content\/uploads\/2025\/02\/GUAYNAA_850-scaled.jpg 1776w\" sizes=\"(max-width: 640px) 100vw, 640px\" \/>\t\t\t\t\t\t\t\t\t\t\t\t\t\t\t<\/div>\n\t\t\t\t<\/div>\n\t\t\t\t\t<\/div>\n\t\t<\/div>\n\t\t\t\t<div class=\"elementor-column elementor-col-50 elementor-top-column elementor-element elementor-element-2454302\" data-id=\"2454302\" data-element_type=\"column\" data-e-type=\"column\">\n\t\t\t<div class=\"elementor-widget-wrap elementor-element-populated\">\n\t\t\t\t\t\t<div class=\"elementor-element elementor-element-e28c388 elementor-widget elementor-widget-image\" data-id=\"e28c388\" data-element_type=\"widget\" data-e-type=\"widget\" data-widget_type=\"image.default\">\n\t\t\t\t<div class=\"elementor-widget-container\">\n\t\t\t\t\t\t\t\t\t\t\t\t\t\t\t<img decoding=\"async\" width=\"640\" height=\"960\" src=\"https:\/\/unaymilletras.com\/wp-content\/uploads\/2025\/02\/GUAYNAA_789-683x1024.jpg\" class=\"attachment-large size-large wp-image-3692\" alt=\"Guaynaa\" srcset=\"https:\/\/unaymilletras.com\/wp-content\/uploads\/2025\/02\/GUAYNAA_789-683x1024.jpg 683w, https:\/\/unaymilletras.com\/wp-content\/uploads\/2025\/02\/GUAYNAA_789-200x300.jpg 200w, https:\/\/unaymilletras.com\/wp-content\/uploads\/2025\/02\/GUAYNAA_789-768x1151.jpg 768w, https:\/\/unaymilletras.com\/wp-content\/uploads\/2025\/02\/GUAYNAA_789-1025x1536.jpg 1025w, https:\/\/unaymilletras.com\/wp-content\/uploads\/2025\/02\/GUAYNAA_789-1366x2048.jpg 1366w, https:\/\/unaymilletras.com\/wp-content\/uploads\/2025\/02\/GUAYNAA_789-8x12.jpg 8w, https:\/\/unaymilletras.com\/wp-content\/uploads\/2025\/02\/GUAYNAA_789-1024x1535.jpg 1024w, https:\/\/unaymilletras.com\/wp-content\/uploads\/2025\/02\/GUAYNAA_789-scaled-e1739196987221.jpg 600w\" sizes=\"(max-width: 640px) 100vw, 640px\" \/>\t\t\t\t\t\t\t\t\t\t\t\t\t\t\t<\/div>\n\t\t\t\t<\/div>\n\t\t\t\t\t<\/div>\n\t\t<\/div>\n\t\t\t\t\t<\/div>\n\t\t<\/section>\n\t\t\t\t<section class=\"elementor-section elementor-top-section elementor-element elementor-element-6896ef1 elementor-section-boxed elementor-section-height-default elementor-section-height-default\" data-id=\"6896ef1\" data-element_type=\"section\" data-e-type=\"section\">\n\t\t\t\t\t\t<div class=\"elementor-container elementor-column-gap-default\">\n\t\t\t\t\t<div class=\"elementor-column elementor-col-100 elementor-top-column elementor-element elementor-element-21fd909\" data-id=\"21fd909\" data-element_type=\"column\" data-e-type=\"column\">\n\t\t\t<div class=\"elementor-widget-wrap elementor-element-populated\">\n\t\t\t\t\t\t<div class=\"elementor-element elementor-element-621f98f elementor-widget elementor-widget-text-editor\" data-id=\"621f98f\" data-element_type=\"widget\" data-e-type=\"widget\" data-widget_type=\"text-editor.default\">\n\t\t\t\t<div class=\"elementor-widget-container\">\n\t\t\t\t\t\t\t\t\t<p>Este nuevo paso en su carrera llega tras el \u00e9xito de su EP <i><b>Aguinaldo<\/b><\/i>, donde version\u00f3 cl\u00e1sicos de la salsa como <b><i>Ven, dev\u00f3rame otra vez<\/i><\/b>&nbsp;y <b><i>Lobo domesticado<\/i><\/b>. Su interpretaci\u00f3n en Barcelona de estos temas se viraliz\u00f3 en redes sociales, confirmando la gran acogida del p\u00fablico ante su incursi\u00f3n en el g\u00e9nero.<\/p>\n<p>2025 marca el inicio de una etapa en la que Guaynaa busca consolidarse dentro de la salsa y el sonido tropical, rindiendo homenaje a los artistas que influyeron en su trayectoria y demostrando su versatilidad. \u201cEste es el comienzo de algo que la gente ha venido pidiendo por mucho tiempo. Espero que les guste y&#8230; \u00a1queda salsa pa&#8217; rato!\u201d, concluy\u00f3 el artista.<\/p>\t\t\t\t\t\t\t\t<\/div>\n\t\t\t\t<\/div>\n\t\t\t\t\t<\/div>\n\t\t<\/div>\n\t\t\t\t\t<\/div>\n\t\t<\/section>\n\t\t\t\t<\/div>","protected":false},"excerpt":{"rendered":"<p>El puertorrique\u00f1o Guaynaa rinde homenaje a sus ra\u00edces con un nuevo tema, marcando su incursi\u00f3n definitiva en el g\u00e9nero tropical Guaynaa sorprende nuevamente con su evoluci\u00f3n art\u00edstica y lanza Caramelito, su primera salsa in\u00e9dita, disponible desde hoy en todas las plataformas digitales. El artista, que en los \u00faltimos a\u00f1os ha experimentado con diferentes estilos musicales, [&hellip;]<\/p>\n","protected":false},"author":6,"featured_media":3693,"comment_status":"closed","ping_status":"closed","sticky":false,"template":"","format":"standard","meta":{"footnotes":""},"categories":[4],"tags":[],"class_list":["post-3690","post","type-post","status-publish","format-standard","has-post-thumbnail","hentry","category-musica"],"yoast_head":"<!-- This site is optimized with the Yoast SEO plugin v27.4 - https:\/\/yoast.com\/product\/yoast-seo-wordpress\/ -->\n<title>Guaynaa inicia una nueva etapa con &quot;Caramelito&quot;, su primera salsa<\/title>\n<meta name=\"description\" content=\"El puertorrique\u00f1o Guaynaa rinde homenaje a sus ra\u00edces con un nuevo tema, marcando su incursi\u00f3n definitiva en el g\u00e9nero tropical\" \/>\n<meta name=\"robots\" content=\"index, follow, max-snippet:-1, max-image-preview:large, max-video-preview:-1\" \/>\n<link rel=\"canonical\" href=\"https:\/\/unaymilletras.com\/en\/guaynaa-inicia-una-nueva-etapa-con-caramelito-su-primera-salsa\/\" \/>\n<meta property=\"og:locale\" content=\"en_GB\" \/>\n<meta property=\"og:type\" content=\"article\" \/>\n<meta property=\"og:title\" content=\"Guaynaa inicia una nueva etapa con &quot;Caramelito&quot;, su primera salsa\" \/>\n<meta property=\"og:description\" content=\"El puertorrique\u00f1o Guaynaa rinde homenaje a sus ra\u00edces con un nuevo tema, marcando su incursi\u00f3n definitiva en el g\u00e9nero tropical\" \/>\n<meta property=\"og:url\" content=\"https:\/\/unaymilletras.com\/en\/guaynaa-inicia-una-nueva-etapa-con-caramelito-su-primera-salsa\/\" \/>\n<meta property=\"og:site_name\" content=\"Una y Mil Letras\" \/>\n<meta property=\"article:published_time\" content=\"2025-02-11T11:00:00+00:00\" \/>\n<meta property=\"og:image\" content=\"https:\/\/unaymilletras.com\/wp-content\/uploads\/2025\/02\/GUAYNAA_850-scaled-e1739197008190.jpg\" \/>\n\t<meta property=\"og:image:width\" content=\"1776\" \/>\n\t<meta property=\"og:image:height\" content=\"2560\" \/>\n\t<meta property=\"og:image:type\" content=\"image\/jpeg\" \/>\n<meta name=\"author\" content=\"Redacci\u00f3n\" \/>\n<meta name=\"twitter:card\" content=\"summary_large_image\" \/>\n<meta name=\"twitter:creator\" content=\"@UnaYMilLetras\" \/>\n<meta name=\"twitter:site\" content=\"@UnaYMilLetras\" \/>\n<meta name=\"twitter:label1\" content=\"Written by\" \/>\n\t<meta name=\"twitter:data1\" content=\"Redacci\u00f3n\" \/>\n\t<meta name=\"twitter:label2\" content=\"Estimated reading time\" \/>\n\t<meta name=\"twitter:data2\" content=\"2 minutes\" \/>\n<script type=\"application\/ld+json\" class=\"yoast-schema-graph\">{\"@context\":\"https:\\\/\\\/schema.org\",\"@graph\":[{\"@type\":\"Article\",\"@id\":\"https:\\\/\\\/unaymilletras.com\\\/guaynaa-inicia-una-nueva-etapa-con-caramelito-su-primera-salsa\\\/#article\",\"isPartOf\":{\"@id\":\"https:\\\/\\\/unaymilletras.com\\\/guaynaa-inicia-una-nueva-etapa-con-caramelito-su-primera-salsa\\\/\"},\"author\":{\"name\":\"Redacci\u00f3n\",\"@id\":\"http:\\\/\\\/unaymilletras.com\\\/#\\\/schema\\\/person\\\/0860dc8a218329991ee2c7591f4f849d\"},\"headline\":\"Guaynaa inicia una nueva etapa con \u00abCaramelito\u00bb, su primera salsa\",\"datePublished\":\"2025-02-11T11:00:00+00:00\",\"mainEntityOfPage\":{\"@id\":\"https:\\\/\\\/unaymilletras.com\\\/guaynaa-inicia-una-nueva-etapa-con-caramelito-su-primera-salsa\\\/\"},\"wordCount\":286,\"publisher\":{\"@id\":\"http:\\\/\\\/unaymilletras.com\\\/#organization\"},\"image\":{\"@id\":\"https:\\\/\\\/unaymilletras.com\\\/guaynaa-inicia-una-nueva-etapa-con-caramelito-su-primera-salsa\\\/#primaryimage\"},\"thumbnailUrl\":\"https:\\\/\\\/unaymilletras.com\\\/wp-content\\\/uploads\\\/2025\\\/02\\\/GUAYNAA_850-scaled-e1739197008190.jpg\",\"articleSection\":[\"M\u00fasica\"],\"inLanguage\":\"en-GB\"},{\"@type\":\"WebPage\",\"@id\":\"https:\\\/\\\/unaymilletras.com\\\/guaynaa-inicia-una-nueva-etapa-con-caramelito-su-primera-salsa\\\/\",\"url\":\"https:\\\/\\\/unaymilletras.com\\\/guaynaa-inicia-una-nueva-etapa-con-caramelito-su-primera-salsa\\\/\",\"name\":\"Guaynaa inicia una nueva etapa con \\\"Caramelito\\\", su primera salsa\",\"isPartOf\":{\"@id\":\"http:\\\/\\\/unaymilletras.com\\\/#website\"},\"primaryImageOfPage\":{\"@id\":\"https:\\\/\\\/unaymilletras.com\\\/guaynaa-inicia-una-nueva-etapa-con-caramelito-su-primera-salsa\\\/#primaryimage\"},\"image\":{\"@id\":\"https:\\\/\\\/unaymilletras.com\\\/guaynaa-inicia-una-nueva-etapa-con-caramelito-su-primera-salsa\\\/#primaryimage\"},\"thumbnailUrl\":\"https:\\\/\\\/unaymilletras.com\\\/wp-content\\\/uploads\\\/2025\\\/02\\\/GUAYNAA_850-scaled-e1739197008190.jpg\",\"datePublished\":\"2025-02-11T11:00:00+00:00\",\"description\":\"El puertorrique\u00f1o Guaynaa rinde homenaje a sus ra\u00edces con un nuevo tema, marcando su incursi\u00f3n definitiva en el g\u00e9nero tropical\",\"breadcrumb\":{\"@id\":\"https:\\\/\\\/unaymilletras.com\\\/guaynaa-inicia-una-nueva-etapa-con-caramelito-su-primera-salsa\\\/#breadcrumb\"},\"inLanguage\":\"en-GB\",\"potentialAction\":[{\"@type\":\"ReadAction\",\"target\":[\"https:\\\/\\\/unaymilletras.com\\\/guaynaa-inicia-una-nueva-etapa-con-caramelito-su-primera-salsa\\\/\"]}]},{\"@type\":\"ImageObject\",\"inLanguage\":\"en-GB\",\"@id\":\"https:\\\/\\\/unaymilletras.com\\\/guaynaa-inicia-una-nueva-etapa-con-caramelito-su-primera-salsa\\\/#primaryimage\",\"url\":\"https:\\\/\\\/unaymilletras.com\\\/wp-content\\\/uploads\\\/2025\\\/02\\\/GUAYNAA_850-scaled-e1739197008190.jpg\",\"contentUrl\":\"https:\\\/\\\/unaymilletras.com\\\/wp-content\\\/uploads\\\/2025\\\/02\\\/GUAYNAA_850-scaled-e1739197008190.jpg\",\"width\":1776,\"height\":2560,\"caption\":\"Guaynaa\"},{\"@type\":\"BreadcrumbList\",\"@id\":\"https:\\\/\\\/unaymilletras.com\\\/guaynaa-inicia-una-nueva-etapa-con-caramelito-su-primera-salsa\\\/#breadcrumb\",\"itemListElement\":[{\"@type\":\"ListItem\",\"position\":1,\"name\":\"Home\",\"item\":\"http:\\\/\\\/unaymilletras.com\\\/\"},{\"@type\":\"ListItem\",\"position\":2,\"name\":\"Guaynaa inicia una nueva etapa con \u00abCaramelito\u00bb, su primera salsa\"}]},{\"@type\":\"WebSite\",\"@id\":\"http:\\\/\\\/unaymilletras.com\\\/#website\",\"url\":\"http:\\\/\\\/unaymilletras.com\\\/\",\"name\":\"Una y Mil Letras\",\"description\":\"\",\"publisher\":{\"@id\":\"http:\\\/\\\/unaymilletras.com\\\/#organization\"},\"potentialAction\":[{\"@type\":\"SearchAction\",\"target\":{\"@type\":\"EntryPoint\",\"urlTemplate\":\"http:\\\/\\\/unaymilletras.com\\\/?s={search_term_string}\"},\"query-input\":{\"@type\":\"PropertyValueSpecification\",\"valueRequired\":true,\"valueName\":\"search_term_string\"}}],\"inLanguage\":\"en-GB\"},{\"@type\":\"Organization\",\"@id\":\"http:\\\/\\\/unaymilletras.com\\\/#organization\",\"name\":\"Una y Mil Letras\",\"url\":\"http:\\\/\\\/unaymilletras.com\\\/\",\"logo\":{\"@type\":\"ImageObject\",\"inLanguage\":\"en-GB\",\"@id\":\"http:\\\/\\\/unaymilletras.com\\\/#\\\/schema\\\/logo\\\/image\\\/\",\"url\":\"https:\\\/\\\/unaymilletras.com\\\/wp-content\\\/uploads\\\/2024\\\/06\\\/cropped-Logo-removebg-preview.png\",\"contentUrl\":\"https:\\\/\\\/unaymilletras.com\\\/wp-content\\\/uploads\\\/2024\\\/06\\\/cropped-Logo-removebg-preview.png\",\"width\":512,\"height\":512,\"caption\":\"Una y Mil Letras\"},\"image\":{\"@id\":\"http:\\\/\\\/unaymilletras.com\\\/#\\\/schema\\\/logo\\\/image\\\/\"},\"sameAs\":[\"https:\\\/\\\/x.com\\\/UnaYMilLetras\",\"https:\\\/\\\/instagram.com\\\/UnaYMilLetras\"]},{\"@type\":\"Person\",\"@id\":\"http:\\\/\\\/unaymilletras.com\\\/#\\\/schema\\\/person\\\/0860dc8a218329991ee2c7591f4f849d\",\"name\":\"Redacci\u00f3n\",\"image\":{\"@type\":\"ImageObject\",\"inLanguage\":\"en-GB\",\"@id\":\"https:\\\/\\\/secure.gravatar.com\\\/avatar\\\/d8f55e05a8b6597e45c55a1dcbdbfe44f4a360d88b48e00de5216a79b7732796?s=96&d=mm&r=g\",\"url\":\"https:\\\/\\\/secure.gravatar.com\\\/avatar\\\/d8f55e05a8b6597e45c55a1dcbdbfe44f4a360d88b48e00de5216a79b7732796?s=96&d=mm&r=g\",\"contentUrl\":\"https:\\\/\\\/secure.gravatar.com\\\/avatar\\\/d8f55e05a8b6597e45c55a1dcbdbfe44f4a360d88b48e00de5216a79b7732796?s=96&d=mm&r=g\",\"caption\":\"Redacci\u00f3n\"},\"url\":\"https:\\\/\\\/unaymilletras.com\\\/en\\\/author\\\/redaccion\\\/\"}]}<\/script>\n<!-- \/ Yoast SEO plugin. -->","yoast_head_json":{"title":"Guaynaa inicia una nueva etapa con \"Caramelito\", su primera salsa","description":"El puertorrique\u00f1o Guaynaa rinde homenaje a sus ra\u00edces con un nuevo tema, marcando su incursi\u00f3n definitiva en el g\u00e9nero tropical","robots":{"index":"index","follow":"follow","max-snippet":"max-snippet:-1","max-image-preview":"max-image-preview:large","max-video-preview":"max-video-preview:-1"},"canonical":"https:\/\/unaymilletras.com\/en\/guaynaa-inicia-una-nueva-etapa-con-caramelito-su-primera-salsa\/","og_locale":"en_GB","og_type":"article","og_title":"Guaynaa inicia una nueva etapa con \"Caramelito\", su primera salsa","og_description":"El puertorrique\u00f1o Guaynaa rinde homenaje a sus ra\u00edces con un nuevo tema, marcando su incursi\u00f3n definitiva en el g\u00e9nero tropical","og_url":"https:\/\/unaymilletras.com\/en\/guaynaa-inicia-una-nueva-etapa-con-caramelito-su-primera-salsa\/","og_site_name":"Una y Mil Letras","article_published_time":"2025-02-11T11:00:00+00:00","og_image":[{"width":1776,"height":2560,"url":"https:\/\/unaymilletras.com\/wp-content\/uploads\/2025\/02\/GUAYNAA_850-scaled-e1739197008190.jpg","type":"image\/jpeg"}],"author":"Redacci\u00f3n","twitter_card":"summary_large_image","twitter_creator":"@UnaYMilLetras","twitter_site":"@UnaYMilLetras","twitter_misc":{"Written by":"Redacci\u00f3n","Estimated reading time":"2 minutes"},"schema":{"@context":"https:\/\/schema.org","@graph":[{"@type":"Article","@id":"https:\/\/unaymilletras.com\/guaynaa-inicia-una-nueva-etapa-con-caramelito-su-primera-salsa\/#article","isPartOf":{"@id":"https:\/\/unaymilletras.com\/guaynaa-inicia-una-nueva-etapa-con-caramelito-su-primera-salsa\/"},"author":{"name":"Redacci\u00f3n","@id":"http:\/\/unaymilletras.com\/#\/schema\/person\/0860dc8a218329991ee2c7591f4f849d"},"headline":"Guaynaa inicia una nueva etapa con \u00abCaramelito\u00bb, su primera salsa","datePublished":"2025-02-11T11:00:00+00:00","mainEntityOfPage":{"@id":"https:\/\/unaymilletras.com\/guaynaa-inicia-una-nueva-etapa-con-caramelito-su-primera-salsa\/"},"wordCount":286,"publisher":{"@id":"http:\/\/unaymilletras.com\/#organization"},"image":{"@id":"https:\/\/unaymilletras.com\/guaynaa-inicia-una-nueva-etapa-con-caramelito-su-primera-salsa\/#primaryimage"},"thumbnailUrl":"https:\/\/unaymilletras.com\/wp-content\/uploads\/2025\/02\/GUAYNAA_850-scaled-e1739197008190.jpg","articleSection":["M\u00fasica"],"inLanguage":"en-GB"},{"@type":"WebPage","@id":"https:\/\/unaymilletras.com\/guaynaa-inicia-una-nueva-etapa-con-caramelito-su-primera-salsa\/","url":"https:\/\/unaymilletras.com\/guaynaa-inicia-una-nueva-etapa-con-caramelito-su-primera-salsa\/","name":"Guaynaa inicia una nueva etapa con \"Caramelito\", su primera salsa","isPartOf":{"@id":"http:\/\/unaymilletras.com\/#website"},"primaryImageOfPage":{"@id":"https:\/\/unaymilletras.com\/guaynaa-inicia-una-nueva-etapa-con-caramelito-su-primera-salsa\/#primaryimage"},"image":{"@id":"https:\/\/unaymilletras.com\/guaynaa-inicia-una-nueva-etapa-con-caramelito-su-primera-salsa\/#primaryimage"},"thumbnailUrl":"https:\/\/unaymilletras.com\/wp-content\/uploads\/2025\/02\/GUAYNAA_850-scaled-e1739197008190.jpg","datePublished":"2025-02-11T11:00:00+00:00","description":"El puertorrique\u00f1o Guaynaa rinde homenaje a sus ra\u00edces con un nuevo tema, marcando su incursi\u00f3n definitiva en el g\u00e9nero tropical","breadcrumb":{"@id":"https:\/\/unaymilletras.com\/guaynaa-inicia-una-nueva-etapa-con-caramelito-su-primera-salsa\/#breadcrumb"},"inLanguage":"en-GB","potentialAction":[{"@type":"ReadAction","target":["https:\/\/unaymilletras.com\/guaynaa-inicia-una-nueva-etapa-con-caramelito-su-primera-salsa\/"]}]},{"@type":"ImageObject","inLanguage":"en-GB","@id":"https:\/\/unaymilletras.com\/guaynaa-inicia-una-nueva-etapa-con-caramelito-su-primera-salsa\/#primaryimage","url":"https:\/\/unaymilletras.com\/wp-content\/uploads\/2025\/02\/GUAYNAA_850-scaled-e1739197008190.jpg","contentUrl":"https:\/\/unaymilletras.com\/wp-content\/uploads\/2025\/02\/GUAYNAA_850-scaled-e1739197008190.jpg","width":1776,"height":2560,"caption":"Guaynaa"},{"@type":"BreadcrumbList","@id":"https:\/\/unaymilletras.com\/guaynaa-inicia-una-nueva-etapa-con-caramelito-su-primera-salsa\/#breadcrumb","itemListElement":[{"@type":"ListItem","position":1,"name":"Home","item":"http:\/\/unaymilletras.com\/"},{"@type":"ListItem","position":2,"name":"Guaynaa inicia una nueva etapa con \u00abCaramelito\u00bb, su primera salsa"}]},{"@type":"WebSite","@id":"http:\/\/unaymilletras.com\/#website","url":"http:\/\/unaymilletras.com\/","name":"Una y Mil Letras","description":"","publisher":{"@id":"http:\/\/unaymilletras.com\/#organization"},"potentialAction":[{"@type":"SearchAction","target":{"@type":"EntryPoint","urlTemplate":"http:\/\/unaymilletras.com\/?s={search_term_string}"},"query-input":{"@type":"PropertyValueSpecification","valueRequired":true,"valueName":"search_term_string"}}],"inLanguage":"en-GB"},{"@type":"Organization","@id":"http:\/\/unaymilletras.com\/#organization","name":"Una y Mil Letras","url":"http:\/\/unaymilletras.com\/","logo":{"@type":"ImageObject","inLanguage":"en-GB","@id":"http:\/\/unaymilletras.com\/#\/schema\/logo\/image\/","url":"https:\/\/unaymilletras.com\/wp-content\/uploads\/2024\/06\/cropped-Logo-removebg-preview.png","contentUrl":"https:\/\/unaymilletras.com\/wp-content\/uploads\/2024\/06\/cropped-Logo-removebg-preview.png","width":512,"height":512,"caption":"Una y Mil Letras"},"image":{"@id":"http:\/\/unaymilletras.com\/#\/schema\/logo\/image\/"},"sameAs":["https:\/\/x.com\/UnaYMilLetras","https:\/\/instagram.com\/UnaYMilLetras"]},{"@type":"Person","@id":"http:\/\/unaymilletras.com\/#\/schema\/person\/0860dc8a218329991ee2c7591f4f849d","name":"Redacci\u00f3n","image":{"@type":"ImageObject","inLanguage":"en-GB","@id":"https:\/\/secure.gravatar.com\/avatar\/d8f55e05a8b6597e45c55a1dcbdbfe44f4a360d88b48e00de5216a79b7732796?s=96&d=mm&r=g","url":"https:\/\/secure.gravatar.com\/avatar\/d8f55e05a8b6597e45c55a1dcbdbfe44f4a360d88b48e00de5216a79b7732796?s=96&d=mm&r=g","contentUrl":"https:\/\/secure.gravatar.com\/avatar\/d8f55e05a8b6597e45c55a1dcbdbfe44f4a360d88b48e00de5216a79b7732796?s=96&d=mm&r=g","caption":"Redacci\u00f3n"},"url":"https:\/\/unaymilletras.com\/en\/author\/redaccion\/"}]}},"_links":{"self":[{"href":"https:\/\/unaymilletras.com\/en\/wp-json\/wp\/v2\/posts\/3690","targetHints":{"allow":["GET"]}}],"collection":[{"href":"https:\/\/unaymilletras.com\/en\/wp-json\/wp\/v2\/posts"}],"about":[{"href":"https:\/\/unaymilletras.com\/en\/wp-json\/wp\/v2\/types\/post"}],"author":[{"embeddable":true,"href":"https:\/\/unaymilletras.com\/en\/wp-json\/wp\/v2\/users\/6"}],"replies":[{"embeddable":true,"href":"https:\/\/unaymilletras.com\/en\/wp-json\/wp\/v2\/comments?post=3690"}],"version-history":[{"count":4,"href":"https:\/\/unaymilletras.com\/en\/wp-json\/wp\/v2\/posts\/3690\/revisions"}],"predecessor-version":[{"id":3696,"href":"https:\/\/unaymilletras.com\/en\/wp-json\/wp\/v2\/posts\/3690\/revisions\/3696"}],"wp:featuredmedia":[{"embeddable":true,"href":"https:\/\/unaymilletras.com\/en\/wp-json\/wp\/v2\/media\/3693"}],"wp:attachment":[{"href":"https:\/\/unaymilletras.com\/en\/wp-json\/wp\/v2\/media?parent=3690"}],"wp:term":[{"taxonomy":"category","embeddable":true,"href":"https:\/\/unaymilletras.com\/en\/wp-json\/wp\/v2\/categories?post=3690"},{"taxonomy":"post_tag","embeddable":true,"href":"https:\/\/unaymilletras.com\/en\/wp-json\/wp\/v2\/tags?post=3690"}],"curies":[{"name":"wp","href":"https:\/\/api.w.org\/{rel}","templated":true}]}}