{"id":3697,"date":"2025-02-12T13:54:59","date_gmt":"2025-02-12T12:54:59","guid":{"rendered":"https:\/\/unaymilletras.com\/?p=3697"},"modified":"2025-02-12T13:56:58","modified_gmt":"2025-02-12T12:56:58","slug":"abhir-inaugura-el-2025-con-carino-su-nuevo-single-junto-a-nsqk","status":"publish","type":"post","link":"https:\/\/unaymilletras.com\/en\/abhir-inaugura-el-2025-con-carino-su-nuevo-single-junto-a-nsqk\/","title":{"rendered":"Abhir inaugura el 2025 con Cari\u00f1o, su nuevo single junto a Nsqk"},"content":{"rendered":"\t\t<div data-elementor-type=\"wp-post\" data-elementor-id=\"3697\" class=\"elementor elementor-3697\">\n\t\t\t\t\t\t<section class=\"elementor-section elementor-top-section elementor-element elementor-element-4a1c530 elementor-section-boxed elementor-section-height-default elementor-section-height-default\" data-id=\"4a1c530\" data-element_type=\"section\" data-e-type=\"section\">\n\t\t\t\t\t\t<div class=\"elementor-container elementor-column-gap-default\">\n\t\t\t\t\t<div class=\"elementor-column elementor-col-100 elementor-top-column elementor-element elementor-element-9df8fa9\" data-id=\"9df8fa9\" data-element_type=\"column\" data-e-type=\"column\">\n\t\t\t<div class=\"elementor-widget-wrap elementor-element-populated\">\n\t\t\t\t\t\t<div class=\"elementor-element elementor-element-855b6b9 elementor-widget elementor-widget-text-editor\" data-id=\"855b6b9\" data-element_type=\"widget\" data-e-type=\"widget\" data-widget_type=\"text-editor.default\">\n\t\t\t\t<div class=\"elementor-widget-container\">\n\t\t\t\t\t\t\t\t\t<h2 style=\"text-align: center;\"><span style=\"color: #808080;\"><em>Arranca el a\u00f1o de Abhir con una colaboraci\u00f3n internacional que fusiona su estilo con la sensibilidad del mexicano Nsqk<\/em><\/span><\/h2>\t\t\t\t\t\t\t\t<\/div>\n\t\t\t\t<\/div>\n\t\t\t\t\t<\/div>\n\t\t<\/div>\n\t\t\t\t\t<\/div>\n\t\t<\/section>\n\t\t\t\t<section class=\"elementor-section elementor-top-section elementor-element elementor-element-239e7a9 elementor-section-boxed elementor-section-height-default elementor-section-height-default\" data-id=\"239e7a9\" data-element_type=\"section\" data-e-type=\"section\">\n\t\t\t\t\t\t<div class=\"elementor-container elementor-column-gap-default\">\n\t\t\t\t\t<div class=\"elementor-column elementor-col-100 elementor-top-column elementor-element elementor-element-d345b32\" data-id=\"d345b32\" data-element_type=\"column\" data-e-type=\"column\">\n\t\t\t<div class=\"elementor-widget-wrap elementor-element-populated\">\n\t\t\t\t\t\t<div class=\"elementor-element elementor-element-e07dc66 elementor-widget elementor-widget-text-editor\" data-id=\"e07dc66\" data-element_type=\"widget\" data-e-type=\"widget\" data-widget_type=\"text-editor.default\">\n\t\t\t\t<div class=\"elementor-widget-container\">\n\t\t\t\t\t\t\t\t\t<p data-start=\"215\" data-end=\"520\"><b>Abhir<\/b> comienza el 2025 con fuerza con el lanzamiento de <em data-start=\"271\" data-end=\"279\"><b>Cari\u00f1o<\/b><\/em>, su esperada colaboraci\u00f3n con <span style=\"color: #808080;\"><a style=\"color: #808080;\" href=\"https:\/\/open.spotify.com\/intl-es\/artist\/1jtvmXiemNFkPO11NMdjfu?si=opVGLJobTo6E4m9Wcc3b4g\"><b>Nsqk<\/b><\/a><\/span>. Tras cerrar el pasado a\u00f1o con <em data-start=\"346\" data-end=\"353\"><b>Lenny<\/b><\/em> y los lanzamientos veraniegos de <em data-start=\"387\" data-end=\"400\"><b>mykonos2007<\/b><\/em> y <em data-start=\"403\" data-end=\"409\"><b>nen\u00e9<\/b><\/em>, el artista regresa con un tema \u00edntimo y minimalista en el que las voces y la emoci\u00f3n toman el protagonismo.<\/p>\t\t\t\t\t\t\t\t<\/div>\n\t\t\t\t<\/div>\n\t\t\t\t\t<\/div>\n\t\t<\/div>\n\t\t\t\t\t<\/div>\n\t\t<\/section>\n\t\t\t\t<section class=\"elementor-section elementor-top-section elementor-element elementor-element-f147662 elementor-section-boxed elementor-section-height-default elementor-section-height-default\" data-id=\"f147662\" data-element_type=\"section\" data-e-type=\"section\">\n\t\t\t\t\t\t<div class=\"elementor-container elementor-column-gap-default\">\n\t\t\t\t\t<div class=\"elementor-column elementor-col-50 elementor-top-column elementor-element elementor-element-f62071c\" data-id=\"f62071c\" data-element_type=\"column\" data-e-type=\"column\">\n\t\t\t<div class=\"elementor-widget-wrap elementor-element-populated\">\n\t\t\t\t\t\t<div class=\"elementor-element elementor-element-b327b20 elementor-widget elementor-widget-text-editor\" data-id=\"b327b20\" data-element_type=\"widget\" data-e-type=\"widget\" data-widget_type=\"text-editor.default\">\n\t\t\t\t<div class=\"elementor-widget-container\">\n\t\t\t\t\t\t\t\t\t<p data-start=\"522\" data-end=\"889\">Este nuevo sencillo representa un cambio de registro respecto a sus trabajos anteriores. Mientras que <em data-start=\"624\" data-end=\"637\">mykonos2007<\/em> y <em data-start=\"640\" data-end=\"646\">nen\u00e9<\/em> reflejaban una etapa de calma y bienestar con sonidos m\u00e1s suaves, y <em data-start=\"715\" data-end=\"722\">Lenny<\/em> recuperaba la energ\u00eda de su \u00e1lbum <em data-start=\"757\" data-end=\"768\">Brown Boy<\/em>, <em data-start=\"770\" data-end=\"778\">Cari\u00f1o<\/em> apuesta por una producci\u00f3n sutil y electr\u00f3nica, en la que la conexi\u00f3n entre ambos artistas se hace evidente.<\/p>\t\t\t\t\t\t\t\t<\/div>\n\t\t\t\t<\/div>\n\t\t\t\t\t<\/div>\n\t\t<\/div>\n\t\t\t\t<div class=\"elementor-column elementor-col-50 elementor-top-column elementor-element elementor-element-072ec5a\" data-id=\"072ec5a\" data-element_type=\"column\" data-e-type=\"column\">\n\t\t\t<div class=\"elementor-widget-wrap elementor-element-populated\">\n\t\t\t\t\t\t<div class=\"elementor-element elementor-element-4804a31 elementor-widget elementor-widget-image\" data-id=\"4804a31\" data-element_type=\"widget\" data-e-type=\"widget\" data-widget_type=\"image.default\">\n\t\t\t\t<div class=\"elementor-widget-container\">\n\t\t\t\t\t\t\t\t\t\t\t\t\t\t\t<img fetchpriority=\"high\" decoding=\"async\" width=\"640\" height=\"640\" src=\"https:\/\/unaymilletras.com\/wp-content\/uploads\/2025\/02\/AD_4nXeBopxHzu7zDm9khG9RHcas5sPp-1024x1024.jpg\" class=\"attachment-large size-large wp-image-3699\" alt=\"Abhir\" srcset=\"https:\/\/unaymilletras.com\/wp-content\/uploads\/2025\/02\/AD_4nXeBopxHzu7zDm9khG9RHcas5sPp-1024x1024.jpg 1024w, https:\/\/unaymilletras.com\/wp-content\/uploads\/2025\/02\/AD_4nXeBopxHzu7zDm9khG9RHcas5sPp-300x300.jpg 300w, https:\/\/unaymilletras.com\/wp-content\/uploads\/2025\/02\/AD_4nXeBopxHzu7zDm9khG9RHcas5sPp-150x150.jpg 150w, https:\/\/unaymilletras.com\/wp-content\/uploads\/2025\/02\/AD_4nXeBopxHzu7zDm9khG9RHcas5sPp-768x768.jpg 768w, https:\/\/unaymilletras.com\/wp-content\/uploads\/2025\/02\/AD_4nXeBopxHzu7zDm9khG9RHcas5sPp-1536x1536.jpg 1536w, https:\/\/unaymilletras.com\/wp-content\/uploads\/2025\/02\/AD_4nXeBopxHzu7zDm9khG9RHcas5sPp-12x12.jpg 12w, https:\/\/unaymilletras.com\/wp-content\/uploads\/2025\/02\/AD_4nXeBopxHzu7zDm9khG9RHcas5sPp-e1739364854436.jpg 600w\" sizes=\"(max-width: 640px) 100vw, 640px\" \/>\t\t\t\t\t\t\t\t\t\t\t\t\t\t\t<\/div>\n\t\t\t\t<\/div>\n\t\t\t\t\t<\/div>\n\t\t<\/div>\n\t\t\t\t\t<\/div>\n\t\t<\/section>\n\t\t\t\t<section class=\"elementor-section elementor-top-section elementor-element elementor-element-37ed1a9 elementor-section-boxed elementor-section-height-default elementor-section-height-default\" data-id=\"37ed1a9\" data-element_type=\"section\" data-e-type=\"section\">\n\t\t\t\t\t\t<div class=\"elementor-container elementor-column-gap-default\">\n\t\t\t\t\t<div class=\"elementor-column elementor-col-100 elementor-top-column elementor-element elementor-element-bedfb73\" data-id=\"bedfb73\" data-element_type=\"column\" data-e-type=\"column\">\n\t\t\t<div class=\"elementor-widget-wrap elementor-element-populated\">\n\t\t\t\t\t\t<div class=\"elementor-element elementor-element-098f7f6 elementor-widget elementor-widget-text-editor\" data-id=\"098f7f6\" data-element_type=\"widget\" data-e-type=\"widget\" data-widget_type=\"text-editor.default\">\n\t\t\t\t<div class=\"elementor-widget-container\">\n\t\t\t\t\t\t\t\t\t<div class=\"flex max-w-full flex-col flex-grow\"><div class=\"min-h-8 text-message flex w-full flex-col items-end gap-2 whitespace-normal break-words text-start [.text-message+&amp;]:mt-5\" dir=\"auto\" data-message-author-role=\"assistant\" data-message-id=\"3dd4757e-f00c-4a06-b0eb-ecaa57f8f808\" data-message-model-slug=\"gpt-4o\"><div class=\"flex w-full flex-col gap-1 empty:hidden first:pt-[3px]\"><div class=\"markdown prose w-full break-words dark:prose-invert light\"><p data-start=\"891\" data-end=\"1189\">El propio Nsqk ha sido el encargado de la producci\u00f3n, capturando la esencia de Abhir y aportando su sello caracter\u00edstico. El videoclip refuerza el concepto de la canci\u00f3n con im\u00e1genes centradas en los tatuajes como la mayor expresi\u00f3n de amor, una met\u00e1fora visual que eleva el significado del tema.<\/p><p data-start=\"1191\" data-end=\"1389\" data-is-last-node=\"\">Con este lanzamiento, Abhir no solo abre el a\u00f1o con un nuevo sonido, sino que refuerza su proyecci\u00f3n internacional al colaborar con una de las voces m\u00e1s destacadas de la escena alternativa mexicana.<\/p><\/div><\/div><\/div><\/div>\t\t\t\t\t\t\t\t<\/div>\n\t\t\t\t<\/div>\n\t\t\t\t\t<\/div>\n\t\t<\/div>\n\t\t\t\t\t<\/div>\n\t\t<\/section>\n\t\t\t\t<\/div>\n\t\t","protected":false},"excerpt":{"rendered":"<p>Arranca el a\u00f1o de Abhir con una colaboraci\u00f3n internacional que fusiona su estilo con la sensibilidad del mexicano Nsqk Abhir comienza el 2025 con fuerza con el lanzamiento de Cari\u00f1o, su esperada colaboraci\u00f3n con Nsqk. Tras cerrar el pasado a\u00f1o con Lenny y los lanzamientos veraniegos de mykonos2007 y nen\u00e9, el artista regresa con un [&hellip;]<\/p>\n","protected":false},"author":6,"featured_media":3699,"comment_status":"closed","ping_status":"closed","sticky":false,"template":"","format":"standard","meta":{"footnotes":""},"categories":[4],"tags":[],"class_list":["post-3697","post","type-post","status-publish","format-standard","has-post-thumbnail","hentry","category-musica"],"yoast_head":"<!-- This site is optimized with the Yoast SEO plugin v27.4 - https:\/\/yoast.com\/product\/yoast-seo-wordpress\/ -->\n<title>Abhir inaugura el 2025 con Cari\u00f1o, su nuevo single junto a Nsqk<\/title>\n<meta name=\"description\" content=\"Arranca el a\u00f1o de Abhir con una colaboraci\u00f3n internacional que fusiona su estilo con la sensibilidad del mexicano Nsqk\" \/>\n<meta name=\"robots\" content=\"index, follow, max-snippet:-1, max-image-preview:large, max-video-preview:-1\" \/>\n<link rel=\"canonical\" href=\"https:\/\/unaymilletras.com\/en\/abhir-inaugura-el-2025-con-carino-su-nuevo-single-junto-a-nsqk\/\" \/>\n<meta property=\"og:locale\" content=\"en_GB\" \/>\n<meta property=\"og:type\" content=\"article\" \/>\n<meta property=\"og:title\" content=\"Abhir inaugura el 2025 con Cari\u00f1o, su nuevo single junto a Nsqk\" \/>\n<meta property=\"og:description\" content=\"Arranca el a\u00f1o de Abhir con una colaboraci\u00f3n internacional que fusiona su estilo con la sensibilidad del mexicano Nsqk\" \/>\n<meta property=\"og:url\" content=\"https:\/\/unaymilletras.com\/en\/abhir-inaugura-el-2025-con-carino-su-nuevo-single-junto-a-nsqk\/\" \/>\n<meta property=\"og:site_name\" content=\"Una y Mil Letras\" \/>\n<meta property=\"article:published_time\" content=\"2025-02-12T12:54:59+00:00\" \/>\n<meta property=\"article:modified_time\" content=\"2025-02-12T12:56:58+00:00\" \/>\n<meta property=\"og:image\" content=\"http:\/\/unaymilletras.com\/wp-content\/uploads\/2025\/02\/AD_4nXeBopxHzu7zDm9khG9RHcas5sPp-e1739364854436.jpg\" \/>\n\t<meta property=\"og:image:width\" content=\"600\" \/>\n\t<meta property=\"og:image:height\" content=\"600\" \/>\n\t<meta property=\"og:image:type\" content=\"image\/jpeg\" \/>\n<meta name=\"author\" content=\"Redacci\u00f3n\" \/>\n<meta name=\"twitter:card\" content=\"summary_large_image\" \/>\n<meta name=\"twitter:creator\" content=\"@UnaYMilLetras\" \/>\n<meta name=\"twitter:site\" content=\"@UnaYMilLetras\" \/>\n<meta name=\"twitter:label1\" content=\"Written by\" \/>\n\t<meta name=\"twitter:data1\" content=\"Redacci\u00f3n\" \/>\n\t<meta name=\"twitter:label2\" content=\"Estimated reading time\" \/>\n\t<meta name=\"twitter:data2\" content=\"2 minutes\" \/>\n<script type=\"application\/ld+json\" class=\"yoast-schema-graph\">{\"@context\":\"https:\\\/\\\/schema.org\",\"@graph\":[{\"@type\":\"Article\",\"@id\":\"https:\\\/\\\/unaymilletras.com\\\/abhir-inaugura-el-2025-con-carino-su-nuevo-single-junto-a-nsqk\\\/#article\",\"isPartOf\":{\"@id\":\"https:\\\/\\\/unaymilletras.com\\\/abhir-inaugura-el-2025-con-carino-su-nuevo-single-junto-a-nsqk\\\/\"},\"author\":{\"name\":\"Redacci\u00f3n\",\"@id\":\"http:\\\/\\\/unaymilletras.com\\\/#\\\/schema\\\/person\\\/0860dc8a218329991ee2c7591f4f849d\"},\"headline\":\"Abhir inaugura el 2025 con Cari\u00f1o, su nuevo single junto a Nsqk\",\"datePublished\":\"2025-02-12T12:54:59+00:00\",\"dateModified\":\"2025-02-12T12:56:58+00:00\",\"mainEntityOfPage\":{\"@id\":\"https:\\\/\\\/unaymilletras.com\\\/abhir-inaugura-el-2025-con-carino-su-nuevo-single-junto-a-nsqk\\\/\"},\"wordCount\":242,\"publisher\":{\"@id\":\"http:\\\/\\\/unaymilletras.com\\\/#organization\"},\"image\":{\"@id\":\"https:\\\/\\\/unaymilletras.com\\\/abhir-inaugura-el-2025-con-carino-su-nuevo-single-junto-a-nsqk\\\/#primaryimage\"},\"thumbnailUrl\":\"https:\\\/\\\/unaymilletras.com\\\/wp-content\\\/uploads\\\/2025\\\/02\\\/AD_4nXeBopxHzu7zDm9khG9RHcas5sPp-e1739364854436.jpg\",\"articleSection\":[\"M\u00fasica\"],\"inLanguage\":\"en-GB\"},{\"@type\":\"WebPage\",\"@id\":\"https:\\\/\\\/unaymilletras.com\\\/abhir-inaugura-el-2025-con-carino-su-nuevo-single-junto-a-nsqk\\\/\",\"url\":\"https:\\\/\\\/unaymilletras.com\\\/abhir-inaugura-el-2025-con-carino-su-nuevo-single-junto-a-nsqk\\\/\",\"name\":\"Abhir inaugura el 2025 con Cari\u00f1o, su nuevo single junto a Nsqk\",\"isPartOf\":{\"@id\":\"http:\\\/\\\/unaymilletras.com\\\/#website\"},\"primaryImageOfPage\":{\"@id\":\"https:\\\/\\\/unaymilletras.com\\\/abhir-inaugura-el-2025-con-carino-su-nuevo-single-junto-a-nsqk\\\/#primaryimage\"},\"image\":{\"@id\":\"https:\\\/\\\/unaymilletras.com\\\/abhir-inaugura-el-2025-con-carino-su-nuevo-single-junto-a-nsqk\\\/#primaryimage\"},\"thumbnailUrl\":\"https:\\\/\\\/unaymilletras.com\\\/wp-content\\\/uploads\\\/2025\\\/02\\\/AD_4nXeBopxHzu7zDm9khG9RHcas5sPp-e1739364854436.jpg\",\"datePublished\":\"2025-02-12T12:54:59+00:00\",\"dateModified\":\"2025-02-12T12:56:58+00:00\",\"description\":\"Arranca el a\u00f1o de Abhir con una colaboraci\u00f3n internacional que fusiona su estilo con la sensibilidad del mexicano Nsqk\",\"breadcrumb\":{\"@id\":\"https:\\\/\\\/unaymilletras.com\\\/abhir-inaugura-el-2025-con-carino-su-nuevo-single-junto-a-nsqk\\\/#breadcrumb\"},\"inLanguage\":\"en-GB\",\"potentialAction\":[{\"@type\":\"ReadAction\",\"target\":[\"https:\\\/\\\/unaymilletras.com\\\/abhir-inaugura-el-2025-con-carino-su-nuevo-single-junto-a-nsqk\\\/\"]}]},{\"@type\":\"ImageObject\",\"inLanguage\":\"en-GB\",\"@id\":\"https:\\\/\\\/unaymilletras.com\\\/abhir-inaugura-el-2025-con-carino-su-nuevo-single-junto-a-nsqk\\\/#primaryimage\",\"url\":\"https:\\\/\\\/unaymilletras.com\\\/wp-content\\\/uploads\\\/2025\\\/02\\\/AD_4nXeBopxHzu7zDm9khG9RHcas5sPp-e1739364854436.jpg\",\"contentUrl\":\"https:\\\/\\\/unaymilletras.com\\\/wp-content\\\/uploads\\\/2025\\\/02\\\/AD_4nXeBopxHzu7zDm9khG9RHcas5sPp-e1739364854436.jpg\",\"width\":600,\"height\":600,\"caption\":\"Abhir\"},{\"@type\":\"BreadcrumbList\",\"@id\":\"https:\\\/\\\/unaymilletras.com\\\/abhir-inaugura-el-2025-con-carino-su-nuevo-single-junto-a-nsqk\\\/#breadcrumb\",\"itemListElement\":[{\"@type\":\"ListItem\",\"position\":1,\"name\":\"Home\",\"item\":\"http:\\\/\\\/unaymilletras.com\\\/\"},{\"@type\":\"ListItem\",\"position\":2,\"name\":\"Abhir inaugura el 2025 con Cari\u00f1o, su nuevo single junto a Nsqk\"}]},{\"@type\":\"WebSite\",\"@id\":\"http:\\\/\\\/unaymilletras.com\\\/#website\",\"url\":\"http:\\\/\\\/unaymilletras.com\\\/\",\"name\":\"Una y Mil Letras\",\"description\":\"\",\"publisher\":{\"@id\":\"http:\\\/\\\/unaymilletras.com\\\/#organization\"},\"potentialAction\":[{\"@type\":\"SearchAction\",\"target\":{\"@type\":\"EntryPoint\",\"urlTemplate\":\"http:\\\/\\\/unaymilletras.com\\\/?s={search_term_string}\"},\"query-input\":{\"@type\":\"PropertyValueSpecification\",\"valueRequired\":true,\"valueName\":\"search_term_string\"}}],\"inLanguage\":\"en-GB\"},{\"@type\":\"Organization\",\"@id\":\"http:\\\/\\\/unaymilletras.com\\\/#organization\",\"name\":\"Una y Mil Letras\",\"url\":\"http:\\\/\\\/unaymilletras.com\\\/\",\"logo\":{\"@type\":\"ImageObject\",\"inLanguage\":\"en-GB\",\"@id\":\"http:\\\/\\\/unaymilletras.com\\\/#\\\/schema\\\/logo\\\/image\\\/\",\"url\":\"https:\\\/\\\/unaymilletras.com\\\/wp-content\\\/uploads\\\/2024\\\/06\\\/cropped-Logo-removebg-preview.png\",\"contentUrl\":\"https:\\\/\\\/unaymilletras.com\\\/wp-content\\\/uploads\\\/2024\\\/06\\\/cropped-Logo-removebg-preview.png\",\"width\":512,\"height\":512,\"caption\":\"Una y Mil Letras\"},\"image\":{\"@id\":\"http:\\\/\\\/unaymilletras.com\\\/#\\\/schema\\\/logo\\\/image\\\/\"},\"sameAs\":[\"https:\\\/\\\/x.com\\\/UnaYMilLetras\",\"https:\\\/\\\/instagram.com\\\/UnaYMilLetras\"]},{\"@type\":\"Person\",\"@id\":\"http:\\\/\\\/unaymilletras.com\\\/#\\\/schema\\\/person\\\/0860dc8a218329991ee2c7591f4f849d\",\"name\":\"Redacci\u00f3n\",\"image\":{\"@type\":\"ImageObject\",\"inLanguage\":\"en-GB\",\"@id\":\"https:\\\/\\\/secure.gravatar.com\\\/avatar\\\/d8f55e05a8b6597e45c55a1dcbdbfe44f4a360d88b48e00de5216a79b7732796?s=96&d=mm&r=g\",\"url\":\"https:\\\/\\\/secure.gravatar.com\\\/avatar\\\/d8f55e05a8b6597e45c55a1dcbdbfe44f4a360d88b48e00de5216a79b7732796?s=96&d=mm&r=g\",\"contentUrl\":\"https:\\\/\\\/secure.gravatar.com\\\/avatar\\\/d8f55e05a8b6597e45c55a1dcbdbfe44f4a360d88b48e00de5216a79b7732796?s=96&d=mm&r=g\",\"caption\":\"Redacci\u00f3n\"},\"url\":\"https:\\\/\\\/unaymilletras.com\\\/en\\\/author\\\/redaccion\\\/\"}]}<\/script>\n<!-- \/ Yoast SEO plugin. -->","yoast_head_json":{"title":"Abhir inaugura el 2025 con Cari\u00f1o, su nuevo single junto a Nsqk","description":"Arranca el a\u00f1o de Abhir con una colaboraci\u00f3n internacional que fusiona su estilo con la sensibilidad del mexicano Nsqk","robots":{"index":"index","follow":"follow","max-snippet":"max-snippet:-1","max-image-preview":"max-image-preview:large","max-video-preview":"max-video-preview:-1"},"canonical":"https:\/\/unaymilletras.com\/en\/abhir-inaugura-el-2025-con-carino-su-nuevo-single-junto-a-nsqk\/","og_locale":"en_GB","og_type":"article","og_title":"Abhir inaugura el 2025 con Cari\u00f1o, su nuevo single junto a Nsqk","og_description":"Arranca el a\u00f1o de Abhir con una colaboraci\u00f3n internacional que fusiona su estilo con la sensibilidad del mexicano Nsqk","og_url":"https:\/\/unaymilletras.com\/en\/abhir-inaugura-el-2025-con-carino-su-nuevo-single-junto-a-nsqk\/","og_site_name":"Una y Mil Letras","article_published_time":"2025-02-12T12:54:59+00:00","article_modified_time":"2025-02-12T12:56:58+00:00","og_image":[{"width":600,"height":600,"url":"http:\/\/unaymilletras.com\/wp-content\/uploads\/2025\/02\/AD_4nXeBopxHzu7zDm9khG9RHcas5sPp-e1739364854436.jpg","type":"image\/jpeg"}],"author":"Redacci\u00f3n","twitter_card":"summary_large_image","twitter_creator":"@UnaYMilLetras","twitter_site":"@UnaYMilLetras","twitter_misc":{"Written by":"Redacci\u00f3n","Estimated reading time":"2 minutes"},"schema":{"@context":"https:\/\/schema.org","@graph":[{"@type":"Article","@id":"https:\/\/unaymilletras.com\/abhir-inaugura-el-2025-con-carino-su-nuevo-single-junto-a-nsqk\/#article","isPartOf":{"@id":"https:\/\/unaymilletras.com\/abhir-inaugura-el-2025-con-carino-su-nuevo-single-junto-a-nsqk\/"},"author":{"name":"Redacci\u00f3n","@id":"http:\/\/unaymilletras.com\/#\/schema\/person\/0860dc8a218329991ee2c7591f4f849d"},"headline":"Abhir inaugura el 2025 con Cari\u00f1o, su nuevo single junto a Nsqk","datePublished":"2025-02-12T12:54:59+00:00","dateModified":"2025-02-12T12:56:58+00:00","mainEntityOfPage":{"@id":"https:\/\/unaymilletras.com\/abhir-inaugura-el-2025-con-carino-su-nuevo-single-junto-a-nsqk\/"},"wordCount":242,"publisher":{"@id":"http:\/\/unaymilletras.com\/#organization"},"image":{"@id":"https:\/\/unaymilletras.com\/abhir-inaugura-el-2025-con-carino-su-nuevo-single-junto-a-nsqk\/#primaryimage"},"thumbnailUrl":"https:\/\/unaymilletras.com\/wp-content\/uploads\/2025\/02\/AD_4nXeBopxHzu7zDm9khG9RHcas5sPp-e1739364854436.jpg","articleSection":["M\u00fasica"],"inLanguage":"en-GB"},{"@type":"WebPage","@id":"https:\/\/unaymilletras.com\/abhir-inaugura-el-2025-con-carino-su-nuevo-single-junto-a-nsqk\/","url":"https:\/\/unaymilletras.com\/abhir-inaugura-el-2025-con-carino-su-nuevo-single-junto-a-nsqk\/","name":"Abhir inaugura el 2025 con Cari\u00f1o, su nuevo single junto a Nsqk","isPartOf":{"@id":"http:\/\/unaymilletras.com\/#website"},"primaryImageOfPage":{"@id":"https:\/\/unaymilletras.com\/abhir-inaugura-el-2025-con-carino-su-nuevo-single-junto-a-nsqk\/#primaryimage"},"image":{"@id":"https:\/\/unaymilletras.com\/abhir-inaugura-el-2025-con-carino-su-nuevo-single-junto-a-nsqk\/#primaryimage"},"thumbnailUrl":"https:\/\/unaymilletras.com\/wp-content\/uploads\/2025\/02\/AD_4nXeBopxHzu7zDm9khG9RHcas5sPp-e1739364854436.jpg","datePublished":"2025-02-12T12:54:59+00:00","dateModified":"2025-02-12T12:56:58+00:00","description":"Arranca el a\u00f1o de Abhir con una colaboraci\u00f3n internacional que fusiona su estilo con la sensibilidad del mexicano Nsqk","breadcrumb":{"@id":"https:\/\/unaymilletras.com\/abhir-inaugura-el-2025-con-carino-su-nuevo-single-junto-a-nsqk\/#breadcrumb"},"inLanguage":"en-GB","potentialAction":[{"@type":"ReadAction","target":["https:\/\/unaymilletras.com\/abhir-inaugura-el-2025-con-carino-su-nuevo-single-junto-a-nsqk\/"]}]},{"@type":"ImageObject","inLanguage":"en-GB","@id":"https:\/\/unaymilletras.com\/abhir-inaugura-el-2025-con-carino-su-nuevo-single-junto-a-nsqk\/#primaryimage","url":"https:\/\/unaymilletras.com\/wp-content\/uploads\/2025\/02\/AD_4nXeBopxHzu7zDm9khG9RHcas5sPp-e1739364854436.jpg","contentUrl":"https:\/\/unaymilletras.com\/wp-content\/uploads\/2025\/02\/AD_4nXeBopxHzu7zDm9khG9RHcas5sPp-e1739364854436.jpg","width":600,"height":600,"caption":"Abhir"},{"@type":"BreadcrumbList","@id":"https:\/\/unaymilletras.com\/abhir-inaugura-el-2025-con-carino-su-nuevo-single-junto-a-nsqk\/#breadcrumb","itemListElement":[{"@type":"ListItem","position":1,"name":"Home","item":"http:\/\/unaymilletras.com\/"},{"@type":"ListItem","position":2,"name":"Abhir inaugura el 2025 con Cari\u00f1o, su nuevo single junto a Nsqk"}]},{"@type":"WebSite","@id":"http:\/\/unaymilletras.com\/#website","url":"http:\/\/unaymilletras.com\/","name":"Una y Mil Letras","description":"","publisher":{"@id":"http:\/\/unaymilletras.com\/#organization"},"potentialAction":[{"@type":"SearchAction","target":{"@type":"EntryPoint","urlTemplate":"http:\/\/unaymilletras.com\/?s={search_term_string}"},"query-input":{"@type":"PropertyValueSpecification","valueRequired":true,"valueName":"search_term_string"}}],"inLanguage":"en-GB"},{"@type":"Organization","@id":"http:\/\/unaymilletras.com\/#organization","name":"Una y Mil Letras","url":"http:\/\/unaymilletras.com\/","logo":{"@type":"ImageObject","inLanguage":"en-GB","@id":"http:\/\/unaymilletras.com\/#\/schema\/logo\/image\/","url":"https:\/\/unaymilletras.com\/wp-content\/uploads\/2024\/06\/cropped-Logo-removebg-preview.png","contentUrl":"https:\/\/unaymilletras.com\/wp-content\/uploads\/2024\/06\/cropped-Logo-removebg-preview.png","width":512,"height":512,"caption":"Una y Mil Letras"},"image":{"@id":"http:\/\/unaymilletras.com\/#\/schema\/logo\/image\/"},"sameAs":["https:\/\/x.com\/UnaYMilLetras","https:\/\/instagram.com\/UnaYMilLetras"]},{"@type":"Person","@id":"http:\/\/unaymilletras.com\/#\/schema\/person\/0860dc8a218329991ee2c7591f4f849d","name":"Redacci\u00f3n","image":{"@type":"ImageObject","inLanguage":"en-GB","@id":"https:\/\/secure.gravatar.com\/avatar\/d8f55e05a8b6597e45c55a1dcbdbfe44f4a360d88b48e00de5216a79b7732796?s=96&d=mm&r=g","url":"https:\/\/secure.gravatar.com\/avatar\/d8f55e05a8b6597e45c55a1dcbdbfe44f4a360d88b48e00de5216a79b7732796?s=96&d=mm&r=g","contentUrl":"https:\/\/secure.gravatar.com\/avatar\/d8f55e05a8b6597e45c55a1dcbdbfe44f4a360d88b48e00de5216a79b7732796?s=96&d=mm&r=g","caption":"Redacci\u00f3n"},"url":"https:\/\/unaymilletras.com\/en\/author\/redaccion\/"}]}},"_links":{"self":[{"href":"https:\/\/unaymilletras.com\/en\/wp-json\/wp\/v2\/posts\/3697","targetHints":{"allow":["GET"]}}],"collection":[{"href":"https:\/\/unaymilletras.com\/en\/wp-json\/wp\/v2\/posts"}],"about":[{"href":"https:\/\/unaymilletras.com\/en\/wp-json\/wp\/v2\/types\/post"}],"author":[{"embeddable":true,"href":"https:\/\/unaymilletras.com\/en\/wp-json\/wp\/v2\/users\/6"}],"replies":[{"embeddable":true,"href":"https:\/\/unaymilletras.com\/en\/wp-json\/wp\/v2\/comments?post=3697"}],"version-history":[{"count":10,"href":"https:\/\/unaymilletras.com\/en\/wp-json\/wp\/v2\/posts\/3697\/revisions"}],"predecessor-version":[{"id":3708,"href":"https:\/\/unaymilletras.com\/en\/wp-json\/wp\/v2\/posts\/3697\/revisions\/3708"}],"wp:featuredmedia":[{"embeddable":true,"href":"https:\/\/unaymilletras.com\/en\/wp-json\/wp\/v2\/media\/3699"}],"wp:attachment":[{"href":"https:\/\/unaymilletras.com\/en\/wp-json\/wp\/v2\/media?parent=3697"}],"wp:term":[{"taxonomy":"category","embeddable":true,"href":"https:\/\/unaymilletras.com\/en\/wp-json\/wp\/v2\/categories?post=3697"},{"taxonomy":"post_tag","embeddable":true,"href":"https:\/\/unaymilletras.com\/en\/wp-json\/wp\/v2\/tags?post=3697"}],"curies":[{"name":"wp","href":"https:\/\/api.w.org\/{rel}","templated":true}]}}