{"id":3709,"date":"2025-02-13T12:00:00","date_gmt":"2025-02-13T11:00:00","guid":{"rendered":"https:\/\/unaymilletras.com\/?p=3709"},"modified":"2025-02-12T23:27:44","modified_gmt":"2025-02-12T22:27:44","slug":"rebeca-stones-lanza-su-nueva-novela-amar-sin-escalas","status":"publish","type":"post","link":"https:\/\/unaymilletras.com\/en\/rebeca-stones-lanza-su-nueva-novela-amar-sin-escalas\/","title":{"rendered":"Rebeca Stones lanza su nueva novela Amar sin escalas"},"content":{"rendered":"\t\t<div data-elementor-type=\"wp-post\" data-elementor-id=\"3709\" class=\"elementor elementor-3709\">\n\t\t\t\t\t\t<section class=\"elementor-section elementor-top-section elementor-element elementor-element-d5abe34 elementor-section-boxed elementor-section-height-default elementor-section-height-default\" data-id=\"d5abe34\" data-element_type=\"section\" data-e-type=\"section\">\n\t\t\t\t\t\t<div class=\"elementor-container elementor-column-gap-default\">\n\t\t\t\t\t<div class=\"elementor-column elementor-col-100 elementor-top-column elementor-element elementor-element-1221d4d\" data-id=\"1221d4d\" data-element_type=\"column\" data-e-type=\"column\">\n\t\t\t<div class=\"elementor-widget-wrap elementor-element-populated\">\n\t\t\t\t\t\t<div class=\"elementor-element elementor-element-409545e elementor-widget elementor-widget-text-editor\" data-id=\"409545e\" data-element_type=\"widget\" data-e-type=\"widget\" data-widget_type=\"text-editor.default\">\n\t\t\t\t<div class=\"elementor-widget-container\">\n\t\t\t\t\t\t\t\t\t<h2 style=\"text-align: center;\"><span style=\"color: #808080;\"><em>La autora Rebeca Stones regresa con una historia que llevar\u00e1 a los lectores por un viaje lleno de emociones y rivalidades<\/em><\/span><\/h2>\t\t\t\t\t\t\t\t<\/div>\n\t\t\t\t<\/div>\n\t\t\t\t\t<\/div>\n\t\t<\/div>\n\t\t\t\t\t<\/div>\n\t\t<\/section>\n\t\t\t\t<section class=\"elementor-section elementor-top-section elementor-element elementor-element-d9b01d0 elementor-section-boxed elementor-section-height-default elementor-section-height-default\" data-id=\"d9b01d0\" data-element_type=\"section\" data-e-type=\"section\">\n\t\t\t\t\t\t<div class=\"elementor-container elementor-column-gap-default\">\n\t\t\t\t\t<div class=\"elementor-column elementor-col-100 elementor-top-column elementor-element elementor-element-e01f9a2\" data-id=\"e01f9a2\" data-element_type=\"column\" data-e-type=\"column\">\n\t\t\t<div class=\"elementor-widget-wrap elementor-element-populated\">\n\t\t\t\t\t\t<div class=\"elementor-element elementor-element-46868ac elementor-widget elementor-widget-text-editor\" data-id=\"46868ac\" data-element_type=\"widget\" data-e-type=\"widget\" data-widget_type=\"text-editor.default\">\n\t\t\t\t<div class=\"elementor-widget-container\">\n\t\t\t\t\t\t\t\t\t<p data-start=\"220\" data-end=\"661\"><b>Rebeca Stones<\/b>, una de las voces m\u00e1s destacadas de la literatura juvenil en espa\u00f1ol, vuelve con <em data-start=\"315\" data-end=\"333\"><b>Amar sin escalas<\/b>. <\/em><span data-start=\"315\" data-end=\"333\">Esta<\/span>\u00a0nueva novela que promete hacer viajar a los lectores a trav\u00e9s de una historia de amor, aventura y rivalidad. La autora ya ha cautivado a m\u00e1s de 200.000 lectores con t\u00edtulos como <em data-start=\"521\" data-end=\"535\">Ingobernable<\/em>, <em data-start=\"537\" data-end=\"543\">Ocho<\/em> y <em data-start=\"546\" data-end=\"556\">Sinergia. <\/em><span data-start=\"546\" data-end=\"556\">Ahora<\/span>\u00a0presenta ahora un romance donde los sentimientos se enfrentan a la competencia y el desaf\u00edo personal.<\/p>\t\t\t\t\t\t\t\t<\/div>\n\t\t\t\t<\/div>\n\t\t\t\t\t<\/div>\n\t\t<\/div>\n\t\t\t\t\t<\/div>\n\t\t<\/section>\n\t\t\t\t<section class=\"elementor-section elementor-top-section elementor-element elementor-element-5c5553b elementor-section-boxed elementor-section-height-default elementor-section-height-default\" data-id=\"5c5553b\" data-element_type=\"section\" data-e-type=\"section\">\n\t\t\t\t\t\t<div class=\"elementor-container elementor-column-gap-default\">\n\t\t\t\t\t<div class=\"elementor-column elementor-col-33 elementor-top-column elementor-element elementor-element-92b3251\" data-id=\"92b3251\" data-element_type=\"column\" data-e-type=\"column\">\n\t\t\t<div class=\"elementor-widget-wrap elementor-element-populated\">\n\t\t\t\t\t\t<div class=\"elementor-element elementor-element-c72300a elementor-widget elementor-widget-image\" data-id=\"c72300a\" data-element_type=\"widget\" data-e-type=\"widget\" data-widget_type=\"image.default\">\n\t\t\t\t<div class=\"elementor-widget-container\">\n\t\t\t\t\t\t\t\t\t\t\t\t\t\t\t<img fetchpriority=\"high\" decoding=\"async\" width=\"640\" height=\"908\" src=\"https:\/\/unaymilletras.com\/wp-content\/uploads\/2025\/02\/67ac69c09d476-722x1024.jpg\" class=\"attachment-large size-large wp-image-3711\" alt=\"Rebeca Stones\" srcset=\"https:\/\/unaymilletras.com\/wp-content\/uploads\/2025\/02\/67ac69c09d476-722x1024.jpg 722w, https:\/\/unaymilletras.com\/wp-content\/uploads\/2025\/02\/67ac69c09d476-211x300.jpg 211w, https:\/\/unaymilletras.com\/wp-content\/uploads\/2025\/02\/67ac69c09d476-768x1090.jpg 768w, https:\/\/unaymilletras.com\/wp-content\/uploads\/2025\/02\/67ac69c09d476-1082x1536.jpg 1082w, https:\/\/unaymilletras.com\/wp-content\/uploads\/2025\/02\/67ac69c09d476-1443x2048.jpg 1443w, https:\/\/unaymilletras.com\/wp-content\/uploads\/2025\/02\/67ac69c09d476-8x12.jpg 8w, https:\/\/unaymilletras.com\/wp-content\/uploads\/2025\/02\/67ac69c09d476-1024x1453.jpg 1024w, https:\/\/unaymilletras.com\/wp-content\/uploads\/2025\/02\/67ac69c09d476-scaled-e1739366127479.jpg 600w\" sizes=\"(max-width: 640px) 100vw, 640px\" \/>\t\t\t\t\t\t\t\t\t\t\t\t\t\t\t<\/div>\n\t\t\t\t<\/div>\n\t\t\t\t\t<\/div>\n\t\t<\/div>\n\t\t\t\t<div class=\"elementor-column elementor-col-66 elementor-top-column elementor-element elementor-element-0f64ff8\" data-id=\"0f64ff8\" data-element_type=\"column\" data-e-type=\"column\">\n\t\t\t<div class=\"elementor-widget-wrap elementor-element-populated\">\n\t\t\t\t\t\t<div class=\"elementor-element elementor-element-57988fe elementor-widget elementor-widget-text-editor\" data-id=\"57988fe\" data-element_type=\"widget\" data-e-type=\"widget\" data-widget_type=\"text-editor.default\">\n\t\t\t\t<div class=\"elementor-widget-container\">\n\t\t\t\t\t\t\t\t\t<p data-start=\"663\" data-end=\"1121\">La historia sigue a Valentina, una apasionada monitora de viajes que disfruta recorriendo el mundo y explorando nuevas culturas. Sin embargo, su trabajo se complica por la presencia de Vincent, su compa\u00f1ero y rival, con quien mantiene una relaci\u00f3n de constantes enfrentamientos. La situaci\u00f3n se intensifica cuando ambos descubren que uno de ellos ser\u00e1 ascendido, lo que desata una feroz competencia que los obligar\u00e1 a conocerse m\u00e1s all\u00e1 de sus diferencias.<\/p><p data-start=\"1123\" data-end=\"1524\">Con una narraci\u00f3n fresca y envolvente, <em data-start=\"1162\" data-end=\"1180\">Amar sin escalas<\/em> combina el estilo \u00e1gil y cercano que ha convertido a Stones en un referente del g\u00e9nero juvenil. La autora, originaria de Vigo y con una trayectoria que incluye m\u00e1s de 900.000 seguidores en su canal de YouTube, demuestra una vez m\u00e1s su capacidad para conectar con el p\u00fablico a trav\u00e9s de personajes carism\u00e1ticos y conflictos llenos de emoci\u00f3n.<\/p>\t\t\t\t\t\t\t\t<\/div>\n\t\t\t\t<\/div>\n\t\t\t\t\t<\/div>\n\t\t<\/div>\n\t\t\t\t\t<\/div>\n\t\t<\/section>\n\t\t\t\t<section class=\"elementor-section elementor-top-section elementor-element elementor-element-6977eb0 elementor-section-boxed elementor-section-height-default elementor-section-height-default\" data-id=\"6977eb0\" data-element_type=\"section\" data-e-type=\"section\">\n\t\t\t\t\t\t<div class=\"elementor-container elementor-column-gap-default\">\n\t\t\t\t\t<div class=\"elementor-column elementor-col-100 elementor-top-column elementor-element elementor-element-b021465\" data-id=\"b021465\" data-element_type=\"column\" data-e-type=\"column\">\n\t\t\t<div class=\"elementor-widget-wrap elementor-element-populated\">\n\t\t\t\t\t\t<div class=\"elementor-element elementor-element-7cd64ec elementor-widget elementor-widget-text-editor\" data-id=\"7cd64ec\" data-element_type=\"widget\" data-e-type=\"widget\" data-widget_type=\"text-editor.default\">\n\t\t\t\t<div class=\"elementor-widget-container\">\n\t\t\t\t\t\t\t\t\t<div class=\"flex max-w-full flex-col flex-grow\">\n<div class=\"min-h-8 text-message flex w-full flex-col items-end gap-2 whitespace-normal break-words text-start [.text-message+&amp;]:mt-5\" dir=\"auto\" data-message-author-role=\"assistant\" data-message-id=\"d45783c6-4381-4b3e-acd1-e3ae5a4ed3e7\" data-message-model-slug=\"gpt-4o\">\n<div class=\"flex w-full flex-col gap-1 empty:hidden first:pt-[3px]\">\n<div class=\"markdown prose w-full break-words dark:prose-invert light\">\n<p data-start=\"1526\" data-end=\"1756\" data-is-last-node=\"\">La novela estar\u00e1 disponible a partir del 13 de febrero en Montena, ofreciendo a los lectores una nueva historia que promete enamorar y hacer reflexionar sobre el significado del amor y la importancia de las segundas oportunidades.&nbsp;<\/p>\n<\/div>\n<\/div>\n<\/div>\n<\/div>\t\t\t\t\t\t\t\t<\/div>\n\t\t\t\t<\/div>\n\t\t\t\t\t<\/div>\n\t\t<\/div>\n\t\t\t\t\t<\/div>\n\t\t<\/section>\n\t\t\t\t<\/div>\n\t\t","protected":false},"excerpt":{"rendered":"<p>La autora Rebeca Stones regresa con una historia que llevar\u00e1 a los lectores por un viaje lleno de emociones y rivalidades Rebeca Stones, una de las voces m\u00e1s destacadas de la literatura juvenil en espa\u00f1ol, vuelve con Amar sin escalas. Esta\u00a0nueva novela que promete hacer viajar a los lectores a trav\u00e9s de una historia de [&hellip;]<\/p>\n","protected":false},"author":6,"featured_media":3711,"comment_status":"closed","ping_status":"closed","sticky":false,"template":"","format":"standard","meta":{"footnotes":""},"categories":[121],"tags":[],"class_list":["post-3709","post","type-post","status-publish","format-standard","has-post-thumbnail","hentry","category-libros"],"yoast_head":"<!-- This site is optimized with the Yoast SEO plugin v27.4 - https:\/\/yoast.com\/product\/yoast-seo-wordpress\/ -->\n<title>Rebeca Stones lanza su nueva novela Amar sin escalas<\/title>\n<meta name=\"description\" content=\"La autora Rebeca Stones regresa con una historia que llevar\u00e1 a los lectores por un viaje lleno de emociones y rivalidades\" \/>\n<meta name=\"robots\" content=\"index, follow, max-snippet:-1, max-image-preview:large, max-video-preview:-1\" \/>\n<link rel=\"canonical\" href=\"https:\/\/unaymilletras.com\/en\/rebeca-stones-lanza-su-nueva-novela-amar-sin-escalas\/\" \/>\n<meta property=\"og:locale\" content=\"en_GB\" \/>\n<meta property=\"og:type\" content=\"article\" \/>\n<meta property=\"og:title\" content=\"Rebeca Stones lanza su nueva novela Amar sin escalas\" \/>\n<meta property=\"og:description\" content=\"La autora Rebeca Stones regresa con una historia que llevar\u00e1 a los lectores por un viaje lleno de emociones y rivalidades\" \/>\n<meta property=\"og:url\" content=\"https:\/\/unaymilletras.com\/en\/rebeca-stones-lanza-su-nueva-novela-amar-sin-escalas\/\" \/>\n<meta property=\"og:site_name\" content=\"Una y Mil Letras\" \/>\n<meta property=\"article:published_time\" content=\"2025-02-13T11:00:00+00:00\" \/>\n<meta property=\"og:image\" content=\"https:\/\/unaymilletras.com\/wp-content\/uploads\/2025\/02\/67ac69c09d476-scaled-e1739366127479.jpg\" \/>\n\t<meta property=\"og:image:width\" content=\"600\" \/>\n\t<meta property=\"og:image:height\" content=\"851\" \/>\n\t<meta property=\"og:image:type\" content=\"image\/jpeg\" \/>\n<meta name=\"author\" content=\"Redacci\u00f3n\" \/>\n<meta name=\"twitter:card\" content=\"summary_large_image\" \/>\n<meta name=\"twitter:creator\" content=\"@UnaYMilLetras\" \/>\n<meta name=\"twitter:site\" content=\"@UnaYMilLetras\" \/>\n<meta name=\"twitter:label1\" content=\"Written by\" \/>\n\t<meta name=\"twitter:data1\" content=\"Redacci\u00f3n\" \/>\n\t<meta name=\"twitter:label2\" content=\"Estimated reading time\" \/>\n\t<meta name=\"twitter:data2\" content=\"2 minutes\" \/>\n<script type=\"application\/ld+json\" class=\"yoast-schema-graph\">{\"@context\":\"https:\\\/\\\/schema.org\",\"@graph\":[{\"@type\":\"Article\",\"@id\":\"https:\\\/\\\/unaymilletras.com\\\/rebeca-stones-lanza-su-nueva-novela-amar-sin-escalas\\\/#article\",\"isPartOf\":{\"@id\":\"https:\\\/\\\/unaymilletras.com\\\/rebeca-stones-lanza-su-nueva-novela-amar-sin-escalas\\\/\"},\"author\":{\"name\":\"Redacci\u00f3n\",\"@id\":\"http:\\\/\\\/unaymilletras.com\\\/#\\\/schema\\\/person\\\/0860dc8a218329991ee2c7591f4f849d\"},\"headline\":\"Rebeca Stones lanza su nueva novela Amar sin escalas\",\"datePublished\":\"2025-02-13T11:00:00+00:00\",\"mainEntityOfPage\":{\"@id\":\"https:\\\/\\\/unaymilletras.com\\\/rebeca-stones-lanza-su-nueva-novela-amar-sin-escalas\\\/\"},\"wordCount\":294,\"publisher\":{\"@id\":\"http:\\\/\\\/unaymilletras.com\\\/#organization\"},\"image\":{\"@id\":\"https:\\\/\\\/unaymilletras.com\\\/rebeca-stones-lanza-su-nueva-novela-amar-sin-escalas\\\/#primaryimage\"},\"thumbnailUrl\":\"https:\\\/\\\/unaymilletras.com\\\/wp-content\\\/uploads\\\/2025\\\/02\\\/67ac69c09d476-scaled-e1739366127479.jpg\",\"articleSection\":[\"Libros\"],\"inLanguage\":\"en-GB\"},{\"@type\":\"WebPage\",\"@id\":\"https:\\\/\\\/unaymilletras.com\\\/rebeca-stones-lanza-su-nueva-novela-amar-sin-escalas\\\/\",\"url\":\"https:\\\/\\\/unaymilletras.com\\\/rebeca-stones-lanza-su-nueva-novela-amar-sin-escalas\\\/\",\"name\":\"Rebeca Stones lanza su nueva novela Amar sin escalas\",\"isPartOf\":{\"@id\":\"http:\\\/\\\/unaymilletras.com\\\/#website\"},\"primaryImageOfPage\":{\"@id\":\"https:\\\/\\\/unaymilletras.com\\\/rebeca-stones-lanza-su-nueva-novela-amar-sin-escalas\\\/#primaryimage\"},\"image\":{\"@id\":\"https:\\\/\\\/unaymilletras.com\\\/rebeca-stones-lanza-su-nueva-novela-amar-sin-escalas\\\/#primaryimage\"},\"thumbnailUrl\":\"https:\\\/\\\/unaymilletras.com\\\/wp-content\\\/uploads\\\/2025\\\/02\\\/67ac69c09d476-scaled-e1739366127479.jpg\",\"datePublished\":\"2025-02-13T11:00:00+00:00\",\"description\":\"La autora Rebeca Stones regresa con una historia que llevar\u00e1 a los lectores por un viaje lleno de emociones y rivalidades\",\"breadcrumb\":{\"@id\":\"https:\\\/\\\/unaymilletras.com\\\/rebeca-stones-lanza-su-nueva-novela-amar-sin-escalas\\\/#breadcrumb\"},\"inLanguage\":\"en-GB\",\"potentialAction\":[{\"@type\":\"ReadAction\",\"target\":[\"https:\\\/\\\/unaymilletras.com\\\/rebeca-stones-lanza-su-nueva-novela-amar-sin-escalas\\\/\"]}]},{\"@type\":\"ImageObject\",\"inLanguage\":\"en-GB\",\"@id\":\"https:\\\/\\\/unaymilletras.com\\\/rebeca-stones-lanza-su-nueva-novela-amar-sin-escalas\\\/#primaryimage\",\"url\":\"https:\\\/\\\/unaymilletras.com\\\/wp-content\\\/uploads\\\/2025\\\/02\\\/67ac69c09d476-scaled-e1739366127479.jpg\",\"contentUrl\":\"https:\\\/\\\/unaymilletras.com\\\/wp-content\\\/uploads\\\/2025\\\/02\\\/67ac69c09d476-scaled-e1739366127479.jpg\",\"width\":600,\"height\":851,\"caption\":\"Rebeca Stones\"},{\"@type\":\"BreadcrumbList\",\"@id\":\"https:\\\/\\\/unaymilletras.com\\\/rebeca-stones-lanza-su-nueva-novela-amar-sin-escalas\\\/#breadcrumb\",\"itemListElement\":[{\"@type\":\"ListItem\",\"position\":1,\"name\":\"Home\",\"item\":\"http:\\\/\\\/unaymilletras.com\\\/\"},{\"@type\":\"ListItem\",\"position\":2,\"name\":\"Rebeca Stones lanza su nueva novela Amar sin escalas\"}]},{\"@type\":\"WebSite\",\"@id\":\"http:\\\/\\\/unaymilletras.com\\\/#website\",\"url\":\"http:\\\/\\\/unaymilletras.com\\\/\",\"name\":\"Una y Mil Letras\",\"description\":\"\",\"publisher\":{\"@id\":\"http:\\\/\\\/unaymilletras.com\\\/#organization\"},\"potentialAction\":[{\"@type\":\"SearchAction\",\"target\":{\"@type\":\"EntryPoint\",\"urlTemplate\":\"http:\\\/\\\/unaymilletras.com\\\/?s={search_term_string}\"},\"query-input\":{\"@type\":\"PropertyValueSpecification\",\"valueRequired\":true,\"valueName\":\"search_term_string\"}}],\"inLanguage\":\"en-GB\"},{\"@type\":\"Organization\",\"@id\":\"http:\\\/\\\/unaymilletras.com\\\/#organization\",\"name\":\"Una y Mil Letras\",\"url\":\"http:\\\/\\\/unaymilletras.com\\\/\",\"logo\":{\"@type\":\"ImageObject\",\"inLanguage\":\"en-GB\",\"@id\":\"http:\\\/\\\/unaymilletras.com\\\/#\\\/schema\\\/logo\\\/image\\\/\",\"url\":\"https:\\\/\\\/unaymilletras.com\\\/wp-content\\\/uploads\\\/2024\\\/06\\\/cropped-Logo-removebg-preview.png\",\"contentUrl\":\"https:\\\/\\\/unaymilletras.com\\\/wp-content\\\/uploads\\\/2024\\\/06\\\/cropped-Logo-removebg-preview.png\",\"width\":512,\"height\":512,\"caption\":\"Una y Mil Letras\"},\"image\":{\"@id\":\"http:\\\/\\\/unaymilletras.com\\\/#\\\/schema\\\/logo\\\/image\\\/\"},\"sameAs\":[\"https:\\\/\\\/x.com\\\/UnaYMilLetras\",\"https:\\\/\\\/instagram.com\\\/UnaYMilLetras\"]},{\"@type\":\"Person\",\"@id\":\"http:\\\/\\\/unaymilletras.com\\\/#\\\/schema\\\/person\\\/0860dc8a218329991ee2c7591f4f849d\",\"name\":\"Redacci\u00f3n\",\"image\":{\"@type\":\"ImageObject\",\"inLanguage\":\"en-GB\",\"@id\":\"https:\\\/\\\/secure.gravatar.com\\\/avatar\\\/d8f55e05a8b6597e45c55a1dcbdbfe44f4a360d88b48e00de5216a79b7732796?s=96&d=mm&r=g\",\"url\":\"https:\\\/\\\/secure.gravatar.com\\\/avatar\\\/d8f55e05a8b6597e45c55a1dcbdbfe44f4a360d88b48e00de5216a79b7732796?s=96&d=mm&r=g\",\"contentUrl\":\"https:\\\/\\\/secure.gravatar.com\\\/avatar\\\/d8f55e05a8b6597e45c55a1dcbdbfe44f4a360d88b48e00de5216a79b7732796?s=96&d=mm&r=g\",\"caption\":\"Redacci\u00f3n\"},\"url\":\"https:\\\/\\\/unaymilletras.com\\\/en\\\/author\\\/redaccion\\\/\"}]}<\/script>\n<!-- \/ Yoast SEO plugin. -->","yoast_head_json":{"title":"Rebeca Stones lanza su nueva novela Amar sin escalas","description":"La autora Rebeca Stones regresa con una historia que llevar\u00e1 a los lectores por un viaje lleno de emociones y rivalidades","robots":{"index":"index","follow":"follow","max-snippet":"max-snippet:-1","max-image-preview":"max-image-preview:large","max-video-preview":"max-video-preview:-1"},"canonical":"https:\/\/unaymilletras.com\/en\/rebeca-stones-lanza-su-nueva-novela-amar-sin-escalas\/","og_locale":"en_GB","og_type":"article","og_title":"Rebeca Stones lanza su nueva novela Amar sin escalas","og_description":"La autora Rebeca Stones regresa con una historia que llevar\u00e1 a los lectores por un viaje lleno de emociones y rivalidades","og_url":"https:\/\/unaymilletras.com\/en\/rebeca-stones-lanza-su-nueva-novela-amar-sin-escalas\/","og_site_name":"Una y Mil Letras","article_published_time":"2025-02-13T11:00:00+00:00","og_image":[{"width":600,"height":851,"url":"https:\/\/unaymilletras.com\/wp-content\/uploads\/2025\/02\/67ac69c09d476-scaled-e1739366127479.jpg","type":"image\/jpeg"}],"author":"Redacci\u00f3n","twitter_card":"summary_large_image","twitter_creator":"@UnaYMilLetras","twitter_site":"@UnaYMilLetras","twitter_misc":{"Written by":"Redacci\u00f3n","Estimated reading time":"2 minutes"},"schema":{"@context":"https:\/\/schema.org","@graph":[{"@type":"Article","@id":"https:\/\/unaymilletras.com\/rebeca-stones-lanza-su-nueva-novela-amar-sin-escalas\/#article","isPartOf":{"@id":"https:\/\/unaymilletras.com\/rebeca-stones-lanza-su-nueva-novela-amar-sin-escalas\/"},"author":{"name":"Redacci\u00f3n","@id":"http:\/\/unaymilletras.com\/#\/schema\/person\/0860dc8a218329991ee2c7591f4f849d"},"headline":"Rebeca Stones lanza su nueva novela Amar sin escalas","datePublished":"2025-02-13T11:00:00+00:00","mainEntityOfPage":{"@id":"https:\/\/unaymilletras.com\/rebeca-stones-lanza-su-nueva-novela-amar-sin-escalas\/"},"wordCount":294,"publisher":{"@id":"http:\/\/unaymilletras.com\/#organization"},"image":{"@id":"https:\/\/unaymilletras.com\/rebeca-stones-lanza-su-nueva-novela-amar-sin-escalas\/#primaryimage"},"thumbnailUrl":"https:\/\/unaymilletras.com\/wp-content\/uploads\/2025\/02\/67ac69c09d476-scaled-e1739366127479.jpg","articleSection":["Libros"],"inLanguage":"en-GB"},{"@type":"WebPage","@id":"https:\/\/unaymilletras.com\/rebeca-stones-lanza-su-nueva-novela-amar-sin-escalas\/","url":"https:\/\/unaymilletras.com\/rebeca-stones-lanza-su-nueva-novela-amar-sin-escalas\/","name":"Rebeca Stones lanza su nueva novela Amar sin escalas","isPartOf":{"@id":"http:\/\/unaymilletras.com\/#website"},"primaryImageOfPage":{"@id":"https:\/\/unaymilletras.com\/rebeca-stones-lanza-su-nueva-novela-amar-sin-escalas\/#primaryimage"},"image":{"@id":"https:\/\/unaymilletras.com\/rebeca-stones-lanza-su-nueva-novela-amar-sin-escalas\/#primaryimage"},"thumbnailUrl":"https:\/\/unaymilletras.com\/wp-content\/uploads\/2025\/02\/67ac69c09d476-scaled-e1739366127479.jpg","datePublished":"2025-02-13T11:00:00+00:00","description":"La autora Rebeca Stones regresa con una historia que llevar\u00e1 a los lectores por un viaje lleno de emociones y rivalidades","breadcrumb":{"@id":"https:\/\/unaymilletras.com\/rebeca-stones-lanza-su-nueva-novela-amar-sin-escalas\/#breadcrumb"},"inLanguage":"en-GB","potentialAction":[{"@type":"ReadAction","target":["https:\/\/unaymilletras.com\/rebeca-stones-lanza-su-nueva-novela-amar-sin-escalas\/"]}]},{"@type":"ImageObject","inLanguage":"en-GB","@id":"https:\/\/unaymilletras.com\/rebeca-stones-lanza-su-nueva-novela-amar-sin-escalas\/#primaryimage","url":"https:\/\/unaymilletras.com\/wp-content\/uploads\/2025\/02\/67ac69c09d476-scaled-e1739366127479.jpg","contentUrl":"https:\/\/unaymilletras.com\/wp-content\/uploads\/2025\/02\/67ac69c09d476-scaled-e1739366127479.jpg","width":600,"height":851,"caption":"Rebeca Stones"},{"@type":"BreadcrumbList","@id":"https:\/\/unaymilletras.com\/rebeca-stones-lanza-su-nueva-novela-amar-sin-escalas\/#breadcrumb","itemListElement":[{"@type":"ListItem","position":1,"name":"Home","item":"http:\/\/unaymilletras.com\/"},{"@type":"ListItem","position":2,"name":"Rebeca Stones lanza su nueva novela Amar sin escalas"}]},{"@type":"WebSite","@id":"http:\/\/unaymilletras.com\/#website","url":"http:\/\/unaymilletras.com\/","name":"Una y Mil Letras","description":"","publisher":{"@id":"http:\/\/unaymilletras.com\/#organization"},"potentialAction":[{"@type":"SearchAction","target":{"@type":"EntryPoint","urlTemplate":"http:\/\/unaymilletras.com\/?s={search_term_string}"},"query-input":{"@type":"PropertyValueSpecification","valueRequired":true,"valueName":"search_term_string"}}],"inLanguage":"en-GB"},{"@type":"Organization","@id":"http:\/\/unaymilletras.com\/#organization","name":"Una y Mil Letras","url":"http:\/\/unaymilletras.com\/","logo":{"@type":"ImageObject","inLanguage":"en-GB","@id":"http:\/\/unaymilletras.com\/#\/schema\/logo\/image\/","url":"https:\/\/unaymilletras.com\/wp-content\/uploads\/2024\/06\/cropped-Logo-removebg-preview.png","contentUrl":"https:\/\/unaymilletras.com\/wp-content\/uploads\/2024\/06\/cropped-Logo-removebg-preview.png","width":512,"height":512,"caption":"Una y Mil Letras"},"image":{"@id":"http:\/\/unaymilletras.com\/#\/schema\/logo\/image\/"},"sameAs":["https:\/\/x.com\/UnaYMilLetras","https:\/\/instagram.com\/UnaYMilLetras"]},{"@type":"Person","@id":"http:\/\/unaymilletras.com\/#\/schema\/person\/0860dc8a218329991ee2c7591f4f849d","name":"Redacci\u00f3n","image":{"@type":"ImageObject","inLanguage":"en-GB","@id":"https:\/\/secure.gravatar.com\/avatar\/d8f55e05a8b6597e45c55a1dcbdbfe44f4a360d88b48e00de5216a79b7732796?s=96&d=mm&r=g","url":"https:\/\/secure.gravatar.com\/avatar\/d8f55e05a8b6597e45c55a1dcbdbfe44f4a360d88b48e00de5216a79b7732796?s=96&d=mm&r=g","contentUrl":"https:\/\/secure.gravatar.com\/avatar\/d8f55e05a8b6597e45c55a1dcbdbfe44f4a360d88b48e00de5216a79b7732796?s=96&d=mm&r=g","caption":"Redacci\u00f3n"},"url":"https:\/\/unaymilletras.com\/en\/author\/redaccion\/"}]}},"_links":{"self":[{"href":"https:\/\/unaymilletras.com\/en\/wp-json\/wp\/v2\/posts\/3709","targetHints":{"allow":["GET"]}}],"collection":[{"href":"https:\/\/unaymilletras.com\/en\/wp-json\/wp\/v2\/posts"}],"about":[{"href":"https:\/\/unaymilletras.com\/en\/wp-json\/wp\/v2\/types\/post"}],"author":[{"embeddable":true,"href":"https:\/\/unaymilletras.com\/en\/wp-json\/wp\/v2\/users\/6"}],"replies":[{"embeddable":true,"href":"https:\/\/unaymilletras.com\/en\/wp-json\/wp\/v2\/comments?post=3709"}],"version-history":[{"count":10,"href":"https:\/\/unaymilletras.com\/en\/wp-json\/wp\/v2\/posts\/3709\/revisions"}],"predecessor-version":[{"id":3720,"href":"https:\/\/unaymilletras.com\/en\/wp-json\/wp\/v2\/posts\/3709\/revisions\/3720"}],"wp:featuredmedia":[{"embeddable":true,"href":"https:\/\/unaymilletras.com\/en\/wp-json\/wp\/v2\/media\/3711"}],"wp:attachment":[{"href":"https:\/\/unaymilletras.com\/en\/wp-json\/wp\/v2\/media?parent=3709"}],"wp:term":[{"taxonomy":"category","embeddable":true,"href":"https:\/\/unaymilletras.com\/en\/wp-json\/wp\/v2\/categories?post=3709"},{"taxonomy":"post_tag","embeddable":true,"href":"https:\/\/unaymilletras.com\/en\/wp-json\/wp\/v2\/tags?post=3709"}],"curies":[{"name":"wp","href":"https:\/\/api.w.org\/{rel}","templated":true}]}}