{"id":372,"date":"2023-03-20T21:25:12","date_gmt":"2023-03-20T21:25:12","guid":{"rendered":"https:\/\/unaymilletras.wordpress.com\/?p=372"},"modified":"2023-05-06T14:07:33","modified_gmt":"2023-05-06T14:07:33","slug":"laguna-el-ultimo-adelanto-del-disco-de-rouss","status":"publish","type":"post","link":"https:\/\/unaymilletras.com\/en\/laguna-el-ultimo-adelanto-del-disco-de-rouss\/","title":{"rendered":"\u00abLaguna\u00bb, el \u00faltimo adelanto del disco de Rouss"},"content":{"rendered":"<p class=\"has-text-align-center has-large-font-size\"><em>El 22 de marzo a las 21h se estrenar\u00e1 la colaboraci\u00f3n de Pablo Rouss junto a Leo Rizzi para su disco \u00abCiclos<\/em>\u00ab<\/p>\n\n\n\n<p class=\"has-text-align-justify has-small-font-size\">Ma\u00f1ana ver\u00e1 la luz <em><strong>Laguna<\/strong><\/em>, una de las canciones incluidas en <em><strong>Ciclos<\/strong><\/em>, el primer disco de <strong><a href=\"https:\/\/open.spotify.com\/artist\/3Xa0w2RUuQw38J199xgj2A?si=CdlnONmSTTGzzeXvGOmmpw\">Rouss<\/a><\/strong>. La canci\u00f3n que comparte con <strong><a href=\"https:\/\/open.spotify.com\/artist\/2281RSmb2cN6knnt0Iarb2?si=1TIfniY0R_2NKWzw7Ns7aQ\">Leo Rizzi<\/a><\/strong> ser\u00e1 el \u00faltimo adelanto que el cantante y productor har\u00e1 de su disco. La hora a la que estar\u00e1 disponible ser\u00e1 a las 21:00, hora espa\u00f1ola, y contar\u00e1 con su propio videoclip. Esta canci\u00f3n tiene un ritmo muy caracter\u00edstico de ambos artistas.<\/p>\n\n\n\n<p class=\"has-text-align-justify has-small-font-size\">De <em>Ciclos <\/em>ya se pueden escuchar 10 de las 17 canciones que lo formar\u00e1n. Estar\u00e1 disponible por completo el pr\u00f3ximo <strong>24 de marzo<\/strong> y todos los temas son colaboraciones. Asimismo, el<strong> 26 de abril <\/strong>tendr\u00e1 lugar el <a href=\"https:\/\/unaymilletras.wordpress.com\/2023\/03\/08\/pablo-rouss-en-la-riviera-26-de-abril\/\">concierto<\/a> de presentaci\u00f3n de este primer disco de Rouss en <strong>La Riviera, Madrid<\/strong>, al que acudir\u00e1n gran parte de los artistas que le acompa\u00f1an en su disco. <\/p>\n\n\n\n<figure class=\"wp-block-embed is-type-rich is-provider-twitter wp-block-embed-twitter\"><div class=\"wp-block-embed__wrapper\">\n<blockquote class=\"twitter-tweet\" data-width=\"550\" data-dnt=\"true\"><p lang=\"es\" dir=\"ltr\">Parec\u00eda imposible, pero ya es un hecho que casi todas las colaboraciones que est\u00e1n presentes en mi disco, me acompa\u00f1ar\u00e1n en mi concierto de presentaci\u00f3n en Madrid el 26 de abril. El concierto ser\u00e1 \u00fanico e irrepetible. Nos vemos all\u00ed. Va a ser \u00e9pico \ud83e\udde1<a href=\"https:\/\/t.co\/9V0kPBRfle\">https:\/\/t.co\/9V0kPBRfle<\/a> <a href=\"https:\/\/t.co\/LG8hKggyDO\">pic.twitter.com\/LG8hKggyDO<\/a><\/p>&mdash; ROUSS (@PabloRouss) <a href=\"https:\/\/twitter.com\/PabloRouss\/status\/1632460556689981440?ref_src=twsrc%5Etfw\">March 5, 2023<\/a><\/blockquote><script async src=\"https:\/\/platform.twitter.com\/widgets.js\" charset=\"utf-8\"><\/script>\n<\/div><\/figure>","protected":false},"excerpt":{"rendered":"<p>El 22 de marzo a las 21h se estrenar\u00e1 la colaboraci\u00f3n de Pablo Rouss junto a Leo Rizzi para su disco \u00abCiclos\u00ab Ma\u00f1ana ver\u00e1 la luz Laguna, una de las canciones incluidas en Ciclos, el primer disco de Rouss. La canci\u00f3n que comparte con Leo Rizzi ser\u00e1 el \u00faltimo adelanto que el cantante y productor [&hellip;]<\/p>\n","protected":false},"author":1,"featured_media":377,"comment_status":"open","ping_status":"open","sticky":false,"template":"","format":"standard","meta":{"footnotes":""},"categories":[4],"tags":[],"class_list":["post-372","post","type-post","status-publish","format-standard","has-post-thumbnail","hentry","category-musica"],"yoast_head":"<!-- This site is optimized with the Yoast SEO plugin v27.4 - https:\/\/yoast.com\/product\/yoast-seo-wordpress\/ -->\n<title>&quot;Laguna&quot;, el \u00faltimo adelanto del disco de Rouss &#8902; Una y Mil Letras<\/title>\n<meta name=\"robots\" content=\"index, follow, max-snippet:-1, max-image-preview:large, max-video-preview:-1\" \/>\n<link rel=\"canonical\" href=\"https:\/\/unaymilletras.com\/en\/laguna-el-ultimo-adelanto-del-disco-de-rouss\/\" \/>\n<meta property=\"og:locale\" content=\"en_GB\" \/>\n<meta property=\"og:type\" content=\"article\" \/>\n<meta property=\"og:title\" content=\"&quot;Laguna&quot;, el \u00faltimo adelanto del disco de Rouss &#8902; Una y Mil Letras\" \/>\n<meta property=\"og:description\" content=\"El 22 de marzo a las 21h se estrenar\u00e1 la colaboraci\u00f3n de Pablo Rouss junto a Leo Rizzi para su disco \u00abCiclos\u00ab Ma\u00f1ana ver\u00e1 la luz Laguna, una de las canciones incluidas en Ciclos, el primer disco de Rouss. La canci\u00f3n que comparte con Leo Rizzi ser\u00e1 el \u00faltimo adelanto que el cantante y productor [&hellip;]\" \/>\n<meta property=\"og:url\" content=\"https:\/\/unaymilletras.com\/en\/laguna-el-ultimo-adelanto-del-disco-de-rouss\/\" \/>\n<meta property=\"og:site_name\" content=\"Una y Mil Letras\" \/>\n<meta property=\"article:published_time\" content=\"2023-03-20T21:25:12+00:00\" \/>\n<meta property=\"article:modified_time\" content=\"2023-05-06T14:07:33+00:00\" \/>\n<meta property=\"og:image\" content=\"https:\/\/unaymilletras.com\/wp-content\/uploads\/2023\/03\/pablo-rouss.jpeg\" \/>\n\t<meta property=\"og:image:width\" content=\"2048\" \/>\n\t<meta property=\"og:image:height\" content=\"2048\" \/>\n\t<meta property=\"og:image:type\" content=\"image\/jpeg\" \/>\n<meta name=\"author\" content=\"Maria Gil Robledo\" \/>\n<meta name=\"twitter:card\" content=\"summary_large_image\" \/>\n<meta name=\"twitter:creator\" content=\"@UnaYMilLetras\" \/>\n<meta name=\"twitter:site\" content=\"@UnaYMilLetras\" \/>\n<meta name=\"twitter:label1\" content=\"Written by\" \/>\n\t<meta name=\"twitter:data1\" content=\"Maria Gil Robledo\" \/>\n\t<meta name=\"twitter:label2\" content=\"Estimated reading time\" \/>\n\t<meta name=\"twitter:data2\" content=\"1 minute\" \/>\n<script type=\"application\/ld+json\" class=\"yoast-schema-graph\">{\"@context\":\"https:\\\/\\\/schema.org\",\"@graph\":[{\"@type\":\"Article\",\"@id\":\"https:\\\/\\\/unaymilletras.com\\\/laguna-el-ultimo-adelanto-del-disco-de-rouss\\\/#article\",\"isPartOf\":{\"@id\":\"https:\\\/\\\/unaymilletras.com\\\/laguna-el-ultimo-adelanto-del-disco-de-rouss\\\/\"},\"author\":{\"name\":\"Maria Gil Robledo\",\"@id\":\"http:\\\/\\\/unaymilletras.com\\\/#\\\/schema\\\/person\\\/d55ba681b8a4e463d8982dbe36a5dc94\"},\"headline\":\"\u00abLaguna\u00bb, el \u00faltimo adelanto del disco de Rouss\",\"datePublished\":\"2023-03-20T21:25:12+00:00\",\"dateModified\":\"2023-05-06T14:07:33+00:00\",\"mainEntityOfPage\":{\"@id\":\"https:\\\/\\\/unaymilletras.com\\\/laguna-el-ultimo-adelanto-del-disco-de-rouss\\\/\"},\"wordCount\":171,\"commentCount\":0,\"publisher\":{\"@id\":\"http:\\\/\\\/unaymilletras.com\\\/#organization\"},\"image\":{\"@id\":\"https:\\\/\\\/unaymilletras.com\\\/laguna-el-ultimo-adelanto-del-disco-de-rouss\\\/#primaryimage\"},\"thumbnailUrl\":\"https:\\\/\\\/unaymilletras.com\\\/wp-content\\\/uploads\\\/2023\\\/03\\\/pablo-rouss.jpeg\",\"articleSection\":[\"M\u00fasica\"],\"inLanguage\":\"en-GB\",\"potentialAction\":[{\"@type\":\"CommentAction\",\"name\":\"Comment\",\"target\":[\"https:\\\/\\\/unaymilletras.com\\\/laguna-el-ultimo-adelanto-del-disco-de-rouss\\\/#respond\"]}]},{\"@type\":\"WebPage\",\"@id\":\"https:\\\/\\\/unaymilletras.com\\\/laguna-el-ultimo-adelanto-del-disco-de-rouss\\\/\",\"url\":\"https:\\\/\\\/unaymilletras.com\\\/laguna-el-ultimo-adelanto-del-disco-de-rouss\\\/\",\"name\":\"\\\"Laguna\\\", el \u00faltimo adelanto del disco de Rouss &#8902; Una y Mil Letras\",\"isPartOf\":{\"@id\":\"http:\\\/\\\/unaymilletras.com\\\/#website\"},\"primaryImageOfPage\":{\"@id\":\"https:\\\/\\\/unaymilletras.com\\\/laguna-el-ultimo-adelanto-del-disco-de-rouss\\\/#primaryimage\"},\"image\":{\"@id\":\"https:\\\/\\\/unaymilletras.com\\\/laguna-el-ultimo-adelanto-del-disco-de-rouss\\\/#primaryimage\"},\"thumbnailUrl\":\"https:\\\/\\\/unaymilletras.com\\\/wp-content\\\/uploads\\\/2023\\\/03\\\/pablo-rouss.jpeg\",\"datePublished\":\"2023-03-20T21:25:12+00:00\",\"dateModified\":\"2023-05-06T14:07:33+00:00\",\"breadcrumb\":{\"@id\":\"https:\\\/\\\/unaymilletras.com\\\/laguna-el-ultimo-adelanto-del-disco-de-rouss\\\/#breadcrumb\"},\"inLanguage\":\"en-GB\",\"potentialAction\":[{\"@type\":\"ReadAction\",\"target\":[\"https:\\\/\\\/unaymilletras.com\\\/laguna-el-ultimo-adelanto-del-disco-de-rouss\\\/\"]}]},{\"@type\":\"ImageObject\",\"inLanguage\":\"en-GB\",\"@id\":\"https:\\\/\\\/unaymilletras.com\\\/laguna-el-ultimo-adelanto-del-disco-de-rouss\\\/#primaryimage\",\"url\":\"https:\\\/\\\/unaymilletras.com\\\/wp-content\\\/uploads\\\/2023\\\/03\\\/pablo-rouss.jpeg\",\"contentUrl\":\"https:\\\/\\\/unaymilletras.com\\\/wp-content\\\/uploads\\\/2023\\\/03\\\/pablo-rouss.jpeg\",\"width\":2048,\"height\":2048},{\"@type\":\"BreadcrumbList\",\"@id\":\"https:\\\/\\\/unaymilletras.com\\\/laguna-el-ultimo-adelanto-del-disco-de-rouss\\\/#breadcrumb\",\"itemListElement\":[{\"@type\":\"ListItem\",\"position\":1,\"name\":\"Home\",\"item\":\"http:\\\/\\\/unaymilletras.com\\\/\"},{\"@type\":\"ListItem\",\"position\":2,\"name\":\"\u00abLaguna\u00bb, el \u00faltimo adelanto del disco de Rouss\"}]},{\"@type\":\"WebSite\",\"@id\":\"http:\\\/\\\/unaymilletras.com\\\/#website\",\"url\":\"http:\\\/\\\/unaymilletras.com\\\/\",\"name\":\"Una y Mil Letras\",\"description\":\"\",\"publisher\":{\"@id\":\"http:\\\/\\\/unaymilletras.com\\\/#organization\"},\"potentialAction\":[{\"@type\":\"SearchAction\",\"target\":{\"@type\":\"EntryPoint\",\"urlTemplate\":\"http:\\\/\\\/unaymilletras.com\\\/?s={search_term_string}\"},\"query-input\":{\"@type\":\"PropertyValueSpecification\",\"valueRequired\":true,\"valueName\":\"search_term_string\"}}],\"inLanguage\":\"en-GB\"},{\"@type\":\"Organization\",\"@id\":\"http:\\\/\\\/unaymilletras.com\\\/#organization\",\"name\":\"Una y Mil Letras\",\"url\":\"http:\\\/\\\/unaymilletras.com\\\/\",\"logo\":{\"@type\":\"ImageObject\",\"inLanguage\":\"en-GB\",\"@id\":\"http:\\\/\\\/unaymilletras.com\\\/#\\\/schema\\\/logo\\\/image\\\/\",\"url\":\"https:\\\/\\\/unaymilletras.com\\\/wp-content\\\/uploads\\\/2024\\\/06\\\/cropped-Logo-removebg-preview.png\",\"contentUrl\":\"https:\\\/\\\/unaymilletras.com\\\/wp-content\\\/uploads\\\/2024\\\/06\\\/cropped-Logo-removebg-preview.png\",\"width\":512,\"height\":512,\"caption\":\"Una y Mil Letras\"},\"image\":{\"@id\":\"http:\\\/\\\/unaymilletras.com\\\/#\\\/schema\\\/logo\\\/image\\\/\"},\"sameAs\":[\"https:\\\/\\\/x.com\\\/UnaYMilLetras\",\"https:\\\/\\\/instagram.com\\\/UnaYMilLetras\"]},{\"@type\":\"Person\",\"@id\":\"http:\\\/\\\/unaymilletras.com\\\/#\\\/schema\\\/person\\\/d55ba681b8a4e463d8982dbe36a5dc94\",\"name\":\"Maria Gil Robledo\",\"image\":{\"@type\":\"ImageObject\",\"inLanguage\":\"en-GB\",\"@id\":\"https:\\\/\\\/secure.gravatar.com\\\/avatar\\\/4b8e5102e0015789407eb4870b12f0f2857952d83ca124058f92b764bd1840c3?s=96&d=mm&r=g\",\"url\":\"https:\\\/\\\/secure.gravatar.com\\\/avatar\\\/4b8e5102e0015789407eb4870b12f0f2857952d83ca124058f92b764bd1840c3?s=96&d=mm&r=g\",\"contentUrl\":\"https:\\\/\\\/secure.gravatar.com\\\/avatar\\\/4b8e5102e0015789407eb4870b12f0f2857952d83ca124058f92b764bd1840c3?s=96&d=mm&r=g\",\"caption\":\"Maria Gil Robledo\"},\"sameAs\":[\"http:\\\/\\\/unaymilletras.com\"],\"url\":\"https:\\\/\\\/unaymilletras.com\\\/en\\\/author\\\/mariiagiil02_\\\/\"}]}<\/script>\n<!-- \/ Yoast SEO plugin. -->","yoast_head_json":{"title":"\"Laguna\", el \u00faltimo adelanto del disco de Rouss &#8902; Una y Mil Letras","robots":{"index":"index","follow":"follow","max-snippet":"max-snippet:-1","max-image-preview":"max-image-preview:large","max-video-preview":"max-video-preview:-1"},"canonical":"https:\/\/unaymilletras.com\/en\/laguna-el-ultimo-adelanto-del-disco-de-rouss\/","og_locale":"en_GB","og_type":"article","og_title":"\"Laguna\", el \u00faltimo adelanto del disco de Rouss &#8902; Una y Mil Letras","og_description":"El 22 de marzo a las 21h se estrenar\u00e1 la colaboraci\u00f3n de Pablo Rouss junto a Leo Rizzi para su disco \u00abCiclos\u00ab Ma\u00f1ana ver\u00e1 la luz Laguna, una de las canciones incluidas en Ciclos, el primer disco de Rouss. La canci\u00f3n que comparte con Leo Rizzi ser\u00e1 el \u00faltimo adelanto que el cantante y productor [&hellip;]","og_url":"https:\/\/unaymilletras.com\/en\/laguna-el-ultimo-adelanto-del-disco-de-rouss\/","og_site_name":"Una y Mil Letras","article_published_time":"2023-03-20T21:25:12+00:00","article_modified_time":"2023-05-06T14:07:33+00:00","og_image":[{"width":2048,"height":2048,"url":"https:\/\/unaymilletras.com\/wp-content\/uploads\/2023\/03\/pablo-rouss.jpeg","type":"image\/jpeg"}],"author":"Maria Gil Robledo","twitter_card":"summary_large_image","twitter_creator":"@UnaYMilLetras","twitter_site":"@UnaYMilLetras","twitter_misc":{"Written by":"Maria Gil Robledo","Estimated reading time":"1 minute"},"schema":{"@context":"https:\/\/schema.org","@graph":[{"@type":"Article","@id":"https:\/\/unaymilletras.com\/laguna-el-ultimo-adelanto-del-disco-de-rouss\/#article","isPartOf":{"@id":"https:\/\/unaymilletras.com\/laguna-el-ultimo-adelanto-del-disco-de-rouss\/"},"author":{"name":"Maria Gil Robledo","@id":"http:\/\/unaymilletras.com\/#\/schema\/person\/d55ba681b8a4e463d8982dbe36a5dc94"},"headline":"\u00abLaguna\u00bb, el \u00faltimo adelanto del disco de Rouss","datePublished":"2023-03-20T21:25:12+00:00","dateModified":"2023-05-06T14:07:33+00:00","mainEntityOfPage":{"@id":"https:\/\/unaymilletras.com\/laguna-el-ultimo-adelanto-del-disco-de-rouss\/"},"wordCount":171,"commentCount":0,"publisher":{"@id":"http:\/\/unaymilletras.com\/#organization"},"image":{"@id":"https:\/\/unaymilletras.com\/laguna-el-ultimo-adelanto-del-disco-de-rouss\/#primaryimage"},"thumbnailUrl":"https:\/\/unaymilletras.com\/wp-content\/uploads\/2023\/03\/pablo-rouss.jpeg","articleSection":["M\u00fasica"],"inLanguage":"en-GB","potentialAction":[{"@type":"CommentAction","name":"Comment","target":["https:\/\/unaymilletras.com\/laguna-el-ultimo-adelanto-del-disco-de-rouss\/#respond"]}]},{"@type":"WebPage","@id":"https:\/\/unaymilletras.com\/laguna-el-ultimo-adelanto-del-disco-de-rouss\/","url":"https:\/\/unaymilletras.com\/laguna-el-ultimo-adelanto-del-disco-de-rouss\/","name":"\"Laguna\", el \u00faltimo adelanto del disco de Rouss &#8902; Una y Mil Letras","isPartOf":{"@id":"http:\/\/unaymilletras.com\/#website"},"primaryImageOfPage":{"@id":"https:\/\/unaymilletras.com\/laguna-el-ultimo-adelanto-del-disco-de-rouss\/#primaryimage"},"image":{"@id":"https:\/\/unaymilletras.com\/laguna-el-ultimo-adelanto-del-disco-de-rouss\/#primaryimage"},"thumbnailUrl":"https:\/\/unaymilletras.com\/wp-content\/uploads\/2023\/03\/pablo-rouss.jpeg","datePublished":"2023-03-20T21:25:12+00:00","dateModified":"2023-05-06T14:07:33+00:00","breadcrumb":{"@id":"https:\/\/unaymilletras.com\/laguna-el-ultimo-adelanto-del-disco-de-rouss\/#breadcrumb"},"inLanguage":"en-GB","potentialAction":[{"@type":"ReadAction","target":["https:\/\/unaymilletras.com\/laguna-el-ultimo-adelanto-del-disco-de-rouss\/"]}]},{"@type":"ImageObject","inLanguage":"en-GB","@id":"https:\/\/unaymilletras.com\/laguna-el-ultimo-adelanto-del-disco-de-rouss\/#primaryimage","url":"https:\/\/unaymilletras.com\/wp-content\/uploads\/2023\/03\/pablo-rouss.jpeg","contentUrl":"https:\/\/unaymilletras.com\/wp-content\/uploads\/2023\/03\/pablo-rouss.jpeg","width":2048,"height":2048},{"@type":"BreadcrumbList","@id":"https:\/\/unaymilletras.com\/laguna-el-ultimo-adelanto-del-disco-de-rouss\/#breadcrumb","itemListElement":[{"@type":"ListItem","position":1,"name":"Home","item":"http:\/\/unaymilletras.com\/"},{"@type":"ListItem","position":2,"name":"\u00abLaguna\u00bb, el \u00faltimo adelanto del disco de Rouss"}]},{"@type":"WebSite","@id":"http:\/\/unaymilletras.com\/#website","url":"http:\/\/unaymilletras.com\/","name":"Una y Mil Letras","description":"","publisher":{"@id":"http:\/\/unaymilletras.com\/#organization"},"potentialAction":[{"@type":"SearchAction","target":{"@type":"EntryPoint","urlTemplate":"http:\/\/unaymilletras.com\/?s={search_term_string}"},"query-input":{"@type":"PropertyValueSpecification","valueRequired":true,"valueName":"search_term_string"}}],"inLanguage":"en-GB"},{"@type":"Organization","@id":"http:\/\/unaymilletras.com\/#organization","name":"Una y Mil Letras","url":"http:\/\/unaymilletras.com\/","logo":{"@type":"ImageObject","inLanguage":"en-GB","@id":"http:\/\/unaymilletras.com\/#\/schema\/logo\/image\/","url":"https:\/\/unaymilletras.com\/wp-content\/uploads\/2024\/06\/cropped-Logo-removebg-preview.png","contentUrl":"https:\/\/unaymilletras.com\/wp-content\/uploads\/2024\/06\/cropped-Logo-removebg-preview.png","width":512,"height":512,"caption":"Una y Mil Letras"},"image":{"@id":"http:\/\/unaymilletras.com\/#\/schema\/logo\/image\/"},"sameAs":["https:\/\/x.com\/UnaYMilLetras","https:\/\/instagram.com\/UnaYMilLetras"]},{"@type":"Person","@id":"http:\/\/unaymilletras.com\/#\/schema\/person\/d55ba681b8a4e463d8982dbe36a5dc94","name":"Maria Gil Robledo","image":{"@type":"ImageObject","inLanguage":"en-GB","@id":"https:\/\/secure.gravatar.com\/avatar\/4b8e5102e0015789407eb4870b12f0f2857952d83ca124058f92b764bd1840c3?s=96&d=mm&r=g","url":"https:\/\/secure.gravatar.com\/avatar\/4b8e5102e0015789407eb4870b12f0f2857952d83ca124058f92b764bd1840c3?s=96&d=mm&r=g","contentUrl":"https:\/\/secure.gravatar.com\/avatar\/4b8e5102e0015789407eb4870b12f0f2857952d83ca124058f92b764bd1840c3?s=96&d=mm&r=g","caption":"Maria Gil Robledo"},"sameAs":["http:\/\/unaymilletras.com"],"url":"https:\/\/unaymilletras.com\/en\/author\/mariiagiil02_\/"}]}},"_links":{"self":[{"href":"https:\/\/unaymilletras.com\/en\/wp-json\/wp\/v2\/posts\/372","targetHints":{"allow":["GET"]}}],"collection":[{"href":"https:\/\/unaymilletras.com\/en\/wp-json\/wp\/v2\/posts"}],"about":[{"href":"https:\/\/unaymilletras.com\/en\/wp-json\/wp\/v2\/types\/post"}],"author":[{"embeddable":true,"href":"https:\/\/unaymilletras.com\/en\/wp-json\/wp\/v2\/users\/1"}],"replies":[{"embeddable":true,"href":"https:\/\/unaymilletras.com\/en\/wp-json\/wp\/v2\/comments?post=372"}],"version-history":[{"count":1,"href":"https:\/\/unaymilletras.com\/en\/wp-json\/wp\/v2\/posts\/372\/revisions"}],"predecessor-version":[{"id":545,"href":"https:\/\/unaymilletras.com\/en\/wp-json\/wp\/v2\/posts\/372\/revisions\/545"}],"wp:featuredmedia":[{"embeddable":true,"href":"https:\/\/unaymilletras.com\/en\/wp-json\/wp\/v2\/media\/377"}],"wp:attachment":[{"href":"https:\/\/unaymilletras.com\/en\/wp-json\/wp\/v2\/media?parent=372"}],"wp:term":[{"taxonomy":"category","embeddable":true,"href":"https:\/\/unaymilletras.com\/en\/wp-json\/wp\/v2\/categories?post=372"},{"taxonomy":"post_tag","embeddable":true,"href":"https:\/\/unaymilletras.com\/en\/wp-json\/wp\/v2\/tags?post=372"}],"curies":[{"name":"wp","href":"https:\/\/api.w.org\/{rel}","templated":true}]}}