{"id":3728,"date":"2025-02-17T21:19:28","date_gmt":"2025-02-17T20:19:28","guid":{"rendered":"https:\/\/unaymilletras.com\/?p=3728"},"modified":"2025-02-17T21:23:09","modified_gmt":"2025-02-17T20:23:09","slug":"tiago-pzk-celebra-san-valentin-con-todas-sus-estrellas","status":"publish","type":"post","link":"https:\/\/unaymilletras.com\/en\/tiago-pzk-celebra-san-valentin-con-todas-sus-estrellas\/","title":{"rendered":"Tiago PZK celebra San Valent\u00edn con todas sus estrellas"},"content":{"rendered":"<div data-elementor-type=\"wp-post\" data-elementor-id=\"3728\" class=\"elementor elementor-3728\">\n\t\t\t\t\t\t<section class=\"elementor-section elementor-top-section elementor-element elementor-element-5bf7622 elementor-section-boxed elementor-section-height-default elementor-section-height-default\" data-id=\"5bf7622\" data-element_type=\"section\" data-e-type=\"section\">\n\t\t\t\t\t\t<div class=\"elementor-container elementor-column-gap-default\">\n\t\t\t\t\t<div class=\"elementor-column elementor-col-100 elementor-top-column elementor-element elementor-element-3ab1671\" data-id=\"3ab1671\" data-element_type=\"column\" data-e-type=\"column\">\n\t\t\t<div class=\"elementor-widget-wrap elementor-element-populated\">\n\t\t\t\t\t\t<div class=\"elementor-element elementor-element-e240ff4 elementor-widget elementor-widget-text-editor\" data-id=\"e240ff4\" data-element_type=\"widget\" data-e-type=\"widget\" data-widget_type=\"text-editor.default\">\n\t\t\t\t<div class=\"elementor-widget-container\">\n\t\t\t\t\t\t\t\t\t<h2 class=\"p1\" style=\"text-align: center;\"><span style=\"color: #808080;\"><i>El 14 de febrero Tiago PZK dio un salto m\u00e1s en su carrera conquistando el Movistar Arena de Madrid<\/i><\/span><\/h2>\t\t\t\t\t\t\t\t<\/div>\n\t\t\t\t<\/div>\n\t\t\t\t\t<\/div>\n\t\t<\/div>\n\t\t\t\t\t<\/div>\n\t\t<\/section>\n\t\t\t\t<section class=\"elementor-section elementor-top-section elementor-element elementor-element-7832bb0 elementor-section-boxed elementor-section-height-default elementor-section-height-default\" data-id=\"7832bb0\" data-element_type=\"section\" data-e-type=\"section\">\n\t\t\t\t\t\t<div class=\"elementor-container elementor-column-gap-default\">\n\t\t\t\t\t<div class=\"elementor-column elementor-col-100 elementor-top-column elementor-element elementor-element-985db0c\" data-id=\"985db0c\" data-element_type=\"column\" data-e-type=\"column\">\n\t\t\t<div class=\"elementor-widget-wrap elementor-element-populated\">\n\t\t\t\t\t\t<div class=\"elementor-element elementor-element-8e99528 elementor-widget elementor-widget-text-editor\" data-id=\"8e99528\" data-element_type=\"widget\" data-e-type=\"widget\" data-widget_type=\"text-editor.default\">\n\t\t\t\t<div class=\"elementor-widget-container\">\n\t\t\t\t\t\t\t\t\t<p class=\"p1\">M\u00e1s de 6.000 personas tuvieron una cita el pasado 14 de febrero. <b>Tiago PZK<\/b> actuaba por primera vez sobre el escenario del Movistar Arena de Madrid. Con este concierto, ha dado un nuevo paso en su carrera art\u00edstica al cantar en uno de los escenarios m\u00e1s emblem\u00e1ticos de la capital.<\/p>\n<p class=\"p1\">Outfits inspirados, camisetas de argentina y muchos nervios llenaban la plaza de Felipe II. Horas antes de empezar el concierto, muchos de los fans ya esperaban a las puertas del recinto ansiosos por entrar. Finalmente, a las 19:30, comenzaron a desfilar por los controles y empezaba la carrera para llegar a la primera fila. A pesar de ello, a\u00fan quedaba m\u00e1s de una hora para que diese comienzo el show.<\/p>\t\t\t\t\t\t\t\t<\/div>\n\t\t\t\t<\/div>\n\t\t\t\t\t<\/div>\n\t\t<\/div>\n\t\t\t\t\t<\/div>\n\t\t<\/section>\n\t\t\t\t<section class=\"elementor-section elementor-top-section elementor-element elementor-element-31e8ebd elementor-section-boxed elementor-section-height-default elementor-section-height-default\" data-id=\"31e8ebd\" data-element_type=\"section\" data-e-type=\"section\">\n\t\t\t\t\t\t<div class=\"elementor-container elementor-column-gap-default\">\n\t\t\t\t\t<div class=\"elementor-column elementor-col-100 elementor-top-column elementor-element elementor-element-aa01922\" data-id=\"aa01922\" data-element_type=\"column\" data-e-type=\"column\">\n\t\t\t<div class=\"elementor-widget-wrap elementor-element-populated\">\n\t\t\t\t\t\t<div class=\"elementor-element elementor-element-9f553c2 elementor-widget elementor-widget-image\" data-id=\"9f553c2\" data-element_type=\"widget\" data-e-type=\"widget\" data-widget_type=\"image.default\">\n\t\t\t\t<div class=\"elementor-widget-container\">\n\t\t\t\t\t\t\t\t\t\t\t\t<figure class=\"wp-caption\">\n\t\t\t\t\t\t\t\t\t\t<img fetchpriority=\"high\" decoding=\"async\" width=\"640\" height=\"336\" src=\"https:\/\/unaymilletras.com\/wp-content\/uploads\/2025\/02\/thiago-pzk-@nabscabDSD_0091-1024x538.jpg\" class=\"attachment-large size-large wp-image-3730\" alt=\"Tiago PZK\" srcset=\"https:\/\/unaymilletras.com\/wp-content\/uploads\/2025\/02\/thiago-pzk-@nabscabDSD_0091-1024x538.jpg 1024w, https:\/\/unaymilletras.com\/wp-content\/uploads\/2025\/02\/thiago-pzk-@nabscabDSD_0091-300x158.jpg 300w, https:\/\/unaymilletras.com\/wp-content\/uploads\/2025\/02\/thiago-pzk-@nabscabDSD_0091-768x403.jpg 768w, https:\/\/unaymilletras.com\/wp-content\/uploads\/2025\/02\/thiago-pzk-@nabscabDSD_0091-1536x807.jpg 1536w, https:\/\/unaymilletras.com\/wp-content\/uploads\/2025\/02\/thiago-pzk-@nabscabDSD_0091-2048x1076.jpg 2048w, https:\/\/unaymilletras.com\/wp-content\/uploads\/2025\/02\/thiago-pzk-@nabscabDSD_0091-18x9.jpg 18w, https:\/\/unaymilletras.com\/wp-content\/uploads\/2025\/02\/thiago-pzk-@nabscabDSD_0091-scaled-e1739822822222.jpg 600w\" sizes=\"(max-width: 640px) 100vw, 640px\" \/>\t\t\t\t\t\t\t\t\t\t\t<figcaption class=\"widget-image-caption wp-caption-text\">Foto: Nacho Nabscab<\/figcaption>\n\t\t\t\t\t\t\t\t\t\t<\/figure>\n\t\t\t\t\t\t\t\t\t<\/div>\n\t\t\t\t<\/div>\n\t\t\t\t\t<\/div>\n\t\t<\/div>\n\t\t\t\t\t<\/div>\n\t\t<\/section>\n\t\t\t\t<section class=\"elementor-section elementor-top-section elementor-element elementor-element-2632c73 elementor-section-boxed elementor-section-height-default elementor-section-height-default\" data-id=\"2632c73\" data-element_type=\"section\" data-e-type=\"section\">\n\t\t\t\t\t\t<div class=\"elementor-container elementor-column-gap-default\">\n\t\t\t\t\t<div class=\"elementor-column elementor-col-100 elementor-top-column elementor-element elementor-element-9512585\" data-id=\"9512585\" data-element_type=\"column\" data-e-type=\"column\">\n\t\t\t<div class=\"elementor-widget-wrap elementor-element-populated\">\n\t\t\t\t\t\t<div class=\"elementor-element elementor-element-2fa01a1 elementor-widget elementor-widget-text-editor\" data-id=\"2fa01a1\" data-element_type=\"widget\" data-e-type=\"widget\" data-widget_type=\"text-editor.default\">\n\t\t\t\t<div class=\"elementor-widget-container\">\n\t\t\t\t\t\t\t\t\t<p class=\"p1\">Para que la espera fuese m\u00e1s amena, Gotti anuncio una telonera muy especial: Ambik, su hermana. Una joven promesa con un talento inmenso que cant\u00f3 tantas canciones propias como corees, como el m\u00edtica <i>\u00a1Corre! <\/i>De Jesse &amp; Joy.<\/p><p class=\"p1\">A las 21:00, de la forma m\u00e1s puntual posible, empezaron a sonar los acordes de <i>Todas las estrellas<\/i>. Un inicio potente, pero que solo era el principio. Despu\u00e9s de este pistoletazo de salida, Tiago PZK continu\u00f3 con tres himnos de su carrera: <i>Adem\u00e1s de m\u00ed<\/i>, donde hizo una mezcla del remix y la canci\u00f3n original; <i>Entre Nosotros<\/i>, su colaboraci\u00f3n con Lit Killah que ya acumula m\u00e1s de 500 millones de streams en Spotify; y <i>B\u00e9same Remix<\/i>, donde colabora con grandes referentes de la escena argentina.<\/p>\t\t\t\t\t\t\t\t<\/div>\n\t\t\t\t<\/div>\n\t\t\t\t\t<\/div>\n\t\t<\/div>\n\t\t\t\t\t<\/div>\n\t\t<\/section>\n\t\t\t\t<section class=\"elementor-section elementor-top-section elementor-element elementor-element-94658a1 elementor-section-boxed elementor-section-height-default elementor-section-height-default\" data-id=\"94658a1\" data-element_type=\"section\" data-e-type=\"section\">\n\t\t\t\t\t\t<div class=\"elementor-container elementor-column-gap-default\">\n\t\t\t\t\t<div class=\"elementor-column elementor-col-50 elementor-top-column elementor-element elementor-element-7011cb3\" data-id=\"7011cb3\" data-element_type=\"column\" data-e-type=\"column\">\n\t\t\t<div class=\"elementor-widget-wrap elementor-element-populated\">\n\t\t\t\t\t\t<div class=\"elementor-element elementor-element-a78328f elementor-widget elementor-widget-image\" data-id=\"a78328f\" data-element_type=\"widget\" data-e-type=\"widget\" data-widget_type=\"image.default\">\n\t\t\t\t<div class=\"elementor-widget-container\">\n\t\t\t\t\t\t\t\t\t\t\t\t<figure class=\"wp-caption\">\n\t\t\t\t\t\t\t\t\t\t<img decoding=\"async\" width=\"640\" height=\"607\" src=\"https:\/\/unaymilletras.com\/wp-content\/uploads\/2025\/02\/thiago-pzk-@nabscabDSD_0564-1024x971.jpg\" class=\"attachment-large size-large wp-image-3731\" alt=\"Tiago PZK\" srcset=\"https:\/\/unaymilletras.com\/wp-content\/uploads\/2025\/02\/thiago-pzk-@nabscabDSD_0564-1024x971.jpg 1024w, https:\/\/unaymilletras.com\/wp-content\/uploads\/2025\/02\/thiago-pzk-@nabscabDSD_0564-300x285.jpg 300w, https:\/\/unaymilletras.com\/wp-content\/uploads\/2025\/02\/thiago-pzk-@nabscabDSD_0564-768x728.jpg 768w, https:\/\/unaymilletras.com\/wp-content\/uploads\/2025\/02\/thiago-pzk-@nabscabDSD_0564-1536x1457.jpg 1536w, https:\/\/unaymilletras.com\/wp-content\/uploads\/2025\/02\/thiago-pzk-@nabscabDSD_0564-2048x1942.jpg 2048w, https:\/\/unaymilletras.com\/wp-content\/uploads\/2025\/02\/thiago-pzk-@nabscabDSD_0564-13x12.jpg 13w, https:\/\/unaymilletras.com\/wp-content\/uploads\/2025\/02\/thiago-pzk-@nabscabDSD_0564-scaled-e1739822886434.jpg 600w\" sizes=\"(max-width: 640px) 100vw, 640px\" \/>\t\t\t\t\t\t\t\t\t\t\t<figcaption class=\"widget-image-caption wp-caption-text\">Foto: Nacho Nabscab<\/figcaption>\n\t\t\t\t\t\t\t\t\t\t<\/figure>\n\t\t\t\t\t\t\t\t\t<\/div>\n\t\t\t\t<\/div>\n\t\t\t\t\t<\/div>\n\t\t<\/div>\n\t\t\t\t<div class=\"elementor-column elementor-col-50 elementor-top-column elementor-element elementor-element-0cd0474\" data-id=\"0cd0474\" data-element_type=\"column\" data-e-type=\"column\">\n\t\t\t<div class=\"elementor-widget-wrap elementor-element-populated\">\n\t\t\t\t\t\t<div class=\"elementor-element elementor-element-acc41d3 elementor-widget elementor-widget-image\" data-id=\"acc41d3\" data-element_type=\"widget\" data-e-type=\"widget\" data-widget_type=\"image.default\">\n\t\t\t\t<div class=\"elementor-widget-container\">\n\t\t\t\t\t\t\t\t\t\t\t\t<figure class=\"wp-caption\">\n\t\t\t\t\t\t\t\t\t\t<img decoding=\"async\" width=\"640\" height=\"489\" src=\"https:\/\/unaymilletras.com\/wp-content\/uploads\/2025\/02\/thiago-pzk-@nabscabDSC_1545-1024x783.jpg\" class=\"attachment-large size-large wp-image-3732\" alt=\"Tiago PZK\" srcset=\"https:\/\/unaymilletras.com\/wp-content\/uploads\/2025\/02\/thiago-pzk-@nabscabDSC_1545-1024x783.jpg 1024w, https:\/\/unaymilletras.com\/wp-content\/uploads\/2025\/02\/thiago-pzk-@nabscabDSC_1545-300x229.jpg 300w, https:\/\/unaymilletras.com\/wp-content\/uploads\/2025\/02\/thiago-pzk-@nabscabDSC_1545-768x587.jpg 768w, https:\/\/unaymilletras.com\/wp-content\/uploads\/2025\/02\/thiago-pzk-@nabscabDSC_1545-1536x1174.jpg 1536w, https:\/\/unaymilletras.com\/wp-content\/uploads\/2025\/02\/thiago-pzk-@nabscabDSC_1545-2048x1566.jpg 2048w, https:\/\/unaymilletras.com\/wp-content\/uploads\/2025\/02\/thiago-pzk-@nabscabDSC_1545-16x12.jpg 16w, https:\/\/unaymilletras.com\/wp-content\/uploads\/2025\/02\/thiago-pzk-@nabscabDSC_1545-scaled-e1739822929213.jpg 600w\" sizes=\"(max-width: 640px) 100vw, 640px\" \/>\t\t\t\t\t\t\t\t\t\t\t<figcaption class=\"widget-image-caption wp-caption-text\">Foto: Nacho Nabscab<\/figcaption>\n\t\t\t\t\t\t\t\t\t\t<\/figure>\n\t\t\t\t\t\t\t\t\t<\/div>\n\t\t\t\t<\/div>\n\t\t\t\t\t<\/div>\n\t\t<\/div>\n\t\t\t\t\t<\/div>\n\t\t<\/section>\n\t\t\t\t<section class=\"elementor-section elementor-top-section elementor-element elementor-element-c79c0b4 elementor-section-boxed elementor-section-height-default elementor-section-height-default\" data-id=\"c79c0b4\" data-element_type=\"section\" data-e-type=\"section\">\n\t\t\t\t\t\t<div class=\"elementor-container elementor-column-gap-default\">\n\t\t\t\t\t<div class=\"elementor-column elementor-col-100 elementor-top-column elementor-element elementor-element-82bb089\" data-id=\"82bb089\" data-element_type=\"column\" data-e-type=\"column\">\n\t\t\t<div class=\"elementor-widget-wrap elementor-element-populated\">\n\t\t\t\t\t\t<div class=\"elementor-element elementor-element-ec2f8f1 elementor-widget elementor-widget-text-editor\" data-id=\"ec2f8f1\" data-element_type=\"widget\" data-e-type=\"widget\" data-widget_type=\"text-editor.default\">\n\t\t\t\t<div class=\"elementor-widget-container\">\n\t\t\t\t\t\t\t\t\t<p class=\"p1\">Durante una hora y media, el artista argentino ofreci\u00f3 un show \u00fanico, donde se not\u00f3 una gran mejor\u00eda de su puesta en escena. Un tracklist variado aunque para muchos fans le faltaron canciones y que necesitar\u00edan un concierto m\u00e1s largo. Algunos echaron de menos canciones de su disco <i>Gotti A<\/i>, como <i>Griselda<\/i> o <i>Tony<\/i>. A pesar de ello, todos salieron satisfechos gracias al incre\u00edble show que Tiago PZK ofreci\u00f3.<\/p>\t\t\t\t\t\t\t\t<\/div>\n\t\t\t\t<\/div>\n\t\t\t\t\t<\/div>\n\t\t<\/div>\n\t\t\t\t\t<\/div>\n\t\t<\/section>\n\t\t\t\t<section class=\"elementor-section elementor-top-section elementor-element elementor-element-c695589 elementor-section-boxed elementor-section-height-default elementor-section-height-default\" data-id=\"c695589\" data-element_type=\"section\" data-e-type=\"section\">\n\t\t\t\t\t\t<div class=\"elementor-container elementor-column-gap-default\">\n\t\t\t\t\t<div class=\"elementor-column elementor-col-100 elementor-top-column elementor-element elementor-element-4bec08c\" data-id=\"4bec08c\" data-element_type=\"column\" data-e-type=\"column\">\n\t\t\t<div class=\"elementor-widget-wrap elementor-element-populated\">\n\t\t\t\t\t\t<div class=\"elementor-element elementor-element-a81f53c elementor-widget elementor-widget-text-editor\" data-id=\"a81f53c\" data-element_type=\"widget\" data-e-type=\"widget\" data-widget_type=\"text-editor.default\">\n\t\t\t\t<div class=\"elementor-widget-container\">\n\t\t\t\t\t\t\t\t\t<p class=\"p1\">Otro de los momentos m\u00e1s destacados fue su interaccionara con sus fans. Comenz\u00f3 subiendo a una pareja para cantar junto a ellos <i>Bemaste<\/i> por San Valent\u00edn. Un momento que emocion\u00f3 a todo el Movistar Arena. Poco antes de terminar el concierto, otra fan le regalaba una gorra que fue su pase para que Tiago la invitase a subir. Juntos cantaron <i>Piel<\/i>, unos minutos que despertaron la envidia de muchos por lo cercano que se mostr\u00f3 el argentino con Claudia, la fan.<\/p><p class=\"p1\">En Madrid cant\u00f3 su \u00faltimo single, <i>Se\u00f1orita<\/i>, por primera vez. Asimismo, mostr\u00f3 sus dotes de bailar\u00edn que esta trabajando seg\u00fan \u00e9l mismo ha contado. Cambios de vestuario, coreograf\u00edas, cuerpo de baile y un escenario con gr\u00e1ficos muy logrados.<\/p>\t\t\t\t\t\t\t\t<\/div>\n\t\t\t\t<\/div>\n\t\t\t\t\t<\/div>\n\t\t<\/div>\n\t\t\t\t\t<\/div>\n\t\t<\/section>\n\t\t\t\t<section class=\"elementor-section elementor-top-section elementor-element elementor-element-3e98012 elementor-section-boxed elementor-section-height-default elementor-section-height-default\" data-id=\"3e98012\" data-element_type=\"section\" data-e-type=\"section\">\n\t\t\t\t\t\t<div class=\"elementor-container elementor-column-gap-default\">\n\t\t\t\t\t<div class=\"elementor-column elementor-col-100 elementor-top-column elementor-element elementor-element-9036080\" data-id=\"9036080\" data-element_type=\"column\" data-e-type=\"column\">\n\t\t\t<div class=\"elementor-widget-wrap elementor-element-populated\">\n\t\t\t\t\t\t<div class=\"elementor-element elementor-element-07f1e38 elementor-widget elementor-widget-image\" data-id=\"07f1e38\" data-element_type=\"widget\" data-e-type=\"widget\" data-widget_type=\"image.default\">\n\t\t\t\t<div class=\"elementor-widget-container\">\n\t\t\t\t\t\t\t\t\t\t\t\t<figure class=\"wp-caption\">\n\t\t\t\t\t\t\t\t\t\t<img loading=\"lazy\" decoding=\"async\" width=\"640\" height=\"347\" src=\"https:\/\/unaymilletras.com\/wp-content\/uploads\/2025\/02\/thiago-pzk-@nabscabthiago-pzk-@nabscabDSD_0427-1024x555.jpg\" class=\"attachment-large size-large wp-image-3733\" alt=\"Tiago PZK\" srcset=\"https:\/\/unaymilletras.com\/wp-content\/uploads\/2025\/02\/thiago-pzk-@nabscabthiago-pzk-@nabscabDSD_0427-1024x555.jpg 1024w, https:\/\/unaymilletras.com\/wp-content\/uploads\/2025\/02\/thiago-pzk-@nabscabthiago-pzk-@nabscabDSD_0427-300x163.jpg 300w, https:\/\/unaymilletras.com\/wp-content\/uploads\/2025\/02\/thiago-pzk-@nabscabthiago-pzk-@nabscabDSD_0427-768x416.jpg 768w, https:\/\/unaymilletras.com\/wp-content\/uploads\/2025\/02\/thiago-pzk-@nabscabthiago-pzk-@nabscabDSD_0427-1536x833.jpg 1536w, https:\/\/unaymilletras.com\/wp-content\/uploads\/2025\/02\/thiago-pzk-@nabscabthiago-pzk-@nabscabDSD_0427-2048x1110.jpg 2048w, https:\/\/unaymilletras.com\/wp-content\/uploads\/2025\/02\/thiago-pzk-@nabscabthiago-pzk-@nabscabDSD_0427-18x10.jpg 18w, https:\/\/unaymilletras.com\/wp-content\/uploads\/2025\/02\/thiago-pzk-@nabscabthiago-pzk-@nabscabDSD_0427-scaled-e1739823471473.jpg 600w\" sizes=\"(max-width: 640px) 100vw, 640px\" \/>\t\t\t\t\t\t\t\t\t\t\t<figcaption class=\"widget-image-caption wp-caption-text\">Foto: Nacho Nabscab<\/figcaption>\n\t\t\t\t\t\t\t\t\t\t<\/figure>\n\t\t\t\t\t\t\t\t\t<\/div>\n\t\t\t\t<\/div>\n\t\t\t\t\t<\/div>\n\t\t<\/div>\n\t\t\t\t\t<\/div>\n\t\t<\/section>\n\t\t\t\t<section class=\"elementor-section elementor-top-section elementor-element elementor-element-31516cc elementor-section-boxed elementor-section-height-default elementor-section-height-default\" data-id=\"31516cc\" data-element_type=\"section\" data-e-type=\"section\">\n\t\t\t\t\t\t<div class=\"elementor-container elementor-column-gap-default\">\n\t\t\t\t\t<div class=\"elementor-column elementor-col-100 elementor-top-column elementor-element elementor-element-bbf0813\" data-id=\"bbf0813\" data-element_type=\"column\" data-e-type=\"column\">\n\t\t\t<div class=\"elementor-widget-wrap elementor-element-populated\">\n\t\t\t\t\t\t<div class=\"elementor-element elementor-element-6236dd6 elementor-widget elementor-widget-text-editor\" data-id=\"6236dd6\" data-element_type=\"widget\" data-e-type=\"widget\" data-widget_type=\"text-editor.default\">\n\t\t\t\t<div class=\"elementor-widget-container\">\n\t\t\t\t\t\t\t\t\t<p class=\"p1\">Las emociones salieron en el momento en el que Ambik sali\u00f3 nuevamente al escenario para cantar juntos Sola, la canci\u00f3n compuesta por Tiago en la que cuenta la historia de maltrato que vivi\u00f3 su madre. Tambi\u00e9n le acompa\u00f1\u00f3 en <i>De <\/i>Vuelta, su colaboraci\u00f3n con Manuel Turizo en la que hace los coros. Finalmente cerraba el concierto con su sesi\u00f3n con Bizarrap.<\/p><p class=\"p1\">Un show \u00fanico gracias al freestyle que tir\u00f3 recordando sus inicios y al cambio de setlist que luego hizo en Barcelona. Sin duda, el 14 de febrero de 2025 quedar\u00e1 grabado en la memoria de muchos que ya est\u00e1n esperando que anuncie nuevas fechas en Espa\u00f1a para poder verle en directo una vez m\u00e1s.<\/p>\t\t\t\t\t\t\t\t<\/div>\n\t\t\t\t<\/div>\n\t\t\t\t\t<\/div>\n\t\t<\/div>\n\t\t\t\t\t<\/div>\n\t\t<\/section>\n\t\t\t\t<\/div>","protected":false},"excerpt":{"rendered":"<p>El 14 de febrero Tiago PZK dio un salto m\u00e1s en su carrera conquistando el Movistar Arena de Madrid M\u00e1s de 6.000 personas tuvieron una cita el pasado 14 de febrero. Tiago PZK actuaba por primera vez sobre el escenario del Movistar Arena de Madrid. Con este concierto, ha dado un nuevo paso en su [&hellip;]<\/p>\n","protected":false},"author":1,"featured_media":3733,"comment_status":"closed","ping_status":"closed","sticky":false,"template":"","format":"standard","meta":{"footnotes":""},"categories":[4],"tags":[],"class_list":["post-3728","post","type-post","status-publish","format-standard","has-post-thumbnail","hentry","category-musica"],"yoast_head":"<!-- This site is optimized with the Yoast SEO plugin v27.4 - https:\/\/yoast.com\/product\/yoast-seo-wordpress\/ -->\n<title>Tiago PZK celebra San Valent\u00edn con todas sus estrellas<\/title>\n<meta name=\"description\" content=\"El 14 de febrero Tiago PZK dio un salto m\u00e1s avanzando en su carrera conquistando el Movistar Arena de Madrid\" \/>\n<meta name=\"robots\" content=\"index, follow, max-snippet:-1, max-image-preview:large, max-video-preview:-1\" \/>\n<link rel=\"canonical\" href=\"https:\/\/unaymilletras.com\/en\/tiago-pzk-celebra-san-valentin-con-todas-sus-estrellas\/\" \/>\n<meta property=\"og:locale\" content=\"en_GB\" \/>\n<meta property=\"og:type\" content=\"article\" \/>\n<meta property=\"og:title\" content=\"Tiago PZK celebra San Valent\u00edn con todas sus estrellas\" \/>\n<meta property=\"og:description\" content=\"El 14 de febrero Tiago PZK dio un salto m\u00e1s avanzando en su carrera conquistando el Movistar Arena de Madrid\" \/>\n<meta property=\"og:url\" content=\"https:\/\/unaymilletras.com\/en\/tiago-pzk-celebra-san-valentin-con-todas-sus-estrellas\/\" \/>\n<meta property=\"og:site_name\" content=\"Una y Mil Letras\" \/>\n<meta property=\"article:published_time\" content=\"2025-02-17T20:19:28+00:00\" \/>\n<meta property=\"article:modified_time\" content=\"2025-02-17T20:23:09+00:00\" \/>\n<meta property=\"og:image\" content=\"http:\/\/unaymilletras.com\/wp-content\/uploads\/2025\/02\/thiago-pzk-@nabscabthiago-pzk-@nabscabDSD_0427-scaled-e1739823471473.jpg\" \/>\n\t<meta property=\"og:image:width\" content=\"600\" \/>\n\t<meta property=\"og:image:height\" content=\"325\" \/>\n\t<meta property=\"og:image:type\" content=\"image\/jpeg\" \/>\n<meta name=\"author\" content=\"Maria Gil Robledo\" \/>\n<meta name=\"twitter:card\" content=\"summary_large_image\" \/>\n<meta name=\"twitter:creator\" content=\"@UnaYMilLetras\" \/>\n<meta name=\"twitter:site\" content=\"@UnaYMilLetras\" \/>\n<meta name=\"twitter:label1\" content=\"Written by\" \/>\n\t<meta name=\"twitter:data1\" content=\"Maria Gil Robledo\" \/>\n\t<meta name=\"twitter:label2\" content=\"Estimated reading time\" \/>\n\t<meta name=\"twitter:data2\" content=\"4 minutes\" \/>\n<script type=\"application\/ld+json\" class=\"yoast-schema-graph\">{\"@context\":\"https:\\\/\\\/schema.org\",\"@graph\":[{\"@type\":\"Article\",\"@id\":\"https:\\\/\\\/unaymilletras.com\\\/tiago-pzk-celebra-san-valentin-con-todas-sus-estrellas\\\/#article\",\"isPartOf\":{\"@id\":\"https:\\\/\\\/unaymilletras.com\\\/tiago-pzk-celebra-san-valentin-con-todas-sus-estrellas\\\/\"},\"author\":{\"name\":\"Maria Gil Robledo\",\"@id\":\"http:\\\/\\\/unaymilletras.com\\\/#\\\/schema\\\/person\\\/d55ba681b8a4e463d8982dbe36a5dc94\"},\"headline\":\"Tiago PZK celebra San Valent\u00edn con todas sus estrellas\",\"datePublished\":\"2025-02-17T20:19:28+00:00\",\"dateModified\":\"2025-02-17T20:23:09+00:00\",\"mainEntityOfPage\":{\"@id\":\"https:\\\/\\\/unaymilletras.com\\\/tiago-pzk-celebra-san-valentin-con-todas-sus-estrellas\\\/\"},\"wordCount\":613,\"publisher\":{\"@id\":\"http:\\\/\\\/unaymilletras.com\\\/#organization\"},\"image\":{\"@id\":\"https:\\\/\\\/unaymilletras.com\\\/tiago-pzk-celebra-san-valentin-con-todas-sus-estrellas\\\/#primaryimage\"},\"thumbnailUrl\":\"https:\\\/\\\/unaymilletras.com\\\/wp-content\\\/uploads\\\/2025\\\/02\\\/thiago-pzk-@nabscabthiago-pzk-@nabscabDSD_0427-scaled-e1739823471473.jpg\",\"articleSection\":[\"M\u00fasica\"],\"inLanguage\":\"en-GB\"},{\"@type\":\"WebPage\",\"@id\":\"https:\\\/\\\/unaymilletras.com\\\/tiago-pzk-celebra-san-valentin-con-todas-sus-estrellas\\\/\",\"url\":\"https:\\\/\\\/unaymilletras.com\\\/tiago-pzk-celebra-san-valentin-con-todas-sus-estrellas\\\/\",\"name\":\"Tiago PZK celebra San Valent\u00edn con todas sus estrellas\",\"isPartOf\":{\"@id\":\"http:\\\/\\\/unaymilletras.com\\\/#website\"},\"primaryImageOfPage\":{\"@id\":\"https:\\\/\\\/unaymilletras.com\\\/tiago-pzk-celebra-san-valentin-con-todas-sus-estrellas\\\/#primaryimage\"},\"image\":{\"@id\":\"https:\\\/\\\/unaymilletras.com\\\/tiago-pzk-celebra-san-valentin-con-todas-sus-estrellas\\\/#primaryimage\"},\"thumbnailUrl\":\"https:\\\/\\\/unaymilletras.com\\\/wp-content\\\/uploads\\\/2025\\\/02\\\/thiago-pzk-@nabscabthiago-pzk-@nabscabDSD_0427-scaled-e1739823471473.jpg\",\"datePublished\":\"2025-02-17T20:19:28+00:00\",\"dateModified\":\"2025-02-17T20:23:09+00:00\",\"description\":\"El 14 de febrero Tiago PZK dio un salto m\u00e1s avanzando en su carrera conquistando el Movistar Arena de Madrid\",\"breadcrumb\":{\"@id\":\"https:\\\/\\\/unaymilletras.com\\\/tiago-pzk-celebra-san-valentin-con-todas-sus-estrellas\\\/#breadcrumb\"},\"inLanguage\":\"en-GB\",\"potentialAction\":[{\"@type\":\"ReadAction\",\"target\":[\"https:\\\/\\\/unaymilletras.com\\\/tiago-pzk-celebra-san-valentin-con-todas-sus-estrellas\\\/\"]}]},{\"@type\":\"ImageObject\",\"inLanguage\":\"en-GB\",\"@id\":\"https:\\\/\\\/unaymilletras.com\\\/tiago-pzk-celebra-san-valentin-con-todas-sus-estrellas\\\/#primaryimage\",\"url\":\"https:\\\/\\\/unaymilletras.com\\\/wp-content\\\/uploads\\\/2025\\\/02\\\/thiago-pzk-@nabscabthiago-pzk-@nabscabDSD_0427-scaled-e1739823471473.jpg\",\"contentUrl\":\"https:\\\/\\\/unaymilletras.com\\\/wp-content\\\/uploads\\\/2025\\\/02\\\/thiago-pzk-@nabscabthiago-pzk-@nabscabDSD_0427-scaled-e1739823471473.jpg\",\"width\":600,\"height\":325,\"caption\":\"Foto: Nacho Nabscab\"},{\"@type\":\"BreadcrumbList\",\"@id\":\"https:\\\/\\\/unaymilletras.com\\\/tiago-pzk-celebra-san-valentin-con-todas-sus-estrellas\\\/#breadcrumb\",\"itemListElement\":[{\"@type\":\"ListItem\",\"position\":1,\"name\":\"Home\",\"item\":\"http:\\\/\\\/unaymilletras.com\\\/\"},{\"@type\":\"ListItem\",\"position\":2,\"name\":\"Tiago PZK celebra San Valent\u00edn con todas sus estrellas\"}]},{\"@type\":\"WebSite\",\"@id\":\"http:\\\/\\\/unaymilletras.com\\\/#website\",\"url\":\"http:\\\/\\\/unaymilletras.com\\\/\",\"name\":\"Una y Mil Letras\",\"description\":\"\",\"publisher\":{\"@id\":\"http:\\\/\\\/unaymilletras.com\\\/#organization\"},\"potentialAction\":[{\"@type\":\"SearchAction\",\"target\":{\"@type\":\"EntryPoint\",\"urlTemplate\":\"http:\\\/\\\/unaymilletras.com\\\/?s={search_term_string}\"},\"query-input\":{\"@type\":\"PropertyValueSpecification\",\"valueRequired\":true,\"valueName\":\"search_term_string\"}}],\"inLanguage\":\"en-GB\"},{\"@type\":\"Organization\",\"@id\":\"http:\\\/\\\/unaymilletras.com\\\/#organization\",\"name\":\"Una y Mil Letras\",\"url\":\"http:\\\/\\\/unaymilletras.com\\\/\",\"logo\":{\"@type\":\"ImageObject\",\"inLanguage\":\"en-GB\",\"@id\":\"http:\\\/\\\/unaymilletras.com\\\/#\\\/schema\\\/logo\\\/image\\\/\",\"url\":\"https:\\\/\\\/unaymilletras.com\\\/wp-content\\\/uploads\\\/2024\\\/06\\\/cropped-Logo-removebg-preview.png\",\"contentUrl\":\"https:\\\/\\\/unaymilletras.com\\\/wp-content\\\/uploads\\\/2024\\\/06\\\/cropped-Logo-removebg-preview.png\",\"width\":512,\"height\":512,\"caption\":\"Una y Mil Letras\"},\"image\":{\"@id\":\"http:\\\/\\\/unaymilletras.com\\\/#\\\/schema\\\/logo\\\/image\\\/\"},\"sameAs\":[\"https:\\\/\\\/x.com\\\/UnaYMilLetras\",\"https:\\\/\\\/instagram.com\\\/UnaYMilLetras\"]},{\"@type\":\"Person\",\"@id\":\"http:\\\/\\\/unaymilletras.com\\\/#\\\/schema\\\/person\\\/d55ba681b8a4e463d8982dbe36a5dc94\",\"name\":\"Maria Gil Robledo\",\"image\":{\"@type\":\"ImageObject\",\"inLanguage\":\"en-GB\",\"@id\":\"https:\\\/\\\/secure.gravatar.com\\\/avatar\\\/4b8e5102e0015789407eb4870b12f0f2857952d83ca124058f92b764bd1840c3?s=96&d=mm&r=g\",\"url\":\"https:\\\/\\\/secure.gravatar.com\\\/avatar\\\/4b8e5102e0015789407eb4870b12f0f2857952d83ca124058f92b764bd1840c3?s=96&d=mm&r=g\",\"contentUrl\":\"https:\\\/\\\/secure.gravatar.com\\\/avatar\\\/4b8e5102e0015789407eb4870b12f0f2857952d83ca124058f92b764bd1840c3?s=96&d=mm&r=g\",\"caption\":\"Maria Gil Robledo\"},\"sameAs\":[\"http:\\\/\\\/unaymilletras.com\"],\"url\":\"https:\\\/\\\/unaymilletras.com\\\/en\\\/author\\\/mariiagiil02_\\\/\"}]}<\/script>\n<!-- \/ Yoast SEO plugin. -->","yoast_head_json":{"title":"Tiago PZK celebra San Valent\u00edn con todas sus estrellas","description":"El 14 de febrero Tiago PZK dio un salto m\u00e1s avanzando en su carrera conquistando el Movistar Arena de Madrid","robots":{"index":"index","follow":"follow","max-snippet":"max-snippet:-1","max-image-preview":"max-image-preview:large","max-video-preview":"max-video-preview:-1"},"canonical":"https:\/\/unaymilletras.com\/en\/tiago-pzk-celebra-san-valentin-con-todas-sus-estrellas\/","og_locale":"en_GB","og_type":"article","og_title":"Tiago PZK celebra San Valent\u00edn con todas sus estrellas","og_description":"El 14 de febrero Tiago PZK dio un salto m\u00e1s avanzando en su carrera conquistando el Movistar Arena de Madrid","og_url":"https:\/\/unaymilletras.com\/en\/tiago-pzk-celebra-san-valentin-con-todas-sus-estrellas\/","og_site_name":"Una y Mil Letras","article_published_time":"2025-02-17T20:19:28+00:00","article_modified_time":"2025-02-17T20:23:09+00:00","og_image":[{"width":600,"height":325,"url":"http:\/\/unaymilletras.com\/wp-content\/uploads\/2025\/02\/thiago-pzk-@nabscabthiago-pzk-@nabscabDSD_0427-scaled-e1739823471473.jpg","type":"image\/jpeg"}],"author":"Maria Gil Robledo","twitter_card":"summary_large_image","twitter_creator":"@UnaYMilLetras","twitter_site":"@UnaYMilLetras","twitter_misc":{"Written by":"Maria Gil Robledo","Estimated reading time":"4 minutes"},"schema":{"@context":"https:\/\/schema.org","@graph":[{"@type":"Article","@id":"https:\/\/unaymilletras.com\/tiago-pzk-celebra-san-valentin-con-todas-sus-estrellas\/#article","isPartOf":{"@id":"https:\/\/unaymilletras.com\/tiago-pzk-celebra-san-valentin-con-todas-sus-estrellas\/"},"author":{"name":"Maria Gil Robledo","@id":"http:\/\/unaymilletras.com\/#\/schema\/person\/d55ba681b8a4e463d8982dbe36a5dc94"},"headline":"Tiago PZK celebra San Valent\u00edn con todas sus estrellas","datePublished":"2025-02-17T20:19:28+00:00","dateModified":"2025-02-17T20:23:09+00:00","mainEntityOfPage":{"@id":"https:\/\/unaymilletras.com\/tiago-pzk-celebra-san-valentin-con-todas-sus-estrellas\/"},"wordCount":613,"publisher":{"@id":"http:\/\/unaymilletras.com\/#organization"},"image":{"@id":"https:\/\/unaymilletras.com\/tiago-pzk-celebra-san-valentin-con-todas-sus-estrellas\/#primaryimage"},"thumbnailUrl":"https:\/\/unaymilletras.com\/wp-content\/uploads\/2025\/02\/thiago-pzk-@nabscabthiago-pzk-@nabscabDSD_0427-scaled-e1739823471473.jpg","articleSection":["M\u00fasica"],"inLanguage":"en-GB"},{"@type":"WebPage","@id":"https:\/\/unaymilletras.com\/tiago-pzk-celebra-san-valentin-con-todas-sus-estrellas\/","url":"https:\/\/unaymilletras.com\/tiago-pzk-celebra-san-valentin-con-todas-sus-estrellas\/","name":"Tiago PZK celebra San Valent\u00edn con todas sus estrellas","isPartOf":{"@id":"http:\/\/unaymilletras.com\/#website"},"primaryImageOfPage":{"@id":"https:\/\/unaymilletras.com\/tiago-pzk-celebra-san-valentin-con-todas-sus-estrellas\/#primaryimage"},"image":{"@id":"https:\/\/unaymilletras.com\/tiago-pzk-celebra-san-valentin-con-todas-sus-estrellas\/#primaryimage"},"thumbnailUrl":"https:\/\/unaymilletras.com\/wp-content\/uploads\/2025\/02\/thiago-pzk-@nabscabthiago-pzk-@nabscabDSD_0427-scaled-e1739823471473.jpg","datePublished":"2025-02-17T20:19:28+00:00","dateModified":"2025-02-17T20:23:09+00:00","description":"El 14 de febrero Tiago PZK dio un salto m\u00e1s avanzando en su carrera conquistando el Movistar Arena de Madrid","breadcrumb":{"@id":"https:\/\/unaymilletras.com\/tiago-pzk-celebra-san-valentin-con-todas-sus-estrellas\/#breadcrumb"},"inLanguage":"en-GB","potentialAction":[{"@type":"ReadAction","target":["https:\/\/unaymilletras.com\/tiago-pzk-celebra-san-valentin-con-todas-sus-estrellas\/"]}]},{"@type":"ImageObject","inLanguage":"en-GB","@id":"https:\/\/unaymilletras.com\/tiago-pzk-celebra-san-valentin-con-todas-sus-estrellas\/#primaryimage","url":"https:\/\/unaymilletras.com\/wp-content\/uploads\/2025\/02\/thiago-pzk-@nabscabthiago-pzk-@nabscabDSD_0427-scaled-e1739823471473.jpg","contentUrl":"https:\/\/unaymilletras.com\/wp-content\/uploads\/2025\/02\/thiago-pzk-@nabscabthiago-pzk-@nabscabDSD_0427-scaled-e1739823471473.jpg","width":600,"height":325,"caption":"Foto: Nacho Nabscab"},{"@type":"BreadcrumbList","@id":"https:\/\/unaymilletras.com\/tiago-pzk-celebra-san-valentin-con-todas-sus-estrellas\/#breadcrumb","itemListElement":[{"@type":"ListItem","position":1,"name":"Home","item":"http:\/\/unaymilletras.com\/"},{"@type":"ListItem","position":2,"name":"Tiago PZK celebra San Valent\u00edn con todas sus estrellas"}]},{"@type":"WebSite","@id":"http:\/\/unaymilletras.com\/#website","url":"http:\/\/unaymilletras.com\/","name":"Una y Mil Letras","description":"","publisher":{"@id":"http:\/\/unaymilletras.com\/#organization"},"potentialAction":[{"@type":"SearchAction","target":{"@type":"EntryPoint","urlTemplate":"http:\/\/unaymilletras.com\/?s={search_term_string}"},"query-input":{"@type":"PropertyValueSpecification","valueRequired":true,"valueName":"search_term_string"}}],"inLanguage":"en-GB"},{"@type":"Organization","@id":"http:\/\/unaymilletras.com\/#organization","name":"Una y Mil Letras","url":"http:\/\/unaymilletras.com\/","logo":{"@type":"ImageObject","inLanguage":"en-GB","@id":"http:\/\/unaymilletras.com\/#\/schema\/logo\/image\/","url":"https:\/\/unaymilletras.com\/wp-content\/uploads\/2024\/06\/cropped-Logo-removebg-preview.png","contentUrl":"https:\/\/unaymilletras.com\/wp-content\/uploads\/2024\/06\/cropped-Logo-removebg-preview.png","width":512,"height":512,"caption":"Una y Mil Letras"},"image":{"@id":"http:\/\/unaymilletras.com\/#\/schema\/logo\/image\/"},"sameAs":["https:\/\/x.com\/UnaYMilLetras","https:\/\/instagram.com\/UnaYMilLetras"]},{"@type":"Person","@id":"http:\/\/unaymilletras.com\/#\/schema\/person\/d55ba681b8a4e463d8982dbe36a5dc94","name":"Maria Gil Robledo","image":{"@type":"ImageObject","inLanguage":"en-GB","@id":"https:\/\/secure.gravatar.com\/avatar\/4b8e5102e0015789407eb4870b12f0f2857952d83ca124058f92b764bd1840c3?s=96&d=mm&r=g","url":"https:\/\/secure.gravatar.com\/avatar\/4b8e5102e0015789407eb4870b12f0f2857952d83ca124058f92b764bd1840c3?s=96&d=mm&r=g","contentUrl":"https:\/\/secure.gravatar.com\/avatar\/4b8e5102e0015789407eb4870b12f0f2857952d83ca124058f92b764bd1840c3?s=96&d=mm&r=g","caption":"Maria Gil Robledo"},"sameAs":["http:\/\/unaymilletras.com"],"url":"https:\/\/unaymilletras.com\/en\/author\/mariiagiil02_\/"}]}},"_links":{"self":[{"href":"https:\/\/unaymilletras.com\/en\/wp-json\/wp\/v2\/posts\/3728","targetHints":{"allow":["GET"]}}],"collection":[{"href":"https:\/\/unaymilletras.com\/en\/wp-json\/wp\/v2\/posts"}],"about":[{"href":"https:\/\/unaymilletras.com\/en\/wp-json\/wp\/v2\/types\/post"}],"author":[{"embeddable":true,"href":"https:\/\/unaymilletras.com\/en\/wp-json\/wp\/v2\/users\/1"}],"replies":[{"embeddable":true,"href":"https:\/\/unaymilletras.com\/en\/wp-json\/wp\/v2\/comments?post=3728"}],"version-history":[{"count":10,"href":"https:\/\/unaymilletras.com\/en\/wp-json\/wp\/v2\/posts\/3728\/revisions"}],"predecessor-version":[{"id":3742,"href":"https:\/\/unaymilletras.com\/en\/wp-json\/wp\/v2\/posts\/3728\/revisions\/3742"}],"wp:featuredmedia":[{"embeddable":true,"href":"https:\/\/unaymilletras.com\/en\/wp-json\/wp\/v2\/media\/3733"}],"wp:attachment":[{"href":"https:\/\/unaymilletras.com\/en\/wp-json\/wp\/v2\/media?parent=3728"}],"wp:term":[{"taxonomy":"category","embeddable":true,"href":"https:\/\/unaymilletras.com\/en\/wp-json\/wp\/v2\/categories?post=3728"},{"taxonomy":"post_tag","embeddable":true,"href":"https:\/\/unaymilletras.com\/en\/wp-json\/wp\/v2\/tags?post=3728"}],"curies":[{"name":"wp","href":"https:\/\/api.w.org\/{rel}","templated":true}]}}