{"id":3743,"date":"2025-02-18T17:57:47","date_gmt":"2025-02-18T16:57:47","guid":{"rendered":"https:\/\/unaymilletras.com\/?p=3743"},"modified":"2025-02-18T17:58:59","modified_gmt":"2025-02-18T16:58:59","slug":"alleh-y-yorghaki-traeran-su-merengueton-a-espana","status":"publish","type":"post","link":"https:\/\/unaymilletras.com\/en\/alleh-y-yorghaki-traeran-su-merengueton-a-espana\/","title":{"rendered":"Alleh y Yorghaki traer\u00e1n su merenguet\u00f3n a Espa\u00f1a"},"content":{"rendered":"<div data-elementor-type=\"wp-post\" data-elementor-id=\"3743\" class=\"elementor elementor-3743\">\n\t\t\t\t\t\t<section class=\"elementor-section elementor-top-section elementor-element elementor-element-1ab46b8 elementor-section-boxed elementor-section-height-default elementor-section-height-default\" data-id=\"1ab46b8\" data-element_type=\"section\" data-e-type=\"section\">\n\t\t\t\t\t\t<div class=\"elementor-container elementor-column-gap-default\">\n\t\t\t\t\t<div class=\"elementor-column elementor-col-100 elementor-top-column elementor-element elementor-element-6d74f8e\" data-id=\"6d74f8e\" data-element_type=\"column\" data-e-type=\"column\">\n\t\t\t<div class=\"elementor-widget-wrap elementor-element-populated\">\n\t\t\t\t\t\t<div class=\"elementor-element elementor-element-81644e7 elementor-widget elementor-widget-text-editor\" data-id=\"81644e7\" data-element_type=\"widget\" data-e-type=\"widget\" data-widget_type=\"text-editor.default\">\n\t\t\t\t<div class=\"elementor-widget-container\">\n\t\t\t\t\t\t\t\t\t<h2 style=\"text-align: center;\"><span style=\"color: #808080;\"><em>Los artistas venezolanos Alleh y Yorghaki actuar\u00e1n dos noches seguidas en Madrid tras el \u00e9xito de su primera venta de entradas<\/em><\/span><\/h2>\t\t\t\t\t\t\t\t<\/div>\n\t\t\t\t<\/div>\n\t\t\t\t\t<\/div>\n\t\t<\/div>\n\t\t\t\t\t<\/div>\n\t\t<\/section>\n\t\t\t\t<section class=\"elementor-section elementor-top-section elementor-element elementor-element-cf4fd4d elementor-section-boxed elementor-section-height-default elementor-section-height-default\" data-id=\"cf4fd4d\" data-element_type=\"section\" data-e-type=\"section\">\n\t\t\t\t\t\t<div class=\"elementor-container elementor-column-gap-default\">\n\t\t\t\t\t<div class=\"elementor-column elementor-col-100 elementor-top-column elementor-element elementor-element-6821a6e\" data-id=\"6821a6e\" data-element_type=\"column\" data-e-type=\"column\">\n\t\t\t<div class=\"elementor-widget-wrap elementor-element-populated\">\n\t\t\t\t\t\t<div class=\"elementor-element elementor-element-a951ce7 elementor-widget elementor-widget-text-editor\" data-id=\"a951ce7\" data-element_type=\"widget\" data-e-type=\"widget\" data-widget_type=\"text-editor.default\">\n\t\t\t\t<div class=\"elementor-widget-container\">\n\t\t\t\t\t\t\t\t\t<p data-start=\"195\" data-end=\"562\"><b>Alleh y Yorghaki<\/b> han arrasado en Espa\u00f1a. En cuesti\u00f3n de horas, la dupla venezolana agot\u00f3 todas las entradas para su concierto en <b>Madrid<\/b> el <b>25 de marzo <\/b>y en <b>Barcelona<\/b> solo quedan unas pocas disponibles. Esto ha llevado a la organizaci\u00f3n a sumar una segunda fecha el d\u00eda <b>26 de marzo <\/b>en la misma <b>Sala Mon<\/b>. Sin embargo, la respuesta del p\u00fablico ha sido tan abrumadora que ambas fechas ya est\u00e1n completamente vendidas.<\/p>\t\t\t\t\t\t\t\t<\/div>\n\t\t\t\t<\/div>\n\t\t\t\t\t<\/div>\n\t\t<\/div>\n\t\t\t\t\t<\/div>\n\t\t<\/section>\n\t\t\t\t<section class=\"elementor-section elementor-top-section elementor-element elementor-element-43cd422 elementor-section-boxed elementor-section-height-default elementor-section-height-default\" data-id=\"43cd422\" data-element_type=\"section\" data-e-type=\"section\">\n\t\t\t\t\t\t<div class=\"elementor-container elementor-column-gap-default\">\n\t\t\t\t\t<div class=\"elementor-column elementor-col-100 elementor-top-column elementor-element elementor-element-5017577\" data-id=\"5017577\" data-element_type=\"column\" data-e-type=\"column\">\n\t\t\t<div class=\"elementor-widget-wrap elementor-element-populated\">\n\t\t\t\t\t\t<div class=\"elementor-element elementor-element-4ba2ac1 elementor-widget elementor-widget-image\" data-id=\"4ba2ac1\" data-element_type=\"widget\" data-e-type=\"widget\" data-widget_type=\"image.default\">\n\t\t\t\t<div class=\"elementor-widget-container\">\n\t\t\t\t\t\t\t\t\t\t\t\t\t\t\t<img fetchpriority=\"high\" decoding=\"async\" width=\"640\" height=\"710\" src=\"https:\/\/unaymilletras.com\/wp-content\/uploads\/2025\/02\/Captura-de-pantalla-2025-02-18-a-las-17.53.00-923x1024.png\" class=\"attachment-large size-large wp-image-3745\" alt=\"Alleh y Yorghaki\" srcset=\"https:\/\/unaymilletras.com\/wp-content\/uploads\/2025\/02\/Captura-de-pantalla-2025-02-18-a-las-17.53.00-923x1024.png 923w, https:\/\/unaymilletras.com\/wp-content\/uploads\/2025\/02\/Captura-de-pantalla-2025-02-18-a-las-17.53.00-270x300.png 270w, https:\/\/unaymilletras.com\/wp-content\/uploads\/2025\/02\/Captura-de-pantalla-2025-02-18-a-las-17.53.00-768x852.png 768w, https:\/\/unaymilletras.com\/wp-content\/uploads\/2025\/02\/Captura-de-pantalla-2025-02-18-a-las-17.53.00-11x12.png 11w, https:\/\/unaymilletras.com\/wp-content\/uploads\/2025\/02\/Captura-de-pantalla-2025-02-18-a-las-17.53.00-1024x1136.png 1024w, https:\/\/unaymilletras.com\/wp-content\/uploads\/2025\/02\/Captura-de-pantalla-2025-02-18-a-las-17.53.00-e1739897633624.png 600w\" sizes=\"(max-width: 640px) 100vw, 640px\" \/>\t\t\t\t\t\t\t\t\t\t\t\t\t\t\t<\/div>\n\t\t\t\t<\/div>\n\t\t\t\t\t<\/div>\n\t\t<\/div>\n\t\t\t\t\t<\/div>\n\t\t<\/section>\n\t\t\t\t<section class=\"elementor-section elementor-top-section elementor-element elementor-element-457959f elementor-section-boxed elementor-section-height-default elementor-section-height-default\" data-id=\"457959f\" data-element_type=\"section\" data-e-type=\"section\">\n\t\t\t\t\t\t<div class=\"elementor-container elementor-column-gap-default\">\n\t\t\t\t\t<div class=\"elementor-column elementor-col-100 elementor-top-column elementor-element elementor-element-ab81563\" data-id=\"ab81563\" data-element_type=\"column\" data-e-type=\"column\">\n\t\t\t<div class=\"elementor-widget-wrap elementor-element-populated\">\n\t\t\t\t\t\t<div class=\"elementor-element elementor-element-4f80024 elementor-widget elementor-widget-text-editor\" data-id=\"4f80024\" data-element_type=\"widget\" data-e-type=\"widget\" data-widget_type=\"text-editor.default\">\n\t\t\t\t<div class=\"elementor-widget-container\">\n\t\t\t\t\t\t\t\t\t<p data-start=\"564\" data-end=\"941\">El \u00e9xito de Alleh y Yorghaki no es casualidad. Su \u00e1lbum <span style=\"color: #808080;\"><a style=\"color: #808080;\" href=\"https:\/\/open.spotify.com\/intl-es\/album\/0sWJ3v0FROzcNzyjNYUs6t?si=nefgPyvdQdGdKV9zU1vfNQ\"><em data-start=\"620\" data-end=\"631\"><b>LA CIUDAD<\/b><\/em><\/a><\/span> y el hit <em data-start=\"641\" data-end=\"648\"><b>Capaz<\/b><\/em> los han convertido en una de las mayores revelaciones del a\u00f1o. Su fusi\u00f3n de pop, m\u00fasica urbana y folklore latinoamericano ha conquistado tanto a la cr\u00edtica como al p\u00fablico, logrando un Doble Disco de Platino y posicion\u00e1ndose en los primeros puestos de las listas en Espa\u00f1a y Am\u00e9rica Latina.<\/p><p data-start=\"943\" data-end=\"1218\">El paso de Alleh y Yorghaki por Espa\u00f1a promete ser un evento inolvidable para sus seguidores. Adem\u00e1s de sus fechas en Madrid, los artistas tambi\u00e9n actuar\u00e1n en la Sala Apolo de Barcelona el 24 de marzo, donde las entradas contin\u00faan a la venta pero con una demanda creciente.<\/p><p data-start=\"1220\" data-end=\"1400\" data-is-last-node=\"\">Estos conciertos marcan un momento clave en su carrera, consolidando su \u00e9xito en el mercado espa\u00f1ol antes de dar el salto a escenarios a\u00fan m\u00e1s grandes y festivales internacionales.<\/p>\t\t\t\t\t\t\t\t<\/div>\n\t\t\t\t<\/div>\n\t\t\t\t\t<\/div>\n\t\t<\/div>\n\t\t\t\t\t<\/div>\n\t\t<\/section>\n\t\t\t\t<\/div>","protected":false},"excerpt":{"rendered":"<p>Los artistas venezolanos Alleh y Yorghaki actuar\u00e1n dos noches seguidas en Madrid tras el \u00e9xito de su primera venta de entradas Alleh y Yorghaki han arrasado en Espa\u00f1a. En cuesti\u00f3n de horas, la dupla venezolana agot\u00f3 todas las entradas para su concierto en Madrid el 25 de marzo y en Barcelona solo quedan unas pocas [&hellip;]<\/p>\n","protected":false},"author":6,"featured_media":3745,"comment_status":"closed","ping_status":"closed","sticky":false,"template":"","format":"standard","meta":{"footnotes":""},"categories":[4],"tags":[],"class_list":["post-3743","post","type-post","status-publish","format-standard","has-post-thumbnail","hentry","category-musica"],"yoast_head":"<!-- This site is optimized with the Yoast SEO plugin v27.4 - https:\/\/yoast.com\/product\/yoast-seo-wordpress\/ -->\n<title>Alleh y Yorghaki traer\u00e1n su merenguet\u00f3n a Espa\u00f1a<\/title>\n<meta name=\"description\" content=\"Los artistas venezolanos Alleh y Yorghaki actuar\u00e1n dos noches seguidas en Madrid tras el \u00e9xito de su primera venta de entradas\" \/>\n<meta name=\"robots\" content=\"index, follow, max-snippet:-1, max-image-preview:large, max-video-preview:-1\" \/>\n<link rel=\"canonical\" href=\"https:\/\/unaymilletras.com\/en\/alleh-y-yorghaki-traeran-su-merengueton-a-espana\/\" \/>\n<meta property=\"og:locale\" content=\"en_GB\" \/>\n<meta property=\"og:type\" content=\"article\" \/>\n<meta property=\"og:title\" content=\"Alleh y Yorghaki traer\u00e1n su merenguet\u00f3n a Espa\u00f1a\" \/>\n<meta property=\"og:description\" content=\"Los artistas venezolanos Alleh y Yorghaki actuar\u00e1n dos noches seguidas en Madrid tras el \u00e9xito de su primera venta de entradas\" \/>\n<meta property=\"og:url\" content=\"https:\/\/unaymilletras.com\/en\/alleh-y-yorghaki-traeran-su-merengueton-a-espana\/\" \/>\n<meta property=\"og:site_name\" content=\"Una y Mil Letras\" \/>\n<meta property=\"article:published_time\" content=\"2025-02-18T16:57:47+00:00\" \/>\n<meta property=\"article:modified_time\" content=\"2025-02-18T16:58:59+00:00\" \/>\n<meta property=\"og:image\" content=\"http:\/\/unaymilletras.com\/wp-content\/uploads\/2025\/02\/Captura-de-pantalla-2025-02-18-a-las-17.53.00-e1739897633624.png\" \/>\n\t<meta property=\"og:image:width\" content=\"600\" \/>\n\t<meta property=\"og:image:height\" content=\"666\" \/>\n\t<meta property=\"og:image:type\" content=\"image\/png\" \/>\n<meta name=\"author\" content=\"Redacci\u00f3n\" \/>\n<meta name=\"twitter:card\" content=\"summary_large_image\" \/>\n<meta name=\"twitter:creator\" content=\"@UnaYMilLetras\" \/>\n<meta name=\"twitter:site\" content=\"@UnaYMilLetras\" \/>\n<meta name=\"twitter:label1\" content=\"Written by\" \/>\n\t<meta name=\"twitter:data1\" content=\"Redacci\u00f3n\" \/>\n\t<meta name=\"twitter:label2\" content=\"Estimated reading time\" \/>\n\t<meta name=\"twitter:data2\" content=\"2 minutes\" \/>\n<script type=\"application\/ld+json\" class=\"yoast-schema-graph\">{\"@context\":\"https:\\\/\\\/schema.org\",\"@graph\":[{\"@type\":\"Article\",\"@id\":\"https:\\\/\\\/unaymilletras.com\\\/alleh-y-yorghaki-traeran-su-merengueton-a-espana\\\/#article\",\"isPartOf\":{\"@id\":\"https:\\\/\\\/unaymilletras.com\\\/alleh-y-yorghaki-traeran-su-merengueton-a-espana\\\/\"},\"author\":{\"name\":\"Redacci\u00f3n\",\"@id\":\"http:\\\/\\\/unaymilletras.com\\\/#\\\/schema\\\/person\\\/0860dc8a218329991ee2c7591f4f849d\"},\"headline\":\"Alleh y Yorghaki traer\u00e1n su merenguet\u00f3n a Espa\u00f1a\",\"datePublished\":\"2025-02-18T16:57:47+00:00\",\"dateModified\":\"2025-02-18T16:58:59+00:00\",\"mainEntityOfPage\":{\"@id\":\"https:\\\/\\\/unaymilletras.com\\\/alleh-y-yorghaki-traeran-su-merengueton-a-espana\\\/\"},\"wordCount\":268,\"publisher\":{\"@id\":\"http:\\\/\\\/unaymilletras.com\\\/#organization\"},\"image\":{\"@id\":\"https:\\\/\\\/unaymilletras.com\\\/alleh-y-yorghaki-traeran-su-merengueton-a-espana\\\/#primaryimage\"},\"thumbnailUrl\":\"https:\\\/\\\/unaymilletras.com\\\/wp-content\\\/uploads\\\/2025\\\/02\\\/Captura-de-pantalla-2025-02-18-a-las-17.53.00-e1739897633624.png\",\"articleSection\":[\"M\u00fasica\"],\"inLanguage\":\"en-GB\"},{\"@type\":\"WebPage\",\"@id\":\"https:\\\/\\\/unaymilletras.com\\\/alleh-y-yorghaki-traeran-su-merengueton-a-espana\\\/\",\"url\":\"https:\\\/\\\/unaymilletras.com\\\/alleh-y-yorghaki-traeran-su-merengueton-a-espana\\\/\",\"name\":\"Alleh y Yorghaki traer\u00e1n su merenguet\u00f3n a Espa\u00f1a\",\"isPartOf\":{\"@id\":\"http:\\\/\\\/unaymilletras.com\\\/#website\"},\"primaryImageOfPage\":{\"@id\":\"https:\\\/\\\/unaymilletras.com\\\/alleh-y-yorghaki-traeran-su-merengueton-a-espana\\\/#primaryimage\"},\"image\":{\"@id\":\"https:\\\/\\\/unaymilletras.com\\\/alleh-y-yorghaki-traeran-su-merengueton-a-espana\\\/#primaryimage\"},\"thumbnailUrl\":\"https:\\\/\\\/unaymilletras.com\\\/wp-content\\\/uploads\\\/2025\\\/02\\\/Captura-de-pantalla-2025-02-18-a-las-17.53.00-e1739897633624.png\",\"datePublished\":\"2025-02-18T16:57:47+00:00\",\"dateModified\":\"2025-02-18T16:58:59+00:00\",\"description\":\"Los artistas venezolanos Alleh y Yorghaki actuar\u00e1n dos noches seguidas en Madrid tras el \u00e9xito de su primera venta de entradas\",\"breadcrumb\":{\"@id\":\"https:\\\/\\\/unaymilletras.com\\\/alleh-y-yorghaki-traeran-su-merengueton-a-espana\\\/#breadcrumb\"},\"inLanguage\":\"en-GB\",\"potentialAction\":[{\"@type\":\"ReadAction\",\"target\":[\"https:\\\/\\\/unaymilletras.com\\\/alleh-y-yorghaki-traeran-su-merengueton-a-espana\\\/\"]}]},{\"@type\":\"ImageObject\",\"inLanguage\":\"en-GB\",\"@id\":\"https:\\\/\\\/unaymilletras.com\\\/alleh-y-yorghaki-traeran-su-merengueton-a-espana\\\/#primaryimage\",\"url\":\"https:\\\/\\\/unaymilletras.com\\\/wp-content\\\/uploads\\\/2025\\\/02\\\/Captura-de-pantalla-2025-02-18-a-las-17.53.00-e1739897633624.png\",\"contentUrl\":\"https:\\\/\\\/unaymilletras.com\\\/wp-content\\\/uploads\\\/2025\\\/02\\\/Captura-de-pantalla-2025-02-18-a-las-17.53.00-e1739897633624.png\",\"width\":600,\"height\":666,\"caption\":\"Alleh y Yorghaki\"},{\"@type\":\"BreadcrumbList\",\"@id\":\"https:\\\/\\\/unaymilletras.com\\\/alleh-y-yorghaki-traeran-su-merengueton-a-espana\\\/#breadcrumb\",\"itemListElement\":[{\"@type\":\"ListItem\",\"position\":1,\"name\":\"Home\",\"item\":\"http:\\\/\\\/unaymilletras.com\\\/\"},{\"@type\":\"ListItem\",\"position\":2,\"name\":\"Alleh y Yorghaki traer\u00e1n su merenguet\u00f3n a Espa\u00f1a\"}]},{\"@type\":\"WebSite\",\"@id\":\"http:\\\/\\\/unaymilletras.com\\\/#website\",\"url\":\"http:\\\/\\\/unaymilletras.com\\\/\",\"name\":\"Una y Mil Letras\",\"description\":\"\",\"publisher\":{\"@id\":\"http:\\\/\\\/unaymilletras.com\\\/#organization\"},\"potentialAction\":[{\"@type\":\"SearchAction\",\"target\":{\"@type\":\"EntryPoint\",\"urlTemplate\":\"http:\\\/\\\/unaymilletras.com\\\/?s={search_term_string}\"},\"query-input\":{\"@type\":\"PropertyValueSpecification\",\"valueRequired\":true,\"valueName\":\"search_term_string\"}}],\"inLanguage\":\"en-GB\"},{\"@type\":\"Organization\",\"@id\":\"http:\\\/\\\/unaymilletras.com\\\/#organization\",\"name\":\"Una y Mil Letras\",\"url\":\"http:\\\/\\\/unaymilletras.com\\\/\",\"logo\":{\"@type\":\"ImageObject\",\"inLanguage\":\"en-GB\",\"@id\":\"http:\\\/\\\/unaymilletras.com\\\/#\\\/schema\\\/logo\\\/image\\\/\",\"url\":\"https:\\\/\\\/unaymilletras.com\\\/wp-content\\\/uploads\\\/2024\\\/06\\\/cropped-Logo-removebg-preview.png\",\"contentUrl\":\"https:\\\/\\\/unaymilletras.com\\\/wp-content\\\/uploads\\\/2024\\\/06\\\/cropped-Logo-removebg-preview.png\",\"width\":512,\"height\":512,\"caption\":\"Una y Mil Letras\"},\"image\":{\"@id\":\"http:\\\/\\\/unaymilletras.com\\\/#\\\/schema\\\/logo\\\/image\\\/\"},\"sameAs\":[\"https:\\\/\\\/x.com\\\/UnaYMilLetras\",\"https:\\\/\\\/instagram.com\\\/UnaYMilLetras\"]},{\"@type\":\"Person\",\"@id\":\"http:\\\/\\\/unaymilletras.com\\\/#\\\/schema\\\/person\\\/0860dc8a218329991ee2c7591f4f849d\",\"name\":\"Redacci\u00f3n\",\"image\":{\"@type\":\"ImageObject\",\"inLanguage\":\"en-GB\",\"@id\":\"https:\\\/\\\/secure.gravatar.com\\\/avatar\\\/d8f55e05a8b6597e45c55a1dcbdbfe44f4a360d88b48e00de5216a79b7732796?s=96&d=mm&r=g\",\"url\":\"https:\\\/\\\/secure.gravatar.com\\\/avatar\\\/d8f55e05a8b6597e45c55a1dcbdbfe44f4a360d88b48e00de5216a79b7732796?s=96&d=mm&r=g\",\"contentUrl\":\"https:\\\/\\\/secure.gravatar.com\\\/avatar\\\/d8f55e05a8b6597e45c55a1dcbdbfe44f4a360d88b48e00de5216a79b7732796?s=96&d=mm&r=g\",\"caption\":\"Redacci\u00f3n\"},\"url\":\"https:\\\/\\\/unaymilletras.com\\\/en\\\/author\\\/redaccion\\\/\"}]}<\/script>\n<!-- \/ Yoast SEO plugin. -->","yoast_head_json":{"title":"Alleh y Yorghaki traer\u00e1n su merenguet\u00f3n a Espa\u00f1a","description":"Los artistas venezolanos Alleh y Yorghaki actuar\u00e1n dos noches seguidas en Madrid tras el \u00e9xito de su primera venta de entradas","robots":{"index":"index","follow":"follow","max-snippet":"max-snippet:-1","max-image-preview":"max-image-preview:large","max-video-preview":"max-video-preview:-1"},"canonical":"https:\/\/unaymilletras.com\/en\/alleh-y-yorghaki-traeran-su-merengueton-a-espana\/","og_locale":"en_GB","og_type":"article","og_title":"Alleh y Yorghaki traer\u00e1n su merenguet\u00f3n a Espa\u00f1a","og_description":"Los artistas venezolanos Alleh y Yorghaki actuar\u00e1n dos noches seguidas en Madrid tras el \u00e9xito de su primera venta de entradas","og_url":"https:\/\/unaymilletras.com\/en\/alleh-y-yorghaki-traeran-su-merengueton-a-espana\/","og_site_name":"Una y Mil Letras","article_published_time":"2025-02-18T16:57:47+00:00","article_modified_time":"2025-02-18T16:58:59+00:00","og_image":[{"width":600,"height":666,"url":"http:\/\/unaymilletras.com\/wp-content\/uploads\/2025\/02\/Captura-de-pantalla-2025-02-18-a-las-17.53.00-e1739897633624.png","type":"image\/png"}],"author":"Redacci\u00f3n","twitter_card":"summary_large_image","twitter_creator":"@UnaYMilLetras","twitter_site":"@UnaYMilLetras","twitter_misc":{"Written by":"Redacci\u00f3n","Estimated reading time":"2 minutes"},"schema":{"@context":"https:\/\/schema.org","@graph":[{"@type":"Article","@id":"https:\/\/unaymilletras.com\/alleh-y-yorghaki-traeran-su-merengueton-a-espana\/#article","isPartOf":{"@id":"https:\/\/unaymilletras.com\/alleh-y-yorghaki-traeran-su-merengueton-a-espana\/"},"author":{"name":"Redacci\u00f3n","@id":"http:\/\/unaymilletras.com\/#\/schema\/person\/0860dc8a218329991ee2c7591f4f849d"},"headline":"Alleh y Yorghaki traer\u00e1n su merenguet\u00f3n a Espa\u00f1a","datePublished":"2025-02-18T16:57:47+00:00","dateModified":"2025-02-18T16:58:59+00:00","mainEntityOfPage":{"@id":"https:\/\/unaymilletras.com\/alleh-y-yorghaki-traeran-su-merengueton-a-espana\/"},"wordCount":268,"publisher":{"@id":"http:\/\/unaymilletras.com\/#organization"},"image":{"@id":"https:\/\/unaymilletras.com\/alleh-y-yorghaki-traeran-su-merengueton-a-espana\/#primaryimage"},"thumbnailUrl":"https:\/\/unaymilletras.com\/wp-content\/uploads\/2025\/02\/Captura-de-pantalla-2025-02-18-a-las-17.53.00-e1739897633624.png","articleSection":["M\u00fasica"],"inLanguage":"en-GB"},{"@type":"WebPage","@id":"https:\/\/unaymilletras.com\/alleh-y-yorghaki-traeran-su-merengueton-a-espana\/","url":"https:\/\/unaymilletras.com\/alleh-y-yorghaki-traeran-su-merengueton-a-espana\/","name":"Alleh y Yorghaki traer\u00e1n su merenguet\u00f3n a Espa\u00f1a","isPartOf":{"@id":"http:\/\/unaymilletras.com\/#website"},"primaryImageOfPage":{"@id":"https:\/\/unaymilletras.com\/alleh-y-yorghaki-traeran-su-merengueton-a-espana\/#primaryimage"},"image":{"@id":"https:\/\/unaymilletras.com\/alleh-y-yorghaki-traeran-su-merengueton-a-espana\/#primaryimage"},"thumbnailUrl":"https:\/\/unaymilletras.com\/wp-content\/uploads\/2025\/02\/Captura-de-pantalla-2025-02-18-a-las-17.53.00-e1739897633624.png","datePublished":"2025-02-18T16:57:47+00:00","dateModified":"2025-02-18T16:58:59+00:00","description":"Los artistas venezolanos Alleh y Yorghaki actuar\u00e1n dos noches seguidas en Madrid tras el \u00e9xito de su primera venta de entradas","breadcrumb":{"@id":"https:\/\/unaymilletras.com\/alleh-y-yorghaki-traeran-su-merengueton-a-espana\/#breadcrumb"},"inLanguage":"en-GB","potentialAction":[{"@type":"ReadAction","target":["https:\/\/unaymilletras.com\/alleh-y-yorghaki-traeran-su-merengueton-a-espana\/"]}]},{"@type":"ImageObject","inLanguage":"en-GB","@id":"https:\/\/unaymilletras.com\/alleh-y-yorghaki-traeran-su-merengueton-a-espana\/#primaryimage","url":"https:\/\/unaymilletras.com\/wp-content\/uploads\/2025\/02\/Captura-de-pantalla-2025-02-18-a-las-17.53.00-e1739897633624.png","contentUrl":"https:\/\/unaymilletras.com\/wp-content\/uploads\/2025\/02\/Captura-de-pantalla-2025-02-18-a-las-17.53.00-e1739897633624.png","width":600,"height":666,"caption":"Alleh y Yorghaki"},{"@type":"BreadcrumbList","@id":"https:\/\/unaymilletras.com\/alleh-y-yorghaki-traeran-su-merengueton-a-espana\/#breadcrumb","itemListElement":[{"@type":"ListItem","position":1,"name":"Home","item":"http:\/\/unaymilletras.com\/"},{"@type":"ListItem","position":2,"name":"Alleh y Yorghaki traer\u00e1n su merenguet\u00f3n a Espa\u00f1a"}]},{"@type":"WebSite","@id":"http:\/\/unaymilletras.com\/#website","url":"http:\/\/unaymilletras.com\/","name":"Una y Mil Letras","description":"","publisher":{"@id":"http:\/\/unaymilletras.com\/#organization"},"potentialAction":[{"@type":"SearchAction","target":{"@type":"EntryPoint","urlTemplate":"http:\/\/unaymilletras.com\/?s={search_term_string}"},"query-input":{"@type":"PropertyValueSpecification","valueRequired":true,"valueName":"search_term_string"}}],"inLanguage":"en-GB"},{"@type":"Organization","@id":"http:\/\/unaymilletras.com\/#organization","name":"Una y Mil Letras","url":"http:\/\/unaymilletras.com\/","logo":{"@type":"ImageObject","inLanguage":"en-GB","@id":"http:\/\/unaymilletras.com\/#\/schema\/logo\/image\/","url":"https:\/\/unaymilletras.com\/wp-content\/uploads\/2024\/06\/cropped-Logo-removebg-preview.png","contentUrl":"https:\/\/unaymilletras.com\/wp-content\/uploads\/2024\/06\/cropped-Logo-removebg-preview.png","width":512,"height":512,"caption":"Una y Mil Letras"},"image":{"@id":"http:\/\/unaymilletras.com\/#\/schema\/logo\/image\/"},"sameAs":["https:\/\/x.com\/UnaYMilLetras","https:\/\/instagram.com\/UnaYMilLetras"]},{"@type":"Person","@id":"http:\/\/unaymilletras.com\/#\/schema\/person\/0860dc8a218329991ee2c7591f4f849d","name":"Redacci\u00f3n","image":{"@type":"ImageObject","inLanguage":"en-GB","@id":"https:\/\/secure.gravatar.com\/avatar\/d8f55e05a8b6597e45c55a1dcbdbfe44f4a360d88b48e00de5216a79b7732796?s=96&d=mm&r=g","url":"https:\/\/secure.gravatar.com\/avatar\/d8f55e05a8b6597e45c55a1dcbdbfe44f4a360d88b48e00de5216a79b7732796?s=96&d=mm&r=g","contentUrl":"https:\/\/secure.gravatar.com\/avatar\/d8f55e05a8b6597e45c55a1dcbdbfe44f4a360d88b48e00de5216a79b7732796?s=96&d=mm&r=g","caption":"Redacci\u00f3n"},"url":"https:\/\/unaymilletras.com\/en\/author\/redaccion\/"}]}},"_links":{"self":[{"href":"https:\/\/unaymilletras.com\/en\/wp-json\/wp\/v2\/posts\/3743","targetHints":{"allow":["GET"]}}],"collection":[{"href":"https:\/\/unaymilletras.com\/en\/wp-json\/wp\/v2\/posts"}],"about":[{"href":"https:\/\/unaymilletras.com\/en\/wp-json\/wp\/v2\/types\/post"}],"author":[{"embeddable":true,"href":"https:\/\/unaymilletras.com\/en\/wp-json\/wp\/v2\/users\/6"}],"replies":[{"embeddable":true,"href":"https:\/\/unaymilletras.com\/en\/wp-json\/wp\/v2\/comments?post=3743"}],"version-history":[{"count":7,"href":"https:\/\/unaymilletras.com\/en\/wp-json\/wp\/v2\/posts\/3743\/revisions"}],"predecessor-version":[{"id":3751,"href":"https:\/\/unaymilletras.com\/en\/wp-json\/wp\/v2\/posts\/3743\/revisions\/3751"}],"wp:featuredmedia":[{"embeddable":true,"href":"https:\/\/unaymilletras.com\/en\/wp-json\/wp\/v2\/media\/3745"}],"wp:attachment":[{"href":"https:\/\/unaymilletras.com\/en\/wp-json\/wp\/v2\/media?parent=3743"}],"wp:term":[{"taxonomy":"category","embeddable":true,"href":"https:\/\/unaymilletras.com\/en\/wp-json\/wp\/v2\/categories?post=3743"},{"taxonomy":"post_tag","embeddable":true,"href":"https:\/\/unaymilletras.com\/en\/wp-json\/wp\/v2\/tags?post=3743"}],"curies":[{"name":"wp","href":"https:\/\/api.w.org\/{rel}","templated":true}]}}