{"id":3752,"date":"2025-02-19T12:00:00","date_gmt":"2025-02-19T11:00:00","guid":{"rendered":"https:\/\/unaymilletras.com\/?p=3752"},"modified":"2025-02-19T10:47:00","modified_gmt":"2025-02-19T09:47:00","slug":"ke-personajes-anuncian-su-regreso-a-espana-en-septiembre","status":"publish","type":"post","link":"https:\/\/unaymilletras.com\/en\/ke-personajes-anuncian-su-regreso-a-espana-en-septiembre\/","title":{"rendered":"KE PERSONAJES anuncian su regreso a Espa\u00f1a en septiembre"},"content":{"rendered":"<div data-elementor-type=\"wp-post\" data-elementor-id=\"3752\" class=\"elementor elementor-3752\">\n\t\t\t\t\t\t<section class=\"elementor-section elementor-top-section elementor-element elementor-element-b3404d0 elementor-section-boxed elementor-section-height-default elementor-section-height-default\" data-id=\"b3404d0\" data-element_type=\"section\" data-e-type=\"section\">\n\t\t\t\t\t\t<div class=\"elementor-container elementor-column-gap-default\">\n\t\t\t\t\t<div class=\"elementor-column elementor-col-100 elementor-top-column elementor-element elementor-element-9b050cd\" data-id=\"9b050cd\" data-element_type=\"column\" data-e-type=\"column\">\n\t\t\t<div class=\"elementor-widget-wrap elementor-element-populated\">\n\t\t\t\t\t\t<div class=\"elementor-element elementor-element-e5e3a2c elementor-widget elementor-widget-text-editor\" data-id=\"e5e3a2c\" data-element_type=\"widget\" data-e-type=\"widget\" data-widget_type=\"text-editor.default\">\n\t\t\t\t<div class=\"elementor-widget-container\">\n\t\t\t\t\t\t\t\t\t<h2 style=\"text-align: center;\"><span style=\"color: #808080;\"><em>La banda argentina Ke Personajes actuar\u00e1 en Madrid y Barcelona en septiembre para presentar su nuevo \u00e1lbum<\/em><\/span><\/h2>\t\t\t\t\t\t\t\t<\/div>\n\t\t\t\t<\/div>\n\t\t\t\t\t<\/div>\n\t\t<\/div>\n\t\t\t\t\t<\/div>\n\t\t<\/section>\n\t\t\t\t<section class=\"elementor-section elementor-top-section elementor-element elementor-element-7fbb3c0 elementor-section-boxed elementor-section-height-default elementor-section-height-default\" data-id=\"7fbb3c0\" data-element_type=\"section\" data-e-type=\"section\">\n\t\t\t\t\t\t<div class=\"elementor-container elementor-column-gap-default\">\n\t\t\t\t\t<div class=\"elementor-column elementor-col-100 elementor-top-column elementor-element elementor-element-d8302a0\" data-id=\"d8302a0\" data-element_type=\"column\" data-e-type=\"column\">\n\t\t\t<div class=\"elementor-widget-wrap elementor-element-populated\">\n\t\t\t\t\t\t<div class=\"elementor-element elementor-element-ddb2b12 elementor-widget elementor-widget-text-editor\" data-id=\"ddb2b12\" data-element_type=\"widget\" data-e-type=\"widget\" data-widget_type=\"text-editor.default\">\n\t\t\t\t<div class=\"elementor-widget-container\">\n\t\t\t\t\t\t\t\t\t<p data-start=\"169\" data-end=\"537\"><b>Ke Personajes<\/b>, una de las bandas m\u00e1s exitosas del panorama musical argentino, ha confirmado su regreso a Espa\u00f1a con dos conciertos en septiembre de 2025. Actuar\u00e1n el <b>14 de septiembre en el Movistar Arena de Madrid<\/b> y el <b>17 de septiembre en el Palau Sant Jordi de Barcelona<\/b>.<\/p><p data-start=\"539\" data-end=\"1001\">Despu\u00e9s de su exitoso paso por Espa\u00f1a en 2023 con su EuroTour, Ke Personajes vuelve en un momento clave de su carrera. La banda ha sido protagonista en la expansi\u00f3n de la cumbia argentina a nivel internacional, consolid\u00e1ndose como una de las formaciones m\u00e1s influyentes del g\u00e9nero. Con un sonido que combina la esencia de la cumbia con elementos contempor\u00e1neos del pop y la m\u00fasica urbana, han logrado conectar con p\u00fablicos de todas las edades y nacionalidades.<\/p>\t\t\t\t\t\t\t\t<\/div>\n\t\t\t\t<\/div>\n\t\t\t\t\t<\/div>\n\t\t<\/div>\n\t\t\t\t\t<\/div>\n\t\t<\/section>\n\t\t\t\t<section class=\"elementor-section elementor-top-section elementor-element elementor-element-a679864 elementor-section-boxed elementor-section-height-default elementor-section-height-default\" data-id=\"a679864\" data-element_type=\"section\" data-e-type=\"section\">\n\t\t\t\t\t\t<div class=\"elementor-container elementor-column-gap-default\">\n\t\t\t\t\t<div class=\"elementor-column elementor-col-50 elementor-top-column elementor-element elementor-element-6b3a1bb\" data-id=\"6b3a1bb\" data-element_type=\"column\" data-e-type=\"column\">\n\t\t\t<div class=\"elementor-widget-wrap elementor-element-populated\">\n\t\t\t\t\t\t<div class=\"elementor-element elementor-element-1bc0446 elementor-widget elementor-widget-image\" data-id=\"1bc0446\" data-element_type=\"widget\" data-e-type=\"widget\" data-widget_type=\"image.default\">\n\t\t\t\t<div class=\"elementor-widget-container\">\n\t\t\t\t\t\t\t\t\t\t\t\t\t\t\t<img fetchpriority=\"high\" decoding=\"async\" width=\"640\" height=\"960\" src=\"https:\/\/unaymilletras.com\/wp-content\/uploads\/2025\/02\/NOBODY-12-683x1024.jpg\" class=\"attachment-large size-large wp-image-3754\" alt=\"Ke Personaje\" srcset=\"https:\/\/unaymilletras.com\/wp-content\/uploads\/2025\/02\/NOBODY-12-683x1024.jpg 683w, https:\/\/unaymilletras.com\/wp-content\/uploads\/2025\/02\/NOBODY-12-200x300.jpg 200w, https:\/\/unaymilletras.com\/wp-content\/uploads\/2025\/02\/NOBODY-12-768x1152.jpg 768w, https:\/\/unaymilletras.com\/wp-content\/uploads\/2025\/02\/NOBODY-12-1024x1536.jpg 1024w, https:\/\/unaymilletras.com\/wp-content\/uploads\/2025\/02\/NOBODY-12-1365x2048.jpg 1365w, https:\/\/unaymilletras.com\/wp-content\/uploads\/2025\/02\/NOBODY-12-8x12.jpg 8w, https:\/\/unaymilletras.com\/wp-content\/uploads\/2025\/02\/NOBODY-12-scaled-e1739898687477.jpg 600w\" sizes=\"(max-width: 640px) 100vw, 640px\" \/>\t\t\t\t\t\t\t\t\t\t\t\t\t\t\t<\/div>\n\t\t\t\t<\/div>\n\t\t\t\t\t<\/div>\n\t\t<\/div>\n\t\t\t\t<div class=\"elementor-column elementor-col-50 elementor-top-column elementor-element elementor-element-aceddc6\" data-id=\"aceddc6\" data-element_type=\"column\" data-e-type=\"column\">\n\t\t\t<div class=\"elementor-widget-wrap elementor-element-populated\">\n\t\t\t\t\t\t<div class=\"elementor-element elementor-element-0043566 elementor-widget elementor-widget-image\" data-id=\"0043566\" data-element_type=\"widget\" data-e-type=\"widget\" data-widget_type=\"image.default\">\n\t\t\t\t<div class=\"elementor-widget-container\">\n\t\t\t\t\t\t\t\t\t\t\t\t\t\t\t<img decoding=\"async\" width=\"640\" height=\"960\" src=\"https:\/\/unaymilletras.com\/wp-content\/uploads\/2025\/02\/NOBODY-267-683x1024.jpg\" class=\"attachment-large size-large wp-image-3755\" alt=\"Ke Personajes\" srcset=\"https:\/\/unaymilletras.com\/wp-content\/uploads\/2025\/02\/NOBODY-267-683x1024.jpg 683w, https:\/\/unaymilletras.com\/wp-content\/uploads\/2025\/02\/NOBODY-267-200x300.jpg 200w, https:\/\/unaymilletras.com\/wp-content\/uploads\/2025\/02\/NOBODY-267-768x1152.jpg 768w, https:\/\/unaymilletras.com\/wp-content\/uploads\/2025\/02\/NOBODY-267-1024x1536.jpg 1024w, https:\/\/unaymilletras.com\/wp-content\/uploads\/2025\/02\/NOBODY-267-1365x2048.jpg 1365w, https:\/\/unaymilletras.com\/wp-content\/uploads\/2025\/02\/NOBODY-267-8x12.jpg 8w, https:\/\/unaymilletras.com\/wp-content\/uploads\/2025\/02\/NOBODY-267-scaled.jpg 1707w\" sizes=\"(max-width: 640px) 100vw, 640px\" \/>\t\t\t\t\t\t\t\t\t\t\t\t\t\t\t<\/div>\n\t\t\t\t<\/div>\n\t\t\t\t\t<\/div>\n\t\t<\/div>\n\t\t\t\t\t<\/div>\n\t\t<\/section>\n\t\t\t\t<section class=\"elementor-section elementor-top-section elementor-element elementor-element-d2e3852 elementor-section-boxed elementor-section-height-default elementor-section-height-default\" data-id=\"d2e3852\" data-element_type=\"section\" data-e-type=\"section\">\n\t\t\t\t\t\t<div class=\"elementor-container elementor-column-gap-default\">\n\t\t\t\t\t<div class=\"elementor-column elementor-col-100 elementor-top-column elementor-element elementor-element-2861fd1\" data-id=\"2861fd1\" data-element_type=\"column\" data-e-type=\"column\">\n\t\t\t<div class=\"elementor-widget-wrap elementor-element-populated\">\n\t\t\t\t\t\t<div class=\"elementor-element elementor-element-cc1d5ef elementor-widget elementor-widget-text-editor\" data-id=\"cc1d5ef\" data-element_type=\"widget\" data-e-type=\"widget\" data-widget_type=\"text-editor.default\">\n\t\t\t\t<div class=\"elementor-widget-container\">\n\t\t\t\t\t\t\t\t\t<p data-start=\"1003\" data-end=\"1414\">El ascenso mete\u00f3rico de Ke Personajes ha sido impulsado por \u00e9xitos como&nbsp;<em data-start=\"1075\" data-end=\"1085\"><b>Un Finde<\/b><\/em>,&nbsp;<em data-start=\"1087\" data-end=\"1102\"><b>Ya No Vuelvas<\/b><\/em>&nbsp;o&nbsp;<em data-start=\"1105\" data-end=\"1120\"><b>Pobre Coraz\u00f3n<\/b><\/em>, canciones que han dominado las listas de reproducci\u00f3n en plataformas digitales y que han acumulado millones de reproducciones. Adem\u00e1s, han colaborado con figuras de distintos g\u00e9neros como Grupo Frontera, Tiago PZK y Luck Ra, demostrando su versatilidad y su capacidad para fusionar estilos.<\/p>\n<p data-start=\"1416\" data-end=\"1646\">En estos nuevos conciertos en Espa\u00f1a, Ke Personajes ofrecer\u00e1n un espect\u00e1culo lleno de energ\u00eda y emoci\u00f3n, repasando sus grandes \u00e9xitos y presentando sus nuevas canciones en un show que promete ser inolvidable para sus seguidores.<\/p>\n<p data-start=\"1648\" data-end=\"1740\" data-is-last-node=\"\">Las entradas estar\u00e1n disponibles a partir del&nbsp;<strong data-start=\"1694\" data-end=\"1739\">19 de febrero a las 17:00 en Ticketmaster<\/strong>.<\/p>\t\t\t\t\t\t\t\t<\/div>\n\t\t\t\t<\/div>\n\t\t\t\t\t<\/div>\n\t\t<\/div>\n\t\t\t\t\t<\/div>\n\t\t<\/section>\n\t\t\t\t<\/div>","protected":false},"excerpt":{"rendered":"<p>La banda argentina Ke Personajes actuar\u00e1 en Madrid y Barcelona en septiembre para presentar su nuevo \u00e1lbum Ke Personajes, una de las bandas m\u00e1s exitosas del panorama musical argentino, ha confirmado su regreso a Espa\u00f1a con dos conciertos en septiembre de 2025. Actuar\u00e1n el 14 de septiembre en el Movistar Arena de Madrid y el [&hellip;]<\/p>\n","protected":false},"author":6,"featured_media":3755,"comment_status":"closed","ping_status":"closed","sticky":false,"template":"","format":"standard","meta":{"footnotes":""},"categories":[4],"tags":[],"class_list":["post-3752","post","type-post","status-publish","format-standard","has-post-thumbnail","hentry","category-musica"],"yoast_head":"<!-- This site is optimized with the Yoast SEO plugin v27.4 - https:\/\/yoast.com\/product\/yoast-seo-wordpress\/ -->\n<title>KE PERSONAJES anuncian su regreso a Espa\u00f1a en septiembre<\/title>\n<meta name=\"description\" content=\"La banda argentina Ke Personajes actuar\u00e1 en Madrid y Barcelona en septiembre para presentar su nuevo \u00e1lbum\" \/>\n<meta name=\"robots\" content=\"index, follow, max-snippet:-1, max-image-preview:large, max-video-preview:-1\" \/>\n<link rel=\"canonical\" href=\"https:\/\/unaymilletras.com\/en\/ke-personajes-anuncian-su-regreso-a-espana-en-septiembre\/\" \/>\n<meta property=\"og:locale\" content=\"en_GB\" \/>\n<meta property=\"og:type\" content=\"article\" \/>\n<meta property=\"og:title\" content=\"KE PERSONAJES anuncian su regreso a Espa\u00f1a en septiembre\" \/>\n<meta property=\"og:description\" content=\"La banda argentina Ke Personajes actuar\u00e1 en Madrid y Barcelona en septiembre para presentar su nuevo \u00e1lbum\" \/>\n<meta property=\"og:url\" content=\"https:\/\/unaymilletras.com\/en\/ke-personajes-anuncian-su-regreso-a-espana-en-septiembre\/\" \/>\n<meta property=\"og:site_name\" content=\"Una y Mil Letras\" \/>\n<meta property=\"article:published_time\" content=\"2025-02-19T11:00:00+00:00\" \/>\n<meta property=\"og:image\" content=\"https:\/\/unaymilletras.com\/wp-content\/uploads\/2025\/02\/NOBODY-267-scaled-e1739898704930.jpg\" \/>\n\t<meta property=\"og:image:width\" content=\"1707\" \/>\n\t<meta property=\"og:image:height\" content=\"2560\" \/>\n\t<meta property=\"og:image:type\" content=\"image\/jpeg\" \/>\n<meta name=\"author\" content=\"Redacci\u00f3n\" \/>\n<meta name=\"twitter:card\" content=\"summary_large_image\" \/>\n<meta name=\"twitter:creator\" content=\"@UnaYMilLetras\" \/>\n<meta name=\"twitter:site\" content=\"@UnaYMilLetras\" \/>\n<meta name=\"twitter:label1\" content=\"Written by\" \/>\n\t<meta name=\"twitter:data1\" content=\"Redacci\u00f3n\" \/>\n\t<meta name=\"twitter:label2\" content=\"Estimated reading time\" \/>\n\t<meta name=\"twitter:data2\" content=\"2 minutes\" \/>\n<script type=\"application\/ld+json\" class=\"yoast-schema-graph\">{\"@context\":\"https:\\\/\\\/schema.org\",\"@graph\":[{\"@type\":\"Article\",\"@id\":\"https:\\\/\\\/unaymilletras.com\\\/ke-personajes-anuncian-su-regreso-a-espana-en-septiembre\\\/#article\",\"isPartOf\":{\"@id\":\"https:\\\/\\\/unaymilletras.com\\\/ke-personajes-anuncian-su-regreso-a-espana-en-septiembre\\\/\"},\"author\":{\"name\":\"Redacci\u00f3n\",\"@id\":\"http:\\\/\\\/unaymilletras.com\\\/#\\\/schema\\\/person\\\/0860dc8a218329991ee2c7591f4f849d\"},\"headline\":\"KE PERSONAJES anuncian su regreso a Espa\u00f1a en septiembre\",\"datePublished\":\"2025-02-19T11:00:00+00:00\",\"mainEntityOfPage\":{\"@id\":\"https:\\\/\\\/unaymilletras.com\\\/ke-personajes-anuncian-su-regreso-a-espana-en-septiembre\\\/\"},\"wordCount\":287,\"publisher\":{\"@id\":\"http:\\\/\\\/unaymilletras.com\\\/#organization\"},\"image\":{\"@id\":\"https:\\\/\\\/unaymilletras.com\\\/ke-personajes-anuncian-su-regreso-a-espana-en-septiembre\\\/#primaryimage\"},\"thumbnailUrl\":\"https:\\\/\\\/unaymilletras.com\\\/wp-content\\\/uploads\\\/2025\\\/02\\\/NOBODY-267-scaled-e1739898704930.jpg\",\"articleSection\":[\"M\u00fasica\"],\"inLanguage\":\"en-GB\"},{\"@type\":\"WebPage\",\"@id\":\"https:\\\/\\\/unaymilletras.com\\\/ke-personajes-anuncian-su-regreso-a-espana-en-septiembre\\\/\",\"url\":\"https:\\\/\\\/unaymilletras.com\\\/ke-personajes-anuncian-su-regreso-a-espana-en-septiembre\\\/\",\"name\":\"KE PERSONAJES anuncian su regreso a Espa\u00f1a en septiembre\",\"isPartOf\":{\"@id\":\"http:\\\/\\\/unaymilletras.com\\\/#website\"},\"primaryImageOfPage\":{\"@id\":\"https:\\\/\\\/unaymilletras.com\\\/ke-personajes-anuncian-su-regreso-a-espana-en-septiembre\\\/#primaryimage\"},\"image\":{\"@id\":\"https:\\\/\\\/unaymilletras.com\\\/ke-personajes-anuncian-su-regreso-a-espana-en-septiembre\\\/#primaryimage\"},\"thumbnailUrl\":\"https:\\\/\\\/unaymilletras.com\\\/wp-content\\\/uploads\\\/2025\\\/02\\\/NOBODY-267-scaled-e1739898704930.jpg\",\"datePublished\":\"2025-02-19T11:00:00+00:00\",\"description\":\"La banda argentina Ke Personajes actuar\u00e1 en Madrid y Barcelona en septiembre para presentar su nuevo \u00e1lbum\",\"breadcrumb\":{\"@id\":\"https:\\\/\\\/unaymilletras.com\\\/ke-personajes-anuncian-su-regreso-a-espana-en-septiembre\\\/#breadcrumb\"},\"inLanguage\":\"en-GB\",\"potentialAction\":[{\"@type\":\"ReadAction\",\"target\":[\"https:\\\/\\\/unaymilletras.com\\\/ke-personajes-anuncian-su-regreso-a-espana-en-septiembre\\\/\"]}]},{\"@type\":\"ImageObject\",\"inLanguage\":\"en-GB\",\"@id\":\"https:\\\/\\\/unaymilletras.com\\\/ke-personajes-anuncian-su-regreso-a-espana-en-septiembre\\\/#primaryimage\",\"url\":\"https:\\\/\\\/unaymilletras.com\\\/wp-content\\\/uploads\\\/2025\\\/02\\\/NOBODY-267-scaled-e1739898704930.jpg\",\"contentUrl\":\"https:\\\/\\\/unaymilletras.com\\\/wp-content\\\/uploads\\\/2025\\\/02\\\/NOBODY-267-scaled-e1739898704930.jpg\",\"width\":1707,\"height\":2560,\"caption\":\"Ke Personajes\"},{\"@type\":\"BreadcrumbList\",\"@id\":\"https:\\\/\\\/unaymilletras.com\\\/ke-personajes-anuncian-su-regreso-a-espana-en-septiembre\\\/#breadcrumb\",\"itemListElement\":[{\"@type\":\"ListItem\",\"position\":1,\"name\":\"Home\",\"item\":\"http:\\\/\\\/unaymilletras.com\\\/\"},{\"@type\":\"ListItem\",\"position\":2,\"name\":\"KE PERSONAJES anuncian su regreso a Espa\u00f1a en septiembre\"}]},{\"@type\":\"WebSite\",\"@id\":\"http:\\\/\\\/unaymilletras.com\\\/#website\",\"url\":\"http:\\\/\\\/unaymilletras.com\\\/\",\"name\":\"Una y Mil Letras\",\"description\":\"\",\"publisher\":{\"@id\":\"http:\\\/\\\/unaymilletras.com\\\/#organization\"},\"potentialAction\":[{\"@type\":\"SearchAction\",\"target\":{\"@type\":\"EntryPoint\",\"urlTemplate\":\"http:\\\/\\\/unaymilletras.com\\\/?s={search_term_string}\"},\"query-input\":{\"@type\":\"PropertyValueSpecification\",\"valueRequired\":true,\"valueName\":\"search_term_string\"}}],\"inLanguage\":\"en-GB\"},{\"@type\":\"Organization\",\"@id\":\"http:\\\/\\\/unaymilletras.com\\\/#organization\",\"name\":\"Una y Mil Letras\",\"url\":\"http:\\\/\\\/unaymilletras.com\\\/\",\"logo\":{\"@type\":\"ImageObject\",\"inLanguage\":\"en-GB\",\"@id\":\"http:\\\/\\\/unaymilletras.com\\\/#\\\/schema\\\/logo\\\/image\\\/\",\"url\":\"https:\\\/\\\/unaymilletras.com\\\/wp-content\\\/uploads\\\/2024\\\/06\\\/cropped-Logo-removebg-preview.png\",\"contentUrl\":\"https:\\\/\\\/unaymilletras.com\\\/wp-content\\\/uploads\\\/2024\\\/06\\\/cropped-Logo-removebg-preview.png\",\"width\":512,\"height\":512,\"caption\":\"Una y Mil Letras\"},\"image\":{\"@id\":\"http:\\\/\\\/unaymilletras.com\\\/#\\\/schema\\\/logo\\\/image\\\/\"},\"sameAs\":[\"https:\\\/\\\/x.com\\\/UnaYMilLetras\",\"https:\\\/\\\/instagram.com\\\/UnaYMilLetras\"]},{\"@type\":\"Person\",\"@id\":\"http:\\\/\\\/unaymilletras.com\\\/#\\\/schema\\\/person\\\/0860dc8a218329991ee2c7591f4f849d\",\"name\":\"Redacci\u00f3n\",\"image\":{\"@type\":\"ImageObject\",\"inLanguage\":\"en-GB\",\"@id\":\"https:\\\/\\\/secure.gravatar.com\\\/avatar\\\/d8f55e05a8b6597e45c55a1dcbdbfe44f4a360d88b48e00de5216a79b7732796?s=96&d=mm&r=g\",\"url\":\"https:\\\/\\\/secure.gravatar.com\\\/avatar\\\/d8f55e05a8b6597e45c55a1dcbdbfe44f4a360d88b48e00de5216a79b7732796?s=96&d=mm&r=g\",\"contentUrl\":\"https:\\\/\\\/secure.gravatar.com\\\/avatar\\\/d8f55e05a8b6597e45c55a1dcbdbfe44f4a360d88b48e00de5216a79b7732796?s=96&d=mm&r=g\",\"caption\":\"Redacci\u00f3n\"},\"url\":\"https:\\\/\\\/unaymilletras.com\\\/en\\\/author\\\/redaccion\\\/\"}]}<\/script>\n<!-- \/ Yoast SEO plugin. -->","yoast_head_json":{"title":"KE PERSONAJES anuncian su regreso a Espa\u00f1a en septiembre","description":"La banda argentina Ke Personajes actuar\u00e1 en Madrid y Barcelona en septiembre para presentar su nuevo \u00e1lbum","robots":{"index":"index","follow":"follow","max-snippet":"max-snippet:-1","max-image-preview":"max-image-preview:large","max-video-preview":"max-video-preview:-1"},"canonical":"https:\/\/unaymilletras.com\/en\/ke-personajes-anuncian-su-regreso-a-espana-en-septiembre\/","og_locale":"en_GB","og_type":"article","og_title":"KE PERSONAJES anuncian su regreso a Espa\u00f1a en septiembre","og_description":"La banda argentina Ke Personajes actuar\u00e1 en Madrid y Barcelona en septiembre para presentar su nuevo \u00e1lbum","og_url":"https:\/\/unaymilletras.com\/en\/ke-personajes-anuncian-su-regreso-a-espana-en-septiembre\/","og_site_name":"Una y Mil Letras","article_published_time":"2025-02-19T11:00:00+00:00","og_image":[{"width":1707,"height":2560,"url":"https:\/\/unaymilletras.com\/wp-content\/uploads\/2025\/02\/NOBODY-267-scaled-e1739898704930.jpg","type":"image\/jpeg"}],"author":"Redacci\u00f3n","twitter_card":"summary_large_image","twitter_creator":"@UnaYMilLetras","twitter_site":"@UnaYMilLetras","twitter_misc":{"Written by":"Redacci\u00f3n","Estimated reading time":"2 minutes"},"schema":{"@context":"https:\/\/schema.org","@graph":[{"@type":"Article","@id":"https:\/\/unaymilletras.com\/ke-personajes-anuncian-su-regreso-a-espana-en-septiembre\/#article","isPartOf":{"@id":"https:\/\/unaymilletras.com\/ke-personajes-anuncian-su-regreso-a-espana-en-septiembre\/"},"author":{"name":"Redacci\u00f3n","@id":"http:\/\/unaymilletras.com\/#\/schema\/person\/0860dc8a218329991ee2c7591f4f849d"},"headline":"KE PERSONAJES anuncian su regreso a Espa\u00f1a en septiembre","datePublished":"2025-02-19T11:00:00+00:00","mainEntityOfPage":{"@id":"https:\/\/unaymilletras.com\/ke-personajes-anuncian-su-regreso-a-espana-en-septiembre\/"},"wordCount":287,"publisher":{"@id":"http:\/\/unaymilletras.com\/#organization"},"image":{"@id":"https:\/\/unaymilletras.com\/ke-personajes-anuncian-su-regreso-a-espana-en-septiembre\/#primaryimage"},"thumbnailUrl":"https:\/\/unaymilletras.com\/wp-content\/uploads\/2025\/02\/NOBODY-267-scaled-e1739898704930.jpg","articleSection":["M\u00fasica"],"inLanguage":"en-GB"},{"@type":"WebPage","@id":"https:\/\/unaymilletras.com\/ke-personajes-anuncian-su-regreso-a-espana-en-septiembre\/","url":"https:\/\/unaymilletras.com\/ke-personajes-anuncian-su-regreso-a-espana-en-septiembre\/","name":"KE PERSONAJES anuncian su regreso a Espa\u00f1a en septiembre","isPartOf":{"@id":"http:\/\/unaymilletras.com\/#website"},"primaryImageOfPage":{"@id":"https:\/\/unaymilletras.com\/ke-personajes-anuncian-su-regreso-a-espana-en-septiembre\/#primaryimage"},"image":{"@id":"https:\/\/unaymilletras.com\/ke-personajes-anuncian-su-regreso-a-espana-en-septiembre\/#primaryimage"},"thumbnailUrl":"https:\/\/unaymilletras.com\/wp-content\/uploads\/2025\/02\/NOBODY-267-scaled-e1739898704930.jpg","datePublished":"2025-02-19T11:00:00+00:00","description":"La banda argentina Ke Personajes actuar\u00e1 en Madrid y Barcelona en septiembre para presentar su nuevo \u00e1lbum","breadcrumb":{"@id":"https:\/\/unaymilletras.com\/ke-personajes-anuncian-su-regreso-a-espana-en-septiembre\/#breadcrumb"},"inLanguage":"en-GB","potentialAction":[{"@type":"ReadAction","target":["https:\/\/unaymilletras.com\/ke-personajes-anuncian-su-regreso-a-espana-en-septiembre\/"]}]},{"@type":"ImageObject","inLanguage":"en-GB","@id":"https:\/\/unaymilletras.com\/ke-personajes-anuncian-su-regreso-a-espana-en-septiembre\/#primaryimage","url":"https:\/\/unaymilletras.com\/wp-content\/uploads\/2025\/02\/NOBODY-267-scaled-e1739898704930.jpg","contentUrl":"https:\/\/unaymilletras.com\/wp-content\/uploads\/2025\/02\/NOBODY-267-scaled-e1739898704930.jpg","width":1707,"height":2560,"caption":"Ke Personajes"},{"@type":"BreadcrumbList","@id":"https:\/\/unaymilletras.com\/ke-personajes-anuncian-su-regreso-a-espana-en-septiembre\/#breadcrumb","itemListElement":[{"@type":"ListItem","position":1,"name":"Home","item":"http:\/\/unaymilletras.com\/"},{"@type":"ListItem","position":2,"name":"KE PERSONAJES anuncian su regreso a Espa\u00f1a en septiembre"}]},{"@type":"WebSite","@id":"http:\/\/unaymilletras.com\/#website","url":"http:\/\/unaymilletras.com\/","name":"Una y Mil Letras","description":"","publisher":{"@id":"http:\/\/unaymilletras.com\/#organization"},"potentialAction":[{"@type":"SearchAction","target":{"@type":"EntryPoint","urlTemplate":"http:\/\/unaymilletras.com\/?s={search_term_string}"},"query-input":{"@type":"PropertyValueSpecification","valueRequired":true,"valueName":"search_term_string"}}],"inLanguage":"en-GB"},{"@type":"Organization","@id":"http:\/\/unaymilletras.com\/#organization","name":"Una y Mil Letras","url":"http:\/\/unaymilletras.com\/","logo":{"@type":"ImageObject","inLanguage":"en-GB","@id":"http:\/\/unaymilletras.com\/#\/schema\/logo\/image\/","url":"https:\/\/unaymilletras.com\/wp-content\/uploads\/2024\/06\/cropped-Logo-removebg-preview.png","contentUrl":"https:\/\/unaymilletras.com\/wp-content\/uploads\/2024\/06\/cropped-Logo-removebg-preview.png","width":512,"height":512,"caption":"Una y Mil Letras"},"image":{"@id":"http:\/\/unaymilletras.com\/#\/schema\/logo\/image\/"},"sameAs":["https:\/\/x.com\/UnaYMilLetras","https:\/\/instagram.com\/UnaYMilLetras"]},{"@type":"Person","@id":"http:\/\/unaymilletras.com\/#\/schema\/person\/0860dc8a218329991ee2c7591f4f849d","name":"Redacci\u00f3n","image":{"@type":"ImageObject","inLanguage":"en-GB","@id":"https:\/\/secure.gravatar.com\/avatar\/d8f55e05a8b6597e45c55a1dcbdbfe44f4a360d88b48e00de5216a79b7732796?s=96&d=mm&r=g","url":"https:\/\/secure.gravatar.com\/avatar\/d8f55e05a8b6597e45c55a1dcbdbfe44f4a360d88b48e00de5216a79b7732796?s=96&d=mm&r=g","contentUrl":"https:\/\/secure.gravatar.com\/avatar\/d8f55e05a8b6597e45c55a1dcbdbfe44f4a360d88b48e00de5216a79b7732796?s=96&d=mm&r=g","caption":"Redacci\u00f3n"},"url":"https:\/\/unaymilletras.com\/en\/author\/redaccion\/"}]}},"_links":{"self":[{"href":"https:\/\/unaymilletras.com\/en\/wp-json\/wp\/v2\/posts\/3752","targetHints":{"allow":["GET"]}}],"collection":[{"href":"https:\/\/unaymilletras.com\/en\/wp-json\/wp\/v2\/posts"}],"about":[{"href":"https:\/\/unaymilletras.com\/en\/wp-json\/wp\/v2\/types\/post"}],"author":[{"embeddable":true,"href":"https:\/\/unaymilletras.com\/en\/wp-json\/wp\/v2\/users\/6"}],"replies":[{"embeddable":true,"href":"https:\/\/unaymilletras.com\/en\/wp-json\/wp\/v2\/comments?post=3752"}],"version-history":[{"count":4,"href":"https:\/\/unaymilletras.com\/en\/wp-json\/wp\/v2\/posts\/3752\/revisions"}],"predecessor-version":[{"id":3758,"href":"https:\/\/unaymilletras.com\/en\/wp-json\/wp\/v2\/posts\/3752\/revisions\/3758"}],"wp:featuredmedia":[{"embeddable":true,"href":"https:\/\/unaymilletras.com\/en\/wp-json\/wp\/v2\/media\/3755"}],"wp:attachment":[{"href":"https:\/\/unaymilletras.com\/en\/wp-json\/wp\/v2\/media?parent=3752"}],"wp:term":[{"taxonomy":"category","embeddable":true,"href":"https:\/\/unaymilletras.com\/en\/wp-json\/wp\/v2\/categories?post=3752"},{"taxonomy":"post_tag","embeddable":true,"href":"https:\/\/unaymilletras.com\/en\/wp-json\/wp\/v2\/tags?post=3752"}],"curies":[{"name":"wp","href":"https:\/\/api.w.org\/{rel}","templated":true}]}}