{"id":3759,"date":"2025-02-25T12:14:09","date_gmt":"2025-02-25T11:14:09","guid":{"rendered":"https:\/\/unaymilletras.com\/?p=3759"},"modified":"2025-02-25T12:16:03","modified_gmt":"2025-02-25T11:16:03","slug":"gloria-trevi-lanza-q-e-p-d-un-adios-definitivo-en-clave-de-reggaeton-ranchero","status":"publish","type":"post","link":"https:\/\/unaymilletras.com\/en\/gloria-trevi-lanza-q-e-p-d-un-adios-definitivo-en-clave-de-reggaeton-ranchero\/","title":{"rendered":"Gloria Trevi lanza \u00abQ.E.P.D.\u00bb, un adi\u00f3s definitivo en clave de reggaet\u00f3n ranchero"},"content":{"rendered":"<div data-elementor-type=\"wp-post\" data-elementor-id=\"3759\" class=\"elementor elementor-3759\">\n\t\t\t\t\t\t<section class=\"elementor-section elementor-top-section elementor-element elementor-element-1497718 elementor-section-boxed elementor-section-height-default elementor-section-height-default\" data-id=\"1497718\" data-element_type=\"section\" data-e-type=\"section\">\n\t\t\t\t\t\t<div class=\"elementor-container elementor-column-gap-default\">\n\t\t\t\t\t<div class=\"elementor-column elementor-col-100 elementor-top-column elementor-element elementor-element-88ff6fd\" data-id=\"88ff6fd\" data-element_type=\"column\" data-e-type=\"column\">\n\t\t\t<div class=\"elementor-widget-wrap elementor-element-populated\">\n\t\t\t\t\t\t<div class=\"elementor-element elementor-element-0d0afc7 elementor-widget elementor-widget-text-editor\" data-id=\"0d0afc7\" data-element_type=\"widget\" data-e-type=\"widget\" data-widget_type=\"text-editor.default\">\n\t\t\t\t<div class=\"elementor-widget-container\">\n\t\t\t\t\t\t\t\t\t<h2 style=\"text-align: center;\" data-start=\"93\" data-end=\"199\"><span style=\"color: #808080;\"><em>La cantante mexicana Gloria Trevi sorprende con un nuevo sencillo que mezcla ritmos modernos y tradici\u00f3n mexicana<\/em><\/span><\/h2>\t\t\t\t\t\t\t\t<\/div>\n\t\t\t\t<\/div>\n\t\t\t\t\t<\/div>\n\t\t<\/div>\n\t\t\t\t\t<\/div>\n\t\t<\/section>\n\t\t\t\t<section class=\"elementor-section elementor-top-section elementor-element elementor-element-a94f5e7 elementor-section-boxed elementor-section-height-default elementor-section-height-default\" data-id=\"a94f5e7\" data-element_type=\"section\" data-e-type=\"section\">\n\t\t\t\t\t\t<div class=\"elementor-container elementor-column-gap-default\">\n\t\t\t\t\t<div class=\"elementor-column elementor-col-100 elementor-top-column elementor-element elementor-element-8182ea0\" data-id=\"8182ea0\" data-element_type=\"column\" data-e-type=\"column\">\n\t\t\t<div class=\"elementor-widget-wrap elementor-element-populated\">\n\t\t\t\t\t\t<div class=\"elementor-element elementor-element-739a573 elementor-widget elementor-widget-text-editor\" data-id=\"739a573\" data-element_type=\"widget\" data-e-type=\"widget\" data-widget_type=\"text-editor.default\">\n\t\t\t\t<div class=\"elementor-widget-container\">\n\t\t\t\t\t\t\t\t\t<p data-start=\"201\" data-end=\"534\"><b>Gloria Trevi<\/b> regresa con fuerza a la escena musical con <strong data-start=\"257\" data-end=\"271\"><i><span style=\"color: #808080;\"><a style=\"color: #808080;\" href=\"https:\/\/open.spotify.com\/intl-es\/track\/1dp0tV6jbgzuLqlM0whyDY?si=6603ae19b9e04f32\">Q.E.P.D<\/a><\/span>..<\/i><\/strong>\u00a0Un tema que promete convertirse en un himno para quienes buscan cerrar ciclos amorosos con iron\u00eda y ritmo. Disponible desde el <strong data-start=\"400\" data-end=\"425\">21 de febrero de 2025<\/strong>, la canci\u00f3n fusiona el reggaet\u00f3n con un toque ranchero, en una despedida definitiva a un amor que lastim\u00f3.<\/p>\t\t\t\t\t\t\t\t<\/div>\n\t\t\t\t<\/div>\n\t\t\t\t\t<\/div>\n\t\t<\/div>\n\t\t\t\t\t<\/div>\n\t\t<\/section>\n\t\t\t\t<section class=\"elementor-section elementor-top-section elementor-element elementor-element-b5584f5 elementor-section-boxed elementor-section-height-default elementor-section-height-default\" data-id=\"b5584f5\" data-element_type=\"section\" data-e-type=\"section\">\n\t\t\t\t\t\t<div class=\"elementor-container elementor-column-gap-default\">\n\t\t\t\t\t<div class=\"elementor-column elementor-col-50 elementor-top-column elementor-element elementor-element-3528e7e\" data-id=\"3528e7e\" data-element_type=\"column\" data-e-type=\"column\">\n\t\t\t<div class=\"elementor-widget-wrap elementor-element-populated\">\n\t\t\t\t\t\t<div class=\"elementor-element elementor-element-237d9b9 elementor-widget elementor-widget-text-editor\" data-id=\"237d9b9\" data-element_type=\"widget\" data-e-type=\"widget\" data-widget_type=\"text-editor.default\">\n\t\t\t\t<div class=\"elementor-widget-container\">\n\t\t\t\t\t\t\t\t\t<p data-start=\"536\" data-end=\"873\"><span style=\"color: var( --e-global-color-text ); font-family: var( --e-global-typography-text-font-family ), Sans-serif; font-weight: var( --e-global-typography-text-font-weight );\">El lanzamiento viene acompa\u00f1ado de un videoclip grabado en <\/span><strong style=\"color: var( --e-global-color-text ); font-family: var( --e-global-typography-text-font-family ), Sans-serif;\" data-start=\"934\" data-end=\"955\">Michoac\u00e1n, M\u00e9xico<\/strong><span style=\"color: var( --e-global-color-text ); font-family: var( --e-global-typography-text-font-family ), Sans-serif; font-weight: var( --e-global-typography-text-font-weight );\">, bajo la direcci\u00f3n del cineasta <\/span><strong style=\"color: var( --e-global-color-text ); font-family: var( --e-global-typography-text-font-family ), Sans-serif;\" data-start=\"988\" data-end=\"1003\">Pablo Croce<\/strong><span style=\"color: var( --e-global-color-text ); font-family: var( --e-global-typography-text-font-family ), Sans-serif; font-weight: var( --e-global-typography-text-font-weight );\">, quien ha sido galardonado por su trabajo audiovisual. El video es una met\u00e1fora visual del entierro de un amor que jam\u00e1s regresar\u00e1.<\/span><\/p>\t\t\t\t\t\t\t\t<\/div>\n\t\t\t\t<\/div>\n\t\t\t\t\t<\/div>\n\t\t<\/div>\n\t\t\t\t<div class=\"elementor-column elementor-col-50 elementor-top-column elementor-element elementor-element-3879bf4\" data-id=\"3879bf4\" data-element_type=\"column\" data-e-type=\"column\">\n\t\t\t<div class=\"elementor-widget-wrap elementor-element-populated\">\n\t\t\t\t\t\t<div class=\"elementor-element elementor-element-f37ab1c elementor-widget elementor-widget-image\" data-id=\"f37ab1c\" data-element_type=\"widget\" data-e-type=\"widget\" data-widget_type=\"image.default\">\n\t\t\t\t<div class=\"elementor-widget-container\">\n\t\t\t\t\t\t\t\t\t\t\t\t\t\t\t<img fetchpriority=\"high\" decoding=\"async\" width=\"640\" height=\"640\" src=\"https:\/\/unaymilletras.com\/wp-content\/uploads\/2025\/02\/RGB-QEPD-GLORIA-TREVI--1024x1024.jpg\" class=\"attachment-large size-large wp-image-3761\" alt=\"Gloria Trevi\" srcset=\"https:\/\/unaymilletras.com\/wp-content\/uploads\/2025\/02\/RGB-QEPD-GLORIA-TREVI--1024x1024.jpg 1024w, https:\/\/unaymilletras.com\/wp-content\/uploads\/2025\/02\/RGB-QEPD-GLORIA-TREVI--300x300.jpg 300w, https:\/\/unaymilletras.com\/wp-content\/uploads\/2025\/02\/RGB-QEPD-GLORIA-TREVI--150x150.jpg 150w, https:\/\/unaymilletras.com\/wp-content\/uploads\/2025\/02\/RGB-QEPD-GLORIA-TREVI--768x768.jpg 768w, https:\/\/unaymilletras.com\/wp-content\/uploads\/2025\/02\/RGB-QEPD-GLORIA-TREVI--1536x1536.jpg 1536w, https:\/\/unaymilletras.com\/wp-content\/uploads\/2025\/02\/RGB-QEPD-GLORIA-TREVI--12x12.jpg 12w, https:\/\/unaymilletras.com\/wp-content\/uploads\/2025\/02\/RGB-QEPD-GLORIA-TREVI--e1740481375786.jpg 600w\" sizes=\"(max-width: 640px) 100vw, 640px\" \/>\t\t\t\t\t\t\t\t\t\t\t\t\t\t\t<\/div>\n\t\t\t\t<\/div>\n\t\t\t\t\t<\/div>\n\t\t<\/div>\n\t\t\t\t\t<\/div>\n\t\t<\/section>\n\t\t\t\t<section class=\"elementor-section elementor-top-section elementor-element elementor-element-7e91aaa elementor-section-boxed elementor-section-height-default elementor-section-height-default\" data-id=\"7e91aaa\" data-element_type=\"section\" data-e-type=\"section\">\n\t\t\t\t\t\t<div class=\"elementor-container elementor-column-gap-default\">\n\t\t\t\t\t<div class=\"elementor-column elementor-col-100 elementor-top-column elementor-element elementor-element-dadb955\" data-id=\"dadb955\" data-element_type=\"column\" data-e-type=\"column\">\n\t\t\t<div class=\"elementor-widget-wrap elementor-element-populated\">\n\t\t\t\t\t\t<div class=\"elementor-element elementor-element-9fcba89 elementor-widget elementor-widget-text-editor\" data-id=\"9fcba89\" data-element_type=\"widget\" data-e-type=\"widget\" data-widget_type=\"text-editor.default\">\n\t\t\t\t<div class=\"elementor-widget-container\">\n\t\t\t\t\t\t\t\t\t<p data-start=\"1139\" data-end=\"1328\">\u00abCon esta canci\u00f3n se baila y se da el adi\u00f3s definitivo a quien no te valor\u00f3\u2026 Con el epitafio <strong data-start=\"1232\" data-end=\"1244\"><i>Q.E.P.D.<\/i><\/strong>. Que en paz descanse lo que te am\u00e9\u00bb, expres\u00f3 la cantante sobre su nuevo sencillo.<\/p>\n<p data-start=\"1330\" data-end=\"1463\" data-is-last-node=\"\" data-is-only-node=\"\">Con esta propuesta, Gloria Trevi sigue reinvent\u00e1ndose y llevando su m\u00fasica a nuevas generaciones, sin perder su sello caracter\u00edstico.<\/p>\t\t\t\t\t\t\t\t<\/div>\n\t\t\t\t<\/div>\n\t\t\t\t\t<\/div>\n\t\t<\/div>\n\t\t\t\t\t<\/div>\n\t\t<\/section>\n\t\t\t\t<\/div>","protected":false},"excerpt":{"rendered":"<p>La cantante mexicana Gloria Trevi sorprende con un nuevo sencillo que mezcla ritmos modernos y tradici\u00f3n mexicana Gloria Trevi regresa con fuerza a la escena musical con Q.E.P.D..\u00a0Un tema que promete convertirse en un himno para quienes buscan cerrar ciclos amorosos con iron\u00eda y ritmo. Disponible desde el 21 de febrero de 2025, la canci\u00f3n [&hellip;]<\/p>\n","protected":false},"author":6,"featured_media":3761,"comment_status":"closed","ping_status":"closed","sticky":false,"template":"","format":"standard","meta":{"footnotes":""},"categories":[4],"tags":[],"class_list":["post-3759","post","type-post","status-publish","format-standard","has-post-thumbnail","hentry","category-musica"],"yoast_head":"<!-- This site is optimized with the Yoast SEO plugin v27.4 - https:\/\/yoast.com\/product\/yoast-seo-wordpress\/ -->\n<title>Gloria Trevi lanza &quot;Q.E.P.D.&quot;, un adi\u00f3s definitivo en clave de reggaet\u00f3n ranchero<\/title>\n<meta name=\"description\" content=\"La cantante mexicana Gloria Trevi sorprende con un nuevo sencillo que mezcla ritmos modernos y tradici\u00f3n mexicana\" \/>\n<meta name=\"robots\" content=\"index, follow, max-snippet:-1, max-image-preview:large, max-video-preview:-1\" \/>\n<link rel=\"canonical\" href=\"https:\/\/unaymilletras.com\/en\/gloria-trevi-lanza-q-e-p-d-un-adios-definitivo-en-clave-de-reggaeton-ranchero\/\" \/>\n<meta property=\"og:locale\" content=\"en_GB\" \/>\n<meta property=\"og:type\" content=\"article\" \/>\n<meta property=\"og:title\" content=\"Gloria Trevi lanza &quot;Q.E.P.D.&quot;, un adi\u00f3s definitivo en clave de reggaet\u00f3n ranchero\" \/>\n<meta property=\"og:description\" content=\"La cantante mexicana Gloria Trevi sorprende con un nuevo sencillo que mezcla ritmos modernos y tradici\u00f3n mexicana\" \/>\n<meta property=\"og:url\" content=\"https:\/\/unaymilletras.com\/en\/gloria-trevi-lanza-q-e-p-d-un-adios-definitivo-en-clave-de-reggaeton-ranchero\/\" \/>\n<meta property=\"og:site_name\" content=\"Una y Mil Letras\" \/>\n<meta property=\"article:published_time\" content=\"2025-02-25T11:14:09+00:00\" \/>\n<meta property=\"article:modified_time\" content=\"2025-02-25T11:16:03+00:00\" \/>\n<meta property=\"og:image\" content=\"http:\/\/unaymilletras.com\/wp-content\/uploads\/2025\/02\/RGB-QEPD-GLORIA-TREVI--e1740481375786.jpg\" \/>\n\t<meta property=\"og:image:width\" content=\"600\" \/>\n\t<meta property=\"og:image:height\" content=\"600\" \/>\n\t<meta property=\"og:image:type\" content=\"image\/jpeg\" \/>\n<meta name=\"author\" content=\"Redacci\u00f3n\" \/>\n<meta name=\"twitter:card\" content=\"summary_large_image\" \/>\n<meta name=\"twitter:creator\" content=\"@UnaYMilLetras\" \/>\n<meta name=\"twitter:site\" content=\"@UnaYMilLetras\" \/>\n<meta name=\"twitter:label1\" content=\"Written by\" \/>\n\t<meta name=\"twitter:data1\" content=\"Redacci\u00f3n\" \/>\n\t<meta name=\"twitter:label2\" content=\"Estimated reading time\" \/>\n\t<meta name=\"twitter:data2\" content=\"1 minute\" \/>\n<script type=\"application\/ld+json\" class=\"yoast-schema-graph\">{\"@context\":\"https:\\\/\\\/schema.org\",\"@graph\":[{\"@type\":\"Article\",\"@id\":\"https:\\\/\\\/unaymilletras.com\\\/gloria-trevi-lanza-q-e-p-d-un-adios-definitivo-en-clave-de-reggaeton-ranchero\\\/#article\",\"isPartOf\":{\"@id\":\"https:\\\/\\\/unaymilletras.com\\\/gloria-trevi-lanza-q-e-p-d-un-adios-definitivo-en-clave-de-reggaeton-ranchero\\\/\"},\"author\":{\"name\":\"Redacci\u00f3n\",\"@id\":\"http:\\\/\\\/unaymilletras.com\\\/#\\\/schema\\\/person\\\/0860dc8a218329991ee2c7591f4f849d\"},\"headline\":\"Gloria Trevi lanza \u00abQ.E.P.D.\u00bb, un adi\u00f3s definitivo en clave de reggaet\u00f3n ranchero\",\"datePublished\":\"2025-02-25T11:14:09+00:00\",\"dateModified\":\"2025-02-25T11:16:03+00:00\",\"mainEntityOfPage\":{\"@id\":\"https:\\\/\\\/unaymilletras.com\\\/gloria-trevi-lanza-q-e-p-d-un-adios-definitivo-en-clave-de-reggaeton-ranchero\\\/\"},\"wordCount\":202,\"publisher\":{\"@id\":\"http:\\\/\\\/unaymilletras.com\\\/#organization\"},\"image\":{\"@id\":\"https:\\\/\\\/unaymilletras.com\\\/gloria-trevi-lanza-q-e-p-d-un-adios-definitivo-en-clave-de-reggaeton-ranchero\\\/#primaryimage\"},\"thumbnailUrl\":\"https:\\\/\\\/unaymilletras.com\\\/wp-content\\\/uploads\\\/2025\\\/02\\\/RGB-QEPD-GLORIA-TREVI--e1740481375786.jpg\",\"articleSection\":[\"M\u00fasica\"],\"inLanguage\":\"en-GB\"},{\"@type\":\"WebPage\",\"@id\":\"https:\\\/\\\/unaymilletras.com\\\/gloria-trevi-lanza-q-e-p-d-un-adios-definitivo-en-clave-de-reggaeton-ranchero\\\/\",\"url\":\"https:\\\/\\\/unaymilletras.com\\\/gloria-trevi-lanza-q-e-p-d-un-adios-definitivo-en-clave-de-reggaeton-ranchero\\\/\",\"name\":\"Gloria Trevi lanza \\\"Q.E.P.D.\\\", un adi\u00f3s definitivo en clave de reggaet\u00f3n ranchero\",\"isPartOf\":{\"@id\":\"http:\\\/\\\/unaymilletras.com\\\/#website\"},\"primaryImageOfPage\":{\"@id\":\"https:\\\/\\\/unaymilletras.com\\\/gloria-trevi-lanza-q-e-p-d-un-adios-definitivo-en-clave-de-reggaeton-ranchero\\\/#primaryimage\"},\"image\":{\"@id\":\"https:\\\/\\\/unaymilletras.com\\\/gloria-trevi-lanza-q-e-p-d-un-adios-definitivo-en-clave-de-reggaeton-ranchero\\\/#primaryimage\"},\"thumbnailUrl\":\"https:\\\/\\\/unaymilletras.com\\\/wp-content\\\/uploads\\\/2025\\\/02\\\/RGB-QEPD-GLORIA-TREVI--e1740481375786.jpg\",\"datePublished\":\"2025-02-25T11:14:09+00:00\",\"dateModified\":\"2025-02-25T11:16:03+00:00\",\"description\":\"La cantante mexicana Gloria Trevi sorprende con un nuevo sencillo que mezcla ritmos modernos y tradici\u00f3n mexicana\",\"breadcrumb\":{\"@id\":\"https:\\\/\\\/unaymilletras.com\\\/gloria-trevi-lanza-q-e-p-d-un-adios-definitivo-en-clave-de-reggaeton-ranchero\\\/#breadcrumb\"},\"inLanguage\":\"en-GB\",\"potentialAction\":[{\"@type\":\"ReadAction\",\"target\":[\"https:\\\/\\\/unaymilletras.com\\\/gloria-trevi-lanza-q-e-p-d-un-adios-definitivo-en-clave-de-reggaeton-ranchero\\\/\"]}]},{\"@type\":\"ImageObject\",\"inLanguage\":\"en-GB\",\"@id\":\"https:\\\/\\\/unaymilletras.com\\\/gloria-trevi-lanza-q-e-p-d-un-adios-definitivo-en-clave-de-reggaeton-ranchero\\\/#primaryimage\",\"url\":\"https:\\\/\\\/unaymilletras.com\\\/wp-content\\\/uploads\\\/2025\\\/02\\\/RGB-QEPD-GLORIA-TREVI--e1740481375786.jpg\",\"contentUrl\":\"https:\\\/\\\/unaymilletras.com\\\/wp-content\\\/uploads\\\/2025\\\/02\\\/RGB-QEPD-GLORIA-TREVI--e1740481375786.jpg\",\"width\":600,\"height\":600,\"caption\":\"Gloria Trevi\"},{\"@type\":\"BreadcrumbList\",\"@id\":\"https:\\\/\\\/unaymilletras.com\\\/gloria-trevi-lanza-q-e-p-d-un-adios-definitivo-en-clave-de-reggaeton-ranchero\\\/#breadcrumb\",\"itemListElement\":[{\"@type\":\"ListItem\",\"position\":1,\"name\":\"Home\",\"item\":\"http:\\\/\\\/unaymilletras.com\\\/\"},{\"@type\":\"ListItem\",\"position\":2,\"name\":\"Gloria Trevi lanza \u00abQ.E.P.D.\u00bb, un adi\u00f3s definitivo en clave de reggaet\u00f3n ranchero\"}]},{\"@type\":\"WebSite\",\"@id\":\"http:\\\/\\\/unaymilletras.com\\\/#website\",\"url\":\"http:\\\/\\\/unaymilletras.com\\\/\",\"name\":\"Una y Mil Letras\",\"description\":\"\",\"publisher\":{\"@id\":\"http:\\\/\\\/unaymilletras.com\\\/#organization\"},\"potentialAction\":[{\"@type\":\"SearchAction\",\"target\":{\"@type\":\"EntryPoint\",\"urlTemplate\":\"http:\\\/\\\/unaymilletras.com\\\/?s={search_term_string}\"},\"query-input\":{\"@type\":\"PropertyValueSpecification\",\"valueRequired\":true,\"valueName\":\"search_term_string\"}}],\"inLanguage\":\"en-GB\"},{\"@type\":\"Organization\",\"@id\":\"http:\\\/\\\/unaymilletras.com\\\/#organization\",\"name\":\"Una y Mil Letras\",\"url\":\"http:\\\/\\\/unaymilletras.com\\\/\",\"logo\":{\"@type\":\"ImageObject\",\"inLanguage\":\"en-GB\",\"@id\":\"http:\\\/\\\/unaymilletras.com\\\/#\\\/schema\\\/logo\\\/image\\\/\",\"url\":\"https:\\\/\\\/unaymilletras.com\\\/wp-content\\\/uploads\\\/2024\\\/06\\\/cropped-Logo-removebg-preview.png\",\"contentUrl\":\"https:\\\/\\\/unaymilletras.com\\\/wp-content\\\/uploads\\\/2024\\\/06\\\/cropped-Logo-removebg-preview.png\",\"width\":512,\"height\":512,\"caption\":\"Una y Mil Letras\"},\"image\":{\"@id\":\"http:\\\/\\\/unaymilletras.com\\\/#\\\/schema\\\/logo\\\/image\\\/\"},\"sameAs\":[\"https:\\\/\\\/x.com\\\/UnaYMilLetras\",\"https:\\\/\\\/instagram.com\\\/UnaYMilLetras\"]},{\"@type\":\"Person\",\"@id\":\"http:\\\/\\\/unaymilletras.com\\\/#\\\/schema\\\/person\\\/0860dc8a218329991ee2c7591f4f849d\",\"name\":\"Redacci\u00f3n\",\"image\":{\"@type\":\"ImageObject\",\"inLanguage\":\"en-GB\",\"@id\":\"https:\\\/\\\/secure.gravatar.com\\\/avatar\\\/d8f55e05a8b6597e45c55a1dcbdbfe44f4a360d88b48e00de5216a79b7732796?s=96&d=mm&r=g\",\"url\":\"https:\\\/\\\/secure.gravatar.com\\\/avatar\\\/d8f55e05a8b6597e45c55a1dcbdbfe44f4a360d88b48e00de5216a79b7732796?s=96&d=mm&r=g\",\"contentUrl\":\"https:\\\/\\\/secure.gravatar.com\\\/avatar\\\/d8f55e05a8b6597e45c55a1dcbdbfe44f4a360d88b48e00de5216a79b7732796?s=96&d=mm&r=g\",\"caption\":\"Redacci\u00f3n\"},\"url\":\"https:\\\/\\\/unaymilletras.com\\\/en\\\/author\\\/redaccion\\\/\"}]}<\/script>\n<!-- \/ Yoast SEO plugin. -->","yoast_head_json":{"title":"Gloria Trevi lanza \"Q.E.P.D.\", un adi\u00f3s definitivo en clave de reggaet\u00f3n ranchero","description":"La cantante mexicana Gloria Trevi sorprende con un nuevo sencillo que mezcla ritmos modernos y tradici\u00f3n mexicana","robots":{"index":"index","follow":"follow","max-snippet":"max-snippet:-1","max-image-preview":"max-image-preview:large","max-video-preview":"max-video-preview:-1"},"canonical":"https:\/\/unaymilletras.com\/en\/gloria-trevi-lanza-q-e-p-d-un-adios-definitivo-en-clave-de-reggaeton-ranchero\/","og_locale":"en_GB","og_type":"article","og_title":"Gloria Trevi lanza \"Q.E.P.D.\", un adi\u00f3s definitivo en clave de reggaet\u00f3n ranchero","og_description":"La cantante mexicana Gloria Trevi sorprende con un nuevo sencillo que mezcla ritmos modernos y tradici\u00f3n mexicana","og_url":"https:\/\/unaymilletras.com\/en\/gloria-trevi-lanza-q-e-p-d-un-adios-definitivo-en-clave-de-reggaeton-ranchero\/","og_site_name":"Una y Mil Letras","article_published_time":"2025-02-25T11:14:09+00:00","article_modified_time":"2025-02-25T11:16:03+00:00","og_image":[{"width":600,"height":600,"url":"http:\/\/unaymilletras.com\/wp-content\/uploads\/2025\/02\/RGB-QEPD-GLORIA-TREVI--e1740481375786.jpg","type":"image\/jpeg"}],"author":"Redacci\u00f3n","twitter_card":"summary_large_image","twitter_creator":"@UnaYMilLetras","twitter_site":"@UnaYMilLetras","twitter_misc":{"Written by":"Redacci\u00f3n","Estimated reading time":"1 minute"},"schema":{"@context":"https:\/\/schema.org","@graph":[{"@type":"Article","@id":"https:\/\/unaymilletras.com\/gloria-trevi-lanza-q-e-p-d-un-adios-definitivo-en-clave-de-reggaeton-ranchero\/#article","isPartOf":{"@id":"https:\/\/unaymilletras.com\/gloria-trevi-lanza-q-e-p-d-un-adios-definitivo-en-clave-de-reggaeton-ranchero\/"},"author":{"name":"Redacci\u00f3n","@id":"http:\/\/unaymilletras.com\/#\/schema\/person\/0860dc8a218329991ee2c7591f4f849d"},"headline":"Gloria Trevi lanza \u00abQ.E.P.D.\u00bb, un adi\u00f3s definitivo en clave de reggaet\u00f3n ranchero","datePublished":"2025-02-25T11:14:09+00:00","dateModified":"2025-02-25T11:16:03+00:00","mainEntityOfPage":{"@id":"https:\/\/unaymilletras.com\/gloria-trevi-lanza-q-e-p-d-un-adios-definitivo-en-clave-de-reggaeton-ranchero\/"},"wordCount":202,"publisher":{"@id":"http:\/\/unaymilletras.com\/#organization"},"image":{"@id":"https:\/\/unaymilletras.com\/gloria-trevi-lanza-q-e-p-d-un-adios-definitivo-en-clave-de-reggaeton-ranchero\/#primaryimage"},"thumbnailUrl":"https:\/\/unaymilletras.com\/wp-content\/uploads\/2025\/02\/RGB-QEPD-GLORIA-TREVI--e1740481375786.jpg","articleSection":["M\u00fasica"],"inLanguage":"en-GB"},{"@type":"WebPage","@id":"https:\/\/unaymilletras.com\/gloria-trevi-lanza-q-e-p-d-un-adios-definitivo-en-clave-de-reggaeton-ranchero\/","url":"https:\/\/unaymilletras.com\/gloria-trevi-lanza-q-e-p-d-un-adios-definitivo-en-clave-de-reggaeton-ranchero\/","name":"Gloria Trevi lanza \"Q.E.P.D.\", un adi\u00f3s definitivo en clave de reggaet\u00f3n ranchero","isPartOf":{"@id":"http:\/\/unaymilletras.com\/#website"},"primaryImageOfPage":{"@id":"https:\/\/unaymilletras.com\/gloria-trevi-lanza-q-e-p-d-un-adios-definitivo-en-clave-de-reggaeton-ranchero\/#primaryimage"},"image":{"@id":"https:\/\/unaymilletras.com\/gloria-trevi-lanza-q-e-p-d-un-adios-definitivo-en-clave-de-reggaeton-ranchero\/#primaryimage"},"thumbnailUrl":"https:\/\/unaymilletras.com\/wp-content\/uploads\/2025\/02\/RGB-QEPD-GLORIA-TREVI--e1740481375786.jpg","datePublished":"2025-02-25T11:14:09+00:00","dateModified":"2025-02-25T11:16:03+00:00","description":"La cantante mexicana Gloria Trevi sorprende con un nuevo sencillo que mezcla ritmos modernos y tradici\u00f3n mexicana","breadcrumb":{"@id":"https:\/\/unaymilletras.com\/gloria-trevi-lanza-q-e-p-d-un-adios-definitivo-en-clave-de-reggaeton-ranchero\/#breadcrumb"},"inLanguage":"en-GB","potentialAction":[{"@type":"ReadAction","target":["https:\/\/unaymilletras.com\/gloria-trevi-lanza-q-e-p-d-un-adios-definitivo-en-clave-de-reggaeton-ranchero\/"]}]},{"@type":"ImageObject","inLanguage":"en-GB","@id":"https:\/\/unaymilletras.com\/gloria-trevi-lanza-q-e-p-d-un-adios-definitivo-en-clave-de-reggaeton-ranchero\/#primaryimage","url":"https:\/\/unaymilletras.com\/wp-content\/uploads\/2025\/02\/RGB-QEPD-GLORIA-TREVI--e1740481375786.jpg","contentUrl":"https:\/\/unaymilletras.com\/wp-content\/uploads\/2025\/02\/RGB-QEPD-GLORIA-TREVI--e1740481375786.jpg","width":600,"height":600,"caption":"Gloria Trevi"},{"@type":"BreadcrumbList","@id":"https:\/\/unaymilletras.com\/gloria-trevi-lanza-q-e-p-d-un-adios-definitivo-en-clave-de-reggaeton-ranchero\/#breadcrumb","itemListElement":[{"@type":"ListItem","position":1,"name":"Home","item":"http:\/\/unaymilletras.com\/"},{"@type":"ListItem","position":2,"name":"Gloria Trevi lanza \u00abQ.E.P.D.\u00bb, un adi\u00f3s definitivo en clave de reggaet\u00f3n ranchero"}]},{"@type":"WebSite","@id":"http:\/\/unaymilletras.com\/#website","url":"http:\/\/unaymilletras.com\/","name":"Una y Mil Letras","description":"","publisher":{"@id":"http:\/\/unaymilletras.com\/#organization"},"potentialAction":[{"@type":"SearchAction","target":{"@type":"EntryPoint","urlTemplate":"http:\/\/unaymilletras.com\/?s={search_term_string}"},"query-input":{"@type":"PropertyValueSpecification","valueRequired":true,"valueName":"search_term_string"}}],"inLanguage":"en-GB"},{"@type":"Organization","@id":"http:\/\/unaymilletras.com\/#organization","name":"Una y Mil Letras","url":"http:\/\/unaymilletras.com\/","logo":{"@type":"ImageObject","inLanguage":"en-GB","@id":"http:\/\/unaymilletras.com\/#\/schema\/logo\/image\/","url":"https:\/\/unaymilletras.com\/wp-content\/uploads\/2024\/06\/cropped-Logo-removebg-preview.png","contentUrl":"https:\/\/unaymilletras.com\/wp-content\/uploads\/2024\/06\/cropped-Logo-removebg-preview.png","width":512,"height":512,"caption":"Una y Mil Letras"},"image":{"@id":"http:\/\/unaymilletras.com\/#\/schema\/logo\/image\/"},"sameAs":["https:\/\/x.com\/UnaYMilLetras","https:\/\/instagram.com\/UnaYMilLetras"]},{"@type":"Person","@id":"http:\/\/unaymilletras.com\/#\/schema\/person\/0860dc8a218329991ee2c7591f4f849d","name":"Redacci\u00f3n","image":{"@type":"ImageObject","inLanguage":"en-GB","@id":"https:\/\/secure.gravatar.com\/avatar\/d8f55e05a8b6597e45c55a1dcbdbfe44f4a360d88b48e00de5216a79b7732796?s=96&d=mm&r=g","url":"https:\/\/secure.gravatar.com\/avatar\/d8f55e05a8b6597e45c55a1dcbdbfe44f4a360d88b48e00de5216a79b7732796?s=96&d=mm&r=g","contentUrl":"https:\/\/secure.gravatar.com\/avatar\/d8f55e05a8b6597e45c55a1dcbdbfe44f4a360d88b48e00de5216a79b7732796?s=96&d=mm&r=g","caption":"Redacci\u00f3n"},"url":"https:\/\/unaymilletras.com\/en\/author\/redaccion\/"}]}},"_links":{"self":[{"href":"https:\/\/unaymilletras.com\/en\/wp-json\/wp\/v2\/posts\/3759","targetHints":{"allow":["GET"]}}],"collection":[{"href":"https:\/\/unaymilletras.com\/en\/wp-json\/wp\/v2\/posts"}],"about":[{"href":"https:\/\/unaymilletras.com\/en\/wp-json\/wp\/v2\/types\/post"}],"author":[{"embeddable":true,"href":"https:\/\/unaymilletras.com\/en\/wp-json\/wp\/v2\/users\/6"}],"replies":[{"embeddable":true,"href":"https:\/\/unaymilletras.com\/en\/wp-json\/wp\/v2\/comments?post=3759"}],"version-history":[{"count":7,"href":"https:\/\/unaymilletras.com\/en\/wp-json\/wp\/v2\/posts\/3759\/revisions"}],"predecessor-version":[{"id":3767,"href":"https:\/\/unaymilletras.com\/en\/wp-json\/wp\/v2\/posts\/3759\/revisions\/3767"}],"wp:featuredmedia":[{"embeddable":true,"href":"https:\/\/unaymilletras.com\/en\/wp-json\/wp\/v2\/media\/3761"}],"wp:attachment":[{"href":"https:\/\/unaymilletras.com\/en\/wp-json\/wp\/v2\/media?parent=3759"}],"wp:term":[{"taxonomy":"category","embeddable":true,"href":"https:\/\/unaymilletras.com\/en\/wp-json\/wp\/v2\/categories?post=3759"},{"taxonomy":"post_tag","embeddable":true,"href":"https:\/\/unaymilletras.com\/en\/wp-json\/wp\/v2\/tags?post=3759"}],"curies":[{"name":"wp","href":"https:\/\/api.w.org\/{rel}","templated":true}]}}