{"id":3768,"date":"2025-02-25T15:26:01","date_gmt":"2025-02-25T14:26:01","guid":{"rendered":"https:\/\/unaymilletras.com\/?p=3768"},"modified":"2025-02-25T15:30:21","modified_gmt":"2025-02-25T14:30:21","slug":"alec-benjamin-llegara-a-espana-con-su-12-notes-tour","status":"publish","type":"post","link":"https:\/\/unaymilletras.com\/en\/alec-benjamin-llegara-a-espana-con-su-12-notes-tour\/","title":{"rendered":"Alec Benjamin llegar\u00e1 a Espa\u00f1a con su \u00ab12 Notes Tour\u00bb"},"content":{"rendered":"<div data-elementor-type=\"wp-post\" data-elementor-id=\"3768\" class=\"elementor elementor-3768\">\n\t\t\t\t\t\t<section class=\"elementor-section elementor-top-section elementor-element elementor-element-c313a90 elementor-section-boxed elementor-section-height-default elementor-section-height-default\" data-id=\"c313a90\" data-element_type=\"section\" data-e-type=\"section\">\n\t\t\t\t\t\t<div class=\"elementor-container elementor-column-gap-default\">\n\t\t\t\t\t<div class=\"elementor-column elementor-col-100 elementor-top-column elementor-element elementor-element-7602d38\" data-id=\"7602d38\" data-element_type=\"column\" data-e-type=\"column\">\n\t\t\t<div class=\"elementor-widget-wrap elementor-element-populated\">\n\t\t\t\t\t\t<div class=\"elementor-element elementor-element-c1f43a1 elementor-widget elementor-widget-text-editor\" data-id=\"c1f43a1\" data-element_type=\"widget\" data-e-type=\"widget\" data-widget_type=\"text-editor.default\">\n\t\t\t\t<div class=\"elementor-widget-container\">\n\t\t\t\t\t\t\t\t\t<h2 style=\"text-align: center;\" data-start=\"68\" data-end=\"192\"><span style=\"color: #808080;\"><em>El cantautor estadounidense Alec Benjamin se llegar\u00e1 a Barcelona y Madrid para compartir su show con el p\u00fablico espa\u00f1ol<\/em><\/span><\/h2>\t\t\t\t\t\t\t\t<\/div>\n\t\t\t\t<\/div>\n\t\t\t\t\t<\/div>\n\t\t<\/div>\n\t\t\t\t\t<\/div>\n\t\t<\/section>\n\t\t\t\t<section class=\"elementor-section elementor-top-section elementor-element elementor-element-232df91 elementor-section-boxed elementor-section-height-default elementor-section-height-default\" data-id=\"232df91\" data-element_type=\"section\" data-e-type=\"section\">\n\t\t\t\t\t\t<div class=\"elementor-container elementor-column-gap-default\">\n\t\t\t\t\t<div class=\"elementor-column elementor-col-100 elementor-top-column elementor-element elementor-element-f6b0737\" data-id=\"f6b0737\" data-element_type=\"column\" data-e-type=\"column\">\n\t\t\t<div class=\"elementor-widget-wrap elementor-element-populated\">\n\t\t\t\t\t\t<div class=\"elementor-element elementor-element-7ef8f4a elementor-widget elementor-widget-text-editor\" data-id=\"7ef8f4a\" data-element_type=\"widget\" data-e-type=\"widget\" data-widget_type=\"text-editor.default\">\n\t\t\t\t<div class=\"elementor-widget-container\">\n\t\t\t\t\t\t\t\t\t<p data-start=\"194\" data-end=\"475\">Alec Benjamin, el artista de folk\/pop conocido por sus letras introspectivas y emotivas, ha confirmado dos conciertos en Espa\u00f1a como parte de su <strong data-start=\"339\" data-end=\"358\"><i>12 Notes Tour<\/i><\/strong>. Las citas ser\u00e1n el <strong data-start=\"379\" data-end=\"428\">5 de marzo en la sala Razzmatazz de Barcelona<\/strong> y el <strong data-start=\"434\" data-end=\"472\">6 de marzo en La Riviera de Madrid<\/strong>.<\/p>\t\t\t\t\t\t\t\t<\/div>\n\t\t\t\t<\/div>\n\t\t\t\t\t<\/div>\n\t\t<\/div>\n\t\t\t\t\t<\/div>\n\t\t<\/section>\n\t\t\t\t<section class=\"elementor-section elementor-top-section elementor-element elementor-element-c98ce49 elementor-section-boxed elementor-section-height-default elementor-section-height-default\" data-id=\"c98ce49\" data-element_type=\"section\" data-e-type=\"section\">\n\t\t\t\t\t\t<div class=\"elementor-container elementor-column-gap-default\">\n\t\t\t\t\t<div class=\"elementor-column elementor-col-100 elementor-top-column elementor-element elementor-element-544f394\" data-id=\"544f394\" data-element_type=\"column\" data-e-type=\"column\">\n\t\t\t<div class=\"elementor-widget-wrap elementor-element-populated\">\n\t\t\t\t\t\t<div class=\"elementor-element elementor-element-6a92f23 elementor-widget elementor-widget-image\" data-id=\"6a92f23\" data-element_type=\"widget\" data-e-type=\"widget\" data-widget_type=\"image.default\">\n\t\t\t\t<div class=\"elementor-widget-container\">\n\t\t\t\t\t\t\t\t\t\t\t\t\t\t\t<img fetchpriority=\"high\" decoding=\"async\" width=\"640\" height=\"360\" src=\"https:\/\/unaymilletras.com\/wp-content\/uploads\/2025\/02\/AB-Monitor-1920x1080-1-1024x576.jpg\" class=\"attachment-large size-large wp-image-3770\" alt=\"Alec Benjamin\" srcset=\"https:\/\/unaymilletras.com\/wp-content\/uploads\/2025\/02\/AB-Monitor-1920x1080-1-1024x576.jpg 1024w, https:\/\/unaymilletras.com\/wp-content\/uploads\/2025\/02\/AB-Monitor-1920x1080-1-300x169.jpg 300w, https:\/\/unaymilletras.com\/wp-content\/uploads\/2025\/02\/AB-Monitor-1920x1080-1-768x432.jpg 768w, https:\/\/unaymilletras.com\/wp-content\/uploads\/2025\/02\/AB-Monitor-1920x1080-1-1536x864.jpg 1536w, https:\/\/unaymilletras.com\/wp-content\/uploads\/2025\/02\/AB-Monitor-1920x1080-1-18x10.jpg 18w, https:\/\/unaymilletras.com\/wp-content\/uploads\/2025\/02\/AB-Monitor-1920x1080-1-1280x720.jpg 1280w, https:\/\/unaymilletras.com\/wp-content\/uploads\/2025\/02\/AB-Monitor-1920x1080-1-e1740493659281.jpg 600w\" sizes=\"(max-width: 640px) 100vw, 640px\" \/>\t\t\t\t\t\t\t\t\t\t\t\t\t\t\t<\/div>\n\t\t\t\t<\/div>\n\t\t\t\t\t<\/div>\n\t\t<\/div>\n\t\t\t\t\t<\/div>\n\t\t<\/section>\n\t\t\t\t<section class=\"elementor-section elementor-top-section elementor-element elementor-element-877ba13 elementor-section-boxed elementor-section-height-default elementor-section-height-default\" data-id=\"877ba13\" data-element_type=\"section\" data-e-type=\"section\">\n\t\t\t\t\t\t<div class=\"elementor-container elementor-column-gap-default\">\n\t\t\t\t\t<div class=\"elementor-column elementor-col-100 elementor-top-column elementor-element elementor-element-be924f4\" data-id=\"be924f4\" data-element_type=\"column\" data-e-type=\"column\">\n\t\t\t<div class=\"elementor-widget-wrap elementor-element-populated\">\n\t\t\t\t\t\t<div class=\"elementor-element elementor-element-9c963e0 elementor-widget elementor-widget-text-editor\" data-id=\"9c963e0\" data-element_type=\"widget\" data-e-type=\"widget\" data-widget_type=\"text-editor.default\">\n\t\t\t\t<div class=\"elementor-widget-container\">\n\t\t\t\t\t\t\t\t\t<p data-start=\"477\" data-end=\"803\">Con un estilo narrativo que lo distingue dentro del pop actual, Benjamin ha sido comparado con artistas como <strong data-start=\"586\" data-end=\"614\">Ed Sheeran y Troye Sivan<\/strong>. Su m\u00fasica, influenciada por nombres como <strong data-start=\"657\" data-end=\"692\">Paul Simon, Eminem y John Mayer<\/strong>, combina melod\u00edas suaves con historias profundas sobre la soledad, las relaciones y el crecimiento personal.<\/p><p data-start=\"805\" data-end=\"1220\">El artista se dio a conocer en 2014 con su sencillo <strong data-start=\"857\" data-end=\"874\"><em>Paper Crown<\/em><\/strong>, pero su gran \u00e9xito lleg\u00f3 en <strong data-start=\"904\" data-end=\"912\">2018<\/strong> con <strong data-start=\"917\" data-end=\"941\"><em>Let Me Down Slowly<\/em><\/strong>, una balada sobre la vulnerabilidad tras una ruptura que acumul\u00f3 millones de reproducciones en plataformas digitales. Desde entonces, ha seguido consolidando su carrera con proyectos como <strong data-start=\"1130\" data-end=\"1187\"><em>Narrated for You<\/em> (2018), <em>These Two Windows<\/em>\u00a0(2020)<\/strong> y <strong data-start=\"1190\" data-end=\"1217\"><em>(Un)Commentary<\/em>\u00a0(2022)<\/strong>.<\/p><p data-start=\"1222\" data-end=\"1522\">Ahora, llega con su nuevo disco,\u00a0<span style=\"color: #808080;\"><a style=\"color: #808080;\" href=\"https:\/\/open.spotify.com\/intl-es\/album\/6ul4W8XzkvOeS1YgPfY3TF?si=5lCQiNIHSKuNdZphlt6PRw\"><strong data-start=\"1255\" data-end=\"1269\"><em>12 Notes<\/em><\/strong><\/a><\/span>, lanzado en mayo de 2024, con el que explora nuevas facetas de su creatividad. En esta gira, el p\u00fablico espa\u00f1ol podr\u00e1 disfrutar de sus nuevas canciones en un espect\u00e1culo que promete emoci\u00f3n y cercan\u00eda, caracter\u00edsticas que han definido su trayectoria.<\/p><p data-start=\"1524\" data-end=\"1694\" data-is-last-node=\"\" data-is-only-node=\"\">Con una propuesta musical aut\u00e9ntica y una conexi\u00f3n especial con su audiencia, Alec Benjamin sigue demostrando por qu\u00e9 es una de las voces m\u00e1s interesantes del pop actual.<\/p>\t\t\t\t\t\t\t\t<\/div>\n\t\t\t\t<\/div>\n\t\t\t\t\t<\/div>\n\t\t<\/div>\n\t\t\t\t\t<\/div>\n\t\t<\/section>\n\t\t\t\t<\/div>","protected":false},"excerpt":{"rendered":"<p>El cantautor estadounidense Alec Benjamin se llegar\u00e1 a Barcelona y Madrid para compartir su show con el p\u00fablico espa\u00f1ol Alec Benjamin, el artista de folk\/pop conocido por sus letras introspectivas y emotivas, ha confirmado dos conciertos en Espa\u00f1a como parte de su 12 Notes Tour. Las citas ser\u00e1n el 5 de marzo en la sala [&hellip;]<\/p>\n","protected":false},"author":6,"featured_media":3770,"comment_status":"closed","ping_status":"closed","sticky":false,"template":"","format":"standard","meta":{"footnotes":""},"categories":[4],"tags":[],"class_list":["post-3768","post","type-post","status-publish","format-standard","has-post-thumbnail","hentry","category-musica"],"yoast_head":"<!-- This site is optimized with the Yoast SEO plugin v27.4 - https:\/\/yoast.com\/product\/yoast-seo-wordpress\/ -->\n<title>Alec Benjamin llegar\u00e1 a Espa\u00f1a con su &quot;12 Notes Tour&quot; &#8902; Una y Mil Letras<\/title>\n<meta name=\"description\" content=\"El cantautor estadounidense Alec Benjamin se presentar\u00e1 en Barcelona y Madrid para compartir su nuevo \u00e1lbum con el p\u00fablico espa\u00f1ol\" \/>\n<meta name=\"robots\" content=\"index, follow, max-snippet:-1, max-image-preview:large, max-video-preview:-1\" \/>\n<link rel=\"canonical\" href=\"https:\/\/unaymilletras.com\/en\/alec-benjamin-llegara-a-espana-con-su-12-notes-tour\/\" \/>\n<meta property=\"og:locale\" content=\"en_GB\" \/>\n<meta property=\"og:type\" content=\"article\" \/>\n<meta property=\"og:title\" content=\"Alec Benjamin llegar\u00e1 a Espa\u00f1a con su &quot;12 Notes Tour&quot; &#8902; Una y Mil Letras\" \/>\n<meta property=\"og:description\" content=\"El cantautor estadounidense Alec Benjamin se presentar\u00e1 en Barcelona y Madrid para compartir su nuevo \u00e1lbum con el p\u00fablico espa\u00f1ol\" \/>\n<meta property=\"og:url\" content=\"https:\/\/unaymilletras.com\/en\/alec-benjamin-llegara-a-espana-con-su-12-notes-tour\/\" \/>\n<meta property=\"og:site_name\" content=\"Una y Mil Letras\" \/>\n<meta property=\"article:published_time\" content=\"2025-02-25T14:26:01+00:00\" \/>\n<meta property=\"article:modified_time\" content=\"2025-02-25T14:30:21+00:00\" \/>\n<meta property=\"og:image\" content=\"http:\/\/unaymilletras.com\/wp-content\/uploads\/2025\/02\/AB-Monitor-1920x1080-1-e1740493659281.jpg\" \/>\n\t<meta property=\"og:image:width\" content=\"600\" \/>\n\t<meta property=\"og:image:height\" content=\"338\" \/>\n\t<meta property=\"og:image:type\" content=\"image\/jpeg\" \/>\n<meta name=\"author\" content=\"Redacci\u00f3n\" \/>\n<meta name=\"twitter:card\" content=\"summary_large_image\" \/>\n<meta name=\"twitter:creator\" content=\"@UnaYMilLetras\" \/>\n<meta name=\"twitter:site\" content=\"@UnaYMilLetras\" \/>\n<meta name=\"twitter:label1\" content=\"Written by\" \/>\n\t<meta name=\"twitter:data1\" content=\"Redacci\u00f3n\" \/>\n\t<meta name=\"twitter:label2\" content=\"Estimated reading time\" \/>\n\t<meta name=\"twitter:data2\" content=\"2 minutes\" \/>\n<script type=\"application\/ld+json\" class=\"yoast-schema-graph\">{\"@context\":\"https:\\\/\\\/schema.org\",\"@graph\":[{\"@type\":\"Article\",\"@id\":\"https:\\\/\\\/unaymilletras.com\\\/alec-benjamin-llegara-a-espana-con-su-12-notes-tour\\\/#article\",\"isPartOf\":{\"@id\":\"https:\\\/\\\/unaymilletras.com\\\/alec-benjamin-llegara-a-espana-con-su-12-notes-tour\\\/\"},\"author\":{\"name\":\"Redacci\u00f3n\",\"@id\":\"http:\\\/\\\/unaymilletras.com\\\/#\\\/schema\\\/person\\\/0860dc8a218329991ee2c7591f4f849d\"},\"headline\":\"Alec Benjamin llegar\u00e1 a Espa\u00f1a con su \u00ab12 Notes Tour\u00bb\",\"datePublished\":\"2025-02-25T14:26:01+00:00\",\"dateModified\":\"2025-02-25T14:30:21+00:00\",\"mainEntityOfPage\":{\"@id\":\"https:\\\/\\\/unaymilletras.com\\\/alec-benjamin-llegara-a-espana-con-su-12-notes-tour\\\/\"},\"wordCount\":273,\"publisher\":{\"@id\":\"http:\\\/\\\/unaymilletras.com\\\/#organization\"},\"image\":{\"@id\":\"https:\\\/\\\/unaymilletras.com\\\/alec-benjamin-llegara-a-espana-con-su-12-notes-tour\\\/#primaryimage\"},\"thumbnailUrl\":\"https:\\\/\\\/unaymilletras.com\\\/wp-content\\\/uploads\\\/2025\\\/02\\\/AB-Monitor-1920x1080-1-e1740493659281.jpg\",\"articleSection\":[\"M\u00fasica\"],\"inLanguage\":\"en-GB\"},{\"@type\":\"WebPage\",\"@id\":\"https:\\\/\\\/unaymilletras.com\\\/alec-benjamin-llegara-a-espana-con-su-12-notes-tour\\\/\",\"url\":\"https:\\\/\\\/unaymilletras.com\\\/alec-benjamin-llegara-a-espana-con-su-12-notes-tour\\\/\",\"name\":\"Alec Benjamin llegar\u00e1 a Espa\u00f1a con su \\\"12 Notes Tour\\\" &#8902; Una y Mil Letras\",\"isPartOf\":{\"@id\":\"http:\\\/\\\/unaymilletras.com\\\/#website\"},\"primaryImageOfPage\":{\"@id\":\"https:\\\/\\\/unaymilletras.com\\\/alec-benjamin-llegara-a-espana-con-su-12-notes-tour\\\/#primaryimage\"},\"image\":{\"@id\":\"https:\\\/\\\/unaymilletras.com\\\/alec-benjamin-llegara-a-espana-con-su-12-notes-tour\\\/#primaryimage\"},\"thumbnailUrl\":\"https:\\\/\\\/unaymilletras.com\\\/wp-content\\\/uploads\\\/2025\\\/02\\\/AB-Monitor-1920x1080-1-e1740493659281.jpg\",\"datePublished\":\"2025-02-25T14:26:01+00:00\",\"dateModified\":\"2025-02-25T14:30:21+00:00\",\"description\":\"El cantautor estadounidense Alec Benjamin se presentar\u00e1 en Barcelona y Madrid para compartir su nuevo \u00e1lbum con el p\u00fablico espa\u00f1ol\",\"breadcrumb\":{\"@id\":\"https:\\\/\\\/unaymilletras.com\\\/alec-benjamin-llegara-a-espana-con-su-12-notes-tour\\\/#breadcrumb\"},\"inLanguage\":\"en-GB\",\"potentialAction\":[{\"@type\":\"ReadAction\",\"target\":[\"https:\\\/\\\/unaymilletras.com\\\/alec-benjamin-llegara-a-espana-con-su-12-notes-tour\\\/\"]}]},{\"@type\":\"ImageObject\",\"inLanguage\":\"en-GB\",\"@id\":\"https:\\\/\\\/unaymilletras.com\\\/alec-benjamin-llegara-a-espana-con-su-12-notes-tour\\\/#primaryimage\",\"url\":\"https:\\\/\\\/unaymilletras.com\\\/wp-content\\\/uploads\\\/2025\\\/02\\\/AB-Monitor-1920x1080-1-e1740493659281.jpg\",\"contentUrl\":\"https:\\\/\\\/unaymilletras.com\\\/wp-content\\\/uploads\\\/2025\\\/02\\\/AB-Monitor-1920x1080-1-e1740493659281.jpg\",\"width\":600,\"height\":338,\"caption\":\"Alec Benjamin\"},{\"@type\":\"BreadcrumbList\",\"@id\":\"https:\\\/\\\/unaymilletras.com\\\/alec-benjamin-llegara-a-espana-con-su-12-notes-tour\\\/#breadcrumb\",\"itemListElement\":[{\"@type\":\"ListItem\",\"position\":1,\"name\":\"Home\",\"item\":\"http:\\\/\\\/unaymilletras.com\\\/\"},{\"@type\":\"ListItem\",\"position\":2,\"name\":\"Alec Benjamin llegar\u00e1 a Espa\u00f1a con su \u00ab12 Notes Tour\u00bb\"}]},{\"@type\":\"WebSite\",\"@id\":\"http:\\\/\\\/unaymilletras.com\\\/#website\",\"url\":\"http:\\\/\\\/unaymilletras.com\\\/\",\"name\":\"Una y Mil Letras\",\"description\":\"\",\"publisher\":{\"@id\":\"http:\\\/\\\/unaymilletras.com\\\/#organization\"},\"potentialAction\":[{\"@type\":\"SearchAction\",\"target\":{\"@type\":\"EntryPoint\",\"urlTemplate\":\"http:\\\/\\\/unaymilletras.com\\\/?s={search_term_string}\"},\"query-input\":{\"@type\":\"PropertyValueSpecification\",\"valueRequired\":true,\"valueName\":\"search_term_string\"}}],\"inLanguage\":\"en-GB\"},{\"@type\":\"Organization\",\"@id\":\"http:\\\/\\\/unaymilletras.com\\\/#organization\",\"name\":\"Una y Mil Letras\",\"url\":\"http:\\\/\\\/unaymilletras.com\\\/\",\"logo\":{\"@type\":\"ImageObject\",\"inLanguage\":\"en-GB\",\"@id\":\"http:\\\/\\\/unaymilletras.com\\\/#\\\/schema\\\/logo\\\/image\\\/\",\"url\":\"https:\\\/\\\/unaymilletras.com\\\/wp-content\\\/uploads\\\/2024\\\/06\\\/cropped-Logo-removebg-preview.png\",\"contentUrl\":\"https:\\\/\\\/unaymilletras.com\\\/wp-content\\\/uploads\\\/2024\\\/06\\\/cropped-Logo-removebg-preview.png\",\"width\":512,\"height\":512,\"caption\":\"Una y Mil Letras\"},\"image\":{\"@id\":\"http:\\\/\\\/unaymilletras.com\\\/#\\\/schema\\\/logo\\\/image\\\/\"},\"sameAs\":[\"https:\\\/\\\/x.com\\\/UnaYMilLetras\",\"https:\\\/\\\/instagram.com\\\/UnaYMilLetras\"]},{\"@type\":\"Person\",\"@id\":\"http:\\\/\\\/unaymilletras.com\\\/#\\\/schema\\\/person\\\/0860dc8a218329991ee2c7591f4f849d\",\"name\":\"Redacci\u00f3n\",\"image\":{\"@type\":\"ImageObject\",\"inLanguage\":\"en-GB\",\"@id\":\"https:\\\/\\\/secure.gravatar.com\\\/avatar\\\/d8f55e05a8b6597e45c55a1dcbdbfe44f4a360d88b48e00de5216a79b7732796?s=96&d=mm&r=g\",\"url\":\"https:\\\/\\\/secure.gravatar.com\\\/avatar\\\/d8f55e05a8b6597e45c55a1dcbdbfe44f4a360d88b48e00de5216a79b7732796?s=96&d=mm&r=g\",\"contentUrl\":\"https:\\\/\\\/secure.gravatar.com\\\/avatar\\\/d8f55e05a8b6597e45c55a1dcbdbfe44f4a360d88b48e00de5216a79b7732796?s=96&d=mm&r=g\",\"caption\":\"Redacci\u00f3n\"},\"url\":\"https:\\\/\\\/unaymilletras.com\\\/en\\\/author\\\/redaccion\\\/\"}]}<\/script>\n<!-- \/ Yoast SEO plugin. -->","yoast_head_json":{"title":"Alec Benjamin llegar\u00e1 a Espa\u00f1a con su \"12 Notes Tour\" &#8902; Una y Mil Letras","description":"El cantautor estadounidense Alec Benjamin se presentar\u00e1 en Barcelona y Madrid para compartir su nuevo \u00e1lbum con el p\u00fablico espa\u00f1ol","robots":{"index":"index","follow":"follow","max-snippet":"max-snippet:-1","max-image-preview":"max-image-preview:large","max-video-preview":"max-video-preview:-1"},"canonical":"https:\/\/unaymilletras.com\/en\/alec-benjamin-llegara-a-espana-con-su-12-notes-tour\/","og_locale":"en_GB","og_type":"article","og_title":"Alec Benjamin llegar\u00e1 a Espa\u00f1a con su \"12 Notes Tour\" &#8902; Una y Mil Letras","og_description":"El cantautor estadounidense Alec Benjamin se presentar\u00e1 en Barcelona y Madrid para compartir su nuevo \u00e1lbum con el p\u00fablico espa\u00f1ol","og_url":"https:\/\/unaymilletras.com\/en\/alec-benjamin-llegara-a-espana-con-su-12-notes-tour\/","og_site_name":"Una y Mil Letras","article_published_time":"2025-02-25T14:26:01+00:00","article_modified_time":"2025-02-25T14:30:21+00:00","og_image":[{"width":600,"height":338,"url":"http:\/\/unaymilletras.com\/wp-content\/uploads\/2025\/02\/AB-Monitor-1920x1080-1-e1740493659281.jpg","type":"image\/jpeg"}],"author":"Redacci\u00f3n","twitter_card":"summary_large_image","twitter_creator":"@UnaYMilLetras","twitter_site":"@UnaYMilLetras","twitter_misc":{"Written by":"Redacci\u00f3n","Estimated reading time":"2 minutes"},"schema":{"@context":"https:\/\/schema.org","@graph":[{"@type":"Article","@id":"https:\/\/unaymilletras.com\/alec-benjamin-llegara-a-espana-con-su-12-notes-tour\/#article","isPartOf":{"@id":"https:\/\/unaymilletras.com\/alec-benjamin-llegara-a-espana-con-su-12-notes-tour\/"},"author":{"name":"Redacci\u00f3n","@id":"http:\/\/unaymilletras.com\/#\/schema\/person\/0860dc8a218329991ee2c7591f4f849d"},"headline":"Alec Benjamin llegar\u00e1 a Espa\u00f1a con su \u00ab12 Notes Tour\u00bb","datePublished":"2025-02-25T14:26:01+00:00","dateModified":"2025-02-25T14:30:21+00:00","mainEntityOfPage":{"@id":"https:\/\/unaymilletras.com\/alec-benjamin-llegara-a-espana-con-su-12-notes-tour\/"},"wordCount":273,"publisher":{"@id":"http:\/\/unaymilletras.com\/#organization"},"image":{"@id":"https:\/\/unaymilletras.com\/alec-benjamin-llegara-a-espana-con-su-12-notes-tour\/#primaryimage"},"thumbnailUrl":"https:\/\/unaymilletras.com\/wp-content\/uploads\/2025\/02\/AB-Monitor-1920x1080-1-e1740493659281.jpg","articleSection":["M\u00fasica"],"inLanguage":"en-GB"},{"@type":"WebPage","@id":"https:\/\/unaymilletras.com\/alec-benjamin-llegara-a-espana-con-su-12-notes-tour\/","url":"https:\/\/unaymilletras.com\/alec-benjamin-llegara-a-espana-con-su-12-notes-tour\/","name":"Alec Benjamin llegar\u00e1 a Espa\u00f1a con su \"12 Notes Tour\" &#8902; Una y Mil Letras","isPartOf":{"@id":"http:\/\/unaymilletras.com\/#website"},"primaryImageOfPage":{"@id":"https:\/\/unaymilletras.com\/alec-benjamin-llegara-a-espana-con-su-12-notes-tour\/#primaryimage"},"image":{"@id":"https:\/\/unaymilletras.com\/alec-benjamin-llegara-a-espana-con-su-12-notes-tour\/#primaryimage"},"thumbnailUrl":"https:\/\/unaymilletras.com\/wp-content\/uploads\/2025\/02\/AB-Monitor-1920x1080-1-e1740493659281.jpg","datePublished":"2025-02-25T14:26:01+00:00","dateModified":"2025-02-25T14:30:21+00:00","description":"El cantautor estadounidense Alec Benjamin se presentar\u00e1 en Barcelona y Madrid para compartir su nuevo \u00e1lbum con el p\u00fablico espa\u00f1ol","breadcrumb":{"@id":"https:\/\/unaymilletras.com\/alec-benjamin-llegara-a-espana-con-su-12-notes-tour\/#breadcrumb"},"inLanguage":"en-GB","potentialAction":[{"@type":"ReadAction","target":["https:\/\/unaymilletras.com\/alec-benjamin-llegara-a-espana-con-su-12-notes-tour\/"]}]},{"@type":"ImageObject","inLanguage":"en-GB","@id":"https:\/\/unaymilletras.com\/alec-benjamin-llegara-a-espana-con-su-12-notes-tour\/#primaryimage","url":"https:\/\/unaymilletras.com\/wp-content\/uploads\/2025\/02\/AB-Monitor-1920x1080-1-e1740493659281.jpg","contentUrl":"https:\/\/unaymilletras.com\/wp-content\/uploads\/2025\/02\/AB-Monitor-1920x1080-1-e1740493659281.jpg","width":600,"height":338,"caption":"Alec Benjamin"},{"@type":"BreadcrumbList","@id":"https:\/\/unaymilletras.com\/alec-benjamin-llegara-a-espana-con-su-12-notes-tour\/#breadcrumb","itemListElement":[{"@type":"ListItem","position":1,"name":"Home","item":"http:\/\/unaymilletras.com\/"},{"@type":"ListItem","position":2,"name":"Alec Benjamin llegar\u00e1 a Espa\u00f1a con su \u00ab12 Notes Tour\u00bb"}]},{"@type":"WebSite","@id":"http:\/\/unaymilletras.com\/#website","url":"http:\/\/unaymilletras.com\/","name":"Una y Mil Letras","description":"","publisher":{"@id":"http:\/\/unaymilletras.com\/#organization"},"potentialAction":[{"@type":"SearchAction","target":{"@type":"EntryPoint","urlTemplate":"http:\/\/unaymilletras.com\/?s={search_term_string}"},"query-input":{"@type":"PropertyValueSpecification","valueRequired":true,"valueName":"search_term_string"}}],"inLanguage":"en-GB"},{"@type":"Organization","@id":"http:\/\/unaymilletras.com\/#organization","name":"Una y Mil Letras","url":"http:\/\/unaymilletras.com\/","logo":{"@type":"ImageObject","inLanguage":"en-GB","@id":"http:\/\/unaymilletras.com\/#\/schema\/logo\/image\/","url":"https:\/\/unaymilletras.com\/wp-content\/uploads\/2024\/06\/cropped-Logo-removebg-preview.png","contentUrl":"https:\/\/unaymilletras.com\/wp-content\/uploads\/2024\/06\/cropped-Logo-removebg-preview.png","width":512,"height":512,"caption":"Una y Mil Letras"},"image":{"@id":"http:\/\/unaymilletras.com\/#\/schema\/logo\/image\/"},"sameAs":["https:\/\/x.com\/UnaYMilLetras","https:\/\/instagram.com\/UnaYMilLetras"]},{"@type":"Person","@id":"http:\/\/unaymilletras.com\/#\/schema\/person\/0860dc8a218329991ee2c7591f4f849d","name":"Redacci\u00f3n","image":{"@type":"ImageObject","inLanguage":"en-GB","@id":"https:\/\/secure.gravatar.com\/avatar\/d8f55e05a8b6597e45c55a1dcbdbfe44f4a360d88b48e00de5216a79b7732796?s=96&d=mm&r=g","url":"https:\/\/secure.gravatar.com\/avatar\/d8f55e05a8b6597e45c55a1dcbdbfe44f4a360d88b48e00de5216a79b7732796?s=96&d=mm&r=g","contentUrl":"https:\/\/secure.gravatar.com\/avatar\/d8f55e05a8b6597e45c55a1dcbdbfe44f4a360d88b48e00de5216a79b7732796?s=96&d=mm&r=g","caption":"Redacci\u00f3n"},"url":"https:\/\/unaymilletras.com\/en\/author\/redaccion\/"}]}},"_links":{"self":[{"href":"https:\/\/unaymilletras.com\/en\/wp-json\/wp\/v2\/posts\/3768","targetHints":{"allow":["GET"]}}],"collection":[{"href":"https:\/\/unaymilletras.com\/en\/wp-json\/wp\/v2\/posts"}],"about":[{"href":"https:\/\/unaymilletras.com\/en\/wp-json\/wp\/v2\/types\/post"}],"author":[{"embeddable":true,"href":"https:\/\/unaymilletras.com\/en\/wp-json\/wp\/v2\/users\/6"}],"replies":[{"embeddable":true,"href":"https:\/\/unaymilletras.com\/en\/wp-json\/wp\/v2\/comments?post=3768"}],"version-history":[{"count":7,"href":"https:\/\/unaymilletras.com\/en\/wp-json\/wp\/v2\/posts\/3768\/revisions"}],"predecessor-version":[{"id":3776,"href":"https:\/\/unaymilletras.com\/en\/wp-json\/wp\/v2\/posts\/3768\/revisions\/3776"}],"wp:featuredmedia":[{"embeddable":true,"href":"https:\/\/unaymilletras.com\/en\/wp-json\/wp\/v2\/media\/3770"}],"wp:attachment":[{"href":"https:\/\/unaymilletras.com\/en\/wp-json\/wp\/v2\/media?parent=3768"}],"wp:term":[{"taxonomy":"category","embeddable":true,"href":"https:\/\/unaymilletras.com\/en\/wp-json\/wp\/v2\/categories?post=3768"},{"taxonomy":"post_tag","embeddable":true,"href":"https:\/\/unaymilletras.com\/en\/wp-json\/wp\/v2\/tags?post=3768"}],"curies":[{"name":"wp","href":"https:\/\/api.w.org\/{rel}","templated":true}]}}