{"id":3801,"date":"2025-02-28T10:39:43","date_gmt":"2025-02-28T09:39:43","guid":{"rendered":"https:\/\/unaymilletras.com\/?p=3801"},"modified":"2025-02-28T10:59:40","modified_gmt":"2025-02-28T09:59:40","slug":"blaumut-presenta-abisme-en-una-gira-por-espana","status":"publish","type":"post","link":"https:\/\/unaymilletras.com\/en\/blaumut-presenta-abisme-en-una-gira-por-espana\/","title":{"rendered":"Blaumut presenta \u00abAbisme\u00bb en una gira por Espa\u00f1a"},"content":{"rendered":"<div data-elementor-type=\"wp-post\" data-elementor-id=\"3801\" class=\"elementor elementor-3801\">\n\t\t\t\t\t\t<section class=\"elementor-section elementor-top-section elementor-element elementor-element-f994117 elementor-section-boxed elementor-section-height-default elementor-section-height-default\" data-id=\"f994117\" data-element_type=\"section\" data-e-type=\"section\">\n\t\t\t\t\t\t<div class=\"elementor-container elementor-column-gap-default\">\n\t\t\t\t\t<div class=\"elementor-column elementor-col-100 elementor-top-column elementor-element elementor-element-50969c8\" data-id=\"50969c8\" data-element_type=\"column\" data-e-type=\"column\">\n\t\t\t<div class=\"elementor-widget-wrap elementor-element-populated\">\n\t\t\t\t\t\t<div class=\"elementor-element elementor-element-e83ac92 elementor-widget elementor-widget-text-editor\" data-id=\"e83ac92\" data-element_type=\"widget\" data-e-type=\"widget\" data-widget_type=\"text-editor.default\">\n\t\t\t\t<div class=\"elementor-widget-container\">\n\t\t\t\t\t\t\t\t\t<h2 style=\"text-align: center;\"><span style=\"color: #808080;\"><em>La banda Blaumut actuar\u00e1 en Madrid, Valencia y Bilbao con un espect\u00e1culo que combina emoci\u00f3n y experimentaci\u00f3n sonora<\/em><\/span><\/h2>\t\t\t\t\t\t\t\t<\/div>\n\t\t\t\t<\/div>\n\t\t\t\t\t<\/div>\n\t\t<\/div>\n\t\t\t\t\t<\/div>\n\t\t<\/section>\n\t\t\t\t<section class=\"elementor-section elementor-top-section elementor-element elementor-element-68f5d75 elementor-section-boxed elementor-section-height-default elementor-section-height-default\" data-id=\"68f5d75\" data-element_type=\"section\" data-e-type=\"section\">\n\t\t\t\t\t\t<div class=\"elementor-container elementor-column-gap-default\">\n\t\t\t\t\t<div class=\"elementor-column elementor-col-100 elementor-top-column elementor-element elementor-element-1db3820\" data-id=\"1db3820\" data-element_type=\"column\" data-e-type=\"column\">\n\t\t\t<div class=\"elementor-widget-wrap elementor-element-populated\">\n\t\t\t\t\t\t<div class=\"elementor-element elementor-element-5d9b0cc elementor-widget elementor-widget-text-editor\" data-id=\"5d9b0cc\" data-element_type=\"widget\" data-e-type=\"widget\" data-widget_type=\"text-editor.default\">\n\t\t\t\t<div class=\"elementor-widget-container\">\n\t\t\t\t\t\t\t\t\t<p data-start=\"201\" data-end=\"426\">Blaumut, uno de los grupos m\u00e1s influyentes de la escena independiente catalana, regresa a los escenarios con su nuevo trabajo, <strong data-start=\"328\" data-end=\"340\"><em>Abisme<\/em><\/strong>, un \u00e1lbum que ampl\u00eda su universo musical sin perder la esencia que los caracteriza.<\/p>\t\t\t\t\t\t\t\t<\/div>\n\t\t\t\t<\/div>\n\t\t\t\t\t<\/div>\n\t\t<\/div>\n\t\t\t\t\t<\/div>\n\t\t<\/section>\n\t\t\t\t<section class=\"elementor-section elementor-top-section elementor-element elementor-element-65b37e2 elementor-section-boxed elementor-section-height-default elementor-section-height-default\" data-id=\"65b37e2\" data-element_type=\"section\" data-e-type=\"section\">\n\t\t\t\t\t\t<div class=\"elementor-container elementor-column-gap-default\">\n\t\t\t\t\t<div class=\"elementor-column elementor-col-33 elementor-top-column elementor-element elementor-element-d598593\" data-id=\"d598593\" data-element_type=\"column\" data-e-type=\"column\">\n\t\t\t<div class=\"elementor-widget-wrap elementor-element-populated\">\n\t\t\t\t\t\t<div class=\"elementor-element elementor-element-1009269 elementor-widget elementor-widget-image\" data-id=\"1009269\" data-element_type=\"widget\" data-e-type=\"widget\" data-widget_type=\"image.default\">\n\t\t\t\t<div class=\"elementor-widget-container\">\n\t\t\t\t\t\t\t\t\t\t\t\t\t\t\t<img fetchpriority=\"high\" decoding=\"async\" width=\"640\" height=\"797\" src=\"https:\/\/unaymilletras.com\/wp-content\/uploads\/2025\/02\/e0edce73-9c98-c631-3211-411b5c76-822x1024.jpg\" class=\"attachment-large size-large wp-image-3803\" alt=\"Blaumut\" srcset=\"https:\/\/unaymilletras.com\/wp-content\/uploads\/2025\/02\/e0edce73-9c98-c631-3211-411b5c76-822x1024.jpg 822w, https:\/\/unaymilletras.com\/wp-content\/uploads\/2025\/02\/e0edce73-9c98-c631-3211-411b5c76-241x300.jpg 241w, https:\/\/unaymilletras.com\/wp-content\/uploads\/2025\/02\/e0edce73-9c98-c631-3211-411b5c76-768x956.jpg 768w, https:\/\/unaymilletras.com\/wp-content\/uploads\/2025\/02\/e0edce73-9c98-c631-3211-411b5c76-10x12.jpg 10w, https:\/\/unaymilletras.com\/wp-content\/uploads\/2025\/02\/e0edce73-9c98-c631-3211-411b5c76-1024x1275.jpg 1024w, https:\/\/unaymilletras.com\/wp-content\/uploads\/2025\/02\/e0edce73-9c98-c631-3211-411b5c76-e1740736663901.jpg 600w\" sizes=\"(max-width: 640px) 100vw, 640px\" \/>\t\t\t\t\t\t\t\t\t\t\t\t\t\t\t<\/div>\n\t\t\t\t<\/div>\n\t\t\t\t\t<\/div>\n\t\t<\/div>\n\t\t\t\t<div class=\"elementor-column elementor-col-66 elementor-top-column elementor-element elementor-element-a822aa4\" data-id=\"a822aa4\" data-element_type=\"column\" data-e-type=\"column\">\n\t\t\t<div class=\"elementor-widget-wrap elementor-element-populated\">\n\t\t\t\t\t\t<div class=\"elementor-element elementor-element-a0eea9c elementor-widget elementor-widget-text-editor\" data-id=\"a0eea9c\" data-element_type=\"widget\" data-e-type=\"widget\" data-widget_type=\"text-editor.default\">\n\t\t\t\t<div class=\"elementor-widget-container\">\n\t\t\t\t\t\t\t\t\t<p data-start=\"428\" data-end=\"657\">El grupo, formado por <strong data-start=\"450\" data-end=\"613\">Xavi de la Iglesia, Vassil Lambrinov, Oriol Aymat, Manuel Krapovickas y Toni Pag\u00e8s<\/strong>, ha confirmado tres fechas en Espa\u00f1a:<\/p><ul data-start=\"659\" data-end=\"784\"><li data-start=\"659\" data-end=\"703\"><strong data-start=\"661\" data-end=\"701\">28 de marzo \u2013 Sala Villanos (Madrid)<\/strong><\/li><li data-start=\"704\" data-end=\"746\"><strong data-start=\"706\" data-end=\"744\">29 de marzo \u2013 Jerusalem (Valencia)<\/strong><\/li><li data-start=\"747\" data-end=\"784\"><strong data-start=\"749\" data-end=\"782\">11 de abril \u2013 Azkena (Bilbao)<\/strong><\/li><\/ul>\t\t\t\t\t\t\t\t<\/div>\n\t\t\t\t<\/div>\n\t\t\t\t\t<\/div>\n\t\t<\/div>\n\t\t\t\t\t<\/div>\n\t\t<\/section>\n\t\t\t\t<section class=\"elementor-section elementor-top-section elementor-element elementor-element-667a19c elementor-section-boxed elementor-section-height-default elementor-section-height-default\" data-id=\"667a19c\" data-element_type=\"section\" data-e-type=\"section\">\n\t\t\t\t\t\t<div class=\"elementor-container elementor-column-gap-default\">\n\t\t\t\t\t<div class=\"elementor-column elementor-col-100 elementor-top-column elementor-element elementor-element-c50527c\" data-id=\"c50527c\" data-element_type=\"column\" data-e-type=\"column\">\n\t\t\t<div class=\"elementor-widget-wrap elementor-element-populated\">\n\t\t\t\t\t\t<div class=\"elementor-element elementor-element-62736d7 elementor-widget elementor-widget-text-editor\" data-id=\"62736d7\" data-element_type=\"widget\" data-e-type=\"widget\" data-widget_type=\"text-editor.default\">\n\t\t\t\t<div class=\"elementor-widget-container\">\n\t\t\t\t\t\t\t\t\t<p data-start=\"786\" data-end=\"841\">Las entradas ya est\u00e1n disponibles en <strong data-start=\"823\" data-end=\"838\">blaumut.com<\/strong>.<\/p><p data-start=\"843\" data-end=\"1220\">Con\u00a0<em>Abisme<\/em>, su sexto \u00e1lbum de estudio, Blaumut se sumerge en nuevas sonoridades, explorando contrastes y emociones con una sensibilidad \u00fanica. Adem\u00e1s de presentar sus nuevas canciones, el p\u00fablico podr\u00e1 disfrutar de sus grandes \u00e9xitos, como <em>Pa amb oli i sal<\/em>, convertido en un himno generacional, y <em>Bicicletes<\/em>, uno de los temas m\u00e1s ic\u00f3nicos de su discograf\u00eda.<\/p><p data-start=\"1222\" data-end=\"1515\" data-is-last-node=\"\" data-is-only-node=\"\">Desde sus inicios, Blaumut ha destacado por su fusi\u00f3n de <strong data-start=\"1279\" data-end=\"1330\">folk, pop, m\u00fasica cl\u00e1sica y toques electr\u00f3nicos<\/strong>, creando un sonido propio que ha conquistado tanto a la cr\u00edtica como al p\u00fablico. Con esta gira, la banda reafirma su evoluci\u00f3n art\u00edstica y su capacidad para emocionar con cada canci\u00f3n.<\/p>\t\t\t\t\t\t\t\t<\/div>\n\t\t\t\t<\/div>\n\t\t\t\t\t<\/div>\n\t\t<\/div>\n\t\t\t\t\t<\/div>\n\t\t<\/section>\n\t\t\t\t<\/div>","protected":false},"excerpt":{"rendered":"<p>La banda Blaumut actuar\u00e1 en Madrid, Valencia y Bilbao con un espect\u00e1culo que combina emoci\u00f3n y experimentaci\u00f3n sonora Blaumut, uno de los grupos m\u00e1s influyentes de la escena independiente catalana, regresa a los escenarios con su nuevo trabajo, Abisme, un \u00e1lbum que ampl\u00eda su universo musical sin perder la esencia que los caracteriza. El grupo, [&hellip;]<\/p>\n","protected":false},"author":6,"featured_media":3803,"comment_status":"closed","ping_status":"closed","sticky":false,"template":"","format":"standard","meta":{"footnotes":""},"categories":[4],"tags":[],"class_list":["post-3801","post","type-post","status-publish","format-standard","has-post-thumbnail","hentry","category-musica"],"yoast_head":"<!-- This site is optimized with the Yoast SEO plugin v27.4 - https:\/\/yoast.com\/product\/yoast-seo-wordpress\/ -->\n<title>Blaumut presenta &quot;Abisme&quot; en una gira por Espa\u00f1a<\/title>\n<meta name=\"description\" content=\"La banda catalana Blaumut actuar\u00e1 en Madrid, Valencia y Bilbao con un espect\u00e1culo que combina emoci\u00f3n y experimentaci\u00f3n sonora\" \/>\n<meta name=\"robots\" content=\"index, follow, max-snippet:-1, max-image-preview:large, max-video-preview:-1\" \/>\n<link rel=\"canonical\" href=\"https:\/\/unaymilletras.com\/en\/blaumut-presenta-abisme-en-una-gira-por-espana\/\" \/>\n<meta property=\"og:locale\" content=\"en_GB\" \/>\n<meta property=\"og:type\" content=\"article\" \/>\n<meta property=\"og:title\" content=\"Blaumut presenta &quot;Abisme&quot; en una gira por Espa\u00f1a\" \/>\n<meta property=\"og:description\" content=\"La banda catalana Blaumut actuar\u00e1 en Madrid, Valencia y Bilbao con un espect\u00e1culo que combina emoci\u00f3n y experimentaci\u00f3n sonora\" \/>\n<meta property=\"og:url\" content=\"https:\/\/unaymilletras.com\/en\/blaumut-presenta-abisme-en-una-gira-por-espana\/\" \/>\n<meta property=\"og:site_name\" content=\"Una y Mil Letras\" \/>\n<meta property=\"article:published_time\" content=\"2025-02-28T09:39:43+00:00\" \/>\n<meta property=\"article:modified_time\" content=\"2025-02-28T09:59:40+00:00\" \/>\n<meta property=\"og:image\" content=\"http:\/\/unaymilletras.com\/wp-content\/uploads\/2025\/02\/e0edce73-9c98-c631-3211-411b5c76-e1740736663901.jpg\" \/>\n\t<meta property=\"og:image:width\" content=\"600\" \/>\n\t<meta property=\"og:image:height\" content=\"747\" \/>\n\t<meta property=\"og:image:type\" content=\"image\/jpeg\" \/>\n<meta name=\"author\" content=\"Redacci\u00f3n\" \/>\n<meta name=\"twitter:card\" content=\"summary_large_image\" \/>\n<meta name=\"twitter:creator\" content=\"@UnaYMilLetras\" \/>\n<meta name=\"twitter:site\" content=\"@UnaYMilLetras\" \/>\n<meta name=\"twitter:label1\" content=\"Written by\" \/>\n\t<meta name=\"twitter:data1\" content=\"Redacci\u00f3n\" \/>\n\t<meta name=\"twitter:label2\" content=\"Estimated reading time\" \/>\n\t<meta name=\"twitter:data2\" content=\"2 minutes\" \/>\n<script type=\"application\/ld+json\" class=\"yoast-schema-graph\">{\"@context\":\"https:\\\/\\\/schema.org\",\"@graph\":[{\"@type\":\"Article\",\"@id\":\"https:\\\/\\\/unaymilletras.com\\\/blaumut-presenta-abisme-en-una-gira-por-espana\\\/#article\",\"isPartOf\":{\"@id\":\"https:\\\/\\\/unaymilletras.com\\\/blaumut-presenta-abisme-en-una-gira-por-espana\\\/\"},\"author\":{\"name\":\"Redacci\u00f3n\",\"@id\":\"http:\\\/\\\/unaymilletras.com\\\/#\\\/schema\\\/person\\\/0860dc8a218329991ee2c7591f4f849d\"},\"headline\":\"Blaumut presenta \u00abAbisme\u00bb en una gira por Espa\u00f1a\",\"datePublished\":\"2025-02-28T09:39:43+00:00\",\"dateModified\":\"2025-02-28T09:59:40+00:00\",\"mainEntityOfPage\":{\"@id\":\"https:\\\/\\\/unaymilletras.com\\\/blaumut-presenta-abisme-en-una-gira-por-espana\\\/\"},\"wordCount\":233,\"publisher\":{\"@id\":\"http:\\\/\\\/unaymilletras.com\\\/#organization\"},\"image\":{\"@id\":\"https:\\\/\\\/unaymilletras.com\\\/blaumut-presenta-abisme-en-una-gira-por-espana\\\/#primaryimage\"},\"thumbnailUrl\":\"https:\\\/\\\/unaymilletras.com\\\/wp-content\\\/uploads\\\/2025\\\/02\\\/e0edce73-9c98-c631-3211-411b5c76-e1740736663901.jpg\",\"articleSection\":[\"M\u00fasica\"],\"inLanguage\":\"en-GB\"},{\"@type\":\"WebPage\",\"@id\":\"https:\\\/\\\/unaymilletras.com\\\/blaumut-presenta-abisme-en-una-gira-por-espana\\\/\",\"url\":\"https:\\\/\\\/unaymilletras.com\\\/blaumut-presenta-abisme-en-una-gira-por-espana\\\/\",\"name\":\"Blaumut presenta \\\"Abisme\\\" en una gira por Espa\u00f1a\",\"isPartOf\":{\"@id\":\"http:\\\/\\\/unaymilletras.com\\\/#website\"},\"primaryImageOfPage\":{\"@id\":\"https:\\\/\\\/unaymilletras.com\\\/blaumut-presenta-abisme-en-una-gira-por-espana\\\/#primaryimage\"},\"image\":{\"@id\":\"https:\\\/\\\/unaymilletras.com\\\/blaumut-presenta-abisme-en-una-gira-por-espana\\\/#primaryimage\"},\"thumbnailUrl\":\"https:\\\/\\\/unaymilletras.com\\\/wp-content\\\/uploads\\\/2025\\\/02\\\/e0edce73-9c98-c631-3211-411b5c76-e1740736663901.jpg\",\"datePublished\":\"2025-02-28T09:39:43+00:00\",\"dateModified\":\"2025-02-28T09:59:40+00:00\",\"description\":\"La banda catalana Blaumut actuar\u00e1 en Madrid, Valencia y Bilbao con un espect\u00e1culo que combina emoci\u00f3n y experimentaci\u00f3n sonora\",\"breadcrumb\":{\"@id\":\"https:\\\/\\\/unaymilletras.com\\\/blaumut-presenta-abisme-en-una-gira-por-espana\\\/#breadcrumb\"},\"inLanguage\":\"en-GB\",\"potentialAction\":[{\"@type\":\"ReadAction\",\"target\":[\"https:\\\/\\\/unaymilletras.com\\\/blaumut-presenta-abisme-en-una-gira-por-espana\\\/\"]}]},{\"@type\":\"ImageObject\",\"inLanguage\":\"en-GB\",\"@id\":\"https:\\\/\\\/unaymilletras.com\\\/blaumut-presenta-abisme-en-una-gira-por-espana\\\/#primaryimage\",\"url\":\"https:\\\/\\\/unaymilletras.com\\\/wp-content\\\/uploads\\\/2025\\\/02\\\/e0edce73-9c98-c631-3211-411b5c76-e1740736663901.jpg\",\"contentUrl\":\"https:\\\/\\\/unaymilletras.com\\\/wp-content\\\/uploads\\\/2025\\\/02\\\/e0edce73-9c98-c631-3211-411b5c76-e1740736663901.jpg\",\"width\":600,\"height\":747,\"caption\":\"Blaumut\"},{\"@type\":\"BreadcrumbList\",\"@id\":\"https:\\\/\\\/unaymilletras.com\\\/blaumut-presenta-abisme-en-una-gira-por-espana\\\/#breadcrumb\",\"itemListElement\":[{\"@type\":\"ListItem\",\"position\":1,\"name\":\"Home\",\"item\":\"http:\\\/\\\/unaymilletras.com\\\/\"},{\"@type\":\"ListItem\",\"position\":2,\"name\":\"Blaumut presenta \u00abAbisme\u00bb en una gira por Espa\u00f1a\"}]},{\"@type\":\"WebSite\",\"@id\":\"http:\\\/\\\/unaymilletras.com\\\/#website\",\"url\":\"http:\\\/\\\/unaymilletras.com\\\/\",\"name\":\"Una y Mil Letras\",\"description\":\"\",\"publisher\":{\"@id\":\"http:\\\/\\\/unaymilletras.com\\\/#organization\"},\"potentialAction\":[{\"@type\":\"SearchAction\",\"target\":{\"@type\":\"EntryPoint\",\"urlTemplate\":\"http:\\\/\\\/unaymilletras.com\\\/?s={search_term_string}\"},\"query-input\":{\"@type\":\"PropertyValueSpecification\",\"valueRequired\":true,\"valueName\":\"search_term_string\"}}],\"inLanguage\":\"en-GB\"},{\"@type\":\"Organization\",\"@id\":\"http:\\\/\\\/unaymilletras.com\\\/#organization\",\"name\":\"Una y Mil Letras\",\"url\":\"http:\\\/\\\/unaymilletras.com\\\/\",\"logo\":{\"@type\":\"ImageObject\",\"inLanguage\":\"en-GB\",\"@id\":\"http:\\\/\\\/unaymilletras.com\\\/#\\\/schema\\\/logo\\\/image\\\/\",\"url\":\"https:\\\/\\\/unaymilletras.com\\\/wp-content\\\/uploads\\\/2024\\\/06\\\/cropped-Logo-removebg-preview.png\",\"contentUrl\":\"https:\\\/\\\/unaymilletras.com\\\/wp-content\\\/uploads\\\/2024\\\/06\\\/cropped-Logo-removebg-preview.png\",\"width\":512,\"height\":512,\"caption\":\"Una y Mil Letras\"},\"image\":{\"@id\":\"http:\\\/\\\/unaymilletras.com\\\/#\\\/schema\\\/logo\\\/image\\\/\"},\"sameAs\":[\"https:\\\/\\\/x.com\\\/UnaYMilLetras\",\"https:\\\/\\\/instagram.com\\\/UnaYMilLetras\"]},{\"@type\":\"Person\",\"@id\":\"http:\\\/\\\/unaymilletras.com\\\/#\\\/schema\\\/person\\\/0860dc8a218329991ee2c7591f4f849d\",\"name\":\"Redacci\u00f3n\",\"image\":{\"@type\":\"ImageObject\",\"inLanguage\":\"en-GB\",\"@id\":\"https:\\\/\\\/secure.gravatar.com\\\/avatar\\\/d8f55e05a8b6597e45c55a1dcbdbfe44f4a360d88b48e00de5216a79b7732796?s=96&d=mm&r=g\",\"url\":\"https:\\\/\\\/secure.gravatar.com\\\/avatar\\\/d8f55e05a8b6597e45c55a1dcbdbfe44f4a360d88b48e00de5216a79b7732796?s=96&d=mm&r=g\",\"contentUrl\":\"https:\\\/\\\/secure.gravatar.com\\\/avatar\\\/d8f55e05a8b6597e45c55a1dcbdbfe44f4a360d88b48e00de5216a79b7732796?s=96&d=mm&r=g\",\"caption\":\"Redacci\u00f3n\"},\"url\":\"https:\\\/\\\/unaymilletras.com\\\/en\\\/author\\\/redaccion\\\/\"}]}<\/script>\n<!-- \/ Yoast SEO plugin. -->","yoast_head_json":{"title":"Blaumut presenta \"Abisme\" en una gira por Espa\u00f1a","description":"La banda catalana Blaumut actuar\u00e1 en Madrid, Valencia y Bilbao con un espect\u00e1culo que combina emoci\u00f3n y experimentaci\u00f3n sonora","robots":{"index":"index","follow":"follow","max-snippet":"max-snippet:-1","max-image-preview":"max-image-preview:large","max-video-preview":"max-video-preview:-1"},"canonical":"https:\/\/unaymilletras.com\/en\/blaumut-presenta-abisme-en-una-gira-por-espana\/","og_locale":"en_GB","og_type":"article","og_title":"Blaumut presenta \"Abisme\" en una gira por Espa\u00f1a","og_description":"La banda catalana Blaumut actuar\u00e1 en Madrid, Valencia y Bilbao con un espect\u00e1culo que combina emoci\u00f3n y experimentaci\u00f3n sonora","og_url":"https:\/\/unaymilletras.com\/en\/blaumut-presenta-abisme-en-una-gira-por-espana\/","og_site_name":"Una y Mil Letras","article_published_time":"2025-02-28T09:39:43+00:00","article_modified_time":"2025-02-28T09:59:40+00:00","og_image":[{"width":600,"height":747,"url":"http:\/\/unaymilletras.com\/wp-content\/uploads\/2025\/02\/e0edce73-9c98-c631-3211-411b5c76-e1740736663901.jpg","type":"image\/jpeg"}],"author":"Redacci\u00f3n","twitter_card":"summary_large_image","twitter_creator":"@UnaYMilLetras","twitter_site":"@UnaYMilLetras","twitter_misc":{"Written by":"Redacci\u00f3n","Estimated reading time":"2 minutes"},"schema":{"@context":"https:\/\/schema.org","@graph":[{"@type":"Article","@id":"https:\/\/unaymilletras.com\/blaumut-presenta-abisme-en-una-gira-por-espana\/#article","isPartOf":{"@id":"https:\/\/unaymilletras.com\/blaumut-presenta-abisme-en-una-gira-por-espana\/"},"author":{"name":"Redacci\u00f3n","@id":"http:\/\/unaymilletras.com\/#\/schema\/person\/0860dc8a218329991ee2c7591f4f849d"},"headline":"Blaumut presenta \u00abAbisme\u00bb en una gira por Espa\u00f1a","datePublished":"2025-02-28T09:39:43+00:00","dateModified":"2025-02-28T09:59:40+00:00","mainEntityOfPage":{"@id":"https:\/\/unaymilletras.com\/blaumut-presenta-abisme-en-una-gira-por-espana\/"},"wordCount":233,"publisher":{"@id":"http:\/\/unaymilletras.com\/#organization"},"image":{"@id":"https:\/\/unaymilletras.com\/blaumut-presenta-abisme-en-una-gira-por-espana\/#primaryimage"},"thumbnailUrl":"https:\/\/unaymilletras.com\/wp-content\/uploads\/2025\/02\/e0edce73-9c98-c631-3211-411b5c76-e1740736663901.jpg","articleSection":["M\u00fasica"],"inLanguage":"en-GB"},{"@type":"WebPage","@id":"https:\/\/unaymilletras.com\/blaumut-presenta-abisme-en-una-gira-por-espana\/","url":"https:\/\/unaymilletras.com\/blaumut-presenta-abisme-en-una-gira-por-espana\/","name":"Blaumut presenta \"Abisme\" en una gira por Espa\u00f1a","isPartOf":{"@id":"http:\/\/unaymilletras.com\/#website"},"primaryImageOfPage":{"@id":"https:\/\/unaymilletras.com\/blaumut-presenta-abisme-en-una-gira-por-espana\/#primaryimage"},"image":{"@id":"https:\/\/unaymilletras.com\/blaumut-presenta-abisme-en-una-gira-por-espana\/#primaryimage"},"thumbnailUrl":"https:\/\/unaymilletras.com\/wp-content\/uploads\/2025\/02\/e0edce73-9c98-c631-3211-411b5c76-e1740736663901.jpg","datePublished":"2025-02-28T09:39:43+00:00","dateModified":"2025-02-28T09:59:40+00:00","description":"La banda catalana Blaumut actuar\u00e1 en Madrid, Valencia y Bilbao con un espect\u00e1culo que combina emoci\u00f3n y experimentaci\u00f3n sonora","breadcrumb":{"@id":"https:\/\/unaymilletras.com\/blaumut-presenta-abisme-en-una-gira-por-espana\/#breadcrumb"},"inLanguage":"en-GB","potentialAction":[{"@type":"ReadAction","target":["https:\/\/unaymilletras.com\/blaumut-presenta-abisme-en-una-gira-por-espana\/"]}]},{"@type":"ImageObject","inLanguage":"en-GB","@id":"https:\/\/unaymilletras.com\/blaumut-presenta-abisme-en-una-gira-por-espana\/#primaryimage","url":"https:\/\/unaymilletras.com\/wp-content\/uploads\/2025\/02\/e0edce73-9c98-c631-3211-411b5c76-e1740736663901.jpg","contentUrl":"https:\/\/unaymilletras.com\/wp-content\/uploads\/2025\/02\/e0edce73-9c98-c631-3211-411b5c76-e1740736663901.jpg","width":600,"height":747,"caption":"Blaumut"},{"@type":"BreadcrumbList","@id":"https:\/\/unaymilletras.com\/blaumut-presenta-abisme-en-una-gira-por-espana\/#breadcrumb","itemListElement":[{"@type":"ListItem","position":1,"name":"Home","item":"http:\/\/unaymilletras.com\/"},{"@type":"ListItem","position":2,"name":"Blaumut presenta \u00abAbisme\u00bb en una gira por Espa\u00f1a"}]},{"@type":"WebSite","@id":"http:\/\/unaymilletras.com\/#website","url":"http:\/\/unaymilletras.com\/","name":"Una y Mil Letras","description":"","publisher":{"@id":"http:\/\/unaymilletras.com\/#organization"},"potentialAction":[{"@type":"SearchAction","target":{"@type":"EntryPoint","urlTemplate":"http:\/\/unaymilletras.com\/?s={search_term_string}"},"query-input":{"@type":"PropertyValueSpecification","valueRequired":true,"valueName":"search_term_string"}}],"inLanguage":"en-GB"},{"@type":"Organization","@id":"http:\/\/unaymilletras.com\/#organization","name":"Una y Mil Letras","url":"http:\/\/unaymilletras.com\/","logo":{"@type":"ImageObject","inLanguage":"en-GB","@id":"http:\/\/unaymilletras.com\/#\/schema\/logo\/image\/","url":"https:\/\/unaymilletras.com\/wp-content\/uploads\/2024\/06\/cropped-Logo-removebg-preview.png","contentUrl":"https:\/\/unaymilletras.com\/wp-content\/uploads\/2024\/06\/cropped-Logo-removebg-preview.png","width":512,"height":512,"caption":"Una y Mil Letras"},"image":{"@id":"http:\/\/unaymilletras.com\/#\/schema\/logo\/image\/"},"sameAs":["https:\/\/x.com\/UnaYMilLetras","https:\/\/instagram.com\/UnaYMilLetras"]},{"@type":"Person","@id":"http:\/\/unaymilletras.com\/#\/schema\/person\/0860dc8a218329991ee2c7591f4f849d","name":"Redacci\u00f3n","image":{"@type":"ImageObject","inLanguage":"en-GB","@id":"https:\/\/secure.gravatar.com\/avatar\/d8f55e05a8b6597e45c55a1dcbdbfe44f4a360d88b48e00de5216a79b7732796?s=96&d=mm&r=g","url":"https:\/\/secure.gravatar.com\/avatar\/d8f55e05a8b6597e45c55a1dcbdbfe44f4a360d88b48e00de5216a79b7732796?s=96&d=mm&r=g","contentUrl":"https:\/\/secure.gravatar.com\/avatar\/d8f55e05a8b6597e45c55a1dcbdbfe44f4a360d88b48e00de5216a79b7732796?s=96&d=mm&r=g","caption":"Redacci\u00f3n"},"url":"https:\/\/unaymilletras.com\/en\/author\/redaccion\/"}]}},"_links":{"self":[{"href":"https:\/\/unaymilletras.com\/en\/wp-json\/wp\/v2\/posts\/3801","targetHints":{"allow":["GET"]}}],"collection":[{"href":"https:\/\/unaymilletras.com\/en\/wp-json\/wp\/v2\/posts"}],"about":[{"href":"https:\/\/unaymilletras.com\/en\/wp-json\/wp\/v2\/types\/post"}],"author":[{"embeddable":true,"href":"https:\/\/unaymilletras.com\/en\/wp-json\/wp\/v2\/users\/6"}],"replies":[{"embeddable":true,"href":"https:\/\/unaymilletras.com\/en\/wp-json\/wp\/v2\/comments?post=3801"}],"version-history":[{"count":7,"href":"https:\/\/unaymilletras.com\/en\/wp-json\/wp\/v2\/posts\/3801\/revisions"}],"predecessor-version":[{"id":3809,"href":"https:\/\/unaymilletras.com\/en\/wp-json\/wp\/v2\/posts\/3801\/revisions\/3809"}],"wp:featuredmedia":[{"embeddable":true,"href":"https:\/\/unaymilletras.com\/en\/wp-json\/wp\/v2\/media\/3803"}],"wp:attachment":[{"href":"https:\/\/unaymilletras.com\/en\/wp-json\/wp\/v2\/media?parent=3801"}],"wp:term":[{"taxonomy":"category","embeddable":true,"href":"https:\/\/unaymilletras.com\/en\/wp-json\/wp\/v2\/categories?post=3801"},{"taxonomy":"post_tag","embeddable":true,"href":"https:\/\/unaymilletras.com\/en\/wp-json\/wp\/v2\/tags?post=3801"}],"curies":[{"name":"wp","href":"https:\/\/api.w.org\/{rel}","templated":true}]}}