{"id":3810,"date":"2025-03-03T17:14:04","date_gmt":"2025-03-03T16:14:04","guid":{"rendered":"https:\/\/unaymilletras.com\/?p=3810"},"modified":"2025-03-03T17:16:24","modified_gmt":"2025-03-03T16:16:24","slug":"aespa-se-prepara-para-aterrizar-en-espana-con-su-gira-mundial","status":"publish","type":"post","link":"https:\/\/unaymilletras.com\/en\/aespa-se-prepara-para-aterrizar-en-espana-con-su-gira-mundial\/","title":{"rendered":"aespa se prepara para aterrizar en Espa\u00f1a con su gira mundial"},"content":{"rendered":"<div data-elementor-type=\"wp-post\" data-elementor-id=\"3810\" class=\"elementor elementor-3810\">\n\t\t\t\t\t\t<section class=\"elementor-section elementor-top-section elementor-element elementor-element-f13e881 elementor-section-boxed elementor-section-height-default elementor-section-height-default\" data-id=\"f13e881\" data-element_type=\"section\" data-e-type=\"section\">\n\t\t\t\t\t\t<div class=\"elementor-container elementor-column-gap-default\">\n\t\t\t\t\t<div class=\"elementor-column elementor-col-100 elementor-top-column elementor-element elementor-element-2b0ac85\" data-id=\"2b0ac85\" data-element_type=\"column\" data-e-type=\"column\">\n\t\t\t<div class=\"elementor-widget-wrap elementor-element-populated\">\n\t\t\t\t\t\t<div class=\"elementor-element elementor-element-4ed850a elementor-widget elementor-widget-text-editor\" data-id=\"4ed850a\" data-element_type=\"widget\" data-e-type=\"widget\" data-widget_type=\"text-editor.default\">\n\t\t\t\t<div class=\"elementor-widget-container\">\n\t\t\t\t\t\t\t\t\t<h2 style=\"text-align: center;\"><span style=\"color: #808080;\"><em>El grupo de K-pop aespa actuar\u00e1 el 12 de marzo en el WiZink Center de Madrid en su esperado debut en Espa\u00f1a<\/em><\/span><\/h2>\t\t\t\t\t\t\t\t<\/div>\n\t\t\t\t<\/div>\n\t\t\t\t\t<\/div>\n\t\t<\/div>\n\t\t\t\t\t<\/div>\n\t\t<\/section>\n\t\t\t\t<section class=\"elementor-section elementor-top-section elementor-element elementor-element-e4317fe elementor-section-boxed elementor-section-height-default elementor-section-height-default\" data-id=\"e4317fe\" data-element_type=\"section\" data-e-type=\"section\">\n\t\t\t\t\t\t<div class=\"elementor-container elementor-column-gap-default\">\n\t\t\t\t\t<div class=\"elementor-column elementor-col-100 elementor-top-column elementor-element elementor-element-1e9071a\" data-id=\"1e9071a\" data-element_type=\"column\" data-e-type=\"column\">\n\t\t\t<div class=\"elementor-widget-wrap elementor-element-populated\">\n\t\t\t\t\t\t<div class=\"elementor-element elementor-element-67761d7 elementor-widget elementor-widget-text-editor\" data-id=\"67761d7\" data-element_type=\"widget\" data-e-type=\"widget\" data-widget_type=\"text-editor.default\">\n\t\t\t\t<div class=\"elementor-widget-container\">\n\t\t\t\t\t\t\t\t\t<p data-start=\"298\" data-end=\"659\">aespa est\u00e1 cada vez m\u00e1s cerca de aterrizar en Europa con su gira mundial <em data-start=\"371\" data-end=\"422\">&#8216;2024-25 aespa LIVE TOUR \u2013 SYNK: PARALLEL LINE \u2013&#8217;<\/em>, y la cuenta atr\u00e1s para su esperado concierto en Espa\u00f1a ha comenzado. El grupo de SM Entertainment actuar\u00e1 el 12 de marzo en el WiZink Center de Madrid, marcando su primera presentaci\u00f3n en el pa\u00eds y consolidando su crecimiento global.<\/p>\t\t\t\t\t\t\t\t<\/div>\n\t\t\t\t<\/div>\n\t\t\t\t\t<\/div>\n\t\t<\/div>\n\t\t\t\t\t<\/div>\n\t\t<\/section>\n\t\t\t\t<section class=\"elementor-section elementor-top-section elementor-element elementor-element-b1db5a2 elementor-section-boxed elementor-section-height-default elementor-section-height-default\" data-id=\"b1db5a2\" data-element_type=\"section\" data-e-type=\"section\">\n\t\t\t\t\t\t<div class=\"elementor-container elementor-column-gap-default\">\n\t\t\t\t\t<div class=\"elementor-column elementor-col-100 elementor-top-column elementor-element elementor-element-42ead92\" data-id=\"42ead92\" data-element_type=\"column\" data-e-type=\"column\">\n\t\t\t<div class=\"elementor-widget-wrap elementor-element-populated\">\n\t\t\t\t\t\t<div class=\"elementor-element elementor-element-b4d1194 elementor-widget elementor-widget-image\" data-id=\"b4d1194\" data-element_type=\"widget\" data-e-type=\"widget\" data-widget_type=\"image.default\">\n\t\t\t\t<div class=\"elementor-widget-container\">\n\t\t\t\t\t\t\t\t\t\t\t\t\t\t\t<img fetchpriority=\"high\" decoding=\"async\" width=\"640\" height=\"360\" src=\"https:\/\/unaymilletras.com\/wp-content\/uploads\/2025\/03\/aespa-4o-cartel-base-h-1024x576.jpg\" class=\"attachment-large size-large wp-image-3812\" alt=\"\" srcset=\"https:\/\/unaymilletras.com\/wp-content\/uploads\/2025\/03\/aespa-4o-cartel-base-h-1024x576.jpg 1024w, https:\/\/unaymilletras.com\/wp-content\/uploads\/2025\/03\/aespa-4o-cartel-base-h-300x169.jpg 300w, https:\/\/unaymilletras.com\/wp-content\/uploads\/2025\/03\/aespa-4o-cartel-base-h-768x432.jpg 768w, https:\/\/unaymilletras.com\/wp-content\/uploads\/2025\/03\/aespa-4o-cartel-base-h-18x10.jpg 18w, https:\/\/unaymilletras.com\/wp-content\/uploads\/2025\/03\/aespa-4o-cartel-base-h-1280x720.jpg 1280w, https:\/\/unaymilletras.com\/wp-content\/uploads\/2025\/03\/aespa-4o-cartel-base-h-e1741018548549.jpg 600w\" sizes=\"(max-width: 640px) 100vw, 640px\" \/>\t\t\t\t\t\t\t\t\t\t\t\t\t\t\t<\/div>\n\t\t\t\t<\/div>\n\t\t\t\t\t<\/div>\n\t\t<\/div>\n\t\t\t\t\t<\/div>\n\t\t<\/section>\n\t\t\t\t<section class=\"elementor-section elementor-top-section elementor-element elementor-element-51e764c elementor-section-boxed elementor-section-height-default elementor-section-height-default\" data-id=\"51e764c\" data-element_type=\"section\" data-e-type=\"section\">\n\t\t\t\t\t\t<div class=\"elementor-container elementor-column-gap-default\">\n\t\t\t\t\t<div class=\"elementor-column elementor-col-100 elementor-top-column elementor-element elementor-element-d8c3c9f\" data-id=\"d8c3c9f\" data-element_type=\"column\" data-e-type=\"column\">\n\t\t\t<div class=\"elementor-widget-wrap elementor-element-populated\">\n\t\t\t\t\t\t<div class=\"elementor-element elementor-element-eae31ce elementor-widget elementor-widget-text-editor\" data-id=\"eae31ce\" data-element_type=\"widget\" data-e-type=\"widget\" data-widget_type=\"text-editor.default\">\n\t\t\t\t<div class=\"elementor-widget-container\">\n\t\t\t\t\t\t\t\t\t<p data-start=\"661\" data-end=\"1016\">Despu\u00e9s de arrasar en Asia con m\u00faltiples <em data-start=\"702\" data-end=\"712\">sold out<\/em> en Se\u00fal, Jap\u00f3n, Singapur, Hong Kong y Australia, aespa se encuentra en plena fase de expansi\u00f3n de su gira, que ahora recorre Am\u00e9rica del Norte y Europa. La gira, que ha llevado su innovadora puesta en escena a recintos de todo el mundo, promete una producci\u00f3n de alto nivel y coreograf\u00edas impactantes.<\/p><p data-start=\"1018\" data-end=\"1322\">Con un concepto visual basado en universos paralelos y una narrativa futurista, <em data-start=\"1098\" data-end=\"1119\">SYNK: PARALLEL LINE<\/em> ha sido elogiado por su espectacularidad. Aespa no solo ha elevado sus actuaciones en directo, sino que ha reafirmado su posici\u00f3n como uno de los grupos femeninos de K-pop m\u00e1s influyentes del momento.<\/p><p data-start=\"1324\" data-end=\"1660\">Tras sus conciertos en ciudades como Los \u00c1ngeles, Ciudad de M\u00e9xico y Toronto, aespa desembarcar\u00e1 en Europa con paradas en Londres, Par\u00eds, Berl\u00edn y \u00c1msterdam antes de llegar a Madrid. La expectaci\u00f3n entre los fans espa\u00f1oles es m\u00e1xima, y todo apunta a que la cita en la capital ser\u00e1 un momento inolvidable para MYs, el fandom del grupo.<\/p><p data-start=\"1662\" data-end=\"1818\">La gira continuar\u00e1 despu\u00e9s con m\u00e1s fechas en otros puntos del continente, consolidando a aespa como una de las grandes fuerzas globales del K-pop en 2024.<\/p>\t\t\t\t\t\t\t\t<\/div>\n\t\t\t\t<\/div>\n\t\t\t\t\t<\/div>\n\t\t<\/div>\n\t\t\t\t\t<\/div>\n\t\t<\/section>\n\t\t\t\t<\/div>","protected":false},"excerpt":{"rendered":"<p>El grupo de K-pop aespa actuar\u00e1 el 12 de marzo en el WiZink Center de Madrid en su esperado debut en Espa\u00f1a aespa est\u00e1 cada vez m\u00e1s cerca de aterrizar en Europa con su gira mundial &#8216;2024-25 aespa LIVE TOUR \u2013 SYNK: PARALLEL LINE \u2013&#8217;, y la cuenta atr\u00e1s para su esperado concierto en Espa\u00f1a [&hellip;]<\/p>\n","protected":false},"author":6,"featured_media":3812,"comment_status":"closed","ping_status":"closed","sticky":false,"template":"","format":"standard","meta":{"footnotes":""},"categories":[4],"tags":[],"class_list":["post-3810","post","type-post","status-publish","format-standard","has-post-thumbnail","hentry","category-musica"],"yoast_head":"<!-- This site is optimized with the Yoast SEO plugin v27.4 - https:\/\/yoast.com\/product\/yoast-seo-wordpress\/ -->\n<title>aespa se prepara para aterrizar en Espa\u00f1a con su gira mundial &#8902; Una y Mil Letras<\/title>\n<meta name=\"description\" content=\"El grupo de K-pop aespa actuar\u00e1 el 12 de marzo en el WiZink Center de Madrid en su esperado debut en Espa\u00f1a\" \/>\n<meta name=\"robots\" content=\"index, follow, max-snippet:-1, max-image-preview:large, max-video-preview:-1\" \/>\n<link rel=\"canonical\" href=\"https:\/\/unaymilletras.com\/en\/aespa-se-prepara-para-aterrizar-en-espana-con-su-gira-mundial\/\" \/>\n<meta property=\"og:locale\" content=\"en_GB\" \/>\n<meta property=\"og:type\" content=\"article\" \/>\n<meta property=\"og:title\" content=\"aespa se prepara para aterrizar en Espa\u00f1a con su gira mundial &#8902; Una y Mil Letras\" \/>\n<meta property=\"og:description\" content=\"El grupo de K-pop aespa actuar\u00e1 el 12 de marzo en el WiZink Center de Madrid en su esperado debut en Espa\u00f1a\" \/>\n<meta property=\"og:url\" content=\"https:\/\/unaymilletras.com\/en\/aespa-se-prepara-para-aterrizar-en-espana-con-su-gira-mundial\/\" \/>\n<meta property=\"og:site_name\" content=\"Una y Mil Letras\" \/>\n<meta property=\"article:published_time\" content=\"2025-03-03T16:14:04+00:00\" \/>\n<meta property=\"article:modified_time\" content=\"2025-03-03T16:16:24+00:00\" \/>\n<meta property=\"og:image\" content=\"http:\/\/unaymilletras.com\/wp-content\/uploads\/2025\/03\/aespa-4o-cartel-base-h-e1741018548549.jpg\" \/>\n\t<meta property=\"og:image:width\" content=\"600\" \/>\n\t<meta property=\"og:image:height\" content=\"338\" \/>\n\t<meta property=\"og:image:type\" content=\"image\/jpeg\" \/>\n<meta name=\"author\" content=\"Redacci\u00f3n\" \/>\n<meta name=\"twitter:card\" content=\"summary_large_image\" \/>\n<meta name=\"twitter:creator\" content=\"@UnaYMilLetras\" \/>\n<meta name=\"twitter:site\" content=\"@UnaYMilLetras\" \/>\n<meta name=\"twitter:label1\" content=\"Written by\" \/>\n\t<meta name=\"twitter:data1\" content=\"Redacci\u00f3n\" \/>\n\t<meta name=\"twitter:label2\" content=\"Estimated reading time\" \/>\n\t<meta name=\"twitter:data2\" content=\"2 minutes\" \/>\n<script type=\"application\/ld+json\" class=\"yoast-schema-graph\">{\"@context\":\"https:\\\/\\\/schema.org\",\"@graph\":[{\"@type\":\"Article\",\"@id\":\"https:\\\/\\\/unaymilletras.com\\\/aespa-se-prepara-para-aterrizar-en-espana-con-su-gira-mundial\\\/#article\",\"isPartOf\":{\"@id\":\"https:\\\/\\\/unaymilletras.com\\\/aespa-se-prepara-para-aterrizar-en-espana-con-su-gira-mundial\\\/\"},\"author\":{\"name\":\"Redacci\u00f3n\",\"@id\":\"http:\\\/\\\/unaymilletras.com\\\/#\\\/schema\\\/person\\\/0860dc8a218329991ee2c7591f4f849d\"},\"headline\":\"aespa se prepara para aterrizar en Espa\u00f1a con su gira mundial\",\"datePublished\":\"2025-03-03T16:14:04+00:00\",\"dateModified\":\"2025-03-03T16:16:24+00:00\",\"mainEntityOfPage\":{\"@id\":\"https:\\\/\\\/unaymilletras.com\\\/aespa-se-prepara-para-aterrizar-en-espana-con-su-gira-mundial\\\/\"},\"wordCount\":309,\"publisher\":{\"@id\":\"http:\\\/\\\/unaymilletras.com\\\/#organization\"},\"image\":{\"@id\":\"https:\\\/\\\/unaymilletras.com\\\/aespa-se-prepara-para-aterrizar-en-espana-con-su-gira-mundial\\\/#primaryimage\"},\"thumbnailUrl\":\"https:\\\/\\\/unaymilletras.com\\\/wp-content\\\/uploads\\\/2025\\\/03\\\/aespa-4o-cartel-base-h-e1741018548549.jpg\",\"articleSection\":[\"M\u00fasica\"],\"inLanguage\":\"en-GB\"},{\"@type\":\"WebPage\",\"@id\":\"https:\\\/\\\/unaymilletras.com\\\/aespa-se-prepara-para-aterrizar-en-espana-con-su-gira-mundial\\\/\",\"url\":\"https:\\\/\\\/unaymilletras.com\\\/aespa-se-prepara-para-aterrizar-en-espana-con-su-gira-mundial\\\/\",\"name\":\"aespa se prepara para aterrizar en Espa\u00f1a con su gira mundial &#8902; Una y Mil Letras\",\"isPartOf\":{\"@id\":\"http:\\\/\\\/unaymilletras.com\\\/#website\"},\"primaryImageOfPage\":{\"@id\":\"https:\\\/\\\/unaymilletras.com\\\/aespa-se-prepara-para-aterrizar-en-espana-con-su-gira-mundial\\\/#primaryimage\"},\"image\":{\"@id\":\"https:\\\/\\\/unaymilletras.com\\\/aespa-se-prepara-para-aterrizar-en-espana-con-su-gira-mundial\\\/#primaryimage\"},\"thumbnailUrl\":\"https:\\\/\\\/unaymilletras.com\\\/wp-content\\\/uploads\\\/2025\\\/03\\\/aespa-4o-cartel-base-h-e1741018548549.jpg\",\"datePublished\":\"2025-03-03T16:14:04+00:00\",\"dateModified\":\"2025-03-03T16:16:24+00:00\",\"description\":\"El grupo de K-pop aespa actuar\u00e1 el 12 de marzo en el WiZink Center de Madrid en su esperado debut en Espa\u00f1a\",\"breadcrumb\":{\"@id\":\"https:\\\/\\\/unaymilletras.com\\\/aespa-se-prepara-para-aterrizar-en-espana-con-su-gira-mundial\\\/#breadcrumb\"},\"inLanguage\":\"en-GB\",\"potentialAction\":[{\"@type\":\"ReadAction\",\"target\":[\"https:\\\/\\\/unaymilletras.com\\\/aespa-se-prepara-para-aterrizar-en-espana-con-su-gira-mundial\\\/\"]}]},{\"@type\":\"ImageObject\",\"inLanguage\":\"en-GB\",\"@id\":\"https:\\\/\\\/unaymilletras.com\\\/aespa-se-prepara-para-aterrizar-en-espana-con-su-gira-mundial\\\/#primaryimage\",\"url\":\"https:\\\/\\\/unaymilletras.com\\\/wp-content\\\/uploads\\\/2025\\\/03\\\/aespa-4o-cartel-base-h-e1741018548549.jpg\",\"contentUrl\":\"https:\\\/\\\/unaymilletras.com\\\/wp-content\\\/uploads\\\/2025\\\/03\\\/aespa-4o-cartel-base-h-e1741018548549.jpg\",\"width\":600,\"height\":338},{\"@type\":\"BreadcrumbList\",\"@id\":\"https:\\\/\\\/unaymilletras.com\\\/aespa-se-prepara-para-aterrizar-en-espana-con-su-gira-mundial\\\/#breadcrumb\",\"itemListElement\":[{\"@type\":\"ListItem\",\"position\":1,\"name\":\"Home\",\"item\":\"http:\\\/\\\/unaymilletras.com\\\/\"},{\"@type\":\"ListItem\",\"position\":2,\"name\":\"aespa se prepara para aterrizar en Espa\u00f1a con su gira mundial\"}]},{\"@type\":\"WebSite\",\"@id\":\"http:\\\/\\\/unaymilletras.com\\\/#website\",\"url\":\"http:\\\/\\\/unaymilletras.com\\\/\",\"name\":\"Una y Mil Letras\",\"description\":\"\",\"publisher\":{\"@id\":\"http:\\\/\\\/unaymilletras.com\\\/#organization\"},\"potentialAction\":[{\"@type\":\"SearchAction\",\"target\":{\"@type\":\"EntryPoint\",\"urlTemplate\":\"http:\\\/\\\/unaymilletras.com\\\/?s={search_term_string}\"},\"query-input\":{\"@type\":\"PropertyValueSpecification\",\"valueRequired\":true,\"valueName\":\"search_term_string\"}}],\"inLanguage\":\"en-GB\"},{\"@type\":\"Organization\",\"@id\":\"http:\\\/\\\/unaymilletras.com\\\/#organization\",\"name\":\"Una y Mil Letras\",\"url\":\"http:\\\/\\\/unaymilletras.com\\\/\",\"logo\":{\"@type\":\"ImageObject\",\"inLanguage\":\"en-GB\",\"@id\":\"http:\\\/\\\/unaymilletras.com\\\/#\\\/schema\\\/logo\\\/image\\\/\",\"url\":\"https:\\\/\\\/unaymilletras.com\\\/wp-content\\\/uploads\\\/2024\\\/06\\\/cropped-Logo-removebg-preview.png\",\"contentUrl\":\"https:\\\/\\\/unaymilletras.com\\\/wp-content\\\/uploads\\\/2024\\\/06\\\/cropped-Logo-removebg-preview.png\",\"width\":512,\"height\":512,\"caption\":\"Una y Mil Letras\"},\"image\":{\"@id\":\"http:\\\/\\\/unaymilletras.com\\\/#\\\/schema\\\/logo\\\/image\\\/\"},\"sameAs\":[\"https:\\\/\\\/x.com\\\/UnaYMilLetras\",\"https:\\\/\\\/instagram.com\\\/UnaYMilLetras\"]},{\"@type\":\"Person\",\"@id\":\"http:\\\/\\\/unaymilletras.com\\\/#\\\/schema\\\/person\\\/0860dc8a218329991ee2c7591f4f849d\",\"name\":\"Redacci\u00f3n\",\"image\":{\"@type\":\"ImageObject\",\"inLanguage\":\"en-GB\",\"@id\":\"https:\\\/\\\/secure.gravatar.com\\\/avatar\\\/d8f55e05a8b6597e45c55a1dcbdbfe44f4a360d88b48e00de5216a79b7732796?s=96&d=mm&r=g\",\"url\":\"https:\\\/\\\/secure.gravatar.com\\\/avatar\\\/d8f55e05a8b6597e45c55a1dcbdbfe44f4a360d88b48e00de5216a79b7732796?s=96&d=mm&r=g\",\"contentUrl\":\"https:\\\/\\\/secure.gravatar.com\\\/avatar\\\/d8f55e05a8b6597e45c55a1dcbdbfe44f4a360d88b48e00de5216a79b7732796?s=96&d=mm&r=g\",\"caption\":\"Redacci\u00f3n\"},\"url\":\"https:\\\/\\\/unaymilletras.com\\\/en\\\/author\\\/redaccion\\\/\"}]}<\/script>\n<!-- \/ Yoast SEO plugin. -->","yoast_head_json":{"title":"aespa se prepara para aterrizar en Espa\u00f1a con su gira mundial &#8902; Una y Mil Letras","description":"El grupo de K-pop aespa actuar\u00e1 el 12 de marzo en el WiZink Center de Madrid en su esperado debut en Espa\u00f1a","robots":{"index":"index","follow":"follow","max-snippet":"max-snippet:-1","max-image-preview":"max-image-preview:large","max-video-preview":"max-video-preview:-1"},"canonical":"https:\/\/unaymilletras.com\/en\/aespa-se-prepara-para-aterrizar-en-espana-con-su-gira-mundial\/","og_locale":"en_GB","og_type":"article","og_title":"aespa se prepara para aterrizar en Espa\u00f1a con su gira mundial &#8902; Una y Mil Letras","og_description":"El grupo de K-pop aespa actuar\u00e1 el 12 de marzo en el WiZink Center de Madrid en su esperado debut en Espa\u00f1a","og_url":"https:\/\/unaymilletras.com\/en\/aespa-se-prepara-para-aterrizar-en-espana-con-su-gira-mundial\/","og_site_name":"Una y Mil Letras","article_published_time":"2025-03-03T16:14:04+00:00","article_modified_time":"2025-03-03T16:16:24+00:00","og_image":[{"width":600,"height":338,"url":"http:\/\/unaymilletras.com\/wp-content\/uploads\/2025\/03\/aespa-4o-cartel-base-h-e1741018548549.jpg","type":"image\/jpeg"}],"author":"Redacci\u00f3n","twitter_card":"summary_large_image","twitter_creator":"@UnaYMilLetras","twitter_site":"@UnaYMilLetras","twitter_misc":{"Written by":"Redacci\u00f3n","Estimated reading time":"2 minutes"},"schema":{"@context":"https:\/\/schema.org","@graph":[{"@type":"Article","@id":"https:\/\/unaymilletras.com\/aespa-se-prepara-para-aterrizar-en-espana-con-su-gira-mundial\/#article","isPartOf":{"@id":"https:\/\/unaymilletras.com\/aespa-se-prepara-para-aterrizar-en-espana-con-su-gira-mundial\/"},"author":{"name":"Redacci\u00f3n","@id":"http:\/\/unaymilletras.com\/#\/schema\/person\/0860dc8a218329991ee2c7591f4f849d"},"headline":"aespa se prepara para aterrizar en Espa\u00f1a con su gira mundial","datePublished":"2025-03-03T16:14:04+00:00","dateModified":"2025-03-03T16:16:24+00:00","mainEntityOfPage":{"@id":"https:\/\/unaymilletras.com\/aespa-se-prepara-para-aterrizar-en-espana-con-su-gira-mundial\/"},"wordCount":309,"publisher":{"@id":"http:\/\/unaymilletras.com\/#organization"},"image":{"@id":"https:\/\/unaymilletras.com\/aespa-se-prepara-para-aterrizar-en-espana-con-su-gira-mundial\/#primaryimage"},"thumbnailUrl":"https:\/\/unaymilletras.com\/wp-content\/uploads\/2025\/03\/aespa-4o-cartel-base-h-e1741018548549.jpg","articleSection":["M\u00fasica"],"inLanguage":"en-GB"},{"@type":"WebPage","@id":"https:\/\/unaymilletras.com\/aespa-se-prepara-para-aterrizar-en-espana-con-su-gira-mundial\/","url":"https:\/\/unaymilletras.com\/aespa-se-prepara-para-aterrizar-en-espana-con-su-gira-mundial\/","name":"aespa se prepara para aterrizar en Espa\u00f1a con su gira mundial &#8902; Una y Mil Letras","isPartOf":{"@id":"http:\/\/unaymilletras.com\/#website"},"primaryImageOfPage":{"@id":"https:\/\/unaymilletras.com\/aespa-se-prepara-para-aterrizar-en-espana-con-su-gira-mundial\/#primaryimage"},"image":{"@id":"https:\/\/unaymilletras.com\/aespa-se-prepara-para-aterrizar-en-espana-con-su-gira-mundial\/#primaryimage"},"thumbnailUrl":"https:\/\/unaymilletras.com\/wp-content\/uploads\/2025\/03\/aespa-4o-cartel-base-h-e1741018548549.jpg","datePublished":"2025-03-03T16:14:04+00:00","dateModified":"2025-03-03T16:16:24+00:00","description":"El grupo de K-pop aespa actuar\u00e1 el 12 de marzo en el WiZink Center de Madrid en su esperado debut en Espa\u00f1a","breadcrumb":{"@id":"https:\/\/unaymilletras.com\/aespa-se-prepara-para-aterrizar-en-espana-con-su-gira-mundial\/#breadcrumb"},"inLanguage":"en-GB","potentialAction":[{"@type":"ReadAction","target":["https:\/\/unaymilletras.com\/aespa-se-prepara-para-aterrizar-en-espana-con-su-gira-mundial\/"]}]},{"@type":"ImageObject","inLanguage":"en-GB","@id":"https:\/\/unaymilletras.com\/aespa-se-prepara-para-aterrizar-en-espana-con-su-gira-mundial\/#primaryimage","url":"https:\/\/unaymilletras.com\/wp-content\/uploads\/2025\/03\/aespa-4o-cartel-base-h-e1741018548549.jpg","contentUrl":"https:\/\/unaymilletras.com\/wp-content\/uploads\/2025\/03\/aespa-4o-cartel-base-h-e1741018548549.jpg","width":600,"height":338},{"@type":"BreadcrumbList","@id":"https:\/\/unaymilletras.com\/aespa-se-prepara-para-aterrizar-en-espana-con-su-gira-mundial\/#breadcrumb","itemListElement":[{"@type":"ListItem","position":1,"name":"Home","item":"http:\/\/unaymilletras.com\/"},{"@type":"ListItem","position":2,"name":"aespa se prepara para aterrizar en Espa\u00f1a con su gira mundial"}]},{"@type":"WebSite","@id":"http:\/\/unaymilletras.com\/#website","url":"http:\/\/unaymilletras.com\/","name":"Una y Mil Letras","description":"","publisher":{"@id":"http:\/\/unaymilletras.com\/#organization"},"potentialAction":[{"@type":"SearchAction","target":{"@type":"EntryPoint","urlTemplate":"http:\/\/unaymilletras.com\/?s={search_term_string}"},"query-input":{"@type":"PropertyValueSpecification","valueRequired":true,"valueName":"search_term_string"}}],"inLanguage":"en-GB"},{"@type":"Organization","@id":"http:\/\/unaymilletras.com\/#organization","name":"Una y Mil Letras","url":"http:\/\/unaymilletras.com\/","logo":{"@type":"ImageObject","inLanguage":"en-GB","@id":"http:\/\/unaymilletras.com\/#\/schema\/logo\/image\/","url":"https:\/\/unaymilletras.com\/wp-content\/uploads\/2024\/06\/cropped-Logo-removebg-preview.png","contentUrl":"https:\/\/unaymilletras.com\/wp-content\/uploads\/2024\/06\/cropped-Logo-removebg-preview.png","width":512,"height":512,"caption":"Una y Mil Letras"},"image":{"@id":"http:\/\/unaymilletras.com\/#\/schema\/logo\/image\/"},"sameAs":["https:\/\/x.com\/UnaYMilLetras","https:\/\/instagram.com\/UnaYMilLetras"]},{"@type":"Person","@id":"http:\/\/unaymilletras.com\/#\/schema\/person\/0860dc8a218329991ee2c7591f4f849d","name":"Redacci\u00f3n","image":{"@type":"ImageObject","inLanguage":"en-GB","@id":"https:\/\/secure.gravatar.com\/avatar\/d8f55e05a8b6597e45c55a1dcbdbfe44f4a360d88b48e00de5216a79b7732796?s=96&d=mm&r=g","url":"https:\/\/secure.gravatar.com\/avatar\/d8f55e05a8b6597e45c55a1dcbdbfe44f4a360d88b48e00de5216a79b7732796?s=96&d=mm&r=g","contentUrl":"https:\/\/secure.gravatar.com\/avatar\/d8f55e05a8b6597e45c55a1dcbdbfe44f4a360d88b48e00de5216a79b7732796?s=96&d=mm&r=g","caption":"Redacci\u00f3n"},"url":"https:\/\/unaymilletras.com\/en\/author\/redaccion\/"}]}},"_links":{"self":[{"href":"https:\/\/unaymilletras.com\/en\/wp-json\/wp\/v2\/posts\/3810","targetHints":{"allow":["GET"]}}],"collection":[{"href":"https:\/\/unaymilletras.com\/en\/wp-json\/wp\/v2\/posts"}],"about":[{"href":"https:\/\/unaymilletras.com\/en\/wp-json\/wp\/v2\/types\/post"}],"author":[{"embeddable":true,"href":"https:\/\/unaymilletras.com\/en\/wp-json\/wp\/v2\/users\/6"}],"replies":[{"embeddable":true,"href":"https:\/\/unaymilletras.com\/en\/wp-json\/wp\/v2\/comments?post=3810"}],"version-history":[{"count":7,"href":"https:\/\/unaymilletras.com\/en\/wp-json\/wp\/v2\/posts\/3810\/revisions"}],"predecessor-version":[{"id":3818,"href":"https:\/\/unaymilletras.com\/en\/wp-json\/wp\/v2\/posts\/3810\/revisions\/3818"}],"wp:featuredmedia":[{"embeddable":true,"href":"https:\/\/unaymilletras.com\/en\/wp-json\/wp\/v2\/media\/3812"}],"wp:attachment":[{"href":"https:\/\/unaymilletras.com\/en\/wp-json\/wp\/v2\/media?parent=3810"}],"wp:term":[{"taxonomy":"category","embeddable":true,"href":"https:\/\/unaymilletras.com\/en\/wp-json\/wp\/v2\/categories?post=3810"},{"taxonomy":"post_tag","embeddable":true,"href":"https:\/\/unaymilletras.com\/en\/wp-json\/wp\/v2\/tags?post=3810"}],"curies":[{"name":"wp","href":"https:\/\/api.w.org\/{rel}","templated":true}]}}