{"id":3819,"date":"2025-03-04T14:00:00","date_gmt":"2025-03-04T13:00:00","guid":{"rendered":"https:\/\/unaymilletras.com\/?p=3819"},"modified":"2025-03-03T23:05:03","modified_gmt":"2025-03-03T22:05:03","slug":"jhayco-llega-a-espana-con-su-murci-city-tour-25","status":"publish","type":"post","link":"https:\/\/unaymilletras.com\/en\/jhayco-llega-a-espana-con-su-murci-city-tour-25\/","title":{"rendered":"Jhayco llega a Espa\u00f1a con su \u00abMurci City Tour 25\u00bb"},"content":{"rendered":"<div data-elementor-type=\"wp-post\" data-elementor-id=\"3819\" class=\"elementor elementor-3819\">\n\t\t\t\t\t\t<section class=\"elementor-section elementor-top-section elementor-element elementor-element-45155a8 elementor-section-boxed elementor-section-height-default elementor-section-height-default\" data-id=\"45155a8\" data-element_type=\"section\" data-e-type=\"section\">\n\t\t\t\t\t\t<div class=\"elementor-container elementor-column-gap-default\">\n\t\t\t\t\t<div class=\"elementor-column elementor-col-100 elementor-top-column elementor-element elementor-element-7eb8b8d\" data-id=\"7eb8b8d\" data-element_type=\"column\" data-e-type=\"column\">\n\t\t\t<div class=\"elementor-widget-wrap elementor-element-populated\">\n\t\t\t\t\t\t<div class=\"elementor-element elementor-element-91ea19e elementor-widget elementor-widget-text-editor\" data-id=\"91ea19e\" data-element_type=\"widget\" data-e-type=\"widget\" data-widget_type=\"text-editor.default\">\n\t\t\t\t<div class=\"elementor-widget-container\">\n\t\t\t\t\t\t\t\t\t<h2 style=\"text-align: center;\"><span style=\"color: #808080;\"><em>El 16 de marzo en Barcelona empezar\u00e1 la esperada gira de Jhayco y recorrer\u00e1 seis ciudades m\u00e1s del pa\u00eds<\/em><\/span><\/h2>\t\t\t\t\t\t\t\t<\/div>\n\t\t\t\t<\/div>\n\t\t\t\t\t<\/div>\n\t\t<\/div>\n\t\t\t\t\t<\/div>\n\t\t<\/section>\n\t\t\t\t<section class=\"elementor-section elementor-top-section elementor-element elementor-element-1270ffd elementor-section-boxed elementor-section-height-default elementor-section-height-default\" data-id=\"1270ffd\" data-element_type=\"section\" data-e-type=\"section\">\n\t\t\t\t\t\t<div class=\"elementor-container elementor-column-gap-default\">\n\t\t\t\t\t<div class=\"elementor-column elementor-col-100 elementor-top-column elementor-element elementor-element-5d7b02d\" data-id=\"5d7b02d\" data-element_type=\"column\" data-e-type=\"column\">\n\t\t\t<div class=\"elementor-widget-wrap elementor-element-populated\">\n\t\t\t\t\t\t<div class=\"elementor-element elementor-element-5cc2e48 elementor-widget elementor-widget-text-editor\" data-id=\"5cc2e48\" data-element_type=\"widget\" data-e-type=\"widget\" data-widget_type=\"text-editor.default\">\n\t\t\t\t<div class=\"elementor-widget-container\">\n\t\t\t\t\t\t\t\t\t<p data-start=\"176\" data-end=\"550\"><b>Jhayco<\/b> est\u00e1 a punto de aterrizar en Espa\u00f1a para presentar su m\u00e1s reciente trabajo, <strong data-start=\"259\" data-end=\"291\"><em>Le Clique: Vida Rockstar X<\/em><\/strong>, en el marco de su gira <strong data-start=\"316\" data-end=\"340\"><em>Murci City Tour 25<\/em><\/strong>. El reggaetonero ofrecer\u00e1 <strong data-start=\"367\" data-end=\"386\">seis conciertos<\/strong> en el pa\u00eds, comenzando el <strong data-start=\"413\" data-end=\"463\">16 de marzo en el Sant Jordi Club de Barcelona<\/strong> y continuando en <strong data-start=\"481\" data-end=\"547\">Madrid, Albacete, Pamplona, Chiclana de la Frontera y Marbella<\/strong>.<\/p>\t\t\t\t\t\t\t\t<\/div>\n\t\t\t\t<\/div>\n\t\t\t\t\t<\/div>\n\t\t<\/div>\n\t\t\t\t\t<\/div>\n\t\t<\/section>\n\t\t\t\t<section class=\"elementor-section elementor-top-section elementor-element elementor-element-fc154f7 elementor-section-boxed elementor-section-height-default elementor-section-height-default\" data-id=\"fc154f7\" data-element_type=\"section\" data-e-type=\"section\">\n\t\t\t\t\t\t<div class=\"elementor-container elementor-column-gap-default\">\n\t\t\t\t\t<div class=\"elementor-column elementor-col-50 elementor-top-column elementor-element elementor-element-a712fd9\" data-id=\"a712fd9\" data-element_type=\"column\" data-e-type=\"column\">\n\t\t\t<div class=\"elementor-widget-wrap elementor-element-populated\">\n\t\t\t\t\t\t<div class=\"elementor-element elementor-element-9e3be1c elementor-widget elementor-widget-text-editor\" data-id=\"9e3be1c\" data-element_type=\"widget\" data-e-type=\"widget\" data-widget_type=\"text-editor.default\">\n\t\t\t\t<div class=\"elementor-widget-container\">\n\t\t\t\t\t\t\t\t\t<p data-start=\"552\" data-end=\"771\">Con un show cargado de energ\u00eda y una producci\u00f3n de alto nivel, el artista promete un espect\u00e1culo inolvidable donde sus nuevos temas ser\u00e1n protagonistas, sin dejar de lado los grandes \u00e9xitos que han marcado su carrera.<\/p><p data-start=\"773\" data-end=\"810\"><strong data-start=\"777\" data-end=\"808\">Fechas de Jhayco en Espa\u00f1a:<\/strong><\/p><ul data-start=\"811\" data-end=\"1118\"><li data-start=\"811\" data-end=\"859\"><strong data-start=\"813\" data-end=\"857\">16 de marzo \u2013 Sant Jordi Club, Barcelona<\/strong><\/li><li data-start=\"860\" data-end=\"904\"><strong data-start=\"862\" data-end=\"902\">18 de marzo \u2013 Movistar Arena, Madrid<\/strong><\/li><li data-start=\"905\" data-end=\"951\"><strong data-start=\"907\" data-end=\"949\">21 de marzo \u2013 Plaza de Toros, Albacete<\/strong><\/li><li data-start=\"952\" data-end=\"997\"><strong data-start=\"954\" data-end=\"995\">22 de marzo \u2013 Navarra Arena, Pamplona<\/strong><\/li><li data-start=\"998\" data-end=\"1067\"><strong data-start=\"1000\" data-end=\"1065\">17 de julio \u2013 Concert Music Festival, Chiclana de la Frontera<\/strong><\/li><li data-start=\"1068\" data-end=\"1118\"><strong data-start=\"1070\" data-end=\"1116\">18 de julio \u2013 Auditorio Starlite, Marbella<\/strong><\/li><\/ul>\t\t\t\t\t\t\t\t<\/div>\n\t\t\t\t<\/div>\n\t\t\t\t\t<\/div>\n\t\t<\/div>\n\t\t\t\t<div class=\"elementor-column elementor-col-50 elementor-top-column elementor-element elementor-element-a9ccd54\" data-id=\"a9ccd54\" data-element_type=\"column\" data-e-type=\"column\">\n\t\t\t<div class=\"elementor-widget-wrap elementor-element-populated\">\n\t\t\t\t\t\t<div class=\"elementor-element elementor-element-93aa1c4 elementor-widget elementor-widget-image\" data-id=\"93aa1c4\" data-element_type=\"widget\" data-e-type=\"widget\" data-widget_type=\"image.default\">\n\t\t\t\t<div class=\"elementor-widget-container\">\n\t\t\t\t\t\t\t\t\t\t\t\t\t\t\t<img fetchpriority=\"high\" decoding=\"async\" width=\"400\" height=\"504\" src=\"https:\/\/unaymilletras.com\/wp-content\/uploads\/2025\/03\/00-00089E6.jpg\" class=\"attachment-large size-large wp-image-3821\" alt=\"Jhayco\" srcset=\"https:\/\/unaymilletras.com\/wp-content\/uploads\/2025\/03\/00-00089E6.jpg 400w, https:\/\/unaymilletras.com\/wp-content\/uploads\/2025\/03\/00-00089E6-238x300.jpg 238w, https:\/\/unaymilletras.com\/wp-content\/uploads\/2025\/03\/00-00089E6-10x12.jpg 10w\" sizes=\"(max-width: 400px) 100vw, 400px\" \/>\t\t\t\t\t\t\t\t\t\t\t\t\t\t\t<\/div>\n\t\t\t\t<\/div>\n\t\t\t\t\t<\/div>\n\t\t<\/div>\n\t\t\t\t\t<\/div>\n\t\t<\/section>\n\t\t\t\t<section class=\"elementor-section elementor-top-section elementor-element elementor-element-2b9fae0 elementor-section-boxed elementor-section-height-default elementor-section-height-default\" data-id=\"2b9fae0\" data-element_type=\"section\" data-e-type=\"section\">\n\t\t\t\t\t\t<div class=\"elementor-container elementor-column-gap-default\">\n\t\t\t\t\t<div class=\"elementor-column elementor-col-100 elementor-top-column elementor-element elementor-element-a718b22\" data-id=\"a718b22\" data-element_type=\"column\" data-e-type=\"column\">\n\t\t\t<div class=\"elementor-widget-wrap elementor-element-populated\">\n\t\t\t\t\t\t<div class=\"elementor-element elementor-element-7807093 elementor-widget elementor-widget-text-editor\" data-id=\"7807093\" data-element_type=\"widget\" data-e-type=\"widget\" data-widget_type=\"text-editor.default\">\n\t\t\t\t<div class=\"elementor-widget-container\">\n\t\t\t\t\t\t\t\t\t<p data-start=\"1120\" data-end=\"1176\">Las entradas ya est\u00e1n disponibles en <span style=\"color: #808080;\"><a style=\"color: #808080;\" href=\"https:\/\/www.ticketmaster.es\/artist\/jhayco-entradas\/1020375?gad_source=1&amp;gclid=CjwKCAiAw5W-BhAhEiwApv4goFhz6-eyJSx5Y1RVg3wzV_Je7c4GsJw6iEL2eRjG6HdFCrdmf9PrBxoCSQEQAvD_BwE&amp;gclsrc=aw.ds&amp;language=es-es&amp;utm_campaign=co%3AES%20%7C%20cpn%3AGenre%20%7C%20chl%3AGn%20%7C%20cat%3AMusic%20%7C%20bud%3ATM%20%7C%20tp%3ATMES%20%7C%20catID%3A10001%20%7C%20Allocation&amp;utm_content=an%3AJhayco%20%7C%20ed%3A18-03-2025%20%7C%20vn%3AMovistar%20Arena%20%7C%20a%3A1020375%20%7C%20v%3A5263%20%7C%20Allocation&amp;utm_medium=cpc&amp;utm_source=TM-google\">Ticketmaster<\/a><\/span>.<\/p><p data-start=\"1178\" data-end=\"1544\">Jhayco se ha consolidado como una de las figuras m\u00e1s influyentes del reggaet\u00f3n, con una trayectoria que incluye colaboraciones con <strong data-start=\"1309\" data-end=\"1349\">Bad Bunny, J Balvin y Rauw Alejandro<\/strong>, adem\u00e1s de \u00e9xitos como <strong data-start=\"1373\" data-end=\"1385\"><em>Dakiti<\/em><\/strong>\u00a0y el remix de <strong data-start=\"1400\" data-end=\"1418\"><em>No Me Conoce<\/em><\/strong>. Su impacto en la m\u00fasica urbana lo ha llevado a agotar entradas en escenarios ic\u00f3nicos, como el <strong data-start=\"1515\" data-end=\"1541\">Coliseo de Puerto Rico<\/strong>.<\/p><p data-start=\"1546\" data-end=\"1690\" data-is-last-node=\"\" data-is-only-node=\"\">Ahora, Espa\u00f1a se prepara para recibirlo con los brazos abiertos en una serie de conciertos que prometen ser una experiencia \u00fanica para sus fans.<\/p>\t\t\t\t\t\t\t\t<\/div>\n\t\t\t\t<\/div>\n\t\t\t\t\t<\/div>\n\t\t<\/div>\n\t\t\t\t\t<\/div>\n\t\t<\/section>\n\t\t\t\t<\/div>","protected":false},"excerpt":{"rendered":"<p>El 16 de marzo en Barcelona empezar\u00e1 la esperada gira de Jhayco y recorrer\u00e1 seis ciudades m\u00e1s del pa\u00eds Jhayco est\u00e1 a punto de aterrizar en Espa\u00f1a para presentar su m\u00e1s reciente trabajo, Le Clique: Vida Rockstar X, en el marco de su gira Murci City Tour 25. El reggaetonero ofrecer\u00e1 seis conciertos en el [&hellip;]<\/p>\n","protected":false},"author":6,"featured_media":3821,"comment_status":"closed","ping_status":"closed","sticky":false,"template":"","format":"standard","meta":{"footnotes":""},"categories":[4],"tags":[],"class_list":["post-3819","post","type-post","status-publish","format-standard","has-post-thumbnail","hentry","category-musica"],"yoast_head":"<!-- This site is optimized with the Yoast SEO plugin v27.4 - https:\/\/yoast.com\/product\/yoast-seo-wordpress\/ -->\n<title>Jhayco llega a Espa\u00f1a con su &quot;Murci City Tour 25&quot;<\/title>\n<meta name=\"description\" content=\"El 16 de marzo en Barcelona empezar\u00e1 la esperada gira de Jhayco y recorrer\u00e1 seis ciudades m\u00e1s del pa\u00eds, pasando por Madrid\" \/>\n<meta name=\"robots\" content=\"index, follow, max-snippet:-1, max-image-preview:large, max-video-preview:-1\" \/>\n<link rel=\"canonical\" href=\"https:\/\/unaymilletras.com\/en\/jhayco-llega-a-espana-con-su-murci-city-tour-25\/\" \/>\n<meta property=\"og:locale\" content=\"en_GB\" \/>\n<meta property=\"og:type\" content=\"article\" \/>\n<meta property=\"og:title\" content=\"Jhayco llega a Espa\u00f1a con su &quot;Murci City Tour 25&quot;\" \/>\n<meta property=\"og:description\" content=\"El 16 de marzo en Barcelona empezar\u00e1 la esperada gira de Jhayco y recorrer\u00e1 seis ciudades m\u00e1s del pa\u00eds, pasando por Madrid\" \/>\n<meta property=\"og:url\" content=\"https:\/\/unaymilletras.com\/en\/jhayco-llega-a-espana-con-su-murci-city-tour-25\/\" \/>\n<meta property=\"og:site_name\" content=\"Una y Mil Letras\" \/>\n<meta property=\"article:published_time\" content=\"2025-03-04T13:00:00+00:00\" \/>\n<meta property=\"og:image\" content=\"https:\/\/unaymilletras.com\/wp-content\/uploads\/2025\/03\/00-00089E6.jpg\" \/>\n\t<meta property=\"og:image:width\" content=\"400\" \/>\n\t<meta property=\"og:image:height\" content=\"504\" \/>\n\t<meta property=\"og:image:type\" content=\"image\/jpeg\" \/>\n<meta name=\"author\" content=\"Redacci\u00f3n\" \/>\n<meta name=\"twitter:card\" content=\"summary_large_image\" \/>\n<meta name=\"twitter:creator\" content=\"@UnaYMilLetras\" \/>\n<meta name=\"twitter:site\" content=\"@UnaYMilLetras\" \/>\n<meta name=\"twitter:label1\" content=\"Written by\" \/>\n\t<meta name=\"twitter:data1\" content=\"Redacci\u00f3n\" \/>\n\t<meta name=\"twitter:label2\" content=\"Estimated reading time\" \/>\n\t<meta name=\"twitter:data2\" content=\"2 minutes\" \/>\n<script type=\"application\/ld+json\" class=\"yoast-schema-graph\">{\"@context\":\"https:\\\/\\\/schema.org\",\"@graph\":[{\"@type\":\"Article\",\"@id\":\"https:\\\/\\\/unaymilletras.com\\\/jhayco-llega-a-espana-con-su-murci-city-tour-25\\\/#article\",\"isPartOf\":{\"@id\":\"https:\\\/\\\/unaymilletras.com\\\/jhayco-llega-a-espana-con-su-murci-city-tour-25\\\/\"},\"author\":{\"name\":\"Redacci\u00f3n\",\"@id\":\"http:\\\/\\\/unaymilletras.com\\\/#\\\/schema\\\/person\\\/0860dc8a218329991ee2c7591f4f849d\"},\"headline\":\"Jhayco llega a Espa\u00f1a con su \u00abMurci City Tour 25\u00bb\",\"datePublished\":\"2025-03-04T13:00:00+00:00\",\"mainEntityOfPage\":{\"@id\":\"https:\\\/\\\/unaymilletras.com\\\/jhayco-llega-a-espana-con-su-murci-city-tour-25\\\/\"},\"wordCount\":272,\"publisher\":{\"@id\":\"http:\\\/\\\/unaymilletras.com\\\/#organization\"},\"image\":{\"@id\":\"https:\\\/\\\/unaymilletras.com\\\/jhayco-llega-a-espana-con-su-murci-city-tour-25\\\/#primaryimage\"},\"thumbnailUrl\":\"https:\\\/\\\/unaymilletras.com\\\/wp-content\\\/uploads\\\/2025\\\/03\\\/00-00089E6.jpg\",\"articleSection\":[\"M\u00fasica\"],\"inLanguage\":\"en-GB\"},{\"@type\":\"WebPage\",\"@id\":\"https:\\\/\\\/unaymilletras.com\\\/jhayco-llega-a-espana-con-su-murci-city-tour-25\\\/\",\"url\":\"https:\\\/\\\/unaymilletras.com\\\/jhayco-llega-a-espana-con-su-murci-city-tour-25\\\/\",\"name\":\"Jhayco llega a Espa\u00f1a con su \\\"Murci City Tour 25\\\"\",\"isPartOf\":{\"@id\":\"http:\\\/\\\/unaymilletras.com\\\/#website\"},\"primaryImageOfPage\":{\"@id\":\"https:\\\/\\\/unaymilletras.com\\\/jhayco-llega-a-espana-con-su-murci-city-tour-25\\\/#primaryimage\"},\"image\":{\"@id\":\"https:\\\/\\\/unaymilletras.com\\\/jhayco-llega-a-espana-con-su-murci-city-tour-25\\\/#primaryimage\"},\"thumbnailUrl\":\"https:\\\/\\\/unaymilletras.com\\\/wp-content\\\/uploads\\\/2025\\\/03\\\/00-00089E6.jpg\",\"datePublished\":\"2025-03-04T13:00:00+00:00\",\"description\":\"El 16 de marzo en Barcelona empezar\u00e1 la esperada gira de Jhayco y recorrer\u00e1 seis ciudades m\u00e1s del pa\u00eds, pasando por Madrid\",\"breadcrumb\":{\"@id\":\"https:\\\/\\\/unaymilletras.com\\\/jhayco-llega-a-espana-con-su-murci-city-tour-25\\\/#breadcrumb\"},\"inLanguage\":\"en-GB\",\"potentialAction\":[{\"@type\":\"ReadAction\",\"target\":[\"https:\\\/\\\/unaymilletras.com\\\/jhayco-llega-a-espana-con-su-murci-city-tour-25\\\/\"]}]},{\"@type\":\"ImageObject\",\"inLanguage\":\"en-GB\",\"@id\":\"https:\\\/\\\/unaymilletras.com\\\/jhayco-llega-a-espana-con-su-murci-city-tour-25\\\/#primaryimage\",\"url\":\"https:\\\/\\\/unaymilletras.com\\\/wp-content\\\/uploads\\\/2025\\\/03\\\/00-00089E6.jpg\",\"contentUrl\":\"https:\\\/\\\/unaymilletras.com\\\/wp-content\\\/uploads\\\/2025\\\/03\\\/00-00089E6.jpg\",\"width\":400,\"height\":504,\"caption\":\"Jhayco\"},{\"@type\":\"BreadcrumbList\",\"@id\":\"https:\\\/\\\/unaymilletras.com\\\/jhayco-llega-a-espana-con-su-murci-city-tour-25\\\/#breadcrumb\",\"itemListElement\":[{\"@type\":\"ListItem\",\"position\":1,\"name\":\"Home\",\"item\":\"http:\\\/\\\/unaymilletras.com\\\/\"},{\"@type\":\"ListItem\",\"position\":2,\"name\":\"Jhayco llega a Espa\u00f1a con su \u00abMurci City Tour 25\u00bb\"}]},{\"@type\":\"WebSite\",\"@id\":\"http:\\\/\\\/unaymilletras.com\\\/#website\",\"url\":\"http:\\\/\\\/unaymilletras.com\\\/\",\"name\":\"Una y Mil Letras\",\"description\":\"\",\"publisher\":{\"@id\":\"http:\\\/\\\/unaymilletras.com\\\/#organization\"},\"potentialAction\":[{\"@type\":\"SearchAction\",\"target\":{\"@type\":\"EntryPoint\",\"urlTemplate\":\"http:\\\/\\\/unaymilletras.com\\\/?s={search_term_string}\"},\"query-input\":{\"@type\":\"PropertyValueSpecification\",\"valueRequired\":true,\"valueName\":\"search_term_string\"}}],\"inLanguage\":\"en-GB\"},{\"@type\":\"Organization\",\"@id\":\"http:\\\/\\\/unaymilletras.com\\\/#organization\",\"name\":\"Una y Mil Letras\",\"url\":\"http:\\\/\\\/unaymilletras.com\\\/\",\"logo\":{\"@type\":\"ImageObject\",\"inLanguage\":\"en-GB\",\"@id\":\"http:\\\/\\\/unaymilletras.com\\\/#\\\/schema\\\/logo\\\/image\\\/\",\"url\":\"https:\\\/\\\/unaymilletras.com\\\/wp-content\\\/uploads\\\/2024\\\/06\\\/cropped-Logo-removebg-preview.png\",\"contentUrl\":\"https:\\\/\\\/unaymilletras.com\\\/wp-content\\\/uploads\\\/2024\\\/06\\\/cropped-Logo-removebg-preview.png\",\"width\":512,\"height\":512,\"caption\":\"Una y Mil Letras\"},\"image\":{\"@id\":\"http:\\\/\\\/unaymilletras.com\\\/#\\\/schema\\\/logo\\\/image\\\/\"},\"sameAs\":[\"https:\\\/\\\/x.com\\\/UnaYMilLetras\",\"https:\\\/\\\/instagram.com\\\/UnaYMilLetras\"]},{\"@type\":\"Person\",\"@id\":\"http:\\\/\\\/unaymilletras.com\\\/#\\\/schema\\\/person\\\/0860dc8a218329991ee2c7591f4f849d\",\"name\":\"Redacci\u00f3n\",\"image\":{\"@type\":\"ImageObject\",\"inLanguage\":\"en-GB\",\"@id\":\"https:\\\/\\\/secure.gravatar.com\\\/avatar\\\/d8f55e05a8b6597e45c55a1dcbdbfe44f4a360d88b48e00de5216a79b7732796?s=96&d=mm&r=g\",\"url\":\"https:\\\/\\\/secure.gravatar.com\\\/avatar\\\/d8f55e05a8b6597e45c55a1dcbdbfe44f4a360d88b48e00de5216a79b7732796?s=96&d=mm&r=g\",\"contentUrl\":\"https:\\\/\\\/secure.gravatar.com\\\/avatar\\\/d8f55e05a8b6597e45c55a1dcbdbfe44f4a360d88b48e00de5216a79b7732796?s=96&d=mm&r=g\",\"caption\":\"Redacci\u00f3n\"},\"url\":\"https:\\\/\\\/unaymilletras.com\\\/en\\\/author\\\/redaccion\\\/\"}]}<\/script>\n<!-- \/ Yoast SEO plugin. -->","yoast_head_json":{"title":"Jhayco llega a Espa\u00f1a con su \"Murci City Tour 25\"","description":"El 16 de marzo en Barcelona empezar\u00e1 la esperada gira de Jhayco y recorrer\u00e1 seis ciudades m\u00e1s del pa\u00eds, pasando por Madrid","robots":{"index":"index","follow":"follow","max-snippet":"max-snippet:-1","max-image-preview":"max-image-preview:large","max-video-preview":"max-video-preview:-1"},"canonical":"https:\/\/unaymilletras.com\/en\/jhayco-llega-a-espana-con-su-murci-city-tour-25\/","og_locale":"en_GB","og_type":"article","og_title":"Jhayco llega a Espa\u00f1a con su \"Murci City Tour 25\"","og_description":"El 16 de marzo en Barcelona empezar\u00e1 la esperada gira de Jhayco y recorrer\u00e1 seis ciudades m\u00e1s del pa\u00eds, pasando por Madrid","og_url":"https:\/\/unaymilletras.com\/en\/jhayco-llega-a-espana-con-su-murci-city-tour-25\/","og_site_name":"Una y Mil Letras","article_published_time":"2025-03-04T13:00:00+00:00","og_image":[{"width":400,"height":504,"url":"https:\/\/unaymilletras.com\/wp-content\/uploads\/2025\/03\/00-00089E6.jpg","type":"image\/jpeg"}],"author":"Redacci\u00f3n","twitter_card":"summary_large_image","twitter_creator":"@UnaYMilLetras","twitter_site":"@UnaYMilLetras","twitter_misc":{"Written by":"Redacci\u00f3n","Estimated reading time":"2 minutes"},"schema":{"@context":"https:\/\/schema.org","@graph":[{"@type":"Article","@id":"https:\/\/unaymilletras.com\/jhayco-llega-a-espana-con-su-murci-city-tour-25\/#article","isPartOf":{"@id":"https:\/\/unaymilletras.com\/jhayco-llega-a-espana-con-su-murci-city-tour-25\/"},"author":{"name":"Redacci\u00f3n","@id":"http:\/\/unaymilletras.com\/#\/schema\/person\/0860dc8a218329991ee2c7591f4f849d"},"headline":"Jhayco llega a Espa\u00f1a con su \u00abMurci City Tour 25\u00bb","datePublished":"2025-03-04T13:00:00+00:00","mainEntityOfPage":{"@id":"https:\/\/unaymilletras.com\/jhayco-llega-a-espana-con-su-murci-city-tour-25\/"},"wordCount":272,"publisher":{"@id":"http:\/\/unaymilletras.com\/#organization"},"image":{"@id":"https:\/\/unaymilletras.com\/jhayco-llega-a-espana-con-su-murci-city-tour-25\/#primaryimage"},"thumbnailUrl":"https:\/\/unaymilletras.com\/wp-content\/uploads\/2025\/03\/00-00089E6.jpg","articleSection":["M\u00fasica"],"inLanguage":"en-GB"},{"@type":"WebPage","@id":"https:\/\/unaymilletras.com\/jhayco-llega-a-espana-con-su-murci-city-tour-25\/","url":"https:\/\/unaymilletras.com\/jhayco-llega-a-espana-con-su-murci-city-tour-25\/","name":"Jhayco llega a Espa\u00f1a con su \"Murci City Tour 25\"","isPartOf":{"@id":"http:\/\/unaymilletras.com\/#website"},"primaryImageOfPage":{"@id":"https:\/\/unaymilletras.com\/jhayco-llega-a-espana-con-su-murci-city-tour-25\/#primaryimage"},"image":{"@id":"https:\/\/unaymilletras.com\/jhayco-llega-a-espana-con-su-murci-city-tour-25\/#primaryimage"},"thumbnailUrl":"https:\/\/unaymilletras.com\/wp-content\/uploads\/2025\/03\/00-00089E6.jpg","datePublished":"2025-03-04T13:00:00+00:00","description":"El 16 de marzo en Barcelona empezar\u00e1 la esperada gira de Jhayco y recorrer\u00e1 seis ciudades m\u00e1s del pa\u00eds, pasando por Madrid","breadcrumb":{"@id":"https:\/\/unaymilletras.com\/jhayco-llega-a-espana-con-su-murci-city-tour-25\/#breadcrumb"},"inLanguage":"en-GB","potentialAction":[{"@type":"ReadAction","target":["https:\/\/unaymilletras.com\/jhayco-llega-a-espana-con-su-murci-city-tour-25\/"]}]},{"@type":"ImageObject","inLanguage":"en-GB","@id":"https:\/\/unaymilletras.com\/jhayco-llega-a-espana-con-su-murci-city-tour-25\/#primaryimage","url":"https:\/\/unaymilletras.com\/wp-content\/uploads\/2025\/03\/00-00089E6.jpg","contentUrl":"https:\/\/unaymilletras.com\/wp-content\/uploads\/2025\/03\/00-00089E6.jpg","width":400,"height":504,"caption":"Jhayco"},{"@type":"BreadcrumbList","@id":"https:\/\/unaymilletras.com\/jhayco-llega-a-espana-con-su-murci-city-tour-25\/#breadcrumb","itemListElement":[{"@type":"ListItem","position":1,"name":"Home","item":"http:\/\/unaymilletras.com\/"},{"@type":"ListItem","position":2,"name":"Jhayco llega a Espa\u00f1a con su \u00abMurci City Tour 25\u00bb"}]},{"@type":"WebSite","@id":"http:\/\/unaymilletras.com\/#website","url":"http:\/\/unaymilletras.com\/","name":"Una y Mil Letras","description":"","publisher":{"@id":"http:\/\/unaymilletras.com\/#organization"},"potentialAction":[{"@type":"SearchAction","target":{"@type":"EntryPoint","urlTemplate":"http:\/\/unaymilletras.com\/?s={search_term_string}"},"query-input":{"@type":"PropertyValueSpecification","valueRequired":true,"valueName":"search_term_string"}}],"inLanguage":"en-GB"},{"@type":"Organization","@id":"http:\/\/unaymilletras.com\/#organization","name":"Una y Mil Letras","url":"http:\/\/unaymilletras.com\/","logo":{"@type":"ImageObject","inLanguage":"en-GB","@id":"http:\/\/unaymilletras.com\/#\/schema\/logo\/image\/","url":"https:\/\/unaymilletras.com\/wp-content\/uploads\/2024\/06\/cropped-Logo-removebg-preview.png","contentUrl":"https:\/\/unaymilletras.com\/wp-content\/uploads\/2024\/06\/cropped-Logo-removebg-preview.png","width":512,"height":512,"caption":"Una y Mil Letras"},"image":{"@id":"http:\/\/unaymilletras.com\/#\/schema\/logo\/image\/"},"sameAs":["https:\/\/x.com\/UnaYMilLetras","https:\/\/instagram.com\/UnaYMilLetras"]},{"@type":"Person","@id":"http:\/\/unaymilletras.com\/#\/schema\/person\/0860dc8a218329991ee2c7591f4f849d","name":"Redacci\u00f3n","image":{"@type":"ImageObject","inLanguage":"en-GB","@id":"https:\/\/secure.gravatar.com\/avatar\/d8f55e05a8b6597e45c55a1dcbdbfe44f4a360d88b48e00de5216a79b7732796?s=96&d=mm&r=g","url":"https:\/\/secure.gravatar.com\/avatar\/d8f55e05a8b6597e45c55a1dcbdbfe44f4a360d88b48e00de5216a79b7732796?s=96&d=mm&r=g","contentUrl":"https:\/\/secure.gravatar.com\/avatar\/d8f55e05a8b6597e45c55a1dcbdbfe44f4a360d88b48e00de5216a79b7732796?s=96&d=mm&r=g","caption":"Redacci\u00f3n"},"url":"https:\/\/unaymilletras.com\/en\/author\/redaccion\/"}]}},"_links":{"self":[{"href":"https:\/\/unaymilletras.com\/en\/wp-json\/wp\/v2\/posts\/3819","targetHints":{"allow":["GET"]}}],"collection":[{"href":"https:\/\/unaymilletras.com\/en\/wp-json\/wp\/v2\/posts"}],"about":[{"href":"https:\/\/unaymilletras.com\/en\/wp-json\/wp\/v2\/types\/post"}],"author":[{"embeddable":true,"href":"https:\/\/unaymilletras.com\/en\/wp-json\/wp\/v2\/users\/6"}],"replies":[{"embeddable":true,"href":"https:\/\/unaymilletras.com\/en\/wp-json\/wp\/v2\/comments?post=3819"}],"version-history":[{"count":5,"href":"https:\/\/unaymilletras.com\/en\/wp-json\/wp\/v2\/posts\/3819\/revisions"}],"predecessor-version":[{"id":3844,"href":"https:\/\/unaymilletras.com\/en\/wp-json\/wp\/v2\/posts\/3819\/revisions\/3844"}],"wp:featuredmedia":[{"embeddable":true,"href":"https:\/\/unaymilletras.com\/en\/wp-json\/wp\/v2\/media\/3821"}],"wp:attachment":[{"href":"https:\/\/unaymilletras.com\/en\/wp-json\/wp\/v2\/media?parent=3819"}],"wp:term":[{"taxonomy":"category","embeddable":true,"href":"https:\/\/unaymilletras.com\/en\/wp-json\/wp\/v2\/categories?post=3819"},{"taxonomy":"post_tag","embeddable":true,"href":"https:\/\/unaymilletras.com\/en\/wp-json\/wp\/v2\/tags?post=3819"}],"curies":[{"name":"wp","href":"https:\/\/api.w.org\/{rel}","templated":true}]}}