{"id":3830,"date":"2025-03-04T12:41:22","date_gmt":"2025-03-04T11:41:22","guid":{"rendered":"https:\/\/unaymilletras.com\/?p=3830"},"modified":"2025-03-04T12:44:10","modified_gmt":"2025-03-04T11:44:10","slug":"walls-presenta-su-mayor-concierto-hasta-la-fecha-en-el-movistar-arena-de-madrid","status":"publish","type":"post","link":"https:\/\/unaymilletras.com\/en\/walls-presenta-su-mayor-concierto-hasta-la-fecha-en-el-movistar-arena-de-madrid\/","title":{"rendered":"Walls presenta su mayor concierto hasta la fecha en el Movistar Arena de Madrid"},"content":{"rendered":"<div data-elementor-type=\"wp-post\" data-elementor-id=\"3830\" class=\"elementor elementor-3830\">\n\t\t\t\t\t\t<section class=\"elementor-section elementor-top-section elementor-element elementor-element-560ac13 elementor-section-boxed elementor-section-height-default elementor-section-height-default\" data-id=\"560ac13\" data-element_type=\"section\" data-e-type=\"section\">\n\t\t\t\t\t\t<div class=\"elementor-container elementor-column-gap-default\">\n\t\t\t\t\t<div class=\"elementor-column elementor-col-100 elementor-top-column elementor-element elementor-element-bb2be9a\" data-id=\"bb2be9a\" data-element_type=\"column\" data-e-type=\"column\">\n\t\t\t<div class=\"elementor-widget-wrap elementor-element-populated\">\n\t\t\t\t\t\t<div class=\"elementor-element elementor-element-2b74262 elementor-widget elementor-widget-text-editor\" data-id=\"2b74262\" data-element_type=\"widget\" data-e-type=\"widget\" data-widget_type=\"text-editor.default\">\n\t\t\t\t<div class=\"elementor-widget-container\">\n\t\t\t\t\t\t\t\t\t<h2 style=\"text-align: center;\"><span style=\"color: #808080;\"><em>Walls ha anunciado una de las actuaciones m\u00e1s importantes para su carrera: Movistar Arena, 21 de febrero de 2026<\/em><\/span><\/h2>\t\t\t\t\t\t\t\t<\/div>\n\t\t\t\t<\/div>\n\t\t\t\t\t<\/div>\n\t\t<\/div>\n\t\t\t\t\t<\/div>\n\t\t<\/section>\n\t\t\t\t<section class=\"elementor-section elementor-top-section elementor-element elementor-element-10a0feb3 elementor-section-boxed elementor-section-height-default elementor-section-height-default\" data-id=\"10a0feb3\" data-element_type=\"section\" data-e-type=\"section\">\n\t\t\t\t\t\t<div class=\"elementor-container elementor-column-gap-default\">\n\t\t\t\t\t<div class=\"elementor-column elementor-col-100 elementor-top-column elementor-element elementor-element-6fb4cd98\" data-id=\"6fb4cd98\" data-element_type=\"column\" data-e-type=\"column\">\n\t\t\t<div class=\"elementor-widget-wrap elementor-element-populated\">\n\t\t\t\t\t\t<div class=\"elementor-element elementor-element-475ec03c elementor-widget elementor-widget-text-editor\" data-id=\"475ec03c\" data-element_type=\"widget\" data-e-type=\"widget\" data-widget_type=\"text-editor.default\">\n\t\t\t\t<div class=\"elementor-widget-container\">\n\t\t\t\t\t\t\t\t\t<p>Desde su debut en 2022 con el \u00e1lbum <strong><em>Los Ni\u00f1os del Parque<\/em>,<\/strong> Walls ha ganado popularidad por su estilo que fusiona el pop con su esencia punk. En 2024 dio un nuevo paso con el \u00e1lbum <span style=\"color: #808080;\"><a style=\"color: #808080;\" href=\"https:\/\/unaymilletras.com\/en\/walls-actuara-en-madrid-con-todo-agotado\/\"><em><strong>Luna 18<\/strong><\/em><\/a><\/span>, un disco m\u00e1s personal que demostraba su madurez como artista que inclu\u00eda colaboraciones internacionales como con el productor argentino <strong>Ebay<\/strong> y la artista mexicana <strong>Bruses<\/strong>. Su sencillo <strong><em>Haz lo que quieras conmigo<\/em> <\/strong>se convirti\u00f3 en un fen\u00f3meno viral en poco tiempo, alcanzando el Top 30 en Spotify, el Top 20 en radio y obteniendo certificaci\u00f3n de Oro. Adem\u00e1s alcanz\u00f3 el n\u00famero uno en la lista oficial de ventas de vinilo.\u00a0<\/p>\n<p><!-- \/wp:embed --><\/p>\t\t\t\t\t\t\t\t<\/div>\n\t\t\t\t<\/div>\n\t\t\t\t\t<\/div>\n\t\t<\/div>\n\t\t\t\t\t<\/div>\n\t\t<\/section>\n\t\t\t\t<section class=\"elementor-section elementor-top-section elementor-element elementor-element-ced86d9 elementor-section-boxed elementor-section-height-default elementor-section-height-default\" data-id=\"ced86d9\" data-element_type=\"section\" data-e-type=\"section\">\n\t\t\t\t\t\t<div class=\"elementor-container elementor-column-gap-default\">\n\t\t\t\t\t<div class=\"elementor-column elementor-col-50 elementor-top-column elementor-element elementor-element-c5b44d3\" data-id=\"c5b44d3\" data-element_type=\"column\" data-e-type=\"column\">\n\t\t\t<div class=\"elementor-widget-wrap elementor-element-populated\">\n\t\t\t\t\t\t<div class=\"elementor-element elementor-element-3b6022e elementor-widget elementor-widget-image\" data-id=\"3b6022e\" data-element_type=\"widget\" data-e-type=\"widget\" data-widget_type=\"image.default\">\n\t\t\t\t<div class=\"elementor-widget-container\">\n\t\t\t\t\t\t\t\t\t\t\t\t\t\t\t<img fetchpriority=\"high\" decoding=\"async\" width=\"640\" height=\"905\" src=\"https:\/\/unaymilletras.com\/wp-content\/uploads\/2025\/03\/unnamed-724x1024.jpg\" class=\"attachment-large size-large wp-image-3833\" alt=\"Walls\" srcset=\"https:\/\/unaymilletras.com\/wp-content\/uploads\/2025\/03\/unnamed-724x1024.jpg 724w, https:\/\/unaymilletras.com\/wp-content\/uploads\/2025\/03\/unnamed-212x300.jpg 212w, https:\/\/unaymilletras.com\/wp-content\/uploads\/2025\/03\/unnamed-768x1086.jpg 768w, https:\/\/unaymilletras.com\/wp-content\/uploads\/2025\/03\/unnamed-8x12.jpg 8w, https:\/\/unaymilletras.com\/wp-content\/uploads\/2025\/03\/unnamed.jpg 842w\" sizes=\"(max-width: 640px) 100vw, 640px\" \/>\t\t\t\t\t\t\t\t\t\t\t\t\t\t\t<\/div>\n\t\t\t\t<\/div>\n\t\t\t\t\t<\/div>\n\t\t<\/div>\n\t\t\t\t<div class=\"elementor-column elementor-col-50 elementor-top-column elementor-element elementor-element-4939f9d\" data-id=\"4939f9d\" data-element_type=\"column\" data-e-type=\"column\">\n\t\t\t<div class=\"elementor-widget-wrap elementor-element-populated\">\n\t\t\t\t\t\t<div class=\"elementor-element elementor-element-010bc2d elementor-widget elementor-widget-text-editor\" data-id=\"010bc2d\" data-element_type=\"widget\" data-e-type=\"widget\" data-widget_type=\"text-editor.default\">\n\t\t\t\t<div class=\"elementor-widget-container\">\n\t\t\t\t\t\t\t\t\t<p>El artista ha trabajado con figuras como Waor, Hens, Alba Reche, Soge Culebra, Funzo &amp; Baby Loud, Despistaos, Bel\u00e9n Aguilera y Pol Granch, entre otros. Su trayectoria y evoluci\u00f3n musical as\u00ed como su autenticidad han sido suficientes para conseguir una nominaci\u00f3n en\u00a0<em>Los40 Music Awards<\/em>\u00a0en la categor\u00eda<em>\u00a0Del 40 al 1.\u00a0<\/em><\/p>\n<p>Las\u00a0<a href=\"https:\/\/www.livenation.es\/event\/walls-madrid-tickets-edp1571892\">entradas<\/a>\u00a0para el evento estar\u00e1n disponibles a partir del\u00a0<strong>jueves 6 de marzo\u00a0<\/strong>a las\u00a0<strong>10h\u00a0<\/strong>en<strong>\u00a0Livenation.es, Ticketmaster y El Corte Ingl\u00e9s.\u00a0<\/strong><\/p>\n<p><strong>La preventa\u00a0<\/strong>comenzar\u00e1 el<strong>\u00a0martes 4 de marzo a las 10h\u00a0<\/strong>para Live Nation-S.SMusic y el\u00a0<strong>mi\u00e9rcoles 5 de marzo a las 10h para Live Nation.\u00a0<\/strong><\/p>\t\t\t\t\t\t\t\t<\/div>\n\t\t\t\t<\/div>\n\t\t\t\t\t<\/div>\n\t\t<\/div>\n\t\t\t\t\t<\/div>\n\t\t<\/section>\n\t\t\t\t<section class=\"elementor-section elementor-top-section elementor-element elementor-element-508f725 elementor-section-boxed elementor-section-height-default elementor-section-height-default\" data-id=\"508f725\" data-element_type=\"section\" data-e-type=\"section\">\n\t\t\t\t\t\t<div class=\"elementor-container elementor-column-gap-default\">\n\t\t\t\t\t<div class=\"elementor-column elementor-col-100 elementor-top-column elementor-element elementor-element-82bacd9\" data-id=\"82bacd9\" data-element_type=\"column\" data-e-type=\"column\">\n\t\t\t<div class=\"elementor-widget-wrap elementor-element-populated\">\n\t\t\t\t\t\t<div class=\"elementor-element elementor-element-ea4039f elementor-widget elementor-widget-video\" data-id=\"ea4039f\" data-element_type=\"widget\" data-e-type=\"widget\" data-settings=\"{&quot;youtube_url&quot;:&quot;https:\\\/\\\/youtu.be\\\/m-rxTKqSl9g?si=Uc73ErpWwpe-bUkS&quot;,&quot;video_type&quot;:&quot;youtube&quot;,&quot;controls&quot;:&quot;yes&quot;}\" data-widget_type=\"video.default\">\n\t\t\t\t<div class=\"elementor-widget-container\">\n\t\t\t\t\t\t\t<div class=\"elementor-wrapper elementor-open-inline\">\n\t\t\t<div class=\"elementor-video\"><\/div>\t\t<\/div>\n\t\t\t\t\t\t<\/div>\n\t\t\t\t<\/div>\n\t\t\t\t\t<\/div>\n\t\t<\/div>\n\t\t\t\t\t<\/div>\n\t\t<\/section>\n\t\t\t\t<\/div>","protected":false},"excerpt":{"rendered":"<p>Walls ha anunciado una de las actuaciones m\u00e1s importantes para su carrera: Movistar Arena, 21 de febrero de 2026 Desde su debut en 2022 con el \u00e1lbum Los Ni\u00f1os del Parque, Walls ha ganado popularidad por su estilo que fusiona el pop con su esencia punk. En 2024 dio un nuevo paso con el \u00e1lbum [&hellip;]<\/p>\n","protected":false},"author":8,"featured_media":3833,"comment_status":"closed","ping_status":"closed","sticky":false,"template":"","format":"standard","meta":{"footnotes":""},"categories":[4],"tags":[],"class_list":["post-3830","post","type-post","status-publish","format-standard","has-post-thumbnail","hentry","category-musica"],"yoast_head":"<!-- This site is optimized with the Yoast SEO plugin v27.5 - https:\/\/yoast.com\/product\/yoast-seo-wordpress\/ -->\n<title>Walls presenta su mayor concierto hasta la fecha en el Movistar Arena de Madrid &#8902; Una y Mil Letras<\/title>\n<meta name=\"description\" content=\"Walls ha anunciado una de las actuaciones m\u00e1s importantes para su carrera: su concierto en el Movistar Arena el 21 de febrero de 2026\" \/>\n<meta name=\"robots\" content=\"index, follow, max-snippet:-1, max-image-preview:large, max-video-preview:-1\" \/>\n<link rel=\"canonical\" href=\"https:\/\/unaymilletras.com\/en\/walls-presenta-su-mayor-concierto-hasta-la-fecha-en-el-movistar-arena-de-madrid\/\" \/>\n<meta property=\"og:locale\" content=\"en_GB\" \/>\n<meta property=\"og:type\" content=\"article\" \/>\n<meta property=\"og:title\" content=\"Walls presenta su mayor concierto hasta la fecha en el Movistar Arena de Madrid &#8902; Una y Mil Letras\" \/>\n<meta property=\"og:description\" content=\"Walls ha anunciado una de las actuaciones m\u00e1s importantes para su carrera: su concierto en el Movistar Arena el 21 de febrero de 2026\" \/>\n<meta property=\"og:url\" content=\"https:\/\/unaymilletras.com\/en\/walls-presenta-su-mayor-concierto-hasta-la-fecha-en-el-movistar-arena-de-madrid\/\" \/>\n<meta property=\"og:site_name\" content=\"Una y Mil Letras\" \/>\n<meta property=\"article:published_time\" content=\"2025-03-04T11:41:22+00:00\" \/>\n<meta property=\"article:modified_time\" content=\"2025-03-04T11:44:10+00:00\" \/>\n<meta property=\"og:image\" content=\"http:\/\/unaymilletras.com\/wp-content\/uploads\/2025\/03\/unnamed.jpg\" \/>\n\t<meta property=\"og:image:width\" content=\"842\" \/>\n\t<meta property=\"og:image:height\" content=\"1191\" \/>\n\t<meta property=\"og:image:type\" content=\"image\/jpeg\" \/>\n<meta name=\"author\" content=\"Alvany Pereira\" \/>\n<meta name=\"twitter:card\" content=\"summary_large_image\" \/>\n<meta name=\"twitter:creator\" content=\"@UnaYMilLetras\" \/>\n<meta name=\"twitter:site\" content=\"@UnaYMilLetras\" \/>\n<meta name=\"twitter:label1\" content=\"Written by\" \/>\n\t<meta name=\"twitter:data1\" content=\"Alvany Pereira\" \/>\n\t<meta name=\"twitter:label2\" content=\"Estimated reading time\" \/>\n\t<meta name=\"twitter:data2\" content=\"2 minutes\" \/>\n<script type=\"application\/ld+json\" class=\"yoast-schema-graph\">{\"@context\":\"https:\\\/\\\/schema.org\",\"@graph\":[{\"@type\":\"Article\",\"@id\":\"https:\\\/\\\/unaymilletras.com\\\/walls-presenta-su-mayor-concierto-hasta-la-fecha-en-el-movistar-arena-de-madrid\\\/#article\",\"isPartOf\":{\"@id\":\"https:\\\/\\\/unaymilletras.com\\\/walls-presenta-su-mayor-concierto-hasta-la-fecha-en-el-movistar-arena-de-madrid\\\/\"},\"author\":{\"name\":\"Alvany Pereira\",\"@id\":\"http:\\\/\\\/unaymilletras.com\\\/#\\\/schema\\\/person\\\/f9792b0b93704f9d3f6cef46c2048d7d\"},\"headline\":\"Walls presenta su mayor concierto hasta la fecha en el Movistar Arena de Madrid\",\"datePublished\":\"2025-03-04T11:41:22+00:00\",\"dateModified\":\"2025-03-04T11:44:10+00:00\",\"mainEntityOfPage\":{\"@id\":\"https:\\\/\\\/unaymilletras.com\\\/walls-presenta-su-mayor-concierto-hasta-la-fecha-en-el-movistar-arena-de-madrid\\\/\"},\"wordCount\":256,\"publisher\":{\"@id\":\"http:\\\/\\\/unaymilletras.com\\\/#organization\"},\"image\":{\"@id\":\"https:\\\/\\\/unaymilletras.com\\\/walls-presenta-su-mayor-concierto-hasta-la-fecha-en-el-movistar-arena-de-madrid\\\/#primaryimage\"},\"thumbnailUrl\":\"https:\\\/\\\/unaymilletras.com\\\/wp-content\\\/uploads\\\/2025\\\/03\\\/unnamed.jpg\",\"articleSection\":[\"M\u00fasica\"],\"inLanguage\":\"en-GB\"},{\"@type\":\"WebPage\",\"@id\":\"https:\\\/\\\/unaymilletras.com\\\/walls-presenta-su-mayor-concierto-hasta-la-fecha-en-el-movistar-arena-de-madrid\\\/\",\"url\":\"https:\\\/\\\/unaymilletras.com\\\/walls-presenta-su-mayor-concierto-hasta-la-fecha-en-el-movistar-arena-de-madrid\\\/\",\"name\":\"Walls presenta su mayor concierto hasta la fecha en el Movistar Arena de Madrid &#8902; Una y Mil Letras\",\"isPartOf\":{\"@id\":\"http:\\\/\\\/unaymilletras.com\\\/#website\"},\"primaryImageOfPage\":{\"@id\":\"https:\\\/\\\/unaymilletras.com\\\/walls-presenta-su-mayor-concierto-hasta-la-fecha-en-el-movistar-arena-de-madrid\\\/#primaryimage\"},\"image\":{\"@id\":\"https:\\\/\\\/unaymilletras.com\\\/walls-presenta-su-mayor-concierto-hasta-la-fecha-en-el-movistar-arena-de-madrid\\\/#primaryimage\"},\"thumbnailUrl\":\"https:\\\/\\\/unaymilletras.com\\\/wp-content\\\/uploads\\\/2025\\\/03\\\/unnamed.jpg\",\"datePublished\":\"2025-03-04T11:41:22+00:00\",\"dateModified\":\"2025-03-04T11:44:10+00:00\",\"description\":\"Walls ha anunciado una de las actuaciones m\u00e1s importantes para su carrera: su concierto en el Movistar Arena el 21 de febrero de 2026\",\"breadcrumb\":{\"@id\":\"https:\\\/\\\/unaymilletras.com\\\/walls-presenta-su-mayor-concierto-hasta-la-fecha-en-el-movistar-arena-de-madrid\\\/#breadcrumb\"},\"inLanguage\":\"en-GB\",\"potentialAction\":[{\"@type\":\"ReadAction\",\"target\":[\"https:\\\/\\\/unaymilletras.com\\\/walls-presenta-su-mayor-concierto-hasta-la-fecha-en-el-movistar-arena-de-madrid\\\/\"]}]},{\"@type\":\"ImageObject\",\"inLanguage\":\"en-GB\",\"@id\":\"https:\\\/\\\/unaymilletras.com\\\/walls-presenta-su-mayor-concierto-hasta-la-fecha-en-el-movistar-arena-de-madrid\\\/#primaryimage\",\"url\":\"https:\\\/\\\/unaymilletras.com\\\/wp-content\\\/uploads\\\/2025\\\/03\\\/unnamed.jpg\",\"contentUrl\":\"https:\\\/\\\/unaymilletras.com\\\/wp-content\\\/uploads\\\/2025\\\/03\\\/unnamed.jpg\",\"width\":842,\"height\":1191,\"caption\":\"Walls\"},{\"@type\":\"BreadcrumbList\",\"@id\":\"https:\\\/\\\/unaymilletras.com\\\/walls-presenta-su-mayor-concierto-hasta-la-fecha-en-el-movistar-arena-de-madrid\\\/#breadcrumb\",\"itemListElement\":[{\"@type\":\"ListItem\",\"position\":1,\"name\":\"Home\",\"item\":\"http:\\\/\\\/unaymilletras.com\\\/\"},{\"@type\":\"ListItem\",\"position\":2,\"name\":\"Walls presenta su mayor concierto hasta la fecha en el Movistar Arena de Madrid\"}]},{\"@type\":\"WebSite\",\"@id\":\"http:\\\/\\\/unaymilletras.com\\\/#website\",\"url\":\"http:\\\/\\\/unaymilletras.com\\\/\",\"name\":\"Una y Mil Letras\",\"description\":\"\",\"publisher\":{\"@id\":\"http:\\\/\\\/unaymilletras.com\\\/#organization\"},\"potentialAction\":[{\"@type\":\"SearchAction\",\"target\":{\"@type\":\"EntryPoint\",\"urlTemplate\":\"http:\\\/\\\/unaymilletras.com\\\/?s={search_term_string}\"},\"query-input\":{\"@type\":\"PropertyValueSpecification\",\"valueRequired\":true,\"valueName\":\"search_term_string\"}}],\"inLanguage\":\"en-GB\"},{\"@type\":\"Organization\",\"@id\":\"http:\\\/\\\/unaymilletras.com\\\/#organization\",\"name\":\"Una y Mil Letras\",\"url\":\"http:\\\/\\\/unaymilletras.com\\\/\",\"logo\":{\"@type\":\"ImageObject\",\"inLanguage\":\"en-GB\",\"@id\":\"http:\\\/\\\/unaymilletras.com\\\/#\\\/schema\\\/logo\\\/image\\\/\",\"url\":\"https:\\\/\\\/unaymilletras.com\\\/wp-content\\\/uploads\\\/2024\\\/06\\\/cropped-Logo-removebg-preview.png\",\"contentUrl\":\"https:\\\/\\\/unaymilletras.com\\\/wp-content\\\/uploads\\\/2024\\\/06\\\/cropped-Logo-removebg-preview.png\",\"width\":512,\"height\":512,\"caption\":\"Una y Mil Letras\"},\"image\":{\"@id\":\"http:\\\/\\\/unaymilletras.com\\\/#\\\/schema\\\/logo\\\/image\\\/\"},\"sameAs\":[\"https:\\\/\\\/x.com\\\/UnaYMilLetras\",\"https:\\\/\\\/instagram.com\\\/UnaYMilLetras\"]},{\"@type\":\"Person\",\"@id\":\"http:\\\/\\\/unaymilletras.com\\\/#\\\/schema\\\/person\\\/f9792b0b93704f9d3f6cef46c2048d7d\",\"name\":\"Alvany Pereira\",\"image\":{\"@type\":\"ImageObject\",\"inLanguage\":\"en-GB\",\"@id\":\"https:\\\/\\\/secure.gravatar.com\\\/avatar\\\/1a5fbcc81714220624d70f391a6187cd1434ccfcb154238afd238d6b8bb7f593?s=96&d=mm&r=g\",\"url\":\"https:\\\/\\\/secure.gravatar.com\\\/avatar\\\/1a5fbcc81714220624d70f391a6187cd1434ccfcb154238afd238d6b8bb7f593?s=96&d=mm&r=g\",\"contentUrl\":\"https:\\\/\\\/secure.gravatar.com\\\/avatar\\\/1a5fbcc81714220624d70f391a6187cd1434ccfcb154238afd238d6b8bb7f593?s=96&d=mm&r=g\",\"caption\":\"Alvany Pereira\"},\"url\":\"https:\\\/\\\/unaymilletras.com\\\/en\\\/author\\\/alvanysophia\\\/\"}]}<\/script>\n<!-- \/ Yoast SEO plugin. -->","yoast_head_json":{"title":"Walls presenta su mayor concierto hasta la fecha en el Movistar Arena de Madrid &#8902; Una y Mil Letras","description":"Walls ha anunciado una de las actuaciones m\u00e1s importantes para su carrera: su concierto en el Movistar Arena el 21 de febrero de 2026","robots":{"index":"index","follow":"follow","max-snippet":"max-snippet:-1","max-image-preview":"max-image-preview:large","max-video-preview":"max-video-preview:-1"},"canonical":"https:\/\/unaymilletras.com\/en\/walls-presenta-su-mayor-concierto-hasta-la-fecha-en-el-movistar-arena-de-madrid\/","og_locale":"en_GB","og_type":"article","og_title":"Walls presenta su mayor concierto hasta la fecha en el Movistar Arena de Madrid &#8902; Una y Mil Letras","og_description":"Walls ha anunciado una de las actuaciones m\u00e1s importantes para su carrera: su concierto en el Movistar Arena el 21 de febrero de 2026","og_url":"https:\/\/unaymilletras.com\/en\/walls-presenta-su-mayor-concierto-hasta-la-fecha-en-el-movistar-arena-de-madrid\/","og_site_name":"Una y Mil Letras","article_published_time":"2025-03-04T11:41:22+00:00","article_modified_time":"2025-03-04T11:44:10+00:00","og_image":[{"width":842,"height":1191,"url":"http:\/\/unaymilletras.com\/wp-content\/uploads\/2025\/03\/unnamed.jpg","type":"image\/jpeg"}],"author":"Alvany Pereira","twitter_card":"summary_large_image","twitter_creator":"@UnaYMilLetras","twitter_site":"@UnaYMilLetras","twitter_misc":{"Written by":"Alvany Pereira","Estimated reading time":"2 minutes"},"schema":{"@context":"https:\/\/schema.org","@graph":[{"@type":"Article","@id":"https:\/\/unaymilletras.com\/walls-presenta-su-mayor-concierto-hasta-la-fecha-en-el-movistar-arena-de-madrid\/#article","isPartOf":{"@id":"https:\/\/unaymilletras.com\/walls-presenta-su-mayor-concierto-hasta-la-fecha-en-el-movistar-arena-de-madrid\/"},"author":{"name":"Alvany Pereira","@id":"http:\/\/unaymilletras.com\/#\/schema\/person\/f9792b0b93704f9d3f6cef46c2048d7d"},"headline":"Walls presenta su mayor concierto hasta la fecha en el Movistar Arena de Madrid","datePublished":"2025-03-04T11:41:22+00:00","dateModified":"2025-03-04T11:44:10+00:00","mainEntityOfPage":{"@id":"https:\/\/unaymilletras.com\/walls-presenta-su-mayor-concierto-hasta-la-fecha-en-el-movistar-arena-de-madrid\/"},"wordCount":256,"publisher":{"@id":"http:\/\/unaymilletras.com\/#organization"},"image":{"@id":"https:\/\/unaymilletras.com\/walls-presenta-su-mayor-concierto-hasta-la-fecha-en-el-movistar-arena-de-madrid\/#primaryimage"},"thumbnailUrl":"https:\/\/unaymilletras.com\/wp-content\/uploads\/2025\/03\/unnamed.jpg","articleSection":["M\u00fasica"],"inLanguage":"en-GB"},{"@type":"WebPage","@id":"https:\/\/unaymilletras.com\/walls-presenta-su-mayor-concierto-hasta-la-fecha-en-el-movistar-arena-de-madrid\/","url":"https:\/\/unaymilletras.com\/walls-presenta-su-mayor-concierto-hasta-la-fecha-en-el-movistar-arena-de-madrid\/","name":"Walls presenta su mayor concierto hasta la fecha en el Movistar Arena de Madrid &#8902; Una y Mil Letras","isPartOf":{"@id":"http:\/\/unaymilletras.com\/#website"},"primaryImageOfPage":{"@id":"https:\/\/unaymilletras.com\/walls-presenta-su-mayor-concierto-hasta-la-fecha-en-el-movistar-arena-de-madrid\/#primaryimage"},"image":{"@id":"https:\/\/unaymilletras.com\/walls-presenta-su-mayor-concierto-hasta-la-fecha-en-el-movistar-arena-de-madrid\/#primaryimage"},"thumbnailUrl":"https:\/\/unaymilletras.com\/wp-content\/uploads\/2025\/03\/unnamed.jpg","datePublished":"2025-03-04T11:41:22+00:00","dateModified":"2025-03-04T11:44:10+00:00","description":"Walls ha anunciado una de las actuaciones m\u00e1s importantes para su carrera: su concierto en el Movistar Arena el 21 de febrero de 2026","breadcrumb":{"@id":"https:\/\/unaymilletras.com\/walls-presenta-su-mayor-concierto-hasta-la-fecha-en-el-movistar-arena-de-madrid\/#breadcrumb"},"inLanguage":"en-GB","potentialAction":[{"@type":"ReadAction","target":["https:\/\/unaymilletras.com\/walls-presenta-su-mayor-concierto-hasta-la-fecha-en-el-movistar-arena-de-madrid\/"]}]},{"@type":"ImageObject","inLanguage":"en-GB","@id":"https:\/\/unaymilletras.com\/walls-presenta-su-mayor-concierto-hasta-la-fecha-en-el-movistar-arena-de-madrid\/#primaryimage","url":"https:\/\/unaymilletras.com\/wp-content\/uploads\/2025\/03\/unnamed.jpg","contentUrl":"https:\/\/unaymilletras.com\/wp-content\/uploads\/2025\/03\/unnamed.jpg","width":842,"height":1191,"caption":"Walls"},{"@type":"BreadcrumbList","@id":"https:\/\/unaymilletras.com\/walls-presenta-su-mayor-concierto-hasta-la-fecha-en-el-movistar-arena-de-madrid\/#breadcrumb","itemListElement":[{"@type":"ListItem","position":1,"name":"Home","item":"http:\/\/unaymilletras.com\/"},{"@type":"ListItem","position":2,"name":"Walls presenta su mayor concierto hasta la fecha en el Movistar Arena de Madrid"}]},{"@type":"WebSite","@id":"http:\/\/unaymilletras.com\/#website","url":"http:\/\/unaymilletras.com\/","name":"Una y Mil Letras","description":"","publisher":{"@id":"http:\/\/unaymilletras.com\/#organization"},"potentialAction":[{"@type":"SearchAction","target":{"@type":"EntryPoint","urlTemplate":"http:\/\/unaymilletras.com\/?s={search_term_string}"},"query-input":{"@type":"PropertyValueSpecification","valueRequired":true,"valueName":"search_term_string"}}],"inLanguage":"en-GB"},{"@type":"Organization","@id":"http:\/\/unaymilletras.com\/#organization","name":"Una y Mil Letras","url":"http:\/\/unaymilletras.com\/","logo":{"@type":"ImageObject","inLanguage":"en-GB","@id":"http:\/\/unaymilletras.com\/#\/schema\/logo\/image\/","url":"https:\/\/unaymilletras.com\/wp-content\/uploads\/2024\/06\/cropped-Logo-removebg-preview.png","contentUrl":"https:\/\/unaymilletras.com\/wp-content\/uploads\/2024\/06\/cropped-Logo-removebg-preview.png","width":512,"height":512,"caption":"Una y Mil Letras"},"image":{"@id":"http:\/\/unaymilletras.com\/#\/schema\/logo\/image\/"},"sameAs":["https:\/\/x.com\/UnaYMilLetras","https:\/\/instagram.com\/UnaYMilLetras"]},{"@type":"Person","@id":"http:\/\/unaymilletras.com\/#\/schema\/person\/f9792b0b93704f9d3f6cef46c2048d7d","name":"Alvany Pereira","image":{"@type":"ImageObject","inLanguage":"en-GB","@id":"https:\/\/secure.gravatar.com\/avatar\/1a5fbcc81714220624d70f391a6187cd1434ccfcb154238afd238d6b8bb7f593?s=96&d=mm&r=g","url":"https:\/\/secure.gravatar.com\/avatar\/1a5fbcc81714220624d70f391a6187cd1434ccfcb154238afd238d6b8bb7f593?s=96&d=mm&r=g","contentUrl":"https:\/\/secure.gravatar.com\/avatar\/1a5fbcc81714220624d70f391a6187cd1434ccfcb154238afd238d6b8bb7f593?s=96&d=mm&r=g","caption":"Alvany Pereira"},"url":"https:\/\/unaymilletras.com\/en\/author\/alvanysophia\/"}]}},"_links":{"self":[{"href":"https:\/\/unaymilletras.com\/en\/wp-json\/wp\/v2\/posts\/3830","targetHints":{"allow":["GET"]}}],"collection":[{"href":"https:\/\/unaymilletras.com\/en\/wp-json\/wp\/v2\/posts"}],"about":[{"href":"https:\/\/unaymilletras.com\/en\/wp-json\/wp\/v2\/types\/post"}],"author":[{"embeddable":true,"href":"https:\/\/unaymilletras.com\/en\/wp-json\/wp\/v2\/users\/8"}],"replies":[{"embeddable":true,"href":"https:\/\/unaymilletras.com\/en\/wp-json\/wp\/v2\/comments?post=3830"}],"version-history":[{"count":12,"href":"https:\/\/unaymilletras.com\/en\/wp-json\/wp\/v2\/posts\/3830\/revisions"}],"predecessor-version":[{"id":3843,"href":"https:\/\/unaymilletras.com\/en\/wp-json\/wp\/v2\/posts\/3830\/revisions\/3843"}],"wp:featuredmedia":[{"embeddable":true,"href":"https:\/\/unaymilletras.com\/en\/wp-json\/wp\/v2\/media\/3833"}],"wp:attachment":[{"href":"https:\/\/unaymilletras.com\/en\/wp-json\/wp\/v2\/media?parent=3830"}],"wp:term":[{"taxonomy":"category","embeddable":true,"href":"https:\/\/unaymilletras.com\/en\/wp-json\/wp\/v2\/categories?post=3830"},{"taxonomy":"post_tag","embeddable":true,"href":"https:\/\/unaymilletras.com\/en\/wp-json\/wp\/v2\/tags?post=3830"}],"curies":[{"name":"wp","href":"https:\/\/api.w.org\/{rel}","templated":true}]}}