{"id":3845,"date":"2025-03-04T15:02:37","date_gmt":"2025-03-04T14:02:37","guid":{"rendered":"https:\/\/unaymilletras.com\/?p=3845"},"modified":"2025-03-04T15:08:01","modified_gmt":"2025-03-04T14:08:01","slug":"paul-thin-estren-no-es-la-mia-el-segundo-adelanto-de-su-album","status":"publish","type":"post","link":"https:\/\/unaymilletras.com\/en\/paul-thin-estren-no-es-la-mia-el-segundo-adelanto-de-su-album\/","title":{"rendered":"Paul Thin estren \u00abNo Es La M\u00eda\u00bb, el segundo adelanto de su \u00e1lbum"},"content":{"rendered":"<div data-elementor-type=\"wp-post\" data-elementor-id=\"3845\" class=\"elementor elementor-3845\">\n\t\t\t\t\t\t<section class=\"elementor-section elementor-top-section elementor-element elementor-element-0612fca elementor-section-boxed elementor-section-height-default elementor-section-height-default\" data-id=\"0612fca\" data-element_type=\"section\" data-e-type=\"section\">\n\t\t\t\t\t\t<div class=\"elementor-container elementor-column-gap-default\">\n\t\t\t\t\t<div class=\"elementor-column elementor-col-100 elementor-top-column elementor-element elementor-element-e661c97\" data-id=\"e661c97\" data-element_type=\"column\" data-e-type=\"column\">\n\t\t\t<div class=\"elementor-widget-wrap elementor-element-populated\">\n\t\t\t\t\t\t<div class=\"elementor-element elementor-element-fe4eee9 elementor-widget elementor-widget-text-editor\" data-id=\"fe4eee9\" data-element_type=\"widget\" data-e-type=\"widget\" data-widget_type=\"text-editor.default\">\n\t\t\t\t<div class=\"elementor-widget-container\">\n\t\t\t\t\t\t\t\t\t<h2 style=\"text-align: center;\"><span style=\"color: #808080;\"><em>Paul Thin presenta un afrobeat pegadizo que forma parte de su primer \u00e1lbum, un proyecto conceptual y experimental<\/em><\/span><\/h2>\t\t\t\t\t\t\t\t<\/div>\n\t\t\t\t<\/div>\n\t\t\t\t\t<\/div>\n\t\t<\/div>\n\t\t\t\t\t<\/div>\n\t\t<\/section>\n\t\t\t\t<section class=\"elementor-section elementor-top-section elementor-element elementor-element-c93554a elementor-section-boxed elementor-section-height-default elementor-section-height-default\" data-id=\"c93554a\" data-element_type=\"section\" data-e-type=\"section\">\n\t\t\t\t\t\t<div class=\"elementor-container elementor-column-gap-default\">\n\t\t\t\t\t<div class=\"elementor-column elementor-col-100 elementor-top-column elementor-element elementor-element-e990439\" data-id=\"e990439\" data-element_type=\"column\" data-e-type=\"column\">\n\t\t\t<div class=\"elementor-widget-wrap elementor-element-populated\">\n\t\t\t\t\t\t<div class=\"elementor-element elementor-element-5f21501 elementor-widget elementor-widget-text-editor\" data-id=\"5f21501\" data-element_type=\"widget\" data-e-type=\"widget\" data-widget_type=\"text-editor.default\">\n\t\t\t\t<div class=\"elementor-widget-container\">\n\t\t\t\t\t\t\t\t\t<p data-start=\"227\" data-end=\"531\">Paul Thin sigue marcando el ritmo de su evoluci\u00f3n art\u00edstica y presenta <strong data-start=\"298\" data-end=\"316\"><i>No Es La M\u00eda<\/i><\/strong>, el segundo adelanto de su esperado \u00e1lbum <strong data-start=\"359\" data-end=\"371\"><i>Reboot<\/i><\/strong>, que ver\u00e1 la luz muy pronto. La canci\u00f3n, con una base de <strong data-start=\"429\" data-end=\"447\">afrobeat y pop<\/strong>, habla de la soledad y la nostalgia, atrapando al oyente desde el primer momento.<\/p>\n<p data-start=\"533\" data-end=\"821\">Tras experimentar con el trap en <strong data-start=\"566\" data-end=\"579\"><i>V\u00e9rtigo<\/i><\/strong>, su primer adelanto, Paul demuestra su versatilidad al jugar con nuevos g\u00e9neros y sonidos. <strong data-start=\"671\" data-end=\"683\"><i>Reboot<\/i><\/strong>&nbsp;ser\u00e1 su consolidaci\u00f3n definitiva, un trabajo conceptual que mezcla narrativa y exploraci\u00f3n sonora en un viaje inmersivo para el oyente.<\/p>\t\t\t\t\t\t\t\t<\/div>\n\t\t\t\t<\/div>\n\t\t\t\t\t<\/div>\n\t\t<\/div>\n\t\t\t\t\t<\/div>\n\t\t<\/section>\n\t\t\t\t<section class=\"elementor-section elementor-top-section elementor-element elementor-element-39e471b elementor-section-boxed elementor-section-height-default elementor-section-height-default\" data-id=\"39e471b\" data-element_type=\"section\" data-e-type=\"section\">\n\t\t\t\t\t\t<div class=\"elementor-container elementor-column-gap-default\">\n\t\t\t\t\t<div class=\"elementor-column elementor-col-100 elementor-top-column elementor-element elementor-element-380706b\" data-id=\"380706b\" data-element_type=\"column\" data-e-type=\"column\">\n\t\t\t<div class=\"elementor-widget-wrap elementor-element-populated\">\n\t\t\t\t\t\t<div class=\"elementor-element elementor-element-e1a3541 elementor-widget elementor-widget-image\" data-id=\"e1a3541\" data-element_type=\"widget\" data-e-type=\"widget\" data-widget_type=\"image.default\">\n\t\t\t\t<div class=\"elementor-widget-container\">\n\t\t\t\t\t\t\t\t\t\t\t\t\t\t\t<img fetchpriority=\"high\" decoding=\"async\" width=\"640\" height=\"360\" src=\"https:\/\/unaymilletras.com\/wp-content\/uploads\/2025\/03\/w660_1226524_captura-paul-vevo.jpg\" class=\"attachment-large size-large wp-image-3847\" alt=\"Paul Thin\" srcset=\"https:\/\/unaymilletras.com\/wp-content\/uploads\/2025\/03\/w660_1226524_captura-paul-vevo.jpg 660w, https:\/\/unaymilletras.com\/wp-content\/uploads\/2025\/03\/w660_1226524_captura-paul-vevo-300x169.jpg 300w, https:\/\/unaymilletras.com\/wp-content\/uploads\/2025\/03\/w660_1226524_captura-paul-vevo-18x10.jpg 18w\" sizes=\"(max-width: 640px) 100vw, 640px\" \/>\t\t\t\t\t\t\t\t\t\t\t\t\t\t\t<\/div>\n\t\t\t\t<\/div>\n\t\t\t\t\t<\/div>\n\t\t<\/div>\n\t\t\t\t\t<\/div>\n\t\t<\/section>\n\t\t\t\t<section class=\"elementor-section elementor-top-section elementor-element elementor-element-e08081e elementor-section-boxed elementor-section-height-default elementor-section-height-default\" data-id=\"e08081e\" data-element_type=\"section\" data-e-type=\"section\">\n\t\t\t\t\t\t<div class=\"elementor-container elementor-column-gap-default\">\n\t\t\t\t\t<div class=\"elementor-column elementor-col-100 elementor-top-column elementor-element elementor-element-e7efead\" data-id=\"e7efead\" data-element_type=\"column\" data-e-type=\"column\">\n\t\t\t<div class=\"elementor-widget-wrap elementor-element-populated\">\n\t\t\t\t\t\t<div class=\"elementor-element elementor-element-74f2155 elementor-widget elementor-widget-text-editor\" data-id=\"74f2155\" data-element_type=\"widget\" data-e-type=\"widget\" data-widget_type=\"text-editor.default\">\n\t\t\t\t<div class=\"elementor-widget-container\">\n\t\t\t\t\t\t\t\t\t<p data-start=\"823\" data-end=\"1108\">\u00abQuise reflejar ese cambio no solo en las letras, sino tambi\u00e9n en la estructura del \u00e1lbum\u00bb, explica Paul Thin. \u00abAunque el concepto gira en torno a la idea de un reinicio y la transformaci\u00f3n en lo que parece ser un robot, sigue siendo un trabajo muy personal e introspectivo\u00bb.<\/p><p data-start=\"1110\" data-end=\"1440\">El lanzamiento viene acompa\u00f1ado de un videoclip innovador, una pieza visual dise\u00f1ada con tecnolog\u00eda avanzada en colaboraci\u00f3n con <strong data-start=\"1239\" data-end=\"1266\">Take A Nap y Groove STD<\/strong>. Utilizando efectos visuales (VFX), la producci\u00f3n transporta al espectador a un universo futurista, fusionando creatividad y tecnolog\u00eda para ofrecer una experiencia \u00fanica.<\/p><p data-start=\"1442\" data-end=\"1735\">Adem\u00e1s, Paul Thin volver\u00e1 a los escenarios con un show renovado tras su primera gira en solitario, el <span style=\"color: #808080;\"><a style=\"color: #808080;\" href=\"https:\/\/unaymilletras.com\/en\/paul-thin-debuta-en-solitario-en-el-concert-music-festival\/\"><strong data-start=\"1544\" data-end=\"1565\"><i>SPAWNPOINT TOUR<\/i><\/strong><\/a><\/span>. La nueva gira comenzar\u00e1 el <strong data-start=\"1594\" data-end=\"1619\">13 de marzo en Madrid<\/strong> y recorrer\u00e1 varias ciudades de Espa\u00f1a, con un repertorio que incluir\u00e1 temas como <strong data-start=\"1701\" data-end=\"1732\"><em>Alondra<\/em>, <em>D\u00f3nde<\/em> y <em>Lola<\/em><\/strong>.<\/p>\t\t\t\t\t\t\t\t<\/div>\n\t\t\t\t<\/div>\n\t\t\t\t\t<\/div>\n\t\t<\/div>\n\t\t\t\t\t<\/div>\n\t\t<\/section>\n\t\t\t\t<\/div>","protected":false},"excerpt":{"rendered":"<p>Paul Thin presenta un afrobeat pegadizo que forma parte de su primer \u00e1lbum, un proyecto conceptual y experimental Paul Thin sigue marcando el ritmo de su evoluci\u00f3n art\u00edstica y presenta No Es La M\u00eda, el segundo adelanto de su esperado \u00e1lbum Reboot, que ver\u00e1 la luz muy pronto. La canci\u00f3n, con una base de afrobeat [&hellip;]<\/p>\n","protected":false},"author":6,"featured_media":3847,"comment_status":"closed","ping_status":"closed","sticky":false,"template":"","format":"standard","meta":{"footnotes":""},"categories":[4],"tags":[],"class_list":["post-3845","post","type-post","status-publish","format-standard","has-post-thumbnail","hentry","category-musica"],"yoast_head":"<!-- This site is optimized with the Yoast SEO plugin v27.4 - https:\/\/yoast.com\/product\/yoast-seo-wordpress\/ -->\n<title>Paul Thin estren &quot;No Es La M\u00eda&quot;, el segundo adelanto de su \u00e1lbum<\/title>\n<meta name=\"description\" content=\"El artista granadino Paul Thin presenta un afrobeat pegadizo que forma parte de su primer \u00e1lbum, un proyecto conceptual y experimental\" \/>\n<meta name=\"robots\" content=\"index, follow, max-snippet:-1, max-image-preview:large, max-video-preview:-1\" \/>\n<link rel=\"canonical\" href=\"https:\/\/unaymilletras.com\/en\/paul-thin-estren-no-es-la-mia-el-segundo-adelanto-de-su-album\/\" \/>\n<meta property=\"og:locale\" content=\"en_GB\" \/>\n<meta property=\"og:type\" content=\"article\" \/>\n<meta property=\"og:title\" content=\"Paul Thin estren &quot;No Es La M\u00eda&quot;, el segundo adelanto de su \u00e1lbum\" \/>\n<meta property=\"og:description\" content=\"El artista granadino Paul Thin presenta un afrobeat pegadizo que forma parte de su primer \u00e1lbum, un proyecto conceptual y experimental\" \/>\n<meta property=\"og:url\" content=\"https:\/\/unaymilletras.com\/en\/paul-thin-estren-no-es-la-mia-el-segundo-adelanto-de-su-album\/\" \/>\n<meta property=\"og:site_name\" content=\"Una y Mil Letras\" \/>\n<meta property=\"article:published_time\" content=\"2025-03-04T14:02:37+00:00\" \/>\n<meta property=\"article:modified_time\" content=\"2025-03-04T14:08:01+00:00\" \/>\n<meta property=\"og:image\" content=\"http:\/\/unaymilletras.com\/wp-content\/uploads\/2025\/03\/w660_1226524_captura-paul-vevo.jpg\" \/>\n\t<meta property=\"og:image:width\" content=\"660\" \/>\n\t<meta property=\"og:image:height\" content=\"371\" \/>\n\t<meta property=\"og:image:type\" content=\"image\/jpeg\" \/>\n<meta name=\"author\" content=\"Redacci\u00f3n\" \/>\n<meta name=\"twitter:card\" content=\"summary_large_image\" \/>\n<meta name=\"twitter:creator\" content=\"@UnaYMilLetras\" \/>\n<meta name=\"twitter:site\" content=\"@UnaYMilLetras\" \/>\n<meta name=\"twitter:label1\" content=\"Written by\" \/>\n\t<meta name=\"twitter:data1\" content=\"Redacci\u00f3n\" \/>\n\t<meta name=\"twitter:label2\" content=\"Estimated reading time\" \/>\n\t<meta name=\"twitter:data2\" content=\"2 minutes\" \/>\n<script type=\"application\/ld+json\" class=\"yoast-schema-graph\">{\"@context\":\"https:\\\/\\\/schema.org\",\"@graph\":[{\"@type\":\"Article\",\"@id\":\"https:\\\/\\\/unaymilletras.com\\\/paul-thin-estren-no-es-la-mia-el-segundo-adelanto-de-su-album\\\/#article\",\"isPartOf\":{\"@id\":\"https:\\\/\\\/unaymilletras.com\\\/paul-thin-estren-no-es-la-mia-el-segundo-adelanto-de-su-album\\\/\"},\"author\":{\"name\":\"Redacci\u00f3n\",\"@id\":\"http:\\\/\\\/unaymilletras.com\\\/#\\\/schema\\\/person\\\/0860dc8a218329991ee2c7591f4f849d\"},\"headline\":\"Paul Thin estren \u00abNo Es La M\u00eda\u00bb, el segundo adelanto de su \u00e1lbum\",\"datePublished\":\"2025-03-04T14:02:37+00:00\",\"dateModified\":\"2025-03-04T14:08:01+00:00\",\"mainEntityOfPage\":{\"@id\":\"https:\\\/\\\/unaymilletras.com\\\/paul-thin-estren-no-es-la-mia-el-segundo-adelanto-de-su-album\\\/\"},\"wordCount\":288,\"publisher\":{\"@id\":\"http:\\\/\\\/unaymilletras.com\\\/#organization\"},\"image\":{\"@id\":\"https:\\\/\\\/unaymilletras.com\\\/paul-thin-estren-no-es-la-mia-el-segundo-adelanto-de-su-album\\\/#primaryimage\"},\"thumbnailUrl\":\"https:\\\/\\\/unaymilletras.com\\\/wp-content\\\/uploads\\\/2025\\\/03\\\/w660_1226524_captura-paul-vevo.jpg\",\"articleSection\":[\"M\u00fasica\"],\"inLanguage\":\"en-GB\"},{\"@type\":\"WebPage\",\"@id\":\"https:\\\/\\\/unaymilletras.com\\\/paul-thin-estren-no-es-la-mia-el-segundo-adelanto-de-su-album\\\/\",\"url\":\"https:\\\/\\\/unaymilletras.com\\\/paul-thin-estren-no-es-la-mia-el-segundo-adelanto-de-su-album\\\/\",\"name\":\"Paul Thin estren \\\"No Es La M\u00eda\\\", el segundo adelanto de su \u00e1lbum\",\"isPartOf\":{\"@id\":\"http:\\\/\\\/unaymilletras.com\\\/#website\"},\"primaryImageOfPage\":{\"@id\":\"https:\\\/\\\/unaymilletras.com\\\/paul-thin-estren-no-es-la-mia-el-segundo-adelanto-de-su-album\\\/#primaryimage\"},\"image\":{\"@id\":\"https:\\\/\\\/unaymilletras.com\\\/paul-thin-estren-no-es-la-mia-el-segundo-adelanto-de-su-album\\\/#primaryimage\"},\"thumbnailUrl\":\"https:\\\/\\\/unaymilletras.com\\\/wp-content\\\/uploads\\\/2025\\\/03\\\/w660_1226524_captura-paul-vevo.jpg\",\"datePublished\":\"2025-03-04T14:02:37+00:00\",\"dateModified\":\"2025-03-04T14:08:01+00:00\",\"description\":\"El artista granadino Paul Thin presenta un afrobeat pegadizo que forma parte de su primer \u00e1lbum, un proyecto conceptual y experimental\",\"breadcrumb\":{\"@id\":\"https:\\\/\\\/unaymilletras.com\\\/paul-thin-estren-no-es-la-mia-el-segundo-adelanto-de-su-album\\\/#breadcrumb\"},\"inLanguage\":\"en-GB\",\"potentialAction\":[{\"@type\":\"ReadAction\",\"target\":[\"https:\\\/\\\/unaymilletras.com\\\/paul-thin-estren-no-es-la-mia-el-segundo-adelanto-de-su-album\\\/\"]}]},{\"@type\":\"ImageObject\",\"inLanguage\":\"en-GB\",\"@id\":\"https:\\\/\\\/unaymilletras.com\\\/paul-thin-estren-no-es-la-mia-el-segundo-adelanto-de-su-album\\\/#primaryimage\",\"url\":\"https:\\\/\\\/unaymilletras.com\\\/wp-content\\\/uploads\\\/2025\\\/03\\\/w660_1226524_captura-paul-vevo.jpg\",\"contentUrl\":\"https:\\\/\\\/unaymilletras.com\\\/wp-content\\\/uploads\\\/2025\\\/03\\\/w660_1226524_captura-paul-vevo.jpg\",\"width\":660,\"height\":371,\"caption\":\"Paul Thin\"},{\"@type\":\"BreadcrumbList\",\"@id\":\"https:\\\/\\\/unaymilletras.com\\\/paul-thin-estren-no-es-la-mia-el-segundo-adelanto-de-su-album\\\/#breadcrumb\",\"itemListElement\":[{\"@type\":\"ListItem\",\"position\":1,\"name\":\"Home\",\"item\":\"http:\\\/\\\/unaymilletras.com\\\/\"},{\"@type\":\"ListItem\",\"position\":2,\"name\":\"Paul Thin estren \u00abNo Es La M\u00eda\u00bb, el segundo adelanto de su \u00e1lbum\"}]},{\"@type\":\"WebSite\",\"@id\":\"http:\\\/\\\/unaymilletras.com\\\/#website\",\"url\":\"http:\\\/\\\/unaymilletras.com\\\/\",\"name\":\"Una y Mil Letras\",\"description\":\"\",\"publisher\":{\"@id\":\"http:\\\/\\\/unaymilletras.com\\\/#organization\"},\"potentialAction\":[{\"@type\":\"SearchAction\",\"target\":{\"@type\":\"EntryPoint\",\"urlTemplate\":\"http:\\\/\\\/unaymilletras.com\\\/?s={search_term_string}\"},\"query-input\":{\"@type\":\"PropertyValueSpecification\",\"valueRequired\":true,\"valueName\":\"search_term_string\"}}],\"inLanguage\":\"en-GB\"},{\"@type\":\"Organization\",\"@id\":\"http:\\\/\\\/unaymilletras.com\\\/#organization\",\"name\":\"Una y Mil Letras\",\"url\":\"http:\\\/\\\/unaymilletras.com\\\/\",\"logo\":{\"@type\":\"ImageObject\",\"inLanguage\":\"en-GB\",\"@id\":\"http:\\\/\\\/unaymilletras.com\\\/#\\\/schema\\\/logo\\\/image\\\/\",\"url\":\"https:\\\/\\\/unaymilletras.com\\\/wp-content\\\/uploads\\\/2024\\\/06\\\/cropped-Logo-removebg-preview.png\",\"contentUrl\":\"https:\\\/\\\/unaymilletras.com\\\/wp-content\\\/uploads\\\/2024\\\/06\\\/cropped-Logo-removebg-preview.png\",\"width\":512,\"height\":512,\"caption\":\"Una y Mil Letras\"},\"image\":{\"@id\":\"http:\\\/\\\/unaymilletras.com\\\/#\\\/schema\\\/logo\\\/image\\\/\"},\"sameAs\":[\"https:\\\/\\\/x.com\\\/UnaYMilLetras\",\"https:\\\/\\\/instagram.com\\\/UnaYMilLetras\"]},{\"@type\":\"Person\",\"@id\":\"http:\\\/\\\/unaymilletras.com\\\/#\\\/schema\\\/person\\\/0860dc8a218329991ee2c7591f4f849d\",\"name\":\"Redacci\u00f3n\",\"image\":{\"@type\":\"ImageObject\",\"inLanguage\":\"en-GB\",\"@id\":\"https:\\\/\\\/secure.gravatar.com\\\/avatar\\\/d8f55e05a8b6597e45c55a1dcbdbfe44f4a360d88b48e00de5216a79b7732796?s=96&d=mm&r=g\",\"url\":\"https:\\\/\\\/secure.gravatar.com\\\/avatar\\\/d8f55e05a8b6597e45c55a1dcbdbfe44f4a360d88b48e00de5216a79b7732796?s=96&d=mm&r=g\",\"contentUrl\":\"https:\\\/\\\/secure.gravatar.com\\\/avatar\\\/d8f55e05a8b6597e45c55a1dcbdbfe44f4a360d88b48e00de5216a79b7732796?s=96&d=mm&r=g\",\"caption\":\"Redacci\u00f3n\"},\"url\":\"https:\\\/\\\/unaymilletras.com\\\/en\\\/author\\\/redaccion\\\/\"}]}<\/script>\n<!-- \/ Yoast SEO plugin. -->","yoast_head_json":{"title":"Paul Thin estren \"No Es La M\u00eda\", el segundo adelanto de su \u00e1lbum","description":"El artista granadino Paul Thin presenta un afrobeat pegadizo que forma parte de su primer \u00e1lbum, un proyecto conceptual y experimental","robots":{"index":"index","follow":"follow","max-snippet":"max-snippet:-1","max-image-preview":"max-image-preview:large","max-video-preview":"max-video-preview:-1"},"canonical":"https:\/\/unaymilletras.com\/en\/paul-thin-estren-no-es-la-mia-el-segundo-adelanto-de-su-album\/","og_locale":"en_GB","og_type":"article","og_title":"Paul Thin estren \"No Es La M\u00eda\", el segundo adelanto de su \u00e1lbum","og_description":"El artista granadino Paul Thin presenta un afrobeat pegadizo que forma parte de su primer \u00e1lbum, un proyecto conceptual y experimental","og_url":"https:\/\/unaymilletras.com\/en\/paul-thin-estren-no-es-la-mia-el-segundo-adelanto-de-su-album\/","og_site_name":"Una y Mil Letras","article_published_time":"2025-03-04T14:02:37+00:00","article_modified_time":"2025-03-04T14:08:01+00:00","og_image":[{"width":660,"height":371,"url":"http:\/\/unaymilletras.com\/wp-content\/uploads\/2025\/03\/w660_1226524_captura-paul-vevo.jpg","type":"image\/jpeg"}],"author":"Redacci\u00f3n","twitter_card":"summary_large_image","twitter_creator":"@UnaYMilLetras","twitter_site":"@UnaYMilLetras","twitter_misc":{"Written by":"Redacci\u00f3n","Estimated reading time":"2 minutes"},"schema":{"@context":"https:\/\/schema.org","@graph":[{"@type":"Article","@id":"https:\/\/unaymilletras.com\/paul-thin-estren-no-es-la-mia-el-segundo-adelanto-de-su-album\/#article","isPartOf":{"@id":"https:\/\/unaymilletras.com\/paul-thin-estren-no-es-la-mia-el-segundo-adelanto-de-su-album\/"},"author":{"name":"Redacci\u00f3n","@id":"http:\/\/unaymilletras.com\/#\/schema\/person\/0860dc8a218329991ee2c7591f4f849d"},"headline":"Paul Thin estren \u00abNo Es La M\u00eda\u00bb, el segundo adelanto de su \u00e1lbum","datePublished":"2025-03-04T14:02:37+00:00","dateModified":"2025-03-04T14:08:01+00:00","mainEntityOfPage":{"@id":"https:\/\/unaymilletras.com\/paul-thin-estren-no-es-la-mia-el-segundo-adelanto-de-su-album\/"},"wordCount":288,"publisher":{"@id":"http:\/\/unaymilletras.com\/#organization"},"image":{"@id":"https:\/\/unaymilletras.com\/paul-thin-estren-no-es-la-mia-el-segundo-adelanto-de-su-album\/#primaryimage"},"thumbnailUrl":"https:\/\/unaymilletras.com\/wp-content\/uploads\/2025\/03\/w660_1226524_captura-paul-vevo.jpg","articleSection":["M\u00fasica"],"inLanguage":"en-GB"},{"@type":"WebPage","@id":"https:\/\/unaymilletras.com\/paul-thin-estren-no-es-la-mia-el-segundo-adelanto-de-su-album\/","url":"https:\/\/unaymilletras.com\/paul-thin-estren-no-es-la-mia-el-segundo-adelanto-de-su-album\/","name":"Paul Thin estren \"No Es La M\u00eda\", el segundo adelanto de su \u00e1lbum","isPartOf":{"@id":"http:\/\/unaymilletras.com\/#website"},"primaryImageOfPage":{"@id":"https:\/\/unaymilletras.com\/paul-thin-estren-no-es-la-mia-el-segundo-adelanto-de-su-album\/#primaryimage"},"image":{"@id":"https:\/\/unaymilletras.com\/paul-thin-estren-no-es-la-mia-el-segundo-adelanto-de-su-album\/#primaryimage"},"thumbnailUrl":"https:\/\/unaymilletras.com\/wp-content\/uploads\/2025\/03\/w660_1226524_captura-paul-vevo.jpg","datePublished":"2025-03-04T14:02:37+00:00","dateModified":"2025-03-04T14:08:01+00:00","description":"El artista granadino Paul Thin presenta un afrobeat pegadizo que forma parte de su primer \u00e1lbum, un proyecto conceptual y experimental","breadcrumb":{"@id":"https:\/\/unaymilletras.com\/paul-thin-estren-no-es-la-mia-el-segundo-adelanto-de-su-album\/#breadcrumb"},"inLanguage":"en-GB","potentialAction":[{"@type":"ReadAction","target":["https:\/\/unaymilletras.com\/paul-thin-estren-no-es-la-mia-el-segundo-adelanto-de-su-album\/"]}]},{"@type":"ImageObject","inLanguage":"en-GB","@id":"https:\/\/unaymilletras.com\/paul-thin-estren-no-es-la-mia-el-segundo-adelanto-de-su-album\/#primaryimage","url":"https:\/\/unaymilletras.com\/wp-content\/uploads\/2025\/03\/w660_1226524_captura-paul-vevo.jpg","contentUrl":"https:\/\/unaymilletras.com\/wp-content\/uploads\/2025\/03\/w660_1226524_captura-paul-vevo.jpg","width":660,"height":371,"caption":"Paul Thin"},{"@type":"BreadcrumbList","@id":"https:\/\/unaymilletras.com\/paul-thin-estren-no-es-la-mia-el-segundo-adelanto-de-su-album\/#breadcrumb","itemListElement":[{"@type":"ListItem","position":1,"name":"Home","item":"http:\/\/unaymilletras.com\/"},{"@type":"ListItem","position":2,"name":"Paul Thin estren \u00abNo Es La M\u00eda\u00bb, el segundo adelanto de su \u00e1lbum"}]},{"@type":"WebSite","@id":"http:\/\/unaymilletras.com\/#website","url":"http:\/\/unaymilletras.com\/","name":"Una y Mil Letras","description":"","publisher":{"@id":"http:\/\/unaymilletras.com\/#organization"},"potentialAction":[{"@type":"SearchAction","target":{"@type":"EntryPoint","urlTemplate":"http:\/\/unaymilletras.com\/?s={search_term_string}"},"query-input":{"@type":"PropertyValueSpecification","valueRequired":true,"valueName":"search_term_string"}}],"inLanguage":"en-GB"},{"@type":"Organization","@id":"http:\/\/unaymilletras.com\/#organization","name":"Una y Mil Letras","url":"http:\/\/unaymilletras.com\/","logo":{"@type":"ImageObject","inLanguage":"en-GB","@id":"http:\/\/unaymilletras.com\/#\/schema\/logo\/image\/","url":"https:\/\/unaymilletras.com\/wp-content\/uploads\/2024\/06\/cropped-Logo-removebg-preview.png","contentUrl":"https:\/\/unaymilletras.com\/wp-content\/uploads\/2024\/06\/cropped-Logo-removebg-preview.png","width":512,"height":512,"caption":"Una y Mil Letras"},"image":{"@id":"http:\/\/unaymilletras.com\/#\/schema\/logo\/image\/"},"sameAs":["https:\/\/x.com\/UnaYMilLetras","https:\/\/instagram.com\/UnaYMilLetras"]},{"@type":"Person","@id":"http:\/\/unaymilletras.com\/#\/schema\/person\/0860dc8a218329991ee2c7591f4f849d","name":"Redacci\u00f3n","image":{"@type":"ImageObject","inLanguage":"en-GB","@id":"https:\/\/secure.gravatar.com\/avatar\/d8f55e05a8b6597e45c55a1dcbdbfe44f4a360d88b48e00de5216a79b7732796?s=96&d=mm&r=g","url":"https:\/\/secure.gravatar.com\/avatar\/d8f55e05a8b6597e45c55a1dcbdbfe44f4a360d88b48e00de5216a79b7732796?s=96&d=mm&r=g","contentUrl":"https:\/\/secure.gravatar.com\/avatar\/d8f55e05a8b6597e45c55a1dcbdbfe44f4a360d88b48e00de5216a79b7732796?s=96&d=mm&r=g","caption":"Redacci\u00f3n"},"url":"https:\/\/unaymilletras.com\/en\/author\/redaccion\/"}]}},"_links":{"self":[{"href":"https:\/\/unaymilletras.com\/en\/wp-json\/wp\/v2\/posts\/3845","targetHints":{"allow":["GET"]}}],"collection":[{"href":"https:\/\/unaymilletras.com\/en\/wp-json\/wp\/v2\/posts"}],"about":[{"href":"https:\/\/unaymilletras.com\/en\/wp-json\/wp\/v2\/types\/post"}],"author":[{"embeddable":true,"href":"https:\/\/unaymilletras.com\/en\/wp-json\/wp\/v2\/users\/6"}],"replies":[{"embeddable":true,"href":"https:\/\/unaymilletras.com\/en\/wp-json\/wp\/v2\/comments?post=3845"}],"version-history":[{"count":7,"href":"https:\/\/unaymilletras.com\/en\/wp-json\/wp\/v2\/posts\/3845\/revisions"}],"predecessor-version":[{"id":3853,"href":"https:\/\/unaymilletras.com\/en\/wp-json\/wp\/v2\/posts\/3845\/revisions\/3853"}],"wp:featuredmedia":[{"embeddable":true,"href":"https:\/\/unaymilletras.com\/en\/wp-json\/wp\/v2\/media\/3847"}],"wp:attachment":[{"href":"https:\/\/unaymilletras.com\/en\/wp-json\/wp\/v2\/media?parent=3845"}],"wp:term":[{"taxonomy":"category","embeddable":true,"href":"https:\/\/unaymilletras.com\/en\/wp-json\/wp\/v2\/categories?post=3845"},{"taxonomy":"post_tag","embeddable":true,"href":"https:\/\/unaymilletras.com\/en\/wp-json\/wp\/v2\/tags?post=3845"}],"curies":[{"name":"wp","href":"https:\/\/api.w.org\/{rel}","templated":true}]}}