{"id":3854,"date":"2025-03-05T12:00:00","date_gmt":"2025-03-05T11:00:00","guid":{"rendered":"https:\/\/unaymilletras.com\/?p=3854"},"modified":"2025-03-04T16:39:20","modified_gmt":"2025-03-04T15:39:20","slug":"kepa-arranca-el-2025-con-a-dios-le-pido","status":"publish","type":"post","link":"https:\/\/unaymilletras.com\/en\/kepa-arranca-el-2025-con-a-dios-le-pido\/","title":{"rendered":"Kepa arranca el 2025 con \u00abA Dios Le Pido\u00bb"},"content":{"rendered":"\t\t<div data-elementor-type=\"wp-post\" data-elementor-id=\"3854\" class=\"elementor elementor-3854\">\n\t\t\t\t\t\t<section class=\"elementor-section elementor-top-section elementor-element elementor-element-aa8cd69 elementor-section-boxed elementor-section-height-default elementor-section-height-default\" data-id=\"aa8cd69\" data-element_type=\"section\" data-e-type=\"section\">\n\t\t\t\t\t\t<div class=\"elementor-container elementor-column-gap-default\">\n\t\t\t\t\t<div class=\"elementor-column elementor-col-100 elementor-top-column elementor-element elementor-element-1e5c852\" data-id=\"1e5c852\" data-element_type=\"column\" data-e-type=\"column\">\n\t\t\t<div class=\"elementor-widget-wrap elementor-element-populated\">\n\t\t\t\t\t\t<div class=\"elementor-element elementor-element-3e2ba48 elementor-widget elementor-widget-text-editor\" data-id=\"3e2ba48\" data-element_type=\"widget\" data-e-type=\"widget\" data-widget_type=\"text-editor.default\">\n\t\t\t\t<div class=\"elementor-widget-container\">\n\t\t\t\t\t\t\t\t\t<h2 style=\"text-align: center;\"><em><span style=\"color: #808080;\">El artista Kepa fusiona funk brasile\u00f1o e influencias del hyperpop en una canci\u00f3n donde muestra su faceta m\u00e1s introspectiva<\/span><\/em><\/h2>\t\t\t\t\t\t\t\t<\/div>\n\t\t\t\t<\/div>\n\t\t\t\t\t<\/div>\n\t\t<\/div>\n\t\t\t\t\t<\/div>\n\t\t<\/section>\n\t\t\t\t<section class=\"elementor-section elementor-top-section elementor-element elementor-element-29471b7 elementor-section-boxed elementor-section-height-default elementor-section-height-default\" data-id=\"29471b7\" data-element_type=\"section\" data-e-type=\"section\">\n\t\t\t\t\t\t<div class=\"elementor-container elementor-column-gap-default\">\n\t\t\t\t\t<div class=\"elementor-column elementor-col-100 elementor-top-column elementor-element elementor-element-a66d040\" data-id=\"a66d040\" data-element_type=\"column\" data-e-type=\"column\">\n\t\t\t<div class=\"elementor-widget-wrap elementor-element-populated\">\n\t\t\t\t\t\t<div class=\"elementor-element elementor-element-26eafa4 elementor-widget elementor-widget-text-editor\" data-id=\"26eafa4\" data-element_type=\"widget\" data-e-type=\"widget\" data-widget_type=\"text-editor.default\">\n\t\t\t\t<div class=\"elementor-widget-container\">\n\t\t\t\t\t\t\t\t\t<p data-start=\"221\" data-end=\"585\">Kepa estrena el a\u00f1o con <em><strong data-start=\"245\" data-end=\"265\">A Dios Le Pido<\/strong><\/em>, un tema donde explora sus emociones m\u00e1s profundas a trav\u00e9s de un sonido innovador. Con frases como \u00abque alguien me tienda la mano, soy solamente un humano\u00bb o \u00absiento una llama en el pecho, nunca se va\u00bb, la canci\u00f3n transmite una sensaci\u00f3n de vulnerabilidad y honestidad que conecta de inmediato con el oyente.<\/p>\t\t\t\t\t\t\t\t<\/div>\n\t\t\t\t<\/div>\n\t\t\t\t\t<\/div>\n\t\t<\/div>\n\t\t\t\t\t<\/div>\n\t\t<\/section>\n\t\t\t\t<section class=\"elementor-section elementor-top-section elementor-element elementor-element-ba30ec7 elementor-section-boxed elementor-section-height-default elementor-section-height-default\" data-id=\"ba30ec7\" data-element_type=\"section\" data-e-type=\"section\">\n\t\t\t\t\t\t<div class=\"elementor-container elementor-column-gap-default\">\n\t\t\t\t\t<div class=\"elementor-column elementor-col-50 elementor-top-column elementor-element elementor-element-0abab32\" data-id=\"0abab32\" data-element_type=\"column\" data-e-type=\"column\">\n\t\t\t<div class=\"elementor-widget-wrap elementor-element-populated\">\n\t\t\t\t\t\t<div class=\"elementor-element elementor-element-a9026e2 elementor-widget elementor-widget-text-editor\" data-id=\"a9026e2\" data-element_type=\"widget\" data-e-type=\"widget\" data-widget_type=\"text-editor.default\">\n\t\t\t\t<div class=\"elementor-widget-container\">\n\t\t\t\t\t\t\t\t\t<p data-start=\"587\" data-end=\"948\">Musicalmente, Kepa contin\u00faa desdibujando las fronteras entre g\u00e9neros. En esta ocasi\u00f3n, combina percusi\u00f3n de funk brasile\u00f1o con bajos y sintetizadores distorsionados propios del hyperpop, logrando una mezcla ecl\u00e9ctica pero con una identidad muy marcada. Esta capacidad de fusionar estilos ha sido una de las caracter\u00edsticas que han definido su trayectoria.<\/p><div class=\"flex max-w-full flex-col flex-grow\"><div class=\"min-h-8 text-message relative flex w-full flex-col items-end gap-2 whitespace-normal break-words text-start [.text-message+&amp;]:mt-5\" dir=\"auto\" data-message-author-role=\"assistant\" data-message-id=\"1acc58cc-0535-47d5-a2cb-7e6c8f83eacd\" data-message-model-slug=\"gpt-4o\"><div class=\"flex w-full flex-col gap-1 empty:hidden first:pt-[3px]\"><div class=\"markdown prose w-full break-words dark:prose-invert light\"><p data-start=\"950\" data-end=\"1365\">Desde sus primeras publicaciones en 2018, Kepa ha construido un sonido \u00fanico que lo ha llevado a colaborar con artistas como <strong data-start=\"1075\" data-end=\"1112\">Pepe y Vizio, Kabasaki y Yung Van<\/strong>. Su \u00e1lbum debut en 2019 abord\u00f3 temas como la salud mental y el desamor, y en 2022 con <strong data-start=\"1199\" data-end=\"1219\"><em>Ciudad Dormida<\/em><\/strong>, consigui\u00f3 el apoyo de nombres clave de la escena espa\u00f1ola como <strong data-start=\"1284\" data-end=\"1305\">Pole y Alba Reche<\/strong>, adem\u00e1s de sonar en emisoras como Europa FM y Gaztea.<\/p><\/div><\/div><\/div><\/div>\t\t\t\t\t\t\t\t<\/div>\n\t\t\t\t<\/div>\n\t\t\t\t\t<\/div>\n\t\t<\/div>\n\t\t\t\t<div class=\"elementor-column elementor-col-50 elementor-top-column elementor-element elementor-element-121a86d\" data-id=\"121a86d\" data-element_type=\"column\" data-e-type=\"column\">\n\t\t\t<div class=\"elementor-widget-wrap elementor-element-populated\">\n\t\t\t\t\t\t<div class=\"elementor-element elementor-element-b05091c elementor-widget elementor-widget-image\" data-id=\"b05091c\" data-element_type=\"widget\" data-e-type=\"widget\" data-widget_type=\"image.default\">\n\t\t\t\t<div class=\"elementor-widget-container\">\n\t\t\t\t\t\t\t\t\t\t\t\t\t\t\t<img fetchpriority=\"high\" decoding=\"async\" width=\"640\" height=\"853\" src=\"https:\/\/unaymilletras.com\/wp-content\/uploads\/2025\/03\/kepa_0173-768x1024.jpeg\" class=\"attachment-large size-large wp-image-3856\" alt=\"Kepa\" srcset=\"https:\/\/unaymilletras.com\/wp-content\/uploads\/2025\/03\/kepa_0173-768x1024.jpeg 768w, https:\/\/unaymilletras.com\/wp-content\/uploads\/2025\/03\/kepa_0173-225x300.jpeg 225w, https:\/\/unaymilletras.com\/wp-content\/uploads\/2025\/03\/kepa_0173-9x12.jpeg 9w, https:\/\/unaymilletras.com\/wp-content\/uploads\/2025\/03\/kepa_0173.jpeg 852w\" sizes=\"(max-width: 640px) 100vw, 640px\" \/>\t\t\t\t\t\t\t\t\t\t\t\t\t\t\t<\/div>\n\t\t\t\t<\/div>\n\t\t\t\t\t<\/div>\n\t\t<\/div>\n\t\t\t\t\t<\/div>\n\t\t<\/section>\n\t\t\t\t<section class=\"elementor-section elementor-top-section elementor-element elementor-element-ddeaaf7 elementor-section-boxed elementor-section-height-default elementor-section-height-default\" data-id=\"ddeaaf7\" data-element_type=\"section\" data-e-type=\"section\">\n\t\t\t\t\t\t<div class=\"elementor-container elementor-column-gap-default\">\n\t\t\t\t\t<div class=\"elementor-column elementor-col-100 elementor-top-column elementor-element elementor-element-23d4d98\" data-id=\"23d4d98\" data-element_type=\"column\" data-e-type=\"column\">\n\t\t\t<div class=\"elementor-widget-wrap elementor-element-populated\">\n\t\t\t\t\t\t<div class=\"elementor-element elementor-element-dfd0f72 elementor-widget elementor-widget-text-editor\" data-id=\"dfd0f72\" data-element_type=\"widget\" data-e-type=\"widget\" data-widget_type=\"text-editor.default\">\n\t\t\t\t<div class=\"elementor-widget-container\">\n\t\t\t\t\t\t\t\t\t<p data-start=\"1367\" data-end=\"1661\" data-is-last-node=\"\" data-is-only-node=\"\">En 2023 lanz\u00f3 <strong data-start=\"1381\" data-end=\"1396\"><em>Bad Lover<\/em><\/strong>, un disco conceptual que giraba en torno al desamor y que destac\u00f3 tanto por su m\u00fasica como por su universo visual. Ahora, con <em><strong data-start=\"1523\" data-end=\"1543\">A Dios Le Pido<\/strong><\/em>, Kepa sigue evolucionando, manteniendo su esencia melanc\u00f3lica y experimental mientras da un nuevo paso en su carrera.<\/p>\t\t\t\t\t\t\t\t<\/div>\n\t\t\t\t<\/div>\n\t\t\t\t\t<\/div>\n\t\t<\/div>\n\t\t\t\t\t<\/div>\n\t\t<\/section>\n\t\t\t\t<\/div>\n\t\t","protected":false},"excerpt":{"rendered":"<p>El artista Kepa fusiona funk brasile\u00f1o e influencias del hyperpop en una canci\u00f3n donde muestra su faceta m\u00e1s introspectiva Kepa estrena el a\u00f1o con A Dios Le Pido, un tema donde explora sus emociones m\u00e1s profundas a trav\u00e9s de un sonido innovador. Con frases como \u00abque alguien me tienda la mano, soy solamente un humano\u00bb [&hellip;]<\/p>\n","protected":false},"author":6,"featured_media":3856,"comment_status":"closed","ping_status":"closed","sticky":false,"template":"","format":"standard","meta":{"footnotes":""},"categories":[4],"tags":[],"class_list":["post-3854","post","type-post","status-publish","format-standard","has-post-thumbnail","hentry","category-musica"],"yoast_head":"<!-- This site is optimized with the Yoast SEO plugin v27.4 - https:\/\/yoast.com\/product\/yoast-seo-wordpress\/ -->\n<title>Kepa arranca el 2025 con &quot;A Dios Le Pido&quot;<\/title>\n<meta name=\"description\" content=\"El artista Kepa fusiona funk brasile\u00f1o e influencias del hyperpop en una canci\u00f3n donde muestra su faceta m\u00e1s introspectiva\" \/>\n<meta name=\"robots\" content=\"index, follow, max-snippet:-1, max-image-preview:large, max-video-preview:-1\" \/>\n<link rel=\"canonical\" href=\"https:\/\/unaymilletras.com\/en\/kepa-arranca-el-2025-con-a-dios-le-pido\/\" \/>\n<meta property=\"og:locale\" content=\"en_GB\" \/>\n<meta property=\"og:type\" content=\"article\" \/>\n<meta property=\"og:title\" content=\"Kepa arranca el 2025 con &quot;A Dios Le Pido&quot;\" \/>\n<meta property=\"og:description\" content=\"El artista Kepa fusiona funk brasile\u00f1o e influencias del hyperpop en una canci\u00f3n donde muestra su faceta m\u00e1s introspectiva\" \/>\n<meta property=\"og:url\" content=\"https:\/\/unaymilletras.com\/en\/kepa-arranca-el-2025-con-a-dios-le-pido\/\" \/>\n<meta property=\"og:site_name\" content=\"Una y Mil Letras\" \/>\n<meta property=\"article:published_time\" content=\"2025-03-05T11:00:00+00:00\" \/>\n<meta property=\"og:image\" content=\"https:\/\/unaymilletras.com\/wp-content\/uploads\/2025\/03\/kepa_0173.jpeg\" \/>\n\t<meta property=\"og:image:width\" content=\"852\" \/>\n\t<meta property=\"og:image:height\" content=\"1136\" \/>\n\t<meta property=\"og:image:type\" content=\"image\/jpeg\" \/>\n<meta name=\"author\" content=\"Redacci\u00f3n\" \/>\n<meta name=\"twitter:card\" content=\"summary_large_image\" \/>\n<meta name=\"twitter:creator\" content=\"@UnaYMilLetras\" \/>\n<meta name=\"twitter:site\" content=\"@UnaYMilLetras\" \/>\n<meta name=\"twitter:label1\" content=\"Written by\" \/>\n\t<meta name=\"twitter:data1\" content=\"Redacci\u00f3n\" \/>\n\t<meta name=\"twitter:label2\" content=\"Estimated reading time\" \/>\n\t<meta name=\"twitter:data2\" content=\"2 minutes\" \/>\n<script type=\"application\/ld+json\" class=\"yoast-schema-graph\">{\"@context\":\"https:\\\/\\\/schema.org\",\"@graph\":[{\"@type\":\"Article\",\"@id\":\"https:\\\/\\\/unaymilletras.com\\\/kepa-arranca-el-2025-con-a-dios-le-pido\\\/#article\",\"isPartOf\":{\"@id\":\"https:\\\/\\\/unaymilletras.com\\\/kepa-arranca-el-2025-con-a-dios-le-pido\\\/\"},\"author\":{\"name\":\"Redacci\u00f3n\",\"@id\":\"http:\\\/\\\/unaymilletras.com\\\/#\\\/schema\\\/person\\\/0860dc8a218329991ee2c7591f4f849d\"},\"headline\":\"Kepa arranca el 2025 con \u00abA Dios Le Pido\u00bb\",\"datePublished\":\"2025-03-05T11:00:00+00:00\",\"mainEntityOfPage\":{\"@id\":\"https:\\\/\\\/unaymilletras.com\\\/kepa-arranca-el-2025-con-a-dios-le-pido\\\/\"},\"wordCount\":276,\"publisher\":{\"@id\":\"http:\\\/\\\/unaymilletras.com\\\/#organization\"},\"image\":{\"@id\":\"https:\\\/\\\/unaymilletras.com\\\/kepa-arranca-el-2025-con-a-dios-le-pido\\\/#primaryimage\"},\"thumbnailUrl\":\"https:\\\/\\\/unaymilletras.com\\\/wp-content\\\/uploads\\\/2025\\\/03\\\/kepa_0173.jpeg\",\"articleSection\":[\"M\u00fasica\"],\"inLanguage\":\"en-GB\"},{\"@type\":\"WebPage\",\"@id\":\"https:\\\/\\\/unaymilletras.com\\\/kepa-arranca-el-2025-con-a-dios-le-pido\\\/\",\"url\":\"https:\\\/\\\/unaymilletras.com\\\/kepa-arranca-el-2025-con-a-dios-le-pido\\\/\",\"name\":\"Kepa arranca el 2025 con \\\"A Dios Le Pido\\\"\",\"isPartOf\":{\"@id\":\"http:\\\/\\\/unaymilletras.com\\\/#website\"},\"primaryImageOfPage\":{\"@id\":\"https:\\\/\\\/unaymilletras.com\\\/kepa-arranca-el-2025-con-a-dios-le-pido\\\/#primaryimage\"},\"image\":{\"@id\":\"https:\\\/\\\/unaymilletras.com\\\/kepa-arranca-el-2025-con-a-dios-le-pido\\\/#primaryimage\"},\"thumbnailUrl\":\"https:\\\/\\\/unaymilletras.com\\\/wp-content\\\/uploads\\\/2025\\\/03\\\/kepa_0173.jpeg\",\"datePublished\":\"2025-03-05T11:00:00+00:00\",\"description\":\"El artista Kepa fusiona funk brasile\u00f1o e influencias del hyperpop en una canci\u00f3n donde muestra su faceta m\u00e1s introspectiva\",\"breadcrumb\":{\"@id\":\"https:\\\/\\\/unaymilletras.com\\\/kepa-arranca-el-2025-con-a-dios-le-pido\\\/#breadcrumb\"},\"inLanguage\":\"en-GB\",\"potentialAction\":[{\"@type\":\"ReadAction\",\"target\":[\"https:\\\/\\\/unaymilletras.com\\\/kepa-arranca-el-2025-con-a-dios-le-pido\\\/\"]}]},{\"@type\":\"ImageObject\",\"inLanguage\":\"en-GB\",\"@id\":\"https:\\\/\\\/unaymilletras.com\\\/kepa-arranca-el-2025-con-a-dios-le-pido\\\/#primaryimage\",\"url\":\"https:\\\/\\\/unaymilletras.com\\\/wp-content\\\/uploads\\\/2025\\\/03\\\/kepa_0173.jpeg\",\"contentUrl\":\"https:\\\/\\\/unaymilletras.com\\\/wp-content\\\/uploads\\\/2025\\\/03\\\/kepa_0173.jpeg\",\"width\":852,\"height\":1136,\"caption\":\"Kepa\"},{\"@type\":\"BreadcrumbList\",\"@id\":\"https:\\\/\\\/unaymilletras.com\\\/kepa-arranca-el-2025-con-a-dios-le-pido\\\/#breadcrumb\",\"itemListElement\":[{\"@type\":\"ListItem\",\"position\":1,\"name\":\"Home\",\"item\":\"http:\\\/\\\/unaymilletras.com\\\/\"},{\"@type\":\"ListItem\",\"position\":2,\"name\":\"Kepa arranca el 2025 con \u00abA Dios Le Pido\u00bb\"}]},{\"@type\":\"WebSite\",\"@id\":\"http:\\\/\\\/unaymilletras.com\\\/#website\",\"url\":\"http:\\\/\\\/unaymilletras.com\\\/\",\"name\":\"Una y Mil Letras\",\"description\":\"\",\"publisher\":{\"@id\":\"http:\\\/\\\/unaymilletras.com\\\/#organization\"},\"potentialAction\":[{\"@type\":\"SearchAction\",\"target\":{\"@type\":\"EntryPoint\",\"urlTemplate\":\"http:\\\/\\\/unaymilletras.com\\\/?s={search_term_string}\"},\"query-input\":{\"@type\":\"PropertyValueSpecification\",\"valueRequired\":true,\"valueName\":\"search_term_string\"}}],\"inLanguage\":\"en-GB\"},{\"@type\":\"Organization\",\"@id\":\"http:\\\/\\\/unaymilletras.com\\\/#organization\",\"name\":\"Una y Mil Letras\",\"url\":\"http:\\\/\\\/unaymilletras.com\\\/\",\"logo\":{\"@type\":\"ImageObject\",\"inLanguage\":\"en-GB\",\"@id\":\"http:\\\/\\\/unaymilletras.com\\\/#\\\/schema\\\/logo\\\/image\\\/\",\"url\":\"https:\\\/\\\/unaymilletras.com\\\/wp-content\\\/uploads\\\/2024\\\/06\\\/cropped-Logo-removebg-preview.png\",\"contentUrl\":\"https:\\\/\\\/unaymilletras.com\\\/wp-content\\\/uploads\\\/2024\\\/06\\\/cropped-Logo-removebg-preview.png\",\"width\":512,\"height\":512,\"caption\":\"Una y Mil Letras\"},\"image\":{\"@id\":\"http:\\\/\\\/unaymilletras.com\\\/#\\\/schema\\\/logo\\\/image\\\/\"},\"sameAs\":[\"https:\\\/\\\/x.com\\\/UnaYMilLetras\",\"https:\\\/\\\/instagram.com\\\/UnaYMilLetras\"]},{\"@type\":\"Person\",\"@id\":\"http:\\\/\\\/unaymilletras.com\\\/#\\\/schema\\\/person\\\/0860dc8a218329991ee2c7591f4f849d\",\"name\":\"Redacci\u00f3n\",\"image\":{\"@type\":\"ImageObject\",\"inLanguage\":\"en-GB\",\"@id\":\"https:\\\/\\\/secure.gravatar.com\\\/avatar\\\/d8f55e05a8b6597e45c55a1dcbdbfe44f4a360d88b48e00de5216a79b7732796?s=96&d=mm&r=g\",\"url\":\"https:\\\/\\\/secure.gravatar.com\\\/avatar\\\/d8f55e05a8b6597e45c55a1dcbdbfe44f4a360d88b48e00de5216a79b7732796?s=96&d=mm&r=g\",\"contentUrl\":\"https:\\\/\\\/secure.gravatar.com\\\/avatar\\\/d8f55e05a8b6597e45c55a1dcbdbfe44f4a360d88b48e00de5216a79b7732796?s=96&d=mm&r=g\",\"caption\":\"Redacci\u00f3n\"},\"url\":\"https:\\\/\\\/unaymilletras.com\\\/en\\\/author\\\/redaccion\\\/\"}]}<\/script>\n<!-- \/ Yoast SEO plugin. -->","yoast_head_json":{"title":"Kepa arranca el 2025 con \"A Dios Le Pido\"","description":"El artista Kepa fusiona funk brasile\u00f1o e influencias del hyperpop en una canci\u00f3n donde muestra su faceta m\u00e1s introspectiva","robots":{"index":"index","follow":"follow","max-snippet":"max-snippet:-1","max-image-preview":"max-image-preview:large","max-video-preview":"max-video-preview:-1"},"canonical":"https:\/\/unaymilletras.com\/en\/kepa-arranca-el-2025-con-a-dios-le-pido\/","og_locale":"en_GB","og_type":"article","og_title":"Kepa arranca el 2025 con \"A Dios Le Pido\"","og_description":"El artista Kepa fusiona funk brasile\u00f1o e influencias del hyperpop en una canci\u00f3n donde muestra su faceta m\u00e1s introspectiva","og_url":"https:\/\/unaymilletras.com\/en\/kepa-arranca-el-2025-con-a-dios-le-pido\/","og_site_name":"Una y Mil Letras","article_published_time":"2025-03-05T11:00:00+00:00","og_image":[{"width":852,"height":1136,"url":"https:\/\/unaymilletras.com\/wp-content\/uploads\/2025\/03\/kepa_0173.jpeg","type":"image\/jpeg"}],"author":"Redacci\u00f3n","twitter_card":"summary_large_image","twitter_creator":"@UnaYMilLetras","twitter_site":"@UnaYMilLetras","twitter_misc":{"Written by":"Redacci\u00f3n","Estimated reading time":"2 minutes"},"schema":{"@context":"https:\/\/schema.org","@graph":[{"@type":"Article","@id":"https:\/\/unaymilletras.com\/kepa-arranca-el-2025-con-a-dios-le-pido\/#article","isPartOf":{"@id":"https:\/\/unaymilletras.com\/kepa-arranca-el-2025-con-a-dios-le-pido\/"},"author":{"name":"Redacci\u00f3n","@id":"http:\/\/unaymilletras.com\/#\/schema\/person\/0860dc8a218329991ee2c7591f4f849d"},"headline":"Kepa arranca el 2025 con \u00abA Dios Le Pido\u00bb","datePublished":"2025-03-05T11:00:00+00:00","mainEntityOfPage":{"@id":"https:\/\/unaymilletras.com\/kepa-arranca-el-2025-con-a-dios-le-pido\/"},"wordCount":276,"publisher":{"@id":"http:\/\/unaymilletras.com\/#organization"},"image":{"@id":"https:\/\/unaymilletras.com\/kepa-arranca-el-2025-con-a-dios-le-pido\/#primaryimage"},"thumbnailUrl":"https:\/\/unaymilletras.com\/wp-content\/uploads\/2025\/03\/kepa_0173.jpeg","articleSection":["M\u00fasica"],"inLanguage":"en-GB"},{"@type":"WebPage","@id":"https:\/\/unaymilletras.com\/kepa-arranca-el-2025-con-a-dios-le-pido\/","url":"https:\/\/unaymilletras.com\/kepa-arranca-el-2025-con-a-dios-le-pido\/","name":"Kepa arranca el 2025 con \"A Dios Le Pido\"","isPartOf":{"@id":"http:\/\/unaymilletras.com\/#website"},"primaryImageOfPage":{"@id":"https:\/\/unaymilletras.com\/kepa-arranca-el-2025-con-a-dios-le-pido\/#primaryimage"},"image":{"@id":"https:\/\/unaymilletras.com\/kepa-arranca-el-2025-con-a-dios-le-pido\/#primaryimage"},"thumbnailUrl":"https:\/\/unaymilletras.com\/wp-content\/uploads\/2025\/03\/kepa_0173.jpeg","datePublished":"2025-03-05T11:00:00+00:00","description":"El artista Kepa fusiona funk brasile\u00f1o e influencias del hyperpop en una canci\u00f3n donde muestra su faceta m\u00e1s introspectiva","breadcrumb":{"@id":"https:\/\/unaymilletras.com\/kepa-arranca-el-2025-con-a-dios-le-pido\/#breadcrumb"},"inLanguage":"en-GB","potentialAction":[{"@type":"ReadAction","target":["https:\/\/unaymilletras.com\/kepa-arranca-el-2025-con-a-dios-le-pido\/"]}]},{"@type":"ImageObject","inLanguage":"en-GB","@id":"https:\/\/unaymilletras.com\/kepa-arranca-el-2025-con-a-dios-le-pido\/#primaryimage","url":"https:\/\/unaymilletras.com\/wp-content\/uploads\/2025\/03\/kepa_0173.jpeg","contentUrl":"https:\/\/unaymilletras.com\/wp-content\/uploads\/2025\/03\/kepa_0173.jpeg","width":852,"height":1136,"caption":"Kepa"},{"@type":"BreadcrumbList","@id":"https:\/\/unaymilletras.com\/kepa-arranca-el-2025-con-a-dios-le-pido\/#breadcrumb","itemListElement":[{"@type":"ListItem","position":1,"name":"Home","item":"http:\/\/unaymilletras.com\/"},{"@type":"ListItem","position":2,"name":"Kepa arranca el 2025 con \u00abA Dios Le Pido\u00bb"}]},{"@type":"WebSite","@id":"http:\/\/unaymilletras.com\/#website","url":"http:\/\/unaymilletras.com\/","name":"Una y Mil Letras","description":"","publisher":{"@id":"http:\/\/unaymilletras.com\/#organization"},"potentialAction":[{"@type":"SearchAction","target":{"@type":"EntryPoint","urlTemplate":"http:\/\/unaymilletras.com\/?s={search_term_string}"},"query-input":{"@type":"PropertyValueSpecification","valueRequired":true,"valueName":"search_term_string"}}],"inLanguage":"en-GB"},{"@type":"Organization","@id":"http:\/\/unaymilletras.com\/#organization","name":"Una y Mil Letras","url":"http:\/\/unaymilletras.com\/","logo":{"@type":"ImageObject","inLanguage":"en-GB","@id":"http:\/\/unaymilletras.com\/#\/schema\/logo\/image\/","url":"https:\/\/unaymilletras.com\/wp-content\/uploads\/2024\/06\/cropped-Logo-removebg-preview.png","contentUrl":"https:\/\/unaymilletras.com\/wp-content\/uploads\/2024\/06\/cropped-Logo-removebg-preview.png","width":512,"height":512,"caption":"Una y Mil Letras"},"image":{"@id":"http:\/\/unaymilletras.com\/#\/schema\/logo\/image\/"},"sameAs":["https:\/\/x.com\/UnaYMilLetras","https:\/\/instagram.com\/UnaYMilLetras"]},{"@type":"Person","@id":"http:\/\/unaymilletras.com\/#\/schema\/person\/0860dc8a218329991ee2c7591f4f849d","name":"Redacci\u00f3n","image":{"@type":"ImageObject","inLanguage":"en-GB","@id":"https:\/\/secure.gravatar.com\/avatar\/d8f55e05a8b6597e45c55a1dcbdbfe44f4a360d88b48e00de5216a79b7732796?s=96&d=mm&r=g","url":"https:\/\/secure.gravatar.com\/avatar\/d8f55e05a8b6597e45c55a1dcbdbfe44f4a360d88b48e00de5216a79b7732796?s=96&d=mm&r=g","contentUrl":"https:\/\/secure.gravatar.com\/avatar\/d8f55e05a8b6597e45c55a1dcbdbfe44f4a360d88b48e00de5216a79b7732796?s=96&d=mm&r=g","caption":"Redacci\u00f3n"},"url":"https:\/\/unaymilletras.com\/en\/author\/redaccion\/"}]}},"_links":{"self":[{"href":"https:\/\/unaymilletras.com\/en\/wp-json\/wp\/v2\/posts\/3854","targetHints":{"allow":["GET"]}}],"collection":[{"href":"https:\/\/unaymilletras.com\/en\/wp-json\/wp\/v2\/posts"}],"about":[{"href":"https:\/\/unaymilletras.com\/en\/wp-json\/wp\/v2\/types\/post"}],"author":[{"embeddable":true,"href":"https:\/\/unaymilletras.com\/en\/wp-json\/wp\/v2\/users\/6"}],"replies":[{"embeddable":true,"href":"https:\/\/unaymilletras.com\/en\/wp-json\/wp\/v2\/comments?post=3854"}],"version-history":[{"count":7,"href":"https:\/\/unaymilletras.com\/en\/wp-json\/wp\/v2\/posts\/3854\/revisions"}],"predecessor-version":[{"id":3862,"href":"https:\/\/unaymilletras.com\/en\/wp-json\/wp\/v2\/posts\/3854\/revisions\/3862"}],"wp:featuredmedia":[{"embeddable":true,"href":"https:\/\/unaymilletras.com\/en\/wp-json\/wp\/v2\/media\/3856"}],"wp:attachment":[{"href":"https:\/\/unaymilletras.com\/en\/wp-json\/wp\/v2\/media?parent=3854"}],"wp:term":[{"taxonomy":"category","embeddable":true,"href":"https:\/\/unaymilletras.com\/en\/wp-json\/wp\/v2\/categories?post=3854"},{"taxonomy":"post_tag","embeddable":true,"href":"https:\/\/unaymilletras.com\/en\/wp-json\/wp\/v2\/tags?post=3854"}],"curies":[{"name":"wp","href":"https:\/\/api.w.org\/{rel}","templated":true}]}}