{"id":3863,"date":"2025-03-06T11:46:33","date_gmt":"2025-03-06T10:46:33","guid":{"rendered":"https:\/\/unaymilletras.com\/?p=3863"},"modified":"2025-03-06T11:50:58","modified_gmt":"2025-03-06T10:50:58","slug":"cumplimos-un-nuevo-sueno-gracias-chile-gracias-vina-el-exito-de-morat-en-vina-del-mar-2025","status":"publish","type":"post","link":"https:\/\/unaymilletras.com\/en\/cumplimos-un-nuevo-sueno-gracias-chile-gracias-vina-el-exito-de-morat-en-vina-del-mar-2025\/","title":{"rendered":"\u201cCumplimos un nuevo sue\u00f1o, gracias Chile, gracias Vi\u00f1a\u201d: el \u00e9xito de Morat en Vi\u00f1a del Mar\u00a02025"},"content":{"rendered":"<div data-elementor-type=\"wp-post\" data-elementor-id=\"3863\" class=\"elementor elementor-3863\">\n\t\t\t\t\t\t<section class=\"elementor-section elementor-top-section elementor-element elementor-element-b923440 elementor-section-boxed elementor-section-height-default elementor-section-height-default\" data-id=\"b923440\" data-element_type=\"section\" data-e-type=\"section\">\n\t\t\t\t\t\t<div class=\"elementor-container elementor-column-gap-default\">\n\t\t\t\t\t<div class=\"elementor-column elementor-col-100 elementor-top-column elementor-element elementor-element-c0da4f1\" data-id=\"c0da4f1\" data-element_type=\"column\" data-e-type=\"column\">\n\t\t\t<div class=\"elementor-widget-wrap elementor-element-populated\">\n\t\t\t\t\t\t<div class=\"elementor-element elementor-element-75d4627 elementor-widget elementor-widget-text-editor\" data-id=\"75d4627\" data-element_type=\"widget\" data-e-type=\"widget\" data-widget_type=\"text-editor.default\">\n\t\t\t\t<div class=\"elementor-widget-container\">\n\t\t\t\t\t\t\t\t\t<h2 style=\"text-align: center;\"><span style=\"color: #808080;\"><em>La banda colombiana Morat realiz\u00f3 su debut en el Festival de Vi\u00f1a del Mar y consiguieron las gaviotas de Oro y Plata<\/em><\/span><\/h2>\t\t\t\t\t\t\t\t<\/div>\n\t\t\t\t<\/div>\n\t\t\t\t\t<\/div>\n\t\t<\/div>\n\t\t\t\t\t<\/div>\n\t\t<\/section>\n\t\t\t\t<section class=\"elementor-section elementor-top-section elementor-element elementor-element-6594e607 elementor-section-boxed elementor-section-height-default elementor-section-height-default\" data-id=\"6594e607\" data-element_type=\"section\" data-e-type=\"section\">\n\t\t\t\t\t\t<div class=\"elementor-container elementor-column-gap-default\">\n\t\t\t\t\t<div class=\"elementor-column elementor-col-100 elementor-top-column elementor-element elementor-element-158bd244\" data-id=\"158bd244\" data-element_type=\"column\" data-e-type=\"column\">\n\t\t\t<div class=\"elementor-widget-wrap elementor-element-populated\">\n\t\t\t\t\t\t<div class=\"elementor-element elementor-element-34a7f025 elementor-widget elementor-widget-text-editor\" data-id=\"34a7f025\" data-element_type=\"widget\" data-e-type=\"widget\" data-widget_type=\"text-editor.default\">\n\t\t\t\t<div class=\"elementor-widget-container\">\n\t\t\t\t\t\t\t\t\t<p>Morat realiz\u00f3 su debut en el <strong>Festival Internacional de la Canci\u00f3n de Vi\u00f1a del Mar<\/strong> con una actuaci\u00f3n que desat\u00f3 la euforia del p\u00fablico en la Quinta Vergara. Con una selecci\u00f3n de canciones dise\u00f1ada especialmente para el evento; la agrupaci\u00f3n consigui\u00f3 un ambiente y una conexi\u00f3n especial con los 20 mil asistentes, lo que les llev\u00f3 a conseguir las <strong>Gaviotas de Plata y Oro.<\/strong>\u00a0<\/p>\n<p><!-- \/wp:paragraph --><!-- wp:paragraph --><\/p>\n<p>El grupo conformado por Juan Pablo Isaza, Juan Pablo Villamil, Mart\u00edn Vargas Morales y Sim\u00f3n Vargas deslumbr\u00f3 con su puesta en escena y con una interpretaci\u00f3n impecable. La venta de entrada<strong>s se agot\u00f3 en menos de dos horas<\/strong>, dejando en evidencia la fidelidad de sus oyentes m\u00e1s fieles.\u00a0<\/p>\n<p><!-- \/wp:paragraph --><!-- wp:image {\"id\":3865,\"sizeSlug\":\"large\",\"linkDestination\":\"none\"} --><\/p>\n<figure class=\"wp-block-image size-large\"><img fetchpriority=\"high\" decoding=\"async\" width=\"1024\" height=\"683\" class=\"wp-image-3865\" src=\"https:\/\/unaymilletras.com\/wp-content\/uploads\/2025\/03\/IMM06028-1024x683.jpg\" alt=\"\" \/><\/figure>\n<p><!-- \/wp:image --><!-- wp:paragraph --><\/p>\n<p>El espect\u00e1culo inici\u00f3 pasadas las 9:30 pm, hora local, con temas como <em>Faltas t\u00fa<\/em>, <em>C\u00f3mo te atreves<\/em> y <em>506<\/em>. Conforme avanzaba la presentaci\u00f3n, los espectadores comenzaron a corear: \u00a1Gaviota!, impulsando un ambiente propicio para que los organizadores les concedieran el primer galard\u00f3n de la noche.\u00a0<\/p>\n<p><!-- \/wp:paragraph --><!-- wp:paragraph --><\/p>\n<p>Lejos de disminuir la intensidad, Morat continu\u00f3 el <span style=\"color: #808080;\"><a style=\"color: #808080;\" href=\"https:\/\/unaymilletras.com\/en\/morat-marca-un-hito-en-sevilla-durante-la-santalucia-universal-music-week\/\">evento<\/a><\/span> con temas como <span style=\"color: #808080;\"><a style=\"color: #808080;\" href=\"https:\/\/open.spotify.com\/intl-es\/track\/4khWEpnaijN0G1x019Uzdr?si=16438d6303bf4150\"><em>No se va<\/em><\/a><\/span>, <em>Salir con vida<\/em> y<em> Amor con hielo<\/em>, hasta que se hicieron con <strong>la Gaviota de Oro<\/strong>, el mayor reconocimiento del festival; la banda expreso con conmoci\u00f3n:<strong> \u201cNo saben lo mucho que so\u00f1amos estar aqu\u00ed, los queremos con toda el alma\u201d.<\/strong>\u00a0<\/p>\n<p><!-- \/wp:paragraph --><!-- wp:paragraph --><\/p>\n<p>Morat concluy\u00f3 el evento con la canci\u00f3n <em>Par\u00eds<\/em>, por petici\u00f3n del publico, seguido de <em>Llamada Perdida<\/em>, <em>Besos en Guerra<\/em> y <em>La Polic\u00eda<\/em>, de sus \u00faltimos lanzamientos. Vi\u00f1a del Mar consigui\u00f3 \u201ccumplir un sue\u00f1o\u201d de la banda y la acogida de su publico supuso un <strong>\u00e9xito rotundo<\/strong>; este evento marca un punto de inflexi\u00f3n en su carrera musical, consolid\u00e1ndose como una de las agrupaciones mas influyentes de habla hispana en la actualidad.\u00a0<\/p>\n<p><!-- \/wp:paragraph --><!-- wp:paragraph --><\/p>\n<p><!-- \/wp:paragraph --><\/p>\t\t\t\t\t\t\t\t<\/div>\n\t\t\t\t<\/div>\n\t\t\t\t\t<\/div>\n\t\t<\/div>\n\t\t\t\t\t<\/div>\n\t\t<\/section>\n\t\t\t\t<\/div>","protected":false},"excerpt":{"rendered":"<p>La banda colombiana Morat realiz\u00f3 su debut en el Festival de Vi\u00f1a del Mar y consiguieron las gaviotas de Oro y Plata Morat realiz\u00f3 su debut en el Festival Internacional de la Canci\u00f3n de Vi\u00f1a del Mar con una actuaci\u00f3n que desat\u00f3 la euforia del p\u00fablico en la Quinta Vergara. Con una selecci\u00f3n de canciones [&hellip;]<\/p>\n","protected":false},"author":8,"featured_media":3865,"comment_status":"closed","ping_status":"closed","sticky":false,"template":"","format":"standard","meta":{"footnotes":""},"categories":[4],"tags":[],"class_list":["post-3863","post","type-post","status-publish","format-standard","has-post-thumbnail","hentry","category-musica"],"yoast_head":"<!-- This site is optimized with the Yoast SEO plugin v27.4 - https:\/\/yoast.com\/product\/yoast-seo-wordpress\/ -->\n<title>\u201cCumplimos un nuevo sue\u00f1o, gracias Chile, gracias Vi\u00f1a\u201d: el \u00e9xito de Morat en Vi\u00f1a del Mar\u00a02025 &#8902; Una y Mil Letras<\/title>\n<meta name=\"description\" content=\"La banda colombiana Morat realiz\u00f3 su debut en el Festival de Vi\u00f1a del Mar y consiguieron las gaviotas de Oro y Plata\" \/>\n<meta name=\"robots\" content=\"index, follow, max-snippet:-1, max-image-preview:large, max-video-preview:-1\" \/>\n<link rel=\"canonical\" href=\"https:\/\/unaymilletras.com\/en\/cumplimos-un-nuevo-sueno-gracias-chile-gracias-vina-el-exito-de-morat-en-vina-del-mar-2025\/\" \/>\n<meta property=\"og:locale\" content=\"en_GB\" \/>\n<meta property=\"og:type\" content=\"article\" \/>\n<meta property=\"og:title\" content=\"\u201cCumplimos un nuevo sue\u00f1o, gracias Chile, gracias Vi\u00f1a\u201d: el \u00e9xito de Morat en Vi\u00f1a del Mar\u00a02025 &#8902; Una y Mil Letras\" \/>\n<meta property=\"og:description\" content=\"La banda colombiana Morat realiz\u00f3 su debut en el Festival de Vi\u00f1a del Mar y consiguieron las gaviotas de Oro y Plata\" \/>\n<meta property=\"og:url\" content=\"https:\/\/unaymilletras.com\/en\/cumplimos-un-nuevo-sueno-gracias-chile-gracias-vina-el-exito-de-morat-en-vina-del-mar-2025\/\" \/>\n<meta property=\"og:site_name\" content=\"Una y Mil Letras\" \/>\n<meta property=\"article:published_time\" content=\"2025-03-06T10:46:33+00:00\" \/>\n<meta property=\"article:modified_time\" content=\"2025-03-06T10:50:58+00:00\" \/>\n<meta property=\"og:image\" content=\"http:\/\/unaymilletras.com\/wp-content\/uploads\/2025\/03\/IMM06028-scaled-e1741257680997.jpg\" \/>\n\t<meta property=\"og:image:width\" content=\"600\" \/>\n\t<meta property=\"og:image:height\" content=\"400\" \/>\n\t<meta property=\"og:image:type\" content=\"image\/jpeg\" \/>\n<meta name=\"author\" content=\"Alvany Pereira\" \/>\n<meta name=\"twitter:card\" content=\"summary_large_image\" \/>\n<meta name=\"twitter:creator\" content=\"@UnaYMilLetras\" \/>\n<meta name=\"twitter:site\" content=\"@UnaYMilLetras\" \/>\n<meta name=\"twitter:label1\" content=\"Written by\" \/>\n\t<meta name=\"twitter:data1\" content=\"Alvany Pereira\" \/>\n\t<meta name=\"twitter:label2\" content=\"Estimated reading time\" \/>\n\t<meta name=\"twitter:data2\" content=\"2 minutes\" \/>\n<script type=\"application\/ld+json\" class=\"yoast-schema-graph\">{\"@context\":\"https:\\\/\\\/schema.org\",\"@graph\":[{\"@type\":\"Article\",\"@id\":\"https:\\\/\\\/unaymilletras.com\\\/cumplimos-un-nuevo-sueno-gracias-chile-gracias-vina-el-exito-de-morat-en-vina-del-mar-2025\\\/#article\",\"isPartOf\":{\"@id\":\"https:\\\/\\\/unaymilletras.com\\\/cumplimos-un-nuevo-sueno-gracias-chile-gracias-vina-el-exito-de-morat-en-vina-del-mar-2025\\\/\"},\"author\":{\"name\":\"Alvany Pereira\",\"@id\":\"http:\\\/\\\/unaymilletras.com\\\/#\\\/schema\\\/person\\\/f9792b0b93704f9d3f6cef46c2048d7d\"},\"headline\":\"\u201cCumplimos un nuevo sue\u00f1o, gracias Chile, gracias Vi\u00f1a\u201d: el \u00e9xito de Morat en Vi\u00f1a del Mar\u00a02025\",\"datePublished\":\"2025-03-06T10:46:33+00:00\",\"dateModified\":\"2025-03-06T10:50:58+00:00\",\"mainEntityOfPage\":{\"@id\":\"https:\\\/\\\/unaymilletras.com\\\/cumplimos-un-nuevo-sueno-gracias-chile-gracias-vina-el-exito-de-morat-en-vina-del-mar-2025\\\/\"},\"wordCount\":348,\"publisher\":{\"@id\":\"http:\\\/\\\/unaymilletras.com\\\/#organization\"},\"image\":{\"@id\":\"https:\\\/\\\/unaymilletras.com\\\/cumplimos-un-nuevo-sueno-gracias-chile-gracias-vina-el-exito-de-morat-en-vina-del-mar-2025\\\/#primaryimage\"},\"thumbnailUrl\":\"https:\\\/\\\/unaymilletras.com\\\/wp-content\\\/uploads\\\/2025\\\/03\\\/IMM06028-scaled-e1741257680997.jpg\",\"articleSection\":[\"M\u00fasica\"],\"inLanguage\":\"en-GB\"},{\"@type\":\"WebPage\",\"@id\":\"https:\\\/\\\/unaymilletras.com\\\/cumplimos-un-nuevo-sueno-gracias-chile-gracias-vina-el-exito-de-morat-en-vina-del-mar-2025\\\/\",\"url\":\"https:\\\/\\\/unaymilletras.com\\\/cumplimos-un-nuevo-sueno-gracias-chile-gracias-vina-el-exito-de-morat-en-vina-del-mar-2025\\\/\",\"name\":\"\u201cCumplimos un nuevo sue\u00f1o, gracias Chile, gracias Vi\u00f1a\u201d: el \u00e9xito de Morat en Vi\u00f1a del Mar\u00a02025 &#8902; Una y Mil Letras\",\"isPartOf\":{\"@id\":\"http:\\\/\\\/unaymilletras.com\\\/#website\"},\"primaryImageOfPage\":{\"@id\":\"https:\\\/\\\/unaymilletras.com\\\/cumplimos-un-nuevo-sueno-gracias-chile-gracias-vina-el-exito-de-morat-en-vina-del-mar-2025\\\/#primaryimage\"},\"image\":{\"@id\":\"https:\\\/\\\/unaymilletras.com\\\/cumplimos-un-nuevo-sueno-gracias-chile-gracias-vina-el-exito-de-morat-en-vina-del-mar-2025\\\/#primaryimage\"},\"thumbnailUrl\":\"https:\\\/\\\/unaymilletras.com\\\/wp-content\\\/uploads\\\/2025\\\/03\\\/IMM06028-scaled-e1741257680997.jpg\",\"datePublished\":\"2025-03-06T10:46:33+00:00\",\"dateModified\":\"2025-03-06T10:50:58+00:00\",\"description\":\"La banda colombiana Morat realiz\u00f3 su debut en el Festival de Vi\u00f1a del Mar y consiguieron las gaviotas de Oro y Plata\",\"breadcrumb\":{\"@id\":\"https:\\\/\\\/unaymilletras.com\\\/cumplimos-un-nuevo-sueno-gracias-chile-gracias-vina-el-exito-de-morat-en-vina-del-mar-2025\\\/#breadcrumb\"},\"inLanguage\":\"en-GB\",\"potentialAction\":[{\"@type\":\"ReadAction\",\"target\":[\"https:\\\/\\\/unaymilletras.com\\\/cumplimos-un-nuevo-sueno-gracias-chile-gracias-vina-el-exito-de-morat-en-vina-del-mar-2025\\\/\"]}]},{\"@type\":\"ImageObject\",\"inLanguage\":\"en-GB\",\"@id\":\"https:\\\/\\\/unaymilletras.com\\\/cumplimos-un-nuevo-sueno-gracias-chile-gracias-vina-el-exito-de-morat-en-vina-del-mar-2025\\\/#primaryimage\",\"url\":\"https:\\\/\\\/unaymilletras.com\\\/wp-content\\\/uploads\\\/2025\\\/03\\\/IMM06028-scaled-e1741257680997.jpg\",\"contentUrl\":\"https:\\\/\\\/unaymilletras.com\\\/wp-content\\\/uploads\\\/2025\\\/03\\\/IMM06028-scaled-e1741257680997.jpg\",\"width\":600,\"height\":400,\"caption\":\"Morat\"},{\"@type\":\"BreadcrumbList\",\"@id\":\"https:\\\/\\\/unaymilletras.com\\\/cumplimos-un-nuevo-sueno-gracias-chile-gracias-vina-el-exito-de-morat-en-vina-del-mar-2025\\\/#breadcrumb\",\"itemListElement\":[{\"@type\":\"ListItem\",\"position\":1,\"name\":\"Home\",\"item\":\"http:\\\/\\\/unaymilletras.com\\\/\"},{\"@type\":\"ListItem\",\"position\":2,\"name\":\"\u201cCumplimos un nuevo sue\u00f1o, gracias Chile, gracias Vi\u00f1a\u201d: el \u00e9xito de Morat en Vi\u00f1a del Mar\u00a02025\"}]},{\"@type\":\"WebSite\",\"@id\":\"http:\\\/\\\/unaymilletras.com\\\/#website\",\"url\":\"http:\\\/\\\/unaymilletras.com\\\/\",\"name\":\"Una y Mil Letras\",\"description\":\"\",\"publisher\":{\"@id\":\"http:\\\/\\\/unaymilletras.com\\\/#organization\"},\"potentialAction\":[{\"@type\":\"SearchAction\",\"target\":{\"@type\":\"EntryPoint\",\"urlTemplate\":\"http:\\\/\\\/unaymilletras.com\\\/?s={search_term_string}\"},\"query-input\":{\"@type\":\"PropertyValueSpecification\",\"valueRequired\":true,\"valueName\":\"search_term_string\"}}],\"inLanguage\":\"en-GB\"},{\"@type\":\"Organization\",\"@id\":\"http:\\\/\\\/unaymilletras.com\\\/#organization\",\"name\":\"Una y Mil Letras\",\"url\":\"http:\\\/\\\/unaymilletras.com\\\/\",\"logo\":{\"@type\":\"ImageObject\",\"inLanguage\":\"en-GB\",\"@id\":\"http:\\\/\\\/unaymilletras.com\\\/#\\\/schema\\\/logo\\\/image\\\/\",\"url\":\"https:\\\/\\\/unaymilletras.com\\\/wp-content\\\/uploads\\\/2024\\\/06\\\/cropped-Logo-removebg-preview.png\",\"contentUrl\":\"https:\\\/\\\/unaymilletras.com\\\/wp-content\\\/uploads\\\/2024\\\/06\\\/cropped-Logo-removebg-preview.png\",\"width\":512,\"height\":512,\"caption\":\"Una y Mil Letras\"},\"image\":{\"@id\":\"http:\\\/\\\/unaymilletras.com\\\/#\\\/schema\\\/logo\\\/image\\\/\"},\"sameAs\":[\"https:\\\/\\\/x.com\\\/UnaYMilLetras\",\"https:\\\/\\\/instagram.com\\\/UnaYMilLetras\"]},{\"@type\":\"Person\",\"@id\":\"http:\\\/\\\/unaymilletras.com\\\/#\\\/schema\\\/person\\\/f9792b0b93704f9d3f6cef46c2048d7d\",\"name\":\"Alvany Pereira\",\"image\":{\"@type\":\"ImageObject\",\"inLanguage\":\"en-GB\",\"@id\":\"https:\\\/\\\/secure.gravatar.com\\\/avatar\\\/1a5fbcc81714220624d70f391a6187cd1434ccfcb154238afd238d6b8bb7f593?s=96&d=mm&r=g\",\"url\":\"https:\\\/\\\/secure.gravatar.com\\\/avatar\\\/1a5fbcc81714220624d70f391a6187cd1434ccfcb154238afd238d6b8bb7f593?s=96&d=mm&r=g\",\"contentUrl\":\"https:\\\/\\\/secure.gravatar.com\\\/avatar\\\/1a5fbcc81714220624d70f391a6187cd1434ccfcb154238afd238d6b8bb7f593?s=96&d=mm&r=g\",\"caption\":\"Alvany Pereira\"},\"url\":\"https:\\\/\\\/unaymilletras.com\\\/en\\\/author\\\/alvanysophia\\\/\"}]}<\/script>\n<!-- \/ Yoast SEO plugin. -->","yoast_head_json":{"title":"\u201cCumplimos un nuevo sue\u00f1o, gracias Chile, gracias Vi\u00f1a\u201d: el \u00e9xito de Morat en Vi\u00f1a del Mar\u00a02025 &#8902; Una y Mil Letras","description":"La banda colombiana Morat realiz\u00f3 su debut en el Festival de Vi\u00f1a del Mar y consiguieron las gaviotas de Oro y Plata","robots":{"index":"index","follow":"follow","max-snippet":"max-snippet:-1","max-image-preview":"max-image-preview:large","max-video-preview":"max-video-preview:-1"},"canonical":"https:\/\/unaymilletras.com\/en\/cumplimos-un-nuevo-sueno-gracias-chile-gracias-vina-el-exito-de-morat-en-vina-del-mar-2025\/","og_locale":"en_GB","og_type":"article","og_title":"\u201cCumplimos un nuevo sue\u00f1o, gracias Chile, gracias Vi\u00f1a\u201d: el \u00e9xito de Morat en Vi\u00f1a del Mar\u00a02025 &#8902; Una y Mil Letras","og_description":"La banda colombiana Morat realiz\u00f3 su debut en el Festival de Vi\u00f1a del Mar y consiguieron las gaviotas de Oro y Plata","og_url":"https:\/\/unaymilletras.com\/en\/cumplimos-un-nuevo-sueno-gracias-chile-gracias-vina-el-exito-de-morat-en-vina-del-mar-2025\/","og_site_name":"Una y Mil Letras","article_published_time":"2025-03-06T10:46:33+00:00","article_modified_time":"2025-03-06T10:50:58+00:00","og_image":[{"width":600,"height":400,"url":"http:\/\/unaymilletras.com\/wp-content\/uploads\/2025\/03\/IMM06028-scaled-e1741257680997.jpg","type":"image\/jpeg"}],"author":"Alvany Pereira","twitter_card":"summary_large_image","twitter_creator":"@UnaYMilLetras","twitter_site":"@UnaYMilLetras","twitter_misc":{"Written by":"Alvany Pereira","Estimated reading time":"2 minutes"},"schema":{"@context":"https:\/\/schema.org","@graph":[{"@type":"Article","@id":"https:\/\/unaymilletras.com\/cumplimos-un-nuevo-sueno-gracias-chile-gracias-vina-el-exito-de-morat-en-vina-del-mar-2025\/#article","isPartOf":{"@id":"https:\/\/unaymilletras.com\/cumplimos-un-nuevo-sueno-gracias-chile-gracias-vina-el-exito-de-morat-en-vina-del-mar-2025\/"},"author":{"name":"Alvany Pereira","@id":"http:\/\/unaymilletras.com\/#\/schema\/person\/f9792b0b93704f9d3f6cef46c2048d7d"},"headline":"\u201cCumplimos un nuevo sue\u00f1o, gracias Chile, gracias Vi\u00f1a\u201d: el \u00e9xito de Morat en Vi\u00f1a del Mar\u00a02025","datePublished":"2025-03-06T10:46:33+00:00","dateModified":"2025-03-06T10:50:58+00:00","mainEntityOfPage":{"@id":"https:\/\/unaymilletras.com\/cumplimos-un-nuevo-sueno-gracias-chile-gracias-vina-el-exito-de-morat-en-vina-del-mar-2025\/"},"wordCount":348,"publisher":{"@id":"http:\/\/unaymilletras.com\/#organization"},"image":{"@id":"https:\/\/unaymilletras.com\/cumplimos-un-nuevo-sueno-gracias-chile-gracias-vina-el-exito-de-morat-en-vina-del-mar-2025\/#primaryimage"},"thumbnailUrl":"https:\/\/unaymilletras.com\/wp-content\/uploads\/2025\/03\/IMM06028-scaled-e1741257680997.jpg","articleSection":["M\u00fasica"],"inLanguage":"en-GB"},{"@type":"WebPage","@id":"https:\/\/unaymilletras.com\/cumplimos-un-nuevo-sueno-gracias-chile-gracias-vina-el-exito-de-morat-en-vina-del-mar-2025\/","url":"https:\/\/unaymilletras.com\/cumplimos-un-nuevo-sueno-gracias-chile-gracias-vina-el-exito-de-morat-en-vina-del-mar-2025\/","name":"\u201cCumplimos un nuevo sue\u00f1o, gracias Chile, gracias Vi\u00f1a\u201d: el \u00e9xito de Morat en Vi\u00f1a del Mar\u00a02025 &#8902; Una y Mil Letras","isPartOf":{"@id":"http:\/\/unaymilletras.com\/#website"},"primaryImageOfPage":{"@id":"https:\/\/unaymilletras.com\/cumplimos-un-nuevo-sueno-gracias-chile-gracias-vina-el-exito-de-morat-en-vina-del-mar-2025\/#primaryimage"},"image":{"@id":"https:\/\/unaymilletras.com\/cumplimos-un-nuevo-sueno-gracias-chile-gracias-vina-el-exito-de-morat-en-vina-del-mar-2025\/#primaryimage"},"thumbnailUrl":"https:\/\/unaymilletras.com\/wp-content\/uploads\/2025\/03\/IMM06028-scaled-e1741257680997.jpg","datePublished":"2025-03-06T10:46:33+00:00","dateModified":"2025-03-06T10:50:58+00:00","description":"La banda colombiana Morat realiz\u00f3 su debut en el Festival de Vi\u00f1a del Mar y consiguieron las gaviotas de Oro y Plata","breadcrumb":{"@id":"https:\/\/unaymilletras.com\/cumplimos-un-nuevo-sueno-gracias-chile-gracias-vina-el-exito-de-morat-en-vina-del-mar-2025\/#breadcrumb"},"inLanguage":"en-GB","potentialAction":[{"@type":"ReadAction","target":["https:\/\/unaymilletras.com\/cumplimos-un-nuevo-sueno-gracias-chile-gracias-vina-el-exito-de-morat-en-vina-del-mar-2025\/"]}]},{"@type":"ImageObject","inLanguage":"en-GB","@id":"https:\/\/unaymilletras.com\/cumplimos-un-nuevo-sueno-gracias-chile-gracias-vina-el-exito-de-morat-en-vina-del-mar-2025\/#primaryimage","url":"https:\/\/unaymilletras.com\/wp-content\/uploads\/2025\/03\/IMM06028-scaled-e1741257680997.jpg","contentUrl":"https:\/\/unaymilletras.com\/wp-content\/uploads\/2025\/03\/IMM06028-scaled-e1741257680997.jpg","width":600,"height":400,"caption":"Morat"},{"@type":"BreadcrumbList","@id":"https:\/\/unaymilletras.com\/cumplimos-un-nuevo-sueno-gracias-chile-gracias-vina-el-exito-de-morat-en-vina-del-mar-2025\/#breadcrumb","itemListElement":[{"@type":"ListItem","position":1,"name":"Home","item":"http:\/\/unaymilletras.com\/"},{"@type":"ListItem","position":2,"name":"\u201cCumplimos un nuevo sue\u00f1o, gracias Chile, gracias Vi\u00f1a\u201d: el \u00e9xito de Morat en Vi\u00f1a del Mar\u00a02025"}]},{"@type":"WebSite","@id":"http:\/\/unaymilletras.com\/#website","url":"http:\/\/unaymilletras.com\/","name":"Una y Mil Letras","description":"","publisher":{"@id":"http:\/\/unaymilletras.com\/#organization"},"potentialAction":[{"@type":"SearchAction","target":{"@type":"EntryPoint","urlTemplate":"http:\/\/unaymilletras.com\/?s={search_term_string}"},"query-input":{"@type":"PropertyValueSpecification","valueRequired":true,"valueName":"search_term_string"}}],"inLanguage":"en-GB"},{"@type":"Organization","@id":"http:\/\/unaymilletras.com\/#organization","name":"Una y Mil Letras","url":"http:\/\/unaymilletras.com\/","logo":{"@type":"ImageObject","inLanguage":"en-GB","@id":"http:\/\/unaymilletras.com\/#\/schema\/logo\/image\/","url":"https:\/\/unaymilletras.com\/wp-content\/uploads\/2024\/06\/cropped-Logo-removebg-preview.png","contentUrl":"https:\/\/unaymilletras.com\/wp-content\/uploads\/2024\/06\/cropped-Logo-removebg-preview.png","width":512,"height":512,"caption":"Una y Mil Letras"},"image":{"@id":"http:\/\/unaymilletras.com\/#\/schema\/logo\/image\/"},"sameAs":["https:\/\/x.com\/UnaYMilLetras","https:\/\/instagram.com\/UnaYMilLetras"]},{"@type":"Person","@id":"http:\/\/unaymilletras.com\/#\/schema\/person\/f9792b0b93704f9d3f6cef46c2048d7d","name":"Alvany Pereira","image":{"@type":"ImageObject","inLanguage":"en-GB","@id":"https:\/\/secure.gravatar.com\/avatar\/1a5fbcc81714220624d70f391a6187cd1434ccfcb154238afd238d6b8bb7f593?s=96&d=mm&r=g","url":"https:\/\/secure.gravatar.com\/avatar\/1a5fbcc81714220624d70f391a6187cd1434ccfcb154238afd238d6b8bb7f593?s=96&d=mm&r=g","contentUrl":"https:\/\/secure.gravatar.com\/avatar\/1a5fbcc81714220624d70f391a6187cd1434ccfcb154238afd238d6b8bb7f593?s=96&d=mm&r=g","caption":"Alvany Pereira"},"url":"https:\/\/unaymilletras.com\/en\/author\/alvanysophia\/"}]}},"_links":{"self":[{"href":"https:\/\/unaymilletras.com\/en\/wp-json\/wp\/v2\/posts\/3863","targetHints":{"allow":["GET"]}}],"collection":[{"href":"https:\/\/unaymilletras.com\/en\/wp-json\/wp\/v2\/posts"}],"about":[{"href":"https:\/\/unaymilletras.com\/en\/wp-json\/wp\/v2\/types\/post"}],"author":[{"embeddable":true,"href":"https:\/\/unaymilletras.com\/en\/wp-json\/wp\/v2\/users\/8"}],"replies":[{"embeddable":true,"href":"https:\/\/unaymilletras.com\/en\/wp-json\/wp\/v2\/comments?post=3863"}],"version-history":[{"count":11,"href":"https:\/\/unaymilletras.com\/en\/wp-json\/wp\/v2\/posts\/3863\/revisions"}],"predecessor-version":[{"id":3879,"href":"https:\/\/unaymilletras.com\/en\/wp-json\/wp\/v2\/posts\/3863\/revisions\/3879"}],"wp:featuredmedia":[{"embeddable":true,"href":"https:\/\/unaymilletras.com\/en\/wp-json\/wp\/v2\/media\/3865"}],"wp:attachment":[{"href":"https:\/\/unaymilletras.com\/en\/wp-json\/wp\/v2\/media?parent=3863"}],"wp:term":[{"taxonomy":"category","embeddable":true,"href":"https:\/\/unaymilletras.com\/en\/wp-json\/wp\/v2\/categories?post=3863"},{"taxonomy":"post_tag","embeddable":true,"href":"https:\/\/unaymilletras.com\/en\/wp-json\/wp\/v2\/tags?post=3863"}],"curies":[{"name":"wp","href":"https:\/\/api.w.org\/{rel}","templated":true}]}}