{"id":3881,"date":"2025-03-07T14:42:32","date_gmt":"2025-03-07T13:42:32","guid":{"rendered":"https:\/\/unaymilletras.com\/?p=3881"},"modified":"2025-03-07T15:03:43","modified_gmt":"2025-03-07T14:03:43","slug":"kaelis-un-salto-a-los-cielos-para-abrazar-la-incertidumbre-el-nuevo-album-de-lia-kali","status":"publish","type":"post","link":"https:\/\/unaymilletras.com\/en\/kaelis-un-salto-a-los-cielos-para-abrazar-la-incertidumbre-el-nuevo-album-de-lia-kali\/","title":{"rendered":"Kaelis, un salto a los cielos para abrazar la incertidumbre: el nuevo \u00e1lbum de Lia Kali\u00a0"},"content":{"rendered":"<div data-elementor-type=\"wp-post\" data-elementor-id=\"3881\" class=\"elementor elementor-3881\">\n\t\t\t\t\t\t<section class=\"elementor-section elementor-top-section elementor-element elementor-element-9a1ec2b elementor-section-boxed elementor-section-height-default elementor-section-height-default\" data-id=\"9a1ec2b\" data-element_type=\"section\" data-e-type=\"section\">\n\t\t\t\t\t\t<div class=\"elementor-container elementor-column-gap-default\">\n\t\t\t\t\t<div class=\"elementor-column elementor-col-100 elementor-top-column elementor-element elementor-element-25af2dd\" data-id=\"25af2dd\" data-element_type=\"column\" data-e-type=\"column\">\n\t\t\t<div class=\"elementor-widget-wrap elementor-element-populated\">\n\t\t\t\t\t\t<div class=\"elementor-element elementor-element-569285d elementor-widget elementor-widget-text-editor\" data-id=\"569285d\" data-element_type=\"widget\" data-e-type=\"widget\" data-widget_type=\"text-editor.default\">\n\t\t\t\t<div class=\"elementor-widget-container\">\n\t\t\t\t\t\t\t\t\t<h2 style=\"text-align: center\"><span style=\"color: #808080\"><em>La cantante y compositora Lia Kali anuncia el lanzamiento de su nuevo \u00e1lbum, Kaelis, disponible el pr\u00f3ximo 21 de marzo<\/em><\/span><\/h2>\t\t\t\t\t\t\t\t<\/div>\n\t\t\t\t<\/div>\n\t\t\t\t\t<\/div>\n\t\t<\/div>\n\t\t\t\t\t<\/div>\n\t\t<\/section>\n\t\t\t\t<section class=\"elementor-section elementor-top-section elementor-element elementor-element-7075b86f elementor-section-boxed elementor-section-height-default elementor-section-height-default\" data-id=\"7075b86f\" data-element_type=\"section\" data-e-type=\"section\">\n\t\t\t\t\t\t<div class=\"elementor-container elementor-column-gap-default\">\n\t\t\t\t\t<div class=\"elementor-column elementor-col-100 elementor-top-column elementor-element elementor-element-615af4c4\" data-id=\"615af4c4\" data-element_type=\"column\" data-e-type=\"column\">\n\t\t\t<div class=\"elementor-widget-wrap elementor-element-populated\">\n\t\t\t\t\t\t<div class=\"elementor-element elementor-element-4d1d4747 elementor-widget elementor-widget-text-editor\" data-id=\"4d1d4747\" data-element_type=\"widget\" data-e-type=\"widget\" data-widget_type=\"text-editor.default\">\n\t\t\t\t<div class=\"elementor-widget-container\">\n\t\t\t\t\t\t\t\t\t<p><\/p>\n<p>La cantante y compositora barcelonesa Lia Kali ha anunciado el lanzamiento de su nuevo \u00e1lbum, <em>Kaelis<\/em>, que saldr\u00e1 en plataformas digitales el <strong>pr\u00f3ximo 21 de marzo. <\/strong>Concebido en palabras de la artista como \u201cun salto a los cielos para abrazar la incertidumbre\u201d, el disco presenta una evoluci\u00f3n en su sonido y un paso para su consolidaci\u00f3n como <strong>\u00e9xito internacional.<\/strong>\u00a0<\/p>\n<p><\/p>\n<p><\/p>\n<p>Con una lista de <strong>17 temas<\/strong>, <em>Kaelis<\/em> fusiona una producci\u00f3n de base urbana con elementos org\u00e1nicos, bajo la direcci\u00f3n del productor granadino Toni Anzis y el californiano Larrance \u201cRance 1500\u201d Dopson. La combinaci\u00f3n de estos estilos refuerza el sello personal de Lia Kali, cuya voz sigue siendo la sinton\u00eda central de su propuesta.\u00a0<\/p>\n<p><\/p>\t\t\t\t\t\t\t\t<\/div>\n\t\t\t\t<\/div>\n\t\t\t\t\t<\/div>\n\t\t<\/div>\n\t\t\t\t\t<\/div>\n\t\t<\/section>\n\t\t\t\t<section class=\"elementor-section elementor-top-section elementor-element elementor-element-b5e0c6b elementor-section-boxed elementor-section-height-default elementor-section-height-default\" data-id=\"b5e0c6b\" data-element_type=\"section\" data-e-type=\"section\">\n\t\t\t\t\t\t<div class=\"elementor-container elementor-column-gap-default\">\n\t\t\t\t\t<div class=\"elementor-column elementor-col-100 elementor-top-column elementor-element elementor-element-e281a64\" data-id=\"e281a64\" data-element_type=\"column\" data-e-type=\"column\">\n\t\t\t<div class=\"elementor-widget-wrap elementor-element-populated\">\n\t\t\t\t\t\t<div class=\"elementor-element elementor-element-3a0706c elementor-widget elementor-widget-image\" data-id=\"3a0706c\" data-element_type=\"widget\" data-e-type=\"widget\" data-widget_type=\"image.default\">\n\t\t\t\t<div class=\"elementor-widget-container\">\n\t\t\t\t\t\t\t\t\t\t\t\t\t\t\t<img fetchpriority=\"high\" decoding=\"async\" width=\"600\" height=\"600\" src=\"https:\/\/unaymilletras.com\/wp-content\/uploads\/2025\/03\/IMG_0966-e1741280041207.jpeg\" class=\"attachment-large size-large wp-image-3885\" alt=\"Lia Kali\" \/>\t\t\t\t\t\t\t\t\t\t\t\t\t\t\t<\/div>\n\t\t\t\t<\/div>\n\t\t\t\t\t<\/div>\n\t\t<\/div>\n\t\t\t\t\t<\/div>\n\t\t<\/section>\n\t\t\t\t<section class=\"elementor-section elementor-top-section elementor-element elementor-element-35a0896 elementor-section-boxed elementor-section-height-default elementor-section-height-default\" data-id=\"35a0896\" data-element_type=\"section\" data-e-type=\"section\">\n\t\t\t\t\t\t<div class=\"elementor-container elementor-column-gap-default\">\n\t\t\t\t\t<div class=\"elementor-column elementor-col-100 elementor-top-column elementor-element elementor-element-1e1d462\" data-id=\"1e1d462\" data-element_type=\"column\" data-e-type=\"column\">\n\t\t\t<div class=\"elementor-widget-wrap elementor-element-populated\">\n\t\t\t\t\t\t<div class=\"elementor-element elementor-element-8978f35 elementor-widget elementor-widget-text-editor\" data-id=\"8978f35\" data-element_type=\"widget\" data-e-type=\"widget\" data-widget_type=\"text-editor.default\">\n\t\t\t\t<div class=\"elementor-widget-container\">\n\t\t\t\t\t\t\t\t\t<p>Uno de los temas m\u00e1s esperados del disco es sin duda\u00a0<em>Chulx<\/em>, una colaboraci\u00f3n con\u00a0<strong>Eladio Carri\u00f3n. <\/strong>Nace\u00a0tras su participaci\u00f3n en un Tony Desk en Washington. Desde su lanzamiento como adelanto del \u00e1lbum, la <span style=\"color: #808080\"><a style=\"color: #808080\" href=\"https:\/\/unaymilletras.com\/en\/duki-estrena-el-segundo-adelanto-de-ameri-junto-a-lia-kali\/\">canci\u00f3n<\/a><\/span> ha conseguido un \u00e9xito global, llegando a situarse en el\u00a0<strong>top 200 de Spotify\u00a0<\/strong>en m\u00e1s de 15 pa\u00edses. Adem\u00e1s, Kaelis incluye una colaboraci\u00f3n con el rapero estadounidense Symba en una lista de canciones donde predominan temas exclusivos.\u00a0<\/p>\n<p>De acuerdo con la propia Julia Isern este \u00e1lbum ha sido uno de los\u00a0<strong>desaf\u00edos m\u00e1s grandes<\/strong>\u00a0de su carrera: \u201cHe tenido momentos de todo: de sentirme incapaz, de constantes turbulencias, de volver a empezar\u2026 y sobre todo de entender que nada de esto ten\u00eda sentido si no lo disfrutaba como cuando empec\u00e9\u201d. Con este nuevo \u00e1lbum, Lia Kali se adentra en un nuevo viaje musical que recorre multitud de sentimientos, acompa\u00f1ados del \u00e9xito y la incertidumbre. Un salto al vac\u00edo en el que esta vez ha decidido asumir los riesgos de volar sin miedo.\u00a0<\/p>\t\t\t\t\t\t\t\t<\/div>\n\t\t\t\t<\/div>\n\t\t\t\t\t<\/div>\n\t\t<\/div>\n\t\t\t\t\t<\/div>\n\t\t<\/section>\n\t\t\t\t<section class=\"elementor-section elementor-top-section elementor-element elementor-element-1b4e38d elementor-section-boxed elementor-section-height-default elementor-section-height-default\" data-id=\"1b4e38d\" data-element_type=\"section\" data-e-type=\"section\">\n\t\t\t\t\t\t<div class=\"elementor-container elementor-column-gap-default\">\n\t\t\t\t\t<div class=\"elementor-column elementor-col-100 elementor-top-column elementor-element elementor-element-7ea1b5c\" data-id=\"7ea1b5c\" data-element_type=\"column\" data-e-type=\"column\">\n\t\t\t<div class=\"elementor-widget-wrap elementor-element-populated\">\n\t\t\t\t\t\t<div class=\"elementor-element elementor-element-263bf39 elementor-widget elementor-widget-video\" data-id=\"263bf39\" data-element_type=\"widget\" data-e-type=\"widget\" data-settings=\"{&quot;youtube_url&quot;:&quot;https:\\\/\\\/youtu.be\\\/NFDnOCYmdUo?si=fUBDJsTVVvFJDLyN&quot;,&quot;video_type&quot;:&quot;youtube&quot;,&quot;controls&quot;:&quot;yes&quot;}\" data-widget_type=\"video.default\">\n\t\t\t\t<div class=\"elementor-widget-container\">\n\t\t\t\t\t\t\t<div class=\"elementor-wrapper elementor-open-inline\">\n\t\t\t<div class=\"elementor-video\"><\/div>\t\t<\/div>\n\t\t\t\t\t\t<\/div>\n\t\t\t\t<\/div>\n\t\t\t\t\t<\/div>\n\t\t<\/div>\n\t\t\t\t\t<\/div>\n\t\t<\/section>\n\t\t\t\t<\/div>","protected":false},"excerpt":{"rendered":"<p>La cantante y compositora Lia Kali anuncia el lanzamiento de su nuevo \u00e1lbum, Kaelis, disponible el pr\u00f3ximo 21 de marzo La cantante y compositora barcelonesa Lia Kali ha anunciado el lanzamiento de su nuevo \u00e1lbum, Kaelis, que saldr\u00e1 en plataformas digitales el pr\u00f3ximo 21 de marzo. Concebido en palabras de la artista como \u201cun salto [&hellip;]<\/p>\n","protected":false},"author":8,"featured_media":3885,"comment_status":"closed","ping_status":"closed","sticky":false,"template":"","format":"standard","meta":{"footnotes":""},"categories":[4],"tags":[],"class_list":["post-3881","post","type-post","status-publish","format-standard","has-post-thumbnail","hentry","category-musica"],"yoast_head":"<!-- This site is optimized with the Yoast SEO plugin v27.4 - https:\/\/yoast.com\/product\/yoast-seo-wordpress\/ -->\n<title>Kaelis, un salto a los cielos para abrazar la incertidumbre: el nuevo \u00e1lbum de Lia Kali\u00a0<\/title>\n<meta name=\"description\" content=\"La cantante y compositora barcelonesa Lia Kali ha anunciado el lanzamiento de su nuevo \u00e1lbum, Kaelis, disponible el pr\u00f3ximo 21 de marzo\" \/>\n<meta name=\"robots\" content=\"index, follow, max-snippet:-1, max-image-preview:large, max-video-preview:-1\" \/>\n<link rel=\"canonical\" href=\"https:\/\/unaymilletras.com\/en\/kaelis-un-salto-a-los-cielos-para-abrazar-la-incertidumbre-el-nuevo-album-de-lia-kali\/\" \/>\n<meta property=\"og:locale\" content=\"en_GB\" \/>\n<meta property=\"og:type\" content=\"article\" \/>\n<meta property=\"og:title\" content=\"Kaelis, un salto a los cielos para abrazar la incertidumbre: el nuevo \u00e1lbum de Lia Kali\u00a0\" \/>\n<meta property=\"og:description\" content=\"La cantante y compositora barcelonesa Lia Kali ha anunciado el lanzamiento de su nuevo \u00e1lbum, Kaelis, disponible el pr\u00f3ximo 21 de marzo\" \/>\n<meta property=\"og:url\" content=\"https:\/\/unaymilletras.com\/en\/kaelis-un-salto-a-los-cielos-para-abrazar-la-incertidumbre-el-nuevo-album-de-lia-kali\/\" \/>\n<meta property=\"og:site_name\" content=\"Una y Mil Letras\" \/>\n<meta property=\"article:published_time\" content=\"2025-03-07T13:42:32+00:00\" \/>\n<meta property=\"article:modified_time\" content=\"2025-03-07T14:03:43+00:00\" \/>\n<meta property=\"og:image\" content=\"http:\/\/unaymilletras.com\/wp-content\/uploads\/2025\/03\/IMG_0966-e1741280041207.jpeg\" \/>\n\t<meta property=\"og:image:width\" content=\"600\" \/>\n\t<meta property=\"og:image:height\" content=\"600\" \/>\n\t<meta property=\"og:image:type\" content=\"image\/jpeg\" \/>\n<meta name=\"author\" content=\"Alvany Pereira\" \/>\n<meta name=\"twitter:card\" content=\"summary_large_image\" \/>\n<meta name=\"twitter:creator\" content=\"@UnaYMilLetras\" \/>\n<meta name=\"twitter:site\" content=\"@UnaYMilLetras\" \/>\n<meta name=\"twitter:label1\" content=\"Written by\" \/>\n\t<meta name=\"twitter:data1\" content=\"Alvany Pereira\" \/>\n\t<meta name=\"twitter:label2\" content=\"Estimated reading time\" \/>\n\t<meta name=\"twitter:data2\" content=\"2 minutes\" \/>\n<script type=\"application\/ld+json\" class=\"yoast-schema-graph\">{\"@context\":\"https:\\\/\\\/schema.org\",\"@graph\":[{\"@type\":\"Article\",\"@id\":\"https:\\\/\\\/unaymilletras.com\\\/kaelis-un-salto-a-los-cielos-para-abrazar-la-incertidumbre-el-nuevo-album-de-lia-kali\\\/#article\",\"isPartOf\":{\"@id\":\"https:\\\/\\\/unaymilletras.com\\\/kaelis-un-salto-a-los-cielos-para-abrazar-la-incertidumbre-el-nuevo-album-de-lia-kali\\\/\"},\"author\":{\"name\":\"Alvany Pereira\",\"@id\":\"http:\\\/\\\/unaymilletras.com\\\/#\\\/schema\\\/person\\\/f9792b0b93704f9d3f6cef46c2048d7d\"},\"headline\":\"Kaelis, un salto a los cielos para abrazar la incertidumbre: el nuevo \u00e1lbum de Lia Kali\u00a0\",\"datePublished\":\"2025-03-07T13:42:32+00:00\",\"dateModified\":\"2025-03-07T14:03:43+00:00\",\"mainEntityOfPage\":{\"@id\":\"https:\\\/\\\/unaymilletras.com\\\/kaelis-un-salto-a-los-cielos-para-abrazar-la-incertidumbre-el-nuevo-album-de-lia-kali\\\/\"},\"wordCount\":340,\"publisher\":{\"@id\":\"http:\\\/\\\/unaymilletras.com\\\/#organization\"},\"image\":{\"@id\":\"https:\\\/\\\/unaymilletras.com\\\/kaelis-un-salto-a-los-cielos-para-abrazar-la-incertidumbre-el-nuevo-album-de-lia-kali\\\/#primaryimage\"},\"thumbnailUrl\":\"https:\\\/\\\/unaymilletras.com\\\/wp-content\\\/uploads\\\/2025\\\/03\\\/IMG_0966-e1741280041207.jpeg\",\"articleSection\":[\"M\u00fasica\"],\"inLanguage\":\"en-GB\"},{\"@type\":\"WebPage\",\"@id\":\"https:\\\/\\\/unaymilletras.com\\\/kaelis-un-salto-a-los-cielos-para-abrazar-la-incertidumbre-el-nuevo-album-de-lia-kali\\\/\",\"url\":\"https:\\\/\\\/unaymilletras.com\\\/kaelis-un-salto-a-los-cielos-para-abrazar-la-incertidumbre-el-nuevo-album-de-lia-kali\\\/\",\"name\":\"Kaelis, un salto a los cielos para abrazar la incertidumbre: el nuevo \u00e1lbum de Lia Kali\u00a0\",\"isPartOf\":{\"@id\":\"http:\\\/\\\/unaymilletras.com\\\/#website\"},\"primaryImageOfPage\":{\"@id\":\"https:\\\/\\\/unaymilletras.com\\\/kaelis-un-salto-a-los-cielos-para-abrazar-la-incertidumbre-el-nuevo-album-de-lia-kali\\\/#primaryimage\"},\"image\":{\"@id\":\"https:\\\/\\\/unaymilletras.com\\\/kaelis-un-salto-a-los-cielos-para-abrazar-la-incertidumbre-el-nuevo-album-de-lia-kali\\\/#primaryimage\"},\"thumbnailUrl\":\"https:\\\/\\\/unaymilletras.com\\\/wp-content\\\/uploads\\\/2025\\\/03\\\/IMG_0966-e1741280041207.jpeg\",\"datePublished\":\"2025-03-07T13:42:32+00:00\",\"dateModified\":\"2025-03-07T14:03:43+00:00\",\"description\":\"La cantante y compositora barcelonesa Lia Kali ha anunciado el lanzamiento de su nuevo \u00e1lbum, Kaelis, disponible el pr\u00f3ximo 21 de marzo\",\"breadcrumb\":{\"@id\":\"https:\\\/\\\/unaymilletras.com\\\/kaelis-un-salto-a-los-cielos-para-abrazar-la-incertidumbre-el-nuevo-album-de-lia-kali\\\/#breadcrumb\"},\"inLanguage\":\"en-GB\",\"potentialAction\":[{\"@type\":\"ReadAction\",\"target\":[\"https:\\\/\\\/unaymilletras.com\\\/kaelis-un-salto-a-los-cielos-para-abrazar-la-incertidumbre-el-nuevo-album-de-lia-kali\\\/\"]}]},{\"@type\":\"ImageObject\",\"inLanguage\":\"en-GB\",\"@id\":\"https:\\\/\\\/unaymilletras.com\\\/kaelis-un-salto-a-los-cielos-para-abrazar-la-incertidumbre-el-nuevo-album-de-lia-kali\\\/#primaryimage\",\"url\":\"https:\\\/\\\/unaymilletras.com\\\/wp-content\\\/uploads\\\/2025\\\/03\\\/IMG_0966-e1741280041207.jpeg\",\"contentUrl\":\"https:\\\/\\\/unaymilletras.com\\\/wp-content\\\/uploads\\\/2025\\\/03\\\/IMG_0966-e1741280041207.jpeg\",\"width\":600,\"height\":600,\"caption\":\"Lia Kali\"},{\"@type\":\"BreadcrumbList\",\"@id\":\"https:\\\/\\\/unaymilletras.com\\\/kaelis-un-salto-a-los-cielos-para-abrazar-la-incertidumbre-el-nuevo-album-de-lia-kali\\\/#breadcrumb\",\"itemListElement\":[{\"@type\":\"ListItem\",\"position\":1,\"name\":\"Home\",\"item\":\"http:\\\/\\\/unaymilletras.com\\\/\"},{\"@type\":\"ListItem\",\"position\":2,\"name\":\"Kaelis, un salto a los cielos para abrazar la incertidumbre: el nuevo \u00e1lbum de Lia Kali\u00a0\"}]},{\"@type\":\"WebSite\",\"@id\":\"http:\\\/\\\/unaymilletras.com\\\/#website\",\"url\":\"http:\\\/\\\/unaymilletras.com\\\/\",\"name\":\"Una y Mil Letras\",\"description\":\"\",\"publisher\":{\"@id\":\"http:\\\/\\\/unaymilletras.com\\\/#organization\"},\"potentialAction\":[{\"@type\":\"SearchAction\",\"target\":{\"@type\":\"EntryPoint\",\"urlTemplate\":\"http:\\\/\\\/unaymilletras.com\\\/?s={search_term_string}\"},\"query-input\":{\"@type\":\"PropertyValueSpecification\",\"valueRequired\":true,\"valueName\":\"search_term_string\"}}],\"inLanguage\":\"en-GB\"},{\"@type\":\"Organization\",\"@id\":\"http:\\\/\\\/unaymilletras.com\\\/#organization\",\"name\":\"Una y Mil Letras\",\"url\":\"http:\\\/\\\/unaymilletras.com\\\/\",\"logo\":{\"@type\":\"ImageObject\",\"inLanguage\":\"en-GB\",\"@id\":\"http:\\\/\\\/unaymilletras.com\\\/#\\\/schema\\\/logo\\\/image\\\/\",\"url\":\"https:\\\/\\\/unaymilletras.com\\\/wp-content\\\/uploads\\\/2024\\\/06\\\/cropped-Logo-removebg-preview.png\",\"contentUrl\":\"https:\\\/\\\/unaymilletras.com\\\/wp-content\\\/uploads\\\/2024\\\/06\\\/cropped-Logo-removebg-preview.png\",\"width\":512,\"height\":512,\"caption\":\"Una y Mil Letras\"},\"image\":{\"@id\":\"http:\\\/\\\/unaymilletras.com\\\/#\\\/schema\\\/logo\\\/image\\\/\"},\"sameAs\":[\"https:\\\/\\\/x.com\\\/UnaYMilLetras\",\"https:\\\/\\\/instagram.com\\\/UnaYMilLetras\"]},{\"@type\":\"Person\",\"@id\":\"http:\\\/\\\/unaymilletras.com\\\/#\\\/schema\\\/person\\\/f9792b0b93704f9d3f6cef46c2048d7d\",\"name\":\"Alvany Pereira\",\"image\":{\"@type\":\"ImageObject\",\"inLanguage\":\"en-GB\",\"@id\":\"https:\\\/\\\/secure.gravatar.com\\\/avatar\\\/1a5fbcc81714220624d70f391a6187cd1434ccfcb154238afd238d6b8bb7f593?s=96&d=mm&r=g\",\"url\":\"https:\\\/\\\/secure.gravatar.com\\\/avatar\\\/1a5fbcc81714220624d70f391a6187cd1434ccfcb154238afd238d6b8bb7f593?s=96&d=mm&r=g\",\"contentUrl\":\"https:\\\/\\\/secure.gravatar.com\\\/avatar\\\/1a5fbcc81714220624d70f391a6187cd1434ccfcb154238afd238d6b8bb7f593?s=96&d=mm&r=g\",\"caption\":\"Alvany Pereira\"},\"url\":\"https:\\\/\\\/unaymilletras.com\\\/en\\\/author\\\/alvanysophia\\\/\"}]}<\/script>\n<!-- \/ Yoast SEO plugin. -->","yoast_head_json":{"title":"Kaelis, un salto a los cielos para abrazar la incertidumbre: el nuevo \u00e1lbum de Lia Kali\u00a0","description":"La cantante y compositora barcelonesa Lia Kali ha anunciado el lanzamiento de su nuevo \u00e1lbum, Kaelis, disponible el pr\u00f3ximo 21 de marzo","robots":{"index":"index","follow":"follow","max-snippet":"max-snippet:-1","max-image-preview":"max-image-preview:large","max-video-preview":"max-video-preview:-1"},"canonical":"https:\/\/unaymilletras.com\/en\/kaelis-un-salto-a-los-cielos-para-abrazar-la-incertidumbre-el-nuevo-album-de-lia-kali\/","og_locale":"en_GB","og_type":"article","og_title":"Kaelis, un salto a los cielos para abrazar la incertidumbre: el nuevo \u00e1lbum de Lia Kali\u00a0","og_description":"La cantante y compositora barcelonesa Lia Kali ha anunciado el lanzamiento de su nuevo \u00e1lbum, Kaelis, disponible el pr\u00f3ximo 21 de marzo","og_url":"https:\/\/unaymilletras.com\/en\/kaelis-un-salto-a-los-cielos-para-abrazar-la-incertidumbre-el-nuevo-album-de-lia-kali\/","og_site_name":"Una y Mil Letras","article_published_time":"2025-03-07T13:42:32+00:00","article_modified_time":"2025-03-07T14:03:43+00:00","og_image":[{"width":600,"height":600,"url":"http:\/\/unaymilletras.com\/wp-content\/uploads\/2025\/03\/IMG_0966-e1741280041207.jpeg","type":"image\/jpeg"}],"author":"Alvany Pereira","twitter_card":"summary_large_image","twitter_creator":"@UnaYMilLetras","twitter_site":"@UnaYMilLetras","twitter_misc":{"Written by":"Alvany Pereira","Estimated reading time":"2 minutes"},"schema":{"@context":"https:\/\/schema.org","@graph":[{"@type":"Article","@id":"https:\/\/unaymilletras.com\/kaelis-un-salto-a-los-cielos-para-abrazar-la-incertidumbre-el-nuevo-album-de-lia-kali\/#article","isPartOf":{"@id":"https:\/\/unaymilletras.com\/kaelis-un-salto-a-los-cielos-para-abrazar-la-incertidumbre-el-nuevo-album-de-lia-kali\/"},"author":{"name":"Alvany Pereira","@id":"http:\/\/unaymilletras.com\/#\/schema\/person\/f9792b0b93704f9d3f6cef46c2048d7d"},"headline":"Kaelis, un salto a los cielos para abrazar la incertidumbre: el nuevo \u00e1lbum de Lia Kali\u00a0","datePublished":"2025-03-07T13:42:32+00:00","dateModified":"2025-03-07T14:03:43+00:00","mainEntityOfPage":{"@id":"https:\/\/unaymilletras.com\/kaelis-un-salto-a-los-cielos-para-abrazar-la-incertidumbre-el-nuevo-album-de-lia-kali\/"},"wordCount":340,"publisher":{"@id":"http:\/\/unaymilletras.com\/#organization"},"image":{"@id":"https:\/\/unaymilletras.com\/kaelis-un-salto-a-los-cielos-para-abrazar-la-incertidumbre-el-nuevo-album-de-lia-kali\/#primaryimage"},"thumbnailUrl":"https:\/\/unaymilletras.com\/wp-content\/uploads\/2025\/03\/IMG_0966-e1741280041207.jpeg","articleSection":["M\u00fasica"],"inLanguage":"en-GB"},{"@type":"WebPage","@id":"https:\/\/unaymilletras.com\/kaelis-un-salto-a-los-cielos-para-abrazar-la-incertidumbre-el-nuevo-album-de-lia-kali\/","url":"https:\/\/unaymilletras.com\/kaelis-un-salto-a-los-cielos-para-abrazar-la-incertidumbre-el-nuevo-album-de-lia-kali\/","name":"Kaelis, un salto a los cielos para abrazar la incertidumbre: el nuevo \u00e1lbum de Lia Kali\u00a0","isPartOf":{"@id":"http:\/\/unaymilletras.com\/#website"},"primaryImageOfPage":{"@id":"https:\/\/unaymilletras.com\/kaelis-un-salto-a-los-cielos-para-abrazar-la-incertidumbre-el-nuevo-album-de-lia-kali\/#primaryimage"},"image":{"@id":"https:\/\/unaymilletras.com\/kaelis-un-salto-a-los-cielos-para-abrazar-la-incertidumbre-el-nuevo-album-de-lia-kali\/#primaryimage"},"thumbnailUrl":"https:\/\/unaymilletras.com\/wp-content\/uploads\/2025\/03\/IMG_0966-e1741280041207.jpeg","datePublished":"2025-03-07T13:42:32+00:00","dateModified":"2025-03-07T14:03:43+00:00","description":"La cantante y compositora barcelonesa Lia Kali ha anunciado el lanzamiento de su nuevo \u00e1lbum, Kaelis, disponible el pr\u00f3ximo 21 de marzo","breadcrumb":{"@id":"https:\/\/unaymilletras.com\/kaelis-un-salto-a-los-cielos-para-abrazar-la-incertidumbre-el-nuevo-album-de-lia-kali\/#breadcrumb"},"inLanguage":"en-GB","potentialAction":[{"@type":"ReadAction","target":["https:\/\/unaymilletras.com\/kaelis-un-salto-a-los-cielos-para-abrazar-la-incertidumbre-el-nuevo-album-de-lia-kali\/"]}]},{"@type":"ImageObject","inLanguage":"en-GB","@id":"https:\/\/unaymilletras.com\/kaelis-un-salto-a-los-cielos-para-abrazar-la-incertidumbre-el-nuevo-album-de-lia-kali\/#primaryimage","url":"https:\/\/unaymilletras.com\/wp-content\/uploads\/2025\/03\/IMG_0966-e1741280041207.jpeg","contentUrl":"https:\/\/unaymilletras.com\/wp-content\/uploads\/2025\/03\/IMG_0966-e1741280041207.jpeg","width":600,"height":600,"caption":"Lia Kali"},{"@type":"BreadcrumbList","@id":"https:\/\/unaymilletras.com\/kaelis-un-salto-a-los-cielos-para-abrazar-la-incertidumbre-el-nuevo-album-de-lia-kali\/#breadcrumb","itemListElement":[{"@type":"ListItem","position":1,"name":"Home","item":"http:\/\/unaymilletras.com\/"},{"@type":"ListItem","position":2,"name":"Kaelis, un salto a los cielos para abrazar la incertidumbre: el nuevo \u00e1lbum de Lia Kali\u00a0"}]},{"@type":"WebSite","@id":"http:\/\/unaymilletras.com\/#website","url":"http:\/\/unaymilletras.com\/","name":"Una y Mil Letras","description":"","publisher":{"@id":"http:\/\/unaymilletras.com\/#organization"},"potentialAction":[{"@type":"SearchAction","target":{"@type":"EntryPoint","urlTemplate":"http:\/\/unaymilletras.com\/?s={search_term_string}"},"query-input":{"@type":"PropertyValueSpecification","valueRequired":true,"valueName":"search_term_string"}}],"inLanguage":"en-GB"},{"@type":"Organization","@id":"http:\/\/unaymilletras.com\/#organization","name":"Una y Mil Letras","url":"http:\/\/unaymilletras.com\/","logo":{"@type":"ImageObject","inLanguage":"en-GB","@id":"http:\/\/unaymilletras.com\/#\/schema\/logo\/image\/","url":"https:\/\/unaymilletras.com\/wp-content\/uploads\/2024\/06\/cropped-Logo-removebg-preview.png","contentUrl":"https:\/\/unaymilletras.com\/wp-content\/uploads\/2024\/06\/cropped-Logo-removebg-preview.png","width":512,"height":512,"caption":"Una y Mil Letras"},"image":{"@id":"http:\/\/unaymilletras.com\/#\/schema\/logo\/image\/"},"sameAs":["https:\/\/x.com\/UnaYMilLetras","https:\/\/instagram.com\/UnaYMilLetras"]},{"@type":"Person","@id":"http:\/\/unaymilletras.com\/#\/schema\/person\/f9792b0b93704f9d3f6cef46c2048d7d","name":"Alvany Pereira","image":{"@type":"ImageObject","inLanguage":"en-GB","@id":"https:\/\/secure.gravatar.com\/avatar\/1a5fbcc81714220624d70f391a6187cd1434ccfcb154238afd238d6b8bb7f593?s=96&d=mm&r=g","url":"https:\/\/secure.gravatar.com\/avatar\/1a5fbcc81714220624d70f391a6187cd1434ccfcb154238afd238d6b8bb7f593?s=96&d=mm&r=g","contentUrl":"https:\/\/secure.gravatar.com\/avatar\/1a5fbcc81714220624d70f391a6187cd1434ccfcb154238afd238d6b8bb7f593?s=96&d=mm&r=g","caption":"Alvany Pereira"},"url":"https:\/\/unaymilletras.com\/en\/author\/alvanysophia\/"}]}},"_links":{"self":[{"href":"https:\/\/unaymilletras.com\/en\/wp-json\/wp\/v2\/posts\/3881","targetHints":{"allow":["GET"]}}],"collection":[{"href":"https:\/\/unaymilletras.com\/en\/wp-json\/wp\/v2\/posts"}],"about":[{"href":"https:\/\/unaymilletras.com\/en\/wp-json\/wp\/v2\/types\/post"}],"author":[{"embeddable":true,"href":"https:\/\/unaymilletras.com\/en\/wp-json\/wp\/v2\/users\/8"}],"replies":[{"embeddable":true,"href":"https:\/\/unaymilletras.com\/en\/wp-json\/wp\/v2\/comments?post=3881"}],"version-history":[{"count":12,"href":"https:\/\/unaymilletras.com\/en\/wp-json\/wp\/v2\/posts\/3881\/revisions"}],"predecessor-version":[{"id":3894,"href":"https:\/\/unaymilletras.com\/en\/wp-json\/wp\/v2\/posts\/3881\/revisions\/3894"}],"wp:featuredmedia":[{"embeddable":true,"href":"https:\/\/unaymilletras.com\/en\/wp-json\/wp\/v2\/media\/3885"}],"wp:attachment":[{"href":"https:\/\/unaymilletras.com\/en\/wp-json\/wp\/v2\/media?parent=3881"}],"wp:term":[{"taxonomy":"category","embeddable":true,"href":"https:\/\/unaymilletras.com\/en\/wp-json\/wp\/v2\/categories?post=3881"},{"taxonomy":"post_tag","embeddable":true,"href":"https:\/\/unaymilletras.com\/en\/wp-json\/wp\/v2\/tags?post=3881"}],"curies":[{"name":"wp","href":"https:\/\/api.w.org\/{rel}","templated":true}]}}