{"id":3897,"date":"2025-03-08T00:07:02","date_gmt":"2025-03-07T23:07:02","guid":{"rendered":"https:\/\/unaymilletras.com\/?p=3897"},"modified":"2025-03-08T00:15:54","modified_gmt":"2025-03-07T23:15:54","slug":"juanjo-bona-presenta-recardelino-su-album-debut-y-anuncia-gira","status":"publish","type":"post","link":"https:\/\/unaymilletras.com\/en\/juanjo-bona-presenta-recardelino-su-album-debut-y-anuncia-gira\/","title":{"rendered":"Juanjo Bona presenta \u201cRecardelino\u201d: su \u00e1lbum debut y anuncia gira"},"content":{"rendered":"<div data-elementor-type=\"wp-post\" data-elementor-id=\"3897\" class=\"elementor elementor-3897\">\n\t\t\t\t\t\t<section class=\"elementor-section elementor-top-section elementor-element elementor-element-dc5e693 elementor-section-boxed elementor-section-height-default elementor-section-height-default\" data-id=\"dc5e693\" data-element_type=\"section\" data-e-type=\"section\">\n\t\t\t\t\t\t<div class=\"elementor-container elementor-column-gap-default\">\n\t\t\t\t\t<div class=\"elementor-column elementor-col-100 elementor-top-column elementor-element elementor-element-6ef282b\" data-id=\"6ef282b\" data-element_type=\"column\" data-e-type=\"column\">\n\t\t\t<div class=\"elementor-widget-wrap elementor-element-populated\">\n\t\t\t\t\t\t<div class=\"elementor-element elementor-element-7135a14 elementor-widget elementor-widget-text-editor\" data-id=\"7135a14\" data-element_type=\"widget\" data-e-type=\"widget\" data-widget_type=\"text-editor.default\">\n\t\t\t\t<div class=\"elementor-widget-container\">\n\t\t\t\t\t\t\t\t\t<h2 style=\"text-align: center;\"><em><span style=\"color: #808080;\">Juanjo Bona estrena su primer disco disponible en CD y Vinilo<\/span><\/em><\/h2>\t\t\t\t\t\t\t\t<\/div>\n\t\t\t\t<\/div>\n\t\t\t\t\t<\/div>\n\t\t<\/div>\n\t\t\t\t\t<\/div>\n\t\t<\/section>\n\t\t\t\t<section class=\"elementor-section elementor-top-section elementor-element elementor-element-6ce2154 elementor-section-boxed elementor-section-height-default elementor-section-height-default\" data-id=\"6ce2154\" data-element_type=\"section\" data-e-type=\"section\">\n\t\t\t\t\t\t<div class=\"elementor-container elementor-column-gap-default\">\n\t\t\t\t\t<div class=\"elementor-column elementor-col-100 elementor-top-column elementor-element elementor-element-73d3643\" data-id=\"73d3643\" data-element_type=\"column\" data-e-type=\"column\">\n\t\t\t<div class=\"elementor-widget-wrap elementor-element-populated\">\n\t\t\t\t\t\t<div class=\"elementor-element elementor-element-e4d5a48 elementor-widget elementor-widget-text-editor\" data-id=\"e4d5a48\" data-element_type=\"widget\" data-e-type=\"widget\" data-widget_type=\"text-editor.default\">\n\t\t\t\t<div class=\"elementor-widget-container\">\n\t\t\t\t\t\t\t\t\t<p>El cantante y compositor aragon\u00e9s <b>Juanjo Bona<\/b> ha lanzado su primer \u00e1lbum titulado&nbsp;<em><b>Recaderlino<\/b>. <\/em>Un proyecto en el que fusiona el pop con la jota aragonesa, creando un sonido \u00fanico que refleja su identidad y conexi\u00f3n con la tierra que lo vio crecer.&nbsp;<em>Recardelino s<\/em>e presenta como un viaje personal por medio de la memoria, la madurez, el amor, el sentimiento de pertenencia y el arraigo a las tradiciones.&nbsp;<\/p>\t\t\t\t\t\t\t\t<\/div>\n\t\t\t\t<\/div>\n\t\t\t\t\t<\/div>\n\t\t<\/div>\n\t\t\t\t\t<\/div>\n\t\t<\/section>\n\t\t\t\t<section class=\"elementor-section elementor-top-section elementor-element elementor-element-557cd7e elementor-section-boxed elementor-section-height-default elementor-section-height-default\" data-id=\"557cd7e\" data-element_type=\"section\" data-e-type=\"section\">\n\t\t\t\t\t\t<div class=\"elementor-container elementor-column-gap-default\">\n\t\t\t\t\t<div class=\"elementor-column elementor-col-100 elementor-top-column elementor-element elementor-element-1edab49\" data-id=\"1edab49\" data-element_type=\"column\" data-e-type=\"column\">\n\t\t\t<div class=\"elementor-widget-wrap elementor-element-populated\">\n\t\t\t\t\t\t<div class=\"elementor-element elementor-element-4654cd4 elementor-widget elementor-widget-image\" data-id=\"4654cd4\" data-element_type=\"widget\" data-e-type=\"widget\" data-widget_type=\"image.default\">\n\t\t\t\t<div class=\"elementor-widget-container\">\n\t\t\t\t\t\t\t\t\t\t\t\t\t\t\t<img fetchpriority=\"high\" decoding=\"async\" width=\"640\" height=\"640\" src=\"https:\/\/unaymilletras.com\/wp-content\/uploads\/2025\/03\/w660_1227442_jpg-virgen-de-magal.jpg\" class=\"attachment-large size-large wp-image-3905\" alt=\"Juanjo Bona\" srcset=\"https:\/\/unaymilletras.com\/wp-content\/uploads\/2025\/03\/w660_1227442_jpg-virgen-de-magal.jpg 660w, https:\/\/unaymilletras.com\/wp-content\/uploads\/2025\/03\/w660_1227442_jpg-virgen-de-magal-300x300.jpg 300w, https:\/\/unaymilletras.com\/wp-content\/uploads\/2025\/03\/w660_1227442_jpg-virgen-de-magal-150x150.jpg 150w, https:\/\/unaymilletras.com\/wp-content\/uploads\/2025\/03\/w660_1227442_jpg-virgen-de-magal-12x12.jpg 12w\" sizes=\"(max-width: 640px) 100vw, 640px\" \/>\t\t\t\t\t\t\t\t\t\t\t\t\t\t\t<\/div>\n\t\t\t\t<\/div>\n\t\t\t\t\t<\/div>\n\t\t<\/div>\n\t\t\t\t\t<\/div>\n\t\t<\/section>\n\t\t\t\t<section class=\"elementor-section elementor-top-section elementor-element elementor-element-48530677 elementor-section-boxed elementor-section-height-default elementor-section-height-default\" data-id=\"48530677\" data-element_type=\"section\" data-e-type=\"section\">\n\t\t\t\t\t\t<div class=\"elementor-container elementor-column-gap-default\">\n\t\t\t\t\t<div class=\"elementor-column elementor-col-100 elementor-top-column elementor-element elementor-element-3c82c362\" data-id=\"3c82c362\" data-element_type=\"column\" data-e-type=\"column\">\n\t\t\t<div class=\"elementor-widget-wrap elementor-element-populated\">\n\t\t\t\t\t\t<div class=\"elementor-element elementor-element-77fa73db elementor-widget elementor-widget-text-editor\" data-id=\"77fa73db\" data-element_type=\"widget\" data-e-type=\"widget\" data-widget_type=\"text-editor.default\">\n\t\t\t\t<div class=\"elementor-widget-container\">\n\t\t\t\t\t\t\t\t\t<p><\/p>\n<p><span style=\"color: var( --e-global-color-text ); font-family: var( --e-global-typography-text-font-family ), Sans-serif; font-weight: var( --e-global-typography-text-font-weight );\">El t\u00edtulo del \u00e1lbum representa un significado especial para el autor. En la regi\u00f3n de Moncayo. El t\u00e9rmino <\/span><em style=\"color: var( --e-global-color-text ); font-family: var( --e-global-typography-text-font-family ), Sans-serif; font-weight: var( --e-global-typography-text-font-weight );\">Recardelino<\/em><span style=\"color: var( --e-global-color-text ); font-family: var( --e-global-typography-text-font-family ), Sans-serif; font-weight: var( --e-global-typography-text-font-weight );\"> se emplea para referirse al \u201cjilguero com\u00fan\u201d, pero tambi\u00e9n es la palabra con la que los lugare\u00f1os se refieren a un ni\u00f1o alegre, carism\u00e1tico, lleno de vitalidad y energ\u00eda. Para Juanjo Bona este concepto es una marca de su infancia en Magall\u00f3n (Zaragoza), su car\u00e1cter inquieto y su forma de ver la vida. Ahora, traslada a su m\u00fasica un disco que, en esencia, es un reflejo de s\u00ed mismo.&nbsp;<\/span><\/p>\n<p><\/p>\n<p><\/p>\n<p><em>Recardelino<\/em> es una narraci\u00f3n musical de la trayectoria del autor, a lo largo del disco evoca im\u00e1genes de su infancia que le marcar\u00edan para toda su vida, hasta llegar a la experiencia de mudarse a Madrid; uno de los aspectos m\u00e1s destacados es la capacidad de mezclar tradici\u00f3n y contemporaneidad. La jota aragonesa, uno de los pilares del folklore de la regi\u00f3n, est\u00e1 presente en distintas capas del disco, fusion\u00e1ndose con la est\u00e9tica del pop. Este cruce de g\u00e9neros, potenciado por los arreglos orquestales y la riqueza instrumental de la producci\u00f3n, convirtiendo a <em>Recardelino<\/em> en una propuesta distintiva en la escena musical.&nbsp;<\/p>\n<p><\/p>\t\t\t\t\t\t\t\t<\/div>\n\t\t\t\t<\/div>\n\t\t\t\t\t<\/div>\n\t\t<\/div>\n\t\t\t\t\t<\/div>\n\t\t<\/section>\n\t\t\t\t<section class=\"elementor-section elementor-top-section elementor-element elementor-element-1f6a910 elementor-section-boxed elementor-section-height-default elementor-section-height-default\" data-id=\"1f6a910\" data-element_type=\"section\" data-e-type=\"section\">\n\t\t\t\t\t\t<div class=\"elementor-container elementor-column-gap-default\">\n\t\t\t\t\t<div class=\"elementor-column elementor-col-50 elementor-top-column elementor-element elementor-element-8bcb7c5\" data-id=\"8bcb7c5\" data-element_type=\"column\" data-e-type=\"column\">\n\t\t\t<div class=\"elementor-widget-wrap elementor-element-populated\">\n\t\t\t\t\t\t<div class=\"elementor-element elementor-element-a3e5216 elementor-widget elementor-widget-image\" data-id=\"a3e5216\" data-element_type=\"widget\" data-e-type=\"widget\" data-widget_type=\"image.default\">\n\t\t\t\t<div class=\"elementor-widget-container\">\n\t\t\t\t\t\t\t\t\t\t\t\t<figure class=\"wp-caption\">\n\t\t\t\t\t\t\t\t\t\t<img decoding=\"async\" width=\"640\" height=\"960\" src=\"https:\/\/unaymilletras.com\/wp-content\/uploads\/2025\/03\/DSC_0080-683x1024.jpg\" class=\"attachment-large size-large wp-image-3904\" alt=\"Juanjo Bona\" srcset=\"https:\/\/unaymilletras.com\/wp-content\/uploads\/2025\/03\/DSC_0080-683x1024.jpg 683w, https:\/\/unaymilletras.com\/wp-content\/uploads\/2025\/03\/DSC_0080-200x300.jpg 200w, https:\/\/unaymilletras.com\/wp-content\/uploads\/2025\/03\/DSC_0080-768x1152.jpg 768w, https:\/\/unaymilletras.com\/wp-content\/uploads\/2025\/03\/DSC_0080-1024x1536.jpg 1024w, https:\/\/unaymilletras.com\/wp-content\/uploads\/2025\/03\/DSC_0080-1365x2048.jpg 1365w, https:\/\/unaymilletras.com\/wp-content\/uploads\/2025\/03\/DSC_0080-8x12.jpg 8w, https:\/\/unaymilletras.com\/wp-content\/uploads\/2025\/03\/DSC_0080-scaled-e1741389127341.jpg 600w\" sizes=\"(max-width: 640px) 100vw, 640px\" \/>\t\t\t\t\t\t\t\t\t\t\t<figcaption class=\"widget-image-caption wp-caption-text\">Foto: Leyre Pelayo<\/figcaption>\n\t\t\t\t\t\t\t\t\t\t<\/figure>\n\t\t\t\t\t\t\t\t\t<\/div>\n\t\t\t\t<\/div>\n\t\t\t\t\t<\/div>\n\t\t<\/div>\n\t\t\t\t<div class=\"elementor-column elementor-col-50 elementor-top-column elementor-element elementor-element-59f273b\" data-id=\"59f273b\" data-element_type=\"column\" data-e-type=\"column\">\n\t\t\t<div class=\"elementor-widget-wrap elementor-element-populated\">\n\t\t\t\t\t\t<div class=\"elementor-element elementor-element-f694ea9 elementor-widget elementor-widget-image\" data-id=\"f694ea9\" data-element_type=\"widget\" data-e-type=\"widget\" data-widget_type=\"image.default\">\n\t\t\t\t<div class=\"elementor-widget-container\">\n\t\t\t\t\t\t\t\t\t\t\t\t<figure class=\"wp-caption\">\n\t\t\t\t\t\t\t\t\t\t<img decoding=\"async\" width=\"640\" height=\"960\" src=\"https:\/\/unaymilletras.com\/wp-content\/uploads\/2025\/03\/DSC_0077-683x1024.jpg\" class=\"attachment-large size-large wp-image-3903\" alt=\"Juanjo Bona\" srcset=\"https:\/\/unaymilletras.com\/wp-content\/uploads\/2025\/03\/DSC_0077-683x1024.jpg 683w, https:\/\/unaymilletras.com\/wp-content\/uploads\/2025\/03\/DSC_0077-200x300.jpg 200w, https:\/\/unaymilletras.com\/wp-content\/uploads\/2025\/03\/DSC_0077-768x1152.jpg 768w, https:\/\/unaymilletras.com\/wp-content\/uploads\/2025\/03\/DSC_0077-1024x1536.jpg 1024w, https:\/\/unaymilletras.com\/wp-content\/uploads\/2025\/03\/DSC_0077-1365x2048.jpg 1365w, https:\/\/unaymilletras.com\/wp-content\/uploads\/2025\/03\/DSC_0077-8x12.jpg 8w, https:\/\/unaymilletras.com\/wp-content\/uploads\/2025\/03\/DSC_0077-scaled-e1741389104787.jpg 600w\" sizes=\"(max-width: 640px) 100vw, 640px\" \/>\t\t\t\t\t\t\t\t\t\t\t<figcaption class=\"widget-image-caption wp-caption-text\">Foto: Leyre Pelayo<\/figcaption>\n\t\t\t\t\t\t\t\t\t\t<\/figure>\n\t\t\t\t\t\t\t\t\t<\/div>\n\t\t\t\t<\/div>\n\t\t\t\t\t<\/div>\n\t\t<\/div>\n\t\t\t\t\t<\/div>\n\t\t<\/section>\n\t\t\t\t<section class=\"elementor-section elementor-top-section elementor-element elementor-element-8c66967 elementor-section-boxed elementor-section-height-default elementor-section-height-default\" data-id=\"8c66967\" data-element_type=\"section\" data-e-type=\"section\">\n\t\t\t\t\t\t<div class=\"elementor-container elementor-column-gap-default\">\n\t\t\t\t\t<div class=\"elementor-column elementor-col-100 elementor-top-column elementor-element elementor-element-4b60570\" data-id=\"4b60570\" data-element_type=\"column\" data-e-type=\"column\">\n\t\t\t<div class=\"elementor-widget-wrap elementor-element-populated\">\n\t\t\t\t\t\t<div class=\"elementor-element elementor-element-0850a14 elementor-widget elementor-widget-text-editor\" data-id=\"0850a14\" data-element_type=\"widget\" data-e-type=\"widget\" data-widget_type=\"text-editor.default\">\n\t\t\t\t<div class=\"elementor-widget-container\">\n\t\t\t\t\t\t\t\t\t<p>El disco viene acompa\u00f1ado de la gira\u00a0<em>Tan Mayor y Tan Ni\u00f1o<\/em>, en la que el artista recorrer\u00e1 19 ciudades de Espa\u00f1a. La gira comenzar\u00e1 el 8 de marzo en Mallorca y pasar\u00e1 por algunos de los teatros m\u00e1s importantes del pa\u00eds, las entradas en su mayor\u00eda est\u00e1n agotadas. Con este primer trabajo Juanjo Bona no solo se presenta al mundo de una forma personal e introspectiva, sino que presenta su ciudad y sus recuerdos; es un punto de partida que promete dejar huella.<\/p>\t\t\t\t\t\t\t\t<\/div>\n\t\t\t\t<\/div>\n\t\t\t\t\t<\/div>\n\t\t<\/div>\n\t\t\t\t\t<\/div>\n\t\t<\/section>\n\t\t\t\t<\/div>","protected":false},"excerpt":{"rendered":"<p>Juanjo Bona estrena su primer disco disponible en CD y Vinilo El cantante y compositor aragon\u00e9s Juanjo Bona ha lanzado su primer \u00e1lbum titulado&nbsp;Recaderlino. Un proyecto en el que fusiona el pop con la jota aragonesa, creando un sonido \u00fanico que refleja su identidad y conexi\u00f3n con la tierra que lo vio crecer.&nbsp;Recardelino se presenta [&hellip;]<\/p>\n","protected":false},"author":8,"featured_media":3903,"comment_status":"closed","ping_status":"closed","sticky":false,"template":"","format":"standard","meta":{"footnotes":""},"categories":[4],"tags":[],"class_list":["post-3897","post","type-post","status-publish","format-standard","has-post-thumbnail","hentry","category-musica"],"yoast_head":"<!-- This site is optimized with the Yoast SEO plugin v27.4 - https:\/\/yoast.com\/product\/yoast-seo-wordpress\/ -->\n<title>Juanjo Bona presenta \u201cRecardelino\u201d: su \u00e1lbum debut y anuncia gira &#8902; Una y Mil Letras<\/title>\n<meta name=\"description\" content=\"Juanjo Bona estrena su primer disco disponible en CD y Vinilo. Adem\u00e1s, anuncia gira y empiezan las firmas de discos\" \/>\n<meta name=\"robots\" content=\"index, follow, max-snippet:-1, max-image-preview:large, max-video-preview:-1\" \/>\n<link rel=\"canonical\" href=\"https:\/\/unaymilletras.com\/en\/juanjo-bona-presenta-recardelino-su-album-debut-y-anuncia-gira\/\" \/>\n<meta property=\"og:locale\" content=\"en_GB\" \/>\n<meta property=\"og:type\" content=\"article\" \/>\n<meta property=\"og:title\" content=\"Juanjo Bona presenta \u201cRecardelino\u201d: su \u00e1lbum debut y anuncia gira &#8902; Una y Mil Letras\" \/>\n<meta property=\"og:description\" content=\"Juanjo Bona estrena su primer disco disponible en CD y Vinilo. Adem\u00e1s, anuncia gira y empiezan las firmas de discos\" \/>\n<meta property=\"og:url\" content=\"https:\/\/unaymilletras.com\/en\/juanjo-bona-presenta-recardelino-su-album-debut-y-anuncia-gira\/\" \/>\n<meta property=\"og:site_name\" content=\"Una y Mil Letras\" \/>\n<meta property=\"article:published_time\" content=\"2025-03-07T23:07:02+00:00\" \/>\n<meta property=\"article:modified_time\" content=\"2025-03-07T23:15:54+00:00\" \/>\n<meta property=\"og:image\" content=\"http:\/\/unaymilletras.com\/wp-content\/uploads\/2025\/03\/DSC_0077-scaled-e1741389104787.jpg\" \/>\n\t<meta property=\"og:image:width\" content=\"600\" \/>\n\t<meta property=\"og:image:height\" content=\"900\" \/>\n\t<meta property=\"og:image:type\" content=\"image\/jpeg\" \/>\n<meta name=\"author\" content=\"Alvany Pereira\" \/>\n<meta name=\"twitter:card\" content=\"summary_large_image\" \/>\n<meta name=\"twitter:creator\" content=\"@UnaYMilLetras\" \/>\n<meta name=\"twitter:site\" content=\"@UnaYMilLetras\" \/>\n<meta name=\"twitter:label1\" content=\"Written by\" \/>\n\t<meta name=\"twitter:data1\" content=\"Alvany Pereira\" \/>\n\t<meta name=\"twitter:label2\" content=\"Estimated reading time\" \/>\n\t<meta name=\"twitter:data2\" content=\"3 minutes\" \/>\n<script type=\"application\/ld+json\" class=\"yoast-schema-graph\">{\"@context\":\"https:\\\/\\\/schema.org\",\"@graph\":[{\"@type\":\"Article\",\"@id\":\"https:\\\/\\\/unaymilletras.com\\\/juanjo-bona-presenta-recardelino-su-album-debut-y-anuncia-gira\\\/#article\",\"isPartOf\":{\"@id\":\"https:\\\/\\\/unaymilletras.com\\\/juanjo-bona-presenta-recardelino-su-album-debut-y-anuncia-gira\\\/\"},\"author\":{\"name\":\"Alvany Pereira\",\"@id\":\"http:\\\/\\\/unaymilletras.com\\\/#\\\/schema\\\/person\\\/f9792b0b93704f9d3f6cef46c2048d7d\"},\"headline\":\"Juanjo Bona presenta \u201cRecardelino\u201d: su \u00e1lbum debut y anuncia gira\",\"datePublished\":\"2025-03-07T23:07:02+00:00\",\"dateModified\":\"2025-03-07T23:15:54+00:00\",\"mainEntityOfPage\":{\"@id\":\"https:\\\/\\\/unaymilletras.com\\\/juanjo-bona-presenta-recardelino-su-album-debut-y-anuncia-gira\\\/\"},\"wordCount\":404,\"publisher\":{\"@id\":\"http:\\\/\\\/unaymilletras.com\\\/#organization\"},\"image\":{\"@id\":\"https:\\\/\\\/unaymilletras.com\\\/juanjo-bona-presenta-recardelino-su-album-debut-y-anuncia-gira\\\/#primaryimage\"},\"thumbnailUrl\":\"https:\\\/\\\/unaymilletras.com\\\/wp-content\\\/uploads\\\/2025\\\/03\\\/DSC_0077-scaled-e1741389104787.jpg\",\"articleSection\":[\"M\u00fasica\"],\"inLanguage\":\"en-GB\"},{\"@type\":\"WebPage\",\"@id\":\"https:\\\/\\\/unaymilletras.com\\\/juanjo-bona-presenta-recardelino-su-album-debut-y-anuncia-gira\\\/\",\"url\":\"https:\\\/\\\/unaymilletras.com\\\/juanjo-bona-presenta-recardelino-su-album-debut-y-anuncia-gira\\\/\",\"name\":\"Juanjo Bona presenta \u201cRecardelino\u201d: su \u00e1lbum debut y anuncia gira &#8902; Una y Mil Letras\",\"isPartOf\":{\"@id\":\"http:\\\/\\\/unaymilletras.com\\\/#website\"},\"primaryImageOfPage\":{\"@id\":\"https:\\\/\\\/unaymilletras.com\\\/juanjo-bona-presenta-recardelino-su-album-debut-y-anuncia-gira\\\/#primaryimage\"},\"image\":{\"@id\":\"https:\\\/\\\/unaymilletras.com\\\/juanjo-bona-presenta-recardelino-su-album-debut-y-anuncia-gira\\\/#primaryimage\"},\"thumbnailUrl\":\"https:\\\/\\\/unaymilletras.com\\\/wp-content\\\/uploads\\\/2025\\\/03\\\/DSC_0077-scaled-e1741389104787.jpg\",\"datePublished\":\"2025-03-07T23:07:02+00:00\",\"dateModified\":\"2025-03-07T23:15:54+00:00\",\"description\":\"Juanjo Bona estrena su primer disco disponible en CD y Vinilo. Adem\u00e1s, anuncia gira y empiezan las firmas de discos\",\"breadcrumb\":{\"@id\":\"https:\\\/\\\/unaymilletras.com\\\/juanjo-bona-presenta-recardelino-su-album-debut-y-anuncia-gira\\\/#breadcrumb\"},\"inLanguage\":\"en-GB\",\"potentialAction\":[{\"@type\":\"ReadAction\",\"target\":[\"https:\\\/\\\/unaymilletras.com\\\/juanjo-bona-presenta-recardelino-su-album-debut-y-anuncia-gira\\\/\"]}]},{\"@type\":\"ImageObject\",\"inLanguage\":\"en-GB\",\"@id\":\"https:\\\/\\\/unaymilletras.com\\\/juanjo-bona-presenta-recardelino-su-album-debut-y-anuncia-gira\\\/#primaryimage\",\"url\":\"https:\\\/\\\/unaymilletras.com\\\/wp-content\\\/uploads\\\/2025\\\/03\\\/DSC_0077-scaled-e1741389104787.jpg\",\"contentUrl\":\"https:\\\/\\\/unaymilletras.com\\\/wp-content\\\/uploads\\\/2025\\\/03\\\/DSC_0077-scaled-e1741389104787.jpg\",\"width\":600,\"height\":900,\"caption\":\"Foto: Leyre Pelayo\"},{\"@type\":\"BreadcrumbList\",\"@id\":\"https:\\\/\\\/unaymilletras.com\\\/juanjo-bona-presenta-recardelino-su-album-debut-y-anuncia-gira\\\/#breadcrumb\",\"itemListElement\":[{\"@type\":\"ListItem\",\"position\":1,\"name\":\"Home\",\"item\":\"http:\\\/\\\/unaymilletras.com\\\/\"},{\"@type\":\"ListItem\",\"position\":2,\"name\":\"Juanjo Bona presenta \u201cRecardelino\u201d: su \u00e1lbum debut y anuncia gira\"}]},{\"@type\":\"WebSite\",\"@id\":\"http:\\\/\\\/unaymilletras.com\\\/#website\",\"url\":\"http:\\\/\\\/unaymilletras.com\\\/\",\"name\":\"Una y Mil Letras\",\"description\":\"\",\"publisher\":{\"@id\":\"http:\\\/\\\/unaymilletras.com\\\/#organization\"},\"potentialAction\":[{\"@type\":\"SearchAction\",\"target\":{\"@type\":\"EntryPoint\",\"urlTemplate\":\"http:\\\/\\\/unaymilletras.com\\\/?s={search_term_string}\"},\"query-input\":{\"@type\":\"PropertyValueSpecification\",\"valueRequired\":true,\"valueName\":\"search_term_string\"}}],\"inLanguage\":\"en-GB\"},{\"@type\":\"Organization\",\"@id\":\"http:\\\/\\\/unaymilletras.com\\\/#organization\",\"name\":\"Una y Mil Letras\",\"url\":\"http:\\\/\\\/unaymilletras.com\\\/\",\"logo\":{\"@type\":\"ImageObject\",\"inLanguage\":\"en-GB\",\"@id\":\"http:\\\/\\\/unaymilletras.com\\\/#\\\/schema\\\/logo\\\/image\\\/\",\"url\":\"https:\\\/\\\/unaymilletras.com\\\/wp-content\\\/uploads\\\/2024\\\/06\\\/cropped-Logo-removebg-preview.png\",\"contentUrl\":\"https:\\\/\\\/unaymilletras.com\\\/wp-content\\\/uploads\\\/2024\\\/06\\\/cropped-Logo-removebg-preview.png\",\"width\":512,\"height\":512,\"caption\":\"Una y Mil Letras\"},\"image\":{\"@id\":\"http:\\\/\\\/unaymilletras.com\\\/#\\\/schema\\\/logo\\\/image\\\/\"},\"sameAs\":[\"https:\\\/\\\/x.com\\\/UnaYMilLetras\",\"https:\\\/\\\/instagram.com\\\/UnaYMilLetras\"]},{\"@type\":\"Person\",\"@id\":\"http:\\\/\\\/unaymilletras.com\\\/#\\\/schema\\\/person\\\/f9792b0b93704f9d3f6cef46c2048d7d\",\"name\":\"Alvany Pereira\",\"image\":{\"@type\":\"ImageObject\",\"inLanguage\":\"en-GB\",\"@id\":\"https:\\\/\\\/secure.gravatar.com\\\/avatar\\\/1a5fbcc81714220624d70f391a6187cd1434ccfcb154238afd238d6b8bb7f593?s=96&d=mm&r=g\",\"url\":\"https:\\\/\\\/secure.gravatar.com\\\/avatar\\\/1a5fbcc81714220624d70f391a6187cd1434ccfcb154238afd238d6b8bb7f593?s=96&d=mm&r=g\",\"contentUrl\":\"https:\\\/\\\/secure.gravatar.com\\\/avatar\\\/1a5fbcc81714220624d70f391a6187cd1434ccfcb154238afd238d6b8bb7f593?s=96&d=mm&r=g\",\"caption\":\"Alvany Pereira\"},\"url\":\"https:\\\/\\\/unaymilletras.com\\\/en\\\/author\\\/alvanysophia\\\/\"}]}<\/script>\n<!-- \/ Yoast SEO plugin. -->","yoast_head_json":{"title":"Juanjo Bona presenta \u201cRecardelino\u201d: su \u00e1lbum debut y anuncia gira &#8902; Una y Mil Letras","description":"Juanjo Bona estrena su primer disco disponible en CD y Vinilo. Adem\u00e1s, anuncia gira y empiezan las firmas de discos","robots":{"index":"index","follow":"follow","max-snippet":"max-snippet:-1","max-image-preview":"max-image-preview:large","max-video-preview":"max-video-preview:-1"},"canonical":"https:\/\/unaymilletras.com\/en\/juanjo-bona-presenta-recardelino-su-album-debut-y-anuncia-gira\/","og_locale":"en_GB","og_type":"article","og_title":"Juanjo Bona presenta \u201cRecardelino\u201d: su \u00e1lbum debut y anuncia gira &#8902; Una y Mil Letras","og_description":"Juanjo Bona estrena su primer disco disponible en CD y Vinilo. Adem\u00e1s, anuncia gira y empiezan las firmas de discos","og_url":"https:\/\/unaymilletras.com\/en\/juanjo-bona-presenta-recardelino-su-album-debut-y-anuncia-gira\/","og_site_name":"Una y Mil Letras","article_published_time":"2025-03-07T23:07:02+00:00","article_modified_time":"2025-03-07T23:15:54+00:00","og_image":[{"width":600,"height":900,"url":"http:\/\/unaymilletras.com\/wp-content\/uploads\/2025\/03\/DSC_0077-scaled-e1741389104787.jpg","type":"image\/jpeg"}],"author":"Alvany Pereira","twitter_card":"summary_large_image","twitter_creator":"@UnaYMilLetras","twitter_site":"@UnaYMilLetras","twitter_misc":{"Written by":"Alvany Pereira","Estimated reading time":"3 minutes"},"schema":{"@context":"https:\/\/schema.org","@graph":[{"@type":"Article","@id":"https:\/\/unaymilletras.com\/juanjo-bona-presenta-recardelino-su-album-debut-y-anuncia-gira\/#article","isPartOf":{"@id":"https:\/\/unaymilletras.com\/juanjo-bona-presenta-recardelino-su-album-debut-y-anuncia-gira\/"},"author":{"name":"Alvany Pereira","@id":"http:\/\/unaymilletras.com\/#\/schema\/person\/f9792b0b93704f9d3f6cef46c2048d7d"},"headline":"Juanjo Bona presenta \u201cRecardelino\u201d: su \u00e1lbum debut y anuncia gira","datePublished":"2025-03-07T23:07:02+00:00","dateModified":"2025-03-07T23:15:54+00:00","mainEntityOfPage":{"@id":"https:\/\/unaymilletras.com\/juanjo-bona-presenta-recardelino-su-album-debut-y-anuncia-gira\/"},"wordCount":404,"publisher":{"@id":"http:\/\/unaymilletras.com\/#organization"},"image":{"@id":"https:\/\/unaymilletras.com\/juanjo-bona-presenta-recardelino-su-album-debut-y-anuncia-gira\/#primaryimage"},"thumbnailUrl":"https:\/\/unaymilletras.com\/wp-content\/uploads\/2025\/03\/DSC_0077-scaled-e1741389104787.jpg","articleSection":["M\u00fasica"],"inLanguage":"en-GB"},{"@type":"WebPage","@id":"https:\/\/unaymilletras.com\/juanjo-bona-presenta-recardelino-su-album-debut-y-anuncia-gira\/","url":"https:\/\/unaymilletras.com\/juanjo-bona-presenta-recardelino-su-album-debut-y-anuncia-gira\/","name":"Juanjo Bona presenta \u201cRecardelino\u201d: su \u00e1lbum debut y anuncia gira &#8902; Una y Mil Letras","isPartOf":{"@id":"http:\/\/unaymilletras.com\/#website"},"primaryImageOfPage":{"@id":"https:\/\/unaymilletras.com\/juanjo-bona-presenta-recardelino-su-album-debut-y-anuncia-gira\/#primaryimage"},"image":{"@id":"https:\/\/unaymilletras.com\/juanjo-bona-presenta-recardelino-su-album-debut-y-anuncia-gira\/#primaryimage"},"thumbnailUrl":"https:\/\/unaymilletras.com\/wp-content\/uploads\/2025\/03\/DSC_0077-scaled-e1741389104787.jpg","datePublished":"2025-03-07T23:07:02+00:00","dateModified":"2025-03-07T23:15:54+00:00","description":"Juanjo Bona estrena su primer disco disponible en CD y Vinilo. Adem\u00e1s, anuncia gira y empiezan las firmas de discos","breadcrumb":{"@id":"https:\/\/unaymilletras.com\/juanjo-bona-presenta-recardelino-su-album-debut-y-anuncia-gira\/#breadcrumb"},"inLanguage":"en-GB","potentialAction":[{"@type":"ReadAction","target":["https:\/\/unaymilletras.com\/juanjo-bona-presenta-recardelino-su-album-debut-y-anuncia-gira\/"]}]},{"@type":"ImageObject","inLanguage":"en-GB","@id":"https:\/\/unaymilletras.com\/juanjo-bona-presenta-recardelino-su-album-debut-y-anuncia-gira\/#primaryimage","url":"https:\/\/unaymilletras.com\/wp-content\/uploads\/2025\/03\/DSC_0077-scaled-e1741389104787.jpg","contentUrl":"https:\/\/unaymilletras.com\/wp-content\/uploads\/2025\/03\/DSC_0077-scaled-e1741389104787.jpg","width":600,"height":900,"caption":"Foto: Leyre Pelayo"},{"@type":"BreadcrumbList","@id":"https:\/\/unaymilletras.com\/juanjo-bona-presenta-recardelino-su-album-debut-y-anuncia-gira\/#breadcrumb","itemListElement":[{"@type":"ListItem","position":1,"name":"Home","item":"http:\/\/unaymilletras.com\/"},{"@type":"ListItem","position":2,"name":"Juanjo Bona presenta \u201cRecardelino\u201d: su \u00e1lbum debut y anuncia gira"}]},{"@type":"WebSite","@id":"http:\/\/unaymilletras.com\/#website","url":"http:\/\/unaymilletras.com\/","name":"Una y Mil Letras","description":"","publisher":{"@id":"http:\/\/unaymilletras.com\/#organization"},"potentialAction":[{"@type":"SearchAction","target":{"@type":"EntryPoint","urlTemplate":"http:\/\/unaymilletras.com\/?s={search_term_string}"},"query-input":{"@type":"PropertyValueSpecification","valueRequired":true,"valueName":"search_term_string"}}],"inLanguage":"en-GB"},{"@type":"Organization","@id":"http:\/\/unaymilletras.com\/#organization","name":"Una y Mil Letras","url":"http:\/\/unaymilletras.com\/","logo":{"@type":"ImageObject","inLanguage":"en-GB","@id":"http:\/\/unaymilletras.com\/#\/schema\/logo\/image\/","url":"https:\/\/unaymilletras.com\/wp-content\/uploads\/2024\/06\/cropped-Logo-removebg-preview.png","contentUrl":"https:\/\/unaymilletras.com\/wp-content\/uploads\/2024\/06\/cropped-Logo-removebg-preview.png","width":512,"height":512,"caption":"Una y Mil Letras"},"image":{"@id":"http:\/\/unaymilletras.com\/#\/schema\/logo\/image\/"},"sameAs":["https:\/\/x.com\/UnaYMilLetras","https:\/\/instagram.com\/UnaYMilLetras"]},{"@type":"Person","@id":"http:\/\/unaymilletras.com\/#\/schema\/person\/f9792b0b93704f9d3f6cef46c2048d7d","name":"Alvany Pereira","image":{"@type":"ImageObject","inLanguage":"en-GB","@id":"https:\/\/secure.gravatar.com\/avatar\/1a5fbcc81714220624d70f391a6187cd1434ccfcb154238afd238d6b8bb7f593?s=96&d=mm&r=g","url":"https:\/\/secure.gravatar.com\/avatar\/1a5fbcc81714220624d70f391a6187cd1434ccfcb154238afd238d6b8bb7f593?s=96&d=mm&r=g","contentUrl":"https:\/\/secure.gravatar.com\/avatar\/1a5fbcc81714220624d70f391a6187cd1434ccfcb154238afd238d6b8bb7f593?s=96&d=mm&r=g","caption":"Alvany Pereira"},"url":"https:\/\/unaymilletras.com\/en\/author\/alvanysophia\/"}]}},"_links":{"self":[{"href":"https:\/\/unaymilletras.com\/en\/wp-json\/wp\/v2\/posts\/3897","targetHints":{"allow":["GET"]}}],"collection":[{"href":"https:\/\/unaymilletras.com\/en\/wp-json\/wp\/v2\/posts"}],"about":[{"href":"https:\/\/unaymilletras.com\/en\/wp-json\/wp\/v2\/types\/post"}],"author":[{"embeddable":true,"href":"https:\/\/unaymilletras.com\/en\/wp-json\/wp\/v2\/users\/8"}],"replies":[{"embeddable":true,"href":"https:\/\/unaymilletras.com\/en\/wp-json\/wp\/v2\/comments?post=3897"}],"version-history":[{"count":6,"href":"https:\/\/unaymilletras.com\/en\/wp-json\/wp\/v2\/posts\/3897\/revisions"}],"predecessor-version":[{"id":3908,"href":"https:\/\/unaymilletras.com\/en\/wp-json\/wp\/v2\/posts\/3897\/revisions\/3908"}],"wp:featuredmedia":[{"embeddable":true,"href":"https:\/\/unaymilletras.com\/en\/wp-json\/wp\/v2\/media\/3903"}],"wp:attachment":[{"href":"https:\/\/unaymilletras.com\/en\/wp-json\/wp\/v2\/media?parent=3897"}],"wp:term":[{"taxonomy":"category","embeddable":true,"href":"https:\/\/unaymilletras.com\/en\/wp-json\/wp\/v2\/categories?post=3897"},{"taxonomy":"post_tag","embeddable":true,"href":"https:\/\/unaymilletras.com\/en\/wp-json\/wp\/v2\/tags?post=3897"}],"curies":[{"name":"wp","href":"https:\/\/api.w.org\/{rel}","templated":true}]}}