{"id":3909,"date":"2025-03-08T16:58:58","date_gmt":"2025-03-08T15:58:58","guid":{"rendered":"https:\/\/unaymilletras.com\/?p=3909"},"modified":"2025-03-08T17:05:10","modified_gmt":"2025-03-08T16:05:10","slug":"luis-fonsi-pone-a-bailar-al-movistar-arena-de-madrid-una-vez-mas","status":"publish","type":"post","link":"https:\/\/unaymilletras.com\/en\/luis-fonsi-pone-a-bailar-al-movistar-arena-de-madrid-una-vez-mas\/","title":{"rendered":"Luis Fonsi pone a bailar al Movistar Arena de Madrid una vez m\u00e1s"},"content":{"rendered":"<div data-elementor-type=\"wp-post\" data-elementor-id=\"3909\" class=\"elementor elementor-3909\">\n\t\t\t\t\t\t<section class=\"elementor-section elementor-top-section elementor-element elementor-element-aaa683a elementor-section-boxed elementor-section-height-default elementor-section-height-default\" data-id=\"aaa683a\" data-element_type=\"section\" data-e-type=\"section\">\n\t\t\t\t\t\t<div class=\"elementor-container elementor-column-gap-default\">\n\t\t\t\t\t<div class=\"elementor-column elementor-col-100 elementor-top-column elementor-element elementor-element-90ba481\" data-id=\"90ba481\" data-element_type=\"column\" data-e-type=\"column\">\n\t\t\t<div class=\"elementor-widget-wrap elementor-element-populated\">\n\t\t\t\t\t\t<div class=\"elementor-element elementor-element-7530d8b elementor-widget elementor-widget-text-editor\" data-id=\"7530d8b\" data-element_type=\"widget\" data-e-type=\"widget\" data-widget_type=\"text-editor.default\">\n\t\t\t\t<div class=\"elementor-widget-container\">\n\t\t\t\t\t\t\t\t\t<h2 style=\"text-align: center;\"><span style=\"color: #808080;\"><em>Una noche m\u00e1gica para los fans de Luis Fonsi con invitados muy especiales y un recorrido por 25 a\u00f1os de \u00e9xitos<\/em><\/span><\/h2>\t\t\t\t\t\t\t\t<\/div>\n\t\t\t\t<\/div>\n\t\t\t\t\t<\/div>\n\t\t<\/div>\n\t\t\t\t\t<\/div>\n\t\t<\/section>\n\t\t\t\t<section class=\"elementor-section elementor-top-section elementor-element elementor-element-1f8bd6d elementor-section-boxed elementor-section-height-default elementor-section-height-default\" data-id=\"1f8bd6d\" data-element_type=\"section\" data-e-type=\"section\">\n\t\t\t\t\t\t<div class=\"elementor-container elementor-column-gap-default\">\n\t\t\t\t\t<div class=\"elementor-column elementor-col-100 elementor-top-column elementor-element elementor-element-5b620ec\" data-id=\"5b620ec\" data-element_type=\"column\" data-e-type=\"column\">\n\t\t\t<div class=\"elementor-widget-wrap elementor-element-populated\">\n\t\t\t\t\t\t<div class=\"elementor-element elementor-element-89daa18 elementor-widget elementor-widget-text-editor\" data-id=\"89daa18\" data-element_type=\"widget\" data-e-type=\"widget\" data-widget_type=\"text-editor.default\">\n\t\t\t\t<div class=\"elementor-widget-container\">\n\t\t\t\t\t\t\t\t\t<p data-pm-slice=\"1 1 []\">En la etapa final de su <b>Gira 25 Aniversario<\/b>, <b>Luis Fonsi<\/b> volvi\u00f3 a llenar el Movistar Arena en una velada inolvidable. Acompa\u00f1ado de grandes amigos como <b>Mal\u00fa<\/b>, <b>Omar<\/b> <b>Montes<\/b> y <b>Pablo L\u00f3pez<\/b>, Fonsi transform\u00f3 el recinto en su propia fiesta. Aqu\u00ed sus m\u00e1s de 15.000 espectadores vibraron con la m\u00fasica del artista en un evento completamente agotado.<\/p>\t\t\t\t\t\t\t\t<\/div>\n\t\t\t\t<\/div>\n\t\t\t\t\t<\/div>\n\t\t<\/div>\n\t\t\t\t\t<\/div>\n\t\t<\/section>\n\t\t\t\t<section class=\"elementor-section elementor-top-section elementor-element elementor-element-dd66708 elementor-section-boxed elementor-section-height-default elementor-section-height-default\" data-id=\"dd66708\" data-element_type=\"section\" data-e-type=\"section\">\n\t\t\t\t\t\t<div class=\"elementor-container elementor-column-gap-default\">\n\t\t\t\t\t<div class=\"elementor-column elementor-col-100 elementor-top-column elementor-element elementor-element-d254bb0\" data-id=\"d254bb0\" data-element_type=\"column\" data-e-type=\"column\">\n\t\t\t<div class=\"elementor-widget-wrap elementor-element-populated\">\n\t\t\t\t\t\t<div class=\"elementor-element elementor-element-68a3897 elementor-widget elementor-widget-image\" data-id=\"68a3897\" data-element_type=\"widget\" data-e-type=\"widget\" data-widget_type=\"image.default\">\n\t\t\t\t<div class=\"elementor-widget-container\">\n\t\t\t\t\t\t\t\t\t\t\t\t<figure class=\"wp-caption\">\n\t\t\t\t\t\t\t\t\t\t<img fetchpriority=\"high\" decoding=\"async\" width=\"640\" height=\"427\" src=\"https:\/\/unaymilletras.com\/wp-content\/uploads\/2025\/03\/DSC_0426-1024x683.jpg\" class=\"attachment-large size-large wp-image-3911\" alt=\"Luis Fonsi\" srcset=\"https:\/\/unaymilletras.com\/wp-content\/uploads\/2025\/03\/DSC_0426-1024x683.jpg 1024w, https:\/\/unaymilletras.com\/wp-content\/uploads\/2025\/03\/DSC_0426-300x200.jpg 300w, https:\/\/unaymilletras.com\/wp-content\/uploads\/2025\/03\/DSC_0426-768x512.jpg 768w, https:\/\/unaymilletras.com\/wp-content\/uploads\/2025\/03\/DSC_0426-1536x1024.jpg 1536w, https:\/\/unaymilletras.com\/wp-content\/uploads\/2025\/03\/DSC_0426-18x12.jpg 18w, https:\/\/unaymilletras.com\/wp-content\/uploads\/2025\/03\/DSC_0426-e1741449492244.jpg 600w\" sizes=\"(max-width: 640px) 100vw, 640px\" \/>\t\t\t\t\t\t\t\t\t\t\t<figcaption class=\"widget-image-caption wp-caption-text\">Fot\u00f3grafa: Maria Gil Robledo<\/figcaption>\n\t\t\t\t\t\t\t\t\t\t<\/figure>\n\t\t\t\t\t\t\t\t\t<\/div>\n\t\t\t\t<\/div>\n\t\t\t\t\t<\/div>\n\t\t<\/div>\n\t\t\t\t\t<\/div>\n\t\t<\/section>\n\t\t\t\t<section class=\"elementor-section elementor-top-section elementor-element elementor-element-400f14c elementor-section-boxed elementor-section-height-default elementor-section-height-default\" data-id=\"400f14c\" data-element_type=\"section\" data-e-type=\"section\">\n\t\t\t\t\t\t<div class=\"elementor-container elementor-column-gap-default\">\n\t\t\t\t\t<div class=\"elementor-column elementor-col-100 elementor-top-column elementor-element elementor-element-46c80b3\" data-id=\"46c80b3\" data-element_type=\"column\" data-e-type=\"column\">\n\t\t\t<div class=\"elementor-widget-wrap elementor-element-populated\">\n\t\t\t\t\t\t<div class=\"elementor-element elementor-element-e12a201 elementor-widget elementor-widget-text-editor\" data-id=\"e12a201\" data-element_type=\"widget\" data-e-type=\"widget\" data-widget_type=\"text-editor.default\">\n\t\t\t\t<div class=\"elementor-widget-container\">\n\t\t\t\t\t\t\t\t\t<p data-pm-slice=\"1 1 []\">El cantante puertorrique\u00f1o ofreci\u00f3 este jueves en Madrid un concierto impresionante. Volvi\u00f3 a sorprender a todo su p\u00fablico con un show que incluy\u00f3 grandes \u00e9xitos, un espectacular equipo de baile y una energ\u00eda contagiosa. Desde primeras horas del d\u00eda, los seguidores del artista esperaban con ilusi\u00f3n su regreso a la capital espa\u00f1ola.<\/p><p>El espect\u00e1culo comenz\u00f3 con Fonsi entrando triunfante a ritmo de su gran tema <em>Coraz\u00f3n en la Maleta<\/em>, contagiando de alegr\u00eda y diversi\u00f3n a un p\u00fablico entregado. A lo largo de la noche, el cantante demostr\u00f3 por qu\u00e9 sigue siendo uno de los m\u00e1s grandes de la m\u00fasica latina. Interpret\u00f3 una colecci\u00f3n de \u00e9xitos como <em>B\u00e9same<\/em>, <em>\u00c9chame La Culpa<\/em> o <em>Date La Vuelta<\/em>. No faltaron sus emotivas baladas como \u00abImag\u00edname sin ti\u00bb y un medley con momentos inolvidables con canciones como <em>Llegaste t\u00fa<\/em>, <em>Quisiera Poder Olvidarme De Ti<\/em>, <em>Qu\u00e9 Quieres De M\u00ed<\/em> y <em>Respira<\/em>.<\/p>\t\t\t\t\t\t\t\t<\/div>\n\t\t\t\t<\/div>\n\t\t\t\t\t<\/div>\n\t\t<\/div>\n\t\t\t\t\t<\/div>\n\t\t<\/section>\n\t\t\t\t<section class=\"elementor-section elementor-top-section elementor-element elementor-element-e1409b5 elementor-section-boxed elementor-section-height-default elementor-section-height-default\" data-id=\"e1409b5\" data-element_type=\"section\" data-e-type=\"section\">\n\t\t\t\t\t\t<div class=\"elementor-container elementor-column-gap-default\">\n\t\t\t\t\t<div class=\"elementor-column elementor-col-50 elementor-top-column elementor-element elementor-element-95303b2\" data-id=\"95303b2\" data-element_type=\"column\" data-e-type=\"column\">\n\t\t\t<div class=\"elementor-widget-wrap elementor-element-populated\">\n\t\t\t\t\t\t<div class=\"elementor-element elementor-element-9a81062 elementor-widget elementor-widget-image\" data-id=\"9a81062\" data-element_type=\"widget\" data-e-type=\"widget\" data-widget_type=\"image.default\">\n\t\t\t\t<div class=\"elementor-widget-container\">\n\t\t\t\t\t\t\t\t\t\t\t\t<figure class=\"wp-caption\">\n\t\t\t\t\t\t\t\t\t\t<img decoding=\"async\" width=\"640\" height=\"960\" src=\"https:\/\/unaymilletras.com\/wp-content\/uploads\/2025\/03\/DSC_0360-683x1024.jpg\" class=\"attachment-large size-large wp-image-3913\" alt=\"Luis Fonsi\" srcset=\"https:\/\/unaymilletras.com\/wp-content\/uploads\/2025\/03\/DSC_0360-683x1024.jpg 683w, https:\/\/unaymilletras.com\/wp-content\/uploads\/2025\/03\/DSC_0360-200x300.jpg 200w, https:\/\/unaymilletras.com\/wp-content\/uploads\/2025\/03\/DSC_0360-768x1152.jpg 768w, https:\/\/unaymilletras.com\/wp-content\/uploads\/2025\/03\/DSC_0360-1024x1536.jpg 1024w, https:\/\/unaymilletras.com\/wp-content\/uploads\/2025\/03\/DSC_0360-8x12.jpg 8w, https:\/\/unaymilletras.com\/wp-content\/uploads\/2025\/03\/DSC_0360-e1741449583490.jpg 600w\" sizes=\"(max-width: 640px) 100vw, 640px\" \/>\t\t\t\t\t\t\t\t\t\t\t<figcaption class=\"widget-image-caption wp-caption-text\">Fot\u00f3grafa: Maria Gil Robledo<\/figcaption>\n\t\t\t\t\t\t\t\t\t\t<\/figure>\n\t\t\t\t\t\t\t\t\t<\/div>\n\t\t\t\t<\/div>\n\t\t\t\t\t<\/div>\n\t\t<\/div>\n\t\t\t\t<div class=\"elementor-column elementor-col-50 elementor-top-column elementor-element elementor-element-68b3af1\" data-id=\"68b3af1\" data-element_type=\"column\" data-e-type=\"column\">\n\t\t\t<div class=\"elementor-widget-wrap elementor-element-populated\">\n\t\t\t\t\t\t<div class=\"elementor-element elementor-element-152c462 elementor-widget elementor-widget-image\" data-id=\"152c462\" data-element_type=\"widget\" data-e-type=\"widget\" data-widget_type=\"image.default\">\n\t\t\t\t<div class=\"elementor-widget-container\">\n\t\t\t\t\t\t\t\t\t\t\t\t<figure class=\"wp-caption\">\n\t\t\t\t\t\t\t\t\t\t<img decoding=\"async\" width=\"640\" height=\"960\" src=\"https:\/\/unaymilletras.com\/wp-content\/uploads\/2025\/03\/DSC_0473-683x1024.jpg\" class=\"attachment-large size-large wp-image-3912\" alt=\"Luis Fonsi\" srcset=\"https:\/\/unaymilletras.com\/wp-content\/uploads\/2025\/03\/DSC_0473-683x1024.jpg 683w, https:\/\/unaymilletras.com\/wp-content\/uploads\/2025\/03\/DSC_0473-200x300.jpg 200w, https:\/\/unaymilletras.com\/wp-content\/uploads\/2025\/03\/DSC_0473-768x1152.jpg 768w, https:\/\/unaymilletras.com\/wp-content\/uploads\/2025\/03\/DSC_0473-1024x1536.jpg 1024w, https:\/\/unaymilletras.com\/wp-content\/uploads\/2025\/03\/DSC_0473-8x12.jpg 8w, https:\/\/unaymilletras.com\/wp-content\/uploads\/2025\/03\/DSC_0473-e1741449591642.jpg 600w\" sizes=\"(max-width: 640px) 100vw, 640px\" \/>\t\t\t\t\t\t\t\t\t\t\t<figcaption class=\"widget-image-caption wp-caption-text\">Fot\u00f3grafa: Maria Gil Robledo<\/figcaption>\n\t\t\t\t\t\t\t\t\t\t<\/figure>\n\t\t\t\t\t\t\t\t\t<\/div>\n\t\t\t\t<\/div>\n\t\t\t\t\t<\/div>\n\t\t<\/div>\n\t\t\t\t\t<\/div>\n\t\t<\/section>\n\t\t\t\t<section class=\"elementor-section elementor-top-section elementor-element elementor-element-9485ef6 elementor-section-boxed elementor-section-height-default elementor-section-height-default\" data-id=\"9485ef6\" data-element_type=\"section\" data-e-type=\"section\">\n\t\t\t\t\t\t<div class=\"elementor-container elementor-column-gap-default\">\n\t\t\t\t\t<div class=\"elementor-column elementor-col-100 elementor-top-column elementor-element elementor-element-bfd8ed2\" data-id=\"bfd8ed2\" data-element_type=\"column\" data-e-type=\"column\">\n\t\t\t<div class=\"elementor-widget-wrap elementor-element-populated\">\n\t\t\t\t\t\t<div class=\"elementor-element elementor-element-ddd96e0 elementor-widget elementor-widget-text-editor\" data-id=\"ddd96e0\" data-element_type=\"widget\" data-e-type=\"widget\" data-widget_type=\"text-editor.default\">\n\t\t\t\t<div class=\"elementor-widget-container\">\n\t\t\t\t\t\t\t\t\t<p data-pm-slice=\"1 1 []\">Las sorpresas no se hicieron esperar, ya que el concierto cont\u00f3 con la colaboraci\u00f3n de grandes artistas espa\u00f1oles. Omar Montes subi\u00f3 al escenario para interpretar junto a Fonsi su tema <em>Marbella<\/em>, desatando la euforia del p\u00fablico. Pablo L\u00f3pez, amigo \u00edntimo del puertorrique\u00f1o, emocion\u00f3 a todos con su participaci\u00f3n en <em>Nada Es Para Siempre<\/em>, ambos a la guitarra en un momento \u00edntimo y especial. Como broche de oro, Mal\u00fa se uni\u00f3 al show para interpretar <em>Ahora T\u00fa<\/em>, una actuaci\u00f3n que eriz\u00f3 la piel de los asistentes.<\/p><p>La combinaci\u00f3n de canciones rom\u00e1nticas con temas bailables, la alternancia entre momentos \u00edntimos y coreograf\u00edas en\u00e9rgicas, hicieron de este espect\u00e1culo una experiencia \u00fanica para un p\u00fablico de varias generaciones. La noche cerr\u00f3 con una recta final electrizante con <em>Calypso<\/em> y <em>Despacito<\/em>, poniendo al Movistar Arena a vibrar hasta el \u00faltimo segundo del show.<\/p>\t\t\t\t\t\t\t\t<\/div>\n\t\t\t\t<\/div>\n\t\t\t\t\t<\/div>\n\t\t<\/div>\n\t\t\t\t\t<\/div>\n\t\t<\/section>\n\t\t\t\t<section class=\"elementor-section elementor-top-section elementor-element elementor-element-228c853 elementor-section-boxed elementor-section-height-default elementor-section-height-default\" data-id=\"228c853\" data-element_type=\"section\" data-e-type=\"section\">\n\t\t\t\t\t\t<div class=\"elementor-container elementor-column-gap-default\">\n\t\t\t\t\t<div class=\"elementor-column elementor-col-100 elementor-top-column elementor-element elementor-element-6699bb3\" data-id=\"6699bb3\" data-element_type=\"column\" data-e-type=\"column\">\n\t\t\t<div class=\"elementor-widget-wrap elementor-element-populated\">\n\t\t\t\t\t\t<div class=\"elementor-element elementor-element-2fa38c3 elementor-widget elementor-widget-image\" data-id=\"2fa38c3\" data-element_type=\"widget\" data-e-type=\"widget\" data-widget_type=\"image.default\">\n\t\t\t\t<div class=\"elementor-widget-container\">\n\t\t\t\t\t\t\t\t\t\t\t\t<figure class=\"wp-caption\">\n\t\t\t\t\t\t\t\t\t\t<img loading=\"lazy\" decoding=\"async\" width=\"640\" height=\"427\" src=\"https:\/\/unaymilletras.com\/wp-content\/uploads\/2025\/03\/DSC_0648-Enhanced-NR-1024x683.jpg\" class=\"attachment-large size-large wp-image-3914\" alt=\"Luis Fonsi\" srcset=\"https:\/\/unaymilletras.com\/wp-content\/uploads\/2025\/03\/DSC_0648-Enhanced-NR-1024x683.jpg 1024w, https:\/\/unaymilletras.com\/wp-content\/uploads\/2025\/03\/DSC_0648-Enhanced-NR-300x200.jpg 300w, https:\/\/unaymilletras.com\/wp-content\/uploads\/2025\/03\/DSC_0648-Enhanced-NR-768x512.jpg 768w, https:\/\/unaymilletras.com\/wp-content\/uploads\/2025\/03\/DSC_0648-Enhanced-NR-1536x1024.jpg 1536w, https:\/\/unaymilletras.com\/wp-content\/uploads\/2025\/03\/DSC_0648-Enhanced-NR-18x12.jpg 18w, https:\/\/unaymilletras.com\/wp-content\/uploads\/2025\/03\/DSC_0648-Enhanced-NR-e1741449575189.jpg 600w\" sizes=\"(max-width: 640px) 100vw, 640px\" \/>\t\t\t\t\t\t\t\t\t\t\t<figcaption class=\"widget-image-caption wp-caption-text\">Fot\u00f3grafa: Maria Gil Robledo<\/figcaption>\n\t\t\t\t\t\t\t\t\t\t<\/figure>\n\t\t\t\t\t\t\t\t\t<\/div>\n\t\t\t\t<\/div>\n\t\t\t\t\t<\/div>\n\t\t<\/div>\n\t\t\t\t\t<\/div>\n\t\t<\/section>\n\t\t\t\t<section class=\"elementor-section elementor-top-section elementor-element elementor-element-e7eb433 elementor-section-boxed elementor-section-height-default elementor-section-height-default\" data-id=\"e7eb433\" data-element_type=\"section\" data-e-type=\"section\">\n\t\t\t\t\t\t<div class=\"elementor-container elementor-column-gap-default\">\n\t\t\t\t\t<div class=\"elementor-column elementor-col-100 elementor-top-column elementor-element elementor-element-d855182\" data-id=\"d855182\" data-element_type=\"column\" data-e-type=\"column\">\n\t\t\t<div class=\"elementor-widget-wrap elementor-element-populated\">\n\t\t\t\t\t\t<div class=\"elementor-element elementor-element-8501c89 elementor-widget elementor-widget-text-editor\" data-id=\"8501c89\" data-element_type=\"widget\" data-e-type=\"widget\" data-widget_type=\"text-editor.default\">\n\t\t\t\t<div class=\"elementor-widget-container\">\n\t\t\t\t\t\t\t\t\t<p data-pm-slice=\"1 1 []\">Este concierto ha sido una de las \u00faltimas paradas de la gira, que est\u00e1 por llegar a su fin. A\u00fan quedan dos oportunidades para disfrutar de esta experiencia: el pr\u00f3ximo 9 de marzo en el Cartuja Center de Sevilla y el 15 de marzo en el Coliseo de Puerto Rico, donde Fonsi pondr\u00e1 el broche de oro a esta celebraci\u00f3n de su carrera.<\/p><p>Los fans espa\u00f1oles no tendr\u00e1n que esperar demasiado para volver a verlo, ya que el artista ha anunciado que regresar\u00e1 a los escenarios de Espa\u00f1a este verano con una nueva gira que recorrer\u00e1 diversas ciudades del pa\u00eds. Un fin de fiesta que promete seguir haciendo historia.<\/p>\t\t\t\t\t\t\t\t<\/div>\n\t\t\t\t<\/div>\n\t\t\t\t\t<\/div>\n\t\t<\/div>\n\t\t\t\t\t<\/div>\n\t\t<\/section>\n\t\t\t\t<\/div>","protected":false},"excerpt":{"rendered":"<p>Una noche m\u00e1gica para los fans de Luis Fonsi con invitados muy especiales y un recorrido por 25 a\u00f1os de \u00e9xitos En la etapa final de su Gira 25 Aniversario, Luis Fonsi volvi\u00f3 a llenar el Movistar Arena en una velada inolvidable. Acompa\u00f1ado de grandes amigos como Mal\u00fa, Omar Montes y Pablo L\u00f3pez, Fonsi transform\u00f3 [&hellip;]<\/p>\n","protected":false},"author":1,"featured_media":3913,"comment_status":"closed","ping_status":"closed","sticky":false,"template":"","format":"standard","meta":{"footnotes":""},"categories":[4],"tags":[],"class_list":["post-3909","post","type-post","status-publish","format-standard","has-post-thumbnail","hentry","category-musica"],"yoast_head":"<!-- This site is optimized with the Yoast SEO plugin v27.4 - https:\/\/yoast.com\/product\/yoast-seo-wordpress\/ -->\n<title>Luis Fonsi pone a bailar al Movistar Arena de Madrid una vez m\u00e1s<\/title>\n<meta name=\"description\" content=\"Una noche m\u00e1gica para los fans de Luis Fonsi con invitados muy especiales y un recorrido por 25 a\u00f1os de \u00e9xitos\" \/>\n<meta name=\"robots\" content=\"index, follow, max-snippet:-1, max-image-preview:large, max-video-preview:-1\" \/>\n<link rel=\"canonical\" href=\"https:\/\/unaymilletras.com\/en\/luis-fonsi-pone-a-bailar-al-movistar-arena-de-madrid-una-vez-mas\/\" \/>\n<meta property=\"og:locale\" content=\"en_GB\" \/>\n<meta property=\"og:type\" content=\"article\" \/>\n<meta property=\"og:title\" content=\"Luis Fonsi pone a bailar al Movistar Arena de Madrid una vez m\u00e1s\" \/>\n<meta property=\"og:description\" content=\"Una noche m\u00e1gica para los fans de Luis Fonsi con invitados muy especiales y un recorrido por 25 a\u00f1os de \u00e9xitos\" \/>\n<meta property=\"og:url\" content=\"https:\/\/unaymilletras.com\/en\/luis-fonsi-pone-a-bailar-al-movistar-arena-de-madrid-una-vez-mas\/\" \/>\n<meta property=\"og:site_name\" content=\"Una y Mil Letras\" \/>\n<meta property=\"article:published_time\" content=\"2025-03-08T15:58:58+00:00\" \/>\n<meta property=\"article:modified_time\" content=\"2025-03-08T16:05:10+00:00\" \/>\n<meta property=\"og:image\" content=\"http:\/\/unaymilletras.com\/wp-content\/uploads\/2025\/03\/DSC_0360-e1741449583490.jpg\" \/>\n\t<meta property=\"og:image:width\" content=\"600\" \/>\n\t<meta property=\"og:image:height\" content=\"900\" \/>\n\t<meta property=\"og:image:type\" content=\"image\/jpeg\" \/>\n<meta name=\"author\" content=\"Maria Gil Robledo\" \/>\n<meta name=\"twitter:card\" content=\"summary_large_image\" \/>\n<meta name=\"twitter:creator\" content=\"@UnaYMilLetras\" \/>\n<meta name=\"twitter:site\" content=\"@UnaYMilLetras\" \/>\n<meta name=\"twitter:label1\" content=\"Written by\" \/>\n\t<meta name=\"twitter:data1\" content=\"Maria Gil Robledo\" \/>\n\t<meta name=\"twitter:label2\" content=\"Estimated reading time\" \/>\n\t<meta name=\"twitter:data2\" content=\"4 minutes\" \/>\n<script type=\"application\/ld+json\" class=\"yoast-schema-graph\">{\"@context\":\"https:\\\/\\\/schema.org\",\"@graph\":[{\"@type\":\"Article\",\"@id\":\"https:\\\/\\\/unaymilletras.com\\\/luis-fonsi-pone-a-bailar-al-movistar-arena-de-madrid-una-vez-mas\\\/#article\",\"isPartOf\":{\"@id\":\"https:\\\/\\\/unaymilletras.com\\\/luis-fonsi-pone-a-bailar-al-movistar-arena-de-madrid-una-vez-mas\\\/\"},\"author\":{\"name\":\"Maria Gil Robledo\",\"@id\":\"http:\\\/\\\/unaymilletras.com\\\/#\\\/schema\\\/person\\\/d55ba681b8a4e463d8982dbe36a5dc94\"},\"headline\":\"Luis Fonsi pone a bailar al Movistar Arena de Madrid una vez m\u00e1s\",\"datePublished\":\"2025-03-08T15:58:58+00:00\",\"dateModified\":\"2025-03-08T16:05:10+00:00\",\"mainEntityOfPage\":{\"@id\":\"https:\\\/\\\/unaymilletras.com\\\/luis-fonsi-pone-a-bailar-al-movistar-arena-de-madrid-una-vez-mas\\\/\"},\"wordCount\":541,\"publisher\":{\"@id\":\"http:\\\/\\\/unaymilletras.com\\\/#organization\"},\"image\":{\"@id\":\"https:\\\/\\\/unaymilletras.com\\\/luis-fonsi-pone-a-bailar-al-movistar-arena-de-madrid-una-vez-mas\\\/#primaryimage\"},\"thumbnailUrl\":\"https:\\\/\\\/unaymilletras.com\\\/wp-content\\\/uploads\\\/2025\\\/03\\\/DSC_0360-e1741449583490.jpg\",\"articleSection\":[\"M\u00fasica\"],\"inLanguage\":\"en-GB\"},{\"@type\":\"WebPage\",\"@id\":\"https:\\\/\\\/unaymilletras.com\\\/luis-fonsi-pone-a-bailar-al-movistar-arena-de-madrid-una-vez-mas\\\/\",\"url\":\"https:\\\/\\\/unaymilletras.com\\\/luis-fonsi-pone-a-bailar-al-movistar-arena-de-madrid-una-vez-mas\\\/\",\"name\":\"Luis Fonsi pone a bailar al Movistar Arena de Madrid una vez m\u00e1s\",\"isPartOf\":{\"@id\":\"http:\\\/\\\/unaymilletras.com\\\/#website\"},\"primaryImageOfPage\":{\"@id\":\"https:\\\/\\\/unaymilletras.com\\\/luis-fonsi-pone-a-bailar-al-movistar-arena-de-madrid-una-vez-mas\\\/#primaryimage\"},\"image\":{\"@id\":\"https:\\\/\\\/unaymilletras.com\\\/luis-fonsi-pone-a-bailar-al-movistar-arena-de-madrid-una-vez-mas\\\/#primaryimage\"},\"thumbnailUrl\":\"https:\\\/\\\/unaymilletras.com\\\/wp-content\\\/uploads\\\/2025\\\/03\\\/DSC_0360-e1741449583490.jpg\",\"datePublished\":\"2025-03-08T15:58:58+00:00\",\"dateModified\":\"2025-03-08T16:05:10+00:00\",\"description\":\"Una noche m\u00e1gica para los fans de Luis Fonsi con invitados muy especiales y un recorrido por 25 a\u00f1os de \u00e9xitos\",\"breadcrumb\":{\"@id\":\"https:\\\/\\\/unaymilletras.com\\\/luis-fonsi-pone-a-bailar-al-movistar-arena-de-madrid-una-vez-mas\\\/#breadcrumb\"},\"inLanguage\":\"en-GB\",\"potentialAction\":[{\"@type\":\"ReadAction\",\"target\":[\"https:\\\/\\\/unaymilletras.com\\\/luis-fonsi-pone-a-bailar-al-movistar-arena-de-madrid-una-vez-mas\\\/\"]}]},{\"@type\":\"ImageObject\",\"inLanguage\":\"en-GB\",\"@id\":\"https:\\\/\\\/unaymilletras.com\\\/luis-fonsi-pone-a-bailar-al-movistar-arena-de-madrid-una-vez-mas\\\/#primaryimage\",\"url\":\"https:\\\/\\\/unaymilletras.com\\\/wp-content\\\/uploads\\\/2025\\\/03\\\/DSC_0360-e1741449583490.jpg\",\"contentUrl\":\"https:\\\/\\\/unaymilletras.com\\\/wp-content\\\/uploads\\\/2025\\\/03\\\/DSC_0360-e1741449583490.jpg\",\"width\":600,\"height\":900,\"caption\":\"Fot\u00f3grafa: Maria Gil Robledo\"},{\"@type\":\"BreadcrumbList\",\"@id\":\"https:\\\/\\\/unaymilletras.com\\\/luis-fonsi-pone-a-bailar-al-movistar-arena-de-madrid-una-vez-mas\\\/#breadcrumb\",\"itemListElement\":[{\"@type\":\"ListItem\",\"position\":1,\"name\":\"Home\",\"item\":\"http:\\\/\\\/unaymilletras.com\\\/\"},{\"@type\":\"ListItem\",\"position\":2,\"name\":\"Luis Fonsi pone a bailar al Movistar Arena de Madrid una vez m\u00e1s\"}]},{\"@type\":\"WebSite\",\"@id\":\"http:\\\/\\\/unaymilletras.com\\\/#website\",\"url\":\"http:\\\/\\\/unaymilletras.com\\\/\",\"name\":\"Una y Mil Letras\",\"description\":\"\",\"publisher\":{\"@id\":\"http:\\\/\\\/unaymilletras.com\\\/#organization\"},\"potentialAction\":[{\"@type\":\"SearchAction\",\"target\":{\"@type\":\"EntryPoint\",\"urlTemplate\":\"http:\\\/\\\/unaymilletras.com\\\/?s={search_term_string}\"},\"query-input\":{\"@type\":\"PropertyValueSpecification\",\"valueRequired\":true,\"valueName\":\"search_term_string\"}}],\"inLanguage\":\"en-GB\"},{\"@type\":\"Organization\",\"@id\":\"http:\\\/\\\/unaymilletras.com\\\/#organization\",\"name\":\"Una y Mil Letras\",\"url\":\"http:\\\/\\\/unaymilletras.com\\\/\",\"logo\":{\"@type\":\"ImageObject\",\"inLanguage\":\"en-GB\",\"@id\":\"http:\\\/\\\/unaymilletras.com\\\/#\\\/schema\\\/logo\\\/image\\\/\",\"url\":\"https:\\\/\\\/unaymilletras.com\\\/wp-content\\\/uploads\\\/2024\\\/06\\\/cropped-Logo-removebg-preview.png\",\"contentUrl\":\"https:\\\/\\\/unaymilletras.com\\\/wp-content\\\/uploads\\\/2024\\\/06\\\/cropped-Logo-removebg-preview.png\",\"width\":512,\"height\":512,\"caption\":\"Una y Mil Letras\"},\"image\":{\"@id\":\"http:\\\/\\\/unaymilletras.com\\\/#\\\/schema\\\/logo\\\/image\\\/\"},\"sameAs\":[\"https:\\\/\\\/x.com\\\/UnaYMilLetras\",\"https:\\\/\\\/instagram.com\\\/UnaYMilLetras\"]},{\"@type\":\"Person\",\"@id\":\"http:\\\/\\\/unaymilletras.com\\\/#\\\/schema\\\/person\\\/d55ba681b8a4e463d8982dbe36a5dc94\",\"name\":\"Maria Gil Robledo\",\"image\":{\"@type\":\"ImageObject\",\"inLanguage\":\"en-GB\",\"@id\":\"https:\\\/\\\/secure.gravatar.com\\\/avatar\\\/4b8e5102e0015789407eb4870b12f0f2857952d83ca124058f92b764bd1840c3?s=96&d=mm&r=g\",\"url\":\"https:\\\/\\\/secure.gravatar.com\\\/avatar\\\/4b8e5102e0015789407eb4870b12f0f2857952d83ca124058f92b764bd1840c3?s=96&d=mm&r=g\",\"contentUrl\":\"https:\\\/\\\/secure.gravatar.com\\\/avatar\\\/4b8e5102e0015789407eb4870b12f0f2857952d83ca124058f92b764bd1840c3?s=96&d=mm&r=g\",\"caption\":\"Maria Gil Robledo\"},\"sameAs\":[\"http:\\\/\\\/unaymilletras.com\"],\"url\":\"https:\\\/\\\/unaymilletras.com\\\/en\\\/author\\\/mariiagiil02_\\\/\"}]}<\/script>\n<!-- \/ Yoast SEO plugin. -->","yoast_head_json":{"title":"Luis Fonsi pone a bailar al Movistar Arena de Madrid una vez m\u00e1s","description":"Una noche m\u00e1gica para los fans de Luis Fonsi con invitados muy especiales y un recorrido por 25 a\u00f1os de \u00e9xitos","robots":{"index":"index","follow":"follow","max-snippet":"max-snippet:-1","max-image-preview":"max-image-preview:large","max-video-preview":"max-video-preview:-1"},"canonical":"https:\/\/unaymilletras.com\/en\/luis-fonsi-pone-a-bailar-al-movistar-arena-de-madrid-una-vez-mas\/","og_locale":"en_GB","og_type":"article","og_title":"Luis Fonsi pone a bailar al Movistar Arena de Madrid una vez m\u00e1s","og_description":"Una noche m\u00e1gica para los fans de Luis Fonsi con invitados muy especiales y un recorrido por 25 a\u00f1os de \u00e9xitos","og_url":"https:\/\/unaymilletras.com\/en\/luis-fonsi-pone-a-bailar-al-movistar-arena-de-madrid-una-vez-mas\/","og_site_name":"Una y Mil Letras","article_published_time":"2025-03-08T15:58:58+00:00","article_modified_time":"2025-03-08T16:05:10+00:00","og_image":[{"width":600,"height":900,"url":"http:\/\/unaymilletras.com\/wp-content\/uploads\/2025\/03\/DSC_0360-e1741449583490.jpg","type":"image\/jpeg"}],"author":"Maria Gil Robledo","twitter_card":"summary_large_image","twitter_creator":"@UnaYMilLetras","twitter_site":"@UnaYMilLetras","twitter_misc":{"Written by":"Maria Gil Robledo","Estimated reading time":"4 minutes"},"schema":{"@context":"https:\/\/schema.org","@graph":[{"@type":"Article","@id":"https:\/\/unaymilletras.com\/luis-fonsi-pone-a-bailar-al-movistar-arena-de-madrid-una-vez-mas\/#article","isPartOf":{"@id":"https:\/\/unaymilletras.com\/luis-fonsi-pone-a-bailar-al-movistar-arena-de-madrid-una-vez-mas\/"},"author":{"name":"Maria Gil Robledo","@id":"http:\/\/unaymilletras.com\/#\/schema\/person\/d55ba681b8a4e463d8982dbe36a5dc94"},"headline":"Luis Fonsi pone a bailar al Movistar Arena de Madrid una vez m\u00e1s","datePublished":"2025-03-08T15:58:58+00:00","dateModified":"2025-03-08T16:05:10+00:00","mainEntityOfPage":{"@id":"https:\/\/unaymilletras.com\/luis-fonsi-pone-a-bailar-al-movistar-arena-de-madrid-una-vez-mas\/"},"wordCount":541,"publisher":{"@id":"http:\/\/unaymilletras.com\/#organization"},"image":{"@id":"https:\/\/unaymilletras.com\/luis-fonsi-pone-a-bailar-al-movistar-arena-de-madrid-una-vez-mas\/#primaryimage"},"thumbnailUrl":"https:\/\/unaymilletras.com\/wp-content\/uploads\/2025\/03\/DSC_0360-e1741449583490.jpg","articleSection":["M\u00fasica"],"inLanguage":"en-GB"},{"@type":"WebPage","@id":"https:\/\/unaymilletras.com\/luis-fonsi-pone-a-bailar-al-movistar-arena-de-madrid-una-vez-mas\/","url":"https:\/\/unaymilletras.com\/luis-fonsi-pone-a-bailar-al-movistar-arena-de-madrid-una-vez-mas\/","name":"Luis Fonsi pone a bailar al Movistar Arena de Madrid una vez m\u00e1s","isPartOf":{"@id":"http:\/\/unaymilletras.com\/#website"},"primaryImageOfPage":{"@id":"https:\/\/unaymilletras.com\/luis-fonsi-pone-a-bailar-al-movistar-arena-de-madrid-una-vez-mas\/#primaryimage"},"image":{"@id":"https:\/\/unaymilletras.com\/luis-fonsi-pone-a-bailar-al-movistar-arena-de-madrid-una-vez-mas\/#primaryimage"},"thumbnailUrl":"https:\/\/unaymilletras.com\/wp-content\/uploads\/2025\/03\/DSC_0360-e1741449583490.jpg","datePublished":"2025-03-08T15:58:58+00:00","dateModified":"2025-03-08T16:05:10+00:00","description":"Una noche m\u00e1gica para los fans de Luis Fonsi con invitados muy especiales y un recorrido por 25 a\u00f1os de \u00e9xitos","breadcrumb":{"@id":"https:\/\/unaymilletras.com\/luis-fonsi-pone-a-bailar-al-movistar-arena-de-madrid-una-vez-mas\/#breadcrumb"},"inLanguage":"en-GB","potentialAction":[{"@type":"ReadAction","target":["https:\/\/unaymilletras.com\/luis-fonsi-pone-a-bailar-al-movistar-arena-de-madrid-una-vez-mas\/"]}]},{"@type":"ImageObject","inLanguage":"en-GB","@id":"https:\/\/unaymilletras.com\/luis-fonsi-pone-a-bailar-al-movistar-arena-de-madrid-una-vez-mas\/#primaryimage","url":"https:\/\/unaymilletras.com\/wp-content\/uploads\/2025\/03\/DSC_0360-e1741449583490.jpg","contentUrl":"https:\/\/unaymilletras.com\/wp-content\/uploads\/2025\/03\/DSC_0360-e1741449583490.jpg","width":600,"height":900,"caption":"Fot\u00f3grafa: Maria Gil Robledo"},{"@type":"BreadcrumbList","@id":"https:\/\/unaymilletras.com\/luis-fonsi-pone-a-bailar-al-movistar-arena-de-madrid-una-vez-mas\/#breadcrumb","itemListElement":[{"@type":"ListItem","position":1,"name":"Home","item":"http:\/\/unaymilletras.com\/"},{"@type":"ListItem","position":2,"name":"Luis Fonsi pone a bailar al Movistar Arena de Madrid una vez m\u00e1s"}]},{"@type":"WebSite","@id":"http:\/\/unaymilletras.com\/#website","url":"http:\/\/unaymilletras.com\/","name":"Una y Mil Letras","description":"","publisher":{"@id":"http:\/\/unaymilletras.com\/#organization"},"potentialAction":[{"@type":"SearchAction","target":{"@type":"EntryPoint","urlTemplate":"http:\/\/unaymilletras.com\/?s={search_term_string}"},"query-input":{"@type":"PropertyValueSpecification","valueRequired":true,"valueName":"search_term_string"}}],"inLanguage":"en-GB"},{"@type":"Organization","@id":"http:\/\/unaymilletras.com\/#organization","name":"Una y Mil Letras","url":"http:\/\/unaymilletras.com\/","logo":{"@type":"ImageObject","inLanguage":"en-GB","@id":"http:\/\/unaymilletras.com\/#\/schema\/logo\/image\/","url":"https:\/\/unaymilletras.com\/wp-content\/uploads\/2024\/06\/cropped-Logo-removebg-preview.png","contentUrl":"https:\/\/unaymilletras.com\/wp-content\/uploads\/2024\/06\/cropped-Logo-removebg-preview.png","width":512,"height":512,"caption":"Una y Mil Letras"},"image":{"@id":"http:\/\/unaymilletras.com\/#\/schema\/logo\/image\/"},"sameAs":["https:\/\/x.com\/UnaYMilLetras","https:\/\/instagram.com\/UnaYMilLetras"]},{"@type":"Person","@id":"http:\/\/unaymilletras.com\/#\/schema\/person\/d55ba681b8a4e463d8982dbe36a5dc94","name":"Maria Gil Robledo","image":{"@type":"ImageObject","inLanguage":"en-GB","@id":"https:\/\/secure.gravatar.com\/avatar\/4b8e5102e0015789407eb4870b12f0f2857952d83ca124058f92b764bd1840c3?s=96&d=mm&r=g","url":"https:\/\/secure.gravatar.com\/avatar\/4b8e5102e0015789407eb4870b12f0f2857952d83ca124058f92b764bd1840c3?s=96&d=mm&r=g","contentUrl":"https:\/\/secure.gravatar.com\/avatar\/4b8e5102e0015789407eb4870b12f0f2857952d83ca124058f92b764bd1840c3?s=96&d=mm&r=g","caption":"Maria Gil Robledo"},"sameAs":["http:\/\/unaymilletras.com"],"url":"https:\/\/unaymilletras.com\/en\/author\/mariiagiil02_\/"}]}},"_links":{"self":[{"href":"https:\/\/unaymilletras.com\/en\/wp-json\/wp\/v2\/posts\/3909","targetHints":{"allow":["GET"]}}],"collection":[{"href":"https:\/\/unaymilletras.com\/en\/wp-json\/wp\/v2\/posts"}],"about":[{"href":"https:\/\/unaymilletras.com\/en\/wp-json\/wp\/v2\/types\/post"}],"author":[{"embeddable":true,"href":"https:\/\/unaymilletras.com\/en\/wp-json\/wp\/v2\/users\/1"}],"replies":[{"embeddable":true,"href":"https:\/\/unaymilletras.com\/en\/wp-json\/wp\/v2\/comments?post=3909"}],"version-history":[{"count":7,"href":"https:\/\/unaymilletras.com\/en\/wp-json\/wp\/v2\/posts\/3909\/revisions"}],"predecessor-version":[{"id":3920,"href":"https:\/\/unaymilletras.com\/en\/wp-json\/wp\/v2\/posts\/3909\/revisions\/3920"}],"wp:featuredmedia":[{"embeddable":true,"href":"https:\/\/unaymilletras.com\/en\/wp-json\/wp\/v2\/media\/3913"}],"wp:attachment":[{"href":"https:\/\/unaymilletras.com\/en\/wp-json\/wp\/v2\/media?parent=3909"}],"wp:term":[{"taxonomy":"category","embeddable":true,"href":"https:\/\/unaymilletras.com\/en\/wp-json\/wp\/v2\/categories?post=3909"},{"taxonomy":"post_tag","embeddable":true,"href":"https:\/\/unaymilletras.com\/en\/wp-json\/wp\/v2\/tags?post=3909"}],"curies":[{"name":"wp","href":"https:\/\/api.w.org\/{rel}","templated":true}]}}