{"id":3925,"date":"2025-03-12T18:43:04","date_gmt":"2025-03-12T17:43:04","guid":{"rendered":"https:\/\/unaymilletras.com\/?p=3925"},"modified":"2025-03-12T18:46:03","modified_gmt":"2025-03-12T17:46:03","slug":"juanjo-bona-estrena-recardelino-con-sus-fans-en-madrid","status":"publish","type":"post","link":"https:\/\/unaymilletras.com\/en\/juanjo-bona-estrena-recardelino-con-sus-fans-en-madrid\/","title":{"rendered":"Juanjo Bona estrena \u00abRecardelino\u00bb con sus fans en Madrid"},"content":{"rendered":"<div data-elementor-type=\"wp-post\" data-elementor-id=\"3925\" class=\"elementor elementor-3925\">\n\t\t\t\t\t\t<section class=\"elementor-section elementor-top-section elementor-element elementor-element-ea88487 elementor-section-boxed elementor-section-height-default elementor-section-height-default\" data-id=\"ea88487\" data-element_type=\"section\" data-e-type=\"section\">\n\t\t\t\t\t\t<div class=\"elementor-container elementor-column-gap-default\">\n\t\t\t\t\t<div class=\"elementor-column elementor-col-100 elementor-top-column elementor-element elementor-element-72e2cbb\" data-id=\"72e2cbb\" data-element_type=\"column\" data-e-type=\"column\">\n\t\t\t<div class=\"elementor-widget-wrap elementor-element-populated\">\n\t\t\t\t\t\t<div class=\"elementor-element elementor-element-6846476 elementor-widget elementor-widget-text-editor\" data-id=\"6846476\" data-element_type=\"widget\" data-e-type=\"widget\" data-widget_type=\"text-editor.default\">\n\t\t\t\t<div class=\"elementor-widget-container\">\n\t\t\t\t\t\t\t\t\t<h2 style=\"text-align: center;\"><span style=\"color: #808080;\"><em>Juanjo Bona celebr\u00f3 el estreno de su primer \u00e1lbum con seguidores que desafiaron la lluvia para conocerlo en persona<\/em><\/span><\/h2>\t\t\t\t\t\t\t\t<\/div>\n\t\t\t\t<\/div>\n\t\t\t\t\t<\/div>\n\t\t<\/div>\n\t\t\t\t\t<\/div>\n\t\t<\/section>\n\t\t\t\t<section class=\"elementor-section elementor-top-section elementor-element elementor-element-fb7e19e elementor-section-boxed elementor-section-height-default elementor-section-height-default\" data-id=\"fb7e19e\" data-element_type=\"section\" data-e-type=\"section\">\n\t\t\t\t\t\t<div class=\"elementor-container elementor-column-gap-default\">\n\t\t\t\t\t<div class=\"elementor-column elementor-col-100 elementor-top-column elementor-element elementor-element-8cdd1a5\" data-id=\"8cdd1a5\" data-element_type=\"column\" data-e-type=\"column\">\n\t\t\t<div class=\"elementor-widget-wrap elementor-element-populated\">\n\t\t\t\t\t\t<div class=\"elementor-element elementor-element-62ed820 elementor-widget elementor-widget-text-editor\" data-id=\"62ed820\" data-element_type=\"widget\" data-e-type=\"widget\" data-widget_type=\"text-editor.default\">\n\t\t\t\t<div class=\"elementor-widget-container\">\n\t\t\t\t\t\t\t\t\t<p data-start=\"236\" data-end=\"569\">El 7 de marzo de 2025, <strong data-start=\"259\" data-end=\"274\">Juanjo Bona<\/strong> vivi\u00f3 una jornada inolvidable con la firma de su primer \u00e1lbum, <strong data-start=\"338\" data-end=\"355\"><em>Recardelino<\/em><\/strong>, en <strong data-start=\"360\" data-end=\"398\">El Corte Ingl\u00e9s de Goya, en Madrid<\/strong>. La expectaci\u00f3n era alta y sus seguidores no defraudaron: muchos de ellos hicieron cola desde la madrugada, soportando la lluvia, para asegurarse un lugar en el evento.<\/p>\t\t\t\t\t\t\t\t<\/div>\n\t\t\t\t<\/div>\n\t\t\t\t\t<\/div>\n\t\t<\/div>\n\t\t\t\t\t<\/div>\n\t\t<\/section>\n\t\t\t\t<section class=\"elementor-section elementor-top-section elementor-element elementor-element-9f1f442 elementor-section-boxed elementor-section-height-default elementor-section-height-default\" data-id=\"9f1f442\" data-element_type=\"section\" data-e-type=\"section\">\n\t\t\t\t\t\t<div class=\"elementor-container elementor-column-gap-default\">\n\t\t\t\t\t<div class=\"elementor-column elementor-col-50 elementor-top-column elementor-element elementor-element-44a5877\" data-id=\"44a5877\" data-element_type=\"column\" data-e-type=\"column\">\n\t\t\t<div class=\"elementor-widget-wrap elementor-element-populated\">\n\t\t\t\t\t\t<div class=\"elementor-element elementor-element-ea8fdb7 elementor-widget elementor-widget-image\" data-id=\"ea8fdb7\" data-element_type=\"widget\" data-e-type=\"widget\" data-widget_type=\"image.default\">\n\t\t\t\t<div class=\"elementor-widget-container\">\n\t\t\t\t\t\t\t\t\t\t\t\t<figure class=\"wp-caption\">\n\t\t\t\t\t\t\t\t\t\t<img fetchpriority=\"high\" decoding=\"async\" width=\"640\" height=\"800\" src=\"https:\/\/unaymilletras.com\/wp-content\/uploads\/2025\/03\/DSC04847-819x1024.jpg\" class=\"attachment-large size-large wp-image-3927\" alt=\"Juanjo Bona\" srcset=\"https:\/\/unaymilletras.com\/wp-content\/uploads\/2025\/03\/DSC04847-819x1024.jpg 819w, https:\/\/unaymilletras.com\/wp-content\/uploads\/2025\/03\/DSC04847-240x300.jpg 240w, https:\/\/unaymilletras.com\/wp-content\/uploads\/2025\/03\/DSC04847-768x960.jpg 768w, https:\/\/unaymilletras.com\/wp-content\/uploads\/2025\/03\/DSC04847-1229x1536.jpg 1229w, https:\/\/unaymilletras.com\/wp-content\/uploads\/2025\/03\/DSC04847-10x12.jpg 10w, https:\/\/unaymilletras.com\/wp-content\/uploads\/2025\/03\/DSC04847-1024x1280.jpg 1024w, https:\/\/unaymilletras.com\/wp-content\/uploads\/2025\/03\/DSC04847-e1741801376322.jpg 600w\" sizes=\"(max-width: 640px) 100vw, 640px\" \/>\t\t\t\t\t\t\t\t\t\t\t<figcaption class=\"widget-image-caption wp-caption-text\">Fot\u00f3grafa: Elisa Mallo<\/figcaption>\n\t\t\t\t\t\t\t\t\t\t<\/figure>\n\t\t\t\t\t\t\t\t\t<\/div>\n\t\t\t\t<\/div>\n\t\t\t\t\t<\/div>\n\t\t<\/div>\n\t\t\t\t<div class=\"elementor-column elementor-col-50 elementor-top-column elementor-element elementor-element-92d3e2d\" data-id=\"92d3e2d\" data-element_type=\"column\" data-e-type=\"column\">\n\t\t\t<div class=\"elementor-widget-wrap elementor-element-populated\">\n\t\t\t\t\t\t<div class=\"elementor-element elementor-element-bf70a34 elementor-widget elementor-widget-image\" data-id=\"bf70a34\" data-element_type=\"widget\" data-e-type=\"widget\" data-widget_type=\"image.default\">\n\t\t\t\t<div class=\"elementor-widget-container\">\n\t\t\t\t\t\t\t\t\t\t\t\t<figure class=\"wp-caption\">\n\t\t\t\t\t\t\t\t\t\t<img decoding=\"async\" width=\"640\" height=\"799\" src=\"https:\/\/unaymilletras.com\/wp-content\/uploads\/2025\/03\/DSC_0122-820x1024.jpg\" class=\"attachment-large size-large wp-image-3928\" alt=\"Juanjo Bona\" srcset=\"https:\/\/unaymilletras.com\/wp-content\/uploads\/2025\/03\/DSC_0122-820x1024.jpg 820w, https:\/\/unaymilletras.com\/wp-content\/uploads\/2025\/03\/DSC_0122-240x300.jpg 240w, https:\/\/unaymilletras.com\/wp-content\/uploads\/2025\/03\/DSC_0122-768x960.jpg 768w, https:\/\/unaymilletras.com\/wp-content\/uploads\/2025\/03\/DSC_0122-1229x1536.jpg 1229w, https:\/\/unaymilletras.com\/wp-content\/uploads\/2025\/03\/DSC_0122-10x12.jpg 10w, https:\/\/unaymilletras.com\/wp-content\/uploads\/2025\/03\/DSC_0122-1024x1280.jpg 1024w, https:\/\/unaymilletras.com\/wp-content\/uploads\/2025\/03\/DSC_0122-e1741801409499.jpg 600w\" sizes=\"(max-width: 640px) 100vw, 640px\" \/>\t\t\t\t\t\t\t\t\t\t\t<figcaption class=\"widget-image-caption wp-caption-text\">Fot\u00f3grafa: Leyre Pelayo<\/figcaption>\n\t\t\t\t\t\t\t\t\t\t<\/figure>\n\t\t\t\t\t\t\t\t\t<\/div>\n\t\t\t\t<\/div>\n\t\t\t\t\t<\/div>\n\t\t<\/div>\n\t\t\t\t\t<\/div>\n\t\t<\/section>\n\t\t\t\t<section class=\"elementor-section elementor-top-section elementor-element elementor-element-dbe9408 elementor-section-boxed elementor-section-height-default elementor-section-height-default\" data-id=\"dbe9408\" data-element_type=\"section\" data-e-type=\"section\">\n\t\t\t\t\t\t<div class=\"elementor-container elementor-column-gap-default\">\n\t\t\t\t\t<div class=\"elementor-column elementor-col-100 elementor-top-column elementor-element elementor-element-6560e79\" data-id=\"6560e79\" data-element_type=\"column\" data-e-type=\"column\">\n\t\t\t<div class=\"elementor-widget-wrap elementor-element-populated\">\n\t\t\t\t\t\t<div class=\"elementor-element elementor-element-83dec4e elementor-widget elementor-widget-text-editor\" data-id=\"83dec4e\" data-element_type=\"widget\" data-e-type=\"widget\" data-widget_type=\"text-editor.default\">\n\t\t\t\t<div class=\"elementor-widget-container\">\n\t\t\t\t\t\t\t\t\t<p data-start=\"571\" data-end=\"924\">Durante m\u00e1s de dos horas, Juanjo Bona firm\u00f3 discos, se hizo fotos y comparti\u00f3 palabras de agradecimiento con quienes han seguido su trayectoria desde <strong data-start=\"714\" data-end=\"742\">\u00abOperaci\u00f3n Triunfo 2023\u00bb<\/strong>. <span style=\"color: #808080;\"><a style=\"color: #808080;\" href=\"https:\/\/unaymilletras.com\/en\/juanjo-bona-presenta-recardelino-su-album-debut-y-anuncia-gira\/\"><strong data-start=\"744\" data-end=\"761\"><em>Recardelino <\/em><\/strong><\/a><\/span>es un proyecto en el que fusiona sus ra\u00edces aragonesas con el <strong data-start=\"824\" data-end=\"837\">indie-pop<\/strong>, recuperando sonidos tradicionales como la jota para acercarlos a un p\u00fablico actual.<\/p><p data-start=\"926\" data-end=\"1250\">El disco, compuesto por <span data-start=\"950\" data-end=\"968\">once canciones<\/span>, explora temas como <span data-start=\"989\" data-end=\"1052\">el amor, la familia y su camino desde Magall\u00f3n hasta Madrid<\/span>. Su autenticidad ha conquistado tanto a la cr\u00edtica como al p\u00fablico, y su <span data-start=\"1126\" data-end=\"1150\">gira de presentaci\u00f3n<\/span> ya ha agotado entradas en varias ciudades, lo que ha llevado a la incorporaci\u00f3n de nuevas fechas.<\/p><p data-start=\"1252\" data-end=\"1549\" data-is-last-node=\"\" data-is-only-node=\"\">La pr\u00f3xima firma de discos ser\u00e1 el <strong data-start=\"1287\" data-end=\"1314\">11 de marzo en Zaragoza<\/strong>, donde Juanjo Bona seguir\u00e1 celebrando este lanzamiento con sus seguidores. Con <strong data-start=\"1394\" data-end=\"1411\"><em>Recardelino<\/em><\/strong>, el joven artista se consolida como una de las promesas m\u00e1s destacadas de la m\u00fasica espa\u00f1ola<\/p>\t\t\t\t\t\t\t\t<\/div>\n\t\t\t\t<\/div>\n\t\t\t\t\t<\/div>\n\t\t<\/div>\n\t\t\t\t\t<\/div>\n\t\t<\/section>\n\t\t\t\t<\/div>","protected":false},"excerpt":{"rendered":"<p>Juanjo Bona celebr\u00f3 el estreno de su primer \u00e1lbum con seguidores que desafiaron la lluvia para conocerlo en persona El 7 de marzo de 2025, Juanjo Bona vivi\u00f3 una jornada inolvidable con la firma de su primer \u00e1lbum, Recardelino, en El Corte Ingl\u00e9s de Goya, en Madrid. La expectaci\u00f3n era alta y sus seguidores no [&hellip;]<\/p>\n","protected":false},"author":6,"featured_media":3927,"comment_status":"closed","ping_status":"closed","sticky":false,"template":"","format":"standard","meta":{"footnotes":""},"categories":[4],"tags":[],"class_list":["post-3925","post","type-post","status-publish","format-standard","has-post-thumbnail","hentry","category-musica"],"yoast_head":"<!-- This site is optimized with the Yoast SEO plugin v27.4 - https:\/\/yoast.com\/product\/yoast-seo-wordpress\/ -->\n<title>Juanjo Bona estrena &quot;Recardelino&quot; con sus fans en Madrid<\/title>\n<meta name=\"description\" content=\"El artista Juanjo Bona celebr\u00f3 el lanzamiento de su primer \u00e1lbum con cientos de seguidores que desafiaron la lluvia para conocerlo en persona\" \/>\n<meta name=\"robots\" content=\"index, follow, max-snippet:-1, max-image-preview:large, max-video-preview:-1\" \/>\n<link rel=\"canonical\" href=\"https:\/\/unaymilletras.com\/en\/juanjo-bona-estrena-recardelino-con-sus-fans-en-madrid\/\" \/>\n<meta property=\"og:locale\" content=\"en_GB\" \/>\n<meta property=\"og:type\" content=\"article\" \/>\n<meta property=\"og:title\" content=\"Juanjo Bona estrena &quot;Recardelino&quot; con sus fans en Madrid\" \/>\n<meta property=\"og:description\" content=\"El artista Juanjo Bona celebr\u00f3 el lanzamiento de su primer \u00e1lbum con cientos de seguidores que desafiaron la lluvia para conocerlo en persona\" \/>\n<meta property=\"og:url\" content=\"https:\/\/unaymilletras.com\/en\/juanjo-bona-estrena-recardelino-con-sus-fans-en-madrid\/\" \/>\n<meta property=\"og:site_name\" content=\"Una y Mil Letras\" \/>\n<meta property=\"article:published_time\" content=\"2025-03-12T17:43:04+00:00\" \/>\n<meta property=\"article:modified_time\" content=\"2025-03-12T17:46:03+00:00\" \/>\n<meta property=\"og:image\" content=\"http:\/\/unaymilletras.com\/wp-content\/uploads\/2025\/03\/DSC04847-e1741801376322.jpg\" \/>\n\t<meta property=\"og:image:width\" content=\"600\" \/>\n\t<meta property=\"og:image:height\" content=\"750\" \/>\n\t<meta property=\"og:image:type\" content=\"image\/jpeg\" \/>\n<meta name=\"author\" content=\"Redacci\u00f3n\" \/>\n<meta name=\"twitter:card\" content=\"summary_large_image\" \/>\n<meta name=\"twitter:creator\" content=\"@UnaYMilLetras\" \/>\n<meta name=\"twitter:site\" content=\"@UnaYMilLetras\" \/>\n<meta name=\"twitter:label1\" content=\"Written by\" \/>\n\t<meta name=\"twitter:data1\" content=\"Redacci\u00f3n\" \/>\n\t<meta name=\"twitter:label2\" content=\"Estimated reading time\" \/>\n\t<meta name=\"twitter:data2\" content=\"2 minutes\" \/>\n<script type=\"application\/ld+json\" class=\"yoast-schema-graph\">{\"@context\":\"https:\\\/\\\/schema.org\",\"@graph\":[{\"@type\":\"Article\",\"@id\":\"https:\\\/\\\/unaymilletras.com\\\/juanjo-bona-estrena-recardelino-con-sus-fans-en-madrid\\\/#article\",\"isPartOf\":{\"@id\":\"https:\\\/\\\/unaymilletras.com\\\/juanjo-bona-estrena-recardelino-con-sus-fans-en-madrid\\\/\"},\"author\":{\"name\":\"Redacci\u00f3n\",\"@id\":\"http:\\\/\\\/unaymilletras.com\\\/#\\\/schema\\\/person\\\/0860dc8a218329991ee2c7591f4f849d\"},\"headline\":\"Juanjo Bona estrena \u00abRecardelino\u00bb con sus fans en Madrid\",\"datePublished\":\"2025-03-12T17:43:04+00:00\",\"dateModified\":\"2025-03-12T17:46:03+00:00\",\"mainEntityOfPage\":{\"@id\":\"https:\\\/\\\/unaymilletras.com\\\/juanjo-bona-estrena-recardelino-con-sus-fans-en-madrid\\\/\"},\"wordCount\":248,\"publisher\":{\"@id\":\"http:\\\/\\\/unaymilletras.com\\\/#organization\"},\"image\":{\"@id\":\"https:\\\/\\\/unaymilletras.com\\\/juanjo-bona-estrena-recardelino-con-sus-fans-en-madrid\\\/#primaryimage\"},\"thumbnailUrl\":\"https:\\\/\\\/unaymilletras.com\\\/wp-content\\\/uploads\\\/2025\\\/03\\\/DSC04847-e1741801376322.jpg\",\"articleSection\":[\"M\u00fasica\"],\"inLanguage\":\"en-GB\"},{\"@type\":\"WebPage\",\"@id\":\"https:\\\/\\\/unaymilletras.com\\\/juanjo-bona-estrena-recardelino-con-sus-fans-en-madrid\\\/\",\"url\":\"https:\\\/\\\/unaymilletras.com\\\/juanjo-bona-estrena-recardelino-con-sus-fans-en-madrid\\\/\",\"name\":\"Juanjo Bona estrena \\\"Recardelino\\\" con sus fans en Madrid\",\"isPartOf\":{\"@id\":\"http:\\\/\\\/unaymilletras.com\\\/#website\"},\"primaryImageOfPage\":{\"@id\":\"https:\\\/\\\/unaymilletras.com\\\/juanjo-bona-estrena-recardelino-con-sus-fans-en-madrid\\\/#primaryimage\"},\"image\":{\"@id\":\"https:\\\/\\\/unaymilletras.com\\\/juanjo-bona-estrena-recardelino-con-sus-fans-en-madrid\\\/#primaryimage\"},\"thumbnailUrl\":\"https:\\\/\\\/unaymilletras.com\\\/wp-content\\\/uploads\\\/2025\\\/03\\\/DSC04847-e1741801376322.jpg\",\"datePublished\":\"2025-03-12T17:43:04+00:00\",\"dateModified\":\"2025-03-12T17:46:03+00:00\",\"description\":\"El artista Juanjo Bona celebr\u00f3 el lanzamiento de su primer \u00e1lbum con cientos de seguidores que desafiaron la lluvia para conocerlo en persona\",\"breadcrumb\":{\"@id\":\"https:\\\/\\\/unaymilletras.com\\\/juanjo-bona-estrena-recardelino-con-sus-fans-en-madrid\\\/#breadcrumb\"},\"inLanguage\":\"en-GB\",\"potentialAction\":[{\"@type\":\"ReadAction\",\"target\":[\"https:\\\/\\\/unaymilletras.com\\\/juanjo-bona-estrena-recardelino-con-sus-fans-en-madrid\\\/\"]}]},{\"@type\":\"ImageObject\",\"inLanguage\":\"en-GB\",\"@id\":\"https:\\\/\\\/unaymilletras.com\\\/juanjo-bona-estrena-recardelino-con-sus-fans-en-madrid\\\/#primaryimage\",\"url\":\"https:\\\/\\\/unaymilletras.com\\\/wp-content\\\/uploads\\\/2025\\\/03\\\/DSC04847-e1741801376322.jpg\",\"contentUrl\":\"https:\\\/\\\/unaymilletras.com\\\/wp-content\\\/uploads\\\/2025\\\/03\\\/DSC04847-e1741801376322.jpg\",\"width\":600,\"height\":750,\"caption\":\"Fot\u00f3grafa: Elisa Mallo\"},{\"@type\":\"BreadcrumbList\",\"@id\":\"https:\\\/\\\/unaymilletras.com\\\/juanjo-bona-estrena-recardelino-con-sus-fans-en-madrid\\\/#breadcrumb\",\"itemListElement\":[{\"@type\":\"ListItem\",\"position\":1,\"name\":\"Home\",\"item\":\"http:\\\/\\\/unaymilletras.com\\\/\"},{\"@type\":\"ListItem\",\"position\":2,\"name\":\"Juanjo Bona estrena \u00abRecardelino\u00bb con sus fans en Madrid\"}]},{\"@type\":\"WebSite\",\"@id\":\"http:\\\/\\\/unaymilletras.com\\\/#website\",\"url\":\"http:\\\/\\\/unaymilletras.com\\\/\",\"name\":\"Una y Mil Letras\",\"description\":\"\",\"publisher\":{\"@id\":\"http:\\\/\\\/unaymilletras.com\\\/#organization\"},\"potentialAction\":[{\"@type\":\"SearchAction\",\"target\":{\"@type\":\"EntryPoint\",\"urlTemplate\":\"http:\\\/\\\/unaymilletras.com\\\/?s={search_term_string}\"},\"query-input\":{\"@type\":\"PropertyValueSpecification\",\"valueRequired\":true,\"valueName\":\"search_term_string\"}}],\"inLanguage\":\"en-GB\"},{\"@type\":\"Organization\",\"@id\":\"http:\\\/\\\/unaymilletras.com\\\/#organization\",\"name\":\"Una y Mil Letras\",\"url\":\"http:\\\/\\\/unaymilletras.com\\\/\",\"logo\":{\"@type\":\"ImageObject\",\"inLanguage\":\"en-GB\",\"@id\":\"http:\\\/\\\/unaymilletras.com\\\/#\\\/schema\\\/logo\\\/image\\\/\",\"url\":\"https:\\\/\\\/unaymilletras.com\\\/wp-content\\\/uploads\\\/2024\\\/06\\\/cropped-Logo-removebg-preview.png\",\"contentUrl\":\"https:\\\/\\\/unaymilletras.com\\\/wp-content\\\/uploads\\\/2024\\\/06\\\/cropped-Logo-removebg-preview.png\",\"width\":512,\"height\":512,\"caption\":\"Una y Mil Letras\"},\"image\":{\"@id\":\"http:\\\/\\\/unaymilletras.com\\\/#\\\/schema\\\/logo\\\/image\\\/\"},\"sameAs\":[\"https:\\\/\\\/x.com\\\/UnaYMilLetras\",\"https:\\\/\\\/instagram.com\\\/UnaYMilLetras\"]},{\"@type\":\"Person\",\"@id\":\"http:\\\/\\\/unaymilletras.com\\\/#\\\/schema\\\/person\\\/0860dc8a218329991ee2c7591f4f849d\",\"name\":\"Redacci\u00f3n\",\"image\":{\"@type\":\"ImageObject\",\"inLanguage\":\"en-GB\",\"@id\":\"https:\\\/\\\/secure.gravatar.com\\\/avatar\\\/d8f55e05a8b6597e45c55a1dcbdbfe44f4a360d88b48e00de5216a79b7732796?s=96&d=mm&r=g\",\"url\":\"https:\\\/\\\/secure.gravatar.com\\\/avatar\\\/d8f55e05a8b6597e45c55a1dcbdbfe44f4a360d88b48e00de5216a79b7732796?s=96&d=mm&r=g\",\"contentUrl\":\"https:\\\/\\\/secure.gravatar.com\\\/avatar\\\/d8f55e05a8b6597e45c55a1dcbdbfe44f4a360d88b48e00de5216a79b7732796?s=96&d=mm&r=g\",\"caption\":\"Redacci\u00f3n\"},\"url\":\"https:\\\/\\\/unaymilletras.com\\\/en\\\/author\\\/redaccion\\\/\"}]}<\/script>\n<!-- \/ Yoast SEO plugin. -->","yoast_head_json":{"title":"Juanjo Bona estrena \"Recardelino\" con sus fans en Madrid","description":"El artista Juanjo Bona celebr\u00f3 el lanzamiento de su primer \u00e1lbum con cientos de seguidores que desafiaron la lluvia para conocerlo en persona","robots":{"index":"index","follow":"follow","max-snippet":"max-snippet:-1","max-image-preview":"max-image-preview:large","max-video-preview":"max-video-preview:-1"},"canonical":"https:\/\/unaymilletras.com\/en\/juanjo-bona-estrena-recardelino-con-sus-fans-en-madrid\/","og_locale":"en_GB","og_type":"article","og_title":"Juanjo Bona estrena \"Recardelino\" con sus fans en Madrid","og_description":"El artista Juanjo Bona celebr\u00f3 el lanzamiento de su primer \u00e1lbum con cientos de seguidores que desafiaron la lluvia para conocerlo en persona","og_url":"https:\/\/unaymilletras.com\/en\/juanjo-bona-estrena-recardelino-con-sus-fans-en-madrid\/","og_site_name":"Una y Mil Letras","article_published_time":"2025-03-12T17:43:04+00:00","article_modified_time":"2025-03-12T17:46:03+00:00","og_image":[{"width":600,"height":750,"url":"http:\/\/unaymilletras.com\/wp-content\/uploads\/2025\/03\/DSC04847-e1741801376322.jpg","type":"image\/jpeg"}],"author":"Redacci\u00f3n","twitter_card":"summary_large_image","twitter_creator":"@UnaYMilLetras","twitter_site":"@UnaYMilLetras","twitter_misc":{"Written by":"Redacci\u00f3n","Estimated reading time":"2 minutes"},"schema":{"@context":"https:\/\/schema.org","@graph":[{"@type":"Article","@id":"https:\/\/unaymilletras.com\/juanjo-bona-estrena-recardelino-con-sus-fans-en-madrid\/#article","isPartOf":{"@id":"https:\/\/unaymilletras.com\/juanjo-bona-estrena-recardelino-con-sus-fans-en-madrid\/"},"author":{"name":"Redacci\u00f3n","@id":"http:\/\/unaymilletras.com\/#\/schema\/person\/0860dc8a218329991ee2c7591f4f849d"},"headline":"Juanjo Bona estrena \u00abRecardelino\u00bb con sus fans en Madrid","datePublished":"2025-03-12T17:43:04+00:00","dateModified":"2025-03-12T17:46:03+00:00","mainEntityOfPage":{"@id":"https:\/\/unaymilletras.com\/juanjo-bona-estrena-recardelino-con-sus-fans-en-madrid\/"},"wordCount":248,"publisher":{"@id":"http:\/\/unaymilletras.com\/#organization"},"image":{"@id":"https:\/\/unaymilletras.com\/juanjo-bona-estrena-recardelino-con-sus-fans-en-madrid\/#primaryimage"},"thumbnailUrl":"https:\/\/unaymilletras.com\/wp-content\/uploads\/2025\/03\/DSC04847-e1741801376322.jpg","articleSection":["M\u00fasica"],"inLanguage":"en-GB"},{"@type":"WebPage","@id":"https:\/\/unaymilletras.com\/juanjo-bona-estrena-recardelino-con-sus-fans-en-madrid\/","url":"https:\/\/unaymilletras.com\/juanjo-bona-estrena-recardelino-con-sus-fans-en-madrid\/","name":"Juanjo Bona estrena \"Recardelino\" con sus fans en Madrid","isPartOf":{"@id":"http:\/\/unaymilletras.com\/#website"},"primaryImageOfPage":{"@id":"https:\/\/unaymilletras.com\/juanjo-bona-estrena-recardelino-con-sus-fans-en-madrid\/#primaryimage"},"image":{"@id":"https:\/\/unaymilletras.com\/juanjo-bona-estrena-recardelino-con-sus-fans-en-madrid\/#primaryimage"},"thumbnailUrl":"https:\/\/unaymilletras.com\/wp-content\/uploads\/2025\/03\/DSC04847-e1741801376322.jpg","datePublished":"2025-03-12T17:43:04+00:00","dateModified":"2025-03-12T17:46:03+00:00","description":"El artista Juanjo Bona celebr\u00f3 el lanzamiento de su primer \u00e1lbum con cientos de seguidores que desafiaron la lluvia para conocerlo en persona","breadcrumb":{"@id":"https:\/\/unaymilletras.com\/juanjo-bona-estrena-recardelino-con-sus-fans-en-madrid\/#breadcrumb"},"inLanguage":"en-GB","potentialAction":[{"@type":"ReadAction","target":["https:\/\/unaymilletras.com\/juanjo-bona-estrena-recardelino-con-sus-fans-en-madrid\/"]}]},{"@type":"ImageObject","inLanguage":"en-GB","@id":"https:\/\/unaymilletras.com\/juanjo-bona-estrena-recardelino-con-sus-fans-en-madrid\/#primaryimage","url":"https:\/\/unaymilletras.com\/wp-content\/uploads\/2025\/03\/DSC04847-e1741801376322.jpg","contentUrl":"https:\/\/unaymilletras.com\/wp-content\/uploads\/2025\/03\/DSC04847-e1741801376322.jpg","width":600,"height":750,"caption":"Fot\u00f3grafa: Elisa Mallo"},{"@type":"BreadcrumbList","@id":"https:\/\/unaymilletras.com\/juanjo-bona-estrena-recardelino-con-sus-fans-en-madrid\/#breadcrumb","itemListElement":[{"@type":"ListItem","position":1,"name":"Home","item":"http:\/\/unaymilletras.com\/"},{"@type":"ListItem","position":2,"name":"Juanjo Bona estrena \u00abRecardelino\u00bb con sus fans en Madrid"}]},{"@type":"WebSite","@id":"http:\/\/unaymilletras.com\/#website","url":"http:\/\/unaymilletras.com\/","name":"Una y Mil Letras","description":"","publisher":{"@id":"http:\/\/unaymilletras.com\/#organization"},"potentialAction":[{"@type":"SearchAction","target":{"@type":"EntryPoint","urlTemplate":"http:\/\/unaymilletras.com\/?s={search_term_string}"},"query-input":{"@type":"PropertyValueSpecification","valueRequired":true,"valueName":"search_term_string"}}],"inLanguage":"en-GB"},{"@type":"Organization","@id":"http:\/\/unaymilletras.com\/#organization","name":"Una y Mil Letras","url":"http:\/\/unaymilletras.com\/","logo":{"@type":"ImageObject","inLanguage":"en-GB","@id":"http:\/\/unaymilletras.com\/#\/schema\/logo\/image\/","url":"https:\/\/unaymilletras.com\/wp-content\/uploads\/2024\/06\/cropped-Logo-removebg-preview.png","contentUrl":"https:\/\/unaymilletras.com\/wp-content\/uploads\/2024\/06\/cropped-Logo-removebg-preview.png","width":512,"height":512,"caption":"Una y Mil Letras"},"image":{"@id":"http:\/\/unaymilletras.com\/#\/schema\/logo\/image\/"},"sameAs":["https:\/\/x.com\/UnaYMilLetras","https:\/\/instagram.com\/UnaYMilLetras"]},{"@type":"Person","@id":"http:\/\/unaymilletras.com\/#\/schema\/person\/0860dc8a218329991ee2c7591f4f849d","name":"Redacci\u00f3n","image":{"@type":"ImageObject","inLanguage":"en-GB","@id":"https:\/\/secure.gravatar.com\/avatar\/d8f55e05a8b6597e45c55a1dcbdbfe44f4a360d88b48e00de5216a79b7732796?s=96&d=mm&r=g","url":"https:\/\/secure.gravatar.com\/avatar\/d8f55e05a8b6597e45c55a1dcbdbfe44f4a360d88b48e00de5216a79b7732796?s=96&d=mm&r=g","contentUrl":"https:\/\/secure.gravatar.com\/avatar\/d8f55e05a8b6597e45c55a1dcbdbfe44f4a360d88b48e00de5216a79b7732796?s=96&d=mm&r=g","caption":"Redacci\u00f3n"},"url":"https:\/\/unaymilletras.com\/en\/author\/redaccion\/"}]}},"_links":{"self":[{"href":"https:\/\/unaymilletras.com\/en\/wp-json\/wp\/v2\/posts\/3925","targetHints":{"allow":["GET"]}}],"collection":[{"href":"https:\/\/unaymilletras.com\/en\/wp-json\/wp\/v2\/posts"}],"about":[{"href":"https:\/\/unaymilletras.com\/en\/wp-json\/wp\/v2\/types\/post"}],"author":[{"embeddable":true,"href":"https:\/\/unaymilletras.com\/en\/wp-json\/wp\/v2\/users\/6"}],"replies":[{"embeddable":true,"href":"https:\/\/unaymilletras.com\/en\/wp-json\/wp\/v2\/comments?post=3925"}],"version-history":[{"count":7,"href":"https:\/\/unaymilletras.com\/en\/wp-json\/wp\/v2\/posts\/3925\/revisions"}],"predecessor-version":[{"id":3934,"href":"https:\/\/unaymilletras.com\/en\/wp-json\/wp\/v2\/posts\/3925\/revisions\/3934"}],"wp:featuredmedia":[{"embeddable":true,"href":"https:\/\/unaymilletras.com\/en\/wp-json\/wp\/v2\/media\/3927"}],"wp:attachment":[{"href":"https:\/\/unaymilletras.com\/en\/wp-json\/wp\/v2\/media?parent=3925"}],"wp:term":[{"taxonomy":"category","embeddable":true,"href":"https:\/\/unaymilletras.com\/en\/wp-json\/wp\/v2\/categories?post=3925"},{"taxonomy":"post_tag","embeddable":true,"href":"https:\/\/unaymilletras.com\/en\/wp-json\/wp\/v2\/tags?post=3925"}],"curies":[{"name":"wp","href":"https:\/\/api.w.org\/{rel}","templated":true}]}}