{"id":3939,"date":"2025-03-14T15:00:00","date_gmt":"2025-03-14T14:00:00","guid":{"rendered":"https:\/\/unaymilletras.com\/?p=3939"},"modified":"2025-03-14T12:09:46","modified_gmt":"2025-03-14T11:09:46","slug":"sound-isidro-promete-una-edicion-inolvidable","status":"publish","type":"post","link":"https:\/\/unaymilletras.com\/en\/sound-isidro-promete-una-edicion-inolvidable\/","title":{"rendered":"Sound Isidro promete una edici\u00f3n inolvidable"},"content":{"rendered":"<div data-elementor-type=\"wp-post\" data-elementor-id=\"3939\" class=\"elementor elementor-3939\">\n\t\t\t\t\t\t<section class=\"elementor-section elementor-top-section elementor-element elementor-element-5b8ca15f elementor-section-boxed elementor-section-height-default elementor-section-height-default\" data-id=\"5b8ca15f\" data-element_type=\"section\" data-e-type=\"section\">\n\t\t\t\t\t\t<div class=\"elementor-container elementor-column-gap-default\">\n\t\t\t\t\t<div class=\"elementor-column elementor-col-100 elementor-top-column elementor-element elementor-element-2a56c30b\" data-id=\"2a56c30b\" data-element_type=\"column\" data-e-type=\"column\">\n\t\t\t<div class=\"elementor-widget-wrap elementor-element-populated\">\n\t\t\t\t\t\t<div class=\"elementor-element elementor-element-c5c3320 elementor-widget elementor-widget-text-editor\" data-id=\"c5c3320\" data-element_type=\"widget\" data-e-type=\"widget\" data-widget_type=\"text-editor.default\">\n\t\t\t\t<div class=\"elementor-widget-container\">\n\t\t\t\t\t\t\t\t\t<h2><span style=\"color: #808080;\"><em>El festival Sound Isidro Vibra Mahou 2025 ha anunciado nuevos artistas<\/em><\/span><\/h2>\t\t\t\t\t\t\t\t<\/div>\n\t\t\t\t<\/div>\n\t\t\t\t<div class=\"elementor-element elementor-element-538e844a elementor-widget__width-initial elementor-widget elementor-widget-text-editor\" data-id=\"538e844a\" data-element_type=\"widget\" data-e-type=\"widget\" data-widget_type=\"text-editor.default\">\n\t\t\t\t<div class=\"elementor-widget-container\">\n\t\t\t\t\t\t\t\t\t<p>Son oficiales la \u00faltimas confirmaciones para su und\u00e9cima edici\u00f3n de Sound Isidro, consolid\u00e1ndose como la m\u00e1s ambiciosa hasta el momento. Entre abril y junio de este a\u00f1o, m\u00e1s de veinte salas madrile\u00f1as acoger\u00e1n un cartel diverso que combina leyendas internacionales, nuevas voces y talentos consolidados del panorama nacional e internacional.&nbsp;<\/p>\n<p><!-- \/wp:paragraph --><\/p>\n<p><!-- wp:paragraph --><\/p>\n<p>Entre los nuevos nombres resalta <strong>Mushkaa<\/strong>, una de las grandes revelaciones del pop catal\u00e1n, que presentar\u00e1 su reciente trabajo <em>NOVA BOSSA<\/em> en la sala La Riviera. Tambi\u00e9n se suma al cartel una banda m\u00edtica: <strong>The Skatalites<\/strong>, pioneros en la m\u00fasica Ska, la m\u00fasica jamaicana, con m\u00e1s de 60 a\u00f1os de trayectoria que pisar\u00e1n por primera vez este festival.&nbsp;<\/p>\n<p><!-- \/wp:paragraph --><\/p>\n<p><!-- wp:paragraph --><\/p>\n<p>El escenario internacional tambi\u00e9n contar\u00e1 con la presencia de <strong>Dummy<\/strong>, banda californiana con su \u201cpsicodelia viscosa y \u00e1cida\u201d y con las canciones de su flamante segundo \u00e1lbum <em>Free Energy. <\/em>Tambi\u00e9n contar\u00e1 con <strong>Khana Bierbood<\/strong>, grupo tailand\u00e9s que fusiona surf-rock con sonoridades psicod\u00e9licas y world music. En el \u00e1mbito m\u00e1s intimista, la Sala Villanos recibir\u00e1 a artistas como <strong>Las Nietas del Charli<\/strong>, un d\u00fao revelaci\u00f3n del folk alternativo y <strong>Paco Soto<\/strong>, joven promesa de la guitarra flamenca. Adem\u00e1s, el festival contar\u00e1 con el talento vanguardista de <strong>Amanda Mur<\/strong>, explorando los l\u00edmites del folk avant-garde.<\/p>\n<p><!-- \/wp:paragraph --><\/p>\n<p><!-- wp:paragraph --><\/p>\n<p>El rock y el indie tambi\u00e9n tendr\u00e1n una fuerte presencia con el regreso de <strong>Mercromina<\/strong>, banda ic\u00f3nica del indie espa\u00f1ol. Adem\u00e1s, la esperada actuaci\u00f3n de <strong>Pony Bravo<\/strong> en la Sala BUT. El punk-rock tambi\u00e9n tendr\u00e1 su espacio con <strong>El \u00daltimo Ke Zierre<\/strong>, mientras que el garage y el indie m\u00e1s visceral estar\u00e1n representados por <strong>Diamante Negro, Black Maracas y Telepath Boys<\/strong>.<\/p>\n<p>El festival tambi\u00e9n apuesta por el \u201cnuevo pop\u201d con artistas como <strong>Aleesha<\/strong>, que fusiona influencias urbanas y pop con gran carisma. Por su parte,&nbsp;<strong>Averzzo<\/strong>&nbsp;combina R&amp;B e indie-pop en una propuesta que recuerda a Rels B o Sen Senra.&nbsp;<\/p><p>Tambi\u00e9n destacar\u00e1n propuestas de autor alternativas como <strong>Pol Batlle, Chl\u00f6e&#8217;s Clue y Sheila Patricia<\/strong>, esta \u00faltima con su reinterpretaci\u00f3n de la tradici\u00f3n gallega. Las entradas ya est\u00e1n a la venta a trav\u00e9s de la plataforma DICE, y algunos conciertos han comenzado a agotar sus localidades.<\/p>\n<p><!-- \/wp:paragraph --><\/p>\n<p><!-- wp:paragraph --><\/p>\n<p><!-- \/wp:paragraph --><\/p>\n<p><!-- wp:paragraph --><\/p>\n<p><!-- \/wp:paragraph --><\/p>\n<p><!-- wp:paragraph --><\/p>\n<p>El festival <strong>Sound Isidro Vibra Mahou 2025<\/strong> ha anunciado la \u00faltima tanda de confirmaciones para su und\u00e9cima edici\u00f3n. Se consolida as\u00ed como la m\u00e1s ambiciosa hasta la fecha. Entre abril y junio de este a\u00f1o, m\u00e1s de veinte salas madrile\u00f1as acoger\u00e1n un cartel diverso que combina leyendas internacionales, nuevas voces y talentos consolidados del panorama nacional e internacional.&nbsp;<span style=\"color: var( --e-global-color-text ); font-family: var( --e-global-typography-text-font-family ), Sans-serif; font-weight: var( --e-global-typography-text-font-weight );\">&nbsp;<\/span><\/p>\n<p><!-- \/wp:image --><\/p>\n<p><!-- wp:paragraph --><\/p>\n<p><!-- \/wp:paragraph --><\/p>\t\t\t\t\t\t\t\t<\/div>\n\t\t\t\t<\/div>\n\t\t\t\t<div class=\"elementor-element elementor-element-212ee76 elementor-widget elementor-widget-image\" data-id=\"212ee76\" data-element_type=\"widget\" data-e-type=\"widget\" data-widget_type=\"image.default\">\n\t\t\t\t<div class=\"elementor-widget-container\">\n\t\t\t\t\t\t\t\t\t\t\t\t\t\t\t<img fetchpriority=\"high\" decoding=\"async\" width=\"640\" height=\"640\" src=\"https:\/\/unaymilletras.com\/wp-content\/uploads\/2025\/03\/soundisidro2025_Mesa-de-trabajo-1-copia-13-1-1024x1024.jpg\" class=\"attachment-large size-large wp-image-3941\" alt=\"Sound Isido\" srcset=\"https:\/\/unaymilletras.com\/wp-content\/uploads\/2025\/03\/soundisidro2025_Mesa-de-trabajo-1-copia-13-1-1024x1024.jpg 1024w, https:\/\/unaymilletras.com\/wp-content\/uploads\/2025\/03\/soundisidro2025_Mesa-de-trabajo-1-copia-13-1-300x300.jpg 300w, https:\/\/unaymilletras.com\/wp-content\/uploads\/2025\/03\/soundisidro2025_Mesa-de-trabajo-1-copia-13-1-150x150.jpg 150w, https:\/\/unaymilletras.com\/wp-content\/uploads\/2025\/03\/soundisidro2025_Mesa-de-trabajo-1-copia-13-1-768x768.jpg 768w, https:\/\/unaymilletras.com\/wp-content\/uploads\/2025\/03\/soundisidro2025_Mesa-de-trabajo-1-copia-13-1-1536x1536.jpg 1536w, https:\/\/unaymilletras.com\/wp-content\/uploads\/2025\/03\/soundisidro2025_Mesa-de-trabajo-1-copia-13-1-2048x2048.jpg 2048w, https:\/\/unaymilletras.com\/wp-content\/uploads\/2025\/03\/soundisidro2025_Mesa-de-trabajo-1-copia-13-1-12x12.jpg 12w, https:\/\/unaymilletras.com\/wp-content\/uploads\/2025\/03\/soundisidro2025_Mesa-de-trabajo-1-copia-13-1-e1741872859172.jpg 600w\" sizes=\"(max-width: 640px) 100vw, 640px\" \/>\t\t\t\t\t\t\t\t\t\t\t\t\t\t\t<\/div>\n\t\t\t\t<\/div>\n\t\t\t\t\t<\/div>\n\t\t<\/div>\n\t\t\t\t\t<\/div>\n\t\t<\/section>\n\t\t\t\t<\/div>","protected":false},"excerpt":{"rendered":"<p>El festival Sound Isidro Vibra Mahou 2025 ha anunciado nuevos artistas Son oficiales la \u00faltimas confirmaciones para su und\u00e9cima edici\u00f3n de Sound Isidro, consolid\u00e1ndose como la m\u00e1s ambiciosa hasta el momento. Entre abril y junio de este a\u00f1o, m\u00e1s de veinte salas madrile\u00f1as acoger\u00e1n un cartel diverso que combina leyendas internacionales, nuevas voces y talentos [&hellip;]<\/p>\n","protected":false},"author":8,"featured_media":3942,"comment_status":"closed","ping_status":"closed","sticky":false,"template":"","format":"standard","meta":{"footnotes":""},"categories":[4],"tags":[],"class_list":["post-3939","post","type-post","status-publish","format-standard","has-post-thumbnail","hentry","category-musica"],"yoast_head":"<!-- This site is optimized with the Yoast SEO plugin v27.4 - https:\/\/yoast.com\/product\/yoast-seo-wordpress\/ -->\n<title>Sound Isidro promete una edici\u00f3n inolvidable &#8902; Una y Mil Letras<\/title>\n<meta name=\"description\" content=\"El festival Sound Isidro 2025 ha anunciado confirmaciones para su und\u00e9cima edici\u00f3n, consolid\u00e1ndose como la m\u00e1s ambiciosa hasta la fecha.\" \/>\n<meta name=\"robots\" content=\"index, follow, max-snippet:-1, max-image-preview:large, max-video-preview:-1\" \/>\n<link rel=\"canonical\" href=\"https:\/\/unaymilletras.com\/en\/sound-isidro-promete-una-edicion-inolvidable\/\" \/>\n<meta property=\"og:locale\" content=\"en_GB\" \/>\n<meta property=\"og:type\" content=\"article\" \/>\n<meta property=\"og:title\" content=\"Sound Isidro promete una edici\u00f3n inolvidable &#8902; Una y Mil Letras\" \/>\n<meta property=\"og:description\" content=\"El festival Sound Isidro 2025 ha anunciado confirmaciones para su und\u00e9cima edici\u00f3n, consolid\u00e1ndose como la m\u00e1s ambiciosa hasta la fecha.\" \/>\n<meta property=\"og:url\" content=\"https:\/\/unaymilletras.com\/en\/sound-isidro-promete-una-edicion-inolvidable\/\" \/>\n<meta property=\"og:site_name\" content=\"Una y Mil Letras\" \/>\n<meta property=\"article:published_time\" content=\"2025-03-14T14:00:00+00:00\" \/>\n<meta property=\"og:image\" content=\"https:\/\/unaymilletras.com\/wp-content\/uploads\/2025\/03\/sound_isidro_grafismo_03-e1741872939374.jpg\" \/>\n\t<meta property=\"og:image:width\" content=\"600\" \/>\n\t<meta property=\"og:image:height\" content=\"600\" \/>\n\t<meta property=\"og:image:type\" content=\"image\/jpeg\" \/>\n<meta name=\"author\" content=\"Alvany Pereira\" \/>\n<meta name=\"twitter:card\" content=\"summary_large_image\" \/>\n<meta name=\"twitter:creator\" content=\"@UnaYMilLetras\" \/>\n<meta name=\"twitter:site\" content=\"@UnaYMilLetras\" \/>\n<meta name=\"twitter:label1\" content=\"Written by\" \/>\n\t<meta name=\"twitter:data1\" content=\"Alvany Pereira\" \/>\n\t<meta name=\"twitter:label2\" content=\"Estimated reading time\" \/>\n\t<meta name=\"twitter:data2\" content=\"3 minutes\" \/>\n<script type=\"application\/ld+json\" class=\"yoast-schema-graph\">{\"@context\":\"https:\\\/\\\/schema.org\",\"@graph\":[{\"@type\":\"Article\",\"@id\":\"https:\\\/\\\/unaymilletras.com\\\/sound-isidro-promete-una-edicion-inolvidable\\\/#article\",\"isPartOf\":{\"@id\":\"https:\\\/\\\/unaymilletras.com\\\/sound-isidro-promete-una-edicion-inolvidable\\\/\"},\"author\":{\"name\":\"Alvany Pereira\",\"@id\":\"http:\\\/\\\/unaymilletras.com\\\/#\\\/schema\\\/person\\\/f9792b0b93704f9d3f6cef46c2048d7d\"},\"headline\":\"Sound Isidro promete una edici\u00f3n inolvidable\",\"datePublished\":\"2025-03-14T14:00:00+00:00\",\"mainEntityOfPage\":{\"@id\":\"https:\\\/\\\/unaymilletras.com\\\/sound-isidro-promete-una-edicion-inolvidable\\\/\"},\"wordCount\":479,\"publisher\":{\"@id\":\"http:\\\/\\\/unaymilletras.com\\\/#organization\"},\"image\":{\"@id\":\"https:\\\/\\\/unaymilletras.com\\\/sound-isidro-promete-una-edicion-inolvidable\\\/#primaryimage\"},\"thumbnailUrl\":\"https:\\\/\\\/unaymilletras.com\\\/wp-content\\\/uploads\\\/2025\\\/03\\\/sound_isidro_grafismo_03-e1741872939374.jpg\",\"articleSection\":[\"M\u00fasica\"],\"inLanguage\":\"en-GB\"},{\"@type\":\"WebPage\",\"@id\":\"https:\\\/\\\/unaymilletras.com\\\/sound-isidro-promete-una-edicion-inolvidable\\\/\",\"url\":\"https:\\\/\\\/unaymilletras.com\\\/sound-isidro-promete-una-edicion-inolvidable\\\/\",\"name\":\"Sound Isidro promete una edici\u00f3n inolvidable &#8902; Una y Mil Letras\",\"isPartOf\":{\"@id\":\"http:\\\/\\\/unaymilletras.com\\\/#website\"},\"primaryImageOfPage\":{\"@id\":\"https:\\\/\\\/unaymilletras.com\\\/sound-isidro-promete-una-edicion-inolvidable\\\/#primaryimage\"},\"image\":{\"@id\":\"https:\\\/\\\/unaymilletras.com\\\/sound-isidro-promete-una-edicion-inolvidable\\\/#primaryimage\"},\"thumbnailUrl\":\"https:\\\/\\\/unaymilletras.com\\\/wp-content\\\/uploads\\\/2025\\\/03\\\/sound_isidro_grafismo_03-e1741872939374.jpg\",\"datePublished\":\"2025-03-14T14:00:00+00:00\",\"description\":\"El festival Sound Isidro 2025 ha anunciado confirmaciones para su und\u00e9cima edici\u00f3n, consolid\u00e1ndose como la m\u00e1s ambiciosa hasta la fecha.\",\"breadcrumb\":{\"@id\":\"https:\\\/\\\/unaymilletras.com\\\/sound-isidro-promete-una-edicion-inolvidable\\\/#breadcrumb\"},\"inLanguage\":\"en-GB\",\"potentialAction\":[{\"@type\":\"ReadAction\",\"target\":[\"https:\\\/\\\/unaymilletras.com\\\/sound-isidro-promete-una-edicion-inolvidable\\\/\"]}]},{\"@type\":\"ImageObject\",\"inLanguage\":\"en-GB\",\"@id\":\"https:\\\/\\\/unaymilletras.com\\\/sound-isidro-promete-una-edicion-inolvidable\\\/#primaryimage\",\"url\":\"https:\\\/\\\/unaymilletras.com\\\/wp-content\\\/uploads\\\/2025\\\/03\\\/sound_isidro_grafismo_03-e1741872939374.jpg\",\"contentUrl\":\"https:\\\/\\\/unaymilletras.com\\\/wp-content\\\/uploads\\\/2025\\\/03\\\/sound_isidro_grafismo_03-e1741872939374.jpg\",\"width\":600,\"height\":600},{\"@type\":\"BreadcrumbList\",\"@id\":\"https:\\\/\\\/unaymilletras.com\\\/sound-isidro-promete-una-edicion-inolvidable\\\/#breadcrumb\",\"itemListElement\":[{\"@type\":\"ListItem\",\"position\":1,\"name\":\"Home\",\"item\":\"http:\\\/\\\/unaymilletras.com\\\/\"},{\"@type\":\"ListItem\",\"position\":2,\"name\":\"Sound Isidro promete una edici\u00f3n inolvidable\"}]},{\"@type\":\"WebSite\",\"@id\":\"http:\\\/\\\/unaymilletras.com\\\/#website\",\"url\":\"http:\\\/\\\/unaymilletras.com\\\/\",\"name\":\"Una y Mil Letras\",\"description\":\"\",\"publisher\":{\"@id\":\"http:\\\/\\\/unaymilletras.com\\\/#organization\"},\"potentialAction\":[{\"@type\":\"SearchAction\",\"target\":{\"@type\":\"EntryPoint\",\"urlTemplate\":\"http:\\\/\\\/unaymilletras.com\\\/?s={search_term_string}\"},\"query-input\":{\"@type\":\"PropertyValueSpecification\",\"valueRequired\":true,\"valueName\":\"search_term_string\"}}],\"inLanguage\":\"en-GB\"},{\"@type\":\"Organization\",\"@id\":\"http:\\\/\\\/unaymilletras.com\\\/#organization\",\"name\":\"Una y Mil Letras\",\"url\":\"http:\\\/\\\/unaymilletras.com\\\/\",\"logo\":{\"@type\":\"ImageObject\",\"inLanguage\":\"en-GB\",\"@id\":\"http:\\\/\\\/unaymilletras.com\\\/#\\\/schema\\\/logo\\\/image\\\/\",\"url\":\"https:\\\/\\\/unaymilletras.com\\\/wp-content\\\/uploads\\\/2024\\\/06\\\/cropped-Logo-removebg-preview.png\",\"contentUrl\":\"https:\\\/\\\/unaymilletras.com\\\/wp-content\\\/uploads\\\/2024\\\/06\\\/cropped-Logo-removebg-preview.png\",\"width\":512,\"height\":512,\"caption\":\"Una y Mil Letras\"},\"image\":{\"@id\":\"http:\\\/\\\/unaymilletras.com\\\/#\\\/schema\\\/logo\\\/image\\\/\"},\"sameAs\":[\"https:\\\/\\\/x.com\\\/UnaYMilLetras\",\"https:\\\/\\\/instagram.com\\\/UnaYMilLetras\"]},{\"@type\":\"Person\",\"@id\":\"http:\\\/\\\/unaymilletras.com\\\/#\\\/schema\\\/person\\\/f9792b0b93704f9d3f6cef46c2048d7d\",\"name\":\"Alvany Pereira\",\"image\":{\"@type\":\"ImageObject\",\"inLanguage\":\"en-GB\",\"@id\":\"https:\\\/\\\/secure.gravatar.com\\\/avatar\\\/1a5fbcc81714220624d70f391a6187cd1434ccfcb154238afd238d6b8bb7f593?s=96&d=mm&r=g\",\"url\":\"https:\\\/\\\/secure.gravatar.com\\\/avatar\\\/1a5fbcc81714220624d70f391a6187cd1434ccfcb154238afd238d6b8bb7f593?s=96&d=mm&r=g\",\"contentUrl\":\"https:\\\/\\\/secure.gravatar.com\\\/avatar\\\/1a5fbcc81714220624d70f391a6187cd1434ccfcb154238afd238d6b8bb7f593?s=96&d=mm&r=g\",\"caption\":\"Alvany Pereira\"},\"url\":\"https:\\\/\\\/unaymilletras.com\\\/en\\\/author\\\/alvanysophia\\\/\"}]}<\/script>\n<!-- \/ Yoast SEO plugin. -->","yoast_head_json":{"title":"Sound Isidro promete una edici\u00f3n inolvidable &#8902; Una y Mil Letras","description":"El festival Sound Isidro 2025 ha anunciado confirmaciones para su und\u00e9cima edici\u00f3n, consolid\u00e1ndose como la m\u00e1s ambiciosa hasta la fecha.","robots":{"index":"index","follow":"follow","max-snippet":"max-snippet:-1","max-image-preview":"max-image-preview:large","max-video-preview":"max-video-preview:-1"},"canonical":"https:\/\/unaymilletras.com\/en\/sound-isidro-promete-una-edicion-inolvidable\/","og_locale":"en_GB","og_type":"article","og_title":"Sound Isidro promete una edici\u00f3n inolvidable &#8902; Una y Mil Letras","og_description":"El festival Sound Isidro 2025 ha anunciado confirmaciones para su und\u00e9cima edici\u00f3n, consolid\u00e1ndose como la m\u00e1s ambiciosa hasta la fecha.","og_url":"https:\/\/unaymilletras.com\/en\/sound-isidro-promete-una-edicion-inolvidable\/","og_site_name":"Una y Mil Letras","article_published_time":"2025-03-14T14:00:00+00:00","og_image":[{"width":600,"height":600,"url":"https:\/\/unaymilletras.com\/wp-content\/uploads\/2025\/03\/sound_isidro_grafismo_03-e1741872939374.jpg","type":"image\/jpeg"}],"author":"Alvany Pereira","twitter_card":"summary_large_image","twitter_creator":"@UnaYMilLetras","twitter_site":"@UnaYMilLetras","twitter_misc":{"Written by":"Alvany Pereira","Estimated reading time":"3 minutes"},"schema":{"@context":"https:\/\/schema.org","@graph":[{"@type":"Article","@id":"https:\/\/unaymilletras.com\/sound-isidro-promete-una-edicion-inolvidable\/#article","isPartOf":{"@id":"https:\/\/unaymilletras.com\/sound-isidro-promete-una-edicion-inolvidable\/"},"author":{"name":"Alvany Pereira","@id":"http:\/\/unaymilletras.com\/#\/schema\/person\/f9792b0b93704f9d3f6cef46c2048d7d"},"headline":"Sound Isidro promete una edici\u00f3n inolvidable","datePublished":"2025-03-14T14:00:00+00:00","mainEntityOfPage":{"@id":"https:\/\/unaymilletras.com\/sound-isidro-promete-una-edicion-inolvidable\/"},"wordCount":479,"publisher":{"@id":"http:\/\/unaymilletras.com\/#organization"},"image":{"@id":"https:\/\/unaymilletras.com\/sound-isidro-promete-una-edicion-inolvidable\/#primaryimage"},"thumbnailUrl":"https:\/\/unaymilletras.com\/wp-content\/uploads\/2025\/03\/sound_isidro_grafismo_03-e1741872939374.jpg","articleSection":["M\u00fasica"],"inLanguage":"en-GB"},{"@type":"WebPage","@id":"https:\/\/unaymilletras.com\/sound-isidro-promete-una-edicion-inolvidable\/","url":"https:\/\/unaymilletras.com\/sound-isidro-promete-una-edicion-inolvidable\/","name":"Sound Isidro promete una edici\u00f3n inolvidable &#8902; Una y Mil Letras","isPartOf":{"@id":"http:\/\/unaymilletras.com\/#website"},"primaryImageOfPage":{"@id":"https:\/\/unaymilletras.com\/sound-isidro-promete-una-edicion-inolvidable\/#primaryimage"},"image":{"@id":"https:\/\/unaymilletras.com\/sound-isidro-promete-una-edicion-inolvidable\/#primaryimage"},"thumbnailUrl":"https:\/\/unaymilletras.com\/wp-content\/uploads\/2025\/03\/sound_isidro_grafismo_03-e1741872939374.jpg","datePublished":"2025-03-14T14:00:00+00:00","description":"El festival Sound Isidro 2025 ha anunciado confirmaciones para su und\u00e9cima edici\u00f3n, consolid\u00e1ndose como la m\u00e1s ambiciosa hasta la fecha.","breadcrumb":{"@id":"https:\/\/unaymilletras.com\/sound-isidro-promete-una-edicion-inolvidable\/#breadcrumb"},"inLanguage":"en-GB","potentialAction":[{"@type":"ReadAction","target":["https:\/\/unaymilletras.com\/sound-isidro-promete-una-edicion-inolvidable\/"]}]},{"@type":"ImageObject","inLanguage":"en-GB","@id":"https:\/\/unaymilletras.com\/sound-isidro-promete-una-edicion-inolvidable\/#primaryimage","url":"https:\/\/unaymilletras.com\/wp-content\/uploads\/2025\/03\/sound_isidro_grafismo_03-e1741872939374.jpg","contentUrl":"https:\/\/unaymilletras.com\/wp-content\/uploads\/2025\/03\/sound_isidro_grafismo_03-e1741872939374.jpg","width":600,"height":600},{"@type":"BreadcrumbList","@id":"https:\/\/unaymilletras.com\/sound-isidro-promete-una-edicion-inolvidable\/#breadcrumb","itemListElement":[{"@type":"ListItem","position":1,"name":"Home","item":"http:\/\/unaymilletras.com\/"},{"@type":"ListItem","position":2,"name":"Sound Isidro promete una edici\u00f3n inolvidable"}]},{"@type":"WebSite","@id":"http:\/\/unaymilletras.com\/#website","url":"http:\/\/unaymilletras.com\/","name":"Una y Mil Letras","description":"","publisher":{"@id":"http:\/\/unaymilletras.com\/#organization"},"potentialAction":[{"@type":"SearchAction","target":{"@type":"EntryPoint","urlTemplate":"http:\/\/unaymilletras.com\/?s={search_term_string}"},"query-input":{"@type":"PropertyValueSpecification","valueRequired":true,"valueName":"search_term_string"}}],"inLanguage":"en-GB"},{"@type":"Organization","@id":"http:\/\/unaymilletras.com\/#organization","name":"Una y Mil Letras","url":"http:\/\/unaymilletras.com\/","logo":{"@type":"ImageObject","inLanguage":"en-GB","@id":"http:\/\/unaymilletras.com\/#\/schema\/logo\/image\/","url":"https:\/\/unaymilletras.com\/wp-content\/uploads\/2024\/06\/cropped-Logo-removebg-preview.png","contentUrl":"https:\/\/unaymilletras.com\/wp-content\/uploads\/2024\/06\/cropped-Logo-removebg-preview.png","width":512,"height":512,"caption":"Una y Mil Letras"},"image":{"@id":"http:\/\/unaymilletras.com\/#\/schema\/logo\/image\/"},"sameAs":["https:\/\/x.com\/UnaYMilLetras","https:\/\/instagram.com\/UnaYMilLetras"]},{"@type":"Person","@id":"http:\/\/unaymilletras.com\/#\/schema\/person\/f9792b0b93704f9d3f6cef46c2048d7d","name":"Alvany Pereira","image":{"@type":"ImageObject","inLanguage":"en-GB","@id":"https:\/\/secure.gravatar.com\/avatar\/1a5fbcc81714220624d70f391a6187cd1434ccfcb154238afd238d6b8bb7f593?s=96&d=mm&r=g","url":"https:\/\/secure.gravatar.com\/avatar\/1a5fbcc81714220624d70f391a6187cd1434ccfcb154238afd238d6b8bb7f593?s=96&d=mm&r=g","contentUrl":"https:\/\/secure.gravatar.com\/avatar\/1a5fbcc81714220624d70f391a6187cd1434ccfcb154238afd238d6b8bb7f593?s=96&d=mm&r=g","caption":"Alvany Pereira"},"url":"https:\/\/unaymilletras.com\/en\/author\/alvanysophia\/"}]}},"_links":{"self":[{"href":"https:\/\/unaymilletras.com\/en\/wp-json\/wp\/v2\/posts\/3939","targetHints":{"allow":["GET"]}}],"collection":[{"href":"https:\/\/unaymilletras.com\/en\/wp-json\/wp\/v2\/posts"}],"about":[{"href":"https:\/\/unaymilletras.com\/en\/wp-json\/wp\/v2\/types\/post"}],"author":[{"embeddable":true,"href":"https:\/\/unaymilletras.com\/en\/wp-json\/wp\/v2\/users\/8"}],"replies":[{"embeddable":true,"href":"https:\/\/unaymilletras.com\/en\/wp-json\/wp\/v2\/comments?post=3939"}],"version-history":[{"count":12,"href":"https:\/\/unaymilletras.com\/en\/wp-json\/wp\/v2\/posts\/3939\/revisions"}],"predecessor-version":[{"id":3974,"href":"https:\/\/unaymilletras.com\/en\/wp-json\/wp\/v2\/posts\/3939\/revisions\/3974"}],"wp:featuredmedia":[{"embeddable":true,"href":"https:\/\/unaymilletras.com\/en\/wp-json\/wp\/v2\/media\/3942"}],"wp:attachment":[{"href":"https:\/\/unaymilletras.com\/en\/wp-json\/wp\/v2\/media?parent=3939"}],"wp:term":[{"taxonomy":"category","embeddable":true,"href":"https:\/\/unaymilletras.com\/en\/wp-json\/wp\/v2\/categories?post=3939"},{"taxonomy":"post_tag","embeddable":true,"href":"https:\/\/unaymilletras.com\/en\/wp-json\/wp\/v2\/tags?post=3939"}],"curies":[{"name":"wp","href":"https:\/\/api.w.org\/{rel}","templated":true}]}}