{"id":3951,"date":"2025-03-13T15:21:39","date_gmt":"2025-03-13T14:21:39","guid":{"rendered":"https:\/\/unaymilletras.com\/?p=3951"},"modified":"2025-03-14T11:09:28","modified_gmt":"2025-03-14T10:09:28","slug":"paulo-londra-regresa-al-trap-con-versus-su-nuevo-ep","status":"publish","type":"post","link":"https:\/\/unaymilletras.com\/en\/paulo-londra-regresa-al-trap-con-versus-su-nuevo-ep\/","title":{"rendered":"Paulo Londra regresa al trap con \u201cVersus\u201d, su nuevo EP"},"content":{"rendered":"<div data-elementor-type=\"wp-post\" data-elementor-id=\"3951\" class=\"elementor elementor-3951\">\n\t\t\t\t\t\t<section class=\"elementor-section elementor-top-section elementor-element elementor-element-116ced4b elementor-section-boxed elementor-section-height-default elementor-section-height-default\" data-id=\"116ced4b\" data-element_type=\"section\" data-e-type=\"section\">\n\t\t\t\t\t\t<div class=\"elementor-container elementor-column-gap-default\">\n\t\t\t\t\t<div class=\"elementor-column elementor-col-100 elementor-top-column elementor-element elementor-element-19b1b078\" data-id=\"19b1b078\" data-element_type=\"column\" data-e-type=\"column\">\n\t\t\t<div class=\"elementor-widget-wrap elementor-element-populated\">\n\t\t\t\t\t\t<div class=\"elementor-element elementor-element-6fc413e elementor-widget elementor-widget-text-editor\" data-id=\"6fc413e\" data-element_type=\"widget\" data-e-type=\"widget\" data-widget_type=\"text-editor.default\">\n\t\t\t\t<div class=\"elementor-widget-container\">\n\t\t\t\t\t\t\t\t\t<h2 style=\"text-align: center;\"><span style=\"color: #808080;\"><i><span style=\"font-weight: 400;\">El artista argentino Paulo Londra lanza un proyecto cargado de introspecci\u00f3n y su gira internacional en 2025<\/span><\/i><\/span><\/h2>\t\t\t\t\t\t\t\t<\/div>\n\t\t\t\t<\/div>\n\t\t\t\t<div class=\"elementor-element elementor-element-198a3146 elementor-widget elementor-widget-text-editor\" data-id=\"198a3146\" data-element_type=\"widget\" data-e-type=\"widget\" data-widget_type=\"text-editor.default\">\n\t\t\t\t<div class=\"elementor-widget-container\">\n\t\t\t\t\t\t\t\t\t<p>Paulo Londra vuelve a sus ra\u00edces con <span style=\"color: #808080;\"><a style=\"color: #808080;\" href=\"https:\/\/open.spotify.com\/intl-es\/album\/3S9l1Zky8ysxa8dEI1Hy1E?si=yloeO2R2SBW3brdprDJe4A\"><em><strong>Versus<\/strong><\/em><\/a><\/span>, su <strong>nuevo EP de trap<\/strong>, marcando un punto de inflexi\u00f3n en su carrera. A lo largo de seis canciones, el cantante aborda la lucha interna, la <strong>superaci\u00f3n<\/strong> y la <strong>importancia de mantenerse aut\u00e9ntico<\/strong> en la industria musical. Seg\u00fan el propio artista, se trata del proyecto m\u00e1s personal que ha creado hasta el momento.<\/p>\n<p><!-- \/wp:paragraph --><!-- wp:paragraph --><\/p>\n<p>El t\u00edtulo <i>Versus<\/i>\u00a0simboliza la <strong>dualidad<\/strong> y el <strong>enfrentamiento<\/strong> consigo mismo. Cada canci\u00f3n representa un momento clave en su evoluci\u00f3n art\u00edstica. <em>Sin Cadenas<\/em> es el tema central del EP y transmite un <strong>mensaje de libertad y crecimiento<\/strong>. <em>Mi Versi\u00f3n<\/em> es la pieza m\u00e1s introspectiva, donde Londra se habla a su yo del pasado para reflejar su evoluci\u00f3n. <em>Gracias<\/em> cierra el proyecto con una profunda reflexi\u00f3n sobre el aprendizaje de cada experiencia vivida.<\/p>\n<p><!-- \/wp:paragraph --><!-- wp:paragraph \/--><\/p>\t\t\t\t\t\t\t\t<\/div>\n\t\t\t\t<\/div>\n\t\t\t\t\t<\/div>\n\t\t<\/div>\n\t\t\t\t\t<\/div>\n\t\t<\/section>\n\t\t\t\t<section class=\"elementor-section elementor-top-section elementor-element elementor-element-f1b25aa elementor-section-boxed elementor-section-height-default elementor-section-height-default\" data-id=\"f1b25aa\" data-element_type=\"section\" data-e-type=\"section\">\n\t\t\t\t\t\t<div class=\"elementor-container elementor-column-gap-default\">\n\t\t\t\t\t<div class=\"elementor-column elementor-col-100 elementor-top-column elementor-element elementor-element-06e7239\" data-id=\"06e7239\" data-element_type=\"column\" data-e-type=\"column\">\n\t\t\t<div class=\"elementor-widget-wrap elementor-element-populated\">\n\t\t\t\t\t\t<div class=\"elementor-element elementor-element-bbcead7 elementor-widget elementor-widget-image\" data-id=\"bbcead7\" data-element_type=\"widget\" data-e-type=\"widget\" data-widget_type=\"image.default\">\n\t\t\t\t<div class=\"elementor-widget-container\">\n\t\t\t\t\t\t\t\t\t\t\t\t\t\t\t<img fetchpriority=\"high\" decoding=\"async\" width=\"640\" height=\"640\" src=\"https:\/\/unaymilletras.com\/wp-content\/uploads\/2025\/03\/Paulo-Londra-4-1024x1024.jpeg\" class=\"attachment-large size-large wp-image-3953\" alt=\"Paulo Londra\" srcset=\"https:\/\/unaymilletras.com\/wp-content\/uploads\/2025\/03\/Paulo-Londra-4-1024x1024.jpeg 1024w, https:\/\/unaymilletras.com\/wp-content\/uploads\/2025\/03\/Paulo-Londra-4-300x300.jpeg 300w, https:\/\/unaymilletras.com\/wp-content\/uploads\/2025\/03\/Paulo-Londra-4-150x150.jpeg 150w, https:\/\/unaymilletras.com\/wp-content\/uploads\/2025\/03\/Paulo-Londra-4-768x768.jpeg 768w, https:\/\/unaymilletras.com\/wp-content\/uploads\/2025\/03\/Paulo-Londra-4-1536x1536.jpeg 1536w, https:\/\/unaymilletras.com\/wp-content\/uploads\/2025\/03\/Paulo-Londra-4-2048x2048.jpeg 2048w, https:\/\/unaymilletras.com\/wp-content\/uploads\/2025\/03\/Paulo-Londra-4-12x12.jpeg 12w, https:\/\/unaymilletras.com\/wp-content\/uploads\/2025\/03\/Paulo-Londra-4-scaled-e1741875467521.jpeg 600w\" sizes=\"(max-width: 640px) 100vw, 640px\" \/>\t\t\t\t\t\t\t\t\t\t\t\t\t\t\t<\/div>\n\t\t\t\t<\/div>\n\t\t\t\t<div class=\"elementor-element elementor-element-7912b80 elementor-widget elementor-widget-text-editor\" data-id=\"7912b80\" data-element_type=\"widget\" data-e-type=\"widget\" data-widget_type=\"text-editor.default\">\n\t\t\t\t<div class=\"elementor-widget-container\">\n\t\t\t\t\t\t\t\t\t<p>El cantante revel\u00f3 que este trabajo naci\u00f3 de una <strong>b\u00fasqueda personal <\/strong>y de la necesidad de hablar sobre la importancia de Dios y la familia en su vida. Adem\u00e1s, se\u00f1al\u00f3 que sus seguidores ped\u00edan su <strong>regreso al trap <\/strong>y sinti\u00f3 que era el momento adecuado para hacerlo. La inspiraci\u00f3n, afirm\u00f3, provino de su entorno y del amor que recibe de su p\u00fablico, buscando mantener la <strong>conexi\u00f3n especial<\/strong> que siempre ha tenido con sus seguidores.<\/p>\n<p><!-- \/wp:paragraph --><!-- wp:paragraph --><\/p>\n<p>Los videoclips de Versus fueron grabados en Buenos Aires con la participaci\u00f3n de amigos del artista. Con este enfoque, Paulo Londra quiso recuperar la frescura y espontaneidad de sus primeros proyectos audiovisuales evocando tambi\u00e9n la esencia de temas como <em>Relax<\/em>, <em>Confiado y Tranquilo<\/em> y <em>Me tiene mal<\/em>.<\/p>\n<p><!-- \/wp:paragraph --><!-- wp:paragraph --><\/p>\n<p>De la mano del lanzamiento del EP, Paulo Londra anunci\u00f3 su gira internacional en 2025, con fechas confirmadas en M\u00e9xico y Espa\u00f1a. En M\u00e9xico, se presentar\u00e1 los d\u00edas 2 y 3 de abril en el Auditorio Citibanamex de <strong>Monterrey<\/strong>, el 7 en el Auditorio Telmex de Guadalajara y el 9 y 10 en el Palacio de los Deportes de Ciudad de M\u00e9xico.&nbsp;<\/p>\n<p><!-- \/wp:paragraph --><!-- wp:paragraph --><\/p>\n<p>En <strong>Espa\u00f1a<\/strong>, llevar\u00e1 su m\u00fasica al <strong>Palau Sant Jordi <\/strong>de Barcelona el 25 de abril y al <strong>Movistar Arena<\/strong> de Madrid el 27 de abril. Con este EP, Paulo se encuentra con el g\u00e9nero que lo vio nacer, prometiendo una etapa de mayor conexi\u00f3n con su p\u00fablico, su arte y \u00e9l mismo.<\/p>\n<p><!-- \/wp:paragraph --><!-- wp:paragraph --><\/p>\t\t\t\t\t\t\t\t<\/div>\n\t\t\t\t<\/div>\n\t\t\t\t<div class=\"elementor-element elementor-element-ccf8bdc elementor-widget elementor-widget-video\" data-id=\"ccf8bdc\" data-element_type=\"widget\" data-e-type=\"widget\" data-settings=\"{&quot;youtube_url&quot;:&quot;https:\\\/\\\/youtu.be\\\/wn6QeP9k8-Q?si=imY5hW_OKOLNsXbV&quot;,&quot;video_type&quot;:&quot;youtube&quot;,&quot;controls&quot;:&quot;yes&quot;}\" data-widget_type=\"video.default\">\n\t\t\t\t<div class=\"elementor-widget-container\">\n\t\t\t\t\t\t\t<div class=\"elementor-wrapper elementor-open-inline\">\n\t\t\t<div class=\"elementor-video\"><\/div>\t\t<\/div>\n\t\t\t\t\t\t<\/div>\n\t\t\t\t<\/div>\n\t\t\t\t\t<\/div>\n\t\t<\/div>\n\t\t\t\t\t<\/div>\n\t\t<\/section>\n\t\t\t\t<\/div>","protected":false},"excerpt":{"rendered":"<p>El artista argentino Paulo Londra lanza un proyecto cargado de introspecci\u00f3n y su gira internacional en 2025 Paulo Londra vuelve a sus ra\u00edces con Versus, su nuevo EP de trap, marcando un punto de inflexi\u00f3n en su carrera. A lo largo de seis canciones, el cantante aborda la lucha interna, la superaci\u00f3n y la importancia [&hellip;]<\/p>\n","protected":false},"author":8,"featured_media":3952,"comment_status":"closed","ping_status":"closed","sticky":false,"template":"","format":"standard","meta":{"footnotes":""},"categories":[4],"tags":[],"class_list":["post-3951","post","type-post","status-publish","format-standard","has-post-thumbnail","hentry","category-musica"],"yoast_head":"<!-- This site is optimized with the Yoast SEO plugin v27.4 - https:\/\/yoast.com\/product\/yoast-seo-wordpress\/ -->\n<title>Paulo Londra regresa al trap con \u201cVersus\u201d, su nuevo EP &#8902; Una y Mil Letras<\/title>\n<meta name=\"description\" content=\"Paulo Londra vuelve a sus ra\u00edces con &quot;Versus&quot;, su nuevo EP de trap, marcando un punto de inflexi\u00f3n en su carrera.\" \/>\n<meta name=\"robots\" content=\"index, follow, max-snippet:-1, max-image-preview:large, max-video-preview:-1\" \/>\n<link rel=\"canonical\" href=\"https:\/\/unaymilletras.com\/en\/paulo-londra-regresa-al-trap-con-versus-su-nuevo-ep\/\" \/>\n<meta property=\"og:locale\" content=\"en_GB\" \/>\n<meta property=\"og:type\" content=\"article\" \/>\n<meta property=\"og:title\" content=\"Paulo Londra regresa al trap con \u201cVersus\u201d, su nuevo EP &#8902; Una y Mil Letras\" \/>\n<meta property=\"og:description\" content=\"Paulo Londra vuelve a sus ra\u00edces con &quot;Versus&quot;, su nuevo EP de trap, marcando un punto de inflexi\u00f3n en su carrera.\" \/>\n<meta property=\"og:url\" content=\"https:\/\/unaymilletras.com\/en\/paulo-londra-regresa-al-trap-con-versus-su-nuevo-ep\/\" \/>\n<meta property=\"og:site_name\" content=\"Una y Mil Letras\" \/>\n<meta property=\"article:published_time\" content=\"2025-03-13T14:21:39+00:00\" \/>\n<meta property=\"article:modified_time\" content=\"2025-03-14T10:09:28+00:00\" \/>\n<meta property=\"og:image\" content=\"http:\/\/unaymilletras.com\/wp-content\/uploads\/2025\/03\/Paulo-Londra-2-scaled-e1741875318640.jpg\" \/>\n\t<meta property=\"og:image:width\" content=\"600\" \/>\n\t<meta property=\"og:image:height\" content=\"400\" \/>\n\t<meta property=\"og:image:type\" content=\"image\/jpeg\" \/>\n<meta name=\"author\" content=\"Alvany Pereira\" \/>\n<meta name=\"twitter:card\" content=\"summary_large_image\" \/>\n<meta name=\"twitter:creator\" content=\"@UnaYMilLetras\" \/>\n<meta name=\"twitter:site\" content=\"@UnaYMilLetras\" \/>\n<meta name=\"twitter:label1\" content=\"Written by\" \/>\n\t<meta name=\"twitter:data1\" content=\"Alvany Pereira\" \/>\n\t<meta name=\"twitter:label2\" content=\"Estimated reading time\" \/>\n\t<meta name=\"twitter:data2\" content=\"2 minutes\" \/>\n<script type=\"application\/ld+json\" class=\"yoast-schema-graph\">{\"@context\":\"https:\\\/\\\/schema.org\",\"@graph\":[{\"@type\":\"Article\",\"@id\":\"https:\\\/\\\/unaymilletras.com\\\/paulo-londra-regresa-al-trap-con-versus-su-nuevo-ep\\\/#article\",\"isPartOf\":{\"@id\":\"https:\\\/\\\/unaymilletras.com\\\/paulo-londra-regresa-al-trap-con-versus-su-nuevo-ep\\\/\"},\"author\":{\"name\":\"Alvany Pereira\",\"@id\":\"http:\\\/\\\/unaymilletras.com\\\/#\\\/schema\\\/person\\\/f9792b0b93704f9d3f6cef46c2048d7d\"},\"headline\":\"Paulo Londra regresa al trap con \u201cVersus\u201d, su nuevo EP\",\"datePublished\":\"2025-03-13T14:21:39+00:00\",\"dateModified\":\"2025-03-14T10:09:28+00:00\",\"mainEntityOfPage\":{\"@id\":\"https:\\\/\\\/unaymilletras.com\\\/paulo-londra-regresa-al-trap-con-versus-su-nuevo-ep\\\/\"},\"wordCount\":432,\"publisher\":{\"@id\":\"http:\\\/\\\/unaymilletras.com\\\/#organization\"},\"image\":{\"@id\":\"https:\\\/\\\/unaymilletras.com\\\/paulo-londra-regresa-al-trap-con-versus-su-nuevo-ep\\\/#primaryimage\"},\"thumbnailUrl\":\"https:\\\/\\\/unaymilletras.com\\\/wp-content\\\/uploads\\\/2025\\\/03\\\/Paulo-Londra-2-scaled-e1741875318640.jpg\",\"articleSection\":[\"M\u00fasica\"],\"inLanguage\":\"en-GB\"},{\"@type\":\"WebPage\",\"@id\":\"https:\\\/\\\/unaymilletras.com\\\/paulo-londra-regresa-al-trap-con-versus-su-nuevo-ep\\\/\",\"url\":\"https:\\\/\\\/unaymilletras.com\\\/paulo-londra-regresa-al-trap-con-versus-su-nuevo-ep\\\/\",\"name\":\"Paulo Londra regresa al trap con \u201cVersus\u201d, su nuevo EP &#8902; Una y Mil Letras\",\"isPartOf\":{\"@id\":\"http:\\\/\\\/unaymilletras.com\\\/#website\"},\"primaryImageOfPage\":{\"@id\":\"https:\\\/\\\/unaymilletras.com\\\/paulo-londra-regresa-al-trap-con-versus-su-nuevo-ep\\\/#primaryimage\"},\"image\":{\"@id\":\"https:\\\/\\\/unaymilletras.com\\\/paulo-londra-regresa-al-trap-con-versus-su-nuevo-ep\\\/#primaryimage\"},\"thumbnailUrl\":\"https:\\\/\\\/unaymilletras.com\\\/wp-content\\\/uploads\\\/2025\\\/03\\\/Paulo-Londra-2-scaled-e1741875318640.jpg\",\"datePublished\":\"2025-03-13T14:21:39+00:00\",\"dateModified\":\"2025-03-14T10:09:28+00:00\",\"description\":\"Paulo Londra vuelve a sus ra\u00edces con \\\"Versus\\\", su nuevo EP de trap, marcando un punto de inflexi\u00f3n en su carrera.\",\"breadcrumb\":{\"@id\":\"https:\\\/\\\/unaymilletras.com\\\/paulo-londra-regresa-al-trap-con-versus-su-nuevo-ep\\\/#breadcrumb\"},\"inLanguage\":\"en-GB\",\"potentialAction\":[{\"@type\":\"ReadAction\",\"target\":[\"https:\\\/\\\/unaymilletras.com\\\/paulo-londra-regresa-al-trap-con-versus-su-nuevo-ep\\\/\"]}]},{\"@type\":\"ImageObject\",\"inLanguage\":\"en-GB\",\"@id\":\"https:\\\/\\\/unaymilletras.com\\\/paulo-londra-regresa-al-trap-con-versus-su-nuevo-ep\\\/#primaryimage\",\"url\":\"https:\\\/\\\/unaymilletras.com\\\/wp-content\\\/uploads\\\/2025\\\/03\\\/Paulo-Londra-2-scaled-e1741875318640.jpg\",\"contentUrl\":\"https:\\\/\\\/unaymilletras.com\\\/wp-content\\\/uploads\\\/2025\\\/03\\\/Paulo-Londra-2-scaled-e1741875318640.jpg\",\"width\":600,\"height\":400,\"caption\":\"Paulo londra\"},{\"@type\":\"BreadcrumbList\",\"@id\":\"https:\\\/\\\/unaymilletras.com\\\/paulo-londra-regresa-al-trap-con-versus-su-nuevo-ep\\\/#breadcrumb\",\"itemListElement\":[{\"@type\":\"ListItem\",\"position\":1,\"name\":\"Home\",\"item\":\"http:\\\/\\\/unaymilletras.com\\\/\"},{\"@type\":\"ListItem\",\"position\":2,\"name\":\"Paulo Londra regresa al trap con \u201cVersus\u201d, su nuevo EP\"}]},{\"@type\":\"WebSite\",\"@id\":\"http:\\\/\\\/unaymilletras.com\\\/#website\",\"url\":\"http:\\\/\\\/unaymilletras.com\\\/\",\"name\":\"Una y Mil Letras\",\"description\":\"\",\"publisher\":{\"@id\":\"http:\\\/\\\/unaymilletras.com\\\/#organization\"},\"potentialAction\":[{\"@type\":\"SearchAction\",\"target\":{\"@type\":\"EntryPoint\",\"urlTemplate\":\"http:\\\/\\\/unaymilletras.com\\\/?s={search_term_string}\"},\"query-input\":{\"@type\":\"PropertyValueSpecification\",\"valueRequired\":true,\"valueName\":\"search_term_string\"}}],\"inLanguage\":\"en-GB\"},{\"@type\":\"Organization\",\"@id\":\"http:\\\/\\\/unaymilletras.com\\\/#organization\",\"name\":\"Una y Mil Letras\",\"url\":\"http:\\\/\\\/unaymilletras.com\\\/\",\"logo\":{\"@type\":\"ImageObject\",\"inLanguage\":\"en-GB\",\"@id\":\"http:\\\/\\\/unaymilletras.com\\\/#\\\/schema\\\/logo\\\/image\\\/\",\"url\":\"https:\\\/\\\/unaymilletras.com\\\/wp-content\\\/uploads\\\/2024\\\/06\\\/cropped-Logo-removebg-preview.png\",\"contentUrl\":\"https:\\\/\\\/unaymilletras.com\\\/wp-content\\\/uploads\\\/2024\\\/06\\\/cropped-Logo-removebg-preview.png\",\"width\":512,\"height\":512,\"caption\":\"Una y Mil Letras\"},\"image\":{\"@id\":\"http:\\\/\\\/unaymilletras.com\\\/#\\\/schema\\\/logo\\\/image\\\/\"},\"sameAs\":[\"https:\\\/\\\/x.com\\\/UnaYMilLetras\",\"https:\\\/\\\/instagram.com\\\/UnaYMilLetras\"]},{\"@type\":\"Person\",\"@id\":\"http:\\\/\\\/unaymilletras.com\\\/#\\\/schema\\\/person\\\/f9792b0b93704f9d3f6cef46c2048d7d\",\"name\":\"Alvany Pereira\",\"image\":{\"@type\":\"ImageObject\",\"inLanguage\":\"en-GB\",\"@id\":\"https:\\\/\\\/secure.gravatar.com\\\/avatar\\\/1a5fbcc81714220624d70f391a6187cd1434ccfcb154238afd238d6b8bb7f593?s=96&d=mm&r=g\",\"url\":\"https:\\\/\\\/secure.gravatar.com\\\/avatar\\\/1a5fbcc81714220624d70f391a6187cd1434ccfcb154238afd238d6b8bb7f593?s=96&d=mm&r=g\",\"contentUrl\":\"https:\\\/\\\/secure.gravatar.com\\\/avatar\\\/1a5fbcc81714220624d70f391a6187cd1434ccfcb154238afd238d6b8bb7f593?s=96&d=mm&r=g\",\"caption\":\"Alvany Pereira\"},\"url\":\"https:\\\/\\\/unaymilletras.com\\\/en\\\/author\\\/alvanysophia\\\/\"}]}<\/script>\n<!-- \/ Yoast SEO plugin. -->","yoast_head_json":{"title":"Paulo Londra regresa al trap con \u201cVersus\u201d, su nuevo EP &#8902; Una y Mil Letras","description":"Paulo Londra vuelve a sus ra\u00edces con \"Versus\", su nuevo EP de trap, marcando un punto de inflexi\u00f3n en su carrera.","robots":{"index":"index","follow":"follow","max-snippet":"max-snippet:-1","max-image-preview":"max-image-preview:large","max-video-preview":"max-video-preview:-1"},"canonical":"https:\/\/unaymilletras.com\/en\/paulo-londra-regresa-al-trap-con-versus-su-nuevo-ep\/","og_locale":"en_GB","og_type":"article","og_title":"Paulo Londra regresa al trap con \u201cVersus\u201d, su nuevo EP &#8902; Una y Mil Letras","og_description":"Paulo Londra vuelve a sus ra\u00edces con \"Versus\", su nuevo EP de trap, marcando un punto de inflexi\u00f3n en su carrera.","og_url":"https:\/\/unaymilletras.com\/en\/paulo-londra-regresa-al-trap-con-versus-su-nuevo-ep\/","og_site_name":"Una y Mil Letras","article_published_time":"2025-03-13T14:21:39+00:00","article_modified_time":"2025-03-14T10:09:28+00:00","og_image":[{"width":600,"height":400,"url":"http:\/\/unaymilletras.com\/wp-content\/uploads\/2025\/03\/Paulo-Londra-2-scaled-e1741875318640.jpg","type":"image\/jpeg"}],"author":"Alvany Pereira","twitter_card":"summary_large_image","twitter_creator":"@UnaYMilLetras","twitter_site":"@UnaYMilLetras","twitter_misc":{"Written by":"Alvany Pereira","Estimated reading time":"2 minutes"},"schema":{"@context":"https:\/\/schema.org","@graph":[{"@type":"Article","@id":"https:\/\/unaymilletras.com\/paulo-londra-regresa-al-trap-con-versus-su-nuevo-ep\/#article","isPartOf":{"@id":"https:\/\/unaymilletras.com\/paulo-londra-regresa-al-trap-con-versus-su-nuevo-ep\/"},"author":{"name":"Alvany Pereira","@id":"http:\/\/unaymilletras.com\/#\/schema\/person\/f9792b0b93704f9d3f6cef46c2048d7d"},"headline":"Paulo Londra regresa al trap con \u201cVersus\u201d, su nuevo EP","datePublished":"2025-03-13T14:21:39+00:00","dateModified":"2025-03-14T10:09:28+00:00","mainEntityOfPage":{"@id":"https:\/\/unaymilletras.com\/paulo-londra-regresa-al-trap-con-versus-su-nuevo-ep\/"},"wordCount":432,"publisher":{"@id":"http:\/\/unaymilletras.com\/#organization"},"image":{"@id":"https:\/\/unaymilletras.com\/paulo-londra-regresa-al-trap-con-versus-su-nuevo-ep\/#primaryimage"},"thumbnailUrl":"https:\/\/unaymilletras.com\/wp-content\/uploads\/2025\/03\/Paulo-Londra-2-scaled-e1741875318640.jpg","articleSection":["M\u00fasica"],"inLanguage":"en-GB"},{"@type":"WebPage","@id":"https:\/\/unaymilletras.com\/paulo-londra-regresa-al-trap-con-versus-su-nuevo-ep\/","url":"https:\/\/unaymilletras.com\/paulo-londra-regresa-al-trap-con-versus-su-nuevo-ep\/","name":"Paulo Londra regresa al trap con \u201cVersus\u201d, su nuevo EP &#8902; Una y Mil Letras","isPartOf":{"@id":"http:\/\/unaymilletras.com\/#website"},"primaryImageOfPage":{"@id":"https:\/\/unaymilletras.com\/paulo-londra-regresa-al-trap-con-versus-su-nuevo-ep\/#primaryimage"},"image":{"@id":"https:\/\/unaymilletras.com\/paulo-londra-regresa-al-trap-con-versus-su-nuevo-ep\/#primaryimage"},"thumbnailUrl":"https:\/\/unaymilletras.com\/wp-content\/uploads\/2025\/03\/Paulo-Londra-2-scaled-e1741875318640.jpg","datePublished":"2025-03-13T14:21:39+00:00","dateModified":"2025-03-14T10:09:28+00:00","description":"Paulo Londra vuelve a sus ra\u00edces con \"Versus\", su nuevo EP de trap, marcando un punto de inflexi\u00f3n en su carrera.","breadcrumb":{"@id":"https:\/\/unaymilletras.com\/paulo-londra-regresa-al-trap-con-versus-su-nuevo-ep\/#breadcrumb"},"inLanguage":"en-GB","potentialAction":[{"@type":"ReadAction","target":["https:\/\/unaymilletras.com\/paulo-londra-regresa-al-trap-con-versus-su-nuevo-ep\/"]}]},{"@type":"ImageObject","inLanguage":"en-GB","@id":"https:\/\/unaymilletras.com\/paulo-londra-regresa-al-trap-con-versus-su-nuevo-ep\/#primaryimage","url":"https:\/\/unaymilletras.com\/wp-content\/uploads\/2025\/03\/Paulo-Londra-2-scaled-e1741875318640.jpg","contentUrl":"https:\/\/unaymilletras.com\/wp-content\/uploads\/2025\/03\/Paulo-Londra-2-scaled-e1741875318640.jpg","width":600,"height":400,"caption":"Paulo londra"},{"@type":"BreadcrumbList","@id":"https:\/\/unaymilletras.com\/paulo-londra-regresa-al-trap-con-versus-su-nuevo-ep\/#breadcrumb","itemListElement":[{"@type":"ListItem","position":1,"name":"Home","item":"http:\/\/unaymilletras.com\/"},{"@type":"ListItem","position":2,"name":"Paulo Londra regresa al trap con \u201cVersus\u201d, su nuevo EP"}]},{"@type":"WebSite","@id":"http:\/\/unaymilletras.com\/#website","url":"http:\/\/unaymilletras.com\/","name":"Una y Mil Letras","description":"","publisher":{"@id":"http:\/\/unaymilletras.com\/#organization"},"potentialAction":[{"@type":"SearchAction","target":{"@type":"EntryPoint","urlTemplate":"http:\/\/unaymilletras.com\/?s={search_term_string}"},"query-input":{"@type":"PropertyValueSpecification","valueRequired":true,"valueName":"search_term_string"}}],"inLanguage":"en-GB"},{"@type":"Organization","@id":"http:\/\/unaymilletras.com\/#organization","name":"Una y Mil Letras","url":"http:\/\/unaymilletras.com\/","logo":{"@type":"ImageObject","inLanguage":"en-GB","@id":"http:\/\/unaymilletras.com\/#\/schema\/logo\/image\/","url":"https:\/\/unaymilletras.com\/wp-content\/uploads\/2024\/06\/cropped-Logo-removebg-preview.png","contentUrl":"https:\/\/unaymilletras.com\/wp-content\/uploads\/2024\/06\/cropped-Logo-removebg-preview.png","width":512,"height":512,"caption":"Una y Mil Letras"},"image":{"@id":"http:\/\/unaymilletras.com\/#\/schema\/logo\/image\/"},"sameAs":["https:\/\/x.com\/UnaYMilLetras","https:\/\/instagram.com\/UnaYMilLetras"]},{"@type":"Person","@id":"http:\/\/unaymilletras.com\/#\/schema\/person\/f9792b0b93704f9d3f6cef46c2048d7d","name":"Alvany Pereira","image":{"@type":"ImageObject","inLanguage":"en-GB","@id":"https:\/\/secure.gravatar.com\/avatar\/1a5fbcc81714220624d70f391a6187cd1434ccfcb154238afd238d6b8bb7f593?s=96&d=mm&r=g","url":"https:\/\/secure.gravatar.com\/avatar\/1a5fbcc81714220624d70f391a6187cd1434ccfcb154238afd238d6b8bb7f593?s=96&d=mm&r=g","contentUrl":"https:\/\/secure.gravatar.com\/avatar\/1a5fbcc81714220624d70f391a6187cd1434ccfcb154238afd238d6b8bb7f593?s=96&d=mm&r=g","caption":"Alvany Pereira"},"url":"https:\/\/unaymilletras.com\/en\/author\/alvanysophia\/"}]}},"_links":{"self":[{"href":"https:\/\/unaymilletras.com\/en\/wp-json\/wp\/v2\/posts\/3951","targetHints":{"allow":["GET"]}}],"collection":[{"href":"https:\/\/unaymilletras.com\/en\/wp-json\/wp\/v2\/posts"}],"about":[{"href":"https:\/\/unaymilletras.com\/en\/wp-json\/wp\/v2\/types\/post"}],"author":[{"embeddable":true,"href":"https:\/\/unaymilletras.com\/en\/wp-json\/wp\/v2\/users\/8"}],"replies":[{"embeddable":true,"href":"https:\/\/unaymilletras.com\/en\/wp-json\/wp\/v2\/comments?post=3951"}],"version-history":[{"count":10,"href":"https:\/\/unaymilletras.com\/en\/wp-json\/wp\/v2\/posts\/3951\/revisions"}],"predecessor-version":[{"id":3971,"href":"https:\/\/unaymilletras.com\/en\/wp-json\/wp\/v2\/posts\/3951\/revisions\/3971"}],"wp:featuredmedia":[{"embeddable":true,"href":"https:\/\/unaymilletras.com\/en\/wp-json\/wp\/v2\/media\/3952"}],"wp:attachment":[{"href":"https:\/\/unaymilletras.com\/en\/wp-json\/wp\/v2\/media?parent=3951"}],"wp:term":[{"taxonomy":"category","embeddable":true,"href":"https:\/\/unaymilletras.com\/en\/wp-json\/wp\/v2\/categories?post=3951"},{"taxonomy":"post_tag","embeddable":true,"href":"https:\/\/unaymilletras.com\/en\/wp-json\/wp\/v2\/tags?post=3951"}],"curies":[{"name":"wp","href":"https:\/\/api.w.org\/{rel}","templated":true}]}}