{"id":3975,"date":"2025-03-14T17:57:05","date_gmt":"2025-03-14T16:57:05","guid":{"rendered":"https:\/\/unaymilletras.com\/?p=3975"},"modified":"2025-03-17T17:09:08","modified_gmt":"2025-03-17T16:09:08","slug":"dei-v-lanza-su-nuevo-ep-los-flavorz","status":"publish","type":"post","link":"https:\/\/unaymilletras.com\/en\/dei-v-lanza-su-nuevo-ep-los-flavorz\/","title":{"rendered":"Dei V Lanza su nuevo EP \u201cLOS FLAVORZ\u201d"},"content":{"rendered":"<div data-elementor-type=\"wp-post\" data-elementor-id=\"3975\" class=\"elementor elementor-3975\">\n\t\t\t\t\t\t<section class=\"elementor-section elementor-top-section elementor-element elementor-element-2704f158 elementor-section-boxed elementor-section-height-default elementor-section-height-default\" data-id=\"2704f158\" data-element_type=\"section\" data-e-type=\"section\">\n\t\t\t\t\t\t<div class=\"elementor-container elementor-column-gap-default\">\n\t\t\t\t\t<div class=\"elementor-column elementor-col-100 elementor-top-column elementor-element elementor-element-2292708f\" data-id=\"2292708f\" data-element_type=\"column\" data-e-type=\"column\">\n\t\t\t<div class=\"elementor-widget-wrap elementor-element-populated\">\n\t\t\t\t\t\t<div class=\"elementor-element elementor-element-f90077e elementor-widget elementor-widget-text-editor\" data-id=\"f90077e\" data-element_type=\"widget\" data-e-type=\"widget\" data-widget_type=\"text-editor.default\">\n\t\t\t\t<div class=\"elementor-widget-container\">\n\t\t\t\t\t\t\t\t\t<h2 style=\"text-align: center\"><span style=\"color: #808080\"><strong><em>El nuevo lanzamiento del artista promete conquistar las listas de \u00e9xito\u00a0<\/em><\/strong><\/span><\/h2>\t\t\t\t\t\t\t\t<\/div>\n\t\t\t\t<\/div>\n\t\t\t\t<div class=\"elementor-element elementor-element-657f662a elementor-widget elementor-widget-text-editor\" data-id=\"657f662a\" data-element_type=\"widget\" data-e-type=\"widget\" data-widget_type=\"text-editor.default\">\n\t\t\t\t<div class=\"elementor-widget-container\">\n\t\t\t\t\t\t\t\t\t\n<p>El ascenso imparable de <a href=\"http:\/\/open.spotify.com\/artist\/2YRyPiW98bpkARAS4B3OQP\">Dei V<\/a> en la escena urbana contin\u00faa con fuerza, el cantante puertorrique\u00f1o ha estrenado <strong>su esperado EP<\/strong>, \u201cLos Flavorz\u201d, un proyecto que pone en evidencia su versatilidad y consolidaci\u00f3n en el g\u00e9nero. Este<strong> nuevo proyecto<\/strong> cuenta con la participaci\u00f3n de nombres muy conocidos como<strong> De La Rose y Omar Courtz,<\/strong> y con la producci\u00f3n de figuras como <strong>J Castle, Bassy, Yizuss, Lil Geniuz, Full Harmony y Melou-D.\u00a0<\/strong><\/p>\n\t\t\t\t\t\t\t\t<\/div>\n\t\t\t\t<\/div>\n\t\t\t\t<div class=\"elementor-element elementor-element-a31a0e4 elementor-widget elementor-widget-text-editor\" data-id=\"a31a0e4\" data-element_type=\"widget\" data-e-type=\"widget\" data-widget_type=\"text-editor.default\">\n\t\t\t\t<div class=\"elementor-widget-container\">\n\t\t\t\t\t\t\t\t\t<h4><span style=\"color: #666699\"><strong>Un EP con un sello inconfundible<\/strong><\/span><\/h4>\t\t\t\t\t\t\t\t<\/div>\n\t\t\t\t<\/div>\n\t\t\t\t<div class=\"elementor-element elementor-element-e885aff elementor-widget elementor-widget-text-editor\" data-id=\"e885aff\" data-element_type=\"widget\" data-e-type=\"widget\" data-widget_type=\"text-editor.default\">\n\t\t\t\t<div class=\"elementor-widget-container\">\n\t\t\t\t\t\t\t\t\t<p><span style=\"font-weight: 400\">\u201cLos Flavorz\u201d est\u00e1 integrado por <strong>seis temas<\/strong> que muestran el progreso art\u00edstico del cantante, explorando diferentes sonidos dentro del reggaeton y el trap. Con influencias electr\u00f3nicas en temas como <\/span><i><span style=\"font-weight: 400\">Sirena<\/span><\/i><span style=\"font-weight: 400\"> y un reggaet\u00f3n con un toque m\u00e1s cl\u00e1sico. El EP consigue combinar <strong>lo mejor de su esencia<\/strong> con nuevas tendencias, destaca adem\u00e1s la colaboraci\u00f3n con De La Rose en <\/span><i><span style=\"font-weight: 400\">Toa Toa<\/span><\/i><span style=\"font-weight: 400\">, una propuesta con tintes <strong>underground<\/strong> que ha generado gran expectaci\u00f3n en la escena.\u00a0<\/span><\/p>\n<p><span style=\"font-weight: 400\">Otra de las colaboraciones estrella es la de Omar Courtz, en <\/span><i><span style=\"font-weight: 400\">Lovers<\/span><\/i><span style=\"font-weight: 400\">, un tema con todas las papeletas para convertirse en un <strong>hit global.<\/strong> Adem\u00e1s, el EP cuenta con la participaci\u00f3n de talentos j\u00f3venes como Clarent en <\/span><i><span style=\"font-weight: 400\">Lolly<\/span><\/i><span style=\"font-weight: 400\">, a\u00f1adiendo una pieza clave en esta producci\u00f3n.\u00a0<\/span><\/p>\t\t\t\t\t\t\t\t<\/div>\n\t\t\t\t<\/div>\n\t\t\t\t<div class=\"elementor-element elementor-element-8f2f992 elementor-widget elementor-widget-image\" data-id=\"8f2f992\" data-element_type=\"widget\" data-e-type=\"widget\" data-widget_type=\"image.default\">\n\t\t\t\t<div class=\"elementor-widget-container\">\n\t\t\t\t\t\t\t\t\t\t\t\t\t\t\t<img fetchpriority=\"high\" decoding=\"async\" width=\"640\" height=\"505\" src=\"https:\/\/unaymilletras.com\/wp-content\/uploads\/2025\/03\/COVER-ART-1024x808.jpg\" class=\"attachment-large size-large wp-image-3978\" alt=\"Deiv\" srcset=\"https:\/\/unaymilletras.com\/wp-content\/uploads\/2025\/03\/COVER-ART-1024x808.jpg 1024w, https:\/\/unaymilletras.com\/wp-content\/uploads\/2025\/03\/COVER-ART-300x237.jpg 300w, https:\/\/unaymilletras.com\/wp-content\/uploads\/2025\/03\/COVER-ART-768x606.jpg 768w, https:\/\/unaymilletras.com\/wp-content\/uploads\/2025\/03\/COVER-ART-15x12.jpg 15w, https:\/\/unaymilletras.com\/wp-content\/uploads\/2025\/03\/COVER-ART-e1741970447739.jpg 600w\" sizes=\"(max-width: 640px) 100vw, 640px\" \/>\t\t\t\t\t\t\t\t\t\t\t\t\t\t\t<\/div>\n\t\t\t\t<\/div>\n\t\t\t\t<div class=\"elementor-element elementor-element-1be0777 elementor-widget elementor-widget-text-editor\" data-id=\"1be0777\" data-element_type=\"widget\" data-e-type=\"widget\" data-widget_type=\"text-editor.default\">\n\t\t\t\t<div class=\"elementor-widget-container\">\n\t\t\t\t\t\t\t\t\t<p><span style=\"font-weight: 400\">Este lanzamiento llega en un <strong>momento crucial<\/strong> para el artista, quien ha cosechado un gran \u00e9xito con su anterior \u00e1lbum. Su crecimiento en la industria lo ha posicionado como uno de los nombres m\u00e1s influyentes del g\u00e9nero urbano, destacando por su <strong>autenticidad<\/strong> y capacidad para fusionar diferentes estilos sin perder <strong>su propia esencia<\/strong>.<\/span><\/p>\n<p><span style=\"font-weight: 400\">Adem\u00e1s, el EP se estrena en la antesala de su vuelta a Espa\u00f1a, donde ya ha dejado huella con su talento. Luego de conquistar festivales y<strong> agotar entradas<\/strong> en recintos como La Riviera, el artista vuelve con mucha fuerza y por la puerta grande. Los d\u00edas 1, 3 y 4 de abril, Dei V se presentar\u00e1 en el <strong>Movistar Arena de Madrid<\/strong> y el <strong>Sant Jordi Club de Barcelona<\/strong>, eventos que ya est\u00e1n cerca de agotar sus entradas.<\/span><\/p>\t\t\t\t\t\t\t\t<\/div>\n\t\t\t\t<\/div>\n\t\t\t\t\t<\/div>\n\t\t<\/div>\n\t\t\t\t\t<\/div>\n\t\t<\/section>\n\t\t\t\t<section class=\"elementor-section elementor-top-section elementor-element elementor-element-f8b0fbd elementor-section-boxed elementor-section-height-default elementor-section-height-default\" data-id=\"f8b0fbd\" data-element_type=\"section\" data-e-type=\"section\">\n\t\t\t\t\t\t<div class=\"elementor-container elementor-column-gap-default\">\n\t\t\t\t\t<div class=\"elementor-column elementor-col-100 elementor-top-column elementor-element elementor-element-76601c3\" data-id=\"76601c3\" data-element_type=\"column\" data-e-type=\"column\">\n\t\t\t<div class=\"elementor-widget-wrap elementor-element-populated\">\n\t\t\t\t\t\t<div class=\"elementor-element elementor-element-89d7946 elementor-widget elementor-widget-video\" data-id=\"89d7946\" data-element_type=\"widget\" data-e-type=\"widget\" data-settings=\"{&quot;youtube_url&quot;:&quot;https:\\\/\\\/youtu.be\\\/oASqZjy-yME?si=8ocxFwuMUEbHqa-j&quot;,&quot;video_type&quot;:&quot;youtube&quot;,&quot;controls&quot;:&quot;yes&quot;}\" data-widget_type=\"video.default\">\n\t\t\t\t<div class=\"elementor-widget-container\">\n\t\t\t\t\t\t\t<div class=\"elementor-wrapper elementor-open-inline\">\n\t\t\t<div class=\"elementor-video\"><\/div>\t\t<\/div>\n\t\t\t\t\t\t<\/div>\n\t\t\t\t<\/div>\n\t\t\t\t\t<\/div>\n\t\t<\/div>\n\t\t\t\t\t<\/div>\n\t\t<\/section>\n\t\t\t\t<\/div>","protected":false},"excerpt":{"rendered":"<p>El nuevo lanzamiento del artista promete conquistar las listas de \u00e9xito\u00a0 El ascenso imparable de Dei V en la escena urbana contin\u00faa con fuerza, el cantante puertorrique\u00f1o ha estrenado su esperado EP, \u201cLos Flavorz\u201d, un proyecto que pone en evidencia su versatilidad y consolidaci\u00f3n en el g\u00e9nero. Este nuevo proyecto cuenta con la participaci\u00f3n de [&hellip;]<\/p>\n","protected":false},"author":8,"featured_media":3976,"comment_status":"closed","ping_status":"closed","sticky":false,"template":"","format":"standard","meta":{"footnotes":""},"categories":[4],"tags":[],"class_list":["post-3975","post","type-post","status-publish","format-standard","has-post-thumbnail","hentry","category-musica"],"yoast_head":"<!-- This site is optimized with the Yoast SEO plugin v27.4 - https:\/\/yoast.com\/product\/yoast-seo-wordpress\/ -->\n<title>Dei V Lanza su nuevo EP \u201cLOS FLAVORZ\u201d &#8902; Una y Mil Letras<\/title>\n<meta name=\"description\" content=\"El ascenso imparable de Dei V en la escena urbana contin\u00faa con fuerza. El cantante puertorrique\u00f1o ha estrenado su esperado EP, \u201cLos Flavorz\u201d\" \/>\n<meta name=\"robots\" content=\"index, follow, max-snippet:-1, max-image-preview:large, max-video-preview:-1\" \/>\n<link rel=\"canonical\" href=\"https:\/\/unaymilletras.com\/en\/dei-v-lanza-su-nuevo-ep-los-flavorz\/\" \/>\n<meta property=\"og:locale\" content=\"en_GB\" \/>\n<meta property=\"og:type\" content=\"article\" \/>\n<meta property=\"og:title\" content=\"Dei V Lanza su nuevo EP \u201cLOS FLAVORZ\u201d &#8902; Una y Mil Letras\" \/>\n<meta property=\"og:description\" content=\"El ascenso imparable de Dei V en la escena urbana contin\u00faa con fuerza. El cantante puertorrique\u00f1o ha estrenado su esperado EP, \u201cLos Flavorz\u201d\" \/>\n<meta property=\"og:url\" content=\"https:\/\/unaymilletras.com\/en\/dei-v-lanza-su-nuevo-ep-los-flavorz\/\" \/>\n<meta property=\"og:site_name\" content=\"Una y Mil Letras\" \/>\n<meta property=\"article:published_time\" content=\"2025-03-14T16:57:05+00:00\" \/>\n<meta property=\"article:modified_time\" content=\"2025-03-17T16:09:08+00:00\" \/>\n<meta property=\"og:image\" content=\"http:\/\/unaymilletras.com\/wp-content\/uploads\/2025\/03\/IMG_0225-e1741970103434.jpg\" \/>\n\t<meta property=\"og:image:width\" content=\"600\" \/>\n\t<meta property=\"og:image:height\" content=\"606\" \/>\n\t<meta property=\"og:image:type\" content=\"image\/jpeg\" \/>\n<meta name=\"author\" content=\"Alvany Pereira\" \/>\n<meta name=\"twitter:card\" content=\"summary_large_image\" \/>\n<meta name=\"twitter:creator\" content=\"@UnaYMilLetras\" \/>\n<meta name=\"twitter:site\" content=\"@UnaYMilLetras\" \/>\n<meta name=\"twitter:label1\" content=\"Written by\" \/>\n\t<meta name=\"twitter:data1\" content=\"Alvany Pereira\" \/>\n\t<meta name=\"twitter:label2\" content=\"Estimated reading time\" \/>\n\t<meta name=\"twitter:data2\" content=\"2 minutes\" \/>\n<script type=\"application\/ld+json\" class=\"yoast-schema-graph\">{\"@context\":\"https:\\\/\\\/schema.org\",\"@graph\":[{\"@type\":\"Article\",\"@id\":\"https:\\\/\\\/unaymilletras.com\\\/dei-v-lanza-su-nuevo-ep-los-flavorz\\\/#article\",\"isPartOf\":{\"@id\":\"https:\\\/\\\/unaymilletras.com\\\/dei-v-lanza-su-nuevo-ep-los-flavorz\\\/\"},\"author\":{\"name\":\"Alvany Pereira\",\"@id\":\"http:\\\/\\\/unaymilletras.com\\\/#\\\/schema\\\/person\\\/f9792b0b93704f9d3f6cef46c2048d7d\"},\"headline\":\"Dei V Lanza su nuevo EP \u201cLOS FLAVORZ\u201d\",\"datePublished\":\"2025-03-14T16:57:05+00:00\",\"dateModified\":\"2025-03-17T16:09:08+00:00\",\"mainEntityOfPage\":{\"@id\":\"https:\\\/\\\/unaymilletras.com\\\/dei-v-lanza-su-nuevo-ep-los-flavorz\\\/\"},\"wordCount\":374,\"publisher\":{\"@id\":\"http:\\\/\\\/unaymilletras.com\\\/#organization\"},\"image\":{\"@id\":\"https:\\\/\\\/unaymilletras.com\\\/dei-v-lanza-su-nuevo-ep-los-flavorz\\\/#primaryimage\"},\"thumbnailUrl\":\"https:\\\/\\\/unaymilletras.com\\\/wp-content\\\/uploads\\\/2025\\\/03\\\/IMG_0225-e1741970103434.jpg\",\"articleSection\":[\"M\u00fasica\"],\"inLanguage\":\"en-GB\"},{\"@type\":\"WebPage\",\"@id\":\"https:\\\/\\\/unaymilletras.com\\\/dei-v-lanza-su-nuevo-ep-los-flavorz\\\/\",\"url\":\"https:\\\/\\\/unaymilletras.com\\\/dei-v-lanza-su-nuevo-ep-los-flavorz\\\/\",\"name\":\"Dei V Lanza su nuevo EP \u201cLOS FLAVORZ\u201d &#8902; Una y Mil Letras\",\"isPartOf\":{\"@id\":\"http:\\\/\\\/unaymilletras.com\\\/#website\"},\"primaryImageOfPage\":{\"@id\":\"https:\\\/\\\/unaymilletras.com\\\/dei-v-lanza-su-nuevo-ep-los-flavorz\\\/#primaryimage\"},\"image\":{\"@id\":\"https:\\\/\\\/unaymilletras.com\\\/dei-v-lanza-su-nuevo-ep-los-flavorz\\\/#primaryimage\"},\"thumbnailUrl\":\"https:\\\/\\\/unaymilletras.com\\\/wp-content\\\/uploads\\\/2025\\\/03\\\/IMG_0225-e1741970103434.jpg\",\"datePublished\":\"2025-03-14T16:57:05+00:00\",\"dateModified\":\"2025-03-17T16:09:08+00:00\",\"description\":\"El ascenso imparable de Dei V en la escena urbana contin\u00faa con fuerza. El cantante puertorrique\u00f1o ha estrenado su esperado EP, \u201cLos Flavorz\u201d\",\"breadcrumb\":{\"@id\":\"https:\\\/\\\/unaymilletras.com\\\/dei-v-lanza-su-nuevo-ep-los-flavorz\\\/#breadcrumb\"},\"inLanguage\":\"en-GB\",\"potentialAction\":[{\"@type\":\"ReadAction\",\"target\":[\"https:\\\/\\\/unaymilletras.com\\\/dei-v-lanza-su-nuevo-ep-los-flavorz\\\/\"]}]},{\"@type\":\"ImageObject\",\"inLanguage\":\"en-GB\",\"@id\":\"https:\\\/\\\/unaymilletras.com\\\/dei-v-lanza-su-nuevo-ep-los-flavorz\\\/#primaryimage\",\"url\":\"https:\\\/\\\/unaymilletras.com\\\/wp-content\\\/uploads\\\/2025\\\/03\\\/IMG_0225-e1741970103434.jpg\",\"contentUrl\":\"https:\\\/\\\/unaymilletras.com\\\/wp-content\\\/uploads\\\/2025\\\/03\\\/IMG_0225-e1741970103434.jpg\",\"width\":600,\"height\":606,\"caption\":\"Screenshot\"},{\"@type\":\"BreadcrumbList\",\"@id\":\"https:\\\/\\\/unaymilletras.com\\\/dei-v-lanza-su-nuevo-ep-los-flavorz\\\/#breadcrumb\",\"itemListElement\":[{\"@type\":\"ListItem\",\"position\":1,\"name\":\"Home\",\"item\":\"http:\\\/\\\/unaymilletras.com\\\/\"},{\"@type\":\"ListItem\",\"position\":2,\"name\":\"Dei V Lanza su nuevo EP \u201cLOS FLAVORZ\u201d\"}]},{\"@type\":\"WebSite\",\"@id\":\"http:\\\/\\\/unaymilletras.com\\\/#website\",\"url\":\"http:\\\/\\\/unaymilletras.com\\\/\",\"name\":\"Una y Mil Letras\",\"description\":\"\",\"publisher\":{\"@id\":\"http:\\\/\\\/unaymilletras.com\\\/#organization\"},\"potentialAction\":[{\"@type\":\"SearchAction\",\"target\":{\"@type\":\"EntryPoint\",\"urlTemplate\":\"http:\\\/\\\/unaymilletras.com\\\/?s={search_term_string}\"},\"query-input\":{\"@type\":\"PropertyValueSpecification\",\"valueRequired\":true,\"valueName\":\"search_term_string\"}}],\"inLanguage\":\"en-GB\"},{\"@type\":\"Organization\",\"@id\":\"http:\\\/\\\/unaymilletras.com\\\/#organization\",\"name\":\"Una y Mil Letras\",\"url\":\"http:\\\/\\\/unaymilletras.com\\\/\",\"logo\":{\"@type\":\"ImageObject\",\"inLanguage\":\"en-GB\",\"@id\":\"http:\\\/\\\/unaymilletras.com\\\/#\\\/schema\\\/logo\\\/image\\\/\",\"url\":\"https:\\\/\\\/unaymilletras.com\\\/wp-content\\\/uploads\\\/2024\\\/06\\\/cropped-Logo-removebg-preview.png\",\"contentUrl\":\"https:\\\/\\\/unaymilletras.com\\\/wp-content\\\/uploads\\\/2024\\\/06\\\/cropped-Logo-removebg-preview.png\",\"width\":512,\"height\":512,\"caption\":\"Una y Mil Letras\"},\"image\":{\"@id\":\"http:\\\/\\\/unaymilletras.com\\\/#\\\/schema\\\/logo\\\/image\\\/\"},\"sameAs\":[\"https:\\\/\\\/x.com\\\/UnaYMilLetras\",\"https:\\\/\\\/instagram.com\\\/UnaYMilLetras\"]},{\"@type\":\"Person\",\"@id\":\"http:\\\/\\\/unaymilletras.com\\\/#\\\/schema\\\/person\\\/f9792b0b93704f9d3f6cef46c2048d7d\",\"name\":\"Alvany Pereira\",\"image\":{\"@type\":\"ImageObject\",\"inLanguage\":\"en-GB\",\"@id\":\"https:\\\/\\\/secure.gravatar.com\\\/avatar\\\/1a5fbcc81714220624d70f391a6187cd1434ccfcb154238afd238d6b8bb7f593?s=96&d=mm&r=g\",\"url\":\"https:\\\/\\\/secure.gravatar.com\\\/avatar\\\/1a5fbcc81714220624d70f391a6187cd1434ccfcb154238afd238d6b8bb7f593?s=96&d=mm&r=g\",\"contentUrl\":\"https:\\\/\\\/secure.gravatar.com\\\/avatar\\\/1a5fbcc81714220624d70f391a6187cd1434ccfcb154238afd238d6b8bb7f593?s=96&d=mm&r=g\",\"caption\":\"Alvany Pereira\"},\"url\":\"https:\\\/\\\/unaymilletras.com\\\/en\\\/author\\\/alvanysophia\\\/\"}]}<\/script>\n<!-- \/ Yoast SEO plugin. -->","yoast_head_json":{"title":"Dei V Lanza su nuevo EP \u201cLOS FLAVORZ\u201d &#8902; Una y Mil Letras","description":"El ascenso imparable de Dei V en la escena urbana contin\u00faa con fuerza. El cantante puertorrique\u00f1o ha estrenado su esperado EP, \u201cLos Flavorz\u201d","robots":{"index":"index","follow":"follow","max-snippet":"max-snippet:-1","max-image-preview":"max-image-preview:large","max-video-preview":"max-video-preview:-1"},"canonical":"https:\/\/unaymilletras.com\/en\/dei-v-lanza-su-nuevo-ep-los-flavorz\/","og_locale":"en_GB","og_type":"article","og_title":"Dei V Lanza su nuevo EP \u201cLOS FLAVORZ\u201d &#8902; Una y Mil Letras","og_description":"El ascenso imparable de Dei V en la escena urbana contin\u00faa con fuerza. El cantante puertorrique\u00f1o ha estrenado su esperado EP, \u201cLos Flavorz\u201d","og_url":"https:\/\/unaymilletras.com\/en\/dei-v-lanza-su-nuevo-ep-los-flavorz\/","og_site_name":"Una y Mil Letras","article_published_time":"2025-03-14T16:57:05+00:00","article_modified_time":"2025-03-17T16:09:08+00:00","og_image":[{"width":600,"height":606,"url":"http:\/\/unaymilletras.com\/wp-content\/uploads\/2025\/03\/IMG_0225-e1741970103434.jpg","type":"image\/jpeg"}],"author":"Alvany Pereira","twitter_card":"summary_large_image","twitter_creator":"@UnaYMilLetras","twitter_site":"@UnaYMilLetras","twitter_misc":{"Written by":"Alvany Pereira","Estimated reading time":"2 minutes"},"schema":{"@context":"https:\/\/schema.org","@graph":[{"@type":"Article","@id":"https:\/\/unaymilletras.com\/dei-v-lanza-su-nuevo-ep-los-flavorz\/#article","isPartOf":{"@id":"https:\/\/unaymilletras.com\/dei-v-lanza-su-nuevo-ep-los-flavorz\/"},"author":{"name":"Alvany Pereira","@id":"http:\/\/unaymilletras.com\/#\/schema\/person\/f9792b0b93704f9d3f6cef46c2048d7d"},"headline":"Dei V Lanza su nuevo EP \u201cLOS FLAVORZ\u201d","datePublished":"2025-03-14T16:57:05+00:00","dateModified":"2025-03-17T16:09:08+00:00","mainEntityOfPage":{"@id":"https:\/\/unaymilletras.com\/dei-v-lanza-su-nuevo-ep-los-flavorz\/"},"wordCount":374,"publisher":{"@id":"http:\/\/unaymilletras.com\/#organization"},"image":{"@id":"https:\/\/unaymilletras.com\/dei-v-lanza-su-nuevo-ep-los-flavorz\/#primaryimage"},"thumbnailUrl":"https:\/\/unaymilletras.com\/wp-content\/uploads\/2025\/03\/IMG_0225-e1741970103434.jpg","articleSection":["M\u00fasica"],"inLanguage":"en-GB"},{"@type":"WebPage","@id":"https:\/\/unaymilletras.com\/dei-v-lanza-su-nuevo-ep-los-flavorz\/","url":"https:\/\/unaymilletras.com\/dei-v-lanza-su-nuevo-ep-los-flavorz\/","name":"Dei V Lanza su nuevo EP \u201cLOS FLAVORZ\u201d &#8902; Una y Mil Letras","isPartOf":{"@id":"http:\/\/unaymilletras.com\/#website"},"primaryImageOfPage":{"@id":"https:\/\/unaymilletras.com\/dei-v-lanza-su-nuevo-ep-los-flavorz\/#primaryimage"},"image":{"@id":"https:\/\/unaymilletras.com\/dei-v-lanza-su-nuevo-ep-los-flavorz\/#primaryimage"},"thumbnailUrl":"https:\/\/unaymilletras.com\/wp-content\/uploads\/2025\/03\/IMG_0225-e1741970103434.jpg","datePublished":"2025-03-14T16:57:05+00:00","dateModified":"2025-03-17T16:09:08+00:00","description":"El ascenso imparable de Dei V en la escena urbana contin\u00faa con fuerza. El cantante puertorrique\u00f1o ha estrenado su esperado EP, \u201cLos Flavorz\u201d","breadcrumb":{"@id":"https:\/\/unaymilletras.com\/dei-v-lanza-su-nuevo-ep-los-flavorz\/#breadcrumb"},"inLanguage":"en-GB","potentialAction":[{"@type":"ReadAction","target":["https:\/\/unaymilletras.com\/dei-v-lanza-su-nuevo-ep-los-flavorz\/"]}]},{"@type":"ImageObject","inLanguage":"en-GB","@id":"https:\/\/unaymilletras.com\/dei-v-lanza-su-nuevo-ep-los-flavorz\/#primaryimage","url":"https:\/\/unaymilletras.com\/wp-content\/uploads\/2025\/03\/IMG_0225-e1741970103434.jpg","contentUrl":"https:\/\/unaymilletras.com\/wp-content\/uploads\/2025\/03\/IMG_0225-e1741970103434.jpg","width":600,"height":606,"caption":"Screenshot"},{"@type":"BreadcrumbList","@id":"https:\/\/unaymilletras.com\/dei-v-lanza-su-nuevo-ep-los-flavorz\/#breadcrumb","itemListElement":[{"@type":"ListItem","position":1,"name":"Home","item":"http:\/\/unaymilletras.com\/"},{"@type":"ListItem","position":2,"name":"Dei V Lanza su nuevo EP \u201cLOS FLAVORZ\u201d"}]},{"@type":"WebSite","@id":"http:\/\/unaymilletras.com\/#website","url":"http:\/\/unaymilletras.com\/","name":"Una y Mil Letras","description":"","publisher":{"@id":"http:\/\/unaymilletras.com\/#organization"},"potentialAction":[{"@type":"SearchAction","target":{"@type":"EntryPoint","urlTemplate":"http:\/\/unaymilletras.com\/?s={search_term_string}"},"query-input":{"@type":"PropertyValueSpecification","valueRequired":true,"valueName":"search_term_string"}}],"inLanguage":"en-GB"},{"@type":"Organization","@id":"http:\/\/unaymilletras.com\/#organization","name":"Una y Mil Letras","url":"http:\/\/unaymilletras.com\/","logo":{"@type":"ImageObject","inLanguage":"en-GB","@id":"http:\/\/unaymilletras.com\/#\/schema\/logo\/image\/","url":"https:\/\/unaymilletras.com\/wp-content\/uploads\/2024\/06\/cropped-Logo-removebg-preview.png","contentUrl":"https:\/\/unaymilletras.com\/wp-content\/uploads\/2024\/06\/cropped-Logo-removebg-preview.png","width":512,"height":512,"caption":"Una y Mil Letras"},"image":{"@id":"http:\/\/unaymilletras.com\/#\/schema\/logo\/image\/"},"sameAs":["https:\/\/x.com\/UnaYMilLetras","https:\/\/instagram.com\/UnaYMilLetras"]},{"@type":"Person","@id":"http:\/\/unaymilletras.com\/#\/schema\/person\/f9792b0b93704f9d3f6cef46c2048d7d","name":"Alvany Pereira","image":{"@type":"ImageObject","inLanguage":"en-GB","@id":"https:\/\/secure.gravatar.com\/avatar\/1a5fbcc81714220624d70f391a6187cd1434ccfcb154238afd238d6b8bb7f593?s=96&d=mm&r=g","url":"https:\/\/secure.gravatar.com\/avatar\/1a5fbcc81714220624d70f391a6187cd1434ccfcb154238afd238d6b8bb7f593?s=96&d=mm&r=g","contentUrl":"https:\/\/secure.gravatar.com\/avatar\/1a5fbcc81714220624d70f391a6187cd1434ccfcb154238afd238d6b8bb7f593?s=96&d=mm&r=g","caption":"Alvany Pereira"},"url":"https:\/\/unaymilletras.com\/en\/author\/alvanysophia\/"}]}},"_links":{"self":[{"href":"https:\/\/unaymilletras.com\/en\/wp-json\/wp\/v2\/posts\/3975","targetHints":{"allow":["GET"]}}],"collection":[{"href":"https:\/\/unaymilletras.com\/en\/wp-json\/wp\/v2\/posts"}],"about":[{"href":"https:\/\/unaymilletras.com\/en\/wp-json\/wp\/v2\/types\/post"}],"author":[{"embeddable":true,"href":"https:\/\/unaymilletras.com\/en\/wp-json\/wp\/v2\/users\/8"}],"replies":[{"embeddable":true,"href":"https:\/\/unaymilletras.com\/en\/wp-json\/wp\/v2\/comments?post=3975"}],"version-history":[{"count":18,"href":"https:\/\/unaymilletras.com\/en\/wp-json\/wp\/v2\/posts\/3975\/revisions"}],"predecessor-version":[{"id":4020,"href":"https:\/\/unaymilletras.com\/en\/wp-json\/wp\/v2\/posts\/3975\/revisions\/4020"}],"wp:featuredmedia":[{"embeddable":true,"href":"https:\/\/unaymilletras.com\/en\/wp-json\/wp\/v2\/media\/3976"}],"wp:attachment":[{"href":"https:\/\/unaymilletras.com\/en\/wp-json\/wp\/v2\/media?parent=3975"}],"wp:term":[{"taxonomy":"category","embeddable":true,"href":"https:\/\/unaymilletras.com\/en\/wp-json\/wp\/v2\/categories?post=3975"},{"taxonomy":"post_tag","embeddable":true,"href":"https:\/\/unaymilletras.com\/en\/wp-json\/wp\/v2\/tags?post=3975"}],"curies":[{"name":"wp","href":"https:\/\/api.w.org\/{rel}","templated":true}]}}