{"id":3990,"date":"2025-03-18T16:00:00","date_gmt":"2025-03-18T15:00:00","guid":{"rendered":"https:\/\/unaymilletras.com\/?p=3990"},"modified":"2025-08-09T12:02:17","modified_gmt":"2025-08-09T10:02:17","slug":"el-verano-en-que-me-enamore-vuelve-a-prime-video","status":"publish","type":"post","link":"https:\/\/unaymilletras.com\/en\/el-verano-en-que-me-enamore-vuelve-a-prime-video\/","title":{"rendered":"El verano en que me enamor\u00e9 vuelve (por \u00faltima vez) a Prime Video"},"content":{"rendered":"<div data-elementor-type=\"wp-post\" data-elementor-id=\"3990\" class=\"elementor elementor-3990\">\n\t\t\t\t\t\t<section class=\"elementor-section elementor-top-section elementor-element elementor-element-f8ea35f elementor-section-boxed elementor-section-height-default elementor-section-height-default\" data-id=\"f8ea35f\" data-element_type=\"section\" data-e-type=\"section\">\n\t\t\t\t\t\t<div class=\"elementor-container elementor-column-gap-default\">\n\t\t\t\t\t<div class=\"elementor-column elementor-col-100 elementor-top-column elementor-element elementor-element-26db77c\" data-id=\"26db77c\" data-element_type=\"column\" data-e-type=\"column\">\n\t\t\t<div class=\"elementor-widget-wrap elementor-element-populated\">\n\t\t\t\t\t\t<div class=\"elementor-element elementor-element-dfa1f75 elementor-widget elementor-widget-text-editor\" data-id=\"dfa1f75\" data-element_type=\"widget\" data-e-type=\"widget\" data-widget_type=\"text-editor.default\">\n\t\t\t\t<div class=\"elementor-widget-container\">\n\t\t\t\t\t\t\t\t\t<h2 style=\"text-align: center;\"><span style=\"color: #808080;\"><em>Prime Video confirma que la tercera y \u00faltima temporada de la exitosa serie El verano en que me enamor\u00e9 se estrenar\u00e1 este julio<\/em><\/span><\/h2>\t\t\t\t\t\t\t\t<\/div>\n\t\t\t\t<\/div>\n\t\t\t\t\t<\/div>\n\t\t<\/div>\n\t\t\t\t\t<\/div>\n\t\t<\/section>\n\t\t\t\t<section class=\"elementor-section elementor-top-section elementor-element elementor-element-8ca995d elementor-section-boxed elementor-section-height-default elementor-section-height-default\" data-id=\"8ca995d\" data-element_type=\"section\" data-e-type=\"section\">\n\t\t\t\t\t\t<div class=\"elementor-container elementor-column-gap-default\">\n\t\t\t\t\t<div class=\"elementor-column elementor-col-100 elementor-top-column elementor-element elementor-element-64dd85e\" data-id=\"64dd85e\" data-element_type=\"column\" data-e-type=\"column\">\n\t\t\t<div class=\"elementor-widget-wrap elementor-element-populated\">\n\t\t\t\t\t\t<div class=\"elementor-element elementor-element-c5b4e46 elementor-widget elementor-widget-text-editor\" data-id=\"c5b4e46\" data-element_type=\"widget\" data-e-type=\"widget\" data-widget_type=\"text-editor.default\">\n\t\t\t\t<div class=\"elementor-widget-container\">\n\t\t\t\t\t\t\t\t\t<p>Prime Video ha confirmado que la <strong>tercera y \u00faltima temporada<\/strong> de la exitosa serie <em><strong>El verano en que me enamor\u00e9<\/strong><\/em> se estrenar\u00e1 este julio. La serie original de Amazon contar\u00e1 con un total de <strong>11 episodios.<\/strong> Estar\u00e1 disponible en m\u00e1s de 240 pa\u00edses y territorios de todo el mundo, en exclusiva para los suscriptores de Prime.<\/p>\t\t\t\t\t\t\t\t<\/div>\n\t\t\t\t<\/div>\n\t\t\t\t\t<\/div>\n\t\t<\/div>\n\t\t\t\t\t<\/div>\n\t\t<\/section>\n\t\t\t\t<section class=\"elementor-section elementor-top-section elementor-element elementor-element-a70d329 elementor-section-boxed elementor-section-height-default elementor-section-height-default\" data-id=\"a70d329\" data-element_type=\"section\" data-e-type=\"section\">\n\t\t\t\t\t\t<div class=\"elementor-container elementor-column-gap-default\">\n\t\t\t\t\t<div class=\"elementor-column elementor-col-100 elementor-top-column elementor-element elementor-element-0bc45ec\" data-id=\"0bc45ec\" data-element_type=\"column\" data-e-type=\"column\">\n\t\t\t<div class=\"elementor-widget-wrap elementor-element-populated\">\n\t\t\t\t\t\t<div class=\"elementor-element elementor-element-8164c1a elementor-widget elementor-widget-heading\" data-id=\"8164c1a\" data-element_type=\"widget\" data-e-type=\"widget\" data-widget_type=\"heading.default\">\n\t\t\t\t<div class=\"elementor-widget-container\">\n\t\t\t\t\t<h3 class=\"elementor-heading-title elementor-size-default\">Un desenlace inolvidable<\/h3>\t\t\t\t<\/div>\n\t\t\t\t<\/div>\n\t\t\t\t\t<\/div>\n\t\t<\/div>\n\t\t\t\t\t<\/div>\n\t\t<\/section>\n\t\t\t\t<section class=\"elementor-section elementor-top-section elementor-element elementor-element-c4333e1 elementor-section-boxed elementor-section-height-default elementor-section-height-default\" data-id=\"c4333e1\" data-element_type=\"section\" data-e-type=\"section\">\n\t\t\t\t\t\t<div class=\"elementor-container elementor-column-gap-default\">\n\t\t\t\t\t<div class=\"elementor-column elementor-col-50 elementor-top-column elementor-element elementor-element-e87ec15\" data-id=\"e87ec15\" data-element_type=\"column\" data-e-type=\"column\">\n\t\t\t<div class=\"elementor-widget-wrap elementor-element-populated\">\n\t\t\t\t\t\t<div class=\"elementor-element elementor-element-c8ca353 elementor-widget elementor-widget-text-editor\" data-id=\"c8ca353\" data-element_type=\"widget\" data-e-type=\"widget\" data-widget_type=\"text-editor.default\">\n\t\t\t\t<div class=\"elementor-widget-container\">\n\t\t\t\t\t\t\t\t\t<p>Basada en la trilog\u00eda de novelas de <strong>Jenny Han<\/strong>, la serie se ha convertido en un fen\u00f3meno cultural.\u00a0 Su primera temporada se posicion\u00f3 r\u00e1pidamente como el titulo m\u00e1s visto en Prime Video solo en su primer fin de semana. La segunda temporada, logr\u00f3 duplicar la cantidad de espectadores de su antecesora en tan solo tres d\u00edas.<\/p><p>La tercera temporada de <em>El verano en que me enamor\u00e9<\/em> est\u00e1 dirigida por las <em>showrunners<\/em> Jenny Han y Sarah Kucserka, quienes tambi\u00e9n ejercen como productoras ejecutivas con Karen Rosenfelt, Paul Lee, Hope Hartman y Mads Hansen. La serie adem\u00e1s esta <strong>coproducida entre Amazon Studios y wiip<\/strong> (una productora independiente que ha tra\u00eddo a la pantalla series como <em>Dickinson<\/em> y <em>Mare of Easttown<\/em>).<\/p>\t\t\t\t\t\t\t\t<\/div>\n\t\t\t\t<\/div>\n\t\t\t\t\t<\/div>\n\t\t<\/div>\n\t\t\t\t<div class=\"elementor-column elementor-col-50 elementor-top-column elementor-element elementor-element-a7771ce\" data-id=\"a7771ce\" data-element_type=\"column\" data-e-type=\"column\">\n\t\t\t<div class=\"elementor-widget-wrap elementor-element-populated\">\n\t\t\t\t\t\t<div class=\"elementor-element elementor-element-d97c361 elementor-widget elementor-widget-image\" data-id=\"d97c361\" data-element_type=\"widget\" data-e-type=\"widget\" data-widget_type=\"image.default\">\n\t\t\t\t<div class=\"elementor-widget-container\">\n\t\t\t\t\t\t\t\t\t\t\t\t\t\t\t<img fetchpriority=\"high\" decoding=\"async\" width=\"640\" height=\"800\" src=\"https:\/\/unaymilletras.com\/wp-content\/uploads\/2025\/03\/Teaser-poster-T3-819x1024.jpg\" class=\"attachment-large size-large wp-image-3991\" alt=\"Teaser p\u00f3ster T3\" srcset=\"https:\/\/unaymilletras.com\/wp-content\/uploads\/2025\/03\/Teaser-poster-T3-819x1024.jpg 819w, https:\/\/unaymilletras.com\/wp-content\/uploads\/2025\/03\/Teaser-poster-T3-240x300.jpg 240w, https:\/\/unaymilletras.com\/wp-content\/uploads\/2025\/03\/Teaser-poster-T3-768x960.jpg 768w, https:\/\/unaymilletras.com\/wp-content\/uploads\/2025\/03\/Teaser-poster-T3-10x12.jpg 10w, https:\/\/unaymilletras.com\/wp-content\/uploads\/2025\/03\/Teaser-poster-T3-1024x1280.jpg 1024w, https:\/\/unaymilletras.com\/wp-content\/uploads\/2025\/03\/Teaser-poster-T3-e1742049955108.jpg 600w\" sizes=\"(max-width: 640px) 100vw, 640px\" \/>\t\t\t\t\t\t\t\t\t\t\t\t\t\t\t<\/div>\n\t\t\t\t<\/div>\n\t\t\t\t\t<\/div>\n\t\t<\/div>\n\t\t\t\t\t<\/div>\n\t\t<\/section>\n\t\t\t\t<section class=\"elementor-section elementor-top-section elementor-element elementor-element-7647bd7 elementor-section-boxed elementor-section-height-default elementor-section-height-default\" data-id=\"7647bd7\" data-element_type=\"section\" data-e-type=\"section\">\n\t\t\t\t\t\t<div class=\"elementor-container elementor-column-gap-default\">\n\t\t\t\t\t<div class=\"elementor-column elementor-col-100 elementor-top-column elementor-element elementor-element-5c67e2f\" data-id=\"5c67e2f\" data-element_type=\"column\" data-e-type=\"column\">\n\t\t\t<div class=\"elementor-widget-wrap elementor-element-populated\">\n\t\t\t\t\t\t<div class=\"elementor-element elementor-element-14cfe48 elementor-widget elementor-widget-heading\" data-id=\"14cfe48\" data-element_type=\"widget\" data-e-type=\"widget\" data-widget_type=\"heading.default\">\n\t\t\t\t<div class=\"elementor-widget-container\">\n\t\t\t\t\t<h3 class=\"elementor-heading-title elementor-size-default\">Entre el amor, la madurez y las despedidas<\/h3>\t\t\t\t<\/div>\n\t\t\t\t<\/div>\n\t\t\t\t\t<\/div>\n\t\t<\/div>\n\t\t\t\t\t<\/div>\n\t\t<\/section>\n\t\t\t\t<section class=\"elementor-section elementor-top-section elementor-element elementor-element-8caa076 elementor-section-boxed elementor-section-height-default elementor-section-height-default\" data-id=\"8caa076\" data-element_type=\"section\" data-e-type=\"section\">\n\t\t\t\t\t\t<div class=\"elementor-container elementor-column-gap-default\">\n\t\t\t\t\t<div class=\"elementor-column elementor-col-100 elementor-top-column elementor-element elementor-element-d2ebe89\" data-id=\"d2ebe89\" data-element_type=\"column\" data-e-type=\"column\">\n\t\t\t<div class=\"elementor-widget-wrap elementor-element-populated\">\n\t\t\t\t\t\t<div class=\"elementor-element elementor-element-30c746c elementor-widget elementor-widget-text-editor\" data-id=\"30c746c\" data-element_type=\"widget\" data-e-type=\"widget\" data-widget_type=\"text-editor.default\">\n\t\t\t\t<div class=\"elementor-widget-container\">\n\t\t\t\t\t\t\t\t\t<p><strong><em>El verano en que me enamor\u00e9<\/em><\/strong> es un drama <strong>multigeneracional<\/strong>, en el que vemos a personajes que se pueden identificar con diferentes facetas de la vida. Aunque, la trama m\u00e1s popular es la de el tri\u00e1ngulo amoroso entre Belly y los hermanos Fisher. Pero tambi\u00e9n destaca la evoluci\u00f3n de las relaciones entre madres e hijos, y la fuerza de la amistad femenina.<\/p><p>La ambientaci\u00f3n de la serie te lleva a <strong>un verano inolvidable<\/strong>, en el que se cierran historias. Los personajes evolucionan a medida que creen y se tienen que enfrentar al paso del tiempo, las nuevas oportunidades, y el paso de la vida.<\/p><p>Con esta \u00faltima temporada,<strong> <em>El verano en que me enamor\u00e9<\/em><\/strong> promete despedirse con una temporada llena de emociones, dejando una huella inolvidable en sus seguidores.<\/p>\t\t\t\t\t\t\t\t<\/div>\n\t\t\t\t<\/div>\n\t\t\t\t\t<\/div>\n\t\t<\/div>\n\t\t\t\t\t<\/div>\n\t\t<\/section>\n\t\t\t\t<\/div>","protected":false},"excerpt":{"rendered":"<p>Prime Video confirma que la tercera y \u00faltima temporada de la exitosa serie El verano en que me enamor\u00e9 se estrenar\u00e1 este julio Prime Video ha confirmado que la tercera y \u00faltima temporada de la exitosa serie El verano en que me enamor\u00e9 se estrenar\u00e1 este julio. La serie original de Amazon contar\u00e1 con un [&hellip;]<\/p>\n","protected":false},"author":9,"featured_media":3991,"comment_status":"closed","ping_status":"closed","sticky":false,"template":"","format":"standard","meta":{"footnotes":""},"categories":[117],"tags":[149,146,143,148,144,147],"class_list":["post-3990","post","type-post","status-publish","format-standard","has-post-thumbnail","hentry","category-peliculas-y-series","tag-drama","tag-el-verano-en-que-me-enamore","tag-prime-video","tag-romance","tag-serie","tag-ultima-temporada"],"yoast_head":"<!-- This site is optimized with the Yoast SEO plugin v27.4 - https:\/\/yoast.com\/product\/yoast-seo-wordpress\/ -->\n<title>El verano en que me enamor\u00e9 vuelve a Prime Video<\/title>\n<meta name=\"description\" content=\"Prime Video ha confirmado que la tercera y \u00faltima temporada de la exitosa serie El verano en que me enamor\u00e9 se estrenar\u00e1 este julio.\" \/>\n<meta name=\"robots\" content=\"index, follow, max-snippet:-1, max-image-preview:large, max-video-preview:-1\" \/>\n<link rel=\"canonical\" href=\"https:\/\/unaymilletras.com\/en\/el-verano-en-que-me-enamore-vuelve-a-prime-video\/\" \/>\n<meta property=\"og:locale\" content=\"en_GB\" \/>\n<meta property=\"og:type\" content=\"article\" \/>\n<meta property=\"og:title\" content=\"El verano en que me enamor\u00e9 vuelve a Prime Video\" \/>\n<meta property=\"og:description\" content=\"Prime Video ha confirmado que la tercera y \u00faltima temporada de la exitosa serie El verano en que me enamor\u00e9 se estrenar\u00e1 este julio.\" \/>\n<meta property=\"og:url\" content=\"https:\/\/unaymilletras.com\/en\/el-verano-en-que-me-enamore-vuelve-a-prime-video\/\" \/>\n<meta property=\"og:site_name\" content=\"Una y Mil Letras\" \/>\n<meta property=\"article:published_time\" content=\"2025-03-18T15:00:00+00:00\" \/>\n<meta property=\"article:modified_time\" content=\"2025-08-09T10:02:17+00:00\" \/>\n<meta property=\"og:image\" content=\"http:\/\/unaymilletras.com\/wp-content\/uploads\/2025\/03\/Teaser-poster-T3-e1742049955108.jpg\" \/>\n\t<meta property=\"og:image:width\" content=\"600\" \/>\n\t<meta property=\"og:image:height\" content=\"750\" \/>\n\t<meta property=\"og:image:type\" content=\"image\/jpeg\" \/>\n<meta name=\"author\" content=\"Victoria Hern\u00e1ndez\" \/>\n<meta name=\"twitter:card\" content=\"summary_large_image\" \/>\n<meta name=\"twitter:creator\" content=\"@UnaYMilLetras\" \/>\n<meta name=\"twitter:site\" content=\"@UnaYMilLetras\" \/>\n<meta name=\"twitter:label1\" content=\"Written by\" \/>\n\t<meta name=\"twitter:data1\" content=\"Victoria Hern\u00e1ndez\" \/>\n\t<meta name=\"twitter:label2\" content=\"Estimated reading time\" \/>\n\t<meta name=\"twitter:data2\" content=\"2 minutes\" \/>\n<script type=\"application\/ld+json\" class=\"yoast-schema-graph\">{\"@context\":\"https:\\\/\\\/schema.org\",\"@graph\":[{\"@type\":\"Article\",\"@id\":\"https:\\\/\\\/unaymilletras.com\\\/el-verano-en-que-me-enamore-vuelve-a-prime-video\\\/#article\",\"isPartOf\":{\"@id\":\"https:\\\/\\\/unaymilletras.com\\\/el-verano-en-que-me-enamore-vuelve-a-prime-video\\\/\"},\"author\":{\"name\":\"Victoria Hern\u00e1ndez\",\"@id\":\"http:\\\/\\\/unaymilletras.com\\\/#\\\/schema\\\/person\\\/90f1e88e4c10951a79965c8106280f0a\"},\"headline\":\"El verano en que me enamor\u00e9 vuelve (por \u00faltima vez) a Prime Video\",\"datePublished\":\"2025-03-18T15:00:00+00:00\",\"dateModified\":\"2025-08-09T10:02:17+00:00\",\"mainEntityOfPage\":{\"@id\":\"https:\\\/\\\/unaymilletras.com\\\/el-verano-en-que-me-enamore-vuelve-a-prime-video\\\/\"},\"wordCount\":363,\"publisher\":{\"@id\":\"http:\\\/\\\/unaymilletras.com\\\/#organization\"},\"image\":{\"@id\":\"https:\\\/\\\/unaymilletras.com\\\/el-verano-en-que-me-enamore-vuelve-a-prime-video\\\/#primaryimage\"},\"thumbnailUrl\":\"https:\\\/\\\/unaymilletras.com\\\/wp-content\\\/uploads\\\/2025\\\/03\\\/Teaser-poster-T3-e1742049955108.jpg\",\"keywords\":[\"Drama\",\"El verano en que me enamor\u00e9\",\"Prime Video\",\"Romance\",\"Serie\",\"\u00daltima temporada\"],\"articleSection\":[\"Pel\u00edculas y Series\"],\"inLanguage\":\"en-GB\"},{\"@type\":\"WebPage\",\"@id\":\"https:\\\/\\\/unaymilletras.com\\\/el-verano-en-que-me-enamore-vuelve-a-prime-video\\\/\",\"url\":\"https:\\\/\\\/unaymilletras.com\\\/el-verano-en-que-me-enamore-vuelve-a-prime-video\\\/\",\"name\":\"El verano en que me enamor\u00e9 vuelve a Prime Video\",\"isPartOf\":{\"@id\":\"http:\\\/\\\/unaymilletras.com\\\/#website\"},\"primaryImageOfPage\":{\"@id\":\"https:\\\/\\\/unaymilletras.com\\\/el-verano-en-que-me-enamore-vuelve-a-prime-video\\\/#primaryimage\"},\"image\":{\"@id\":\"https:\\\/\\\/unaymilletras.com\\\/el-verano-en-que-me-enamore-vuelve-a-prime-video\\\/#primaryimage\"},\"thumbnailUrl\":\"https:\\\/\\\/unaymilletras.com\\\/wp-content\\\/uploads\\\/2025\\\/03\\\/Teaser-poster-T3-e1742049955108.jpg\",\"datePublished\":\"2025-03-18T15:00:00+00:00\",\"dateModified\":\"2025-08-09T10:02:17+00:00\",\"description\":\"Prime Video ha confirmado que la tercera y \u00faltima temporada de la exitosa serie El verano en que me enamor\u00e9 se estrenar\u00e1 este julio.\",\"breadcrumb\":{\"@id\":\"https:\\\/\\\/unaymilletras.com\\\/el-verano-en-que-me-enamore-vuelve-a-prime-video\\\/#breadcrumb\"},\"inLanguage\":\"en-GB\",\"potentialAction\":[{\"@type\":\"ReadAction\",\"target\":[\"https:\\\/\\\/unaymilletras.com\\\/el-verano-en-que-me-enamore-vuelve-a-prime-video\\\/\"]}]},{\"@type\":\"ImageObject\",\"inLanguage\":\"en-GB\",\"@id\":\"https:\\\/\\\/unaymilletras.com\\\/el-verano-en-que-me-enamore-vuelve-a-prime-video\\\/#primaryimage\",\"url\":\"https:\\\/\\\/unaymilletras.com\\\/wp-content\\\/uploads\\\/2025\\\/03\\\/Teaser-poster-T3-e1742049955108.jpg\",\"contentUrl\":\"https:\\\/\\\/unaymilletras.com\\\/wp-content\\\/uploads\\\/2025\\\/03\\\/Teaser-poster-T3-e1742049955108.jpg\",\"width\":600,\"height\":750,\"caption\":\"Teaser p\u00f3ster T3\"},{\"@type\":\"BreadcrumbList\",\"@id\":\"https:\\\/\\\/unaymilletras.com\\\/el-verano-en-que-me-enamore-vuelve-a-prime-video\\\/#breadcrumb\",\"itemListElement\":[{\"@type\":\"ListItem\",\"position\":1,\"name\":\"Home\",\"item\":\"http:\\\/\\\/unaymilletras.com\\\/\"},{\"@type\":\"ListItem\",\"position\":2,\"name\":\"El verano en que me enamor\u00e9 vuelve (por \u00faltima vez) a Prime Video\"}]},{\"@type\":\"WebSite\",\"@id\":\"http:\\\/\\\/unaymilletras.com\\\/#website\",\"url\":\"http:\\\/\\\/unaymilletras.com\\\/\",\"name\":\"Una y Mil Letras\",\"description\":\"\",\"publisher\":{\"@id\":\"http:\\\/\\\/unaymilletras.com\\\/#organization\"},\"potentialAction\":[{\"@type\":\"SearchAction\",\"target\":{\"@type\":\"EntryPoint\",\"urlTemplate\":\"http:\\\/\\\/unaymilletras.com\\\/?s={search_term_string}\"},\"query-input\":{\"@type\":\"PropertyValueSpecification\",\"valueRequired\":true,\"valueName\":\"search_term_string\"}}],\"inLanguage\":\"en-GB\"},{\"@type\":\"Organization\",\"@id\":\"http:\\\/\\\/unaymilletras.com\\\/#organization\",\"name\":\"Una y Mil Letras\",\"url\":\"http:\\\/\\\/unaymilletras.com\\\/\",\"logo\":{\"@type\":\"ImageObject\",\"inLanguage\":\"en-GB\",\"@id\":\"http:\\\/\\\/unaymilletras.com\\\/#\\\/schema\\\/logo\\\/image\\\/\",\"url\":\"https:\\\/\\\/unaymilletras.com\\\/wp-content\\\/uploads\\\/2024\\\/06\\\/cropped-Logo-removebg-preview.png\",\"contentUrl\":\"https:\\\/\\\/unaymilletras.com\\\/wp-content\\\/uploads\\\/2024\\\/06\\\/cropped-Logo-removebg-preview.png\",\"width\":512,\"height\":512,\"caption\":\"Una y Mil Letras\"},\"image\":{\"@id\":\"http:\\\/\\\/unaymilletras.com\\\/#\\\/schema\\\/logo\\\/image\\\/\"},\"sameAs\":[\"https:\\\/\\\/x.com\\\/UnaYMilLetras\",\"https:\\\/\\\/instagram.com\\\/UnaYMilLetras\"]},{\"@type\":\"Person\",\"@id\":\"http:\\\/\\\/unaymilletras.com\\\/#\\\/schema\\\/person\\\/90f1e88e4c10951a79965c8106280f0a\",\"name\":\"Victoria Hern\u00e1ndez\",\"image\":{\"@type\":\"ImageObject\",\"inLanguage\":\"en-GB\",\"@id\":\"https:\\\/\\\/secure.gravatar.com\\\/avatar\\\/4a6a914c964cf29cc45dd00ef5c74e847f221f6a1039c94b8aa244949baeeda4?s=96&d=mm&r=g\",\"url\":\"https:\\\/\\\/secure.gravatar.com\\\/avatar\\\/4a6a914c964cf29cc45dd00ef5c74e847f221f6a1039c94b8aa244949baeeda4?s=96&d=mm&r=g\",\"contentUrl\":\"https:\\\/\\\/secure.gravatar.com\\\/avatar\\\/4a6a914c964cf29cc45dd00ef5c74e847f221f6a1039c94b8aa244949baeeda4?s=96&d=mm&r=g\",\"caption\":\"Victoria Hern\u00e1ndez\"},\"url\":\"https:\\\/\\\/unaymilletras.com\\\/en\\\/author\\\/victoriahernandez\\\/\"}]}<\/script>\n<!-- \/ Yoast SEO plugin. -->","yoast_head_json":{"title":"El verano en que me enamor\u00e9 vuelve a Prime Video","description":"Prime Video ha confirmado que la tercera y \u00faltima temporada de la exitosa serie El verano en que me enamor\u00e9 se estrenar\u00e1 este julio.","robots":{"index":"index","follow":"follow","max-snippet":"max-snippet:-1","max-image-preview":"max-image-preview:large","max-video-preview":"max-video-preview:-1"},"canonical":"https:\/\/unaymilletras.com\/en\/el-verano-en-que-me-enamore-vuelve-a-prime-video\/","og_locale":"en_GB","og_type":"article","og_title":"El verano en que me enamor\u00e9 vuelve a Prime Video","og_description":"Prime Video ha confirmado que la tercera y \u00faltima temporada de la exitosa serie El verano en que me enamor\u00e9 se estrenar\u00e1 este julio.","og_url":"https:\/\/unaymilletras.com\/en\/el-verano-en-que-me-enamore-vuelve-a-prime-video\/","og_site_name":"Una y Mil Letras","article_published_time":"2025-03-18T15:00:00+00:00","article_modified_time":"2025-08-09T10:02:17+00:00","og_image":[{"width":600,"height":750,"url":"http:\/\/unaymilletras.com\/wp-content\/uploads\/2025\/03\/Teaser-poster-T3-e1742049955108.jpg","type":"image\/jpeg"}],"author":"Victoria Hern\u00e1ndez","twitter_card":"summary_large_image","twitter_creator":"@UnaYMilLetras","twitter_site":"@UnaYMilLetras","twitter_misc":{"Written by":"Victoria Hern\u00e1ndez","Estimated reading time":"2 minutes"},"schema":{"@context":"https:\/\/schema.org","@graph":[{"@type":"Article","@id":"https:\/\/unaymilletras.com\/el-verano-en-que-me-enamore-vuelve-a-prime-video\/#article","isPartOf":{"@id":"https:\/\/unaymilletras.com\/el-verano-en-que-me-enamore-vuelve-a-prime-video\/"},"author":{"name":"Victoria Hern\u00e1ndez","@id":"http:\/\/unaymilletras.com\/#\/schema\/person\/90f1e88e4c10951a79965c8106280f0a"},"headline":"El verano en que me enamor\u00e9 vuelve (por \u00faltima vez) a Prime Video","datePublished":"2025-03-18T15:00:00+00:00","dateModified":"2025-08-09T10:02:17+00:00","mainEntityOfPage":{"@id":"https:\/\/unaymilletras.com\/el-verano-en-que-me-enamore-vuelve-a-prime-video\/"},"wordCount":363,"publisher":{"@id":"http:\/\/unaymilletras.com\/#organization"},"image":{"@id":"https:\/\/unaymilletras.com\/el-verano-en-que-me-enamore-vuelve-a-prime-video\/#primaryimage"},"thumbnailUrl":"https:\/\/unaymilletras.com\/wp-content\/uploads\/2025\/03\/Teaser-poster-T3-e1742049955108.jpg","keywords":["Drama","El verano en que me enamor\u00e9","Prime Video","Romance","Serie","\u00daltima temporada"],"articleSection":["Pel\u00edculas y Series"],"inLanguage":"en-GB"},{"@type":"WebPage","@id":"https:\/\/unaymilletras.com\/el-verano-en-que-me-enamore-vuelve-a-prime-video\/","url":"https:\/\/unaymilletras.com\/el-verano-en-que-me-enamore-vuelve-a-prime-video\/","name":"El verano en que me enamor\u00e9 vuelve a Prime Video","isPartOf":{"@id":"http:\/\/unaymilletras.com\/#website"},"primaryImageOfPage":{"@id":"https:\/\/unaymilletras.com\/el-verano-en-que-me-enamore-vuelve-a-prime-video\/#primaryimage"},"image":{"@id":"https:\/\/unaymilletras.com\/el-verano-en-que-me-enamore-vuelve-a-prime-video\/#primaryimage"},"thumbnailUrl":"https:\/\/unaymilletras.com\/wp-content\/uploads\/2025\/03\/Teaser-poster-T3-e1742049955108.jpg","datePublished":"2025-03-18T15:00:00+00:00","dateModified":"2025-08-09T10:02:17+00:00","description":"Prime Video ha confirmado que la tercera y \u00faltima temporada de la exitosa serie El verano en que me enamor\u00e9 se estrenar\u00e1 este julio.","breadcrumb":{"@id":"https:\/\/unaymilletras.com\/el-verano-en-que-me-enamore-vuelve-a-prime-video\/#breadcrumb"},"inLanguage":"en-GB","potentialAction":[{"@type":"ReadAction","target":["https:\/\/unaymilletras.com\/el-verano-en-que-me-enamore-vuelve-a-prime-video\/"]}]},{"@type":"ImageObject","inLanguage":"en-GB","@id":"https:\/\/unaymilletras.com\/el-verano-en-que-me-enamore-vuelve-a-prime-video\/#primaryimage","url":"https:\/\/unaymilletras.com\/wp-content\/uploads\/2025\/03\/Teaser-poster-T3-e1742049955108.jpg","contentUrl":"https:\/\/unaymilletras.com\/wp-content\/uploads\/2025\/03\/Teaser-poster-T3-e1742049955108.jpg","width":600,"height":750,"caption":"Teaser p\u00f3ster T3"},{"@type":"BreadcrumbList","@id":"https:\/\/unaymilletras.com\/el-verano-en-que-me-enamore-vuelve-a-prime-video\/#breadcrumb","itemListElement":[{"@type":"ListItem","position":1,"name":"Home","item":"http:\/\/unaymilletras.com\/"},{"@type":"ListItem","position":2,"name":"El verano en que me enamor\u00e9 vuelve (por \u00faltima vez) a Prime Video"}]},{"@type":"WebSite","@id":"http:\/\/unaymilletras.com\/#website","url":"http:\/\/unaymilletras.com\/","name":"Una y Mil Letras","description":"","publisher":{"@id":"http:\/\/unaymilletras.com\/#organization"},"potentialAction":[{"@type":"SearchAction","target":{"@type":"EntryPoint","urlTemplate":"http:\/\/unaymilletras.com\/?s={search_term_string}"},"query-input":{"@type":"PropertyValueSpecification","valueRequired":true,"valueName":"search_term_string"}}],"inLanguage":"en-GB"},{"@type":"Organization","@id":"http:\/\/unaymilletras.com\/#organization","name":"Una y Mil Letras","url":"http:\/\/unaymilletras.com\/","logo":{"@type":"ImageObject","inLanguage":"en-GB","@id":"http:\/\/unaymilletras.com\/#\/schema\/logo\/image\/","url":"https:\/\/unaymilletras.com\/wp-content\/uploads\/2024\/06\/cropped-Logo-removebg-preview.png","contentUrl":"https:\/\/unaymilletras.com\/wp-content\/uploads\/2024\/06\/cropped-Logo-removebg-preview.png","width":512,"height":512,"caption":"Una y Mil Letras"},"image":{"@id":"http:\/\/unaymilletras.com\/#\/schema\/logo\/image\/"},"sameAs":["https:\/\/x.com\/UnaYMilLetras","https:\/\/instagram.com\/UnaYMilLetras"]},{"@type":"Person","@id":"http:\/\/unaymilletras.com\/#\/schema\/person\/90f1e88e4c10951a79965c8106280f0a","name":"Victoria Hern\u00e1ndez","image":{"@type":"ImageObject","inLanguage":"en-GB","@id":"https:\/\/secure.gravatar.com\/avatar\/4a6a914c964cf29cc45dd00ef5c74e847f221f6a1039c94b8aa244949baeeda4?s=96&d=mm&r=g","url":"https:\/\/secure.gravatar.com\/avatar\/4a6a914c964cf29cc45dd00ef5c74e847f221f6a1039c94b8aa244949baeeda4?s=96&d=mm&r=g","contentUrl":"https:\/\/secure.gravatar.com\/avatar\/4a6a914c964cf29cc45dd00ef5c74e847f221f6a1039c94b8aa244949baeeda4?s=96&d=mm&r=g","caption":"Victoria Hern\u00e1ndez"},"url":"https:\/\/unaymilletras.com\/en\/author\/victoriahernandez\/"}]}},"_links":{"self":[{"href":"https:\/\/unaymilletras.com\/en\/wp-json\/wp\/v2\/posts\/3990","targetHints":{"allow":["GET"]}}],"collection":[{"href":"https:\/\/unaymilletras.com\/en\/wp-json\/wp\/v2\/posts"}],"about":[{"href":"https:\/\/unaymilletras.com\/en\/wp-json\/wp\/v2\/types\/post"}],"author":[{"embeddable":true,"href":"https:\/\/unaymilletras.com\/en\/wp-json\/wp\/v2\/users\/9"}],"replies":[{"embeddable":true,"href":"https:\/\/unaymilletras.com\/en\/wp-json\/wp\/v2\/comments?post=3990"}],"version-history":[{"count":7,"href":"https:\/\/unaymilletras.com\/en\/wp-json\/wp\/v2\/posts\/3990\/revisions"}],"predecessor-version":[{"id":4023,"href":"https:\/\/unaymilletras.com\/en\/wp-json\/wp\/v2\/posts\/3990\/revisions\/4023"}],"wp:featuredmedia":[{"embeddable":true,"href":"https:\/\/unaymilletras.com\/en\/wp-json\/wp\/v2\/media\/3991"}],"wp:attachment":[{"href":"https:\/\/unaymilletras.com\/en\/wp-json\/wp\/v2\/media?parent=3990"}],"wp:term":[{"taxonomy":"category","embeddable":true,"href":"https:\/\/unaymilletras.com\/en\/wp-json\/wp\/v2\/categories?post=3990"},{"taxonomy":"post_tag","embeddable":true,"href":"https:\/\/unaymilletras.com\/en\/wp-json\/wp\/v2\/tags?post=3990"}],"curies":[{"name":"wp","href":"https:\/\/api.w.org\/{rel}","templated":true}]}}