{"id":4000,"date":"2025-03-16T17:17:33","date_gmt":"2025-03-16T16:17:33","guid":{"rendered":"https:\/\/unaymilletras.com\/?p=4000"},"modified":"2025-03-16T17:24:23","modified_gmt":"2025-03-16T16:24:23","slug":"cadena-100-solidarios-emociona-madrid-con-musica-y-compromiso-social","status":"publish","type":"post","link":"https:\/\/unaymilletras.com\/en\/cadena-100-solidarios-emociona-madrid-con-musica-y-compromiso-social\/","title":{"rendered":"\u00abCADENA 100: SOLIDARIOS\u00bb emociona Madrid con m\u00fasica y compromiso social"},"content":{"rendered":"<div data-elementor-type=\"wp-post\" data-elementor-id=\"4000\" class=\"elementor elementor-4000\">\n\t\t\t\t\t\t<section class=\"elementor-section elementor-top-section elementor-element elementor-element-64cb6da elementor-section-boxed elementor-section-height-default elementor-section-height-default\" data-id=\"64cb6da\" data-element_type=\"section\" data-e-type=\"section\">\n\t\t\t\t\t\t<div class=\"elementor-container elementor-column-gap-default\">\n\t\t\t\t\t<div class=\"elementor-column elementor-col-100 elementor-top-column elementor-element elementor-element-8e44246\" data-id=\"8e44246\" data-element_type=\"column\" data-e-type=\"column\">\n\t\t\t<div class=\"elementor-widget-wrap elementor-element-populated\">\n\t\t\t\t\t\t<div class=\"elementor-element elementor-element-9de628e elementor-widget elementor-widget-text-editor\" data-id=\"9de628e\" data-element_type=\"widget\" data-e-type=\"widget\" data-widget_type=\"text-editor.default\">\n\t\t\t\t<div class=\"elementor-widget-container\">\n\t\t\t\t\t\t\t\t\t<h2 style=\"text-align: center;\"><span style=\"color: #808080;\"><em>Manuel Carrasco, Amaral, Antonio Orozco, Vanesa Mart\u00edn y m\u00e1s se unen en Cadena 100 Solidarios para cambiar la vida de miles de ni\u00f1os en Camboya\u00a0<\/em><\/span><\/h2>\t\t\t\t\t\t\t\t<\/div>\n\t\t\t\t<\/div>\n\t\t\t\t\t<\/div>\n\t\t<\/div>\n\t\t\t\t\t<\/div>\n\t\t<\/section>\n\t\t\t\t<section class=\"elementor-section elementor-top-section elementor-element elementor-element-eacfcca elementor-section-boxed elementor-section-height-default elementor-section-height-default\" data-id=\"eacfcca\" data-element_type=\"section\" data-e-type=\"section\">\n\t\t\t\t\t\t<div class=\"elementor-container elementor-column-gap-default\">\n\t\t\t\t\t<div class=\"elementor-column elementor-col-100 elementor-top-column elementor-element elementor-element-6b6773b\" data-id=\"6b6773b\" data-element_type=\"column\" data-e-type=\"column\">\n\t\t\t<div class=\"elementor-widget-wrap elementor-element-populated\">\n\t\t\t\t\t\t<div class=\"elementor-element elementor-element-cc322f2 elementor-widget elementor-widget-text-editor\" data-id=\"cc322f2\" data-element_type=\"widget\" data-e-type=\"widget\" data-widget_type=\"text-editor.default\">\n\t\t\t\t<div class=\"elementor-widget-container\">\n\t\t\t\t\t\t\t\t\t<p data-start=\"229\" data-end=\"485\">El <strong data-start=\"232\" data-end=\"260\">Movistar Arena de Madrid<\/strong> vibr\u00f3 con <strong data-start=\"271\" data-end=\"299\">\u00abCADENA 100: SOLIDARIOS\u00bb<\/strong>, un evento que reuni\u00f3 a algunos de los artistas m\u00e1s importantes del panorama musical espa\u00f1ol con un objetivo claro: <strong data-start=\"416\" data-end=\"482\">ayudar a 2.995 ni\u00f1os en situaci\u00f3n de vulnerabilidad en Camboya<\/strong>.<\/p>\t\t\t\t\t\t\t\t<\/div>\n\t\t\t\t<\/div>\n\t\t\t\t\t<\/div>\n\t\t<\/div>\n\t\t\t\t\t<\/div>\n\t\t<\/section>\n\t\t\t\t<section class=\"elementor-section elementor-top-section elementor-element elementor-element-7969150 elementor-section-boxed elementor-section-height-default elementor-section-height-default\" data-id=\"7969150\" data-element_type=\"section\" data-e-type=\"section\">\n\t\t\t\t\t\t<div class=\"elementor-container elementor-column-gap-default\">\n\t\t\t\t\t<div class=\"elementor-column elementor-col-100 elementor-top-column elementor-element elementor-element-c66292e\" data-id=\"c66292e\" data-element_type=\"column\" data-e-type=\"column\">\n\t\t\t<div class=\"elementor-widget-wrap elementor-element-populated\">\n\t\t\t\t\t\t<div class=\"elementor-element elementor-element-c6e59e4 elementor-widget elementor-widget-image\" data-id=\"c6e59e4\" data-element_type=\"widget\" data-e-type=\"widget\" data-widget_type=\"image.default\">\n\t\t\t\t<div class=\"elementor-widget-container\">\n\t\t\t\t\t\t\t\t\t\t\t\t\t\t\t<img fetchpriority=\"high\" decoding=\"async\" width=\"640\" height=\"427\" src=\"https:\/\/unaymilletras.com\/wp-content\/uploads\/2025\/03\/Cadena-100_Solidarios_-350-1024x683.jpg\" class=\"attachment-large size-large wp-image-4002\" alt=\"Cadena 100 Solidarios\" srcset=\"https:\/\/unaymilletras.com\/wp-content\/uploads\/2025\/03\/Cadena-100_Solidarios_-350-1024x683.jpg 1024w, https:\/\/unaymilletras.com\/wp-content\/uploads\/2025\/03\/Cadena-100_Solidarios_-350-300x200.jpg 300w, https:\/\/unaymilletras.com\/wp-content\/uploads\/2025\/03\/Cadena-100_Solidarios_-350-768x512.jpg 768w, https:\/\/unaymilletras.com\/wp-content\/uploads\/2025\/03\/Cadena-100_Solidarios_-350-1536x1024.jpg 1536w, https:\/\/unaymilletras.com\/wp-content\/uploads\/2025\/03\/Cadena-100_Solidarios_-350-2048x1365.jpg 2048w, https:\/\/unaymilletras.com\/wp-content\/uploads\/2025\/03\/Cadena-100_Solidarios_-350-18x12.jpg 18w, https:\/\/unaymilletras.com\/wp-content\/uploads\/2025\/03\/Cadena-100_Solidarios_-350-scaled-e1742142043920.jpg 600w\" sizes=\"(max-width: 640px) 100vw, 640px\" \/>\t\t\t\t\t\t\t\t\t\t\t\t\t\t\t<\/div>\n\t\t\t\t<\/div>\n\t\t\t\t\t<\/div>\n\t\t<\/div>\n\t\t\t\t\t<\/div>\n\t\t<\/section>\n\t\t\t\t<section class=\"elementor-section elementor-top-section elementor-element elementor-element-af2f94b elementor-section-boxed elementor-section-height-default elementor-section-height-default\" data-id=\"af2f94b\" data-element_type=\"section\" data-e-type=\"section\">\n\t\t\t\t\t\t<div class=\"elementor-container elementor-column-gap-default\">\n\t\t\t\t\t<div class=\"elementor-column elementor-col-100 elementor-top-column elementor-element elementor-element-39ef53b\" data-id=\"39ef53b\" data-element_type=\"column\" data-e-type=\"column\">\n\t\t\t<div class=\"elementor-widget-wrap elementor-element-populated\">\n\t\t\t\t\t\t<div class=\"elementor-element elementor-element-5e161c1 elementor-widget elementor-widget-text-editor\" data-id=\"5e161c1\" data-element_type=\"widget\" data-e-type=\"widget\" data-widget_type=\"text-editor.default\">\n\t\t\t\t<div class=\"elementor-widget-container\">\n\t\t\t\t\t\t\t\t\t<p data-start=\"487\" data-end=\"822\">La noche comenz\u00f3 con un espect\u00e1culo impactante cuando <strong data-start=\"541\" data-end=\"551\">Edurne<\/strong> descendi\u00f3 desde <strong data-start=\"568\" data-end=\"591\">25 metros de altura<\/strong> para interpretar <em><strong data-start=\"609\" data-end=\"621\">M\u00edrame<\/strong><\/em>, dejando sin aliento al p\u00fablico. Tras ella, <strong data-start=\"666\" data-end=\"681\">David Otero<\/strong> llev\u00f3 su energ\u00eda caracter\u00edstica, repasando su carrera con canciones como <strong data-start=\"755\" data-end=\"783\"><em>Cuando no queden ganas<\/em><\/strong>\u00a0y cl\u00e1sicos de <strong data-start=\"798\" data-end=\"819\">El Canto del Loco<\/strong>.<\/p><p data-start=\"824\" data-end=\"1079\">El joven <strong data-start=\"833\" data-end=\"842\">Depol<\/strong> continu\u00f3 con temas como <em><strong data-start=\"867\" data-end=\"884\">Te confieso<\/strong><\/em> y <strong data-start=\"887\" data-end=\"898\"><em>Ibiza<\/em><\/strong>, mientras que <strong data-start=\"913\" data-end=\"922\">Beret<\/strong> emocion\u00f3 con <em><strong data-start=\"936\" data-end=\"957\">Si por mi fuera<\/strong><\/em> y su ic\u00f3nico <strong data-start=\"971\" data-end=\"986\"><em>Lo siento<\/em><\/strong>. <strong data-start=\"988\" data-end=\"1005\">Vanesa Mart\u00edn<\/strong> no se qued\u00f3 atr\u00e1s y puso la piel de gallina con <strong data-start=\"1054\" data-end=\"1076\"><em>Objetos perdidos<\/em><\/strong>.<\/p>\t\t\t\t\t\t\t\t<\/div>\n\t\t\t\t<\/div>\n\t\t\t\t\t<\/div>\n\t\t<\/div>\n\t\t\t\t\t<\/div>\n\t\t<\/section>\n\t\t\t\t<section class=\"elementor-section elementor-top-section elementor-element elementor-element-4d061af elementor-section-boxed elementor-section-height-default elementor-section-height-default\" data-id=\"4d061af\" data-element_type=\"section\" data-e-type=\"section\">\n\t\t\t\t\t\t<div class=\"elementor-container elementor-column-gap-default\">\n\t\t\t\t\t<div class=\"elementor-column elementor-col-100 elementor-top-column elementor-element elementor-element-082aea3\" data-id=\"082aea3\" data-element_type=\"column\" data-e-type=\"column\">\n\t\t\t<div class=\"elementor-widget-wrap elementor-element-populated\">\n\t\t\t\t\t\t<div class=\"elementor-element elementor-element-d1ddb66 elementor-widget elementor-widget-image\" data-id=\"d1ddb66\" data-element_type=\"widget\" data-e-type=\"widget\" data-widget_type=\"image.default\">\n\t\t\t\t<div class=\"elementor-widget-container\">\n\t\t\t\t\t\t\t\t\t\t\t\t\t\t\t<img decoding=\"async\" width=\"640\" height=\"427\" src=\"https:\/\/unaymilletras.com\/wp-content\/uploads\/2025\/03\/Cadena-100_Solidarios_-139-1024x683.jpg\" class=\"attachment-large size-large wp-image-4003\" alt=\"Cadena 100 Solidarios\" srcset=\"https:\/\/unaymilletras.com\/wp-content\/uploads\/2025\/03\/Cadena-100_Solidarios_-139-1024x683.jpg 1024w, https:\/\/unaymilletras.com\/wp-content\/uploads\/2025\/03\/Cadena-100_Solidarios_-139-300x200.jpg 300w, https:\/\/unaymilletras.com\/wp-content\/uploads\/2025\/03\/Cadena-100_Solidarios_-139-768x512.jpg 768w, https:\/\/unaymilletras.com\/wp-content\/uploads\/2025\/03\/Cadena-100_Solidarios_-139-1536x1024.jpg 1536w, https:\/\/unaymilletras.com\/wp-content\/uploads\/2025\/03\/Cadena-100_Solidarios_-139-2048x1365.jpg 2048w, https:\/\/unaymilletras.com\/wp-content\/uploads\/2025\/03\/Cadena-100_Solidarios_-139-18x12.jpg 18w\" sizes=\"(max-width: 640px) 100vw, 640px\" \/>\t\t\t\t\t\t\t\t\t\t\t\t\t\t\t<\/div>\n\t\t\t\t<\/div>\n\t\t\t\t\t<\/div>\n\t\t<\/div>\n\t\t\t\t\t<\/div>\n\t\t<\/section>\n\t\t\t\t<section class=\"elementor-section elementor-top-section elementor-element elementor-element-b799d31 elementor-section-boxed elementor-section-height-default elementor-section-height-default\" data-id=\"b799d31\" data-element_type=\"section\" data-e-type=\"section\">\n\t\t\t\t\t\t<div class=\"elementor-container elementor-column-gap-default\">\n\t\t\t\t\t<div class=\"elementor-column elementor-col-100 elementor-top-column elementor-element elementor-element-91aa25e\" data-id=\"91aa25e\" data-element_type=\"column\" data-e-type=\"column\">\n\t\t\t<div class=\"elementor-widget-wrap elementor-element-populated\">\n\t\t\t\t\t\t<div class=\"elementor-element elementor-element-9a857bf elementor-widget elementor-widget-text-editor\" data-id=\"9a857bf\" data-element_type=\"widget\" data-e-type=\"widget\" data-widget_type=\"text-editor.default\">\n\t\t\t\t<div class=\"elementor-widget-container\">\n\t\t\t\t\t\t\t\t\t<p data-start=\"1081\" data-end=\"1349\">El d\u00fao zaragozano <strong data-start=\"1099\" data-end=\"1109\">Amaral<\/strong> hizo temblar el recinto con <strong data-start=\"1138\" data-end=\"1164\"><i>El universo sobre m\u00ed<\/i><\/strong>\u00a0y su reciente \u00e9xito <strong data-start=\"1185\" data-end=\"1201\"><em>Dolce Vita<\/em><\/strong>, mientras que <strong data-start=\"1216\" data-end=\"1231\">Pablo L\u00f3pez<\/strong>, al piano, protagoniz\u00f3 uno de los momentos m\u00e1s emotivos cuando <strong data-start=\"1295\" data-end=\"1346\">11.000 personas cantaron a capella <em>Tu enemigo<\/em><\/strong>.<\/p><p data-start=\"1351\" data-end=\"1578\">El regreso de <strong data-start=\"1365\" data-end=\"1383\">Antonio Orozco<\/strong> a los escenarios fue uno de los puntos culminantes de la noche. Su interpretaci\u00f3n de <strong data-start=\"1469\" data-end=\"1505\"><i>Estoy hecho de pedacitos de ti<\/i><\/strong>\u00a0estuvo cargada de emoci\u00f3n, con el p\u00fablico acompa\u00f1\u00e1ndolo en cada verso.<\/p><p data-start=\"1580\" data-end=\"1893\">Finalmente, el cierre del concierto qued\u00f3 en manos de <strong data-start=\"1634\" data-end=\"1653\">Manuel Carrasco<\/strong>, quien, con <strong data-start=\"1666\" data-end=\"1686\"><i>Pueblo Salvaje<\/i><\/strong>, prepar\u00f3 el terreno para un final apote\u00f3sico. La noche termin\u00f3 con <strong data-start=\"1754\" data-end=\"1780\"><i>Que bonito es querer<\/i><\/strong>, uniendo su voz a la de los <strong data-start=\"1809\" data-end=\"1830\">11.000 asistentes<\/strong>, en una imagen que resumi\u00f3 el esp\u00edritu solidario del evento.<\/p><h3 data-start=\"1895\" data-end=\"1938\"><strong data-start=\"1899\" data-end=\"1936\">Un concierto con un fin solidario<\/strong><\/h3><p data-start=\"1940\" data-end=\"2356\">M\u00e1s all\u00e1 de la m\u00fasica, <strong data-start=\"1963\" data-end=\"1991\">\u00abCADENA 100: SOLIDARIOS\u00bb<\/strong> tuvo un prop\u00f3sito social clave: <strong data-start=\"2024\" data-end=\"2083\">apoyar a ni\u00f1os v\u00edctimas o en riesgo de trata en Camboya<\/strong>, en colaboraci\u00f3n con la ONG <strong data-start=\"2112\" data-end=\"2142\">Damnok Toek y Manos Unidas<\/strong>. En la ciudad fronteriza de <strong data-start=\"2171\" data-end=\"2181\">Poipet<\/strong>, la crisis econ\u00f3mica y la falta de oportunidades han llevado a muchas familias a situaciones extremas, aumentando la explotaci\u00f3n infantil y la migraci\u00f3n ilegal a Tailandia.<\/p><p data-start=\"2358\" data-end=\"2542\">Gracias a este concierto, miles de ni\u00f1os recibir\u00e1n atenci\u00f3n en <strong data-start=\"2421\" data-end=\"2480\">centros de acogida, educaci\u00f3n y programas de protecci\u00f3n<\/strong>, ayudando a combatir el analfabetismo y la pobreza extrema.<\/p><p data-start=\"2544\" data-end=\"2728\" data-is-last-node=\"\" data-is-only-node=\"\">Desde <strong data-start=\"2550\" data-end=\"2558\">2009<\/strong>, <strong data-start=\"2560\" data-end=\"2574\">CADENA 100<\/strong> refuerza su compromiso con Manos Unidas a trav\u00e9s de este evento solidario, que cada a\u00f1o agota sus entradas y demuestra que la m\u00fasica puede cambiar vidas.<\/p>\t\t\t\t\t\t\t\t<\/div>\n\t\t\t\t<\/div>\n\t\t\t\t\t<\/div>\n\t\t<\/div>\n\t\t\t\t\t<\/div>\n\t\t<\/section>\n\t\t\t\t<\/div>","protected":false},"excerpt":{"rendered":"<p>Manuel Carrasco, Amaral, Antonio Orozco, Vanesa Mart\u00edn y m\u00e1s se unen en Cadena 100 Solidarios para cambiar la vida de miles de ni\u00f1os en Camboya\u00a0 El Movistar Arena de Madrid vibr\u00f3 con \u00abCADENA 100: SOLIDARIOS\u00bb, un evento que reuni\u00f3 a algunos de los artistas m\u00e1s importantes del panorama musical espa\u00f1ol con un objetivo claro: ayudar [&hellip;]<\/p>\n","protected":false},"author":6,"featured_media":4002,"comment_status":"closed","ping_status":"closed","sticky":false,"template":"","format":"standard","meta":{"footnotes":""},"categories":[4],"tags":[],"class_list":["post-4000","post","type-post","status-publish","format-standard","has-post-thumbnail","hentry","category-musica"],"yoast_head":"<!-- This site is optimized with the Yoast SEO plugin v27.4 - https:\/\/yoast.com\/product\/yoast-seo-wordpress\/ -->\n<title>&quot;CADENA 100: SOLIDARIOS&quot; emociona Madrid con m\u00fasica y compromiso social<\/title>\n<meta name=\"description\" content=\"Manuel Carrasco, Amaral, Antonio Orozco, Vanesa Mart\u00edn y m\u00e1s se unen en Cadena 100 Solidarios para cambiar la vida de miles de ni\u00f1os\" \/>\n<meta name=\"robots\" content=\"index, follow, max-snippet:-1, max-image-preview:large, max-video-preview:-1\" \/>\n<link rel=\"canonical\" href=\"https:\/\/unaymilletras.com\/en\/cadena-100-solidarios-emociona-madrid-con-musica-y-compromiso-social\/\" \/>\n<meta property=\"og:locale\" content=\"en_GB\" \/>\n<meta property=\"og:type\" content=\"article\" \/>\n<meta property=\"og:title\" content=\"&quot;CADENA 100: SOLIDARIOS&quot; emociona Madrid con m\u00fasica y compromiso social\" \/>\n<meta property=\"og:description\" content=\"Manuel Carrasco, Amaral, Antonio Orozco, Vanesa Mart\u00edn y m\u00e1s se unen en Cadena 100 Solidarios para cambiar la vida de miles de ni\u00f1os\" \/>\n<meta property=\"og:url\" content=\"https:\/\/unaymilletras.com\/en\/cadena-100-solidarios-emociona-madrid-con-musica-y-compromiso-social\/\" \/>\n<meta property=\"og:site_name\" content=\"Una y Mil Letras\" \/>\n<meta property=\"article:published_time\" content=\"2025-03-16T16:17:33+00:00\" \/>\n<meta property=\"article:modified_time\" content=\"2025-03-16T16:24:23+00:00\" \/>\n<meta property=\"og:image\" content=\"http:\/\/unaymilletras.com\/wp-content\/uploads\/2025\/03\/Cadena-100_Solidarios_-350-scaled-e1742142043920.jpg\" \/>\n\t<meta property=\"og:image:width\" content=\"600\" \/>\n\t<meta property=\"og:image:height\" content=\"400\" \/>\n\t<meta property=\"og:image:type\" content=\"image\/jpeg\" \/>\n<meta name=\"author\" content=\"Redacci\u00f3n\" \/>\n<meta name=\"twitter:card\" content=\"summary_large_image\" \/>\n<meta name=\"twitter:creator\" content=\"@UnaYMilLetras\" \/>\n<meta name=\"twitter:site\" content=\"@UnaYMilLetras\" \/>\n<meta name=\"twitter:label1\" content=\"Written by\" \/>\n\t<meta name=\"twitter:data1\" content=\"Redacci\u00f3n\" \/>\n\t<meta name=\"twitter:label2\" content=\"Estimated reading time\" \/>\n\t<meta name=\"twitter:data2\" content=\"3 minutes\" \/>\n<script type=\"application\/ld+json\" class=\"yoast-schema-graph\">{\"@context\":\"https:\\\/\\\/schema.org\",\"@graph\":[{\"@type\":\"Article\",\"@id\":\"https:\\\/\\\/unaymilletras.com\\\/cadena-100-solidarios-emociona-madrid-con-musica-y-compromiso-social\\\/#article\",\"isPartOf\":{\"@id\":\"https:\\\/\\\/unaymilletras.com\\\/cadena-100-solidarios-emociona-madrid-con-musica-y-compromiso-social\\\/\"},\"author\":{\"name\":\"Redacci\u00f3n\",\"@id\":\"http:\\\/\\\/unaymilletras.com\\\/#\\\/schema\\\/person\\\/0860dc8a218329991ee2c7591f4f849d\"},\"headline\":\"\u00abCADENA 100: SOLIDARIOS\u00bb emociona Madrid con m\u00fasica y compromiso social\",\"datePublished\":\"2025-03-16T16:17:33+00:00\",\"dateModified\":\"2025-03-16T16:24:23+00:00\",\"mainEntityOfPage\":{\"@id\":\"https:\\\/\\\/unaymilletras.com\\\/cadena-100-solidarios-emociona-madrid-con-musica-y-compromiso-social\\\/\"},\"wordCount\":450,\"publisher\":{\"@id\":\"http:\\\/\\\/unaymilletras.com\\\/#organization\"},\"image\":{\"@id\":\"https:\\\/\\\/unaymilletras.com\\\/cadena-100-solidarios-emociona-madrid-con-musica-y-compromiso-social\\\/#primaryimage\"},\"thumbnailUrl\":\"https:\\\/\\\/unaymilletras.com\\\/wp-content\\\/uploads\\\/2025\\\/03\\\/Cadena-100_Solidarios_-350-scaled-e1742142043920.jpg\",\"articleSection\":[\"M\u00fasica\"],\"inLanguage\":\"en-GB\"},{\"@type\":\"WebPage\",\"@id\":\"https:\\\/\\\/unaymilletras.com\\\/cadena-100-solidarios-emociona-madrid-con-musica-y-compromiso-social\\\/\",\"url\":\"https:\\\/\\\/unaymilletras.com\\\/cadena-100-solidarios-emociona-madrid-con-musica-y-compromiso-social\\\/\",\"name\":\"\\\"CADENA 100: SOLIDARIOS\\\" emociona Madrid con m\u00fasica y compromiso social\",\"isPartOf\":{\"@id\":\"http:\\\/\\\/unaymilletras.com\\\/#website\"},\"primaryImageOfPage\":{\"@id\":\"https:\\\/\\\/unaymilletras.com\\\/cadena-100-solidarios-emociona-madrid-con-musica-y-compromiso-social\\\/#primaryimage\"},\"image\":{\"@id\":\"https:\\\/\\\/unaymilletras.com\\\/cadena-100-solidarios-emociona-madrid-con-musica-y-compromiso-social\\\/#primaryimage\"},\"thumbnailUrl\":\"https:\\\/\\\/unaymilletras.com\\\/wp-content\\\/uploads\\\/2025\\\/03\\\/Cadena-100_Solidarios_-350-scaled-e1742142043920.jpg\",\"datePublished\":\"2025-03-16T16:17:33+00:00\",\"dateModified\":\"2025-03-16T16:24:23+00:00\",\"description\":\"Manuel Carrasco, Amaral, Antonio Orozco, Vanesa Mart\u00edn y m\u00e1s se unen en Cadena 100 Solidarios para cambiar la vida de miles de ni\u00f1os\",\"breadcrumb\":{\"@id\":\"https:\\\/\\\/unaymilletras.com\\\/cadena-100-solidarios-emociona-madrid-con-musica-y-compromiso-social\\\/#breadcrumb\"},\"inLanguage\":\"en-GB\",\"potentialAction\":[{\"@type\":\"ReadAction\",\"target\":[\"https:\\\/\\\/unaymilletras.com\\\/cadena-100-solidarios-emociona-madrid-con-musica-y-compromiso-social\\\/\"]}]},{\"@type\":\"ImageObject\",\"inLanguage\":\"en-GB\",\"@id\":\"https:\\\/\\\/unaymilletras.com\\\/cadena-100-solidarios-emociona-madrid-con-musica-y-compromiso-social\\\/#primaryimage\",\"url\":\"https:\\\/\\\/unaymilletras.com\\\/wp-content\\\/uploads\\\/2025\\\/03\\\/Cadena-100_Solidarios_-350-scaled-e1742142043920.jpg\",\"contentUrl\":\"https:\\\/\\\/unaymilletras.com\\\/wp-content\\\/uploads\\\/2025\\\/03\\\/Cadena-100_Solidarios_-350-scaled-e1742142043920.jpg\",\"width\":600,\"height\":400,\"caption\":\"Cadena 100 Solidarios\"},{\"@type\":\"BreadcrumbList\",\"@id\":\"https:\\\/\\\/unaymilletras.com\\\/cadena-100-solidarios-emociona-madrid-con-musica-y-compromiso-social\\\/#breadcrumb\",\"itemListElement\":[{\"@type\":\"ListItem\",\"position\":1,\"name\":\"Home\",\"item\":\"http:\\\/\\\/unaymilletras.com\\\/\"},{\"@type\":\"ListItem\",\"position\":2,\"name\":\"\u00abCADENA 100: SOLIDARIOS\u00bb emociona Madrid con m\u00fasica y compromiso social\"}]},{\"@type\":\"WebSite\",\"@id\":\"http:\\\/\\\/unaymilletras.com\\\/#website\",\"url\":\"http:\\\/\\\/unaymilletras.com\\\/\",\"name\":\"Una y Mil Letras\",\"description\":\"\",\"publisher\":{\"@id\":\"http:\\\/\\\/unaymilletras.com\\\/#organization\"},\"potentialAction\":[{\"@type\":\"SearchAction\",\"target\":{\"@type\":\"EntryPoint\",\"urlTemplate\":\"http:\\\/\\\/unaymilletras.com\\\/?s={search_term_string}\"},\"query-input\":{\"@type\":\"PropertyValueSpecification\",\"valueRequired\":true,\"valueName\":\"search_term_string\"}}],\"inLanguage\":\"en-GB\"},{\"@type\":\"Organization\",\"@id\":\"http:\\\/\\\/unaymilletras.com\\\/#organization\",\"name\":\"Una y Mil Letras\",\"url\":\"http:\\\/\\\/unaymilletras.com\\\/\",\"logo\":{\"@type\":\"ImageObject\",\"inLanguage\":\"en-GB\",\"@id\":\"http:\\\/\\\/unaymilletras.com\\\/#\\\/schema\\\/logo\\\/image\\\/\",\"url\":\"https:\\\/\\\/unaymilletras.com\\\/wp-content\\\/uploads\\\/2024\\\/06\\\/cropped-Logo-removebg-preview.png\",\"contentUrl\":\"https:\\\/\\\/unaymilletras.com\\\/wp-content\\\/uploads\\\/2024\\\/06\\\/cropped-Logo-removebg-preview.png\",\"width\":512,\"height\":512,\"caption\":\"Una y Mil Letras\"},\"image\":{\"@id\":\"http:\\\/\\\/unaymilletras.com\\\/#\\\/schema\\\/logo\\\/image\\\/\"},\"sameAs\":[\"https:\\\/\\\/x.com\\\/UnaYMilLetras\",\"https:\\\/\\\/instagram.com\\\/UnaYMilLetras\"]},{\"@type\":\"Person\",\"@id\":\"http:\\\/\\\/unaymilletras.com\\\/#\\\/schema\\\/person\\\/0860dc8a218329991ee2c7591f4f849d\",\"name\":\"Redacci\u00f3n\",\"image\":{\"@type\":\"ImageObject\",\"inLanguage\":\"en-GB\",\"@id\":\"https:\\\/\\\/secure.gravatar.com\\\/avatar\\\/d8f55e05a8b6597e45c55a1dcbdbfe44f4a360d88b48e00de5216a79b7732796?s=96&d=mm&r=g\",\"url\":\"https:\\\/\\\/secure.gravatar.com\\\/avatar\\\/d8f55e05a8b6597e45c55a1dcbdbfe44f4a360d88b48e00de5216a79b7732796?s=96&d=mm&r=g\",\"contentUrl\":\"https:\\\/\\\/secure.gravatar.com\\\/avatar\\\/d8f55e05a8b6597e45c55a1dcbdbfe44f4a360d88b48e00de5216a79b7732796?s=96&d=mm&r=g\",\"caption\":\"Redacci\u00f3n\"},\"url\":\"https:\\\/\\\/unaymilletras.com\\\/en\\\/author\\\/redaccion\\\/\"}]}<\/script>\n<!-- \/ Yoast SEO plugin. -->","yoast_head_json":{"title":"\"CADENA 100: SOLIDARIOS\" emociona Madrid con m\u00fasica y compromiso social","description":"Manuel Carrasco, Amaral, Antonio Orozco, Vanesa Mart\u00edn y m\u00e1s se unen en Cadena 100 Solidarios para cambiar la vida de miles de ni\u00f1os","robots":{"index":"index","follow":"follow","max-snippet":"max-snippet:-1","max-image-preview":"max-image-preview:large","max-video-preview":"max-video-preview:-1"},"canonical":"https:\/\/unaymilletras.com\/en\/cadena-100-solidarios-emociona-madrid-con-musica-y-compromiso-social\/","og_locale":"en_GB","og_type":"article","og_title":"\"CADENA 100: SOLIDARIOS\" emociona Madrid con m\u00fasica y compromiso social","og_description":"Manuel Carrasco, Amaral, Antonio Orozco, Vanesa Mart\u00edn y m\u00e1s se unen en Cadena 100 Solidarios para cambiar la vida de miles de ni\u00f1os","og_url":"https:\/\/unaymilletras.com\/en\/cadena-100-solidarios-emociona-madrid-con-musica-y-compromiso-social\/","og_site_name":"Una y Mil Letras","article_published_time":"2025-03-16T16:17:33+00:00","article_modified_time":"2025-03-16T16:24:23+00:00","og_image":[{"width":600,"height":400,"url":"http:\/\/unaymilletras.com\/wp-content\/uploads\/2025\/03\/Cadena-100_Solidarios_-350-scaled-e1742142043920.jpg","type":"image\/jpeg"}],"author":"Redacci\u00f3n","twitter_card":"summary_large_image","twitter_creator":"@UnaYMilLetras","twitter_site":"@UnaYMilLetras","twitter_misc":{"Written by":"Redacci\u00f3n","Estimated reading time":"3 minutes"},"schema":{"@context":"https:\/\/schema.org","@graph":[{"@type":"Article","@id":"https:\/\/unaymilletras.com\/cadena-100-solidarios-emociona-madrid-con-musica-y-compromiso-social\/#article","isPartOf":{"@id":"https:\/\/unaymilletras.com\/cadena-100-solidarios-emociona-madrid-con-musica-y-compromiso-social\/"},"author":{"name":"Redacci\u00f3n","@id":"http:\/\/unaymilletras.com\/#\/schema\/person\/0860dc8a218329991ee2c7591f4f849d"},"headline":"\u00abCADENA 100: SOLIDARIOS\u00bb emociona Madrid con m\u00fasica y compromiso social","datePublished":"2025-03-16T16:17:33+00:00","dateModified":"2025-03-16T16:24:23+00:00","mainEntityOfPage":{"@id":"https:\/\/unaymilletras.com\/cadena-100-solidarios-emociona-madrid-con-musica-y-compromiso-social\/"},"wordCount":450,"publisher":{"@id":"http:\/\/unaymilletras.com\/#organization"},"image":{"@id":"https:\/\/unaymilletras.com\/cadena-100-solidarios-emociona-madrid-con-musica-y-compromiso-social\/#primaryimage"},"thumbnailUrl":"https:\/\/unaymilletras.com\/wp-content\/uploads\/2025\/03\/Cadena-100_Solidarios_-350-scaled-e1742142043920.jpg","articleSection":["M\u00fasica"],"inLanguage":"en-GB"},{"@type":"WebPage","@id":"https:\/\/unaymilletras.com\/cadena-100-solidarios-emociona-madrid-con-musica-y-compromiso-social\/","url":"https:\/\/unaymilletras.com\/cadena-100-solidarios-emociona-madrid-con-musica-y-compromiso-social\/","name":"\"CADENA 100: SOLIDARIOS\" emociona Madrid con m\u00fasica y compromiso social","isPartOf":{"@id":"http:\/\/unaymilletras.com\/#website"},"primaryImageOfPage":{"@id":"https:\/\/unaymilletras.com\/cadena-100-solidarios-emociona-madrid-con-musica-y-compromiso-social\/#primaryimage"},"image":{"@id":"https:\/\/unaymilletras.com\/cadena-100-solidarios-emociona-madrid-con-musica-y-compromiso-social\/#primaryimage"},"thumbnailUrl":"https:\/\/unaymilletras.com\/wp-content\/uploads\/2025\/03\/Cadena-100_Solidarios_-350-scaled-e1742142043920.jpg","datePublished":"2025-03-16T16:17:33+00:00","dateModified":"2025-03-16T16:24:23+00:00","description":"Manuel Carrasco, Amaral, Antonio Orozco, Vanesa Mart\u00edn y m\u00e1s se unen en Cadena 100 Solidarios para cambiar la vida de miles de ni\u00f1os","breadcrumb":{"@id":"https:\/\/unaymilletras.com\/cadena-100-solidarios-emociona-madrid-con-musica-y-compromiso-social\/#breadcrumb"},"inLanguage":"en-GB","potentialAction":[{"@type":"ReadAction","target":["https:\/\/unaymilletras.com\/cadena-100-solidarios-emociona-madrid-con-musica-y-compromiso-social\/"]}]},{"@type":"ImageObject","inLanguage":"en-GB","@id":"https:\/\/unaymilletras.com\/cadena-100-solidarios-emociona-madrid-con-musica-y-compromiso-social\/#primaryimage","url":"https:\/\/unaymilletras.com\/wp-content\/uploads\/2025\/03\/Cadena-100_Solidarios_-350-scaled-e1742142043920.jpg","contentUrl":"https:\/\/unaymilletras.com\/wp-content\/uploads\/2025\/03\/Cadena-100_Solidarios_-350-scaled-e1742142043920.jpg","width":600,"height":400,"caption":"Cadena 100 Solidarios"},{"@type":"BreadcrumbList","@id":"https:\/\/unaymilletras.com\/cadena-100-solidarios-emociona-madrid-con-musica-y-compromiso-social\/#breadcrumb","itemListElement":[{"@type":"ListItem","position":1,"name":"Home","item":"http:\/\/unaymilletras.com\/"},{"@type":"ListItem","position":2,"name":"\u00abCADENA 100: SOLIDARIOS\u00bb emociona Madrid con m\u00fasica y compromiso social"}]},{"@type":"WebSite","@id":"http:\/\/unaymilletras.com\/#website","url":"http:\/\/unaymilletras.com\/","name":"Una y Mil Letras","description":"","publisher":{"@id":"http:\/\/unaymilletras.com\/#organization"},"potentialAction":[{"@type":"SearchAction","target":{"@type":"EntryPoint","urlTemplate":"http:\/\/unaymilletras.com\/?s={search_term_string}"},"query-input":{"@type":"PropertyValueSpecification","valueRequired":true,"valueName":"search_term_string"}}],"inLanguage":"en-GB"},{"@type":"Organization","@id":"http:\/\/unaymilletras.com\/#organization","name":"Una y Mil Letras","url":"http:\/\/unaymilletras.com\/","logo":{"@type":"ImageObject","inLanguage":"en-GB","@id":"http:\/\/unaymilletras.com\/#\/schema\/logo\/image\/","url":"https:\/\/unaymilletras.com\/wp-content\/uploads\/2024\/06\/cropped-Logo-removebg-preview.png","contentUrl":"https:\/\/unaymilletras.com\/wp-content\/uploads\/2024\/06\/cropped-Logo-removebg-preview.png","width":512,"height":512,"caption":"Una y Mil Letras"},"image":{"@id":"http:\/\/unaymilletras.com\/#\/schema\/logo\/image\/"},"sameAs":["https:\/\/x.com\/UnaYMilLetras","https:\/\/instagram.com\/UnaYMilLetras"]},{"@type":"Person","@id":"http:\/\/unaymilletras.com\/#\/schema\/person\/0860dc8a218329991ee2c7591f4f849d","name":"Redacci\u00f3n","image":{"@type":"ImageObject","inLanguage":"en-GB","@id":"https:\/\/secure.gravatar.com\/avatar\/d8f55e05a8b6597e45c55a1dcbdbfe44f4a360d88b48e00de5216a79b7732796?s=96&d=mm&r=g","url":"https:\/\/secure.gravatar.com\/avatar\/d8f55e05a8b6597e45c55a1dcbdbfe44f4a360d88b48e00de5216a79b7732796?s=96&d=mm&r=g","contentUrl":"https:\/\/secure.gravatar.com\/avatar\/d8f55e05a8b6597e45c55a1dcbdbfe44f4a360d88b48e00de5216a79b7732796?s=96&d=mm&r=g","caption":"Redacci\u00f3n"},"url":"https:\/\/unaymilletras.com\/en\/author\/redaccion\/"}]}},"_links":{"self":[{"href":"https:\/\/unaymilletras.com\/en\/wp-json\/wp\/v2\/posts\/4000","targetHints":{"allow":["GET"]}}],"collection":[{"href":"https:\/\/unaymilletras.com\/en\/wp-json\/wp\/v2\/posts"}],"about":[{"href":"https:\/\/unaymilletras.com\/en\/wp-json\/wp\/v2\/types\/post"}],"author":[{"embeddable":true,"href":"https:\/\/unaymilletras.com\/en\/wp-json\/wp\/v2\/users\/6"}],"replies":[{"embeddable":true,"href":"https:\/\/unaymilletras.com\/en\/wp-json\/wp\/v2\/comments?post=4000"}],"version-history":[{"count":7,"href":"https:\/\/unaymilletras.com\/en\/wp-json\/wp\/v2\/posts\/4000\/revisions"}],"predecessor-version":[{"id":4009,"href":"https:\/\/unaymilletras.com\/en\/wp-json\/wp\/v2\/posts\/4000\/revisions\/4009"}],"wp:featuredmedia":[{"embeddable":true,"href":"https:\/\/unaymilletras.com\/en\/wp-json\/wp\/v2\/media\/4002"}],"wp:attachment":[{"href":"https:\/\/unaymilletras.com\/en\/wp-json\/wp\/v2\/media?parent=4000"}],"wp:term":[{"taxonomy":"category","embeddable":true,"href":"https:\/\/unaymilletras.com\/en\/wp-json\/wp\/v2\/categories?post=4000"},{"taxonomy":"post_tag","embeddable":true,"href":"https:\/\/unaymilletras.com\/en\/wp-json\/wp\/v2\/tags?post=4000"}],"curies":[{"name":"wp","href":"https:\/\/api.w.org\/{rel}","templated":true}]}}