{"id":4033,"date":"2025-03-22T12:04:00","date_gmt":"2025-03-22T11:04:00","guid":{"rendered":"https:\/\/unaymilletras.com\/?p=4033"},"modified":"2025-03-20T11:05:19","modified_gmt":"2025-03-20T10:05:19","slug":"suzanne-collins-regresa-a-panem-con-amanecer-en-la-cosecha","status":"publish","type":"post","link":"https:\/\/unaymilletras.com\/en\/suzanne-collins-regresa-a-panem-con-amanecer-en-la-cosecha\/","title":{"rendered":"Suzanne Collins regresa a Panem con Amanecer en la cosecha"},"content":{"rendered":"<div data-elementor-type=\"wp-post\" data-elementor-id=\"4033\" class=\"elementor elementor-4033\">\n\t\t\t\t\t\t<section class=\"elementor-section elementor-top-section elementor-element elementor-element-b21bcdb elementor-section-boxed elementor-section-height-default elementor-section-height-default\" data-id=\"b21bcdb\" data-element_type=\"section\" data-e-type=\"section\">\n\t\t\t\t\t\t<div class=\"elementor-container elementor-column-gap-default\">\n\t\t\t\t\t<div class=\"elementor-column elementor-col-100 elementor-top-column elementor-element elementor-element-2c8c50b\" data-id=\"2c8c50b\" data-element_type=\"column\" data-e-type=\"column\">\n\t\t\t<div class=\"elementor-widget-wrap elementor-element-populated\">\n\t\t\t\t\t\t<div class=\"elementor-element elementor-element-e874e38 elementor-widget elementor-widget-text-editor\" data-id=\"e874e38\" data-element_type=\"widget\" data-e-type=\"widget\" data-widget_type=\"text-editor.default\">\n\t\t\t\t<div class=\"elementor-widget-container\">\n\t\t\t\t\t\t\t\t\t<h2 style=\"text-align: center;\"><span style=\"color: #808080;\"><em>Suzanne Collins vuelve con una nueva precuela de\u00a0Los Juegos del Hambre<\/em><\/span><\/h2>\t\t\t\t\t\t\t\t<\/div>\n\t\t\t\t<\/div>\n\t\t\t\t\t<\/div>\n\t\t<\/div>\n\t\t\t\t\t<\/div>\n\t\t<\/section>\n\t\t\t\t<section class=\"elementor-section elementor-top-section elementor-element elementor-element-118895c1 elementor-section-boxed elementor-section-height-default elementor-section-height-default\" data-id=\"118895c1\" data-element_type=\"section\" data-e-type=\"section\">\n\t\t\t\t\t\t<div class=\"elementor-container elementor-column-gap-default\">\n\t\t\t\t\t<div class=\"elementor-column elementor-col-100 elementor-top-column elementor-element elementor-element-737fd0fc\" data-id=\"737fd0fc\" data-element_type=\"column\" data-e-type=\"column\">\n\t\t\t<div class=\"elementor-widget-wrap elementor-element-populated\">\n\t\t\t\t\t\t<div class=\"elementor-element elementor-element-3cf35919 elementor-widget__width-initial elementor-widget elementor-widget-text-editor\" data-id=\"3cf35919\" data-element_type=\"widget\" data-e-type=\"widget\" data-widget_type=\"text-editor.default\">\n\t\t\t\t<div class=\"elementor-widget-container\">\n\t\t\t\t\t\t\t\t\t<p><em>Los\u00a0<span style=\"color: #808080;\"><a style=\"color: #808080;\" href=\"https:\/\/www.casadellibro.com\/libro-los-juegos-del-hambre-5---amanecer-en-la-cosecha\/9788427248427\/16444077?campaignid=17468419863&amp;gad_source=1&amp;gclid=Cj0KCQjw-e6-BhDmARIsAOxxlxXnOXMNE5_UGsu7YgVcCPW0NFnlySCdXSc7-ktl25aoOJyTVjlyz5gaAlgWEALw_wcB\"><span style=\"font-weight: bolder;\">Juegos del Hambre<\/span><\/a><\/span><\/em>\u00a0est\u00e1n de vuelta. Suzanne Collins, autora de la exitosa saga, publica el pr\u00f3ximo 20 de marzo\u00a0<em>Amanecer en la cosecha<\/em>, la quinta entrega de la serie que ha cautivado a millones de lectores en todo el mundo. La novela llegar\u00e1 de la mano de\u00a0<span style=\"font-weight: bolder;\">Editorial Molino<\/span>\u00a0y estar\u00e1 disponible en formato f\u00edsico, digital y audiolibro.<\/p>\t\t\t\t\t\t\t\t<\/div>\n\t\t\t\t<\/div>\n\t\t\t\t\t<\/div>\n\t\t<\/div>\n\t\t\t\t\t<\/div>\n\t\t<\/section>\n\t\t\t\t<section class=\"elementor-section elementor-top-section elementor-element elementor-element-34f1c83 elementor-section-boxed elementor-section-height-default elementor-section-height-default\" data-id=\"34f1c83\" data-element_type=\"section\" data-e-type=\"section\">\n\t\t\t\t\t\t<div class=\"elementor-container elementor-column-gap-default\">\n\t\t\t\t\t<div class=\"elementor-column elementor-col-50 elementor-top-column elementor-element elementor-element-5ff1951\" data-id=\"5ff1951\" data-element_type=\"column\" data-e-type=\"column\">\n\t\t\t<div class=\"elementor-widget-wrap elementor-element-populated\">\n\t\t\t\t\t\t<div class=\"elementor-element elementor-element-34791d0 elementor-widget elementor-widget-image\" data-id=\"34791d0\" data-element_type=\"widget\" data-e-type=\"widget\" data-widget_type=\"image.default\">\n\t\t\t\t<div class=\"elementor-widget-container\">\n\t\t\t\t\t\t\t\t\t\t\t\t\t\t\t<img fetchpriority=\"high\" decoding=\"async\" width=\"640\" height=\"974\" src=\"https:\/\/unaymilletras.com\/wp-content\/uploads\/2025\/03\/portada-juegos-del-hambre-673x1024.jpg\" class=\"attachment-large size-large wp-image-4034\" alt=\"\" srcset=\"https:\/\/unaymilletras.com\/wp-content\/uploads\/2025\/03\/portada-juegos-del-hambre-673x1024.jpg 673w, https:\/\/unaymilletras.com\/wp-content\/uploads\/2025\/03\/portada-juegos-del-hambre-197x300.jpg 197w, https:\/\/unaymilletras.com\/wp-content\/uploads\/2025\/03\/portada-juegos-del-hambre-768x1168.jpg 768w, https:\/\/unaymilletras.com\/wp-content\/uploads\/2025\/03\/portada-juegos-del-hambre-1010x1536.jpg 1010w, https:\/\/unaymilletras.com\/wp-content\/uploads\/2025\/03\/portada-juegos-del-hambre-1346x2048.jpg 1346w, https:\/\/unaymilletras.com\/wp-content\/uploads\/2025\/03\/portada-juegos-del-hambre-8x12.jpg 8w, https:\/\/unaymilletras.com\/wp-content\/uploads\/2025\/03\/portada-juegos-del-hambre-1024x1558.jpg 1024w, https:\/\/unaymilletras.com\/wp-content\/uploads\/2025\/03\/portada-juegos-del-hambre-scaled-e1742233094154.jpg 600w\" sizes=\"(max-width: 640px) 100vw, 640px\" \/>\t\t\t\t\t\t\t\t\t\t\t\t\t\t\t<\/div>\n\t\t\t\t<\/div>\n\t\t\t\t\t<\/div>\n\t\t<\/div>\n\t\t\t\t<div class=\"elementor-column elementor-col-50 elementor-top-column elementor-element elementor-element-be00f43\" data-id=\"be00f43\" data-element_type=\"column\" data-e-type=\"column\">\n\t\t\t<div class=\"elementor-widget-wrap elementor-element-populated\">\n\t\t\t\t\t\t<div class=\"elementor-element elementor-element-47292dc elementor-widget elementor-widget-image\" data-id=\"47292dc\" data-element_type=\"widget\" data-e-type=\"widget\" data-widget_type=\"image.default\">\n\t\t\t\t<div class=\"elementor-widget-container\">\n\t\t\t\t\t\t\t\t\t\t\t\t\t\t\t<img decoding=\"async\" width=\"640\" height=\"960\" src=\"https:\/\/unaymilletras.com\/wp-content\/uploads\/2025\/03\/suzanne-683x1024.jpg\" class=\"attachment-large size-large wp-image-4040\" alt=\"\" srcset=\"https:\/\/unaymilletras.com\/wp-content\/uploads\/2025\/03\/suzanne-683x1024.jpg 683w, https:\/\/unaymilletras.com\/wp-content\/uploads\/2025\/03\/suzanne-200x300.jpg 200w, https:\/\/unaymilletras.com\/wp-content\/uploads\/2025\/03\/suzanne-768x1152.jpg 768w, https:\/\/unaymilletras.com\/wp-content\/uploads\/2025\/03\/suzanne-1024x1536.jpg 1024w, https:\/\/unaymilletras.com\/wp-content\/uploads\/2025\/03\/suzanne-1365x2048.jpg 1365w, https:\/\/unaymilletras.com\/wp-content\/uploads\/2025\/03\/suzanne-8x12.jpg 8w, https:\/\/unaymilletras.com\/wp-content\/uploads\/2025\/03\/suzanne-scaled-e1742235236776.jpg 600w\" sizes=\"(max-width: 640px) 100vw, 640px\" \/>\t\t\t\t\t\t\t\t\t\t\t\t\t\t\t<\/div>\n\t\t\t\t<\/div>\n\t\t\t\t\t<\/div>\n\t\t<\/div>\n\t\t\t\t\t<\/div>\n\t\t<\/section>\n\t\t\t\t<section class=\"elementor-section elementor-top-section elementor-element elementor-element-cff89fb elementor-section-boxed elementor-section-height-default elementor-section-height-default\" data-id=\"cff89fb\" data-element_type=\"section\" data-e-type=\"section\">\n\t\t\t\t\t\t<div class=\"elementor-container elementor-column-gap-default\">\n\t\t\t\t\t<div class=\"elementor-column elementor-col-100 elementor-top-column elementor-element elementor-element-7029375\" data-id=\"7029375\" data-element_type=\"column\" data-e-type=\"column\">\n\t\t\t<div class=\"elementor-widget-wrap elementor-element-populated\">\n\t\t\t\t\t\t<div class=\"elementor-element elementor-element-c457fc5 elementor-widget elementor-widget-text-editor\" data-id=\"c457fc5\" data-element_type=\"widget\" data-e-type=\"widget\" data-widget_type=\"text-editor.default\">\n\t\t\t\t<div class=\"elementor-widget-container\">\n\t\t\t\t\t\t\t\t\t<h3>Un regreso esperado<\/h3>\n<p>Tras vender m\u00e1s de un mill\u00f3n de ejemplares en Espa\u00f1a y superar los 100 millones a nivel global, la saga\u00a0<em><span style=\"font-weight: bolder\">Los Juegos del Hambre<\/span><\/em>\u00a0regresa con una precuela ambientada veinticuatro a\u00f1os antes de la historia original.\u00a0<em>Amanecer en la cosecha<\/em>\u00a0se sit\u00faa en la ma\u00f1ana de la cosecha de los Quincuag\u00e9simos Juegos del Hambre, mas conocidos como el segundo\u00a0<span style=\"font-weight: bolder\">Vasallaje de los Veinticinco<\/span>, un evento clave en la historia de Panem.<\/p>\n<p>Esta nueva entrega es el primer lanzamiento de la saga desde\u00a0<em>Balada de p\u00e1jaros cantores y serpientes\u00a0<\/em>(2020) y promete ampliar el universo de\u00a0<em>Los Juegos del Hambre<\/em>\u00a0con nuevas revelaciones y una mayor profundidad en la historia de Panem. Adem\u00e1s, de dar m\u00e1s contexto e historia a uno de los personajes favoritos de la saga,\u00a0<span style=\"font-weight: bolder\">Haymitch Abernathy<\/span>, del Distrito 12, y a quien conocemos como\u00a0<span style=\"font-weight: bolder\">mentor de Katniss y Peeta<\/span>\u00a0en la saga principal.<\/p>\n<h3>Una reflexi\u00f3n sobre el poder y la propaganda<\/h3>\n<p>Ellie Berger, presidenta de <em>Scholastic Trade<\/em>, destac\u00f3 la capacidad de Collins para abordar temas profundos: <em>\u00abSuzanne Collins lo ha vuelto a hacer, tray\u00e9ndonos de vuelta al mundo de Panem para hacernos preguntas importantes sobre nuestro propio mundo. Amanecer en la cosecha es un libro extraordinario, que aporta nueva complejidad, perspectiva y revelaciones a una parte de la historia sobre la que los lectores han deseado saber m\u00e1s.\u00bb<\/em><\/p>\n<p><!-- \/wp:paragraph --><!-- wp:paragraph --><\/p>\n<p>Por su parte, la autora explic\u00f3 la inspiraci\u00f3n detr\u00e1s de la novela: <em>\u00abCon Amanecer en la cosecha me inspir\u00e9 en la idea de David Hume de la sumisi\u00f3n impl\u00edcita y, en sus palabras, <strong>\u201cla facilidad con la que los muchos son gobernados por unos pocos\u201d<\/strong>. La historia tambi\u00e9n se prestaba a una inmersi\u00f3n m\u00e1s profunda en el uso de la propaganda y el poder de quienes controlan la narraci\u00f3n. La pregunta \u2018\u00bfReal o no?\u2019 me parece cada d\u00eda m\u00e1s acuciante.\u00bb<\/em><\/p>\n<h3>Una saga que sigue viva<\/h3>\n<p><!-- \/wp:heading --><!-- wp:paragraph --><\/p>\n<p>Adem\u00e1s del lanzamiento de <em>Amanecer en la cosecha<\/em>, Molino pondr\u00e1 a disposici\u00f3n del p\u00fablico el resto de la saga en formato audiolibro a partir de noviembre de 2024, ampliando as\u00ed las posibilidades de acceso a esta historia para nuevas generaciones de lectores y oyentes.<\/p>\n<p><!-- \/wp:paragraph --><!-- wp:paragraph --><\/p>\n<p>Con su publicaci\u00f3n en Espa\u00f1a y Latinoam\u00e9rica, la nueva novela promete seguir el legado de <em>Los Juegos del Hambre<\/em> y mantener viva la llama de un <strong>fen\u00f3meno literario que ha marcado a toda una generaci\u00f3n<\/strong>.<\/p>\n<p>\u00a0<\/p>\t\t\t\t\t\t\t\t<\/div>\n\t\t\t\t<\/div>\n\t\t\t\t\t<\/div>\n\t\t<\/div>\n\t\t\t\t\t<\/div>\n\t\t<\/section>\n\t\t\t\t<\/div>","protected":false},"excerpt":{"rendered":"<p>Suzanne Collins vuelve con una nueva precuela de\u00a0Los Juegos del Hambre Los\u00a0Juegos del Hambre\u00a0est\u00e1n de vuelta. Suzanne Collins, autora de la exitosa saga, publica el pr\u00f3ximo 20 de marzo\u00a0Amanecer en la cosecha, la quinta entrega de la serie que ha cautivado a millones de lectores en todo el mundo. La novela llegar\u00e1 de la mano [&hellip;]<\/p>\n","protected":false},"author":9,"featured_media":4034,"comment_status":"closed","ping_status":"closed","sticky":false,"template":"","format":"standard","meta":{"footnotes":""},"categories":[121],"tags":[152,153],"class_list":["post-4033","post","type-post","status-publish","format-standard","has-post-thumbnail","hentry","category-libros","tag-amanecer-en-la-cosecha","tag-suzanne-collins"],"yoast_head":"<!-- This site is optimized with the Yoast SEO plugin v27.4 - https:\/\/yoast.com\/product\/yoast-seo-wordpress\/ -->\n<title>Suzanne Collins regresa a Panem con Amanecer en la cosecha<\/title>\n<meta name=\"description\" content=\"Suzanne Collins lanza el pr\u00f3ximo 20 de marzo Amanecer en la cosecha, la quinta entrega de Los Juegos del Hambre.\" \/>\n<meta name=\"robots\" content=\"index, follow, max-snippet:-1, max-image-preview:large, max-video-preview:-1\" \/>\n<link rel=\"canonical\" href=\"https:\/\/unaymilletras.com\/en\/suzanne-collins-regresa-a-panem-con-amanecer-en-la-cosecha\/\" \/>\n<meta property=\"og:locale\" content=\"en_GB\" \/>\n<meta property=\"og:type\" content=\"article\" \/>\n<meta property=\"og:title\" content=\"Suzanne Collins regresa a Panem con Amanecer en la cosecha\" \/>\n<meta property=\"og:description\" content=\"Suzanne Collins lanza el pr\u00f3ximo 20 de marzo Amanecer en la cosecha, la quinta entrega de Los Juegos del Hambre.\" \/>\n<meta property=\"og:url\" content=\"https:\/\/unaymilletras.com\/en\/suzanne-collins-regresa-a-panem-con-amanecer-en-la-cosecha\/\" \/>\n<meta property=\"og:site_name\" content=\"Una y Mil Letras\" \/>\n<meta property=\"article:published_time\" content=\"2025-03-22T11:04:00+00:00\" \/>\n<meta property=\"og:image\" content=\"https:\/\/unaymilletras.com\/wp-content\/uploads\/2025\/03\/portada-juegos-del-hambre-scaled-e1742233094154.jpg\" \/>\n\t<meta property=\"og:image:width\" content=\"600\" \/>\n\t<meta property=\"og:image:height\" content=\"913\" \/>\n\t<meta property=\"og:image:type\" content=\"image\/jpeg\" \/>\n<meta name=\"author\" content=\"Victoria Hern\u00e1ndez\" \/>\n<meta name=\"twitter:card\" content=\"summary_large_image\" \/>\n<meta name=\"twitter:creator\" content=\"@UnaYMilLetras\" \/>\n<meta name=\"twitter:site\" content=\"@UnaYMilLetras\" \/>\n<meta name=\"twitter:label1\" content=\"Written by\" \/>\n\t<meta name=\"twitter:data1\" content=\"Victoria Hern\u00e1ndez\" \/>\n\t<meta name=\"twitter:label2\" content=\"Estimated reading time\" \/>\n\t<meta name=\"twitter:data2\" content=\"3 minutes\" \/>\n<script type=\"application\/ld+json\" class=\"yoast-schema-graph\">{\"@context\":\"https:\\\/\\\/schema.org\",\"@graph\":[{\"@type\":\"Article\",\"@id\":\"https:\\\/\\\/unaymilletras.com\\\/suzanne-collins-regresa-a-panem-con-amanecer-en-la-cosecha\\\/#article\",\"isPartOf\":{\"@id\":\"https:\\\/\\\/unaymilletras.com\\\/suzanne-collins-regresa-a-panem-con-amanecer-en-la-cosecha\\\/\"},\"author\":{\"name\":\"Victoria Hern\u00e1ndez\",\"@id\":\"http:\\\/\\\/unaymilletras.com\\\/#\\\/schema\\\/person\\\/90f1e88e4c10951a79965c8106280f0a\"},\"headline\":\"Suzanne Collins regresa a Panem con Amanecer en la cosecha\",\"datePublished\":\"2025-03-22T11:04:00+00:00\",\"mainEntityOfPage\":{\"@id\":\"https:\\\/\\\/unaymilletras.com\\\/suzanne-collins-regresa-a-panem-con-amanecer-en-la-cosecha\\\/\"},\"wordCount\":498,\"publisher\":{\"@id\":\"http:\\\/\\\/unaymilletras.com\\\/#organization\"},\"image\":{\"@id\":\"https:\\\/\\\/unaymilletras.com\\\/suzanne-collins-regresa-a-panem-con-amanecer-en-la-cosecha\\\/#primaryimage\"},\"thumbnailUrl\":\"https:\\\/\\\/unaymilletras.com\\\/wp-content\\\/uploads\\\/2025\\\/03\\\/portada-juegos-del-hambre-scaled-e1742233094154.jpg\",\"keywords\":[\"Amanecer en la Cosecha\",\"Suzanne Collins\"],\"articleSection\":[\"Libros\"],\"inLanguage\":\"en-GB\"},{\"@type\":\"WebPage\",\"@id\":\"https:\\\/\\\/unaymilletras.com\\\/suzanne-collins-regresa-a-panem-con-amanecer-en-la-cosecha\\\/\",\"url\":\"https:\\\/\\\/unaymilletras.com\\\/suzanne-collins-regresa-a-panem-con-amanecer-en-la-cosecha\\\/\",\"name\":\"Suzanne Collins regresa a Panem con Amanecer en la cosecha\",\"isPartOf\":{\"@id\":\"http:\\\/\\\/unaymilletras.com\\\/#website\"},\"primaryImageOfPage\":{\"@id\":\"https:\\\/\\\/unaymilletras.com\\\/suzanne-collins-regresa-a-panem-con-amanecer-en-la-cosecha\\\/#primaryimage\"},\"image\":{\"@id\":\"https:\\\/\\\/unaymilletras.com\\\/suzanne-collins-regresa-a-panem-con-amanecer-en-la-cosecha\\\/#primaryimage\"},\"thumbnailUrl\":\"https:\\\/\\\/unaymilletras.com\\\/wp-content\\\/uploads\\\/2025\\\/03\\\/portada-juegos-del-hambre-scaled-e1742233094154.jpg\",\"datePublished\":\"2025-03-22T11:04:00+00:00\",\"description\":\"Suzanne Collins lanza el pr\u00f3ximo 20 de marzo Amanecer en la cosecha, la quinta entrega de Los Juegos del Hambre.\",\"breadcrumb\":{\"@id\":\"https:\\\/\\\/unaymilletras.com\\\/suzanne-collins-regresa-a-panem-con-amanecer-en-la-cosecha\\\/#breadcrumb\"},\"inLanguage\":\"en-GB\",\"potentialAction\":[{\"@type\":\"ReadAction\",\"target\":[\"https:\\\/\\\/unaymilletras.com\\\/suzanne-collins-regresa-a-panem-con-amanecer-en-la-cosecha\\\/\"]}]},{\"@type\":\"ImageObject\",\"inLanguage\":\"en-GB\",\"@id\":\"https:\\\/\\\/unaymilletras.com\\\/suzanne-collins-regresa-a-panem-con-amanecer-en-la-cosecha\\\/#primaryimage\",\"url\":\"https:\\\/\\\/unaymilletras.com\\\/wp-content\\\/uploads\\\/2025\\\/03\\\/portada-juegos-del-hambre-scaled-e1742233094154.jpg\",\"contentUrl\":\"https:\\\/\\\/unaymilletras.com\\\/wp-content\\\/uploads\\\/2025\\\/03\\\/portada-juegos-del-hambre-scaled-e1742233094154.jpg\",\"width\":600,\"height\":913},{\"@type\":\"BreadcrumbList\",\"@id\":\"https:\\\/\\\/unaymilletras.com\\\/suzanne-collins-regresa-a-panem-con-amanecer-en-la-cosecha\\\/#breadcrumb\",\"itemListElement\":[{\"@type\":\"ListItem\",\"position\":1,\"name\":\"Home\",\"item\":\"http:\\\/\\\/unaymilletras.com\\\/\"},{\"@type\":\"ListItem\",\"position\":2,\"name\":\"Suzanne Collins regresa a Panem con Amanecer en la cosecha\"}]},{\"@type\":\"WebSite\",\"@id\":\"http:\\\/\\\/unaymilletras.com\\\/#website\",\"url\":\"http:\\\/\\\/unaymilletras.com\\\/\",\"name\":\"Una y Mil Letras\",\"description\":\"\",\"publisher\":{\"@id\":\"http:\\\/\\\/unaymilletras.com\\\/#organization\"},\"potentialAction\":[{\"@type\":\"SearchAction\",\"target\":{\"@type\":\"EntryPoint\",\"urlTemplate\":\"http:\\\/\\\/unaymilletras.com\\\/?s={search_term_string}\"},\"query-input\":{\"@type\":\"PropertyValueSpecification\",\"valueRequired\":true,\"valueName\":\"search_term_string\"}}],\"inLanguage\":\"en-GB\"},{\"@type\":\"Organization\",\"@id\":\"http:\\\/\\\/unaymilletras.com\\\/#organization\",\"name\":\"Una y Mil Letras\",\"url\":\"http:\\\/\\\/unaymilletras.com\\\/\",\"logo\":{\"@type\":\"ImageObject\",\"inLanguage\":\"en-GB\",\"@id\":\"http:\\\/\\\/unaymilletras.com\\\/#\\\/schema\\\/logo\\\/image\\\/\",\"url\":\"https:\\\/\\\/unaymilletras.com\\\/wp-content\\\/uploads\\\/2024\\\/06\\\/cropped-Logo-removebg-preview.png\",\"contentUrl\":\"https:\\\/\\\/unaymilletras.com\\\/wp-content\\\/uploads\\\/2024\\\/06\\\/cropped-Logo-removebg-preview.png\",\"width\":512,\"height\":512,\"caption\":\"Una y Mil Letras\"},\"image\":{\"@id\":\"http:\\\/\\\/unaymilletras.com\\\/#\\\/schema\\\/logo\\\/image\\\/\"},\"sameAs\":[\"https:\\\/\\\/x.com\\\/UnaYMilLetras\",\"https:\\\/\\\/instagram.com\\\/UnaYMilLetras\"]},{\"@type\":\"Person\",\"@id\":\"http:\\\/\\\/unaymilletras.com\\\/#\\\/schema\\\/person\\\/90f1e88e4c10951a79965c8106280f0a\",\"name\":\"Victoria Hern\u00e1ndez\",\"image\":{\"@type\":\"ImageObject\",\"inLanguage\":\"en-GB\",\"@id\":\"https:\\\/\\\/secure.gravatar.com\\\/avatar\\\/4a6a914c964cf29cc45dd00ef5c74e847f221f6a1039c94b8aa244949baeeda4?s=96&d=mm&r=g\",\"url\":\"https:\\\/\\\/secure.gravatar.com\\\/avatar\\\/4a6a914c964cf29cc45dd00ef5c74e847f221f6a1039c94b8aa244949baeeda4?s=96&d=mm&r=g\",\"contentUrl\":\"https:\\\/\\\/secure.gravatar.com\\\/avatar\\\/4a6a914c964cf29cc45dd00ef5c74e847f221f6a1039c94b8aa244949baeeda4?s=96&d=mm&r=g\",\"caption\":\"Victoria Hern\u00e1ndez\"},\"url\":\"https:\\\/\\\/unaymilletras.com\\\/en\\\/author\\\/victoriahernandez\\\/\"}]}<\/script>\n<!-- \/ Yoast SEO plugin. -->","yoast_head_json":{"title":"Suzanne Collins regresa a Panem con Amanecer en la cosecha","description":"Suzanne Collins lanza el pr\u00f3ximo 20 de marzo Amanecer en la cosecha, la quinta entrega de Los Juegos del Hambre.","robots":{"index":"index","follow":"follow","max-snippet":"max-snippet:-1","max-image-preview":"max-image-preview:large","max-video-preview":"max-video-preview:-1"},"canonical":"https:\/\/unaymilletras.com\/en\/suzanne-collins-regresa-a-panem-con-amanecer-en-la-cosecha\/","og_locale":"en_GB","og_type":"article","og_title":"Suzanne Collins regresa a Panem con Amanecer en la cosecha","og_description":"Suzanne Collins lanza el pr\u00f3ximo 20 de marzo Amanecer en la cosecha, la quinta entrega de Los Juegos del Hambre.","og_url":"https:\/\/unaymilletras.com\/en\/suzanne-collins-regresa-a-panem-con-amanecer-en-la-cosecha\/","og_site_name":"Una y Mil Letras","article_published_time":"2025-03-22T11:04:00+00:00","og_image":[{"width":600,"height":913,"url":"https:\/\/unaymilletras.com\/wp-content\/uploads\/2025\/03\/portada-juegos-del-hambre-scaled-e1742233094154.jpg","type":"image\/jpeg"}],"author":"Victoria Hern\u00e1ndez","twitter_card":"summary_large_image","twitter_creator":"@UnaYMilLetras","twitter_site":"@UnaYMilLetras","twitter_misc":{"Written by":"Victoria Hern\u00e1ndez","Estimated reading time":"3 minutes"},"schema":{"@context":"https:\/\/schema.org","@graph":[{"@type":"Article","@id":"https:\/\/unaymilletras.com\/suzanne-collins-regresa-a-panem-con-amanecer-en-la-cosecha\/#article","isPartOf":{"@id":"https:\/\/unaymilletras.com\/suzanne-collins-regresa-a-panem-con-amanecer-en-la-cosecha\/"},"author":{"name":"Victoria Hern\u00e1ndez","@id":"http:\/\/unaymilletras.com\/#\/schema\/person\/90f1e88e4c10951a79965c8106280f0a"},"headline":"Suzanne Collins regresa a Panem con Amanecer en la cosecha","datePublished":"2025-03-22T11:04:00+00:00","mainEntityOfPage":{"@id":"https:\/\/unaymilletras.com\/suzanne-collins-regresa-a-panem-con-amanecer-en-la-cosecha\/"},"wordCount":498,"publisher":{"@id":"http:\/\/unaymilletras.com\/#organization"},"image":{"@id":"https:\/\/unaymilletras.com\/suzanne-collins-regresa-a-panem-con-amanecer-en-la-cosecha\/#primaryimage"},"thumbnailUrl":"https:\/\/unaymilletras.com\/wp-content\/uploads\/2025\/03\/portada-juegos-del-hambre-scaled-e1742233094154.jpg","keywords":["Amanecer en la Cosecha","Suzanne Collins"],"articleSection":["Libros"],"inLanguage":"en-GB"},{"@type":"WebPage","@id":"https:\/\/unaymilletras.com\/suzanne-collins-regresa-a-panem-con-amanecer-en-la-cosecha\/","url":"https:\/\/unaymilletras.com\/suzanne-collins-regresa-a-panem-con-amanecer-en-la-cosecha\/","name":"Suzanne Collins regresa a Panem con Amanecer en la cosecha","isPartOf":{"@id":"http:\/\/unaymilletras.com\/#website"},"primaryImageOfPage":{"@id":"https:\/\/unaymilletras.com\/suzanne-collins-regresa-a-panem-con-amanecer-en-la-cosecha\/#primaryimage"},"image":{"@id":"https:\/\/unaymilletras.com\/suzanne-collins-regresa-a-panem-con-amanecer-en-la-cosecha\/#primaryimage"},"thumbnailUrl":"https:\/\/unaymilletras.com\/wp-content\/uploads\/2025\/03\/portada-juegos-del-hambre-scaled-e1742233094154.jpg","datePublished":"2025-03-22T11:04:00+00:00","description":"Suzanne Collins lanza el pr\u00f3ximo 20 de marzo Amanecer en la cosecha, la quinta entrega de Los Juegos del Hambre.","breadcrumb":{"@id":"https:\/\/unaymilletras.com\/suzanne-collins-regresa-a-panem-con-amanecer-en-la-cosecha\/#breadcrumb"},"inLanguage":"en-GB","potentialAction":[{"@type":"ReadAction","target":["https:\/\/unaymilletras.com\/suzanne-collins-regresa-a-panem-con-amanecer-en-la-cosecha\/"]}]},{"@type":"ImageObject","inLanguage":"en-GB","@id":"https:\/\/unaymilletras.com\/suzanne-collins-regresa-a-panem-con-amanecer-en-la-cosecha\/#primaryimage","url":"https:\/\/unaymilletras.com\/wp-content\/uploads\/2025\/03\/portada-juegos-del-hambre-scaled-e1742233094154.jpg","contentUrl":"https:\/\/unaymilletras.com\/wp-content\/uploads\/2025\/03\/portada-juegos-del-hambre-scaled-e1742233094154.jpg","width":600,"height":913},{"@type":"BreadcrumbList","@id":"https:\/\/unaymilletras.com\/suzanne-collins-regresa-a-panem-con-amanecer-en-la-cosecha\/#breadcrumb","itemListElement":[{"@type":"ListItem","position":1,"name":"Home","item":"http:\/\/unaymilletras.com\/"},{"@type":"ListItem","position":2,"name":"Suzanne Collins regresa a Panem con Amanecer en la cosecha"}]},{"@type":"WebSite","@id":"http:\/\/unaymilletras.com\/#website","url":"http:\/\/unaymilletras.com\/","name":"Una y Mil Letras","description":"","publisher":{"@id":"http:\/\/unaymilletras.com\/#organization"},"potentialAction":[{"@type":"SearchAction","target":{"@type":"EntryPoint","urlTemplate":"http:\/\/unaymilletras.com\/?s={search_term_string}"},"query-input":{"@type":"PropertyValueSpecification","valueRequired":true,"valueName":"search_term_string"}}],"inLanguage":"en-GB"},{"@type":"Organization","@id":"http:\/\/unaymilletras.com\/#organization","name":"Una y Mil Letras","url":"http:\/\/unaymilletras.com\/","logo":{"@type":"ImageObject","inLanguage":"en-GB","@id":"http:\/\/unaymilletras.com\/#\/schema\/logo\/image\/","url":"https:\/\/unaymilletras.com\/wp-content\/uploads\/2024\/06\/cropped-Logo-removebg-preview.png","contentUrl":"https:\/\/unaymilletras.com\/wp-content\/uploads\/2024\/06\/cropped-Logo-removebg-preview.png","width":512,"height":512,"caption":"Una y Mil Letras"},"image":{"@id":"http:\/\/unaymilletras.com\/#\/schema\/logo\/image\/"},"sameAs":["https:\/\/x.com\/UnaYMilLetras","https:\/\/instagram.com\/UnaYMilLetras"]},{"@type":"Person","@id":"http:\/\/unaymilletras.com\/#\/schema\/person\/90f1e88e4c10951a79965c8106280f0a","name":"Victoria Hern\u00e1ndez","image":{"@type":"ImageObject","inLanguage":"en-GB","@id":"https:\/\/secure.gravatar.com\/avatar\/4a6a914c964cf29cc45dd00ef5c74e847f221f6a1039c94b8aa244949baeeda4?s=96&d=mm&r=g","url":"https:\/\/secure.gravatar.com\/avatar\/4a6a914c964cf29cc45dd00ef5c74e847f221f6a1039c94b8aa244949baeeda4?s=96&d=mm&r=g","contentUrl":"https:\/\/secure.gravatar.com\/avatar\/4a6a914c964cf29cc45dd00ef5c74e847f221f6a1039c94b8aa244949baeeda4?s=96&d=mm&r=g","caption":"Victoria Hern\u00e1ndez"},"url":"https:\/\/unaymilletras.com\/en\/author\/victoriahernandez\/"}]}},"_links":{"self":[{"href":"https:\/\/unaymilletras.com\/en\/wp-json\/wp\/v2\/posts\/4033","targetHints":{"allow":["GET"]}}],"collection":[{"href":"https:\/\/unaymilletras.com\/en\/wp-json\/wp\/v2\/posts"}],"about":[{"href":"https:\/\/unaymilletras.com\/en\/wp-json\/wp\/v2\/types\/post"}],"author":[{"embeddable":true,"href":"https:\/\/unaymilletras.com\/en\/wp-json\/wp\/v2\/users\/9"}],"replies":[{"embeddable":true,"href":"https:\/\/unaymilletras.com\/en\/wp-json\/wp\/v2\/comments?post=4033"}],"version-history":[{"count":17,"href":"https:\/\/unaymilletras.com\/en\/wp-json\/wp\/v2\/posts\/4033\/revisions"}],"predecessor-version":[{"id":4152,"href":"https:\/\/unaymilletras.com\/en\/wp-json\/wp\/v2\/posts\/4033\/revisions\/4152"}],"wp:featuredmedia":[{"embeddable":true,"href":"https:\/\/unaymilletras.com\/en\/wp-json\/wp\/v2\/media\/4034"}],"wp:attachment":[{"href":"https:\/\/unaymilletras.com\/en\/wp-json\/wp\/v2\/media?parent=4033"}],"wp:term":[{"taxonomy":"category","embeddable":true,"href":"https:\/\/unaymilletras.com\/en\/wp-json\/wp\/v2\/categories?post=4033"},{"taxonomy":"post_tag","embeddable":true,"href":"https:\/\/unaymilletras.com\/en\/wp-json\/wp\/v2\/tags?post=4033"}],"curies":[{"name":"wp","href":"https:\/\/api.w.org\/{rel}","templated":true}]}}