{"id":4043,"date":"2025-03-21T19:00:00","date_gmt":"2025-03-21T18:00:00","guid":{"rendered":"https:\/\/unaymilletras.com\/?p=4043"},"modified":"2025-03-20T00:35:15","modified_gmt":"2025-03-19T23:35:15","slug":"amaia-consigue-el-disco-de-oro-con-tengo-un-pensamiento","status":"publish","type":"post","link":"https:\/\/unaymilletras.com\/en\/amaia-consigue-el-disco-de-oro-con-tengo-un-pensamiento\/","title":{"rendered":"Amaia consigue el disco de oro con &#8216;Tengo un pensamiento&#8217;"},"content":{"rendered":"<div data-elementor-type=\"wp-post\" data-elementor-id=\"4043\" class=\"elementor elementor-4043\">\n\t\t\t\t\t\t<section class=\"elementor-section elementor-top-section elementor-element elementor-element-39de5280 elementor-section-boxed elementor-section-height-default elementor-section-height-default\" data-id=\"39de5280\" data-element_type=\"section\" data-e-type=\"section\">\n\t\t\t\t\t\t<div class=\"elementor-container elementor-column-gap-default\">\n\t\t\t\t\t<div class=\"elementor-column elementor-col-100 elementor-top-column elementor-element elementor-element-35cd0021\" data-id=\"35cd0021\" data-element_type=\"column\" data-e-type=\"column\">\n\t\t\t<div class=\"elementor-widget-wrap elementor-element-populated\">\n\t\t\t\t\t\t<div class=\"elementor-element elementor-element-28bda79b elementor-widget elementor-widget-text-editor\" data-id=\"28bda79b\" data-element_type=\"widget\" data-e-type=\"widget\" data-widget_type=\"text-editor.default\">\n\t\t\t\t<div class=\"elementor-widget-container\">\n\t\t\t\t\t\t\t\t\t<h2 class=\"wp-block-heading\" style=\"text-align: center;\"><span style=\"color: #808080;\">La emotiva canci\u00f3n del tercer \u00e1lbum de Amaia, <em>Si Abro Los Ojos No Es Real<\/em>, se consolida como un <em>hit <\/em>digno del oro<\/span><\/h2>\n<p><!-- \/wp:heading --><!-- wp:paragraph --><\/p>\n<p>Amaia ha vuelto a demostrar su talento y conexi\u00f3n con el p\u00fablico con <span style=\"color: #808080;\"><a style=\"color: #808080;\" href=\"https:\/\/open.spotify.com\/intl-es\/track\/3S2W0ZX1Cc74sl7ch0ZYQ3?si=ac327c8686ad4774\"><strong><em>Tengo un pensamiento<\/em><\/strong><\/a><\/span>, una preciosa canci\u00f3n pop con aroma a cl\u00e1sico que ha conquistado a sus seguidores. Gracias a la excelente recepci\u00f3n de este tema, la cantante ha alcanzado la certificaci\u00f3n de <strong>disco de oro<\/strong>, consolidando su posici\u00f3n como una de las artistas m\u00e1s destacadas del panorama musical actual.<\/p>\n<p><!-- \/wp:paragraph --><!-- wp:paragraph --><\/p>\n<p><span style=\"color: #808080;\"><a style=\"color: #808080;\" href=\"https:\/\/unaymilletras.com\/en\/amaia-deslumbra-con-tengo-un-pensamiento-en-la-revuelta\/\"><em>Tengo un pensamiento<\/em><\/a><\/span>\u00a0forma parte de su nuevo disco, <strong>Si Abro Los Ojos No Es Real<\/strong>, el tercer \u00e1lbum de estudio de Amaia. En este trabajo, la artista nos sumerge en un universo donde todo es posible: sue\u00f1os l\u00facidos, naturaleza, fiesta, amor y muerte, todo envuelto en el <strong>realismo m\u00e1gico <\/strong>que ha caracterizado su evoluci\u00f3n musical en los \u00faltimos tiempos.<\/p>\n<p><!-- \/wp:paragraph --><!-- wp:image {\"id\":4045,\"width\":\"524px\",\"height\":\"auto\",\"sizeSlug\":\"full\",\"linkDestination\":\"none\",\"align\":\"center\"} --><\/p>\n<figure class=\"wp-block-image aligncenter size-full is-resized\"><img fetchpriority=\"high\" decoding=\"async\" width=\"660\" height=\"660\" class=\"wp-image-4045\" style=\"width: 524px; height: auto;\" src=\"https:\/\/unaymilletras.com\/wp-content\/uploads\/2025\/03\/ALBUM-AMAIA-PORTADA.webp\" alt=\"\" srcset=\"https:\/\/unaymilletras.com\/wp-content\/uploads\/2025\/03\/ALBUM-AMAIA-PORTADA.webp 660w, https:\/\/unaymilletras.com\/wp-content\/uploads\/2025\/03\/ALBUM-AMAIA-PORTADA-300x300.webp 300w, https:\/\/unaymilletras.com\/wp-content\/uploads\/2025\/03\/ALBUM-AMAIA-PORTADA-150x150.webp 150w, https:\/\/unaymilletras.com\/wp-content\/uploads\/2025\/03\/ALBUM-AMAIA-PORTADA-12x12.webp 12w\" sizes=\"(max-width: 660px) 100vw, 660px\" \/>\n<p>\u00a0<\/p>\n<figcaption class=\"wp-element-caption\">Si Abro Los Ojos No Es Real<\/figcaption>\n<\/figure>\n<p><!-- \/wp:image --><!-- wp:paragraph --><\/p>\n<p>Desde su lanzamiento, <em>Si Abro Los Ojos No Es Real<\/em>\u00a0ha tenido un impacto impresionante, debutando en el top global de \u00e1lbumes m\u00e1s escuchados y consolidando a Amaia como una de las voces m\u00e1s influyentes de la <strong>escena musical<\/strong>. Con este nuevo logro, la cantante contin\u00faa su <strong>ascenso imparable<\/strong> en la industria.<\/p>\n<div class=\"wp-block-buttons\">\n<p><!-- \/wp:button --><\/p>\n<\/div>\n<p><!-- \/wp:buttons --><!-- wp:paragraph --><\/p>\n<p><!-- \/wp:paragraph --><\/p>\t\t\t\t\t\t\t\t<\/div>\n\t\t\t\t<\/div>\n\t\t\t\t\t<\/div>\n\t\t<\/div>\n\t\t\t\t\t<\/div>\n\t\t<\/section>\n\t\t\t\t<\/div>","protected":false},"excerpt":{"rendered":"<p>La emotiva canci\u00f3n del tercer \u00e1lbum de Amaia, Si Abro Los Ojos No Es Real, se consolida como un hit digno del oro Amaia ha vuelto a demostrar su talento y conexi\u00f3n con el p\u00fablico con Tengo un pensamiento, una preciosa canci\u00f3n pop con aroma a cl\u00e1sico que ha conquistado a sus seguidores. Gracias a [&hellip;]<\/p>\n","protected":false},"author":9,"featured_media":4045,"comment_status":"closed","ping_status":"closed","sticky":false,"template":"","format":"standard","meta":{"footnotes":""},"categories":[4],"tags":[154,155],"class_list":["post-4043","post","type-post","status-publish","format-standard","has-post-thumbnail","hentry","category-musica","tag-amaia","tag-si-abro-los-ojos-no-es-real"],"yoast_head":"<!-- This site is optimized with the Yoast SEO plugin v27.4 - https:\/\/yoast.com\/product\/yoast-seo-wordpress\/ -->\n<title>Amaia consigue el disco de oro con &#039;Tengo un pensamiento&#039; &#8902; Una y Mil Letras<\/title>\n<meta name=\"description\" content=\"La emotiva canci\u00f3n del tercer \u00e1lbum de Amaia, Si Abro Los Ojos No Es Real, se consolida como un hit digno del oro\" \/>\n<meta name=\"robots\" content=\"index, follow, max-snippet:-1, max-image-preview:large, max-video-preview:-1\" \/>\n<link rel=\"canonical\" href=\"https:\/\/unaymilletras.com\/en\/amaia-consigue-el-disco-de-oro-con-tengo-un-pensamiento\/\" \/>\n<meta property=\"og:locale\" content=\"en_GB\" \/>\n<meta property=\"og:type\" content=\"article\" \/>\n<meta property=\"og:title\" content=\"Amaia consigue el disco de oro con &#039;Tengo un pensamiento&#039; &#8902; Una y Mil Letras\" \/>\n<meta property=\"og:description\" content=\"La emotiva canci\u00f3n del tercer \u00e1lbum de Amaia, Si Abro Los Ojos No Es Real, se consolida como un hit digno del oro\" \/>\n<meta property=\"og:url\" content=\"https:\/\/unaymilletras.com\/en\/amaia-consigue-el-disco-de-oro-con-tengo-un-pensamiento\/\" \/>\n<meta property=\"og:site_name\" content=\"Una y Mil Letras\" \/>\n<meta property=\"article:published_time\" content=\"2025-03-21T18:00:00+00:00\" \/>\n<meta property=\"og:image\" content=\"https:\/\/unaymilletras.com\/wp-content\/uploads\/2025\/03\/ALBUM-AMAIA-PORTADA.webp\" \/>\n\t<meta property=\"og:image:width\" content=\"660\" \/>\n\t<meta property=\"og:image:height\" content=\"660\" \/>\n\t<meta property=\"og:image:type\" content=\"image\/webp\" \/>\n<meta name=\"author\" content=\"Victoria Hern\u00e1ndez\" \/>\n<meta name=\"twitter:card\" content=\"summary_large_image\" \/>\n<meta name=\"twitter:creator\" content=\"@UnaYMilLetras\" \/>\n<meta name=\"twitter:site\" content=\"@UnaYMilLetras\" \/>\n<meta name=\"twitter:label1\" content=\"Written by\" \/>\n\t<meta name=\"twitter:data1\" content=\"Victoria Hern\u00e1ndez\" \/>\n\t<meta name=\"twitter:label2\" content=\"Estimated reading time\" \/>\n\t<meta name=\"twitter:data2\" content=\"2 minutes\" \/>\n<script type=\"application\/ld+json\" class=\"yoast-schema-graph\">{\"@context\":\"https:\\\/\\\/schema.org\",\"@graph\":[{\"@type\":\"Article\",\"@id\":\"https:\\\/\\\/unaymilletras.com\\\/amaia-consigue-el-disco-de-oro-con-tengo-un-pensamiento\\\/#article\",\"isPartOf\":{\"@id\":\"https:\\\/\\\/unaymilletras.com\\\/amaia-consigue-el-disco-de-oro-con-tengo-un-pensamiento\\\/\"},\"author\":{\"name\":\"Victoria Hern\u00e1ndez\",\"@id\":\"http:\\\/\\\/unaymilletras.com\\\/#\\\/schema\\\/person\\\/90f1e88e4c10951a79965c8106280f0a\"},\"headline\":\"Amaia consigue el disco de oro con &#8216;Tengo un pensamiento&#8217;\",\"datePublished\":\"2025-03-21T18:00:00+00:00\",\"mainEntityOfPage\":{\"@id\":\"https:\\\/\\\/unaymilletras.com\\\/amaia-consigue-el-disco-de-oro-con-tengo-un-pensamiento\\\/\"},\"wordCount\":230,\"publisher\":{\"@id\":\"http:\\\/\\\/unaymilletras.com\\\/#organization\"},\"image\":{\"@id\":\"https:\\\/\\\/unaymilletras.com\\\/amaia-consigue-el-disco-de-oro-con-tengo-un-pensamiento\\\/#primaryimage\"},\"thumbnailUrl\":\"https:\\\/\\\/unaymilletras.com\\\/wp-content\\\/uploads\\\/2025\\\/03\\\/ALBUM-AMAIA-PORTADA.webp\",\"keywords\":[\"Amaia\",\"Si Abro Los Ojos No Es Real\"],\"articleSection\":[\"M\u00fasica\"],\"inLanguage\":\"en-GB\"},{\"@type\":\"WebPage\",\"@id\":\"https:\\\/\\\/unaymilletras.com\\\/amaia-consigue-el-disco-de-oro-con-tengo-un-pensamiento\\\/\",\"url\":\"https:\\\/\\\/unaymilletras.com\\\/amaia-consigue-el-disco-de-oro-con-tengo-un-pensamiento\\\/\",\"name\":\"Amaia consigue el disco de oro con 'Tengo un pensamiento' &#8902; Una y Mil Letras\",\"isPartOf\":{\"@id\":\"http:\\\/\\\/unaymilletras.com\\\/#website\"},\"primaryImageOfPage\":{\"@id\":\"https:\\\/\\\/unaymilletras.com\\\/amaia-consigue-el-disco-de-oro-con-tengo-un-pensamiento\\\/#primaryimage\"},\"image\":{\"@id\":\"https:\\\/\\\/unaymilletras.com\\\/amaia-consigue-el-disco-de-oro-con-tengo-un-pensamiento\\\/#primaryimage\"},\"thumbnailUrl\":\"https:\\\/\\\/unaymilletras.com\\\/wp-content\\\/uploads\\\/2025\\\/03\\\/ALBUM-AMAIA-PORTADA.webp\",\"datePublished\":\"2025-03-21T18:00:00+00:00\",\"description\":\"La emotiva canci\u00f3n del tercer \u00e1lbum de Amaia, Si Abro Los Ojos No Es Real, se consolida como un hit digno del oro\",\"breadcrumb\":{\"@id\":\"https:\\\/\\\/unaymilletras.com\\\/amaia-consigue-el-disco-de-oro-con-tengo-un-pensamiento\\\/#breadcrumb\"},\"inLanguage\":\"en-GB\",\"potentialAction\":[{\"@type\":\"ReadAction\",\"target\":[\"https:\\\/\\\/unaymilletras.com\\\/amaia-consigue-el-disco-de-oro-con-tengo-un-pensamiento\\\/\"]}]},{\"@type\":\"ImageObject\",\"inLanguage\":\"en-GB\",\"@id\":\"https:\\\/\\\/unaymilletras.com\\\/amaia-consigue-el-disco-de-oro-con-tengo-un-pensamiento\\\/#primaryimage\",\"url\":\"https:\\\/\\\/unaymilletras.com\\\/wp-content\\\/uploads\\\/2025\\\/03\\\/ALBUM-AMAIA-PORTADA.webp\",\"contentUrl\":\"https:\\\/\\\/unaymilletras.com\\\/wp-content\\\/uploads\\\/2025\\\/03\\\/ALBUM-AMAIA-PORTADA.webp\",\"width\":660,\"height\":660,\"caption\":\"Amaia\"},{\"@type\":\"BreadcrumbList\",\"@id\":\"https:\\\/\\\/unaymilletras.com\\\/amaia-consigue-el-disco-de-oro-con-tengo-un-pensamiento\\\/#breadcrumb\",\"itemListElement\":[{\"@type\":\"ListItem\",\"position\":1,\"name\":\"Home\",\"item\":\"http:\\\/\\\/unaymilletras.com\\\/\"},{\"@type\":\"ListItem\",\"position\":2,\"name\":\"Amaia consigue el disco de oro con &#8216;Tengo un pensamiento&#8217;\"}]},{\"@type\":\"WebSite\",\"@id\":\"http:\\\/\\\/unaymilletras.com\\\/#website\",\"url\":\"http:\\\/\\\/unaymilletras.com\\\/\",\"name\":\"Una y Mil Letras\",\"description\":\"\",\"publisher\":{\"@id\":\"http:\\\/\\\/unaymilletras.com\\\/#organization\"},\"potentialAction\":[{\"@type\":\"SearchAction\",\"target\":{\"@type\":\"EntryPoint\",\"urlTemplate\":\"http:\\\/\\\/unaymilletras.com\\\/?s={search_term_string}\"},\"query-input\":{\"@type\":\"PropertyValueSpecification\",\"valueRequired\":true,\"valueName\":\"search_term_string\"}}],\"inLanguage\":\"en-GB\"},{\"@type\":\"Organization\",\"@id\":\"http:\\\/\\\/unaymilletras.com\\\/#organization\",\"name\":\"Una y Mil Letras\",\"url\":\"http:\\\/\\\/unaymilletras.com\\\/\",\"logo\":{\"@type\":\"ImageObject\",\"inLanguage\":\"en-GB\",\"@id\":\"http:\\\/\\\/unaymilletras.com\\\/#\\\/schema\\\/logo\\\/image\\\/\",\"url\":\"https:\\\/\\\/unaymilletras.com\\\/wp-content\\\/uploads\\\/2024\\\/06\\\/cropped-Logo-removebg-preview.png\",\"contentUrl\":\"https:\\\/\\\/unaymilletras.com\\\/wp-content\\\/uploads\\\/2024\\\/06\\\/cropped-Logo-removebg-preview.png\",\"width\":512,\"height\":512,\"caption\":\"Una y Mil Letras\"},\"image\":{\"@id\":\"http:\\\/\\\/unaymilletras.com\\\/#\\\/schema\\\/logo\\\/image\\\/\"},\"sameAs\":[\"https:\\\/\\\/x.com\\\/UnaYMilLetras\",\"https:\\\/\\\/instagram.com\\\/UnaYMilLetras\"]},{\"@type\":\"Person\",\"@id\":\"http:\\\/\\\/unaymilletras.com\\\/#\\\/schema\\\/person\\\/90f1e88e4c10951a79965c8106280f0a\",\"name\":\"Victoria Hern\u00e1ndez\",\"image\":{\"@type\":\"ImageObject\",\"inLanguage\":\"en-GB\",\"@id\":\"https:\\\/\\\/secure.gravatar.com\\\/avatar\\\/4a6a914c964cf29cc45dd00ef5c74e847f221f6a1039c94b8aa244949baeeda4?s=96&d=mm&r=g\",\"url\":\"https:\\\/\\\/secure.gravatar.com\\\/avatar\\\/4a6a914c964cf29cc45dd00ef5c74e847f221f6a1039c94b8aa244949baeeda4?s=96&d=mm&r=g\",\"contentUrl\":\"https:\\\/\\\/secure.gravatar.com\\\/avatar\\\/4a6a914c964cf29cc45dd00ef5c74e847f221f6a1039c94b8aa244949baeeda4?s=96&d=mm&r=g\",\"caption\":\"Victoria Hern\u00e1ndez\"},\"url\":\"https:\\\/\\\/unaymilletras.com\\\/en\\\/author\\\/victoriahernandez\\\/\"}]}<\/script>\n<!-- \/ Yoast SEO plugin. -->","yoast_head_json":{"title":"Amaia consigue el disco de oro con 'Tengo un pensamiento' &#8902; Una y Mil Letras","description":"La emotiva canci\u00f3n del tercer \u00e1lbum de Amaia, Si Abro Los Ojos No Es Real, se consolida como un hit digno del oro","robots":{"index":"index","follow":"follow","max-snippet":"max-snippet:-1","max-image-preview":"max-image-preview:large","max-video-preview":"max-video-preview:-1"},"canonical":"https:\/\/unaymilletras.com\/en\/amaia-consigue-el-disco-de-oro-con-tengo-un-pensamiento\/","og_locale":"en_GB","og_type":"article","og_title":"Amaia consigue el disco de oro con 'Tengo un pensamiento' &#8902; Una y Mil Letras","og_description":"La emotiva canci\u00f3n del tercer \u00e1lbum de Amaia, Si Abro Los Ojos No Es Real, se consolida como un hit digno del oro","og_url":"https:\/\/unaymilletras.com\/en\/amaia-consigue-el-disco-de-oro-con-tengo-un-pensamiento\/","og_site_name":"Una y Mil Letras","article_published_time":"2025-03-21T18:00:00+00:00","og_image":[{"width":660,"height":660,"url":"https:\/\/unaymilletras.com\/wp-content\/uploads\/2025\/03\/ALBUM-AMAIA-PORTADA.webp","type":"image\/webp"}],"author":"Victoria Hern\u00e1ndez","twitter_card":"summary_large_image","twitter_creator":"@UnaYMilLetras","twitter_site":"@UnaYMilLetras","twitter_misc":{"Written by":"Victoria Hern\u00e1ndez","Estimated reading time":"2 minutes"},"schema":{"@context":"https:\/\/schema.org","@graph":[{"@type":"Article","@id":"https:\/\/unaymilletras.com\/amaia-consigue-el-disco-de-oro-con-tengo-un-pensamiento\/#article","isPartOf":{"@id":"https:\/\/unaymilletras.com\/amaia-consigue-el-disco-de-oro-con-tengo-un-pensamiento\/"},"author":{"name":"Victoria Hern\u00e1ndez","@id":"http:\/\/unaymilletras.com\/#\/schema\/person\/90f1e88e4c10951a79965c8106280f0a"},"headline":"Amaia consigue el disco de oro con &#8216;Tengo un pensamiento&#8217;","datePublished":"2025-03-21T18:00:00+00:00","mainEntityOfPage":{"@id":"https:\/\/unaymilletras.com\/amaia-consigue-el-disco-de-oro-con-tengo-un-pensamiento\/"},"wordCount":230,"publisher":{"@id":"http:\/\/unaymilletras.com\/#organization"},"image":{"@id":"https:\/\/unaymilletras.com\/amaia-consigue-el-disco-de-oro-con-tengo-un-pensamiento\/#primaryimage"},"thumbnailUrl":"https:\/\/unaymilletras.com\/wp-content\/uploads\/2025\/03\/ALBUM-AMAIA-PORTADA.webp","keywords":["Amaia","Si Abro Los Ojos No Es Real"],"articleSection":["M\u00fasica"],"inLanguage":"en-GB"},{"@type":"WebPage","@id":"https:\/\/unaymilletras.com\/amaia-consigue-el-disco-de-oro-con-tengo-un-pensamiento\/","url":"https:\/\/unaymilletras.com\/amaia-consigue-el-disco-de-oro-con-tengo-un-pensamiento\/","name":"Amaia consigue el disco de oro con 'Tengo un pensamiento' &#8902; Una y Mil Letras","isPartOf":{"@id":"http:\/\/unaymilletras.com\/#website"},"primaryImageOfPage":{"@id":"https:\/\/unaymilletras.com\/amaia-consigue-el-disco-de-oro-con-tengo-un-pensamiento\/#primaryimage"},"image":{"@id":"https:\/\/unaymilletras.com\/amaia-consigue-el-disco-de-oro-con-tengo-un-pensamiento\/#primaryimage"},"thumbnailUrl":"https:\/\/unaymilletras.com\/wp-content\/uploads\/2025\/03\/ALBUM-AMAIA-PORTADA.webp","datePublished":"2025-03-21T18:00:00+00:00","description":"La emotiva canci\u00f3n del tercer \u00e1lbum de Amaia, Si Abro Los Ojos No Es Real, se consolida como un hit digno del oro","breadcrumb":{"@id":"https:\/\/unaymilletras.com\/amaia-consigue-el-disco-de-oro-con-tengo-un-pensamiento\/#breadcrumb"},"inLanguage":"en-GB","potentialAction":[{"@type":"ReadAction","target":["https:\/\/unaymilletras.com\/amaia-consigue-el-disco-de-oro-con-tengo-un-pensamiento\/"]}]},{"@type":"ImageObject","inLanguage":"en-GB","@id":"https:\/\/unaymilletras.com\/amaia-consigue-el-disco-de-oro-con-tengo-un-pensamiento\/#primaryimage","url":"https:\/\/unaymilletras.com\/wp-content\/uploads\/2025\/03\/ALBUM-AMAIA-PORTADA.webp","contentUrl":"https:\/\/unaymilletras.com\/wp-content\/uploads\/2025\/03\/ALBUM-AMAIA-PORTADA.webp","width":660,"height":660,"caption":"Amaia"},{"@type":"BreadcrumbList","@id":"https:\/\/unaymilletras.com\/amaia-consigue-el-disco-de-oro-con-tengo-un-pensamiento\/#breadcrumb","itemListElement":[{"@type":"ListItem","position":1,"name":"Home","item":"http:\/\/unaymilletras.com\/"},{"@type":"ListItem","position":2,"name":"Amaia consigue el disco de oro con &#8216;Tengo un pensamiento&#8217;"}]},{"@type":"WebSite","@id":"http:\/\/unaymilletras.com\/#website","url":"http:\/\/unaymilletras.com\/","name":"Una y Mil Letras","description":"","publisher":{"@id":"http:\/\/unaymilletras.com\/#organization"},"potentialAction":[{"@type":"SearchAction","target":{"@type":"EntryPoint","urlTemplate":"http:\/\/unaymilletras.com\/?s={search_term_string}"},"query-input":{"@type":"PropertyValueSpecification","valueRequired":true,"valueName":"search_term_string"}}],"inLanguage":"en-GB"},{"@type":"Organization","@id":"http:\/\/unaymilletras.com\/#organization","name":"Una y Mil Letras","url":"http:\/\/unaymilletras.com\/","logo":{"@type":"ImageObject","inLanguage":"en-GB","@id":"http:\/\/unaymilletras.com\/#\/schema\/logo\/image\/","url":"https:\/\/unaymilletras.com\/wp-content\/uploads\/2024\/06\/cropped-Logo-removebg-preview.png","contentUrl":"https:\/\/unaymilletras.com\/wp-content\/uploads\/2024\/06\/cropped-Logo-removebg-preview.png","width":512,"height":512,"caption":"Una y Mil Letras"},"image":{"@id":"http:\/\/unaymilletras.com\/#\/schema\/logo\/image\/"},"sameAs":["https:\/\/x.com\/UnaYMilLetras","https:\/\/instagram.com\/UnaYMilLetras"]},{"@type":"Person","@id":"http:\/\/unaymilletras.com\/#\/schema\/person\/90f1e88e4c10951a79965c8106280f0a","name":"Victoria Hern\u00e1ndez","image":{"@type":"ImageObject","inLanguage":"en-GB","@id":"https:\/\/secure.gravatar.com\/avatar\/4a6a914c964cf29cc45dd00ef5c74e847f221f6a1039c94b8aa244949baeeda4?s=96&d=mm&r=g","url":"https:\/\/secure.gravatar.com\/avatar\/4a6a914c964cf29cc45dd00ef5c74e847f221f6a1039c94b8aa244949baeeda4?s=96&d=mm&r=g","contentUrl":"https:\/\/secure.gravatar.com\/avatar\/4a6a914c964cf29cc45dd00ef5c74e847f221f6a1039c94b8aa244949baeeda4?s=96&d=mm&r=g","caption":"Victoria Hern\u00e1ndez"},"url":"https:\/\/unaymilletras.com\/en\/author\/victoriahernandez\/"}]}},"_links":{"self":[{"href":"https:\/\/unaymilletras.com\/en\/wp-json\/wp\/v2\/posts\/4043","targetHints":{"allow":["GET"]}}],"collection":[{"href":"https:\/\/unaymilletras.com\/en\/wp-json\/wp\/v2\/posts"}],"about":[{"href":"https:\/\/unaymilletras.com\/en\/wp-json\/wp\/v2\/types\/post"}],"author":[{"embeddable":true,"href":"https:\/\/unaymilletras.com\/en\/wp-json\/wp\/v2\/users\/9"}],"replies":[{"embeddable":true,"href":"https:\/\/unaymilletras.com\/en\/wp-json\/wp\/v2\/comments?post=4043"}],"version-history":[{"count":8,"href":"https:\/\/unaymilletras.com\/en\/wp-json\/wp\/v2\/posts\/4043\/revisions"}],"predecessor-version":[{"id":4137,"href":"https:\/\/unaymilletras.com\/en\/wp-json\/wp\/v2\/posts\/4043\/revisions\/4137"}],"wp:featuredmedia":[{"embeddable":true,"href":"https:\/\/unaymilletras.com\/en\/wp-json\/wp\/v2\/media\/4045"}],"wp:attachment":[{"href":"https:\/\/unaymilletras.com\/en\/wp-json\/wp\/v2\/media?parent=4043"}],"wp:term":[{"taxonomy":"category","embeddable":true,"href":"https:\/\/unaymilletras.com\/en\/wp-json\/wp\/v2\/categories?post=4043"},{"taxonomy":"post_tag","embeddable":true,"href":"https:\/\/unaymilletras.com\/en\/wp-json\/wp\/v2\/tags?post=4043"}],"curies":[{"name":"wp","href":"https:\/\/api.w.org\/{rel}","templated":true}]}}